{"id":60465,"date":"2022-07-11T22:13:35","date_gmt":"2022-07-11T22:13:35","guid":{"rendered":"https:\/\/elregionalvm.com.ar\/noticias-villa-maria\/?p=60465"},"modified":"2022-07-14T00:41:43","modified_gmt":"2022-07-14T00:41:43","slug":"el-lapacho-una-belleza-invernal-con-presencia-en-el-paisaje-villamariense","status":"publish","type":"post","link":"https:\/\/elregionalvm.com.ar\/noticias-villa-maria\/el-lapacho-una-belleza-invernal-con-presencia-en-el-paisaje-villamariense\/","title":{"rendered":"El lapacho: una belleza invernal, con presencia en el paisaje villamariense"},"content":{"rendered":"\n<p><\/p>\n\n\n\n<p><strong>Escribe: Ing. Hern\u00e1n Allasia<\/strong><\/p>\n\n\n\n<p><\/p>\n\n\n\n<p>El lapacho es un \u00e1rbol de buen porte, pudiendo alcanzar los 80 cent\u00edmetros de di\u00e1metro en el tronco y hasta 30 metros de altura. La copa es semiglobosa, con el follaje concentrado en su parte m\u00e1s alta.<\/p>\n\n\n\n<p>Las flores aparecen en el hemisferio sur entre julio y septiembre, antes del rebrote. Son grandes, de forma tubular; la corola es por lo com\u00fan rosada o morada en esta especie, aunque tambi\u00e9n pueden ser amarillos y blancos.<\/p>\n\n\n\n<p><\/p>\n\n\n\n<figure class=\"wp-block-image size-large\"><img data-recalc-dims=\"1\" fetchpriority=\"high\" decoding=\"async\" width=\"1024\" height=\"830\" src=\"https:\/\/i0.wp.com\/elregionalvm.com.ar\/noticias-villa-maria\/wp-content\/uploads\/2022\/07\/Lapacho-desde-abajo-VM.jpg?resize=1024%2C830&#038;ssl=1\" alt=\"\" class=\"wp-image-60475\" srcset=\"https:\/\/i0.wp.com\/elregionalvm.com.ar\/noticias-villa-maria\/wp-content\/uploads\/2022\/07\/Lapacho-desde-abajo-VM.jpg?resize=1024%2C830&amp;ssl=1 1024w, https:\/\/i0.wp.com\/elregionalvm.com.ar\/noticias-villa-maria\/wp-content\/uploads\/2022\/07\/Lapacho-desde-abajo-VM.jpg?resize=300%2C243&amp;ssl=1 300w, https:\/\/i0.wp.com\/elregionalvm.com.ar\/noticias-villa-maria\/wp-content\/uploads\/2022\/07\/Lapacho-desde-abajo-VM.jpg?resize=768%2C623&amp;ssl=1 768w, https:\/\/i0.wp.com\/elregionalvm.com.ar\/noticias-villa-maria\/wp-content\/uploads\/2022\/07\/Lapacho-desde-abajo-VM.jpg?w=1331&amp;ssl=1 1331w\" sizes=\"(max-width: 1000px) 100vw, 1000px\" \/><\/figure>\n\n\n\n<p>&nbsp;&nbsp;&nbsp;&nbsp;&nbsp; <strong>\u00bf<\/strong><strong>Sab<\/strong><strong>\u00ed<\/strong><strong>as que?<\/strong><\/p>\n\n\n\n<p><strong>&#x2705;<\/strong><strong> <\/strong>El lapacho rosado es la flor oficial de la provincia de Misiones.<\/p>\n\n\n\n<p>&#x2705; Es una planta muy elegida en las provincias de C\u00f3rdoba, Corrientes, Misiones y Santa Fe para los espacios p\u00fablicos. En Villa Mar\u00eda es muy com\u00fan que aparezcan en bulevares, zona c\u00e9ntrica y costanera.<\/p>\n\n\n\n<p>&#x2705; Tiene un componente activo que permite obtener productos terap\u00e9uticos.<\/p>\n\n\n\n<p><\/p>\n\n\n\n<p><\/p>\n\n\n\n<figure class=\"wp-block-gallery has-nested-images columns-default is-cropped wp-block-gallery-1 is-layout-flex wp-block-gallery-is-layout-flex\">\n<figure class=\"wp-block-image size-large\"><img data-recalc-dims=\"1\" decoding=\"async\" width=\"375\" height=\"500\" data-id=\"60476\" src=\"https:\/\/i0.wp.com\/elregionalvm.com.ar\/noticias-villa-maria\/wp-content\/uploads\/2022\/07\/Lapacho-rosa-VM.jpg?resize=375%2C500&#038;ssl=1\" alt=\"\" class=\"wp-image-60476\" srcset=\"https:\/\/i0.wp.com\/elregionalvm.com.ar\/noticias-villa-maria\/wp-content\/uploads\/2022\/07\/Lapacho-rosa-VM.jpg?w=375&amp;ssl=1 375w, https:\/\/i0.wp.com\/elregionalvm.com.ar\/noticias-villa-maria\/wp-content\/uploads\/2022\/07\/Lapacho-rosa-VM.jpg?resize=225%2C300&amp;ssl=1 225w\" sizes=\"(max-width: 375px) 100vw, 375px\" \/><\/figure>\n\n\n\n<figure class=\"wp-block-image size-large\"><img data-recalc-dims=\"1\" decoding=\"async\" width=\"1348\" height=\"1306\" data-id=\"60473\" src=\"https:\/\/i0.wp.com\/elregionalvm.com.ar\/noticias-villa-maria\/wp-content\/uploads\/2022\/07\/Lapacho-flores-VM.jpg?resize=1348%2C1306&#038;ssl=1\" alt=\"\" class=\"wp-image-60473\" srcset=\"https:\/\/i0.wp.com\/elregionalvm.com.ar\/noticias-villa-maria\/wp-content\/uploads\/2022\/07\/Lapacho-flores-VM.jpg?w=1348&amp;ssl=1 1348w, https:\/\/i0.wp.com\/elregionalvm.com.ar\/noticias-villa-maria\/wp-content\/uploads\/2022\/07\/Lapacho-flores-VM.jpg?resize=300%2C291&amp;ssl=1 300w, https:\/\/i0.wp.com\/elregionalvm.com.ar\/noticias-villa-maria\/wp-content\/uploads\/2022\/07\/Lapacho-flores-VM.jpg?resize=1024%2C992&amp;ssl=1 1024w, https:\/\/i0.wp.com\/elregionalvm.com.ar\/noticias-villa-maria\/wp-content\/uploads\/2022\/07\/Lapacho-flores-VM.jpg?resize=768%2C744&amp;ssl=1 768w\" sizes=\"(max-width: 1000px) 100vw, 1000px\" \/><\/figure>\n<\/figure>\n\n\n\n<p><\/p>\n\n\n\n<p><strong>Cuidados<\/strong><\/p>\n\n\n\n<p>&#x2705;&#xfe0f; Es una planta muy sensible al fr\u00edo. En el centro y sur de Argentina debe ser tapada los primeros 5 a\u00f1os con manta t\u00e9rmica y cart\u00f3n en el oto\u00f1o-invierno.<\/p>\n\n\n\n<p>&#x2705;&#xfe0f; Requiere suelos f\u00e9rtiles.<\/p>\n\n\n\n<p>&#x2705;&#xfe0f; En a\u00f1os m\u00e1s secos presenta mayor floraci\u00f3n. Se recomienda riegos espaciados en invierno.<\/p>\n\n\n\n<p>&#x2705;&#xfe0f; Tiene ra\u00edces profundas.<\/p>\n\n\n\n<p><\/p>\n\n\n\n<figure class=\"wp-block-embed is-type-wp-embed is-provider-el-regional wp-block-embed-el-regional\"><div class=\"wp-block-embed__wrapper\">\n<blockquote class=\"wp-embedded-content\" data-secret=\"65di3P8dwS\"><a href=\"https:\/\/elregionalvm.com.ar\/noticias-villa-maria\/tiempo-loco-el-chalet-scopinaro-y-la-veleta-de-los-vientos\/\">[Tiempo Loco] El chalet Scopinaro y la veleta de los vientos<\/a><\/blockquote><iframe class=\"wp-embedded-content\" sandbox=\"allow-scripts\" security=\"restricted\" style=\"position: absolute; clip: rect(1px, 1px, 1px, 1px);\" title=\"\u00ab[Tiempo Loco] El chalet Scopinaro y la veleta de los vientos\u00bb \u2014 El Regional\" src=\"https:\/\/elregionalvm.com.ar\/noticias-villa-maria\/tiempo-loco-el-chalet-scopinaro-y-la-veleta-de-los-vientos\/embed\/#?secret=evykiLauay#?secret=65di3P8dwS\" data-secret=\"65di3P8dwS\" width=\"500\" height=\"282\" frameborder=\"0\" marginwidth=\"0\" marginheight=\"0\" scrolling=\"no\"><\/iframe>\n<\/div><\/figure>\n\n\n\n<p><strong>\u00a0\u00a0\u00a0\u00a0\u00a0\u00a0 <\/strong><\/p>\n\n\n\n<p><strong>\u00a0Leyenda<\/strong><\/p>\n\n\n\n<p>Reza la \u00ableyenda del lapacho\u00bb que cuando Dios&nbsp;estaba preparando el mundo, se reuni\u00f3 una tarde con todos los \u00e1rboles y pidi\u00f3 que cada uno eligiera una \u00e9poca para florecer. Nadie eleg\u00eda el invierno, hasta que el lapacho, valientemente, lo hizo.&nbsp;<\/p>\n\n\n\n<p>\u00abPor atender mi pedido te har\u00e9 florecer en el invierno no s\u00f3lo con un color, sino con varios, para que tambi\u00e9n en invierno, el mundo sea colorido\u00bb. &nbsp;Por su porte y belleza, ha sido fuente de inspiraci\u00f3n de poetas, escritores y m\u00fasicos.<\/p>\n\n\n\n<p>Ram\u00f3n Ayala habla de la magia de su color en una canci\u00f3n que denomin\u00f3 ALMA DE LAPACHO.<\/p>\n\n\n\n<p><\/p>\n\n\n\n<h3 class=\"wp-block-heading\"><strong>Mir\u00e1 el video: <\/strong><\/h3>\n\n\n\n<p><\/p>\n\n\n\n<figure class=\"wp-block-embed is-type-video is-provider-youtube wp-block-embed-youtube wp-embed-aspect-4-3 wp-has-aspect-ratio\"><div class=\"wp-block-embed__wrapper\">\n<iframe title=\"Alma de Lapacho\" width=\"500\" height=\"375\" src=\"https:\/\/www.youtube.com\/embed\/F209oqrp2vs?feature=oembed\" frameborder=\"0\" allow=\"accelerometer; autoplay; clipboard-write; encrypted-media; gyroscope; picture-in-picture; web-share\" referrerpolicy=\"strict-origin-when-cross-origin\" allowfullscreen><\/iframe>\n<\/div><\/figure>\n\n\n\n<p><\/p>\n\n\n\n<p><strong>Fuente:<\/strong> <a href=\"https:\/\/t.me\/SenasaAR\/1996?single\">https:\/\/t.me\/SenasaAR\/1996?single<\/a> (Telegram)<\/p>\n","protected":false},"excerpt":{"rendered":"<p>Escribe: Ing. Hern\u00e1n Allasia El lapacho es un \u00e1rbol de buen porte, pudiendo alcanzar los 80 cent\u00edmetros de di\u00e1metro en el tronco y hasta 30 metros de altura. La copa es semiglobosa, con el follaje concentrado en su parte m\u00e1s alta. Las flores aparecen en el hemisferio sur entre julio y septiembre, antes del rebrote. [&hellip;]<\/p>\n","protected":false},"author":4,"featured_media":60474,"comment_status":"open","ping_status":"open","sticky":false,"template":"","format":"standard","meta":{"site-sidebar-layout":"default","site-content-layout":"","ast-site-content-layout":"default","site-content-style":"default","site-sidebar-style":"default","ast-global-header-display":"","ast-banner-title-visibility":"","ast-main-header-display":"","ast-hfb-above-header-display":"","ast-hfb-below-header-display":"","ast-hfb-mobile-header-display":"","site-post-title":"","ast-breadcrumbs-content":"","ast-featured-img":"","footer-sml-layout":"","ast-disable-related-posts":"","theme-transparent-header-meta":"","adv-header-id-meta":"","stick-header-meta":"","header-above-stick-meta":"","header-main-stick-meta":"","header-below-stick-meta":"","astra-migrate-meta-layouts":"default","ast-page-background-enabled":"default","ast-page-background-meta":{"desktop":{"background-color":"","background-image":"","background-repeat":"repeat","background-position":"center center","background-size":"auto","background-attachment":"scroll","background-type":"","background-media":"","overlay-type":"","overlay-color":"","overlay-opacity":"","overlay-gradient":""},"tablet":{"background-color":"","background-image":"","background-repeat":"repeat","background-position":"center center","background-size":"auto","background-attachment":"scroll","background-type":"","background-media":"","overlay-type":"","overlay-color":"","overlay-opacity":"","overlay-gradient":""},"mobile":{"background-color":"","background-image":"","background-repeat":"repeat","background-position":"center center","background-size":"auto","background-attachment":"scroll","background-type":"","background-media":"","overlay-type":"","overlay-color":"","overlay-opacity":"","overlay-gradient":""}},"ast-content-background-meta":{"desktop":{"background-color":"var(--ast-global-color-5)","background-image":"","background-repeat":"repeat","background-position":"center center","background-size":"auto","background-attachment":"scroll","background-type":"","background-media":"","overlay-type":"","overlay-color":"","overlay-opacity":"","overlay-gradient":""},"tablet":{"background-color":"var(--ast-global-color-5)","background-image":"","background-repeat":"repeat","background-position":"center center","background-size":"auto","background-attachment":"scroll","background-type":"","background-media":"","overlay-type":"","overlay-color":"","overlay-opacity":"","overlay-gradient":""},"mobile":{"background-color":"var(--ast-global-color-5)","background-image":"","background-repeat":"repeat","background-position":"center center","background-size":"auto","background-attachment":"scroll","background-type":"","background-media":"","overlay-type":"","overlay-color":"","overlay-opacity":"","overlay-gradient":""}},"_jetpack_memberships_contains_paid_content":false,"_joinchat":[],"footnotes":""},"categories":[4777,3557,2],"tags":[10760,16619,8700],"class_list":["post-60465","post","type-post","status-publish","format-standard","has-post-thumbnail","hentry","category-econotas","category-tercera","category-villa-maria","tag-hernan-allasia","tag-lapacho","tag-tiempo-loco"],"yoast_head":"<!-- This site is optimized with the Yoast SEO plugin v26.8 - https:\/\/yoast.com\/product\/yoast-seo-wordpress\/ -->\n<title>El lapacho: una belleza invernal, con presencia en el paisaje villamariense - El Regional<\/title>\n<meta name=\"robots\" content=\"index, follow, max-snippet:-1, max-image-preview:large, max-video-preview:-1\" \/>\n<link rel=\"canonical\" href=\"http:\/\/elregionalvm.com.ar\/noticias-villa-maria\/el-lapacho-una-belleza-invernal-con-presencia-en-el-paisaje-villamariense\/\" \/>\n<meta property=\"og:locale\" content=\"es_ES\" \/>\n<meta property=\"og:type\" content=\"article\" \/>\n<meta property=\"og:title\" content=\"El lapacho: una belleza invernal, con presencia en el paisaje villamariense - El Regional\" \/>\n<meta property=\"og:description\" content=\"Escribe: Ing. Hern\u00e1n Allasia El lapacho es un \u00e1rbol de buen porte, pudiendo alcanzar los 80 cent\u00edmetros de di\u00e1metro en el tronco y hasta 30 metros de altura. La copa es semiglobosa, con el follaje concentrado en su parte m\u00e1s alta. Las flores aparecen en el hemisferio sur entre julio y septiembre, antes del rebrote. [&hellip;]\" \/>\n<meta property=\"og:url\" content=\"http:\/\/elregionalvm.com.ar\/noticias-villa-maria\/el-lapacho-una-belleza-invernal-con-presencia-en-el-paisaje-villamariense\/\" \/>\n<meta property=\"og:site_name\" content=\"El Regional\" \/>\n<meta property=\"article:publisher\" content=\"https:\/\/www.facebook.com\/elregionalvm\" \/>\n<meta property=\"article:published_time\" content=\"2022-07-11T22:13:35+00:00\" \/>\n<meta property=\"article:modified_time\" content=\"2022-07-14T00:41:43+00:00\" \/>\n<meta property=\"og:image\" content=\"http:\/\/elregionalvm.com.ar\/noticias-villa-maria\/wp-content\/uploads\/2022\/07\/Lapacho-en-costanera-VM.jpg\" \/>\n\t<meta property=\"og:image:width\" content=\"1302\" \/>\n\t<meta property=\"og:image:height\" content=\"1019\" \/>\n\t<meta property=\"og:image:type\" content=\"image\/jpeg\" \/>\n<meta name=\"author\" content=\"Contenidos El Regional\" \/>\n<meta name=\"twitter:card\" content=\"summary_large_image\" \/>\n<meta name=\"twitter:creator\" content=\"@elregionalvm1\" \/>\n<meta name=\"twitter:site\" content=\"@elregionalvm1\" \/>\n<meta name=\"twitter:label1\" content=\"Escrito por\" \/>\n\t<meta name=\"twitter:data1\" content=\"Contenidos El Regional\" \/>\n\t<meta name=\"twitter:label2\" content=\"Tiempo de lectura\" \/>\n\t<meta name=\"twitter:data2\" content=\"2 minutos\" \/>\n<script type=\"application\/ld+json\" class=\"yoast-schema-graph\">{\"@context\":\"https:\/\/schema.org\",\"@graph\":[{\"@type\":\"Article\",\"@id\":\"http:\/\/elregionalvm.com.ar\/noticias-villa-maria\/el-lapacho-una-belleza-invernal-con-presencia-en-el-paisaje-villamariense\/#article\",\"isPartOf\":{\"@id\":\"http:\/\/elregionalvm.com.ar\/noticias-villa-maria\/el-lapacho-una-belleza-invernal-con-presencia-en-el-paisaje-villamariense\/\"},\"author\":{\"name\":\"Contenidos El Regional\",\"@id\":\"http:\/\/elregionalvm.com.ar\/noticias-villa-maria\/#\/schema\/person\/a0fb9c422317faca23d50163151bc354\"},\"headline\":\"El lapacho: una belleza invernal, con presencia en el paisaje villamariense\",\"datePublished\":\"2022-07-11T22:13:35+00:00\",\"dateModified\":\"2022-07-14T00:41:43+00:00\",\"mainEntityOfPage\":{\"@id\":\"http:\/\/elregionalvm.com.ar\/noticias-villa-maria\/el-lapacho-una-belleza-invernal-con-presencia-en-el-paisaje-villamariense\/\"},\"wordCount\":371,\"commentCount\":0,\"image\":{\"@id\":\"http:\/\/elregionalvm.com.ar\/noticias-villa-maria\/el-lapacho-una-belleza-invernal-con-presencia-en-el-paisaje-villamariense\/#primaryimage\"},\"thumbnailUrl\":\"https:\/\/i0.wp.com\/elregionalvm.com.ar\/noticias-villa-maria\/wp-content\/uploads\/2022\/07\/Lapacho-en-costanera-VM.jpg?fit=1302%2C1019&ssl=1\",\"keywords\":[\"Hern\u00e1n Allasia\",\"lapacho\",\"Tiempo loco\"],\"articleSection\":[\"Econotas\",\"tercera\",\"Villa Mar\u00eda\"],\"inLanguage\":\"es\",\"potentialAction\":[{\"@type\":\"CommentAction\",\"name\":\"Comment\",\"target\":[\"http:\/\/elregionalvm.com.ar\/noticias-villa-maria\/el-lapacho-una-belleza-invernal-con-presencia-en-el-paisaje-villamariense\/#respond\"]}]},{\"@type\":\"WebPage\",\"@id\":\"http:\/\/elregionalvm.com.ar\/noticias-villa-maria\/el-lapacho-una-belleza-invernal-con-presencia-en-el-paisaje-villamariense\/\",\"url\":\"http:\/\/elregionalvm.com.ar\/noticias-villa-maria\/el-lapacho-una-belleza-invernal-con-presencia-en-el-paisaje-villamariense\/\",\"name\":\"El lapacho: una belleza invernal, con presencia en el paisaje villamariense - El Regional\",\"isPartOf\":{\"@id\":\"http:\/\/elregionalvm.com.ar\/noticias-villa-maria\/#website\"},\"primaryImageOfPage\":{\"@id\":\"http:\/\/elregionalvm.com.ar\/noticias-villa-maria\/el-lapacho-una-belleza-invernal-con-presencia-en-el-paisaje-villamariense\/#primaryimage\"},\"image\":{\"@id\":\"http:\/\/elregionalvm.com.ar\/noticias-villa-maria\/el-lapacho-una-belleza-invernal-con-presencia-en-el-paisaje-villamariense\/#primaryimage\"},\"thumbnailUrl\":\"https:\/\/i0.wp.com\/elregionalvm.com.ar\/noticias-villa-maria\/wp-content\/uploads\/2022\/07\/Lapacho-en-costanera-VM.jpg?fit=1302%2C1019&ssl=1\",\"datePublished\":\"2022-07-11T22:13:35+00:00\",\"dateModified\":\"2022-07-14T00:41:43+00:00\",\"author\":{\"@id\":\"http:\/\/elregionalvm.com.ar\/noticias-villa-maria\/#\/schema\/person\/a0fb9c422317faca23d50163151bc354\"},\"breadcrumb\":{\"@id\":\"http:\/\/elregionalvm.com.ar\/noticias-villa-maria\/el-lapacho-una-belleza-invernal-con-presencia-en-el-paisaje-villamariense\/#breadcrumb\"},\"inLanguage\":\"es\",\"potentialAction\":[{\"@type\":\"ReadAction\",\"target\":[\"http:\/\/elregionalvm.com.ar\/noticias-villa-maria\/el-lapacho-una-belleza-invernal-con-presencia-en-el-paisaje-villamariense\/\"]}]},{\"@type\":\"ImageObject\",\"inLanguage\":\"es\",\"@id\":\"http:\/\/elregionalvm.com.ar\/noticias-villa-maria\/el-lapacho-una-belleza-invernal-con-presencia-en-el-paisaje-villamariense\/#primaryimage\",\"url\":\"https:\/\/i0.wp.com\/elregionalvm.com.ar\/noticias-villa-maria\/wp-content\/uploads\/2022\/07\/Lapacho-en-costanera-VM.jpg?fit=1302%2C1019&ssl=1\",\"contentUrl\":\"https:\/\/i0.wp.com\/elregionalvm.com.ar\/noticias-villa-maria\/wp-content\/uploads\/2022\/07\/Lapacho-en-costanera-VM.jpg?fit=1302%2C1019&ssl=1\",\"width\":1302,\"height\":1019},{\"@type\":\"BreadcrumbList\",\"@id\":\"http:\/\/elregionalvm.com.ar\/noticias-villa-maria\/el-lapacho-una-belleza-invernal-con-presencia-en-el-paisaje-villamariense\/#breadcrumb\",\"itemListElement\":[{\"@type\":\"ListItem\",\"position\":1,\"name\":\"Portada\",\"item\":\"https:\/\/elregionalvm.com.ar\/noticias-villa-maria\/\"},{\"@type\":\"ListItem\",\"position\":2,\"name\":\"El lapacho: una belleza invernal, con presencia en el paisaje villamariense\"}]},{\"@type\":\"WebSite\",\"@id\":\"http:\/\/elregionalvm.com.ar\/noticias-villa-maria\/#website\",\"url\":\"http:\/\/elregionalvm.com.ar\/noticias-villa-maria\/\",\"name\":\"El Regional\",\"description\":\"Mucho m\u00e1s que informaci\u00f3n\",\"potentialAction\":[{\"@type\":\"SearchAction\",\"target\":{\"@type\":\"EntryPoint\",\"urlTemplate\":\"http:\/\/elregionalvm.com.ar\/noticias-villa-maria\/?s={search_term_string}\"},\"query-input\":{\"@type\":\"PropertyValueSpecification\",\"valueRequired\":true,\"valueName\":\"search_term_string\"}}],\"inLanguage\":\"es\"},{\"@type\":\"Person\",\"@id\":\"http:\/\/elregionalvm.com.ar\/noticias-villa-maria\/#\/schema\/person\/a0fb9c422317faca23d50163151bc354\",\"name\":\"Contenidos El Regional\",\"image\":{\"@type\":\"ImageObject\",\"inLanguage\":\"es\",\"@id\":\"http:\/\/elregionalvm.com.ar\/noticias-villa-maria\/#\/schema\/person\/image\/\",\"url\":\"https:\/\/secure.gravatar.com\/avatar\/265b27cb2209af7bb3a1318f03305787d7981a5cc6e6cd08fe5a4ecdf99d4b48?s=96&d=mm&r=g\",\"contentUrl\":\"https:\/\/secure.gravatar.com\/avatar\/265b27cb2209af7bb3a1318f03305787d7981a5cc6e6cd08fe5a4ecdf99d4b48?s=96&d=mm&r=g\",\"caption\":\"Contenidos El Regional\"},\"url\":\"https:\/\/elregionalvm.com.ar\/noticias-villa-maria\/author\/contenido\/\"}]}<\/script>\n<!-- \/ Yoast SEO plugin. -->","yoast_head_json":{"title":"El lapacho: una belleza invernal, con presencia en el paisaje villamariense - El Regional","robots":{"index":"index","follow":"follow","max-snippet":"max-snippet:-1","max-image-preview":"max-image-preview:large","max-video-preview":"max-video-preview:-1"},"canonical":"http:\/\/elregionalvm.com.ar\/noticias-villa-maria\/el-lapacho-una-belleza-invernal-con-presencia-en-el-paisaje-villamariense\/","og_locale":"es_ES","og_type":"article","og_title":"El lapacho: una belleza invernal, con presencia en el paisaje villamariense - El Regional","og_description":"Escribe: Ing. Hern\u00e1n Allasia El lapacho es un \u00e1rbol de buen porte, pudiendo alcanzar los 80 cent\u00edmetros de di\u00e1metro en el tronco y hasta 30 metros de altura. La copa es semiglobosa, con el follaje concentrado en su parte m\u00e1s alta. Las flores aparecen en el hemisferio sur entre julio y septiembre, antes del rebrote. [&hellip;]","og_url":"http:\/\/elregionalvm.com.ar\/noticias-villa-maria\/el-lapacho-una-belleza-invernal-con-presencia-en-el-paisaje-villamariense\/","og_site_name":"El Regional","article_publisher":"https:\/\/www.facebook.com\/elregionalvm","article_published_time":"2022-07-11T22:13:35+00:00","article_modified_time":"2022-07-14T00:41:43+00:00","og_image":[{"width":1302,"height":1019,"url":"http:\/\/elregionalvm.com.ar\/noticias-villa-maria\/wp-content\/uploads\/2022\/07\/Lapacho-en-costanera-VM.jpg","type":"image\/jpeg"}],"author":"Contenidos El Regional","twitter_card":"summary_large_image","twitter_creator":"@elregionalvm1","twitter_site":"@elregionalvm1","twitter_misc":{"Escrito por":"Contenidos El Regional","Tiempo de lectura":"2 minutos"},"schema":{"@context":"https:\/\/schema.org","@graph":[{"@type":"Article","@id":"http:\/\/elregionalvm.com.ar\/noticias-villa-maria\/el-lapacho-una-belleza-invernal-con-presencia-en-el-paisaje-villamariense\/#article","isPartOf":{"@id":"http:\/\/elregionalvm.com.ar\/noticias-villa-maria\/el-lapacho-una-belleza-invernal-con-presencia-en-el-paisaje-villamariense\/"},"author":{"name":"Contenidos El Regional","@id":"http:\/\/elregionalvm.com.ar\/noticias-villa-maria\/#\/schema\/person\/a0fb9c422317faca23d50163151bc354"},"headline":"El lapacho: una belleza invernal, con presencia en el paisaje villamariense","datePublished":"2022-07-11T22:13:35+00:00","dateModified":"2022-07-14T00:41:43+00:00","mainEntityOfPage":{"@id":"http:\/\/elregionalvm.com.ar\/noticias-villa-maria\/el-lapacho-una-belleza-invernal-con-presencia-en-el-paisaje-villamariense\/"},"wordCount":371,"commentCount":0,"image":{"@id":"http:\/\/elregionalvm.com.ar\/noticias-villa-maria\/el-lapacho-una-belleza-invernal-con-presencia-en-el-paisaje-villamariense\/#primaryimage"},"thumbnailUrl":"https:\/\/i0.wp.com\/elregionalvm.com.ar\/noticias-villa-maria\/wp-content\/uploads\/2022\/07\/Lapacho-en-costanera-VM.jpg?fit=1302%2C1019&ssl=1","keywords":["Hern\u00e1n Allasia","lapacho","Tiempo loco"],"articleSection":["Econotas","tercera","Villa Mar\u00eda"],"inLanguage":"es","potentialAction":[{"@type":"CommentAction","name":"Comment","target":["http:\/\/elregionalvm.com.ar\/noticias-villa-maria\/el-lapacho-una-belleza-invernal-con-presencia-en-el-paisaje-villamariense\/#respond"]}]},{"@type":"WebPage","@id":"http:\/\/elregionalvm.com.ar\/noticias-villa-maria\/el-lapacho-una-belleza-invernal-con-presencia-en-el-paisaje-villamariense\/","url":"http:\/\/elregionalvm.com.ar\/noticias-villa-maria\/el-lapacho-una-belleza-invernal-con-presencia-en-el-paisaje-villamariense\/","name":"El lapacho: una belleza invernal, con presencia en el paisaje villamariense - El Regional","isPartOf":{"@id":"http:\/\/elregionalvm.com.ar\/noticias-villa-maria\/#website"},"primaryImageOfPage":{"@id":"http:\/\/elregionalvm.com.ar\/noticias-villa-maria\/el-lapacho-una-belleza-invernal-con-presencia-en-el-paisaje-villamariense\/#primaryimage"},"image":{"@id":"http:\/\/elregionalvm.com.ar\/noticias-villa-maria\/el-lapacho-una-belleza-invernal-con-presencia-en-el-paisaje-villamariense\/#primaryimage"},"thumbnailUrl":"https:\/\/i0.wp.com\/elregionalvm.com.ar\/noticias-villa-maria\/wp-content\/uploads\/2022\/07\/Lapacho-en-costanera-VM.jpg?fit=1302%2C1019&ssl=1","datePublished":"2022-07-11T22:13:35+00:00","dateModified":"2022-07-14T00:41:43+00:00","author":{"@id":"http:\/\/elregionalvm.com.ar\/noticias-villa-maria\/#\/schema\/person\/a0fb9c422317faca23d50163151bc354"},"breadcrumb":{"@id":"http:\/\/elregionalvm.com.ar\/noticias-villa-maria\/el-lapacho-una-belleza-invernal-con-presencia-en-el-paisaje-villamariense\/#breadcrumb"},"inLanguage":"es","potentialAction":[{"@type":"ReadAction","target":["http:\/\/elregionalvm.com.ar\/noticias-villa-maria\/el-lapacho-una-belleza-invernal-con-presencia-en-el-paisaje-villamariense\/"]}]},{"@type":"ImageObject","inLanguage":"es","@id":"http:\/\/elregionalvm.com.ar\/noticias-villa-maria\/el-lapacho-una-belleza-invernal-con-presencia-en-el-paisaje-villamariense\/#primaryimage","url":"https:\/\/i0.wp.com\/elregionalvm.com.ar\/noticias-villa-maria\/wp-content\/uploads\/2022\/07\/Lapacho-en-costanera-VM.jpg?fit=1302%2C1019&ssl=1","contentUrl":"https:\/\/i0.wp.com\/elregionalvm.com.ar\/noticias-villa-maria\/wp-content\/uploads\/2022\/07\/Lapacho-en-costanera-VM.jpg?fit=1302%2C1019&ssl=1","width":1302,"height":1019},{"@type":"BreadcrumbList","@id":"http:\/\/elregionalvm.com.ar\/noticias-villa-maria\/el-lapacho-una-belleza-invernal-con-presencia-en-el-paisaje-villamariense\/#breadcrumb","itemListElement":[{"@type":"ListItem","position":1,"name":"Portada","item":"https:\/\/elregionalvm.com.ar\/noticias-villa-maria\/"},{"@type":"ListItem","position":2,"name":"El lapacho: una belleza invernal, con presencia en el paisaje villamariense"}]},{"@type":"WebSite","@id":"http:\/\/elregionalvm.com.ar\/noticias-villa-maria\/#website","url":"http:\/\/elregionalvm.com.ar\/noticias-villa-maria\/","name":"El Regional","description":"Mucho m\u00e1s que informaci\u00f3n","potentialAction":[{"@type":"SearchAction","target":{"@type":"EntryPoint","urlTemplate":"http:\/\/elregionalvm.com.ar\/noticias-villa-maria\/?s={search_term_string}"},"query-input":{"@type":"PropertyValueSpecification","valueRequired":true,"valueName":"search_term_string"}}],"inLanguage":"es"},{"@type":"Person","@id":"http:\/\/elregionalvm.com.ar\/noticias-villa-maria\/#\/schema\/person\/a0fb9c422317faca23d50163151bc354","name":"Contenidos El Regional","image":{"@type":"ImageObject","inLanguage":"es","@id":"http:\/\/elregionalvm.com.ar\/noticias-villa-maria\/#\/schema\/person\/image\/","url":"https:\/\/secure.gravatar.com\/avatar\/265b27cb2209af7bb3a1318f03305787d7981a5cc6e6cd08fe5a4ecdf99d4b48?s=96&d=mm&r=g","contentUrl":"https:\/\/secure.gravatar.com\/avatar\/265b27cb2209af7bb3a1318f03305787d7981a5cc6e6cd08fe5a4ecdf99d4b48?s=96&d=mm&r=g","caption":"Contenidos El Regional"},"url":"https:\/\/elregionalvm.com.ar\/noticias-villa-maria\/author\/contenido\/"}]}},"jetpack_featured_media_url":"https:\/\/i0.wp.com\/elregionalvm.com.ar\/noticias-villa-maria\/wp-content\/uploads\/2022\/07\/Lapacho-en-costanera-VM.jpg?fit=1302%2C1019&ssl=1","jetpack_sharing_enabled":true,"_links":{"self":[{"href":"https:\/\/elregionalvm.com.ar\/noticias-villa-maria\/wp-json\/wp\/v2\/posts\/60465","targetHints":{"allow":["GET"]}}],"collection":[{"href":"https:\/\/elregionalvm.com.ar\/noticias-villa-maria\/wp-json\/wp\/v2\/posts"}],"about":[{"href":"https:\/\/elregionalvm.com.ar\/noticias-villa-maria\/wp-json\/wp\/v2\/types\/post"}],"author":[{"embeddable":true,"href":"https:\/\/elregionalvm.com.ar\/noticias-villa-maria\/wp-json\/wp\/v2\/users\/4"}],"replies":[{"embeddable":true,"href":"https:\/\/elregionalvm.com.ar\/noticias-villa-maria\/wp-json\/wp\/v2\/comments?post=60465"}],"version-history":[{"count":2,"href":"https:\/\/elregionalvm.com.ar\/noticias-villa-maria\/wp-json\/wp\/v2\/posts\/60465\/revisions"}],"predecessor-version":[{"id":60477,"href":"https:\/\/elregionalvm.com.ar\/noticias-villa-maria\/wp-json\/wp\/v2\/posts\/60465\/revisions\/60477"}],"wp:featuredmedia":[{"embeddable":true,"href":"https:\/\/elregionalvm.com.ar\/noticias-villa-maria\/wp-json\/wp\/v2\/media\/60474"}],"wp:attachment":[{"href":"https:\/\/elregionalvm.com.ar\/noticias-villa-maria\/wp-json\/wp\/v2\/media?parent=60465"}],"wp:term":[{"taxonomy":"category","embeddable":true,"href":"https:\/\/elregionalvm.com.ar\/noticias-villa-maria\/wp-json\/wp\/v2\/categories?post=60465"},{"taxonomy":"post_tag","embeddable":true,"href":"https:\/\/elregionalvm.com.ar\/noticias-villa-maria\/wp-json\/wp\/v2\/tags?post=60465"}],"curies":[{"name":"wp","href":"https:\/\/api.w.org\/{rel}","templated":true}]}}