{"id":60483,"date":"2022-07-11T23:18:18","date_gmt":"2022-07-11T23:18:18","guid":{"rendered":"https:\/\/elregionalvm.com.ar\/noticias-villa-maria\/?p=60483"},"modified":"2022-07-11T23:18:19","modified_gmt":"2022-07-11T23:18:19","slug":"cadetes-de-la-ciudad-recibiran-cascos-y-chalecos-junto-a-una-capacitacion-en-seguridad-vial","status":"publish","type":"post","link":"https:\/\/elregionalvm.com.ar\/noticias-villa-maria\/cadetes-de-la-ciudad-recibiran-cascos-y-chalecos-junto-a-una-capacitacion-en-seguridad-vial\/","title":{"rendered":"Cadetes de la ciudad recibir\u00e1n cascos y chalecos junto a una capacitaci\u00f3n en seguridad vial"},"content":{"rendered":"\n<p>Con el objetivo de brindar mayor seguridad a los trabajadores que se desempe\u00f1an en el servicio de cadeter\u00eda, el pr\u00f3ximo mi\u00e9rcoles 13 de julio tendr\u00e1 lugar una capacitaci\u00f3n destinada a los cadetes de la ciudad, tanto los pertenecientes a empresas de cadeter\u00eda como los particulares.<\/p>\n\n\n\n<p>La iniciativa fue diagramada desde la Agencia Nacional de Seguridad Vial y articulada a nivel local con la Secretar\u00eda de Gobierno, Seguridad Ciudadana y Asuntos Legales, con el objetivo de concientizar en materia de seguridad vial, ya que el servicio de cadeter\u00eda requiere una movilizaci\u00f3n permanente por la ciudad; y con ello el cumplimiento diario de las medidas de protecci\u00f3n. A tal efecto, en la jornada se entregar\u00e1 a los participantes un juego de casco a medida y chaleco refractario.<\/p>\n\n\n\n<p>La actividad tendr\u00e1 lugar en el aeropuerto regional Presidente Dr. Nestor Kirchner entre las 14:00 y 16:00 horas. Aquellos interesados, deber\u00e1n inscribirse de manera telef\u00f3nica al n\u00famero de la municipalidad: 4618100 &#8211; interno 449, o bien de manera presencial en la oficina de educaci\u00f3n vial N\u00b0 449, ubicada en el hall central.<\/p>\n","protected":false},"excerpt":{"rendered":"<p>Con el objetivo de brindar mayor seguridad a los trabajadores que se desempe\u00f1an en el servicio de cadeter\u00eda, el pr\u00f3ximo mi\u00e9rcoles 13 de julio tendr\u00e1 lugar una capacitaci\u00f3n destinada a los cadetes de la ciudad, tanto los pertenecientes a empresas de cadeter\u00eda como los particulares. La iniciativa fue diagramada desde la Agencia Nacional de Seguridad [&hellip;]<\/p>\n","protected":false},"author":4,"featured_media":60484,"comment_status":"open","ping_status":"open","sticky":false,"template":"","format":"standard","meta":{"site-sidebar-layout":"default","site-content-layout":"","ast-site-content-layout":"default","site-content-style":"default","site-sidebar-style":"default","ast-global-header-display":"","ast-banner-title-visibility":"","ast-main-header-display":"","ast-hfb-above-header-display":"","ast-hfb-below-header-display":"","ast-hfb-mobile-header-display":"","site-post-title":"","ast-breadcrumbs-content":"","ast-featured-img":"","footer-sml-layout":"","ast-disable-related-posts":"","theme-transparent-header-meta":"","adv-header-id-meta":"","stick-header-meta":"","header-above-stick-meta":"","header-main-stick-meta":"","header-below-stick-meta":"","astra-migrate-meta-layouts":"default","ast-page-background-enabled":"default","ast-page-background-meta":{"desktop":{"background-color":"","background-image":"","background-repeat":"repeat","background-position":"center center","background-size":"auto","background-attachment":"scroll","background-type":"","background-media":"","overlay-type":"","overlay-color":"","overlay-opacity":"","overlay-gradient":""},"tablet":{"background-color":"","background-image":"","background-repeat":"repeat","background-position":"center center","background-size":"auto","background-attachment":"scroll","background-type":"","background-media":"","overlay-type":"","overlay-color":"","overlay-opacity":"","overlay-gradient":""},"mobile":{"background-color":"","background-image":"","background-repeat":"repeat","background-position":"center center","background-size":"auto","background-attachment":"scroll","background-type":"","background-media":"","overlay-type":"","overlay-color":"","overlay-opacity":"","overlay-gradient":""}},"ast-content-background-meta":{"desktop":{"background-color":"var(--ast-global-color-5)","background-image":"","background-repeat":"repeat","background-position":"center center","background-size":"auto","background-attachment":"scroll","background-type":"","background-media":"","overlay-type":"","overlay-color":"","overlay-opacity":"","overlay-gradient":""},"tablet":{"background-color":"var(--ast-global-color-5)","background-image":"","background-repeat":"repeat","background-position":"center center","background-size":"auto","background-attachment":"scroll","background-type":"","background-media":"","overlay-type":"","overlay-color":"","overlay-opacity":"","overlay-gradient":""},"mobile":{"background-color":"var(--ast-global-color-5)","background-image":"","background-repeat":"repeat","background-position":"center center","background-size":"auto","background-attachment":"scroll","background-type":"","background-media":"","overlay-type":"","overlay-color":"","overlay-opacity":"","overlay-gradient":""}},"_jetpack_memberships_contains_paid_content":false,"_joinchat":[],"footnotes":""},"categories":[15302,2],"tags":[4757,12543,5384,2273,333,16623,16624,1629,2248],"class_list":["post-60483","post","type-post","status-publish","format-standard","has-post-thumbnail","hentry","category-destacado","category-villa-maria","tag-aeropuerto-nestor-kirchner","tag-agencia-nacional-de-seguridad-vial","tag-cadetes","tag-capacitacion","tag-cascos","tag-chalecos","tag-miercoles-13-de-julio","tag-seguridad-vial","tag-villa-maria-2"],"yoast_head":"<!-- This site is optimized with the Yoast SEO plugin v26.8 - https:\/\/yoast.com\/product\/yoast-seo-wordpress\/ -->\n<title>Cadetes de la ciudad recibir\u00e1n cascos y chalecos junto a una capacitaci\u00f3n en seguridad vial - El Regional<\/title>\n<meta name=\"robots\" content=\"index, follow, max-snippet:-1, max-image-preview:large, max-video-preview:-1\" \/>\n<link rel=\"canonical\" href=\"http:\/\/elregionalvm.com.ar\/noticias-villa-maria\/cadetes-de-la-ciudad-recibiran-cascos-y-chalecos-junto-a-una-capacitacion-en-seguridad-vial\/\" \/>\n<meta property=\"og:locale\" content=\"es_ES\" \/>\n<meta property=\"og:type\" content=\"article\" \/>\n<meta property=\"og:title\" content=\"Cadetes de la ciudad recibir\u00e1n cascos y chalecos junto a una capacitaci\u00f3n en seguridad vial - El Regional\" \/>\n<meta property=\"og:description\" content=\"Con el objetivo de brindar mayor seguridad a los trabajadores que se desempe\u00f1an en el servicio de cadeter\u00eda, el pr\u00f3ximo mi\u00e9rcoles 13 de julio tendr\u00e1 lugar una capacitaci\u00f3n destinada a los cadetes de la ciudad, tanto los pertenecientes a empresas de cadeter\u00eda como los particulares. La iniciativa fue diagramada desde la Agencia Nacional de Seguridad [&hellip;]\" \/>\n<meta property=\"og:url\" content=\"http:\/\/elregionalvm.com.ar\/noticias-villa-maria\/cadetes-de-la-ciudad-recibiran-cascos-y-chalecos-junto-a-una-capacitacion-en-seguridad-vial\/\" \/>\n<meta property=\"og:site_name\" content=\"El Regional\" \/>\n<meta property=\"article:publisher\" content=\"https:\/\/www.facebook.com\/elregionalvm\" \/>\n<meta property=\"article:published_time\" content=\"2022-07-11T23:18:18+00:00\" \/>\n<meta property=\"article:modified_time\" content=\"2022-07-11T23:18:19+00:00\" \/>\n<meta property=\"og:image\" content=\"http:\/\/elregionalvm.com.ar\/noticias-villa-maria\/wp-content\/uploads\/2022\/07\/cadetes-motos-y-cascos.png\" \/>\n\t<meta property=\"og:image:width\" content=\"705\" \/>\n\t<meta property=\"og:image:height\" content=\"434\" \/>\n\t<meta property=\"og:image:type\" content=\"image\/png\" \/>\n<meta name=\"author\" content=\"Contenidos El Regional\" \/>\n<meta name=\"twitter:card\" content=\"summary_large_image\" \/>\n<meta name=\"twitter:creator\" content=\"@elregionalvm1\" \/>\n<meta name=\"twitter:site\" content=\"@elregionalvm1\" \/>\n<meta name=\"twitter:label1\" content=\"Escrito por\" \/>\n\t<meta name=\"twitter:data1\" content=\"Contenidos El Regional\" \/>\n\t<meta name=\"twitter:label2\" content=\"Tiempo de lectura\" \/>\n\t<meta name=\"twitter:data2\" content=\"1 minuto\" \/>\n<script type=\"application\/ld+json\" class=\"yoast-schema-graph\">{\"@context\":\"https:\/\/schema.org\",\"@graph\":[{\"@type\":\"Article\",\"@id\":\"http:\/\/elregionalvm.com.ar\/noticias-villa-maria\/cadetes-de-la-ciudad-recibiran-cascos-y-chalecos-junto-a-una-capacitacion-en-seguridad-vial\/#article\",\"isPartOf\":{\"@id\":\"http:\/\/elregionalvm.com.ar\/noticias-villa-maria\/cadetes-de-la-ciudad-recibiran-cascos-y-chalecos-junto-a-una-capacitacion-en-seguridad-vial\/\"},\"author\":{\"name\":\"Contenidos El Regional\",\"@id\":\"http:\/\/elregionalvm.com.ar\/noticias-villa-maria\/#\/schema\/person\/a0fb9c422317faca23d50163151bc354\"},\"headline\":\"Cadetes de la ciudad recibir\u00e1n cascos y chalecos junto a una capacitaci\u00f3n en seguridad vial\",\"datePublished\":\"2022-07-11T23:18:18+00:00\",\"dateModified\":\"2022-07-11T23:18:19+00:00\",\"mainEntityOfPage\":{\"@id\":\"http:\/\/elregionalvm.com.ar\/noticias-villa-maria\/cadetes-de-la-ciudad-recibiran-cascos-y-chalecos-junto-a-una-capacitacion-en-seguridad-vial\/\"},\"wordCount\":202,\"commentCount\":0,\"image\":{\"@id\":\"http:\/\/elregionalvm.com.ar\/noticias-villa-maria\/cadetes-de-la-ciudad-recibiran-cascos-y-chalecos-junto-a-una-capacitacion-en-seguridad-vial\/#primaryimage\"},\"thumbnailUrl\":\"https:\/\/i0.wp.com\/elregionalvm.com.ar\/noticias-villa-maria\/wp-content\/uploads\/2022\/07\/cadetes-motos-y-cascos.png?fit=705%2C434&ssl=1\",\"keywords\":[\"Aeropuerto N\u00e9stor Kirchner\",\"Agencia Nacional de Seguridad Vial\",\"cadetes\",\"Capacitaci\u00f3n\",\"cascos\",\"chalecos\",\"mi\u00e9rcoles 13 de julio\",\"SEGURIDAD VIAL\",\"Villa Mar\u00eda\"],\"articleSection\":[\"destacado\",\"Villa Mar\u00eda\"],\"inLanguage\":\"es\",\"potentialAction\":[{\"@type\":\"CommentAction\",\"name\":\"Comment\",\"target\":[\"http:\/\/elregionalvm.com.ar\/noticias-villa-maria\/cadetes-de-la-ciudad-recibiran-cascos-y-chalecos-junto-a-una-capacitacion-en-seguridad-vial\/#respond\"]}]},{\"@type\":\"WebPage\",\"@id\":\"http:\/\/elregionalvm.com.ar\/noticias-villa-maria\/cadetes-de-la-ciudad-recibiran-cascos-y-chalecos-junto-a-una-capacitacion-en-seguridad-vial\/\",\"url\":\"http:\/\/elregionalvm.com.ar\/noticias-villa-maria\/cadetes-de-la-ciudad-recibiran-cascos-y-chalecos-junto-a-una-capacitacion-en-seguridad-vial\/\",\"name\":\"Cadetes de la ciudad recibir\u00e1n cascos y chalecos junto a una capacitaci\u00f3n en seguridad vial - El Regional\",\"isPartOf\":{\"@id\":\"http:\/\/elregionalvm.com.ar\/noticias-villa-maria\/#website\"},\"primaryImageOfPage\":{\"@id\":\"http:\/\/elregionalvm.com.ar\/noticias-villa-maria\/cadetes-de-la-ciudad-recibiran-cascos-y-chalecos-junto-a-una-capacitacion-en-seguridad-vial\/#primaryimage\"},\"image\":{\"@id\":\"http:\/\/elregionalvm.com.ar\/noticias-villa-maria\/cadetes-de-la-ciudad-recibiran-cascos-y-chalecos-junto-a-una-capacitacion-en-seguridad-vial\/#primaryimage\"},\"thumbnailUrl\":\"https:\/\/i0.wp.com\/elregionalvm.com.ar\/noticias-villa-maria\/wp-content\/uploads\/2022\/07\/cadetes-motos-y-cascos.png?fit=705%2C434&ssl=1\",\"datePublished\":\"2022-07-11T23:18:18+00:00\",\"dateModified\":\"2022-07-11T23:18:19+00:00\",\"author\":{\"@id\":\"http:\/\/elregionalvm.com.ar\/noticias-villa-maria\/#\/schema\/person\/a0fb9c422317faca23d50163151bc354\"},\"breadcrumb\":{\"@id\":\"http:\/\/elregionalvm.com.ar\/noticias-villa-maria\/cadetes-de-la-ciudad-recibiran-cascos-y-chalecos-junto-a-una-capacitacion-en-seguridad-vial\/#breadcrumb\"},\"inLanguage\":\"es\",\"potentialAction\":[{\"@type\":\"ReadAction\",\"target\":[\"http:\/\/elregionalvm.com.ar\/noticias-villa-maria\/cadetes-de-la-ciudad-recibiran-cascos-y-chalecos-junto-a-una-capacitacion-en-seguridad-vial\/\"]}]},{\"@type\":\"ImageObject\",\"inLanguage\":\"es\",\"@id\":\"http:\/\/elregionalvm.com.ar\/noticias-villa-maria\/cadetes-de-la-ciudad-recibiran-cascos-y-chalecos-junto-a-una-capacitacion-en-seguridad-vial\/#primaryimage\",\"url\":\"https:\/\/i0.wp.com\/elregionalvm.com.ar\/noticias-villa-maria\/wp-content\/uploads\/2022\/07\/cadetes-motos-y-cascos.png?fit=705%2C434&ssl=1\",\"contentUrl\":\"https:\/\/i0.wp.com\/elregionalvm.com.ar\/noticias-villa-maria\/wp-content\/uploads\/2022\/07\/cadetes-motos-y-cascos.png?fit=705%2C434&ssl=1\",\"width\":705,\"height\":434},{\"@type\":\"BreadcrumbList\",\"@id\":\"http:\/\/elregionalvm.com.ar\/noticias-villa-maria\/cadetes-de-la-ciudad-recibiran-cascos-y-chalecos-junto-a-una-capacitacion-en-seguridad-vial\/#breadcrumb\",\"itemListElement\":[{\"@type\":\"ListItem\",\"position\":1,\"name\":\"Portada\",\"item\":\"https:\/\/elregionalvm.com.ar\/noticias-villa-maria\/\"},{\"@type\":\"ListItem\",\"position\":2,\"name\":\"Cadetes de la ciudad recibir\u00e1n cascos y chalecos junto a una capacitaci\u00f3n en seguridad vial\"}]},{\"@type\":\"WebSite\",\"@id\":\"http:\/\/elregionalvm.com.ar\/noticias-villa-maria\/#website\",\"url\":\"http:\/\/elregionalvm.com.ar\/noticias-villa-maria\/\",\"name\":\"El Regional\",\"description\":\"Mucho m\u00e1s que informaci\u00f3n\",\"potentialAction\":[{\"@type\":\"SearchAction\",\"target\":{\"@type\":\"EntryPoint\",\"urlTemplate\":\"http:\/\/elregionalvm.com.ar\/noticias-villa-maria\/?s={search_term_string}\"},\"query-input\":{\"@type\":\"PropertyValueSpecification\",\"valueRequired\":true,\"valueName\":\"search_term_string\"}}],\"inLanguage\":\"es\"},{\"@type\":\"Person\",\"@id\":\"http:\/\/elregionalvm.com.ar\/noticias-villa-maria\/#\/schema\/person\/a0fb9c422317faca23d50163151bc354\",\"name\":\"Contenidos El Regional\",\"image\":{\"@type\":\"ImageObject\",\"inLanguage\":\"es\",\"@id\":\"http:\/\/elregionalvm.com.ar\/noticias-villa-maria\/#\/schema\/person\/image\/\",\"url\":\"https:\/\/secure.gravatar.com\/avatar\/265b27cb2209af7bb3a1318f03305787d7981a5cc6e6cd08fe5a4ecdf99d4b48?s=96&d=mm&r=g\",\"contentUrl\":\"https:\/\/secure.gravatar.com\/avatar\/265b27cb2209af7bb3a1318f03305787d7981a5cc6e6cd08fe5a4ecdf99d4b48?s=96&d=mm&r=g\",\"caption\":\"Contenidos El Regional\"},\"url\":\"https:\/\/elregionalvm.com.ar\/noticias-villa-maria\/author\/contenido\/\"}]}<\/script>\n<!-- \/ Yoast SEO plugin. -->","yoast_head_json":{"title":"Cadetes de la ciudad recibir\u00e1n cascos y chalecos junto a una capacitaci\u00f3n en seguridad vial - El Regional","robots":{"index":"index","follow":"follow","max-snippet":"max-snippet:-1","max-image-preview":"max-image-preview:large","max-video-preview":"max-video-preview:-1"},"canonical":"http:\/\/elregionalvm.com.ar\/noticias-villa-maria\/cadetes-de-la-ciudad-recibiran-cascos-y-chalecos-junto-a-una-capacitacion-en-seguridad-vial\/","og_locale":"es_ES","og_type":"article","og_title":"Cadetes de la ciudad recibir\u00e1n cascos y chalecos junto a una capacitaci\u00f3n en seguridad vial - El Regional","og_description":"Con el objetivo de brindar mayor seguridad a los trabajadores que se desempe\u00f1an en el servicio de cadeter\u00eda, el pr\u00f3ximo mi\u00e9rcoles 13 de julio tendr\u00e1 lugar una capacitaci\u00f3n destinada a los cadetes de la ciudad, tanto los pertenecientes a empresas de cadeter\u00eda como los particulares. La iniciativa fue diagramada desde la Agencia Nacional de Seguridad [&hellip;]","og_url":"http:\/\/elregionalvm.com.ar\/noticias-villa-maria\/cadetes-de-la-ciudad-recibiran-cascos-y-chalecos-junto-a-una-capacitacion-en-seguridad-vial\/","og_site_name":"El Regional","article_publisher":"https:\/\/www.facebook.com\/elregionalvm","article_published_time":"2022-07-11T23:18:18+00:00","article_modified_time":"2022-07-11T23:18:19+00:00","og_image":[{"width":705,"height":434,"url":"http:\/\/elregionalvm.com.ar\/noticias-villa-maria\/wp-content\/uploads\/2022\/07\/cadetes-motos-y-cascos.png","type":"image\/png"}],"author":"Contenidos El Regional","twitter_card":"summary_large_image","twitter_creator":"@elregionalvm1","twitter_site":"@elregionalvm1","twitter_misc":{"Escrito por":"Contenidos El Regional","Tiempo de lectura":"1 minuto"},"schema":{"@context":"https:\/\/schema.org","@graph":[{"@type":"Article","@id":"http:\/\/elregionalvm.com.ar\/noticias-villa-maria\/cadetes-de-la-ciudad-recibiran-cascos-y-chalecos-junto-a-una-capacitacion-en-seguridad-vial\/#article","isPartOf":{"@id":"http:\/\/elregionalvm.com.ar\/noticias-villa-maria\/cadetes-de-la-ciudad-recibiran-cascos-y-chalecos-junto-a-una-capacitacion-en-seguridad-vial\/"},"author":{"name":"Contenidos El Regional","@id":"http:\/\/elregionalvm.com.ar\/noticias-villa-maria\/#\/schema\/person\/a0fb9c422317faca23d50163151bc354"},"headline":"Cadetes de la ciudad recibir\u00e1n cascos y chalecos junto a una capacitaci\u00f3n en seguridad vial","datePublished":"2022-07-11T23:18:18+00:00","dateModified":"2022-07-11T23:18:19+00:00","mainEntityOfPage":{"@id":"http:\/\/elregionalvm.com.ar\/noticias-villa-maria\/cadetes-de-la-ciudad-recibiran-cascos-y-chalecos-junto-a-una-capacitacion-en-seguridad-vial\/"},"wordCount":202,"commentCount":0,"image":{"@id":"http:\/\/elregionalvm.com.ar\/noticias-villa-maria\/cadetes-de-la-ciudad-recibiran-cascos-y-chalecos-junto-a-una-capacitacion-en-seguridad-vial\/#primaryimage"},"thumbnailUrl":"https:\/\/i0.wp.com\/elregionalvm.com.ar\/noticias-villa-maria\/wp-content\/uploads\/2022\/07\/cadetes-motos-y-cascos.png?fit=705%2C434&ssl=1","keywords":["Aeropuerto N\u00e9stor Kirchner","Agencia Nacional de Seguridad Vial","cadetes","Capacitaci\u00f3n","cascos","chalecos","mi\u00e9rcoles 13 de julio","SEGURIDAD VIAL","Villa Mar\u00eda"],"articleSection":["destacado","Villa Mar\u00eda"],"inLanguage":"es","potentialAction":[{"@type":"CommentAction","name":"Comment","target":["http:\/\/elregionalvm.com.ar\/noticias-villa-maria\/cadetes-de-la-ciudad-recibiran-cascos-y-chalecos-junto-a-una-capacitacion-en-seguridad-vial\/#respond"]}]},{"@type":"WebPage","@id":"http:\/\/elregionalvm.com.ar\/noticias-villa-maria\/cadetes-de-la-ciudad-recibiran-cascos-y-chalecos-junto-a-una-capacitacion-en-seguridad-vial\/","url":"http:\/\/elregionalvm.com.ar\/noticias-villa-maria\/cadetes-de-la-ciudad-recibiran-cascos-y-chalecos-junto-a-una-capacitacion-en-seguridad-vial\/","name":"Cadetes de la ciudad recibir\u00e1n cascos y chalecos junto a una capacitaci\u00f3n en seguridad vial - El Regional","isPartOf":{"@id":"http:\/\/elregionalvm.com.ar\/noticias-villa-maria\/#website"},"primaryImageOfPage":{"@id":"http:\/\/elregionalvm.com.ar\/noticias-villa-maria\/cadetes-de-la-ciudad-recibiran-cascos-y-chalecos-junto-a-una-capacitacion-en-seguridad-vial\/#primaryimage"},"image":{"@id":"http:\/\/elregionalvm.com.ar\/noticias-villa-maria\/cadetes-de-la-ciudad-recibiran-cascos-y-chalecos-junto-a-una-capacitacion-en-seguridad-vial\/#primaryimage"},"thumbnailUrl":"https:\/\/i0.wp.com\/elregionalvm.com.ar\/noticias-villa-maria\/wp-content\/uploads\/2022\/07\/cadetes-motos-y-cascos.png?fit=705%2C434&ssl=1","datePublished":"2022-07-11T23:18:18+00:00","dateModified":"2022-07-11T23:18:19+00:00","author":{"@id":"http:\/\/elregionalvm.com.ar\/noticias-villa-maria\/#\/schema\/person\/a0fb9c422317faca23d50163151bc354"},"breadcrumb":{"@id":"http:\/\/elregionalvm.com.ar\/noticias-villa-maria\/cadetes-de-la-ciudad-recibiran-cascos-y-chalecos-junto-a-una-capacitacion-en-seguridad-vial\/#breadcrumb"},"inLanguage":"es","potentialAction":[{"@type":"ReadAction","target":["http:\/\/elregionalvm.com.ar\/noticias-villa-maria\/cadetes-de-la-ciudad-recibiran-cascos-y-chalecos-junto-a-una-capacitacion-en-seguridad-vial\/"]}]},{"@type":"ImageObject","inLanguage":"es","@id":"http:\/\/elregionalvm.com.ar\/noticias-villa-maria\/cadetes-de-la-ciudad-recibiran-cascos-y-chalecos-junto-a-una-capacitacion-en-seguridad-vial\/#primaryimage","url":"https:\/\/i0.wp.com\/elregionalvm.com.ar\/noticias-villa-maria\/wp-content\/uploads\/2022\/07\/cadetes-motos-y-cascos.png?fit=705%2C434&ssl=1","contentUrl":"https:\/\/i0.wp.com\/elregionalvm.com.ar\/noticias-villa-maria\/wp-content\/uploads\/2022\/07\/cadetes-motos-y-cascos.png?fit=705%2C434&ssl=1","width":705,"height":434},{"@type":"BreadcrumbList","@id":"http:\/\/elregionalvm.com.ar\/noticias-villa-maria\/cadetes-de-la-ciudad-recibiran-cascos-y-chalecos-junto-a-una-capacitacion-en-seguridad-vial\/#breadcrumb","itemListElement":[{"@type":"ListItem","position":1,"name":"Portada","item":"https:\/\/elregionalvm.com.ar\/noticias-villa-maria\/"},{"@type":"ListItem","position":2,"name":"Cadetes de la ciudad recibir\u00e1n cascos y chalecos junto a una capacitaci\u00f3n en seguridad vial"}]},{"@type":"WebSite","@id":"http:\/\/elregionalvm.com.ar\/noticias-villa-maria\/#website","url":"http:\/\/elregionalvm.com.ar\/noticias-villa-maria\/","name":"El Regional","description":"Mucho m\u00e1s que informaci\u00f3n","potentialAction":[{"@type":"SearchAction","target":{"@type":"EntryPoint","urlTemplate":"http:\/\/elregionalvm.com.ar\/noticias-villa-maria\/?s={search_term_string}"},"query-input":{"@type":"PropertyValueSpecification","valueRequired":true,"valueName":"search_term_string"}}],"inLanguage":"es"},{"@type":"Person","@id":"http:\/\/elregionalvm.com.ar\/noticias-villa-maria\/#\/schema\/person\/a0fb9c422317faca23d50163151bc354","name":"Contenidos El Regional","image":{"@type":"ImageObject","inLanguage":"es","@id":"http:\/\/elregionalvm.com.ar\/noticias-villa-maria\/#\/schema\/person\/image\/","url":"https:\/\/secure.gravatar.com\/avatar\/265b27cb2209af7bb3a1318f03305787d7981a5cc6e6cd08fe5a4ecdf99d4b48?s=96&d=mm&r=g","contentUrl":"https:\/\/secure.gravatar.com\/avatar\/265b27cb2209af7bb3a1318f03305787d7981a5cc6e6cd08fe5a4ecdf99d4b48?s=96&d=mm&r=g","caption":"Contenidos El Regional"},"url":"https:\/\/elregionalvm.com.ar\/noticias-villa-maria\/author\/contenido\/"}]}},"jetpack_featured_media_url":"https:\/\/i0.wp.com\/elregionalvm.com.ar\/noticias-villa-maria\/wp-content\/uploads\/2022\/07\/cadetes-motos-y-cascos.png?fit=705%2C434&ssl=1","jetpack_sharing_enabled":true,"_links":{"self":[{"href":"https:\/\/elregionalvm.com.ar\/noticias-villa-maria\/wp-json\/wp\/v2\/posts\/60483","targetHints":{"allow":["GET"]}}],"collection":[{"href":"https:\/\/elregionalvm.com.ar\/noticias-villa-maria\/wp-json\/wp\/v2\/posts"}],"about":[{"href":"https:\/\/elregionalvm.com.ar\/noticias-villa-maria\/wp-json\/wp\/v2\/types\/post"}],"author":[{"embeddable":true,"href":"https:\/\/elregionalvm.com.ar\/noticias-villa-maria\/wp-json\/wp\/v2\/users\/4"}],"replies":[{"embeddable":true,"href":"https:\/\/elregionalvm.com.ar\/noticias-villa-maria\/wp-json\/wp\/v2\/comments?post=60483"}],"version-history":[{"count":1,"href":"https:\/\/elregionalvm.com.ar\/noticias-villa-maria\/wp-json\/wp\/v2\/posts\/60483\/revisions"}],"predecessor-version":[{"id":60485,"href":"https:\/\/elregionalvm.com.ar\/noticias-villa-maria\/wp-json\/wp\/v2\/posts\/60483\/revisions\/60485"}],"wp:featuredmedia":[{"embeddable":true,"href":"https:\/\/elregionalvm.com.ar\/noticias-villa-maria\/wp-json\/wp\/v2\/media\/60484"}],"wp:attachment":[{"href":"https:\/\/elregionalvm.com.ar\/noticias-villa-maria\/wp-json\/wp\/v2\/media?parent=60483"}],"wp:term":[{"taxonomy":"category","embeddable":true,"href":"https:\/\/elregionalvm.com.ar\/noticias-villa-maria\/wp-json\/wp\/v2\/categories?post=60483"},{"taxonomy":"post_tag","embeddable":true,"href":"https:\/\/elregionalvm.com.ar\/noticias-villa-maria\/wp-json\/wp\/v2\/tags?post=60483"}],"curies":[{"name":"wp","href":"https:\/\/api.w.org\/{rel}","templated":true}]}}