{"id":60889,"date":"2022-07-19T01:31:50","date_gmt":"2022-07-19T01:31:50","guid":{"rendered":"https:\/\/elregionalvm.com.ar\/noticias-villa-maria\/?p=60889"},"modified":"2022-07-20T22:10:37","modified_gmt":"2022-07-20T22:10:37","slug":"un-cafe-en-viena-con-gaston-manes-debemos-liderar-una-revolucion-etica-para-seguir-siendo-nacion","status":"publish","type":"post","link":"https:\/\/elregionalvm.com.ar\/noticias-villa-maria\/un-cafe-en-viena-con-gaston-manes-debemos-liderar-una-revolucion-etica-para-seguir-siendo-nacion\/","title":{"rendered":"Un caf\u00e9 en Viena con Gast\u00f3n Manes: \u201cDebemos liderar una revoluci\u00f3n \u00e9tica para seguir siendo naci\u00f3n\u201d"},"content":{"rendered":"\n<p><\/p>\n\n\n\n<p><strong>Desde Viena, un gran encuentro entre argentinos dialogando sobre la realidad del pa\u00eds. En esta oportunidad, Karin Silvina Hiebaum, corresponsal en Austria. junto al Dr. Gast\u00f3n Manes, abogado, presidente de la Convenci\u00f3n Nacional de la Uni\u00f3n C\u00edvica Radical (UCR). Gast\u00f3n es hermano de Facundo Manes, el neurocient\u00edfico que quiere postularse a la presidencia de la Naci\u00f3n.<\/strong><\/p>\n\n\n\n<p><\/p>\n\n\n\n<p><strong>Escribe: Mgter. Karin Hiebaum (Analista Internacional) <\/strong><\/p>\n\n\n\n<p><\/p>\n\n\n\n<p><strong>Cu\u00e9ntenos, \u00bfcu\u00e1l es el motivo tan importante que lo trae por Viena?<\/strong><\/p>\n\n\n\n<p>\u201cVine solo 48 horas, estaba en Barcelona donde estoy realizando un doctorado en Literatura Espa\u00f1ola, y que ahora por mi intensa actividad pol\u00edtica he debido postergar un poco. Y aprovech\u00e9 el fin de semana para visitar a dos queridos amigos ingleses, de mi \u00e9poca en la que viv\u00ed en Londres, quienes viven en Viena y trabajan para la ONU.<\/p>\n\n\n\n<p>He tenido la suerte de visitar varias veces Viena, una de las ciudades con mejor calidad de vida en el mundo, y donde uno aprende cosas a cada paso. Me siento muy a gusto aqu\u00ed, lamentablemente solo estar\u00e9 unas horas esta vez\u201d.<\/p>\n\n\n\n<p><strong>Como presidente de la UCR Nacional, \u00bfc\u00f3mo ve la situaci\u00f3n que atraviesa actualmente la Argentina?<\/strong><\/p>\n\n\n\n<p>\u201cArgentina nuevamente vive una crisis pol\u00edtica y econ\u00f3mica. Y lo se\u00f1alo en ese orden, porque esta vez, m\u00e1s que nunca, los desequilibrios econ\u00f3micos son fruto de la inconsistencia pol\u00edtica del gobierno. Es una \u00e9poca en la cual la Argentina nuevamente tiene chances objetivas de desarrollarse con inclusi\u00f3n.<\/p>\n\n\n\n<p>La econom\u00eda es obviamente un tema central para la UCR. Como partido que aspira a liderar una coalici\u00f3n de centro popular, tenemos que ser capaces de desarrollar una econom\u00eda que concilie dos objetivos: el crecimiento y la inclusi\u00f3n.<\/p>\n\n\n\n<p>Una econom\u00eda que promueva la inversi\u00f3n, la innovaci\u00f3n y el crecimiento de la productividad. Pero que sea tambi\u00e9n capaz de generar trabajo, mejores salarios y protecci\u00f3n a los menos aventajados, aquellos que han tenido la desgracia de crecer en la pobreza y sin acceso a servicios p\u00fablicos de la calidad.<\/p>\n\n\n\n<p><\/p>\n\n\n\n<figure class=\"wp-block-image size-full\"><img data-recalc-dims=\"1\" fetchpriority=\"high\" decoding=\"async\" width=\"1024\" height=\"768\" src=\"https:\/\/i0.wp.com\/elregionalvm.com.ar\/noticias-villa-maria\/wp-content\/uploads\/2022\/07\/Gaston-Manes-Karin-Viena.jpeg?resize=1024%2C768&#038;ssl=1\" alt=\"\" class=\"wp-image-60909\" srcset=\"https:\/\/i0.wp.com\/elregionalvm.com.ar\/noticias-villa-maria\/wp-content\/uploads\/2022\/07\/Gaston-Manes-Karin-Viena.jpeg?w=1024&amp;ssl=1 1024w, https:\/\/i0.wp.com\/elregionalvm.com.ar\/noticias-villa-maria\/wp-content\/uploads\/2022\/07\/Gaston-Manes-Karin-Viena.jpeg?resize=300%2C225&amp;ssl=1 300w, https:\/\/i0.wp.com\/elregionalvm.com.ar\/noticias-villa-maria\/wp-content\/uploads\/2022\/07\/Gaston-Manes-Karin-Viena.jpeg?resize=768%2C576&amp;ssl=1 768w\" sizes=\"(max-width: 1000px) 100vw, 1000px\" \/><figcaption><em>Manes con la analista internacional Karin Hiebaum, en Viena, Austria. <\/em><\/figcaption><\/figure>\n\n\n\n<p><\/p>\n\n\n\n<p>Sabemos que no vivimos un buen presente. Somos testigos de la decadencia; de la ca\u00edda de los ingresos, de la falta de empleo; del crecimiento de la informalidad y la pobreza. Pero aun en este presente tan gris, soy optimista.<\/p>\n\n\n\n<p>Soy optimista porque veo a nuestra econom\u00eda con un enorme potencial. Tenemos un sector agroindustrial pujante, de primer nivel mundial, que es capaz de ofrecer alimentos con mayor valor agregado. Hay un enorme potencial en carnes, l\u00e1cteos, vinos, y mucho otros alimentos. Tenemos en Vaca Muerta el segundo yacimiento de gas no convencional del mundo y el cuarto en petr\u00f3leo. Un enorme potencial en turismo. Con las inversiones adecuadas, podremos exportar al mundo, que est\u00e1 desesperado por encontrar proveedores confiables.<\/p>\n\n\n\n<p>Tambi\u00e9n somos ricos en minerales. De un lado de la cordillera, Chile exporta 35 mil millones de d\u00f3lares en minerales y aqu\u00ed, del otro lado, s\u00f3lo unos 3 mil millones. Miren cu\u00e1nto tenemos para crecer. \u00bfY qu\u00e9 decir del litio, el mineral del futuro? Junto a Bolivia y Chile formamos parte de un tri\u00e1ngulo, \u00a1que concentra el 85% de las reservas mundiales!<\/p>\n\n\n\n<p>Pero la riqueza m\u00e1s importante no est\u00e1 en los recursos naturales, sino en nuestra gente. Y no es una frase hecha, lo digo en base a la evidencia. El talento argentino ha sido capaz de generar una econom\u00eda del conocimiento que se destaca globalmente, con m\u00e1s de 10 unicornios como punta de lanza.<\/p>\n\n\n\n<p><\/p>\n\n\n\n<figure class=\"wp-block-image size-large is-resized\"><img data-recalc-dims=\"1\" decoding=\"async\" src=\"https:\/\/i0.wp.com\/elregionalvm.com.ar\/noticias-villa-maria\/wp-content\/uploads\/2022\/07\/gaston-manes-ucr.jpg?resize=910%2C591&#038;ssl=1\" alt=\"\" class=\"wp-image-60913\" width=\"910\" height=\"591\" srcset=\"https:\/\/i0.wp.com\/elregionalvm.com.ar\/noticias-villa-maria\/wp-content\/uploads\/2022\/07\/gaston-manes-ucr.jpg?resize=1024%2C666&amp;ssl=1 1024w, https:\/\/i0.wp.com\/elregionalvm.com.ar\/noticias-villa-maria\/wp-content\/uploads\/2022\/07\/gaston-manes-ucr.jpg?resize=300%2C195&amp;ssl=1 300w, https:\/\/i0.wp.com\/elregionalvm.com.ar\/noticias-villa-maria\/wp-content\/uploads\/2022\/07\/gaston-manes-ucr.jpg?resize=768%2C499&amp;ssl=1 768w, https:\/\/i0.wp.com\/elregionalvm.com.ar\/noticias-villa-maria\/wp-content\/uploads\/2022\/07\/gaston-manes-ucr.jpg?resize=1536%2C998&amp;ssl=1 1536w, https:\/\/i0.wp.com\/elregionalvm.com.ar\/noticias-villa-maria\/wp-content\/uploads\/2022\/07\/gaston-manes-ucr.jpg?w=1643&amp;ssl=1 1643w\" sizes=\"(max-width: 910px) 100vw, 910px\" \/><figcaption><em>A pesar de la crisis, Manes se muestra optimista por el \u00abpotencial de la econom\u00eda\u00bb.<\/em><\/figcaption><\/figure>\n\n\n\n<p><\/p>\n\n\n\n<p>Y a\u00fan en lo inestable que ha sido nuestra macroeconom\u00eda, tenemos a una industria que es la tercera de Am\u00e9rica Latina. All\u00ed en la industria, donde algunos ven ineficiencia y prebendas, yo veo a miles de familias de industriales que han sobrevivido a tsunamis de inestabilidad y han sido capaces de invertir, crear empleos y acumular capital organizativo y conocimiento.<\/p>\n\n\n\n<p>Con este enorme potencial, la econom\u00eda argentina puede despegar y desarrollarse. Pero para que no sea s\u00f3lo una aspiraci\u00f3n, para que sea una realidad, tenemos que ser capaces de estabilizar la macroeconom\u00eda y crear un entorno de previsibilidad para la inversi\u00f3n y la innovaci\u00f3n.<\/p>\n\n\n\n<p>Ese es el gran desaf\u00edo de nuestro tiempo. Ese es el gran desaf\u00edo de la dirigencia pol\u00edtica. Y eso es lo que proponemos desde la UCR, porque estoy convencido de que somos capaces, que sea este radicalismo, el que se est\u00e1 poniendo de pie, el que lidere el proceso de desarrollo que Argentina tiene por delante\u201d.<\/p>\n\n\n\n<p><strong>Observando la pol\u00edtica vienesa, \u00bfqu\u00e9 podr\u00eda aplicarse en la pol\u00edtica porte\u00f1a?<\/strong><\/p>\n\n\n\n<p>\u201cLas sociedades desarrolladas como la de Viena, siempre nos muestran cosas de las cuales aprender. Pero una vez m\u00e1s, como cada vez que visito una ciudad as\u00ed me convenzo m\u00e1s de que la clave de todo siempre es la educaci\u00f3n.<\/p>\n\n\n\n<p>Buenos Aires cuenta con un presupuesto enorme, equivalente a varias ciudades importantes del primer mundo, sin embargo, muchas veces se gastan enormes recursos en cuestiones que podr\u00edan evitarse si, por ejemplo, fu\u00e9ramos m\u00e1s cuidadosos y respetuosos con el espacio p\u00fablico, con la limpieza, etc.<\/p>\n\n\n\n<p>Sarmiento fomentaba que los j\u00f3venes viajen, para ver otras culturas y as\u00ed poder aplicar las mejores pr\u00e1cticas cotidianas de esas culturas para mejorar la propia. Viena es un ejemplo a imitar\u201d.<\/p>\n\n\n\n<p><\/p>\n\n\n\n<figure class=\"wp-block-image size-full\"><img data-recalc-dims=\"1\" decoding=\"async\" width=\"950\" height=\"534\" src=\"https:\/\/i0.wp.com\/elregionalvm.com.ar\/noticias-villa-maria\/wp-content\/uploads\/2022\/07\/gaston-y-facundo-manes-.jpg?resize=950%2C534&#038;ssl=1\" alt=\"\" class=\"wp-image-60910\" srcset=\"https:\/\/i0.wp.com\/elregionalvm.com.ar\/noticias-villa-maria\/wp-content\/uploads\/2022\/07\/gaston-y-facundo-manes-.jpg?w=950&amp;ssl=1 950w, https:\/\/i0.wp.com\/elregionalvm.com.ar\/noticias-villa-maria\/wp-content\/uploads\/2022\/07\/gaston-y-facundo-manes-.jpg?resize=300%2C169&amp;ssl=1 300w, https:\/\/i0.wp.com\/elregionalvm.com.ar\/noticias-villa-maria\/wp-content\/uploads\/2022\/07\/gaston-y-facundo-manes-.jpg?resize=768%2C432&amp;ssl=1 768w\" sizes=\"(max-width: 950px) 100vw, 950px\" \/><figcaption><em>Gast\u00f3n y Facundo Manes. La UCR busca dar batalla en 2023. <\/em><\/figcaption><\/figure>\n\n\n\n<p><\/p>\n\n\n\n<p><strong>\u00bfC\u00f3mo observa el Rol actual de la UCR en Argentina?<\/strong><\/p>\n\n\n\n<p>\u201cLa Argentina est\u00e1 a la deriva, y el radicalismo debe volver a ser esa br\u00fajula confiable, que todo pa\u00eds necesita para saber a d\u00f3nde va. Debe ser la herramienta pol\u00edtica necesaria para abordar con confianza y al mismo tiempo con honradez, las soluciones que el pa\u00eds necesita.<\/p>\n\n\n\n<p>Entiendo que nuestro partido se encuentra en un punto de inflexi\u00f3n que le permite pensar en grande, que le permite so\u00f1ar con ser la columna vertebral de este cambio de \u00e9poca que necesitamos experimentar.<\/p>\n\n\n\n<p>Como cuarenta a\u00f1os antes, en 2023, la UCR deber\u00e1 guiar a la argentina a un nuevo proyecto colectivo. Ya lider\u00f3 el \u00faltimo proyecto colectivo exitoso a\u00fan vigente en Argentina, que fue la recuperaci\u00f3n y consolidaci\u00f3n de un sistema democr\u00e1tico, algo que no era com\u00fan en los 50 a\u00f1os anteriores. Ahora debemos liderar una revoluci\u00f3n \u00e9tica que resulta imprescindible si queremos continuar siendo una naci\u00f3n\u201d.<\/p>\n\n\n\n<p><strong>\u00bfQu\u00e9 les dir\u00eda a los argentinos en el exterior, hay futuro?<\/strong><\/p>\n\n\n\n<p>\u201cClaro que hay futuro, pero es un compromiso de todos, si nos ponemos de acuerdo sobre 10 pol\u00edticas de Estado, con consenso de una nueva mayor\u00eda social, que no convoque desde los extremos, en 10 o 15 a\u00f1os Argentina puede estar otra vez en un lugar hoy inimaginable\u201d.<\/p>\n\n\n\n<p><\/p>\n\n\n\n<p><\/p>\n\n\n\n<h3 class=\"wp-block-heading\"><strong>Le\u00e9 mas:<\/strong><\/h3>\n\n\n\n<p><\/p>\n\n\n\n<figure class=\"wp-block-embed is-type-wp-embed is-provider-el-regional wp-block-embed-el-regional\"><div class=\"wp-block-embed__wrapper\">\n<blockquote class=\"wp-embedded-content\" data-secret=\"2D2v4syDW2\"><a href=\"https:\/\/elregionalvm.com.ar\/noticias-villa-maria\/javier-milei-un-analisis-de-su-personalidad-un-desafio-o-una-contra-para-la-politica-argentina\/\">Javier Milei, un an\u00e1lisis de su personalidad: \u00bfUn desaf\u00edo o una contra para la pol\u00edtica argentina?<\/a><\/blockquote><iframe class=\"wp-embedded-content\" sandbox=\"allow-scripts\" security=\"restricted\" style=\"position: absolute; visibility: hidden;\" title=\"\u00abJavier Milei, un an\u00e1lisis de su personalidad: \u00bfUn desaf\u00edo o una contra para la pol\u00edtica argentina?\u00bb \u2014 El Regional\" src=\"https:\/\/elregionalvm.com.ar\/noticias-villa-maria\/javier-milei-un-analisis-de-su-personalidad-un-desafio-o-una-contra-para-la-politica-argentina\/embed\/#?secret=fyIuZkqj1L#?secret=2D2v4syDW2\" data-secret=\"2D2v4syDW2\" width=\"500\" height=\"282\" frameborder=\"0\" marginwidth=\"0\" marginheight=\"0\" scrolling=\"no\"><\/iframe>\n<\/div><\/figure>\n\n\n\n<p><\/p>\n","protected":false},"excerpt":{"rendered":"<p>Desde Viena, un gran encuentro entre argentinos dialogando sobre la realidad del pa\u00eds. En esta oportunidad, Karin Silvina Hiebaum, corresponsal en Austria. junto al Dr. Gast\u00f3n Manes, abogado, presidente de la Convenci\u00f3n Nacional de la Uni\u00f3n C\u00edvica Radical (UCR). Gast\u00f3n es hermano de Facundo Manes, el neurocient\u00edfico que quiere postularse a la presidencia de la [&hellip;]<\/p>\n","protected":false},"author":4,"featured_media":60908,"comment_status":"open","ping_status":"open","sticky":false,"template":"","format":"standard","meta":{"site-sidebar-layout":"default","site-content-layout":"","ast-site-content-layout":"default","site-content-style":"default","site-sidebar-style":"default","ast-global-header-display":"","ast-banner-title-visibility":"","ast-main-header-display":"","ast-hfb-above-header-display":"","ast-hfb-below-header-display":"","ast-hfb-mobile-header-display":"","site-post-title":"","ast-breadcrumbs-content":"","ast-featured-img":"","footer-sml-layout":"","ast-disable-related-posts":"","theme-transparent-header-meta":"","adv-header-id-meta":"","stick-header-meta":"","header-above-stick-meta":"","header-main-stick-meta":"","header-below-stick-meta":"","astra-migrate-meta-layouts":"default","ast-page-background-enabled":"default","ast-page-background-meta":{"desktop":{"background-color":"","background-image":"","background-repeat":"repeat","background-position":"center center","background-size":"auto","background-attachment":"scroll","background-type":"","background-media":"","overlay-type":"","overlay-color":"","overlay-opacity":"","overlay-gradient":""},"tablet":{"background-color":"","background-image":"","background-repeat":"repeat","background-position":"center center","background-size":"auto","background-attachment":"scroll","background-type":"","background-media":"","overlay-type":"","overlay-color":"","overlay-opacity":"","overlay-gradient":""},"mobile":{"background-color":"","background-image":"","background-repeat":"repeat","background-position":"center center","background-size":"auto","background-attachment":"scroll","background-type":"","background-media":"","overlay-type":"","overlay-color":"","overlay-opacity":"","overlay-gradient":""}},"ast-content-background-meta":{"desktop":{"background-color":"var(--ast-global-color-5)","background-image":"","background-repeat":"repeat","background-position":"center center","background-size":"auto","background-attachment":"scroll","background-type":"","background-media":"","overlay-type":"","overlay-color":"","overlay-opacity":"","overlay-gradient":""},"tablet":{"background-color":"var(--ast-global-color-5)","background-image":"","background-repeat":"repeat","background-position":"center center","background-size":"auto","background-attachment":"scroll","background-type":"","background-media":"","overlay-type":"","overlay-color":"","overlay-opacity":"","overlay-gradient":""},"mobile":{"background-color":"var(--ast-global-color-5)","background-image":"","background-repeat":"repeat","background-position":"center center","background-size":"auto","background-attachment":"scroll","background-type":"","background-media":"","overlay-type":"","overlay-color":"","overlay-opacity":"","overlay-gradient":""}},"_jetpack_memberships_contains_paid_content":false,"_joinchat":[],"footnotes":""},"categories":[2089,3557],"tags":[415,7177,9364,814,688,3331,16775,175,14692,3041,519,16777,16776],"class_list":["post-60889","post","type-post","status-publish","format-standard","has-post-thumbnail","hentry","category-politica","category-tercera","tag-argentina","tag-austria","tag-cafe","tag-crisis","tag-entrevista","tag-facundo-manes","tag-gaston-manes","tag-gobierno","tag-karin-hiebaum","tag-nacion","tag-politica","tag-revolucion-etica","tag-viena"],"yoast_head":"<!-- This site is optimized with the Yoast SEO plugin v26.8 - https:\/\/yoast.com\/product\/yoast-seo-wordpress\/ -->\n<title>Un caf\u00e9 en Viena con Gast\u00f3n Manes: \u201cDebemos liderar una revoluci\u00f3n \u00e9tica para seguir siendo naci\u00f3n\u201d - El Regional<\/title>\n<meta name=\"robots\" content=\"index, follow, max-snippet:-1, max-image-preview:large, max-video-preview:-1\" \/>\n<link rel=\"canonical\" href=\"http:\/\/elregionalvm.com.ar\/noticias-villa-maria\/un-cafe-en-viena-con-gaston-manes-debemos-liderar-una-revolucion-etica-para-seguir-siendo-nacion\/\" \/>\n<meta property=\"og:locale\" content=\"es_ES\" \/>\n<meta property=\"og:type\" content=\"article\" \/>\n<meta property=\"og:title\" content=\"Un caf\u00e9 en Viena con Gast\u00f3n Manes: \u201cDebemos liderar una revoluci\u00f3n \u00e9tica para seguir siendo naci\u00f3n\u201d - El Regional\" \/>\n<meta property=\"og:description\" content=\"Desde Viena, un gran encuentro entre argentinos dialogando sobre la realidad del pa\u00eds. En esta oportunidad, Karin Silvina Hiebaum, corresponsal en Austria. junto al Dr. Gast\u00f3n Manes, abogado, presidente de la Convenci\u00f3n Nacional de la Uni\u00f3n C\u00edvica Radical (UCR). Gast\u00f3n es hermano de Facundo Manes, el neurocient\u00edfico que quiere postularse a la presidencia de la [&hellip;]\" \/>\n<meta property=\"og:url\" content=\"http:\/\/elregionalvm.com.ar\/noticias-villa-maria\/un-cafe-en-viena-con-gaston-manes-debemos-liderar-una-revolucion-etica-para-seguir-siendo-nacion\/\" \/>\n<meta property=\"og:site_name\" content=\"El Regional\" \/>\n<meta property=\"article:publisher\" content=\"https:\/\/www.facebook.com\/elregionalvm\" \/>\n<meta property=\"article:published_time\" content=\"2022-07-19T01:31:50+00:00\" \/>\n<meta property=\"article:modified_time\" content=\"2022-07-20T22:10:37+00:00\" \/>\n<meta property=\"og:image\" content=\"http:\/\/elregionalvm.com.ar\/noticias-villa-maria\/wp-content\/uploads\/2022\/07\/Gaston-Manes-Karin-vertical.jpeg\" \/>\n\t<meta property=\"og:image:width\" content=\"676\" \/>\n\t<meta property=\"og:image:height\" content=\"679\" \/>\n\t<meta property=\"og:image:type\" content=\"image\/jpeg\" \/>\n<meta name=\"author\" content=\"Contenidos El Regional\" \/>\n<meta name=\"twitter:card\" content=\"summary_large_image\" \/>\n<meta name=\"twitter:creator\" content=\"@elregionalvm1\" \/>\n<meta name=\"twitter:site\" content=\"@elregionalvm1\" \/>\n<meta name=\"twitter:label1\" content=\"Escrito por\" \/>\n\t<meta name=\"twitter:data1\" content=\"Contenidos El Regional\" \/>\n\t<meta name=\"twitter:label2\" content=\"Tiempo de lectura\" \/>\n\t<meta name=\"twitter:data2\" content=\"6 minutos\" \/>\n<script type=\"application\/ld+json\" class=\"yoast-schema-graph\">{\"@context\":\"https:\/\/schema.org\",\"@graph\":[{\"@type\":\"Article\",\"@id\":\"http:\/\/elregionalvm.com.ar\/noticias-villa-maria\/un-cafe-en-viena-con-gaston-manes-debemos-liderar-una-revolucion-etica-para-seguir-siendo-nacion\/#article\",\"isPartOf\":{\"@id\":\"http:\/\/elregionalvm.com.ar\/noticias-villa-maria\/un-cafe-en-viena-con-gaston-manes-debemos-liderar-una-revolucion-etica-para-seguir-siendo-nacion\/\"},\"author\":{\"name\":\"Contenidos El Regional\",\"@id\":\"http:\/\/elregionalvm.com.ar\/noticias-villa-maria\/#\/schema\/person\/a0fb9c422317faca23d50163151bc354\"},\"headline\":\"Un caf\u00e9 en Viena con Gast\u00f3n Manes: \u201cDebemos liderar una revoluci\u00f3n \u00e9tica para seguir siendo naci\u00f3n\u201d\",\"datePublished\":\"2022-07-19T01:31:50+00:00\",\"dateModified\":\"2022-07-20T22:10:37+00:00\",\"mainEntityOfPage\":{\"@id\":\"http:\/\/elregionalvm.com.ar\/noticias-villa-maria\/un-cafe-en-viena-con-gaston-manes-debemos-liderar-una-revolucion-etica-para-seguir-siendo-nacion\/\"},\"wordCount\":1203,\"commentCount\":0,\"image\":{\"@id\":\"http:\/\/elregionalvm.com.ar\/noticias-villa-maria\/un-cafe-en-viena-con-gaston-manes-debemos-liderar-una-revolucion-etica-para-seguir-siendo-nacion\/#primaryimage\"},\"thumbnailUrl\":\"https:\/\/i0.wp.com\/elregionalvm.com.ar\/noticias-villa-maria\/wp-content\/uploads\/2022\/07\/Gaston-Manes-Karin-vertical.jpeg?fit=676%2C679&ssl=1\",\"keywords\":[\"Argentina\",\"Austria\",\"Caf\u00e9\",\"crisis\",\"Entrevista\",\"Facundo Manes\",\"Gast\u00f3n Manes\",\"gobierno\",\"Karin Hiebaum\",\"Naci\u00f3n\",\"Pol\u00edtica\",\"revoluci\u00f3n \u00e9tica\",\"Viena\"],\"articleSection\":[\"Pol\u00edtica\",\"tercera\"],\"inLanguage\":\"es\",\"potentialAction\":[{\"@type\":\"CommentAction\",\"name\":\"Comment\",\"target\":[\"http:\/\/elregionalvm.com.ar\/noticias-villa-maria\/un-cafe-en-viena-con-gaston-manes-debemos-liderar-una-revolucion-etica-para-seguir-siendo-nacion\/#respond\"]}]},{\"@type\":\"WebPage\",\"@id\":\"http:\/\/elregionalvm.com.ar\/noticias-villa-maria\/un-cafe-en-viena-con-gaston-manes-debemos-liderar-una-revolucion-etica-para-seguir-siendo-nacion\/\",\"url\":\"http:\/\/elregionalvm.com.ar\/noticias-villa-maria\/un-cafe-en-viena-con-gaston-manes-debemos-liderar-una-revolucion-etica-para-seguir-siendo-nacion\/\",\"name\":\"Un caf\u00e9 en Viena con Gast\u00f3n Manes: \u201cDebemos liderar una revoluci\u00f3n \u00e9tica para seguir siendo naci\u00f3n\u201d - El Regional\",\"isPartOf\":{\"@id\":\"http:\/\/elregionalvm.com.ar\/noticias-villa-maria\/#website\"},\"primaryImageOfPage\":{\"@id\":\"http:\/\/elregionalvm.com.ar\/noticias-villa-maria\/un-cafe-en-viena-con-gaston-manes-debemos-liderar-una-revolucion-etica-para-seguir-siendo-nacion\/#primaryimage\"},\"image\":{\"@id\":\"http:\/\/elregionalvm.com.ar\/noticias-villa-maria\/un-cafe-en-viena-con-gaston-manes-debemos-liderar-una-revolucion-etica-para-seguir-siendo-nacion\/#primaryimage\"},\"thumbnailUrl\":\"https:\/\/i0.wp.com\/elregionalvm.com.ar\/noticias-villa-maria\/wp-content\/uploads\/2022\/07\/Gaston-Manes-Karin-vertical.jpeg?fit=676%2C679&ssl=1\",\"datePublished\":\"2022-07-19T01:31:50+00:00\",\"dateModified\":\"2022-07-20T22:10:37+00:00\",\"author\":{\"@id\":\"http:\/\/elregionalvm.com.ar\/noticias-villa-maria\/#\/schema\/person\/a0fb9c422317faca23d50163151bc354\"},\"breadcrumb\":{\"@id\":\"http:\/\/elregionalvm.com.ar\/noticias-villa-maria\/un-cafe-en-viena-con-gaston-manes-debemos-liderar-una-revolucion-etica-para-seguir-siendo-nacion\/#breadcrumb\"},\"inLanguage\":\"es\",\"potentialAction\":[{\"@type\":\"ReadAction\",\"target\":[\"http:\/\/elregionalvm.com.ar\/noticias-villa-maria\/un-cafe-en-viena-con-gaston-manes-debemos-liderar-una-revolucion-etica-para-seguir-siendo-nacion\/\"]}]},{\"@type\":\"ImageObject\",\"inLanguage\":\"es\",\"@id\":\"http:\/\/elregionalvm.com.ar\/noticias-villa-maria\/un-cafe-en-viena-con-gaston-manes-debemos-liderar-una-revolucion-etica-para-seguir-siendo-nacion\/#primaryimage\",\"url\":\"https:\/\/i0.wp.com\/elregionalvm.com.ar\/noticias-villa-maria\/wp-content\/uploads\/2022\/07\/Gaston-Manes-Karin-vertical.jpeg?fit=676%2C679&ssl=1\",\"contentUrl\":\"https:\/\/i0.wp.com\/elregionalvm.com.ar\/noticias-villa-maria\/wp-content\/uploads\/2022\/07\/Gaston-Manes-Karin-vertical.jpeg?fit=676%2C679&ssl=1\",\"width\":676,\"height\":679},{\"@type\":\"BreadcrumbList\",\"@id\":\"http:\/\/elregionalvm.com.ar\/noticias-villa-maria\/un-cafe-en-viena-con-gaston-manes-debemos-liderar-una-revolucion-etica-para-seguir-siendo-nacion\/#breadcrumb\",\"itemListElement\":[{\"@type\":\"ListItem\",\"position\":1,\"name\":\"Portada\",\"item\":\"https:\/\/elregionalvm.com.ar\/noticias-villa-maria\/\"},{\"@type\":\"ListItem\",\"position\":2,\"name\":\"Un caf\u00e9 en Viena con Gast\u00f3n Manes: \u201cDebemos liderar una revoluci\u00f3n \u00e9tica para seguir siendo naci\u00f3n\u201d\"}]},{\"@type\":\"WebSite\",\"@id\":\"http:\/\/elregionalvm.com.ar\/noticias-villa-maria\/#website\",\"url\":\"http:\/\/elregionalvm.com.ar\/noticias-villa-maria\/\",\"name\":\"El Regional\",\"description\":\"Mucho m\u00e1s que informaci\u00f3n\",\"potentialAction\":[{\"@type\":\"SearchAction\",\"target\":{\"@type\":\"EntryPoint\",\"urlTemplate\":\"http:\/\/elregionalvm.com.ar\/noticias-villa-maria\/?s={search_term_string}\"},\"query-input\":{\"@type\":\"PropertyValueSpecification\",\"valueRequired\":true,\"valueName\":\"search_term_string\"}}],\"inLanguage\":\"es\"},{\"@type\":\"Person\",\"@id\":\"http:\/\/elregionalvm.com.ar\/noticias-villa-maria\/#\/schema\/person\/a0fb9c422317faca23d50163151bc354\",\"name\":\"Contenidos El Regional\",\"image\":{\"@type\":\"ImageObject\",\"inLanguage\":\"es\",\"@id\":\"http:\/\/elregionalvm.com.ar\/noticias-villa-maria\/#\/schema\/person\/image\/\",\"url\":\"https:\/\/secure.gravatar.com\/avatar\/265b27cb2209af7bb3a1318f03305787d7981a5cc6e6cd08fe5a4ecdf99d4b48?s=96&d=mm&r=g\",\"contentUrl\":\"https:\/\/secure.gravatar.com\/avatar\/265b27cb2209af7bb3a1318f03305787d7981a5cc6e6cd08fe5a4ecdf99d4b48?s=96&d=mm&r=g\",\"caption\":\"Contenidos El Regional\"},\"url\":\"https:\/\/elregionalvm.com.ar\/noticias-villa-maria\/author\/contenido\/\"}]}<\/script>\n<!-- \/ Yoast SEO plugin. -->","yoast_head_json":{"title":"Un caf\u00e9 en Viena con Gast\u00f3n Manes: \u201cDebemos liderar una revoluci\u00f3n \u00e9tica para seguir siendo naci\u00f3n\u201d - El Regional","robots":{"index":"index","follow":"follow","max-snippet":"max-snippet:-1","max-image-preview":"max-image-preview:large","max-video-preview":"max-video-preview:-1"},"canonical":"http:\/\/elregionalvm.com.ar\/noticias-villa-maria\/un-cafe-en-viena-con-gaston-manes-debemos-liderar-una-revolucion-etica-para-seguir-siendo-nacion\/","og_locale":"es_ES","og_type":"article","og_title":"Un caf\u00e9 en Viena con Gast\u00f3n Manes: \u201cDebemos liderar una revoluci\u00f3n \u00e9tica para seguir siendo naci\u00f3n\u201d - El Regional","og_description":"Desde Viena, un gran encuentro entre argentinos dialogando sobre la realidad del pa\u00eds. En esta oportunidad, Karin Silvina Hiebaum, corresponsal en Austria. junto al Dr. Gast\u00f3n Manes, abogado, presidente de la Convenci\u00f3n Nacional de la Uni\u00f3n C\u00edvica Radical (UCR). Gast\u00f3n es hermano de Facundo Manes, el neurocient\u00edfico que quiere postularse a la presidencia de la [&hellip;]","og_url":"http:\/\/elregionalvm.com.ar\/noticias-villa-maria\/un-cafe-en-viena-con-gaston-manes-debemos-liderar-una-revolucion-etica-para-seguir-siendo-nacion\/","og_site_name":"El Regional","article_publisher":"https:\/\/www.facebook.com\/elregionalvm","article_published_time":"2022-07-19T01:31:50+00:00","article_modified_time":"2022-07-20T22:10:37+00:00","og_image":[{"width":676,"height":679,"url":"http:\/\/elregionalvm.com.ar\/noticias-villa-maria\/wp-content\/uploads\/2022\/07\/Gaston-Manes-Karin-vertical.jpeg","type":"image\/jpeg"}],"author":"Contenidos El Regional","twitter_card":"summary_large_image","twitter_creator":"@elregionalvm1","twitter_site":"@elregionalvm1","twitter_misc":{"Escrito por":"Contenidos El Regional","Tiempo de lectura":"6 minutos"},"schema":{"@context":"https:\/\/schema.org","@graph":[{"@type":"Article","@id":"http:\/\/elregionalvm.com.ar\/noticias-villa-maria\/un-cafe-en-viena-con-gaston-manes-debemos-liderar-una-revolucion-etica-para-seguir-siendo-nacion\/#article","isPartOf":{"@id":"http:\/\/elregionalvm.com.ar\/noticias-villa-maria\/un-cafe-en-viena-con-gaston-manes-debemos-liderar-una-revolucion-etica-para-seguir-siendo-nacion\/"},"author":{"name":"Contenidos El Regional","@id":"http:\/\/elregionalvm.com.ar\/noticias-villa-maria\/#\/schema\/person\/a0fb9c422317faca23d50163151bc354"},"headline":"Un caf\u00e9 en Viena con Gast\u00f3n Manes: \u201cDebemos liderar una revoluci\u00f3n \u00e9tica para seguir siendo naci\u00f3n\u201d","datePublished":"2022-07-19T01:31:50+00:00","dateModified":"2022-07-20T22:10:37+00:00","mainEntityOfPage":{"@id":"http:\/\/elregionalvm.com.ar\/noticias-villa-maria\/un-cafe-en-viena-con-gaston-manes-debemos-liderar-una-revolucion-etica-para-seguir-siendo-nacion\/"},"wordCount":1203,"commentCount":0,"image":{"@id":"http:\/\/elregionalvm.com.ar\/noticias-villa-maria\/un-cafe-en-viena-con-gaston-manes-debemos-liderar-una-revolucion-etica-para-seguir-siendo-nacion\/#primaryimage"},"thumbnailUrl":"https:\/\/i0.wp.com\/elregionalvm.com.ar\/noticias-villa-maria\/wp-content\/uploads\/2022\/07\/Gaston-Manes-Karin-vertical.jpeg?fit=676%2C679&ssl=1","keywords":["Argentina","Austria","Caf\u00e9","crisis","Entrevista","Facundo Manes","Gast\u00f3n Manes","gobierno","Karin Hiebaum","Naci\u00f3n","Pol\u00edtica","revoluci\u00f3n \u00e9tica","Viena"],"articleSection":["Pol\u00edtica","tercera"],"inLanguage":"es","potentialAction":[{"@type":"CommentAction","name":"Comment","target":["http:\/\/elregionalvm.com.ar\/noticias-villa-maria\/un-cafe-en-viena-con-gaston-manes-debemos-liderar-una-revolucion-etica-para-seguir-siendo-nacion\/#respond"]}]},{"@type":"WebPage","@id":"http:\/\/elregionalvm.com.ar\/noticias-villa-maria\/un-cafe-en-viena-con-gaston-manes-debemos-liderar-una-revolucion-etica-para-seguir-siendo-nacion\/","url":"http:\/\/elregionalvm.com.ar\/noticias-villa-maria\/un-cafe-en-viena-con-gaston-manes-debemos-liderar-una-revolucion-etica-para-seguir-siendo-nacion\/","name":"Un caf\u00e9 en Viena con Gast\u00f3n Manes: \u201cDebemos liderar una revoluci\u00f3n \u00e9tica para seguir siendo naci\u00f3n\u201d - El Regional","isPartOf":{"@id":"http:\/\/elregionalvm.com.ar\/noticias-villa-maria\/#website"},"primaryImageOfPage":{"@id":"http:\/\/elregionalvm.com.ar\/noticias-villa-maria\/un-cafe-en-viena-con-gaston-manes-debemos-liderar-una-revolucion-etica-para-seguir-siendo-nacion\/#primaryimage"},"image":{"@id":"http:\/\/elregionalvm.com.ar\/noticias-villa-maria\/un-cafe-en-viena-con-gaston-manes-debemos-liderar-una-revolucion-etica-para-seguir-siendo-nacion\/#primaryimage"},"thumbnailUrl":"https:\/\/i0.wp.com\/elregionalvm.com.ar\/noticias-villa-maria\/wp-content\/uploads\/2022\/07\/Gaston-Manes-Karin-vertical.jpeg?fit=676%2C679&ssl=1","datePublished":"2022-07-19T01:31:50+00:00","dateModified":"2022-07-20T22:10:37+00:00","author":{"@id":"http:\/\/elregionalvm.com.ar\/noticias-villa-maria\/#\/schema\/person\/a0fb9c422317faca23d50163151bc354"},"breadcrumb":{"@id":"http:\/\/elregionalvm.com.ar\/noticias-villa-maria\/un-cafe-en-viena-con-gaston-manes-debemos-liderar-una-revolucion-etica-para-seguir-siendo-nacion\/#breadcrumb"},"inLanguage":"es","potentialAction":[{"@type":"ReadAction","target":["http:\/\/elregionalvm.com.ar\/noticias-villa-maria\/un-cafe-en-viena-con-gaston-manes-debemos-liderar-una-revolucion-etica-para-seguir-siendo-nacion\/"]}]},{"@type":"ImageObject","inLanguage":"es","@id":"http:\/\/elregionalvm.com.ar\/noticias-villa-maria\/un-cafe-en-viena-con-gaston-manes-debemos-liderar-una-revolucion-etica-para-seguir-siendo-nacion\/#primaryimage","url":"https:\/\/i0.wp.com\/elregionalvm.com.ar\/noticias-villa-maria\/wp-content\/uploads\/2022\/07\/Gaston-Manes-Karin-vertical.jpeg?fit=676%2C679&ssl=1","contentUrl":"https:\/\/i0.wp.com\/elregionalvm.com.ar\/noticias-villa-maria\/wp-content\/uploads\/2022\/07\/Gaston-Manes-Karin-vertical.jpeg?fit=676%2C679&ssl=1","width":676,"height":679},{"@type":"BreadcrumbList","@id":"http:\/\/elregionalvm.com.ar\/noticias-villa-maria\/un-cafe-en-viena-con-gaston-manes-debemos-liderar-una-revolucion-etica-para-seguir-siendo-nacion\/#breadcrumb","itemListElement":[{"@type":"ListItem","position":1,"name":"Portada","item":"https:\/\/elregionalvm.com.ar\/noticias-villa-maria\/"},{"@type":"ListItem","position":2,"name":"Un caf\u00e9 en Viena con Gast\u00f3n Manes: \u201cDebemos liderar una revoluci\u00f3n \u00e9tica para seguir siendo naci\u00f3n\u201d"}]},{"@type":"WebSite","@id":"http:\/\/elregionalvm.com.ar\/noticias-villa-maria\/#website","url":"http:\/\/elregionalvm.com.ar\/noticias-villa-maria\/","name":"El Regional","description":"Mucho m\u00e1s que informaci\u00f3n","potentialAction":[{"@type":"SearchAction","target":{"@type":"EntryPoint","urlTemplate":"http:\/\/elregionalvm.com.ar\/noticias-villa-maria\/?s={search_term_string}"},"query-input":{"@type":"PropertyValueSpecification","valueRequired":true,"valueName":"search_term_string"}}],"inLanguage":"es"},{"@type":"Person","@id":"http:\/\/elregionalvm.com.ar\/noticias-villa-maria\/#\/schema\/person\/a0fb9c422317faca23d50163151bc354","name":"Contenidos El Regional","image":{"@type":"ImageObject","inLanguage":"es","@id":"http:\/\/elregionalvm.com.ar\/noticias-villa-maria\/#\/schema\/person\/image\/","url":"https:\/\/secure.gravatar.com\/avatar\/265b27cb2209af7bb3a1318f03305787d7981a5cc6e6cd08fe5a4ecdf99d4b48?s=96&d=mm&r=g","contentUrl":"https:\/\/secure.gravatar.com\/avatar\/265b27cb2209af7bb3a1318f03305787d7981a5cc6e6cd08fe5a4ecdf99d4b48?s=96&d=mm&r=g","caption":"Contenidos El Regional"},"url":"https:\/\/elregionalvm.com.ar\/noticias-villa-maria\/author\/contenido\/"}]}},"jetpack_featured_media_url":"https:\/\/i0.wp.com\/elregionalvm.com.ar\/noticias-villa-maria\/wp-content\/uploads\/2022\/07\/Gaston-Manes-Karin-vertical.jpeg?fit=676%2C679&ssl=1","jetpack_sharing_enabled":true,"_links":{"self":[{"href":"https:\/\/elregionalvm.com.ar\/noticias-villa-maria\/wp-json\/wp\/v2\/posts\/60889","targetHints":{"allow":["GET"]}}],"collection":[{"href":"https:\/\/elregionalvm.com.ar\/noticias-villa-maria\/wp-json\/wp\/v2\/posts"}],"about":[{"href":"https:\/\/elregionalvm.com.ar\/noticias-villa-maria\/wp-json\/wp\/v2\/types\/post"}],"author":[{"embeddable":true,"href":"https:\/\/elregionalvm.com.ar\/noticias-villa-maria\/wp-json\/wp\/v2\/users\/4"}],"replies":[{"embeddable":true,"href":"https:\/\/elregionalvm.com.ar\/noticias-villa-maria\/wp-json\/wp\/v2\/comments?post=60889"}],"version-history":[{"count":3,"href":"https:\/\/elregionalvm.com.ar\/noticias-villa-maria\/wp-json\/wp\/v2\/posts\/60889\/revisions"}],"predecessor-version":[{"id":60914,"href":"https:\/\/elregionalvm.com.ar\/noticias-villa-maria\/wp-json\/wp\/v2\/posts\/60889\/revisions\/60914"}],"wp:featuredmedia":[{"embeddable":true,"href":"https:\/\/elregionalvm.com.ar\/noticias-villa-maria\/wp-json\/wp\/v2\/media\/60908"}],"wp:attachment":[{"href":"https:\/\/elregionalvm.com.ar\/noticias-villa-maria\/wp-json\/wp\/v2\/media?parent=60889"}],"wp:term":[{"taxonomy":"category","embeddable":true,"href":"https:\/\/elregionalvm.com.ar\/noticias-villa-maria\/wp-json\/wp\/v2\/categories?post=60889"},{"taxonomy":"post_tag","embeddable":true,"href":"https:\/\/elregionalvm.com.ar\/noticias-villa-maria\/wp-json\/wp\/v2\/tags?post=60889"}],"curies":[{"name":"wp","href":"https:\/\/api.w.org\/{rel}","templated":true}]}}