{"id":60898,"date":"2022-07-19T00:03:53","date_gmt":"2022-07-19T00:03:53","guid":{"rendered":"https:\/\/elregionalvm.com.ar\/noticias-villa-maria\/?p=60898"},"modified":"2022-07-19T00:03:55","modified_gmt":"2022-07-19T00:03:55","slug":"gill-participo-del-lanzamiento-del-plan-de-infraestructura-argentina-grande","status":"publish","type":"post","link":"https:\/\/elregionalvm.com.ar\/noticias-villa-maria\/gill-participo-del-lanzamiento-del-plan-de-infraestructura-argentina-grande\/","title":{"rendered":"Gill particip\u00f3 del lanzamiento del plan de infraestructura \u00abArgentina Grande\u00bb"},"content":{"rendered":"\n<p>El intendente Mart\u00edn Gill particip\u00f3 en horas de la ma\u00f1ana de la presentaci\u00f3n del plan nacional Argentina Grande. La iniciativa, estuvo encabezada por el presidente Alberto Fern\u00e1ndez en un acto que tuvo lugar en el Museo del Bicentenario de Casa Rosada.<\/p>\n\n\n\n<p>En este marco, Fern\u00e1ndez a la par del jefe de Gabinete, Juan Manzur, y el ministro de Obras P\u00fablicas, Gabriel Katopodis, dieron a conocer detalles sobre el Plan de Infraestructura para el Desarrollo de la Naci\u00f3n.<\/p>\n\n\n\n<p>Tras su participaci\u00f3n en la presentaci\u00f3n, el jefe comunal expres\u00f3: \u00abHoy se lanzaron las primeras siete obras que forman parte del plan, lo que vuelve a ratificar que es la obra p\u00fablica uno de los motores que profundiza y dinamiza la recuperaci\u00f3n de la econom\u00eda en la Argentina\u00bb.<\/p>\n\n\n\n<figure class=\"wp-block-gallery has-nested-images columns-default is-cropped wp-block-gallery-1 is-layout-flex wp-block-gallery-is-layout-flex\">\n<figure class=\"wp-block-image size-large\"><img data-recalc-dims=\"1\" fetchpriority=\"high\" decoding=\"async\" width=\"1024\" height=\"682\" data-id=\"60901\" src=\"https:\/\/i0.wp.com\/elregionalvm.com.ar\/noticias-villa-maria\/wp-content\/uploads\/2022\/07\/WhatsApp-Image-2022-07-18-at-5.32.39-PM-1.jpeg?resize=1024%2C682&#038;ssl=1\" alt=\"\" class=\"wp-image-60901\" srcset=\"https:\/\/i0.wp.com\/elregionalvm.com.ar\/noticias-villa-maria\/wp-content\/uploads\/2022\/07\/WhatsApp-Image-2022-07-18-at-5.32.39-PM-1.jpeg?resize=1024%2C682&amp;ssl=1 1024w, https:\/\/i0.wp.com\/elregionalvm.com.ar\/noticias-villa-maria\/wp-content\/uploads\/2022\/07\/WhatsApp-Image-2022-07-18-at-5.32.39-PM-1.jpeg?resize=300%2C200&amp;ssl=1 300w, https:\/\/i0.wp.com\/elregionalvm.com.ar\/noticias-villa-maria\/wp-content\/uploads\/2022\/07\/WhatsApp-Image-2022-07-18-at-5.32.39-PM-1.jpeg?resize=768%2C512&amp;ssl=1 768w, https:\/\/i0.wp.com\/elregionalvm.com.ar\/noticias-villa-maria\/wp-content\/uploads\/2022\/07\/WhatsApp-Image-2022-07-18-at-5.32.39-PM-1.jpeg?resize=1536%2C1023&amp;ssl=1 1536w, https:\/\/i0.wp.com\/elregionalvm.com.ar\/noticias-villa-maria\/wp-content\/uploads\/2022\/07\/WhatsApp-Image-2022-07-18-at-5.32.39-PM-1.jpeg?w=1600&amp;ssl=1 1600w\" sizes=\"(max-width: 1000px) 100vw, 1000px\" \/><\/figure>\n\n\n\n<figure class=\"wp-block-image size-large\"><img data-recalc-dims=\"1\" decoding=\"async\" width=\"1024\" height=\"682\" data-id=\"60900\" src=\"https:\/\/i0.wp.com\/elregionalvm.com.ar\/noticias-villa-maria\/wp-content\/uploads\/2022\/07\/WhatsApp-Image-2022-07-18-at-5.32.39-PM.jpeg?resize=1024%2C682&#038;ssl=1\" alt=\"\" class=\"wp-image-60900\" srcset=\"https:\/\/i0.wp.com\/elregionalvm.com.ar\/noticias-villa-maria\/wp-content\/uploads\/2022\/07\/WhatsApp-Image-2022-07-18-at-5.32.39-PM.jpeg?resize=1024%2C682&amp;ssl=1 1024w, https:\/\/i0.wp.com\/elregionalvm.com.ar\/noticias-villa-maria\/wp-content\/uploads\/2022\/07\/WhatsApp-Image-2022-07-18-at-5.32.39-PM.jpeg?resize=300%2C200&amp;ssl=1 300w, https:\/\/i0.wp.com\/elregionalvm.com.ar\/noticias-villa-maria\/wp-content\/uploads\/2022\/07\/WhatsApp-Image-2022-07-18-at-5.32.39-PM.jpeg?resize=768%2C512&amp;ssl=1 768w, https:\/\/i0.wp.com\/elregionalvm.com.ar\/noticias-villa-maria\/wp-content\/uploads\/2022\/07\/WhatsApp-Image-2022-07-18-at-5.32.39-PM.jpeg?resize=1536%2C1023&amp;ssl=1 1536w, https:\/\/i0.wp.com\/elregionalvm.com.ar\/noticias-villa-maria\/wp-content\/uploads\/2022\/07\/WhatsApp-Image-2022-07-18-at-5.32.39-PM.jpeg?w=1600&amp;ssl=1 1600w\" sizes=\"(max-width: 1000px) 100vw, 1000px\" \/><\/figure>\n<\/figure>\n\n\n\n<p>De este modo, mediante el programa se tiene por objetivo avanzar en la organizaci\u00f3n y ejecuci\u00f3n de obras de infraestructura estrat\u00e9gica a los fines de consolidar un pa\u00eds m\u00e1s federal. En tanto, el plan se implementar\u00e1 en funci\u00f3n de cuatro ejes que rondan en torno a mejoras en la conectividad e infraestructura vial; gesti\u00f3n del recurso h\u00eddrico; infraestructura rural y urbana; y del cuidado y salud.<\/p>\n\n\n\n<p>As\u00ed, se propone transformar la matriz de desarrollo productivo del pa\u00eds, con obras que impulsen la creaci\u00f3n de empleo y divisas. Al mismo tiempo, se busca generar un racional aprovechamiento de recursos y poner en valor las capacidades del territorio y la poblaci\u00f3n.<\/p>\n\n\n\n<p>Cabe destacar que del encuentro formaron parte gobernadores, intendentes y representantes de los trabajadores y del sector empresario.<\/p>\n","protected":false},"excerpt":{"rendered":"<p>El intendente Mart\u00edn Gill particip\u00f3 en horas de la ma\u00f1ana de la presentaci\u00f3n del plan nacional Argentina Grande. La iniciativa, estuvo encabezada por el presidente Alberto Fern\u00e1ndez en un acto que tuvo lugar en el Museo del Bicentenario de Casa Rosada. En este marco, Fern\u00e1ndez a la par del jefe de Gabinete, Juan Manzur, y [&hellip;]<\/p>\n","protected":false},"author":4,"featured_media":60899,"comment_status":"open","ping_status":"open","sticky":false,"template":"","format":"standard","meta":{"site-sidebar-layout":"default","site-content-layout":"","ast-site-content-layout":"default","site-content-style":"default","site-sidebar-style":"default","ast-global-header-display":"","ast-banner-title-visibility":"","ast-main-header-display":"","ast-hfb-above-header-display":"","ast-hfb-below-header-display":"","ast-hfb-mobile-header-display":"","site-post-title":"","ast-breadcrumbs-content":"","ast-featured-img":"","footer-sml-layout":"","ast-disable-related-posts":"","theme-transparent-header-meta":"","adv-header-id-meta":"","stick-header-meta":"","header-above-stick-meta":"","header-main-stick-meta":"","header-below-stick-meta":"","astra-migrate-meta-layouts":"default","ast-page-background-enabled":"default","ast-page-background-meta":{"desktop":{"background-color":"","background-image":"","background-repeat":"repeat","background-position":"center center","background-size":"auto","background-attachment":"scroll","background-type":"","background-media":"","overlay-type":"","overlay-color":"","overlay-opacity":"","overlay-gradient":""},"tablet":{"background-color":"","background-image":"","background-repeat":"repeat","background-position":"center center","background-size":"auto","background-attachment":"scroll","background-type":"","background-media":"","overlay-type":"","overlay-color":"","overlay-opacity":"","overlay-gradient":""},"mobile":{"background-color":"","background-image":"","background-repeat":"repeat","background-position":"center center","background-size":"auto","background-attachment":"scroll","background-type":"","background-media":"","overlay-type":"","overlay-color":"","overlay-opacity":"","overlay-gradient":""}},"ast-content-background-meta":{"desktop":{"background-color":"var(--ast-global-color-5)","background-image":"","background-repeat":"repeat","background-position":"center center","background-size":"auto","background-attachment":"scroll","background-type":"","background-media":"","overlay-type":"","overlay-color":"","overlay-opacity":"","overlay-gradient":""},"tablet":{"background-color":"var(--ast-global-color-5)","background-image":"","background-repeat":"repeat","background-position":"center center","background-size":"auto","background-attachment":"scroll","background-type":"","background-media":"","overlay-type":"","overlay-color":"","overlay-opacity":"","overlay-gradient":""},"mobile":{"background-color":"var(--ast-global-color-5)","background-image":"","background-repeat":"repeat","background-position":"center center","background-size":"auto","background-attachment":"scroll","background-type":"","background-media":"","overlay-type":"","overlay-color":"","overlay-opacity":"","overlay-gradient":""}},"_jetpack_memberships_contains_paid_content":false,"_joinchat":[],"footnotes":""},"categories":[15302,2],"tags":[16764,66,1125,16767,16766,16765,15732],"class_list":["post-60898","post","type-post","status-publish","format-standard","has-post-thumbnail","hentry","category-destacado","category-villa-maria","tag-argentina-grande","tag-gill","tag-martin-gill","tag-museo-del-bicentenario-de-casa-rosada","tag-plan-de-insfraestructura","tag-presentacion-nacional","tag-republica-argentina"],"yoast_head":"<!-- This site is optimized with the Yoast SEO plugin v26.8 - https:\/\/yoast.com\/product\/yoast-seo-wordpress\/ -->\n<title>Gill particip\u00f3 del lanzamiento del plan de infraestructura &quot;Argentina Grande&quot; - El Regional<\/title>\n<meta name=\"robots\" content=\"index, follow, max-snippet:-1, max-image-preview:large, max-video-preview:-1\" \/>\n<link rel=\"canonical\" href=\"http:\/\/elregionalvm.com.ar\/noticias-villa-maria\/gill-participo-del-lanzamiento-del-plan-de-infraestructura-argentina-grande\/\" \/>\n<meta property=\"og:locale\" content=\"es_ES\" \/>\n<meta property=\"og:type\" content=\"article\" \/>\n<meta property=\"og:title\" content=\"Gill particip\u00f3 del lanzamiento del plan de infraestructura &quot;Argentina Grande&quot; - El Regional\" \/>\n<meta property=\"og:description\" content=\"El intendente Mart\u00edn Gill particip\u00f3 en horas de la ma\u00f1ana de la presentaci\u00f3n del plan nacional Argentina Grande. La iniciativa, estuvo encabezada por el presidente Alberto Fern\u00e1ndez en un acto que tuvo lugar en el Museo del Bicentenario de Casa Rosada. En este marco, Fern\u00e1ndez a la par del jefe de Gabinete, Juan Manzur, y [&hellip;]\" \/>\n<meta property=\"og:url\" content=\"http:\/\/elregionalvm.com.ar\/noticias-villa-maria\/gill-participo-del-lanzamiento-del-plan-de-infraestructura-argentina-grande\/\" \/>\n<meta property=\"og:site_name\" content=\"El Regional\" \/>\n<meta property=\"article:publisher\" content=\"https:\/\/www.facebook.com\/elregionalvm\" \/>\n<meta property=\"article:published_time\" content=\"2022-07-19T00:03:53+00:00\" \/>\n<meta property=\"article:modified_time\" content=\"2022-07-19T00:03:55+00:00\" \/>\n<meta property=\"og:image\" content=\"http:\/\/elregionalvm.com.ar\/noticias-villa-maria\/wp-content\/uploads\/2022\/07\/WhatsApp-Image-2022-07-18-at-5.32.38-PM.jpeg\" \/>\n\t<meta property=\"og:image:width\" content=\"1600\" \/>\n\t<meta property=\"og:image:height\" content=\"1066\" \/>\n\t<meta property=\"og:image:type\" content=\"image\/jpeg\" \/>\n<meta name=\"author\" content=\"Contenidos El Regional\" \/>\n<meta name=\"twitter:card\" content=\"summary_large_image\" \/>\n<meta name=\"twitter:creator\" content=\"@elregionalvm1\" \/>\n<meta name=\"twitter:site\" content=\"@elregionalvm1\" \/>\n<meta name=\"twitter:label1\" content=\"Escrito por\" \/>\n\t<meta name=\"twitter:data1\" content=\"Contenidos El Regional\" \/>\n\t<meta name=\"twitter:label2\" content=\"Tiempo de lectura\" \/>\n\t<meta name=\"twitter:data2\" content=\"2 minutos\" \/>\n<script type=\"application\/ld+json\" class=\"yoast-schema-graph\">{\"@context\":\"https:\/\/schema.org\",\"@graph\":[{\"@type\":\"Article\",\"@id\":\"http:\/\/elregionalvm.com.ar\/noticias-villa-maria\/gill-participo-del-lanzamiento-del-plan-de-infraestructura-argentina-grande\/#article\",\"isPartOf\":{\"@id\":\"http:\/\/elregionalvm.com.ar\/noticias-villa-maria\/gill-participo-del-lanzamiento-del-plan-de-infraestructura-argentina-grande\/\"},\"author\":{\"name\":\"Contenidos El Regional\",\"@id\":\"http:\/\/elregionalvm.com.ar\/noticias-villa-maria\/#\/schema\/person\/a0fb9c422317faca23d50163151bc354\"},\"headline\":\"Gill particip\u00f3 del lanzamiento del plan de infraestructura \u00abArgentina Grande\u00bb\",\"datePublished\":\"2022-07-19T00:03:53+00:00\",\"dateModified\":\"2022-07-19T00:03:55+00:00\",\"mainEntityOfPage\":{\"@id\":\"http:\/\/elregionalvm.com.ar\/noticias-villa-maria\/gill-participo-del-lanzamiento-del-plan-de-infraestructura-argentina-grande\/\"},\"wordCount\":285,\"commentCount\":0,\"image\":{\"@id\":\"http:\/\/elregionalvm.com.ar\/noticias-villa-maria\/gill-participo-del-lanzamiento-del-plan-de-infraestructura-argentina-grande\/#primaryimage\"},\"thumbnailUrl\":\"https:\/\/i0.wp.com\/elregionalvm.com.ar\/noticias-villa-maria\/wp-content\/uploads\/2022\/07\/WhatsApp-Image-2022-07-18-at-5.32.38-PM.jpeg?fit=1600%2C1066&ssl=1\",\"keywords\":[\"Argentina Grande\",\"Gill\",\"mart\u00edn gill\",\"Museo del Bicentenario de Casa Rosada\",\"Plan de Insfraestructura\",\"presentaci\u00f3n nacional\",\"Rep\u00fablica Argentina\"],\"articleSection\":[\"destacado\",\"Villa Mar\u00eda\"],\"inLanguage\":\"es\",\"potentialAction\":[{\"@type\":\"CommentAction\",\"name\":\"Comment\",\"target\":[\"http:\/\/elregionalvm.com.ar\/noticias-villa-maria\/gill-participo-del-lanzamiento-del-plan-de-infraestructura-argentina-grande\/#respond\"]}]},{\"@type\":\"WebPage\",\"@id\":\"http:\/\/elregionalvm.com.ar\/noticias-villa-maria\/gill-participo-del-lanzamiento-del-plan-de-infraestructura-argentina-grande\/\",\"url\":\"http:\/\/elregionalvm.com.ar\/noticias-villa-maria\/gill-participo-del-lanzamiento-del-plan-de-infraestructura-argentina-grande\/\",\"name\":\"Gill particip\u00f3 del lanzamiento del plan de infraestructura \\\"Argentina Grande\\\" - El Regional\",\"isPartOf\":{\"@id\":\"http:\/\/elregionalvm.com.ar\/noticias-villa-maria\/#website\"},\"primaryImageOfPage\":{\"@id\":\"http:\/\/elregionalvm.com.ar\/noticias-villa-maria\/gill-participo-del-lanzamiento-del-plan-de-infraestructura-argentina-grande\/#primaryimage\"},\"image\":{\"@id\":\"http:\/\/elregionalvm.com.ar\/noticias-villa-maria\/gill-participo-del-lanzamiento-del-plan-de-infraestructura-argentina-grande\/#primaryimage\"},\"thumbnailUrl\":\"https:\/\/i0.wp.com\/elregionalvm.com.ar\/noticias-villa-maria\/wp-content\/uploads\/2022\/07\/WhatsApp-Image-2022-07-18-at-5.32.38-PM.jpeg?fit=1600%2C1066&ssl=1\",\"datePublished\":\"2022-07-19T00:03:53+00:00\",\"dateModified\":\"2022-07-19T00:03:55+00:00\",\"author\":{\"@id\":\"http:\/\/elregionalvm.com.ar\/noticias-villa-maria\/#\/schema\/person\/a0fb9c422317faca23d50163151bc354\"},\"breadcrumb\":{\"@id\":\"http:\/\/elregionalvm.com.ar\/noticias-villa-maria\/gill-participo-del-lanzamiento-del-plan-de-infraestructura-argentina-grande\/#breadcrumb\"},\"inLanguage\":\"es\",\"potentialAction\":[{\"@type\":\"ReadAction\",\"target\":[\"http:\/\/elregionalvm.com.ar\/noticias-villa-maria\/gill-participo-del-lanzamiento-del-plan-de-infraestructura-argentina-grande\/\"]}]},{\"@type\":\"ImageObject\",\"inLanguage\":\"es\",\"@id\":\"http:\/\/elregionalvm.com.ar\/noticias-villa-maria\/gill-participo-del-lanzamiento-del-plan-de-infraestructura-argentina-grande\/#primaryimage\",\"url\":\"https:\/\/i0.wp.com\/elregionalvm.com.ar\/noticias-villa-maria\/wp-content\/uploads\/2022\/07\/WhatsApp-Image-2022-07-18-at-5.32.38-PM.jpeg?fit=1600%2C1066&ssl=1\",\"contentUrl\":\"https:\/\/i0.wp.com\/elregionalvm.com.ar\/noticias-villa-maria\/wp-content\/uploads\/2022\/07\/WhatsApp-Image-2022-07-18-at-5.32.38-PM.jpeg?fit=1600%2C1066&ssl=1\",\"width\":1600,\"height\":1066},{\"@type\":\"BreadcrumbList\",\"@id\":\"http:\/\/elregionalvm.com.ar\/noticias-villa-maria\/gill-participo-del-lanzamiento-del-plan-de-infraestructura-argentina-grande\/#breadcrumb\",\"itemListElement\":[{\"@type\":\"ListItem\",\"position\":1,\"name\":\"Portada\",\"item\":\"https:\/\/elregionalvm.com.ar\/noticias-villa-maria\/\"},{\"@type\":\"ListItem\",\"position\":2,\"name\":\"Gill particip\u00f3 del lanzamiento del plan de infraestructura &#8220;Argentina Grande&#8221;\"}]},{\"@type\":\"WebSite\",\"@id\":\"http:\/\/elregionalvm.com.ar\/noticias-villa-maria\/#website\",\"url\":\"http:\/\/elregionalvm.com.ar\/noticias-villa-maria\/\",\"name\":\"El Regional\",\"description\":\"Mucho m\u00e1s que informaci\u00f3n\",\"potentialAction\":[{\"@type\":\"SearchAction\",\"target\":{\"@type\":\"EntryPoint\",\"urlTemplate\":\"http:\/\/elregionalvm.com.ar\/noticias-villa-maria\/?s={search_term_string}\"},\"query-input\":{\"@type\":\"PropertyValueSpecification\",\"valueRequired\":true,\"valueName\":\"search_term_string\"}}],\"inLanguage\":\"es\"},{\"@type\":\"Person\",\"@id\":\"http:\/\/elregionalvm.com.ar\/noticias-villa-maria\/#\/schema\/person\/a0fb9c422317faca23d50163151bc354\",\"name\":\"Contenidos El Regional\",\"image\":{\"@type\":\"ImageObject\",\"inLanguage\":\"es\",\"@id\":\"http:\/\/elregionalvm.com.ar\/noticias-villa-maria\/#\/schema\/person\/image\/\",\"url\":\"https:\/\/secure.gravatar.com\/avatar\/265b27cb2209af7bb3a1318f03305787d7981a5cc6e6cd08fe5a4ecdf99d4b48?s=96&d=mm&r=g\",\"contentUrl\":\"https:\/\/secure.gravatar.com\/avatar\/265b27cb2209af7bb3a1318f03305787d7981a5cc6e6cd08fe5a4ecdf99d4b48?s=96&d=mm&r=g\",\"caption\":\"Contenidos El Regional\"},\"url\":\"https:\/\/elregionalvm.com.ar\/noticias-villa-maria\/author\/contenido\/\"}]}<\/script>\n<!-- \/ Yoast SEO plugin. -->","yoast_head_json":{"title":"Gill particip\u00f3 del lanzamiento del plan de infraestructura \"Argentina Grande\" - El Regional","robots":{"index":"index","follow":"follow","max-snippet":"max-snippet:-1","max-image-preview":"max-image-preview:large","max-video-preview":"max-video-preview:-1"},"canonical":"http:\/\/elregionalvm.com.ar\/noticias-villa-maria\/gill-participo-del-lanzamiento-del-plan-de-infraestructura-argentina-grande\/","og_locale":"es_ES","og_type":"article","og_title":"Gill particip\u00f3 del lanzamiento del plan de infraestructura \"Argentina Grande\" - El Regional","og_description":"El intendente Mart\u00edn Gill particip\u00f3 en horas de la ma\u00f1ana de la presentaci\u00f3n del plan nacional Argentina Grande. La iniciativa, estuvo encabezada por el presidente Alberto Fern\u00e1ndez en un acto que tuvo lugar en el Museo del Bicentenario de Casa Rosada. En este marco, Fern\u00e1ndez a la par del jefe de Gabinete, Juan Manzur, y [&hellip;]","og_url":"http:\/\/elregionalvm.com.ar\/noticias-villa-maria\/gill-participo-del-lanzamiento-del-plan-de-infraestructura-argentina-grande\/","og_site_name":"El Regional","article_publisher":"https:\/\/www.facebook.com\/elregionalvm","article_published_time":"2022-07-19T00:03:53+00:00","article_modified_time":"2022-07-19T00:03:55+00:00","og_image":[{"width":1600,"height":1066,"url":"http:\/\/elregionalvm.com.ar\/noticias-villa-maria\/wp-content\/uploads\/2022\/07\/WhatsApp-Image-2022-07-18-at-5.32.38-PM.jpeg","type":"image\/jpeg"}],"author":"Contenidos El Regional","twitter_card":"summary_large_image","twitter_creator":"@elregionalvm1","twitter_site":"@elregionalvm1","twitter_misc":{"Escrito por":"Contenidos El Regional","Tiempo de lectura":"2 minutos"},"schema":{"@context":"https:\/\/schema.org","@graph":[{"@type":"Article","@id":"http:\/\/elregionalvm.com.ar\/noticias-villa-maria\/gill-participo-del-lanzamiento-del-plan-de-infraestructura-argentina-grande\/#article","isPartOf":{"@id":"http:\/\/elregionalvm.com.ar\/noticias-villa-maria\/gill-participo-del-lanzamiento-del-plan-de-infraestructura-argentina-grande\/"},"author":{"name":"Contenidos El Regional","@id":"http:\/\/elregionalvm.com.ar\/noticias-villa-maria\/#\/schema\/person\/a0fb9c422317faca23d50163151bc354"},"headline":"Gill particip\u00f3 del lanzamiento del plan de infraestructura \u00abArgentina Grande\u00bb","datePublished":"2022-07-19T00:03:53+00:00","dateModified":"2022-07-19T00:03:55+00:00","mainEntityOfPage":{"@id":"http:\/\/elregionalvm.com.ar\/noticias-villa-maria\/gill-participo-del-lanzamiento-del-plan-de-infraestructura-argentina-grande\/"},"wordCount":285,"commentCount":0,"image":{"@id":"http:\/\/elregionalvm.com.ar\/noticias-villa-maria\/gill-participo-del-lanzamiento-del-plan-de-infraestructura-argentina-grande\/#primaryimage"},"thumbnailUrl":"https:\/\/i0.wp.com\/elregionalvm.com.ar\/noticias-villa-maria\/wp-content\/uploads\/2022\/07\/WhatsApp-Image-2022-07-18-at-5.32.38-PM.jpeg?fit=1600%2C1066&ssl=1","keywords":["Argentina Grande","Gill","mart\u00edn gill","Museo del Bicentenario de Casa Rosada","Plan de Insfraestructura","presentaci\u00f3n nacional","Rep\u00fablica Argentina"],"articleSection":["destacado","Villa Mar\u00eda"],"inLanguage":"es","potentialAction":[{"@type":"CommentAction","name":"Comment","target":["http:\/\/elregionalvm.com.ar\/noticias-villa-maria\/gill-participo-del-lanzamiento-del-plan-de-infraestructura-argentina-grande\/#respond"]}]},{"@type":"WebPage","@id":"http:\/\/elregionalvm.com.ar\/noticias-villa-maria\/gill-participo-del-lanzamiento-del-plan-de-infraestructura-argentina-grande\/","url":"http:\/\/elregionalvm.com.ar\/noticias-villa-maria\/gill-participo-del-lanzamiento-del-plan-de-infraestructura-argentina-grande\/","name":"Gill particip\u00f3 del lanzamiento del plan de infraestructura \"Argentina Grande\" - El Regional","isPartOf":{"@id":"http:\/\/elregionalvm.com.ar\/noticias-villa-maria\/#website"},"primaryImageOfPage":{"@id":"http:\/\/elregionalvm.com.ar\/noticias-villa-maria\/gill-participo-del-lanzamiento-del-plan-de-infraestructura-argentina-grande\/#primaryimage"},"image":{"@id":"http:\/\/elregionalvm.com.ar\/noticias-villa-maria\/gill-participo-del-lanzamiento-del-plan-de-infraestructura-argentina-grande\/#primaryimage"},"thumbnailUrl":"https:\/\/i0.wp.com\/elregionalvm.com.ar\/noticias-villa-maria\/wp-content\/uploads\/2022\/07\/WhatsApp-Image-2022-07-18-at-5.32.38-PM.jpeg?fit=1600%2C1066&ssl=1","datePublished":"2022-07-19T00:03:53+00:00","dateModified":"2022-07-19T00:03:55+00:00","author":{"@id":"http:\/\/elregionalvm.com.ar\/noticias-villa-maria\/#\/schema\/person\/a0fb9c422317faca23d50163151bc354"},"breadcrumb":{"@id":"http:\/\/elregionalvm.com.ar\/noticias-villa-maria\/gill-participo-del-lanzamiento-del-plan-de-infraestructura-argentina-grande\/#breadcrumb"},"inLanguage":"es","potentialAction":[{"@type":"ReadAction","target":["http:\/\/elregionalvm.com.ar\/noticias-villa-maria\/gill-participo-del-lanzamiento-del-plan-de-infraestructura-argentina-grande\/"]}]},{"@type":"ImageObject","inLanguage":"es","@id":"http:\/\/elregionalvm.com.ar\/noticias-villa-maria\/gill-participo-del-lanzamiento-del-plan-de-infraestructura-argentina-grande\/#primaryimage","url":"https:\/\/i0.wp.com\/elregionalvm.com.ar\/noticias-villa-maria\/wp-content\/uploads\/2022\/07\/WhatsApp-Image-2022-07-18-at-5.32.38-PM.jpeg?fit=1600%2C1066&ssl=1","contentUrl":"https:\/\/i0.wp.com\/elregionalvm.com.ar\/noticias-villa-maria\/wp-content\/uploads\/2022\/07\/WhatsApp-Image-2022-07-18-at-5.32.38-PM.jpeg?fit=1600%2C1066&ssl=1","width":1600,"height":1066},{"@type":"BreadcrumbList","@id":"http:\/\/elregionalvm.com.ar\/noticias-villa-maria\/gill-participo-del-lanzamiento-del-plan-de-infraestructura-argentina-grande\/#breadcrumb","itemListElement":[{"@type":"ListItem","position":1,"name":"Portada","item":"https:\/\/elregionalvm.com.ar\/noticias-villa-maria\/"},{"@type":"ListItem","position":2,"name":"Gill particip\u00f3 del lanzamiento del plan de infraestructura &#8220;Argentina Grande&#8221;"}]},{"@type":"WebSite","@id":"http:\/\/elregionalvm.com.ar\/noticias-villa-maria\/#website","url":"http:\/\/elregionalvm.com.ar\/noticias-villa-maria\/","name":"El Regional","description":"Mucho m\u00e1s que informaci\u00f3n","potentialAction":[{"@type":"SearchAction","target":{"@type":"EntryPoint","urlTemplate":"http:\/\/elregionalvm.com.ar\/noticias-villa-maria\/?s={search_term_string}"},"query-input":{"@type":"PropertyValueSpecification","valueRequired":true,"valueName":"search_term_string"}}],"inLanguage":"es"},{"@type":"Person","@id":"http:\/\/elregionalvm.com.ar\/noticias-villa-maria\/#\/schema\/person\/a0fb9c422317faca23d50163151bc354","name":"Contenidos El Regional","image":{"@type":"ImageObject","inLanguage":"es","@id":"http:\/\/elregionalvm.com.ar\/noticias-villa-maria\/#\/schema\/person\/image\/","url":"https:\/\/secure.gravatar.com\/avatar\/265b27cb2209af7bb3a1318f03305787d7981a5cc6e6cd08fe5a4ecdf99d4b48?s=96&d=mm&r=g","contentUrl":"https:\/\/secure.gravatar.com\/avatar\/265b27cb2209af7bb3a1318f03305787d7981a5cc6e6cd08fe5a4ecdf99d4b48?s=96&d=mm&r=g","caption":"Contenidos El Regional"},"url":"https:\/\/elregionalvm.com.ar\/noticias-villa-maria\/author\/contenido\/"}]}},"jetpack_featured_media_url":"https:\/\/i0.wp.com\/elregionalvm.com.ar\/noticias-villa-maria\/wp-content\/uploads\/2022\/07\/WhatsApp-Image-2022-07-18-at-5.32.38-PM.jpeg?fit=1600%2C1066&ssl=1","jetpack_sharing_enabled":true,"_links":{"self":[{"href":"https:\/\/elregionalvm.com.ar\/noticias-villa-maria\/wp-json\/wp\/v2\/posts\/60898","targetHints":{"allow":["GET"]}}],"collection":[{"href":"https:\/\/elregionalvm.com.ar\/noticias-villa-maria\/wp-json\/wp\/v2\/posts"}],"about":[{"href":"https:\/\/elregionalvm.com.ar\/noticias-villa-maria\/wp-json\/wp\/v2\/types\/post"}],"author":[{"embeddable":true,"href":"https:\/\/elregionalvm.com.ar\/noticias-villa-maria\/wp-json\/wp\/v2\/users\/4"}],"replies":[{"embeddable":true,"href":"https:\/\/elregionalvm.com.ar\/noticias-villa-maria\/wp-json\/wp\/v2\/comments?post=60898"}],"version-history":[{"count":1,"href":"https:\/\/elregionalvm.com.ar\/noticias-villa-maria\/wp-json\/wp\/v2\/posts\/60898\/revisions"}],"predecessor-version":[{"id":60902,"href":"https:\/\/elregionalvm.com.ar\/noticias-villa-maria\/wp-json\/wp\/v2\/posts\/60898\/revisions\/60902"}],"wp:featuredmedia":[{"embeddable":true,"href":"https:\/\/elregionalvm.com.ar\/noticias-villa-maria\/wp-json\/wp\/v2\/media\/60899"}],"wp:attachment":[{"href":"https:\/\/elregionalvm.com.ar\/noticias-villa-maria\/wp-json\/wp\/v2\/media?parent=60898"}],"wp:term":[{"taxonomy":"category","embeddable":true,"href":"https:\/\/elregionalvm.com.ar\/noticias-villa-maria\/wp-json\/wp\/v2\/categories?post=60898"},{"taxonomy":"post_tag","embeddable":true,"href":"https:\/\/elregionalvm.com.ar\/noticias-villa-maria\/wp-json\/wp\/v2\/tags?post=60898"}],"curies":[{"name":"wp","href":"https:\/\/api.w.org\/{rel}","templated":true}]}}