{"id":60924,"date":"2022-07-19T02:45:18","date_gmt":"2022-07-19T02:45:18","guid":{"rendered":"https:\/\/elregionalvm.com.ar\/noticias-villa-maria\/?p=60924"},"modified":"2022-07-19T02:45:19","modified_gmt":"2022-07-19T02:45:19","slug":"caso-zoe-cositorto-convoco-a-una-marcha-por-su-liberacion-frente-a-patio-olmos","status":"publish","type":"post","link":"https:\/\/elregionalvm.com.ar\/noticias-villa-maria\/caso-zoe-cositorto-convoco-a-una-marcha-por-su-liberacion-frente-a-patio-olmos\/","title":{"rendered":"[Caso ZOE] Cositorto convoc\u00f3 a una marcha por su liberaci\u00f3n frente a Patio Olmos"},"content":{"rendered":"\n<p><\/p>\n\n\n\n<p><strong>El l\u00edder de Generaci\u00f3n Zoe, detenido por \u00abasociaci\u00f3n il\u00edcita\u00bb, sostuvo que \u201csin ninguna prueba\u201d lo sindicaron \u201ccomo el rey de la estafa\u201d y critic\u00f3 a los \u00abfiscales verticalistas\u00bb. Convoc\u00f3 a una marcha para el pr\u00f3ximo mi\u00e9rcoles 27 de julio frente al Shopping Patio Olmos de C\u00f3rdoba.<\/strong><\/p>\n\n\n\n<p><\/p>\n\n\n\n<p>El l\u00edder de Generaci\u00f3n Zoe, Leonardo Cositorto, sostuvo desde prisi\u00f3n que \u201csin ninguna prueba\u201d lo sindicaron \u201ccomo el rey de la estafa\u201d, y afirm\u00f3 que es \u201cv\u00edctima de medios televisivos\u201d, por lo cual llam\u00f3 a una marcha para pedir su liberaci\u00f3n.<\/p>\n\n\n\n<p>Cositorto se encuentra preso en el penal de Bouwer, luego de ser detenido por Interpol el 4 de abril \u00faltimo en Rep\u00fablica Dominicana, tras permanecer pr\u00f3fugo 43 d\u00edas, acusado de asociaci\u00f3n il\u00edcita y estafas.<\/p>\n\n\n\n<p>Tras estar desde hace 100 d\u00edas en prisi\u00f3n, Cositorto asegur\u00f3 que fue \u201cv\u00edctima, ocho meses atr\u00e1s, de los medios televisivos, comprados y alineados con la Justicia\u201d.<\/p>\n\n\n\n<p>\u201cA m\u00ed me empiezan a condenar p\u00fablicamente, como lo hacen con este tema medi\u00e1tico. El dinero manda tambi\u00e9n en la Justicia. Sin ninguna prueba me ponen a m\u00ed como el rey de la estafa. No s\u00e9 a qui\u00e9n estaf\u00e1bamos ayudando a 110.000 personas a nivel mundial\u201d, reclam\u00f3 Cositorto, en declaraciones al canal C5N.<\/p>\n\n\n\n<p><\/p>\n\n\n\n<figure class=\"wp-block-image size-full\"><img data-recalc-dims=\"1\" fetchpriority=\"high\" decoding=\"async\" width=\"900\" height=\"506\" src=\"https:\/\/i0.wp.com\/elregionalvm.com.ar\/noticias-villa-maria\/wp-content\/uploads\/2022\/04\/zoe-corrientes.jpg?resize=900%2C506&#038;ssl=1\" alt=\"\" class=\"wp-image-55238\" srcset=\"https:\/\/i0.wp.com\/elregionalvm.com.ar\/noticias-villa-maria\/wp-content\/uploads\/2022\/04\/zoe-corrientes.jpg?w=900&amp;ssl=1 900w, https:\/\/i0.wp.com\/elregionalvm.com.ar\/noticias-villa-maria\/wp-content\/uploads\/2022\/04\/zoe-corrientes.jpg?resize=300%2C169&amp;ssl=1 300w, https:\/\/i0.wp.com\/elregionalvm.com.ar\/noticias-villa-maria\/wp-content\/uploads\/2022\/04\/zoe-corrientes.jpg?resize=768%2C432&amp;ssl=1 768w\" sizes=\"(max-width: 900px) 100vw, 900px\" \/><\/figure>\n\n\n\n<p><\/p>\n\n\n\n<p>El empresario plante\u00f3 que \u201ccuando aparece la primera denuncia en Villa Mar\u00eda, que logra quebrar un local, siempre sobornando, con un atraso de tres d\u00edas, detienen a 25 personas\u201d.<\/p>\n\n\n\n<p>\u201cNo solamente me mandan a detener a m\u00ed, sino a familias completas\u201d, se\u00f1al\u00f3 Cositorto, quien apunt\u00f3 directamente contra la Justicia y asegur\u00f3: \u201cQuiero hablar en nombre de los 4.000 detenidos que hoy est\u00e1n lejos de sus familias, est\u00e1n destrozados los negocios y los lazos familiares. Es vergonzoso este grupo de fiscales verticalistas\u201d.<\/p>\n\n\n\n<p>Adem\u00e1s, afirm\u00f3: \u201cLuego te aprietan porque si no te declar\u00e1s culpable en un abreviado te dicen que te van a mandar a un juicio donde te van a dar entre ocho y diez a\u00f1os\u201d.<\/p>\n\n\n\n<p><\/p>\n\n\n\n<figure class=\"wp-block-embed is-type-wp-embed is-provider-el-regional wp-block-embed-el-regional\"><div class=\"wp-block-embed__wrapper\">\n<blockquote class=\"wp-embedded-content\" data-secret=\"0WJaf418YE\"><a href=\"https:\/\/elregionalvm.com.ar\/noticias-villa-maria\/causa-zoe-en-rosario-tambien-cositorto-y-otros-tres-imputados-por-11-estafas\/\">[Causa Zoe] &#8211; En Rosario tambi\u00e9n: Cositorto y otros tres imputados por 11 estafas<\/a><\/blockquote><iframe class=\"wp-embedded-content\" sandbox=\"allow-scripts\" security=\"restricted\" style=\"position: absolute; clip: rect(1px, 1px, 1px, 1px);\" title=\"\u00ab[Causa Zoe] &#8211; En Rosario tambi\u00e9n: Cositorto y otros tres imputados por 11 estafas\u00bb \u2014 El Regional\" src=\"https:\/\/elregionalvm.com.ar\/noticias-villa-maria\/causa-zoe-en-rosario-tambien-cositorto-y-otros-tres-imputados-por-11-estafas\/embed\/#?secret=iatWsyUksG#?secret=0WJaf418YE\" data-secret=\"0WJaf418YE\" width=\"500\" height=\"282\" frameborder=\"0\" marginwidth=\"0\" marginheight=\"0\" scrolling=\"no\"><\/iframe>\n<\/div><\/figure>\n\n\n\n<p><\/p>\n\n\n\n<p>Y remarc\u00f3 que \u201centonces termina teniendo una cierta efectividad\u201d, y asegur\u00f3 que \u201chay un n\u00famero enorme de personas detenidas que no podemos trabajar\u201d.<\/p>\n\n\n\n<p>\u201cEl 16 de septiembre vamos a seguir operando. Nosotros nos dedicamos a la educaci\u00f3n, al turismo y a pagar el 7,5% (de inter\u00e9s mensual), que fue la gran difamaci\u00f3n que me hicieron a m\u00ed en un pa\u00eds donde el d\u00f3lar sube 37% en este mes y el bitcoin subi\u00f3 un 20% en una semana. No s\u00e9 qu\u00e9 tanto alarde por un 7,5%\u201d, justific\u00f3 Cositorto.<\/p>\n\n\n\n<p><strong>Estafas reiteradas<\/strong><\/p>\n\n\n\n<p>El 18 de febrero \u00faltimo la fiscal de Segundo Turno de Villa Mar\u00eda, Juliana Companys, hab\u00eda resuelto librar varias \u00f3rdenes de detenciones por los delitos de \u201casociaci\u00f3n il\u00edcita\u201d y \u201cestafas reiteradas\u201d, denunciados por numerosos ahorristas de la ciudad y regi\u00f3n que no hab\u00edan recuperado sus inversiones en Generaci\u00f3n Zoe.<\/p>\n\n\n\n<p>All\u00ed hab\u00edan confiado pesos y d\u00f3lares a cambio del pago de intereses mensuales que pr\u00e1cticamente triplicaban los que se ofrec\u00edan en el mercado financiero formal.<\/p>\n\n\n\n<p>Cositorto es investigado, adem\u00e1s de Villa Mar\u00eda, en la Justicia de Corrientes, en Rosario, en Salta y en el fuero federal de Comodoro Py bajo sospechas de lavado.<\/p>\n\n\n\n<p><\/p>\n\n\n\n<figure class=\"wp-block-embed is-type-wp-embed is-provider-el-regional wp-block-embed-el-regional\"><div class=\"wp-block-embed__wrapper\">\n<blockquote class=\"wp-embedded-content\" data-secret=\"wJSGUKpzbV\"><a href=\"https:\/\/elregionalvm.com.ar\/noticias-villa-maria\/caso-zoe-alvarez-senalo-a-leonardo-cositorto-como-maximo-responsable-de-la-empresa\/\">Caso Zoe: \u00c1lvarez se\u00f1al\u00f3 a Leonardo Cositorto como m\u00e1ximo responsable de la \u00abestafa\u00bb<\/a><\/blockquote><iframe class=\"wp-embedded-content\" sandbox=\"allow-scripts\" security=\"restricted\" style=\"position: absolute; clip: rect(1px, 1px, 1px, 1px);\" title=\"\u00abCaso Zoe: \u00c1lvarez se\u00f1al\u00f3 a Leonardo Cositorto como m\u00e1ximo responsable de la \u00abestafa\u00bb\u00bb \u2014 El Regional\" src=\"https:\/\/elregionalvm.com.ar\/noticias-villa-maria\/caso-zoe-alvarez-senalo-a-leonardo-cositorto-como-maximo-responsable-de-la-empresa\/embed\/#?secret=Orrw8OBLdI#?secret=wJSGUKpzbV\" data-secret=\"wJSGUKpzbV\" width=\"500\" height=\"282\" frameborder=\"0\" marginwidth=\"0\" marginheight=\"0\" scrolling=\"no\"><\/iframe>\n<\/div><\/figure>\n\n\n\n<p><\/p>\n\n\n\n<p>La causa que lleva Companys tiene una veintena de imputados y detenidos, que involucran oficinas de Zoe en Villa Mar\u00eda, y en las ciudades de C\u00f3rdoba y Buenos Aires, en tanto los casos de estafas son cerca de 200 y un centenar de damnificados, mientras que los montos involucrados a\u00fan no se precisaron.<\/p>\n\n\n\n<p>La fiscal inform\u00f3 176 casos de estafas y asociaci\u00f3n il\u00edcita y, adem\u00e1s, asegur\u00f3 que en su fiscal\u00eda cuenta con 94 damnificados.<\/p>\n\n\n\n<p><strong>La marcha<\/strong><\/p>\n\n\n\n<p>Para exigir su liberaci\u00f3n, Cositorto convoc\u00f3 a una marcha para el pr\u00f3ximo mi\u00e9rcoles 27 de julio, a las 11, en la c\u00e9ntrica esquina de Bulevar San Juan y V\u00e9lez Sarsfield, frente al Patio Olmos de C\u00f3rdoba.<\/p>\n\n\n\n<p>\u201cConvocamos a todo el mundo, a todos los ciudadanos que nos acompa\u00f1en\u201d, sostuvo en una entrevista con Radio Universidad de C\u00f3rdoba, a la vez que afirm\u00f3 que en esta causa detuvieron a 25 personas \u201cde manera ilegal\u201d.<\/p>\n\n\n\n<p><\/p>\n\n\n\n<p><em>Fuente: Telam<\/em><\/p>\n","protected":false},"excerpt":{"rendered":"<p>El l\u00edder de Generaci\u00f3n Zoe, detenido por \u00abasociaci\u00f3n il\u00edcita\u00bb, sostuvo que \u201csin ninguna prueba\u201d lo sindicaron \u201ccomo el rey de la estafa\u201d y critic\u00f3 a los \u00abfiscales verticalistas\u00bb. Convoc\u00f3 a una marcha para el pr\u00f3ximo mi\u00e9rcoles 27 de julio frente al Shopping Patio Olmos de C\u00f3rdoba. El l\u00edder de Generaci\u00f3n Zoe, Leonardo Cositorto, sostuvo desde [&hellip;]<\/p>\n","protected":false},"author":4,"featured_media":51615,"comment_status":"open","ping_status":"open","sticky":false,"template":"","format":"standard","meta":{"site-sidebar-layout":"default","site-content-layout":"","ast-site-content-layout":"default","site-content-style":"default","site-sidebar-style":"default","ast-global-header-display":"","ast-banner-title-visibility":"","ast-main-header-display":"","ast-hfb-above-header-display":"","ast-hfb-below-header-display":"","ast-hfb-mobile-header-display":"","site-post-title":"","ast-breadcrumbs-content":"","ast-featured-img":"","footer-sml-layout":"","ast-disable-related-posts":"","theme-transparent-header-meta":"","adv-header-id-meta":"","stick-header-meta":"","header-above-stick-meta":"","header-main-stick-meta":"","header-below-stick-meta":"","astra-migrate-meta-layouts":"default","ast-page-background-enabled":"default","ast-page-background-meta":{"desktop":{"background-color":"","background-image":"","background-repeat":"repeat","background-position":"center center","background-size":"auto","background-attachment":"scroll","background-type":"","background-media":"","overlay-type":"","overlay-color":"","overlay-opacity":"","overlay-gradient":""},"tablet":{"background-color":"","background-image":"","background-repeat":"repeat","background-position":"center center","background-size":"auto","background-attachment":"scroll","background-type":"","background-media":"","overlay-type":"","overlay-color":"","overlay-opacity":"","overlay-gradient":""},"mobile":{"background-color":"","background-image":"","background-repeat":"repeat","background-position":"center center","background-size":"auto","background-attachment":"scroll","background-type":"","background-media":"","overlay-type":"","overlay-color":"","overlay-opacity":"","overlay-gradient":""}},"ast-content-background-meta":{"desktop":{"background-color":"var(--ast-global-color-5)","background-image":"","background-repeat":"repeat","background-position":"center center","background-size":"auto","background-attachment":"scroll","background-type":"","background-media":"","overlay-type":"","overlay-color":"","overlay-opacity":"","overlay-gradient":""},"tablet":{"background-color":"var(--ast-global-color-5)","background-image":"","background-repeat":"repeat","background-position":"center center","background-size":"auto","background-attachment":"scroll","background-type":"","background-media":"","overlay-type":"","overlay-color":"","overlay-opacity":"","overlay-gradient":""},"mobile":{"background-color":"var(--ast-global-color-5)","background-image":"","background-repeat":"repeat","background-position":"center center","background-size":"auto","background-attachment":"scroll","background-type":"","background-media":"","overlay-type":"","overlay-color":"","overlay-opacity":"","overlay-gradient":""}},"_jetpack_memberships_contains_paid_content":false,"_joinchat":[],"footnotes":""},"categories":[15302,2234,2],"tags":[13877,14792,12566,1549,2471,16780,5490,196,5890,3537,12452],"class_list":["post-60924","post","type-post","status-publish","format-standard","has-post-thumbnail","hentry","category-destacado","category-policiales","category-villa-maria","tag-asociacion-ilicita","tag-carcel-de-bouwer","tag-cositorto","tag-estafa","tag-fiscal-companys","tag-lavado","tag-liberacion","tag-marcha","tag-patio-olmos","tag-prision","tag-zoe"],"yoast_head":"<!-- This site is optimized with the Yoast SEO plugin v26.8 - https:\/\/yoast.com\/product\/yoast-seo-wordpress\/ -->\n<title>[Caso ZOE] Cositorto convoc\u00f3 a una marcha por su liberaci\u00f3n frente a Patio Olmos - El Regional<\/title>\n<meta name=\"robots\" content=\"index, follow, max-snippet:-1, max-image-preview:large, max-video-preview:-1\" \/>\n<link rel=\"canonical\" href=\"http:\/\/elregionalvm.com.ar\/noticias-villa-maria\/caso-zoe-cositorto-convoco-a-una-marcha-por-su-liberacion-frente-a-patio-olmos\/\" \/>\n<meta property=\"og:locale\" content=\"es_ES\" \/>\n<meta property=\"og:type\" content=\"article\" \/>\n<meta property=\"og:title\" content=\"[Caso ZOE] Cositorto convoc\u00f3 a una marcha por su liberaci\u00f3n frente a Patio Olmos - El Regional\" \/>\n<meta property=\"og:description\" content=\"El l\u00edder de Generaci\u00f3n Zoe, detenido por \u00abasociaci\u00f3n il\u00edcita\u00bb, sostuvo que \u201csin ninguna prueba\u201d lo sindicaron \u201ccomo el rey de la estafa\u201d y critic\u00f3 a los \u00abfiscales verticalistas\u00bb. Convoc\u00f3 a una marcha para el pr\u00f3ximo mi\u00e9rcoles 27 de julio frente al Shopping Patio Olmos de C\u00f3rdoba. El l\u00edder de Generaci\u00f3n Zoe, Leonardo Cositorto, sostuvo desde [&hellip;]\" \/>\n<meta property=\"og:url\" content=\"http:\/\/elregionalvm.com.ar\/noticias-villa-maria\/caso-zoe-cositorto-convoco-a-una-marcha-por-su-liberacion-frente-a-patio-olmos\/\" \/>\n<meta property=\"og:site_name\" content=\"El Regional\" \/>\n<meta property=\"article:publisher\" content=\"https:\/\/www.facebook.com\/elregionalvm\" \/>\n<meta property=\"article:published_time\" content=\"2022-07-19T02:45:18+00:00\" \/>\n<meta property=\"article:modified_time\" content=\"2022-07-19T02:45:19+00:00\" \/>\n<meta property=\"og:image\" content=\"http:\/\/elregionalvm.com.ar\/noticias-villa-maria\/wp-content\/uploads\/2022\/01\/Cositorto-Zoe-horizontal.jpg\" \/>\n\t<meta property=\"og:image:width\" content=\"1280\" \/>\n\t<meta property=\"og:image:height\" content=\"720\" \/>\n\t<meta property=\"og:image:type\" content=\"image\/jpeg\" \/>\n<meta name=\"author\" content=\"Contenidos El Regional\" \/>\n<meta name=\"twitter:card\" content=\"summary_large_image\" \/>\n<meta name=\"twitter:creator\" content=\"@elregionalvm1\" \/>\n<meta name=\"twitter:site\" content=\"@elregionalvm1\" \/>\n<meta name=\"twitter:label1\" content=\"Escrito por\" \/>\n\t<meta name=\"twitter:data1\" content=\"Contenidos El Regional\" \/>\n\t<meta name=\"twitter:label2\" content=\"Tiempo de lectura\" \/>\n\t<meta name=\"twitter:data2\" content=\"4 minutos\" \/>\n<script type=\"application\/ld+json\" class=\"yoast-schema-graph\">{\"@context\":\"https:\/\/schema.org\",\"@graph\":[{\"@type\":\"Article\",\"@id\":\"http:\/\/elregionalvm.com.ar\/noticias-villa-maria\/caso-zoe-cositorto-convoco-a-una-marcha-por-su-liberacion-frente-a-patio-olmos\/#article\",\"isPartOf\":{\"@id\":\"http:\/\/elregionalvm.com.ar\/noticias-villa-maria\/caso-zoe-cositorto-convoco-a-una-marcha-por-su-liberacion-frente-a-patio-olmos\/\"},\"author\":{\"name\":\"Contenidos El Regional\",\"@id\":\"http:\/\/elregionalvm.com.ar\/noticias-villa-maria\/#\/schema\/person\/a0fb9c422317faca23d50163151bc354\"},\"headline\":\"[Caso ZOE] Cositorto convoc\u00f3 a una marcha por su liberaci\u00f3n frente a Patio Olmos\",\"datePublished\":\"2022-07-19T02:45:18+00:00\",\"dateModified\":\"2022-07-19T02:45:19+00:00\",\"mainEntityOfPage\":{\"@id\":\"http:\/\/elregionalvm.com.ar\/noticias-villa-maria\/caso-zoe-cositorto-convoco-a-una-marcha-por-su-liberacion-frente-a-patio-olmos\/\"},\"wordCount\":735,\"commentCount\":0,\"image\":{\"@id\":\"http:\/\/elregionalvm.com.ar\/noticias-villa-maria\/caso-zoe-cositorto-convoco-a-una-marcha-por-su-liberacion-frente-a-patio-olmos\/#primaryimage\"},\"thumbnailUrl\":\"https:\/\/i0.wp.com\/elregionalvm.com.ar\/noticias-villa-maria\/wp-content\/uploads\/2022\/01\/Cositorto-Zoe-horizontal.jpg?fit=1280%2C720&ssl=1\",\"keywords\":[\"asociaci\u00f3n il\u00edcita\",\"c\u00e1rcel de Bouwer\",\"Cositorto\",\"estafa\",\"Fiscal Companys\",\"lavado\",\"Liberaci\u00f3n\",\"marcha\",\"Patio Olmos\",\"prisi\u00f3n\",\"Zoe\"],\"articleSection\":[\"destacado\",\"Policiales\",\"Villa Mar\u00eda\"],\"inLanguage\":\"es\",\"potentialAction\":[{\"@type\":\"CommentAction\",\"name\":\"Comment\",\"target\":[\"http:\/\/elregionalvm.com.ar\/noticias-villa-maria\/caso-zoe-cositorto-convoco-a-una-marcha-por-su-liberacion-frente-a-patio-olmos\/#respond\"]}]},{\"@type\":\"WebPage\",\"@id\":\"http:\/\/elregionalvm.com.ar\/noticias-villa-maria\/caso-zoe-cositorto-convoco-a-una-marcha-por-su-liberacion-frente-a-patio-olmos\/\",\"url\":\"http:\/\/elregionalvm.com.ar\/noticias-villa-maria\/caso-zoe-cositorto-convoco-a-una-marcha-por-su-liberacion-frente-a-patio-olmos\/\",\"name\":\"[Caso ZOE] Cositorto convoc\u00f3 a una marcha por su liberaci\u00f3n frente a Patio Olmos - El Regional\",\"isPartOf\":{\"@id\":\"http:\/\/elregionalvm.com.ar\/noticias-villa-maria\/#website\"},\"primaryImageOfPage\":{\"@id\":\"http:\/\/elregionalvm.com.ar\/noticias-villa-maria\/caso-zoe-cositorto-convoco-a-una-marcha-por-su-liberacion-frente-a-patio-olmos\/#primaryimage\"},\"image\":{\"@id\":\"http:\/\/elregionalvm.com.ar\/noticias-villa-maria\/caso-zoe-cositorto-convoco-a-una-marcha-por-su-liberacion-frente-a-patio-olmos\/#primaryimage\"},\"thumbnailUrl\":\"https:\/\/i0.wp.com\/elregionalvm.com.ar\/noticias-villa-maria\/wp-content\/uploads\/2022\/01\/Cositorto-Zoe-horizontal.jpg?fit=1280%2C720&ssl=1\",\"datePublished\":\"2022-07-19T02:45:18+00:00\",\"dateModified\":\"2022-07-19T02:45:19+00:00\",\"author\":{\"@id\":\"http:\/\/elregionalvm.com.ar\/noticias-villa-maria\/#\/schema\/person\/a0fb9c422317faca23d50163151bc354\"},\"breadcrumb\":{\"@id\":\"http:\/\/elregionalvm.com.ar\/noticias-villa-maria\/caso-zoe-cositorto-convoco-a-una-marcha-por-su-liberacion-frente-a-patio-olmos\/#breadcrumb\"},\"inLanguage\":\"es\",\"potentialAction\":[{\"@type\":\"ReadAction\",\"target\":[\"http:\/\/elregionalvm.com.ar\/noticias-villa-maria\/caso-zoe-cositorto-convoco-a-una-marcha-por-su-liberacion-frente-a-patio-olmos\/\"]}]},{\"@type\":\"ImageObject\",\"inLanguage\":\"es\",\"@id\":\"http:\/\/elregionalvm.com.ar\/noticias-villa-maria\/caso-zoe-cositorto-convoco-a-una-marcha-por-su-liberacion-frente-a-patio-olmos\/#primaryimage\",\"url\":\"https:\/\/i0.wp.com\/elregionalvm.com.ar\/noticias-villa-maria\/wp-content\/uploads\/2022\/01\/Cositorto-Zoe-horizontal.jpg?fit=1280%2C720&ssl=1\",\"contentUrl\":\"https:\/\/i0.wp.com\/elregionalvm.com.ar\/noticias-villa-maria\/wp-content\/uploads\/2022\/01\/Cositorto-Zoe-horizontal.jpg?fit=1280%2C720&ssl=1\",\"width\":1280,\"height\":720},{\"@type\":\"BreadcrumbList\",\"@id\":\"http:\/\/elregionalvm.com.ar\/noticias-villa-maria\/caso-zoe-cositorto-convoco-a-una-marcha-por-su-liberacion-frente-a-patio-olmos\/#breadcrumb\",\"itemListElement\":[{\"@type\":\"ListItem\",\"position\":1,\"name\":\"Portada\",\"item\":\"https:\/\/elregionalvm.com.ar\/noticias-villa-maria\/\"},{\"@type\":\"ListItem\",\"position\":2,\"name\":\"[Caso ZOE] Cositorto convoc\u00f3 a una marcha por su liberaci\u00f3n frente a Patio Olmos\"}]},{\"@type\":\"WebSite\",\"@id\":\"http:\/\/elregionalvm.com.ar\/noticias-villa-maria\/#website\",\"url\":\"http:\/\/elregionalvm.com.ar\/noticias-villa-maria\/\",\"name\":\"El Regional\",\"description\":\"Mucho m\u00e1s que informaci\u00f3n\",\"potentialAction\":[{\"@type\":\"SearchAction\",\"target\":{\"@type\":\"EntryPoint\",\"urlTemplate\":\"http:\/\/elregionalvm.com.ar\/noticias-villa-maria\/?s={search_term_string}\"},\"query-input\":{\"@type\":\"PropertyValueSpecification\",\"valueRequired\":true,\"valueName\":\"search_term_string\"}}],\"inLanguage\":\"es\"},{\"@type\":\"Person\",\"@id\":\"http:\/\/elregionalvm.com.ar\/noticias-villa-maria\/#\/schema\/person\/a0fb9c422317faca23d50163151bc354\",\"name\":\"Contenidos El Regional\",\"image\":{\"@type\":\"ImageObject\",\"inLanguage\":\"es\",\"@id\":\"http:\/\/elregionalvm.com.ar\/noticias-villa-maria\/#\/schema\/person\/image\/\",\"url\":\"https:\/\/secure.gravatar.com\/avatar\/265b27cb2209af7bb3a1318f03305787d7981a5cc6e6cd08fe5a4ecdf99d4b48?s=96&d=mm&r=g\",\"contentUrl\":\"https:\/\/secure.gravatar.com\/avatar\/265b27cb2209af7bb3a1318f03305787d7981a5cc6e6cd08fe5a4ecdf99d4b48?s=96&d=mm&r=g\",\"caption\":\"Contenidos El Regional\"},\"url\":\"https:\/\/elregionalvm.com.ar\/noticias-villa-maria\/author\/contenido\/\"}]}<\/script>\n<!-- \/ Yoast SEO plugin. -->","yoast_head_json":{"title":"[Caso ZOE] Cositorto convoc\u00f3 a una marcha por su liberaci\u00f3n frente a Patio Olmos - El Regional","robots":{"index":"index","follow":"follow","max-snippet":"max-snippet:-1","max-image-preview":"max-image-preview:large","max-video-preview":"max-video-preview:-1"},"canonical":"http:\/\/elregionalvm.com.ar\/noticias-villa-maria\/caso-zoe-cositorto-convoco-a-una-marcha-por-su-liberacion-frente-a-patio-olmos\/","og_locale":"es_ES","og_type":"article","og_title":"[Caso ZOE] Cositorto convoc\u00f3 a una marcha por su liberaci\u00f3n frente a Patio Olmos - El Regional","og_description":"El l\u00edder de Generaci\u00f3n Zoe, detenido por \u00abasociaci\u00f3n il\u00edcita\u00bb, sostuvo que \u201csin ninguna prueba\u201d lo sindicaron \u201ccomo el rey de la estafa\u201d y critic\u00f3 a los \u00abfiscales verticalistas\u00bb. Convoc\u00f3 a una marcha para el pr\u00f3ximo mi\u00e9rcoles 27 de julio frente al Shopping Patio Olmos de C\u00f3rdoba. El l\u00edder de Generaci\u00f3n Zoe, Leonardo Cositorto, sostuvo desde [&hellip;]","og_url":"http:\/\/elregionalvm.com.ar\/noticias-villa-maria\/caso-zoe-cositorto-convoco-a-una-marcha-por-su-liberacion-frente-a-patio-olmos\/","og_site_name":"El Regional","article_publisher":"https:\/\/www.facebook.com\/elregionalvm","article_published_time":"2022-07-19T02:45:18+00:00","article_modified_time":"2022-07-19T02:45:19+00:00","og_image":[{"width":1280,"height":720,"url":"http:\/\/elregionalvm.com.ar\/noticias-villa-maria\/wp-content\/uploads\/2022\/01\/Cositorto-Zoe-horizontal.jpg","type":"image\/jpeg"}],"author":"Contenidos El Regional","twitter_card":"summary_large_image","twitter_creator":"@elregionalvm1","twitter_site":"@elregionalvm1","twitter_misc":{"Escrito por":"Contenidos El Regional","Tiempo de lectura":"4 minutos"},"schema":{"@context":"https:\/\/schema.org","@graph":[{"@type":"Article","@id":"http:\/\/elregionalvm.com.ar\/noticias-villa-maria\/caso-zoe-cositorto-convoco-a-una-marcha-por-su-liberacion-frente-a-patio-olmos\/#article","isPartOf":{"@id":"http:\/\/elregionalvm.com.ar\/noticias-villa-maria\/caso-zoe-cositorto-convoco-a-una-marcha-por-su-liberacion-frente-a-patio-olmos\/"},"author":{"name":"Contenidos El Regional","@id":"http:\/\/elregionalvm.com.ar\/noticias-villa-maria\/#\/schema\/person\/a0fb9c422317faca23d50163151bc354"},"headline":"[Caso ZOE] Cositorto convoc\u00f3 a una marcha por su liberaci\u00f3n frente a Patio Olmos","datePublished":"2022-07-19T02:45:18+00:00","dateModified":"2022-07-19T02:45:19+00:00","mainEntityOfPage":{"@id":"http:\/\/elregionalvm.com.ar\/noticias-villa-maria\/caso-zoe-cositorto-convoco-a-una-marcha-por-su-liberacion-frente-a-patio-olmos\/"},"wordCount":735,"commentCount":0,"image":{"@id":"http:\/\/elregionalvm.com.ar\/noticias-villa-maria\/caso-zoe-cositorto-convoco-a-una-marcha-por-su-liberacion-frente-a-patio-olmos\/#primaryimage"},"thumbnailUrl":"https:\/\/i0.wp.com\/elregionalvm.com.ar\/noticias-villa-maria\/wp-content\/uploads\/2022\/01\/Cositorto-Zoe-horizontal.jpg?fit=1280%2C720&ssl=1","keywords":["asociaci\u00f3n il\u00edcita","c\u00e1rcel de Bouwer","Cositorto","estafa","Fiscal Companys","lavado","Liberaci\u00f3n","marcha","Patio Olmos","prisi\u00f3n","Zoe"],"articleSection":["destacado","Policiales","Villa Mar\u00eda"],"inLanguage":"es","potentialAction":[{"@type":"CommentAction","name":"Comment","target":["http:\/\/elregionalvm.com.ar\/noticias-villa-maria\/caso-zoe-cositorto-convoco-a-una-marcha-por-su-liberacion-frente-a-patio-olmos\/#respond"]}]},{"@type":"WebPage","@id":"http:\/\/elregionalvm.com.ar\/noticias-villa-maria\/caso-zoe-cositorto-convoco-a-una-marcha-por-su-liberacion-frente-a-patio-olmos\/","url":"http:\/\/elregionalvm.com.ar\/noticias-villa-maria\/caso-zoe-cositorto-convoco-a-una-marcha-por-su-liberacion-frente-a-patio-olmos\/","name":"[Caso ZOE] Cositorto convoc\u00f3 a una marcha por su liberaci\u00f3n frente a Patio Olmos - El Regional","isPartOf":{"@id":"http:\/\/elregionalvm.com.ar\/noticias-villa-maria\/#website"},"primaryImageOfPage":{"@id":"http:\/\/elregionalvm.com.ar\/noticias-villa-maria\/caso-zoe-cositorto-convoco-a-una-marcha-por-su-liberacion-frente-a-patio-olmos\/#primaryimage"},"image":{"@id":"http:\/\/elregionalvm.com.ar\/noticias-villa-maria\/caso-zoe-cositorto-convoco-a-una-marcha-por-su-liberacion-frente-a-patio-olmos\/#primaryimage"},"thumbnailUrl":"https:\/\/i0.wp.com\/elregionalvm.com.ar\/noticias-villa-maria\/wp-content\/uploads\/2022\/01\/Cositorto-Zoe-horizontal.jpg?fit=1280%2C720&ssl=1","datePublished":"2022-07-19T02:45:18+00:00","dateModified":"2022-07-19T02:45:19+00:00","author":{"@id":"http:\/\/elregionalvm.com.ar\/noticias-villa-maria\/#\/schema\/person\/a0fb9c422317faca23d50163151bc354"},"breadcrumb":{"@id":"http:\/\/elregionalvm.com.ar\/noticias-villa-maria\/caso-zoe-cositorto-convoco-a-una-marcha-por-su-liberacion-frente-a-patio-olmos\/#breadcrumb"},"inLanguage":"es","potentialAction":[{"@type":"ReadAction","target":["http:\/\/elregionalvm.com.ar\/noticias-villa-maria\/caso-zoe-cositorto-convoco-a-una-marcha-por-su-liberacion-frente-a-patio-olmos\/"]}]},{"@type":"ImageObject","inLanguage":"es","@id":"http:\/\/elregionalvm.com.ar\/noticias-villa-maria\/caso-zoe-cositorto-convoco-a-una-marcha-por-su-liberacion-frente-a-patio-olmos\/#primaryimage","url":"https:\/\/i0.wp.com\/elregionalvm.com.ar\/noticias-villa-maria\/wp-content\/uploads\/2022\/01\/Cositorto-Zoe-horizontal.jpg?fit=1280%2C720&ssl=1","contentUrl":"https:\/\/i0.wp.com\/elregionalvm.com.ar\/noticias-villa-maria\/wp-content\/uploads\/2022\/01\/Cositorto-Zoe-horizontal.jpg?fit=1280%2C720&ssl=1","width":1280,"height":720},{"@type":"BreadcrumbList","@id":"http:\/\/elregionalvm.com.ar\/noticias-villa-maria\/caso-zoe-cositorto-convoco-a-una-marcha-por-su-liberacion-frente-a-patio-olmos\/#breadcrumb","itemListElement":[{"@type":"ListItem","position":1,"name":"Portada","item":"https:\/\/elregionalvm.com.ar\/noticias-villa-maria\/"},{"@type":"ListItem","position":2,"name":"[Caso ZOE] Cositorto convoc\u00f3 a una marcha por su liberaci\u00f3n frente a Patio Olmos"}]},{"@type":"WebSite","@id":"http:\/\/elregionalvm.com.ar\/noticias-villa-maria\/#website","url":"http:\/\/elregionalvm.com.ar\/noticias-villa-maria\/","name":"El Regional","description":"Mucho m\u00e1s que informaci\u00f3n","potentialAction":[{"@type":"SearchAction","target":{"@type":"EntryPoint","urlTemplate":"http:\/\/elregionalvm.com.ar\/noticias-villa-maria\/?s={search_term_string}"},"query-input":{"@type":"PropertyValueSpecification","valueRequired":true,"valueName":"search_term_string"}}],"inLanguage":"es"},{"@type":"Person","@id":"http:\/\/elregionalvm.com.ar\/noticias-villa-maria\/#\/schema\/person\/a0fb9c422317faca23d50163151bc354","name":"Contenidos El Regional","image":{"@type":"ImageObject","inLanguage":"es","@id":"http:\/\/elregionalvm.com.ar\/noticias-villa-maria\/#\/schema\/person\/image\/","url":"https:\/\/secure.gravatar.com\/avatar\/265b27cb2209af7bb3a1318f03305787d7981a5cc6e6cd08fe5a4ecdf99d4b48?s=96&d=mm&r=g","contentUrl":"https:\/\/secure.gravatar.com\/avatar\/265b27cb2209af7bb3a1318f03305787d7981a5cc6e6cd08fe5a4ecdf99d4b48?s=96&d=mm&r=g","caption":"Contenidos El Regional"},"url":"https:\/\/elregionalvm.com.ar\/noticias-villa-maria\/author\/contenido\/"}]}},"jetpack_featured_media_url":"https:\/\/i0.wp.com\/elregionalvm.com.ar\/noticias-villa-maria\/wp-content\/uploads\/2022\/01\/Cositorto-Zoe-horizontal.jpg?fit=1280%2C720&ssl=1","jetpack_sharing_enabled":true,"_links":{"self":[{"href":"https:\/\/elregionalvm.com.ar\/noticias-villa-maria\/wp-json\/wp\/v2\/posts\/60924","targetHints":{"allow":["GET"]}}],"collection":[{"href":"https:\/\/elregionalvm.com.ar\/noticias-villa-maria\/wp-json\/wp\/v2\/posts"}],"about":[{"href":"https:\/\/elregionalvm.com.ar\/noticias-villa-maria\/wp-json\/wp\/v2\/types\/post"}],"author":[{"embeddable":true,"href":"https:\/\/elregionalvm.com.ar\/noticias-villa-maria\/wp-json\/wp\/v2\/users\/4"}],"replies":[{"embeddable":true,"href":"https:\/\/elregionalvm.com.ar\/noticias-villa-maria\/wp-json\/wp\/v2\/comments?post=60924"}],"version-history":[{"count":2,"href":"https:\/\/elregionalvm.com.ar\/noticias-villa-maria\/wp-json\/wp\/v2\/posts\/60924\/revisions"}],"predecessor-version":[{"id":60926,"href":"https:\/\/elregionalvm.com.ar\/noticias-villa-maria\/wp-json\/wp\/v2\/posts\/60924\/revisions\/60926"}],"wp:featuredmedia":[{"embeddable":true,"href":"https:\/\/elregionalvm.com.ar\/noticias-villa-maria\/wp-json\/wp\/v2\/media\/51615"}],"wp:attachment":[{"href":"https:\/\/elregionalvm.com.ar\/noticias-villa-maria\/wp-json\/wp\/v2\/media?parent=60924"}],"wp:term":[{"taxonomy":"category","embeddable":true,"href":"https:\/\/elregionalvm.com.ar\/noticias-villa-maria\/wp-json\/wp\/v2\/categories?post=60924"},{"taxonomy":"post_tag","embeddable":true,"href":"https:\/\/elregionalvm.com.ar\/noticias-villa-maria\/wp-json\/wp\/v2\/tags?post=60924"}],"curies":[{"name":"wp","href":"https:\/\/api.w.org\/{rel}","templated":true}]}}