{"id":60928,"date":"2022-07-19T14:21:28","date_gmt":"2022-07-19T14:21:28","guid":{"rendered":"https:\/\/elregionalvm.com.ar\/noticias-villa-maria\/?p=60928"},"modified":"2022-07-23T03:18:31","modified_gmt":"2022-07-23T03:18:31","slug":"opinion-carta-a-la-oposicion-de-una-ciudadana-desilusionada","status":"publish","type":"post","link":"https:\/\/elregionalvm.com.ar\/noticias-villa-maria\/opinion-carta-a-la-oposicion-de-una-ciudadana-desilusionada\/","title":{"rendered":"\u00a0[Opini\u00f3n] Carta a la oposici\u00f3n de una ciudadana desilusionada"},"content":{"rendered":"\n<p><\/p>\n\n\n\n<p><strong>\u201cLos argentinos nos habituamos al estado de crisis debido a su repetici\u00f3n y a este estado de confusi\u00f3n permanente; naturalizamos la anomal\u00eda: corrupci\u00f3n, desigualdad, deshonra. Quiz\u00e1 nos venga bien un periodo estable para no habituarnos tanto y prestarle suficiente atenci\u00f3n. O, si la paz llega, saber forzar los ojos para no mirar con extra\u00f1eza\u201d. (El cerebro argentino &#8211; Facundo Manes)<\/strong><\/p>\n\n\n\n<p><\/p>\n\n\n\n<p><strong>Escribe: Cristina Pablos<\/strong><\/p>\n\n\n\n<p><\/p>\n\n\n\n<p>Soy la voz de muchos que piensan como yo, que no comulgan con el populismo berreta, autocr\u00e1tico y, menos, con las cleptocracias. No les queremos pedir que atenten contra las instituciones, contra la Rep\u00fablica. Queremos s\u00ed, que nos escuchen y que nos hablen, no para prometer lo imposible, sino con la verdad.<\/p>\n\n\n\n<p>Sabemos que, en 2023, si ganan, recibir\u00e1n un pa\u00eds en ruinas humeantes. D\u00edgannos, sin miedo, que nos esperan a\u00f1os muy duros, aunque ya lo sabemos. Que el camino estar\u00e1 lleno de piedras, no de rosas y que tardaremos en salir de este desastre al que nos llev\u00f3 el populismo en 20 a\u00f1os de (des)gobierno y saqueo.<\/p>\n\n\n\n<p><\/p>\n\n\n\n<figure class=\"wp-block-image size-large\"><img data-recalc-dims=\"1\" fetchpriority=\"high\" decoding=\"async\" width=\"1024\" height=\"512\" src=\"https:\/\/i0.wp.com\/elregionalvm.com.ar\/noticias-villa-maria\/wp-content\/uploads\/2021\/04\/Alberto-Macri-Cristina.jpg?resize=1024%2C512&#038;ssl=1\" alt=\"\" class=\"wp-image-35360\" srcset=\"https:\/\/i0.wp.com\/elregionalvm.com.ar\/noticias-villa-maria\/wp-content\/uploads\/2021\/04\/Alberto-Macri-Cristina.jpg?resize=1024%2C512&amp;ssl=1 1024w, https:\/\/i0.wp.com\/elregionalvm.com.ar\/noticias-villa-maria\/wp-content\/uploads\/2021\/04\/Alberto-Macri-Cristina.jpg?resize=300%2C150&amp;ssl=1 300w, https:\/\/i0.wp.com\/elregionalvm.com.ar\/noticias-villa-maria\/wp-content\/uploads\/2021\/04\/Alberto-Macri-Cristina.jpg?resize=768%2C384&amp;ssl=1 768w, https:\/\/i0.wp.com\/elregionalvm.com.ar\/noticias-villa-maria\/wp-content\/uploads\/2021\/04\/Alberto-Macri-Cristina.jpg?resize=1536%2C768&amp;ssl=1 1536w, https:\/\/i0.wp.com\/elregionalvm.com.ar\/noticias-villa-maria\/wp-content\/uploads\/2021\/04\/Alberto-Macri-Cristina.jpg?w=2000&amp;ssl=1 2000w\" sizes=\"(max-width: 1000px) 100vw, 1000px\" \/><\/figure>\n\n\n\n<p><\/p>\n\n\n\n<p>No nos vendan espejitos de colores ni promesas incumplibles. D\u00edgannos que habr\u00e1 sacrificio y, tal vez, l\u00e1grimas, pero\u2026 \u00a1Hablen!<\/p>\n\n\n\n<p>D\u00edgannos que tienen un plan para erradicar la pobreza, la inseguridad, para una educaci\u00f3n de calidad y no militante, para la salud, la ciencia, la industria, la inflaci\u00f3n\u2026 y que llevar\u00e1 a\u00f1os.<\/p>\n\n\n\n<p>Un plan para erradicar los planes que, sabemos, no ser\u00e1 de golpe sino a cambio de trabajo, pero que le dar\u00e1 dignidad a la gente. Que erradicar\u00e1n los piquetes y cortes.<\/p>\n\n\n\n<p><\/p>\n\n\n\n<figure class=\"wp-block-pullquote\"><blockquote><p><strong>D\u00edgannos que tienen un plan para erradicar la pobreza, la inseguridad, para una educaci\u00f3n de calidad y no militante, para la salud, la ciencia, la industria, la inflaci\u00f3n\u2026 y que llevar\u00e1 a\u00f1os.<\/strong><\/p><\/blockquote><\/figure>\n\n\n\n<p><\/p>\n\n\n\n<p>Sabemos que con los despojos del pa\u00eds que deje el kirchnerismo y sus aliados, nada ser\u00e1 f\u00e1cil. \u201cNunca es triste la verdad, lo que no tiene es remedio\u201d, cantaba Serrat los versos de Machado.<\/p>\n\n\n\n<p>Pero, se\u00f1\u00e1lennos una luz al final del camino para que la desesperanza no termine desmoron\u00e1ndonos y que los j\u00f3venes dejen de despedirse de Argentina. Una gran parte de la sociedad est\u00e1 hu\u00e9rfana de l\u00edderes.<\/p>\n\n\n\n<p>Para los que votaron este engendro mal parido desde su nacimiento, les pido que \u00a1SE HAGAN CARGO!<\/p>\n\n\n\n<p>En 20 a\u00f1os de populismo somos el tercer pa\u00eds en peores condiciones en el mundo. Cuando les toque volver a votar piensen que Uds. tambi\u00e9n est\u00e1n en este barco.<\/p>\n\n\n\n<p><\/p>\n\n\n\n<figure class=\"wp-block-pullquote\"><blockquote><p><strong>Va a hacer falta un gobierno firme, pero de buenos modales. Nos hartamos de los gritos y el dedito en alto.<\/strong><\/p><\/blockquote><\/figure>\n\n\n\n<p><\/p>\n\n\n\n<p>Va a hacer falta un gobierno firme, pero de buenos modales. Nos hartamos de los gritos y el dedito en alto. Basta de mentirosos y resentidos en el poder. El populismo no sabe gobernar sin plata (ajena) y, cuando la tienen, la regalan a vagos en vez de crear trabajo y darle dignidad a la gente.<\/p>\n\n\n\n<p>\u00a1No les interesa! Nos quieren brutos y sometidos. Son como el escorpi\u00f3n y la rana; la rana: el pueblo, al que siempre destruyen porque \u201cest\u00e1 en su naturaleza\u201d.<\/p>\n\n\n\n<p><\/p>\n\n\n\n<h3 class=\"wp-block-heading\"><strong>Le\u00e9 m\u00e1s: <\/strong><\/h3>\n\n\n\n<p><\/p>\n\n\n\n<figure class=\"wp-block-embed is-type-wp-embed is-provider-el-regional wp-block-embed-el-regional\"><div class=\"wp-block-embed__wrapper\">\n<blockquote class=\"wp-embedded-content\" data-secret=\"8Hpr1ZNO86\"><a href=\"https:\/\/elregionalvm.com.ar\/noticias-villa-maria\/opinion-para-el-gobierno-la-cuestion-es-durar\/\">[Opini\u00f3n] Para el gobierno, la cuesti\u00f3n es \u201cdurar\u201d<\/a><\/blockquote><iframe class=\"wp-embedded-content\" sandbox=\"allow-scripts\" security=\"restricted\" style=\"position: absolute; visibility: hidden;\" title=\"\u00ab[Opini\u00f3n] Para el gobierno, la cuesti\u00f3n es \u201cdurar\u201d\u00bb \u2014 El Regional\" src=\"https:\/\/elregionalvm.com.ar\/noticias-villa-maria\/opinion-para-el-gobierno-la-cuestion-es-durar\/embed\/#?secret=ARK69zBCjn#?secret=8Hpr1ZNO86\" data-secret=\"8Hpr1ZNO86\" width=\"500\" height=\"282\" frameborder=\"0\" marginwidth=\"0\" marginheight=\"0\" scrolling=\"no\"><\/iframe>\n<\/div><\/figure>\n","protected":false},"excerpt":{"rendered":"<p>\u201cLos argentinos nos habituamos al estado de crisis debido a su repetici\u00f3n y a este estado de confusi\u00f3n permanente; naturalizamos la anomal\u00eda: corrupci\u00f3n, desigualdad, deshonra. Quiz\u00e1 nos venga bien un periodo estable para no habituarnos tanto y prestarle suficiente atenci\u00f3n. O, si la paz llega, saber forzar los ojos para no mirar con extra\u00f1eza\u201d. (El [&hellip;]<\/p>\n","protected":false},"author":4,"featured_media":60931,"comment_status":"open","ping_status":"open","sticky":false,"template":"","format":"standard","meta":{"site-sidebar-layout":"default","site-content-layout":"","ast-site-content-layout":"default","site-content-style":"default","site-sidebar-style":"default","ast-global-header-display":"","ast-banner-title-visibility":"","ast-main-header-display":"","ast-hfb-above-header-display":"","ast-hfb-below-header-display":"","ast-hfb-mobile-header-display":"","site-post-title":"","ast-breadcrumbs-content":"","ast-featured-img":"","footer-sml-layout":"","ast-disable-related-posts":"","theme-transparent-header-meta":"","adv-header-id-meta":"","stick-header-meta":"","header-above-stick-meta":"","header-main-stick-meta":"","header-below-stick-meta":"","astra-migrate-meta-layouts":"default","ast-page-background-enabled":"default","ast-page-background-meta":{"desktop":{"background-color":"","background-image":"","background-repeat":"repeat","background-position":"center center","background-size":"auto","background-attachment":"scroll","background-type":"","background-media":"","overlay-type":"","overlay-color":"","overlay-opacity":"","overlay-gradient":""},"tablet":{"background-color":"","background-image":"","background-repeat":"repeat","background-position":"center center","background-size":"auto","background-attachment":"scroll","background-type":"","background-media":"","overlay-type":"","overlay-color":"","overlay-opacity":"","overlay-gradient":""},"mobile":{"background-color":"","background-image":"","background-repeat":"repeat","background-position":"center center","background-size":"auto","background-attachment":"scroll","background-type":"","background-media":"","overlay-type":"","overlay-color":"","overlay-opacity":"","overlay-gradient":""}},"ast-content-background-meta":{"desktop":{"background-color":"var(--ast-global-color-5)","background-image":"","background-repeat":"repeat","background-position":"center center","background-size":"auto","background-attachment":"scroll","background-type":"","background-media":"","overlay-type":"","overlay-color":"","overlay-opacity":"","overlay-gradient":""},"tablet":{"background-color":"var(--ast-global-color-5)","background-image":"","background-repeat":"repeat","background-position":"center center","background-size":"auto","background-attachment":"scroll","background-type":"","background-media":"","overlay-type":"","overlay-color":"","overlay-opacity":"","overlay-gradient":""},"mobile":{"background-color":"var(--ast-global-color-5)","background-image":"","background-repeat":"repeat","background-position":"center center","background-size":"auto","background-attachment":"scroll","background-type":"","background-media":"","overlay-type":"","overlay-color":"","overlay-opacity":"","overlay-gradient":""}},"_jetpack_memberships_contains_paid_content":false,"_joinchat":[],"footnotes":""},"categories":[365,3557],"tags":[415,5846,1319,424,2157,3734,2467,58,2953,126],"class_list":["post-60928","post","type-post","status-publish","format-standard","has-post-thumbnail","hentry","category-opinion","category-tercera","tag-argentina","tag-carta","tag-corrupcion","tag-cristina-pablos","tag-educacion","tag-gobierno-nacional","tag-inflacion","tag-kirchnerismo","tag-oposicion","tag-trabajo"],"yoast_head":"<!-- This site is optimized with the Yoast SEO plugin v26.8 - https:\/\/yoast.com\/product\/yoast-seo-wordpress\/ -->\n<title>\u00a0[Opini\u00f3n] Carta a la oposici\u00f3n de una ciudadana desilusionada - El Regional<\/title>\n<meta name=\"robots\" content=\"index, follow, max-snippet:-1, max-image-preview:large, max-video-preview:-1\" \/>\n<link rel=\"canonical\" href=\"http:\/\/elregionalvm.com.ar\/noticias-villa-maria\/opinion-carta-a-la-oposicion-de-una-ciudadana-desilusionada\/\" \/>\n<meta property=\"og:locale\" content=\"es_ES\" \/>\n<meta property=\"og:type\" content=\"article\" \/>\n<meta property=\"og:title\" content=\"\u00a0[Opini\u00f3n] Carta a la oposici\u00f3n de una ciudadana desilusionada - El Regional\" \/>\n<meta property=\"og:description\" content=\"\u201cLos argentinos nos habituamos al estado de crisis debido a su repetici\u00f3n y a este estado de confusi\u00f3n permanente; naturalizamos la anomal\u00eda: corrupci\u00f3n, desigualdad, deshonra. Quiz\u00e1 nos venga bien un periodo estable para no habituarnos tanto y prestarle suficiente atenci\u00f3n. O, si la paz llega, saber forzar los ojos para no mirar con extra\u00f1eza\u201d. (El [&hellip;]\" \/>\n<meta property=\"og:url\" content=\"http:\/\/elregionalvm.com.ar\/noticias-villa-maria\/opinion-carta-a-la-oposicion-de-una-ciudadana-desilusionada\/\" \/>\n<meta property=\"og:site_name\" content=\"El Regional\" \/>\n<meta property=\"article:publisher\" content=\"https:\/\/www.facebook.com\/elregionalvm\" \/>\n<meta property=\"article:published_time\" content=\"2022-07-19T14:21:28+00:00\" \/>\n<meta property=\"article:modified_time\" content=\"2022-07-23T03:18:31+00:00\" \/>\n<meta property=\"og:image\" content=\"http:\/\/elregionalvm.com.ar\/noticias-villa-maria\/wp-content\/uploads\/2022\/07\/mujer-escribe-carta-notebook.jpg\" \/>\n\t<meta property=\"og:image:width\" content=\"1200\" \/>\n\t<meta property=\"og:image:height\" content=\"675\" \/>\n\t<meta property=\"og:image:type\" content=\"image\/jpeg\" \/>\n<meta name=\"author\" content=\"Contenidos El Regional\" \/>\n<meta name=\"twitter:card\" content=\"summary_large_image\" \/>\n<meta name=\"twitter:creator\" content=\"@elregionalvm1\" \/>\n<meta name=\"twitter:site\" content=\"@elregionalvm1\" \/>\n<meta name=\"twitter:label1\" content=\"Escrito por\" \/>\n\t<meta name=\"twitter:data1\" content=\"Contenidos El Regional\" \/>\n\t<meta name=\"twitter:label2\" content=\"Tiempo de lectura\" \/>\n\t<meta name=\"twitter:data2\" content=\"3 minutos\" \/>\n<script type=\"application\/ld+json\" class=\"yoast-schema-graph\">{\"@context\":\"https:\/\/schema.org\",\"@graph\":[{\"@type\":\"Article\",\"@id\":\"http:\/\/elregionalvm.com.ar\/noticias-villa-maria\/opinion-carta-a-la-oposicion-de-una-ciudadana-desilusionada\/#article\",\"isPartOf\":{\"@id\":\"http:\/\/elregionalvm.com.ar\/noticias-villa-maria\/opinion-carta-a-la-oposicion-de-una-ciudadana-desilusionada\/\"},\"author\":{\"name\":\"Contenidos El Regional\",\"@id\":\"http:\/\/elregionalvm.com.ar\/noticias-villa-maria\/#\/schema\/person\/a0fb9c422317faca23d50163151bc354\"},\"headline\":\"\u00a0[Opini\u00f3n] Carta a la oposici\u00f3n de una ciudadana desilusionada\",\"datePublished\":\"2022-07-19T14:21:28+00:00\",\"dateModified\":\"2022-07-23T03:18:31+00:00\",\"mainEntityOfPage\":{\"@id\":\"http:\/\/elregionalvm.com.ar\/noticias-villa-maria\/opinion-carta-a-la-oposicion-de-una-ciudadana-desilusionada\/\"},\"wordCount\":558,\"commentCount\":0,\"image\":{\"@id\":\"http:\/\/elregionalvm.com.ar\/noticias-villa-maria\/opinion-carta-a-la-oposicion-de-una-ciudadana-desilusionada\/#primaryimage\"},\"thumbnailUrl\":\"https:\/\/i0.wp.com\/elregionalvm.com.ar\/noticias-villa-maria\/wp-content\/uploads\/2022\/07\/mujer-escribe-carta-notebook.jpg?fit=1200%2C675&ssl=1\",\"keywords\":[\"Argentina\",\"Carta\",\"corrupci\u00f3n\",\"Cristina Pablos\",\"Educaci\u00f3n\",\"Gobierno Nacional\",\"Inflaci\u00f3n\",\"kirchnerismo\",\"oposici\u00f3n\",\"trabajo\"],\"articleSection\":[\"Opini\u00f3n\",\"tercera\"],\"inLanguage\":\"es\",\"potentialAction\":[{\"@type\":\"CommentAction\",\"name\":\"Comment\",\"target\":[\"http:\/\/elregionalvm.com.ar\/noticias-villa-maria\/opinion-carta-a-la-oposicion-de-una-ciudadana-desilusionada\/#respond\"]}]},{\"@type\":\"WebPage\",\"@id\":\"http:\/\/elregionalvm.com.ar\/noticias-villa-maria\/opinion-carta-a-la-oposicion-de-una-ciudadana-desilusionada\/\",\"url\":\"http:\/\/elregionalvm.com.ar\/noticias-villa-maria\/opinion-carta-a-la-oposicion-de-una-ciudadana-desilusionada\/\",\"name\":\"\u00a0[Opini\u00f3n] Carta a la oposici\u00f3n de una ciudadana desilusionada - El Regional\",\"isPartOf\":{\"@id\":\"http:\/\/elregionalvm.com.ar\/noticias-villa-maria\/#website\"},\"primaryImageOfPage\":{\"@id\":\"http:\/\/elregionalvm.com.ar\/noticias-villa-maria\/opinion-carta-a-la-oposicion-de-una-ciudadana-desilusionada\/#primaryimage\"},\"image\":{\"@id\":\"http:\/\/elregionalvm.com.ar\/noticias-villa-maria\/opinion-carta-a-la-oposicion-de-una-ciudadana-desilusionada\/#primaryimage\"},\"thumbnailUrl\":\"https:\/\/i0.wp.com\/elregionalvm.com.ar\/noticias-villa-maria\/wp-content\/uploads\/2022\/07\/mujer-escribe-carta-notebook.jpg?fit=1200%2C675&ssl=1\",\"datePublished\":\"2022-07-19T14:21:28+00:00\",\"dateModified\":\"2022-07-23T03:18:31+00:00\",\"author\":{\"@id\":\"http:\/\/elregionalvm.com.ar\/noticias-villa-maria\/#\/schema\/person\/a0fb9c422317faca23d50163151bc354\"},\"breadcrumb\":{\"@id\":\"http:\/\/elregionalvm.com.ar\/noticias-villa-maria\/opinion-carta-a-la-oposicion-de-una-ciudadana-desilusionada\/#breadcrumb\"},\"inLanguage\":\"es\",\"potentialAction\":[{\"@type\":\"ReadAction\",\"target\":[\"http:\/\/elregionalvm.com.ar\/noticias-villa-maria\/opinion-carta-a-la-oposicion-de-una-ciudadana-desilusionada\/\"]}]},{\"@type\":\"ImageObject\",\"inLanguage\":\"es\",\"@id\":\"http:\/\/elregionalvm.com.ar\/noticias-villa-maria\/opinion-carta-a-la-oposicion-de-una-ciudadana-desilusionada\/#primaryimage\",\"url\":\"https:\/\/i0.wp.com\/elregionalvm.com.ar\/noticias-villa-maria\/wp-content\/uploads\/2022\/07\/mujer-escribe-carta-notebook.jpg?fit=1200%2C675&ssl=1\",\"contentUrl\":\"https:\/\/i0.wp.com\/elregionalvm.com.ar\/noticias-villa-maria\/wp-content\/uploads\/2022\/07\/mujer-escribe-carta-notebook.jpg?fit=1200%2C675&ssl=1\",\"width\":1200,\"height\":675},{\"@type\":\"BreadcrumbList\",\"@id\":\"http:\/\/elregionalvm.com.ar\/noticias-villa-maria\/opinion-carta-a-la-oposicion-de-una-ciudadana-desilusionada\/#breadcrumb\",\"itemListElement\":[{\"@type\":\"ListItem\",\"position\":1,\"name\":\"Portada\",\"item\":\"https:\/\/elregionalvm.com.ar\/noticias-villa-maria\/\"},{\"@type\":\"ListItem\",\"position\":2,\"name\":\"\u00a0[Opini\u00f3n] Carta a la oposici\u00f3n de una ciudadana desilusionada\"}]},{\"@type\":\"WebSite\",\"@id\":\"http:\/\/elregionalvm.com.ar\/noticias-villa-maria\/#website\",\"url\":\"http:\/\/elregionalvm.com.ar\/noticias-villa-maria\/\",\"name\":\"El Regional\",\"description\":\"Mucho m\u00e1s que informaci\u00f3n\",\"potentialAction\":[{\"@type\":\"SearchAction\",\"target\":{\"@type\":\"EntryPoint\",\"urlTemplate\":\"http:\/\/elregionalvm.com.ar\/noticias-villa-maria\/?s={search_term_string}\"},\"query-input\":{\"@type\":\"PropertyValueSpecification\",\"valueRequired\":true,\"valueName\":\"search_term_string\"}}],\"inLanguage\":\"es\"},{\"@type\":\"Person\",\"@id\":\"http:\/\/elregionalvm.com.ar\/noticias-villa-maria\/#\/schema\/person\/a0fb9c422317faca23d50163151bc354\",\"name\":\"Contenidos El Regional\",\"image\":{\"@type\":\"ImageObject\",\"inLanguage\":\"es\",\"@id\":\"http:\/\/elregionalvm.com.ar\/noticias-villa-maria\/#\/schema\/person\/image\/\",\"url\":\"https:\/\/secure.gravatar.com\/avatar\/265b27cb2209af7bb3a1318f03305787d7981a5cc6e6cd08fe5a4ecdf99d4b48?s=96&d=mm&r=g\",\"contentUrl\":\"https:\/\/secure.gravatar.com\/avatar\/265b27cb2209af7bb3a1318f03305787d7981a5cc6e6cd08fe5a4ecdf99d4b48?s=96&d=mm&r=g\",\"caption\":\"Contenidos El Regional\"},\"url\":\"https:\/\/elregionalvm.com.ar\/noticias-villa-maria\/author\/contenido\/\"}]}<\/script>\n<!-- \/ Yoast SEO plugin. -->","yoast_head_json":{"title":"\u00a0[Opini\u00f3n] Carta a la oposici\u00f3n de una ciudadana desilusionada - El Regional","robots":{"index":"index","follow":"follow","max-snippet":"max-snippet:-1","max-image-preview":"max-image-preview:large","max-video-preview":"max-video-preview:-1"},"canonical":"http:\/\/elregionalvm.com.ar\/noticias-villa-maria\/opinion-carta-a-la-oposicion-de-una-ciudadana-desilusionada\/","og_locale":"es_ES","og_type":"article","og_title":"\u00a0[Opini\u00f3n] Carta a la oposici\u00f3n de una ciudadana desilusionada - El Regional","og_description":"\u201cLos argentinos nos habituamos al estado de crisis debido a su repetici\u00f3n y a este estado de confusi\u00f3n permanente; naturalizamos la anomal\u00eda: corrupci\u00f3n, desigualdad, deshonra. Quiz\u00e1 nos venga bien un periodo estable para no habituarnos tanto y prestarle suficiente atenci\u00f3n. O, si la paz llega, saber forzar los ojos para no mirar con extra\u00f1eza\u201d. (El [&hellip;]","og_url":"http:\/\/elregionalvm.com.ar\/noticias-villa-maria\/opinion-carta-a-la-oposicion-de-una-ciudadana-desilusionada\/","og_site_name":"El Regional","article_publisher":"https:\/\/www.facebook.com\/elregionalvm","article_published_time":"2022-07-19T14:21:28+00:00","article_modified_time":"2022-07-23T03:18:31+00:00","og_image":[{"width":1200,"height":675,"url":"http:\/\/elregionalvm.com.ar\/noticias-villa-maria\/wp-content\/uploads\/2022\/07\/mujer-escribe-carta-notebook.jpg","type":"image\/jpeg"}],"author":"Contenidos El Regional","twitter_card":"summary_large_image","twitter_creator":"@elregionalvm1","twitter_site":"@elregionalvm1","twitter_misc":{"Escrito por":"Contenidos El Regional","Tiempo de lectura":"3 minutos"},"schema":{"@context":"https:\/\/schema.org","@graph":[{"@type":"Article","@id":"http:\/\/elregionalvm.com.ar\/noticias-villa-maria\/opinion-carta-a-la-oposicion-de-una-ciudadana-desilusionada\/#article","isPartOf":{"@id":"http:\/\/elregionalvm.com.ar\/noticias-villa-maria\/opinion-carta-a-la-oposicion-de-una-ciudadana-desilusionada\/"},"author":{"name":"Contenidos El Regional","@id":"http:\/\/elregionalvm.com.ar\/noticias-villa-maria\/#\/schema\/person\/a0fb9c422317faca23d50163151bc354"},"headline":"\u00a0[Opini\u00f3n] Carta a la oposici\u00f3n de una ciudadana desilusionada","datePublished":"2022-07-19T14:21:28+00:00","dateModified":"2022-07-23T03:18:31+00:00","mainEntityOfPage":{"@id":"http:\/\/elregionalvm.com.ar\/noticias-villa-maria\/opinion-carta-a-la-oposicion-de-una-ciudadana-desilusionada\/"},"wordCount":558,"commentCount":0,"image":{"@id":"http:\/\/elregionalvm.com.ar\/noticias-villa-maria\/opinion-carta-a-la-oposicion-de-una-ciudadana-desilusionada\/#primaryimage"},"thumbnailUrl":"https:\/\/i0.wp.com\/elregionalvm.com.ar\/noticias-villa-maria\/wp-content\/uploads\/2022\/07\/mujer-escribe-carta-notebook.jpg?fit=1200%2C675&ssl=1","keywords":["Argentina","Carta","corrupci\u00f3n","Cristina Pablos","Educaci\u00f3n","Gobierno Nacional","Inflaci\u00f3n","kirchnerismo","oposici\u00f3n","trabajo"],"articleSection":["Opini\u00f3n","tercera"],"inLanguage":"es","potentialAction":[{"@type":"CommentAction","name":"Comment","target":["http:\/\/elregionalvm.com.ar\/noticias-villa-maria\/opinion-carta-a-la-oposicion-de-una-ciudadana-desilusionada\/#respond"]}]},{"@type":"WebPage","@id":"http:\/\/elregionalvm.com.ar\/noticias-villa-maria\/opinion-carta-a-la-oposicion-de-una-ciudadana-desilusionada\/","url":"http:\/\/elregionalvm.com.ar\/noticias-villa-maria\/opinion-carta-a-la-oposicion-de-una-ciudadana-desilusionada\/","name":"\u00a0[Opini\u00f3n] Carta a la oposici\u00f3n de una ciudadana desilusionada - El Regional","isPartOf":{"@id":"http:\/\/elregionalvm.com.ar\/noticias-villa-maria\/#website"},"primaryImageOfPage":{"@id":"http:\/\/elregionalvm.com.ar\/noticias-villa-maria\/opinion-carta-a-la-oposicion-de-una-ciudadana-desilusionada\/#primaryimage"},"image":{"@id":"http:\/\/elregionalvm.com.ar\/noticias-villa-maria\/opinion-carta-a-la-oposicion-de-una-ciudadana-desilusionada\/#primaryimage"},"thumbnailUrl":"https:\/\/i0.wp.com\/elregionalvm.com.ar\/noticias-villa-maria\/wp-content\/uploads\/2022\/07\/mujer-escribe-carta-notebook.jpg?fit=1200%2C675&ssl=1","datePublished":"2022-07-19T14:21:28+00:00","dateModified":"2022-07-23T03:18:31+00:00","author":{"@id":"http:\/\/elregionalvm.com.ar\/noticias-villa-maria\/#\/schema\/person\/a0fb9c422317faca23d50163151bc354"},"breadcrumb":{"@id":"http:\/\/elregionalvm.com.ar\/noticias-villa-maria\/opinion-carta-a-la-oposicion-de-una-ciudadana-desilusionada\/#breadcrumb"},"inLanguage":"es","potentialAction":[{"@type":"ReadAction","target":["http:\/\/elregionalvm.com.ar\/noticias-villa-maria\/opinion-carta-a-la-oposicion-de-una-ciudadana-desilusionada\/"]}]},{"@type":"ImageObject","inLanguage":"es","@id":"http:\/\/elregionalvm.com.ar\/noticias-villa-maria\/opinion-carta-a-la-oposicion-de-una-ciudadana-desilusionada\/#primaryimage","url":"https:\/\/i0.wp.com\/elregionalvm.com.ar\/noticias-villa-maria\/wp-content\/uploads\/2022\/07\/mujer-escribe-carta-notebook.jpg?fit=1200%2C675&ssl=1","contentUrl":"https:\/\/i0.wp.com\/elregionalvm.com.ar\/noticias-villa-maria\/wp-content\/uploads\/2022\/07\/mujer-escribe-carta-notebook.jpg?fit=1200%2C675&ssl=1","width":1200,"height":675},{"@type":"BreadcrumbList","@id":"http:\/\/elregionalvm.com.ar\/noticias-villa-maria\/opinion-carta-a-la-oposicion-de-una-ciudadana-desilusionada\/#breadcrumb","itemListElement":[{"@type":"ListItem","position":1,"name":"Portada","item":"https:\/\/elregionalvm.com.ar\/noticias-villa-maria\/"},{"@type":"ListItem","position":2,"name":"\u00a0[Opini\u00f3n] Carta a la oposici\u00f3n de una ciudadana desilusionada"}]},{"@type":"WebSite","@id":"http:\/\/elregionalvm.com.ar\/noticias-villa-maria\/#website","url":"http:\/\/elregionalvm.com.ar\/noticias-villa-maria\/","name":"El Regional","description":"Mucho m\u00e1s que informaci\u00f3n","potentialAction":[{"@type":"SearchAction","target":{"@type":"EntryPoint","urlTemplate":"http:\/\/elregionalvm.com.ar\/noticias-villa-maria\/?s={search_term_string}"},"query-input":{"@type":"PropertyValueSpecification","valueRequired":true,"valueName":"search_term_string"}}],"inLanguage":"es"},{"@type":"Person","@id":"http:\/\/elregionalvm.com.ar\/noticias-villa-maria\/#\/schema\/person\/a0fb9c422317faca23d50163151bc354","name":"Contenidos El Regional","image":{"@type":"ImageObject","inLanguage":"es","@id":"http:\/\/elregionalvm.com.ar\/noticias-villa-maria\/#\/schema\/person\/image\/","url":"https:\/\/secure.gravatar.com\/avatar\/265b27cb2209af7bb3a1318f03305787d7981a5cc6e6cd08fe5a4ecdf99d4b48?s=96&d=mm&r=g","contentUrl":"https:\/\/secure.gravatar.com\/avatar\/265b27cb2209af7bb3a1318f03305787d7981a5cc6e6cd08fe5a4ecdf99d4b48?s=96&d=mm&r=g","caption":"Contenidos El Regional"},"url":"https:\/\/elregionalvm.com.ar\/noticias-villa-maria\/author\/contenido\/"}]}},"jetpack_featured_media_url":"https:\/\/i0.wp.com\/elregionalvm.com.ar\/noticias-villa-maria\/wp-content\/uploads\/2022\/07\/mujer-escribe-carta-notebook.jpg?fit=1200%2C675&ssl=1","jetpack_sharing_enabled":true,"_links":{"self":[{"href":"https:\/\/elregionalvm.com.ar\/noticias-villa-maria\/wp-json\/wp\/v2\/posts\/60928","targetHints":{"allow":["GET"]}}],"collection":[{"href":"https:\/\/elregionalvm.com.ar\/noticias-villa-maria\/wp-json\/wp\/v2\/posts"}],"about":[{"href":"https:\/\/elregionalvm.com.ar\/noticias-villa-maria\/wp-json\/wp\/v2\/types\/post"}],"author":[{"embeddable":true,"href":"https:\/\/elregionalvm.com.ar\/noticias-villa-maria\/wp-json\/wp\/v2\/users\/4"}],"replies":[{"embeddable":true,"href":"https:\/\/elregionalvm.com.ar\/noticias-villa-maria\/wp-json\/wp\/v2\/comments?post=60928"}],"version-history":[{"count":3,"href":"https:\/\/elregionalvm.com.ar\/noticias-villa-maria\/wp-json\/wp\/v2\/posts\/60928\/revisions"}],"predecessor-version":[{"id":60933,"href":"https:\/\/elregionalvm.com.ar\/noticias-villa-maria\/wp-json\/wp\/v2\/posts\/60928\/revisions\/60933"}],"wp:featuredmedia":[{"embeddable":true,"href":"https:\/\/elregionalvm.com.ar\/noticias-villa-maria\/wp-json\/wp\/v2\/media\/60931"}],"wp:attachment":[{"href":"https:\/\/elregionalvm.com.ar\/noticias-villa-maria\/wp-json\/wp\/v2\/media?parent=60928"}],"wp:term":[{"taxonomy":"category","embeddable":true,"href":"https:\/\/elregionalvm.com.ar\/noticias-villa-maria\/wp-json\/wp\/v2\/categories?post=60928"},{"taxonomy":"post_tag","embeddable":true,"href":"https:\/\/elregionalvm.com.ar\/noticias-villa-maria\/wp-json\/wp\/v2\/tags?post=60928"}],"curies":[{"name":"wp","href":"https:\/\/api.w.org\/{rel}","templated":true}]}}