{"id":60943,"date":"2022-07-19T20:22:48","date_gmt":"2022-07-19T20:22:48","guid":{"rendered":"https:\/\/elregionalvm.com.ar\/noticias-villa-maria\/?p=60943"},"modified":"2022-07-19T20:25:27","modified_gmt":"2022-07-19T20:25:27","slug":"el-desnivel-del-parque-de-la-vida-cuenta-con-35-nuevas-luminarias-led1","status":"publish","type":"post","link":"https:\/\/elregionalvm.com.ar\/noticias-villa-maria\/el-desnivel-del-parque-de-la-vida-cuenta-con-35-nuevas-luminarias-led1\/","title":{"rendered":"El subnivel del Parque de la Vida cuenta con 35 nuevas luminarias led"},"content":{"rendered":"\n<p>El municipio contin\u00faa trabajando en el recambio de luminarias tradicionales a tecnolog\u00eda led en distintos puntos de la ciudad. En esta oportunidad, las intervenciones tuvieron lugar a la altura del subnivel del Parque de la Vida donde se trabaj\u00f3 en la instalaci\u00f3n de 36 nuevos dispositivos de mayor sustentabilidad.<\/p>\n\n\n\n<p>En detalle, fueron colocadas 24 luminarias de 200 vatios en el acceso y parte central del paso ferroviario dotando al sector de una llamativa ornamentaci\u00f3n. Cabe destacar que se trata de luces cuya tecnolog\u00eda permite que sean aptas para su control bajo el sistema de tele gesti\u00f3n.<\/p>\n\n\n\n<figure class=\"wp-block-gallery has-nested-images columns-default is-cropped wp-block-gallery-1 is-layout-flex wp-block-gallery-is-layout-flex\">\n<figure class=\"wp-block-image size-large\"><img data-recalc-dims=\"1\" fetchpriority=\"high\" decoding=\"async\" width=\"769\" height=\"1024\" data-id=\"60946\" src=\"https:\/\/i0.wp.com\/elregionalvm.com.ar\/noticias-villa-maria\/wp-content\/uploads\/2022\/07\/WhatsApp-Image-2022-07-19-at-1.21.25-PM.jpeg?resize=769%2C1024&#038;ssl=1\" alt=\"\" class=\"wp-image-60946\" srcset=\"https:\/\/i0.wp.com\/elregionalvm.com.ar\/noticias-villa-maria\/wp-content\/uploads\/2022\/07\/WhatsApp-Image-2022-07-19-at-1.21.25-PM.jpeg?resize=769%2C1024&amp;ssl=1 769w, https:\/\/i0.wp.com\/elregionalvm.com.ar\/noticias-villa-maria\/wp-content\/uploads\/2022\/07\/WhatsApp-Image-2022-07-19-at-1.21.25-PM.jpeg?resize=225%2C300&amp;ssl=1 225w, https:\/\/i0.wp.com\/elregionalvm.com.ar\/noticias-villa-maria\/wp-content\/uploads\/2022\/07\/WhatsApp-Image-2022-07-19-at-1.21.25-PM.jpeg?resize=768%2C1023&amp;ssl=1 768w, https:\/\/i0.wp.com\/elregionalvm.com.ar\/noticias-villa-maria\/wp-content\/uploads\/2022\/07\/WhatsApp-Image-2022-07-19-at-1.21.25-PM.jpeg?resize=1153%2C1536&amp;ssl=1 1153w, https:\/\/i0.wp.com\/elregionalvm.com.ar\/noticias-villa-maria\/wp-content\/uploads\/2022\/07\/WhatsApp-Image-2022-07-19-at-1.21.25-PM.jpeg?w=1201&amp;ssl=1 1201w\" sizes=\"(max-width: 769px) 100vw, 769px\" \/><\/figure>\n\n\n\n<figure class=\"wp-block-image size-large\"><img data-recalc-dims=\"1\" decoding=\"async\" width=\"1024\" height=\"1024\" data-id=\"60945\" src=\"https:\/\/i0.wp.com\/elregionalvm.com.ar\/noticias-villa-maria\/wp-content\/uploads\/2022\/07\/WhatsApp-Image-2022-07-19-at-1.21.24-PM-1.jpeg?resize=1024%2C1024&#038;ssl=1\" alt=\"\" class=\"wp-image-60945\" srcset=\"https:\/\/i0.wp.com\/elregionalvm.com.ar\/noticias-villa-maria\/wp-content\/uploads\/2022\/07\/WhatsApp-Image-2022-07-19-at-1.21.24-PM-1.jpeg?resize=1024%2C1024&amp;ssl=1 1024w, https:\/\/i0.wp.com\/elregionalvm.com.ar\/noticias-villa-maria\/wp-content\/uploads\/2022\/07\/WhatsApp-Image-2022-07-19-at-1.21.24-PM-1.jpeg?resize=300%2C300&amp;ssl=1 300w, https:\/\/i0.wp.com\/elregionalvm.com.ar\/noticias-villa-maria\/wp-content\/uploads\/2022\/07\/WhatsApp-Image-2022-07-19-at-1.21.24-PM-1.jpeg?resize=768%2C768&amp;ssl=1 768w, https:\/\/i0.wp.com\/elregionalvm.com.ar\/noticias-villa-maria\/wp-content\/uploads\/2022\/07\/WhatsApp-Image-2022-07-19-at-1.21.24-PM-1.jpeg?w=1080&amp;ssl=1 1080w\" sizes=\"(max-width: 1000px) 100vw, 1000px\" \/><\/figure>\n<\/figure>\n\n\n\n<p>Asimismo, trabajadores del \u00e1rea del \u00e1rea de Electricidad del Corral\u00f3n Municipal trabajaron en la instalaci\u00f3n de 12 luminarias RGB sobre el puente ferroviario. Tambi\u00e9n, se avanz\u00f3 en el recambio de l\u00e1mparas led correspondientes a las luminarias coloniales de las avenidas Sabattini y Alem, como as\u00ed tambi\u00e9n sobre el puente peatonal que une la plaza Pedro Vi\u00f1as con el Parque de la Vida.<\/p>\n\n\n\n<p>De esta manera, la nueva infraestructura permitir\u00e1 reducir el consumo de energ\u00eda tras la colocaci\u00f3n de dispositivos que permitir\u00e1n un mayor ahorro de energ\u00eda y dotar a los sectores intervenidos de mayor seguridad e iluminaci\u00f3n.<\/p>\n","protected":false},"excerpt":{"rendered":"<p>El municipio contin\u00faa trabajando en el recambio de luminarias tradicionales a tecnolog\u00eda led en distintos puntos de la ciudad. En esta oportunidad, las intervenciones tuvieron lugar a la altura del subnivel del Parque de la Vida donde se trabaj\u00f3 en la instalaci\u00f3n de 36 nuevos dispositivos de mayor sustentabilidad. En detalle, fueron colocadas 24 luminarias [&hellip;]<\/p>\n","protected":false},"author":4,"featured_media":60944,"comment_status":"open","ping_status":"open","sticky":false,"template":"","format":"standard","meta":{"site-sidebar-layout":"default","site-content-layout":"","ast-site-content-layout":"default","site-content-style":"default","site-sidebar-style":"default","ast-global-header-display":"","ast-banner-title-visibility":"","ast-main-header-display":"","ast-hfb-above-header-display":"","ast-hfb-below-header-display":"","ast-hfb-mobile-header-display":"","site-post-title":"","ast-breadcrumbs-content":"","ast-featured-img":"","footer-sml-layout":"","ast-disable-related-posts":"","theme-transparent-header-meta":"","adv-header-id-meta":"","stick-header-meta":"","header-above-stick-meta":"","header-main-stick-meta":"","header-below-stick-meta":"","astra-migrate-meta-layouts":"default","ast-page-background-enabled":"default","ast-page-background-meta":{"desktop":{"background-color":"","background-image":"","background-repeat":"repeat","background-position":"center center","background-size":"auto","background-attachment":"scroll","background-type":"","background-media":"","overlay-type":"","overlay-color":"","overlay-opacity":"","overlay-gradient":""},"tablet":{"background-color":"","background-image":"","background-repeat":"repeat","background-position":"center center","background-size":"auto","background-attachment":"scroll","background-type":"","background-media":"","overlay-type":"","overlay-color":"","overlay-opacity":"","overlay-gradient":""},"mobile":{"background-color":"","background-image":"","background-repeat":"repeat","background-position":"center center","background-size":"auto","background-attachment":"scroll","background-type":"","background-media":"","overlay-type":"","overlay-color":"","overlay-opacity":"","overlay-gradient":""}},"ast-content-background-meta":{"desktop":{"background-color":"var(--ast-global-color-5)","background-image":"","background-repeat":"repeat","background-position":"center center","background-size":"auto","background-attachment":"scroll","background-type":"","background-media":"","overlay-type":"","overlay-color":"","overlay-opacity":"","overlay-gradient":""},"tablet":{"background-color":"var(--ast-global-color-5)","background-image":"","background-repeat":"repeat","background-position":"center center","background-size":"auto","background-attachment":"scroll","background-type":"","background-media":"","overlay-type":"","overlay-color":"","overlay-opacity":"","overlay-gradient":""},"mobile":{"background-color":"var(--ast-global-color-5)","background-image":"","background-repeat":"repeat","background-position":"center center","background-size":"auto","background-attachment":"scroll","background-type":"","background-media":"","overlay-type":"","overlay-color":"","overlay-opacity":"","overlay-gradient":""}},"_jetpack_memberships_contains_paid_content":false,"_joinchat":[],"footnotes":""},"categories":[15302,2],"tags":[16783,16781,7711,16784,6332,16782,2248],"class_list":["post-60943","post","type-post","status-publish","format-standard","has-post-thumbnail","hentry","category-destacado","category-villa-maria","tag-ahorro-de-energia","tag-desnivel","tag-luces-led","tag-luminarias-coloniales","tag-parque-de-la-vida","tag-puente-ferroviario","tag-villa-maria-2"],"yoast_head":"<!-- This site is optimized with the Yoast SEO plugin v26.8 - https:\/\/yoast.com\/product\/yoast-seo-wordpress\/ -->\n<title>El subnivel del Parque de la Vida cuenta con 35 nuevas luminarias led - El Regional<\/title>\n<meta name=\"robots\" content=\"index, follow, max-snippet:-1, max-image-preview:large, max-video-preview:-1\" \/>\n<link rel=\"canonical\" href=\"http:\/\/elregionalvm.com.ar\/noticias-villa-maria\/el-desnivel-del-parque-de-la-vida-cuenta-con-35-nuevas-luminarias-led1\/\" \/>\n<meta property=\"og:locale\" content=\"es_ES\" \/>\n<meta property=\"og:type\" content=\"article\" \/>\n<meta property=\"og:title\" content=\"El subnivel del Parque de la Vida cuenta con 35 nuevas luminarias led - El Regional\" \/>\n<meta property=\"og:description\" content=\"El municipio contin\u00faa trabajando en el recambio de luminarias tradicionales a tecnolog\u00eda led en distintos puntos de la ciudad. En esta oportunidad, las intervenciones tuvieron lugar a la altura del subnivel del Parque de la Vida donde se trabaj\u00f3 en la instalaci\u00f3n de 36 nuevos dispositivos de mayor sustentabilidad. En detalle, fueron colocadas 24 luminarias [&hellip;]\" \/>\n<meta property=\"og:url\" content=\"http:\/\/elregionalvm.com.ar\/noticias-villa-maria\/el-desnivel-del-parque-de-la-vida-cuenta-con-35-nuevas-luminarias-led1\/\" \/>\n<meta property=\"og:site_name\" content=\"El Regional\" \/>\n<meta property=\"article:publisher\" content=\"https:\/\/www.facebook.com\/elregionalvm\" \/>\n<meta property=\"article:published_time\" content=\"2022-07-19T20:22:48+00:00\" \/>\n<meta property=\"article:modified_time\" content=\"2022-07-19T20:25:27+00:00\" \/>\n<meta property=\"og:image\" content=\"http:\/\/elregionalvm.com.ar\/noticias-villa-maria\/wp-content\/uploads\/2022\/07\/WhatsApp-Image-2022-07-19-at-1.21.24-PM.jpeg\" \/>\n\t<meta property=\"og:image:width\" content=\"1080\" \/>\n\t<meta property=\"og:image:height\" content=\"1080\" \/>\n\t<meta property=\"og:image:type\" content=\"image\/jpeg\" \/>\n<meta name=\"author\" content=\"Contenidos El Regional\" \/>\n<meta name=\"twitter:card\" content=\"summary_large_image\" \/>\n<meta name=\"twitter:creator\" content=\"@elregionalvm1\" \/>\n<meta name=\"twitter:site\" content=\"@elregionalvm1\" \/>\n<meta name=\"twitter:label1\" content=\"Escrito por\" \/>\n\t<meta name=\"twitter:data1\" content=\"Contenidos El Regional\" \/>\n\t<meta name=\"twitter:label2\" content=\"Tiempo de lectura\" \/>\n\t<meta name=\"twitter:data2\" content=\"2 minutos\" \/>\n<script type=\"application\/ld+json\" class=\"yoast-schema-graph\">{\"@context\":\"https:\/\/schema.org\",\"@graph\":[{\"@type\":\"Article\",\"@id\":\"http:\/\/elregionalvm.com.ar\/noticias-villa-maria\/el-desnivel-del-parque-de-la-vida-cuenta-con-35-nuevas-luminarias-led1\/#article\",\"isPartOf\":{\"@id\":\"http:\/\/elregionalvm.com.ar\/noticias-villa-maria\/el-desnivel-del-parque-de-la-vida-cuenta-con-35-nuevas-luminarias-led1\/\"},\"author\":{\"name\":\"Contenidos El Regional\",\"@id\":\"http:\/\/elregionalvm.com.ar\/noticias-villa-maria\/#\/schema\/person\/a0fb9c422317faca23d50163151bc354\"},\"headline\":\"El subnivel del Parque de la Vida cuenta con 35 nuevas luminarias led\",\"datePublished\":\"2022-07-19T20:22:48+00:00\",\"dateModified\":\"2022-07-19T20:25:27+00:00\",\"mainEntityOfPage\":{\"@id\":\"http:\/\/elregionalvm.com.ar\/noticias-villa-maria\/el-desnivel-del-parque-de-la-vida-cuenta-con-35-nuevas-luminarias-led1\/\"},\"wordCount\":218,\"commentCount\":0,\"image\":{\"@id\":\"http:\/\/elregionalvm.com.ar\/noticias-villa-maria\/el-desnivel-del-parque-de-la-vida-cuenta-con-35-nuevas-luminarias-led1\/#primaryimage\"},\"thumbnailUrl\":\"https:\/\/i0.wp.com\/elregionalvm.com.ar\/noticias-villa-maria\/wp-content\/uploads\/2022\/07\/WhatsApp-Image-2022-07-19-at-1.21.24-PM.jpeg?fit=1080%2C1080&ssl=1\",\"keywords\":[\"ahorro de energ\u00eda\",\"desnivel\",\"Luces Led\",\"luminarias coloniales\",\"Parque de la Vida\",\"puente ferroviario\",\"Villa Mar\u00eda\"],\"articleSection\":[\"destacado\",\"Villa Mar\u00eda\"],\"inLanguage\":\"es\",\"potentialAction\":[{\"@type\":\"CommentAction\",\"name\":\"Comment\",\"target\":[\"http:\/\/elregionalvm.com.ar\/noticias-villa-maria\/el-desnivel-del-parque-de-la-vida-cuenta-con-35-nuevas-luminarias-led1\/#respond\"]}]},{\"@type\":\"WebPage\",\"@id\":\"http:\/\/elregionalvm.com.ar\/noticias-villa-maria\/el-desnivel-del-parque-de-la-vida-cuenta-con-35-nuevas-luminarias-led1\/\",\"url\":\"http:\/\/elregionalvm.com.ar\/noticias-villa-maria\/el-desnivel-del-parque-de-la-vida-cuenta-con-35-nuevas-luminarias-led1\/\",\"name\":\"El subnivel del Parque de la Vida cuenta con 35 nuevas luminarias led - El Regional\",\"isPartOf\":{\"@id\":\"http:\/\/elregionalvm.com.ar\/noticias-villa-maria\/#website\"},\"primaryImageOfPage\":{\"@id\":\"http:\/\/elregionalvm.com.ar\/noticias-villa-maria\/el-desnivel-del-parque-de-la-vida-cuenta-con-35-nuevas-luminarias-led1\/#primaryimage\"},\"image\":{\"@id\":\"http:\/\/elregionalvm.com.ar\/noticias-villa-maria\/el-desnivel-del-parque-de-la-vida-cuenta-con-35-nuevas-luminarias-led1\/#primaryimage\"},\"thumbnailUrl\":\"https:\/\/i0.wp.com\/elregionalvm.com.ar\/noticias-villa-maria\/wp-content\/uploads\/2022\/07\/WhatsApp-Image-2022-07-19-at-1.21.24-PM.jpeg?fit=1080%2C1080&ssl=1\",\"datePublished\":\"2022-07-19T20:22:48+00:00\",\"dateModified\":\"2022-07-19T20:25:27+00:00\",\"author\":{\"@id\":\"http:\/\/elregionalvm.com.ar\/noticias-villa-maria\/#\/schema\/person\/a0fb9c422317faca23d50163151bc354\"},\"breadcrumb\":{\"@id\":\"http:\/\/elregionalvm.com.ar\/noticias-villa-maria\/el-desnivel-del-parque-de-la-vida-cuenta-con-35-nuevas-luminarias-led1\/#breadcrumb\"},\"inLanguage\":\"es\",\"potentialAction\":[{\"@type\":\"ReadAction\",\"target\":[\"http:\/\/elregionalvm.com.ar\/noticias-villa-maria\/el-desnivel-del-parque-de-la-vida-cuenta-con-35-nuevas-luminarias-led1\/\"]}]},{\"@type\":\"ImageObject\",\"inLanguage\":\"es\",\"@id\":\"http:\/\/elregionalvm.com.ar\/noticias-villa-maria\/el-desnivel-del-parque-de-la-vida-cuenta-con-35-nuevas-luminarias-led1\/#primaryimage\",\"url\":\"https:\/\/i0.wp.com\/elregionalvm.com.ar\/noticias-villa-maria\/wp-content\/uploads\/2022\/07\/WhatsApp-Image-2022-07-19-at-1.21.24-PM.jpeg?fit=1080%2C1080&ssl=1\",\"contentUrl\":\"https:\/\/i0.wp.com\/elregionalvm.com.ar\/noticias-villa-maria\/wp-content\/uploads\/2022\/07\/WhatsApp-Image-2022-07-19-at-1.21.24-PM.jpeg?fit=1080%2C1080&ssl=1\",\"width\":1080,\"height\":1080},{\"@type\":\"BreadcrumbList\",\"@id\":\"http:\/\/elregionalvm.com.ar\/noticias-villa-maria\/el-desnivel-del-parque-de-la-vida-cuenta-con-35-nuevas-luminarias-led1\/#breadcrumb\",\"itemListElement\":[{\"@type\":\"ListItem\",\"position\":1,\"name\":\"Portada\",\"item\":\"https:\/\/elregionalvm.com.ar\/noticias-villa-maria\/\"},{\"@type\":\"ListItem\",\"position\":2,\"name\":\"El subnivel del Parque de la Vida cuenta con 35 nuevas luminarias led\"}]},{\"@type\":\"WebSite\",\"@id\":\"http:\/\/elregionalvm.com.ar\/noticias-villa-maria\/#website\",\"url\":\"http:\/\/elregionalvm.com.ar\/noticias-villa-maria\/\",\"name\":\"El Regional\",\"description\":\"Mucho m\u00e1s que informaci\u00f3n\",\"potentialAction\":[{\"@type\":\"SearchAction\",\"target\":{\"@type\":\"EntryPoint\",\"urlTemplate\":\"http:\/\/elregionalvm.com.ar\/noticias-villa-maria\/?s={search_term_string}\"},\"query-input\":{\"@type\":\"PropertyValueSpecification\",\"valueRequired\":true,\"valueName\":\"search_term_string\"}}],\"inLanguage\":\"es\"},{\"@type\":\"Person\",\"@id\":\"http:\/\/elregionalvm.com.ar\/noticias-villa-maria\/#\/schema\/person\/a0fb9c422317faca23d50163151bc354\",\"name\":\"Contenidos El Regional\",\"image\":{\"@type\":\"ImageObject\",\"inLanguage\":\"es\",\"@id\":\"http:\/\/elregionalvm.com.ar\/noticias-villa-maria\/#\/schema\/person\/image\/\",\"url\":\"https:\/\/secure.gravatar.com\/avatar\/265b27cb2209af7bb3a1318f03305787d7981a5cc6e6cd08fe5a4ecdf99d4b48?s=96&d=mm&r=g\",\"contentUrl\":\"https:\/\/secure.gravatar.com\/avatar\/265b27cb2209af7bb3a1318f03305787d7981a5cc6e6cd08fe5a4ecdf99d4b48?s=96&d=mm&r=g\",\"caption\":\"Contenidos El Regional\"},\"url\":\"https:\/\/elregionalvm.com.ar\/noticias-villa-maria\/author\/contenido\/\"}]}<\/script>\n<!-- \/ Yoast SEO plugin. -->","yoast_head_json":{"title":"El subnivel del Parque de la Vida cuenta con 35 nuevas luminarias led - El Regional","robots":{"index":"index","follow":"follow","max-snippet":"max-snippet:-1","max-image-preview":"max-image-preview:large","max-video-preview":"max-video-preview:-1"},"canonical":"http:\/\/elregionalvm.com.ar\/noticias-villa-maria\/el-desnivel-del-parque-de-la-vida-cuenta-con-35-nuevas-luminarias-led1\/","og_locale":"es_ES","og_type":"article","og_title":"El subnivel del Parque de la Vida cuenta con 35 nuevas luminarias led - El Regional","og_description":"El municipio contin\u00faa trabajando en el recambio de luminarias tradicionales a tecnolog\u00eda led en distintos puntos de la ciudad. En esta oportunidad, las intervenciones tuvieron lugar a la altura del subnivel del Parque de la Vida donde se trabaj\u00f3 en la instalaci\u00f3n de 36 nuevos dispositivos de mayor sustentabilidad. En detalle, fueron colocadas 24 luminarias [&hellip;]","og_url":"http:\/\/elregionalvm.com.ar\/noticias-villa-maria\/el-desnivel-del-parque-de-la-vida-cuenta-con-35-nuevas-luminarias-led1\/","og_site_name":"El Regional","article_publisher":"https:\/\/www.facebook.com\/elregionalvm","article_published_time":"2022-07-19T20:22:48+00:00","article_modified_time":"2022-07-19T20:25:27+00:00","og_image":[{"width":1080,"height":1080,"url":"http:\/\/elregionalvm.com.ar\/noticias-villa-maria\/wp-content\/uploads\/2022\/07\/WhatsApp-Image-2022-07-19-at-1.21.24-PM.jpeg","type":"image\/jpeg"}],"author":"Contenidos El Regional","twitter_card":"summary_large_image","twitter_creator":"@elregionalvm1","twitter_site":"@elregionalvm1","twitter_misc":{"Escrito por":"Contenidos El Regional","Tiempo de lectura":"2 minutos"},"schema":{"@context":"https:\/\/schema.org","@graph":[{"@type":"Article","@id":"http:\/\/elregionalvm.com.ar\/noticias-villa-maria\/el-desnivel-del-parque-de-la-vida-cuenta-con-35-nuevas-luminarias-led1\/#article","isPartOf":{"@id":"http:\/\/elregionalvm.com.ar\/noticias-villa-maria\/el-desnivel-del-parque-de-la-vida-cuenta-con-35-nuevas-luminarias-led1\/"},"author":{"name":"Contenidos El Regional","@id":"http:\/\/elregionalvm.com.ar\/noticias-villa-maria\/#\/schema\/person\/a0fb9c422317faca23d50163151bc354"},"headline":"El subnivel del Parque de la Vida cuenta con 35 nuevas luminarias led","datePublished":"2022-07-19T20:22:48+00:00","dateModified":"2022-07-19T20:25:27+00:00","mainEntityOfPage":{"@id":"http:\/\/elregionalvm.com.ar\/noticias-villa-maria\/el-desnivel-del-parque-de-la-vida-cuenta-con-35-nuevas-luminarias-led1\/"},"wordCount":218,"commentCount":0,"image":{"@id":"http:\/\/elregionalvm.com.ar\/noticias-villa-maria\/el-desnivel-del-parque-de-la-vida-cuenta-con-35-nuevas-luminarias-led1\/#primaryimage"},"thumbnailUrl":"https:\/\/i0.wp.com\/elregionalvm.com.ar\/noticias-villa-maria\/wp-content\/uploads\/2022\/07\/WhatsApp-Image-2022-07-19-at-1.21.24-PM.jpeg?fit=1080%2C1080&ssl=1","keywords":["ahorro de energ\u00eda","desnivel","Luces Led","luminarias coloniales","Parque de la Vida","puente ferroviario","Villa Mar\u00eda"],"articleSection":["destacado","Villa Mar\u00eda"],"inLanguage":"es","potentialAction":[{"@type":"CommentAction","name":"Comment","target":["http:\/\/elregionalvm.com.ar\/noticias-villa-maria\/el-desnivel-del-parque-de-la-vida-cuenta-con-35-nuevas-luminarias-led1\/#respond"]}]},{"@type":"WebPage","@id":"http:\/\/elregionalvm.com.ar\/noticias-villa-maria\/el-desnivel-del-parque-de-la-vida-cuenta-con-35-nuevas-luminarias-led1\/","url":"http:\/\/elregionalvm.com.ar\/noticias-villa-maria\/el-desnivel-del-parque-de-la-vida-cuenta-con-35-nuevas-luminarias-led1\/","name":"El subnivel del Parque de la Vida cuenta con 35 nuevas luminarias led - El Regional","isPartOf":{"@id":"http:\/\/elregionalvm.com.ar\/noticias-villa-maria\/#website"},"primaryImageOfPage":{"@id":"http:\/\/elregionalvm.com.ar\/noticias-villa-maria\/el-desnivel-del-parque-de-la-vida-cuenta-con-35-nuevas-luminarias-led1\/#primaryimage"},"image":{"@id":"http:\/\/elregionalvm.com.ar\/noticias-villa-maria\/el-desnivel-del-parque-de-la-vida-cuenta-con-35-nuevas-luminarias-led1\/#primaryimage"},"thumbnailUrl":"https:\/\/i0.wp.com\/elregionalvm.com.ar\/noticias-villa-maria\/wp-content\/uploads\/2022\/07\/WhatsApp-Image-2022-07-19-at-1.21.24-PM.jpeg?fit=1080%2C1080&ssl=1","datePublished":"2022-07-19T20:22:48+00:00","dateModified":"2022-07-19T20:25:27+00:00","author":{"@id":"http:\/\/elregionalvm.com.ar\/noticias-villa-maria\/#\/schema\/person\/a0fb9c422317faca23d50163151bc354"},"breadcrumb":{"@id":"http:\/\/elregionalvm.com.ar\/noticias-villa-maria\/el-desnivel-del-parque-de-la-vida-cuenta-con-35-nuevas-luminarias-led1\/#breadcrumb"},"inLanguage":"es","potentialAction":[{"@type":"ReadAction","target":["http:\/\/elregionalvm.com.ar\/noticias-villa-maria\/el-desnivel-del-parque-de-la-vida-cuenta-con-35-nuevas-luminarias-led1\/"]}]},{"@type":"ImageObject","inLanguage":"es","@id":"http:\/\/elregionalvm.com.ar\/noticias-villa-maria\/el-desnivel-del-parque-de-la-vida-cuenta-con-35-nuevas-luminarias-led1\/#primaryimage","url":"https:\/\/i0.wp.com\/elregionalvm.com.ar\/noticias-villa-maria\/wp-content\/uploads\/2022\/07\/WhatsApp-Image-2022-07-19-at-1.21.24-PM.jpeg?fit=1080%2C1080&ssl=1","contentUrl":"https:\/\/i0.wp.com\/elregionalvm.com.ar\/noticias-villa-maria\/wp-content\/uploads\/2022\/07\/WhatsApp-Image-2022-07-19-at-1.21.24-PM.jpeg?fit=1080%2C1080&ssl=1","width":1080,"height":1080},{"@type":"BreadcrumbList","@id":"http:\/\/elregionalvm.com.ar\/noticias-villa-maria\/el-desnivel-del-parque-de-la-vida-cuenta-con-35-nuevas-luminarias-led1\/#breadcrumb","itemListElement":[{"@type":"ListItem","position":1,"name":"Portada","item":"https:\/\/elregionalvm.com.ar\/noticias-villa-maria\/"},{"@type":"ListItem","position":2,"name":"El subnivel del Parque de la Vida cuenta con 35 nuevas luminarias led"}]},{"@type":"WebSite","@id":"http:\/\/elregionalvm.com.ar\/noticias-villa-maria\/#website","url":"http:\/\/elregionalvm.com.ar\/noticias-villa-maria\/","name":"El Regional","description":"Mucho m\u00e1s que informaci\u00f3n","potentialAction":[{"@type":"SearchAction","target":{"@type":"EntryPoint","urlTemplate":"http:\/\/elregionalvm.com.ar\/noticias-villa-maria\/?s={search_term_string}"},"query-input":{"@type":"PropertyValueSpecification","valueRequired":true,"valueName":"search_term_string"}}],"inLanguage":"es"},{"@type":"Person","@id":"http:\/\/elregionalvm.com.ar\/noticias-villa-maria\/#\/schema\/person\/a0fb9c422317faca23d50163151bc354","name":"Contenidos El Regional","image":{"@type":"ImageObject","inLanguage":"es","@id":"http:\/\/elregionalvm.com.ar\/noticias-villa-maria\/#\/schema\/person\/image\/","url":"https:\/\/secure.gravatar.com\/avatar\/265b27cb2209af7bb3a1318f03305787d7981a5cc6e6cd08fe5a4ecdf99d4b48?s=96&d=mm&r=g","contentUrl":"https:\/\/secure.gravatar.com\/avatar\/265b27cb2209af7bb3a1318f03305787d7981a5cc6e6cd08fe5a4ecdf99d4b48?s=96&d=mm&r=g","caption":"Contenidos El Regional"},"url":"https:\/\/elregionalvm.com.ar\/noticias-villa-maria\/author\/contenido\/"}]}},"jetpack_featured_media_url":"https:\/\/i0.wp.com\/elregionalvm.com.ar\/noticias-villa-maria\/wp-content\/uploads\/2022\/07\/WhatsApp-Image-2022-07-19-at-1.21.24-PM.jpeg?fit=1080%2C1080&ssl=1","jetpack_sharing_enabled":true,"_links":{"self":[{"href":"https:\/\/elregionalvm.com.ar\/noticias-villa-maria\/wp-json\/wp\/v2\/posts\/60943","targetHints":{"allow":["GET"]}}],"collection":[{"href":"https:\/\/elregionalvm.com.ar\/noticias-villa-maria\/wp-json\/wp\/v2\/posts"}],"about":[{"href":"https:\/\/elregionalvm.com.ar\/noticias-villa-maria\/wp-json\/wp\/v2\/types\/post"}],"author":[{"embeddable":true,"href":"https:\/\/elregionalvm.com.ar\/noticias-villa-maria\/wp-json\/wp\/v2\/users\/4"}],"replies":[{"embeddable":true,"href":"https:\/\/elregionalvm.com.ar\/noticias-villa-maria\/wp-json\/wp\/v2\/comments?post=60943"}],"version-history":[{"count":2,"href":"https:\/\/elregionalvm.com.ar\/noticias-villa-maria\/wp-json\/wp\/v2\/posts\/60943\/revisions"}],"predecessor-version":[{"id":60948,"href":"https:\/\/elregionalvm.com.ar\/noticias-villa-maria\/wp-json\/wp\/v2\/posts\/60943\/revisions\/60948"}],"wp:featuredmedia":[{"embeddable":true,"href":"https:\/\/elregionalvm.com.ar\/noticias-villa-maria\/wp-json\/wp\/v2\/media\/60944"}],"wp:attachment":[{"href":"https:\/\/elregionalvm.com.ar\/noticias-villa-maria\/wp-json\/wp\/v2\/media?parent=60943"}],"wp:term":[{"taxonomy":"category","embeddable":true,"href":"https:\/\/elregionalvm.com.ar\/noticias-villa-maria\/wp-json\/wp\/v2\/categories?post=60943"},{"taxonomy":"post_tag","embeddable":true,"href":"https:\/\/elregionalvm.com.ar\/noticias-villa-maria\/wp-json\/wp\/v2\/tags?post=60943"}],"curies":[{"name":"wp","href":"https:\/\/api.w.org\/{rel}","templated":true}]}}