{"id":60960,"date":"2022-07-19T21:17:08","date_gmt":"2022-07-19T21:17:08","guid":{"rendered":"https:\/\/elregionalvm.com.ar\/noticias-villa-maria\/?p=60960"},"modified":"2022-07-19T21:17:09","modified_gmt":"2022-07-19T21:17:09","slug":"schiaretti-en-marcos-juarez-inauguro-obras-y-puso-en-marcha-otras","status":"publish","type":"post","link":"https:\/\/elregionalvm.com.ar\/noticias-villa-maria\/schiaretti-en-marcos-juarez-inauguro-obras-y-puso-en-marcha-otras\/","title":{"rendered":"Schiaretti en Marcos Ju\u00e1rez: inaugur\u00f3 obras y puso en marcha otras"},"content":{"rendered":"\n<p>El gobernador Juan Schiaretti visit\u00f3 esta ma\u00f1ana la ciudad de Marcos Ju\u00e1rez para inaugurar la obra de ampliaci\u00f3n de redes colectoras cloacales domiciliarias.<br>\u201c<em>Es una alegr\u00eda ver c\u00f3mo concluimos obras, por un lado, y poner en marcha otras que tienen que ver con la calidad de vida y el progreso de los habitantes de Marcos Ju\u00e1rez\u201d<\/em>, expres\u00f3 el mandatario cordob\u00e9s.<\/p>\n\n\n\n<p>Los trabajos realizados incluyeron 3.645 metros de ca\u00f1er\u00eda de 160 mil\u00edmetros de di\u00e1metro, 27 bocas de registro y 246 conexiones domiciliarias. Se beneficiar\u00e1n 1230 vecinos.<br><em>\u201cEs imprescindible para que las familias puedan vivir tranquilas, para que cuidemos la ecolog\u00eda y la salud, que haya saneamiento y que haya desag\u00fces. Hoy estamos felices de haber inaugurado redes de cloaca, que financi\u00f3 la Provincia, y que le permiten llegar pr\u00e1cticamente al 100 por ciento de la ciudad\u201d,<\/em> resalt\u00f3 el mandatario.<\/p>\n\n\n\n<p><strong>La inversi\u00f3n realizada es de $33.877.503 y fue hecha en 5 meses<\/strong>.<br>A su turno, el ministro de Servicios P\u00fablicos, Fabi\u00e1n L\u00f3pez, indic\u00f3: \u201cEsta obra de saneamiento cloacal que hoy habilitamos se enmarca en un plan que nos pidi\u00f3 el gobernador para que llevemos adelante desde el 2016 hasta el a\u00f1o que viene. Tendr\u00e1 un beneficio que impactar\u00e1 en 78 localidades de todo el territorio provincial, construyendo 41 plantas de tratamiento, m\u00e1s de 500 kil\u00f3metros de redes, colectoras troncales y domiciliarias. Beneficiar\u00e1 a m\u00e1s de 3.600.000 habitantes\u201d.<\/p>\n\n\n\n<p><strong>Desag\u00fce pluvial<\/strong><br>Durante su visita a Marcos Ju\u00e1rez, el gobernador Juan Schiaretti firm\u00f3 con el municipio un convenio para ejecutar nuevas obras de desag\u00fce pluvial en la cuenca centro-oeste.<br>Este futuro emprendimiento tiene como finalidad resolver la problem\u00e1tica de inundaci\u00f3n que afecta a la localidad, la cual se encuentra asociada a la falta de espacio para almacenamiento y regulaci\u00f3n de excedentes h\u00eddricos.<br>\u201cCon este conducto que hoy empezamos a hacer no se nos va a inundar pr\u00e1cticamente ning\u00fan sector de Marcos Ju\u00e1rez. La Provincia va a financiar y estaremos licitando a fines de julio para empezar las obras en octubre y que est\u00e9n listas en junio\u201d, adelant\u00f3 el gobernador.<br>En el marco del fortalecimiento de las relaciones de la Provincia con distintos municipios, el convenio tiene por objetivo principal aunar esfuerzos y trabajar en conjunto a fin de materializar la ejecuci\u00f3n de las obras que forman parte del proyecto.<br>Los trabajos dentro del acuerdo comprender\u00e1n un nuevo conducto aliviador para Lago Noroeste; la refuncionalizaci\u00f3n del canal pluvial en el tramo comprendido entre calle De las Colonias; la obra del canal cuenca Bianchi Norte y el saneamiento y ampliaci\u00f3n de capacidad del Lago Henry Dellarrosa.<br>Es oportuno destacar que la Provincia ejecutar\u00e1 el nuevo conducto principal de desag\u00fce pluvial cuenca centro-oeste con un presupuesto estimado de $289.620.648.<br>La Municipalidad, en tanto, se comprometi\u00f3 a habilitar las tareas de finalizaci\u00f3n de calzada, sumideros, planificaci\u00f3n de tr\u00e1nsito, uso de v\u00eda p\u00fablica y obras complementarias. Tambi\u00e9n llevar\u00e1 adelante los trabajos relacionados al saneamiento y ampliaci\u00f3n de capacidad del Lago Henry Dellarrosa (Lago Noroeste) con un presupuesto estimado de $91.311.379,94.<\/p>\n\n\n\n<p><strong>Planta transformadora de energ\u00eda el\u00e9ctrica<\/strong><br>Por otro lado, la Empresa Provincial de Energ\u00eda de C\u00f3rdoba (EPEC) firm\u00f3 hoy el contrato de adjudicaci\u00f3n para la construcci\u00f3n de una nueva estaci\u00f3n transformadora en Marcos Ju\u00e1rez. La obra se iniciar\u00e1 en septiembre pr\u00f3ximo y tiene un plazo de ejecuci\u00f3n de 420 d\u00edas.<br>Con un monto de inversi\u00f3n de $1.633.773.918,79 que beneficiar\u00e1 a 80.000 habitantes, el trabajo de infraestructura electr\u00f3gena permitir\u00e1 mejorar la calidad del servicio el\u00e9ctrico y reforzar la provisi\u00f3n de energ\u00eda el\u00e9ctrica.<br>\u201cEsto es presente y futuro de Marcos Ju\u00e1rez y la regi\u00f3n. Es avanzar haciendo la infraestructura el\u00e9ctrica, no s\u00f3lo para que a nuestra gente no se le corte la luz cuando hay mucho consumo, sino tambi\u00e9n para tener la infraestructura el\u00e9ctrica y que haya m\u00e1s producci\u00f3n\u201d, dijo Schiaretti.<br>Las localidades alcanzadas por las mejoras en el suministro ser\u00e1n Leones, Inriville, Noetinger, Camilo Aldao, San Marcos Sud, Cruz Alta, Justiniano Posse, Monte Buey, entre otras.<br>La flamante planta ampliar\u00e1 la capacidad para afrontar incrementos de demanda en la zona y mejorar\u00e1 la calidad del servicio el\u00e9ctrico en la ciudad de Marcos Ju\u00e1rez, trasladando la demanda actual que se encuentra abastecida por el sistema de 66kV hac\u00eda el sistema de 132kV, manteniendo la actual estaci\u00f3n en 66kV como respaldo.<\/p>\n\n\n\n<p><strong>M\u00e1s obras<\/strong><br>En el mismo acto, el gobernador anunci\u00f3 mejoras para el aer\u00f3dromo local: \u201cHab\u00eda un compromiso que asum\u00ed con los habitantes de Marcos Ju\u00e1rez y con quienes llevan adelante el cuidado del aer\u00f3dromo: que \u00edbamos a repavimentar 1200 metros\u201d.<br>\u201cQuiero decirles que la \u00faltima semana de julio se publicar\u00e1 el llamado a licitaci\u00f3n de la repavimentaci\u00f3n de la pista del aeropuerto de Marcos Ju\u00e1rez. En agosto estaremos abriendo los sobres y la Provincia va invertir 250 millones de pesos para que est\u00e9 bien la pista\u201d, a\u00f1adi\u00f3.<br>A su vez, Schiaretti inform\u00f3 tambi\u00e9n de la construcci\u00f3n de un Polideportivo Social para Marcos Ju\u00e1rez: \u201cC\u00f3rdoba tiene en marcha un programa de construcci\u00f3n de 100 polideportivos sociales para que all\u00ed se encuentren las familias, los vecinos; para que los ni\u00f1os y los j\u00f3venes puedan practicar deporte, cultura, arte. Para que podamos alejarlos del peligro de la droga y el alcohol\u201d.<br>\u201cUno de esos 100 polideportivos sociales lo vamos a construir aqu\u00ed en Marcos Ju\u00e1rez, en barrio Centro. Comenzamos a partir de agosto y agradezco al intendente Dellarrosa porque la Municipalidad puso el terreno y la Provincia construye el polideportivo, que es una inversi\u00f3n de 45 millones de pesos\u201d.<br>Al cierre de su discurso, Schiaretti expres\u00f3: \u201cCon todas estas obras, la Provincia est\u00e1 invirtiendo en Marcos Ju\u00e1rez 3.541 millones de pesos. Y me llena de alegr\u00eda el coraz\u00f3n poder hacerlas porque estas obras tienen que ver con la salud, con la vinculaci\u00f3n comunitaria, con la calidad de vida de cada habitante y con el progreso de Marcos Ju\u00e1rez\u201d.<br>Tambi\u00e9n acompa\u00f1aron al gobernador el ministro de Desarrollo Social, Juan Carlos Massei; su par de Vinculaci\u00f3n Comunitaria, Protocolo y Comunicaci\u00f3n, Paulo Cassinerio; los legisladores Miguel \u00c1ngel Majul y Julieta Rinaldi; y el presidente de EPEC Luis Giovine.<\/p>\n","protected":false},"excerpt":{"rendered":"<p>El gobernador Juan Schiaretti visit\u00f3 esta ma\u00f1ana la ciudad de Marcos Ju\u00e1rez para inaugurar la obra de ampliaci\u00f3n de redes colectoras cloacales domiciliarias.\u201cEs una alegr\u00eda ver c\u00f3mo concluimos obras, por un lado, y poner en marcha otras que tienen que ver con la calidad de vida y el progreso de los habitantes de Marcos Ju\u00e1rez\u201d, [&hellip;]<\/p>\n","protected":false},"author":4,"featured_media":60961,"comment_status":"open","ping_status":"open","sticky":false,"template":"","format":"standard","meta":{"site-sidebar-layout":"default","site-content-layout":"","ast-site-content-layout":"default","site-content-style":"default","site-sidebar-style":"default","ast-global-header-display":"","ast-banner-title-visibility":"","ast-main-header-display":"","ast-hfb-above-header-display":"","ast-hfb-below-header-display":"","ast-hfb-mobile-header-display":"","site-post-title":"","ast-breadcrumbs-content":"","ast-featured-img":"","footer-sml-layout":"","ast-disable-related-posts":"","theme-transparent-header-meta":"","adv-header-id-meta":"","stick-header-meta":"","header-above-stick-meta":"","header-main-stick-meta":"","header-below-stick-meta":"","astra-migrate-meta-layouts":"default","ast-page-background-enabled":"default","ast-page-background-meta":{"desktop":{"background-color":"","background-image":"","background-repeat":"repeat","background-position":"center center","background-size":"auto","background-attachment":"scroll","background-type":"","background-media":"","overlay-type":"","overlay-color":"","overlay-opacity":"","overlay-gradient":""},"tablet":{"background-color":"","background-image":"","background-repeat":"repeat","background-position":"center center","background-size":"auto","background-attachment":"scroll","background-type":"","background-media":"","overlay-type":"","overlay-color":"","overlay-opacity":"","overlay-gradient":""},"mobile":{"background-color":"","background-image":"","background-repeat":"repeat","background-position":"center center","background-size":"auto","background-attachment":"scroll","background-type":"","background-media":"","overlay-type":"","overlay-color":"","overlay-opacity":"","overlay-gradient":""}},"ast-content-background-meta":{"desktop":{"background-color":"var(--ast-global-color-5)","background-image":"","background-repeat":"repeat","background-position":"center center","background-size":"auto","background-attachment":"scroll","background-type":"","background-media":"","overlay-type":"","overlay-color":"","overlay-opacity":"","overlay-gradient":""},"tablet":{"background-color":"var(--ast-global-color-5)","background-image":"","background-repeat":"repeat","background-position":"center center","background-size":"auto","background-attachment":"scroll","background-type":"","background-media":"","overlay-type":"","overlay-color":"","overlay-opacity":"","overlay-gradient":""},"mobile":{"background-color":"var(--ast-global-color-5)","background-image":"","background-repeat":"repeat","background-position":"center center","background-size":"auto","background-attachment":"scroll","background-type":"","background-media":"","overlay-type":"","overlay-color":"","overlay-opacity":"","overlay-gradient":""}},"_jetpack_memberships_contains_paid_content":false,"_joinchat":[],"footnotes":""},"categories":[15302,2091],"tags":[16794,16793,9822,16791,2370,16792,164],"class_list":["post-60960","post","type-post","status-publish","format-standard","has-post-thumbnail","hentry","category-destacado","category-region","tag-colectoras-troncales","tag-desague-pluvial","tag-gobierno-de-la-provincia","tag-inauguracion-de-obras","tag-marcos-juarez-2","tag-redes-colectoras-cloacales","tag-schiaretti"],"yoast_head":"<!-- This site is optimized with the Yoast SEO plugin v26.8 - https:\/\/yoast.com\/product\/yoast-seo-wordpress\/ -->\n<title>Schiaretti en Marcos Ju\u00e1rez: inaugur\u00f3 obras y puso en marcha otras - El Regional<\/title>\n<meta name=\"robots\" content=\"index, follow, max-snippet:-1, max-image-preview:large, max-video-preview:-1\" \/>\n<link rel=\"canonical\" href=\"http:\/\/elregionalvm.com.ar\/noticias-villa-maria\/schiaretti-en-marcos-juarez-inauguro-obras-y-puso-en-marcha-otras\/\" \/>\n<meta property=\"og:locale\" content=\"es_ES\" \/>\n<meta property=\"og:type\" content=\"article\" \/>\n<meta property=\"og:title\" content=\"Schiaretti en Marcos Ju\u00e1rez: inaugur\u00f3 obras y puso en marcha otras - El Regional\" \/>\n<meta property=\"og:description\" content=\"El gobernador Juan Schiaretti visit\u00f3 esta ma\u00f1ana la ciudad de Marcos Ju\u00e1rez para inaugurar la obra de ampliaci\u00f3n de redes colectoras cloacales domiciliarias.\u201cEs una alegr\u00eda ver c\u00f3mo concluimos obras, por un lado, y poner en marcha otras que tienen que ver con la calidad de vida y el progreso de los habitantes de Marcos Ju\u00e1rez\u201d, [&hellip;]\" \/>\n<meta property=\"og:url\" content=\"http:\/\/elregionalvm.com.ar\/noticias-villa-maria\/schiaretti-en-marcos-juarez-inauguro-obras-y-puso-en-marcha-otras\/\" \/>\n<meta property=\"og:site_name\" content=\"El Regional\" \/>\n<meta property=\"article:publisher\" content=\"https:\/\/www.facebook.com\/elregionalvm\" \/>\n<meta property=\"article:published_time\" content=\"2022-07-19T21:17:08+00:00\" \/>\n<meta property=\"article:modified_time\" content=\"2022-07-19T21:17:09+00:00\" \/>\n<meta property=\"og:image\" content=\"http:\/\/elregionalvm.com.ar\/noticias-villa-maria\/wp-content\/uploads\/2022\/07\/schiaretti-en-marcos-juarez-2.jpg\" \/>\n\t<meta property=\"og:image:width\" content=\"680\" \/>\n\t<meta property=\"og:image:height\" content=\"477\" \/>\n\t<meta property=\"og:image:type\" content=\"image\/jpeg\" \/>\n<meta name=\"author\" content=\"Contenidos El Regional\" \/>\n<meta name=\"twitter:card\" content=\"summary_large_image\" \/>\n<meta name=\"twitter:creator\" content=\"@elregionalvm1\" \/>\n<meta name=\"twitter:site\" content=\"@elregionalvm1\" \/>\n<meta name=\"twitter:label1\" content=\"Escrito por\" \/>\n\t<meta name=\"twitter:data1\" content=\"Contenidos El Regional\" \/>\n\t<meta name=\"twitter:label2\" content=\"Tiempo de lectura\" \/>\n\t<meta name=\"twitter:data2\" content=\"5 minutos\" \/>\n<script type=\"application\/ld+json\" class=\"yoast-schema-graph\">{\"@context\":\"https:\/\/schema.org\",\"@graph\":[{\"@type\":\"Article\",\"@id\":\"http:\/\/elregionalvm.com.ar\/noticias-villa-maria\/schiaretti-en-marcos-juarez-inauguro-obras-y-puso-en-marcha-otras\/#article\",\"isPartOf\":{\"@id\":\"http:\/\/elregionalvm.com.ar\/noticias-villa-maria\/schiaretti-en-marcos-juarez-inauguro-obras-y-puso-en-marcha-otras\/\"},\"author\":{\"name\":\"Contenidos El Regional\",\"@id\":\"http:\/\/elregionalvm.com.ar\/noticias-villa-maria\/#\/schema\/person\/a0fb9c422317faca23d50163151bc354\"},\"headline\":\"Schiaretti en Marcos Ju\u00e1rez: inaugur\u00f3 obras y puso en marcha otras\",\"datePublished\":\"2022-07-19T21:17:08+00:00\",\"dateModified\":\"2022-07-19T21:17:09+00:00\",\"mainEntityOfPage\":{\"@id\":\"http:\/\/elregionalvm.com.ar\/noticias-villa-maria\/schiaretti-en-marcos-juarez-inauguro-obras-y-puso-en-marcha-otras\/\"},\"wordCount\":1080,\"commentCount\":0,\"image\":{\"@id\":\"http:\/\/elregionalvm.com.ar\/noticias-villa-maria\/schiaretti-en-marcos-juarez-inauguro-obras-y-puso-en-marcha-otras\/#primaryimage\"},\"thumbnailUrl\":\"https:\/\/i0.wp.com\/elregionalvm.com.ar\/noticias-villa-maria\/wp-content\/uploads\/2022\/07\/schiaretti-en-marcos-juarez-2.jpg?fit=680%2C477&ssl=1\",\"keywords\":[\"colectoras troncales\",\"desag\u00fce pluvial\",\"Gobierno de la Provincia\",\"inauguraci\u00f3n de obras\",\"Marcos Ju\u00e1rez\",\"redes colectoras cloacales\",\"Schiaretti\"],\"articleSection\":[\"destacado\",\"Regi\u00f3n\"],\"inLanguage\":\"es\",\"potentialAction\":[{\"@type\":\"CommentAction\",\"name\":\"Comment\",\"target\":[\"http:\/\/elregionalvm.com.ar\/noticias-villa-maria\/schiaretti-en-marcos-juarez-inauguro-obras-y-puso-en-marcha-otras\/#respond\"]}]},{\"@type\":\"WebPage\",\"@id\":\"http:\/\/elregionalvm.com.ar\/noticias-villa-maria\/schiaretti-en-marcos-juarez-inauguro-obras-y-puso-en-marcha-otras\/\",\"url\":\"http:\/\/elregionalvm.com.ar\/noticias-villa-maria\/schiaretti-en-marcos-juarez-inauguro-obras-y-puso-en-marcha-otras\/\",\"name\":\"Schiaretti en Marcos Ju\u00e1rez: inaugur\u00f3 obras y puso en marcha otras - El Regional\",\"isPartOf\":{\"@id\":\"http:\/\/elregionalvm.com.ar\/noticias-villa-maria\/#website\"},\"primaryImageOfPage\":{\"@id\":\"http:\/\/elregionalvm.com.ar\/noticias-villa-maria\/schiaretti-en-marcos-juarez-inauguro-obras-y-puso-en-marcha-otras\/#primaryimage\"},\"image\":{\"@id\":\"http:\/\/elregionalvm.com.ar\/noticias-villa-maria\/schiaretti-en-marcos-juarez-inauguro-obras-y-puso-en-marcha-otras\/#primaryimage\"},\"thumbnailUrl\":\"https:\/\/i0.wp.com\/elregionalvm.com.ar\/noticias-villa-maria\/wp-content\/uploads\/2022\/07\/schiaretti-en-marcos-juarez-2.jpg?fit=680%2C477&ssl=1\",\"datePublished\":\"2022-07-19T21:17:08+00:00\",\"dateModified\":\"2022-07-19T21:17:09+00:00\",\"author\":{\"@id\":\"http:\/\/elregionalvm.com.ar\/noticias-villa-maria\/#\/schema\/person\/a0fb9c422317faca23d50163151bc354\"},\"breadcrumb\":{\"@id\":\"http:\/\/elregionalvm.com.ar\/noticias-villa-maria\/schiaretti-en-marcos-juarez-inauguro-obras-y-puso-en-marcha-otras\/#breadcrumb\"},\"inLanguage\":\"es\",\"potentialAction\":[{\"@type\":\"ReadAction\",\"target\":[\"http:\/\/elregionalvm.com.ar\/noticias-villa-maria\/schiaretti-en-marcos-juarez-inauguro-obras-y-puso-en-marcha-otras\/\"]}]},{\"@type\":\"ImageObject\",\"inLanguage\":\"es\",\"@id\":\"http:\/\/elregionalvm.com.ar\/noticias-villa-maria\/schiaretti-en-marcos-juarez-inauguro-obras-y-puso-en-marcha-otras\/#primaryimage\",\"url\":\"https:\/\/i0.wp.com\/elregionalvm.com.ar\/noticias-villa-maria\/wp-content\/uploads\/2022\/07\/schiaretti-en-marcos-juarez-2.jpg?fit=680%2C477&ssl=1\",\"contentUrl\":\"https:\/\/i0.wp.com\/elregionalvm.com.ar\/noticias-villa-maria\/wp-content\/uploads\/2022\/07\/schiaretti-en-marcos-juarez-2.jpg?fit=680%2C477&ssl=1\",\"width\":680,\"height\":477},{\"@type\":\"BreadcrumbList\",\"@id\":\"http:\/\/elregionalvm.com.ar\/noticias-villa-maria\/schiaretti-en-marcos-juarez-inauguro-obras-y-puso-en-marcha-otras\/#breadcrumb\",\"itemListElement\":[{\"@type\":\"ListItem\",\"position\":1,\"name\":\"Portada\",\"item\":\"https:\/\/elregionalvm.com.ar\/noticias-villa-maria\/\"},{\"@type\":\"ListItem\",\"position\":2,\"name\":\"Schiaretti en Marcos Ju\u00e1rez: inaugur\u00f3 obras y puso en marcha otras\"}]},{\"@type\":\"WebSite\",\"@id\":\"http:\/\/elregionalvm.com.ar\/noticias-villa-maria\/#website\",\"url\":\"http:\/\/elregionalvm.com.ar\/noticias-villa-maria\/\",\"name\":\"El Regional\",\"description\":\"Mucho m\u00e1s que informaci\u00f3n\",\"potentialAction\":[{\"@type\":\"SearchAction\",\"target\":{\"@type\":\"EntryPoint\",\"urlTemplate\":\"http:\/\/elregionalvm.com.ar\/noticias-villa-maria\/?s={search_term_string}\"},\"query-input\":{\"@type\":\"PropertyValueSpecification\",\"valueRequired\":true,\"valueName\":\"search_term_string\"}}],\"inLanguage\":\"es\"},{\"@type\":\"Person\",\"@id\":\"http:\/\/elregionalvm.com.ar\/noticias-villa-maria\/#\/schema\/person\/a0fb9c422317faca23d50163151bc354\",\"name\":\"Contenidos El Regional\",\"image\":{\"@type\":\"ImageObject\",\"inLanguage\":\"es\",\"@id\":\"http:\/\/elregionalvm.com.ar\/noticias-villa-maria\/#\/schema\/person\/image\/\",\"url\":\"https:\/\/secure.gravatar.com\/avatar\/265b27cb2209af7bb3a1318f03305787d7981a5cc6e6cd08fe5a4ecdf99d4b48?s=96&d=mm&r=g\",\"contentUrl\":\"https:\/\/secure.gravatar.com\/avatar\/265b27cb2209af7bb3a1318f03305787d7981a5cc6e6cd08fe5a4ecdf99d4b48?s=96&d=mm&r=g\",\"caption\":\"Contenidos El Regional\"},\"url\":\"https:\/\/elregionalvm.com.ar\/noticias-villa-maria\/author\/contenido\/\"}]}<\/script>\n<!-- \/ Yoast SEO plugin. -->","yoast_head_json":{"title":"Schiaretti en Marcos Ju\u00e1rez: inaugur\u00f3 obras y puso en marcha otras - El Regional","robots":{"index":"index","follow":"follow","max-snippet":"max-snippet:-1","max-image-preview":"max-image-preview:large","max-video-preview":"max-video-preview:-1"},"canonical":"http:\/\/elregionalvm.com.ar\/noticias-villa-maria\/schiaretti-en-marcos-juarez-inauguro-obras-y-puso-en-marcha-otras\/","og_locale":"es_ES","og_type":"article","og_title":"Schiaretti en Marcos Ju\u00e1rez: inaugur\u00f3 obras y puso en marcha otras - El Regional","og_description":"El gobernador Juan Schiaretti visit\u00f3 esta ma\u00f1ana la ciudad de Marcos Ju\u00e1rez para inaugurar la obra de ampliaci\u00f3n de redes colectoras cloacales domiciliarias.\u201cEs una alegr\u00eda ver c\u00f3mo concluimos obras, por un lado, y poner en marcha otras que tienen que ver con la calidad de vida y el progreso de los habitantes de Marcos Ju\u00e1rez\u201d, [&hellip;]","og_url":"http:\/\/elregionalvm.com.ar\/noticias-villa-maria\/schiaretti-en-marcos-juarez-inauguro-obras-y-puso-en-marcha-otras\/","og_site_name":"El Regional","article_publisher":"https:\/\/www.facebook.com\/elregionalvm","article_published_time":"2022-07-19T21:17:08+00:00","article_modified_time":"2022-07-19T21:17:09+00:00","og_image":[{"width":680,"height":477,"url":"http:\/\/elregionalvm.com.ar\/noticias-villa-maria\/wp-content\/uploads\/2022\/07\/schiaretti-en-marcos-juarez-2.jpg","type":"image\/jpeg"}],"author":"Contenidos El Regional","twitter_card":"summary_large_image","twitter_creator":"@elregionalvm1","twitter_site":"@elregionalvm1","twitter_misc":{"Escrito por":"Contenidos El Regional","Tiempo de lectura":"5 minutos"},"schema":{"@context":"https:\/\/schema.org","@graph":[{"@type":"Article","@id":"http:\/\/elregionalvm.com.ar\/noticias-villa-maria\/schiaretti-en-marcos-juarez-inauguro-obras-y-puso-en-marcha-otras\/#article","isPartOf":{"@id":"http:\/\/elregionalvm.com.ar\/noticias-villa-maria\/schiaretti-en-marcos-juarez-inauguro-obras-y-puso-en-marcha-otras\/"},"author":{"name":"Contenidos El Regional","@id":"http:\/\/elregionalvm.com.ar\/noticias-villa-maria\/#\/schema\/person\/a0fb9c422317faca23d50163151bc354"},"headline":"Schiaretti en Marcos Ju\u00e1rez: inaugur\u00f3 obras y puso en marcha otras","datePublished":"2022-07-19T21:17:08+00:00","dateModified":"2022-07-19T21:17:09+00:00","mainEntityOfPage":{"@id":"http:\/\/elregionalvm.com.ar\/noticias-villa-maria\/schiaretti-en-marcos-juarez-inauguro-obras-y-puso-en-marcha-otras\/"},"wordCount":1080,"commentCount":0,"image":{"@id":"http:\/\/elregionalvm.com.ar\/noticias-villa-maria\/schiaretti-en-marcos-juarez-inauguro-obras-y-puso-en-marcha-otras\/#primaryimage"},"thumbnailUrl":"https:\/\/i0.wp.com\/elregionalvm.com.ar\/noticias-villa-maria\/wp-content\/uploads\/2022\/07\/schiaretti-en-marcos-juarez-2.jpg?fit=680%2C477&ssl=1","keywords":["colectoras troncales","desag\u00fce pluvial","Gobierno de la Provincia","inauguraci\u00f3n de obras","Marcos Ju\u00e1rez","redes colectoras cloacales","Schiaretti"],"articleSection":["destacado","Regi\u00f3n"],"inLanguage":"es","potentialAction":[{"@type":"CommentAction","name":"Comment","target":["http:\/\/elregionalvm.com.ar\/noticias-villa-maria\/schiaretti-en-marcos-juarez-inauguro-obras-y-puso-en-marcha-otras\/#respond"]}]},{"@type":"WebPage","@id":"http:\/\/elregionalvm.com.ar\/noticias-villa-maria\/schiaretti-en-marcos-juarez-inauguro-obras-y-puso-en-marcha-otras\/","url":"http:\/\/elregionalvm.com.ar\/noticias-villa-maria\/schiaretti-en-marcos-juarez-inauguro-obras-y-puso-en-marcha-otras\/","name":"Schiaretti en Marcos Ju\u00e1rez: inaugur\u00f3 obras y puso en marcha otras - El Regional","isPartOf":{"@id":"http:\/\/elregionalvm.com.ar\/noticias-villa-maria\/#website"},"primaryImageOfPage":{"@id":"http:\/\/elregionalvm.com.ar\/noticias-villa-maria\/schiaretti-en-marcos-juarez-inauguro-obras-y-puso-en-marcha-otras\/#primaryimage"},"image":{"@id":"http:\/\/elregionalvm.com.ar\/noticias-villa-maria\/schiaretti-en-marcos-juarez-inauguro-obras-y-puso-en-marcha-otras\/#primaryimage"},"thumbnailUrl":"https:\/\/i0.wp.com\/elregionalvm.com.ar\/noticias-villa-maria\/wp-content\/uploads\/2022\/07\/schiaretti-en-marcos-juarez-2.jpg?fit=680%2C477&ssl=1","datePublished":"2022-07-19T21:17:08+00:00","dateModified":"2022-07-19T21:17:09+00:00","author":{"@id":"http:\/\/elregionalvm.com.ar\/noticias-villa-maria\/#\/schema\/person\/a0fb9c422317faca23d50163151bc354"},"breadcrumb":{"@id":"http:\/\/elregionalvm.com.ar\/noticias-villa-maria\/schiaretti-en-marcos-juarez-inauguro-obras-y-puso-en-marcha-otras\/#breadcrumb"},"inLanguage":"es","potentialAction":[{"@type":"ReadAction","target":["http:\/\/elregionalvm.com.ar\/noticias-villa-maria\/schiaretti-en-marcos-juarez-inauguro-obras-y-puso-en-marcha-otras\/"]}]},{"@type":"ImageObject","inLanguage":"es","@id":"http:\/\/elregionalvm.com.ar\/noticias-villa-maria\/schiaretti-en-marcos-juarez-inauguro-obras-y-puso-en-marcha-otras\/#primaryimage","url":"https:\/\/i0.wp.com\/elregionalvm.com.ar\/noticias-villa-maria\/wp-content\/uploads\/2022\/07\/schiaretti-en-marcos-juarez-2.jpg?fit=680%2C477&ssl=1","contentUrl":"https:\/\/i0.wp.com\/elregionalvm.com.ar\/noticias-villa-maria\/wp-content\/uploads\/2022\/07\/schiaretti-en-marcos-juarez-2.jpg?fit=680%2C477&ssl=1","width":680,"height":477},{"@type":"BreadcrumbList","@id":"http:\/\/elregionalvm.com.ar\/noticias-villa-maria\/schiaretti-en-marcos-juarez-inauguro-obras-y-puso-en-marcha-otras\/#breadcrumb","itemListElement":[{"@type":"ListItem","position":1,"name":"Portada","item":"https:\/\/elregionalvm.com.ar\/noticias-villa-maria\/"},{"@type":"ListItem","position":2,"name":"Schiaretti en Marcos Ju\u00e1rez: inaugur\u00f3 obras y puso en marcha otras"}]},{"@type":"WebSite","@id":"http:\/\/elregionalvm.com.ar\/noticias-villa-maria\/#website","url":"http:\/\/elregionalvm.com.ar\/noticias-villa-maria\/","name":"El Regional","description":"Mucho m\u00e1s que informaci\u00f3n","potentialAction":[{"@type":"SearchAction","target":{"@type":"EntryPoint","urlTemplate":"http:\/\/elregionalvm.com.ar\/noticias-villa-maria\/?s={search_term_string}"},"query-input":{"@type":"PropertyValueSpecification","valueRequired":true,"valueName":"search_term_string"}}],"inLanguage":"es"},{"@type":"Person","@id":"http:\/\/elregionalvm.com.ar\/noticias-villa-maria\/#\/schema\/person\/a0fb9c422317faca23d50163151bc354","name":"Contenidos El Regional","image":{"@type":"ImageObject","inLanguage":"es","@id":"http:\/\/elregionalvm.com.ar\/noticias-villa-maria\/#\/schema\/person\/image\/","url":"https:\/\/secure.gravatar.com\/avatar\/265b27cb2209af7bb3a1318f03305787d7981a5cc6e6cd08fe5a4ecdf99d4b48?s=96&d=mm&r=g","contentUrl":"https:\/\/secure.gravatar.com\/avatar\/265b27cb2209af7bb3a1318f03305787d7981a5cc6e6cd08fe5a4ecdf99d4b48?s=96&d=mm&r=g","caption":"Contenidos El Regional"},"url":"https:\/\/elregionalvm.com.ar\/noticias-villa-maria\/author\/contenido\/"}]}},"jetpack_featured_media_url":"https:\/\/i0.wp.com\/elregionalvm.com.ar\/noticias-villa-maria\/wp-content\/uploads\/2022\/07\/schiaretti-en-marcos-juarez-2.jpg?fit=680%2C477&ssl=1","jetpack_sharing_enabled":true,"_links":{"self":[{"href":"https:\/\/elregionalvm.com.ar\/noticias-villa-maria\/wp-json\/wp\/v2\/posts\/60960","targetHints":{"allow":["GET"]}}],"collection":[{"href":"https:\/\/elregionalvm.com.ar\/noticias-villa-maria\/wp-json\/wp\/v2\/posts"}],"about":[{"href":"https:\/\/elregionalvm.com.ar\/noticias-villa-maria\/wp-json\/wp\/v2\/types\/post"}],"author":[{"embeddable":true,"href":"https:\/\/elregionalvm.com.ar\/noticias-villa-maria\/wp-json\/wp\/v2\/users\/4"}],"replies":[{"embeddable":true,"href":"https:\/\/elregionalvm.com.ar\/noticias-villa-maria\/wp-json\/wp\/v2\/comments?post=60960"}],"version-history":[{"count":1,"href":"https:\/\/elregionalvm.com.ar\/noticias-villa-maria\/wp-json\/wp\/v2\/posts\/60960\/revisions"}],"predecessor-version":[{"id":60962,"href":"https:\/\/elregionalvm.com.ar\/noticias-villa-maria\/wp-json\/wp\/v2\/posts\/60960\/revisions\/60962"}],"wp:featuredmedia":[{"embeddable":true,"href":"https:\/\/elregionalvm.com.ar\/noticias-villa-maria\/wp-json\/wp\/v2\/media\/60961"}],"wp:attachment":[{"href":"https:\/\/elregionalvm.com.ar\/noticias-villa-maria\/wp-json\/wp\/v2\/media?parent=60960"}],"wp:term":[{"taxonomy":"category","embeddable":true,"href":"https:\/\/elregionalvm.com.ar\/noticias-villa-maria\/wp-json\/wp\/v2\/categories?post=60960"},{"taxonomy":"post_tag","embeddable":true,"href":"https:\/\/elregionalvm.com.ar\/noticias-villa-maria\/wp-json\/wp\/v2\/tags?post=60960"}],"curies":[{"name":"wp","href":"https:\/\/api.w.org\/{rel}","templated":true}]}}