{"id":61291,"date":"2022-07-26T01:43:51","date_gmt":"2022-07-26T01:43:51","guid":{"rendered":"https:\/\/elregionalvm.com.ar\/noticias-villa-maria\/?p=61291"},"modified":"2022-07-26T01:44:01","modified_gmt":"2022-07-26T01:44:01","slug":"opinion-argentina-como-terminara-este-pandemonio","status":"publish","type":"post","link":"https:\/\/elregionalvm.com.ar\/noticias-villa-maria\/opinion-argentina-como-terminara-este-pandemonio\/","title":{"rendered":"[Opini\u00f3n] Argentina: \u00bfC\u00f3mo terminar\u00e1 este pandemonio?"},"content":{"rendered":"\n<p><\/p>\n\n\n\n<h3 class=\"wp-block-heading\"><strong><em>\u201cNadie piensa cuando todos lucran\u2026\u201d (Jos\u00e9 Ingenieros)<\/em><\/strong><\/h3>\n\n\n\n<p><\/p>\n\n\n\n<p><strong>Escribe: Cristina Pablos<\/strong><\/p>\n\n\n\n<p><\/p>\n\n\n\n<p>En 39 a\u00f1os de democracia, desde 1983, ser\u00eda la primera vez que la bomba le explotar\u00eda al pero-kirchnerismo, ellos siempre se la dejaron preparada para el pr\u00f3ximo. Esta vez, no.<\/p>\n\n\n\n<p>CFK no quiere hacerse cargo de la crisis a la que ella contribuy\u00f3 con creces; el m\u00e1s leve descalificativo ser\u00eda in\u00fatil. CFK detesta al presidente y no lo disimula. Alberto Fern\u00e1ndez abunda en silencios sin agenda. Sus presentaciones son palabras inconexas, se lo nota desplomado y perturbado.<\/p>\n\n\n\n<p>CFK est\u00e1 desesperada y con miedo a perder los fueros en las pr\u00f3ximas elecciones. Arremete contra la Corte Suprema y lo quiere poner al pueblo en su contra cuando dice que \u201cla Justicia pone a todos los ciudadanos en libertad condicional\u201d. \u00a1Epa! A su vez, el presi \u201creflexion\u00f3\u201d en que la vice tiene raz\u00f3n \u00bf? Estas declaraciones no hacen m\u00e1s que debilitar a las instituciones y a la divisi\u00f3n de poderes.<\/p>\n\n\n\n<p>Reconozcan que chocaron el pa\u00eds; la vice lo llev\u00f3 al presi al borde del abismo y all\u00ed lo dej\u00f3; la m\u00e1s leve brisa lo precipitar\u00e1 al vac\u00edo\u2026 y, lo peor, con \u00e9l iremos todos. Esta vez no ser\u00e1 magia, ser\u00e1 mafia.<\/p>\n\n\n\n<p><\/p>\n\n\n\n<figure class=\"wp-block-image size-full\"><img data-recalc-dims=\"1\" fetchpriority=\"high\" decoding=\"async\" width=\"1023\" height=\"682\" src=\"https:\/\/i0.wp.com\/elregionalvm.com.ar\/noticias-villa-maria\/wp-content\/uploads\/2022\/07\/Batakis-con-FMI.jpg?resize=1023%2C682&#038;ssl=1\" alt=\"\" class=\"wp-image-61321\" srcset=\"https:\/\/i0.wp.com\/elregionalvm.com.ar\/noticias-villa-maria\/wp-content\/uploads\/2022\/07\/Batakis-con-FMI.jpg?w=1023&amp;ssl=1 1023w, https:\/\/i0.wp.com\/elregionalvm.com.ar\/noticias-villa-maria\/wp-content\/uploads\/2022\/07\/Batakis-con-FMI.jpg?resize=300%2C200&amp;ssl=1 300w, https:\/\/i0.wp.com\/elregionalvm.com.ar\/noticias-villa-maria\/wp-content\/uploads\/2022\/07\/Batakis-con-FMI.jpg?resize=768%2C512&amp;ssl=1 768w\" sizes=\"(max-width: 1000px) 100vw, 1000px\" \/><figcaption><em>La ministra Batakis se reuni\u00f3 con autoridades del FMI en busca de ayuda. <\/em><\/figcaption><\/figure>\n\n\n\n<p><\/p>\n\n\n\n<p>Las empresas p\u00fablicas registraron un rojo de 872 millones de d\u00f3lares, 40% m\u00e1s que en 2021. Trenes Argentinos, por ej., perdi\u00f3 300 millones de d\u00f3lares. Son 4.500 los cortes y piquetes en lo que va del a\u00f1o, manifestaciones que muestran la industria de la explotaci\u00f3n de la pobreza, con dirigentes millonarios.<\/p>\n\n\n\n<p><\/p>\n\n\n\n<figure class=\"wp-block-pullquote\"><blockquote><p><strong>Alberto Fern\u00e1ndez abunda en silencios sin agenda. Sus presentaciones son palabras inconexas, se lo nota desplomado y perturbado.<\/strong><\/p><\/blockquote><\/figure>\n\n\n\n<p><\/p>\n\n\n\n<p>Ahora Grabois amenaza con saqueos y \u201csangre de los gauchos y las gauchas en las calles\u201d si no les dan el salario universal. \u00bfD\u00f3nde est\u00e1 el Papa, su amigo, para calmarlo?<\/p>\n\n\n\n<p>CFK y Massa acordaron el 69% de aumento para los empleados del Congreso, aumento que luego llegar\u00e1 a senadores y diputados.<\/p>\n\n\n\n<p>Batakis asumi\u00f3 hace 20 d\u00edas y no se le conoce la voz, s\u00f3lo advirti\u00f3 que la falta de d\u00f3lares es \u201cdesesperante\u201d; el d\u00f3lar aument\u00f3 $20 en un d\u00eda y $100 en una semana.<\/p>\n\n\n\n<p><\/p>\n\n\n\n<figure class=\"wp-block-pullquote\"><blockquote><p><strong>Batakis asumi\u00f3 hace 20 d\u00edas y no se le conoce la voz, s\u00f3lo advirti\u00f3 que la falta de d\u00f3lares es \u201cdesesperante\u201d; el d\u00f3lar aument\u00f3 $20 en un d\u00eda y $100 en una semana.<\/strong><\/p><\/blockquote><\/figure>\n\n\n\n\n\n<p>Integrantes de La C\u00e1mpora impidieron a L\u00f3pez Murphy dar una charla en la Universidad \u00bfQui\u00e9n manda en ese claustro?<\/p>\n\n\n\n<p><\/p>\n\n\n\n<figure class=\"wp-block-image size-full\"><img data-recalc-dims=\"1\" decoding=\"async\" width=\"950\" height=\"534\" src=\"https:\/\/i0.wp.com\/elregionalvm.com.ar\/noticias-villa-maria\/wp-content\/uploads\/2022\/07\/la-portavoz-de-la-presidencia-gabriela-cerruti.jpg?resize=950%2C534&#038;ssl=1\" alt=\"\" class=\"wp-image-61324\" srcset=\"https:\/\/i0.wp.com\/elregionalvm.com.ar\/noticias-villa-maria\/wp-content\/uploads\/2022\/07\/la-portavoz-de-la-presidencia-gabriela-cerruti.jpg?w=950&amp;ssl=1 950w, https:\/\/i0.wp.com\/elregionalvm.com.ar\/noticias-villa-maria\/wp-content\/uploads\/2022\/07\/la-portavoz-de-la-presidencia-gabriela-cerruti.jpg?resize=300%2C169&amp;ssl=1 300w, https:\/\/i0.wp.com\/elregionalvm.com.ar\/noticias-villa-maria\/wp-content\/uploads\/2022\/07\/la-portavoz-de-la-presidencia-gabriela-cerruti.jpg?resize=768%2C432&amp;ssl=1 768w\" sizes=\"(max-width: 950px) 100vw, 950px\" \/><figcaption><em>Cerruti se vio envuelta en una pol\u00e9mica por un sorteo en internet. <\/em><\/figcaption><\/figure>\n\n\n\n<p><\/p>\n\n\n\n<p><\/p>\n\n\n\n<p>Gabriela Cerrutti, la portavoz del presidente que nunca explica nada, tiene varios emprendimientos personales, que financiamos nosotros, adem\u00e1s de su sueldo como funcionaria. Entre estos emprendimientos tiene uno que se llama \u201cLa revoluci\u00f3n de las viejas\u201d. <\/p>\n\n\n\n<p>Para el D\u00eda del Amigo subi\u00f3 a las redes la propaganda de un sorteo de un \u201cconsolador\u201d para el \u201cD\u00eda de les amigues\u201d, con la siguiente promoci\u00f3n: \u201cEl cl\u00edtoris es tu mejor amigo, m\u00edmalo\u201d con el dibujo de un vibrador (Dime de lo que alardeas y te dir\u00e9 de lo que careces). M\u00e1s ordinariez, bajeza, falta de delicadeza y respeto, \u00a1IMPOSIBLE!<\/p>\n\n\n\n<p>C\u00f3mo el pueblo y la oposici\u00f3n permitimos que estos personajes sigan en el gobierno que, adem\u00e1s de ser el peor de la historia, somos el peor pa\u00eds de la regi\u00f3n\u2026<\/p>\n\n\n\n<p>\u00a1Que alguien me lo explique, por favor!<\/p>\n\n\n\n<p><\/p>\n\n\n\n<p><\/p>\n\n\n\n<figure class=\"wp-block-embed is-type-wp-embed is-provider-el-regional wp-block-embed-el-regional\"><div class=\"wp-block-embed__wrapper\">\n<blockquote class=\"wp-embedded-content\" data-secret=\"n71ljtNb3B\"><a href=\"https:\/\/elregionalvm.com.ar\/noticias-villa-maria\/opinion-como-dueles-argentina\/\">[Opini\u00f3n] \u00a1C\u00f3mo dueles, Argentina!<\/a><\/blockquote><iframe class=\"wp-embedded-content\" sandbox=\"allow-scripts\" security=\"restricted\" style=\"position: absolute; clip: rect(1px, 1px, 1px, 1px);\" title=\"\u00ab[Opini\u00f3n] \u00a1C\u00f3mo dueles, Argentina!\u00bb \u2014 El Regional\" src=\"https:\/\/elregionalvm.com.ar\/noticias-villa-maria\/opinion-como-dueles-argentina\/embed\/#?secret=wgurR17v1C#?secret=n71ljtNb3B\" data-secret=\"n71ljtNb3B\" width=\"500\" height=\"282\" frameborder=\"0\" marginwidth=\"0\" marginheight=\"0\" scrolling=\"no\"><\/iframe>\n<\/div><\/figure>\n\n\n\n<p><\/p>\n","protected":false},"excerpt":{"rendered":"<p>\u201cNadie piensa cuando todos lucran\u2026\u201d (Jos\u00e9 Ingenieros) Escribe: Cristina Pablos En 39 a\u00f1os de democracia, desde 1983, ser\u00eda la primera vez que la bomba le explotar\u00eda al pero-kirchnerismo, ellos siempre se la dejaron preparada para el pr\u00f3ximo. Esta vez, no. CFK no quiere hacerse cargo de la crisis a la que ella contribuy\u00f3 con creces; [&hellip;]<\/p>\n","protected":false},"author":4,"featured_media":61322,"comment_status":"open","ping_status":"open","sticky":false,"template":"","format":"standard","meta":{"site-sidebar-layout":"default","site-content-layout":"","ast-site-content-layout":"default","site-content-style":"default","site-sidebar-style":"default","ast-global-header-display":"","ast-banner-title-visibility":"","ast-main-header-display":"","ast-hfb-above-header-display":"","ast-hfb-below-header-display":"","ast-hfb-mobile-header-display":"","site-post-title":"","ast-breadcrumbs-content":"","ast-featured-img":"","footer-sml-layout":"","ast-disable-related-posts":"","theme-transparent-header-meta":"","adv-header-id-meta":"","stick-header-meta":"","header-above-stick-meta":"","header-main-stick-meta":"","header-below-stick-meta":"","astra-migrate-meta-layouts":"default","ast-page-background-enabled":"default","ast-page-background-meta":{"desktop":{"background-color":"","background-image":"","background-repeat":"repeat","background-position":"center center","background-size":"auto","background-attachment":"scroll","background-type":"","background-media":"","overlay-type":"","overlay-color":"","overlay-opacity":"","overlay-gradient":""},"tablet":{"background-color":"","background-image":"","background-repeat":"repeat","background-position":"center center","background-size":"auto","background-attachment":"scroll","background-type":"","background-media":"","overlay-type":"","overlay-color":"","overlay-opacity":"","overlay-gradient":""},"mobile":{"background-color":"","background-image":"","background-repeat":"repeat","background-position":"center center","background-size":"auto","background-attachment":"scroll","background-type":"","background-media":"","overlay-type":"","overlay-color":"","overlay-opacity":"","overlay-gradient":""}},"ast-content-background-meta":{"desktop":{"background-color":"var(--ast-global-color-5)","background-image":"","background-repeat":"repeat","background-position":"center center","background-size":"auto","background-attachment":"scroll","background-type":"","background-media":"","overlay-type":"","overlay-color":"","overlay-opacity":"","overlay-gradient":""},"tablet":{"background-color":"var(--ast-global-color-5)","background-image":"","background-repeat":"repeat","background-position":"center center","background-size":"auto","background-attachment":"scroll","background-type":"","background-media":"","overlay-type":"","overlay-color":"","overlay-opacity":"","overlay-gradient":""},"mobile":{"background-color":"var(--ast-global-color-5)","background-image":"","background-repeat":"repeat","background-position":"center center","background-size":"auto","background-attachment":"scroll","background-type":"","background-media":"","overlay-type":"","overlay-color":"","overlay-opacity":"","overlay-gradient":""}},"_jetpack_memberships_contains_paid_content":false,"_joinchat":[],"footnotes":""},"categories":[2323,365],"tags":[415,814,546,424,2937,1611,519],"class_list":["post-61291","post","type-post","status-publish","format-standard","has-post-thumbnail","hentry","category-notas-secundarias","category-opinion","tag-argentina","tag-crisis","tag-cristina-fernandez","tag-cristina-pablos","tag-dolar-2","tag-incertidumbre","tag-politica"],"yoast_head":"<!-- This site is optimized with the Yoast SEO plugin v26.8 - https:\/\/yoast.com\/product\/yoast-seo-wordpress\/ -->\n<title>[Opini\u00f3n] Argentina: \u00bfC\u00f3mo terminar\u00e1 este pandemonio? - El Regional<\/title>\n<meta name=\"robots\" content=\"index, follow, max-snippet:-1, max-image-preview:large, max-video-preview:-1\" \/>\n<link rel=\"canonical\" href=\"http:\/\/elregionalvm.com.ar\/noticias-villa-maria\/opinion-argentina-como-terminara-este-pandemonio\/\" \/>\n<meta property=\"og:locale\" content=\"es_ES\" \/>\n<meta property=\"og:type\" content=\"article\" \/>\n<meta property=\"og:title\" content=\"[Opini\u00f3n] Argentina: \u00bfC\u00f3mo terminar\u00e1 este pandemonio? - El Regional\" \/>\n<meta property=\"og:description\" content=\"\u201cNadie piensa cuando todos lucran\u2026\u201d (Jos\u00e9 Ingenieros) Escribe: Cristina Pablos En 39 a\u00f1os de democracia, desde 1983, ser\u00eda la primera vez que la bomba le explotar\u00eda al pero-kirchnerismo, ellos siempre se la dejaron preparada para el pr\u00f3ximo. Esta vez, no. CFK no quiere hacerse cargo de la crisis a la que ella contribuy\u00f3 con creces; [&hellip;]\" \/>\n<meta property=\"og:url\" content=\"http:\/\/elregionalvm.com.ar\/noticias-villa-maria\/opinion-argentina-como-terminara-este-pandemonio\/\" \/>\n<meta property=\"og:site_name\" content=\"El Regional\" \/>\n<meta property=\"article:publisher\" content=\"https:\/\/www.facebook.com\/elregionalvm\" \/>\n<meta property=\"article:published_time\" content=\"2022-07-26T01:43:51+00:00\" \/>\n<meta property=\"article:modified_time\" content=\"2022-07-26T01:44:01+00:00\" \/>\n<meta property=\"og:image\" content=\"http:\/\/elregionalvm.com.ar\/noticias-villa-maria\/wp-content\/uploads\/2022\/07\/Dolar-bandera-argentina-crisis.jpg\" \/>\n\t<meta property=\"og:image:width\" content=\"950\" \/>\n\t<meta property=\"og:image:height\" content=\"534\" \/>\n\t<meta property=\"og:image:type\" content=\"image\/jpeg\" \/>\n<meta name=\"author\" content=\"Contenidos El Regional\" \/>\n<meta name=\"twitter:card\" content=\"summary_large_image\" \/>\n<meta name=\"twitter:creator\" content=\"@elregionalvm1\" \/>\n<meta name=\"twitter:site\" content=\"@elregionalvm1\" \/>\n<meta name=\"twitter:label1\" content=\"Escrito por\" \/>\n\t<meta name=\"twitter:data1\" content=\"Contenidos El Regional\" \/>\n\t<meta name=\"twitter:label2\" content=\"Tiempo de lectura\" \/>\n\t<meta name=\"twitter:data2\" content=\"4 minutos\" \/>\n<script type=\"application\/ld+json\" class=\"yoast-schema-graph\">{\"@context\":\"https:\/\/schema.org\",\"@graph\":[{\"@type\":\"Article\",\"@id\":\"http:\/\/elregionalvm.com.ar\/noticias-villa-maria\/opinion-argentina-como-terminara-este-pandemonio\/#article\",\"isPartOf\":{\"@id\":\"http:\/\/elregionalvm.com.ar\/noticias-villa-maria\/opinion-argentina-como-terminara-este-pandemonio\/\"},\"author\":{\"name\":\"Contenidos El Regional\",\"@id\":\"http:\/\/elregionalvm.com.ar\/noticias-villa-maria\/#\/schema\/person\/a0fb9c422317faca23d50163151bc354\"},\"headline\":\"[Opini\u00f3n] Argentina: \u00bfC\u00f3mo terminar\u00e1 este pandemonio?\",\"datePublished\":\"2022-07-26T01:43:51+00:00\",\"dateModified\":\"2022-07-26T01:44:01+00:00\",\"mainEntityOfPage\":{\"@id\":\"http:\/\/elregionalvm.com.ar\/noticias-villa-maria\/opinion-argentina-como-terminara-este-pandemonio\/\"},\"wordCount\":613,\"commentCount\":1,\"image\":{\"@id\":\"http:\/\/elregionalvm.com.ar\/noticias-villa-maria\/opinion-argentina-como-terminara-este-pandemonio\/#primaryimage\"},\"thumbnailUrl\":\"https:\/\/i0.wp.com\/elregionalvm.com.ar\/noticias-villa-maria\/wp-content\/uploads\/2022\/07\/Dolar-bandera-argentina-crisis.jpg?fit=950%2C534&ssl=1\",\"keywords\":[\"Argentina\",\"crisis\",\"Cristina Fern\u00e1ndez\",\"Cristina Pablos\",\"d\u00f3lar\",\"incertidumbre\",\"Pol\u00edtica\"],\"articleSection\":[\"Notas\",\"Opini\u00f3n\"],\"inLanguage\":\"es\",\"potentialAction\":[{\"@type\":\"CommentAction\",\"name\":\"Comment\",\"target\":[\"http:\/\/elregionalvm.com.ar\/noticias-villa-maria\/opinion-argentina-como-terminara-este-pandemonio\/#respond\"]}]},{\"@type\":\"WebPage\",\"@id\":\"http:\/\/elregionalvm.com.ar\/noticias-villa-maria\/opinion-argentina-como-terminara-este-pandemonio\/\",\"url\":\"http:\/\/elregionalvm.com.ar\/noticias-villa-maria\/opinion-argentina-como-terminara-este-pandemonio\/\",\"name\":\"[Opini\u00f3n] Argentina: \u00bfC\u00f3mo terminar\u00e1 este pandemonio? - El Regional\",\"isPartOf\":{\"@id\":\"http:\/\/elregionalvm.com.ar\/noticias-villa-maria\/#website\"},\"primaryImageOfPage\":{\"@id\":\"http:\/\/elregionalvm.com.ar\/noticias-villa-maria\/opinion-argentina-como-terminara-este-pandemonio\/#primaryimage\"},\"image\":{\"@id\":\"http:\/\/elregionalvm.com.ar\/noticias-villa-maria\/opinion-argentina-como-terminara-este-pandemonio\/#primaryimage\"},\"thumbnailUrl\":\"https:\/\/i0.wp.com\/elregionalvm.com.ar\/noticias-villa-maria\/wp-content\/uploads\/2022\/07\/Dolar-bandera-argentina-crisis.jpg?fit=950%2C534&ssl=1\",\"datePublished\":\"2022-07-26T01:43:51+00:00\",\"dateModified\":\"2022-07-26T01:44:01+00:00\",\"author\":{\"@id\":\"http:\/\/elregionalvm.com.ar\/noticias-villa-maria\/#\/schema\/person\/a0fb9c422317faca23d50163151bc354\"},\"breadcrumb\":{\"@id\":\"http:\/\/elregionalvm.com.ar\/noticias-villa-maria\/opinion-argentina-como-terminara-este-pandemonio\/#breadcrumb\"},\"inLanguage\":\"es\",\"potentialAction\":[{\"@type\":\"ReadAction\",\"target\":[\"http:\/\/elregionalvm.com.ar\/noticias-villa-maria\/opinion-argentina-como-terminara-este-pandemonio\/\"]}]},{\"@type\":\"ImageObject\",\"inLanguage\":\"es\",\"@id\":\"http:\/\/elregionalvm.com.ar\/noticias-villa-maria\/opinion-argentina-como-terminara-este-pandemonio\/#primaryimage\",\"url\":\"https:\/\/i0.wp.com\/elregionalvm.com.ar\/noticias-villa-maria\/wp-content\/uploads\/2022\/07\/Dolar-bandera-argentina-crisis.jpg?fit=950%2C534&ssl=1\",\"contentUrl\":\"https:\/\/i0.wp.com\/elregionalvm.com.ar\/noticias-villa-maria\/wp-content\/uploads\/2022\/07\/Dolar-bandera-argentina-crisis.jpg?fit=950%2C534&ssl=1\",\"width\":950,\"height\":534},{\"@type\":\"BreadcrumbList\",\"@id\":\"http:\/\/elregionalvm.com.ar\/noticias-villa-maria\/opinion-argentina-como-terminara-este-pandemonio\/#breadcrumb\",\"itemListElement\":[{\"@type\":\"ListItem\",\"position\":1,\"name\":\"Portada\",\"item\":\"https:\/\/elregionalvm.com.ar\/noticias-villa-maria\/\"},{\"@type\":\"ListItem\",\"position\":2,\"name\":\"[Opini\u00f3n] Argentina: \u00bfC\u00f3mo terminar\u00e1 este pandemonio?\"}]},{\"@type\":\"WebSite\",\"@id\":\"http:\/\/elregionalvm.com.ar\/noticias-villa-maria\/#website\",\"url\":\"http:\/\/elregionalvm.com.ar\/noticias-villa-maria\/\",\"name\":\"El Regional\",\"description\":\"Mucho m\u00e1s que informaci\u00f3n\",\"potentialAction\":[{\"@type\":\"SearchAction\",\"target\":{\"@type\":\"EntryPoint\",\"urlTemplate\":\"http:\/\/elregionalvm.com.ar\/noticias-villa-maria\/?s={search_term_string}\"},\"query-input\":{\"@type\":\"PropertyValueSpecification\",\"valueRequired\":true,\"valueName\":\"search_term_string\"}}],\"inLanguage\":\"es\"},{\"@type\":\"Person\",\"@id\":\"http:\/\/elregionalvm.com.ar\/noticias-villa-maria\/#\/schema\/person\/a0fb9c422317faca23d50163151bc354\",\"name\":\"Contenidos El Regional\",\"image\":{\"@type\":\"ImageObject\",\"inLanguage\":\"es\",\"@id\":\"http:\/\/elregionalvm.com.ar\/noticias-villa-maria\/#\/schema\/person\/image\/\",\"url\":\"https:\/\/secure.gravatar.com\/avatar\/265b27cb2209af7bb3a1318f03305787d7981a5cc6e6cd08fe5a4ecdf99d4b48?s=96&d=mm&r=g\",\"contentUrl\":\"https:\/\/secure.gravatar.com\/avatar\/265b27cb2209af7bb3a1318f03305787d7981a5cc6e6cd08fe5a4ecdf99d4b48?s=96&d=mm&r=g\",\"caption\":\"Contenidos El Regional\"},\"url\":\"https:\/\/elregionalvm.com.ar\/noticias-villa-maria\/author\/contenido\/\"}]}<\/script>\n<!-- \/ Yoast SEO plugin. -->","yoast_head_json":{"title":"[Opini\u00f3n] Argentina: \u00bfC\u00f3mo terminar\u00e1 este pandemonio? - El Regional","robots":{"index":"index","follow":"follow","max-snippet":"max-snippet:-1","max-image-preview":"max-image-preview:large","max-video-preview":"max-video-preview:-1"},"canonical":"http:\/\/elregionalvm.com.ar\/noticias-villa-maria\/opinion-argentina-como-terminara-este-pandemonio\/","og_locale":"es_ES","og_type":"article","og_title":"[Opini\u00f3n] Argentina: \u00bfC\u00f3mo terminar\u00e1 este pandemonio? - El Regional","og_description":"\u201cNadie piensa cuando todos lucran\u2026\u201d (Jos\u00e9 Ingenieros) Escribe: Cristina Pablos En 39 a\u00f1os de democracia, desde 1983, ser\u00eda la primera vez que la bomba le explotar\u00eda al pero-kirchnerismo, ellos siempre se la dejaron preparada para el pr\u00f3ximo. Esta vez, no. CFK no quiere hacerse cargo de la crisis a la que ella contribuy\u00f3 con creces; [&hellip;]","og_url":"http:\/\/elregionalvm.com.ar\/noticias-villa-maria\/opinion-argentina-como-terminara-este-pandemonio\/","og_site_name":"El Regional","article_publisher":"https:\/\/www.facebook.com\/elregionalvm","article_published_time":"2022-07-26T01:43:51+00:00","article_modified_time":"2022-07-26T01:44:01+00:00","og_image":[{"width":950,"height":534,"url":"http:\/\/elregionalvm.com.ar\/noticias-villa-maria\/wp-content\/uploads\/2022\/07\/Dolar-bandera-argentina-crisis.jpg","type":"image\/jpeg"}],"author":"Contenidos El Regional","twitter_card":"summary_large_image","twitter_creator":"@elregionalvm1","twitter_site":"@elregionalvm1","twitter_misc":{"Escrito por":"Contenidos El Regional","Tiempo de lectura":"4 minutos"},"schema":{"@context":"https:\/\/schema.org","@graph":[{"@type":"Article","@id":"http:\/\/elregionalvm.com.ar\/noticias-villa-maria\/opinion-argentina-como-terminara-este-pandemonio\/#article","isPartOf":{"@id":"http:\/\/elregionalvm.com.ar\/noticias-villa-maria\/opinion-argentina-como-terminara-este-pandemonio\/"},"author":{"name":"Contenidos El Regional","@id":"http:\/\/elregionalvm.com.ar\/noticias-villa-maria\/#\/schema\/person\/a0fb9c422317faca23d50163151bc354"},"headline":"[Opini\u00f3n] Argentina: \u00bfC\u00f3mo terminar\u00e1 este pandemonio?","datePublished":"2022-07-26T01:43:51+00:00","dateModified":"2022-07-26T01:44:01+00:00","mainEntityOfPage":{"@id":"http:\/\/elregionalvm.com.ar\/noticias-villa-maria\/opinion-argentina-como-terminara-este-pandemonio\/"},"wordCount":613,"commentCount":1,"image":{"@id":"http:\/\/elregionalvm.com.ar\/noticias-villa-maria\/opinion-argentina-como-terminara-este-pandemonio\/#primaryimage"},"thumbnailUrl":"https:\/\/i0.wp.com\/elregionalvm.com.ar\/noticias-villa-maria\/wp-content\/uploads\/2022\/07\/Dolar-bandera-argentina-crisis.jpg?fit=950%2C534&ssl=1","keywords":["Argentina","crisis","Cristina Fern\u00e1ndez","Cristina Pablos","d\u00f3lar","incertidumbre","Pol\u00edtica"],"articleSection":["Notas","Opini\u00f3n"],"inLanguage":"es","potentialAction":[{"@type":"CommentAction","name":"Comment","target":["http:\/\/elregionalvm.com.ar\/noticias-villa-maria\/opinion-argentina-como-terminara-este-pandemonio\/#respond"]}]},{"@type":"WebPage","@id":"http:\/\/elregionalvm.com.ar\/noticias-villa-maria\/opinion-argentina-como-terminara-este-pandemonio\/","url":"http:\/\/elregionalvm.com.ar\/noticias-villa-maria\/opinion-argentina-como-terminara-este-pandemonio\/","name":"[Opini\u00f3n] Argentina: \u00bfC\u00f3mo terminar\u00e1 este pandemonio? - El Regional","isPartOf":{"@id":"http:\/\/elregionalvm.com.ar\/noticias-villa-maria\/#website"},"primaryImageOfPage":{"@id":"http:\/\/elregionalvm.com.ar\/noticias-villa-maria\/opinion-argentina-como-terminara-este-pandemonio\/#primaryimage"},"image":{"@id":"http:\/\/elregionalvm.com.ar\/noticias-villa-maria\/opinion-argentina-como-terminara-este-pandemonio\/#primaryimage"},"thumbnailUrl":"https:\/\/i0.wp.com\/elregionalvm.com.ar\/noticias-villa-maria\/wp-content\/uploads\/2022\/07\/Dolar-bandera-argentina-crisis.jpg?fit=950%2C534&ssl=1","datePublished":"2022-07-26T01:43:51+00:00","dateModified":"2022-07-26T01:44:01+00:00","author":{"@id":"http:\/\/elregionalvm.com.ar\/noticias-villa-maria\/#\/schema\/person\/a0fb9c422317faca23d50163151bc354"},"breadcrumb":{"@id":"http:\/\/elregionalvm.com.ar\/noticias-villa-maria\/opinion-argentina-como-terminara-este-pandemonio\/#breadcrumb"},"inLanguage":"es","potentialAction":[{"@type":"ReadAction","target":["http:\/\/elregionalvm.com.ar\/noticias-villa-maria\/opinion-argentina-como-terminara-este-pandemonio\/"]}]},{"@type":"ImageObject","inLanguage":"es","@id":"http:\/\/elregionalvm.com.ar\/noticias-villa-maria\/opinion-argentina-como-terminara-este-pandemonio\/#primaryimage","url":"https:\/\/i0.wp.com\/elregionalvm.com.ar\/noticias-villa-maria\/wp-content\/uploads\/2022\/07\/Dolar-bandera-argentina-crisis.jpg?fit=950%2C534&ssl=1","contentUrl":"https:\/\/i0.wp.com\/elregionalvm.com.ar\/noticias-villa-maria\/wp-content\/uploads\/2022\/07\/Dolar-bandera-argentina-crisis.jpg?fit=950%2C534&ssl=1","width":950,"height":534},{"@type":"BreadcrumbList","@id":"http:\/\/elregionalvm.com.ar\/noticias-villa-maria\/opinion-argentina-como-terminara-este-pandemonio\/#breadcrumb","itemListElement":[{"@type":"ListItem","position":1,"name":"Portada","item":"https:\/\/elregionalvm.com.ar\/noticias-villa-maria\/"},{"@type":"ListItem","position":2,"name":"[Opini\u00f3n] Argentina: \u00bfC\u00f3mo terminar\u00e1 este pandemonio?"}]},{"@type":"WebSite","@id":"http:\/\/elregionalvm.com.ar\/noticias-villa-maria\/#website","url":"http:\/\/elregionalvm.com.ar\/noticias-villa-maria\/","name":"El Regional","description":"Mucho m\u00e1s que informaci\u00f3n","potentialAction":[{"@type":"SearchAction","target":{"@type":"EntryPoint","urlTemplate":"http:\/\/elregionalvm.com.ar\/noticias-villa-maria\/?s={search_term_string}"},"query-input":{"@type":"PropertyValueSpecification","valueRequired":true,"valueName":"search_term_string"}}],"inLanguage":"es"},{"@type":"Person","@id":"http:\/\/elregionalvm.com.ar\/noticias-villa-maria\/#\/schema\/person\/a0fb9c422317faca23d50163151bc354","name":"Contenidos El Regional","image":{"@type":"ImageObject","inLanguage":"es","@id":"http:\/\/elregionalvm.com.ar\/noticias-villa-maria\/#\/schema\/person\/image\/","url":"https:\/\/secure.gravatar.com\/avatar\/265b27cb2209af7bb3a1318f03305787d7981a5cc6e6cd08fe5a4ecdf99d4b48?s=96&d=mm&r=g","contentUrl":"https:\/\/secure.gravatar.com\/avatar\/265b27cb2209af7bb3a1318f03305787d7981a5cc6e6cd08fe5a4ecdf99d4b48?s=96&d=mm&r=g","caption":"Contenidos El Regional"},"url":"https:\/\/elregionalvm.com.ar\/noticias-villa-maria\/author\/contenido\/"}]}},"jetpack_featured_media_url":"https:\/\/i0.wp.com\/elregionalvm.com.ar\/noticias-villa-maria\/wp-content\/uploads\/2022\/07\/Dolar-bandera-argentina-crisis.jpg?fit=950%2C534&ssl=1","jetpack_sharing_enabled":true,"_links":{"self":[{"href":"https:\/\/elregionalvm.com.ar\/noticias-villa-maria\/wp-json\/wp\/v2\/posts\/61291","targetHints":{"allow":["GET"]}}],"collection":[{"href":"https:\/\/elregionalvm.com.ar\/noticias-villa-maria\/wp-json\/wp\/v2\/posts"}],"about":[{"href":"https:\/\/elregionalvm.com.ar\/noticias-villa-maria\/wp-json\/wp\/v2\/types\/post"}],"author":[{"embeddable":true,"href":"https:\/\/elregionalvm.com.ar\/noticias-villa-maria\/wp-json\/wp\/v2\/users\/4"}],"replies":[{"embeddable":true,"href":"https:\/\/elregionalvm.com.ar\/noticias-villa-maria\/wp-json\/wp\/v2\/comments?post=61291"}],"version-history":[{"count":4,"href":"https:\/\/elregionalvm.com.ar\/noticias-villa-maria\/wp-json\/wp\/v2\/posts\/61291\/revisions"}],"predecessor-version":[{"id":61325,"href":"https:\/\/elregionalvm.com.ar\/noticias-villa-maria\/wp-json\/wp\/v2\/posts\/61291\/revisions\/61325"}],"wp:featuredmedia":[{"embeddable":true,"href":"https:\/\/elregionalvm.com.ar\/noticias-villa-maria\/wp-json\/wp\/v2\/media\/61322"}],"wp:attachment":[{"href":"https:\/\/elregionalvm.com.ar\/noticias-villa-maria\/wp-json\/wp\/v2\/media?parent=61291"}],"wp:term":[{"taxonomy":"category","embeddable":true,"href":"https:\/\/elregionalvm.com.ar\/noticias-villa-maria\/wp-json\/wp\/v2\/categories?post=61291"},{"taxonomy":"post_tag","embeddable":true,"href":"https:\/\/elregionalvm.com.ar\/noticias-villa-maria\/wp-json\/wp\/v2\/tags?post=61291"}],"curies":[{"name":"wp","href":"https:\/\/api.w.org\/{rel}","templated":true}]}}