{"id":61326,"date":"2022-07-26T02:31:07","date_gmt":"2022-07-26T02:31:07","guid":{"rendered":"https:\/\/elregionalvm.com.ar\/noticias-villa-maria\/?p=61326"},"modified":"2022-07-27T00:58:53","modified_gmt":"2022-07-27T00:58:53","slug":"caso-cerrado-detuvieron-en-san-juan-al-taxista-desaparecido-esta-imputado-por-estafa","status":"publish","type":"post","link":"https:\/\/elregionalvm.com.ar\/noticias-villa-maria\/caso-cerrado-detuvieron-en-san-juan-al-taxista-desaparecido-esta-imputado-por-estafa\/","title":{"rendered":"[Caso cerrado] Detuvieron en San Juan al taxista desaparecido: Est\u00e1 imputado por estafa"},"content":{"rendered":"\n<p><\/p>\n\n\n\n<p>Casi sin sorpresas, porque era la principal hip\u00f3tesis que manejaba el fiscal Ren\u00e9 Bosio y la gran sospecha del propietario del veh\u00edculo, el taxista que hab\u00eda desaparecido fue detenido en San Juan e imputado por estafa.<\/p>\n\n\n\n<p>El sujeto que dijo llamarse Pablo Rivero, de 28 a\u00f1os, era buscado desde hace una semana a partir de una denuncia por desaparici\u00f3n desde el domingo 17 de julio, tras iniciar supuestamente un viaje hacia Buenos Aires a pedido de un pasajero.<\/p>\n\n\n\n<p><\/p>\n\n\n\n<figure class=\"wp-block-image size-full\"><img data-recalc-dims=\"1\" fetchpriority=\"high\" decoding=\"async\" width=\"800\" height=\"450\" src=\"https:\/\/i0.wp.com\/elregionalvm.com.ar\/noticias-villa-maria\/wp-content\/uploads\/2022\/07\/Taxis-Donald.jpeg?resize=800%2C450&#038;ssl=1\" alt=\"\" class=\"wp-image-61214\" srcset=\"https:\/\/i0.wp.com\/elregionalvm.com.ar\/noticias-villa-maria\/wp-content\/uploads\/2022\/07\/Taxis-Donald.jpeg?w=800&amp;ssl=1 800w, https:\/\/i0.wp.com\/elregionalvm.com.ar\/noticias-villa-maria\/wp-content\/uploads\/2022\/07\/Taxis-Donald.jpeg?resize=300%2C169&amp;ssl=1 300w, https:\/\/i0.wp.com\/elregionalvm.com.ar\/noticias-villa-maria\/wp-content\/uploads\/2022\/07\/Taxis-Donald.jpeg?resize=768%2C432&amp;ssl=1 768w\" sizes=\"(max-width: 800px) 100vw, 800px\" \/><\/figure>\n\n\n\n<p><\/p>\n\n\n\n<p>Pero, tras unos mensajes con el propietario del veh\u00edculo Renault Logan que usaba como m\u00f3vil 390 de la empresa Donald, no se supo nada m\u00e1s de \u00e9l.<\/p>\n\n\n\n<p>El caso <a href=\"https:\/\/elregionalvm.com.ar\/noticias-villa-maria\/exclusivo-investigan-la-desaparicion-de-un-chofer-de-taxi-y-del-vehiculo\/\">fue revelado por EL REGIONAL<\/a> en horas del mediod\u00eda del \u00faltimo s\u00e1bado. Y luego difundido por el resto de los medios de la ciudad.<\/p>\n\n\n\n<p><\/p>\n\n\n\n<figure class=\"wp-block-embed is-type-wp-embed is-provider-el-regional wp-block-embed-el-regional\"><div class=\"wp-block-embed__wrapper\">\n<blockquote class=\"wp-embedded-content\" data-secret=\"ilPYsOGFUK\"><a href=\"https:\/\/elregionalvm.com.ar\/noticias-villa-maria\/exclusivo-investigan-la-desaparicion-de-un-chofer-de-taxi-y-del-vehiculo\/\">[Exclusivo] Crece el misterio por la desaparici\u00f3n de un chofer de taxi de Villa Mar\u00eda<\/a><\/blockquote><iframe class=\"wp-embedded-content\" sandbox=\"allow-scripts\" security=\"restricted\" style=\"position: absolute; visibility: hidden;\" title=\"\u00ab[Exclusivo] Crece el misterio por la desaparici\u00f3n de un chofer de taxi de Villa Mar\u00eda\u00bb \u2014 El Regional\" src=\"https:\/\/elregionalvm.com.ar\/noticias-villa-maria\/exclusivo-investigan-la-desaparicion-de-un-chofer-de-taxi-y-del-vehiculo\/embed\/#?secret=zmLxZ5WTRe#?secret=ilPYsOGFUK\" data-secret=\"ilPYsOGFUK\" width=\"500\" height=\"282\" frameborder=\"0\" marginwidth=\"0\" marginheight=\"0\" scrolling=\"no\"><\/iframe>\n<\/div><\/figure>\n\n\n\n<p><\/p>\n\n\n\n<p>Ante la falta de novedades respecto de su desaparici\u00f3n y la ausencia de reclamos por parte de familiares, comenz\u00f3 a tejerse la sospecha sobre la posibilidad de un \u201cautorrobo\u201d.<\/p>\n\n\n\n<p>Esta hip\u00f3tesis era alimentada por la ausencia de su familia en la vivienda que alquilaba en la ciudad junto con su familia.<\/p>\n\n\n\n<p>Hac\u00eda solo 20 d\u00edas que hab\u00eda ingresado a trabajar a la agencia de taxis Donald como chofer.<\/p>\n\n\n\n<p>Este lunes, <a href=\"https:\/\/elregionalvm.com.ar\/noticias-villa-maria\/fiscal-bosio-investigan-el-caso-del-chofer-y-el-taxi-desaparecidos\/\">el fiscal Bosio ofreci\u00f3 algunas precisiones a la prensa<\/a>, pero sin abundar en detalles.<\/p>\n\n\n\n<p><\/p>\n\n\n\n<figure class=\"wp-block-embed is-type-wp-embed is-provider-el-regional wp-block-embed-el-regional\"><div class=\"wp-block-embed__wrapper\">\n<blockquote class=\"wp-embedded-content\" data-secret=\"4C9P81QVZB\"><a href=\"https:\/\/elregionalvm.com.ar\/noticias-villa-maria\/fiscal-bosio-investigan-el-caso-del-chofer-y-el-taxi-desaparecidos\/\">Fiscal Bosio: investigan el caso del chofer y el taxi desaparecidos<\/a><\/blockquote><iframe class=\"wp-embedded-content\" sandbox=\"allow-scripts\" security=\"restricted\" style=\"position: absolute; visibility: hidden;\" title=\"\u00abFiscal Bosio: investigan el caso del chofer y el taxi desaparecidos\u00bb \u2014 El Regional\" src=\"https:\/\/elregionalvm.com.ar\/noticias-villa-maria\/fiscal-bosio-investigan-el-caso-del-chofer-y-el-taxi-desaparecidos\/embed\/#?secret=WUHHeuamVI#?secret=4C9P81QVZB\" data-secret=\"4C9P81QVZB\" width=\"500\" height=\"282\" frameborder=\"0\" marginwidth=\"0\" marginheight=\"0\" scrolling=\"no\"><\/iframe>\n<\/div><\/figure>\n\n\n\n<p><\/p>\n\n\n\n<p>Hace instantes, alrededor de las 22 horas, la Departamental San Mart\u00edn inform\u00f3 de la detenci\u00f3n del trabajador del volante en la provincia de San Juan, desde donde ser\u00e1 trasladado oportunamente.<\/p>\n\n\n\n<p>A partir del trabajo de la Divisi\u00f3n Investigaciones local de la Polic\u00eda de C\u00f3rdoba realizado sobre el tel\u00e9fono celular utilizado por el taxista, se comprob\u00f3 el enga\u00f1o.<\/p>\n\n\n\n<p>El chofer no viaj\u00f3 a Buenos Aires, pero s\u00ed recorri\u00f3 distintas localidades de la provincia como Carlos Paz y Alta Gracia, para luego viajar hacia la ciudad de San Juan. All\u00ed detectaron los \u00faltimos movimientos de su l\u00ednea telef\u00f3nica.<\/p>\n\n\n\n<p>Con la colaboraci\u00f3n de la Divisi\u00f3n Delitos de la secci\u00f3n Defraudaci\u00f3n y Estafas de la provincia cuyana, se pudo dar con su paradero.<\/p>\n\n\n\n<p>Bosio lo imput\u00f3 por el delito de estafa y ser\u00e1 trasladado en las pr\u00f3ximas horas a nuestra ciudad.<\/p>\n","protected":false},"excerpt":{"rendered":"<p>Casi sin sorpresas, porque era la principal hip\u00f3tesis que manejaba el fiscal Ren\u00e9 Bosio y la gran sospecha del propietario del veh\u00edculo, el taxista que hab\u00eda desaparecido fue detenido en San Juan e imputado por estafa. El sujeto que dijo llamarse Pablo Rivero, de 28 a\u00f1os, era buscado desde hace una semana a partir de [&hellip;]<\/p>\n","protected":false},"author":4,"featured_media":61329,"comment_status":"open","ping_status":"open","sticky":false,"template":"","format":"standard","meta":{"site-sidebar-layout":"default","site-content-layout":"","ast-site-content-layout":"default","site-content-style":"default","site-sidebar-style":"default","ast-global-header-display":"","ast-banner-title-visibility":"","ast-main-header-display":"","ast-hfb-above-header-display":"","ast-hfb-below-header-display":"","ast-hfb-mobile-header-display":"","site-post-title":"","ast-breadcrumbs-content":"","ast-featured-img":"","footer-sml-layout":"","ast-disable-related-posts":"","theme-transparent-header-meta":"","adv-header-id-meta":"","stick-header-meta":"","header-above-stick-meta":"","header-main-stick-meta":"","header-below-stick-meta":"","astra-migrate-meta-layouts":"default","ast-page-background-enabled":"default","ast-page-background-meta":{"desktop":{"background-color":"","background-image":"","background-repeat":"repeat","background-position":"center center","background-size":"auto","background-attachment":"scroll","background-type":"","background-media":"","overlay-type":"","overlay-color":"","overlay-opacity":"","overlay-gradient":""},"tablet":{"background-color":"","background-image":"","background-repeat":"repeat","background-position":"center center","background-size":"auto","background-attachment":"scroll","background-type":"","background-media":"","overlay-type":"","overlay-color":"","overlay-opacity":"","overlay-gradient":""},"mobile":{"background-color":"","background-image":"","background-repeat":"repeat","background-position":"center center","background-size":"auto","background-attachment":"scroll","background-type":"","background-media":"","overlay-type":"","overlay-color":"","overlay-opacity":"","overlay-gradient":""}},"ast-content-background-meta":{"desktop":{"background-color":"var(--ast-global-color-5)","background-image":"","background-repeat":"repeat","background-position":"center center","background-size":"auto","background-attachment":"scroll","background-type":"","background-media":"","overlay-type":"","overlay-color":"","overlay-opacity":"","overlay-gradient":""},"tablet":{"background-color":"var(--ast-global-color-5)","background-image":"","background-repeat":"repeat","background-position":"center center","background-size":"auto","background-attachment":"scroll","background-type":"","background-media":"","overlay-type":"","overlay-color":"","overlay-opacity":"","overlay-gradient":""},"mobile":{"background-color":"var(--ast-global-color-5)","background-image":"","background-repeat":"repeat","background-position":"center center","background-size":"auto","background-attachment":"scroll","background-type":"","background-media":"","overlay-type":"","overlay-color":"","overlay-opacity":"","overlay-gradient":""}},"_jetpack_memberships_contains_paid_content":false,"_joinchat":[],"footnotes":""},"categories":[2234,2],"tags":[10916,3380,2305,1549,6981,2716,1135,2540],"class_list":["post-61326","post","type-post","status-publish","format-standard","has-post-thumbnail","hentry","category-policiales","category-villa-maria","tag-autorrobo","tag-desaparicion","tag-detenido","tag-estafa","tag-fiscal-rene-bosio","tag-policia-de-cordoba","tag-san-juan","tag-taxista"],"yoast_head":"<!-- This site is optimized with the Yoast SEO plugin v26.8 - https:\/\/yoast.com\/product\/yoast-seo-wordpress\/ -->\n<title>[Caso cerrado] Detuvieron en San Juan al taxista desaparecido: Est\u00e1 imputado por estafa - El Regional<\/title>\n<meta name=\"robots\" content=\"index, follow, max-snippet:-1, max-image-preview:large, max-video-preview:-1\" \/>\n<link rel=\"canonical\" href=\"http:\/\/elregionalvm.com.ar\/noticias-villa-maria\/caso-cerrado-detuvieron-en-san-juan-al-taxista-desaparecido-esta-imputado-por-estafa\/\" \/>\n<meta property=\"og:locale\" content=\"es_ES\" \/>\n<meta property=\"og:type\" content=\"article\" \/>\n<meta property=\"og:title\" content=\"[Caso cerrado] Detuvieron en San Juan al taxista desaparecido: Est\u00e1 imputado por estafa - El Regional\" \/>\n<meta property=\"og:description\" content=\"Casi sin sorpresas, porque era la principal hip\u00f3tesis que manejaba el fiscal Ren\u00e9 Bosio y la gran sospecha del propietario del veh\u00edculo, el taxista que hab\u00eda desaparecido fue detenido en San Juan e imputado por estafa. El sujeto que dijo llamarse Pablo Rivero, de 28 a\u00f1os, era buscado desde hace una semana a partir de [&hellip;]\" \/>\n<meta property=\"og:url\" content=\"http:\/\/elregionalvm.com.ar\/noticias-villa-maria\/caso-cerrado-detuvieron-en-san-juan-al-taxista-desaparecido-esta-imputado-por-estafa\/\" \/>\n<meta property=\"og:site_name\" content=\"El Regional\" \/>\n<meta property=\"article:publisher\" content=\"https:\/\/www.facebook.com\/elregionalvm\" \/>\n<meta property=\"article:published_time\" content=\"2022-07-26T02:31:07+00:00\" \/>\n<meta property=\"article:modified_time\" content=\"2022-07-27T00:58:53+00:00\" \/>\n<meta property=\"og:image\" content=\"http:\/\/elregionalvm.com.ar\/noticias-villa-maria\/wp-content\/uploads\/2022\/07\/Taxista-detenido-por-estafa-vertical.jpeg\" \/>\n\t<meta property=\"og:image:width\" content=\"1201\" \/>\n\t<meta property=\"og:image:height\" content=\"1600\" \/>\n\t<meta property=\"og:image:type\" content=\"image\/jpeg\" \/>\n<meta name=\"author\" content=\"Contenidos El Regional\" \/>\n<meta name=\"twitter:card\" content=\"summary_large_image\" \/>\n<meta name=\"twitter:creator\" content=\"@elregionalvm1\" \/>\n<meta name=\"twitter:site\" content=\"@elregionalvm1\" \/>\n<meta name=\"twitter:label1\" content=\"Escrito por\" \/>\n\t<meta name=\"twitter:data1\" content=\"Contenidos El Regional\" \/>\n\t<meta name=\"twitter:label2\" content=\"Tiempo de lectura\" \/>\n\t<meta name=\"twitter:data2\" content=\"2 minutos\" \/>\n<script type=\"application\/ld+json\" class=\"yoast-schema-graph\">{\"@context\":\"https:\/\/schema.org\",\"@graph\":[{\"@type\":\"Article\",\"@id\":\"http:\/\/elregionalvm.com.ar\/noticias-villa-maria\/caso-cerrado-detuvieron-en-san-juan-al-taxista-desaparecido-esta-imputado-por-estafa\/#article\",\"isPartOf\":{\"@id\":\"http:\/\/elregionalvm.com.ar\/noticias-villa-maria\/caso-cerrado-detuvieron-en-san-juan-al-taxista-desaparecido-esta-imputado-por-estafa\/\"},\"author\":{\"name\":\"Contenidos El Regional\",\"@id\":\"http:\/\/elregionalvm.com.ar\/noticias-villa-maria\/#\/schema\/person\/a0fb9c422317faca23d50163151bc354\"},\"headline\":\"[Caso cerrado] Detuvieron en San Juan al taxista desaparecido: Est\u00e1 imputado por estafa\",\"datePublished\":\"2022-07-26T02:31:07+00:00\",\"dateModified\":\"2022-07-27T00:58:53+00:00\",\"mainEntityOfPage\":{\"@id\":\"http:\/\/elregionalvm.com.ar\/noticias-villa-maria\/caso-cerrado-detuvieron-en-san-juan-al-taxista-desaparecido-esta-imputado-por-estafa\/\"},\"wordCount\":401,\"commentCount\":0,\"image\":{\"@id\":\"http:\/\/elregionalvm.com.ar\/noticias-villa-maria\/caso-cerrado-detuvieron-en-san-juan-al-taxista-desaparecido-esta-imputado-por-estafa\/#primaryimage\"},\"thumbnailUrl\":\"https:\/\/i0.wp.com\/elregionalvm.com.ar\/noticias-villa-maria\/wp-content\/uploads\/2022\/07\/Taxista-detenido-por-estafa-vertical.jpeg?fit=1201%2C1600&ssl=1\",\"keywords\":[\"autorrobo\",\"desaparici\u00f3n\",\"detenido\",\"estafa\",\"Fiscal Ren\u00e9 Bosio\",\"Polic\u00eda de C\u00f3rdoba\",\"San Juan\",\"taxista\"],\"articleSection\":[\"Policiales\",\"Villa Mar\u00eda\"],\"inLanguage\":\"es\",\"potentialAction\":[{\"@type\":\"CommentAction\",\"name\":\"Comment\",\"target\":[\"http:\/\/elregionalvm.com.ar\/noticias-villa-maria\/caso-cerrado-detuvieron-en-san-juan-al-taxista-desaparecido-esta-imputado-por-estafa\/#respond\"]}]},{\"@type\":\"WebPage\",\"@id\":\"http:\/\/elregionalvm.com.ar\/noticias-villa-maria\/caso-cerrado-detuvieron-en-san-juan-al-taxista-desaparecido-esta-imputado-por-estafa\/\",\"url\":\"http:\/\/elregionalvm.com.ar\/noticias-villa-maria\/caso-cerrado-detuvieron-en-san-juan-al-taxista-desaparecido-esta-imputado-por-estafa\/\",\"name\":\"[Caso cerrado] Detuvieron en San Juan al taxista desaparecido: Est\u00e1 imputado por estafa - El Regional\",\"isPartOf\":{\"@id\":\"http:\/\/elregionalvm.com.ar\/noticias-villa-maria\/#website\"},\"primaryImageOfPage\":{\"@id\":\"http:\/\/elregionalvm.com.ar\/noticias-villa-maria\/caso-cerrado-detuvieron-en-san-juan-al-taxista-desaparecido-esta-imputado-por-estafa\/#primaryimage\"},\"image\":{\"@id\":\"http:\/\/elregionalvm.com.ar\/noticias-villa-maria\/caso-cerrado-detuvieron-en-san-juan-al-taxista-desaparecido-esta-imputado-por-estafa\/#primaryimage\"},\"thumbnailUrl\":\"https:\/\/i0.wp.com\/elregionalvm.com.ar\/noticias-villa-maria\/wp-content\/uploads\/2022\/07\/Taxista-detenido-por-estafa-vertical.jpeg?fit=1201%2C1600&ssl=1\",\"datePublished\":\"2022-07-26T02:31:07+00:00\",\"dateModified\":\"2022-07-27T00:58:53+00:00\",\"author\":{\"@id\":\"http:\/\/elregionalvm.com.ar\/noticias-villa-maria\/#\/schema\/person\/a0fb9c422317faca23d50163151bc354\"},\"breadcrumb\":{\"@id\":\"http:\/\/elregionalvm.com.ar\/noticias-villa-maria\/caso-cerrado-detuvieron-en-san-juan-al-taxista-desaparecido-esta-imputado-por-estafa\/#breadcrumb\"},\"inLanguage\":\"es\",\"potentialAction\":[{\"@type\":\"ReadAction\",\"target\":[\"http:\/\/elregionalvm.com.ar\/noticias-villa-maria\/caso-cerrado-detuvieron-en-san-juan-al-taxista-desaparecido-esta-imputado-por-estafa\/\"]}]},{\"@type\":\"ImageObject\",\"inLanguage\":\"es\",\"@id\":\"http:\/\/elregionalvm.com.ar\/noticias-villa-maria\/caso-cerrado-detuvieron-en-san-juan-al-taxista-desaparecido-esta-imputado-por-estafa\/#primaryimage\",\"url\":\"https:\/\/i0.wp.com\/elregionalvm.com.ar\/noticias-villa-maria\/wp-content\/uploads\/2022\/07\/Taxista-detenido-por-estafa-vertical.jpeg?fit=1201%2C1600&ssl=1\",\"contentUrl\":\"https:\/\/i0.wp.com\/elregionalvm.com.ar\/noticias-villa-maria\/wp-content\/uploads\/2022\/07\/Taxista-detenido-por-estafa-vertical.jpeg?fit=1201%2C1600&ssl=1\",\"width\":1201,\"height\":1600},{\"@type\":\"BreadcrumbList\",\"@id\":\"http:\/\/elregionalvm.com.ar\/noticias-villa-maria\/caso-cerrado-detuvieron-en-san-juan-al-taxista-desaparecido-esta-imputado-por-estafa\/#breadcrumb\",\"itemListElement\":[{\"@type\":\"ListItem\",\"position\":1,\"name\":\"Portada\",\"item\":\"https:\/\/elregionalvm.com.ar\/noticias-villa-maria\/\"},{\"@type\":\"ListItem\",\"position\":2,\"name\":\"[Caso cerrado] Detuvieron en San Juan al taxista desaparecido: Est\u00e1 imputado por estafa\"}]},{\"@type\":\"WebSite\",\"@id\":\"http:\/\/elregionalvm.com.ar\/noticias-villa-maria\/#website\",\"url\":\"http:\/\/elregionalvm.com.ar\/noticias-villa-maria\/\",\"name\":\"El Regional\",\"description\":\"Mucho m\u00e1s que informaci\u00f3n\",\"potentialAction\":[{\"@type\":\"SearchAction\",\"target\":{\"@type\":\"EntryPoint\",\"urlTemplate\":\"http:\/\/elregionalvm.com.ar\/noticias-villa-maria\/?s={search_term_string}\"},\"query-input\":{\"@type\":\"PropertyValueSpecification\",\"valueRequired\":true,\"valueName\":\"search_term_string\"}}],\"inLanguage\":\"es\"},{\"@type\":\"Person\",\"@id\":\"http:\/\/elregionalvm.com.ar\/noticias-villa-maria\/#\/schema\/person\/a0fb9c422317faca23d50163151bc354\",\"name\":\"Contenidos El Regional\",\"image\":{\"@type\":\"ImageObject\",\"inLanguage\":\"es\",\"@id\":\"http:\/\/elregionalvm.com.ar\/noticias-villa-maria\/#\/schema\/person\/image\/\",\"url\":\"https:\/\/secure.gravatar.com\/avatar\/265b27cb2209af7bb3a1318f03305787d7981a5cc6e6cd08fe5a4ecdf99d4b48?s=96&d=mm&r=g\",\"contentUrl\":\"https:\/\/secure.gravatar.com\/avatar\/265b27cb2209af7bb3a1318f03305787d7981a5cc6e6cd08fe5a4ecdf99d4b48?s=96&d=mm&r=g\",\"caption\":\"Contenidos El Regional\"},\"url\":\"https:\/\/elregionalvm.com.ar\/noticias-villa-maria\/author\/contenido\/\"}]}<\/script>\n<!-- \/ Yoast SEO plugin. -->","yoast_head_json":{"title":"[Caso cerrado] Detuvieron en San Juan al taxista desaparecido: Est\u00e1 imputado por estafa - El Regional","robots":{"index":"index","follow":"follow","max-snippet":"max-snippet:-1","max-image-preview":"max-image-preview:large","max-video-preview":"max-video-preview:-1"},"canonical":"http:\/\/elregionalvm.com.ar\/noticias-villa-maria\/caso-cerrado-detuvieron-en-san-juan-al-taxista-desaparecido-esta-imputado-por-estafa\/","og_locale":"es_ES","og_type":"article","og_title":"[Caso cerrado] Detuvieron en San Juan al taxista desaparecido: Est\u00e1 imputado por estafa - El Regional","og_description":"Casi sin sorpresas, porque era la principal hip\u00f3tesis que manejaba el fiscal Ren\u00e9 Bosio y la gran sospecha del propietario del veh\u00edculo, el taxista que hab\u00eda desaparecido fue detenido en San Juan e imputado por estafa. El sujeto que dijo llamarse Pablo Rivero, de 28 a\u00f1os, era buscado desde hace una semana a partir de [&hellip;]","og_url":"http:\/\/elregionalvm.com.ar\/noticias-villa-maria\/caso-cerrado-detuvieron-en-san-juan-al-taxista-desaparecido-esta-imputado-por-estafa\/","og_site_name":"El Regional","article_publisher":"https:\/\/www.facebook.com\/elregionalvm","article_published_time":"2022-07-26T02:31:07+00:00","article_modified_time":"2022-07-27T00:58:53+00:00","og_image":[{"width":1201,"height":1600,"url":"http:\/\/elregionalvm.com.ar\/noticias-villa-maria\/wp-content\/uploads\/2022\/07\/Taxista-detenido-por-estafa-vertical.jpeg","type":"image\/jpeg"}],"author":"Contenidos El Regional","twitter_card":"summary_large_image","twitter_creator":"@elregionalvm1","twitter_site":"@elregionalvm1","twitter_misc":{"Escrito por":"Contenidos El Regional","Tiempo de lectura":"2 minutos"},"schema":{"@context":"https:\/\/schema.org","@graph":[{"@type":"Article","@id":"http:\/\/elregionalvm.com.ar\/noticias-villa-maria\/caso-cerrado-detuvieron-en-san-juan-al-taxista-desaparecido-esta-imputado-por-estafa\/#article","isPartOf":{"@id":"http:\/\/elregionalvm.com.ar\/noticias-villa-maria\/caso-cerrado-detuvieron-en-san-juan-al-taxista-desaparecido-esta-imputado-por-estafa\/"},"author":{"name":"Contenidos El Regional","@id":"http:\/\/elregionalvm.com.ar\/noticias-villa-maria\/#\/schema\/person\/a0fb9c422317faca23d50163151bc354"},"headline":"[Caso cerrado] Detuvieron en San Juan al taxista desaparecido: Est\u00e1 imputado por estafa","datePublished":"2022-07-26T02:31:07+00:00","dateModified":"2022-07-27T00:58:53+00:00","mainEntityOfPage":{"@id":"http:\/\/elregionalvm.com.ar\/noticias-villa-maria\/caso-cerrado-detuvieron-en-san-juan-al-taxista-desaparecido-esta-imputado-por-estafa\/"},"wordCount":401,"commentCount":0,"image":{"@id":"http:\/\/elregionalvm.com.ar\/noticias-villa-maria\/caso-cerrado-detuvieron-en-san-juan-al-taxista-desaparecido-esta-imputado-por-estafa\/#primaryimage"},"thumbnailUrl":"https:\/\/i0.wp.com\/elregionalvm.com.ar\/noticias-villa-maria\/wp-content\/uploads\/2022\/07\/Taxista-detenido-por-estafa-vertical.jpeg?fit=1201%2C1600&ssl=1","keywords":["autorrobo","desaparici\u00f3n","detenido","estafa","Fiscal Ren\u00e9 Bosio","Polic\u00eda de C\u00f3rdoba","San Juan","taxista"],"articleSection":["Policiales","Villa Mar\u00eda"],"inLanguage":"es","potentialAction":[{"@type":"CommentAction","name":"Comment","target":["http:\/\/elregionalvm.com.ar\/noticias-villa-maria\/caso-cerrado-detuvieron-en-san-juan-al-taxista-desaparecido-esta-imputado-por-estafa\/#respond"]}]},{"@type":"WebPage","@id":"http:\/\/elregionalvm.com.ar\/noticias-villa-maria\/caso-cerrado-detuvieron-en-san-juan-al-taxista-desaparecido-esta-imputado-por-estafa\/","url":"http:\/\/elregionalvm.com.ar\/noticias-villa-maria\/caso-cerrado-detuvieron-en-san-juan-al-taxista-desaparecido-esta-imputado-por-estafa\/","name":"[Caso cerrado] Detuvieron en San Juan al taxista desaparecido: Est\u00e1 imputado por estafa - El Regional","isPartOf":{"@id":"http:\/\/elregionalvm.com.ar\/noticias-villa-maria\/#website"},"primaryImageOfPage":{"@id":"http:\/\/elregionalvm.com.ar\/noticias-villa-maria\/caso-cerrado-detuvieron-en-san-juan-al-taxista-desaparecido-esta-imputado-por-estafa\/#primaryimage"},"image":{"@id":"http:\/\/elregionalvm.com.ar\/noticias-villa-maria\/caso-cerrado-detuvieron-en-san-juan-al-taxista-desaparecido-esta-imputado-por-estafa\/#primaryimage"},"thumbnailUrl":"https:\/\/i0.wp.com\/elregionalvm.com.ar\/noticias-villa-maria\/wp-content\/uploads\/2022\/07\/Taxista-detenido-por-estafa-vertical.jpeg?fit=1201%2C1600&ssl=1","datePublished":"2022-07-26T02:31:07+00:00","dateModified":"2022-07-27T00:58:53+00:00","author":{"@id":"http:\/\/elregionalvm.com.ar\/noticias-villa-maria\/#\/schema\/person\/a0fb9c422317faca23d50163151bc354"},"breadcrumb":{"@id":"http:\/\/elregionalvm.com.ar\/noticias-villa-maria\/caso-cerrado-detuvieron-en-san-juan-al-taxista-desaparecido-esta-imputado-por-estafa\/#breadcrumb"},"inLanguage":"es","potentialAction":[{"@type":"ReadAction","target":["http:\/\/elregionalvm.com.ar\/noticias-villa-maria\/caso-cerrado-detuvieron-en-san-juan-al-taxista-desaparecido-esta-imputado-por-estafa\/"]}]},{"@type":"ImageObject","inLanguage":"es","@id":"http:\/\/elregionalvm.com.ar\/noticias-villa-maria\/caso-cerrado-detuvieron-en-san-juan-al-taxista-desaparecido-esta-imputado-por-estafa\/#primaryimage","url":"https:\/\/i0.wp.com\/elregionalvm.com.ar\/noticias-villa-maria\/wp-content\/uploads\/2022\/07\/Taxista-detenido-por-estafa-vertical.jpeg?fit=1201%2C1600&ssl=1","contentUrl":"https:\/\/i0.wp.com\/elregionalvm.com.ar\/noticias-villa-maria\/wp-content\/uploads\/2022\/07\/Taxista-detenido-por-estafa-vertical.jpeg?fit=1201%2C1600&ssl=1","width":1201,"height":1600},{"@type":"BreadcrumbList","@id":"http:\/\/elregionalvm.com.ar\/noticias-villa-maria\/caso-cerrado-detuvieron-en-san-juan-al-taxista-desaparecido-esta-imputado-por-estafa\/#breadcrumb","itemListElement":[{"@type":"ListItem","position":1,"name":"Portada","item":"https:\/\/elregionalvm.com.ar\/noticias-villa-maria\/"},{"@type":"ListItem","position":2,"name":"[Caso cerrado] Detuvieron en San Juan al taxista desaparecido: Est\u00e1 imputado por estafa"}]},{"@type":"WebSite","@id":"http:\/\/elregionalvm.com.ar\/noticias-villa-maria\/#website","url":"http:\/\/elregionalvm.com.ar\/noticias-villa-maria\/","name":"El Regional","description":"Mucho m\u00e1s que informaci\u00f3n","potentialAction":[{"@type":"SearchAction","target":{"@type":"EntryPoint","urlTemplate":"http:\/\/elregionalvm.com.ar\/noticias-villa-maria\/?s={search_term_string}"},"query-input":{"@type":"PropertyValueSpecification","valueRequired":true,"valueName":"search_term_string"}}],"inLanguage":"es"},{"@type":"Person","@id":"http:\/\/elregionalvm.com.ar\/noticias-villa-maria\/#\/schema\/person\/a0fb9c422317faca23d50163151bc354","name":"Contenidos El Regional","image":{"@type":"ImageObject","inLanguage":"es","@id":"http:\/\/elregionalvm.com.ar\/noticias-villa-maria\/#\/schema\/person\/image\/","url":"https:\/\/secure.gravatar.com\/avatar\/265b27cb2209af7bb3a1318f03305787d7981a5cc6e6cd08fe5a4ecdf99d4b48?s=96&d=mm&r=g","contentUrl":"https:\/\/secure.gravatar.com\/avatar\/265b27cb2209af7bb3a1318f03305787d7981a5cc6e6cd08fe5a4ecdf99d4b48?s=96&d=mm&r=g","caption":"Contenidos El Regional"},"url":"https:\/\/elregionalvm.com.ar\/noticias-villa-maria\/author\/contenido\/"}]}},"jetpack_featured_media_url":"https:\/\/i0.wp.com\/elregionalvm.com.ar\/noticias-villa-maria\/wp-content\/uploads\/2022\/07\/Taxista-detenido-por-estafa-vertical.jpeg?fit=1201%2C1600&ssl=1","jetpack_sharing_enabled":true,"_links":{"self":[{"href":"https:\/\/elregionalvm.com.ar\/noticias-villa-maria\/wp-json\/wp\/v2\/posts\/61326","targetHints":{"allow":["GET"]}}],"collection":[{"href":"https:\/\/elregionalvm.com.ar\/noticias-villa-maria\/wp-json\/wp\/v2\/posts"}],"about":[{"href":"https:\/\/elregionalvm.com.ar\/noticias-villa-maria\/wp-json\/wp\/v2\/types\/post"}],"author":[{"embeddable":true,"href":"https:\/\/elregionalvm.com.ar\/noticias-villa-maria\/wp-json\/wp\/v2\/users\/4"}],"replies":[{"embeddable":true,"href":"https:\/\/elregionalvm.com.ar\/noticias-villa-maria\/wp-json\/wp\/v2\/comments?post=61326"}],"version-history":[{"count":2,"href":"https:\/\/elregionalvm.com.ar\/noticias-villa-maria\/wp-json\/wp\/v2\/posts\/61326\/revisions"}],"predecessor-version":[{"id":61331,"href":"https:\/\/elregionalvm.com.ar\/noticias-villa-maria\/wp-json\/wp\/v2\/posts\/61326\/revisions\/61331"}],"wp:featuredmedia":[{"embeddable":true,"href":"https:\/\/elregionalvm.com.ar\/noticias-villa-maria\/wp-json\/wp\/v2\/media\/61329"}],"wp:attachment":[{"href":"https:\/\/elregionalvm.com.ar\/noticias-villa-maria\/wp-json\/wp\/v2\/media?parent=61326"}],"wp:term":[{"taxonomy":"category","embeddable":true,"href":"https:\/\/elregionalvm.com.ar\/noticias-villa-maria\/wp-json\/wp\/v2\/categories?post=61326"},{"taxonomy":"post_tag","embeddable":true,"href":"https:\/\/elregionalvm.com.ar\/noticias-villa-maria\/wp-json\/wp\/v2\/tags?post=61326"}],"curies":[{"name":"wp","href":"https:\/\/api.w.org\/{rel}","templated":true}]}}