{"id":61360,"date":"2022-07-26T20:16:32","date_gmt":"2022-07-26T20:16:32","guid":{"rendered":"https:\/\/elregionalvm.com.ar\/noticias-villa-maria\/?p=61360"},"modified":"2022-07-26T20:16:34","modified_gmt":"2022-07-26T20:16:34","slug":"atencion-inscriben-en-el-taller-de-carpinteria-de-la-escuela-granja","status":"publish","type":"post","link":"https:\/\/elregionalvm.com.ar\/noticias-villa-maria\/atencion-inscriben-en-el-taller-de-carpinteria-de-la-escuela-granja\/","title":{"rendered":"\u00a1Atenci\u00f3n! Inscriben en el Taller de Carpinter\u00eda de la Escuela Granja"},"content":{"rendered":"\n<p>Con el objetivo de brindar herramientas y saberes pr\u00e1cticos para la incorporaci\u00f3n al mundo del trabajo, el municipio pondr\u00e1 en marcha una nueva edici\u00f3n de los talleres de Carpinter\u00eda en la Escuela Granja. La instancia formativa, dar\u00e1 inicio el pr\u00f3ximo lunes 1 de agosto y se llevar\u00e1 adelante cada semana durante agosto y septiembre.<\/p>\n\n\n\n<p>En esta oportunidad, la propuesta impulsada por la Secretar\u00eda de Educaci\u00f3n, Cultura y Promoci\u00f3n de la Ciencia, estar\u00e1 orientada a la adquisici\u00f3n de t\u00e9cnicas para trabajos rurales. En tanto, las clases ser\u00e1n destinadas a vecinos y vecinas mayores de 18 a\u00f1os interesados en aprender o perfeccionar el oficio.<\/p>\n\n\n\n<p>Precisamente, el taller se llevar\u00e1 a cabo cada lunes a partir de las 14:00 y hasta las 17:00 horas. Para ello, quienes deseen formar parte de los encuentros deber\u00e1n previamente completar la inscripci\u00f3n correspondiente en el formulario que se encuentra disponible en el siguiente link: https:\/\/forms.gle\/dNQZPeQctTkoXw5t5 .<\/p>\n\n\n\n<p>Es oportuno se\u00f1alar que el taller contar\u00e1 con un costo de inscripci\u00f3n de 300 pesos, y cuotas mensuales por el mismo monto. Adem\u00e1s, como en cada oportunidad se dar\u00e1 prioridad de participaci\u00f3n a personas desempleadas, contribuyendo as\u00ed a la mejora de empleabilidad de vecinas y vecinos.<\/p>\n","protected":false},"excerpt":{"rendered":"<p>Con el objetivo de brindar herramientas y saberes pr\u00e1cticos para la incorporaci\u00f3n al mundo del trabajo, el municipio pondr\u00e1 en marcha una nueva edici\u00f3n de los talleres de Carpinter\u00eda en la Escuela Granja. La instancia formativa, dar\u00e1 inicio el pr\u00f3ximo lunes 1 de agosto y se llevar\u00e1 adelante cada semana durante agosto y septiembre. En [&hellip;]<\/p>\n","protected":false},"author":4,"featured_media":61361,"comment_status":"open","ping_status":"open","sticky":false,"template":"","format":"standard","meta":{"site-sidebar-layout":"default","site-content-layout":"","ast-site-content-layout":"default","site-content-style":"default","site-sidebar-style":"default","ast-global-header-display":"","ast-banner-title-visibility":"","ast-main-header-display":"","ast-hfb-above-header-display":"","ast-hfb-below-header-display":"","ast-hfb-mobile-header-display":"","site-post-title":"","ast-breadcrumbs-content":"","ast-featured-img":"","footer-sml-layout":"","ast-disable-related-posts":"","theme-transparent-header-meta":"","adv-header-id-meta":"","stick-header-meta":"","header-above-stick-meta":"","header-main-stick-meta":"","header-below-stick-meta":"","astra-migrate-meta-layouts":"default","ast-page-background-enabled":"default","ast-page-background-meta":{"desktop":{"background-color":"","background-image":"","background-repeat":"repeat","background-position":"center center","background-size":"auto","background-attachment":"scroll","background-type":"","background-media":"","overlay-type":"","overlay-color":"","overlay-opacity":"","overlay-gradient":""},"tablet":{"background-color":"","background-image":"","background-repeat":"repeat","background-position":"center center","background-size":"auto","background-attachment":"scroll","background-type":"","background-media":"","overlay-type":"","overlay-color":"","overlay-opacity":"","overlay-gradient":""},"mobile":{"background-color":"","background-image":"","background-repeat":"repeat","background-position":"center center","background-size":"auto","background-attachment":"scroll","background-type":"","background-media":"","overlay-type":"","overlay-color":"","overlay-opacity":"","overlay-gradient":""}},"ast-content-background-meta":{"desktop":{"background-color":"var(--ast-global-color-5)","background-image":"","background-repeat":"repeat","background-position":"center center","background-size":"auto","background-attachment":"scroll","background-type":"","background-media":"","overlay-type":"","overlay-color":"","overlay-opacity":"","overlay-gradient":""},"tablet":{"background-color":"var(--ast-global-color-5)","background-image":"","background-repeat":"repeat","background-position":"center center","background-size":"auto","background-attachment":"scroll","background-type":"","background-media":"","overlay-type":"","overlay-color":"","overlay-opacity":"","overlay-gradient":""},"mobile":{"background-color":"var(--ast-global-color-5)","background-image":"","background-repeat":"repeat","background-position":"center center","background-size":"auto","background-attachment":"scroll","background-type":"","background-media":"","overlay-type":"","overlay-color":"","overlay-opacity":"","overlay-gradient":""}},"_jetpack_memberships_contains_paid_content":false,"_joinchat":[],"footnotes":""},"categories":[15302,2],"tags":[16929,7882,7585,8669,16928,7961,16927,2248],"class_list":["post-61360","post","type-post","status-publish","format-standard","has-post-thumbnail","hentry","category-destacado","category-villa-maria","tag-agosto-y-septiembre","tag-carpinteria","tag-escuela-granja","tag-formulario","tag-inicio-lunes-1-de-agosto","tag-inscripciones-abiertas","tag-taller-de-carpinteria","tag-villa-maria-2"],"yoast_head":"<!-- This site is optimized with the Yoast SEO plugin v26.8 - https:\/\/yoast.com\/product\/yoast-seo-wordpress\/ -->\n<title>\u00a1Atenci\u00f3n! Inscriben en el Taller de Carpinter\u00eda de la Escuela Granja - El Regional<\/title>\n<meta name=\"robots\" content=\"index, follow, max-snippet:-1, max-image-preview:large, max-video-preview:-1\" \/>\n<link rel=\"canonical\" href=\"http:\/\/elregionalvm.com.ar\/noticias-villa-maria\/atencion-inscriben-en-el-taller-de-carpinteria-de-la-escuela-granja\/\" \/>\n<meta property=\"og:locale\" content=\"es_ES\" \/>\n<meta property=\"og:type\" content=\"article\" \/>\n<meta property=\"og:title\" content=\"\u00a1Atenci\u00f3n! Inscriben en el Taller de Carpinter\u00eda de la Escuela Granja - El Regional\" \/>\n<meta property=\"og:description\" content=\"Con el objetivo de brindar herramientas y saberes pr\u00e1cticos para la incorporaci\u00f3n al mundo del trabajo, el municipio pondr\u00e1 en marcha una nueva edici\u00f3n de los talleres de Carpinter\u00eda en la Escuela Granja. La instancia formativa, dar\u00e1 inicio el pr\u00f3ximo lunes 1 de agosto y se llevar\u00e1 adelante cada semana durante agosto y septiembre. En [&hellip;]\" \/>\n<meta property=\"og:url\" content=\"http:\/\/elregionalvm.com.ar\/noticias-villa-maria\/atencion-inscriben-en-el-taller-de-carpinteria-de-la-escuela-granja\/\" \/>\n<meta property=\"og:site_name\" content=\"El Regional\" \/>\n<meta property=\"article:publisher\" content=\"https:\/\/www.facebook.com\/elregionalvm\" \/>\n<meta property=\"article:published_time\" content=\"2022-07-26T20:16:32+00:00\" \/>\n<meta property=\"article:modified_time\" content=\"2022-07-26T20:16:34+00:00\" \/>\n<meta property=\"og:image\" content=\"http:\/\/elregionalvm.com.ar\/noticias-villa-maria\/wp-content\/uploads\/2022\/07\/carpinteria.jpg\" \/>\n\t<meta property=\"og:image:width\" content=\"2048\" \/>\n\t<meta property=\"og:image:height\" content=\"1254\" \/>\n\t<meta property=\"og:image:type\" content=\"image\/jpeg\" \/>\n<meta name=\"author\" content=\"Contenidos El Regional\" \/>\n<meta name=\"twitter:card\" content=\"summary_large_image\" \/>\n<meta name=\"twitter:creator\" content=\"@elregionalvm1\" \/>\n<meta name=\"twitter:site\" content=\"@elregionalvm1\" \/>\n<meta name=\"twitter:label1\" content=\"Escrito por\" \/>\n\t<meta name=\"twitter:data1\" content=\"Contenidos El Regional\" \/>\n\t<meta name=\"twitter:label2\" content=\"Tiempo de lectura\" \/>\n\t<meta name=\"twitter:data2\" content=\"1 minuto\" \/>\n<script type=\"application\/ld+json\" class=\"yoast-schema-graph\">{\"@context\":\"https:\/\/schema.org\",\"@graph\":[{\"@type\":\"Article\",\"@id\":\"http:\/\/elregionalvm.com.ar\/noticias-villa-maria\/atencion-inscriben-en-el-taller-de-carpinteria-de-la-escuela-granja\/#article\",\"isPartOf\":{\"@id\":\"http:\/\/elregionalvm.com.ar\/noticias-villa-maria\/atencion-inscriben-en-el-taller-de-carpinteria-de-la-escuela-granja\/\"},\"author\":{\"name\":\"Contenidos El Regional\",\"@id\":\"http:\/\/elregionalvm.com.ar\/noticias-villa-maria\/#\/schema\/person\/a0fb9c422317faca23d50163151bc354\"},\"headline\":\"\u00a1Atenci\u00f3n! Inscriben en el Taller de Carpinter\u00eda de la Escuela Granja\",\"datePublished\":\"2022-07-26T20:16:32+00:00\",\"dateModified\":\"2022-07-26T20:16:34+00:00\",\"mainEntityOfPage\":{\"@id\":\"http:\/\/elregionalvm.com.ar\/noticias-villa-maria\/atencion-inscriben-en-el-taller-de-carpinteria-de-la-escuela-granja\/\"},\"wordCount\":224,\"commentCount\":0,\"image\":{\"@id\":\"http:\/\/elregionalvm.com.ar\/noticias-villa-maria\/atencion-inscriben-en-el-taller-de-carpinteria-de-la-escuela-granja\/#primaryimage\"},\"thumbnailUrl\":\"https:\/\/i0.wp.com\/elregionalvm.com.ar\/noticias-villa-maria\/wp-content\/uploads\/2022\/07\/carpinteria.jpg?fit=2048%2C1254&ssl=1\",\"keywords\":[\"agosto y septiembre\",\"carpinter\u00eda\",\"Escuela Granja\",\"formulario\",\"inicio lunes 1 de agosto\",\"inscripciones abiertas\",\"taller de carpinter\u00eda\",\"Villa Mar\u00eda\"],\"articleSection\":[\"destacado\",\"Villa Mar\u00eda\"],\"inLanguage\":\"es\",\"potentialAction\":[{\"@type\":\"CommentAction\",\"name\":\"Comment\",\"target\":[\"http:\/\/elregionalvm.com.ar\/noticias-villa-maria\/atencion-inscriben-en-el-taller-de-carpinteria-de-la-escuela-granja\/#respond\"]}]},{\"@type\":\"WebPage\",\"@id\":\"http:\/\/elregionalvm.com.ar\/noticias-villa-maria\/atencion-inscriben-en-el-taller-de-carpinteria-de-la-escuela-granja\/\",\"url\":\"http:\/\/elregionalvm.com.ar\/noticias-villa-maria\/atencion-inscriben-en-el-taller-de-carpinteria-de-la-escuela-granja\/\",\"name\":\"\u00a1Atenci\u00f3n! Inscriben en el Taller de Carpinter\u00eda de la Escuela Granja - El Regional\",\"isPartOf\":{\"@id\":\"http:\/\/elregionalvm.com.ar\/noticias-villa-maria\/#website\"},\"primaryImageOfPage\":{\"@id\":\"http:\/\/elregionalvm.com.ar\/noticias-villa-maria\/atencion-inscriben-en-el-taller-de-carpinteria-de-la-escuela-granja\/#primaryimage\"},\"image\":{\"@id\":\"http:\/\/elregionalvm.com.ar\/noticias-villa-maria\/atencion-inscriben-en-el-taller-de-carpinteria-de-la-escuela-granja\/#primaryimage\"},\"thumbnailUrl\":\"https:\/\/i0.wp.com\/elregionalvm.com.ar\/noticias-villa-maria\/wp-content\/uploads\/2022\/07\/carpinteria.jpg?fit=2048%2C1254&ssl=1\",\"datePublished\":\"2022-07-26T20:16:32+00:00\",\"dateModified\":\"2022-07-26T20:16:34+00:00\",\"author\":{\"@id\":\"http:\/\/elregionalvm.com.ar\/noticias-villa-maria\/#\/schema\/person\/a0fb9c422317faca23d50163151bc354\"},\"breadcrumb\":{\"@id\":\"http:\/\/elregionalvm.com.ar\/noticias-villa-maria\/atencion-inscriben-en-el-taller-de-carpinteria-de-la-escuela-granja\/#breadcrumb\"},\"inLanguage\":\"es\",\"potentialAction\":[{\"@type\":\"ReadAction\",\"target\":[\"http:\/\/elregionalvm.com.ar\/noticias-villa-maria\/atencion-inscriben-en-el-taller-de-carpinteria-de-la-escuela-granja\/\"]}]},{\"@type\":\"ImageObject\",\"inLanguage\":\"es\",\"@id\":\"http:\/\/elregionalvm.com.ar\/noticias-villa-maria\/atencion-inscriben-en-el-taller-de-carpinteria-de-la-escuela-granja\/#primaryimage\",\"url\":\"https:\/\/i0.wp.com\/elregionalvm.com.ar\/noticias-villa-maria\/wp-content\/uploads\/2022\/07\/carpinteria.jpg?fit=2048%2C1254&ssl=1\",\"contentUrl\":\"https:\/\/i0.wp.com\/elregionalvm.com.ar\/noticias-villa-maria\/wp-content\/uploads\/2022\/07\/carpinteria.jpg?fit=2048%2C1254&ssl=1\",\"width\":2048,\"height\":1254},{\"@type\":\"BreadcrumbList\",\"@id\":\"http:\/\/elregionalvm.com.ar\/noticias-villa-maria\/atencion-inscriben-en-el-taller-de-carpinteria-de-la-escuela-granja\/#breadcrumb\",\"itemListElement\":[{\"@type\":\"ListItem\",\"position\":1,\"name\":\"Portada\",\"item\":\"https:\/\/elregionalvm.com.ar\/noticias-villa-maria\/\"},{\"@type\":\"ListItem\",\"position\":2,\"name\":\"\u00a1Atenci\u00f3n! Inscriben en el Taller de Carpinter\u00eda de la Escuela Granja\"}]},{\"@type\":\"WebSite\",\"@id\":\"http:\/\/elregionalvm.com.ar\/noticias-villa-maria\/#website\",\"url\":\"http:\/\/elregionalvm.com.ar\/noticias-villa-maria\/\",\"name\":\"El Regional\",\"description\":\"Mucho m\u00e1s que informaci\u00f3n\",\"potentialAction\":[{\"@type\":\"SearchAction\",\"target\":{\"@type\":\"EntryPoint\",\"urlTemplate\":\"http:\/\/elregionalvm.com.ar\/noticias-villa-maria\/?s={search_term_string}\"},\"query-input\":{\"@type\":\"PropertyValueSpecification\",\"valueRequired\":true,\"valueName\":\"search_term_string\"}}],\"inLanguage\":\"es\"},{\"@type\":\"Person\",\"@id\":\"http:\/\/elregionalvm.com.ar\/noticias-villa-maria\/#\/schema\/person\/a0fb9c422317faca23d50163151bc354\",\"name\":\"Contenidos El Regional\",\"image\":{\"@type\":\"ImageObject\",\"inLanguage\":\"es\",\"@id\":\"http:\/\/elregionalvm.com.ar\/noticias-villa-maria\/#\/schema\/person\/image\/\",\"url\":\"https:\/\/secure.gravatar.com\/avatar\/265b27cb2209af7bb3a1318f03305787d7981a5cc6e6cd08fe5a4ecdf99d4b48?s=96&d=mm&r=g\",\"contentUrl\":\"https:\/\/secure.gravatar.com\/avatar\/265b27cb2209af7bb3a1318f03305787d7981a5cc6e6cd08fe5a4ecdf99d4b48?s=96&d=mm&r=g\",\"caption\":\"Contenidos El Regional\"},\"url\":\"https:\/\/elregionalvm.com.ar\/noticias-villa-maria\/author\/contenido\/\"}]}<\/script>\n<!-- \/ Yoast SEO plugin. -->","yoast_head_json":{"title":"\u00a1Atenci\u00f3n! Inscriben en el Taller de Carpinter\u00eda de la Escuela Granja - El Regional","robots":{"index":"index","follow":"follow","max-snippet":"max-snippet:-1","max-image-preview":"max-image-preview:large","max-video-preview":"max-video-preview:-1"},"canonical":"http:\/\/elregionalvm.com.ar\/noticias-villa-maria\/atencion-inscriben-en-el-taller-de-carpinteria-de-la-escuela-granja\/","og_locale":"es_ES","og_type":"article","og_title":"\u00a1Atenci\u00f3n! Inscriben en el Taller de Carpinter\u00eda de la Escuela Granja - El Regional","og_description":"Con el objetivo de brindar herramientas y saberes pr\u00e1cticos para la incorporaci\u00f3n al mundo del trabajo, el municipio pondr\u00e1 en marcha una nueva edici\u00f3n de los talleres de Carpinter\u00eda en la Escuela Granja. La instancia formativa, dar\u00e1 inicio el pr\u00f3ximo lunes 1 de agosto y se llevar\u00e1 adelante cada semana durante agosto y septiembre. En [&hellip;]","og_url":"http:\/\/elregionalvm.com.ar\/noticias-villa-maria\/atencion-inscriben-en-el-taller-de-carpinteria-de-la-escuela-granja\/","og_site_name":"El Regional","article_publisher":"https:\/\/www.facebook.com\/elregionalvm","article_published_time":"2022-07-26T20:16:32+00:00","article_modified_time":"2022-07-26T20:16:34+00:00","og_image":[{"width":2048,"height":1254,"url":"http:\/\/elregionalvm.com.ar\/noticias-villa-maria\/wp-content\/uploads\/2022\/07\/carpinteria.jpg","type":"image\/jpeg"}],"author":"Contenidos El Regional","twitter_card":"summary_large_image","twitter_creator":"@elregionalvm1","twitter_site":"@elregionalvm1","twitter_misc":{"Escrito por":"Contenidos El Regional","Tiempo de lectura":"1 minuto"},"schema":{"@context":"https:\/\/schema.org","@graph":[{"@type":"Article","@id":"http:\/\/elregionalvm.com.ar\/noticias-villa-maria\/atencion-inscriben-en-el-taller-de-carpinteria-de-la-escuela-granja\/#article","isPartOf":{"@id":"http:\/\/elregionalvm.com.ar\/noticias-villa-maria\/atencion-inscriben-en-el-taller-de-carpinteria-de-la-escuela-granja\/"},"author":{"name":"Contenidos El Regional","@id":"http:\/\/elregionalvm.com.ar\/noticias-villa-maria\/#\/schema\/person\/a0fb9c422317faca23d50163151bc354"},"headline":"\u00a1Atenci\u00f3n! Inscriben en el Taller de Carpinter\u00eda de la Escuela Granja","datePublished":"2022-07-26T20:16:32+00:00","dateModified":"2022-07-26T20:16:34+00:00","mainEntityOfPage":{"@id":"http:\/\/elregionalvm.com.ar\/noticias-villa-maria\/atencion-inscriben-en-el-taller-de-carpinteria-de-la-escuela-granja\/"},"wordCount":224,"commentCount":0,"image":{"@id":"http:\/\/elregionalvm.com.ar\/noticias-villa-maria\/atencion-inscriben-en-el-taller-de-carpinteria-de-la-escuela-granja\/#primaryimage"},"thumbnailUrl":"https:\/\/i0.wp.com\/elregionalvm.com.ar\/noticias-villa-maria\/wp-content\/uploads\/2022\/07\/carpinteria.jpg?fit=2048%2C1254&ssl=1","keywords":["agosto y septiembre","carpinter\u00eda","Escuela Granja","formulario","inicio lunes 1 de agosto","inscripciones abiertas","taller de carpinter\u00eda","Villa Mar\u00eda"],"articleSection":["destacado","Villa Mar\u00eda"],"inLanguage":"es","potentialAction":[{"@type":"CommentAction","name":"Comment","target":["http:\/\/elregionalvm.com.ar\/noticias-villa-maria\/atencion-inscriben-en-el-taller-de-carpinteria-de-la-escuela-granja\/#respond"]}]},{"@type":"WebPage","@id":"http:\/\/elregionalvm.com.ar\/noticias-villa-maria\/atencion-inscriben-en-el-taller-de-carpinteria-de-la-escuela-granja\/","url":"http:\/\/elregionalvm.com.ar\/noticias-villa-maria\/atencion-inscriben-en-el-taller-de-carpinteria-de-la-escuela-granja\/","name":"\u00a1Atenci\u00f3n! Inscriben en el Taller de Carpinter\u00eda de la Escuela Granja - El Regional","isPartOf":{"@id":"http:\/\/elregionalvm.com.ar\/noticias-villa-maria\/#website"},"primaryImageOfPage":{"@id":"http:\/\/elregionalvm.com.ar\/noticias-villa-maria\/atencion-inscriben-en-el-taller-de-carpinteria-de-la-escuela-granja\/#primaryimage"},"image":{"@id":"http:\/\/elregionalvm.com.ar\/noticias-villa-maria\/atencion-inscriben-en-el-taller-de-carpinteria-de-la-escuela-granja\/#primaryimage"},"thumbnailUrl":"https:\/\/i0.wp.com\/elregionalvm.com.ar\/noticias-villa-maria\/wp-content\/uploads\/2022\/07\/carpinteria.jpg?fit=2048%2C1254&ssl=1","datePublished":"2022-07-26T20:16:32+00:00","dateModified":"2022-07-26T20:16:34+00:00","author":{"@id":"http:\/\/elregionalvm.com.ar\/noticias-villa-maria\/#\/schema\/person\/a0fb9c422317faca23d50163151bc354"},"breadcrumb":{"@id":"http:\/\/elregionalvm.com.ar\/noticias-villa-maria\/atencion-inscriben-en-el-taller-de-carpinteria-de-la-escuela-granja\/#breadcrumb"},"inLanguage":"es","potentialAction":[{"@type":"ReadAction","target":["http:\/\/elregionalvm.com.ar\/noticias-villa-maria\/atencion-inscriben-en-el-taller-de-carpinteria-de-la-escuela-granja\/"]}]},{"@type":"ImageObject","inLanguage":"es","@id":"http:\/\/elregionalvm.com.ar\/noticias-villa-maria\/atencion-inscriben-en-el-taller-de-carpinteria-de-la-escuela-granja\/#primaryimage","url":"https:\/\/i0.wp.com\/elregionalvm.com.ar\/noticias-villa-maria\/wp-content\/uploads\/2022\/07\/carpinteria.jpg?fit=2048%2C1254&ssl=1","contentUrl":"https:\/\/i0.wp.com\/elregionalvm.com.ar\/noticias-villa-maria\/wp-content\/uploads\/2022\/07\/carpinteria.jpg?fit=2048%2C1254&ssl=1","width":2048,"height":1254},{"@type":"BreadcrumbList","@id":"http:\/\/elregionalvm.com.ar\/noticias-villa-maria\/atencion-inscriben-en-el-taller-de-carpinteria-de-la-escuela-granja\/#breadcrumb","itemListElement":[{"@type":"ListItem","position":1,"name":"Portada","item":"https:\/\/elregionalvm.com.ar\/noticias-villa-maria\/"},{"@type":"ListItem","position":2,"name":"\u00a1Atenci\u00f3n! Inscriben en el Taller de Carpinter\u00eda de la Escuela Granja"}]},{"@type":"WebSite","@id":"http:\/\/elregionalvm.com.ar\/noticias-villa-maria\/#website","url":"http:\/\/elregionalvm.com.ar\/noticias-villa-maria\/","name":"El Regional","description":"Mucho m\u00e1s que informaci\u00f3n","potentialAction":[{"@type":"SearchAction","target":{"@type":"EntryPoint","urlTemplate":"http:\/\/elregionalvm.com.ar\/noticias-villa-maria\/?s={search_term_string}"},"query-input":{"@type":"PropertyValueSpecification","valueRequired":true,"valueName":"search_term_string"}}],"inLanguage":"es"},{"@type":"Person","@id":"http:\/\/elregionalvm.com.ar\/noticias-villa-maria\/#\/schema\/person\/a0fb9c422317faca23d50163151bc354","name":"Contenidos El Regional","image":{"@type":"ImageObject","inLanguage":"es","@id":"http:\/\/elregionalvm.com.ar\/noticias-villa-maria\/#\/schema\/person\/image\/","url":"https:\/\/secure.gravatar.com\/avatar\/265b27cb2209af7bb3a1318f03305787d7981a5cc6e6cd08fe5a4ecdf99d4b48?s=96&d=mm&r=g","contentUrl":"https:\/\/secure.gravatar.com\/avatar\/265b27cb2209af7bb3a1318f03305787d7981a5cc6e6cd08fe5a4ecdf99d4b48?s=96&d=mm&r=g","caption":"Contenidos El Regional"},"url":"https:\/\/elregionalvm.com.ar\/noticias-villa-maria\/author\/contenido\/"}]}},"jetpack_featured_media_url":"https:\/\/i0.wp.com\/elregionalvm.com.ar\/noticias-villa-maria\/wp-content\/uploads\/2022\/07\/carpinteria.jpg?fit=2048%2C1254&ssl=1","jetpack_sharing_enabled":true,"_links":{"self":[{"href":"https:\/\/elregionalvm.com.ar\/noticias-villa-maria\/wp-json\/wp\/v2\/posts\/61360","targetHints":{"allow":["GET"]}}],"collection":[{"href":"https:\/\/elregionalvm.com.ar\/noticias-villa-maria\/wp-json\/wp\/v2\/posts"}],"about":[{"href":"https:\/\/elregionalvm.com.ar\/noticias-villa-maria\/wp-json\/wp\/v2\/types\/post"}],"author":[{"embeddable":true,"href":"https:\/\/elregionalvm.com.ar\/noticias-villa-maria\/wp-json\/wp\/v2\/users\/4"}],"replies":[{"embeddable":true,"href":"https:\/\/elregionalvm.com.ar\/noticias-villa-maria\/wp-json\/wp\/v2\/comments?post=61360"}],"version-history":[{"count":1,"href":"https:\/\/elregionalvm.com.ar\/noticias-villa-maria\/wp-json\/wp\/v2\/posts\/61360\/revisions"}],"predecessor-version":[{"id":61362,"href":"https:\/\/elregionalvm.com.ar\/noticias-villa-maria\/wp-json\/wp\/v2\/posts\/61360\/revisions\/61362"}],"wp:featuredmedia":[{"embeddable":true,"href":"https:\/\/elregionalvm.com.ar\/noticias-villa-maria\/wp-json\/wp\/v2\/media\/61361"}],"wp:attachment":[{"href":"https:\/\/elregionalvm.com.ar\/noticias-villa-maria\/wp-json\/wp\/v2\/media?parent=61360"}],"wp:term":[{"taxonomy":"category","embeddable":true,"href":"https:\/\/elregionalvm.com.ar\/noticias-villa-maria\/wp-json\/wp\/v2\/categories?post=61360"},{"taxonomy":"post_tag","embeddable":true,"href":"https:\/\/elregionalvm.com.ar\/noticias-villa-maria\/wp-json\/wp\/v2\/tags?post=61360"}],"curies":[{"name":"wp","href":"https:\/\/api.w.org\/{rel}","templated":true}]}}