{"id":61373,"date":"2022-07-26T23:39:40","date_gmt":"2022-07-26T23:39:40","guid":{"rendered":"https:\/\/elregionalvm.com.ar\/noticias-villa-maria\/?p=61373"},"modified":"2022-07-26T23:39:43","modified_gmt":"2022-07-26T23:39:43","slug":"preocupacion-por-el-abandono-y-falta-de-interes-en-la-preservacion-de-el-algarrobal","status":"publish","type":"post","link":"https:\/\/elregionalvm.com.ar\/noticias-villa-maria\/preocupacion-por-el-abandono-y-falta-de-interes-en-la-preservacion-de-el-algarrobal\/","title":{"rendered":"Preocupaci\u00f3n por el abandono y falta de inter\u00e9s en la preservaci\u00f3n de \u00abEl Algarrobal\u00bb"},"content":{"rendered":"\n<p>A trav\u00e9s de un comunicado, la Asamblea Socioambiental \u00abEl Monte Nativo Vuelve\u00bb, alerta que el montecito \u00abEl Algarrobal contin\u00faa sin presupuesto ni gesti\u00f3n desde el Estado.<\/p>\n\n\n\n<p>Expusieron de manera p\u00fablica la situaci\u00f3n en que se encuentra El Algarrobal, adjuntando un informe con fecha 2 de julio de este a\u00f1o, donde se registr\u00f3: presencia de basura en diferentes puntos de las tres hect\u00e1reas del predio municipal declarado como \u201cEl Algarrobal, Reserva Natural Protegida de la Ciudad de Villa Mar\u00eda\u201d seg\u00fan OM N\u00b0 5.867\/07; tala de \u00e1rboles y zona de incendio dentro de los lotes privados propuestos para expropiaci\u00f3n; basura en lotes del barrio Malvinas Argentinas donde hay monte y que en un futuro se proyectan casas.<\/p>\n\n\n\n<figure class=\"wp-block-gallery has-nested-images columns-default is-cropped wp-block-gallery-1 is-layout-flex wp-block-gallery-is-layout-flex\">\n<figure class=\"wp-block-image size-large\"><img data-recalc-dims=\"1\" fetchpriority=\"high\" decoding=\"async\" width=\"654\" height=\"379\" data-id=\"61374\" src=\"https:\/\/i0.wp.com\/elregionalvm.com.ar\/noticias-villa-maria\/wp-content\/uploads\/2022\/07\/el-agarrobal-02.png?resize=654%2C379&#038;ssl=1\" alt=\"\" class=\"wp-image-61374\" srcset=\"https:\/\/i0.wp.com\/elregionalvm.com.ar\/noticias-villa-maria\/wp-content\/uploads\/2022\/07\/el-agarrobal-02.png?w=654&amp;ssl=1 654w, https:\/\/i0.wp.com\/elregionalvm.com.ar\/noticias-villa-maria\/wp-content\/uploads\/2022\/07\/el-agarrobal-02.png?resize=300%2C174&amp;ssl=1 300w\" sizes=\"(max-width: 654px) 100vw, 654px\" \/><\/figure>\n\n\n\n<figure class=\"wp-block-image size-large\"><img data-recalc-dims=\"1\" decoding=\"async\" width=\"669\" height=\"426\" data-id=\"61375\" src=\"https:\/\/i0.wp.com\/elregionalvm.com.ar\/noticias-villa-maria\/wp-content\/uploads\/2022\/07\/el-agarrobal-01.png?resize=669%2C426&#038;ssl=1\" alt=\"\" class=\"wp-image-61375\" srcset=\"https:\/\/i0.wp.com\/elregionalvm.com.ar\/noticias-villa-maria\/wp-content\/uploads\/2022\/07\/el-agarrobal-01.png?w=669&amp;ssl=1 669w, https:\/\/i0.wp.com\/elregionalvm.com.ar\/noticias-villa-maria\/wp-content\/uploads\/2022\/07\/el-agarrobal-01.png?resize=300%2C191&amp;ssl=1 300w\" sizes=\"(max-width: 669px) 100vw, 669px\" \/><\/figure>\n<\/figure>\n\n\n\n<p>Destacan que \u00abpor una cuesti\u00f3n de  orden, la Municipalidad de Villa Mar\u00eda debiese ser el primer encargado de cuidar los terrenos donde hay monte nativo a proteger, teniendo en consideraci\u00f3n la participaci\u00f3n social, pero por otro lado se ha encargado de negar de muchas maneras el proyecto de ordenanza por iniciativa popular para comprar y gestionar suelo f\u00e9rtil, y hoy, cuatro a\u00f1os despu\u00e9s, los relictos de monte nativo siguen en completa desprotecci\u00f3n del fuego, los caballos, la basura, los robos y hasta como desarmadero, posibles ocupaciones, entre otras problem\u00e1ticas\u00bb. <\/p>\n\n\n\n<p> Desde la mencionada asamblea sostienen que \u00abde las 13 hect\u00e1reas de monte que en El Algarrobal se encuentra en manos de privados, casi el 60% pertenece a una persona ya difunta por la cual nadie responde y que abre el juego a intereses extremadamente amplios\u00bb.<\/p>\n\n\n\n<figure class=\"wp-block-gallery has-nested-images columns-default is-cropped wp-block-gallery-2 is-layout-flex wp-block-gallery-is-layout-flex\">\n<figure class=\"wp-block-image size-large\"><img data-recalc-dims=\"1\" decoding=\"async\" width=\"491\" height=\"509\" data-id=\"61376\" src=\"https:\/\/i0.wp.com\/elregionalvm.com.ar\/noticias-villa-maria\/wp-content\/uploads\/2022\/07\/el-agarrobal-04.png?resize=491%2C509&#038;ssl=1\" alt=\"\" class=\"wp-image-61376\" srcset=\"https:\/\/i0.wp.com\/elregionalvm.com.ar\/noticias-villa-maria\/wp-content\/uploads\/2022\/07\/el-agarrobal-04.png?w=491&amp;ssl=1 491w, https:\/\/i0.wp.com\/elregionalvm.com.ar\/noticias-villa-maria\/wp-content\/uploads\/2022\/07\/el-agarrobal-04.png?resize=289%2C300&amp;ssl=1 289w\" sizes=\"(max-width: 491px) 100vw, 491px\" \/><\/figure>\n\n\n\n<figure class=\"wp-block-image size-large\"><img data-recalc-dims=\"1\" loading=\"lazy\" decoding=\"async\" width=\"582\" height=\"448\" data-id=\"61377\" src=\"https:\/\/i0.wp.com\/elregionalvm.com.ar\/noticias-villa-maria\/wp-content\/uploads\/2022\/07\/el-agarrobal-03.png?resize=582%2C448&#038;ssl=1\" alt=\"\" class=\"wp-image-61377\" srcset=\"https:\/\/i0.wp.com\/elregionalvm.com.ar\/noticias-villa-maria\/wp-content\/uploads\/2022\/07\/el-agarrobal-03.png?w=582&amp;ssl=1 582w, https:\/\/i0.wp.com\/elregionalvm.com.ar\/noticias-villa-maria\/wp-content\/uploads\/2022\/07\/el-agarrobal-03.png?resize=300%2C231&amp;ssl=1 300w\" sizes=\"(max-width: 582px) 100vw, 582px\" \/><\/figure>\n<\/figure>\n\n\n\n<p>Incluso sostienen que los integrantes de la asamblea han mantenido constante di\u00e1logo con la Subsecretar\u00eda de Ambiente, dependiente de la gesti\u00f3n del actual intendente Mart\u00edn Gill, donde no se destina presupuesto para cuidar las \u00e1reas protegidas y llevar adelante la legislaci\u00f3n ya sancionada en materia de planificaci\u00f3n urbana respecto al mapa de Usos de Suelo, documento\/mapa donde se estipulan las actividades de cada zona dentro de la jurisdicci\u00f3n de Villa Mar\u00eda. <\/p>\n\n\n\n<p>\u00abEl Algarrobal figura como \u00c1rea Protegida en este mapa, pero carece de reglamentaci\u00f3n, es decir, no especifica qu\u00e9 actividades est\u00e1n permitidas, cu\u00e1les no y cu\u00e1les son excepciones. Desde 2013 hasta la fecha, pasando por diversos agrupamientos colectivos de organizaci\u00f3n como la Asamblea Villa Mar\u00eda y Villa Nueva en 2017, de la que luego se conform\u00f3 la hoy ya bien conocida \u201cAsamblea Socioambiental El Monte Nativo Vuelve\u201d se lleva a cabo una labor sostenida y potenciada por vecinos y vecinas en general. Se organiza de forma voluntaria y totalmente aut\u00f3noma y autogestionada.<\/p>\n\n\n\n<figure class=\"wp-block-gallery has-nested-images columns-default is-cropped wp-block-gallery-3 is-layout-flex wp-block-gallery-is-layout-flex\">\n<figure class=\"wp-block-image size-large\"><img data-recalc-dims=\"1\" loading=\"lazy\" decoding=\"async\" width=\"564\" height=\"441\" data-id=\"61378\" src=\"https:\/\/i0.wp.com\/elregionalvm.com.ar\/noticias-villa-maria\/wp-content\/uploads\/2022\/07\/el-agarrobal-07.png?resize=564%2C441&#038;ssl=1\" alt=\"\" class=\"wp-image-61378\" srcset=\"https:\/\/i0.wp.com\/elregionalvm.com.ar\/noticias-villa-maria\/wp-content\/uploads\/2022\/07\/el-agarrobal-07.png?w=564&amp;ssl=1 564w, https:\/\/i0.wp.com\/elregionalvm.com.ar\/noticias-villa-maria\/wp-content\/uploads\/2022\/07\/el-agarrobal-07.png?resize=300%2C235&amp;ssl=1 300w\" sizes=\"(max-width: 564px) 100vw, 564px\" \/><\/figure>\n<\/figure>\n\n\n\n<p>\u00abUna vez m\u00e1s, creemos que hacerlo en colectivo es lo que m\u00e1s resulta a las pol\u00edticas de cuidado y conservaci\u00f3n. El fundamento y estudio de cada asamblea sistematizada y llevada a ejecuci\u00f3n es la respuesta m\u00e1s grata cuando se presentan desaf\u00edos como los de hoy. Es necesario habitar los espacios y apropiarse para reconocerlos y defenderlos\u2026..<br>Por nuestra parte, algunos miembros de la Asamblea, este a\u00f1o hemos creado una<br>cooperativa de trabajo ambiental (Pionera Nativa coop. de trabajo ltda. Mat. n\u00ba<br>63609) que se dedicar\u00e1 a la gesti\u00f3n de manejo de \u00e1reas naturales, la apicultura, la<br>educaci\u00f3n ambiental, la gesti\u00f3n adecuada de desechos org\u00e1nicos e inorg\u00e1nicos, la<br>forestaci\u00f3n y su manejo, la agroecolog\u00eda entre otras.<br>Por la continuidad hist\u00f3rica de estos hechos, convocamos a la comunidad a<br>organizarnos nuevamente, en primera instancia por medio de una reuni\u00f3n v\u00eda zoom,<br>a la vez que difundido por los medios a modo de citarse para poner en intervenci\u00f3n<br>los siguientes temas: RELEVAMIENTO DE VEGETACI\u00d3N, REGLAMENTACI\u00d3N DE<br>LAS \u00c1REAS PROTEGIDAS Y ACTIVIDADES CULTURALES Y EDUCATIVAS,<br>sosteniendo que es necesario estar en y con el monte, conocerlo y cuidarlo\u00bb.<br><\/p>\n\n\n\n<p>Por esta raz\u00f3n, convocan  a una ASAMBLEA ABIERTA para poner en com\u00fan<br>\u00faltimas reuniones, algunas inquietudes, continuar con la participaci\u00f3n comunitaria y organizar posteriores tareas. Ser\u00e1 el d\u00eda VIERNES 29 DE JULIO 2022, a las 19:00hs, v\u00eda zoom. Los participantes deber\u00e1n llenar un formulario de inscripci\u00f3n para organizar el tiempo y las din\u00e1micas. Luego se notificar\u00e1 ID DE REUNI\u00d3N Y CONTRASE\u00d1A<br>Formulario de Inscripci\u00f3n Drive<br><em>https:\/\/docs.google.com\/forms\/d\/e\/1FAIpQLSdKhDKh5DMoL64uKQEZRKnE3615nn<br>bxIiUOgcLt7V6-3Dj1mA\/viewform<\/em><br><br><\/p>\n","protected":false},"excerpt":{"rendered":"<p>A trav\u00e9s de un comunicado, la Asamblea Socioambiental \u00abEl Monte Nativo Vuelve\u00bb, alerta que el montecito \u00abEl Algarrobal contin\u00faa sin presupuesto ni gesti\u00f3n desde el Estado. Expusieron de manera p\u00fablica la situaci\u00f3n en que se encuentra El Algarrobal, adjuntando un informe con fecha 2 de julio de este a\u00f1o, donde se registr\u00f3: presencia de basura [&hellip;]<\/p>\n","protected":false},"author":4,"featured_media":61379,"comment_status":"open","ping_status":"open","sticky":false,"template":"","format":"standard","meta":{"site-sidebar-layout":"default","site-content-layout":"","ast-site-content-layout":"default","site-content-style":"default","site-sidebar-style":"default","ast-global-header-display":"","ast-banner-title-visibility":"","ast-main-header-display":"","ast-hfb-above-header-display":"","ast-hfb-below-header-display":"","ast-hfb-mobile-header-display":"","site-post-title":"","ast-breadcrumbs-content":"","ast-featured-img":"","footer-sml-layout":"","ast-disable-related-posts":"","theme-transparent-header-meta":"","adv-header-id-meta":"","stick-header-meta":"","header-above-stick-meta":"","header-main-stick-meta":"","header-below-stick-meta":"","astra-migrate-meta-layouts":"default","ast-page-background-enabled":"default","ast-page-background-meta":{"desktop":{"background-color":"","background-image":"","background-repeat":"repeat","background-position":"center center","background-size":"auto","background-attachment":"scroll","background-type":"","background-media":"","overlay-type":"","overlay-color":"","overlay-opacity":"","overlay-gradient":""},"tablet":{"background-color":"","background-image":"","background-repeat":"repeat","background-position":"center center","background-size":"auto","background-attachment":"scroll","background-type":"","background-media":"","overlay-type":"","overlay-color":"","overlay-opacity":"","overlay-gradient":""},"mobile":{"background-color":"","background-image":"","background-repeat":"repeat","background-position":"center center","background-size":"auto","background-attachment":"scroll","background-type":"","background-media":"","overlay-type":"","overlay-color":"","overlay-opacity":"","overlay-gradient":""}},"ast-content-background-meta":{"desktop":{"background-color":"var(--ast-global-color-5)","background-image":"","background-repeat":"repeat","background-position":"center center","background-size":"auto","background-attachment":"scroll","background-type":"","background-media":"","overlay-type":"","overlay-color":"","overlay-opacity":"","overlay-gradient":""},"tablet":{"background-color":"var(--ast-global-color-5)","background-image":"","background-repeat":"repeat","background-position":"center center","background-size":"auto","background-attachment":"scroll","background-type":"","background-media":"","overlay-type":"","overlay-color":"","overlay-opacity":"","overlay-gradient":""},"mobile":{"background-color":"var(--ast-global-color-5)","background-image":"","background-repeat":"repeat","background-position":"center center","background-size":"auto","background-attachment":"scroll","background-type":"","background-media":"","overlay-type":"","overlay-color":"","overlay-opacity":"","overlay-gradient":""}},"_jetpack_memberships_contains_paid_content":false,"_joinchat":[],"footnotes":""},"categories":[15302,2],"tags":[16943,16940,16939,5422,16944,8948,16942,16938,16941],"class_list":["post-61373","post","type-post","status-publish","format-standard","has-post-thumbnail","hentry","category-destacado","category-villa-maria","tag-asamblea-socioambiental","tag-basural-y-abandono","tag-cuidado-medio-ambiente","tag-el-algarrobal","tag-el-monte-nativo-vuelve","tag-fotos-2","tag-montecito","tag-precupacion","tag-reserva-natural"],"yoast_head":"<!-- This site is optimized with the Yoast SEO plugin v26.8 - https:\/\/yoast.com\/product\/yoast-seo-wordpress\/ -->\n<title>Preocupaci\u00f3n por el abandono y falta de inter\u00e9s en la preservaci\u00f3n de &quot;El Algarrobal&quot; - El Regional<\/title>\n<meta name=\"robots\" content=\"index, follow, max-snippet:-1, max-image-preview:large, max-video-preview:-1\" \/>\n<link rel=\"canonical\" href=\"http:\/\/elregionalvm.com.ar\/noticias-villa-maria\/preocupacion-por-el-abandono-y-falta-de-interes-en-la-preservacion-de-el-algarrobal\/\" \/>\n<meta property=\"og:locale\" content=\"es_ES\" \/>\n<meta property=\"og:type\" content=\"article\" \/>\n<meta property=\"og:title\" content=\"Preocupaci\u00f3n por el abandono y falta de inter\u00e9s en la preservaci\u00f3n de &quot;El Algarrobal&quot; - El Regional\" \/>\n<meta property=\"og:description\" content=\"A trav\u00e9s de un comunicado, la Asamblea Socioambiental \u00abEl Monte Nativo Vuelve\u00bb, alerta que el montecito \u00abEl Algarrobal contin\u00faa sin presupuesto ni gesti\u00f3n desde el Estado. Expusieron de manera p\u00fablica la situaci\u00f3n en que se encuentra El Algarrobal, adjuntando un informe con fecha 2 de julio de este a\u00f1o, donde se registr\u00f3: presencia de basura [&hellip;]\" \/>\n<meta property=\"og:url\" content=\"http:\/\/elregionalvm.com.ar\/noticias-villa-maria\/preocupacion-por-el-abandono-y-falta-de-interes-en-la-preservacion-de-el-algarrobal\/\" \/>\n<meta property=\"og:site_name\" content=\"El Regional\" \/>\n<meta property=\"article:publisher\" content=\"https:\/\/www.facebook.com\/elregionalvm\" \/>\n<meta property=\"article:published_time\" content=\"2022-07-26T23:39:40+00:00\" \/>\n<meta property=\"article:modified_time\" content=\"2022-07-26T23:39:43+00:00\" \/>\n<meta property=\"og:image\" content=\"http:\/\/elregionalvm.com.ar\/noticias-villa-maria\/wp-content\/uploads\/2022\/07\/el-agarrobal-05.png\" \/>\n\t<meta property=\"og:image:width\" content=\"548\" \/>\n\t<meta property=\"og:image:height\" content=\"435\" \/>\n\t<meta property=\"og:image:type\" content=\"image\/png\" \/>\n<meta name=\"author\" content=\"Contenidos El Regional\" \/>\n<meta name=\"twitter:card\" content=\"summary_large_image\" \/>\n<meta name=\"twitter:creator\" content=\"@elregionalvm1\" \/>\n<meta name=\"twitter:site\" content=\"@elregionalvm1\" \/>\n<meta name=\"twitter:label1\" content=\"Escrito por\" \/>\n\t<meta name=\"twitter:data1\" content=\"Contenidos El Regional\" \/>\n\t<meta name=\"twitter:label2\" content=\"Tiempo de lectura\" \/>\n\t<meta name=\"twitter:data2\" content=\"5 minutos\" \/>\n<script type=\"application\/ld+json\" class=\"yoast-schema-graph\">{\"@context\":\"https:\/\/schema.org\",\"@graph\":[{\"@type\":\"Article\",\"@id\":\"http:\/\/elregionalvm.com.ar\/noticias-villa-maria\/preocupacion-por-el-abandono-y-falta-de-interes-en-la-preservacion-de-el-algarrobal\/#article\",\"isPartOf\":{\"@id\":\"http:\/\/elregionalvm.com.ar\/noticias-villa-maria\/preocupacion-por-el-abandono-y-falta-de-interes-en-la-preservacion-de-el-algarrobal\/\"},\"author\":{\"name\":\"Contenidos El Regional\",\"@id\":\"http:\/\/elregionalvm.com.ar\/noticias-villa-maria\/#\/schema\/person\/a0fb9c422317faca23d50163151bc354\"},\"headline\":\"Preocupaci\u00f3n por el abandono y falta de inter\u00e9s en la preservaci\u00f3n de \u00abEl Algarrobal\u00bb\",\"datePublished\":\"2022-07-26T23:39:40+00:00\",\"dateModified\":\"2022-07-26T23:39:43+00:00\",\"mainEntityOfPage\":{\"@id\":\"http:\/\/elregionalvm.com.ar\/noticias-villa-maria\/preocupacion-por-el-abandono-y-falta-de-interes-en-la-preservacion-de-el-algarrobal\/\"},\"wordCount\":745,\"commentCount\":0,\"image\":{\"@id\":\"http:\/\/elregionalvm.com.ar\/noticias-villa-maria\/preocupacion-por-el-abandono-y-falta-de-interes-en-la-preservacion-de-el-algarrobal\/#primaryimage\"},\"thumbnailUrl\":\"https:\/\/i0.wp.com\/elregionalvm.com.ar\/noticias-villa-maria\/wp-content\/uploads\/2022\/07\/el-agarrobal-05.png?fit=548%2C435&ssl=1\",\"keywords\":[\"Asamblea Socioambiental\",\"basural y abandono\",\"cuidado medio ambiente\",\"El Algarrobal\",\"El Monte Nativo Vuelve\",\"fotos\",\"montecito\",\"precupaci\u00f3n\",\"Reserva Natural\"],\"articleSection\":[\"destacado\",\"Villa Mar\u00eda\"],\"inLanguage\":\"es\",\"potentialAction\":[{\"@type\":\"CommentAction\",\"name\":\"Comment\",\"target\":[\"http:\/\/elregionalvm.com.ar\/noticias-villa-maria\/preocupacion-por-el-abandono-y-falta-de-interes-en-la-preservacion-de-el-algarrobal\/#respond\"]}]},{\"@type\":\"WebPage\",\"@id\":\"http:\/\/elregionalvm.com.ar\/noticias-villa-maria\/preocupacion-por-el-abandono-y-falta-de-interes-en-la-preservacion-de-el-algarrobal\/\",\"url\":\"http:\/\/elregionalvm.com.ar\/noticias-villa-maria\/preocupacion-por-el-abandono-y-falta-de-interes-en-la-preservacion-de-el-algarrobal\/\",\"name\":\"Preocupaci\u00f3n por el abandono y falta de inter\u00e9s en la preservaci\u00f3n de \\\"El Algarrobal\\\" - El Regional\",\"isPartOf\":{\"@id\":\"http:\/\/elregionalvm.com.ar\/noticias-villa-maria\/#website\"},\"primaryImageOfPage\":{\"@id\":\"http:\/\/elregionalvm.com.ar\/noticias-villa-maria\/preocupacion-por-el-abandono-y-falta-de-interes-en-la-preservacion-de-el-algarrobal\/#primaryimage\"},\"image\":{\"@id\":\"http:\/\/elregionalvm.com.ar\/noticias-villa-maria\/preocupacion-por-el-abandono-y-falta-de-interes-en-la-preservacion-de-el-algarrobal\/#primaryimage\"},\"thumbnailUrl\":\"https:\/\/i0.wp.com\/elregionalvm.com.ar\/noticias-villa-maria\/wp-content\/uploads\/2022\/07\/el-agarrobal-05.png?fit=548%2C435&ssl=1\",\"datePublished\":\"2022-07-26T23:39:40+00:00\",\"dateModified\":\"2022-07-26T23:39:43+00:00\",\"author\":{\"@id\":\"http:\/\/elregionalvm.com.ar\/noticias-villa-maria\/#\/schema\/person\/a0fb9c422317faca23d50163151bc354\"},\"breadcrumb\":{\"@id\":\"http:\/\/elregionalvm.com.ar\/noticias-villa-maria\/preocupacion-por-el-abandono-y-falta-de-interes-en-la-preservacion-de-el-algarrobal\/#breadcrumb\"},\"inLanguage\":\"es\",\"potentialAction\":[{\"@type\":\"ReadAction\",\"target\":[\"http:\/\/elregionalvm.com.ar\/noticias-villa-maria\/preocupacion-por-el-abandono-y-falta-de-interes-en-la-preservacion-de-el-algarrobal\/\"]}]},{\"@type\":\"ImageObject\",\"inLanguage\":\"es\",\"@id\":\"http:\/\/elregionalvm.com.ar\/noticias-villa-maria\/preocupacion-por-el-abandono-y-falta-de-interes-en-la-preservacion-de-el-algarrobal\/#primaryimage\",\"url\":\"https:\/\/i0.wp.com\/elregionalvm.com.ar\/noticias-villa-maria\/wp-content\/uploads\/2022\/07\/el-agarrobal-05.png?fit=548%2C435&ssl=1\",\"contentUrl\":\"https:\/\/i0.wp.com\/elregionalvm.com.ar\/noticias-villa-maria\/wp-content\/uploads\/2022\/07\/el-agarrobal-05.png?fit=548%2C435&ssl=1\",\"width\":548,\"height\":435},{\"@type\":\"BreadcrumbList\",\"@id\":\"http:\/\/elregionalvm.com.ar\/noticias-villa-maria\/preocupacion-por-el-abandono-y-falta-de-interes-en-la-preservacion-de-el-algarrobal\/#breadcrumb\",\"itemListElement\":[{\"@type\":\"ListItem\",\"position\":1,\"name\":\"Portada\",\"item\":\"https:\/\/elregionalvm.com.ar\/noticias-villa-maria\/\"},{\"@type\":\"ListItem\",\"position\":2,\"name\":\"Preocupaci\u00f3n por el abandono y falta de inter\u00e9s en la preservaci\u00f3n de \u00abEl Algarrobal\u00bb\"}]},{\"@type\":\"WebSite\",\"@id\":\"http:\/\/elregionalvm.com.ar\/noticias-villa-maria\/#website\",\"url\":\"http:\/\/elregionalvm.com.ar\/noticias-villa-maria\/\",\"name\":\"El Regional\",\"description\":\"Mucho m\u00e1s que informaci\u00f3n\",\"potentialAction\":[{\"@type\":\"SearchAction\",\"target\":{\"@type\":\"EntryPoint\",\"urlTemplate\":\"http:\/\/elregionalvm.com.ar\/noticias-villa-maria\/?s={search_term_string}\"},\"query-input\":{\"@type\":\"PropertyValueSpecification\",\"valueRequired\":true,\"valueName\":\"search_term_string\"}}],\"inLanguage\":\"es\"},{\"@type\":\"Person\",\"@id\":\"http:\/\/elregionalvm.com.ar\/noticias-villa-maria\/#\/schema\/person\/a0fb9c422317faca23d50163151bc354\",\"name\":\"Contenidos El Regional\",\"image\":{\"@type\":\"ImageObject\",\"inLanguage\":\"es\",\"@id\":\"http:\/\/elregionalvm.com.ar\/noticias-villa-maria\/#\/schema\/person\/image\/\",\"url\":\"https:\/\/secure.gravatar.com\/avatar\/265b27cb2209af7bb3a1318f03305787d7981a5cc6e6cd08fe5a4ecdf99d4b48?s=96&d=mm&r=g\",\"contentUrl\":\"https:\/\/secure.gravatar.com\/avatar\/265b27cb2209af7bb3a1318f03305787d7981a5cc6e6cd08fe5a4ecdf99d4b48?s=96&d=mm&r=g\",\"caption\":\"Contenidos El Regional\"},\"url\":\"https:\/\/elregionalvm.com.ar\/noticias-villa-maria\/author\/contenido\/\"}]}<\/script>\n<!-- \/ Yoast SEO plugin. -->","yoast_head_json":{"title":"Preocupaci\u00f3n por el abandono y falta de inter\u00e9s en la preservaci\u00f3n de \"El Algarrobal\" - El Regional","robots":{"index":"index","follow":"follow","max-snippet":"max-snippet:-1","max-image-preview":"max-image-preview:large","max-video-preview":"max-video-preview:-1"},"canonical":"http:\/\/elregionalvm.com.ar\/noticias-villa-maria\/preocupacion-por-el-abandono-y-falta-de-interes-en-la-preservacion-de-el-algarrobal\/","og_locale":"es_ES","og_type":"article","og_title":"Preocupaci\u00f3n por el abandono y falta de inter\u00e9s en la preservaci\u00f3n de \"El Algarrobal\" - El Regional","og_description":"A trav\u00e9s de un comunicado, la Asamblea Socioambiental \u00abEl Monte Nativo Vuelve\u00bb, alerta que el montecito \u00abEl Algarrobal contin\u00faa sin presupuesto ni gesti\u00f3n desde el Estado. Expusieron de manera p\u00fablica la situaci\u00f3n en que se encuentra El Algarrobal, adjuntando un informe con fecha 2 de julio de este a\u00f1o, donde se registr\u00f3: presencia de basura [&hellip;]","og_url":"http:\/\/elregionalvm.com.ar\/noticias-villa-maria\/preocupacion-por-el-abandono-y-falta-de-interes-en-la-preservacion-de-el-algarrobal\/","og_site_name":"El Regional","article_publisher":"https:\/\/www.facebook.com\/elregionalvm","article_published_time":"2022-07-26T23:39:40+00:00","article_modified_time":"2022-07-26T23:39:43+00:00","og_image":[{"width":548,"height":435,"url":"http:\/\/elregionalvm.com.ar\/noticias-villa-maria\/wp-content\/uploads\/2022\/07\/el-agarrobal-05.png","type":"image\/png"}],"author":"Contenidos El Regional","twitter_card":"summary_large_image","twitter_creator":"@elregionalvm1","twitter_site":"@elregionalvm1","twitter_misc":{"Escrito por":"Contenidos El Regional","Tiempo de lectura":"5 minutos"},"schema":{"@context":"https:\/\/schema.org","@graph":[{"@type":"Article","@id":"http:\/\/elregionalvm.com.ar\/noticias-villa-maria\/preocupacion-por-el-abandono-y-falta-de-interes-en-la-preservacion-de-el-algarrobal\/#article","isPartOf":{"@id":"http:\/\/elregionalvm.com.ar\/noticias-villa-maria\/preocupacion-por-el-abandono-y-falta-de-interes-en-la-preservacion-de-el-algarrobal\/"},"author":{"name":"Contenidos El Regional","@id":"http:\/\/elregionalvm.com.ar\/noticias-villa-maria\/#\/schema\/person\/a0fb9c422317faca23d50163151bc354"},"headline":"Preocupaci\u00f3n por el abandono y falta de inter\u00e9s en la preservaci\u00f3n de \u00abEl Algarrobal\u00bb","datePublished":"2022-07-26T23:39:40+00:00","dateModified":"2022-07-26T23:39:43+00:00","mainEntityOfPage":{"@id":"http:\/\/elregionalvm.com.ar\/noticias-villa-maria\/preocupacion-por-el-abandono-y-falta-de-interes-en-la-preservacion-de-el-algarrobal\/"},"wordCount":745,"commentCount":0,"image":{"@id":"http:\/\/elregionalvm.com.ar\/noticias-villa-maria\/preocupacion-por-el-abandono-y-falta-de-interes-en-la-preservacion-de-el-algarrobal\/#primaryimage"},"thumbnailUrl":"https:\/\/i0.wp.com\/elregionalvm.com.ar\/noticias-villa-maria\/wp-content\/uploads\/2022\/07\/el-agarrobal-05.png?fit=548%2C435&ssl=1","keywords":["Asamblea Socioambiental","basural y abandono","cuidado medio ambiente","El Algarrobal","El Monte Nativo Vuelve","fotos","montecito","precupaci\u00f3n","Reserva Natural"],"articleSection":["destacado","Villa Mar\u00eda"],"inLanguage":"es","potentialAction":[{"@type":"CommentAction","name":"Comment","target":["http:\/\/elregionalvm.com.ar\/noticias-villa-maria\/preocupacion-por-el-abandono-y-falta-de-interes-en-la-preservacion-de-el-algarrobal\/#respond"]}]},{"@type":"WebPage","@id":"http:\/\/elregionalvm.com.ar\/noticias-villa-maria\/preocupacion-por-el-abandono-y-falta-de-interes-en-la-preservacion-de-el-algarrobal\/","url":"http:\/\/elregionalvm.com.ar\/noticias-villa-maria\/preocupacion-por-el-abandono-y-falta-de-interes-en-la-preservacion-de-el-algarrobal\/","name":"Preocupaci\u00f3n por el abandono y falta de inter\u00e9s en la preservaci\u00f3n de \"El Algarrobal\" - El Regional","isPartOf":{"@id":"http:\/\/elregionalvm.com.ar\/noticias-villa-maria\/#website"},"primaryImageOfPage":{"@id":"http:\/\/elregionalvm.com.ar\/noticias-villa-maria\/preocupacion-por-el-abandono-y-falta-de-interes-en-la-preservacion-de-el-algarrobal\/#primaryimage"},"image":{"@id":"http:\/\/elregionalvm.com.ar\/noticias-villa-maria\/preocupacion-por-el-abandono-y-falta-de-interes-en-la-preservacion-de-el-algarrobal\/#primaryimage"},"thumbnailUrl":"https:\/\/i0.wp.com\/elregionalvm.com.ar\/noticias-villa-maria\/wp-content\/uploads\/2022\/07\/el-agarrobal-05.png?fit=548%2C435&ssl=1","datePublished":"2022-07-26T23:39:40+00:00","dateModified":"2022-07-26T23:39:43+00:00","author":{"@id":"http:\/\/elregionalvm.com.ar\/noticias-villa-maria\/#\/schema\/person\/a0fb9c422317faca23d50163151bc354"},"breadcrumb":{"@id":"http:\/\/elregionalvm.com.ar\/noticias-villa-maria\/preocupacion-por-el-abandono-y-falta-de-interes-en-la-preservacion-de-el-algarrobal\/#breadcrumb"},"inLanguage":"es","potentialAction":[{"@type":"ReadAction","target":["http:\/\/elregionalvm.com.ar\/noticias-villa-maria\/preocupacion-por-el-abandono-y-falta-de-interes-en-la-preservacion-de-el-algarrobal\/"]}]},{"@type":"ImageObject","inLanguage":"es","@id":"http:\/\/elregionalvm.com.ar\/noticias-villa-maria\/preocupacion-por-el-abandono-y-falta-de-interes-en-la-preservacion-de-el-algarrobal\/#primaryimage","url":"https:\/\/i0.wp.com\/elregionalvm.com.ar\/noticias-villa-maria\/wp-content\/uploads\/2022\/07\/el-agarrobal-05.png?fit=548%2C435&ssl=1","contentUrl":"https:\/\/i0.wp.com\/elregionalvm.com.ar\/noticias-villa-maria\/wp-content\/uploads\/2022\/07\/el-agarrobal-05.png?fit=548%2C435&ssl=1","width":548,"height":435},{"@type":"BreadcrumbList","@id":"http:\/\/elregionalvm.com.ar\/noticias-villa-maria\/preocupacion-por-el-abandono-y-falta-de-interes-en-la-preservacion-de-el-algarrobal\/#breadcrumb","itemListElement":[{"@type":"ListItem","position":1,"name":"Portada","item":"https:\/\/elregionalvm.com.ar\/noticias-villa-maria\/"},{"@type":"ListItem","position":2,"name":"Preocupaci\u00f3n por el abandono y falta de inter\u00e9s en la preservaci\u00f3n de \u00abEl Algarrobal\u00bb"}]},{"@type":"WebSite","@id":"http:\/\/elregionalvm.com.ar\/noticias-villa-maria\/#website","url":"http:\/\/elregionalvm.com.ar\/noticias-villa-maria\/","name":"El Regional","description":"Mucho m\u00e1s que informaci\u00f3n","potentialAction":[{"@type":"SearchAction","target":{"@type":"EntryPoint","urlTemplate":"http:\/\/elregionalvm.com.ar\/noticias-villa-maria\/?s={search_term_string}"},"query-input":{"@type":"PropertyValueSpecification","valueRequired":true,"valueName":"search_term_string"}}],"inLanguage":"es"},{"@type":"Person","@id":"http:\/\/elregionalvm.com.ar\/noticias-villa-maria\/#\/schema\/person\/a0fb9c422317faca23d50163151bc354","name":"Contenidos El Regional","image":{"@type":"ImageObject","inLanguage":"es","@id":"http:\/\/elregionalvm.com.ar\/noticias-villa-maria\/#\/schema\/person\/image\/","url":"https:\/\/secure.gravatar.com\/avatar\/265b27cb2209af7bb3a1318f03305787d7981a5cc6e6cd08fe5a4ecdf99d4b48?s=96&d=mm&r=g","contentUrl":"https:\/\/secure.gravatar.com\/avatar\/265b27cb2209af7bb3a1318f03305787d7981a5cc6e6cd08fe5a4ecdf99d4b48?s=96&d=mm&r=g","caption":"Contenidos El Regional"},"url":"https:\/\/elregionalvm.com.ar\/noticias-villa-maria\/author\/contenido\/"}]}},"jetpack_featured_media_url":"https:\/\/i0.wp.com\/elregionalvm.com.ar\/noticias-villa-maria\/wp-content\/uploads\/2022\/07\/el-agarrobal-05.png?fit=548%2C435&ssl=1","jetpack_sharing_enabled":true,"_links":{"self":[{"href":"https:\/\/elregionalvm.com.ar\/noticias-villa-maria\/wp-json\/wp\/v2\/posts\/61373","targetHints":{"allow":["GET"]}}],"collection":[{"href":"https:\/\/elregionalvm.com.ar\/noticias-villa-maria\/wp-json\/wp\/v2\/posts"}],"about":[{"href":"https:\/\/elregionalvm.com.ar\/noticias-villa-maria\/wp-json\/wp\/v2\/types\/post"}],"author":[{"embeddable":true,"href":"https:\/\/elregionalvm.com.ar\/noticias-villa-maria\/wp-json\/wp\/v2\/users\/4"}],"replies":[{"embeddable":true,"href":"https:\/\/elregionalvm.com.ar\/noticias-villa-maria\/wp-json\/wp\/v2\/comments?post=61373"}],"version-history":[{"count":1,"href":"https:\/\/elregionalvm.com.ar\/noticias-villa-maria\/wp-json\/wp\/v2\/posts\/61373\/revisions"}],"predecessor-version":[{"id":61381,"href":"https:\/\/elregionalvm.com.ar\/noticias-villa-maria\/wp-json\/wp\/v2\/posts\/61373\/revisions\/61381"}],"wp:featuredmedia":[{"embeddable":true,"href":"https:\/\/elregionalvm.com.ar\/noticias-villa-maria\/wp-json\/wp\/v2\/media\/61379"}],"wp:attachment":[{"href":"https:\/\/elregionalvm.com.ar\/noticias-villa-maria\/wp-json\/wp\/v2\/media?parent=61373"}],"wp:term":[{"taxonomy":"category","embeddable":true,"href":"https:\/\/elregionalvm.com.ar\/noticias-villa-maria\/wp-json\/wp\/v2\/categories?post=61373"},{"taxonomy":"post_tag","embeddable":true,"href":"https:\/\/elregionalvm.com.ar\/noticias-villa-maria\/wp-json\/wp\/v2\/tags?post=61373"}],"curies":[{"name":"wp","href":"https:\/\/api.w.org\/{rel}","templated":true}]}}