{"id":61672,"date":"2022-08-02T01:45:20","date_gmt":"2022-08-02T01:45:20","guid":{"rendered":"https:\/\/elregionalvm.com.ar\/noticias-villa-maria\/?p=61672"},"modified":"2022-08-03T02:26:44","modified_gmt":"2022-08-03T02:26:44","slug":"historias-engano-y-fracaso-antes-del-exito-de-la-marca-presente-en-todos-los-hogares","status":"publish","type":"post","link":"https:\/\/elregionalvm.com.ar\/noticias-villa-maria\/historias-engano-y-fracaso-antes-del-exito-de-la-marca-presente-en-todos-los-hogares\/","title":{"rendered":"[Historias] Enga\u00f1o y fracaso, antes del \u00e9xito de la marca presente en todos los hogares"},"content":{"rendered":"\n<p><\/p>\n\n\n\n<p><strong>Escribe: Julio A. Ben\u00edtez \u2013 benitezjulioalberto@gmail.com<\/strong><\/p>\n\n\n\n<p><\/p>\n\n\n\n<p><strong>Se escap\u00f3 de la guerra y en Argentina perdi\u00f3 todo, pero construy\u00f3 una marca que est\u00e1 en todas las casas argentinas: FV.<\/strong><\/p>\n\n\n\n<p><\/p>\n\n\n\n<p>Con s\u00f3lo 22 a\u00f1os y despu\u00e9s de haber vivido una guerra, el joven Franz lleg\u00f3 a la Argentina y lo enga\u00f1aron. Tuvo que comenzar desde abajo, volver a empezar. Su negocio prosper\u00f3 y hoy sus iniciales conforman un holding con intereses en varios rubros, desde grifer\u00edas, sanitarios, alimentos y hasta muebles.<\/p>\n\n\n\n<p>A fines del siglo XIX, el alem\u00e1n Franz Viegener fund\u00f3 su propia empresa en la localidad de Attendorn, donde se dedicaba a producir grifer\u00edas forjadas en bronce para la industria cervecera bajo la marca FV.<\/p>\n\n\n\n<p>Por costumbre, el primog\u00e9nito era el designado para heredar el negocio y como Franz II o Francisco no lo era, decidi\u00f3 probar suerte en el nuevo mundo, y con ayuda de su familia pudo comprar unas tierras cerca del r\u00edo Covunco, Neuqu\u00e9n.<\/p>\n\n\n\n<p><\/p>\n\n\n\n<figure class=\"wp-block-image size-full\"><img data-recalc-dims=\"1\" fetchpriority=\"high\" decoding=\"async\" width=\"950\" height=\"534\" src=\"https:\/\/i0.wp.com\/elregionalvm.com.ar\/noticias-villa-maria\/wp-content\/uploads\/2022\/08\/Creador-marca-griferia-FV.jpg?resize=950%2C534&#038;ssl=1\" alt=\"\" class=\"wp-image-61673\" srcset=\"https:\/\/i0.wp.com\/elregionalvm.com.ar\/noticias-villa-maria\/wp-content\/uploads\/2022\/08\/Creador-marca-griferia-FV.jpg?w=950&amp;ssl=1 950w, https:\/\/i0.wp.com\/elregionalvm.com.ar\/noticias-villa-maria\/wp-content\/uploads\/2022\/08\/Creador-marca-griferia-FV.jpg?resize=300%2C169&amp;ssl=1 300w, https:\/\/i0.wp.com\/elregionalvm.com.ar\/noticias-villa-maria\/wp-content\/uploads\/2022\/08\/Creador-marca-griferia-FV.jpg?resize=768%2C432&amp;ssl=1 768w\" sizes=\"(max-width: 950px) 100vw, 950px\" \/><figcaption><em>Franz Viegener II, decidi\u00f3 probar suerte en el nuevo mundo. Tan mal no le fue. <\/em><\/figcaption><\/figure>\n\n\n\n<p><\/p>\n\n\n\n<p>Sin embargo, fue estafado y perdi\u00f3 todas las herramientas que precisaba para colonizar el \u00e1rea. Volvi\u00f3 a Buenos Aires y trabaj\u00f3 en varios lados hasta que pudo hacerse de unos ahorros y con dinero que le enviaron desde Alemania, inici\u00f3 un negocio de importaci\u00f3n de cuchiller\u00eda y art\u00edculos de ferreter\u00eda.<\/p>\n\n\n\n<p><strong>Tropez\u00f3n y repunte<\/strong><\/p>\n\n\n\n<p>Cuando mejoraron sus ingresos abri\u00f3 una fundici\u00f3n y as\u00ed fue como en 1921 fund\u00f3 FV en Buenos Aires, aunque al principio se escrib\u00eda \u201cEfeve\u201d. La gran depresi\u00f3n de 1930 incidi\u00f3 en las ventas y su esposa decidi\u00f3 volver a Alemania con los cuatro hijos.<\/p>\n\n\n\n<p>Pero en esos malos momentos financieros del mundo, recibi\u00f3 dos \u00f3rdenes de compra importantes y la f\u00e1brica funcion\u00f3 nuevamente y su familia volvi\u00f3 al pa\u00eds.<\/p>\n\n\n\n<p>Como su producci\u00f3n era la grifer\u00eda para aguas corrientes y uno de sus hijos, tambi\u00e9n Francisco ingres\u00f3 en la firma en la d\u00e9cada de 1940 comenz\u00f3 a expandirse y abri\u00f3 una sucursal en C\u00f3rdoba en 1943 y otra en Rosario en 1962 y en 1965 inauguraron su nueva planta en Florida.<\/p>\n\n\n\n<p>En 1966 falleci\u00f3 Franz II y poco despu\u00e9s se incorpor\u00f3 la tercera generaci\u00f3n al emprendimiento familiar.<\/p>\n\n\n\n<p><\/p>\n\n\n\n<figure class=\"wp-block-image size-full is-resized\"><img data-recalc-dims=\"1\" decoding=\"async\" src=\"https:\/\/i0.wp.com\/elregionalvm.com.ar\/noticias-villa-maria\/wp-content\/uploads\/2022\/08\/canilla-FV.jpg?resize=908%2C713&#038;ssl=1\" alt=\"\" class=\"wp-image-61674\" width=\"908\" height=\"713\" srcset=\"https:\/\/i0.wp.com\/elregionalvm.com.ar\/noticias-villa-maria\/wp-content\/uploads\/2022\/08\/canilla-FV.jpg?w=700&amp;ssl=1 700w, https:\/\/i0.wp.com\/elregionalvm.com.ar\/noticias-villa-maria\/wp-content\/uploads\/2022\/08\/canilla-FV.jpg?resize=300%2C236&amp;ssl=1 300w\" sizes=\"(max-width: 908px) 100vw, 908px\" \/><\/figure>\n\n\n\n<p><\/p>\n\n\n\n<p><strong>Expansi\u00f3n internacional<\/strong><\/p>\n\n\n\n<p>Desde 1975 el grupo opera una planta de 80.000 metros cuadrados en Villa Rosa y ese mismo a\u00f1o abrieron FV Andina en Ecuador y desde all\u00ed distribuyen sus productos a Venezuela, Colombia, Bolivia, Per\u00fa y Chile.<\/p>\n\n\n\n<p>Luego siguieron expandi\u00e9ndose y desembarcaron en Chicago con FV Am\u00e9rica y desde 2006 est\u00e1n presentes en China.<\/p>\n\n\n\n<p>Seg\u00fan su sitio web, el grupo comercializa sus productos en 25 pa\u00edses, pero FV no es su \u00fanica marca, porque luego compraron Ferrum en 1984 y tambi\u00e9n a la Compa\u00f1\u00eda Introductora de Buenos Aires su marca de sal Dos Anclas.<\/p>\n\n\n\n<p>En 2009 adquirieron Fiplasto y se dedican tambi\u00e9n a elaborar tableros de fibra de madera y a estas se le suman Peisa (calefacci\u00f3n) y Franz Viegener en grifer\u00eda de lujo.<\/p>\n\n\n\n<p><em>Fuente: www.cronista.com<\/em><\/p>\n\n\n\n<p><\/p>\n\n\n\n<p><\/p>\n\n\n\n<figure class=\"wp-block-embed is-type-wp-embed is-provider-el-regional wp-block-embed-el-regional\"><div class=\"wp-block-embed__wrapper\">\n<blockquote class=\"wp-embedded-content\" data-secret=\"UcCa5qHC4K\"><a href=\"https:\/\/elregionalvm.com.ar\/noticias-villa-maria\/historias-don-carmelo-el-heladero-de-todos-los-barrios\/\">[Historias] Don Carmelo, el heladero de todos los barrios<\/a><\/blockquote><iframe class=\"wp-embedded-content\" sandbox=\"allow-scripts\" security=\"restricted\" style=\"position: absolute; visibility: hidden;\" title=\"\u00ab[Historias] Don Carmelo, el heladero de todos los barrios\u00bb \u2014 El Regional\" src=\"https:\/\/elregionalvm.com.ar\/noticias-villa-maria\/historias-don-carmelo-el-heladero-de-todos-los-barrios\/embed\/#?secret=6XsJdCFwKa#?secret=UcCa5qHC4K\" data-secret=\"UcCa5qHC4K\" width=\"500\" height=\"282\" frameborder=\"0\" marginwidth=\"0\" marginheight=\"0\" scrolling=\"no\"><\/iframe>\n<\/div><\/figure>\n","protected":false},"excerpt":{"rendered":"<p>Escribe: Julio A. Ben\u00edtez \u2013 benitezjulioalberto@gmail.com Se escap\u00f3 de la guerra y en Argentina perdi\u00f3 todo, pero construy\u00f3 una marca que est\u00e1 en todas las casas argentinas: FV. Con s\u00f3lo 22 a\u00f1os y despu\u00e9s de haber vivido una guerra, el joven Franz lleg\u00f3 a la Argentina y lo enga\u00f1aron. Tuvo que comenzar desde abajo, volver [&hellip;]<\/p>\n","protected":false},"author":4,"featured_media":61675,"comment_status":"open","ping_status":"open","sticky":false,"template":"","format":"standard","meta":{"site-sidebar-layout":"default","site-content-layout":"","ast-site-content-layout":"default","site-content-style":"default","site-sidebar-style":"default","ast-global-header-display":"","ast-banner-title-visibility":"","ast-main-header-display":"","ast-hfb-above-header-display":"","ast-hfb-below-header-display":"","ast-hfb-mobile-header-display":"","site-post-title":"","ast-breadcrumbs-content":"","ast-featured-img":"","footer-sml-layout":"","ast-disable-related-posts":"","theme-transparent-header-meta":"","adv-header-id-meta":"","stick-header-meta":"","header-above-stick-meta":"","header-main-stick-meta":"","header-below-stick-meta":"","astra-migrate-meta-layouts":"default","ast-page-background-enabled":"default","ast-page-background-meta":{"desktop":{"background-color":"","background-image":"","background-repeat":"repeat","background-position":"center center","background-size":"auto","background-attachment":"scroll","background-type":"","background-media":"","overlay-type":"","overlay-color":"","overlay-opacity":"","overlay-gradient":""},"tablet":{"background-color":"","background-image":"","background-repeat":"repeat","background-position":"center center","background-size":"auto","background-attachment":"scroll","background-type":"","background-media":"","overlay-type":"","overlay-color":"","overlay-opacity":"","overlay-gradient":""},"mobile":{"background-color":"","background-image":"","background-repeat":"repeat","background-position":"center center","background-size":"auto","background-attachment":"scroll","background-type":"","background-media":"","overlay-type":"","overlay-color":"","overlay-opacity":"","overlay-gradient":""}},"ast-content-background-meta":{"desktop":{"background-color":"var(--ast-global-color-5)","background-image":"","background-repeat":"repeat","background-position":"center center","background-size":"auto","background-attachment":"scroll","background-type":"","background-media":"","overlay-type":"","overlay-color":"","overlay-opacity":"","overlay-gradient":""},"tablet":{"background-color":"var(--ast-global-color-5)","background-image":"","background-repeat":"repeat","background-position":"center center","background-size":"auto","background-attachment":"scroll","background-type":"","background-media":"","overlay-type":"","overlay-color":"","overlay-opacity":"","overlay-gradient":""},"mobile":{"background-color":"var(--ast-global-color-5)","background-image":"","background-repeat":"repeat","background-position":"center center","background-size":"auto","background-attachment":"scroll","background-type":"","background-media":"","overlay-type":"","overlay-color":"","overlay-opacity":"","overlay-gradient":""}},"_jetpack_memberships_contains_paid_content":false,"_joinchat":[],"footnotes":""},"categories":[2098,3557],"tags":[13793,3950,17106,11524,17108,17107,17105],"class_list":["post-61672","post","type-post","status-publish","format-standard","has-post-thumbnail","hentry","category-historias","category-tercera","tag-engano","tag-exito","tag-ferrum","tag-fracaso","tag-franz-viegener","tag-fv","tag-griferia"],"yoast_head":"<!-- This site is optimized with the Yoast SEO plugin v26.8 - https:\/\/yoast.com\/product\/yoast-seo-wordpress\/ -->\n<title>[Historias] Enga\u00f1o y fracaso, antes del \u00e9xito de la marca presente en todos los hogares - El Regional<\/title>\n<meta name=\"robots\" content=\"index, follow, max-snippet:-1, max-image-preview:large, max-video-preview:-1\" \/>\n<link rel=\"canonical\" href=\"http:\/\/elregionalvm.com.ar\/noticias-villa-maria\/historias-engano-y-fracaso-antes-del-exito-de-la-marca-presente-en-todos-los-hogares\/\" \/>\n<meta property=\"og:locale\" content=\"es_ES\" \/>\n<meta property=\"og:type\" content=\"article\" \/>\n<meta property=\"og:title\" content=\"[Historias] Enga\u00f1o y fracaso, antes del \u00e9xito de la marca presente en todos los hogares - El Regional\" \/>\n<meta property=\"og:description\" content=\"Escribe: Julio A. Ben\u00edtez \u2013 benitezjulioalberto@gmail.com Se escap\u00f3 de la guerra y en Argentina perdi\u00f3 todo, pero construy\u00f3 una marca que est\u00e1 en todas las casas argentinas: FV. Con s\u00f3lo 22 a\u00f1os y despu\u00e9s de haber vivido una guerra, el joven Franz lleg\u00f3 a la Argentina y lo enga\u00f1aron. Tuvo que comenzar desde abajo, volver [&hellip;]\" \/>\n<meta property=\"og:url\" content=\"http:\/\/elregionalvm.com.ar\/noticias-villa-maria\/historias-engano-y-fracaso-antes-del-exito-de-la-marca-presente-en-todos-los-hogares\/\" \/>\n<meta property=\"og:site_name\" content=\"El Regional\" \/>\n<meta property=\"article:publisher\" content=\"https:\/\/www.facebook.com\/elregionalvm\" \/>\n<meta property=\"article:published_time\" content=\"2022-08-02T01:45:20+00:00\" \/>\n<meta property=\"article:modified_time\" content=\"2022-08-03T02:26:44+00:00\" \/>\n<meta property=\"og:image\" content=\"http:\/\/elregionalvm.com.ar\/noticias-villa-maria\/wp-content\/uploads\/2022\/08\/FV-griferia-fabrica.jpg\" \/>\n\t<meta property=\"og:image:width\" content=\"923\" \/>\n\t<meta property=\"og:image:height\" content=\"600\" \/>\n\t<meta property=\"og:image:type\" content=\"image\/jpeg\" \/>\n<meta name=\"author\" content=\"Contenidos El Regional\" \/>\n<meta name=\"twitter:card\" content=\"summary_large_image\" \/>\n<meta name=\"twitter:creator\" content=\"@elregionalvm1\" \/>\n<meta name=\"twitter:site\" content=\"@elregionalvm1\" \/>\n<meta name=\"twitter:label1\" content=\"Escrito por\" \/>\n\t<meta name=\"twitter:data1\" content=\"Contenidos El Regional\" \/>\n\t<meta name=\"twitter:label2\" content=\"Tiempo de lectura\" \/>\n\t<meta name=\"twitter:data2\" content=\"3 minutos\" \/>\n<script type=\"application\/ld+json\" class=\"yoast-schema-graph\">{\"@context\":\"https:\/\/schema.org\",\"@graph\":[{\"@type\":\"Article\",\"@id\":\"http:\/\/elregionalvm.com.ar\/noticias-villa-maria\/historias-engano-y-fracaso-antes-del-exito-de-la-marca-presente-en-todos-los-hogares\/#article\",\"isPartOf\":{\"@id\":\"http:\/\/elregionalvm.com.ar\/noticias-villa-maria\/historias-engano-y-fracaso-antes-del-exito-de-la-marca-presente-en-todos-los-hogares\/\"},\"author\":{\"name\":\"Contenidos El Regional\",\"@id\":\"http:\/\/elregionalvm.com.ar\/noticias-villa-maria\/#\/schema\/person\/a0fb9c422317faca23d50163151bc354\"},\"headline\":\"[Historias] Enga\u00f1o y fracaso, antes del \u00e9xito de la marca presente en todos los hogares\",\"datePublished\":\"2022-08-02T01:45:20+00:00\",\"dateModified\":\"2022-08-03T02:26:44+00:00\",\"mainEntityOfPage\":{\"@id\":\"http:\/\/elregionalvm.com.ar\/noticias-villa-maria\/historias-engano-y-fracaso-antes-del-exito-de-la-marca-presente-en-todos-los-hogares\/\"},\"wordCount\":538,\"commentCount\":0,\"image\":{\"@id\":\"http:\/\/elregionalvm.com.ar\/noticias-villa-maria\/historias-engano-y-fracaso-antes-del-exito-de-la-marca-presente-en-todos-los-hogares\/#primaryimage\"},\"thumbnailUrl\":\"https:\/\/i0.wp.com\/elregionalvm.com.ar\/noticias-villa-maria\/wp-content\/uploads\/2022\/08\/FV-griferia-fabrica.jpg?fit=923%2C600&ssl=1\",\"keywords\":[\"enga\u00f1o\",\"\u00c9xito\",\"ferrum\",\"fracaso\",\"Franz Viegener\",\"fv\",\"grifer\u00eda\"],\"articleSection\":[\"Historias\",\"tercera\"],\"inLanguage\":\"es\",\"potentialAction\":[{\"@type\":\"CommentAction\",\"name\":\"Comment\",\"target\":[\"http:\/\/elregionalvm.com.ar\/noticias-villa-maria\/historias-engano-y-fracaso-antes-del-exito-de-la-marca-presente-en-todos-los-hogares\/#respond\"]}]},{\"@type\":\"WebPage\",\"@id\":\"http:\/\/elregionalvm.com.ar\/noticias-villa-maria\/historias-engano-y-fracaso-antes-del-exito-de-la-marca-presente-en-todos-los-hogares\/\",\"url\":\"http:\/\/elregionalvm.com.ar\/noticias-villa-maria\/historias-engano-y-fracaso-antes-del-exito-de-la-marca-presente-en-todos-los-hogares\/\",\"name\":\"[Historias] Enga\u00f1o y fracaso, antes del \u00e9xito de la marca presente en todos los hogares - El Regional\",\"isPartOf\":{\"@id\":\"http:\/\/elregionalvm.com.ar\/noticias-villa-maria\/#website\"},\"primaryImageOfPage\":{\"@id\":\"http:\/\/elregionalvm.com.ar\/noticias-villa-maria\/historias-engano-y-fracaso-antes-del-exito-de-la-marca-presente-en-todos-los-hogares\/#primaryimage\"},\"image\":{\"@id\":\"http:\/\/elregionalvm.com.ar\/noticias-villa-maria\/historias-engano-y-fracaso-antes-del-exito-de-la-marca-presente-en-todos-los-hogares\/#primaryimage\"},\"thumbnailUrl\":\"https:\/\/i0.wp.com\/elregionalvm.com.ar\/noticias-villa-maria\/wp-content\/uploads\/2022\/08\/FV-griferia-fabrica.jpg?fit=923%2C600&ssl=1\",\"datePublished\":\"2022-08-02T01:45:20+00:00\",\"dateModified\":\"2022-08-03T02:26:44+00:00\",\"author\":{\"@id\":\"http:\/\/elregionalvm.com.ar\/noticias-villa-maria\/#\/schema\/person\/a0fb9c422317faca23d50163151bc354\"},\"breadcrumb\":{\"@id\":\"http:\/\/elregionalvm.com.ar\/noticias-villa-maria\/historias-engano-y-fracaso-antes-del-exito-de-la-marca-presente-en-todos-los-hogares\/#breadcrumb\"},\"inLanguage\":\"es\",\"potentialAction\":[{\"@type\":\"ReadAction\",\"target\":[\"http:\/\/elregionalvm.com.ar\/noticias-villa-maria\/historias-engano-y-fracaso-antes-del-exito-de-la-marca-presente-en-todos-los-hogares\/\"]}]},{\"@type\":\"ImageObject\",\"inLanguage\":\"es\",\"@id\":\"http:\/\/elregionalvm.com.ar\/noticias-villa-maria\/historias-engano-y-fracaso-antes-del-exito-de-la-marca-presente-en-todos-los-hogares\/#primaryimage\",\"url\":\"https:\/\/i0.wp.com\/elregionalvm.com.ar\/noticias-villa-maria\/wp-content\/uploads\/2022\/08\/FV-griferia-fabrica.jpg?fit=923%2C600&ssl=1\",\"contentUrl\":\"https:\/\/i0.wp.com\/elregionalvm.com.ar\/noticias-villa-maria\/wp-content\/uploads\/2022\/08\/FV-griferia-fabrica.jpg?fit=923%2C600&ssl=1\",\"width\":923,\"height\":600},{\"@type\":\"BreadcrumbList\",\"@id\":\"http:\/\/elregionalvm.com.ar\/noticias-villa-maria\/historias-engano-y-fracaso-antes-del-exito-de-la-marca-presente-en-todos-los-hogares\/#breadcrumb\",\"itemListElement\":[{\"@type\":\"ListItem\",\"position\":1,\"name\":\"Portada\",\"item\":\"https:\/\/elregionalvm.com.ar\/noticias-villa-maria\/\"},{\"@type\":\"ListItem\",\"position\":2,\"name\":\"[Historias] Enga\u00f1o y fracaso, antes del \u00e9xito de la marca presente en todos los hogares\"}]},{\"@type\":\"WebSite\",\"@id\":\"http:\/\/elregionalvm.com.ar\/noticias-villa-maria\/#website\",\"url\":\"http:\/\/elregionalvm.com.ar\/noticias-villa-maria\/\",\"name\":\"El Regional\",\"description\":\"Mucho m\u00e1s que informaci\u00f3n\",\"potentialAction\":[{\"@type\":\"SearchAction\",\"target\":{\"@type\":\"EntryPoint\",\"urlTemplate\":\"http:\/\/elregionalvm.com.ar\/noticias-villa-maria\/?s={search_term_string}\"},\"query-input\":{\"@type\":\"PropertyValueSpecification\",\"valueRequired\":true,\"valueName\":\"search_term_string\"}}],\"inLanguage\":\"es\"},{\"@type\":\"Person\",\"@id\":\"http:\/\/elregionalvm.com.ar\/noticias-villa-maria\/#\/schema\/person\/a0fb9c422317faca23d50163151bc354\",\"name\":\"Contenidos El Regional\",\"image\":{\"@type\":\"ImageObject\",\"inLanguage\":\"es\",\"@id\":\"http:\/\/elregionalvm.com.ar\/noticias-villa-maria\/#\/schema\/person\/image\/\",\"url\":\"https:\/\/secure.gravatar.com\/avatar\/265b27cb2209af7bb3a1318f03305787d7981a5cc6e6cd08fe5a4ecdf99d4b48?s=96&d=mm&r=g\",\"contentUrl\":\"https:\/\/secure.gravatar.com\/avatar\/265b27cb2209af7bb3a1318f03305787d7981a5cc6e6cd08fe5a4ecdf99d4b48?s=96&d=mm&r=g\",\"caption\":\"Contenidos El Regional\"},\"url\":\"https:\/\/elregionalvm.com.ar\/noticias-villa-maria\/author\/contenido\/\"}]}<\/script>\n<!-- \/ Yoast SEO plugin. -->","yoast_head_json":{"title":"[Historias] Enga\u00f1o y fracaso, antes del \u00e9xito de la marca presente en todos los hogares - El Regional","robots":{"index":"index","follow":"follow","max-snippet":"max-snippet:-1","max-image-preview":"max-image-preview:large","max-video-preview":"max-video-preview:-1"},"canonical":"http:\/\/elregionalvm.com.ar\/noticias-villa-maria\/historias-engano-y-fracaso-antes-del-exito-de-la-marca-presente-en-todos-los-hogares\/","og_locale":"es_ES","og_type":"article","og_title":"[Historias] Enga\u00f1o y fracaso, antes del \u00e9xito de la marca presente en todos los hogares - El Regional","og_description":"Escribe: Julio A. Ben\u00edtez \u2013 benitezjulioalberto@gmail.com Se escap\u00f3 de la guerra y en Argentina perdi\u00f3 todo, pero construy\u00f3 una marca que est\u00e1 en todas las casas argentinas: FV. Con s\u00f3lo 22 a\u00f1os y despu\u00e9s de haber vivido una guerra, el joven Franz lleg\u00f3 a la Argentina y lo enga\u00f1aron. Tuvo que comenzar desde abajo, volver [&hellip;]","og_url":"http:\/\/elregionalvm.com.ar\/noticias-villa-maria\/historias-engano-y-fracaso-antes-del-exito-de-la-marca-presente-en-todos-los-hogares\/","og_site_name":"El Regional","article_publisher":"https:\/\/www.facebook.com\/elregionalvm","article_published_time":"2022-08-02T01:45:20+00:00","article_modified_time":"2022-08-03T02:26:44+00:00","og_image":[{"width":923,"height":600,"url":"http:\/\/elregionalvm.com.ar\/noticias-villa-maria\/wp-content\/uploads\/2022\/08\/FV-griferia-fabrica.jpg","type":"image\/jpeg"}],"author":"Contenidos El Regional","twitter_card":"summary_large_image","twitter_creator":"@elregionalvm1","twitter_site":"@elregionalvm1","twitter_misc":{"Escrito por":"Contenidos El Regional","Tiempo de lectura":"3 minutos"},"schema":{"@context":"https:\/\/schema.org","@graph":[{"@type":"Article","@id":"http:\/\/elregionalvm.com.ar\/noticias-villa-maria\/historias-engano-y-fracaso-antes-del-exito-de-la-marca-presente-en-todos-los-hogares\/#article","isPartOf":{"@id":"http:\/\/elregionalvm.com.ar\/noticias-villa-maria\/historias-engano-y-fracaso-antes-del-exito-de-la-marca-presente-en-todos-los-hogares\/"},"author":{"name":"Contenidos El Regional","@id":"http:\/\/elregionalvm.com.ar\/noticias-villa-maria\/#\/schema\/person\/a0fb9c422317faca23d50163151bc354"},"headline":"[Historias] Enga\u00f1o y fracaso, antes del \u00e9xito de la marca presente en todos los hogares","datePublished":"2022-08-02T01:45:20+00:00","dateModified":"2022-08-03T02:26:44+00:00","mainEntityOfPage":{"@id":"http:\/\/elregionalvm.com.ar\/noticias-villa-maria\/historias-engano-y-fracaso-antes-del-exito-de-la-marca-presente-en-todos-los-hogares\/"},"wordCount":538,"commentCount":0,"image":{"@id":"http:\/\/elregionalvm.com.ar\/noticias-villa-maria\/historias-engano-y-fracaso-antes-del-exito-de-la-marca-presente-en-todos-los-hogares\/#primaryimage"},"thumbnailUrl":"https:\/\/i0.wp.com\/elregionalvm.com.ar\/noticias-villa-maria\/wp-content\/uploads\/2022\/08\/FV-griferia-fabrica.jpg?fit=923%2C600&ssl=1","keywords":["enga\u00f1o","\u00c9xito","ferrum","fracaso","Franz Viegener","fv","grifer\u00eda"],"articleSection":["Historias","tercera"],"inLanguage":"es","potentialAction":[{"@type":"CommentAction","name":"Comment","target":["http:\/\/elregionalvm.com.ar\/noticias-villa-maria\/historias-engano-y-fracaso-antes-del-exito-de-la-marca-presente-en-todos-los-hogares\/#respond"]}]},{"@type":"WebPage","@id":"http:\/\/elregionalvm.com.ar\/noticias-villa-maria\/historias-engano-y-fracaso-antes-del-exito-de-la-marca-presente-en-todos-los-hogares\/","url":"http:\/\/elregionalvm.com.ar\/noticias-villa-maria\/historias-engano-y-fracaso-antes-del-exito-de-la-marca-presente-en-todos-los-hogares\/","name":"[Historias] Enga\u00f1o y fracaso, antes del \u00e9xito de la marca presente en todos los hogares - El Regional","isPartOf":{"@id":"http:\/\/elregionalvm.com.ar\/noticias-villa-maria\/#website"},"primaryImageOfPage":{"@id":"http:\/\/elregionalvm.com.ar\/noticias-villa-maria\/historias-engano-y-fracaso-antes-del-exito-de-la-marca-presente-en-todos-los-hogares\/#primaryimage"},"image":{"@id":"http:\/\/elregionalvm.com.ar\/noticias-villa-maria\/historias-engano-y-fracaso-antes-del-exito-de-la-marca-presente-en-todos-los-hogares\/#primaryimage"},"thumbnailUrl":"https:\/\/i0.wp.com\/elregionalvm.com.ar\/noticias-villa-maria\/wp-content\/uploads\/2022\/08\/FV-griferia-fabrica.jpg?fit=923%2C600&ssl=1","datePublished":"2022-08-02T01:45:20+00:00","dateModified":"2022-08-03T02:26:44+00:00","author":{"@id":"http:\/\/elregionalvm.com.ar\/noticias-villa-maria\/#\/schema\/person\/a0fb9c422317faca23d50163151bc354"},"breadcrumb":{"@id":"http:\/\/elregionalvm.com.ar\/noticias-villa-maria\/historias-engano-y-fracaso-antes-del-exito-de-la-marca-presente-en-todos-los-hogares\/#breadcrumb"},"inLanguage":"es","potentialAction":[{"@type":"ReadAction","target":["http:\/\/elregionalvm.com.ar\/noticias-villa-maria\/historias-engano-y-fracaso-antes-del-exito-de-la-marca-presente-en-todos-los-hogares\/"]}]},{"@type":"ImageObject","inLanguage":"es","@id":"http:\/\/elregionalvm.com.ar\/noticias-villa-maria\/historias-engano-y-fracaso-antes-del-exito-de-la-marca-presente-en-todos-los-hogares\/#primaryimage","url":"https:\/\/i0.wp.com\/elregionalvm.com.ar\/noticias-villa-maria\/wp-content\/uploads\/2022\/08\/FV-griferia-fabrica.jpg?fit=923%2C600&ssl=1","contentUrl":"https:\/\/i0.wp.com\/elregionalvm.com.ar\/noticias-villa-maria\/wp-content\/uploads\/2022\/08\/FV-griferia-fabrica.jpg?fit=923%2C600&ssl=1","width":923,"height":600},{"@type":"BreadcrumbList","@id":"http:\/\/elregionalvm.com.ar\/noticias-villa-maria\/historias-engano-y-fracaso-antes-del-exito-de-la-marca-presente-en-todos-los-hogares\/#breadcrumb","itemListElement":[{"@type":"ListItem","position":1,"name":"Portada","item":"https:\/\/elregionalvm.com.ar\/noticias-villa-maria\/"},{"@type":"ListItem","position":2,"name":"[Historias] Enga\u00f1o y fracaso, antes del \u00e9xito de la marca presente en todos los hogares"}]},{"@type":"WebSite","@id":"http:\/\/elregionalvm.com.ar\/noticias-villa-maria\/#website","url":"http:\/\/elregionalvm.com.ar\/noticias-villa-maria\/","name":"El Regional","description":"Mucho m\u00e1s que informaci\u00f3n","potentialAction":[{"@type":"SearchAction","target":{"@type":"EntryPoint","urlTemplate":"http:\/\/elregionalvm.com.ar\/noticias-villa-maria\/?s={search_term_string}"},"query-input":{"@type":"PropertyValueSpecification","valueRequired":true,"valueName":"search_term_string"}}],"inLanguage":"es"},{"@type":"Person","@id":"http:\/\/elregionalvm.com.ar\/noticias-villa-maria\/#\/schema\/person\/a0fb9c422317faca23d50163151bc354","name":"Contenidos El Regional","image":{"@type":"ImageObject","inLanguage":"es","@id":"http:\/\/elregionalvm.com.ar\/noticias-villa-maria\/#\/schema\/person\/image\/","url":"https:\/\/secure.gravatar.com\/avatar\/265b27cb2209af7bb3a1318f03305787d7981a5cc6e6cd08fe5a4ecdf99d4b48?s=96&d=mm&r=g","contentUrl":"https:\/\/secure.gravatar.com\/avatar\/265b27cb2209af7bb3a1318f03305787d7981a5cc6e6cd08fe5a4ecdf99d4b48?s=96&d=mm&r=g","caption":"Contenidos El Regional"},"url":"https:\/\/elregionalvm.com.ar\/noticias-villa-maria\/author\/contenido\/"}]}},"jetpack_featured_media_url":"https:\/\/i0.wp.com\/elregionalvm.com.ar\/noticias-villa-maria\/wp-content\/uploads\/2022\/08\/FV-griferia-fabrica.jpg?fit=923%2C600&ssl=1","jetpack_sharing_enabled":true,"_links":{"self":[{"href":"https:\/\/elregionalvm.com.ar\/noticias-villa-maria\/wp-json\/wp\/v2\/posts\/61672","targetHints":{"allow":["GET"]}}],"collection":[{"href":"https:\/\/elregionalvm.com.ar\/noticias-villa-maria\/wp-json\/wp\/v2\/posts"}],"about":[{"href":"https:\/\/elregionalvm.com.ar\/noticias-villa-maria\/wp-json\/wp\/v2\/types\/post"}],"author":[{"embeddable":true,"href":"https:\/\/elregionalvm.com.ar\/noticias-villa-maria\/wp-json\/wp\/v2\/users\/4"}],"replies":[{"embeddable":true,"href":"https:\/\/elregionalvm.com.ar\/noticias-villa-maria\/wp-json\/wp\/v2\/comments?post=61672"}],"version-history":[{"count":1,"href":"https:\/\/elregionalvm.com.ar\/noticias-villa-maria\/wp-json\/wp\/v2\/posts\/61672\/revisions"}],"predecessor-version":[{"id":61676,"href":"https:\/\/elregionalvm.com.ar\/noticias-villa-maria\/wp-json\/wp\/v2\/posts\/61672\/revisions\/61676"}],"wp:featuredmedia":[{"embeddable":true,"href":"https:\/\/elregionalvm.com.ar\/noticias-villa-maria\/wp-json\/wp\/v2\/media\/61675"}],"wp:attachment":[{"href":"https:\/\/elregionalvm.com.ar\/noticias-villa-maria\/wp-json\/wp\/v2\/media?parent=61672"}],"wp:term":[{"taxonomy":"category","embeddable":true,"href":"https:\/\/elregionalvm.com.ar\/noticias-villa-maria\/wp-json\/wp\/v2\/categories?post=61672"},{"taxonomy":"post_tag","embeddable":true,"href":"https:\/\/elregionalvm.com.ar\/noticias-villa-maria\/wp-json\/wp\/v2\/tags?post=61672"}],"curies":[{"name":"wp","href":"https:\/\/api.w.org\/{rel}","templated":true}]}}