{"id":61677,"date":"2022-08-02T01:58:18","date_gmt":"2022-08-02T01:58:18","guid":{"rendered":"https:\/\/elregionalvm.com.ar\/noticias-villa-maria\/?p=61677"},"modified":"2022-08-04T22:01:58","modified_gmt":"2022-08-04T22:01:58","slug":"opinion-ah-pero-el-campo","status":"publish","type":"post","link":"https:\/\/elregionalvm.com.ar\/noticias-villa-maria\/opinion-ah-pero-el-campo\/","title":{"rendered":"[Opini\u00f3n] Ah, pero el campo"},"content":{"rendered":"\n<p><\/p>\n\n\n\n<h3 class=\"wp-block-heading\"><strong><em>\u201cLa violencia es siempre un acto de debilidad. Y generalmente la operan\u00a0 quienes se sienten perdidos\u201d (Paul Val\u00e9ry)<\/em><\/strong><\/h3>\n\n\n\n<p><\/p>\n\n\n\n<p><strong>Escribe: Cristina Pablos<\/strong><\/p>\n\n\n\n<p><\/p>\n\n\n\n<p>Del \u201cAh, pero Macri\u201d y otros tantos \u201cah, pero\u201d, pasamos al campo. Con esa man\u00eda hecha carne que tiene este gobierno de buscar culpables afuera, sin mirarse en el espejo. Estamos ante una coalici\u00f3n golpista.<\/p>\n\n\n\n<p>El peronismo es hist\u00f3ricamente golpista. Un presidente que, en cada discurso extraviado, con un dedito en alto y a los gritos incita a la confrontaci\u00f3n y a la violencia. Esta vez le toc\u00f3 al campo, al que le rompen los silobolsas; el \u00fanico sector del pa\u00eds que produce y trae d\u00f3lares, a\u00fan a costa de p\u00e9rdida.<\/p>\n\n\n\n<p>En Brasil (puedo nombrar Paraguay o Uruguay) le pagan al productor de soja $165.000 la tonelada, el equivalente a 600 d\u00f3lares. En Argentina, por cada tonelada exportada le pagan $ 50.000, el equivalente a 100 d\u00f3lares m\u00e1s retenciones.<\/p>\n\n\n\n<p><\/p>\n\n\n\n<figure class=\"wp-block-pullquote\"><blockquote><p><strong>Alguien af\u00edn al gobierno compar\u00f3 a los silobolsas con \u201clos tanques de la dictadura\u201d. Muy fuerte \u00bfno?<\/strong><\/p><\/blockquote><\/figure>\n\n\n\n<p><\/p>\n\n\n\n<p>El ministro de Agricultura (que ya no lo es) propuso un \u201cd\u00f3lar agro\u201d y un \u201cplazo fijo chacarero\u201d. Alguien af\u00edn al gobierno compar\u00f3 a los silobolsas con \u201clos tanques de la dictadura\u201d. Muy fuerte \u00bfno?<\/p>\n\n\n\n<p>&nbsp;Un trasnochado, como el intendente de Pehuaj\u00f3 (con raz\u00f3n Manuelita se march\u00f3) propuso al gobierno dictar un DNU que obligue al campo a liquidar su producci\u00f3n. Eso se llama, seg\u00fan el art\u00edculo 17 de la Constituci\u00f3n, atentar contra la propiedad privada.<\/p>\n\n\n\n<p>De la inflaci\u00f3n, la suba del d\u00f3lar y la escasez de productos el \u00fanico culpable es el gobierno.<\/p>\n\n\n\n<p><\/p>\n\n\n\n<figure class=\"wp-block-image size-large\"><img data-recalc-dims=\"1\" fetchpriority=\"high\" decoding=\"async\" width=\"1024\" height=\"576\" src=\"https:\/\/i0.wp.com\/elregionalvm.com.ar\/noticias-villa-maria\/wp-content\/uploads\/2022\/03\/Alberto-Fernandez-Massa-Cristina.jpg?resize=1024%2C576&#038;ssl=1\" alt=\"\" class=\"wp-image-54661\" srcset=\"https:\/\/i0.wp.com\/elregionalvm.com.ar\/noticias-villa-maria\/wp-content\/uploads\/2022\/03\/Alberto-Fernandez-Massa-Cristina.jpg?resize=1024%2C576&amp;ssl=1 1024w, https:\/\/i0.wp.com\/elregionalvm.com.ar\/noticias-villa-maria\/wp-content\/uploads\/2022\/03\/Alberto-Fernandez-Massa-Cristina.jpg?resize=300%2C169&amp;ssl=1 300w, https:\/\/i0.wp.com\/elregionalvm.com.ar\/noticias-villa-maria\/wp-content\/uploads\/2022\/03\/Alberto-Fernandez-Massa-Cristina.jpg?resize=768%2C432&amp;ssl=1 768w, https:\/\/i0.wp.com\/elregionalvm.com.ar\/noticias-villa-maria\/wp-content\/uploads\/2022\/03\/Alberto-Fernandez-Massa-Cristina.jpg?w=1280&amp;ssl=1 1280w\" sizes=\"(max-width: 1000px) 100vw, 1000px\" \/><figcaption><em>El Gobierno realiza ensayos en medio de la crisis pol\u00edtica y econ\u00f3mica. <\/em><\/figcaption><\/figure>\n\n\n\n<p><\/p>\n\n\n\n<p>A\u00a0 Batakis no le fue muy bien en EEUU, aunque el BID le aprob\u00f3 un pr\u00e9stamo por 200 millones de d\u00f3lares. Llam\u00f3 la atenci\u00f3n, en el FMI y entre los empresarios el bajo nivel t\u00e9cnico de Batakis y su equipo.<\/p>\n\n\n\n<p>Tanto republicanos como dem\u00f3cratas creen que la Argentina es un caso perdido. El mismo Fondo, despu\u00e9s de la renuncia de Guzm\u00e1n, advirti\u00f3 sobre una posible hiperinflaci\u00f3n y que la situaci\u00f3n del pa\u00eds es preocupante.<\/p>\n\n\n\n<p>Ni siquiera estamos cumpliendo con un acuerdo del Fondo m\u00e1s ventajoso que para con cualquier otro pa\u00eds. En Europa damos pena. Argentina no es cre\u00edble. Y c\u00f3mo habr\u00eda de serlo si en pleno vuelo de regreso de EEUU Batakis se enter\u00f3 que ya no era m\u00e1s ministro de Econom\u00eda.<\/p>\n\n\n\n<p>Ni en Per\u00fa, Bolivia o Ecuador reciben nuestra moneda.<\/p>\n\n\n\n<p><\/p>\n\n\n\n<figure class=\"wp-block-pullquote\"><blockquote><p><strong>A \u201clos \u00f1oquis de La C\u00e1mpora\u201d se los tendr\u00e1 que comer. M\u00e1s de lo mismo. \u00bfQu\u00e9 har\u00e1 Massa? Tratar de patear la pelota para que la bomba le explote al pr\u00f3ximo gobierno o har\u00e1 el \u201ctrabajo sucio\u201d.<\/strong><\/p><\/blockquote><\/figure>\n\n\n\n<p><\/p>\n\n\n\n<p>Ahora aterriz\u00f3 en el gabinete el paracaidista Sergio Massa en el cargo de Ministro de Econom\u00eda, Producci\u00f3n y Desarrollo. Alberto Fern\u00e1ndez pasar\u00e1 a ocupar el lugar de \u201cjarr\u00f3n chino\u201d y CFK tiene un nuevo t\u00edtere. Veremos c\u00f3mo le va con Massa, el mismo que dijo \u201cque la iba a meter presa\u201d.<\/p>\n\n\n\n<p>A \u201clos \u00f1oquis de La C\u00e1mpora\u201d se los tendr\u00e1 que comer. M\u00e1s de lo mismo. \u00bfQu\u00e9 har\u00e1 Massa? Tratar de patear la pelota para que la bomba le explote al pr\u00f3ximo gobierno o har\u00e1 el \u201ctrabajo sucio\u201d.<\/p>\n\n\n\n<p>No lo veo en esto \u00faltimo, m\u00e1s cuando quiere ser el pr\u00f3ximo presidente de Argentina. Atenti la oposici\u00f3n. El pueblo, como siempre, convidado de piedra y sufriendo las consecuencias de este desgobierno con su jefa en las sombras.<\/p>\n\n\n\n<p><\/p>\n\n\n\n<p><\/p>\n\n\n\n<figure class=\"wp-block-embed is-type-wp-embed is-provider-el-regional wp-block-embed-el-regional\"><div class=\"wp-block-embed__wrapper\">\n<blockquote class=\"wp-embedded-content\" data-secret=\"XuMq5umBH3\"><a href=\"https:\/\/elregionalvm.com.ar\/noticias-villa-maria\/opinion-argentina-como-terminara-este-pandemonio\/\">[Opini\u00f3n] Argentina: \u00bfC\u00f3mo terminar\u00e1 este pandemonio?<\/a><\/blockquote><iframe class=\"wp-embedded-content\" sandbox=\"allow-scripts\" security=\"restricted\" style=\"position: absolute; clip: rect(1px, 1px, 1px, 1px);\" title=\"\u00ab[Opini\u00f3n] Argentina: \u00bfC\u00f3mo terminar\u00e1 este pandemonio?\u00bb \u2014 El Regional\" src=\"https:\/\/elregionalvm.com.ar\/noticias-villa-maria\/opinion-argentina-como-terminara-este-pandemonio\/embed\/#?secret=XYWnGmYKxG#?secret=XuMq5umBH3\" data-secret=\"XuMq5umBH3\" width=\"500\" height=\"282\" frameborder=\"0\" marginwidth=\"0\" marginheight=\"0\" scrolling=\"no\"><\/iframe>\n<\/div><\/figure>\n","protected":false},"excerpt":{"rendered":"<p>\u201cLa violencia es siempre un acto de debilidad. Y generalmente la operan\u00a0 quienes se sienten perdidos\u201d (Paul Val\u00e9ry) Escribe: Cristina Pablos Del \u201cAh, pero Macri\u201d y otros tantos \u201cah, pero\u201d, pasamos al campo. Con esa man\u00eda hecha carne que tiene este gobierno de buscar culpables afuera, sin mirarse en el espejo. Estamos ante una coalici\u00f3n [&hellip;]<\/p>\n","protected":false},"author":4,"featured_media":61679,"comment_status":"open","ping_status":"open","sticky":false,"template":"","format":"standard","meta":{"site-sidebar-layout":"default","site-content-layout":"","ast-site-content-layout":"default","site-content-style":"default","site-sidebar-style":"default","ast-global-header-display":"","ast-banner-title-visibility":"","ast-main-header-display":"","ast-hfb-above-header-display":"","ast-hfb-below-header-display":"","ast-hfb-mobile-header-display":"","site-post-title":"","ast-breadcrumbs-content":"","ast-featured-img":"","footer-sml-layout":"","ast-disable-related-posts":"","theme-transparent-header-meta":"","adv-header-id-meta":"","stick-header-meta":"","header-above-stick-meta":"","header-main-stick-meta":"","header-below-stick-meta":"","astra-migrate-meta-layouts":"default","ast-page-background-enabled":"default","ast-page-background-meta":{"desktop":{"background-color":"","background-image":"","background-repeat":"repeat","background-position":"center center","background-size":"auto","background-attachment":"scroll","background-type":"","background-media":"","overlay-type":"","overlay-color":"","overlay-opacity":"","overlay-gradient":""},"tablet":{"background-color":"","background-image":"","background-repeat":"repeat","background-position":"center center","background-size":"auto","background-attachment":"scroll","background-type":"","background-media":"","overlay-type":"","overlay-color":"","overlay-opacity":"","overlay-gradient":""},"mobile":{"background-color":"","background-image":"","background-repeat":"repeat","background-position":"center center","background-size":"auto","background-attachment":"scroll","background-type":"","background-media":"","overlay-type":"","overlay-color":"","overlay-opacity":"","overlay-gradient":""}},"ast-content-background-meta":{"desktop":{"background-color":"var(--ast-global-color-5)","background-image":"","background-repeat":"repeat","background-position":"center center","background-size":"auto","background-attachment":"scroll","background-type":"","background-media":"","overlay-type":"","overlay-color":"","overlay-opacity":"","overlay-gradient":""},"tablet":{"background-color":"var(--ast-global-color-5)","background-image":"","background-repeat":"repeat","background-position":"center center","background-size":"auto","background-attachment":"scroll","background-type":"","background-media":"","overlay-type":"","overlay-color":"","overlay-opacity":"","overlay-gradient":""},"mobile":{"background-color":"var(--ast-global-color-5)","background-image":"","background-repeat":"repeat","background-position":"center center","background-size":"auto","background-attachment":"scroll","background-type":"","background-media":"","overlay-type":"","overlay-color":"","overlay-opacity":"","overlay-gradient":""}},"_jetpack_memberships_contains_paid_content":false,"_joinchat":[],"footnotes":""},"categories":[365,3557],"tags":[1594,297,814,546,424,788,3734,673,500],"class_list":["post-61677","post","type-post","status-publish","format-standard","has-post-thumbnail","hentry","category-opinion","category-tercera","tag-alberto-fernandez","tag-campo","tag-crisis","tag-cristina-fernandez","tag-cristina-pablos","tag-dolares","tag-gobierno-nacional","tag-massa","tag-peronismo"],"yoast_head":"<!-- This site is optimized with the Yoast SEO plugin v26.8 - https:\/\/yoast.com\/product\/yoast-seo-wordpress\/ -->\n<title>[Opini\u00f3n] Ah, pero el campo - El Regional<\/title>\n<meta name=\"robots\" content=\"index, follow, max-snippet:-1, max-image-preview:large, max-video-preview:-1\" \/>\n<link rel=\"canonical\" href=\"http:\/\/elregionalvm.com.ar\/noticias-villa-maria\/opinion-ah-pero-el-campo\/\" \/>\n<meta property=\"og:locale\" content=\"es_ES\" \/>\n<meta property=\"og:type\" content=\"article\" \/>\n<meta property=\"og:title\" content=\"[Opini\u00f3n] Ah, pero el campo - El Regional\" \/>\n<meta property=\"og:description\" content=\"\u201cLa violencia es siempre un acto de debilidad. Y generalmente la operan\u00a0 quienes se sienten perdidos\u201d (Paul Val\u00e9ry) Escribe: Cristina Pablos Del \u201cAh, pero Macri\u201d y otros tantos \u201cah, pero\u201d, pasamos al campo. Con esa man\u00eda hecha carne que tiene este gobierno de buscar culpables afuera, sin mirarse en el espejo. Estamos ante una coalici\u00f3n [&hellip;]\" \/>\n<meta property=\"og:url\" content=\"http:\/\/elregionalvm.com.ar\/noticias-villa-maria\/opinion-ah-pero-el-campo\/\" \/>\n<meta property=\"og:site_name\" content=\"El Regional\" \/>\n<meta property=\"article:publisher\" content=\"https:\/\/www.facebook.com\/elregionalvm\" \/>\n<meta property=\"article:published_time\" content=\"2022-08-02T01:58:18+00:00\" \/>\n<meta property=\"article:modified_time\" content=\"2022-08-04T22:01:58+00:00\" \/>\n<meta property=\"og:image\" content=\"http:\/\/elregionalvm.com.ar\/noticias-villa-maria\/wp-content\/uploads\/2022\/08\/silo-bolsa.jpeg\" \/>\n\t<meta property=\"og:image:width\" content=\"1280\" \/>\n\t<meta property=\"og:image:height\" content=\"853\" \/>\n\t<meta property=\"og:image:type\" content=\"image\/jpeg\" \/>\n<meta name=\"author\" content=\"Contenidos El Regional\" \/>\n<meta name=\"twitter:card\" content=\"summary_large_image\" \/>\n<meta name=\"twitter:creator\" content=\"@elregionalvm1\" \/>\n<meta name=\"twitter:site\" content=\"@elregionalvm1\" \/>\n<meta name=\"twitter:label1\" content=\"Escrito por\" \/>\n\t<meta name=\"twitter:data1\" content=\"Contenidos El Regional\" \/>\n\t<meta name=\"twitter:label2\" content=\"Tiempo de lectura\" \/>\n\t<meta name=\"twitter:data2\" content=\"3 minutos\" \/>\n<script type=\"application\/ld+json\" class=\"yoast-schema-graph\">{\"@context\":\"https:\/\/schema.org\",\"@graph\":[{\"@type\":\"Article\",\"@id\":\"http:\/\/elregionalvm.com.ar\/noticias-villa-maria\/opinion-ah-pero-el-campo\/#article\",\"isPartOf\":{\"@id\":\"http:\/\/elregionalvm.com.ar\/noticias-villa-maria\/opinion-ah-pero-el-campo\/\"},\"author\":{\"name\":\"Contenidos El Regional\",\"@id\":\"http:\/\/elregionalvm.com.ar\/noticias-villa-maria\/#\/schema\/person\/a0fb9c422317faca23d50163151bc354\"},\"headline\":\"[Opini\u00f3n] Ah, pero el campo\",\"datePublished\":\"2022-08-02T01:58:18+00:00\",\"dateModified\":\"2022-08-04T22:01:58+00:00\",\"mainEntityOfPage\":{\"@id\":\"http:\/\/elregionalvm.com.ar\/noticias-villa-maria\/opinion-ah-pero-el-campo\/\"},\"wordCount\":630,\"commentCount\":0,\"image\":{\"@id\":\"http:\/\/elregionalvm.com.ar\/noticias-villa-maria\/opinion-ah-pero-el-campo\/#primaryimage\"},\"thumbnailUrl\":\"https:\/\/i0.wp.com\/elregionalvm.com.ar\/noticias-villa-maria\/wp-content\/uploads\/2022\/08\/silo-bolsa.jpeg?fit=1280%2C853&ssl=1\",\"keywords\":[\"Alberto Fern\u00e1ndez\",\"campo\",\"crisis\",\"Cristina Fern\u00e1ndez\",\"Cristina Pablos\",\"Dolares\",\"Gobierno Nacional\",\"Massa\",\"Peronismo\"],\"articleSection\":[\"Opini\u00f3n\",\"tercera\"],\"inLanguage\":\"es\",\"potentialAction\":[{\"@type\":\"CommentAction\",\"name\":\"Comment\",\"target\":[\"http:\/\/elregionalvm.com.ar\/noticias-villa-maria\/opinion-ah-pero-el-campo\/#respond\"]}]},{\"@type\":\"WebPage\",\"@id\":\"http:\/\/elregionalvm.com.ar\/noticias-villa-maria\/opinion-ah-pero-el-campo\/\",\"url\":\"http:\/\/elregionalvm.com.ar\/noticias-villa-maria\/opinion-ah-pero-el-campo\/\",\"name\":\"[Opini\u00f3n] Ah, pero el campo - El Regional\",\"isPartOf\":{\"@id\":\"http:\/\/elregionalvm.com.ar\/noticias-villa-maria\/#website\"},\"primaryImageOfPage\":{\"@id\":\"http:\/\/elregionalvm.com.ar\/noticias-villa-maria\/opinion-ah-pero-el-campo\/#primaryimage\"},\"image\":{\"@id\":\"http:\/\/elregionalvm.com.ar\/noticias-villa-maria\/opinion-ah-pero-el-campo\/#primaryimage\"},\"thumbnailUrl\":\"https:\/\/i0.wp.com\/elregionalvm.com.ar\/noticias-villa-maria\/wp-content\/uploads\/2022\/08\/silo-bolsa.jpeg?fit=1280%2C853&ssl=1\",\"datePublished\":\"2022-08-02T01:58:18+00:00\",\"dateModified\":\"2022-08-04T22:01:58+00:00\",\"author\":{\"@id\":\"http:\/\/elregionalvm.com.ar\/noticias-villa-maria\/#\/schema\/person\/a0fb9c422317faca23d50163151bc354\"},\"breadcrumb\":{\"@id\":\"http:\/\/elregionalvm.com.ar\/noticias-villa-maria\/opinion-ah-pero-el-campo\/#breadcrumb\"},\"inLanguage\":\"es\",\"potentialAction\":[{\"@type\":\"ReadAction\",\"target\":[\"http:\/\/elregionalvm.com.ar\/noticias-villa-maria\/opinion-ah-pero-el-campo\/\"]}]},{\"@type\":\"ImageObject\",\"inLanguage\":\"es\",\"@id\":\"http:\/\/elregionalvm.com.ar\/noticias-villa-maria\/opinion-ah-pero-el-campo\/#primaryimage\",\"url\":\"https:\/\/i0.wp.com\/elregionalvm.com.ar\/noticias-villa-maria\/wp-content\/uploads\/2022\/08\/silo-bolsa.jpeg?fit=1280%2C853&ssl=1\",\"contentUrl\":\"https:\/\/i0.wp.com\/elregionalvm.com.ar\/noticias-villa-maria\/wp-content\/uploads\/2022\/08\/silo-bolsa.jpeg?fit=1280%2C853&ssl=1\",\"width\":1280,\"height\":853},{\"@type\":\"BreadcrumbList\",\"@id\":\"http:\/\/elregionalvm.com.ar\/noticias-villa-maria\/opinion-ah-pero-el-campo\/#breadcrumb\",\"itemListElement\":[{\"@type\":\"ListItem\",\"position\":1,\"name\":\"Portada\",\"item\":\"https:\/\/elregionalvm.com.ar\/noticias-villa-maria\/\"},{\"@type\":\"ListItem\",\"position\":2,\"name\":\"[Opini\u00f3n] Ah, pero el campo\"}]},{\"@type\":\"WebSite\",\"@id\":\"http:\/\/elregionalvm.com.ar\/noticias-villa-maria\/#website\",\"url\":\"http:\/\/elregionalvm.com.ar\/noticias-villa-maria\/\",\"name\":\"El Regional\",\"description\":\"Mucho m\u00e1s que informaci\u00f3n\",\"potentialAction\":[{\"@type\":\"SearchAction\",\"target\":{\"@type\":\"EntryPoint\",\"urlTemplate\":\"http:\/\/elregionalvm.com.ar\/noticias-villa-maria\/?s={search_term_string}\"},\"query-input\":{\"@type\":\"PropertyValueSpecification\",\"valueRequired\":true,\"valueName\":\"search_term_string\"}}],\"inLanguage\":\"es\"},{\"@type\":\"Person\",\"@id\":\"http:\/\/elregionalvm.com.ar\/noticias-villa-maria\/#\/schema\/person\/a0fb9c422317faca23d50163151bc354\",\"name\":\"Contenidos El Regional\",\"image\":{\"@type\":\"ImageObject\",\"inLanguage\":\"es\",\"@id\":\"http:\/\/elregionalvm.com.ar\/noticias-villa-maria\/#\/schema\/person\/image\/\",\"url\":\"https:\/\/secure.gravatar.com\/avatar\/265b27cb2209af7bb3a1318f03305787d7981a5cc6e6cd08fe5a4ecdf99d4b48?s=96&d=mm&r=g\",\"contentUrl\":\"https:\/\/secure.gravatar.com\/avatar\/265b27cb2209af7bb3a1318f03305787d7981a5cc6e6cd08fe5a4ecdf99d4b48?s=96&d=mm&r=g\",\"caption\":\"Contenidos El Regional\"},\"url\":\"https:\/\/elregionalvm.com.ar\/noticias-villa-maria\/author\/contenido\/\"}]}<\/script>\n<!-- \/ Yoast SEO plugin. -->","yoast_head_json":{"title":"[Opini\u00f3n] Ah, pero el campo - El Regional","robots":{"index":"index","follow":"follow","max-snippet":"max-snippet:-1","max-image-preview":"max-image-preview:large","max-video-preview":"max-video-preview:-1"},"canonical":"http:\/\/elregionalvm.com.ar\/noticias-villa-maria\/opinion-ah-pero-el-campo\/","og_locale":"es_ES","og_type":"article","og_title":"[Opini\u00f3n] Ah, pero el campo - El Regional","og_description":"\u201cLa violencia es siempre un acto de debilidad. Y generalmente la operan\u00a0 quienes se sienten perdidos\u201d (Paul Val\u00e9ry) Escribe: Cristina Pablos Del \u201cAh, pero Macri\u201d y otros tantos \u201cah, pero\u201d, pasamos al campo. Con esa man\u00eda hecha carne que tiene este gobierno de buscar culpables afuera, sin mirarse en el espejo. Estamos ante una coalici\u00f3n [&hellip;]","og_url":"http:\/\/elregionalvm.com.ar\/noticias-villa-maria\/opinion-ah-pero-el-campo\/","og_site_name":"El Regional","article_publisher":"https:\/\/www.facebook.com\/elregionalvm","article_published_time":"2022-08-02T01:58:18+00:00","article_modified_time":"2022-08-04T22:01:58+00:00","og_image":[{"width":1280,"height":853,"url":"http:\/\/elregionalvm.com.ar\/noticias-villa-maria\/wp-content\/uploads\/2022\/08\/silo-bolsa.jpeg","type":"image\/jpeg"}],"author":"Contenidos El Regional","twitter_card":"summary_large_image","twitter_creator":"@elregionalvm1","twitter_site":"@elregionalvm1","twitter_misc":{"Escrito por":"Contenidos El Regional","Tiempo de lectura":"3 minutos"},"schema":{"@context":"https:\/\/schema.org","@graph":[{"@type":"Article","@id":"http:\/\/elregionalvm.com.ar\/noticias-villa-maria\/opinion-ah-pero-el-campo\/#article","isPartOf":{"@id":"http:\/\/elregionalvm.com.ar\/noticias-villa-maria\/opinion-ah-pero-el-campo\/"},"author":{"name":"Contenidos El Regional","@id":"http:\/\/elregionalvm.com.ar\/noticias-villa-maria\/#\/schema\/person\/a0fb9c422317faca23d50163151bc354"},"headline":"[Opini\u00f3n] Ah, pero el campo","datePublished":"2022-08-02T01:58:18+00:00","dateModified":"2022-08-04T22:01:58+00:00","mainEntityOfPage":{"@id":"http:\/\/elregionalvm.com.ar\/noticias-villa-maria\/opinion-ah-pero-el-campo\/"},"wordCount":630,"commentCount":0,"image":{"@id":"http:\/\/elregionalvm.com.ar\/noticias-villa-maria\/opinion-ah-pero-el-campo\/#primaryimage"},"thumbnailUrl":"https:\/\/i0.wp.com\/elregionalvm.com.ar\/noticias-villa-maria\/wp-content\/uploads\/2022\/08\/silo-bolsa.jpeg?fit=1280%2C853&ssl=1","keywords":["Alberto Fern\u00e1ndez","campo","crisis","Cristina Fern\u00e1ndez","Cristina Pablos","Dolares","Gobierno Nacional","Massa","Peronismo"],"articleSection":["Opini\u00f3n","tercera"],"inLanguage":"es","potentialAction":[{"@type":"CommentAction","name":"Comment","target":["http:\/\/elregionalvm.com.ar\/noticias-villa-maria\/opinion-ah-pero-el-campo\/#respond"]}]},{"@type":"WebPage","@id":"http:\/\/elregionalvm.com.ar\/noticias-villa-maria\/opinion-ah-pero-el-campo\/","url":"http:\/\/elregionalvm.com.ar\/noticias-villa-maria\/opinion-ah-pero-el-campo\/","name":"[Opini\u00f3n] Ah, pero el campo - El Regional","isPartOf":{"@id":"http:\/\/elregionalvm.com.ar\/noticias-villa-maria\/#website"},"primaryImageOfPage":{"@id":"http:\/\/elregionalvm.com.ar\/noticias-villa-maria\/opinion-ah-pero-el-campo\/#primaryimage"},"image":{"@id":"http:\/\/elregionalvm.com.ar\/noticias-villa-maria\/opinion-ah-pero-el-campo\/#primaryimage"},"thumbnailUrl":"https:\/\/i0.wp.com\/elregionalvm.com.ar\/noticias-villa-maria\/wp-content\/uploads\/2022\/08\/silo-bolsa.jpeg?fit=1280%2C853&ssl=1","datePublished":"2022-08-02T01:58:18+00:00","dateModified":"2022-08-04T22:01:58+00:00","author":{"@id":"http:\/\/elregionalvm.com.ar\/noticias-villa-maria\/#\/schema\/person\/a0fb9c422317faca23d50163151bc354"},"breadcrumb":{"@id":"http:\/\/elregionalvm.com.ar\/noticias-villa-maria\/opinion-ah-pero-el-campo\/#breadcrumb"},"inLanguage":"es","potentialAction":[{"@type":"ReadAction","target":["http:\/\/elregionalvm.com.ar\/noticias-villa-maria\/opinion-ah-pero-el-campo\/"]}]},{"@type":"ImageObject","inLanguage":"es","@id":"http:\/\/elregionalvm.com.ar\/noticias-villa-maria\/opinion-ah-pero-el-campo\/#primaryimage","url":"https:\/\/i0.wp.com\/elregionalvm.com.ar\/noticias-villa-maria\/wp-content\/uploads\/2022\/08\/silo-bolsa.jpeg?fit=1280%2C853&ssl=1","contentUrl":"https:\/\/i0.wp.com\/elregionalvm.com.ar\/noticias-villa-maria\/wp-content\/uploads\/2022\/08\/silo-bolsa.jpeg?fit=1280%2C853&ssl=1","width":1280,"height":853},{"@type":"BreadcrumbList","@id":"http:\/\/elregionalvm.com.ar\/noticias-villa-maria\/opinion-ah-pero-el-campo\/#breadcrumb","itemListElement":[{"@type":"ListItem","position":1,"name":"Portada","item":"https:\/\/elregionalvm.com.ar\/noticias-villa-maria\/"},{"@type":"ListItem","position":2,"name":"[Opini\u00f3n] Ah, pero el campo"}]},{"@type":"WebSite","@id":"http:\/\/elregionalvm.com.ar\/noticias-villa-maria\/#website","url":"http:\/\/elregionalvm.com.ar\/noticias-villa-maria\/","name":"El Regional","description":"Mucho m\u00e1s que informaci\u00f3n","potentialAction":[{"@type":"SearchAction","target":{"@type":"EntryPoint","urlTemplate":"http:\/\/elregionalvm.com.ar\/noticias-villa-maria\/?s={search_term_string}"},"query-input":{"@type":"PropertyValueSpecification","valueRequired":true,"valueName":"search_term_string"}}],"inLanguage":"es"},{"@type":"Person","@id":"http:\/\/elregionalvm.com.ar\/noticias-villa-maria\/#\/schema\/person\/a0fb9c422317faca23d50163151bc354","name":"Contenidos El Regional","image":{"@type":"ImageObject","inLanguage":"es","@id":"http:\/\/elregionalvm.com.ar\/noticias-villa-maria\/#\/schema\/person\/image\/","url":"https:\/\/secure.gravatar.com\/avatar\/265b27cb2209af7bb3a1318f03305787d7981a5cc6e6cd08fe5a4ecdf99d4b48?s=96&d=mm&r=g","contentUrl":"https:\/\/secure.gravatar.com\/avatar\/265b27cb2209af7bb3a1318f03305787d7981a5cc6e6cd08fe5a4ecdf99d4b48?s=96&d=mm&r=g","caption":"Contenidos El Regional"},"url":"https:\/\/elregionalvm.com.ar\/noticias-villa-maria\/author\/contenido\/"}]}},"jetpack_featured_media_url":"https:\/\/i0.wp.com\/elregionalvm.com.ar\/noticias-villa-maria\/wp-content\/uploads\/2022\/08\/silo-bolsa.jpeg?fit=1280%2C853&ssl=1","jetpack_sharing_enabled":true,"_links":{"self":[{"href":"https:\/\/elregionalvm.com.ar\/noticias-villa-maria\/wp-json\/wp\/v2\/posts\/61677","targetHints":{"allow":["GET"]}}],"collection":[{"href":"https:\/\/elregionalvm.com.ar\/noticias-villa-maria\/wp-json\/wp\/v2\/posts"}],"about":[{"href":"https:\/\/elregionalvm.com.ar\/noticias-villa-maria\/wp-json\/wp\/v2\/types\/post"}],"author":[{"embeddable":true,"href":"https:\/\/elregionalvm.com.ar\/noticias-villa-maria\/wp-json\/wp\/v2\/users\/4"}],"replies":[{"embeddable":true,"href":"https:\/\/elregionalvm.com.ar\/noticias-villa-maria\/wp-json\/wp\/v2\/comments?post=61677"}],"version-history":[{"count":3,"href":"https:\/\/elregionalvm.com.ar\/noticias-villa-maria\/wp-json\/wp\/v2\/posts\/61677\/revisions"}],"predecessor-version":[{"id":61682,"href":"https:\/\/elregionalvm.com.ar\/noticias-villa-maria\/wp-json\/wp\/v2\/posts\/61677\/revisions\/61682"}],"wp:featuredmedia":[{"embeddable":true,"href":"https:\/\/elregionalvm.com.ar\/noticias-villa-maria\/wp-json\/wp\/v2\/media\/61679"}],"wp:attachment":[{"href":"https:\/\/elregionalvm.com.ar\/noticias-villa-maria\/wp-json\/wp\/v2\/media?parent=61677"}],"wp:term":[{"taxonomy":"category","embeddable":true,"href":"https:\/\/elregionalvm.com.ar\/noticias-villa-maria\/wp-json\/wp\/v2\/categories?post=61677"},{"taxonomy":"post_tag","embeddable":true,"href":"https:\/\/elregionalvm.com.ar\/noticias-villa-maria\/wp-json\/wp\/v2\/tags?post=61677"}],"curies":[{"name":"wp","href":"https:\/\/api.w.org\/{rel}","templated":true}]}}