{"id":61689,"date":"2022-08-02T19:35:47","date_gmt":"2022-08-02T19:35:47","guid":{"rendered":"https:\/\/elregionalvm.com.ar\/noticias-villa-maria\/?p=61689"},"modified":"2022-08-02T19:40:42","modified_gmt":"2022-08-02T19:40:42","slug":"este-miercoles-3-una-charla-para-entender-que-pasa-con-nuestra-economia","status":"publish","type":"post","link":"https:\/\/elregionalvm.com.ar\/noticias-villa-maria\/este-miercoles-3-una-charla-para-entender-que-pasa-con-nuestra-economia\/","title":{"rendered":"[Este mi\u00e9rcoles 3] Una charla para entender qu\u00e9 pasa con nuestra econom\u00eda"},"content":{"rendered":"\n<p><\/p>\n\n\n\n<p>El mi\u00e9rcoles 3 de agosto, en Villa Mar\u00eda, el economista Alfredo Koncurat har\u00e1 una lectura y an\u00e1lisis de la realidad econ\u00f3mica y de los posibles escenarios futuros en una charla abierta y gratuita que se desarrollar\u00e1 en AERCA.<\/p>\n\n\n\n<p>Entender el contexto econ\u00f3mico resulta fundamental en estos tiempos, tanto para quienes est\u00e1n frente a una empresa o emprendimiento, como para aquellas personas que hacen malabares con los avatares diarios de nuestro pa\u00eds.<\/p>\n\n\n\n<p>Por eso, Mundo Empresas y EKO Consultora organizan una charla de an\u00e1lisis de coyuntura que busca ofrecer un panorama m\u00e1s claro de lo que pasa y de lo que puede suceder con nuestra econom\u00eda.<\/p>\n\n\n\n<p>Alfredo Koncurat, economista y titular de EKO Consultora, ser\u00e1 el encargado de hacer una lectura de datos concretos para luego ofrecer una opini\u00f3n objetiva sobre la actualidad.<\/p>\n\n\n\n<p>La cita es en AERCA (San Juan 1369, Villa Mar\u00eda) el mi\u00e9rcoles 3 de agosto a las 20 hs.<\/p>\n\n\n\n<p>El evento es abierto y gratuito, y solo requiere de una simple inscripci\u00f3n previa ac\u00e1: https:\/\/bit.ly\/3RROTbM<\/p>\n\n\n\n<p>Hace casi tres a\u00f1os que en Villa Mar\u00eda no se concreta una jornada de este tipo.<\/p>\n\n\n\n<p><\/p>\n\n\n\n<figure class=\"wp-block-image size-full\"><img data-recalc-dims=\"1\" fetchpriority=\"high\" decoding=\"async\" width=\"950\" height=\"534\" src=\"https:\/\/i0.wp.com\/elregionalvm.com.ar\/noticias-villa-maria\/wp-content\/uploads\/2022\/07\/Dolar-bandera-argentina-crisis.jpg?resize=950%2C534&#038;ssl=1\" alt=\"\" class=\"wp-image-61322\" srcset=\"https:\/\/i0.wp.com\/elregionalvm.com.ar\/noticias-villa-maria\/wp-content\/uploads\/2022\/07\/Dolar-bandera-argentina-crisis.jpg?w=950&amp;ssl=1 950w, https:\/\/i0.wp.com\/elregionalvm.com.ar\/noticias-villa-maria\/wp-content\/uploads\/2022\/07\/Dolar-bandera-argentina-crisis.jpg?resize=300%2C169&amp;ssl=1 300w, https:\/\/i0.wp.com\/elregionalvm.com.ar\/noticias-villa-maria\/wp-content\/uploads\/2022\/07\/Dolar-bandera-argentina-crisis.jpg?resize=768%2C432&amp;ssl=1 768w\" sizes=\"(max-width: 950px) 100vw, 950px\" \/><figcaption><em>D\u00f3lar, inflaci\u00f3n, deuda, ser\u00e1n parte de la agenda de la charla del mi\u00e9rcoles. <\/em><\/figcaption><\/figure>\n\n\n\n<p><\/p>\n\n\n\n<p><strong>Ejes <\/strong><\/p>\n\n\n\n<p>La actividad cuenta con el respaldo y acompa\u00f1amiento de AERCA, Fedecom y CAME, y propone abordar cuatro ejes concretos bajo el t\u00edtulo de \u201cAprender a vivir en crisis\u201d:<\/p>\n\n\n\n<p>\u2022Incertidumbre sobre incertidumbre<\/p>\n\n\n\n<p>\u2022Deuda y condicionamientos futuros<\/p>\n\n\n\n<p>\u2022Inflaci\u00f3n, d\u00f3lar y dem\u00e1s variables claves<\/p>\n\n\n\n<p>\u2022 \u00bfQu\u00e9 esperar en lo que resta del a\u00f1o?<\/p>\n\n\n\n<p><\/p>\n\n\n\n<figure class=\"wp-block-image size-large\"><img data-recalc-dims=\"1\" decoding=\"async\" width=\"1024\" height=\"1024\" src=\"https:\/\/i0.wp.com\/elregionalvm.com.ar\/noticias-villa-maria\/wp-content\/uploads\/2022\/08\/Charla-Koncurat.jpeg?resize=1024%2C1024&#038;ssl=1\" alt=\"\" class=\"wp-image-61692\" srcset=\"https:\/\/i0.wp.com\/elregionalvm.com.ar\/noticias-villa-maria\/wp-content\/uploads\/2022\/08\/Charla-Koncurat.jpeg?resize=1024%2C1024&amp;ssl=1 1024w, https:\/\/i0.wp.com\/elregionalvm.com.ar\/noticias-villa-maria\/wp-content\/uploads\/2022\/08\/Charla-Koncurat.jpeg?resize=300%2C300&amp;ssl=1 300w, https:\/\/i0.wp.com\/elregionalvm.com.ar\/noticias-villa-maria\/wp-content\/uploads\/2022\/08\/Charla-Koncurat.jpeg?resize=768%2C768&amp;ssl=1 768w, https:\/\/i0.wp.com\/elregionalvm.com.ar\/noticias-villa-maria\/wp-content\/uploads\/2022\/08\/Charla-Koncurat.jpeg?w=1080&amp;ssl=1 1080w\" sizes=\"(max-width: 1000px) 100vw, 1000px\" \/><figcaption><em>EL REGIONAL es uno de los auspiciantes de la charla sobre econom\u00eda. <\/em><\/figcaption><\/figure>\n\n\n\n<p><\/p>\n\n\n\n<p><strong>Los posibles escenarios<\/strong><\/p>\n\n\n\n<p>Koncurat, quien da charlas de este tipo desde el 2008, explic\u00f3 que la actividad se dividir\u00e1 en tres etapas.<\/p>\n\n\n\n<p>En primer t\u00e9rmino, \u201cvamos a hacer un an\u00e1lisis de econom\u00eda internacional\u201d. En ese sentido, dijo que resulta fundamental conocer lo que est\u00e1 sucediendo en Europa, Estados Unidos y el mundo entero\u201d.<\/p>\n\n\n\n<p>\u201cEl contexto internacional es un agravante extraordinario a la crisis que tenemos ac\u00e1, y por eso es importante saber lo que pasa y puede pasar\u201d, indic\u00f3.<\/p>\n\n\n\n<p>Posteriormente, la segunda parte de la charla se dedicar\u00e1 a analizar datos de la econom\u00eda local.<\/p>\n\n\n\n<p>\u201cC\u00f3mo est\u00e1 funcionando, tanto la parte real como financiera, con an\u00e1lisis de datos del banco central y de distintos sectores, para entender d\u00f3nde estamos parados\u201d, explic\u00f3 el economista.<\/p>\n\n\n\n<p>Finalmente, la tercera parte \u201cse basa en una lectura personal como conclusi\u00f3n a los datos e informaci\u00f3n que se exponen, dando argumentos concretos de cada concepto y planteando diversos escenarios con los que nos podemos encontrar en los pr\u00f3ximos meses\u201d.<\/p>\n\n\n\n<p>Posteriormente, habr\u00e1 un espacio para preguntas y debate o intercambio de opiniones por parte de los presentes.<\/p>\n\n\n\n<p>Koncurat, quien tambi\u00e9n asesora a diversas empresas de la ciudad y la regi\u00f3n, aclar\u00f3 que \u201cno se trata de una charla pol\u00edtica, sino de an\u00e1lisis econ\u00f3mico\u201d aunque puntualiz\u00f3 que es ineludible \u201chacer referencia a la pol\u00edtica econ\u00f3mica y decisiones tomadas por el gobierno nacional\u201d.<\/p>\n\n\n\n<p>\u201cEstamos viviendo en arenas movedizas y creo que la incertidumbre nos afecta la calidad de vida a todos\u201d, grafic\u00f3 el economista.<\/p>\n\n\n\n<p>\u201cEntonces, analizar esto ayuda a entender un poco m\u00e1s, comprender qu\u00e9 est\u00e1 sucediendo y qu\u00e9 puede pasar, y nos sirve a todos\u201d, cerr\u00f3.<\/p>\n","protected":false},"excerpt":{"rendered":"<p>El mi\u00e9rcoles 3 de agosto, en Villa Mar\u00eda, el economista Alfredo Koncurat har\u00e1 una lectura y an\u00e1lisis de la realidad econ\u00f3mica y de los posibles escenarios futuros en una charla abierta y gratuita que se desarrollar\u00e1 en AERCA. Entender el contexto econ\u00f3mico resulta fundamental en estos tiempos, tanto para quienes est\u00e1n frente a una empresa [&hellip;]<\/p>\n","protected":false},"author":4,"featured_media":61690,"comment_status":"open","ping_status":"open","sticky":false,"template":"","format":"standard","meta":{"site-sidebar-layout":"default","site-content-layout":"","ast-site-content-layout":"default","site-content-style":"default","site-sidebar-style":"default","ast-global-header-display":"","ast-banner-title-visibility":"","ast-main-header-display":"","ast-hfb-above-header-display":"","ast-hfb-below-header-display":"","ast-hfb-mobile-header-display":"","site-post-title":"","ast-breadcrumbs-content":"","ast-featured-img":"","footer-sml-layout":"","ast-disable-related-posts":"","theme-transparent-header-meta":"","adv-header-id-meta":"","stick-header-meta":"","header-above-stick-meta":"","header-main-stick-meta":"","header-below-stick-meta":"","astra-migrate-meta-layouts":"default","ast-page-background-enabled":"default","ast-page-background-meta":{"desktop":{"background-color":"","background-image":"","background-repeat":"repeat","background-position":"center center","background-size":"auto","background-attachment":"scroll","background-type":"","background-media":"","overlay-type":"","overlay-color":"","overlay-opacity":"","overlay-gradient":""},"tablet":{"background-color":"","background-image":"","background-repeat":"repeat","background-position":"center center","background-size":"auto","background-attachment":"scroll","background-type":"","background-media":"","overlay-type":"","overlay-color":"","overlay-opacity":"","overlay-gradient":""},"mobile":{"background-color":"","background-image":"","background-repeat":"repeat","background-position":"center center","background-size":"auto","background-attachment":"scroll","background-type":"","background-media":"","overlay-type":"","overlay-color":"","overlay-opacity":"","overlay-gradient":""}},"ast-content-background-meta":{"desktop":{"background-color":"var(--ast-global-color-5)","background-image":"","background-repeat":"repeat","background-position":"center center","background-size":"auto","background-attachment":"scroll","background-type":"","background-media":"","overlay-type":"","overlay-color":"","overlay-opacity":"","overlay-gradient":""},"tablet":{"background-color":"var(--ast-global-color-5)","background-image":"","background-repeat":"repeat","background-position":"center center","background-size":"auto","background-attachment":"scroll","background-type":"","background-media":"","overlay-type":"","overlay-color":"","overlay-opacity":"","overlay-gradient":""},"mobile":{"background-color":"var(--ast-global-color-5)","background-image":"","background-repeat":"repeat","background-position":"center center","background-size":"auto","background-attachment":"scroll","background-type":"","background-media":"","overlay-type":"","overlay-color":"","overlay-opacity":"","overlay-gradient":""}},"_jetpack_memberships_contains_paid_content":false,"_joinchat":[],"footnotes":""},"categories":[15302,2],"tags":[2218,16561,4165,814,8094,2937,505,519],"class_list":["post-61689","post","type-post","status-publish","format-standard","has-post-thumbnail","hentry","category-destacado","category-villa-maria","tag-aerca","tag-alfredo-koncurat","tag-charla","tag-crisis","tag-deuda","tag-dolar-2","tag-economia","tag-politica"],"yoast_head":"<!-- This site is optimized with the Yoast SEO plugin v26.8 - https:\/\/yoast.com\/product\/yoast-seo-wordpress\/ -->\n<title>[Este mi\u00e9rcoles 3] Una charla para entender qu\u00e9 pasa con nuestra econom\u00eda - El Regional<\/title>\n<meta name=\"robots\" content=\"index, follow, max-snippet:-1, max-image-preview:large, max-video-preview:-1\" \/>\n<link rel=\"canonical\" href=\"http:\/\/elregionalvm.com.ar\/noticias-villa-maria\/este-miercoles-3-una-charla-para-entender-que-pasa-con-nuestra-economia\/\" \/>\n<meta property=\"og:locale\" content=\"es_ES\" \/>\n<meta property=\"og:type\" content=\"article\" \/>\n<meta property=\"og:title\" content=\"[Este mi\u00e9rcoles 3] Una charla para entender qu\u00e9 pasa con nuestra econom\u00eda - El Regional\" \/>\n<meta property=\"og:description\" content=\"El mi\u00e9rcoles 3 de agosto, en Villa Mar\u00eda, el economista Alfredo Koncurat har\u00e1 una lectura y an\u00e1lisis de la realidad econ\u00f3mica y de los posibles escenarios futuros en una charla abierta y gratuita que se desarrollar\u00e1 en AERCA. Entender el contexto econ\u00f3mico resulta fundamental en estos tiempos, tanto para quienes est\u00e1n frente a una empresa [&hellip;]\" \/>\n<meta property=\"og:url\" content=\"http:\/\/elregionalvm.com.ar\/noticias-villa-maria\/este-miercoles-3-una-charla-para-entender-que-pasa-con-nuestra-economia\/\" \/>\n<meta property=\"og:site_name\" content=\"El Regional\" \/>\n<meta property=\"article:publisher\" content=\"https:\/\/www.facebook.com\/elregionalvm\" \/>\n<meta property=\"article:published_time\" content=\"2022-08-02T19:35:47+00:00\" \/>\n<meta property=\"article:modified_time\" content=\"2022-08-02T19:40:42+00:00\" \/>\n<meta property=\"og:image\" content=\"http:\/\/elregionalvm.com.ar\/noticias-villa-maria\/wp-content\/uploads\/2022\/08\/Alfredo-Koncurat-charla-Aerca.jpeg\" \/>\n\t<meta property=\"og:image:width\" content=\"1280\" \/>\n\t<meta property=\"og:image:height\" content=\"830\" \/>\n\t<meta property=\"og:image:type\" content=\"image\/jpeg\" \/>\n<meta name=\"author\" content=\"Contenidos El Regional\" \/>\n<meta name=\"twitter:card\" content=\"summary_large_image\" \/>\n<meta name=\"twitter:creator\" content=\"@elregionalvm1\" \/>\n<meta name=\"twitter:site\" content=\"@elregionalvm1\" \/>\n<meta name=\"twitter:label1\" content=\"Escrito por\" \/>\n\t<meta name=\"twitter:data1\" content=\"Contenidos El Regional\" \/>\n\t<meta name=\"twitter:label2\" content=\"Tiempo de lectura\" \/>\n\t<meta name=\"twitter:data2\" content=\"3 minutos\" \/>\n<script type=\"application\/ld+json\" class=\"yoast-schema-graph\">{\"@context\":\"https:\/\/schema.org\",\"@graph\":[{\"@type\":\"Article\",\"@id\":\"http:\/\/elregionalvm.com.ar\/noticias-villa-maria\/este-miercoles-3-una-charla-para-entender-que-pasa-con-nuestra-economia\/#article\",\"isPartOf\":{\"@id\":\"http:\/\/elregionalvm.com.ar\/noticias-villa-maria\/este-miercoles-3-una-charla-para-entender-que-pasa-con-nuestra-economia\/\"},\"author\":{\"name\":\"Contenidos El Regional\",\"@id\":\"http:\/\/elregionalvm.com.ar\/noticias-villa-maria\/#\/schema\/person\/a0fb9c422317faca23d50163151bc354\"},\"headline\":\"[Este mi\u00e9rcoles 3] Una charla para entender qu\u00e9 pasa con nuestra econom\u00eda\",\"datePublished\":\"2022-08-02T19:35:47+00:00\",\"dateModified\":\"2022-08-02T19:40:42+00:00\",\"mainEntityOfPage\":{\"@id\":\"http:\/\/elregionalvm.com.ar\/noticias-villa-maria\/este-miercoles-3-una-charla-para-entender-que-pasa-con-nuestra-economia\/\"},\"wordCount\":582,\"commentCount\":0,\"image\":{\"@id\":\"http:\/\/elregionalvm.com.ar\/noticias-villa-maria\/este-miercoles-3-una-charla-para-entender-que-pasa-con-nuestra-economia\/#primaryimage\"},\"thumbnailUrl\":\"https:\/\/i0.wp.com\/elregionalvm.com.ar\/noticias-villa-maria\/wp-content\/uploads\/2022\/08\/Alfredo-Koncurat-charla-Aerca.jpeg?fit=1280%2C830&ssl=1\",\"keywords\":[\"Aerca\",\"Alfredo Koncurat\",\"charla\",\"crisis\",\"deuda\",\"d\u00f3lar\",\"Econom\u00eda\",\"Pol\u00edtica\"],\"articleSection\":[\"destacado\",\"Villa Mar\u00eda\"],\"inLanguage\":\"es\",\"potentialAction\":[{\"@type\":\"CommentAction\",\"name\":\"Comment\",\"target\":[\"http:\/\/elregionalvm.com.ar\/noticias-villa-maria\/este-miercoles-3-una-charla-para-entender-que-pasa-con-nuestra-economia\/#respond\"]}]},{\"@type\":\"WebPage\",\"@id\":\"http:\/\/elregionalvm.com.ar\/noticias-villa-maria\/este-miercoles-3-una-charla-para-entender-que-pasa-con-nuestra-economia\/\",\"url\":\"http:\/\/elregionalvm.com.ar\/noticias-villa-maria\/este-miercoles-3-una-charla-para-entender-que-pasa-con-nuestra-economia\/\",\"name\":\"[Este mi\u00e9rcoles 3] Una charla para entender qu\u00e9 pasa con nuestra econom\u00eda - El Regional\",\"isPartOf\":{\"@id\":\"http:\/\/elregionalvm.com.ar\/noticias-villa-maria\/#website\"},\"primaryImageOfPage\":{\"@id\":\"http:\/\/elregionalvm.com.ar\/noticias-villa-maria\/este-miercoles-3-una-charla-para-entender-que-pasa-con-nuestra-economia\/#primaryimage\"},\"image\":{\"@id\":\"http:\/\/elregionalvm.com.ar\/noticias-villa-maria\/este-miercoles-3-una-charla-para-entender-que-pasa-con-nuestra-economia\/#primaryimage\"},\"thumbnailUrl\":\"https:\/\/i0.wp.com\/elregionalvm.com.ar\/noticias-villa-maria\/wp-content\/uploads\/2022\/08\/Alfredo-Koncurat-charla-Aerca.jpeg?fit=1280%2C830&ssl=1\",\"datePublished\":\"2022-08-02T19:35:47+00:00\",\"dateModified\":\"2022-08-02T19:40:42+00:00\",\"author\":{\"@id\":\"http:\/\/elregionalvm.com.ar\/noticias-villa-maria\/#\/schema\/person\/a0fb9c422317faca23d50163151bc354\"},\"breadcrumb\":{\"@id\":\"http:\/\/elregionalvm.com.ar\/noticias-villa-maria\/este-miercoles-3-una-charla-para-entender-que-pasa-con-nuestra-economia\/#breadcrumb\"},\"inLanguage\":\"es\",\"potentialAction\":[{\"@type\":\"ReadAction\",\"target\":[\"http:\/\/elregionalvm.com.ar\/noticias-villa-maria\/este-miercoles-3-una-charla-para-entender-que-pasa-con-nuestra-economia\/\"]}]},{\"@type\":\"ImageObject\",\"inLanguage\":\"es\",\"@id\":\"http:\/\/elregionalvm.com.ar\/noticias-villa-maria\/este-miercoles-3-una-charla-para-entender-que-pasa-con-nuestra-economia\/#primaryimage\",\"url\":\"https:\/\/i0.wp.com\/elregionalvm.com.ar\/noticias-villa-maria\/wp-content\/uploads\/2022\/08\/Alfredo-Koncurat-charla-Aerca.jpeg?fit=1280%2C830&ssl=1\",\"contentUrl\":\"https:\/\/i0.wp.com\/elregionalvm.com.ar\/noticias-villa-maria\/wp-content\/uploads\/2022\/08\/Alfredo-Koncurat-charla-Aerca.jpeg?fit=1280%2C830&ssl=1\",\"width\":1280,\"height\":830},{\"@type\":\"BreadcrumbList\",\"@id\":\"http:\/\/elregionalvm.com.ar\/noticias-villa-maria\/este-miercoles-3-una-charla-para-entender-que-pasa-con-nuestra-economia\/#breadcrumb\",\"itemListElement\":[{\"@type\":\"ListItem\",\"position\":1,\"name\":\"Portada\",\"item\":\"https:\/\/elregionalvm.com.ar\/noticias-villa-maria\/\"},{\"@type\":\"ListItem\",\"position\":2,\"name\":\"[Este mi\u00e9rcoles 3] Una charla para entender qu\u00e9 pasa con nuestra econom\u00eda\"}]},{\"@type\":\"WebSite\",\"@id\":\"http:\/\/elregionalvm.com.ar\/noticias-villa-maria\/#website\",\"url\":\"http:\/\/elregionalvm.com.ar\/noticias-villa-maria\/\",\"name\":\"El Regional\",\"description\":\"Mucho m\u00e1s que informaci\u00f3n\",\"potentialAction\":[{\"@type\":\"SearchAction\",\"target\":{\"@type\":\"EntryPoint\",\"urlTemplate\":\"http:\/\/elregionalvm.com.ar\/noticias-villa-maria\/?s={search_term_string}\"},\"query-input\":{\"@type\":\"PropertyValueSpecification\",\"valueRequired\":true,\"valueName\":\"search_term_string\"}}],\"inLanguage\":\"es\"},{\"@type\":\"Person\",\"@id\":\"http:\/\/elregionalvm.com.ar\/noticias-villa-maria\/#\/schema\/person\/a0fb9c422317faca23d50163151bc354\",\"name\":\"Contenidos El Regional\",\"image\":{\"@type\":\"ImageObject\",\"inLanguage\":\"es\",\"@id\":\"http:\/\/elregionalvm.com.ar\/noticias-villa-maria\/#\/schema\/person\/image\/\",\"url\":\"https:\/\/secure.gravatar.com\/avatar\/265b27cb2209af7bb3a1318f03305787d7981a5cc6e6cd08fe5a4ecdf99d4b48?s=96&d=mm&r=g\",\"contentUrl\":\"https:\/\/secure.gravatar.com\/avatar\/265b27cb2209af7bb3a1318f03305787d7981a5cc6e6cd08fe5a4ecdf99d4b48?s=96&d=mm&r=g\",\"caption\":\"Contenidos El Regional\"},\"url\":\"https:\/\/elregionalvm.com.ar\/noticias-villa-maria\/author\/contenido\/\"}]}<\/script>\n<!-- \/ Yoast SEO plugin. -->","yoast_head_json":{"title":"[Este mi\u00e9rcoles 3] Una charla para entender qu\u00e9 pasa con nuestra econom\u00eda - El Regional","robots":{"index":"index","follow":"follow","max-snippet":"max-snippet:-1","max-image-preview":"max-image-preview:large","max-video-preview":"max-video-preview:-1"},"canonical":"http:\/\/elregionalvm.com.ar\/noticias-villa-maria\/este-miercoles-3-una-charla-para-entender-que-pasa-con-nuestra-economia\/","og_locale":"es_ES","og_type":"article","og_title":"[Este mi\u00e9rcoles 3] Una charla para entender qu\u00e9 pasa con nuestra econom\u00eda - El Regional","og_description":"El mi\u00e9rcoles 3 de agosto, en Villa Mar\u00eda, el economista Alfredo Koncurat har\u00e1 una lectura y an\u00e1lisis de la realidad econ\u00f3mica y de los posibles escenarios futuros en una charla abierta y gratuita que se desarrollar\u00e1 en AERCA. Entender el contexto econ\u00f3mico resulta fundamental en estos tiempos, tanto para quienes est\u00e1n frente a una empresa [&hellip;]","og_url":"http:\/\/elregionalvm.com.ar\/noticias-villa-maria\/este-miercoles-3-una-charla-para-entender-que-pasa-con-nuestra-economia\/","og_site_name":"El Regional","article_publisher":"https:\/\/www.facebook.com\/elregionalvm","article_published_time":"2022-08-02T19:35:47+00:00","article_modified_time":"2022-08-02T19:40:42+00:00","og_image":[{"width":1280,"height":830,"url":"http:\/\/elregionalvm.com.ar\/noticias-villa-maria\/wp-content\/uploads\/2022\/08\/Alfredo-Koncurat-charla-Aerca.jpeg","type":"image\/jpeg"}],"author":"Contenidos El Regional","twitter_card":"summary_large_image","twitter_creator":"@elregionalvm1","twitter_site":"@elregionalvm1","twitter_misc":{"Escrito por":"Contenidos El Regional","Tiempo de lectura":"3 minutos"},"schema":{"@context":"https:\/\/schema.org","@graph":[{"@type":"Article","@id":"http:\/\/elregionalvm.com.ar\/noticias-villa-maria\/este-miercoles-3-una-charla-para-entender-que-pasa-con-nuestra-economia\/#article","isPartOf":{"@id":"http:\/\/elregionalvm.com.ar\/noticias-villa-maria\/este-miercoles-3-una-charla-para-entender-que-pasa-con-nuestra-economia\/"},"author":{"name":"Contenidos El Regional","@id":"http:\/\/elregionalvm.com.ar\/noticias-villa-maria\/#\/schema\/person\/a0fb9c422317faca23d50163151bc354"},"headline":"[Este mi\u00e9rcoles 3] Una charla para entender qu\u00e9 pasa con nuestra econom\u00eda","datePublished":"2022-08-02T19:35:47+00:00","dateModified":"2022-08-02T19:40:42+00:00","mainEntityOfPage":{"@id":"http:\/\/elregionalvm.com.ar\/noticias-villa-maria\/este-miercoles-3-una-charla-para-entender-que-pasa-con-nuestra-economia\/"},"wordCount":582,"commentCount":0,"image":{"@id":"http:\/\/elregionalvm.com.ar\/noticias-villa-maria\/este-miercoles-3-una-charla-para-entender-que-pasa-con-nuestra-economia\/#primaryimage"},"thumbnailUrl":"https:\/\/i0.wp.com\/elregionalvm.com.ar\/noticias-villa-maria\/wp-content\/uploads\/2022\/08\/Alfredo-Koncurat-charla-Aerca.jpeg?fit=1280%2C830&ssl=1","keywords":["Aerca","Alfredo Koncurat","charla","crisis","deuda","d\u00f3lar","Econom\u00eda","Pol\u00edtica"],"articleSection":["destacado","Villa Mar\u00eda"],"inLanguage":"es","potentialAction":[{"@type":"CommentAction","name":"Comment","target":["http:\/\/elregionalvm.com.ar\/noticias-villa-maria\/este-miercoles-3-una-charla-para-entender-que-pasa-con-nuestra-economia\/#respond"]}]},{"@type":"WebPage","@id":"http:\/\/elregionalvm.com.ar\/noticias-villa-maria\/este-miercoles-3-una-charla-para-entender-que-pasa-con-nuestra-economia\/","url":"http:\/\/elregionalvm.com.ar\/noticias-villa-maria\/este-miercoles-3-una-charla-para-entender-que-pasa-con-nuestra-economia\/","name":"[Este mi\u00e9rcoles 3] Una charla para entender qu\u00e9 pasa con nuestra econom\u00eda - El Regional","isPartOf":{"@id":"http:\/\/elregionalvm.com.ar\/noticias-villa-maria\/#website"},"primaryImageOfPage":{"@id":"http:\/\/elregionalvm.com.ar\/noticias-villa-maria\/este-miercoles-3-una-charla-para-entender-que-pasa-con-nuestra-economia\/#primaryimage"},"image":{"@id":"http:\/\/elregionalvm.com.ar\/noticias-villa-maria\/este-miercoles-3-una-charla-para-entender-que-pasa-con-nuestra-economia\/#primaryimage"},"thumbnailUrl":"https:\/\/i0.wp.com\/elregionalvm.com.ar\/noticias-villa-maria\/wp-content\/uploads\/2022\/08\/Alfredo-Koncurat-charla-Aerca.jpeg?fit=1280%2C830&ssl=1","datePublished":"2022-08-02T19:35:47+00:00","dateModified":"2022-08-02T19:40:42+00:00","author":{"@id":"http:\/\/elregionalvm.com.ar\/noticias-villa-maria\/#\/schema\/person\/a0fb9c422317faca23d50163151bc354"},"breadcrumb":{"@id":"http:\/\/elregionalvm.com.ar\/noticias-villa-maria\/este-miercoles-3-una-charla-para-entender-que-pasa-con-nuestra-economia\/#breadcrumb"},"inLanguage":"es","potentialAction":[{"@type":"ReadAction","target":["http:\/\/elregionalvm.com.ar\/noticias-villa-maria\/este-miercoles-3-una-charla-para-entender-que-pasa-con-nuestra-economia\/"]}]},{"@type":"ImageObject","inLanguage":"es","@id":"http:\/\/elregionalvm.com.ar\/noticias-villa-maria\/este-miercoles-3-una-charla-para-entender-que-pasa-con-nuestra-economia\/#primaryimage","url":"https:\/\/i0.wp.com\/elregionalvm.com.ar\/noticias-villa-maria\/wp-content\/uploads\/2022\/08\/Alfredo-Koncurat-charla-Aerca.jpeg?fit=1280%2C830&ssl=1","contentUrl":"https:\/\/i0.wp.com\/elregionalvm.com.ar\/noticias-villa-maria\/wp-content\/uploads\/2022\/08\/Alfredo-Koncurat-charla-Aerca.jpeg?fit=1280%2C830&ssl=1","width":1280,"height":830},{"@type":"BreadcrumbList","@id":"http:\/\/elregionalvm.com.ar\/noticias-villa-maria\/este-miercoles-3-una-charla-para-entender-que-pasa-con-nuestra-economia\/#breadcrumb","itemListElement":[{"@type":"ListItem","position":1,"name":"Portada","item":"https:\/\/elregionalvm.com.ar\/noticias-villa-maria\/"},{"@type":"ListItem","position":2,"name":"[Este mi\u00e9rcoles 3] Una charla para entender qu\u00e9 pasa con nuestra econom\u00eda"}]},{"@type":"WebSite","@id":"http:\/\/elregionalvm.com.ar\/noticias-villa-maria\/#website","url":"http:\/\/elregionalvm.com.ar\/noticias-villa-maria\/","name":"El Regional","description":"Mucho m\u00e1s que informaci\u00f3n","potentialAction":[{"@type":"SearchAction","target":{"@type":"EntryPoint","urlTemplate":"http:\/\/elregionalvm.com.ar\/noticias-villa-maria\/?s={search_term_string}"},"query-input":{"@type":"PropertyValueSpecification","valueRequired":true,"valueName":"search_term_string"}}],"inLanguage":"es"},{"@type":"Person","@id":"http:\/\/elregionalvm.com.ar\/noticias-villa-maria\/#\/schema\/person\/a0fb9c422317faca23d50163151bc354","name":"Contenidos El Regional","image":{"@type":"ImageObject","inLanguage":"es","@id":"http:\/\/elregionalvm.com.ar\/noticias-villa-maria\/#\/schema\/person\/image\/","url":"https:\/\/secure.gravatar.com\/avatar\/265b27cb2209af7bb3a1318f03305787d7981a5cc6e6cd08fe5a4ecdf99d4b48?s=96&d=mm&r=g","contentUrl":"https:\/\/secure.gravatar.com\/avatar\/265b27cb2209af7bb3a1318f03305787d7981a5cc6e6cd08fe5a4ecdf99d4b48?s=96&d=mm&r=g","caption":"Contenidos El Regional"},"url":"https:\/\/elregionalvm.com.ar\/noticias-villa-maria\/author\/contenido\/"}]}},"jetpack_featured_media_url":"https:\/\/i0.wp.com\/elregionalvm.com.ar\/noticias-villa-maria\/wp-content\/uploads\/2022\/08\/Alfredo-Koncurat-charla-Aerca.jpeg?fit=1280%2C830&ssl=1","jetpack_sharing_enabled":true,"_links":{"self":[{"href":"https:\/\/elregionalvm.com.ar\/noticias-villa-maria\/wp-json\/wp\/v2\/posts\/61689","targetHints":{"allow":["GET"]}}],"collection":[{"href":"https:\/\/elregionalvm.com.ar\/noticias-villa-maria\/wp-json\/wp\/v2\/posts"}],"about":[{"href":"https:\/\/elregionalvm.com.ar\/noticias-villa-maria\/wp-json\/wp\/v2\/types\/post"}],"author":[{"embeddable":true,"href":"https:\/\/elregionalvm.com.ar\/noticias-villa-maria\/wp-json\/wp\/v2\/users\/4"}],"replies":[{"embeddable":true,"href":"https:\/\/elregionalvm.com.ar\/noticias-villa-maria\/wp-json\/wp\/v2\/comments?post=61689"}],"version-history":[{"count":2,"href":"https:\/\/elregionalvm.com.ar\/noticias-villa-maria\/wp-json\/wp\/v2\/posts\/61689\/revisions"}],"predecessor-version":[{"id":61694,"href":"https:\/\/elregionalvm.com.ar\/noticias-villa-maria\/wp-json\/wp\/v2\/posts\/61689\/revisions\/61694"}],"wp:featuredmedia":[{"embeddable":true,"href":"https:\/\/elregionalvm.com.ar\/noticias-villa-maria\/wp-json\/wp\/v2\/media\/61690"}],"wp:attachment":[{"href":"https:\/\/elregionalvm.com.ar\/noticias-villa-maria\/wp-json\/wp\/v2\/media?parent=61689"}],"wp:term":[{"taxonomy":"category","embeddable":true,"href":"https:\/\/elregionalvm.com.ar\/noticias-villa-maria\/wp-json\/wp\/v2\/categories?post=61689"},{"taxonomy":"post_tag","embeddable":true,"href":"https:\/\/elregionalvm.com.ar\/noticias-villa-maria\/wp-json\/wp\/v2\/tags?post=61689"}],"curies":[{"name":"wp","href":"https:\/\/api.w.org\/{rel}","templated":true}]}}