{"id":61695,"date":"2022-08-02T19:51:46","date_gmt":"2022-08-02T19:51:46","guid":{"rendered":"https:\/\/elregionalvm.com.ar\/noticias-villa-maria\/?p=61695"},"modified":"2022-08-02T19:51:47","modified_gmt":"2022-08-02T19:51:47","slug":"llaryora-participo-de-la-asuncion-de-las-nuevas-autoridades-de-la-unc","status":"publish","type":"post","link":"https:\/\/elregionalvm.com.ar\/noticias-villa-maria\/llaryora-participo-de-la-asuncion-de-las-nuevas-autoridades-de-la-unc\/","title":{"rendered":"Llaryora particip\u00f3 de la asunci\u00f3n de las nuevas autoridades de la UNC"},"content":{"rendered":"\n<p><\/p>\n\n\n\n<p>El intendente de la Capital provincial, Mart\u00edn Llaryora, particip\u00f3 del acto de asunci\u00f3n de las nuevas autoridades de la Universidad Nacional de C\u00f3rdoba (UNC), realizado en el auditorio del Pabell\u00f3n Argentina.&nbsp;<\/p>\n\n\n\n<p>El jefe comunal dio la bienvenida y salud\u00f3 al flamante rector, John Boretto y a la vicerrectora, Mariela Marchisio, ante quienes reafirm\u00f3 el compromiso de la Municipalidad de C\u00f3rdoba de continuar trabajando de manera conjunta y seguir articulando proyectos para los vecinos junto al \u00e1mbito acad\u00e9mico.<\/p>\n\n\n\n<p><\/p>\n\n\n\n<figure class=\"wp-block-image size-large\"><img data-recalc-dims=\"1\" fetchpriority=\"high\" decoding=\"async\" width=\"1024\" height=\"692\" src=\"https:\/\/i0.wp.com\/elregionalvm.com.ar\/noticias-villa-maria\/wp-content\/uploads\/2022\/08\/Llaryora-autoridades-UNC-2.jpeg?resize=1024%2C692&#038;ssl=1\" alt=\"\" class=\"wp-image-61698\" srcset=\"https:\/\/i0.wp.com\/elregionalvm.com.ar\/noticias-villa-maria\/wp-content\/uploads\/2022\/08\/Llaryora-autoridades-UNC-2.jpeg?resize=1024%2C692&amp;ssl=1 1024w, https:\/\/i0.wp.com\/elregionalvm.com.ar\/noticias-villa-maria\/wp-content\/uploads\/2022\/08\/Llaryora-autoridades-UNC-2.jpeg?resize=300%2C203&amp;ssl=1 300w, https:\/\/i0.wp.com\/elregionalvm.com.ar\/noticias-villa-maria\/wp-content\/uploads\/2022\/08\/Llaryora-autoridades-UNC-2.jpeg?resize=768%2C519&amp;ssl=1 768w, https:\/\/i0.wp.com\/elregionalvm.com.ar\/noticias-villa-maria\/wp-content\/uploads\/2022\/08\/Llaryora-autoridades-UNC-2.jpeg?w=1280&amp;ssl=1 1280w\" sizes=\"(max-width: 1000px) 100vw, 1000px\" \/><figcaption><em>Juri dej\u00f3 el lugar a Boreto a cargo del Rectorado de la UNC. <\/em><\/figcaption><\/figure>\n\n\n\n<p><\/p>\n\n\n\n<p>En ese sentido, Llaryora destac\u00f3 el trabajo realizado con la UNC durante la gesti\u00f3n del rector saliente, Hugo Juri.\u00a0<\/p>\n\n\n\n<p>\u201cTrabajar juntos potencia las oportunidades de C\u00f3rdoba. Nuestra universidad es motivo de orgullo de la ciudad. Aqu\u00ed se forman estudiantes que llegan de todo el pa\u00eds, que saben del prestigio acad\u00e9mico de nuestra casa de altos estudios; la universidad est\u00e1 en nuestro ADN y su potencialidad pone a C\u00f3rdoba en un lugar de desarrollo que a todos nos enorgullece\u201d, subray\u00f3 el intendente.<\/p>\n","protected":false},"excerpt":{"rendered":"<p>El intendente de la Capital provincial, Mart\u00edn Llaryora, particip\u00f3 del acto de asunci\u00f3n de las nuevas autoridades de la Universidad Nacional de C\u00f3rdoba (UNC), realizado en el auditorio del Pabell\u00f3n Argentina.&nbsp; El jefe comunal dio la bienvenida y salud\u00f3 al flamante rector, John Boretto y a la vicerrectora, Mariela Marchisio, ante quienes reafirm\u00f3 el compromiso [&hellip;]<\/p>\n","protected":false},"author":4,"featured_media":61697,"comment_status":"open","ping_status":"open","sticky":false,"template":"","format":"standard","meta":{"site-sidebar-layout":"default","site-content-layout":"","ast-site-content-layout":"default","site-content-style":"default","site-sidebar-style":"default","ast-global-header-display":"","ast-banner-title-visibility":"","ast-main-header-display":"","ast-hfb-above-header-display":"","ast-hfb-below-header-display":"","ast-hfb-mobile-header-display":"","site-post-title":"","ast-breadcrumbs-content":"","ast-featured-img":"","footer-sml-layout":"","ast-disable-related-posts":"","theme-transparent-header-meta":"","adv-header-id-meta":"","stick-header-meta":"","header-above-stick-meta":"","header-main-stick-meta":"","header-below-stick-meta":"","astra-migrate-meta-layouts":"default","ast-page-background-enabled":"default","ast-page-background-meta":{"desktop":{"background-color":"","background-image":"","background-repeat":"repeat","background-position":"center center","background-size":"auto","background-attachment":"scroll","background-type":"","background-media":"","overlay-type":"","overlay-color":"","overlay-opacity":"","overlay-gradient":""},"tablet":{"background-color":"","background-image":"","background-repeat":"repeat","background-position":"center center","background-size":"auto","background-attachment":"scroll","background-type":"","background-media":"","overlay-type":"","overlay-color":"","overlay-opacity":"","overlay-gradient":""},"mobile":{"background-color":"","background-image":"","background-repeat":"repeat","background-position":"center center","background-size":"auto","background-attachment":"scroll","background-type":"","background-media":"","overlay-type":"","overlay-color":"","overlay-opacity":"","overlay-gradient":""}},"ast-content-background-meta":{"desktop":{"background-color":"var(--ast-global-color-5)","background-image":"","background-repeat":"repeat","background-position":"center center","background-size":"auto","background-attachment":"scroll","background-type":"","background-media":"","overlay-type":"","overlay-color":"","overlay-opacity":"","overlay-gradient":""},"tablet":{"background-color":"var(--ast-global-color-5)","background-image":"","background-repeat":"repeat","background-position":"center center","background-size":"auto","background-attachment":"scroll","background-type":"","background-media":"","overlay-type":"","overlay-color":"","overlay-opacity":"","overlay-gradient":""},"mobile":{"background-color":"var(--ast-global-color-5)","background-image":"","background-repeat":"repeat","background-position":"center center","background-size":"auto","background-attachment":"scroll","background-type":"","background-media":"","overlay-type":"","overlay-color":"","overlay-opacity":"","overlay-gradient":""}},"_jetpack_memberships_contains_paid_content":false,"_joinchat":[],"footnotes":""},"categories":[15302,16095],"tags":[6677,5635,322,17111,16022,17112,16990],"class_list":["post-61695","post","type-post","status-publish","format-standard","has-post-thumbnail","hentry","category-destacado","category-provinciales","tag-asuncion","tag-autoridades","tag-cordoba","tag-john-boreto","tag-martin-llaryora","tag-rector","tag-universidad-nacional-de-cordoba"],"yoast_head":"<!-- This site is optimized with the Yoast SEO plugin v26.8 - https:\/\/yoast.com\/product\/yoast-seo-wordpress\/ -->\n<title>Llaryora particip\u00f3 de la asunci\u00f3n de las nuevas autoridades de la UNC - El Regional<\/title>\n<meta name=\"robots\" content=\"index, follow, max-snippet:-1, max-image-preview:large, max-video-preview:-1\" \/>\n<link rel=\"canonical\" href=\"http:\/\/elregionalvm.com.ar\/noticias-villa-maria\/llaryora-participo-de-la-asuncion-de-las-nuevas-autoridades-de-la-unc\/\" \/>\n<meta property=\"og:locale\" content=\"es_ES\" \/>\n<meta property=\"og:type\" content=\"article\" \/>\n<meta property=\"og:title\" content=\"Llaryora particip\u00f3 de la asunci\u00f3n de las nuevas autoridades de la UNC - El Regional\" \/>\n<meta property=\"og:description\" content=\"El intendente de la Capital provincial, Mart\u00edn Llaryora, particip\u00f3 del acto de asunci\u00f3n de las nuevas autoridades de la Universidad Nacional de C\u00f3rdoba (UNC), realizado en el auditorio del Pabell\u00f3n Argentina.&nbsp; El jefe comunal dio la bienvenida y salud\u00f3 al flamante rector, John Boretto y a la vicerrectora, Mariela Marchisio, ante quienes reafirm\u00f3 el compromiso [&hellip;]\" \/>\n<meta property=\"og:url\" content=\"http:\/\/elregionalvm.com.ar\/noticias-villa-maria\/llaryora-participo-de-la-asuncion-de-las-nuevas-autoridades-de-la-unc\/\" \/>\n<meta property=\"og:site_name\" content=\"El Regional\" \/>\n<meta property=\"article:publisher\" content=\"https:\/\/www.facebook.com\/elregionalvm\" \/>\n<meta property=\"article:published_time\" content=\"2022-08-02T19:51:46+00:00\" \/>\n<meta property=\"article:modified_time\" content=\"2022-08-02T19:51:47+00:00\" \/>\n<meta property=\"og:image\" content=\"http:\/\/elregionalvm.com.ar\/noticias-villa-maria\/wp-content\/uploads\/2022\/08\/Llaryora-autoridades-UNC.jpeg\" \/>\n\t<meta property=\"og:image:width\" content=\"1217\" \/>\n\t<meta property=\"og:image:height\" content=\"898\" \/>\n\t<meta property=\"og:image:type\" content=\"image\/jpeg\" \/>\n<meta name=\"author\" content=\"Contenidos El Regional\" \/>\n<meta name=\"twitter:card\" content=\"summary_large_image\" \/>\n<meta name=\"twitter:creator\" content=\"@elregionalvm1\" \/>\n<meta name=\"twitter:site\" content=\"@elregionalvm1\" \/>\n<meta name=\"twitter:label1\" content=\"Escrito por\" \/>\n\t<meta name=\"twitter:data1\" content=\"Contenidos El Regional\" \/>\n\t<meta name=\"twitter:label2\" content=\"Tiempo de lectura\" \/>\n\t<meta name=\"twitter:data2\" content=\"1 minuto\" \/>\n<script type=\"application\/ld+json\" class=\"yoast-schema-graph\">{\"@context\":\"https:\/\/schema.org\",\"@graph\":[{\"@type\":\"Article\",\"@id\":\"http:\/\/elregionalvm.com.ar\/noticias-villa-maria\/llaryora-participo-de-la-asuncion-de-las-nuevas-autoridades-de-la-unc\/#article\",\"isPartOf\":{\"@id\":\"http:\/\/elregionalvm.com.ar\/noticias-villa-maria\/llaryora-participo-de-la-asuncion-de-las-nuevas-autoridades-de-la-unc\/\"},\"author\":{\"name\":\"Contenidos El Regional\",\"@id\":\"http:\/\/elregionalvm.com.ar\/noticias-villa-maria\/#\/schema\/person\/a0fb9c422317faca23d50163151bc354\"},\"headline\":\"Llaryora particip\u00f3 de la asunci\u00f3n de las nuevas autoridades de la UNC\",\"datePublished\":\"2022-08-02T19:51:46+00:00\",\"dateModified\":\"2022-08-02T19:51:47+00:00\",\"mainEntityOfPage\":{\"@id\":\"http:\/\/elregionalvm.com.ar\/noticias-villa-maria\/llaryora-participo-de-la-asuncion-de-las-nuevas-autoridades-de-la-unc\/\"},\"wordCount\":196,\"commentCount\":0,\"image\":{\"@id\":\"http:\/\/elregionalvm.com.ar\/noticias-villa-maria\/llaryora-participo-de-la-asuncion-de-las-nuevas-autoridades-de-la-unc\/#primaryimage\"},\"thumbnailUrl\":\"https:\/\/i0.wp.com\/elregionalvm.com.ar\/noticias-villa-maria\/wp-content\/uploads\/2022\/08\/Llaryora-autoridades-UNC.jpeg?fit=1217%2C898&ssl=1\",\"keywords\":[\"Asunci\u00f3n\",\"autoridades\",\"c\u00f3rdoba\",\"John Boreto\",\"Mart\u00edn Llaryora\",\"rector\",\"Universidad Nacional de C\u00f3rdoba\"],\"articleSection\":[\"destacado\",\"Provinciales\"],\"inLanguage\":\"es\",\"potentialAction\":[{\"@type\":\"CommentAction\",\"name\":\"Comment\",\"target\":[\"http:\/\/elregionalvm.com.ar\/noticias-villa-maria\/llaryora-participo-de-la-asuncion-de-las-nuevas-autoridades-de-la-unc\/#respond\"]}]},{\"@type\":\"WebPage\",\"@id\":\"http:\/\/elregionalvm.com.ar\/noticias-villa-maria\/llaryora-participo-de-la-asuncion-de-las-nuevas-autoridades-de-la-unc\/\",\"url\":\"http:\/\/elregionalvm.com.ar\/noticias-villa-maria\/llaryora-participo-de-la-asuncion-de-las-nuevas-autoridades-de-la-unc\/\",\"name\":\"Llaryora particip\u00f3 de la asunci\u00f3n de las nuevas autoridades de la UNC - El Regional\",\"isPartOf\":{\"@id\":\"http:\/\/elregionalvm.com.ar\/noticias-villa-maria\/#website\"},\"primaryImageOfPage\":{\"@id\":\"http:\/\/elregionalvm.com.ar\/noticias-villa-maria\/llaryora-participo-de-la-asuncion-de-las-nuevas-autoridades-de-la-unc\/#primaryimage\"},\"image\":{\"@id\":\"http:\/\/elregionalvm.com.ar\/noticias-villa-maria\/llaryora-participo-de-la-asuncion-de-las-nuevas-autoridades-de-la-unc\/#primaryimage\"},\"thumbnailUrl\":\"https:\/\/i0.wp.com\/elregionalvm.com.ar\/noticias-villa-maria\/wp-content\/uploads\/2022\/08\/Llaryora-autoridades-UNC.jpeg?fit=1217%2C898&ssl=1\",\"datePublished\":\"2022-08-02T19:51:46+00:00\",\"dateModified\":\"2022-08-02T19:51:47+00:00\",\"author\":{\"@id\":\"http:\/\/elregionalvm.com.ar\/noticias-villa-maria\/#\/schema\/person\/a0fb9c422317faca23d50163151bc354\"},\"breadcrumb\":{\"@id\":\"http:\/\/elregionalvm.com.ar\/noticias-villa-maria\/llaryora-participo-de-la-asuncion-de-las-nuevas-autoridades-de-la-unc\/#breadcrumb\"},\"inLanguage\":\"es\",\"potentialAction\":[{\"@type\":\"ReadAction\",\"target\":[\"http:\/\/elregionalvm.com.ar\/noticias-villa-maria\/llaryora-participo-de-la-asuncion-de-las-nuevas-autoridades-de-la-unc\/\"]}]},{\"@type\":\"ImageObject\",\"inLanguage\":\"es\",\"@id\":\"http:\/\/elregionalvm.com.ar\/noticias-villa-maria\/llaryora-participo-de-la-asuncion-de-las-nuevas-autoridades-de-la-unc\/#primaryimage\",\"url\":\"https:\/\/i0.wp.com\/elregionalvm.com.ar\/noticias-villa-maria\/wp-content\/uploads\/2022\/08\/Llaryora-autoridades-UNC.jpeg?fit=1217%2C898&ssl=1\",\"contentUrl\":\"https:\/\/i0.wp.com\/elregionalvm.com.ar\/noticias-villa-maria\/wp-content\/uploads\/2022\/08\/Llaryora-autoridades-UNC.jpeg?fit=1217%2C898&ssl=1\",\"width\":1217,\"height\":898},{\"@type\":\"BreadcrumbList\",\"@id\":\"http:\/\/elregionalvm.com.ar\/noticias-villa-maria\/llaryora-participo-de-la-asuncion-de-las-nuevas-autoridades-de-la-unc\/#breadcrumb\",\"itemListElement\":[{\"@type\":\"ListItem\",\"position\":1,\"name\":\"Portada\",\"item\":\"https:\/\/elregionalvm.com.ar\/noticias-villa-maria\/\"},{\"@type\":\"ListItem\",\"position\":2,\"name\":\"Llaryora particip\u00f3 de la asunci\u00f3n de las nuevas autoridades de la UNC\"}]},{\"@type\":\"WebSite\",\"@id\":\"http:\/\/elregionalvm.com.ar\/noticias-villa-maria\/#website\",\"url\":\"http:\/\/elregionalvm.com.ar\/noticias-villa-maria\/\",\"name\":\"El Regional\",\"description\":\"Mucho m\u00e1s que informaci\u00f3n\",\"potentialAction\":[{\"@type\":\"SearchAction\",\"target\":{\"@type\":\"EntryPoint\",\"urlTemplate\":\"http:\/\/elregionalvm.com.ar\/noticias-villa-maria\/?s={search_term_string}\"},\"query-input\":{\"@type\":\"PropertyValueSpecification\",\"valueRequired\":true,\"valueName\":\"search_term_string\"}}],\"inLanguage\":\"es\"},{\"@type\":\"Person\",\"@id\":\"http:\/\/elregionalvm.com.ar\/noticias-villa-maria\/#\/schema\/person\/a0fb9c422317faca23d50163151bc354\",\"name\":\"Contenidos El Regional\",\"image\":{\"@type\":\"ImageObject\",\"inLanguage\":\"es\",\"@id\":\"http:\/\/elregionalvm.com.ar\/noticias-villa-maria\/#\/schema\/person\/image\/\",\"url\":\"https:\/\/secure.gravatar.com\/avatar\/265b27cb2209af7bb3a1318f03305787d7981a5cc6e6cd08fe5a4ecdf99d4b48?s=96&d=mm&r=g\",\"contentUrl\":\"https:\/\/secure.gravatar.com\/avatar\/265b27cb2209af7bb3a1318f03305787d7981a5cc6e6cd08fe5a4ecdf99d4b48?s=96&d=mm&r=g\",\"caption\":\"Contenidos El Regional\"},\"url\":\"https:\/\/elregionalvm.com.ar\/noticias-villa-maria\/author\/contenido\/\"}]}<\/script>\n<!-- \/ Yoast SEO plugin. -->","yoast_head_json":{"title":"Llaryora particip\u00f3 de la asunci\u00f3n de las nuevas autoridades de la UNC - El Regional","robots":{"index":"index","follow":"follow","max-snippet":"max-snippet:-1","max-image-preview":"max-image-preview:large","max-video-preview":"max-video-preview:-1"},"canonical":"http:\/\/elregionalvm.com.ar\/noticias-villa-maria\/llaryora-participo-de-la-asuncion-de-las-nuevas-autoridades-de-la-unc\/","og_locale":"es_ES","og_type":"article","og_title":"Llaryora particip\u00f3 de la asunci\u00f3n de las nuevas autoridades de la UNC - El Regional","og_description":"El intendente de la Capital provincial, Mart\u00edn Llaryora, particip\u00f3 del acto de asunci\u00f3n de las nuevas autoridades de la Universidad Nacional de C\u00f3rdoba (UNC), realizado en el auditorio del Pabell\u00f3n Argentina.&nbsp; El jefe comunal dio la bienvenida y salud\u00f3 al flamante rector, John Boretto y a la vicerrectora, Mariela Marchisio, ante quienes reafirm\u00f3 el compromiso [&hellip;]","og_url":"http:\/\/elregionalvm.com.ar\/noticias-villa-maria\/llaryora-participo-de-la-asuncion-de-las-nuevas-autoridades-de-la-unc\/","og_site_name":"El Regional","article_publisher":"https:\/\/www.facebook.com\/elregionalvm","article_published_time":"2022-08-02T19:51:46+00:00","article_modified_time":"2022-08-02T19:51:47+00:00","og_image":[{"width":1217,"height":898,"url":"http:\/\/elregionalvm.com.ar\/noticias-villa-maria\/wp-content\/uploads\/2022\/08\/Llaryora-autoridades-UNC.jpeg","type":"image\/jpeg"}],"author":"Contenidos El Regional","twitter_card":"summary_large_image","twitter_creator":"@elregionalvm1","twitter_site":"@elregionalvm1","twitter_misc":{"Escrito por":"Contenidos El Regional","Tiempo de lectura":"1 minuto"},"schema":{"@context":"https:\/\/schema.org","@graph":[{"@type":"Article","@id":"http:\/\/elregionalvm.com.ar\/noticias-villa-maria\/llaryora-participo-de-la-asuncion-de-las-nuevas-autoridades-de-la-unc\/#article","isPartOf":{"@id":"http:\/\/elregionalvm.com.ar\/noticias-villa-maria\/llaryora-participo-de-la-asuncion-de-las-nuevas-autoridades-de-la-unc\/"},"author":{"name":"Contenidos El Regional","@id":"http:\/\/elregionalvm.com.ar\/noticias-villa-maria\/#\/schema\/person\/a0fb9c422317faca23d50163151bc354"},"headline":"Llaryora particip\u00f3 de la asunci\u00f3n de las nuevas autoridades de la UNC","datePublished":"2022-08-02T19:51:46+00:00","dateModified":"2022-08-02T19:51:47+00:00","mainEntityOfPage":{"@id":"http:\/\/elregionalvm.com.ar\/noticias-villa-maria\/llaryora-participo-de-la-asuncion-de-las-nuevas-autoridades-de-la-unc\/"},"wordCount":196,"commentCount":0,"image":{"@id":"http:\/\/elregionalvm.com.ar\/noticias-villa-maria\/llaryora-participo-de-la-asuncion-de-las-nuevas-autoridades-de-la-unc\/#primaryimage"},"thumbnailUrl":"https:\/\/i0.wp.com\/elregionalvm.com.ar\/noticias-villa-maria\/wp-content\/uploads\/2022\/08\/Llaryora-autoridades-UNC.jpeg?fit=1217%2C898&ssl=1","keywords":["Asunci\u00f3n","autoridades","c\u00f3rdoba","John Boreto","Mart\u00edn Llaryora","rector","Universidad Nacional de C\u00f3rdoba"],"articleSection":["destacado","Provinciales"],"inLanguage":"es","potentialAction":[{"@type":"CommentAction","name":"Comment","target":["http:\/\/elregionalvm.com.ar\/noticias-villa-maria\/llaryora-participo-de-la-asuncion-de-las-nuevas-autoridades-de-la-unc\/#respond"]}]},{"@type":"WebPage","@id":"http:\/\/elregionalvm.com.ar\/noticias-villa-maria\/llaryora-participo-de-la-asuncion-de-las-nuevas-autoridades-de-la-unc\/","url":"http:\/\/elregionalvm.com.ar\/noticias-villa-maria\/llaryora-participo-de-la-asuncion-de-las-nuevas-autoridades-de-la-unc\/","name":"Llaryora particip\u00f3 de la asunci\u00f3n de las nuevas autoridades de la UNC - El Regional","isPartOf":{"@id":"http:\/\/elregionalvm.com.ar\/noticias-villa-maria\/#website"},"primaryImageOfPage":{"@id":"http:\/\/elregionalvm.com.ar\/noticias-villa-maria\/llaryora-participo-de-la-asuncion-de-las-nuevas-autoridades-de-la-unc\/#primaryimage"},"image":{"@id":"http:\/\/elregionalvm.com.ar\/noticias-villa-maria\/llaryora-participo-de-la-asuncion-de-las-nuevas-autoridades-de-la-unc\/#primaryimage"},"thumbnailUrl":"https:\/\/i0.wp.com\/elregionalvm.com.ar\/noticias-villa-maria\/wp-content\/uploads\/2022\/08\/Llaryora-autoridades-UNC.jpeg?fit=1217%2C898&ssl=1","datePublished":"2022-08-02T19:51:46+00:00","dateModified":"2022-08-02T19:51:47+00:00","author":{"@id":"http:\/\/elregionalvm.com.ar\/noticias-villa-maria\/#\/schema\/person\/a0fb9c422317faca23d50163151bc354"},"breadcrumb":{"@id":"http:\/\/elregionalvm.com.ar\/noticias-villa-maria\/llaryora-participo-de-la-asuncion-de-las-nuevas-autoridades-de-la-unc\/#breadcrumb"},"inLanguage":"es","potentialAction":[{"@type":"ReadAction","target":["http:\/\/elregionalvm.com.ar\/noticias-villa-maria\/llaryora-participo-de-la-asuncion-de-las-nuevas-autoridades-de-la-unc\/"]}]},{"@type":"ImageObject","inLanguage":"es","@id":"http:\/\/elregionalvm.com.ar\/noticias-villa-maria\/llaryora-participo-de-la-asuncion-de-las-nuevas-autoridades-de-la-unc\/#primaryimage","url":"https:\/\/i0.wp.com\/elregionalvm.com.ar\/noticias-villa-maria\/wp-content\/uploads\/2022\/08\/Llaryora-autoridades-UNC.jpeg?fit=1217%2C898&ssl=1","contentUrl":"https:\/\/i0.wp.com\/elregionalvm.com.ar\/noticias-villa-maria\/wp-content\/uploads\/2022\/08\/Llaryora-autoridades-UNC.jpeg?fit=1217%2C898&ssl=1","width":1217,"height":898},{"@type":"BreadcrumbList","@id":"http:\/\/elregionalvm.com.ar\/noticias-villa-maria\/llaryora-participo-de-la-asuncion-de-las-nuevas-autoridades-de-la-unc\/#breadcrumb","itemListElement":[{"@type":"ListItem","position":1,"name":"Portada","item":"https:\/\/elregionalvm.com.ar\/noticias-villa-maria\/"},{"@type":"ListItem","position":2,"name":"Llaryora particip\u00f3 de la asunci\u00f3n de las nuevas autoridades de la UNC"}]},{"@type":"WebSite","@id":"http:\/\/elregionalvm.com.ar\/noticias-villa-maria\/#website","url":"http:\/\/elregionalvm.com.ar\/noticias-villa-maria\/","name":"El Regional","description":"Mucho m\u00e1s que informaci\u00f3n","potentialAction":[{"@type":"SearchAction","target":{"@type":"EntryPoint","urlTemplate":"http:\/\/elregionalvm.com.ar\/noticias-villa-maria\/?s={search_term_string}"},"query-input":{"@type":"PropertyValueSpecification","valueRequired":true,"valueName":"search_term_string"}}],"inLanguage":"es"},{"@type":"Person","@id":"http:\/\/elregionalvm.com.ar\/noticias-villa-maria\/#\/schema\/person\/a0fb9c422317faca23d50163151bc354","name":"Contenidos El Regional","image":{"@type":"ImageObject","inLanguage":"es","@id":"http:\/\/elregionalvm.com.ar\/noticias-villa-maria\/#\/schema\/person\/image\/","url":"https:\/\/secure.gravatar.com\/avatar\/265b27cb2209af7bb3a1318f03305787d7981a5cc6e6cd08fe5a4ecdf99d4b48?s=96&d=mm&r=g","contentUrl":"https:\/\/secure.gravatar.com\/avatar\/265b27cb2209af7bb3a1318f03305787d7981a5cc6e6cd08fe5a4ecdf99d4b48?s=96&d=mm&r=g","caption":"Contenidos El Regional"},"url":"https:\/\/elregionalvm.com.ar\/noticias-villa-maria\/author\/contenido\/"}]}},"jetpack_featured_media_url":"https:\/\/i0.wp.com\/elregionalvm.com.ar\/noticias-villa-maria\/wp-content\/uploads\/2022\/08\/Llaryora-autoridades-UNC.jpeg?fit=1217%2C898&ssl=1","jetpack_sharing_enabled":true,"_links":{"self":[{"href":"https:\/\/elregionalvm.com.ar\/noticias-villa-maria\/wp-json\/wp\/v2\/posts\/61695","targetHints":{"allow":["GET"]}}],"collection":[{"href":"https:\/\/elregionalvm.com.ar\/noticias-villa-maria\/wp-json\/wp\/v2\/posts"}],"about":[{"href":"https:\/\/elregionalvm.com.ar\/noticias-villa-maria\/wp-json\/wp\/v2\/types\/post"}],"author":[{"embeddable":true,"href":"https:\/\/elregionalvm.com.ar\/noticias-villa-maria\/wp-json\/wp\/v2\/users\/4"}],"replies":[{"embeddable":true,"href":"https:\/\/elregionalvm.com.ar\/noticias-villa-maria\/wp-json\/wp\/v2\/comments?post=61695"}],"version-history":[{"count":2,"href":"https:\/\/elregionalvm.com.ar\/noticias-villa-maria\/wp-json\/wp\/v2\/posts\/61695\/revisions"}],"predecessor-version":[{"id":61699,"href":"https:\/\/elregionalvm.com.ar\/noticias-villa-maria\/wp-json\/wp\/v2\/posts\/61695\/revisions\/61699"}],"wp:featuredmedia":[{"embeddable":true,"href":"https:\/\/elregionalvm.com.ar\/noticias-villa-maria\/wp-json\/wp\/v2\/media\/61697"}],"wp:attachment":[{"href":"https:\/\/elregionalvm.com.ar\/noticias-villa-maria\/wp-json\/wp\/v2\/media?parent=61695"}],"wp:term":[{"taxonomy":"category","embeddable":true,"href":"https:\/\/elregionalvm.com.ar\/noticias-villa-maria\/wp-json\/wp\/v2\/categories?post=61695"},{"taxonomy":"post_tag","embeddable":true,"href":"https:\/\/elregionalvm.com.ar\/noticias-villa-maria\/wp-json\/wp\/v2\/tags?post=61695"}],"curies":[{"name":"wp","href":"https:\/\/api.w.org\/{rel}","templated":true}]}}