{"id":61704,"date":"2022-08-02T21:08:09","date_gmt":"2022-08-02T21:08:09","guid":{"rendered":"https:\/\/elregionalvm.com.ar\/noticias-villa-maria\/?p=61704"},"modified":"2022-08-02T21:08:11","modified_gmt":"2022-08-02T21:08:11","slug":"bv-alvear-culminan-el-tramo-entre-la-terminal-y-calle-paraguay","status":"publish","type":"post","link":"https:\/\/elregionalvm.com.ar\/noticias-villa-maria\/bv-alvear-culminan-el-tramo-entre-la-terminal-y-calle-paraguay\/","title":{"rendered":"Bv. Alvear: culminan el tramo entre la Terminal y calle Paraguay"},"content":{"rendered":"\n<p>El intendente Mart\u00edn Gill inspeccion\u00f3 las tareas que se llevan a cabo en la pavimentaci\u00f3n de bulevar Alvear, desde la Terminal de \u00d3mnibus hasta barrio Las Playas, obra que potenciar\u00e1 el sector sur de la ciudad, facilitando la circulaci\u00f3n en uno de los principales accesos.<\/p>\n\n\n\n<p>En esta primera etapa, se est\u00e1 culminando con la pavimentaci\u00f3n del tramo comprendido entre la Terminal de \u00d3mnibus y calle Paraguay, intervenci\u00f3n que se acompa\u00f1a con desag\u00fces pluviales y cord\u00f3n cuneta para optimizar el escurrimiento de aguas de lluvia y contribuir a la conservaci\u00f3n de la arteria.<\/p>\n\n\n\n<figure class=\"wp-block-image aligncenter size-large is-resized\"><img data-recalc-dims=\"1\" fetchpriority=\"high\" decoding=\"async\" src=\"https:\/\/i0.wp.com\/elregionalvm.com.ar\/noticias-villa-maria\/wp-content\/uploads\/2022\/08\/WhatsApp-Image-2022-08-02-at-2.31.21-PM-1.jpeg?resize=710%2C473&#038;ssl=1\" alt=\"\" class=\"wp-image-61706\" width=\"710\" height=\"473\" srcset=\"https:\/\/i0.wp.com\/elregionalvm.com.ar\/noticias-villa-maria\/wp-content\/uploads\/2022\/08\/WhatsApp-Image-2022-08-02-at-2.31.21-PM-1.jpeg?resize=1024%2C682&amp;ssl=1 1024w, https:\/\/i0.wp.com\/elregionalvm.com.ar\/noticias-villa-maria\/wp-content\/uploads\/2022\/08\/WhatsApp-Image-2022-08-02-at-2.31.21-PM-1.jpeg?resize=300%2C200&amp;ssl=1 300w, https:\/\/i0.wp.com\/elregionalvm.com.ar\/noticias-villa-maria\/wp-content\/uploads\/2022\/08\/WhatsApp-Image-2022-08-02-at-2.31.21-PM-1.jpeg?resize=768%2C512&amp;ssl=1 768w, https:\/\/i0.wp.com\/elregionalvm.com.ar\/noticias-villa-maria\/wp-content\/uploads\/2022\/08\/WhatsApp-Image-2022-08-02-at-2.31.21-PM-1.jpeg?w=1280&amp;ssl=1 1280w\" sizes=\"(max-width: 710px) 100vw, 710px\" \/><\/figure>\n\n\n\n<p>De esta manera, los avances de obra son significativos, para que una vez conclu\u00edda ser\u00e1 posible la conexi\u00f3n de dicho tramo con el bulevar Espa\u00f1a; y as\u00ed el trazado ser\u00e1 una red que permita conectar los barrios del suroeste con el casco c\u00e9ntrico y los cuatro bulevares.<\/p>\n\n\n\n<p>Vale recordar que la intervenci\u00f3n se encuentra financiada por el Gobierno nacional tras la adhesi\u00f3n del municipio al Programa Movilidad y Accesibilidad Sustentable, que busca la consolidaci\u00f3n de obras de conectividad en sectores urbanos.<\/p>\n\n\n\n<p><\/p>\n","protected":false},"excerpt":{"rendered":"<p>El intendente Mart\u00edn Gill inspeccion\u00f3 las tareas que se llevan a cabo en la pavimentaci\u00f3n de bulevar Alvear, desde la Terminal de \u00d3mnibus hasta barrio Las Playas, obra que potenciar\u00e1 el sector sur de la ciudad, facilitando la circulaci\u00f3n en uno de los principales accesos. En esta primera etapa, se est\u00e1 culminando con la pavimentaci\u00f3n [&hellip;]<\/p>\n","protected":false},"author":4,"featured_media":61705,"comment_status":"open","ping_status":"open","sticky":false,"template":"","format":"standard","meta":{"site-sidebar-layout":"default","site-content-layout":"","ast-site-content-layout":"default","site-content-style":"default","site-sidebar-style":"default","ast-global-header-display":"","ast-banner-title-visibility":"","ast-main-header-display":"","ast-hfb-above-header-display":"","ast-hfb-below-header-display":"","ast-hfb-mobile-header-display":"","site-post-title":"","ast-breadcrumbs-content":"","ast-featured-img":"","footer-sml-layout":"","ast-disable-related-posts":"","theme-transparent-header-meta":"","adv-header-id-meta":"","stick-header-meta":"","header-above-stick-meta":"","header-main-stick-meta":"","header-below-stick-meta":"","astra-migrate-meta-layouts":"default","ast-page-background-enabled":"default","ast-page-background-meta":{"desktop":{"background-color":"","background-image":"","background-repeat":"repeat","background-position":"center center","background-size":"auto","background-attachment":"scroll","background-type":"","background-media":"","overlay-type":"","overlay-color":"","overlay-opacity":"","overlay-gradient":""},"tablet":{"background-color":"","background-image":"","background-repeat":"repeat","background-position":"center center","background-size":"auto","background-attachment":"scroll","background-type":"","background-media":"","overlay-type":"","overlay-color":"","overlay-opacity":"","overlay-gradient":""},"mobile":{"background-color":"","background-image":"","background-repeat":"repeat","background-position":"center center","background-size":"auto","background-attachment":"scroll","background-type":"","background-media":"","overlay-type":"","overlay-color":"","overlay-opacity":"","overlay-gradient":""}},"ast-content-background-meta":{"desktop":{"background-color":"var(--ast-global-color-5)","background-image":"","background-repeat":"repeat","background-position":"center center","background-size":"auto","background-attachment":"scroll","background-type":"","background-media":"","overlay-type":"","overlay-color":"","overlay-opacity":"","overlay-gradient":""},"tablet":{"background-color":"var(--ast-global-color-5)","background-image":"","background-repeat":"repeat","background-position":"center center","background-size":"auto","background-attachment":"scroll","background-type":"","background-media":"","overlay-type":"","overlay-color":"","overlay-opacity":"","overlay-gradient":""},"mobile":{"background-color":"var(--ast-global-color-5)","background-image":"","background-repeat":"repeat","background-position":"center center","background-size":"auto","background-attachment":"scroll","background-type":"","background-media":"","overlay-type":"","overlay-color":"","overlay-opacity":"","overlay-gradient":""}},"_jetpack_memberships_contains_paid_content":false,"_joinchat":[],"footnotes":""},"categories":[15302,2],"tags":[8185,10554,17117,2824,1161,2789,2248],"class_list":["post-61704","post","type-post","status-publish","format-standard","has-post-thumbnail","hentry","category-destacado","category-villa-maria","tag-avance-de-obra","tag-bulevar-alvear","tag-calle-paraguay","tag-martin-gill-2","tag-pavimentacion","tag-terminal-de-omnibus","tag-villa-maria-2"],"yoast_head":"<!-- This site is optimized with the Yoast SEO plugin v26.8 - https:\/\/yoast.com\/product\/yoast-seo-wordpress\/ -->\n<title>Bv. Alvear: culminan el tramo entre la Terminal y calle Paraguay - El Regional<\/title>\n<meta name=\"robots\" content=\"index, follow, max-snippet:-1, max-image-preview:large, max-video-preview:-1\" \/>\n<link rel=\"canonical\" href=\"http:\/\/elregionalvm.com.ar\/noticias-villa-maria\/bv-alvear-culminan-el-tramo-entre-la-terminal-y-calle-paraguay\/\" \/>\n<meta property=\"og:locale\" content=\"es_ES\" \/>\n<meta property=\"og:type\" content=\"article\" \/>\n<meta property=\"og:title\" content=\"Bv. Alvear: culminan el tramo entre la Terminal y calle Paraguay - El Regional\" \/>\n<meta property=\"og:description\" content=\"El intendente Mart\u00edn Gill inspeccion\u00f3 las tareas que se llevan a cabo en la pavimentaci\u00f3n de bulevar Alvear, desde la Terminal de \u00d3mnibus hasta barrio Las Playas, obra que potenciar\u00e1 el sector sur de la ciudad, facilitando la circulaci\u00f3n en uno de los principales accesos. En esta primera etapa, se est\u00e1 culminando con la pavimentaci\u00f3n [&hellip;]\" \/>\n<meta property=\"og:url\" content=\"http:\/\/elregionalvm.com.ar\/noticias-villa-maria\/bv-alvear-culminan-el-tramo-entre-la-terminal-y-calle-paraguay\/\" \/>\n<meta property=\"og:site_name\" content=\"El Regional\" \/>\n<meta property=\"article:publisher\" content=\"https:\/\/www.facebook.com\/elregionalvm\" \/>\n<meta property=\"article:published_time\" content=\"2022-08-02T21:08:09+00:00\" \/>\n<meta property=\"article:modified_time\" content=\"2022-08-02T21:08:11+00:00\" \/>\n<meta property=\"og:image\" content=\"http:\/\/elregionalvm.com.ar\/noticias-villa-maria\/wp-content\/uploads\/2022\/08\/WhatsApp-Image-2022-08-02-at-2.31.21-PM.jpeg\" \/>\n\t<meta property=\"og:image:width\" content=\"1280\" \/>\n\t<meta property=\"og:image:height\" content=\"853\" \/>\n\t<meta property=\"og:image:type\" content=\"image\/jpeg\" \/>\n<meta name=\"author\" content=\"Contenidos El Regional\" \/>\n<meta name=\"twitter:card\" content=\"summary_large_image\" \/>\n<meta name=\"twitter:creator\" content=\"@elregionalvm1\" \/>\n<meta name=\"twitter:site\" content=\"@elregionalvm1\" \/>\n<meta name=\"twitter:label1\" content=\"Escrito por\" \/>\n\t<meta name=\"twitter:data1\" content=\"Contenidos El Regional\" \/>\n\t<meta name=\"twitter:label2\" content=\"Tiempo de lectura\" \/>\n\t<meta name=\"twitter:data2\" content=\"1 minuto\" \/>\n<script type=\"application\/ld+json\" class=\"yoast-schema-graph\">{\"@context\":\"https:\/\/schema.org\",\"@graph\":[{\"@type\":\"Article\",\"@id\":\"http:\/\/elregionalvm.com.ar\/noticias-villa-maria\/bv-alvear-culminan-el-tramo-entre-la-terminal-y-calle-paraguay\/#article\",\"isPartOf\":{\"@id\":\"http:\/\/elregionalvm.com.ar\/noticias-villa-maria\/bv-alvear-culminan-el-tramo-entre-la-terminal-y-calle-paraguay\/\"},\"author\":{\"name\":\"Contenidos El Regional\",\"@id\":\"http:\/\/elregionalvm.com.ar\/noticias-villa-maria\/#\/schema\/person\/a0fb9c422317faca23d50163151bc354\"},\"headline\":\"Bv. Alvear: culminan el tramo entre la Terminal y calle Paraguay\",\"datePublished\":\"2022-08-02T21:08:09+00:00\",\"dateModified\":\"2022-08-02T21:08:11+00:00\",\"mainEntityOfPage\":{\"@id\":\"http:\/\/elregionalvm.com.ar\/noticias-villa-maria\/bv-alvear-culminan-el-tramo-entre-la-terminal-y-calle-paraguay\/\"},\"wordCount\":200,\"commentCount\":0,\"image\":{\"@id\":\"http:\/\/elregionalvm.com.ar\/noticias-villa-maria\/bv-alvear-culminan-el-tramo-entre-la-terminal-y-calle-paraguay\/#primaryimage\"},\"thumbnailUrl\":\"https:\/\/i0.wp.com\/elregionalvm.com.ar\/noticias-villa-maria\/wp-content\/uploads\/2022\/08\/WhatsApp-Image-2022-08-02-at-2.31.21-PM.jpeg?fit=1280%2C853&ssl=1\",\"keywords\":[\"avance de obra\",\"Bulevar Alvear\",\"Calle Paraguay\",\"Martin Gill\",\"Pavimentaci\u00f3n\",\"Terminal de \u00d3mnibus\",\"Villa Mar\u00eda\"],\"articleSection\":[\"destacado\",\"Villa Mar\u00eda\"],\"inLanguage\":\"es\",\"potentialAction\":[{\"@type\":\"CommentAction\",\"name\":\"Comment\",\"target\":[\"http:\/\/elregionalvm.com.ar\/noticias-villa-maria\/bv-alvear-culminan-el-tramo-entre-la-terminal-y-calle-paraguay\/#respond\"]}]},{\"@type\":\"WebPage\",\"@id\":\"http:\/\/elregionalvm.com.ar\/noticias-villa-maria\/bv-alvear-culminan-el-tramo-entre-la-terminal-y-calle-paraguay\/\",\"url\":\"http:\/\/elregionalvm.com.ar\/noticias-villa-maria\/bv-alvear-culminan-el-tramo-entre-la-terminal-y-calle-paraguay\/\",\"name\":\"Bv. Alvear: culminan el tramo entre la Terminal y calle Paraguay - El Regional\",\"isPartOf\":{\"@id\":\"http:\/\/elregionalvm.com.ar\/noticias-villa-maria\/#website\"},\"primaryImageOfPage\":{\"@id\":\"http:\/\/elregionalvm.com.ar\/noticias-villa-maria\/bv-alvear-culminan-el-tramo-entre-la-terminal-y-calle-paraguay\/#primaryimage\"},\"image\":{\"@id\":\"http:\/\/elregionalvm.com.ar\/noticias-villa-maria\/bv-alvear-culminan-el-tramo-entre-la-terminal-y-calle-paraguay\/#primaryimage\"},\"thumbnailUrl\":\"https:\/\/i0.wp.com\/elregionalvm.com.ar\/noticias-villa-maria\/wp-content\/uploads\/2022\/08\/WhatsApp-Image-2022-08-02-at-2.31.21-PM.jpeg?fit=1280%2C853&ssl=1\",\"datePublished\":\"2022-08-02T21:08:09+00:00\",\"dateModified\":\"2022-08-02T21:08:11+00:00\",\"author\":{\"@id\":\"http:\/\/elregionalvm.com.ar\/noticias-villa-maria\/#\/schema\/person\/a0fb9c422317faca23d50163151bc354\"},\"breadcrumb\":{\"@id\":\"http:\/\/elregionalvm.com.ar\/noticias-villa-maria\/bv-alvear-culminan-el-tramo-entre-la-terminal-y-calle-paraguay\/#breadcrumb\"},\"inLanguage\":\"es\",\"potentialAction\":[{\"@type\":\"ReadAction\",\"target\":[\"http:\/\/elregionalvm.com.ar\/noticias-villa-maria\/bv-alvear-culminan-el-tramo-entre-la-terminal-y-calle-paraguay\/\"]}]},{\"@type\":\"ImageObject\",\"inLanguage\":\"es\",\"@id\":\"http:\/\/elregionalvm.com.ar\/noticias-villa-maria\/bv-alvear-culminan-el-tramo-entre-la-terminal-y-calle-paraguay\/#primaryimage\",\"url\":\"https:\/\/i0.wp.com\/elregionalvm.com.ar\/noticias-villa-maria\/wp-content\/uploads\/2022\/08\/WhatsApp-Image-2022-08-02-at-2.31.21-PM.jpeg?fit=1280%2C853&ssl=1\",\"contentUrl\":\"https:\/\/i0.wp.com\/elregionalvm.com.ar\/noticias-villa-maria\/wp-content\/uploads\/2022\/08\/WhatsApp-Image-2022-08-02-at-2.31.21-PM.jpeg?fit=1280%2C853&ssl=1\",\"width\":1280,\"height\":853},{\"@type\":\"BreadcrumbList\",\"@id\":\"http:\/\/elregionalvm.com.ar\/noticias-villa-maria\/bv-alvear-culminan-el-tramo-entre-la-terminal-y-calle-paraguay\/#breadcrumb\",\"itemListElement\":[{\"@type\":\"ListItem\",\"position\":1,\"name\":\"Portada\",\"item\":\"https:\/\/elregionalvm.com.ar\/noticias-villa-maria\/\"},{\"@type\":\"ListItem\",\"position\":2,\"name\":\"Bv. Alvear: culminan el tramo entre la Terminal y calle Paraguay\"}]},{\"@type\":\"WebSite\",\"@id\":\"http:\/\/elregionalvm.com.ar\/noticias-villa-maria\/#website\",\"url\":\"http:\/\/elregionalvm.com.ar\/noticias-villa-maria\/\",\"name\":\"El Regional\",\"description\":\"Mucho m\u00e1s que informaci\u00f3n\",\"potentialAction\":[{\"@type\":\"SearchAction\",\"target\":{\"@type\":\"EntryPoint\",\"urlTemplate\":\"http:\/\/elregionalvm.com.ar\/noticias-villa-maria\/?s={search_term_string}\"},\"query-input\":{\"@type\":\"PropertyValueSpecification\",\"valueRequired\":true,\"valueName\":\"search_term_string\"}}],\"inLanguage\":\"es\"},{\"@type\":\"Person\",\"@id\":\"http:\/\/elregionalvm.com.ar\/noticias-villa-maria\/#\/schema\/person\/a0fb9c422317faca23d50163151bc354\",\"name\":\"Contenidos El Regional\",\"image\":{\"@type\":\"ImageObject\",\"inLanguage\":\"es\",\"@id\":\"http:\/\/elregionalvm.com.ar\/noticias-villa-maria\/#\/schema\/person\/image\/\",\"url\":\"https:\/\/secure.gravatar.com\/avatar\/265b27cb2209af7bb3a1318f03305787d7981a5cc6e6cd08fe5a4ecdf99d4b48?s=96&d=mm&r=g\",\"contentUrl\":\"https:\/\/secure.gravatar.com\/avatar\/265b27cb2209af7bb3a1318f03305787d7981a5cc6e6cd08fe5a4ecdf99d4b48?s=96&d=mm&r=g\",\"caption\":\"Contenidos El Regional\"},\"url\":\"https:\/\/elregionalvm.com.ar\/noticias-villa-maria\/author\/contenido\/\"}]}<\/script>\n<!-- \/ Yoast SEO plugin. -->","yoast_head_json":{"title":"Bv. Alvear: culminan el tramo entre la Terminal y calle Paraguay - El Regional","robots":{"index":"index","follow":"follow","max-snippet":"max-snippet:-1","max-image-preview":"max-image-preview:large","max-video-preview":"max-video-preview:-1"},"canonical":"http:\/\/elregionalvm.com.ar\/noticias-villa-maria\/bv-alvear-culminan-el-tramo-entre-la-terminal-y-calle-paraguay\/","og_locale":"es_ES","og_type":"article","og_title":"Bv. Alvear: culminan el tramo entre la Terminal y calle Paraguay - El Regional","og_description":"El intendente Mart\u00edn Gill inspeccion\u00f3 las tareas que se llevan a cabo en la pavimentaci\u00f3n de bulevar Alvear, desde la Terminal de \u00d3mnibus hasta barrio Las Playas, obra que potenciar\u00e1 el sector sur de la ciudad, facilitando la circulaci\u00f3n en uno de los principales accesos. En esta primera etapa, se est\u00e1 culminando con la pavimentaci\u00f3n [&hellip;]","og_url":"http:\/\/elregionalvm.com.ar\/noticias-villa-maria\/bv-alvear-culminan-el-tramo-entre-la-terminal-y-calle-paraguay\/","og_site_name":"El Regional","article_publisher":"https:\/\/www.facebook.com\/elregionalvm","article_published_time":"2022-08-02T21:08:09+00:00","article_modified_time":"2022-08-02T21:08:11+00:00","og_image":[{"width":1280,"height":853,"url":"http:\/\/elregionalvm.com.ar\/noticias-villa-maria\/wp-content\/uploads\/2022\/08\/WhatsApp-Image-2022-08-02-at-2.31.21-PM.jpeg","type":"image\/jpeg"}],"author":"Contenidos El Regional","twitter_card":"summary_large_image","twitter_creator":"@elregionalvm1","twitter_site":"@elregionalvm1","twitter_misc":{"Escrito por":"Contenidos El Regional","Tiempo de lectura":"1 minuto"},"schema":{"@context":"https:\/\/schema.org","@graph":[{"@type":"Article","@id":"http:\/\/elregionalvm.com.ar\/noticias-villa-maria\/bv-alvear-culminan-el-tramo-entre-la-terminal-y-calle-paraguay\/#article","isPartOf":{"@id":"http:\/\/elregionalvm.com.ar\/noticias-villa-maria\/bv-alvear-culminan-el-tramo-entre-la-terminal-y-calle-paraguay\/"},"author":{"name":"Contenidos El Regional","@id":"http:\/\/elregionalvm.com.ar\/noticias-villa-maria\/#\/schema\/person\/a0fb9c422317faca23d50163151bc354"},"headline":"Bv. Alvear: culminan el tramo entre la Terminal y calle Paraguay","datePublished":"2022-08-02T21:08:09+00:00","dateModified":"2022-08-02T21:08:11+00:00","mainEntityOfPage":{"@id":"http:\/\/elregionalvm.com.ar\/noticias-villa-maria\/bv-alvear-culminan-el-tramo-entre-la-terminal-y-calle-paraguay\/"},"wordCount":200,"commentCount":0,"image":{"@id":"http:\/\/elregionalvm.com.ar\/noticias-villa-maria\/bv-alvear-culminan-el-tramo-entre-la-terminal-y-calle-paraguay\/#primaryimage"},"thumbnailUrl":"https:\/\/i0.wp.com\/elregionalvm.com.ar\/noticias-villa-maria\/wp-content\/uploads\/2022\/08\/WhatsApp-Image-2022-08-02-at-2.31.21-PM.jpeg?fit=1280%2C853&ssl=1","keywords":["avance de obra","Bulevar Alvear","Calle Paraguay","Martin Gill","Pavimentaci\u00f3n","Terminal de \u00d3mnibus","Villa Mar\u00eda"],"articleSection":["destacado","Villa Mar\u00eda"],"inLanguage":"es","potentialAction":[{"@type":"CommentAction","name":"Comment","target":["http:\/\/elregionalvm.com.ar\/noticias-villa-maria\/bv-alvear-culminan-el-tramo-entre-la-terminal-y-calle-paraguay\/#respond"]}]},{"@type":"WebPage","@id":"http:\/\/elregionalvm.com.ar\/noticias-villa-maria\/bv-alvear-culminan-el-tramo-entre-la-terminal-y-calle-paraguay\/","url":"http:\/\/elregionalvm.com.ar\/noticias-villa-maria\/bv-alvear-culminan-el-tramo-entre-la-terminal-y-calle-paraguay\/","name":"Bv. Alvear: culminan el tramo entre la Terminal y calle Paraguay - El Regional","isPartOf":{"@id":"http:\/\/elregionalvm.com.ar\/noticias-villa-maria\/#website"},"primaryImageOfPage":{"@id":"http:\/\/elregionalvm.com.ar\/noticias-villa-maria\/bv-alvear-culminan-el-tramo-entre-la-terminal-y-calle-paraguay\/#primaryimage"},"image":{"@id":"http:\/\/elregionalvm.com.ar\/noticias-villa-maria\/bv-alvear-culminan-el-tramo-entre-la-terminal-y-calle-paraguay\/#primaryimage"},"thumbnailUrl":"https:\/\/i0.wp.com\/elregionalvm.com.ar\/noticias-villa-maria\/wp-content\/uploads\/2022\/08\/WhatsApp-Image-2022-08-02-at-2.31.21-PM.jpeg?fit=1280%2C853&ssl=1","datePublished":"2022-08-02T21:08:09+00:00","dateModified":"2022-08-02T21:08:11+00:00","author":{"@id":"http:\/\/elregionalvm.com.ar\/noticias-villa-maria\/#\/schema\/person\/a0fb9c422317faca23d50163151bc354"},"breadcrumb":{"@id":"http:\/\/elregionalvm.com.ar\/noticias-villa-maria\/bv-alvear-culminan-el-tramo-entre-la-terminal-y-calle-paraguay\/#breadcrumb"},"inLanguage":"es","potentialAction":[{"@type":"ReadAction","target":["http:\/\/elregionalvm.com.ar\/noticias-villa-maria\/bv-alvear-culminan-el-tramo-entre-la-terminal-y-calle-paraguay\/"]}]},{"@type":"ImageObject","inLanguage":"es","@id":"http:\/\/elregionalvm.com.ar\/noticias-villa-maria\/bv-alvear-culminan-el-tramo-entre-la-terminal-y-calle-paraguay\/#primaryimage","url":"https:\/\/i0.wp.com\/elregionalvm.com.ar\/noticias-villa-maria\/wp-content\/uploads\/2022\/08\/WhatsApp-Image-2022-08-02-at-2.31.21-PM.jpeg?fit=1280%2C853&ssl=1","contentUrl":"https:\/\/i0.wp.com\/elregionalvm.com.ar\/noticias-villa-maria\/wp-content\/uploads\/2022\/08\/WhatsApp-Image-2022-08-02-at-2.31.21-PM.jpeg?fit=1280%2C853&ssl=1","width":1280,"height":853},{"@type":"BreadcrumbList","@id":"http:\/\/elregionalvm.com.ar\/noticias-villa-maria\/bv-alvear-culminan-el-tramo-entre-la-terminal-y-calle-paraguay\/#breadcrumb","itemListElement":[{"@type":"ListItem","position":1,"name":"Portada","item":"https:\/\/elregionalvm.com.ar\/noticias-villa-maria\/"},{"@type":"ListItem","position":2,"name":"Bv. Alvear: culminan el tramo entre la Terminal y calle Paraguay"}]},{"@type":"WebSite","@id":"http:\/\/elregionalvm.com.ar\/noticias-villa-maria\/#website","url":"http:\/\/elregionalvm.com.ar\/noticias-villa-maria\/","name":"El Regional","description":"Mucho m\u00e1s que informaci\u00f3n","potentialAction":[{"@type":"SearchAction","target":{"@type":"EntryPoint","urlTemplate":"http:\/\/elregionalvm.com.ar\/noticias-villa-maria\/?s={search_term_string}"},"query-input":{"@type":"PropertyValueSpecification","valueRequired":true,"valueName":"search_term_string"}}],"inLanguage":"es"},{"@type":"Person","@id":"http:\/\/elregionalvm.com.ar\/noticias-villa-maria\/#\/schema\/person\/a0fb9c422317faca23d50163151bc354","name":"Contenidos El Regional","image":{"@type":"ImageObject","inLanguage":"es","@id":"http:\/\/elregionalvm.com.ar\/noticias-villa-maria\/#\/schema\/person\/image\/","url":"https:\/\/secure.gravatar.com\/avatar\/265b27cb2209af7bb3a1318f03305787d7981a5cc6e6cd08fe5a4ecdf99d4b48?s=96&d=mm&r=g","contentUrl":"https:\/\/secure.gravatar.com\/avatar\/265b27cb2209af7bb3a1318f03305787d7981a5cc6e6cd08fe5a4ecdf99d4b48?s=96&d=mm&r=g","caption":"Contenidos El Regional"},"url":"https:\/\/elregionalvm.com.ar\/noticias-villa-maria\/author\/contenido\/"}]}},"jetpack_featured_media_url":"https:\/\/i0.wp.com\/elregionalvm.com.ar\/noticias-villa-maria\/wp-content\/uploads\/2022\/08\/WhatsApp-Image-2022-08-02-at-2.31.21-PM.jpeg?fit=1280%2C853&ssl=1","jetpack_sharing_enabled":true,"_links":{"self":[{"href":"https:\/\/elregionalvm.com.ar\/noticias-villa-maria\/wp-json\/wp\/v2\/posts\/61704","targetHints":{"allow":["GET"]}}],"collection":[{"href":"https:\/\/elregionalvm.com.ar\/noticias-villa-maria\/wp-json\/wp\/v2\/posts"}],"about":[{"href":"https:\/\/elregionalvm.com.ar\/noticias-villa-maria\/wp-json\/wp\/v2\/types\/post"}],"author":[{"embeddable":true,"href":"https:\/\/elregionalvm.com.ar\/noticias-villa-maria\/wp-json\/wp\/v2\/users\/4"}],"replies":[{"embeddable":true,"href":"https:\/\/elregionalvm.com.ar\/noticias-villa-maria\/wp-json\/wp\/v2\/comments?post=61704"}],"version-history":[{"count":1,"href":"https:\/\/elregionalvm.com.ar\/noticias-villa-maria\/wp-json\/wp\/v2\/posts\/61704\/revisions"}],"predecessor-version":[{"id":61707,"href":"https:\/\/elregionalvm.com.ar\/noticias-villa-maria\/wp-json\/wp\/v2\/posts\/61704\/revisions\/61707"}],"wp:featuredmedia":[{"embeddable":true,"href":"https:\/\/elregionalvm.com.ar\/noticias-villa-maria\/wp-json\/wp\/v2\/media\/61705"}],"wp:attachment":[{"href":"https:\/\/elregionalvm.com.ar\/noticias-villa-maria\/wp-json\/wp\/v2\/media?parent=61704"}],"wp:term":[{"taxonomy":"category","embeddable":true,"href":"https:\/\/elregionalvm.com.ar\/noticias-villa-maria\/wp-json\/wp\/v2\/categories?post=61704"},{"taxonomy":"post_tag","embeddable":true,"href":"https:\/\/elregionalvm.com.ar\/noticias-villa-maria\/wp-json\/wp\/v2\/tags?post=61704"}],"curies":[{"name":"wp","href":"https:\/\/api.w.org\/{rel}","templated":true}]}}