{"id":61718,"date":"2022-08-02T23:14:43","date_gmt":"2022-08-02T23:14:43","guid":{"rendered":"https:\/\/elregionalvm.com.ar\/noticias-villa-maria\/?p=61718"},"modified":"2022-08-02T23:14:44","modified_gmt":"2022-08-02T23:14:44","slug":"schiaretti-en-carrilobo-queremos-que-el-gobierno-nacional-le-saque-el-pie-de-encima-al-campo-y-a-la-produccion-del-interior","status":"publish","type":"post","link":"https:\/\/elregionalvm.com.ar\/noticias-villa-maria\/schiaretti-en-carrilobo-queremos-que-el-gobierno-nacional-le-saque-el-pie-de-encima-al-campo-y-a-la-produccion-del-interior\/","title":{"rendered":"Schiaretti en Carrilobo: \u00abQueremos que el gobierno nacional le saque el pie de encima al campo y a la producci\u00f3n del interior\u00bb"},"content":{"rendered":"\n<p>El gobernador\u00a0<strong>Juan Schiaretti<\/strong>\u00a0estuvo hoy en el departamento R\u00edo Segundo donde dej\u00f3 habilitada la obra completa de la\u00a0<strong>pavimentaci\u00f3n del camino de la red vial secundaria S-390<\/strong>,\u00a0<strong>entre Calch\u00edn Oeste y Carrilobo.<\/strong><\/p>\n\n\n\n<p>Durante su discurso y en presencia de integrantes de la Mesa de Enlace y productores de la regi\u00f3n, el gobernador se refiri\u00f3 a distintos temas que afectan de manera directa a ese\u00a0<strong>sector productivo primario<\/strong>:\u00a0<em>\u201cQueremos que el Gobierno nacional le saque el pie de encima al campo y a la producci\u00f3n del interior de la Patria\u201d<\/em>.\u00a0<\/p>\n\n\n\n<p><em>\u201cNosotros somos federales y defendemos a los que producen y a los que trabajan porque son los que permiten que los argentinos\u00a0consumamos y son los que nos traen divisas genuinas a nuestra Patria. Por eso, seguiremos defendiendo al campo con u\u00f1as y dientes; por eso seguiremos defendiendo la producci\u00f3n como corresponde\u201d<\/em>, expres\u00f3 Schiaretti.<audio src=\"https:\/\/prensa.cba.gov.ar\/wp-content\/uploads\/2022\/08\/Audio-Schiaretti-02-08.mp3\"><\/p>\n\n\n\n<figure class=\"wp-block-image\"><img data-recalc-dims=\"1\" decoding=\"async\" src=\"https:\/\/i0.wp.com\/prensa.cba.gov.ar\/wp-content\/uploads\/2022\/08\/MG_4483.jpg?ssl=1\" alt=\"\" class=\"wp-image-510366\" \/><\/figure>\n\n\n\n<p>El gobernador hizo especial referencia a las&nbsp;<strong>retenciones<\/strong>&nbsp;que aplica la Naci\u00f3n a la exportaci\u00f3n agropecuaria y que alcanzan los&nbsp;<strong>270 mil millones de pesos<\/strong>&nbsp;anuales:&nbsp;<em>\u201cSe imaginan cu\u00e1nto m\u00e1s podr\u00edamos hacer si no nos metieran la mano en el bolsillo a los cordobeses y a los productores agropecuarios desde el Estado nacional, si no tuvi\u00e9ramos que ponerle al tesoro tantos miles de millones de pesos en concepto de retenci\u00f3n a las exportaciones agropecuarias\u201d<\/em>.<\/p>\n\n\n\n<p>En el mismo sentido, habl\u00f3 del&nbsp;<strong>cepo a la exportaci\u00f3n de carne<\/strong>:&nbsp;<em>\u201cLo \u00fanico que consigui\u00f3 el Gobierno nacional es que los argentinos consumamos menos carne que otros productos y que el precio de la carne est\u00e9 por las nubes en la mesa de los argentinos\u201d<\/em>.<\/p>\n\n\n\n<p>El gobernador critic\u00f3 tambi\u00e9n la medida de reducir el componente de&nbsp;<strong>biocombustible<\/strong>&nbsp;en los cortes a las naftas f\u00f3siles:&nbsp;<em>\u201cEs a contramano de lo que hace todo el mundo, perjudicando a los productores del biocombustible de C\u00f3rdoba, de Santa Fe y de otras provincias argentinas. \u00bfY qu\u00e9 es lo que consiguieron? que faltara gasoil\u201d.<\/em><\/p>\n\n\n\n<p><em>\u201cLos de C\u00f3rdoba planteamos que se aumente el corte de los biocombustibles hasta un 20% para que vayamos de la misma forma que Brasil, Uruguay y Estados Unidos, d\u00e1ndole m\u00e1s valor a la producci\u00f3n\u201d,<\/em>&nbsp;a\u00f1adi\u00f3.<\/p>\n\n\n\n<figure class=\"wp-block-image\"><img data-recalc-dims=\"1\" decoding=\"async\" src=\"https:\/\/i0.wp.com\/prensa.cba.gov.ar\/wp-content\/uploads\/2022\/08\/MG_4318.jpg?ssl=1\" alt=\"\" class=\"wp-image-510354\" \/><\/figure>\n\n\n\n<h3 class=\"wp-block-heading\"><strong>Camino habilitado<\/strong><\/h3>\n\n\n\n<p>La obra habilitada hoy por el gobernador constituye un&nbsp;<strong>corredor productivo de alto tr\u00e1nsito de veh\u00edculos pesados<\/strong>&nbsp;y es nexo fundamental para la comunicaci\u00f3n entre las poblaciones para actividades sociales, culturales, deportivas y de salud, entre otras.<\/p>\n\n\n\n<p>Se trata de la&nbsp;<strong>pavimentaci\u00f3n del camino de la red vial secundaria S-390, entre Calch\u00edn Oeste y Carrilobo.<\/strong><\/p>\n\n\n\n<p>Los trabajos realizados en los&nbsp;<strong>18 kil\u00f3metros<\/strong>&nbsp;de la v\u00eda se ejecutaron a trav\u00e9s del&nbsp;<strong>Consorcio Caminero \u00danico<\/strong>, conformado por el Estado provincial y las entidades representativas del campo.<\/p>\n\n\n\n<figure class=\"wp-block-image\"><img data-recalc-dims=\"1\" decoding=\"async\" src=\"https:\/\/i0.wp.com\/prensa.cba.gov.ar\/wp-content\/uploads\/2022\/08\/WhatsApp-Image-2022-08-02-at-10.47.03-AM.jpeg?ssl=1\" alt=\"\" class=\"wp-image-510355\" \/><\/figure>\n\n\n\n<p><em>\u201cEsta ruta es el resultado del trabajo conjunto del Gobierno provincial y los productores agropecuarios. Estoy muy contento porque es la expresi\u00f3n de que ac\u00e1, en C\u00f3rdoba, se trabaja juntos: el campo con el Gobierno provincial y tambi\u00e9n con los gobiernos municipales\u201d<\/em>, se\u00f1al\u00f3 el gobernador.<\/p>\n\n\n\n<p>Acompa\u00f1aron al gobernador los representantes de la Mesa de Enlace de C\u00f3rdoba: Agust\u00edn Pizzichini, por la Federaci\u00f3n Agraria; Gabriel De Raedemaeker, por la Confederaci\u00f3n Rural Argentina; Alejandro Buttiero, por Coninagro; Javier Rotondo, por Cartez; y Guillermo Vitelli, por la Sociedad Rural.<\/p>\n\n\n\n<p>Por su parte,&nbsp;<strong>Agust\u00edn Pizzichini<\/strong>&nbsp;agradeci\u00f3 a los productores que aportaron para la obra:<em>&nbsp;\u201cEsta es una apuesta muy fuerte del gobernador y de la Mesa de Enlace. El gobernador deposit\u00f3 en nosotros una confianza que no cualquiera lo hace. Esta es una m\u00e1s de las 16 obras que est\u00e1n en marcha y de los 140 pedidos que tenemos. Y se hacen en conjunto entre los productores y el Gobierno, de forma p\u00fablico-privada. Ojal\u00e1 el gobernador pueda trasladar a nivel nacional esto que estamos haciendo en C\u00f3rdoba\u201d.<\/em><\/p>\n\n\n\n<figure class=\"wp-block-image\"><img data-recalc-dims=\"1\" decoding=\"async\" src=\"https:\/\/i0.wp.com\/prensa.cba.gov.ar\/wp-content\/uploads\/2022\/08\/MG_4669-copia.jpg?ssl=1\" alt=\"\" class=\"wp-image-510360\" \/><\/figure>\n\n\n\n<p><strong>El sistema se basa en la concertaci\u00f3n p\u00fablico-privada<\/strong>, con aportes de productores agropecuarios que obtienen r\u00e9ditos por el mejoramiento del camino y la Provincia. Se trata de un fondo espec\u00edfico para pavimentar caminos rurales. Al respecto dijo:&nbsp;<em>\u201cTenemos 220 kil\u00f3metros ya paviment\u00e1ndose en toda la geograf\u00eda provincial y seguramente el a\u00f1o que viene tendremos m\u00e1s y as\u00ed en el futuro, porque esta es la manera de progresar, trabajando juntos\u201d<\/em>.<\/p>\n\n\n\n<p>El monto de inversi\u00f3n total de la obra ascendi\u00f3 a&nbsp;<strong>553.188.171 pesos. Participaron con su aporte 280 productores agropecuarios<\/strong>. Se ver\u00e1n beneficiadas<strong>&nbsp;19.712 hect\u00e1reas<\/strong>, al contar con mejores caminos para la circulaci\u00f3n de la producci\u00f3n.<\/p>\n\n\n\n<p>Estuvieron presentes los intendentes de Carrilobo, Daniel Tappero; de Calch\u00edn Oeste, N\u00e9stor Bossio; los ministros de Obras P\u00fablicas, Ricardo Sosa; y de Agricultura y Ganader\u00eda, Sergio Busso; el director de Vialidad Provincial, Mart\u00edn Guti\u00e9rrez; y el legislador Francisco Fortuna.<\/p>\n\n\n\n<p>A su turno, el&nbsp;<strong>intendente de Carrilobo<\/strong>&nbsp;se\u00f1al\u00f3:<em>&nbsp;\u201cCon esta obra quedan en evidencia dos cosas: primero, que cuando todos nos ponemos la misma camiseta, en este caso dos localidades, una Mesa de Enlace y distintos entes, logramos grandes cosas. Y lo segundo, que ac\u00e1 en C\u00f3rdoba queda claro que el federalismo no es algo de la boca para afuera, sino que se pr\u00e1ctica cada d\u00eda. Somos dos intendentes que no pertenecemos al mismo espacio pol\u00edtico del gobernador, y aqu\u00ed se trajo una soluci\u00f3n como a cualquier otro punto de la provincia\u201d.<\/em><\/p>\n\n\n\n<p><strong>N\u00e9stor Bossio, intendente de Calch\u00edn Oeste<\/strong>, tambi\u00e9n agradeci\u00f3 el hecho de trabajar<em>&nbsp;\u201csin colores pol\u00edticos y todos por igual\u201d. \u201cEsto es un anhelo que hace muchos a\u00f1os se estaba esperando y hoy es un hecho\u201d,&nbsp;<\/em>a\u00f1adi\u00f3.<\/p>\n\n\n\n<figure class=\"wp-block-image\"><img data-recalc-dims=\"1\" decoding=\"async\" src=\"https:\/\/i0.wp.com\/prensa.cba.gov.ar\/wp-content\/uploads\/2022\/08\/MG_4443-copia.jpg?ssl=1\" alt=\"\" class=\"wp-image-510364\" \/><\/figure>\n\n\n\n<h3 class=\"wp-block-heading\"><strong>M\u00e1s obras para la regi\u00f3n<\/strong><\/h3>\n\n\n\n<p>En otro momento de su discurso, el gobernador anunci\u00f3 la construcci\u00f3n de&nbsp;<em>\u201cun arco fenomenal de m\u00e1s de 100 kil\u00f3metros que va a estar pavimentado para unir a los habitantes de esta regi\u00f3n de la provincia y para poder sacar la producci\u00f3n de nuestros chacareros\u201d<\/em>.<\/p>\n\n\n\n<p><em>\u201cEs un corredor que va a estar pavimentado, fenomenal, en esta regi\u00f3n tan productiva. Arrancamos desde Oncativo a Colonia Videla. En dos meses m\u00e1s estaremos terminando Colonia Videla -Ruta 10. Ahora empezamos Ruta 10- &nbsp;Calch\u00edn Oeste; terminamos aqu\u00ed Calch\u00edn Oeste \u2013Carrilobo. Vamos hasta Pozo del Molle y ya estamos haciendo, por el sistema tambi\u00e9n del Consorcio \u00danico, desde Pozo del Molle hasta Los Ucles, en la Ruta 3\u201d<\/em>, concluy\u00f3.<\/p>\n\n\n\n<p>La nueva v\u00eda tambi\u00e9n se realizar\u00e1 de manera conjunta entre el Gobierno de C\u00f3rdoba y el sector agropecuario.<\/p>\n","protected":false},"excerpt":{"rendered":"<p>El gobernador\u00a0Juan Schiaretti\u00a0estuvo hoy en el departamento R\u00edo Segundo donde dej\u00f3 habilitada la obra completa de la\u00a0pavimentaci\u00f3n del camino de la red vial secundaria S-390,\u00a0entre Calch\u00edn Oeste y Carrilobo. Durante su discurso y en presencia de integrantes de la Mesa de Enlace y productores de la regi\u00f3n, el gobernador se refiri\u00f3 a distintos temas que [&hellip;]<\/p>\n","protected":false},"author":4,"featured_media":61719,"comment_status":"open","ping_status":"open","sticky":false,"template":"","format":"standard","meta":{"site-sidebar-layout":"default","site-content-layout":"","ast-site-content-layout":"default","site-content-style":"default","site-sidebar-style":"default","ast-global-header-display":"","ast-banner-title-visibility":"","ast-main-header-display":"","ast-hfb-above-header-display":"","ast-hfb-below-header-display":"","ast-hfb-mobile-header-display":"","site-post-title":"","ast-breadcrumbs-content":"","ast-featured-img":"","footer-sml-layout":"","ast-disable-related-posts":"","theme-transparent-header-meta":"","adv-header-id-meta":"","stick-header-meta":"","header-above-stick-meta":"","header-main-stick-meta":"","header-below-stick-meta":"","astra-migrate-meta-layouts":"default","ast-page-background-enabled":"default","ast-page-background-meta":{"desktop":{"background-color":"","background-image":"","background-repeat":"repeat","background-position":"center center","background-size":"auto","background-attachment":"scroll","background-type":"","background-media":"","overlay-type":"","overlay-color":"","overlay-opacity":"","overlay-gradient":""},"tablet":{"background-color":"","background-image":"","background-repeat":"repeat","background-position":"center center","background-size":"auto","background-attachment":"scroll","background-type":"","background-media":"","overlay-type":"","overlay-color":"","overlay-opacity":"","overlay-gradient":""},"mobile":{"background-color":"","background-image":"","background-repeat":"repeat","background-position":"center center","background-size":"auto","background-attachment":"scroll","background-type":"","background-media":"","overlay-type":"","overlay-color":"","overlay-opacity":"","overlay-gradient":""}},"ast-content-background-meta":{"desktop":{"background-color":"var(--ast-global-color-5)","background-image":"","background-repeat":"repeat","background-position":"center center","background-size":"auto","background-attachment":"scroll","background-type":"","background-media":"","overlay-type":"","overlay-color":"","overlay-opacity":"","overlay-gradient":""},"tablet":{"background-color":"var(--ast-global-color-5)","background-image":"","background-repeat":"repeat","background-position":"center center","background-size":"auto","background-attachment":"scroll","background-type":"","background-media":"","overlay-type":"","overlay-color":"","overlay-opacity":"","overlay-gradient":""},"mobile":{"background-color":"var(--ast-global-color-5)","background-image":"","background-repeat":"repeat","background-position":"center center","background-size":"auto","background-attachment":"scroll","background-type":"","background-media":"","overlay-type":"","overlay-color":"","overlay-opacity":"","overlay-gradient":""}},"_jetpack_memberships_contains_paid_content":false,"_joinchat":[],"footnotes":""},"categories":[15302,2091],"tags":[17123,782,1161,2403,913,17124,164,4316,17125],"class_list":["post-61718","post","type-post","status-publish","format-standard","has-post-thumbnail","hentry","category-destacado","category-region","tag-calchin-oeste","tag-carrilobo","tag-pavimentacion","tag-provincia-de-cordoba","tag-regionales","tag-ruta-secundaria","tag-schiaretti","tag-sector-productivo","tag-schiaretti-2"],"yoast_head":"<!-- This site is optimized with the Yoast SEO plugin v26.8 - https:\/\/yoast.com\/product\/yoast-seo-wordpress\/ -->\n<title>Schiaretti en Carrilobo: &quot;Queremos que el gobierno nacional le saque el pie de encima al campo y a la producci\u00f3n del interior&quot; - El Regional<\/title>\n<meta name=\"robots\" content=\"index, follow, max-snippet:-1, max-image-preview:large, max-video-preview:-1\" \/>\n<link rel=\"canonical\" href=\"http:\/\/elregionalvm.com.ar\/noticias-villa-maria\/schiaretti-en-carrilobo-queremos-que-el-gobierno-nacional-le-saque-el-pie-de-encima-al-campo-y-a-la-produccion-del-interior\/\" \/>\n<meta property=\"og:locale\" content=\"es_ES\" \/>\n<meta property=\"og:type\" content=\"article\" \/>\n<meta property=\"og:title\" content=\"Schiaretti en Carrilobo: &quot;Queremos que el gobierno nacional le saque el pie de encima al campo y a la producci\u00f3n del interior&quot; - El Regional\" \/>\n<meta property=\"og:description\" content=\"El gobernador\u00a0Juan Schiaretti\u00a0estuvo hoy en el departamento R\u00edo Segundo donde dej\u00f3 habilitada la obra completa de la\u00a0pavimentaci\u00f3n del camino de la red vial secundaria S-390,\u00a0entre Calch\u00edn Oeste y Carrilobo. Durante su discurso y en presencia de integrantes de la Mesa de Enlace y productores de la regi\u00f3n, el gobernador se refiri\u00f3 a distintos temas que [&hellip;]\" \/>\n<meta property=\"og:url\" content=\"http:\/\/elregionalvm.com.ar\/noticias-villa-maria\/schiaretti-en-carrilobo-queremos-que-el-gobierno-nacional-le-saque-el-pie-de-encima-al-campo-y-a-la-produccion-del-interior\/\" \/>\n<meta property=\"og:site_name\" content=\"El Regional\" \/>\n<meta property=\"article:publisher\" content=\"https:\/\/www.facebook.com\/elregionalvm\" \/>\n<meta property=\"article:published_time\" content=\"2022-08-02T23:14:43+00:00\" \/>\n<meta property=\"article:modified_time\" content=\"2022-08-02T23:14:44+00:00\" \/>\n<meta property=\"og:image\" content=\"http:\/\/elregionalvm.com.ar\/noticias-villa-maria\/wp-content\/uploads\/2022\/08\/Schiaretti-e-Carrilobo.jpg\" \/>\n\t<meta property=\"og:image:width\" content=\"2400\" \/>\n\t<meta property=\"og:image:height\" content=\"1600\" \/>\n\t<meta property=\"og:image:type\" content=\"image\/jpeg\" \/>\n<meta name=\"author\" content=\"Contenidos El Regional\" \/>\n<meta name=\"twitter:card\" content=\"summary_large_image\" \/>\n<meta name=\"twitter:creator\" content=\"@elregionalvm1\" \/>\n<meta name=\"twitter:site\" content=\"@elregionalvm1\" \/>\n<meta name=\"twitter:label1\" content=\"Escrito por\" \/>\n\t<meta name=\"twitter:data1\" content=\"Contenidos El Regional\" \/>\n\t<meta name=\"twitter:label2\" content=\"Tiempo de lectura\" \/>\n\t<meta name=\"twitter:data2\" content=\"6 minutos\" \/>\n<script type=\"application\/ld+json\" class=\"yoast-schema-graph\">{\"@context\":\"https:\/\/schema.org\",\"@graph\":[{\"@type\":\"Article\",\"@id\":\"http:\/\/elregionalvm.com.ar\/noticias-villa-maria\/schiaretti-en-carrilobo-queremos-que-el-gobierno-nacional-le-saque-el-pie-de-encima-al-campo-y-a-la-produccion-del-interior\/#article\",\"isPartOf\":{\"@id\":\"http:\/\/elregionalvm.com.ar\/noticias-villa-maria\/schiaretti-en-carrilobo-queremos-que-el-gobierno-nacional-le-saque-el-pie-de-encima-al-campo-y-a-la-produccion-del-interior\/\"},\"author\":{\"name\":\"Contenidos El Regional\",\"@id\":\"http:\/\/elregionalvm.com.ar\/noticias-villa-maria\/#\/schema\/person\/a0fb9c422317faca23d50163151bc354\"},\"headline\":\"Schiaretti en Carrilobo: \u00abQueremos que el gobierno nacional le saque el pie de encima al campo y a la producci\u00f3n del interior\u00bb\",\"datePublished\":\"2022-08-02T23:14:43+00:00\",\"dateModified\":\"2022-08-02T23:14:44+00:00\",\"mainEntityOfPage\":{\"@id\":\"http:\/\/elregionalvm.com.ar\/noticias-villa-maria\/schiaretti-en-carrilobo-queremos-que-el-gobierno-nacional-le-saque-el-pie-de-encima-al-campo-y-a-la-produccion-del-interior\/\"},\"wordCount\":1153,\"commentCount\":0,\"image\":{\"@id\":\"http:\/\/elregionalvm.com.ar\/noticias-villa-maria\/schiaretti-en-carrilobo-queremos-que-el-gobierno-nacional-le-saque-el-pie-de-encima-al-campo-y-a-la-produccion-del-interior\/#primaryimage\"},\"thumbnailUrl\":\"https:\/\/i0.wp.com\/elregionalvm.com.ar\/noticias-villa-maria\/wp-content\/uploads\/2022\/08\/Schiaretti-e-Carrilobo.jpg?fit=2400%2C1600&ssl=1\",\"keywords\":[\"Calch\u00edn Oeste\",\"Carrilobo\",\"Pavimentaci\u00f3n\",\"Provincia de C\u00f3rdoba\",\"regionales\",\"ruta secundaria\",\"Schiaretti\",\"sector productivo\",\"\u00b4Schiaretti\"],\"articleSection\":[\"destacado\",\"Regi\u00f3n\"],\"inLanguage\":\"es\",\"potentialAction\":[{\"@type\":\"CommentAction\",\"name\":\"Comment\",\"target\":[\"http:\/\/elregionalvm.com.ar\/noticias-villa-maria\/schiaretti-en-carrilobo-queremos-que-el-gobierno-nacional-le-saque-el-pie-de-encima-al-campo-y-a-la-produccion-del-interior\/#respond\"]}]},{\"@type\":\"WebPage\",\"@id\":\"http:\/\/elregionalvm.com.ar\/noticias-villa-maria\/schiaretti-en-carrilobo-queremos-que-el-gobierno-nacional-le-saque-el-pie-de-encima-al-campo-y-a-la-produccion-del-interior\/\",\"url\":\"http:\/\/elregionalvm.com.ar\/noticias-villa-maria\/schiaretti-en-carrilobo-queremos-que-el-gobierno-nacional-le-saque-el-pie-de-encima-al-campo-y-a-la-produccion-del-interior\/\",\"name\":\"Schiaretti en Carrilobo: \\\"Queremos que el gobierno nacional le saque el pie de encima al campo y a la producci\u00f3n del interior\\\" - El Regional\",\"isPartOf\":{\"@id\":\"http:\/\/elregionalvm.com.ar\/noticias-villa-maria\/#website\"},\"primaryImageOfPage\":{\"@id\":\"http:\/\/elregionalvm.com.ar\/noticias-villa-maria\/schiaretti-en-carrilobo-queremos-que-el-gobierno-nacional-le-saque-el-pie-de-encima-al-campo-y-a-la-produccion-del-interior\/#primaryimage\"},\"image\":{\"@id\":\"http:\/\/elregionalvm.com.ar\/noticias-villa-maria\/schiaretti-en-carrilobo-queremos-que-el-gobierno-nacional-le-saque-el-pie-de-encima-al-campo-y-a-la-produccion-del-interior\/#primaryimage\"},\"thumbnailUrl\":\"https:\/\/i0.wp.com\/elregionalvm.com.ar\/noticias-villa-maria\/wp-content\/uploads\/2022\/08\/Schiaretti-e-Carrilobo.jpg?fit=2400%2C1600&ssl=1\",\"datePublished\":\"2022-08-02T23:14:43+00:00\",\"dateModified\":\"2022-08-02T23:14:44+00:00\",\"author\":{\"@id\":\"http:\/\/elregionalvm.com.ar\/noticias-villa-maria\/#\/schema\/person\/a0fb9c422317faca23d50163151bc354\"},\"breadcrumb\":{\"@id\":\"http:\/\/elregionalvm.com.ar\/noticias-villa-maria\/schiaretti-en-carrilobo-queremos-que-el-gobierno-nacional-le-saque-el-pie-de-encima-al-campo-y-a-la-produccion-del-interior\/#breadcrumb\"},\"inLanguage\":\"es\",\"potentialAction\":[{\"@type\":\"ReadAction\",\"target\":[\"http:\/\/elregionalvm.com.ar\/noticias-villa-maria\/schiaretti-en-carrilobo-queremos-que-el-gobierno-nacional-le-saque-el-pie-de-encima-al-campo-y-a-la-produccion-del-interior\/\"]}]},{\"@type\":\"ImageObject\",\"inLanguage\":\"es\",\"@id\":\"http:\/\/elregionalvm.com.ar\/noticias-villa-maria\/schiaretti-en-carrilobo-queremos-que-el-gobierno-nacional-le-saque-el-pie-de-encima-al-campo-y-a-la-produccion-del-interior\/#primaryimage\",\"url\":\"https:\/\/i0.wp.com\/elregionalvm.com.ar\/noticias-villa-maria\/wp-content\/uploads\/2022\/08\/Schiaretti-e-Carrilobo.jpg?fit=2400%2C1600&ssl=1\",\"contentUrl\":\"https:\/\/i0.wp.com\/elregionalvm.com.ar\/noticias-villa-maria\/wp-content\/uploads\/2022\/08\/Schiaretti-e-Carrilobo.jpg?fit=2400%2C1600&ssl=1\",\"width\":2400,\"height\":1600},{\"@type\":\"BreadcrumbList\",\"@id\":\"http:\/\/elregionalvm.com.ar\/noticias-villa-maria\/schiaretti-en-carrilobo-queremos-que-el-gobierno-nacional-le-saque-el-pie-de-encima-al-campo-y-a-la-produccion-del-interior\/#breadcrumb\",\"itemListElement\":[{\"@type\":\"ListItem\",\"position\":1,\"name\":\"Portada\",\"item\":\"https:\/\/elregionalvm.com.ar\/noticias-villa-maria\/\"},{\"@type\":\"ListItem\",\"position\":2,\"name\":\"Schiaretti en Carrilobo: \u00abQueremos que el gobierno nacional le saque el pie de encima al campo y a la producci\u00f3n del interior\u00bb\"}]},{\"@type\":\"WebSite\",\"@id\":\"http:\/\/elregionalvm.com.ar\/noticias-villa-maria\/#website\",\"url\":\"http:\/\/elregionalvm.com.ar\/noticias-villa-maria\/\",\"name\":\"El Regional\",\"description\":\"Mucho m\u00e1s que informaci\u00f3n\",\"potentialAction\":[{\"@type\":\"SearchAction\",\"target\":{\"@type\":\"EntryPoint\",\"urlTemplate\":\"http:\/\/elregionalvm.com.ar\/noticias-villa-maria\/?s={search_term_string}\"},\"query-input\":{\"@type\":\"PropertyValueSpecification\",\"valueRequired\":true,\"valueName\":\"search_term_string\"}}],\"inLanguage\":\"es\"},{\"@type\":\"Person\",\"@id\":\"http:\/\/elregionalvm.com.ar\/noticias-villa-maria\/#\/schema\/person\/a0fb9c422317faca23d50163151bc354\",\"name\":\"Contenidos El Regional\",\"image\":{\"@type\":\"ImageObject\",\"inLanguage\":\"es\",\"@id\":\"http:\/\/elregionalvm.com.ar\/noticias-villa-maria\/#\/schema\/person\/image\/\",\"url\":\"https:\/\/secure.gravatar.com\/avatar\/265b27cb2209af7bb3a1318f03305787d7981a5cc6e6cd08fe5a4ecdf99d4b48?s=96&d=mm&r=g\",\"contentUrl\":\"https:\/\/secure.gravatar.com\/avatar\/265b27cb2209af7bb3a1318f03305787d7981a5cc6e6cd08fe5a4ecdf99d4b48?s=96&d=mm&r=g\",\"caption\":\"Contenidos El Regional\"},\"url\":\"https:\/\/elregionalvm.com.ar\/noticias-villa-maria\/author\/contenido\/\"}]}<\/script>\n<!-- \/ Yoast SEO plugin. -->","yoast_head_json":{"title":"Schiaretti en Carrilobo: \"Queremos que el gobierno nacional le saque el pie de encima al campo y a la producci\u00f3n del interior\" - El Regional","robots":{"index":"index","follow":"follow","max-snippet":"max-snippet:-1","max-image-preview":"max-image-preview:large","max-video-preview":"max-video-preview:-1"},"canonical":"http:\/\/elregionalvm.com.ar\/noticias-villa-maria\/schiaretti-en-carrilobo-queremos-que-el-gobierno-nacional-le-saque-el-pie-de-encima-al-campo-y-a-la-produccion-del-interior\/","og_locale":"es_ES","og_type":"article","og_title":"Schiaretti en Carrilobo: \"Queremos que el gobierno nacional le saque el pie de encima al campo y a la producci\u00f3n del interior\" - El Regional","og_description":"El gobernador\u00a0Juan Schiaretti\u00a0estuvo hoy en el departamento R\u00edo Segundo donde dej\u00f3 habilitada la obra completa de la\u00a0pavimentaci\u00f3n del camino de la red vial secundaria S-390,\u00a0entre Calch\u00edn Oeste y Carrilobo. Durante su discurso y en presencia de integrantes de la Mesa de Enlace y productores de la regi\u00f3n, el gobernador se refiri\u00f3 a distintos temas que [&hellip;]","og_url":"http:\/\/elregionalvm.com.ar\/noticias-villa-maria\/schiaretti-en-carrilobo-queremos-que-el-gobierno-nacional-le-saque-el-pie-de-encima-al-campo-y-a-la-produccion-del-interior\/","og_site_name":"El Regional","article_publisher":"https:\/\/www.facebook.com\/elregionalvm","article_published_time":"2022-08-02T23:14:43+00:00","article_modified_time":"2022-08-02T23:14:44+00:00","og_image":[{"width":2400,"height":1600,"url":"http:\/\/elregionalvm.com.ar\/noticias-villa-maria\/wp-content\/uploads\/2022\/08\/Schiaretti-e-Carrilobo.jpg","type":"image\/jpeg"}],"author":"Contenidos El Regional","twitter_card":"summary_large_image","twitter_creator":"@elregionalvm1","twitter_site":"@elregionalvm1","twitter_misc":{"Escrito por":"Contenidos El Regional","Tiempo de lectura":"6 minutos"},"schema":{"@context":"https:\/\/schema.org","@graph":[{"@type":"Article","@id":"http:\/\/elregionalvm.com.ar\/noticias-villa-maria\/schiaretti-en-carrilobo-queremos-que-el-gobierno-nacional-le-saque-el-pie-de-encima-al-campo-y-a-la-produccion-del-interior\/#article","isPartOf":{"@id":"http:\/\/elregionalvm.com.ar\/noticias-villa-maria\/schiaretti-en-carrilobo-queremos-que-el-gobierno-nacional-le-saque-el-pie-de-encima-al-campo-y-a-la-produccion-del-interior\/"},"author":{"name":"Contenidos El Regional","@id":"http:\/\/elregionalvm.com.ar\/noticias-villa-maria\/#\/schema\/person\/a0fb9c422317faca23d50163151bc354"},"headline":"Schiaretti en Carrilobo: \u00abQueremos que el gobierno nacional le saque el pie de encima al campo y a la producci\u00f3n del interior\u00bb","datePublished":"2022-08-02T23:14:43+00:00","dateModified":"2022-08-02T23:14:44+00:00","mainEntityOfPage":{"@id":"http:\/\/elregionalvm.com.ar\/noticias-villa-maria\/schiaretti-en-carrilobo-queremos-que-el-gobierno-nacional-le-saque-el-pie-de-encima-al-campo-y-a-la-produccion-del-interior\/"},"wordCount":1153,"commentCount":0,"image":{"@id":"http:\/\/elregionalvm.com.ar\/noticias-villa-maria\/schiaretti-en-carrilobo-queremos-que-el-gobierno-nacional-le-saque-el-pie-de-encima-al-campo-y-a-la-produccion-del-interior\/#primaryimage"},"thumbnailUrl":"https:\/\/i0.wp.com\/elregionalvm.com.ar\/noticias-villa-maria\/wp-content\/uploads\/2022\/08\/Schiaretti-e-Carrilobo.jpg?fit=2400%2C1600&ssl=1","keywords":["Calch\u00edn Oeste","Carrilobo","Pavimentaci\u00f3n","Provincia de C\u00f3rdoba","regionales","ruta secundaria","Schiaretti","sector productivo","\u00b4Schiaretti"],"articleSection":["destacado","Regi\u00f3n"],"inLanguage":"es","potentialAction":[{"@type":"CommentAction","name":"Comment","target":["http:\/\/elregionalvm.com.ar\/noticias-villa-maria\/schiaretti-en-carrilobo-queremos-que-el-gobierno-nacional-le-saque-el-pie-de-encima-al-campo-y-a-la-produccion-del-interior\/#respond"]}]},{"@type":"WebPage","@id":"http:\/\/elregionalvm.com.ar\/noticias-villa-maria\/schiaretti-en-carrilobo-queremos-que-el-gobierno-nacional-le-saque-el-pie-de-encima-al-campo-y-a-la-produccion-del-interior\/","url":"http:\/\/elregionalvm.com.ar\/noticias-villa-maria\/schiaretti-en-carrilobo-queremos-que-el-gobierno-nacional-le-saque-el-pie-de-encima-al-campo-y-a-la-produccion-del-interior\/","name":"Schiaretti en Carrilobo: \"Queremos que el gobierno nacional le saque el pie de encima al campo y a la producci\u00f3n del interior\" - El Regional","isPartOf":{"@id":"http:\/\/elregionalvm.com.ar\/noticias-villa-maria\/#website"},"primaryImageOfPage":{"@id":"http:\/\/elregionalvm.com.ar\/noticias-villa-maria\/schiaretti-en-carrilobo-queremos-que-el-gobierno-nacional-le-saque-el-pie-de-encima-al-campo-y-a-la-produccion-del-interior\/#primaryimage"},"image":{"@id":"http:\/\/elregionalvm.com.ar\/noticias-villa-maria\/schiaretti-en-carrilobo-queremos-que-el-gobierno-nacional-le-saque-el-pie-de-encima-al-campo-y-a-la-produccion-del-interior\/#primaryimage"},"thumbnailUrl":"https:\/\/i0.wp.com\/elregionalvm.com.ar\/noticias-villa-maria\/wp-content\/uploads\/2022\/08\/Schiaretti-e-Carrilobo.jpg?fit=2400%2C1600&ssl=1","datePublished":"2022-08-02T23:14:43+00:00","dateModified":"2022-08-02T23:14:44+00:00","author":{"@id":"http:\/\/elregionalvm.com.ar\/noticias-villa-maria\/#\/schema\/person\/a0fb9c422317faca23d50163151bc354"},"breadcrumb":{"@id":"http:\/\/elregionalvm.com.ar\/noticias-villa-maria\/schiaretti-en-carrilobo-queremos-que-el-gobierno-nacional-le-saque-el-pie-de-encima-al-campo-y-a-la-produccion-del-interior\/#breadcrumb"},"inLanguage":"es","potentialAction":[{"@type":"ReadAction","target":["http:\/\/elregionalvm.com.ar\/noticias-villa-maria\/schiaretti-en-carrilobo-queremos-que-el-gobierno-nacional-le-saque-el-pie-de-encima-al-campo-y-a-la-produccion-del-interior\/"]}]},{"@type":"ImageObject","inLanguage":"es","@id":"http:\/\/elregionalvm.com.ar\/noticias-villa-maria\/schiaretti-en-carrilobo-queremos-que-el-gobierno-nacional-le-saque-el-pie-de-encima-al-campo-y-a-la-produccion-del-interior\/#primaryimage","url":"https:\/\/i0.wp.com\/elregionalvm.com.ar\/noticias-villa-maria\/wp-content\/uploads\/2022\/08\/Schiaretti-e-Carrilobo.jpg?fit=2400%2C1600&ssl=1","contentUrl":"https:\/\/i0.wp.com\/elregionalvm.com.ar\/noticias-villa-maria\/wp-content\/uploads\/2022\/08\/Schiaretti-e-Carrilobo.jpg?fit=2400%2C1600&ssl=1","width":2400,"height":1600},{"@type":"BreadcrumbList","@id":"http:\/\/elregionalvm.com.ar\/noticias-villa-maria\/schiaretti-en-carrilobo-queremos-que-el-gobierno-nacional-le-saque-el-pie-de-encima-al-campo-y-a-la-produccion-del-interior\/#breadcrumb","itemListElement":[{"@type":"ListItem","position":1,"name":"Portada","item":"https:\/\/elregionalvm.com.ar\/noticias-villa-maria\/"},{"@type":"ListItem","position":2,"name":"Schiaretti en Carrilobo: \u00abQueremos que el gobierno nacional le saque el pie de encima al campo y a la producci\u00f3n del interior\u00bb"}]},{"@type":"WebSite","@id":"http:\/\/elregionalvm.com.ar\/noticias-villa-maria\/#website","url":"http:\/\/elregionalvm.com.ar\/noticias-villa-maria\/","name":"El Regional","description":"Mucho m\u00e1s que informaci\u00f3n","potentialAction":[{"@type":"SearchAction","target":{"@type":"EntryPoint","urlTemplate":"http:\/\/elregionalvm.com.ar\/noticias-villa-maria\/?s={search_term_string}"},"query-input":{"@type":"PropertyValueSpecification","valueRequired":true,"valueName":"search_term_string"}}],"inLanguage":"es"},{"@type":"Person","@id":"http:\/\/elregionalvm.com.ar\/noticias-villa-maria\/#\/schema\/person\/a0fb9c422317faca23d50163151bc354","name":"Contenidos El Regional","image":{"@type":"ImageObject","inLanguage":"es","@id":"http:\/\/elregionalvm.com.ar\/noticias-villa-maria\/#\/schema\/person\/image\/","url":"https:\/\/secure.gravatar.com\/avatar\/265b27cb2209af7bb3a1318f03305787d7981a5cc6e6cd08fe5a4ecdf99d4b48?s=96&d=mm&r=g","contentUrl":"https:\/\/secure.gravatar.com\/avatar\/265b27cb2209af7bb3a1318f03305787d7981a5cc6e6cd08fe5a4ecdf99d4b48?s=96&d=mm&r=g","caption":"Contenidos El Regional"},"url":"https:\/\/elregionalvm.com.ar\/noticias-villa-maria\/author\/contenido\/"}]}},"jetpack_featured_media_url":"https:\/\/i0.wp.com\/elregionalvm.com.ar\/noticias-villa-maria\/wp-content\/uploads\/2022\/08\/Schiaretti-e-Carrilobo.jpg?fit=2400%2C1600&ssl=1","jetpack_sharing_enabled":true,"_links":{"self":[{"href":"https:\/\/elregionalvm.com.ar\/noticias-villa-maria\/wp-json\/wp\/v2\/posts\/61718","targetHints":{"allow":["GET"]}}],"collection":[{"href":"https:\/\/elregionalvm.com.ar\/noticias-villa-maria\/wp-json\/wp\/v2\/posts"}],"about":[{"href":"https:\/\/elregionalvm.com.ar\/noticias-villa-maria\/wp-json\/wp\/v2\/types\/post"}],"author":[{"embeddable":true,"href":"https:\/\/elregionalvm.com.ar\/noticias-villa-maria\/wp-json\/wp\/v2\/users\/4"}],"replies":[{"embeddable":true,"href":"https:\/\/elregionalvm.com.ar\/noticias-villa-maria\/wp-json\/wp\/v2\/comments?post=61718"}],"version-history":[{"count":1,"href":"https:\/\/elregionalvm.com.ar\/noticias-villa-maria\/wp-json\/wp\/v2\/posts\/61718\/revisions"}],"predecessor-version":[{"id":61720,"href":"https:\/\/elregionalvm.com.ar\/noticias-villa-maria\/wp-json\/wp\/v2\/posts\/61718\/revisions\/61720"}],"wp:featuredmedia":[{"embeddable":true,"href":"https:\/\/elregionalvm.com.ar\/noticias-villa-maria\/wp-json\/wp\/v2\/media\/61719"}],"wp:attachment":[{"href":"https:\/\/elregionalvm.com.ar\/noticias-villa-maria\/wp-json\/wp\/v2\/media?parent=61718"}],"wp:term":[{"taxonomy":"category","embeddable":true,"href":"https:\/\/elregionalvm.com.ar\/noticias-villa-maria\/wp-json\/wp\/v2\/categories?post=61718"},{"taxonomy":"post_tag","embeddable":true,"href":"https:\/\/elregionalvm.com.ar\/noticias-villa-maria\/wp-json\/wp\/v2\/tags?post=61718"}],"curies":[{"name":"wp","href":"https:\/\/api.w.org\/{rel}","templated":true}]}}