{"id":61999,"date":"2022-08-08T16:10:24","date_gmt":"2022-08-08T16:10:24","guid":{"rendered":"https:\/\/elregionalvm.com.ar\/noticias-villa-maria\/?p=61999"},"modified":"2022-08-11T02:45:25","modified_gmt":"2022-08-11T02:45:25","slug":"opinion-sin-novedades-en-el-frente","status":"publish","type":"post","link":"https:\/\/elregionalvm.com.ar\/noticias-villa-maria\/opinion-sin-novedades-en-el-frente\/","title":{"rendered":"[Opini\u00f3n] Sin novedades en el frente"},"content":{"rendered":"\n<p><\/p>\n\n\n\n<p><strong><em>\u201cRobar es un delito, pero arruinar el pa\u00eds es traici\u00f3n a la Patria\u201d (Jos\u00e9 de San Mart\u00edn)<\/em><\/strong><\/p>\n\n\n\n<p><\/p>\n\n\n\n<p><strong>Escribe: Cristina Pablos<\/strong><\/p>\n\n\n\n<p><\/p>\n\n\n\n<p>En un acto sobredimensionado, con m\u00e1s de 500 invitados -como si el pa\u00eds estuviese para festejos- asumi\u00f3 el nuevo ministro Sergio Massa, con una barra bullanguera, encabezada por su esposa, festejando el desembarco del Frente Renovador en el gobierno (cosa que incomod\u00f3 al mismo Sergio Massa).<\/p>\n\n\n\n<p>Dio pena Alberto Fern\u00e1ndez haciendo mutis por el foro \u201ctriste, solitario y final\u201d. El circo de la asunci\u00f3n fue \u00a1muy bizarro! No me pareci\u00f3 correcto que jurara mascando chicle (s\u00f3lo un detalle).<\/p>\n\n\n\n<p>En su discurso hubo muchas expresiones de buenos deseos. Habl\u00f3 de: super\u00e1vit comercial, el congelamiento en la planta del Estado (en Energ\u00eda hay 400 empleados m\u00e1s que con el gobierno anterior), segmentaci\u00f3n de tarifas, promovi\u00f3 el ahorro energ\u00e9tico, defensa del d\u00f3lar de los argentinos, cuidado de las cuentas p\u00fablicas, no usar fondos del Tesoro (el Banco Central vendi\u00f3, la semana pasada, 100 millones de d\u00f3lares).<\/p>\n\n\n\n<p>Tambi\u00e9n se refiri\u00f3 a denunciar el lavado de dinero, promover exportaciones (sin acuerdo con La Mesa de Enlace), mayor control de las divisas de importaci\u00f3n, v\u00ednculos con el FMI, aumento del \u00edndice de movilidad jubilatoria, recuperaci\u00f3n del ingreso de los trabajadores privados, reorganizaci\u00f3n de los planes sociales a cambio de trabajo, etc.<\/p>\n\n\n\n<p><\/p>\n\n\n\n<figure class=\"wp-block-pullquote\"><blockquote><p><strong>Aplicar\u00e1 Massa \u00bfmaquillaje o bistur\u00ed? Y todo quedar\u00e1 en anuncios. Veremos qu\u00e9 le permite hacer CFK.<\/strong><\/p><\/blockquote><\/figure>\n\n\n\n<p><\/p>\n\n\n\n<p>Muchas de las medidas ser\u00e1n por DNUs. Recalc\u00f3, de entrada, que no es ning\u00fan mago ni salvador y remarc\u00f3: \u201corden es ser previsible y cumplir con la palabra\u201d. \u00a1Massa lo dijo!<\/p>\n\n\n\n<p>Agreg\u00f3, adem\u00e1s, que \u201cdebemos enfrentar la inflaci\u00f3n con determinaci\u00f3n\u201d. No aclar\u00f3 c\u00f3mo llevar\u00e1 a cabo todos estos anuncios ni habl\u00f3 de bajar el gasto en la pol\u00edtica. M\u00e1s de lo mismo.<\/p>\n\n\n\n<p>Aplicar\u00e1 Massa \u00bfmaquillaje o bistur\u00ed? Y todo quedar\u00e1 en anuncios. Veremos qu\u00e9 le permite hacer CFK.<\/p>\n\n\n\n<p><\/p>\n\n\n\n<figure class=\"wp-block-image size-full is-resized\"><img data-recalc-dims=\"1\" fetchpriority=\"high\" decoding=\"async\" src=\"https:\/\/i0.wp.com\/elregionalvm.com.ar\/noticias-villa-maria\/wp-content\/uploads\/2022\/08\/massa-anuncios.png?resize=910%2C546&#038;ssl=1\" alt=\"\" class=\"wp-image-61821\" width=\"910\" height=\"546\" srcset=\"https:\/\/i0.wp.com\/elregionalvm.com.ar\/noticias-villa-maria\/wp-content\/uploads\/2022\/08\/massa-anuncios.png?w=779&amp;ssl=1 779w, https:\/\/i0.wp.com\/elregionalvm.com.ar\/noticias-villa-maria\/wp-content\/uploads\/2022\/08\/massa-anuncios.png?resize=300%2C180&amp;ssl=1 300w, https:\/\/i0.wp.com\/elregionalvm.com.ar\/noticias-villa-maria\/wp-content\/uploads\/2022\/08\/massa-anuncios.png?resize=768%2C460&amp;ssl=1 768w\" sizes=\"(max-width: 910px) 100vw, 910px\" \/><\/figure>\n\n\n\n<p><\/p>\n\n\n\n<p>El de Massa fue un mensaje ambiguo, qued\u00f3 claro que el esfuerzo lo deben hacer los privados. Esperemos\u2026 de mi parte con mucho escepticismo.<\/p>\n\n\n\n<p>Felicitaciones a los fiscales Luciani y Mola por la valent\u00eda al presentar datos tan contundentes que hasta el m\u00e1s furioso periodista de investigaci\u00f3n desconoc\u00eda. Hay que cuidar a esos fiscales.<\/p>\n\n\n\n<p>Ya sabemos que, cuando una persona est\u00e1 desesperada es capaz de hacer (o mandar a hacer) cualquier cosa, m\u00e1s conociendo la perversidad de CFK.<\/p>\n\n\n\n<p>Un dato: por las dudas la provincia de Bs. As. recibi\u00f3, en julio, $150.000 millones, 100% m\u00e1s que en 2021.<\/p>\n\n\n\n<p>Me solidarizo con la conductora Viviana Canosa por la censura previa que recibi\u00f3 por parte de las autoridades de A24. As\u00ed se empieza.<\/p>\n\n\n\n<p><\/p>\n\n\n\n<figure class=\"wp-block-embed is-type-wp-embed is-provider-el-regional wp-block-embed-el-regional\"><div class=\"wp-block-embed__wrapper\">\n<blockquote class=\"wp-embedded-content\" data-secret=\"ww6zj0fXyX\"><a href=\"https:\/\/elregionalvm.com.ar\/noticias-villa-maria\/opinion-ah-pero-el-campo\/\">[Opini\u00f3n] Ah, pero el campo<\/a><\/blockquote><iframe class=\"wp-embedded-content\" sandbox=\"allow-scripts\" security=\"restricted\" style=\"position: absolute; clip: rect(1px, 1px, 1px, 1px);\" title=\"\u00ab[Opini\u00f3n] Ah, pero el campo\u00bb \u2014 El Regional\" src=\"https:\/\/elregionalvm.com.ar\/noticias-villa-maria\/opinion-ah-pero-el-campo\/embed\/#?secret=RO75RWcbRM#?secret=ww6zj0fXyX\" data-secret=\"ww6zj0fXyX\" width=\"500\" height=\"282\" frameborder=\"0\" marginwidth=\"0\" marginheight=\"0\" scrolling=\"no\"><\/iframe>\n<\/div><\/figure>\n","protected":false},"excerpt":{"rendered":"<p>\u201cRobar es un delito, pero arruinar el pa\u00eds es traici\u00f3n a la Patria\u201d (Jos\u00e9 de San Mart\u00edn) Escribe: Cristina Pablos En un acto sobredimensionado, con m\u00e1s de 500 invitados -como si el pa\u00eds estuviese para festejos- asumi\u00f3 el nuevo ministro Sergio Massa, con una barra bullanguera, encabezada por su esposa, festejando el desembarco del Frente [&hellip;]<\/p>\n","protected":false},"author":6,"featured_media":62007,"comment_status":"open","ping_status":"open","sticky":false,"template":"","format":"standard","meta":{"site-sidebar-layout":"default","site-content-layout":"","ast-site-content-layout":"default","site-content-style":"default","site-sidebar-style":"default","ast-global-header-display":"","ast-banner-title-visibility":"","ast-main-header-display":"","ast-hfb-above-header-display":"","ast-hfb-below-header-display":"","ast-hfb-mobile-header-display":"","site-post-title":"","ast-breadcrumbs-content":"","ast-featured-img":"","footer-sml-layout":"","ast-disable-related-posts":"","theme-transparent-header-meta":"","adv-header-id-meta":"","stick-header-meta":"","header-above-stick-meta":"","header-main-stick-meta":"","header-below-stick-meta":"","astra-migrate-meta-layouts":"default","ast-page-background-enabled":"default","ast-page-background-meta":{"desktop":{"background-color":"","background-image":"","background-repeat":"repeat","background-position":"center center","background-size":"auto","background-attachment":"scroll","background-type":"","background-media":"","overlay-type":"","overlay-color":"","overlay-opacity":"","overlay-gradient":""},"tablet":{"background-color":"","background-image":"","background-repeat":"repeat","background-position":"center center","background-size":"auto","background-attachment":"scroll","background-type":"","background-media":"","overlay-type":"","overlay-color":"","overlay-opacity":"","overlay-gradient":""},"mobile":{"background-color":"","background-image":"","background-repeat":"repeat","background-position":"center center","background-size":"auto","background-attachment":"scroll","background-type":"","background-media":"","overlay-type":"","overlay-color":"","overlay-opacity":"","overlay-gradient":""}},"ast-content-background-meta":{"desktop":{"background-color":"var(--ast-global-color-5)","background-image":"","background-repeat":"repeat","background-position":"center center","background-size":"auto","background-attachment":"scroll","background-type":"","background-media":"","overlay-type":"","overlay-color":"","overlay-opacity":"","overlay-gradient":""},"tablet":{"background-color":"var(--ast-global-color-5)","background-image":"","background-repeat":"repeat","background-position":"center center","background-size":"auto","background-attachment":"scroll","background-type":"","background-media":"","overlay-type":"","overlay-color":"","overlay-opacity":"","overlay-gradient":""},"mobile":{"background-color":"var(--ast-global-color-5)","background-image":"","background-repeat":"repeat","background-position":"center center","background-size":"auto","background-attachment":"scroll","background-type":"","background-media":"","overlay-type":"","overlay-color":"","overlay-opacity":"","overlay-gradient":""}},"_jetpack_memberships_contains_paid_content":false,"_joinchat":[],"footnotes":""},"categories":[365,3557],"tags":[1594,814,546,424,11563],"class_list":["post-61999","post","type-post","status-publish","format-standard","has-post-thumbnail","hentry","category-opinion","category-tercera","tag-alberto-fernandez","tag-crisis","tag-cristina-fernandez","tag-cristina-pablos","tag-sergio-massa"],"yoast_head":"<!-- This site is optimized with the Yoast SEO plugin v26.8 - https:\/\/yoast.com\/product\/yoast-seo-wordpress\/ -->\n<title>[Opini\u00f3n] Sin novedades en el frente - El Regional<\/title>\n<meta name=\"robots\" content=\"index, follow, max-snippet:-1, max-image-preview:large, max-video-preview:-1\" \/>\n<link rel=\"canonical\" href=\"http:\/\/elregionalvm.com.ar\/noticias-villa-maria\/opinion-sin-novedades-en-el-frente\/\" \/>\n<meta property=\"og:locale\" content=\"es_ES\" \/>\n<meta property=\"og:type\" content=\"article\" \/>\n<meta property=\"og:title\" content=\"[Opini\u00f3n] Sin novedades en el frente - El Regional\" \/>\n<meta property=\"og:description\" content=\"\u201cRobar es un delito, pero arruinar el pa\u00eds es traici\u00f3n a la Patria\u201d (Jos\u00e9 de San Mart\u00edn) Escribe: Cristina Pablos En un acto sobredimensionado, con m\u00e1s de 500 invitados -como si el pa\u00eds estuviese para festejos- asumi\u00f3 el nuevo ministro Sergio Massa, con una barra bullanguera, encabezada por su esposa, festejando el desembarco del Frente [&hellip;]\" \/>\n<meta property=\"og:url\" content=\"http:\/\/elregionalvm.com.ar\/noticias-villa-maria\/opinion-sin-novedades-en-el-frente\/\" \/>\n<meta property=\"og:site_name\" content=\"El Regional\" \/>\n<meta property=\"article:publisher\" content=\"https:\/\/www.facebook.com\/elregionalvm\" \/>\n<meta property=\"article:published_time\" content=\"2022-08-08T16:10:24+00:00\" \/>\n<meta property=\"article:modified_time\" content=\"2022-08-11T02:45:25+00:00\" \/>\n<meta property=\"og:image\" content=\"http:\/\/elregionalvm.com.ar\/noticias-villa-maria\/wp-content\/uploads\/2022\/08\/Massa-casa-rosada-montaje.jpg\" \/>\n\t<meta property=\"og:image:width\" content=\"1200\" \/>\n\t<meta property=\"og:image:height\" content=\"675\" \/>\n\t<meta property=\"og:image:type\" content=\"image\/jpeg\" \/>\n<meta name=\"author\" content=\"Germ\u00e1n Giacchero\" \/>\n<meta name=\"twitter:card\" content=\"summary_large_image\" \/>\n<meta name=\"twitter:creator\" content=\"@elregionalvm1\" \/>\n<meta name=\"twitter:site\" content=\"@elregionalvm1\" \/>\n<meta name=\"twitter:label1\" content=\"Escrito por\" \/>\n\t<meta name=\"twitter:data1\" content=\"Germ\u00e1n Giacchero\" \/>\n\t<meta name=\"twitter:label2\" content=\"Tiempo de lectura\" \/>\n\t<meta name=\"twitter:data2\" content=\"3 minutos\" \/>\n<script type=\"application\/ld+json\" class=\"yoast-schema-graph\">{\"@context\":\"https:\/\/schema.org\",\"@graph\":[{\"@type\":\"Article\",\"@id\":\"http:\/\/elregionalvm.com.ar\/noticias-villa-maria\/opinion-sin-novedades-en-el-frente\/#article\",\"isPartOf\":{\"@id\":\"http:\/\/elregionalvm.com.ar\/noticias-villa-maria\/opinion-sin-novedades-en-el-frente\/\"},\"author\":{\"name\":\"Germ\u00e1n Giacchero\",\"@id\":\"http:\/\/elregionalvm.com.ar\/noticias-villa-maria\/#\/schema\/person\/d5e4b04966154131701e52c45d3efec9\"},\"headline\":\"[Opini\u00f3n] Sin novedades en el frente\",\"datePublished\":\"2022-08-08T16:10:24+00:00\",\"dateModified\":\"2022-08-11T02:45:25+00:00\",\"mainEntityOfPage\":{\"@id\":\"http:\/\/elregionalvm.com.ar\/noticias-villa-maria\/opinion-sin-novedades-en-el-frente\/\"},\"wordCount\":472,\"commentCount\":1,\"image\":{\"@id\":\"http:\/\/elregionalvm.com.ar\/noticias-villa-maria\/opinion-sin-novedades-en-el-frente\/#primaryimage\"},\"thumbnailUrl\":\"https:\/\/i0.wp.com\/elregionalvm.com.ar\/noticias-villa-maria\/wp-content\/uploads\/2022\/08\/Massa-casa-rosada-montaje.jpg?fit=1200%2C675&ssl=1\",\"keywords\":[\"Alberto Fern\u00e1ndez\",\"crisis\",\"Cristina Fern\u00e1ndez\",\"Cristina Pablos\",\"Sergio Massa\"],\"articleSection\":[\"Opini\u00f3n\",\"tercera\"],\"inLanguage\":\"es\",\"potentialAction\":[{\"@type\":\"CommentAction\",\"name\":\"Comment\",\"target\":[\"http:\/\/elregionalvm.com.ar\/noticias-villa-maria\/opinion-sin-novedades-en-el-frente\/#respond\"]}]},{\"@type\":\"WebPage\",\"@id\":\"http:\/\/elregionalvm.com.ar\/noticias-villa-maria\/opinion-sin-novedades-en-el-frente\/\",\"url\":\"http:\/\/elregionalvm.com.ar\/noticias-villa-maria\/opinion-sin-novedades-en-el-frente\/\",\"name\":\"[Opini\u00f3n] Sin novedades en el frente - El Regional\",\"isPartOf\":{\"@id\":\"http:\/\/elregionalvm.com.ar\/noticias-villa-maria\/#website\"},\"primaryImageOfPage\":{\"@id\":\"http:\/\/elregionalvm.com.ar\/noticias-villa-maria\/opinion-sin-novedades-en-el-frente\/#primaryimage\"},\"image\":{\"@id\":\"http:\/\/elregionalvm.com.ar\/noticias-villa-maria\/opinion-sin-novedades-en-el-frente\/#primaryimage\"},\"thumbnailUrl\":\"https:\/\/i0.wp.com\/elregionalvm.com.ar\/noticias-villa-maria\/wp-content\/uploads\/2022\/08\/Massa-casa-rosada-montaje.jpg?fit=1200%2C675&ssl=1\",\"datePublished\":\"2022-08-08T16:10:24+00:00\",\"dateModified\":\"2022-08-11T02:45:25+00:00\",\"author\":{\"@id\":\"http:\/\/elregionalvm.com.ar\/noticias-villa-maria\/#\/schema\/person\/d5e4b04966154131701e52c45d3efec9\"},\"breadcrumb\":{\"@id\":\"http:\/\/elregionalvm.com.ar\/noticias-villa-maria\/opinion-sin-novedades-en-el-frente\/#breadcrumb\"},\"inLanguage\":\"es\",\"potentialAction\":[{\"@type\":\"ReadAction\",\"target\":[\"http:\/\/elregionalvm.com.ar\/noticias-villa-maria\/opinion-sin-novedades-en-el-frente\/\"]}]},{\"@type\":\"ImageObject\",\"inLanguage\":\"es\",\"@id\":\"http:\/\/elregionalvm.com.ar\/noticias-villa-maria\/opinion-sin-novedades-en-el-frente\/#primaryimage\",\"url\":\"https:\/\/i0.wp.com\/elregionalvm.com.ar\/noticias-villa-maria\/wp-content\/uploads\/2022\/08\/Massa-casa-rosada-montaje.jpg?fit=1200%2C675&ssl=1\",\"contentUrl\":\"https:\/\/i0.wp.com\/elregionalvm.com.ar\/noticias-villa-maria\/wp-content\/uploads\/2022\/08\/Massa-casa-rosada-montaje.jpg?fit=1200%2C675&ssl=1\",\"width\":1200,\"height\":675},{\"@type\":\"BreadcrumbList\",\"@id\":\"http:\/\/elregionalvm.com.ar\/noticias-villa-maria\/opinion-sin-novedades-en-el-frente\/#breadcrumb\",\"itemListElement\":[{\"@type\":\"ListItem\",\"position\":1,\"name\":\"Portada\",\"item\":\"https:\/\/elregionalvm.com.ar\/noticias-villa-maria\/\"},{\"@type\":\"ListItem\",\"position\":2,\"name\":\"[Opini\u00f3n] Sin novedades en el frente\"}]},{\"@type\":\"WebSite\",\"@id\":\"http:\/\/elregionalvm.com.ar\/noticias-villa-maria\/#website\",\"url\":\"http:\/\/elregionalvm.com.ar\/noticias-villa-maria\/\",\"name\":\"El Regional\",\"description\":\"Mucho m\u00e1s que informaci\u00f3n\",\"potentialAction\":[{\"@type\":\"SearchAction\",\"target\":{\"@type\":\"EntryPoint\",\"urlTemplate\":\"http:\/\/elregionalvm.com.ar\/noticias-villa-maria\/?s={search_term_string}\"},\"query-input\":{\"@type\":\"PropertyValueSpecification\",\"valueRequired\":true,\"valueName\":\"search_term_string\"}}],\"inLanguage\":\"es\"},{\"@type\":\"Person\",\"@id\":\"http:\/\/elregionalvm.com.ar\/noticias-villa-maria\/#\/schema\/person\/d5e4b04966154131701e52c45d3efec9\",\"name\":\"Germ\u00e1n Giacchero\",\"image\":{\"@type\":\"ImageObject\",\"inLanguage\":\"es\",\"@id\":\"http:\/\/elregionalvm.com.ar\/noticias-villa-maria\/#\/schema\/person\/image\/\",\"url\":\"https:\/\/secure.gravatar.com\/avatar\/fda163ba5ef0307ee5be9846e10f83b6e83d0cfb260d3b2464830318894c6b04?s=96&d=mm&r=g\",\"contentUrl\":\"https:\/\/secure.gravatar.com\/avatar\/fda163ba5ef0307ee5be9846e10f83b6e83d0cfb260d3b2464830318894c6b04?s=96&d=mm&r=g\",\"caption\":\"Germ\u00e1n Giacchero\"},\"url\":\"https:\/\/elregionalvm.com.ar\/noticias-villa-maria\/author\/germangiacchero\/\"}]}<\/script>\n<!-- \/ Yoast SEO plugin. -->","yoast_head_json":{"title":"[Opini\u00f3n] Sin novedades en el frente - El Regional","robots":{"index":"index","follow":"follow","max-snippet":"max-snippet:-1","max-image-preview":"max-image-preview:large","max-video-preview":"max-video-preview:-1"},"canonical":"http:\/\/elregionalvm.com.ar\/noticias-villa-maria\/opinion-sin-novedades-en-el-frente\/","og_locale":"es_ES","og_type":"article","og_title":"[Opini\u00f3n] Sin novedades en el frente - El Regional","og_description":"\u201cRobar es un delito, pero arruinar el pa\u00eds es traici\u00f3n a la Patria\u201d (Jos\u00e9 de San Mart\u00edn) Escribe: Cristina Pablos En un acto sobredimensionado, con m\u00e1s de 500 invitados -como si el pa\u00eds estuviese para festejos- asumi\u00f3 el nuevo ministro Sergio Massa, con una barra bullanguera, encabezada por su esposa, festejando el desembarco del Frente [&hellip;]","og_url":"http:\/\/elregionalvm.com.ar\/noticias-villa-maria\/opinion-sin-novedades-en-el-frente\/","og_site_name":"El Regional","article_publisher":"https:\/\/www.facebook.com\/elregionalvm","article_published_time":"2022-08-08T16:10:24+00:00","article_modified_time":"2022-08-11T02:45:25+00:00","og_image":[{"width":1200,"height":675,"url":"http:\/\/elregionalvm.com.ar\/noticias-villa-maria\/wp-content\/uploads\/2022\/08\/Massa-casa-rosada-montaje.jpg","type":"image\/jpeg"}],"author":"Germ\u00e1n Giacchero","twitter_card":"summary_large_image","twitter_creator":"@elregionalvm1","twitter_site":"@elregionalvm1","twitter_misc":{"Escrito por":"Germ\u00e1n Giacchero","Tiempo de lectura":"3 minutos"},"schema":{"@context":"https:\/\/schema.org","@graph":[{"@type":"Article","@id":"http:\/\/elregionalvm.com.ar\/noticias-villa-maria\/opinion-sin-novedades-en-el-frente\/#article","isPartOf":{"@id":"http:\/\/elregionalvm.com.ar\/noticias-villa-maria\/opinion-sin-novedades-en-el-frente\/"},"author":{"name":"Germ\u00e1n Giacchero","@id":"http:\/\/elregionalvm.com.ar\/noticias-villa-maria\/#\/schema\/person\/d5e4b04966154131701e52c45d3efec9"},"headline":"[Opini\u00f3n] Sin novedades en el frente","datePublished":"2022-08-08T16:10:24+00:00","dateModified":"2022-08-11T02:45:25+00:00","mainEntityOfPage":{"@id":"http:\/\/elregionalvm.com.ar\/noticias-villa-maria\/opinion-sin-novedades-en-el-frente\/"},"wordCount":472,"commentCount":1,"image":{"@id":"http:\/\/elregionalvm.com.ar\/noticias-villa-maria\/opinion-sin-novedades-en-el-frente\/#primaryimage"},"thumbnailUrl":"https:\/\/i0.wp.com\/elregionalvm.com.ar\/noticias-villa-maria\/wp-content\/uploads\/2022\/08\/Massa-casa-rosada-montaje.jpg?fit=1200%2C675&ssl=1","keywords":["Alberto Fern\u00e1ndez","crisis","Cristina Fern\u00e1ndez","Cristina Pablos","Sergio Massa"],"articleSection":["Opini\u00f3n","tercera"],"inLanguage":"es","potentialAction":[{"@type":"CommentAction","name":"Comment","target":["http:\/\/elregionalvm.com.ar\/noticias-villa-maria\/opinion-sin-novedades-en-el-frente\/#respond"]}]},{"@type":"WebPage","@id":"http:\/\/elregionalvm.com.ar\/noticias-villa-maria\/opinion-sin-novedades-en-el-frente\/","url":"http:\/\/elregionalvm.com.ar\/noticias-villa-maria\/opinion-sin-novedades-en-el-frente\/","name":"[Opini\u00f3n] Sin novedades en el frente - El Regional","isPartOf":{"@id":"http:\/\/elregionalvm.com.ar\/noticias-villa-maria\/#website"},"primaryImageOfPage":{"@id":"http:\/\/elregionalvm.com.ar\/noticias-villa-maria\/opinion-sin-novedades-en-el-frente\/#primaryimage"},"image":{"@id":"http:\/\/elregionalvm.com.ar\/noticias-villa-maria\/opinion-sin-novedades-en-el-frente\/#primaryimage"},"thumbnailUrl":"https:\/\/i0.wp.com\/elregionalvm.com.ar\/noticias-villa-maria\/wp-content\/uploads\/2022\/08\/Massa-casa-rosada-montaje.jpg?fit=1200%2C675&ssl=1","datePublished":"2022-08-08T16:10:24+00:00","dateModified":"2022-08-11T02:45:25+00:00","author":{"@id":"http:\/\/elregionalvm.com.ar\/noticias-villa-maria\/#\/schema\/person\/d5e4b04966154131701e52c45d3efec9"},"breadcrumb":{"@id":"http:\/\/elregionalvm.com.ar\/noticias-villa-maria\/opinion-sin-novedades-en-el-frente\/#breadcrumb"},"inLanguage":"es","potentialAction":[{"@type":"ReadAction","target":["http:\/\/elregionalvm.com.ar\/noticias-villa-maria\/opinion-sin-novedades-en-el-frente\/"]}]},{"@type":"ImageObject","inLanguage":"es","@id":"http:\/\/elregionalvm.com.ar\/noticias-villa-maria\/opinion-sin-novedades-en-el-frente\/#primaryimage","url":"https:\/\/i0.wp.com\/elregionalvm.com.ar\/noticias-villa-maria\/wp-content\/uploads\/2022\/08\/Massa-casa-rosada-montaje.jpg?fit=1200%2C675&ssl=1","contentUrl":"https:\/\/i0.wp.com\/elregionalvm.com.ar\/noticias-villa-maria\/wp-content\/uploads\/2022\/08\/Massa-casa-rosada-montaje.jpg?fit=1200%2C675&ssl=1","width":1200,"height":675},{"@type":"BreadcrumbList","@id":"http:\/\/elregionalvm.com.ar\/noticias-villa-maria\/opinion-sin-novedades-en-el-frente\/#breadcrumb","itemListElement":[{"@type":"ListItem","position":1,"name":"Portada","item":"https:\/\/elregionalvm.com.ar\/noticias-villa-maria\/"},{"@type":"ListItem","position":2,"name":"[Opini\u00f3n] Sin novedades en el frente"}]},{"@type":"WebSite","@id":"http:\/\/elregionalvm.com.ar\/noticias-villa-maria\/#website","url":"http:\/\/elregionalvm.com.ar\/noticias-villa-maria\/","name":"El Regional","description":"Mucho m\u00e1s que informaci\u00f3n","potentialAction":[{"@type":"SearchAction","target":{"@type":"EntryPoint","urlTemplate":"http:\/\/elregionalvm.com.ar\/noticias-villa-maria\/?s={search_term_string}"},"query-input":{"@type":"PropertyValueSpecification","valueRequired":true,"valueName":"search_term_string"}}],"inLanguage":"es"},{"@type":"Person","@id":"http:\/\/elregionalvm.com.ar\/noticias-villa-maria\/#\/schema\/person\/d5e4b04966154131701e52c45d3efec9","name":"Germ\u00e1n Giacchero","image":{"@type":"ImageObject","inLanguage":"es","@id":"http:\/\/elregionalvm.com.ar\/noticias-villa-maria\/#\/schema\/person\/image\/","url":"https:\/\/secure.gravatar.com\/avatar\/fda163ba5ef0307ee5be9846e10f83b6e83d0cfb260d3b2464830318894c6b04?s=96&d=mm&r=g","contentUrl":"https:\/\/secure.gravatar.com\/avatar\/fda163ba5ef0307ee5be9846e10f83b6e83d0cfb260d3b2464830318894c6b04?s=96&d=mm&r=g","caption":"Germ\u00e1n Giacchero"},"url":"https:\/\/elregionalvm.com.ar\/noticias-villa-maria\/author\/germangiacchero\/"}]}},"jetpack_featured_media_url":"https:\/\/i0.wp.com\/elregionalvm.com.ar\/noticias-villa-maria\/wp-content\/uploads\/2022\/08\/Massa-casa-rosada-montaje.jpg?fit=1200%2C675&ssl=1","jetpack_sharing_enabled":true,"_links":{"self":[{"href":"https:\/\/elregionalvm.com.ar\/noticias-villa-maria\/wp-json\/wp\/v2\/posts\/61999","targetHints":{"allow":["GET"]}}],"collection":[{"href":"https:\/\/elregionalvm.com.ar\/noticias-villa-maria\/wp-json\/wp\/v2\/posts"}],"about":[{"href":"https:\/\/elregionalvm.com.ar\/noticias-villa-maria\/wp-json\/wp\/v2\/types\/post"}],"author":[{"embeddable":true,"href":"https:\/\/elregionalvm.com.ar\/noticias-villa-maria\/wp-json\/wp\/v2\/users\/6"}],"replies":[{"embeddable":true,"href":"https:\/\/elregionalvm.com.ar\/noticias-villa-maria\/wp-json\/wp\/v2\/comments?post=61999"}],"version-history":[{"count":5,"href":"https:\/\/elregionalvm.com.ar\/noticias-villa-maria\/wp-json\/wp\/v2\/posts\/61999\/revisions"}],"predecessor-version":[{"id":62054,"href":"https:\/\/elregionalvm.com.ar\/noticias-villa-maria\/wp-json\/wp\/v2\/posts\/61999\/revisions\/62054"}],"wp:featuredmedia":[{"embeddable":true,"href":"https:\/\/elregionalvm.com.ar\/noticias-villa-maria\/wp-json\/wp\/v2\/media\/62007"}],"wp:attachment":[{"href":"https:\/\/elregionalvm.com.ar\/noticias-villa-maria\/wp-json\/wp\/v2\/media?parent=61999"}],"wp:term":[{"taxonomy":"category","embeddable":true,"href":"https:\/\/elregionalvm.com.ar\/noticias-villa-maria\/wp-json\/wp\/v2\/categories?post=61999"},{"taxonomy":"post_tag","embeddable":true,"href":"https:\/\/elregionalvm.com.ar\/noticias-villa-maria\/wp-json\/wp\/v2\/tags?post=61999"}],"curies":[{"name":"wp","href":"https:\/\/api.w.org\/{rel}","templated":true}]}}