{"id":62132,"date":"2022-08-10T02:04:53","date_gmt":"2022-08-10T02:04:53","guid":{"rendered":"https:\/\/elregionalvm.com.ar\/noticias-villa-maria\/?p=62132"},"modified":"2022-08-12T02:18:20","modified_gmt":"2022-08-12T02:18:20","slug":"martin-tetaz-tengo-en-suspenso-las-expectativas-que-massa-logre-estabilidad-politica","status":"publish","type":"post","link":"https:\/\/elregionalvm.com.ar\/noticias-villa-maria\/martin-tetaz-tengo-en-suspenso-las-expectativas-que-massa-logre-estabilidad-politica\/","title":{"rendered":"Mart\u00edn Tetaz: \u00abTengo en suspenso las expectativas que Massa logre estabilidad pol\u00edtica\u00bb"},"content":{"rendered":"\n<p>El diputado nacional de Juntos por el Cambio por la ciudad de Buenos Aires, el economista y escritor Mart\u00edn Tetaz dialog\u00f3 en Canal 20 Noticias, con el periodista Germ\u00e1n Giacchero.<\/p>\n\n\n\n<p>La crisis pol\u00edtica y econ\u00f3mica, la situaci\u00f3n del d\u00f3lar y el avance de la inflaci\u00f3n fueron temas centrales en la entrevista.<\/p>\n\n\n\n<p>Tetaz tambi\u00e9n se refiri\u00f3 al rol del ministro de Econom\u00eda, Sergio Massa, en un escenario de alta incertidumbre pol\u00edtica y econ\u00f3mica.<\/p>\n\n\n\n<p>Por otro lado, consultado al respecto, el dirigente radical no ofreci\u00f3 precisiones respecto de su precandidatura a gobernador por la provincia de Buenos Aires, versi\u00f3n que viene sonando desde hace algunas semanas. <\/p>\n\n\n\n<p><\/p>\n\n\n\n<h3 class=\"wp-block-heading\"><strong>Mir\u00e1 la entrevista: <\/strong><\/h3>\n\n\n\n<p><\/p>\n\n\n\n<figure class=\"wp-block-embed is-type-video is-provider-youtube wp-block-embed-youtube wp-embed-aspect-16-9 wp-has-aspect-ratio\"><div class=\"wp-block-embed__wrapper\">\n<iframe title=\"C20N MARTIN TETAZ -  INFLACION, DOLAR Y PESOS\" width=\"500\" height=\"281\" src=\"https:\/\/www.youtube.com\/embed\/xZTNpJ-FvvA?feature=oembed\" frameborder=\"0\" allow=\"accelerometer; autoplay; clipboard-write; encrypted-media; gyroscope; picture-in-picture; web-share\" referrerpolicy=\"strict-origin-when-cross-origin\" allowfullscreen><\/iframe>\n<\/div><figcaption><em>Entrevista con el economista Mart\u00edn Tetaz (Canal 20 Villa Mar\u00eda). <\/em><\/figcaption><\/figure>\n\n\n\n<p><\/p>\n\n\n\n<p><\/p>\n\n\n\n<p><em>Foto: Infobae<\/em><\/p>\n","protected":false},"excerpt":{"rendered":"<p>El diputado nacional de Juntos por el Cambio por la ciudad de Buenos Aires, el economista y escritor Mart\u00edn Tetaz dialog\u00f3 en Canal 20 Noticias, con el periodista Germ\u00e1n Giacchero. La crisis pol\u00edtica y econ\u00f3mica, la situaci\u00f3n del d\u00f3lar y el avance de la inflaci\u00f3n fueron temas centrales en la entrevista. Tetaz tambi\u00e9n se refiri\u00f3 [&hellip;]<\/p>\n","protected":false},"author":6,"featured_media":62134,"comment_status":"open","ping_status":"open","sticky":false,"template":"","format":"standard","meta":{"site-sidebar-layout":"default","site-content-layout":"","ast-site-content-layout":"default","site-content-style":"default","site-sidebar-style":"default","ast-global-header-display":"","ast-banner-title-visibility":"","ast-main-header-display":"","ast-hfb-above-header-display":"","ast-hfb-below-header-display":"","ast-hfb-mobile-header-display":"","site-post-title":"","ast-breadcrumbs-content":"","ast-featured-img":"","footer-sml-layout":"","ast-disable-related-posts":"","theme-transparent-header-meta":"","adv-header-id-meta":"","stick-header-meta":"","header-above-stick-meta":"","header-main-stick-meta":"","header-below-stick-meta":"","astra-migrate-meta-layouts":"default","ast-page-background-enabled":"default","ast-page-background-meta":{"desktop":{"background-color":"","background-image":"","background-repeat":"repeat","background-position":"center center","background-size":"auto","background-attachment":"scroll","background-type":"","background-media":"","overlay-type":"","overlay-color":"","overlay-opacity":"","overlay-gradient":""},"tablet":{"background-color":"","background-image":"","background-repeat":"repeat","background-position":"center center","background-size":"auto","background-attachment":"scroll","background-type":"","background-media":"","overlay-type":"","overlay-color":"","overlay-opacity":"","overlay-gradient":""},"mobile":{"background-color":"","background-image":"","background-repeat":"repeat","background-position":"center center","background-size":"auto","background-attachment":"scroll","background-type":"","background-media":"","overlay-type":"","overlay-color":"","overlay-opacity":"","overlay-gradient":""}},"ast-content-background-meta":{"desktop":{"background-color":"var(--ast-global-color-5)","background-image":"","background-repeat":"repeat","background-position":"center center","background-size":"auto","background-attachment":"scroll","background-type":"","background-media":"","overlay-type":"","overlay-color":"","overlay-opacity":"","overlay-gradient":""},"tablet":{"background-color":"var(--ast-global-color-5)","background-image":"","background-repeat":"repeat","background-position":"center center","background-size":"auto","background-attachment":"scroll","background-type":"","background-media":"","overlay-type":"","overlay-color":"","overlay-opacity":"","overlay-gradient":""},"mobile":{"background-color":"var(--ast-global-color-5)","background-image":"","background-repeat":"repeat","background-position":"center center","background-size":"auto","background-attachment":"scroll","background-type":"","background-media":"","overlay-type":"","overlay-color":"","overlay-opacity":"","overlay-gradient":""}},"_jetpack_memberships_contains_paid_content":false,"_joinchat":[],"footnotes":""},"categories":[2089,3557,2074],"tags":[4982,814,903,505,688,518,2467,17314,519,11563],"class_list":["post-62132","post","type-post","status-publish","format-standard","has-post-thumbnail","hentry","category-politica","category-tercera","category-videos","tag-canal-20","tag-crisis","tag-dolar","tag-economia","tag-entrevista","tag-german-giacchero","tag-inflacion","tag-martin-tetaz","tag-politica","tag-sergio-massa"],"yoast_head":"<!-- This site is optimized with the Yoast SEO plugin v26.8 - https:\/\/yoast.com\/product\/yoast-seo-wordpress\/ -->\n<title>Mart\u00edn Tetaz: &quot;Tengo en suspenso las expectativas que Massa logre estabilidad pol\u00edtica&quot; - El Regional<\/title>\n<meta name=\"robots\" content=\"index, follow, max-snippet:-1, max-image-preview:large, max-video-preview:-1\" \/>\n<link rel=\"canonical\" href=\"http:\/\/elregionalvm.com.ar\/noticias-villa-maria\/martin-tetaz-tengo-en-suspenso-las-expectativas-que-massa-logre-estabilidad-politica\/\" \/>\n<meta property=\"og:locale\" content=\"es_ES\" \/>\n<meta property=\"og:type\" content=\"article\" \/>\n<meta property=\"og:title\" content=\"Mart\u00edn Tetaz: &quot;Tengo en suspenso las expectativas que Massa logre estabilidad pol\u00edtica&quot; - El Regional\" \/>\n<meta property=\"og:description\" content=\"El diputado nacional de Juntos por el Cambio por la ciudad de Buenos Aires, el economista y escritor Mart\u00edn Tetaz dialog\u00f3 en Canal 20 Noticias, con el periodista Germ\u00e1n Giacchero. La crisis pol\u00edtica y econ\u00f3mica, la situaci\u00f3n del d\u00f3lar y el avance de la inflaci\u00f3n fueron temas centrales en la entrevista. Tetaz tambi\u00e9n se refiri\u00f3 [&hellip;]\" \/>\n<meta property=\"og:url\" content=\"http:\/\/elregionalvm.com.ar\/noticias-villa-maria\/martin-tetaz-tengo-en-suspenso-las-expectativas-que-massa-logre-estabilidad-politica\/\" \/>\n<meta property=\"og:site_name\" content=\"El Regional\" \/>\n<meta property=\"article:publisher\" content=\"https:\/\/www.facebook.com\/elregionalvm\" \/>\n<meta property=\"article:published_time\" content=\"2022-08-10T02:04:53+00:00\" \/>\n<meta property=\"article:modified_time\" content=\"2022-08-12T02:18:20+00:00\" \/>\n<meta property=\"og:image\" content=\"http:\/\/elregionalvm.com.ar\/noticias-villa-maria\/wp-content\/uploads\/2022\/08\/Martin-Tetaz.jpg\" \/>\n\t<meta property=\"og:image:width\" content=\"1920\" \/>\n\t<meta property=\"og:image:height\" content=\"1080\" \/>\n\t<meta property=\"og:image:type\" content=\"image\/jpeg\" \/>\n<meta name=\"author\" content=\"Germ\u00e1n Giacchero\" \/>\n<meta name=\"twitter:card\" content=\"summary_large_image\" \/>\n<meta name=\"twitter:creator\" content=\"@elregionalvm1\" \/>\n<meta name=\"twitter:site\" content=\"@elregionalvm1\" \/>\n<meta name=\"twitter:label1\" content=\"Escrito por\" \/>\n\t<meta name=\"twitter:data1\" content=\"Germ\u00e1n Giacchero\" \/>\n\t<meta name=\"twitter:label2\" content=\"Tiempo de lectura\" \/>\n\t<meta name=\"twitter:data2\" content=\"1 minuto\" \/>\n<script type=\"application\/ld+json\" class=\"yoast-schema-graph\">{\"@context\":\"https:\/\/schema.org\",\"@graph\":[{\"@type\":\"Article\",\"@id\":\"http:\/\/elregionalvm.com.ar\/noticias-villa-maria\/martin-tetaz-tengo-en-suspenso-las-expectativas-que-massa-logre-estabilidad-politica\/#article\",\"isPartOf\":{\"@id\":\"http:\/\/elregionalvm.com.ar\/noticias-villa-maria\/martin-tetaz-tengo-en-suspenso-las-expectativas-que-massa-logre-estabilidad-politica\/\"},\"author\":{\"name\":\"Germ\u00e1n Giacchero\",\"@id\":\"http:\/\/elregionalvm.com.ar\/noticias-villa-maria\/#\/schema\/person\/d5e4b04966154131701e52c45d3efec9\"},\"headline\":\"Mart\u00edn Tetaz: \u00abTengo en suspenso las expectativas que Massa logre estabilidad pol\u00edtica\u00bb\",\"datePublished\":\"2022-08-10T02:04:53+00:00\",\"dateModified\":\"2022-08-12T02:18:20+00:00\",\"mainEntityOfPage\":{\"@id\":\"http:\/\/elregionalvm.com.ar\/noticias-villa-maria\/martin-tetaz-tengo-en-suspenso-las-expectativas-que-massa-logre-estabilidad-politica\/\"},\"wordCount\":149,\"commentCount\":0,\"image\":{\"@id\":\"http:\/\/elregionalvm.com.ar\/noticias-villa-maria\/martin-tetaz-tengo-en-suspenso-las-expectativas-que-massa-logre-estabilidad-politica\/#primaryimage\"},\"thumbnailUrl\":\"https:\/\/i0.wp.com\/elregionalvm.com.ar\/noticias-villa-maria\/wp-content\/uploads\/2022\/08\/Martin-Tetaz.jpg?fit=1920%2C1080&ssl=1\",\"keywords\":[\"Canal 20\",\"crisis\",\"dolar\",\"Econom\u00eda\",\"Entrevista\",\"Germ\u00e1n Giacchero\",\"Inflaci\u00f3n\",\"Mart\u00edn Tetaz\",\"Pol\u00edtica\",\"Sergio Massa\"],\"articleSection\":[\"Pol\u00edtica\",\"tercera\",\"Videos\"],\"inLanguage\":\"es\",\"potentialAction\":[{\"@type\":\"CommentAction\",\"name\":\"Comment\",\"target\":[\"http:\/\/elregionalvm.com.ar\/noticias-villa-maria\/martin-tetaz-tengo-en-suspenso-las-expectativas-que-massa-logre-estabilidad-politica\/#respond\"]}]},{\"@type\":\"WebPage\",\"@id\":\"http:\/\/elregionalvm.com.ar\/noticias-villa-maria\/martin-tetaz-tengo-en-suspenso-las-expectativas-que-massa-logre-estabilidad-politica\/\",\"url\":\"http:\/\/elregionalvm.com.ar\/noticias-villa-maria\/martin-tetaz-tengo-en-suspenso-las-expectativas-que-massa-logre-estabilidad-politica\/\",\"name\":\"Mart\u00edn Tetaz: \\\"Tengo en suspenso las expectativas que Massa logre estabilidad pol\u00edtica\\\" - El Regional\",\"isPartOf\":{\"@id\":\"http:\/\/elregionalvm.com.ar\/noticias-villa-maria\/#website\"},\"primaryImageOfPage\":{\"@id\":\"http:\/\/elregionalvm.com.ar\/noticias-villa-maria\/martin-tetaz-tengo-en-suspenso-las-expectativas-que-massa-logre-estabilidad-politica\/#primaryimage\"},\"image\":{\"@id\":\"http:\/\/elregionalvm.com.ar\/noticias-villa-maria\/martin-tetaz-tengo-en-suspenso-las-expectativas-que-massa-logre-estabilidad-politica\/#primaryimage\"},\"thumbnailUrl\":\"https:\/\/i0.wp.com\/elregionalvm.com.ar\/noticias-villa-maria\/wp-content\/uploads\/2022\/08\/Martin-Tetaz.jpg?fit=1920%2C1080&ssl=1\",\"datePublished\":\"2022-08-10T02:04:53+00:00\",\"dateModified\":\"2022-08-12T02:18:20+00:00\",\"author\":{\"@id\":\"http:\/\/elregionalvm.com.ar\/noticias-villa-maria\/#\/schema\/person\/d5e4b04966154131701e52c45d3efec9\"},\"breadcrumb\":{\"@id\":\"http:\/\/elregionalvm.com.ar\/noticias-villa-maria\/martin-tetaz-tengo-en-suspenso-las-expectativas-que-massa-logre-estabilidad-politica\/#breadcrumb\"},\"inLanguage\":\"es\",\"potentialAction\":[{\"@type\":\"ReadAction\",\"target\":[\"http:\/\/elregionalvm.com.ar\/noticias-villa-maria\/martin-tetaz-tengo-en-suspenso-las-expectativas-que-massa-logre-estabilidad-politica\/\"]}]},{\"@type\":\"ImageObject\",\"inLanguage\":\"es\",\"@id\":\"http:\/\/elregionalvm.com.ar\/noticias-villa-maria\/martin-tetaz-tengo-en-suspenso-las-expectativas-que-massa-logre-estabilidad-politica\/#primaryimage\",\"url\":\"https:\/\/i0.wp.com\/elregionalvm.com.ar\/noticias-villa-maria\/wp-content\/uploads\/2022\/08\/Martin-Tetaz.jpg?fit=1920%2C1080&ssl=1\",\"contentUrl\":\"https:\/\/i0.wp.com\/elregionalvm.com.ar\/noticias-villa-maria\/wp-content\/uploads\/2022\/08\/Martin-Tetaz.jpg?fit=1920%2C1080&ssl=1\",\"width\":1920,\"height\":1080},{\"@type\":\"BreadcrumbList\",\"@id\":\"http:\/\/elregionalvm.com.ar\/noticias-villa-maria\/martin-tetaz-tengo-en-suspenso-las-expectativas-que-massa-logre-estabilidad-politica\/#breadcrumb\",\"itemListElement\":[{\"@type\":\"ListItem\",\"position\":1,\"name\":\"Portada\",\"item\":\"https:\/\/elregionalvm.com.ar\/noticias-villa-maria\/\"},{\"@type\":\"ListItem\",\"position\":2,\"name\":\"Mart\u00edn Tetaz: \u00abTengo en suspenso las expectativas que Massa logre estabilidad pol\u00edtica\u00bb\"}]},{\"@type\":\"WebSite\",\"@id\":\"http:\/\/elregionalvm.com.ar\/noticias-villa-maria\/#website\",\"url\":\"http:\/\/elregionalvm.com.ar\/noticias-villa-maria\/\",\"name\":\"El Regional\",\"description\":\"Mucho m\u00e1s que informaci\u00f3n\",\"potentialAction\":[{\"@type\":\"SearchAction\",\"target\":{\"@type\":\"EntryPoint\",\"urlTemplate\":\"http:\/\/elregionalvm.com.ar\/noticias-villa-maria\/?s={search_term_string}\"},\"query-input\":{\"@type\":\"PropertyValueSpecification\",\"valueRequired\":true,\"valueName\":\"search_term_string\"}}],\"inLanguage\":\"es\"},{\"@type\":\"Person\",\"@id\":\"http:\/\/elregionalvm.com.ar\/noticias-villa-maria\/#\/schema\/person\/d5e4b04966154131701e52c45d3efec9\",\"name\":\"Germ\u00e1n Giacchero\",\"image\":{\"@type\":\"ImageObject\",\"inLanguage\":\"es\",\"@id\":\"http:\/\/elregionalvm.com.ar\/noticias-villa-maria\/#\/schema\/person\/image\/\",\"url\":\"https:\/\/secure.gravatar.com\/avatar\/fda163ba5ef0307ee5be9846e10f83b6e83d0cfb260d3b2464830318894c6b04?s=96&d=mm&r=g\",\"contentUrl\":\"https:\/\/secure.gravatar.com\/avatar\/fda163ba5ef0307ee5be9846e10f83b6e83d0cfb260d3b2464830318894c6b04?s=96&d=mm&r=g\",\"caption\":\"Germ\u00e1n Giacchero\"},\"url\":\"https:\/\/elregionalvm.com.ar\/noticias-villa-maria\/author\/germangiacchero\/\"}]}<\/script>\n<!-- \/ Yoast SEO plugin. -->","yoast_head_json":{"title":"Mart\u00edn Tetaz: \"Tengo en suspenso las expectativas que Massa logre estabilidad pol\u00edtica\" - El Regional","robots":{"index":"index","follow":"follow","max-snippet":"max-snippet:-1","max-image-preview":"max-image-preview:large","max-video-preview":"max-video-preview:-1"},"canonical":"http:\/\/elregionalvm.com.ar\/noticias-villa-maria\/martin-tetaz-tengo-en-suspenso-las-expectativas-que-massa-logre-estabilidad-politica\/","og_locale":"es_ES","og_type":"article","og_title":"Mart\u00edn Tetaz: \"Tengo en suspenso las expectativas que Massa logre estabilidad pol\u00edtica\" - El Regional","og_description":"El diputado nacional de Juntos por el Cambio por la ciudad de Buenos Aires, el economista y escritor Mart\u00edn Tetaz dialog\u00f3 en Canal 20 Noticias, con el periodista Germ\u00e1n Giacchero. La crisis pol\u00edtica y econ\u00f3mica, la situaci\u00f3n del d\u00f3lar y el avance de la inflaci\u00f3n fueron temas centrales en la entrevista. Tetaz tambi\u00e9n se refiri\u00f3 [&hellip;]","og_url":"http:\/\/elregionalvm.com.ar\/noticias-villa-maria\/martin-tetaz-tengo-en-suspenso-las-expectativas-que-massa-logre-estabilidad-politica\/","og_site_name":"El Regional","article_publisher":"https:\/\/www.facebook.com\/elregionalvm","article_published_time":"2022-08-10T02:04:53+00:00","article_modified_time":"2022-08-12T02:18:20+00:00","og_image":[{"width":1920,"height":1080,"url":"http:\/\/elregionalvm.com.ar\/noticias-villa-maria\/wp-content\/uploads\/2022\/08\/Martin-Tetaz.jpg","type":"image\/jpeg"}],"author":"Germ\u00e1n Giacchero","twitter_card":"summary_large_image","twitter_creator":"@elregionalvm1","twitter_site":"@elregionalvm1","twitter_misc":{"Escrito por":"Germ\u00e1n Giacchero","Tiempo de lectura":"1 minuto"},"schema":{"@context":"https:\/\/schema.org","@graph":[{"@type":"Article","@id":"http:\/\/elregionalvm.com.ar\/noticias-villa-maria\/martin-tetaz-tengo-en-suspenso-las-expectativas-que-massa-logre-estabilidad-politica\/#article","isPartOf":{"@id":"http:\/\/elregionalvm.com.ar\/noticias-villa-maria\/martin-tetaz-tengo-en-suspenso-las-expectativas-que-massa-logre-estabilidad-politica\/"},"author":{"name":"Germ\u00e1n Giacchero","@id":"http:\/\/elregionalvm.com.ar\/noticias-villa-maria\/#\/schema\/person\/d5e4b04966154131701e52c45d3efec9"},"headline":"Mart\u00edn Tetaz: \u00abTengo en suspenso las expectativas que Massa logre estabilidad pol\u00edtica\u00bb","datePublished":"2022-08-10T02:04:53+00:00","dateModified":"2022-08-12T02:18:20+00:00","mainEntityOfPage":{"@id":"http:\/\/elregionalvm.com.ar\/noticias-villa-maria\/martin-tetaz-tengo-en-suspenso-las-expectativas-que-massa-logre-estabilidad-politica\/"},"wordCount":149,"commentCount":0,"image":{"@id":"http:\/\/elregionalvm.com.ar\/noticias-villa-maria\/martin-tetaz-tengo-en-suspenso-las-expectativas-que-massa-logre-estabilidad-politica\/#primaryimage"},"thumbnailUrl":"https:\/\/i0.wp.com\/elregionalvm.com.ar\/noticias-villa-maria\/wp-content\/uploads\/2022\/08\/Martin-Tetaz.jpg?fit=1920%2C1080&ssl=1","keywords":["Canal 20","crisis","dolar","Econom\u00eda","Entrevista","Germ\u00e1n Giacchero","Inflaci\u00f3n","Mart\u00edn Tetaz","Pol\u00edtica","Sergio Massa"],"articleSection":["Pol\u00edtica","tercera","Videos"],"inLanguage":"es","potentialAction":[{"@type":"CommentAction","name":"Comment","target":["http:\/\/elregionalvm.com.ar\/noticias-villa-maria\/martin-tetaz-tengo-en-suspenso-las-expectativas-que-massa-logre-estabilidad-politica\/#respond"]}]},{"@type":"WebPage","@id":"http:\/\/elregionalvm.com.ar\/noticias-villa-maria\/martin-tetaz-tengo-en-suspenso-las-expectativas-que-massa-logre-estabilidad-politica\/","url":"http:\/\/elregionalvm.com.ar\/noticias-villa-maria\/martin-tetaz-tengo-en-suspenso-las-expectativas-que-massa-logre-estabilidad-politica\/","name":"Mart\u00edn Tetaz: \"Tengo en suspenso las expectativas que Massa logre estabilidad pol\u00edtica\" - El Regional","isPartOf":{"@id":"http:\/\/elregionalvm.com.ar\/noticias-villa-maria\/#website"},"primaryImageOfPage":{"@id":"http:\/\/elregionalvm.com.ar\/noticias-villa-maria\/martin-tetaz-tengo-en-suspenso-las-expectativas-que-massa-logre-estabilidad-politica\/#primaryimage"},"image":{"@id":"http:\/\/elregionalvm.com.ar\/noticias-villa-maria\/martin-tetaz-tengo-en-suspenso-las-expectativas-que-massa-logre-estabilidad-politica\/#primaryimage"},"thumbnailUrl":"https:\/\/i0.wp.com\/elregionalvm.com.ar\/noticias-villa-maria\/wp-content\/uploads\/2022\/08\/Martin-Tetaz.jpg?fit=1920%2C1080&ssl=1","datePublished":"2022-08-10T02:04:53+00:00","dateModified":"2022-08-12T02:18:20+00:00","author":{"@id":"http:\/\/elregionalvm.com.ar\/noticias-villa-maria\/#\/schema\/person\/d5e4b04966154131701e52c45d3efec9"},"breadcrumb":{"@id":"http:\/\/elregionalvm.com.ar\/noticias-villa-maria\/martin-tetaz-tengo-en-suspenso-las-expectativas-que-massa-logre-estabilidad-politica\/#breadcrumb"},"inLanguage":"es","potentialAction":[{"@type":"ReadAction","target":["http:\/\/elregionalvm.com.ar\/noticias-villa-maria\/martin-tetaz-tengo-en-suspenso-las-expectativas-que-massa-logre-estabilidad-politica\/"]}]},{"@type":"ImageObject","inLanguage":"es","@id":"http:\/\/elregionalvm.com.ar\/noticias-villa-maria\/martin-tetaz-tengo-en-suspenso-las-expectativas-que-massa-logre-estabilidad-politica\/#primaryimage","url":"https:\/\/i0.wp.com\/elregionalvm.com.ar\/noticias-villa-maria\/wp-content\/uploads\/2022\/08\/Martin-Tetaz.jpg?fit=1920%2C1080&ssl=1","contentUrl":"https:\/\/i0.wp.com\/elregionalvm.com.ar\/noticias-villa-maria\/wp-content\/uploads\/2022\/08\/Martin-Tetaz.jpg?fit=1920%2C1080&ssl=1","width":1920,"height":1080},{"@type":"BreadcrumbList","@id":"http:\/\/elregionalvm.com.ar\/noticias-villa-maria\/martin-tetaz-tengo-en-suspenso-las-expectativas-que-massa-logre-estabilidad-politica\/#breadcrumb","itemListElement":[{"@type":"ListItem","position":1,"name":"Portada","item":"https:\/\/elregionalvm.com.ar\/noticias-villa-maria\/"},{"@type":"ListItem","position":2,"name":"Mart\u00edn Tetaz: \u00abTengo en suspenso las expectativas que Massa logre estabilidad pol\u00edtica\u00bb"}]},{"@type":"WebSite","@id":"http:\/\/elregionalvm.com.ar\/noticias-villa-maria\/#website","url":"http:\/\/elregionalvm.com.ar\/noticias-villa-maria\/","name":"El Regional","description":"Mucho m\u00e1s que informaci\u00f3n","potentialAction":[{"@type":"SearchAction","target":{"@type":"EntryPoint","urlTemplate":"http:\/\/elregionalvm.com.ar\/noticias-villa-maria\/?s={search_term_string}"},"query-input":{"@type":"PropertyValueSpecification","valueRequired":true,"valueName":"search_term_string"}}],"inLanguage":"es"},{"@type":"Person","@id":"http:\/\/elregionalvm.com.ar\/noticias-villa-maria\/#\/schema\/person\/d5e4b04966154131701e52c45d3efec9","name":"Germ\u00e1n Giacchero","image":{"@type":"ImageObject","inLanguage":"es","@id":"http:\/\/elregionalvm.com.ar\/noticias-villa-maria\/#\/schema\/person\/image\/","url":"https:\/\/secure.gravatar.com\/avatar\/fda163ba5ef0307ee5be9846e10f83b6e83d0cfb260d3b2464830318894c6b04?s=96&d=mm&r=g","contentUrl":"https:\/\/secure.gravatar.com\/avatar\/fda163ba5ef0307ee5be9846e10f83b6e83d0cfb260d3b2464830318894c6b04?s=96&d=mm&r=g","caption":"Germ\u00e1n Giacchero"},"url":"https:\/\/elregionalvm.com.ar\/noticias-villa-maria\/author\/germangiacchero\/"}]}},"jetpack_featured_media_url":"https:\/\/i0.wp.com\/elregionalvm.com.ar\/noticias-villa-maria\/wp-content\/uploads\/2022\/08\/Martin-Tetaz.jpg?fit=1920%2C1080&ssl=1","jetpack_sharing_enabled":true,"_links":{"self":[{"href":"https:\/\/elregionalvm.com.ar\/noticias-villa-maria\/wp-json\/wp\/v2\/posts\/62132","targetHints":{"allow":["GET"]}}],"collection":[{"href":"https:\/\/elregionalvm.com.ar\/noticias-villa-maria\/wp-json\/wp\/v2\/posts"}],"about":[{"href":"https:\/\/elregionalvm.com.ar\/noticias-villa-maria\/wp-json\/wp\/v2\/types\/post"}],"author":[{"embeddable":true,"href":"https:\/\/elregionalvm.com.ar\/noticias-villa-maria\/wp-json\/wp\/v2\/users\/6"}],"replies":[{"embeddable":true,"href":"https:\/\/elregionalvm.com.ar\/noticias-villa-maria\/wp-json\/wp\/v2\/comments?post=62132"}],"version-history":[{"count":3,"href":"https:\/\/elregionalvm.com.ar\/noticias-villa-maria\/wp-json\/wp\/v2\/posts\/62132\/revisions"}],"predecessor-version":[{"id":62136,"href":"https:\/\/elregionalvm.com.ar\/noticias-villa-maria\/wp-json\/wp\/v2\/posts\/62132\/revisions\/62136"}],"wp:featuredmedia":[{"embeddable":true,"href":"https:\/\/elregionalvm.com.ar\/noticias-villa-maria\/wp-json\/wp\/v2\/media\/62134"}],"wp:attachment":[{"href":"https:\/\/elregionalvm.com.ar\/noticias-villa-maria\/wp-json\/wp\/v2\/media?parent=62132"}],"wp:term":[{"taxonomy":"category","embeddable":true,"href":"https:\/\/elregionalvm.com.ar\/noticias-villa-maria\/wp-json\/wp\/v2\/categories?post=62132"},{"taxonomy":"post_tag","embeddable":true,"href":"https:\/\/elregionalvm.com.ar\/noticias-villa-maria\/wp-json\/wp\/v2\/tags?post=62132"}],"curies":[{"name":"wp","href":"https:\/\/api.w.org\/{rel}","templated":true}]}}