{"id":62192,"date":"2022-08-11T15:21:46","date_gmt":"2022-08-11T15:21:46","guid":{"rendered":"https:\/\/elregionalvm.com.ar\/noticias-villa-maria\/?p=62192"},"modified":"2022-08-12T02:17:49","modified_gmt":"2022-08-12T02:17:49","slug":"la-infancia-de-los-lideres-neil-armstrong-y-la-promesa-que-no-le-creyeron","status":"publish","type":"post","link":"https:\/\/elregionalvm.com.ar\/noticias-villa-maria\/la-infancia-de-los-lideres-neil-armstrong-y-la-promesa-que-no-le-creyeron\/","title":{"rendered":"[La infancia de los l\u00edderes] Neil Armstrong y la promesa que no le creyeron"},"content":{"rendered":"\n<p><\/p>\n\n\n\n<h3 class=\"wp-block-heading\">El pr\u00f3ximo 25 de agosto se cumplir\u00e1 10 a\u00f1os de la muerte del primer hombre en pisar el suelo lunar. Este relato recupera la historia entre un ni\u00f1o que so\u00f1aba volar y una ni\u00f1a que le pidi\u00f3 prometer lo imposible en su momento. Llegar a la Luna. <\/h3>\n\n\n\n<p><\/p>\n\n\n\n<p><strong>Escribe: Prof. Luis Luj\u00e1n<\/strong><\/p>\n\n\n\n<p><\/p>\n\n\n\n<p>Los padres del ni\u00f1o se alejaron de la granja en donde resid\u00edan con el abuelo del muchachito desde hac\u00eda muchos a\u00f1os. Las tardes de mayo eran calurosas en ese estado norteamericano de Ohio. Los trigales comenzaban a enca\u00f1ar y los animales buscaban las pocas sombras que ten\u00edan en el campo abierto.<\/p>\n\n\n\n<p>El ni\u00f1o se escapaba por las siestas, ensillaba su caballo y se dirig\u00eda hacia el lago peque\u00f1o que se encontraba en el lado sur de la llanura. Muy cerca de all\u00ed viv\u00eda un matrimonio que ten\u00eda una hija de diez a\u00f1os de edad, apenas uno menos que \u00e9l, que conoc\u00eda desde que ella comenzara su educaci\u00f3n primaria en la misma escuela.<\/p>\n\n\n\n<p>Sophia era rubia como los trigales del campo de su abuelo, y sus ojos celestes como el espejo de ese cristalino lago. Hab\u00eda algo en su rostro que llenaba de curiosidad al peque\u00f1o, un universo de graciosas pecas que lo hac\u00edan so\u00f1ar con ella en cada noche en los \u00faltimos dos a\u00f1os.<\/p>\n\n\n\n<p>\u00c9l estaba enamorado de la hermosa ni\u00f1a. \u00bfY qu\u00e9 era el amor en sus cortos a\u00f1os? Quiz\u00e1s ellos no lo sab\u00edan, pero algo en sus corazones les daba la templanza necesaria para amarse en silencio sin decir palabras.<\/p>\n\n\n\n<p>Sophia abandonaba el establo en su blanco corcel e iba al encuentro de su ni\u00f1o enamorado. La sombra del \u00fanico \u00e1rbol de enorme copa que estaba junto al peque\u00f1o lago fue testigo de tantas horas de lirismo. Eran ni\u00f1os, s\u00ed, pero entend\u00edan el idioma universal del amor, tierno, apacible, sincero, pueril e inocente.<\/p>\n\n\n\n<p><\/p>\n\n\n\n<figure class=\"wp-block-pullquote\"><blockquote><p><strong>Trabajar\u00e9 para conseguir dinero y aprender\u00e1 a pilotear un avi\u00f3n, tan s\u00f3lo para venir a navegar tus cielos<\/strong><\/p><\/blockquote><\/figure>\n\n\n\n<p><\/p>\n\n\n\n<p>-\u00bfCu\u00e1ndo te vas? \u2013pregunt\u00f3 la angelical mujercita.<\/p>\n\n\n\n<p>-En pocos d\u00edas m\u00e1s.<\/p>\n\n\n\n<p>-\u00bfVolver\u00e1s alg\u00fan d\u00eda?<\/p>\n\n\n\n<p>-\u00a1Siempre que pueda lo har\u00e9!<\/p>\n\n\n\n<p>-Ser\u00e1 dif\u00edcil sin ti, ya nada tendr\u00e1 sentido aqu\u00ed.<\/p>\n\n\n\n<p>-Oh, no digas eso, Sophia, har\u00e9 que todo tenga un sentido en esta vida. Somos tan j\u00f3venes a\u00fan que reci\u00e9n estamos despertando.<\/p>\n\n\n\n<p>-Creo mucho en ti, y todo lo que me digas ser\u00e1 palabra santa. Pero ya no vas a estar m\u00e1s conmigo por las tardes, ni te ver\u00e9 en la escuela.<\/p>\n\n\n\n<p><\/p>\n\n\n\n<figure class=\"wp-block-image size-large\"><img data-recalc-dims=\"1\" fetchpriority=\"high\" decoding=\"async\" width=\"1024\" height=\"576\" src=\"https:\/\/i0.wp.com\/elregionalvm.com.ar\/noticias-villa-maria\/wp-content\/uploads\/2022\/08\/Armstrong-pisando-la-Luna.jpg?resize=1024%2C576&#038;ssl=1\" alt=\"\" class=\"wp-image-62200\" srcset=\"https:\/\/i0.wp.com\/elregionalvm.com.ar\/noticias-villa-maria\/wp-content\/uploads\/2022\/08\/Armstrong-pisando-la-Luna.jpg?resize=1024%2C576&amp;ssl=1 1024w, https:\/\/i0.wp.com\/elregionalvm.com.ar\/noticias-villa-maria\/wp-content\/uploads\/2022\/08\/Armstrong-pisando-la-Luna.jpg?resize=300%2C169&amp;ssl=1 300w, https:\/\/i0.wp.com\/elregionalvm.com.ar\/noticias-villa-maria\/wp-content\/uploads\/2022\/08\/Armstrong-pisando-la-Luna.jpg?resize=768%2C432&amp;ssl=1 768w, https:\/\/i0.wp.com\/elregionalvm.com.ar\/noticias-villa-maria\/wp-content\/uploads\/2022\/08\/Armstrong-pisando-la-Luna.jpg?resize=1536%2C864&amp;ssl=1 1536w, https:\/\/i0.wp.com\/elregionalvm.com.ar\/noticias-villa-maria\/wp-content\/uploads\/2022\/08\/Armstrong-pisando-la-Luna.jpg?w=1960&amp;ssl=1 1960w\" sizes=\"(max-width: 1000px) 100vw, 1000px\" \/><\/figure>\n\n\n\n<p><\/p>\n\n\n\n<p>-Mira, Sophia, desde mi primer d\u00eda lejos de aqu\u00ed buscar\u00e9 la forma de comunicarme contigo.<\/p>\n\n\n\n<p>-\u00bfC\u00f3mo? \u00bfC\u00f3mo lo har\u00e1s?<\/p>\n\n\n\n<p>-\u00a1Volar\u00e9!<\/p>\n\n\n\n<p>-\u00bfC\u00f3mo que volar\u00e1s?<\/p>\n\n\n\n<p>-\u00a1S\u00ed, como lo escuchas! Trabajar\u00e9 para conseguir dinero y aprender\u00e1 a pilotear un avi\u00f3n, tan s\u00f3lo para venir a navegar tus cielos.<\/p>\n\n\n\n<p>-\u00bfHar\u00edas eso por m\u00ed?<\/p>\n\n\n\n<p>-\u00a1S\u00ed, lo juro! \u00a1Lo har\u00e9!<\/p>\n\n\n\n<p>-\u00a1Oh, t\u00fa y tus locuras!<\/p>\n\n\n\n<p>-\u00a1No es locura, deseo hacerlo por ti!<\/p>\n\n\n\n<p>-\u00a1Lo dices ahora porque pronto partir\u00e1s! No hay necesidad de hacer falsas promesas, s\u00f3lo di que me extra\u00f1ar\u00e1s y ser\u00e9 feliz sabiendo que a\u00fan, en la distancia, pensar\u00e1s en m\u00ed.<\/p>\n\n\n\n<p>-\u00a1Te lo prometo, Sophia, te lo prometo!<\/p>\n\n\n\n<p>-Seguramente har\u00edas eso tambi\u00e9n por otra chica. No quiero tu promesa posible, quiero m\u00e1s que eso.<\/p>\n\n\n\n<p>-\u00bfQu\u00e9 deseas? P\u00eddeme la luna y tambi\u00e9n te la dar\u00e9.<\/p>\n\n\n\n<p><\/p>\n\n\n\n<figure class=\"wp-block-image size-large\"><img data-recalc-dims=\"1\" decoding=\"async\" width=\"1024\" height=\"647\" src=\"https:\/\/i0.wp.com\/elregionalvm.com.ar\/noticias-villa-maria\/wp-content\/uploads\/2022\/08\/armstrong-pisa-la-luna.jpg?resize=1024%2C647&#038;ssl=1\" alt=\"\" class=\"wp-image-62201\" srcset=\"https:\/\/i0.wp.com\/elregionalvm.com.ar\/noticias-villa-maria\/wp-content\/uploads\/2022\/08\/armstrong-pisa-la-luna.jpg?resize=1024%2C647&amp;ssl=1 1024w, https:\/\/i0.wp.com\/elregionalvm.com.ar\/noticias-villa-maria\/wp-content\/uploads\/2022\/08\/armstrong-pisa-la-luna.jpg?resize=300%2C190&amp;ssl=1 300w, https:\/\/i0.wp.com\/elregionalvm.com.ar\/noticias-villa-maria\/wp-content\/uploads\/2022\/08\/armstrong-pisa-la-luna.jpg?resize=768%2C485&amp;ssl=1 768w, https:\/\/i0.wp.com\/elregionalvm.com.ar\/noticias-villa-maria\/wp-content\/uploads\/2022\/08\/armstrong-pisa-la-luna.jpg?w=1200&amp;ssl=1 1200w\" sizes=\"(max-width: 1000px) 100vw, 1000px\" \/><\/figure>\n\n\n\n<p><\/p>\n\n\n\n<p>Sophia mir\u00f3 los ojos de su amado y vio que tambi\u00e9n en los suyos prend\u00eda una l\u00e1grima de dolor por la despedida. Sab\u00eda que nada impedir\u00eda su partida. <\/p>\n\n\n\n<p>All\u00ed en la ciudad en donde \u00e9l se dirigir\u00eda con sus padres habr\u00eda millones de mujeres a quien conquistar. Ella era s\u00f3lo un accidente en el espacio y tiempo, un hermoso accidente en su corta vida.<\/p>\n\n\n\n<p><\/p>\n\n\n\n<figure class=\"wp-block-pullquote\"><blockquote><p><strong>\u00a1Volar\u00e9 muy alto, hasta donde ning\u00fan hombre haya llegado!<\/strong><\/p><\/blockquote><\/figure>\n\n\n\n<p><\/p>\n\n\n\n<p>-\u00a1Prom\u00e9teme lo que jam\u00e1s le prometer\u00edas a ninguna otra mujer!<\/p>\n\n\n\n<p>-Dame una idea, s\u00f3lo una y la compartir\u00e9 solamente contigo. \u00bfQu\u00e9 deseas?<\/p>\n\n\n\n<p>-\u00a1Vuela muy alto para m\u00ed!<\/p>\n\n\n\n<p>-\u00a1Volar\u00e9 muy alto, hasta donde ning\u00fan hombre haya llegado!<\/p>\n\n\n\n<p>-\u00a1Entonces vuela hasta la luna por m\u00ed!<\/p>\n\n\n\n<p>-\u00a1S\u00ed, lo har\u00e9, ir\u00e9 hasta la luna por ti!<\/p>\n\n\n\n<p>-\u00a1Eres un hip\u00f3crita!<\/p>\n\n\n\n<p>-\u00bfPor qu\u00e9?<\/p>\n\n\n\n<p>-\u00a1Porque nadie puede ir a la luna, ni siquiera por amor!<\/p>\n\n\n\n<p>Sophia se levant\u00f3 de la gramilla, bajo la sombra del enorme \u00e1rbol junto al peque\u00f1o lago, y sali\u00f3 corriendo en llantos. Mont\u00f3 su caballo y se alej\u00f3 de all\u00ed.<\/p>\n\n\n\n<p>No crey\u00f3 en la promesa de su ni\u00f1o amado, no crey\u00f3 en \u00e9l, pero Neil Armstrong le dec\u00eda la verdad.<\/p>\n\n\n\n<p><\/p>\n\n\n\n<figure class=\"wp-block-image aligncenter size-full\"><img data-recalc-dims=\"1\" decoding=\"async\" width=\"427\" height=\"329\" src=\"https:\/\/i0.wp.com\/elregionalvm.com.ar\/noticias-villa-maria\/wp-content\/uploads\/2022\/08\/Neil-Armstrong-dibujo.jpg?resize=427%2C329&#038;ssl=1\" alt=\"\" class=\"wp-image-62194\" srcset=\"https:\/\/i0.wp.com\/elregionalvm.com.ar\/noticias-villa-maria\/wp-content\/uploads\/2022\/08\/Neil-Armstrong-dibujo.jpg?w=427&amp;ssl=1 427w, https:\/\/i0.wp.com\/elregionalvm.com.ar\/noticias-villa-maria\/wp-content\/uploads\/2022\/08\/Neil-Armstrong-dibujo.jpg?resize=300%2C231&amp;ssl=1 300w\" sizes=\"(max-width: 427px) 100vw, 427px\" \/><\/figure>\n\n\n\n<p class=\"has-text-align-center\"><strong><em>Ilustraci\u00f3n: Sabina Bompani<\/em><\/strong><\/p>\n\n\n\n<p><\/p>\n\n\n\n<figure class=\"wp-block-embed is-type-wp-embed is-provider-el-regional wp-block-embed-el-regional\"><div class=\"wp-block-embed__wrapper\">\n<blockquote class=\"wp-embedded-content\" data-secret=\"NpjyQvovEv\"><a href=\"https:\/\/elregionalvm.com.ar\/noticias-villa-maria\/la-infancia-de-los-lideres-el-nino-y-el-ombu-el-santo-cura-brochero9\/\">[La infancia de los l\u00edderes] El ni\u00f1o y el omb\u00fa: el santo Cura Brochero<\/a><\/blockquote><iframe class=\"wp-embedded-content\" sandbox=\"allow-scripts\" security=\"restricted\" style=\"position: absolute; clip: rect(1px, 1px, 1px, 1px);\" title=\"\u00ab[La infancia de los l\u00edderes] El ni\u00f1o y el omb\u00fa: el santo Cura Brochero\u00bb \u2014 El Regional\" src=\"https:\/\/elregionalvm.com.ar\/noticias-villa-maria\/la-infancia-de-los-lideres-el-nino-y-el-ombu-el-santo-cura-brochero9\/embed\/#?secret=4VZNhc98jj#?secret=NpjyQvovEv\" data-secret=\"NpjyQvovEv\" width=\"500\" height=\"282\" frameborder=\"0\" marginwidth=\"0\" marginheight=\"0\" scrolling=\"no\"><\/iframe>\n<\/div><\/figure>\n","protected":false},"excerpt":{"rendered":"<p>El pr\u00f3ximo 25 de agosto se cumplir\u00e1 10 a\u00f1os de la muerte del primer hombre en pisar el suelo lunar. Este relato recupera la historia entre un ni\u00f1o que so\u00f1aba volar y una ni\u00f1a que le pidi\u00f3 prometer lo imposible en su momento. Llegar a la Luna. Escribe: Prof. Luis Luj\u00e1n Los padres del ni\u00f1o [&hellip;]<\/p>\n","protected":false},"author":4,"featured_media":62199,"comment_status":"open","ping_status":"open","sticky":false,"template":"","format":"standard","meta":{"site-sidebar-layout":"default","site-content-layout":"","ast-site-content-layout":"default","site-content-style":"default","site-sidebar-style":"default","ast-global-header-display":"","ast-banner-title-visibility":"","ast-main-header-display":"","ast-hfb-above-header-display":"","ast-hfb-below-header-display":"","ast-hfb-mobile-header-display":"","site-post-title":"","ast-breadcrumbs-content":"","ast-featured-img":"","footer-sml-layout":"","ast-disable-related-posts":"","theme-transparent-header-meta":"","adv-header-id-meta":"","stick-header-meta":"","header-above-stick-meta":"","header-main-stick-meta":"","header-below-stick-meta":"","astra-migrate-meta-layouts":"default","ast-page-background-enabled":"default","ast-page-background-meta":{"desktop":{"background-color":"","background-image":"","background-repeat":"repeat","background-position":"center center","background-size":"auto","background-attachment":"scroll","background-type":"","background-media":"","overlay-type":"","overlay-color":"","overlay-opacity":"","overlay-gradient":""},"tablet":{"background-color":"","background-image":"","background-repeat":"repeat","background-position":"center center","background-size":"auto","background-attachment":"scroll","background-type":"","background-media":"","overlay-type":"","overlay-color":"","overlay-opacity":"","overlay-gradient":""},"mobile":{"background-color":"","background-image":"","background-repeat":"repeat","background-position":"center center","background-size":"auto","background-attachment":"scroll","background-type":"","background-media":"","overlay-type":"","overlay-color":"","overlay-opacity":"","overlay-gradient":""}},"ast-content-background-meta":{"desktop":{"background-color":"var(--ast-global-color-5)","background-image":"","background-repeat":"repeat","background-position":"center center","background-size":"auto","background-attachment":"scroll","background-type":"","background-media":"","overlay-type":"","overlay-color":"","overlay-opacity":"","overlay-gradient":""},"tablet":{"background-color":"var(--ast-global-color-5)","background-image":"","background-repeat":"repeat","background-position":"center center","background-size":"auto","background-attachment":"scroll","background-type":"","background-media":"","overlay-type":"","overlay-color":"","overlay-opacity":"","overlay-gradient":""},"mobile":{"background-color":"var(--ast-global-color-5)","background-image":"","background-repeat":"repeat","background-position":"center center","background-size":"auto","background-attachment":"scroll","background-type":"","background-media":"","overlay-type":"","overlay-color":"","overlay-opacity":"","overlay-gradient":""}},"_jetpack_memberships_contains_paid_content":false,"_joinchat":[],"footnotes":""},"categories":[2098,2323,9200],"tags":[19,17353,1386,5347,14838,567,3349,17352,398,17354],"class_list":["post-62192","post","type-post","status-publish","format-standard","has-post-thumbnail","hentry","category-historias","category-notas-secundarias","category-puro-cuento","tag-amor","tag-apolo","tag-historias","tag-infancia","tag-lideres","tag-luis-lujan","tag-luna","tag-neil-armstrong","tag-ninos","tag-promesa"],"yoast_head":"<!-- This site is optimized with the Yoast SEO plugin v26.8 - https:\/\/yoast.com\/product\/yoast-seo-wordpress\/ -->\n<title>[La infancia de los l\u00edderes] Neil Armstrong y la promesa que no le creyeron - El Regional<\/title>\n<meta name=\"robots\" content=\"index, follow, max-snippet:-1, max-image-preview:large, max-video-preview:-1\" \/>\n<link rel=\"canonical\" href=\"http:\/\/elregionalvm.com.ar\/noticias-villa-maria\/la-infancia-de-los-lideres-neil-armstrong-y-la-promesa-que-no-le-creyeron\/\" \/>\n<meta property=\"og:locale\" content=\"es_ES\" \/>\n<meta property=\"og:type\" content=\"article\" \/>\n<meta property=\"og:title\" content=\"[La infancia de los l\u00edderes] Neil Armstrong y la promesa que no le creyeron - El Regional\" \/>\n<meta property=\"og:description\" content=\"El pr\u00f3ximo 25 de agosto se cumplir\u00e1 10 a\u00f1os de la muerte del primer hombre en pisar el suelo lunar. Este relato recupera la historia entre un ni\u00f1o que so\u00f1aba volar y una ni\u00f1a que le pidi\u00f3 prometer lo imposible en su momento. Llegar a la Luna. Escribe: Prof. Luis Luj\u00e1n Los padres del ni\u00f1o [&hellip;]\" \/>\n<meta property=\"og:url\" content=\"http:\/\/elregionalvm.com.ar\/noticias-villa-maria\/la-infancia-de-los-lideres-neil-armstrong-y-la-promesa-que-no-le-creyeron\/\" \/>\n<meta property=\"og:site_name\" content=\"El Regional\" \/>\n<meta property=\"article:publisher\" content=\"https:\/\/www.facebook.com\/elregionalvm\" \/>\n<meta property=\"article:published_time\" content=\"2022-08-11T15:21:46+00:00\" \/>\n<meta property=\"article:modified_time\" content=\"2022-08-12T02:17:49+00:00\" \/>\n<meta property=\"og:image\" content=\"http:\/\/elregionalvm.com.ar\/noticias-villa-maria\/wp-content\/uploads\/2022\/08\/Armstrong-frente.jpg\" \/>\n\t<meta property=\"og:image:width\" content=\"900\" \/>\n\t<meta property=\"og:image:height\" content=\"600\" \/>\n\t<meta property=\"og:image:type\" content=\"image\/jpeg\" \/>\n<meta name=\"author\" content=\"Contenidos El Regional\" \/>\n<meta name=\"twitter:card\" content=\"summary_large_image\" \/>\n<meta name=\"twitter:creator\" content=\"@elregionalvm1\" \/>\n<meta name=\"twitter:site\" content=\"@elregionalvm1\" \/>\n<meta name=\"twitter:label1\" content=\"Escrito por\" \/>\n\t<meta name=\"twitter:data1\" content=\"Contenidos El Regional\" \/>\n\t<meta name=\"twitter:label2\" content=\"Tiempo de lectura\" \/>\n\t<meta name=\"twitter:data2\" content=\"4 minutos\" \/>\n<script type=\"application\/ld+json\" class=\"yoast-schema-graph\">{\"@context\":\"https:\/\/schema.org\",\"@graph\":[{\"@type\":\"Article\",\"@id\":\"http:\/\/elregionalvm.com.ar\/noticias-villa-maria\/la-infancia-de-los-lideres-neil-armstrong-y-la-promesa-que-no-le-creyeron\/#article\",\"isPartOf\":{\"@id\":\"http:\/\/elregionalvm.com.ar\/noticias-villa-maria\/la-infancia-de-los-lideres-neil-armstrong-y-la-promesa-que-no-le-creyeron\/\"},\"author\":{\"name\":\"Contenidos El Regional\",\"@id\":\"http:\/\/elregionalvm.com.ar\/noticias-villa-maria\/#\/schema\/person\/a0fb9c422317faca23d50163151bc354\"},\"headline\":\"[La infancia de los l\u00edderes] Neil Armstrong y la promesa que no le creyeron\",\"datePublished\":\"2022-08-11T15:21:46+00:00\",\"dateModified\":\"2022-08-12T02:17:49+00:00\",\"mainEntityOfPage\":{\"@id\":\"http:\/\/elregionalvm.com.ar\/noticias-villa-maria\/la-infancia-de-los-lideres-neil-armstrong-y-la-promesa-que-no-le-creyeron\/\"},\"wordCount\":852,\"commentCount\":0,\"image\":{\"@id\":\"http:\/\/elregionalvm.com.ar\/noticias-villa-maria\/la-infancia-de-los-lideres-neil-armstrong-y-la-promesa-que-no-le-creyeron\/#primaryimage\"},\"thumbnailUrl\":\"https:\/\/i0.wp.com\/elregionalvm.com.ar\/noticias-villa-maria\/wp-content\/uploads\/2022\/08\/Armstrong-frente.jpg?fit=900%2C600&ssl=1\",\"keywords\":[\"amor\",\"Apolo\",\"historias\",\"Infancia\",\"l\u00edderes\",\"Luis Luj\u00e1n\",\"Luna\",\"Neil Armstrong\",\"ni\u00f1os\",\"promesa\"],\"articleSection\":[\"Historias\",\"Notas\",\"Puro Cuento\"],\"inLanguage\":\"es\",\"potentialAction\":[{\"@type\":\"CommentAction\",\"name\":\"Comment\",\"target\":[\"http:\/\/elregionalvm.com.ar\/noticias-villa-maria\/la-infancia-de-los-lideres-neil-armstrong-y-la-promesa-que-no-le-creyeron\/#respond\"]}]},{\"@type\":\"WebPage\",\"@id\":\"http:\/\/elregionalvm.com.ar\/noticias-villa-maria\/la-infancia-de-los-lideres-neil-armstrong-y-la-promesa-que-no-le-creyeron\/\",\"url\":\"http:\/\/elregionalvm.com.ar\/noticias-villa-maria\/la-infancia-de-los-lideres-neil-armstrong-y-la-promesa-que-no-le-creyeron\/\",\"name\":\"[La infancia de los l\u00edderes] Neil Armstrong y la promesa que no le creyeron - El Regional\",\"isPartOf\":{\"@id\":\"http:\/\/elregionalvm.com.ar\/noticias-villa-maria\/#website\"},\"primaryImageOfPage\":{\"@id\":\"http:\/\/elregionalvm.com.ar\/noticias-villa-maria\/la-infancia-de-los-lideres-neil-armstrong-y-la-promesa-que-no-le-creyeron\/#primaryimage\"},\"image\":{\"@id\":\"http:\/\/elregionalvm.com.ar\/noticias-villa-maria\/la-infancia-de-los-lideres-neil-armstrong-y-la-promesa-que-no-le-creyeron\/#primaryimage\"},\"thumbnailUrl\":\"https:\/\/i0.wp.com\/elregionalvm.com.ar\/noticias-villa-maria\/wp-content\/uploads\/2022\/08\/Armstrong-frente.jpg?fit=900%2C600&ssl=1\",\"datePublished\":\"2022-08-11T15:21:46+00:00\",\"dateModified\":\"2022-08-12T02:17:49+00:00\",\"author\":{\"@id\":\"http:\/\/elregionalvm.com.ar\/noticias-villa-maria\/#\/schema\/person\/a0fb9c422317faca23d50163151bc354\"},\"breadcrumb\":{\"@id\":\"http:\/\/elregionalvm.com.ar\/noticias-villa-maria\/la-infancia-de-los-lideres-neil-armstrong-y-la-promesa-que-no-le-creyeron\/#breadcrumb\"},\"inLanguage\":\"es\",\"potentialAction\":[{\"@type\":\"ReadAction\",\"target\":[\"http:\/\/elregionalvm.com.ar\/noticias-villa-maria\/la-infancia-de-los-lideres-neil-armstrong-y-la-promesa-que-no-le-creyeron\/\"]}]},{\"@type\":\"ImageObject\",\"inLanguage\":\"es\",\"@id\":\"http:\/\/elregionalvm.com.ar\/noticias-villa-maria\/la-infancia-de-los-lideres-neil-armstrong-y-la-promesa-que-no-le-creyeron\/#primaryimage\",\"url\":\"https:\/\/i0.wp.com\/elregionalvm.com.ar\/noticias-villa-maria\/wp-content\/uploads\/2022\/08\/Armstrong-frente.jpg?fit=900%2C600&ssl=1\",\"contentUrl\":\"https:\/\/i0.wp.com\/elregionalvm.com.ar\/noticias-villa-maria\/wp-content\/uploads\/2022\/08\/Armstrong-frente.jpg?fit=900%2C600&ssl=1\",\"width\":900,\"height\":600},{\"@type\":\"BreadcrumbList\",\"@id\":\"http:\/\/elregionalvm.com.ar\/noticias-villa-maria\/la-infancia-de-los-lideres-neil-armstrong-y-la-promesa-que-no-le-creyeron\/#breadcrumb\",\"itemListElement\":[{\"@type\":\"ListItem\",\"position\":1,\"name\":\"Portada\",\"item\":\"https:\/\/elregionalvm.com.ar\/noticias-villa-maria\/\"},{\"@type\":\"ListItem\",\"position\":2,\"name\":\"[La infancia de los l\u00edderes] Neil Armstrong y la promesa que no le creyeron\"}]},{\"@type\":\"WebSite\",\"@id\":\"http:\/\/elregionalvm.com.ar\/noticias-villa-maria\/#website\",\"url\":\"http:\/\/elregionalvm.com.ar\/noticias-villa-maria\/\",\"name\":\"El Regional\",\"description\":\"Mucho m\u00e1s que informaci\u00f3n\",\"potentialAction\":[{\"@type\":\"SearchAction\",\"target\":{\"@type\":\"EntryPoint\",\"urlTemplate\":\"http:\/\/elregionalvm.com.ar\/noticias-villa-maria\/?s={search_term_string}\"},\"query-input\":{\"@type\":\"PropertyValueSpecification\",\"valueRequired\":true,\"valueName\":\"search_term_string\"}}],\"inLanguage\":\"es\"},{\"@type\":\"Person\",\"@id\":\"http:\/\/elregionalvm.com.ar\/noticias-villa-maria\/#\/schema\/person\/a0fb9c422317faca23d50163151bc354\",\"name\":\"Contenidos El Regional\",\"image\":{\"@type\":\"ImageObject\",\"inLanguage\":\"es\",\"@id\":\"http:\/\/elregionalvm.com.ar\/noticias-villa-maria\/#\/schema\/person\/image\/\",\"url\":\"https:\/\/secure.gravatar.com\/avatar\/265b27cb2209af7bb3a1318f03305787d7981a5cc6e6cd08fe5a4ecdf99d4b48?s=96&d=mm&r=g\",\"contentUrl\":\"https:\/\/secure.gravatar.com\/avatar\/265b27cb2209af7bb3a1318f03305787d7981a5cc6e6cd08fe5a4ecdf99d4b48?s=96&d=mm&r=g\",\"caption\":\"Contenidos El Regional\"},\"url\":\"https:\/\/elregionalvm.com.ar\/noticias-villa-maria\/author\/contenido\/\"}]}<\/script>\n<!-- \/ Yoast SEO plugin. -->","yoast_head_json":{"title":"[La infancia de los l\u00edderes] Neil Armstrong y la promesa que no le creyeron - El Regional","robots":{"index":"index","follow":"follow","max-snippet":"max-snippet:-1","max-image-preview":"max-image-preview:large","max-video-preview":"max-video-preview:-1"},"canonical":"http:\/\/elregionalvm.com.ar\/noticias-villa-maria\/la-infancia-de-los-lideres-neil-armstrong-y-la-promesa-que-no-le-creyeron\/","og_locale":"es_ES","og_type":"article","og_title":"[La infancia de los l\u00edderes] Neil Armstrong y la promesa que no le creyeron - El Regional","og_description":"El pr\u00f3ximo 25 de agosto se cumplir\u00e1 10 a\u00f1os de la muerte del primer hombre en pisar el suelo lunar. Este relato recupera la historia entre un ni\u00f1o que so\u00f1aba volar y una ni\u00f1a que le pidi\u00f3 prometer lo imposible en su momento. Llegar a la Luna. Escribe: Prof. Luis Luj\u00e1n Los padres del ni\u00f1o [&hellip;]","og_url":"http:\/\/elregionalvm.com.ar\/noticias-villa-maria\/la-infancia-de-los-lideres-neil-armstrong-y-la-promesa-que-no-le-creyeron\/","og_site_name":"El Regional","article_publisher":"https:\/\/www.facebook.com\/elregionalvm","article_published_time":"2022-08-11T15:21:46+00:00","article_modified_time":"2022-08-12T02:17:49+00:00","og_image":[{"width":900,"height":600,"url":"http:\/\/elregionalvm.com.ar\/noticias-villa-maria\/wp-content\/uploads\/2022\/08\/Armstrong-frente.jpg","type":"image\/jpeg"}],"author":"Contenidos El Regional","twitter_card":"summary_large_image","twitter_creator":"@elregionalvm1","twitter_site":"@elregionalvm1","twitter_misc":{"Escrito por":"Contenidos El Regional","Tiempo de lectura":"4 minutos"},"schema":{"@context":"https:\/\/schema.org","@graph":[{"@type":"Article","@id":"http:\/\/elregionalvm.com.ar\/noticias-villa-maria\/la-infancia-de-los-lideres-neil-armstrong-y-la-promesa-que-no-le-creyeron\/#article","isPartOf":{"@id":"http:\/\/elregionalvm.com.ar\/noticias-villa-maria\/la-infancia-de-los-lideres-neil-armstrong-y-la-promesa-que-no-le-creyeron\/"},"author":{"name":"Contenidos El Regional","@id":"http:\/\/elregionalvm.com.ar\/noticias-villa-maria\/#\/schema\/person\/a0fb9c422317faca23d50163151bc354"},"headline":"[La infancia de los l\u00edderes] Neil Armstrong y la promesa que no le creyeron","datePublished":"2022-08-11T15:21:46+00:00","dateModified":"2022-08-12T02:17:49+00:00","mainEntityOfPage":{"@id":"http:\/\/elregionalvm.com.ar\/noticias-villa-maria\/la-infancia-de-los-lideres-neil-armstrong-y-la-promesa-que-no-le-creyeron\/"},"wordCount":852,"commentCount":0,"image":{"@id":"http:\/\/elregionalvm.com.ar\/noticias-villa-maria\/la-infancia-de-los-lideres-neil-armstrong-y-la-promesa-que-no-le-creyeron\/#primaryimage"},"thumbnailUrl":"https:\/\/i0.wp.com\/elregionalvm.com.ar\/noticias-villa-maria\/wp-content\/uploads\/2022\/08\/Armstrong-frente.jpg?fit=900%2C600&ssl=1","keywords":["amor","Apolo","historias","Infancia","l\u00edderes","Luis Luj\u00e1n","Luna","Neil Armstrong","ni\u00f1os","promesa"],"articleSection":["Historias","Notas","Puro Cuento"],"inLanguage":"es","potentialAction":[{"@type":"CommentAction","name":"Comment","target":["http:\/\/elregionalvm.com.ar\/noticias-villa-maria\/la-infancia-de-los-lideres-neil-armstrong-y-la-promesa-que-no-le-creyeron\/#respond"]}]},{"@type":"WebPage","@id":"http:\/\/elregionalvm.com.ar\/noticias-villa-maria\/la-infancia-de-los-lideres-neil-armstrong-y-la-promesa-que-no-le-creyeron\/","url":"http:\/\/elregionalvm.com.ar\/noticias-villa-maria\/la-infancia-de-los-lideres-neil-armstrong-y-la-promesa-que-no-le-creyeron\/","name":"[La infancia de los l\u00edderes] Neil Armstrong y la promesa que no le creyeron - El Regional","isPartOf":{"@id":"http:\/\/elregionalvm.com.ar\/noticias-villa-maria\/#website"},"primaryImageOfPage":{"@id":"http:\/\/elregionalvm.com.ar\/noticias-villa-maria\/la-infancia-de-los-lideres-neil-armstrong-y-la-promesa-que-no-le-creyeron\/#primaryimage"},"image":{"@id":"http:\/\/elregionalvm.com.ar\/noticias-villa-maria\/la-infancia-de-los-lideres-neil-armstrong-y-la-promesa-que-no-le-creyeron\/#primaryimage"},"thumbnailUrl":"https:\/\/i0.wp.com\/elregionalvm.com.ar\/noticias-villa-maria\/wp-content\/uploads\/2022\/08\/Armstrong-frente.jpg?fit=900%2C600&ssl=1","datePublished":"2022-08-11T15:21:46+00:00","dateModified":"2022-08-12T02:17:49+00:00","author":{"@id":"http:\/\/elregionalvm.com.ar\/noticias-villa-maria\/#\/schema\/person\/a0fb9c422317faca23d50163151bc354"},"breadcrumb":{"@id":"http:\/\/elregionalvm.com.ar\/noticias-villa-maria\/la-infancia-de-los-lideres-neil-armstrong-y-la-promesa-que-no-le-creyeron\/#breadcrumb"},"inLanguage":"es","potentialAction":[{"@type":"ReadAction","target":["http:\/\/elregionalvm.com.ar\/noticias-villa-maria\/la-infancia-de-los-lideres-neil-armstrong-y-la-promesa-que-no-le-creyeron\/"]}]},{"@type":"ImageObject","inLanguage":"es","@id":"http:\/\/elregionalvm.com.ar\/noticias-villa-maria\/la-infancia-de-los-lideres-neil-armstrong-y-la-promesa-que-no-le-creyeron\/#primaryimage","url":"https:\/\/i0.wp.com\/elregionalvm.com.ar\/noticias-villa-maria\/wp-content\/uploads\/2022\/08\/Armstrong-frente.jpg?fit=900%2C600&ssl=1","contentUrl":"https:\/\/i0.wp.com\/elregionalvm.com.ar\/noticias-villa-maria\/wp-content\/uploads\/2022\/08\/Armstrong-frente.jpg?fit=900%2C600&ssl=1","width":900,"height":600},{"@type":"BreadcrumbList","@id":"http:\/\/elregionalvm.com.ar\/noticias-villa-maria\/la-infancia-de-los-lideres-neil-armstrong-y-la-promesa-que-no-le-creyeron\/#breadcrumb","itemListElement":[{"@type":"ListItem","position":1,"name":"Portada","item":"https:\/\/elregionalvm.com.ar\/noticias-villa-maria\/"},{"@type":"ListItem","position":2,"name":"[La infancia de los l\u00edderes] Neil Armstrong y la promesa que no le creyeron"}]},{"@type":"WebSite","@id":"http:\/\/elregionalvm.com.ar\/noticias-villa-maria\/#website","url":"http:\/\/elregionalvm.com.ar\/noticias-villa-maria\/","name":"El Regional","description":"Mucho m\u00e1s que informaci\u00f3n","potentialAction":[{"@type":"SearchAction","target":{"@type":"EntryPoint","urlTemplate":"http:\/\/elregionalvm.com.ar\/noticias-villa-maria\/?s={search_term_string}"},"query-input":{"@type":"PropertyValueSpecification","valueRequired":true,"valueName":"search_term_string"}}],"inLanguage":"es"},{"@type":"Person","@id":"http:\/\/elregionalvm.com.ar\/noticias-villa-maria\/#\/schema\/person\/a0fb9c422317faca23d50163151bc354","name":"Contenidos El Regional","image":{"@type":"ImageObject","inLanguage":"es","@id":"http:\/\/elregionalvm.com.ar\/noticias-villa-maria\/#\/schema\/person\/image\/","url":"https:\/\/secure.gravatar.com\/avatar\/265b27cb2209af7bb3a1318f03305787d7981a5cc6e6cd08fe5a4ecdf99d4b48?s=96&d=mm&r=g","contentUrl":"https:\/\/secure.gravatar.com\/avatar\/265b27cb2209af7bb3a1318f03305787d7981a5cc6e6cd08fe5a4ecdf99d4b48?s=96&d=mm&r=g","caption":"Contenidos El Regional"},"url":"https:\/\/elregionalvm.com.ar\/noticias-villa-maria\/author\/contenido\/"}]}},"jetpack_featured_media_url":"https:\/\/i0.wp.com\/elregionalvm.com.ar\/noticias-villa-maria\/wp-content\/uploads\/2022\/08\/Armstrong-frente.jpg?fit=900%2C600&ssl=1","jetpack_sharing_enabled":true,"_links":{"self":[{"href":"https:\/\/elregionalvm.com.ar\/noticias-villa-maria\/wp-json\/wp\/v2\/posts\/62192","targetHints":{"allow":["GET"]}}],"collection":[{"href":"https:\/\/elregionalvm.com.ar\/noticias-villa-maria\/wp-json\/wp\/v2\/posts"}],"about":[{"href":"https:\/\/elregionalvm.com.ar\/noticias-villa-maria\/wp-json\/wp\/v2\/types\/post"}],"author":[{"embeddable":true,"href":"https:\/\/elregionalvm.com.ar\/noticias-villa-maria\/wp-json\/wp\/v2\/users\/4"}],"replies":[{"embeddable":true,"href":"https:\/\/elregionalvm.com.ar\/noticias-villa-maria\/wp-json\/wp\/v2\/comments?post=62192"}],"version-history":[{"count":4,"href":"https:\/\/elregionalvm.com.ar\/noticias-villa-maria\/wp-json\/wp\/v2\/posts\/62192\/revisions"}],"predecessor-version":[{"id":62203,"href":"https:\/\/elregionalvm.com.ar\/noticias-villa-maria\/wp-json\/wp\/v2\/posts\/62192\/revisions\/62203"}],"wp:featuredmedia":[{"embeddable":true,"href":"https:\/\/elregionalvm.com.ar\/noticias-villa-maria\/wp-json\/wp\/v2\/media\/62199"}],"wp:attachment":[{"href":"https:\/\/elregionalvm.com.ar\/noticias-villa-maria\/wp-json\/wp\/v2\/media?parent=62192"}],"wp:term":[{"taxonomy":"category","embeddable":true,"href":"https:\/\/elregionalvm.com.ar\/noticias-villa-maria\/wp-json\/wp\/v2\/categories?post=62192"},{"taxonomy":"post_tag","embeddable":true,"href":"https:\/\/elregionalvm.com.ar\/noticias-villa-maria\/wp-json\/wp\/v2\/tags?post=62192"}],"curies":[{"name":"wp","href":"https:\/\/api.w.org\/{rel}","templated":true}]}}