{"id":62512,"date":"2022-08-17T21:00:31","date_gmt":"2022-08-17T21:00:31","guid":{"rendered":"https:\/\/elregionalvm.com.ar\/noticias-villa-maria\/?p=62512"},"modified":"2022-08-17T21:00:33","modified_gmt":"2022-08-17T21:00:33","slug":"villa-nueva-hara-una-nueva-edicion-del-campeonato-nacional-de-asadores-en-septiembre","status":"publish","type":"post","link":"https:\/\/elregionalvm.com.ar\/noticias-villa-maria\/villa-nueva-hara-una-nueva-edicion-del-campeonato-nacional-de-asadores-en-septiembre\/","title":{"rendered":"Villa Nueva har\u00e1 una nueva edici\u00f3n del Campeonato Nacional de Asadores en septiembre"},"content":{"rendered":"\n<p>El 11 de septiembre Villa Nueva concretar\u00e1 una nueva edici\u00f3n del Campeonato Nacional de Asadores a la Estaca, Copa \u201cFederaci\u00f3n Argentina de Asadores\u201d.<\/p>\n\n\n\n<p>La actividad se realizar\u00e1 en el Parque Hip\u00f3lito Yrigoyen por segundo a\u00f1o consecutivo y es impulsada desde la Federaci\u00f3n de Asadores, con el acompa\u00f1amiento de la secretar\u00eda de Deportes y Turismo del Municipio.<\/p>\n\n\n\n<figure class=\"wp-block-gallery has-nested-images columns-default is-cropped wp-block-gallery-1 is-layout-flex wp-block-gallery-is-layout-flex\">\n<figure class=\"wp-block-image size-large\"><img data-recalc-dims=\"1\" fetchpriority=\"high\" decoding=\"async\" width=\"720\" height=\"708\" data-id=\"62515\" src=\"https:\/\/i0.wp.com\/elregionalvm.com.ar\/noticias-villa-maria\/wp-content\/uploads\/2022\/08\/WhatsApp-Image-2022-08-17-at-2.56.07-PM-1.jpeg?resize=720%2C708&#038;ssl=1\" alt=\"\" class=\"wp-image-62515\" srcset=\"https:\/\/i0.wp.com\/elregionalvm.com.ar\/noticias-villa-maria\/wp-content\/uploads\/2022\/08\/WhatsApp-Image-2022-08-17-at-2.56.07-PM-1.jpeg?w=720&amp;ssl=1 720w, https:\/\/i0.wp.com\/elregionalvm.com.ar\/noticias-villa-maria\/wp-content\/uploads\/2022\/08\/WhatsApp-Image-2022-08-17-at-2.56.07-PM-1.jpeg?resize=300%2C295&amp;ssl=1 300w\" sizes=\"(max-width: 720px) 100vw, 720px\" \/><\/figure>\n\n\n\n<figure class=\"wp-block-image size-large\"><img data-recalc-dims=\"1\" decoding=\"async\" width=\"720\" height=\"708\" data-id=\"62514\" src=\"https:\/\/i0.wp.com\/elregionalvm.com.ar\/noticias-villa-maria\/wp-content\/uploads\/2022\/08\/WhatsApp-Image-2022-08-17-at-2.56.07-PM.jpeg?resize=720%2C708&#038;ssl=1\" alt=\"\" class=\"wp-image-62514\" srcset=\"https:\/\/i0.wp.com\/elregionalvm.com.ar\/noticias-villa-maria\/wp-content\/uploads\/2022\/08\/WhatsApp-Image-2022-08-17-at-2.56.07-PM.jpeg?w=720&amp;ssl=1 720w, https:\/\/i0.wp.com\/elregionalvm.com.ar\/noticias-villa-maria\/wp-content\/uploads\/2022\/08\/WhatsApp-Image-2022-08-17-at-2.56.07-PM.jpeg?resize=300%2C295&amp;ssl=1 300w\" sizes=\"(max-width: 720px) 100vw, 720px\" \/><\/figure>\n\n\n\n<figure class=\"wp-block-image size-large\"><img data-recalc-dims=\"1\" decoding=\"async\" width=\"720\" height=\"708\" data-id=\"62513\" src=\"https:\/\/i0.wp.com\/elregionalvm.com.ar\/noticias-villa-maria\/wp-content\/uploads\/2022\/08\/WhatsApp-Image-2022-08-17-at-2.56.06-PM.jpeg?resize=720%2C708&#038;ssl=1\" alt=\"\" class=\"wp-image-62513\" srcset=\"https:\/\/i0.wp.com\/elregionalvm.com.ar\/noticias-villa-maria\/wp-content\/uploads\/2022\/08\/WhatsApp-Image-2022-08-17-at-2.56.06-PM.jpeg?w=720&amp;ssl=1 720w, https:\/\/i0.wp.com\/elregionalvm.com.ar\/noticias-villa-maria\/wp-content\/uploads\/2022\/08\/WhatsApp-Image-2022-08-17-at-2.56.06-PM.jpeg?resize=300%2C295&amp;ssl=1 300w\" sizes=\"(max-width: 720px) 100vw, 720px\" \/><\/figure>\n<\/figure>\n\n\n\n<p>Se espera la presencia en la ciudad de numerosos competidores de todo el pa\u00eds, en un evento que sumar\u00e1 patios de comida, stands cerveceros, food trucks y 5 puntos de venta para el asado elaborado durante la actividad. Como siempre, el evento ser\u00e1 con entrada libre y gratuita.<\/p>\n\n\n\n<p>Las inscripciones para la actividad est\u00e1n abiertas, y se pueden realizar consultas a trav\u00e9s del Facebook: Federaci\u00f3n Argentina de Asadores, o bien en Instagram a @hernanbaez.cruz.<\/p>\n","protected":false},"excerpt":{"rendered":"<p>El 11 de septiembre Villa Nueva concretar\u00e1 una nueva edici\u00f3n del Campeonato Nacional de Asadores a la Estaca, Copa \u201cFederaci\u00f3n Argentina de Asadores\u201d. La actividad se realizar\u00e1 en el Parque Hip\u00f3lito Yrigoyen por segundo a\u00f1o consecutivo y es impulsada desde la Federaci\u00f3n de Asadores, con el acompa\u00f1amiento de la secretar\u00eda de Deportes y Turismo del [&hellip;]<\/p>\n","protected":false},"author":4,"featured_media":62516,"comment_status":"open","ping_status":"open","sticky":false,"template":"","format":"standard","meta":{"site-sidebar-layout":"default","site-content-layout":"","ast-site-content-layout":"default","site-content-style":"default","site-sidebar-style":"default","ast-global-header-display":"","ast-banner-title-visibility":"","ast-main-header-display":"","ast-hfb-above-header-display":"","ast-hfb-below-header-display":"","ast-hfb-mobile-header-display":"","site-post-title":"","ast-breadcrumbs-content":"","ast-featured-img":"","footer-sml-layout":"","ast-disable-related-posts":"","theme-transparent-header-meta":"","adv-header-id-meta":"","stick-header-meta":"","header-above-stick-meta":"","header-main-stick-meta":"","header-below-stick-meta":"","astra-migrate-meta-layouts":"default","ast-page-background-enabled":"default","ast-page-background-meta":{"desktop":{"background-color":"","background-image":"","background-repeat":"repeat","background-position":"center center","background-size":"auto","background-attachment":"scroll","background-type":"","background-media":"","overlay-type":"","overlay-color":"","overlay-opacity":"","overlay-gradient":""},"tablet":{"background-color":"","background-image":"","background-repeat":"repeat","background-position":"center center","background-size":"auto","background-attachment":"scroll","background-type":"","background-media":"","overlay-type":"","overlay-color":"","overlay-opacity":"","overlay-gradient":""},"mobile":{"background-color":"","background-image":"","background-repeat":"repeat","background-position":"center center","background-size":"auto","background-attachment":"scroll","background-type":"","background-media":"","overlay-type":"","overlay-color":"","overlay-opacity":"","overlay-gradient":""}},"ast-content-background-meta":{"desktop":{"background-color":"var(--ast-global-color-5)","background-image":"","background-repeat":"repeat","background-position":"center center","background-size":"auto","background-attachment":"scroll","background-type":"","background-media":"","overlay-type":"","overlay-color":"","overlay-opacity":"","overlay-gradient":""},"tablet":{"background-color":"var(--ast-global-color-5)","background-image":"","background-repeat":"repeat","background-position":"center center","background-size":"auto","background-attachment":"scroll","background-type":"","background-media":"","overlay-type":"","overlay-color":"","overlay-opacity":"","overlay-gradient":""},"mobile":{"background-color":"var(--ast-global-color-5)","background-image":"","background-repeat":"repeat","background-position":"center center","background-size":"auto","background-attachment":"scroll","background-type":"","background-media":"","overlay-type":"","overlay-color":"","overlay-opacity":"","overlay-gradient":""}},"_jetpack_memberships_contains_paid_content":false,"_joinchat":[],"footnotes":""},"categories":[15302,1408],"tags":[11158,11146,17497,17496,13487,17498,17495,232],"class_list":["post-62512","post","type-post","status-publish","format-standard","has-post-thumbnail","hentry","category-destacado","category-villa-nueva","tag-a-la-estaca","tag-campeonato-nacional-de-asadores","tag-entrada-libre-y-gratuita","tag-evento","tag-nueva-edicion","tag-patios-de-comida","tag-septiembre-11-de-2022","tag-villa-nueva"],"yoast_head":"<!-- This site is optimized with the Yoast SEO plugin v26.8 - https:\/\/yoast.com\/product\/yoast-seo-wordpress\/ -->\n<title>Villa Nueva har\u00e1 una nueva edici\u00f3n del Campeonato Nacional de Asadores en septiembre - El Regional<\/title>\n<meta name=\"robots\" content=\"index, follow, max-snippet:-1, max-image-preview:large, max-video-preview:-1\" \/>\n<link rel=\"canonical\" href=\"http:\/\/elregionalvm.com.ar\/noticias-villa-maria\/villa-nueva-hara-una-nueva-edicion-del-campeonato-nacional-de-asadores-en-septiembre\/\" \/>\n<meta property=\"og:locale\" content=\"es_ES\" \/>\n<meta property=\"og:type\" content=\"article\" \/>\n<meta property=\"og:title\" content=\"Villa Nueva har\u00e1 una nueva edici\u00f3n del Campeonato Nacional de Asadores en septiembre - El Regional\" \/>\n<meta property=\"og:description\" content=\"El 11 de septiembre Villa Nueva concretar\u00e1 una nueva edici\u00f3n del Campeonato Nacional de Asadores a la Estaca, Copa \u201cFederaci\u00f3n Argentina de Asadores\u201d. La actividad se realizar\u00e1 en el Parque Hip\u00f3lito Yrigoyen por segundo a\u00f1o consecutivo y es impulsada desde la Federaci\u00f3n de Asadores, con el acompa\u00f1amiento de la secretar\u00eda de Deportes y Turismo del [&hellip;]\" \/>\n<meta property=\"og:url\" content=\"http:\/\/elregionalvm.com.ar\/noticias-villa-maria\/villa-nueva-hara-una-nueva-edicion-del-campeonato-nacional-de-asadores-en-septiembre\/\" \/>\n<meta property=\"og:site_name\" content=\"El Regional\" \/>\n<meta property=\"article:publisher\" content=\"https:\/\/www.facebook.com\/elregionalvm\" \/>\n<meta property=\"article:published_time\" content=\"2022-08-17T21:00:31+00:00\" \/>\n<meta property=\"article:modified_time\" content=\"2022-08-17T21:00:33+00:00\" \/>\n<meta property=\"og:image\" content=\"http:\/\/elregionalvm.com.ar\/noticias-villa-maria\/wp-content\/uploads\/2022\/08\/asadores-a-la-estaca.png\" \/>\n\t<meta property=\"og:image:width\" content=\"701\" \/>\n\t<meta property=\"og:image:height\" content=\"417\" \/>\n\t<meta property=\"og:image:type\" content=\"image\/png\" \/>\n<meta name=\"author\" content=\"Contenidos El Regional\" \/>\n<meta name=\"twitter:card\" content=\"summary_large_image\" \/>\n<meta name=\"twitter:creator\" content=\"@elregionalvm1\" \/>\n<meta name=\"twitter:site\" content=\"@elregionalvm1\" \/>\n<meta name=\"twitter:label1\" content=\"Escrito por\" \/>\n\t<meta name=\"twitter:data1\" content=\"Contenidos El Regional\" \/>\n\t<meta name=\"twitter:label2\" content=\"Tiempo de lectura\" \/>\n\t<meta name=\"twitter:data2\" content=\"2 minutos\" \/>\n<script type=\"application\/ld+json\" class=\"yoast-schema-graph\">{\"@context\":\"https:\/\/schema.org\",\"@graph\":[{\"@type\":\"Article\",\"@id\":\"http:\/\/elregionalvm.com.ar\/noticias-villa-maria\/villa-nueva-hara-una-nueva-edicion-del-campeonato-nacional-de-asadores-en-septiembre\/#article\",\"isPartOf\":{\"@id\":\"http:\/\/elregionalvm.com.ar\/noticias-villa-maria\/villa-nueva-hara-una-nueva-edicion-del-campeonato-nacional-de-asadores-en-septiembre\/\"},\"author\":{\"name\":\"Contenidos El Regional\",\"@id\":\"http:\/\/elregionalvm.com.ar\/noticias-villa-maria\/#\/schema\/person\/a0fb9c422317faca23d50163151bc354\"},\"headline\":\"Villa Nueva har\u00e1 una nueva edici\u00f3n del Campeonato Nacional de Asadores en septiembre\",\"datePublished\":\"2022-08-17T21:00:31+00:00\",\"dateModified\":\"2022-08-17T21:00:33+00:00\",\"mainEntityOfPage\":{\"@id\":\"http:\/\/elregionalvm.com.ar\/noticias-villa-maria\/villa-nueva-hara-una-nueva-edicion-del-campeonato-nacional-de-asadores-en-septiembre\/\"},\"wordCount\":154,\"commentCount\":0,\"image\":{\"@id\":\"http:\/\/elregionalvm.com.ar\/noticias-villa-maria\/villa-nueva-hara-una-nueva-edicion-del-campeonato-nacional-de-asadores-en-septiembre\/#primaryimage\"},\"thumbnailUrl\":\"https:\/\/i0.wp.com\/elregionalvm.com.ar\/noticias-villa-maria\/wp-content\/uploads\/2022\/08\/asadores-a-la-estaca.png?fit=701%2C417&ssl=1\",\"keywords\":[\"A la Estaca\",\"Campeonato Nacional de Asadores\",\"entrada libre y gratuita\",\"evento\",\"nueva edici\u00f3n\",\"patios de comida\",\"Septiembre 11 de 2022\",\"VILLA NUEVA\"],\"articleSection\":[\"destacado\",\"Villa Nueva\"],\"inLanguage\":\"es\",\"potentialAction\":[{\"@type\":\"CommentAction\",\"name\":\"Comment\",\"target\":[\"http:\/\/elregionalvm.com.ar\/noticias-villa-maria\/villa-nueva-hara-una-nueva-edicion-del-campeonato-nacional-de-asadores-en-septiembre\/#respond\"]}]},{\"@type\":\"WebPage\",\"@id\":\"http:\/\/elregionalvm.com.ar\/noticias-villa-maria\/villa-nueva-hara-una-nueva-edicion-del-campeonato-nacional-de-asadores-en-septiembre\/\",\"url\":\"http:\/\/elregionalvm.com.ar\/noticias-villa-maria\/villa-nueva-hara-una-nueva-edicion-del-campeonato-nacional-de-asadores-en-septiembre\/\",\"name\":\"Villa Nueva har\u00e1 una nueva edici\u00f3n del Campeonato Nacional de Asadores en septiembre - El Regional\",\"isPartOf\":{\"@id\":\"http:\/\/elregionalvm.com.ar\/noticias-villa-maria\/#website\"},\"primaryImageOfPage\":{\"@id\":\"http:\/\/elregionalvm.com.ar\/noticias-villa-maria\/villa-nueva-hara-una-nueva-edicion-del-campeonato-nacional-de-asadores-en-septiembre\/#primaryimage\"},\"image\":{\"@id\":\"http:\/\/elregionalvm.com.ar\/noticias-villa-maria\/villa-nueva-hara-una-nueva-edicion-del-campeonato-nacional-de-asadores-en-septiembre\/#primaryimage\"},\"thumbnailUrl\":\"https:\/\/i0.wp.com\/elregionalvm.com.ar\/noticias-villa-maria\/wp-content\/uploads\/2022\/08\/asadores-a-la-estaca.png?fit=701%2C417&ssl=1\",\"datePublished\":\"2022-08-17T21:00:31+00:00\",\"dateModified\":\"2022-08-17T21:00:33+00:00\",\"author\":{\"@id\":\"http:\/\/elregionalvm.com.ar\/noticias-villa-maria\/#\/schema\/person\/a0fb9c422317faca23d50163151bc354\"},\"breadcrumb\":{\"@id\":\"http:\/\/elregionalvm.com.ar\/noticias-villa-maria\/villa-nueva-hara-una-nueva-edicion-del-campeonato-nacional-de-asadores-en-septiembre\/#breadcrumb\"},\"inLanguage\":\"es\",\"potentialAction\":[{\"@type\":\"ReadAction\",\"target\":[\"http:\/\/elregionalvm.com.ar\/noticias-villa-maria\/villa-nueva-hara-una-nueva-edicion-del-campeonato-nacional-de-asadores-en-septiembre\/\"]}]},{\"@type\":\"ImageObject\",\"inLanguage\":\"es\",\"@id\":\"http:\/\/elregionalvm.com.ar\/noticias-villa-maria\/villa-nueva-hara-una-nueva-edicion-del-campeonato-nacional-de-asadores-en-septiembre\/#primaryimage\",\"url\":\"https:\/\/i0.wp.com\/elregionalvm.com.ar\/noticias-villa-maria\/wp-content\/uploads\/2022\/08\/asadores-a-la-estaca.png?fit=701%2C417&ssl=1\",\"contentUrl\":\"https:\/\/i0.wp.com\/elregionalvm.com.ar\/noticias-villa-maria\/wp-content\/uploads\/2022\/08\/asadores-a-la-estaca.png?fit=701%2C417&ssl=1\",\"width\":701,\"height\":417},{\"@type\":\"BreadcrumbList\",\"@id\":\"http:\/\/elregionalvm.com.ar\/noticias-villa-maria\/villa-nueva-hara-una-nueva-edicion-del-campeonato-nacional-de-asadores-en-septiembre\/#breadcrumb\",\"itemListElement\":[{\"@type\":\"ListItem\",\"position\":1,\"name\":\"Portada\",\"item\":\"https:\/\/elregionalvm.com.ar\/noticias-villa-maria\/\"},{\"@type\":\"ListItem\",\"position\":2,\"name\":\"Villa Nueva har\u00e1 una nueva edici\u00f3n del Campeonato Nacional de Asadores en septiembre\"}]},{\"@type\":\"WebSite\",\"@id\":\"http:\/\/elregionalvm.com.ar\/noticias-villa-maria\/#website\",\"url\":\"http:\/\/elregionalvm.com.ar\/noticias-villa-maria\/\",\"name\":\"El Regional\",\"description\":\"Mucho m\u00e1s que informaci\u00f3n\",\"potentialAction\":[{\"@type\":\"SearchAction\",\"target\":{\"@type\":\"EntryPoint\",\"urlTemplate\":\"http:\/\/elregionalvm.com.ar\/noticias-villa-maria\/?s={search_term_string}\"},\"query-input\":{\"@type\":\"PropertyValueSpecification\",\"valueRequired\":true,\"valueName\":\"search_term_string\"}}],\"inLanguage\":\"es\"},{\"@type\":\"Person\",\"@id\":\"http:\/\/elregionalvm.com.ar\/noticias-villa-maria\/#\/schema\/person\/a0fb9c422317faca23d50163151bc354\",\"name\":\"Contenidos El Regional\",\"image\":{\"@type\":\"ImageObject\",\"inLanguage\":\"es\",\"@id\":\"http:\/\/elregionalvm.com.ar\/noticias-villa-maria\/#\/schema\/person\/image\/\",\"url\":\"https:\/\/secure.gravatar.com\/avatar\/265b27cb2209af7bb3a1318f03305787d7981a5cc6e6cd08fe5a4ecdf99d4b48?s=96&d=mm&r=g\",\"contentUrl\":\"https:\/\/secure.gravatar.com\/avatar\/265b27cb2209af7bb3a1318f03305787d7981a5cc6e6cd08fe5a4ecdf99d4b48?s=96&d=mm&r=g\",\"caption\":\"Contenidos El Regional\"},\"url\":\"https:\/\/elregionalvm.com.ar\/noticias-villa-maria\/author\/contenido\/\"}]}<\/script>\n<!-- \/ Yoast SEO plugin. -->","yoast_head_json":{"title":"Villa Nueva har\u00e1 una nueva edici\u00f3n del Campeonato Nacional de Asadores en septiembre - El Regional","robots":{"index":"index","follow":"follow","max-snippet":"max-snippet:-1","max-image-preview":"max-image-preview:large","max-video-preview":"max-video-preview:-1"},"canonical":"http:\/\/elregionalvm.com.ar\/noticias-villa-maria\/villa-nueva-hara-una-nueva-edicion-del-campeonato-nacional-de-asadores-en-septiembre\/","og_locale":"es_ES","og_type":"article","og_title":"Villa Nueva har\u00e1 una nueva edici\u00f3n del Campeonato Nacional de Asadores en septiembre - El Regional","og_description":"El 11 de septiembre Villa Nueva concretar\u00e1 una nueva edici\u00f3n del Campeonato Nacional de Asadores a la Estaca, Copa \u201cFederaci\u00f3n Argentina de Asadores\u201d. La actividad se realizar\u00e1 en el Parque Hip\u00f3lito Yrigoyen por segundo a\u00f1o consecutivo y es impulsada desde la Federaci\u00f3n de Asadores, con el acompa\u00f1amiento de la secretar\u00eda de Deportes y Turismo del [&hellip;]","og_url":"http:\/\/elregionalvm.com.ar\/noticias-villa-maria\/villa-nueva-hara-una-nueva-edicion-del-campeonato-nacional-de-asadores-en-septiembre\/","og_site_name":"El Regional","article_publisher":"https:\/\/www.facebook.com\/elregionalvm","article_published_time":"2022-08-17T21:00:31+00:00","article_modified_time":"2022-08-17T21:00:33+00:00","og_image":[{"width":701,"height":417,"url":"http:\/\/elregionalvm.com.ar\/noticias-villa-maria\/wp-content\/uploads\/2022\/08\/asadores-a-la-estaca.png","type":"image\/png"}],"author":"Contenidos El Regional","twitter_card":"summary_large_image","twitter_creator":"@elregionalvm1","twitter_site":"@elregionalvm1","twitter_misc":{"Escrito por":"Contenidos El Regional","Tiempo de lectura":"2 minutos"},"schema":{"@context":"https:\/\/schema.org","@graph":[{"@type":"Article","@id":"http:\/\/elregionalvm.com.ar\/noticias-villa-maria\/villa-nueva-hara-una-nueva-edicion-del-campeonato-nacional-de-asadores-en-septiembre\/#article","isPartOf":{"@id":"http:\/\/elregionalvm.com.ar\/noticias-villa-maria\/villa-nueva-hara-una-nueva-edicion-del-campeonato-nacional-de-asadores-en-septiembre\/"},"author":{"name":"Contenidos El Regional","@id":"http:\/\/elregionalvm.com.ar\/noticias-villa-maria\/#\/schema\/person\/a0fb9c422317faca23d50163151bc354"},"headline":"Villa Nueva har\u00e1 una nueva edici\u00f3n del Campeonato Nacional de Asadores en septiembre","datePublished":"2022-08-17T21:00:31+00:00","dateModified":"2022-08-17T21:00:33+00:00","mainEntityOfPage":{"@id":"http:\/\/elregionalvm.com.ar\/noticias-villa-maria\/villa-nueva-hara-una-nueva-edicion-del-campeonato-nacional-de-asadores-en-septiembre\/"},"wordCount":154,"commentCount":0,"image":{"@id":"http:\/\/elregionalvm.com.ar\/noticias-villa-maria\/villa-nueva-hara-una-nueva-edicion-del-campeonato-nacional-de-asadores-en-septiembre\/#primaryimage"},"thumbnailUrl":"https:\/\/i0.wp.com\/elregionalvm.com.ar\/noticias-villa-maria\/wp-content\/uploads\/2022\/08\/asadores-a-la-estaca.png?fit=701%2C417&ssl=1","keywords":["A la Estaca","Campeonato Nacional de Asadores","entrada libre y gratuita","evento","nueva edici\u00f3n","patios de comida","Septiembre 11 de 2022","VILLA NUEVA"],"articleSection":["destacado","Villa Nueva"],"inLanguage":"es","potentialAction":[{"@type":"CommentAction","name":"Comment","target":["http:\/\/elregionalvm.com.ar\/noticias-villa-maria\/villa-nueva-hara-una-nueva-edicion-del-campeonato-nacional-de-asadores-en-septiembre\/#respond"]}]},{"@type":"WebPage","@id":"http:\/\/elregionalvm.com.ar\/noticias-villa-maria\/villa-nueva-hara-una-nueva-edicion-del-campeonato-nacional-de-asadores-en-septiembre\/","url":"http:\/\/elregionalvm.com.ar\/noticias-villa-maria\/villa-nueva-hara-una-nueva-edicion-del-campeonato-nacional-de-asadores-en-septiembre\/","name":"Villa Nueva har\u00e1 una nueva edici\u00f3n del Campeonato Nacional de Asadores en septiembre - El Regional","isPartOf":{"@id":"http:\/\/elregionalvm.com.ar\/noticias-villa-maria\/#website"},"primaryImageOfPage":{"@id":"http:\/\/elregionalvm.com.ar\/noticias-villa-maria\/villa-nueva-hara-una-nueva-edicion-del-campeonato-nacional-de-asadores-en-septiembre\/#primaryimage"},"image":{"@id":"http:\/\/elregionalvm.com.ar\/noticias-villa-maria\/villa-nueva-hara-una-nueva-edicion-del-campeonato-nacional-de-asadores-en-septiembre\/#primaryimage"},"thumbnailUrl":"https:\/\/i0.wp.com\/elregionalvm.com.ar\/noticias-villa-maria\/wp-content\/uploads\/2022\/08\/asadores-a-la-estaca.png?fit=701%2C417&ssl=1","datePublished":"2022-08-17T21:00:31+00:00","dateModified":"2022-08-17T21:00:33+00:00","author":{"@id":"http:\/\/elregionalvm.com.ar\/noticias-villa-maria\/#\/schema\/person\/a0fb9c422317faca23d50163151bc354"},"breadcrumb":{"@id":"http:\/\/elregionalvm.com.ar\/noticias-villa-maria\/villa-nueva-hara-una-nueva-edicion-del-campeonato-nacional-de-asadores-en-septiembre\/#breadcrumb"},"inLanguage":"es","potentialAction":[{"@type":"ReadAction","target":["http:\/\/elregionalvm.com.ar\/noticias-villa-maria\/villa-nueva-hara-una-nueva-edicion-del-campeonato-nacional-de-asadores-en-septiembre\/"]}]},{"@type":"ImageObject","inLanguage":"es","@id":"http:\/\/elregionalvm.com.ar\/noticias-villa-maria\/villa-nueva-hara-una-nueva-edicion-del-campeonato-nacional-de-asadores-en-septiembre\/#primaryimage","url":"https:\/\/i0.wp.com\/elregionalvm.com.ar\/noticias-villa-maria\/wp-content\/uploads\/2022\/08\/asadores-a-la-estaca.png?fit=701%2C417&ssl=1","contentUrl":"https:\/\/i0.wp.com\/elregionalvm.com.ar\/noticias-villa-maria\/wp-content\/uploads\/2022\/08\/asadores-a-la-estaca.png?fit=701%2C417&ssl=1","width":701,"height":417},{"@type":"BreadcrumbList","@id":"http:\/\/elregionalvm.com.ar\/noticias-villa-maria\/villa-nueva-hara-una-nueva-edicion-del-campeonato-nacional-de-asadores-en-septiembre\/#breadcrumb","itemListElement":[{"@type":"ListItem","position":1,"name":"Portada","item":"https:\/\/elregionalvm.com.ar\/noticias-villa-maria\/"},{"@type":"ListItem","position":2,"name":"Villa Nueva har\u00e1 una nueva edici\u00f3n del Campeonato Nacional de Asadores en septiembre"}]},{"@type":"WebSite","@id":"http:\/\/elregionalvm.com.ar\/noticias-villa-maria\/#website","url":"http:\/\/elregionalvm.com.ar\/noticias-villa-maria\/","name":"El Regional","description":"Mucho m\u00e1s que informaci\u00f3n","potentialAction":[{"@type":"SearchAction","target":{"@type":"EntryPoint","urlTemplate":"http:\/\/elregionalvm.com.ar\/noticias-villa-maria\/?s={search_term_string}"},"query-input":{"@type":"PropertyValueSpecification","valueRequired":true,"valueName":"search_term_string"}}],"inLanguage":"es"},{"@type":"Person","@id":"http:\/\/elregionalvm.com.ar\/noticias-villa-maria\/#\/schema\/person\/a0fb9c422317faca23d50163151bc354","name":"Contenidos El Regional","image":{"@type":"ImageObject","inLanguage":"es","@id":"http:\/\/elregionalvm.com.ar\/noticias-villa-maria\/#\/schema\/person\/image\/","url":"https:\/\/secure.gravatar.com\/avatar\/265b27cb2209af7bb3a1318f03305787d7981a5cc6e6cd08fe5a4ecdf99d4b48?s=96&d=mm&r=g","contentUrl":"https:\/\/secure.gravatar.com\/avatar\/265b27cb2209af7bb3a1318f03305787d7981a5cc6e6cd08fe5a4ecdf99d4b48?s=96&d=mm&r=g","caption":"Contenidos El Regional"},"url":"https:\/\/elregionalvm.com.ar\/noticias-villa-maria\/author\/contenido\/"}]}},"jetpack_featured_media_url":"https:\/\/i0.wp.com\/elregionalvm.com.ar\/noticias-villa-maria\/wp-content\/uploads\/2022\/08\/asadores-a-la-estaca.png?fit=701%2C417&ssl=1","jetpack_sharing_enabled":true,"_links":{"self":[{"href":"https:\/\/elregionalvm.com.ar\/noticias-villa-maria\/wp-json\/wp\/v2\/posts\/62512","targetHints":{"allow":["GET"]}}],"collection":[{"href":"https:\/\/elregionalvm.com.ar\/noticias-villa-maria\/wp-json\/wp\/v2\/posts"}],"about":[{"href":"https:\/\/elregionalvm.com.ar\/noticias-villa-maria\/wp-json\/wp\/v2\/types\/post"}],"author":[{"embeddable":true,"href":"https:\/\/elregionalvm.com.ar\/noticias-villa-maria\/wp-json\/wp\/v2\/users\/4"}],"replies":[{"embeddable":true,"href":"https:\/\/elregionalvm.com.ar\/noticias-villa-maria\/wp-json\/wp\/v2\/comments?post=62512"}],"version-history":[{"count":1,"href":"https:\/\/elregionalvm.com.ar\/noticias-villa-maria\/wp-json\/wp\/v2\/posts\/62512\/revisions"}],"predecessor-version":[{"id":62517,"href":"https:\/\/elregionalvm.com.ar\/noticias-villa-maria\/wp-json\/wp\/v2\/posts\/62512\/revisions\/62517"}],"wp:featuredmedia":[{"embeddable":true,"href":"https:\/\/elregionalvm.com.ar\/noticias-villa-maria\/wp-json\/wp\/v2\/media\/62516"}],"wp:attachment":[{"href":"https:\/\/elregionalvm.com.ar\/noticias-villa-maria\/wp-json\/wp\/v2\/media?parent=62512"}],"wp:term":[{"taxonomy":"category","embeddable":true,"href":"https:\/\/elregionalvm.com.ar\/noticias-villa-maria\/wp-json\/wp\/v2\/categories?post=62512"},{"taxonomy":"post_tag","embeddable":true,"href":"https:\/\/elregionalvm.com.ar\/noticias-villa-maria\/wp-json\/wp\/v2\/tags?post=62512"}],"curies":[{"name":"wp","href":"https:\/\/api.w.org\/{rel}","templated":true}]}}