{"id":62518,"date":"2022-08-17T21:19:21","date_gmt":"2022-08-17T21:19:21","guid":{"rendered":"https:\/\/elregionalvm.com.ar\/noticias-villa-maria\/?p=62518"},"modified":"2022-08-17T21:19:22","modified_gmt":"2022-08-17T21:19:22","slug":"dia-mundial-del-peaton-alumnos-del-colegio-jose-ingenieros-estuvieron-generando-conciencia-vial","status":"publish","type":"post","link":"https:\/\/elregionalvm.com.ar\/noticias-villa-maria\/dia-mundial-del-peaton-alumnos-del-colegio-jose-ingenieros-estuvieron-generando-conciencia-vial\/","title":{"rendered":"D\u00eda Mundial del Peat\u00f3n: alumnos del Colegio Jos\u00e9 Ingenieros estuvieron generando conciencia vial"},"content":{"rendered":"\n<p>En el marco del D\u00eda Mundial del Peat\u00f3n, tuvo lugar la actividad impulsada por el municipio y desarrollada por los ni\u00f1os y ni\u00f1as de segundo grado del Centro Educativo Jos\u00e9 Ingenieros, a los fines de generar conciencia vial, tanto de peatones como conductores. En tal sentido, los peque\u00f1os junto al equipo de Educaci\u00f3n Vial, se dispusieron con pancartas y folletos en cuatro puntos estrat\u00e9gicos del casco c\u00e9ntrico.<\/p>\n\n\n\n<p>La propuesta estuvo diagramada por la Secretar\u00eda de Gobierno, Seguridad Ciudadana y Asuntos Legales, a trav\u00e9s del \u00e1rea de Educaci\u00f3n Vial, quienes asistieron a docentes y ni\u00f1os de la instituci\u00f3n educativa en la confecci\u00f3n de la carteler\u00eda y folleter\u00eda. De esta manera se pretende promover una conducta vial tanto en peatones como conductores de motos y autom\u00f3viles.<\/p>\n\n\n\n<figure class=\"wp-block-gallery has-nested-images columns-default is-cropped wp-block-gallery-1 is-layout-flex wp-block-gallery-is-layout-flex\">\n<figure class=\"wp-block-image size-large\"><img data-recalc-dims=\"1\" fetchpriority=\"high\" decoding=\"async\" width=\"1024\" height=\"683\" data-id=\"62521\" src=\"https:\/\/i0.wp.com\/elregionalvm.com.ar\/noticias-villa-maria\/wp-content\/uploads\/2022\/08\/WhatsApp-Image-2022-08-17-at-2.04.26-PM-2.jpeg?resize=1024%2C683&#038;ssl=1\" alt=\"\" class=\"wp-image-62521\" srcset=\"https:\/\/i0.wp.com\/elregionalvm.com.ar\/noticias-villa-maria\/wp-content\/uploads\/2022\/08\/WhatsApp-Image-2022-08-17-at-2.04.26-PM-2.jpeg?resize=1024%2C683&amp;ssl=1 1024w, https:\/\/i0.wp.com\/elregionalvm.com.ar\/noticias-villa-maria\/wp-content\/uploads\/2022\/08\/WhatsApp-Image-2022-08-17-at-2.04.26-PM-2.jpeg?resize=300%2C200&amp;ssl=1 300w, https:\/\/i0.wp.com\/elregionalvm.com.ar\/noticias-villa-maria\/wp-content\/uploads\/2022\/08\/WhatsApp-Image-2022-08-17-at-2.04.26-PM-2.jpeg?resize=768%2C512&amp;ssl=1 768w, https:\/\/i0.wp.com\/elregionalvm.com.ar\/noticias-villa-maria\/wp-content\/uploads\/2022\/08\/WhatsApp-Image-2022-08-17-at-2.04.26-PM-2.jpeg?resize=1536%2C1024&amp;ssl=1 1536w, https:\/\/i0.wp.com\/elregionalvm.com.ar\/noticias-villa-maria\/wp-content\/uploads\/2022\/08\/WhatsApp-Image-2022-08-17-at-2.04.26-PM-2.jpeg?w=1600&amp;ssl=1 1600w\" sizes=\"(max-width: 1000px) 100vw, 1000px\" \/><\/figure>\n\n\n\n<figure class=\"wp-block-image size-large\"><img data-recalc-dims=\"1\" decoding=\"async\" width=\"1024\" height=\"683\" data-id=\"62520\" src=\"https:\/\/i0.wp.com\/elregionalvm.com.ar\/noticias-villa-maria\/wp-content\/uploads\/2022\/08\/WhatsApp-Image-2022-08-17-at-2.04.26-PM-1.jpeg?resize=1024%2C683&#038;ssl=1\" alt=\"\" class=\"wp-image-62520\" srcset=\"https:\/\/i0.wp.com\/elregionalvm.com.ar\/noticias-villa-maria\/wp-content\/uploads\/2022\/08\/WhatsApp-Image-2022-08-17-at-2.04.26-PM-1.jpeg?resize=1024%2C683&amp;ssl=1 1024w, https:\/\/i0.wp.com\/elregionalvm.com.ar\/noticias-villa-maria\/wp-content\/uploads\/2022\/08\/WhatsApp-Image-2022-08-17-at-2.04.26-PM-1.jpeg?resize=300%2C200&amp;ssl=1 300w, https:\/\/i0.wp.com\/elregionalvm.com.ar\/noticias-villa-maria\/wp-content\/uploads\/2022\/08\/WhatsApp-Image-2022-08-17-at-2.04.26-PM-1.jpeg?resize=768%2C512&amp;ssl=1 768w, https:\/\/i0.wp.com\/elregionalvm.com.ar\/noticias-villa-maria\/wp-content\/uploads\/2022\/08\/WhatsApp-Image-2022-08-17-at-2.04.26-PM-1.jpeg?resize=1536%2C1024&amp;ssl=1 1536w, https:\/\/i0.wp.com\/elregionalvm.com.ar\/noticias-villa-maria\/wp-content\/uploads\/2022\/08\/WhatsApp-Image-2022-08-17-at-2.04.26-PM-1.jpeg?w=1600&amp;ssl=1 1600w\" sizes=\"(max-width: 1000px) 100vw, 1000px\" \/><\/figure>\n<\/figure>\n\n\n\n<p>En referencia a la jornada, el titular de la cartera de Gobierno, Seguridad Ciudadana y Asuntos Legales, Eduardo Rodr\u00edguez, remarc\u00f3: \u201cLa conducta del peat\u00f3n tambi\u00e9n tiene que ver con la seguridad vial; y los conductores de motos y autos deben tener el respeto que el peat\u00f3n se merece al momento de cruzar\u201d.<\/p>\n\n\n\n<p>En la misma l\u00ednea, el director de la escuela primaria, H\u00e9ctor Godoy, resalt\u00f3 que \u201ces necesario modificar nuestra conducta en las calles\u201d, por lo que la iniciativa llevada a cabo por los m\u00e1s peque\u00f1os, \u201csirve para impulsar la toma de conciencia y redoblar el esfuerzo necesario para cuidar al peat\u00f3n\u201d.<\/p>\n\n\n\n<p>En cuanto a la propuesta que se llev\u00f3 adelante en el transcurso de la ma\u00f1ana y que se repetir\u00e1 esta tarde, las intervenciones sucedieron en simult\u00e1neo en cuatro esquinas c\u00e9ntricas: Santa Fe y Jos\u00e9 Ingenieros, Buenos Aires y 25 de Mayo, avenida Hip\u00f3lito Yrigoyen y Entre R\u00edos, y Corrientes y San Mart\u00edn.<\/p>\n\n\n\n<p>All\u00ed, los alumnos de segundo grado repartieron a peatones y conductores folletos con consejos alusivos al d\u00eda; y cuando el sem\u00e1foro marcaba en rojo, los ni\u00f1os se apostaron en la senda peatonal y exhibieron los carteles con frases reflexivas, generando as\u00ed un impacto visual de concientizaci\u00f3n. Adem\u00e1s se cont\u00f3 con el acompa\u00f1amiento de adalides pertenecientes a la escuela Bernardino Rivadavia, quienes acompa\u00f1aron a los ni\u00f1os a lo largo de la actividad.<\/p>\n\n\n\n<figure class=\"wp-block-image aligncenter size-large is-resized\"><img data-recalc-dims=\"1\" decoding=\"async\" src=\"https:\/\/i0.wp.com\/elregionalvm.com.ar\/noticias-villa-maria\/wp-content\/uploads\/2022\/08\/WhatsApp-Image-2022-08-17-at-2.04.27-PM.jpeg?resize=686%2C433&#038;ssl=1\" alt=\"\" class=\"wp-image-62522\" width=\"686\" height=\"433\" srcset=\"https:\/\/i0.wp.com\/elregionalvm.com.ar\/noticias-villa-maria\/wp-content\/uploads\/2022\/08\/WhatsApp-Image-2022-08-17-at-2.04.27-PM.jpeg?resize=1024%2C646&amp;ssl=1 1024w, https:\/\/i0.wp.com\/elregionalvm.com.ar\/noticias-villa-maria\/wp-content\/uploads\/2022\/08\/WhatsApp-Image-2022-08-17-at-2.04.27-PM.jpeg?resize=300%2C189&amp;ssl=1 300w, https:\/\/i0.wp.com\/elregionalvm.com.ar\/noticias-villa-maria\/wp-content\/uploads\/2022\/08\/WhatsApp-Image-2022-08-17-at-2.04.27-PM.jpeg?resize=768%2C485&amp;ssl=1 768w, https:\/\/i0.wp.com\/elregionalvm.com.ar\/noticias-villa-maria\/wp-content\/uploads\/2022\/08\/WhatsApp-Image-2022-08-17-at-2.04.27-PM.jpeg?w=1439&amp;ssl=1 1439w\" sizes=\"(max-width: 686px) 100vw, 686px\" \/><\/figure>\n","protected":false},"excerpt":{"rendered":"<p>En el marco del D\u00eda Mundial del Peat\u00f3n, tuvo lugar la actividad impulsada por el municipio y desarrollada por los ni\u00f1os y ni\u00f1as de segundo grado del Centro Educativo Jos\u00e9 Ingenieros, a los fines de generar conciencia vial, tanto de peatones como conductores. En tal sentido, los peque\u00f1os junto al equipo de Educaci\u00f3n Vial, se [&hellip;]<\/p>\n","protected":false},"author":4,"featured_media":62519,"comment_status":"open","ping_status":"open","sticky":false,"template":"","format":"standard","meta":{"site-sidebar-layout":"default","site-content-layout":"","ast-site-content-layout":"default","site-content-style":"default","site-sidebar-style":"default","ast-global-header-display":"","ast-banner-title-visibility":"","ast-main-header-display":"","ast-hfb-above-header-display":"","ast-hfb-below-header-display":"","ast-hfb-mobile-header-display":"","site-post-title":"","ast-breadcrumbs-content":"","ast-featured-img":"","footer-sml-layout":"","ast-disable-related-posts":"","theme-transparent-header-meta":"","adv-header-id-meta":"","stick-header-meta":"","header-above-stick-meta":"","header-main-stick-meta":"","header-below-stick-meta":"","astra-migrate-meta-layouts":"default","ast-page-background-enabled":"default","ast-page-background-meta":{"desktop":{"background-color":"","background-image":"","background-repeat":"repeat","background-position":"center center","background-size":"auto","background-attachment":"scroll","background-type":"","background-media":"","overlay-type":"","overlay-color":"","overlay-opacity":"","overlay-gradient":""},"tablet":{"background-color":"","background-image":"","background-repeat":"repeat","background-position":"center center","background-size":"auto","background-attachment":"scroll","background-type":"","background-media":"","overlay-type":"","overlay-color":"","overlay-opacity":"","overlay-gradient":""},"mobile":{"background-color":"","background-image":"","background-repeat":"repeat","background-position":"center center","background-size":"auto","background-attachment":"scroll","background-type":"","background-media":"","overlay-type":"","overlay-color":"","overlay-opacity":"","overlay-gradient":""}},"ast-content-background-meta":{"desktop":{"background-color":"var(--ast-global-color-5)","background-image":"","background-repeat":"repeat","background-position":"center center","background-size":"auto","background-attachment":"scroll","background-type":"","background-media":"","overlay-type":"","overlay-color":"","overlay-opacity":"","overlay-gradient":""},"tablet":{"background-color":"var(--ast-global-color-5)","background-image":"","background-repeat":"repeat","background-position":"center center","background-size":"auto","background-attachment":"scroll","background-type":"","background-media":"","overlay-type":"","overlay-color":"","overlay-opacity":"","overlay-gradient":""},"mobile":{"background-color":"var(--ast-global-color-5)","background-image":"","background-repeat":"repeat","background-position":"center center","background-size":"auto","background-attachment":"scroll","background-type":"","background-media":"","overlay-type":"","overlay-color":"","overlay-opacity":"","overlay-gradient":""}},"_jetpack_memberships_contains_paid_content":false,"_joinchat":[],"footnotes":""},"categories":[15302,2],"tags":[17500,8298,17481,17499,17480,334,2248],"class_list":["post-62518","post","type-post","status-publish","format-standard","has-post-thumbnail","hentry","category-destacado","category-villa-maria","tag-actividad-centrica","tag-alumnos","tag-colegio-jose-ingenieros","tag-conciencia-vial","tag-dia-mundial-del-peaton","tag-educacion-vial","tag-villa-maria-2"],"yoast_head":"<!-- This site is optimized with the Yoast SEO plugin v26.8 - https:\/\/yoast.com\/product\/yoast-seo-wordpress\/ -->\n<title>D\u00eda Mundial del Peat\u00f3n: alumnos del Colegio Jos\u00e9 Ingenieros estuvieron generando conciencia vial - El Regional<\/title>\n<meta name=\"robots\" content=\"index, follow, max-snippet:-1, max-image-preview:large, max-video-preview:-1\" \/>\n<link rel=\"canonical\" href=\"http:\/\/elregionalvm.com.ar\/noticias-villa-maria\/dia-mundial-del-peaton-alumnos-del-colegio-jose-ingenieros-estuvieron-generando-conciencia-vial\/\" \/>\n<meta property=\"og:locale\" content=\"es_ES\" \/>\n<meta property=\"og:type\" content=\"article\" \/>\n<meta property=\"og:title\" content=\"D\u00eda Mundial del Peat\u00f3n: alumnos del Colegio Jos\u00e9 Ingenieros estuvieron generando conciencia vial - El Regional\" \/>\n<meta property=\"og:description\" content=\"En el marco del D\u00eda Mundial del Peat\u00f3n, tuvo lugar la actividad impulsada por el municipio y desarrollada por los ni\u00f1os y ni\u00f1as de segundo grado del Centro Educativo Jos\u00e9 Ingenieros, a los fines de generar conciencia vial, tanto de peatones como conductores. En tal sentido, los peque\u00f1os junto al equipo de Educaci\u00f3n Vial, se [&hellip;]\" \/>\n<meta property=\"og:url\" content=\"http:\/\/elregionalvm.com.ar\/noticias-villa-maria\/dia-mundial-del-peaton-alumnos-del-colegio-jose-ingenieros-estuvieron-generando-conciencia-vial\/\" \/>\n<meta property=\"og:site_name\" content=\"El Regional\" \/>\n<meta property=\"article:publisher\" content=\"https:\/\/www.facebook.com\/elregionalvm\" \/>\n<meta property=\"article:published_time\" content=\"2022-08-17T21:19:21+00:00\" \/>\n<meta property=\"article:modified_time\" content=\"2022-08-17T21:19:22+00:00\" \/>\n<meta property=\"og:image\" content=\"http:\/\/elregionalvm.com.ar\/noticias-villa-maria\/wp-content\/uploads\/2022\/08\/WhatsApp-Image-2022-08-17-at-2.04.26-PM.jpeg\" \/>\n\t<meta property=\"og:image:width\" content=\"1600\" \/>\n\t<meta property=\"og:image:height\" content=\"1067\" \/>\n\t<meta property=\"og:image:type\" content=\"image\/jpeg\" \/>\n<meta name=\"author\" content=\"Contenidos El Regional\" \/>\n<meta name=\"twitter:card\" content=\"summary_large_image\" \/>\n<meta name=\"twitter:creator\" content=\"@elregionalvm1\" \/>\n<meta name=\"twitter:site\" content=\"@elregionalvm1\" \/>\n<meta name=\"twitter:label1\" content=\"Escrito por\" \/>\n\t<meta name=\"twitter:data1\" content=\"Contenidos El Regional\" \/>\n\t<meta name=\"twitter:label2\" content=\"Tiempo de lectura\" \/>\n\t<meta name=\"twitter:data2\" content=\"3 minutos\" \/>\n<script type=\"application\/ld+json\" class=\"yoast-schema-graph\">{\"@context\":\"https:\/\/schema.org\",\"@graph\":[{\"@type\":\"Article\",\"@id\":\"http:\/\/elregionalvm.com.ar\/noticias-villa-maria\/dia-mundial-del-peaton-alumnos-del-colegio-jose-ingenieros-estuvieron-generando-conciencia-vial\/#article\",\"isPartOf\":{\"@id\":\"http:\/\/elregionalvm.com.ar\/noticias-villa-maria\/dia-mundial-del-peaton-alumnos-del-colegio-jose-ingenieros-estuvieron-generando-conciencia-vial\/\"},\"author\":{\"name\":\"Contenidos El Regional\",\"@id\":\"http:\/\/elregionalvm.com.ar\/noticias-villa-maria\/#\/schema\/person\/a0fb9c422317faca23d50163151bc354\"},\"headline\":\"D\u00eda Mundial del Peat\u00f3n: alumnos del Colegio Jos\u00e9 Ingenieros estuvieron generando conciencia vial\",\"datePublished\":\"2022-08-17T21:19:21+00:00\",\"dateModified\":\"2022-08-17T21:19:22+00:00\",\"mainEntityOfPage\":{\"@id\":\"http:\/\/elregionalvm.com.ar\/noticias-villa-maria\/dia-mundial-del-peaton-alumnos-del-colegio-jose-ingenieros-estuvieron-generando-conciencia-vial\/\"},\"wordCount\":403,\"commentCount\":0,\"image\":{\"@id\":\"http:\/\/elregionalvm.com.ar\/noticias-villa-maria\/dia-mundial-del-peaton-alumnos-del-colegio-jose-ingenieros-estuvieron-generando-conciencia-vial\/#primaryimage\"},\"thumbnailUrl\":\"https:\/\/i0.wp.com\/elregionalvm.com.ar\/noticias-villa-maria\/wp-content\/uploads\/2022\/08\/WhatsApp-Image-2022-08-17-at-2.04.26-PM.jpeg?fit=1600%2C1067&ssl=1\",\"keywords\":[\"actividad c\u00e9ntrica\",\"alumnos\",\"Colegio Jos\u00e9 Ingenieros\",\"conciencia vial\",\"D\u00eda Mundial del Peat\u00f3n\",\"educaci\u00f3n vial\",\"Villa Mar\u00eda\"],\"articleSection\":[\"destacado\",\"Villa Mar\u00eda\"],\"inLanguage\":\"es\",\"potentialAction\":[{\"@type\":\"CommentAction\",\"name\":\"Comment\",\"target\":[\"http:\/\/elregionalvm.com.ar\/noticias-villa-maria\/dia-mundial-del-peaton-alumnos-del-colegio-jose-ingenieros-estuvieron-generando-conciencia-vial\/#respond\"]}]},{\"@type\":\"WebPage\",\"@id\":\"http:\/\/elregionalvm.com.ar\/noticias-villa-maria\/dia-mundial-del-peaton-alumnos-del-colegio-jose-ingenieros-estuvieron-generando-conciencia-vial\/\",\"url\":\"http:\/\/elregionalvm.com.ar\/noticias-villa-maria\/dia-mundial-del-peaton-alumnos-del-colegio-jose-ingenieros-estuvieron-generando-conciencia-vial\/\",\"name\":\"D\u00eda Mundial del Peat\u00f3n: alumnos del Colegio Jos\u00e9 Ingenieros estuvieron generando conciencia vial - El Regional\",\"isPartOf\":{\"@id\":\"http:\/\/elregionalvm.com.ar\/noticias-villa-maria\/#website\"},\"primaryImageOfPage\":{\"@id\":\"http:\/\/elregionalvm.com.ar\/noticias-villa-maria\/dia-mundial-del-peaton-alumnos-del-colegio-jose-ingenieros-estuvieron-generando-conciencia-vial\/#primaryimage\"},\"image\":{\"@id\":\"http:\/\/elregionalvm.com.ar\/noticias-villa-maria\/dia-mundial-del-peaton-alumnos-del-colegio-jose-ingenieros-estuvieron-generando-conciencia-vial\/#primaryimage\"},\"thumbnailUrl\":\"https:\/\/i0.wp.com\/elregionalvm.com.ar\/noticias-villa-maria\/wp-content\/uploads\/2022\/08\/WhatsApp-Image-2022-08-17-at-2.04.26-PM.jpeg?fit=1600%2C1067&ssl=1\",\"datePublished\":\"2022-08-17T21:19:21+00:00\",\"dateModified\":\"2022-08-17T21:19:22+00:00\",\"author\":{\"@id\":\"http:\/\/elregionalvm.com.ar\/noticias-villa-maria\/#\/schema\/person\/a0fb9c422317faca23d50163151bc354\"},\"breadcrumb\":{\"@id\":\"http:\/\/elregionalvm.com.ar\/noticias-villa-maria\/dia-mundial-del-peaton-alumnos-del-colegio-jose-ingenieros-estuvieron-generando-conciencia-vial\/#breadcrumb\"},\"inLanguage\":\"es\",\"potentialAction\":[{\"@type\":\"ReadAction\",\"target\":[\"http:\/\/elregionalvm.com.ar\/noticias-villa-maria\/dia-mundial-del-peaton-alumnos-del-colegio-jose-ingenieros-estuvieron-generando-conciencia-vial\/\"]}]},{\"@type\":\"ImageObject\",\"inLanguage\":\"es\",\"@id\":\"http:\/\/elregionalvm.com.ar\/noticias-villa-maria\/dia-mundial-del-peaton-alumnos-del-colegio-jose-ingenieros-estuvieron-generando-conciencia-vial\/#primaryimage\",\"url\":\"https:\/\/i0.wp.com\/elregionalvm.com.ar\/noticias-villa-maria\/wp-content\/uploads\/2022\/08\/WhatsApp-Image-2022-08-17-at-2.04.26-PM.jpeg?fit=1600%2C1067&ssl=1\",\"contentUrl\":\"https:\/\/i0.wp.com\/elregionalvm.com.ar\/noticias-villa-maria\/wp-content\/uploads\/2022\/08\/WhatsApp-Image-2022-08-17-at-2.04.26-PM.jpeg?fit=1600%2C1067&ssl=1\",\"width\":1600,\"height\":1067},{\"@type\":\"BreadcrumbList\",\"@id\":\"http:\/\/elregionalvm.com.ar\/noticias-villa-maria\/dia-mundial-del-peaton-alumnos-del-colegio-jose-ingenieros-estuvieron-generando-conciencia-vial\/#breadcrumb\",\"itemListElement\":[{\"@type\":\"ListItem\",\"position\":1,\"name\":\"Portada\",\"item\":\"https:\/\/elregionalvm.com.ar\/noticias-villa-maria\/\"},{\"@type\":\"ListItem\",\"position\":2,\"name\":\"D\u00eda Mundial del Peat\u00f3n: alumnos del Colegio Jos\u00e9 Ingenieros estuvieron generando conciencia vial\"}]},{\"@type\":\"WebSite\",\"@id\":\"http:\/\/elregionalvm.com.ar\/noticias-villa-maria\/#website\",\"url\":\"http:\/\/elregionalvm.com.ar\/noticias-villa-maria\/\",\"name\":\"El Regional\",\"description\":\"Mucho m\u00e1s que informaci\u00f3n\",\"potentialAction\":[{\"@type\":\"SearchAction\",\"target\":{\"@type\":\"EntryPoint\",\"urlTemplate\":\"http:\/\/elregionalvm.com.ar\/noticias-villa-maria\/?s={search_term_string}\"},\"query-input\":{\"@type\":\"PropertyValueSpecification\",\"valueRequired\":true,\"valueName\":\"search_term_string\"}}],\"inLanguage\":\"es\"},{\"@type\":\"Person\",\"@id\":\"http:\/\/elregionalvm.com.ar\/noticias-villa-maria\/#\/schema\/person\/a0fb9c422317faca23d50163151bc354\",\"name\":\"Contenidos El Regional\",\"image\":{\"@type\":\"ImageObject\",\"inLanguage\":\"es\",\"@id\":\"http:\/\/elregionalvm.com.ar\/noticias-villa-maria\/#\/schema\/person\/image\/\",\"url\":\"https:\/\/secure.gravatar.com\/avatar\/265b27cb2209af7bb3a1318f03305787d7981a5cc6e6cd08fe5a4ecdf99d4b48?s=96&d=mm&r=g\",\"contentUrl\":\"https:\/\/secure.gravatar.com\/avatar\/265b27cb2209af7bb3a1318f03305787d7981a5cc6e6cd08fe5a4ecdf99d4b48?s=96&d=mm&r=g\",\"caption\":\"Contenidos El Regional\"},\"url\":\"https:\/\/elregionalvm.com.ar\/noticias-villa-maria\/author\/contenido\/\"}]}<\/script>\n<!-- \/ Yoast SEO plugin. -->","yoast_head_json":{"title":"D\u00eda Mundial del Peat\u00f3n: alumnos del Colegio Jos\u00e9 Ingenieros estuvieron generando conciencia vial - El Regional","robots":{"index":"index","follow":"follow","max-snippet":"max-snippet:-1","max-image-preview":"max-image-preview:large","max-video-preview":"max-video-preview:-1"},"canonical":"http:\/\/elregionalvm.com.ar\/noticias-villa-maria\/dia-mundial-del-peaton-alumnos-del-colegio-jose-ingenieros-estuvieron-generando-conciencia-vial\/","og_locale":"es_ES","og_type":"article","og_title":"D\u00eda Mundial del Peat\u00f3n: alumnos del Colegio Jos\u00e9 Ingenieros estuvieron generando conciencia vial - El Regional","og_description":"En el marco del D\u00eda Mundial del Peat\u00f3n, tuvo lugar la actividad impulsada por el municipio y desarrollada por los ni\u00f1os y ni\u00f1as de segundo grado del Centro Educativo Jos\u00e9 Ingenieros, a los fines de generar conciencia vial, tanto de peatones como conductores. En tal sentido, los peque\u00f1os junto al equipo de Educaci\u00f3n Vial, se [&hellip;]","og_url":"http:\/\/elregionalvm.com.ar\/noticias-villa-maria\/dia-mundial-del-peaton-alumnos-del-colegio-jose-ingenieros-estuvieron-generando-conciencia-vial\/","og_site_name":"El Regional","article_publisher":"https:\/\/www.facebook.com\/elregionalvm","article_published_time":"2022-08-17T21:19:21+00:00","article_modified_time":"2022-08-17T21:19:22+00:00","og_image":[{"width":1600,"height":1067,"url":"http:\/\/elregionalvm.com.ar\/noticias-villa-maria\/wp-content\/uploads\/2022\/08\/WhatsApp-Image-2022-08-17-at-2.04.26-PM.jpeg","type":"image\/jpeg"}],"author":"Contenidos El Regional","twitter_card":"summary_large_image","twitter_creator":"@elregionalvm1","twitter_site":"@elregionalvm1","twitter_misc":{"Escrito por":"Contenidos El Regional","Tiempo de lectura":"3 minutos"},"schema":{"@context":"https:\/\/schema.org","@graph":[{"@type":"Article","@id":"http:\/\/elregionalvm.com.ar\/noticias-villa-maria\/dia-mundial-del-peaton-alumnos-del-colegio-jose-ingenieros-estuvieron-generando-conciencia-vial\/#article","isPartOf":{"@id":"http:\/\/elregionalvm.com.ar\/noticias-villa-maria\/dia-mundial-del-peaton-alumnos-del-colegio-jose-ingenieros-estuvieron-generando-conciencia-vial\/"},"author":{"name":"Contenidos El Regional","@id":"http:\/\/elregionalvm.com.ar\/noticias-villa-maria\/#\/schema\/person\/a0fb9c422317faca23d50163151bc354"},"headline":"D\u00eda Mundial del Peat\u00f3n: alumnos del Colegio Jos\u00e9 Ingenieros estuvieron generando conciencia vial","datePublished":"2022-08-17T21:19:21+00:00","dateModified":"2022-08-17T21:19:22+00:00","mainEntityOfPage":{"@id":"http:\/\/elregionalvm.com.ar\/noticias-villa-maria\/dia-mundial-del-peaton-alumnos-del-colegio-jose-ingenieros-estuvieron-generando-conciencia-vial\/"},"wordCount":403,"commentCount":0,"image":{"@id":"http:\/\/elregionalvm.com.ar\/noticias-villa-maria\/dia-mundial-del-peaton-alumnos-del-colegio-jose-ingenieros-estuvieron-generando-conciencia-vial\/#primaryimage"},"thumbnailUrl":"https:\/\/i0.wp.com\/elregionalvm.com.ar\/noticias-villa-maria\/wp-content\/uploads\/2022\/08\/WhatsApp-Image-2022-08-17-at-2.04.26-PM.jpeg?fit=1600%2C1067&ssl=1","keywords":["actividad c\u00e9ntrica","alumnos","Colegio Jos\u00e9 Ingenieros","conciencia vial","D\u00eda Mundial del Peat\u00f3n","educaci\u00f3n vial","Villa Mar\u00eda"],"articleSection":["destacado","Villa Mar\u00eda"],"inLanguage":"es","potentialAction":[{"@type":"CommentAction","name":"Comment","target":["http:\/\/elregionalvm.com.ar\/noticias-villa-maria\/dia-mundial-del-peaton-alumnos-del-colegio-jose-ingenieros-estuvieron-generando-conciencia-vial\/#respond"]}]},{"@type":"WebPage","@id":"http:\/\/elregionalvm.com.ar\/noticias-villa-maria\/dia-mundial-del-peaton-alumnos-del-colegio-jose-ingenieros-estuvieron-generando-conciencia-vial\/","url":"http:\/\/elregionalvm.com.ar\/noticias-villa-maria\/dia-mundial-del-peaton-alumnos-del-colegio-jose-ingenieros-estuvieron-generando-conciencia-vial\/","name":"D\u00eda Mundial del Peat\u00f3n: alumnos del Colegio Jos\u00e9 Ingenieros estuvieron generando conciencia vial - El Regional","isPartOf":{"@id":"http:\/\/elregionalvm.com.ar\/noticias-villa-maria\/#website"},"primaryImageOfPage":{"@id":"http:\/\/elregionalvm.com.ar\/noticias-villa-maria\/dia-mundial-del-peaton-alumnos-del-colegio-jose-ingenieros-estuvieron-generando-conciencia-vial\/#primaryimage"},"image":{"@id":"http:\/\/elregionalvm.com.ar\/noticias-villa-maria\/dia-mundial-del-peaton-alumnos-del-colegio-jose-ingenieros-estuvieron-generando-conciencia-vial\/#primaryimage"},"thumbnailUrl":"https:\/\/i0.wp.com\/elregionalvm.com.ar\/noticias-villa-maria\/wp-content\/uploads\/2022\/08\/WhatsApp-Image-2022-08-17-at-2.04.26-PM.jpeg?fit=1600%2C1067&ssl=1","datePublished":"2022-08-17T21:19:21+00:00","dateModified":"2022-08-17T21:19:22+00:00","author":{"@id":"http:\/\/elregionalvm.com.ar\/noticias-villa-maria\/#\/schema\/person\/a0fb9c422317faca23d50163151bc354"},"breadcrumb":{"@id":"http:\/\/elregionalvm.com.ar\/noticias-villa-maria\/dia-mundial-del-peaton-alumnos-del-colegio-jose-ingenieros-estuvieron-generando-conciencia-vial\/#breadcrumb"},"inLanguage":"es","potentialAction":[{"@type":"ReadAction","target":["http:\/\/elregionalvm.com.ar\/noticias-villa-maria\/dia-mundial-del-peaton-alumnos-del-colegio-jose-ingenieros-estuvieron-generando-conciencia-vial\/"]}]},{"@type":"ImageObject","inLanguage":"es","@id":"http:\/\/elregionalvm.com.ar\/noticias-villa-maria\/dia-mundial-del-peaton-alumnos-del-colegio-jose-ingenieros-estuvieron-generando-conciencia-vial\/#primaryimage","url":"https:\/\/i0.wp.com\/elregionalvm.com.ar\/noticias-villa-maria\/wp-content\/uploads\/2022\/08\/WhatsApp-Image-2022-08-17-at-2.04.26-PM.jpeg?fit=1600%2C1067&ssl=1","contentUrl":"https:\/\/i0.wp.com\/elregionalvm.com.ar\/noticias-villa-maria\/wp-content\/uploads\/2022\/08\/WhatsApp-Image-2022-08-17-at-2.04.26-PM.jpeg?fit=1600%2C1067&ssl=1","width":1600,"height":1067},{"@type":"BreadcrumbList","@id":"http:\/\/elregionalvm.com.ar\/noticias-villa-maria\/dia-mundial-del-peaton-alumnos-del-colegio-jose-ingenieros-estuvieron-generando-conciencia-vial\/#breadcrumb","itemListElement":[{"@type":"ListItem","position":1,"name":"Portada","item":"https:\/\/elregionalvm.com.ar\/noticias-villa-maria\/"},{"@type":"ListItem","position":2,"name":"D\u00eda Mundial del Peat\u00f3n: alumnos del Colegio Jos\u00e9 Ingenieros estuvieron generando conciencia vial"}]},{"@type":"WebSite","@id":"http:\/\/elregionalvm.com.ar\/noticias-villa-maria\/#website","url":"http:\/\/elregionalvm.com.ar\/noticias-villa-maria\/","name":"El Regional","description":"Mucho m\u00e1s que informaci\u00f3n","potentialAction":[{"@type":"SearchAction","target":{"@type":"EntryPoint","urlTemplate":"http:\/\/elregionalvm.com.ar\/noticias-villa-maria\/?s={search_term_string}"},"query-input":{"@type":"PropertyValueSpecification","valueRequired":true,"valueName":"search_term_string"}}],"inLanguage":"es"},{"@type":"Person","@id":"http:\/\/elregionalvm.com.ar\/noticias-villa-maria\/#\/schema\/person\/a0fb9c422317faca23d50163151bc354","name":"Contenidos El Regional","image":{"@type":"ImageObject","inLanguage":"es","@id":"http:\/\/elregionalvm.com.ar\/noticias-villa-maria\/#\/schema\/person\/image\/","url":"https:\/\/secure.gravatar.com\/avatar\/265b27cb2209af7bb3a1318f03305787d7981a5cc6e6cd08fe5a4ecdf99d4b48?s=96&d=mm&r=g","contentUrl":"https:\/\/secure.gravatar.com\/avatar\/265b27cb2209af7bb3a1318f03305787d7981a5cc6e6cd08fe5a4ecdf99d4b48?s=96&d=mm&r=g","caption":"Contenidos El Regional"},"url":"https:\/\/elregionalvm.com.ar\/noticias-villa-maria\/author\/contenido\/"}]}},"jetpack_featured_media_url":"https:\/\/i0.wp.com\/elregionalvm.com.ar\/noticias-villa-maria\/wp-content\/uploads\/2022\/08\/WhatsApp-Image-2022-08-17-at-2.04.26-PM.jpeg?fit=1600%2C1067&ssl=1","jetpack_sharing_enabled":true,"_links":{"self":[{"href":"https:\/\/elregionalvm.com.ar\/noticias-villa-maria\/wp-json\/wp\/v2\/posts\/62518","targetHints":{"allow":["GET"]}}],"collection":[{"href":"https:\/\/elregionalvm.com.ar\/noticias-villa-maria\/wp-json\/wp\/v2\/posts"}],"about":[{"href":"https:\/\/elregionalvm.com.ar\/noticias-villa-maria\/wp-json\/wp\/v2\/types\/post"}],"author":[{"embeddable":true,"href":"https:\/\/elregionalvm.com.ar\/noticias-villa-maria\/wp-json\/wp\/v2\/users\/4"}],"replies":[{"embeddable":true,"href":"https:\/\/elregionalvm.com.ar\/noticias-villa-maria\/wp-json\/wp\/v2\/comments?post=62518"}],"version-history":[{"count":1,"href":"https:\/\/elregionalvm.com.ar\/noticias-villa-maria\/wp-json\/wp\/v2\/posts\/62518\/revisions"}],"predecessor-version":[{"id":62523,"href":"https:\/\/elregionalvm.com.ar\/noticias-villa-maria\/wp-json\/wp\/v2\/posts\/62518\/revisions\/62523"}],"wp:featuredmedia":[{"embeddable":true,"href":"https:\/\/elregionalvm.com.ar\/noticias-villa-maria\/wp-json\/wp\/v2\/media\/62519"}],"wp:attachment":[{"href":"https:\/\/elregionalvm.com.ar\/noticias-villa-maria\/wp-json\/wp\/v2\/media?parent=62518"}],"wp:term":[{"taxonomy":"category","embeddable":true,"href":"https:\/\/elregionalvm.com.ar\/noticias-villa-maria\/wp-json\/wp\/v2\/categories?post=62518"},{"taxonomy":"post_tag","embeddable":true,"href":"https:\/\/elregionalvm.com.ar\/noticias-villa-maria\/wp-json\/wp\/v2\/tags?post=62518"}],"curies":[{"name":"wp","href":"https:\/\/api.w.org\/{rel}","templated":true}]}}