{"id":62524,"date":"2022-08-17T21:32:11","date_gmt":"2022-08-17T21:32:11","guid":{"rendered":"https:\/\/elregionalvm.com.ar\/noticias-villa-maria\/?p=62524"},"modified":"2022-08-17T21:36:31","modified_gmt":"2022-08-17T21:36:31","slug":"con-un-acto-se-recordo-la-gesta-y-los-valores-de-san-martin-en-la-ciudad1","status":"publish","type":"post","link":"https:\/\/elregionalvm.com.ar\/noticias-villa-maria\/con-un-acto-se-recordo-la-gesta-y-los-valores-de-san-martin-en-la-ciudad1\/","title":{"rendered":"Con un acto se record\u00f3 la gesta y los valores de San Mart\u00edn en la ciudad"},"content":{"rendered":"\n<p>Pasado el mediod\u00eda, se llev\u00f3 adelante el acto para conmemorar el Paso a la Inmortalidad del General Jos\u00e9 de San Mart\u00edn en la explanada del monumento ecuestre que recuerda al Padre de la Patria. El acto fue encabezado por el intendente Martin Gill y la ceremonia dio inicio a las 15 horas, tal como se realiza cada a\u00f1o en alusi\u00f3n al horario del fallecimiento del pr\u00f3cer en 1850.<\/p>\n\n\n\n<p>Con la presencia de abanderados y escoltas de instituciones educativas, de fuerzas de seguridad, de Granaderos Reservistas y de Veteranos de Malvinas, y con un importante marco de vecinas y vecinos, Gill expres\u00f3: \u201cNos reunimos para honrar la memoria del General San Mart\u00edn en su paso a la inmortalidad. Recordarlo significa recordar a un pilar fundamental de nuestra Patria, de su gesta emancipadora e independentista\u201d. Tambi\u00e9n destac\u00f3 que \u201cfue uno de los estrategas militares de mayor envergadura que dio nuestro continente\u201d.<\/p>\n\n\n\n<figure class=\"wp-block-image size-large\"><img data-recalc-dims=\"1\" fetchpriority=\"high\" decoding=\"async\" width=\"1024\" height=\"682\" src=\"https:\/\/i0.wp.com\/elregionalvm.com.ar\/noticias-villa-maria\/wp-content\/uploads\/2022\/08\/WhatsApp-Image-2022-08-17-at-6.26.26-PM-1.jpeg?resize=1024%2C682&#038;ssl=1\" alt=\"\" class=\"wp-image-62526\" srcset=\"https:\/\/i0.wp.com\/elregionalvm.com.ar\/noticias-villa-maria\/wp-content\/uploads\/2022\/08\/WhatsApp-Image-2022-08-17-at-6.26.26-PM-1.jpeg?resize=1024%2C682&amp;ssl=1 1024w, https:\/\/i0.wp.com\/elregionalvm.com.ar\/noticias-villa-maria\/wp-content\/uploads\/2022\/08\/WhatsApp-Image-2022-08-17-at-6.26.26-PM-1.jpeg?resize=300%2C200&amp;ssl=1 300w, https:\/\/i0.wp.com\/elregionalvm.com.ar\/noticias-villa-maria\/wp-content\/uploads\/2022\/08\/WhatsApp-Image-2022-08-17-at-6.26.26-PM-1.jpeg?resize=768%2C512&amp;ssl=1 768w, https:\/\/i0.wp.com\/elregionalvm.com.ar\/noticias-villa-maria\/wp-content\/uploads\/2022\/08\/WhatsApp-Image-2022-08-17-at-6.26.26-PM-1.jpeg?w=1280&amp;ssl=1 1280w\" sizes=\"(max-width: 1000px) 100vw, 1000px\" \/><\/figure>\n\n\n\n<p>\u201cEl General San Mart\u00edn ense\u00f1aba con el ejemplo m\u00e1s que con la palabra, a trav\u00e9s de la disciplina, la convicci\u00f3n y un humanismo profundo\u201d, afirm\u00f3 el mandatario para, enseguida, continuar: \u201cEn tiempos como estos, de crisis, de desuni\u00f3n de desencuentros entre los argentinos, el gran desaf\u00edo es ver c\u00f3mo podemos hacer para que el ejemplo de lucha de San Mart\u00edn y tantos otros, nos permita construir eso que no es de nadie y es de todos, y que llamamos Patria\u201d.<\/p>\n\n\n\n<p>\u201cLa tarea es inmensa, y en \u00e9pocas dif\u00edciles es m\u00e1s urgente que nunca. Por eso desde nuestra ciudad, desde el interior del interior, tendremos mucho por hacer y mucho por aportar. Que sea una oportunidad para construir Patria, que cada uno sea capaz de un acto de conciencia de lo que hace y lo que falta, de tener la decisi\u00f3n de no bajar los brazos, de mirar con esperanzas lo que viene\u201d, culmin\u00f3 Gill.<\/p>\n\n\n\n<figure class=\"wp-block-gallery has-nested-images columns-default is-cropped wp-block-gallery-1 is-layout-flex wp-block-gallery-is-layout-flex\">\n<figure class=\"wp-block-image size-large\"><img data-recalc-dims=\"1\" decoding=\"async\" width=\"1024\" height=\"682\" data-id=\"62528\" src=\"https:\/\/i0.wp.com\/elregionalvm.com.ar\/noticias-villa-maria\/wp-content\/uploads\/2022\/08\/WhatsApp-Image-2022-08-17-at-6.26.25-PM.jpeg?resize=1024%2C682&#038;ssl=1\" alt=\"\" class=\"wp-image-62528\" srcset=\"https:\/\/i0.wp.com\/elregionalvm.com.ar\/noticias-villa-maria\/wp-content\/uploads\/2022\/08\/WhatsApp-Image-2022-08-17-at-6.26.25-PM.jpeg?resize=1024%2C682&amp;ssl=1 1024w, https:\/\/i0.wp.com\/elregionalvm.com.ar\/noticias-villa-maria\/wp-content\/uploads\/2022\/08\/WhatsApp-Image-2022-08-17-at-6.26.25-PM.jpeg?resize=300%2C200&amp;ssl=1 300w, https:\/\/i0.wp.com\/elregionalvm.com.ar\/noticias-villa-maria\/wp-content\/uploads\/2022\/08\/WhatsApp-Image-2022-08-17-at-6.26.25-PM.jpeg?resize=768%2C512&amp;ssl=1 768w, https:\/\/i0.wp.com\/elregionalvm.com.ar\/noticias-villa-maria\/wp-content\/uploads\/2022\/08\/WhatsApp-Image-2022-08-17-at-6.26.25-PM.jpeg?w=1280&amp;ssl=1 1280w\" sizes=\"(max-width: 1000px) 100vw, 1000px\" \/><\/figure>\n\n\n\n<figure class=\"wp-block-image size-large\"><img data-recalc-dims=\"1\" decoding=\"async\" width=\"1024\" height=\"682\" data-id=\"62529\" src=\"https:\/\/i0.wp.com\/elregionalvm.com.ar\/noticias-villa-maria\/wp-content\/uploads\/2022\/08\/WhatsApp-Image-2022-08-17-at-6.26.25-PM-1.jpeg?resize=1024%2C682&#038;ssl=1\" alt=\"\" class=\"wp-image-62529\" srcset=\"https:\/\/i0.wp.com\/elregionalvm.com.ar\/noticias-villa-maria\/wp-content\/uploads\/2022\/08\/WhatsApp-Image-2022-08-17-at-6.26.25-PM-1.jpeg?resize=1024%2C682&amp;ssl=1 1024w, https:\/\/i0.wp.com\/elregionalvm.com.ar\/noticias-villa-maria\/wp-content\/uploads\/2022\/08\/WhatsApp-Image-2022-08-17-at-6.26.25-PM-1.jpeg?resize=300%2C200&amp;ssl=1 300w, https:\/\/i0.wp.com\/elregionalvm.com.ar\/noticias-villa-maria\/wp-content\/uploads\/2022\/08\/WhatsApp-Image-2022-08-17-at-6.26.25-PM-1.jpeg?resize=768%2C512&amp;ssl=1 768w, https:\/\/i0.wp.com\/elregionalvm.com.ar\/noticias-villa-maria\/wp-content\/uploads\/2022\/08\/WhatsApp-Image-2022-08-17-at-6.26.25-PM-1.jpeg?w=1280&amp;ssl=1 1280w\" sizes=\"(max-width: 1000px) 100vw, 1000px\" \/><\/figure>\n\n\n\n<figure class=\"wp-block-image size-large\"><img data-recalc-dims=\"1\" loading=\"lazy\" decoding=\"async\" width=\"1024\" height=\"664\" data-id=\"62527\" src=\"https:\/\/i0.wp.com\/elregionalvm.com.ar\/noticias-villa-maria\/wp-content\/uploads\/2022\/08\/WhatsApp-Image-2022-08-17-at-6.26.26-PM-2.jpeg?resize=1024%2C664&#038;ssl=1\" alt=\"\" class=\"wp-image-62527\" srcset=\"https:\/\/i0.wp.com\/elregionalvm.com.ar\/noticias-villa-maria\/wp-content\/uploads\/2022\/08\/WhatsApp-Image-2022-08-17-at-6.26.26-PM-2.jpeg?resize=1024%2C664&amp;ssl=1 1024w, https:\/\/i0.wp.com\/elregionalvm.com.ar\/noticias-villa-maria\/wp-content\/uploads\/2022\/08\/WhatsApp-Image-2022-08-17-at-6.26.26-PM-2.jpeg?resize=300%2C195&amp;ssl=1 300w, https:\/\/i0.wp.com\/elregionalvm.com.ar\/noticias-villa-maria\/wp-content\/uploads\/2022\/08\/WhatsApp-Image-2022-08-17-at-6.26.26-PM-2.jpeg?resize=768%2C498&amp;ssl=1 768w, https:\/\/i0.wp.com\/elregionalvm.com.ar\/noticias-villa-maria\/wp-content\/uploads\/2022\/08\/WhatsApp-Image-2022-08-17-at-6.26.26-PM-2.jpeg?w=1280&amp;ssl=1 1280w\" sizes=\"(max-width: 1000px) 100vw, 1000px\" \/><\/figure>\n<\/figure>\n\n\n\n<p>La emoci\u00f3n lleg\u00f3 tambi\u00e9n de la mano de ni\u00f1as y ni\u00f1os de primer grado de la escuela San Mart\u00edn. Caracterizados como granaderos, los peque\u00f1os interpretaron la Marcha de las Camelias, brindando una emotiva demostraci\u00f3n que rememor\u00f3 los ideales que llevaron al General a poner su vida al servicio de la libertad latinoamericana.<\/p>\n\n\n\n<p>Posteriormente y para finalizar, las autoridades depositaron una corona de laureles a los pies del monumento que recuerda al Libertador, y se procedi\u00f3 al encendido de la llama votiva.<\/p>\n\n\n\n<p>Acompa\u00f1aron el presidente del Concejo Deliberante, Pablo Rosso; el titular del Tribunal de Cuentas, Mauro Beltrami; concejales; autoridades y representantes de fuerzas de seguridad; el obispo de la Di\u00f3cesis de Villa Mar\u00eda, monse\u00f1or Samuel Jofr\u00e9 Giraudo; funcionarios locales y provinciales, concejales y representantes de instituciones.<\/p>\n","protected":false},"excerpt":{"rendered":"<p>Pasado el mediod\u00eda, se llev\u00f3 adelante el acto para conmemorar el Paso a la Inmortalidad del General Jos\u00e9 de San Mart\u00edn en la explanada del monumento ecuestre que recuerda al Padre de la Patria. El acto fue encabezado por el intendente Martin Gill y la ceremonia dio inicio a las 15 horas, tal como se [&hellip;]<\/p>\n","protected":false},"author":4,"featured_media":62525,"comment_status":"open","ping_status":"open","sticky":false,"template":"","format":"standard","meta":{"site-sidebar-layout":"default","site-content-layout":"","ast-site-content-layout":"default","site-content-style":"default","site-sidebar-style":"default","ast-global-header-display":"","ast-banner-title-visibility":"","ast-main-header-display":"","ast-hfb-above-header-display":"","ast-hfb-below-header-display":"","ast-hfb-mobile-header-display":"","site-post-title":"","ast-breadcrumbs-content":"","ast-featured-img":"","footer-sml-layout":"","ast-disable-related-posts":"","theme-transparent-header-meta":"","adv-header-id-meta":"","stick-header-meta":"","header-above-stick-meta":"","header-main-stick-meta":"","header-below-stick-meta":"","astra-migrate-meta-layouts":"default","ast-page-background-enabled":"default","ast-page-background-meta":{"desktop":{"background-color":"","background-image":"","background-repeat":"repeat","background-position":"center center","background-size":"auto","background-attachment":"scroll","background-type":"","background-media":"","overlay-type":"","overlay-color":"","overlay-opacity":"","overlay-gradient":""},"tablet":{"background-color":"","background-image":"","background-repeat":"repeat","background-position":"center center","background-size":"auto","background-attachment":"scroll","background-type":"","background-media":"","overlay-type":"","overlay-color":"","overlay-opacity":"","overlay-gradient":""},"mobile":{"background-color":"","background-image":"","background-repeat":"repeat","background-position":"center center","background-size":"auto","background-attachment":"scroll","background-type":"","background-media":"","overlay-type":"","overlay-color":"","overlay-opacity":"","overlay-gradient":""}},"ast-content-background-meta":{"desktop":{"background-color":"var(--ast-global-color-5)","background-image":"","background-repeat":"repeat","background-position":"center center","background-size":"auto","background-attachment":"scroll","background-type":"","background-media":"","overlay-type":"","overlay-color":"","overlay-opacity":"","overlay-gradient":""},"tablet":{"background-color":"var(--ast-global-color-5)","background-image":"","background-repeat":"repeat","background-position":"center center","background-size":"auto","background-attachment":"scroll","background-type":"","background-media":"","overlay-type":"","overlay-color":"","overlay-opacity":"","overlay-gradient":""},"mobile":{"background-color":"var(--ast-global-color-5)","background-image":"","background-repeat":"repeat","background-position":"center center","background-size":"auto","background-attachment":"scroll","background-type":"","background-media":"","overlay-type":"","overlay-color":"","overlay-opacity":"","overlay-gradient":""}},"_jetpack_memberships_contains_paid_content":false,"_joinchat":[],"footnotes":""},"categories":[15302,2],"tags":[17501,17504,6548,10564,17503,17502],"class_list":["post-62524","post","type-post","status-publish","format-standard","has-post-thumbnail","hentry","category-destacado","category-villa-maria","tag-acto-conmemorativo","tag-acto-local","tag-explanada","tag-general-jose-de-san-martin","tag-monumento-ecuestre","tag-paso-a-la-inmortalidad"],"yoast_head":"<!-- This site is optimized with the Yoast SEO plugin v26.8 - https:\/\/yoast.com\/product\/yoast-seo-wordpress\/ -->\n<title>Con un acto se record\u00f3 la gesta y los valores de San Mart\u00edn en la ciudad - El Regional<\/title>\n<meta name=\"robots\" content=\"index, follow, max-snippet:-1, max-image-preview:large, max-video-preview:-1\" \/>\n<link rel=\"canonical\" href=\"http:\/\/elregionalvm.com.ar\/noticias-villa-maria\/con-un-acto-se-recordo-la-gesta-y-los-valores-de-san-martin-en-la-ciudad1\/\" \/>\n<meta property=\"og:locale\" content=\"es_ES\" \/>\n<meta property=\"og:type\" content=\"article\" \/>\n<meta property=\"og:title\" content=\"Con un acto se record\u00f3 la gesta y los valores de San Mart\u00edn en la ciudad - El Regional\" \/>\n<meta property=\"og:description\" content=\"Pasado el mediod\u00eda, se llev\u00f3 adelante el acto para conmemorar el Paso a la Inmortalidad del General Jos\u00e9 de San Mart\u00edn en la explanada del monumento ecuestre que recuerda al Padre de la Patria. El acto fue encabezado por el intendente Martin Gill y la ceremonia dio inicio a las 15 horas, tal como se [&hellip;]\" \/>\n<meta property=\"og:url\" content=\"http:\/\/elregionalvm.com.ar\/noticias-villa-maria\/con-un-acto-se-recordo-la-gesta-y-los-valores-de-san-martin-en-la-ciudad1\/\" \/>\n<meta property=\"og:site_name\" content=\"El Regional\" \/>\n<meta property=\"article:publisher\" content=\"https:\/\/www.facebook.com\/elregionalvm\" \/>\n<meta property=\"article:published_time\" content=\"2022-08-17T21:32:11+00:00\" \/>\n<meta property=\"article:modified_time\" content=\"2022-08-17T21:36:31+00:00\" \/>\n<meta property=\"og:image\" content=\"http:\/\/elregionalvm.com.ar\/noticias-villa-maria\/wp-content\/uploads\/2022\/08\/WhatsApp-Image-2022-08-17-at-6.26.26-PM.jpeg\" \/>\n\t<meta property=\"og:image:width\" content=\"1280\" \/>\n\t<meta property=\"og:image:height\" content=\"853\" \/>\n\t<meta property=\"og:image:type\" content=\"image\/jpeg\" \/>\n<meta name=\"author\" content=\"Contenidos El Regional\" \/>\n<meta name=\"twitter:card\" content=\"summary_large_image\" \/>\n<meta name=\"twitter:creator\" content=\"@elregionalvm1\" \/>\n<meta name=\"twitter:site\" content=\"@elregionalvm1\" \/>\n<meta name=\"twitter:label1\" content=\"Escrito por\" \/>\n\t<meta name=\"twitter:data1\" content=\"Contenidos El Regional\" \/>\n\t<meta name=\"twitter:label2\" content=\"Tiempo de lectura\" \/>\n\t<meta name=\"twitter:data2\" content=\"3 minutos\" \/>\n<script type=\"application\/ld+json\" class=\"yoast-schema-graph\">{\"@context\":\"https:\/\/schema.org\",\"@graph\":[{\"@type\":\"Article\",\"@id\":\"http:\/\/elregionalvm.com.ar\/noticias-villa-maria\/con-un-acto-se-recordo-la-gesta-y-los-valores-de-san-martin-en-la-ciudad1\/#article\",\"isPartOf\":{\"@id\":\"http:\/\/elregionalvm.com.ar\/noticias-villa-maria\/con-un-acto-se-recordo-la-gesta-y-los-valores-de-san-martin-en-la-ciudad1\/\"},\"author\":{\"name\":\"Contenidos El Regional\",\"@id\":\"http:\/\/elregionalvm.com.ar\/noticias-villa-maria\/#\/schema\/person\/a0fb9c422317faca23d50163151bc354\"},\"headline\":\"Con un acto se record\u00f3 la gesta y los valores de San Mart\u00edn en la ciudad\",\"datePublished\":\"2022-08-17T21:32:11+00:00\",\"dateModified\":\"2022-08-17T21:36:31+00:00\",\"mainEntityOfPage\":{\"@id\":\"http:\/\/elregionalvm.com.ar\/noticias-villa-maria\/con-un-acto-se-recordo-la-gesta-y-los-valores-de-san-martin-en-la-ciudad1\/\"},\"wordCount\":474,\"commentCount\":0,\"image\":{\"@id\":\"http:\/\/elregionalvm.com.ar\/noticias-villa-maria\/con-un-acto-se-recordo-la-gesta-y-los-valores-de-san-martin-en-la-ciudad1\/#primaryimage\"},\"thumbnailUrl\":\"https:\/\/i0.wp.com\/elregionalvm.com.ar\/noticias-villa-maria\/wp-content\/uploads\/2022\/08\/WhatsApp-Image-2022-08-17-at-6.26.26-PM.jpeg?fit=1280%2C853&ssl=1\",\"keywords\":[\"acto conmemorativo\",\"acto local\",\"Explanada\",\"General Jos\u00e9 de San Mart\u00edn\",\"Monumento ecuestre\",\"Paso a la inmortalidad\"],\"articleSection\":[\"destacado\",\"Villa Mar\u00eda\"],\"inLanguage\":\"es\",\"potentialAction\":[{\"@type\":\"CommentAction\",\"name\":\"Comment\",\"target\":[\"http:\/\/elregionalvm.com.ar\/noticias-villa-maria\/con-un-acto-se-recordo-la-gesta-y-los-valores-de-san-martin-en-la-ciudad1\/#respond\"]}]},{\"@type\":\"WebPage\",\"@id\":\"http:\/\/elregionalvm.com.ar\/noticias-villa-maria\/con-un-acto-se-recordo-la-gesta-y-los-valores-de-san-martin-en-la-ciudad1\/\",\"url\":\"http:\/\/elregionalvm.com.ar\/noticias-villa-maria\/con-un-acto-se-recordo-la-gesta-y-los-valores-de-san-martin-en-la-ciudad1\/\",\"name\":\"Con un acto se record\u00f3 la gesta y los valores de San Mart\u00edn en la ciudad - El Regional\",\"isPartOf\":{\"@id\":\"http:\/\/elregionalvm.com.ar\/noticias-villa-maria\/#website\"},\"primaryImageOfPage\":{\"@id\":\"http:\/\/elregionalvm.com.ar\/noticias-villa-maria\/con-un-acto-se-recordo-la-gesta-y-los-valores-de-san-martin-en-la-ciudad1\/#primaryimage\"},\"image\":{\"@id\":\"http:\/\/elregionalvm.com.ar\/noticias-villa-maria\/con-un-acto-se-recordo-la-gesta-y-los-valores-de-san-martin-en-la-ciudad1\/#primaryimage\"},\"thumbnailUrl\":\"https:\/\/i0.wp.com\/elregionalvm.com.ar\/noticias-villa-maria\/wp-content\/uploads\/2022\/08\/WhatsApp-Image-2022-08-17-at-6.26.26-PM.jpeg?fit=1280%2C853&ssl=1\",\"datePublished\":\"2022-08-17T21:32:11+00:00\",\"dateModified\":\"2022-08-17T21:36:31+00:00\",\"author\":{\"@id\":\"http:\/\/elregionalvm.com.ar\/noticias-villa-maria\/#\/schema\/person\/a0fb9c422317faca23d50163151bc354\"},\"breadcrumb\":{\"@id\":\"http:\/\/elregionalvm.com.ar\/noticias-villa-maria\/con-un-acto-se-recordo-la-gesta-y-los-valores-de-san-martin-en-la-ciudad1\/#breadcrumb\"},\"inLanguage\":\"es\",\"potentialAction\":[{\"@type\":\"ReadAction\",\"target\":[\"http:\/\/elregionalvm.com.ar\/noticias-villa-maria\/con-un-acto-se-recordo-la-gesta-y-los-valores-de-san-martin-en-la-ciudad1\/\"]}]},{\"@type\":\"ImageObject\",\"inLanguage\":\"es\",\"@id\":\"http:\/\/elregionalvm.com.ar\/noticias-villa-maria\/con-un-acto-se-recordo-la-gesta-y-los-valores-de-san-martin-en-la-ciudad1\/#primaryimage\",\"url\":\"https:\/\/i0.wp.com\/elregionalvm.com.ar\/noticias-villa-maria\/wp-content\/uploads\/2022\/08\/WhatsApp-Image-2022-08-17-at-6.26.26-PM.jpeg?fit=1280%2C853&ssl=1\",\"contentUrl\":\"https:\/\/i0.wp.com\/elregionalvm.com.ar\/noticias-villa-maria\/wp-content\/uploads\/2022\/08\/WhatsApp-Image-2022-08-17-at-6.26.26-PM.jpeg?fit=1280%2C853&ssl=1\",\"width\":1280,\"height\":853},{\"@type\":\"BreadcrumbList\",\"@id\":\"http:\/\/elregionalvm.com.ar\/noticias-villa-maria\/con-un-acto-se-recordo-la-gesta-y-los-valores-de-san-martin-en-la-ciudad1\/#breadcrumb\",\"itemListElement\":[{\"@type\":\"ListItem\",\"position\":1,\"name\":\"Portada\",\"item\":\"https:\/\/elregionalvm.com.ar\/noticias-villa-maria\/\"},{\"@type\":\"ListItem\",\"position\":2,\"name\":\"Con un acto se record\u00f3 la gesta y los valores de San Mart\u00edn en la ciudad\"}]},{\"@type\":\"WebSite\",\"@id\":\"http:\/\/elregionalvm.com.ar\/noticias-villa-maria\/#website\",\"url\":\"http:\/\/elregionalvm.com.ar\/noticias-villa-maria\/\",\"name\":\"El Regional\",\"description\":\"Mucho m\u00e1s que informaci\u00f3n\",\"potentialAction\":[{\"@type\":\"SearchAction\",\"target\":{\"@type\":\"EntryPoint\",\"urlTemplate\":\"http:\/\/elregionalvm.com.ar\/noticias-villa-maria\/?s={search_term_string}\"},\"query-input\":{\"@type\":\"PropertyValueSpecification\",\"valueRequired\":true,\"valueName\":\"search_term_string\"}}],\"inLanguage\":\"es\"},{\"@type\":\"Person\",\"@id\":\"http:\/\/elregionalvm.com.ar\/noticias-villa-maria\/#\/schema\/person\/a0fb9c422317faca23d50163151bc354\",\"name\":\"Contenidos El Regional\",\"image\":{\"@type\":\"ImageObject\",\"inLanguage\":\"es\",\"@id\":\"http:\/\/elregionalvm.com.ar\/noticias-villa-maria\/#\/schema\/person\/image\/\",\"url\":\"https:\/\/secure.gravatar.com\/avatar\/265b27cb2209af7bb3a1318f03305787d7981a5cc6e6cd08fe5a4ecdf99d4b48?s=96&d=mm&r=g\",\"contentUrl\":\"https:\/\/secure.gravatar.com\/avatar\/265b27cb2209af7bb3a1318f03305787d7981a5cc6e6cd08fe5a4ecdf99d4b48?s=96&d=mm&r=g\",\"caption\":\"Contenidos El Regional\"},\"url\":\"https:\/\/elregionalvm.com.ar\/noticias-villa-maria\/author\/contenido\/\"}]}<\/script>\n<!-- \/ Yoast SEO plugin. -->","yoast_head_json":{"title":"Con un acto se record\u00f3 la gesta y los valores de San Mart\u00edn en la ciudad - El Regional","robots":{"index":"index","follow":"follow","max-snippet":"max-snippet:-1","max-image-preview":"max-image-preview:large","max-video-preview":"max-video-preview:-1"},"canonical":"http:\/\/elregionalvm.com.ar\/noticias-villa-maria\/con-un-acto-se-recordo-la-gesta-y-los-valores-de-san-martin-en-la-ciudad1\/","og_locale":"es_ES","og_type":"article","og_title":"Con un acto se record\u00f3 la gesta y los valores de San Mart\u00edn en la ciudad - El Regional","og_description":"Pasado el mediod\u00eda, se llev\u00f3 adelante el acto para conmemorar el Paso a la Inmortalidad del General Jos\u00e9 de San Mart\u00edn en la explanada del monumento ecuestre que recuerda al Padre de la Patria. El acto fue encabezado por el intendente Martin Gill y la ceremonia dio inicio a las 15 horas, tal como se [&hellip;]","og_url":"http:\/\/elregionalvm.com.ar\/noticias-villa-maria\/con-un-acto-se-recordo-la-gesta-y-los-valores-de-san-martin-en-la-ciudad1\/","og_site_name":"El Regional","article_publisher":"https:\/\/www.facebook.com\/elregionalvm","article_published_time":"2022-08-17T21:32:11+00:00","article_modified_time":"2022-08-17T21:36:31+00:00","og_image":[{"width":1280,"height":853,"url":"http:\/\/elregionalvm.com.ar\/noticias-villa-maria\/wp-content\/uploads\/2022\/08\/WhatsApp-Image-2022-08-17-at-6.26.26-PM.jpeg","type":"image\/jpeg"}],"author":"Contenidos El Regional","twitter_card":"summary_large_image","twitter_creator":"@elregionalvm1","twitter_site":"@elregionalvm1","twitter_misc":{"Escrito por":"Contenidos El Regional","Tiempo de lectura":"3 minutos"},"schema":{"@context":"https:\/\/schema.org","@graph":[{"@type":"Article","@id":"http:\/\/elregionalvm.com.ar\/noticias-villa-maria\/con-un-acto-se-recordo-la-gesta-y-los-valores-de-san-martin-en-la-ciudad1\/#article","isPartOf":{"@id":"http:\/\/elregionalvm.com.ar\/noticias-villa-maria\/con-un-acto-se-recordo-la-gesta-y-los-valores-de-san-martin-en-la-ciudad1\/"},"author":{"name":"Contenidos El Regional","@id":"http:\/\/elregionalvm.com.ar\/noticias-villa-maria\/#\/schema\/person\/a0fb9c422317faca23d50163151bc354"},"headline":"Con un acto se record\u00f3 la gesta y los valores de San Mart\u00edn en la ciudad","datePublished":"2022-08-17T21:32:11+00:00","dateModified":"2022-08-17T21:36:31+00:00","mainEntityOfPage":{"@id":"http:\/\/elregionalvm.com.ar\/noticias-villa-maria\/con-un-acto-se-recordo-la-gesta-y-los-valores-de-san-martin-en-la-ciudad1\/"},"wordCount":474,"commentCount":0,"image":{"@id":"http:\/\/elregionalvm.com.ar\/noticias-villa-maria\/con-un-acto-se-recordo-la-gesta-y-los-valores-de-san-martin-en-la-ciudad1\/#primaryimage"},"thumbnailUrl":"https:\/\/i0.wp.com\/elregionalvm.com.ar\/noticias-villa-maria\/wp-content\/uploads\/2022\/08\/WhatsApp-Image-2022-08-17-at-6.26.26-PM.jpeg?fit=1280%2C853&ssl=1","keywords":["acto conmemorativo","acto local","Explanada","General Jos\u00e9 de San Mart\u00edn","Monumento ecuestre","Paso a la inmortalidad"],"articleSection":["destacado","Villa Mar\u00eda"],"inLanguage":"es","potentialAction":[{"@type":"CommentAction","name":"Comment","target":["http:\/\/elregionalvm.com.ar\/noticias-villa-maria\/con-un-acto-se-recordo-la-gesta-y-los-valores-de-san-martin-en-la-ciudad1\/#respond"]}]},{"@type":"WebPage","@id":"http:\/\/elregionalvm.com.ar\/noticias-villa-maria\/con-un-acto-se-recordo-la-gesta-y-los-valores-de-san-martin-en-la-ciudad1\/","url":"http:\/\/elregionalvm.com.ar\/noticias-villa-maria\/con-un-acto-se-recordo-la-gesta-y-los-valores-de-san-martin-en-la-ciudad1\/","name":"Con un acto se record\u00f3 la gesta y los valores de San Mart\u00edn en la ciudad - El Regional","isPartOf":{"@id":"http:\/\/elregionalvm.com.ar\/noticias-villa-maria\/#website"},"primaryImageOfPage":{"@id":"http:\/\/elregionalvm.com.ar\/noticias-villa-maria\/con-un-acto-se-recordo-la-gesta-y-los-valores-de-san-martin-en-la-ciudad1\/#primaryimage"},"image":{"@id":"http:\/\/elregionalvm.com.ar\/noticias-villa-maria\/con-un-acto-se-recordo-la-gesta-y-los-valores-de-san-martin-en-la-ciudad1\/#primaryimage"},"thumbnailUrl":"https:\/\/i0.wp.com\/elregionalvm.com.ar\/noticias-villa-maria\/wp-content\/uploads\/2022\/08\/WhatsApp-Image-2022-08-17-at-6.26.26-PM.jpeg?fit=1280%2C853&ssl=1","datePublished":"2022-08-17T21:32:11+00:00","dateModified":"2022-08-17T21:36:31+00:00","author":{"@id":"http:\/\/elregionalvm.com.ar\/noticias-villa-maria\/#\/schema\/person\/a0fb9c422317faca23d50163151bc354"},"breadcrumb":{"@id":"http:\/\/elregionalvm.com.ar\/noticias-villa-maria\/con-un-acto-se-recordo-la-gesta-y-los-valores-de-san-martin-en-la-ciudad1\/#breadcrumb"},"inLanguage":"es","potentialAction":[{"@type":"ReadAction","target":["http:\/\/elregionalvm.com.ar\/noticias-villa-maria\/con-un-acto-se-recordo-la-gesta-y-los-valores-de-san-martin-en-la-ciudad1\/"]}]},{"@type":"ImageObject","inLanguage":"es","@id":"http:\/\/elregionalvm.com.ar\/noticias-villa-maria\/con-un-acto-se-recordo-la-gesta-y-los-valores-de-san-martin-en-la-ciudad1\/#primaryimage","url":"https:\/\/i0.wp.com\/elregionalvm.com.ar\/noticias-villa-maria\/wp-content\/uploads\/2022\/08\/WhatsApp-Image-2022-08-17-at-6.26.26-PM.jpeg?fit=1280%2C853&ssl=1","contentUrl":"https:\/\/i0.wp.com\/elregionalvm.com.ar\/noticias-villa-maria\/wp-content\/uploads\/2022\/08\/WhatsApp-Image-2022-08-17-at-6.26.26-PM.jpeg?fit=1280%2C853&ssl=1","width":1280,"height":853},{"@type":"BreadcrumbList","@id":"http:\/\/elregionalvm.com.ar\/noticias-villa-maria\/con-un-acto-se-recordo-la-gesta-y-los-valores-de-san-martin-en-la-ciudad1\/#breadcrumb","itemListElement":[{"@type":"ListItem","position":1,"name":"Portada","item":"https:\/\/elregionalvm.com.ar\/noticias-villa-maria\/"},{"@type":"ListItem","position":2,"name":"Con un acto se record\u00f3 la gesta y los valores de San Mart\u00edn en la ciudad"}]},{"@type":"WebSite","@id":"http:\/\/elregionalvm.com.ar\/noticias-villa-maria\/#website","url":"http:\/\/elregionalvm.com.ar\/noticias-villa-maria\/","name":"El Regional","description":"Mucho m\u00e1s que informaci\u00f3n","potentialAction":[{"@type":"SearchAction","target":{"@type":"EntryPoint","urlTemplate":"http:\/\/elregionalvm.com.ar\/noticias-villa-maria\/?s={search_term_string}"},"query-input":{"@type":"PropertyValueSpecification","valueRequired":true,"valueName":"search_term_string"}}],"inLanguage":"es"},{"@type":"Person","@id":"http:\/\/elregionalvm.com.ar\/noticias-villa-maria\/#\/schema\/person\/a0fb9c422317faca23d50163151bc354","name":"Contenidos El Regional","image":{"@type":"ImageObject","inLanguage":"es","@id":"http:\/\/elregionalvm.com.ar\/noticias-villa-maria\/#\/schema\/person\/image\/","url":"https:\/\/secure.gravatar.com\/avatar\/265b27cb2209af7bb3a1318f03305787d7981a5cc6e6cd08fe5a4ecdf99d4b48?s=96&d=mm&r=g","contentUrl":"https:\/\/secure.gravatar.com\/avatar\/265b27cb2209af7bb3a1318f03305787d7981a5cc6e6cd08fe5a4ecdf99d4b48?s=96&d=mm&r=g","caption":"Contenidos El Regional"},"url":"https:\/\/elregionalvm.com.ar\/noticias-villa-maria\/author\/contenido\/"}]}},"jetpack_featured_media_url":"https:\/\/i0.wp.com\/elregionalvm.com.ar\/noticias-villa-maria\/wp-content\/uploads\/2022\/08\/WhatsApp-Image-2022-08-17-at-6.26.26-PM.jpeg?fit=1280%2C853&ssl=1","jetpack_sharing_enabled":true,"_links":{"self":[{"href":"https:\/\/elregionalvm.com.ar\/noticias-villa-maria\/wp-json\/wp\/v2\/posts\/62524","targetHints":{"allow":["GET"]}}],"collection":[{"href":"https:\/\/elregionalvm.com.ar\/noticias-villa-maria\/wp-json\/wp\/v2\/posts"}],"about":[{"href":"https:\/\/elregionalvm.com.ar\/noticias-villa-maria\/wp-json\/wp\/v2\/types\/post"}],"author":[{"embeddable":true,"href":"https:\/\/elregionalvm.com.ar\/noticias-villa-maria\/wp-json\/wp\/v2\/users\/4"}],"replies":[{"embeddable":true,"href":"https:\/\/elregionalvm.com.ar\/noticias-villa-maria\/wp-json\/wp\/v2\/comments?post=62524"}],"version-history":[{"count":1,"href":"https:\/\/elregionalvm.com.ar\/noticias-villa-maria\/wp-json\/wp\/v2\/posts\/62524\/revisions"}],"predecessor-version":[{"id":62531,"href":"https:\/\/elregionalvm.com.ar\/noticias-villa-maria\/wp-json\/wp\/v2\/posts\/62524\/revisions\/62531"}],"wp:featuredmedia":[{"embeddable":true,"href":"https:\/\/elregionalvm.com.ar\/noticias-villa-maria\/wp-json\/wp\/v2\/media\/62525"}],"wp:attachment":[{"href":"https:\/\/elregionalvm.com.ar\/noticias-villa-maria\/wp-json\/wp\/v2\/media?parent=62524"}],"wp:term":[{"taxonomy":"category","embeddable":true,"href":"https:\/\/elregionalvm.com.ar\/noticias-villa-maria\/wp-json\/wp\/v2\/categories?post=62524"},{"taxonomy":"post_tag","embeddable":true,"href":"https:\/\/elregionalvm.com.ar\/noticias-villa-maria\/wp-json\/wp\/v2\/tags?post=62524"}],"curies":[{"name":"wp","href":"https:\/\/api.w.org\/{rel}","templated":true}]}}