{"id":62530,"date":"2022-08-17T21:37:38","date_gmt":"2022-08-17T21:37:38","guid":{"rendered":"https:\/\/elregionalvm.com.ar\/noticias-villa-maria\/?p=62530"},"modified":"2022-08-17T21:37:39","modified_gmt":"2022-08-17T21:37:39","slug":"opinion-la-dama-esta-jaqueada","status":"publish","type":"post","link":"https:\/\/elregionalvm.com.ar\/noticias-villa-maria\/opinion-la-dama-esta-jaqueada\/","title":{"rendered":"[Opini\u00f3n] La dama est\u00e1 jaqueada"},"content":{"rendered":"\n<p><\/p>\n\n\n\n<h3 class=\"wp-block-heading\"><strong><em>\u201cA los verdugos se los reconoce siempre. Tienen cara de miedo\u201d (J. P. Sartre)<\/em><\/strong><\/h3>\n\n\n\n<p><\/p>\n\n\n\n<p><strong>Escribe: Cristina Pablos<\/strong><\/p>\n\n\n\n<p><\/p>\n\n\n\n<p>CFK est\u00e1 \u201catrapada sin salida\u201d en un juicio en el que la misma UIF dej\u00f3 la querella, que lleva 13 a\u00f1os y en el que, los fiscales y jueces que la acusan fueron nombrados durante su gobierno.<\/p>\n\n\n\n<p>El fiscal Luciani (quien ya aclar\u00f3 que \u201cno piensa suicidarse\u201d) con una valent\u00eda, vehemencia y seguridad impresionantes -con pruebas contundentes y demoledoras- la acusa de ser jefa de una asociaci\u00f3n il\u00edcita, algo que todos sab\u00edamos, hab\u00eda que probarlo y las pruebas son irrefutables.<\/p>\n\n\n\n<p><\/p>\n\n\n\n<figure class=\"wp-block-pullquote\"><blockquote><p><strong>En su af\u00e1n de victimizarse, CFK ech\u00f3 mano a una argucia infantil<\/strong><\/p><\/blockquote><\/figure>\n\n\n\n<p><\/p>\n\n\n\n<p>En su af\u00e1n de victimizarse, CFK ech\u00f3 mano a una argucia infantil, ella que es \u201cuna abogada exitosa\u201d quiso contraponer una foto de un partido de f\u00fatbol a la foto de un funcionario suyo tirando bolsos con 9 millones de d\u00f3lares en un convento que no era tal y con ametralladora en mano.<\/p>\n\n\n\n<p>Ser\u00eda c\u00f3mico si fuera \u00a1tan grosero! Con esa argucia quiso recusar a 2 fiscales y a 2 jueces, recusaci\u00f3n a la que no hicieron lugar. <\/p>\n\n\n\n<p>Mire Sra., como Ud no tiene amigos no lo entender\u00e1, pero es lo m\u00e1s com\u00fan, ya sea en un colegio, en un banco o en un hospital, que los compa\u00f1eros realicen, fuera del horario de trabajo, actividades sociales.<\/p>\n\n\n\n<p><\/p>\n\n\n\n<figure class=\"wp-block-image size-large\"><img data-recalc-dims=\"1\" fetchpriority=\"high\" decoding=\"async\" width=\"1024\" height=\"576\" src=\"https:\/\/i0.wp.com\/elregionalvm.com.ar\/noticias-villa-maria\/wp-content\/uploads\/2021\/01\/cristina-kirchner-y-la-justicia-.jpg?resize=1024%2C576&#038;ssl=1\" alt=\"\" class=\"wp-image-30716\" srcset=\"https:\/\/i0.wp.com\/elregionalvm.com.ar\/noticias-villa-maria\/wp-content\/uploads\/2021\/01\/cristina-kirchner-y-la-justicia-.jpg?resize=1024%2C576&amp;ssl=1 1024w, https:\/\/i0.wp.com\/elregionalvm.com.ar\/noticias-villa-maria\/wp-content\/uploads\/2021\/01\/cristina-kirchner-y-la-justicia-.jpg?resize=300%2C169&amp;ssl=1 300w, https:\/\/i0.wp.com\/elregionalvm.com.ar\/noticias-villa-maria\/wp-content\/uploads\/2021\/01\/cristina-kirchner-y-la-justicia-.jpg?resize=768%2C432&amp;ssl=1 768w, https:\/\/i0.wp.com\/elregionalvm.com.ar\/noticias-villa-maria\/wp-content\/uploads\/2021\/01\/cristina-kirchner-y-la-justicia-.jpg?w=1280&amp;ssl=1 1280w\" sizes=\"(max-width: 1000px) 100vw, 1000px\" \/><\/figure>\n\n\n\n<p><\/p>\n\n\n\n<p>En este caso, alguien alquil\u00f3 un predio para jugar un partido de f\u00fatbol, s\u00f3lo que, en este caso el predio era de la familia Macri \u00bfY? Solo una mala coincidencia que no prueba nada.<\/p>\n\n\n\n<p>Las personas que nos juntamos con nuestros pares fuera del horario de trabajo, de lo que menos hablamos \u00a1es del trabajo! Le sugiero algo Vice y no con respeto porque no me lo inspira: \u00bfY si prueba con defenderse de los innumerables cargos en su contra, en vez de atacar?<\/p>\n\n\n\n<p>Ser\u00eda imposible con las toneladas de pruebas que hay. Ud. dijo que su condena ya est\u00e1 escrita. Y claro, porque Ud, como \u201cabogada exitosa\u201d sabe que cualquier mortal con semejantes cargos ser\u00e1 declarado culpable. Nada extra\u00f1o.<\/p>\n\n\n\n<p><\/p>\n\n\n\n<figure class=\"wp-block-pullquote\"><blockquote><p><strong>Las pruebas gritan, como dijo el fiscal<\/strong><\/p><\/blockquote><\/figure>\n\n\n\n<p><\/p>\n\n\n\n<p>Las pruebas gritan, como dijo el fiscal: Ud. es jefa de una asociaci\u00f3n il\u00edcita; un delito continuado en el tiempo y muy bien planificado. Este juicio nos va a definir como sociedad y hasta qu\u00e9 punto somos republicanos.<\/p>\n\n\n\n<p>Paso a la oposici\u00f3n y el tsunami Carri\u00f3, especialista en romper alianzas. Sus dichos solo confunden a la sociedad y crea m\u00e1s incertidumbre en un pueblo decepcionado y triste.<\/p>\n\n\n\n<p>Un dato: el gobierno les dio un bono de $21.000 a los jubilados en tres cuotas de $7.000. A los presos les dio un bono de $23.000 pagaderos en una sola cuota. Y, como si esto fuera poco, Kicillof gast\u00f3 $15.000 millones para comprar televisores led para que los reos puedan ver el mundial.<\/p>\n\n\n\n<p>\u00a1Estamos en el horno, argentinos!<\/p>\n\n\n\n<p><\/p>\n\n\n\n<p><\/p>\n\n\n\n<figure class=\"wp-block-embed is-type-wp-embed is-provider-el-regional wp-block-embed-el-regional\"><div class=\"wp-block-embed__wrapper\">\n<blockquote class=\"wp-embedded-content\" data-secret=\"C0D4wihj8O\"><a href=\"https:\/\/elregionalvm.com.ar\/noticias-villa-maria\/opinion-sin-novedades-en-el-frente\/\">[Opini\u00f3n] Sin novedades en el frente<\/a><\/blockquote><iframe class=\"wp-embedded-content\" sandbox=\"allow-scripts\" security=\"restricted\" style=\"position: absolute; clip: rect(1px, 1px, 1px, 1px);\" title=\"\u00ab[Opini\u00f3n] Sin novedades en el frente\u00bb \u2014 El Regional\" src=\"https:\/\/elregionalvm.com.ar\/noticias-villa-maria\/opinion-sin-novedades-en-el-frente\/embed\/#?secret=0f0udK3mZF#?secret=C0D4wihj8O\" data-secret=\"C0D4wihj8O\" width=\"500\" height=\"282\" frameborder=\"0\" marginwidth=\"0\" marginheight=\"0\" scrolling=\"no\"><\/iframe>\n<\/div><\/figure>\n","protected":false},"excerpt":{"rendered":"<p>\u201cA los verdugos se los reconoce siempre. Tienen cara de miedo\u201d (J. P. Sartre) Escribe: Cristina Pablos CFK est\u00e1 \u201catrapada sin salida\u201d en un juicio en el que la misma UIF dej\u00f3 la querella, que lleva 13 a\u00f1os y en el que, los fiscales y jueces que la acusan fueron nombrados durante su gobierno. El [&hellip;]<\/p>\n","protected":false},"author":4,"featured_media":48814,"comment_status":"open","ping_status":"open","sticky":false,"template":"","format":"standard","meta":{"site-sidebar-layout":"default","site-content-layout":"","ast-site-content-layout":"default","site-content-style":"default","site-sidebar-style":"default","ast-global-header-display":"","ast-banner-title-visibility":"","ast-main-header-display":"","ast-hfb-above-header-display":"","ast-hfb-below-header-display":"","ast-hfb-mobile-header-display":"","site-post-title":"","ast-breadcrumbs-content":"","ast-featured-img":"","footer-sml-layout":"","ast-disable-related-posts":"","theme-transparent-header-meta":"","adv-header-id-meta":"","stick-header-meta":"","header-above-stick-meta":"","header-main-stick-meta":"","header-below-stick-meta":"","astra-migrate-meta-layouts":"default","ast-page-background-enabled":"default","ast-page-background-meta":{"desktop":{"background-color":"","background-image":"","background-repeat":"repeat","background-position":"center center","background-size":"auto","background-attachment":"scroll","background-type":"","background-media":"","overlay-type":"","overlay-color":"","overlay-opacity":"","overlay-gradient":""},"tablet":{"background-color":"","background-image":"","background-repeat":"repeat","background-position":"center center","background-size":"auto","background-attachment":"scroll","background-type":"","background-media":"","overlay-type":"","overlay-color":"","overlay-opacity":"","overlay-gradient":""},"mobile":{"background-color":"","background-image":"","background-repeat":"repeat","background-position":"center center","background-size":"auto","background-attachment":"scroll","background-type":"","background-media":"","overlay-type":"","overlay-color":"","overlay-opacity":"","overlay-gradient":""}},"ast-content-background-meta":{"desktop":{"background-color":"var(--ast-global-color-5)","background-image":"","background-repeat":"repeat","background-position":"center center","background-size":"auto","background-attachment":"scroll","background-type":"","background-media":"","overlay-type":"","overlay-color":"","overlay-opacity":"","overlay-gradient":""},"tablet":{"background-color":"var(--ast-global-color-5)","background-image":"","background-repeat":"repeat","background-position":"center center","background-size":"auto","background-attachment":"scroll","background-type":"","background-media":"","overlay-type":"","overlay-color":"","overlay-opacity":"","overlay-gradient":""},"mobile":{"background-color":"var(--ast-global-color-5)","background-image":"","background-repeat":"repeat","background-position":"center center","background-size":"auto","background-attachment":"scroll","background-type":"","background-media":"","overlay-type":"","overlay-color":"","overlay-opacity":"","overlay-gradient":""}},"_jetpack_memberships_contains_paid_content":false,"_joinchat":[],"footnotes":""},"categories":[2323,365],"tags":[17507,546,424,17505,17104,17506,1305,99,17508],"class_list":["post-62530","post","type-post","status-publish","format-standard","has-post-thumbnail","hentry","category-notas-secundarias","category-opinion","tag-causa-vialidad","tag-cristina-fernandez","tag-cristina-pablos","tag-dama","tag-fiscal-luciani","tag-jaque","tag-juicio","tag-justicia","tag-recusacion"],"yoast_head":"<!-- This site is optimized with the Yoast SEO plugin v26.8 - https:\/\/yoast.com\/product\/yoast-seo-wordpress\/ -->\n<title>[Opini\u00f3n] La dama est\u00e1 jaqueada - El Regional<\/title>\n<meta name=\"robots\" content=\"index, follow, max-snippet:-1, max-image-preview:large, max-video-preview:-1\" \/>\n<link rel=\"canonical\" href=\"http:\/\/elregionalvm.com.ar\/noticias-villa-maria\/opinion-la-dama-esta-jaqueada\/\" \/>\n<meta property=\"og:locale\" content=\"es_ES\" \/>\n<meta property=\"og:type\" content=\"article\" \/>\n<meta property=\"og:title\" content=\"[Opini\u00f3n] La dama est\u00e1 jaqueada - El Regional\" \/>\n<meta property=\"og:description\" content=\"\u201cA los verdugos se los reconoce siempre. Tienen cara de miedo\u201d (J. P. Sartre) Escribe: Cristina Pablos CFK est\u00e1 \u201catrapada sin salida\u201d en un juicio en el que la misma UIF dej\u00f3 la querella, que lleva 13 a\u00f1os y en el que, los fiscales y jueces que la acusan fueron nombrados durante su gobierno. El [&hellip;]\" \/>\n<meta property=\"og:url\" content=\"http:\/\/elregionalvm.com.ar\/noticias-villa-maria\/opinion-la-dama-esta-jaqueada\/\" \/>\n<meta property=\"og:site_name\" content=\"El Regional\" \/>\n<meta property=\"article:publisher\" content=\"https:\/\/www.facebook.com\/elregionalvm\" \/>\n<meta property=\"article:published_time\" content=\"2022-08-17T21:37:38+00:00\" \/>\n<meta property=\"article:modified_time\" content=\"2022-08-17T21:37:39+00:00\" \/>\n<meta property=\"og:image\" content=\"http:\/\/elregionalvm.com.ar\/noticias-villa-maria\/wp-content\/uploads\/2021\/11\/Cristina-Fernandez-rostro.jpg\" \/>\n\t<meta property=\"og:image:width\" content=\"1278\" \/>\n\t<meta property=\"og:image:height\" content=\"726\" \/>\n\t<meta property=\"og:image:type\" content=\"image\/jpeg\" \/>\n<meta name=\"author\" content=\"Contenidos El Regional\" \/>\n<meta name=\"twitter:card\" content=\"summary_large_image\" \/>\n<meta name=\"twitter:creator\" content=\"@elregionalvm1\" \/>\n<meta name=\"twitter:site\" content=\"@elregionalvm1\" \/>\n<meta name=\"twitter:label1\" content=\"Escrito por\" \/>\n\t<meta name=\"twitter:data1\" content=\"Contenidos El Regional\" \/>\n\t<meta name=\"twitter:label2\" content=\"Tiempo de lectura\" \/>\n\t<meta name=\"twitter:data2\" content=\"3 minutos\" \/>\n<script type=\"application\/ld+json\" class=\"yoast-schema-graph\">{\"@context\":\"https:\/\/schema.org\",\"@graph\":[{\"@type\":\"Article\",\"@id\":\"http:\/\/elregionalvm.com.ar\/noticias-villa-maria\/opinion-la-dama-esta-jaqueada\/#article\",\"isPartOf\":{\"@id\":\"http:\/\/elregionalvm.com.ar\/noticias-villa-maria\/opinion-la-dama-esta-jaqueada\/\"},\"author\":{\"name\":\"Contenidos El Regional\",\"@id\":\"http:\/\/elregionalvm.com.ar\/noticias-villa-maria\/#\/schema\/person\/a0fb9c422317faca23d50163151bc354\"},\"headline\":\"[Opini\u00f3n] La dama est\u00e1 jaqueada\",\"datePublished\":\"2022-08-17T21:37:38+00:00\",\"dateModified\":\"2022-08-17T21:37:39+00:00\",\"mainEntityOfPage\":{\"@id\":\"http:\/\/elregionalvm.com.ar\/noticias-villa-maria\/opinion-la-dama-esta-jaqueada\/\"},\"wordCount\":506,\"commentCount\":1,\"image\":{\"@id\":\"http:\/\/elregionalvm.com.ar\/noticias-villa-maria\/opinion-la-dama-esta-jaqueada\/#primaryimage\"},\"thumbnailUrl\":\"https:\/\/i0.wp.com\/elregionalvm.com.ar\/noticias-villa-maria\/wp-content\/uploads\/2021\/11\/Cristina-Fernandez-rostro.jpg?fit=1278%2C726&ssl=1\",\"keywords\":[\"causa vialidad\",\"Cristina Fern\u00e1ndez\",\"Cristina Pablos\",\"dama\",\"fiscal Luciani\",\"jaque\",\"Juicio\",\"Justicia\",\"recusaci\u00f3n\"],\"articleSection\":[\"Notas\",\"Opini\u00f3n\"],\"inLanguage\":\"es\",\"potentialAction\":[{\"@type\":\"CommentAction\",\"name\":\"Comment\",\"target\":[\"http:\/\/elregionalvm.com.ar\/noticias-villa-maria\/opinion-la-dama-esta-jaqueada\/#respond\"]}]},{\"@type\":\"WebPage\",\"@id\":\"http:\/\/elregionalvm.com.ar\/noticias-villa-maria\/opinion-la-dama-esta-jaqueada\/\",\"url\":\"http:\/\/elregionalvm.com.ar\/noticias-villa-maria\/opinion-la-dama-esta-jaqueada\/\",\"name\":\"[Opini\u00f3n] La dama est\u00e1 jaqueada - El Regional\",\"isPartOf\":{\"@id\":\"http:\/\/elregionalvm.com.ar\/noticias-villa-maria\/#website\"},\"primaryImageOfPage\":{\"@id\":\"http:\/\/elregionalvm.com.ar\/noticias-villa-maria\/opinion-la-dama-esta-jaqueada\/#primaryimage\"},\"image\":{\"@id\":\"http:\/\/elregionalvm.com.ar\/noticias-villa-maria\/opinion-la-dama-esta-jaqueada\/#primaryimage\"},\"thumbnailUrl\":\"https:\/\/i0.wp.com\/elregionalvm.com.ar\/noticias-villa-maria\/wp-content\/uploads\/2021\/11\/Cristina-Fernandez-rostro.jpg?fit=1278%2C726&ssl=1\",\"datePublished\":\"2022-08-17T21:37:38+00:00\",\"dateModified\":\"2022-08-17T21:37:39+00:00\",\"author\":{\"@id\":\"http:\/\/elregionalvm.com.ar\/noticias-villa-maria\/#\/schema\/person\/a0fb9c422317faca23d50163151bc354\"},\"breadcrumb\":{\"@id\":\"http:\/\/elregionalvm.com.ar\/noticias-villa-maria\/opinion-la-dama-esta-jaqueada\/#breadcrumb\"},\"inLanguage\":\"es\",\"potentialAction\":[{\"@type\":\"ReadAction\",\"target\":[\"http:\/\/elregionalvm.com.ar\/noticias-villa-maria\/opinion-la-dama-esta-jaqueada\/\"]}]},{\"@type\":\"ImageObject\",\"inLanguage\":\"es\",\"@id\":\"http:\/\/elregionalvm.com.ar\/noticias-villa-maria\/opinion-la-dama-esta-jaqueada\/#primaryimage\",\"url\":\"https:\/\/i0.wp.com\/elregionalvm.com.ar\/noticias-villa-maria\/wp-content\/uploads\/2021\/11\/Cristina-Fernandez-rostro.jpg?fit=1278%2C726&ssl=1\",\"contentUrl\":\"https:\/\/i0.wp.com\/elregionalvm.com.ar\/noticias-villa-maria\/wp-content\/uploads\/2021\/11\/Cristina-Fernandez-rostro.jpg?fit=1278%2C726&ssl=1\",\"width\":1278,\"height\":726},{\"@type\":\"BreadcrumbList\",\"@id\":\"http:\/\/elregionalvm.com.ar\/noticias-villa-maria\/opinion-la-dama-esta-jaqueada\/#breadcrumb\",\"itemListElement\":[{\"@type\":\"ListItem\",\"position\":1,\"name\":\"Portada\",\"item\":\"https:\/\/elregionalvm.com.ar\/noticias-villa-maria\/\"},{\"@type\":\"ListItem\",\"position\":2,\"name\":\"[Opini\u00f3n] La dama est\u00e1 jaqueada\"}]},{\"@type\":\"WebSite\",\"@id\":\"http:\/\/elregionalvm.com.ar\/noticias-villa-maria\/#website\",\"url\":\"http:\/\/elregionalvm.com.ar\/noticias-villa-maria\/\",\"name\":\"El Regional\",\"description\":\"Mucho m\u00e1s que informaci\u00f3n\",\"potentialAction\":[{\"@type\":\"SearchAction\",\"target\":{\"@type\":\"EntryPoint\",\"urlTemplate\":\"http:\/\/elregionalvm.com.ar\/noticias-villa-maria\/?s={search_term_string}\"},\"query-input\":{\"@type\":\"PropertyValueSpecification\",\"valueRequired\":true,\"valueName\":\"search_term_string\"}}],\"inLanguage\":\"es\"},{\"@type\":\"Person\",\"@id\":\"http:\/\/elregionalvm.com.ar\/noticias-villa-maria\/#\/schema\/person\/a0fb9c422317faca23d50163151bc354\",\"name\":\"Contenidos El Regional\",\"image\":{\"@type\":\"ImageObject\",\"inLanguage\":\"es\",\"@id\":\"http:\/\/elregionalvm.com.ar\/noticias-villa-maria\/#\/schema\/person\/image\/\",\"url\":\"https:\/\/secure.gravatar.com\/avatar\/265b27cb2209af7bb3a1318f03305787d7981a5cc6e6cd08fe5a4ecdf99d4b48?s=96&d=mm&r=g\",\"contentUrl\":\"https:\/\/secure.gravatar.com\/avatar\/265b27cb2209af7bb3a1318f03305787d7981a5cc6e6cd08fe5a4ecdf99d4b48?s=96&d=mm&r=g\",\"caption\":\"Contenidos El Regional\"},\"url\":\"https:\/\/elregionalvm.com.ar\/noticias-villa-maria\/author\/contenido\/\"}]}<\/script>\n<!-- \/ Yoast SEO plugin. -->","yoast_head_json":{"title":"[Opini\u00f3n] La dama est\u00e1 jaqueada - El Regional","robots":{"index":"index","follow":"follow","max-snippet":"max-snippet:-1","max-image-preview":"max-image-preview:large","max-video-preview":"max-video-preview:-1"},"canonical":"http:\/\/elregionalvm.com.ar\/noticias-villa-maria\/opinion-la-dama-esta-jaqueada\/","og_locale":"es_ES","og_type":"article","og_title":"[Opini\u00f3n] La dama est\u00e1 jaqueada - El Regional","og_description":"\u201cA los verdugos se los reconoce siempre. Tienen cara de miedo\u201d (J. P. Sartre) Escribe: Cristina Pablos CFK est\u00e1 \u201catrapada sin salida\u201d en un juicio en el que la misma UIF dej\u00f3 la querella, que lleva 13 a\u00f1os y en el que, los fiscales y jueces que la acusan fueron nombrados durante su gobierno. El [&hellip;]","og_url":"http:\/\/elregionalvm.com.ar\/noticias-villa-maria\/opinion-la-dama-esta-jaqueada\/","og_site_name":"El Regional","article_publisher":"https:\/\/www.facebook.com\/elregionalvm","article_published_time":"2022-08-17T21:37:38+00:00","article_modified_time":"2022-08-17T21:37:39+00:00","og_image":[{"width":1278,"height":726,"url":"http:\/\/elregionalvm.com.ar\/noticias-villa-maria\/wp-content\/uploads\/2021\/11\/Cristina-Fernandez-rostro.jpg","type":"image\/jpeg"}],"author":"Contenidos El Regional","twitter_card":"summary_large_image","twitter_creator":"@elregionalvm1","twitter_site":"@elregionalvm1","twitter_misc":{"Escrito por":"Contenidos El Regional","Tiempo de lectura":"3 minutos"},"schema":{"@context":"https:\/\/schema.org","@graph":[{"@type":"Article","@id":"http:\/\/elregionalvm.com.ar\/noticias-villa-maria\/opinion-la-dama-esta-jaqueada\/#article","isPartOf":{"@id":"http:\/\/elregionalvm.com.ar\/noticias-villa-maria\/opinion-la-dama-esta-jaqueada\/"},"author":{"name":"Contenidos El Regional","@id":"http:\/\/elregionalvm.com.ar\/noticias-villa-maria\/#\/schema\/person\/a0fb9c422317faca23d50163151bc354"},"headline":"[Opini\u00f3n] La dama est\u00e1 jaqueada","datePublished":"2022-08-17T21:37:38+00:00","dateModified":"2022-08-17T21:37:39+00:00","mainEntityOfPage":{"@id":"http:\/\/elregionalvm.com.ar\/noticias-villa-maria\/opinion-la-dama-esta-jaqueada\/"},"wordCount":506,"commentCount":1,"image":{"@id":"http:\/\/elregionalvm.com.ar\/noticias-villa-maria\/opinion-la-dama-esta-jaqueada\/#primaryimage"},"thumbnailUrl":"https:\/\/i0.wp.com\/elregionalvm.com.ar\/noticias-villa-maria\/wp-content\/uploads\/2021\/11\/Cristina-Fernandez-rostro.jpg?fit=1278%2C726&ssl=1","keywords":["causa vialidad","Cristina Fern\u00e1ndez","Cristina Pablos","dama","fiscal Luciani","jaque","Juicio","Justicia","recusaci\u00f3n"],"articleSection":["Notas","Opini\u00f3n"],"inLanguage":"es","potentialAction":[{"@type":"CommentAction","name":"Comment","target":["http:\/\/elregionalvm.com.ar\/noticias-villa-maria\/opinion-la-dama-esta-jaqueada\/#respond"]}]},{"@type":"WebPage","@id":"http:\/\/elregionalvm.com.ar\/noticias-villa-maria\/opinion-la-dama-esta-jaqueada\/","url":"http:\/\/elregionalvm.com.ar\/noticias-villa-maria\/opinion-la-dama-esta-jaqueada\/","name":"[Opini\u00f3n] La dama est\u00e1 jaqueada - El Regional","isPartOf":{"@id":"http:\/\/elregionalvm.com.ar\/noticias-villa-maria\/#website"},"primaryImageOfPage":{"@id":"http:\/\/elregionalvm.com.ar\/noticias-villa-maria\/opinion-la-dama-esta-jaqueada\/#primaryimage"},"image":{"@id":"http:\/\/elregionalvm.com.ar\/noticias-villa-maria\/opinion-la-dama-esta-jaqueada\/#primaryimage"},"thumbnailUrl":"https:\/\/i0.wp.com\/elregionalvm.com.ar\/noticias-villa-maria\/wp-content\/uploads\/2021\/11\/Cristina-Fernandez-rostro.jpg?fit=1278%2C726&ssl=1","datePublished":"2022-08-17T21:37:38+00:00","dateModified":"2022-08-17T21:37:39+00:00","author":{"@id":"http:\/\/elregionalvm.com.ar\/noticias-villa-maria\/#\/schema\/person\/a0fb9c422317faca23d50163151bc354"},"breadcrumb":{"@id":"http:\/\/elregionalvm.com.ar\/noticias-villa-maria\/opinion-la-dama-esta-jaqueada\/#breadcrumb"},"inLanguage":"es","potentialAction":[{"@type":"ReadAction","target":["http:\/\/elregionalvm.com.ar\/noticias-villa-maria\/opinion-la-dama-esta-jaqueada\/"]}]},{"@type":"ImageObject","inLanguage":"es","@id":"http:\/\/elregionalvm.com.ar\/noticias-villa-maria\/opinion-la-dama-esta-jaqueada\/#primaryimage","url":"https:\/\/i0.wp.com\/elregionalvm.com.ar\/noticias-villa-maria\/wp-content\/uploads\/2021\/11\/Cristina-Fernandez-rostro.jpg?fit=1278%2C726&ssl=1","contentUrl":"https:\/\/i0.wp.com\/elregionalvm.com.ar\/noticias-villa-maria\/wp-content\/uploads\/2021\/11\/Cristina-Fernandez-rostro.jpg?fit=1278%2C726&ssl=1","width":1278,"height":726},{"@type":"BreadcrumbList","@id":"http:\/\/elregionalvm.com.ar\/noticias-villa-maria\/opinion-la-dama-esta-jaqueada\/#breadcrumb","itemListElement":[{"@type":"ListItem","position":1,"name":"Portada","item":"https:\/\/elregionalvm.com.ar\/noticias-villa-maria\/"},{"@type":"ListItem","position":2,"name":"[Opini\u00f3n] La dama est\u00e1 jaqueada"}]},{"@type":"WebSite","@id":"http:\/\/elregionalvm.com.ar\/noticias-villa-maria\/#website","url":"http:\/\/elregionalvm.com.ar\/noticias-villa-maria\/","name":"El Regional","description":"Mucho m\u00e1s que informaci\u00f3n","potentialAction":[{"@type":"SearchAction","target":{"@type":"EntryPoint","urlTemplate":"http:\/\/elregionalvm.com.ar\/noticias-villa-maria\/?s={search_term_string}"},"query-input":{"@type":"PropertyValueSpecification","valueRequired":true,"valueName":"search_term_string"}}],"inLanguage":"es"},{"@type":"Person","@id":"http:\/\/elregionalvm.com.ar\/noticias-villa-maria\/#\/schema\/person\/a0fb9c422317faca23d50163151bc354","name":"Contenidos El Regional","image":{"@type":"ImageObject","inLanguage":"es","@id":"http:\/\/elregionalvm.com.ar\/noticias-villa-maria\/#\/schema\/person\/image\/","url":"https:\/\/secure.gravatar.com\/avatar\/265b27cb2209af7bb3a1318f03305787d7981a5cc6e6cd08fe5a4ecdf99d4b48?s=96&d=mm&r=g","contentUrl":"https:\/\/secure.gravatar.com\/avatar\/265b27cb2209af7bb3a1318f03305787d7981a5cc6e6cd08fe5a4ecdf99d4b48?s=96&d=mm&r=g","caption":"Contenidos El Regional"},"url":"https:\/\/elregionalvm.com.ar\/noticias-villa-maria\/author\/contenido\/"}]}},"jetpack_featured_media_url":"https:\/\/i0.wp.com\/elregionalvm.com.ar\/noticias-villa-maria\/wp-content\/uploads\/2021\/11\/Cristina-Fernandez-rostro.jpg?fit=1278%2C726&ssl=1","jetpack_sharing_enabled":true,"_links":{"self":[{"href":"https:\/\/elregionalvm.com.ar\/noticias-villa-maria\/wp-json\/wp\/v2\/posts\/62530","targetHints":{"allow":["GET"]}}],"collection":[{"href":"https:\/\/elregionalvm.com.ar\/noticias-villa-maria\/wp-json\/wp\/v2\/posts"}],"about":[{"href":"https:\/\/elregionalvm.com.ar\/noticias-villa-maria\/wp-json\/wp\/v2\/types\/post"}],"author":[{"embeddable":true,"href":"https:\/\/elregionalvm.com.ar\/noticias-villa-maria\/wp-json\/wp\/v2\/users\/4"}],"replies":[{"embeddable":true,"href":"https:\/\/elregionalvm.com.ar\/noticias-villa-maria\/wp-json\/wp\/v2\/comments?post=62530"}],"version-history":[{"count":2,"href":"https:\/\/elregionalvm.com.ar\/noticias-villa-maria\/wp-json\/wp\/v2\/posts\/62530\/revisions"}],"predecessor-version":[{"id":62533,"href":"https:\/\/elregionalvm.com.ar\/noticias-villa-maria\/wp-json\/wp\/v2\/posts\/62530\/revisions\/62533"}],"wp:featuredmedia":[{"embeddable":true,"href":"https:\/\/elregionalvm.com.ar\/noticias-villa-maria\/wp-json\/wp\/v2\/media\/48814"}],"wp:attachment":[{"href":"https:\/\/elregionalvm.com.ar\/noticias-villa-maria\/wp-json\/wp\/v2\/media?parent=62530"}],"wp:term":[{"taxonomy":"category","embeddable":true,"href":"https:\/\/elregionalvm.com.ar\/noticias-villa-maria\/wp-json\/wp\/v2\/categories?post=62530"},{"taxonomy":"post_tag","embeddable":true,"href":"https:\/\/elregionalvm.com.ar\/noticias-villa-maria\/wp-json\/wp\/v2\/tags?post=62530"}],"curies":[{"name":"wp","href":"https:\/\/api.w.org\/{rel}","templated":true}]}}