{"id":62534,"date":"2022-08-17T21:41:01","date_gmt":"2022-08-17T21:41:01","guid":{"rendered":"https:\/\/elregionalvm.com.ar\/noticias-villa-maria\/?p=62534"},"modified":"2022-08-17T21:41:03","modified_gmt":"2022-08-17T21:41:03","slug":"b-ramon-carrillo-etapa-final-para-el-pavimento-de-calle-lisandro-de-la-torre","status":"publish","type":"post","link":"https:\/\/elregionalvm.com.ar\/noticias-villa-maria\/b-ramon-carrillo-etapa-final-para-el-pavimento-de-calle-lisandro-de-la-torre\/","title":{"rendered":"B\u00b0 Ram\u00f3n Carrillo: etapa final para el pavimento de calle Lisandro de la Torre"},"content":{"rendered":"\n<p>El municipio est\u00e1 pr\u00f3ximo a culminar con las tareas de pavimentaci\u00f3n que se llevan a cabo en el barrio Ram\u00f3n Carrillo, precisamente en la calle Lisandro de la Torre. All\u00ed, el intendente Mart\u00edn Gill supervis\u00f3 el tramo final de la obra, que quedar\u00e1 finalizada con la pavimentaci\u00f3n de las bocacalles.<\/p>\n\n\n\n<p>Precisamente, el tramo comprendido entre avenida Buchardo y calle Elpidio Torres ya se encuentra pavimentado. Actualmente, personal del Corral\u00f3n municipal, dependiente de la Secretar\u00eda de Ambiente, Obras y Servicios P\u00fablicos, se encuentra en el sector finalizando con el pavimentado de las bocacalles en esta v\u00eda troncal para barrio Ram\u00f3n Carillo.<\/p>\n\n\n\n<p>Vale recordar que en una primera etapa se realiz\u00f3 la pavimentaci\u00f3n de media calzada, a fin de permitir el correcto fraguado del hormig\u00f3n; para luego realizar la misma labor en la media calzada adyacente. De esta manera, las cinco cuadras de extensi\u00f3n de la mencionada calle ya se encuentran pr\u00f3ximas a habilitarse.<\/p>\n","protected":false},"excerpt":{"rendered":"<p>El municipio est\u00e1 pr\u00f3ximo a culminar con las tareas de pavimentaci\u00f3n que se llevan a cabo en el barrio Ram\u00f3n Carrillo, precisamente en la calle Lisandro de la Torre. All\u00ed, el intendente Mart\u00edn Gill supervis\u00f3 el tramo final de la obra, que quedar\u00e1 finalizada con la pavimentaci\u00f3n de las bocacalles. Precisamente, el tramo comprendido entre [&hellip;]<\/p>\n","protected":false},"author":4,"featured_media":62535,"comment_status":"open","ping_status":"open","sticky":false,"template":"","format":"standard","meta":{"site-sidebar-layout":"default","site-content-layout":"","ast-site-content-layout":"default","site-content-style":"default","site-sidebar-style":"default","ast-global-header-display":"","ast-banner-title-visibility":"","ast-main-header-display":"","ast-hfb-above-header-display":"","ast-hfb-below-header-display":"","ast-hfb-mobile-header-display":"","site-post-title":"","ast-breadcrumbs-content":"","ast-featured-img":"","footer-sml-layout":"","ast-disable-related-posts":"","theme-transparent-header-meta":"","adv-header-id-meta":"","stick-header-meta":"","header-above-stick-meta":"","header-main-stick-meta":"","header-below-stick-meta":"","astra-migrate-meta-layouts":"default","ast-page-background-enabled":"default","ast-page-background-meta":{"desktop":{"background-color":"","background-image":"","background-repeat":"repeat","background-position":"center center","background-size":"auto","background-attachment":"scroll","background-type":"","background-media":"","overlay-type":"","overlay-color":"","overlay-opacity":"","overlay-gradient":""},"tablet":{"background-color":"","background-image":"","background-repeat":"repeat","background-position":"center center","background-size":"auto","background-attachment":"scroll","background-type":"","background-media":"","overlay-type":"","overlay-color":"","overlay-opacity":"","overlay-gradient":""},"mobile":{"background-color":"","background-image":"","background-repeat":"repeat","background-position":"center center","background-size":"auto","background-attachment":"scroll","background-type":"","background-media":"","overlay-type":"","overlay-color":"","overlay-opacity":"","overlay-gradient":""}},"ast-content-background-meta":{"desktop":{"background-color":"var(--ast-global-color-5)","background-image":"","background-repeat":"repeat","background-position":"center center","background-size":"auto","background-attachment":"scroll","background-type":"","background-media":"","overlay-type":"","overlay-color":"","overlay-opacity":"","overlay-gradient":""},"tablet":{"background-color":"var(--ast-global-color-5)","background-image":"","background-repeat":"repeat","background-position":"center center","background-size":"auto","background-attachment":"scroll","background-type":"","background-media":"","overlay-type":"","overlay-color":"","overlay-opacity":"","overlay-gradient":""},"mobile":{"background-color":"var(--ast-global-color-5)","background-image":"","background-repeat":"repeat","background-position":"center center","background-size":"auto","background-attachment":"scroll","background-type":"","background-media":"","overlay-type":"","overlay-color":"","overlay-opacity":"","overlay-gradient":""}},"_jetpack_memberships_contains_paid_content":false,"_joinchat":[],"footnotes":""},"categories":[15302,2],"tags":[6698,12860,4393,1125,680,8958,2248],"class_list":["post-62534","post","type-post","status-publish","format-standard","has-post-thumbnail","hentry","category-destacado","category-villa-maria","tag-barrio-ramon-carrillo","tag-calle-lisandro-de-la-torre","tag-etapa-final","tag-martin-gill","tag-pavimento","tag-supervision","tag-villa-maria-2"],"yoast_head":"<!-- This site is optimized with the Yoast SEO plugin v26.8 - https:\/\/yoast.com\/product\/yoast-seo-wordpress\/ -->\n<title>B\u00b0 Ram\u00f3n Carrillo: etapa final para el pavimento de calle Lisandro de la Torre - El Regional<\/title>\n<meta name=\"robots\" content=\"index, follow, max-snippet:-1, max-image-preview:large, max-video-preview:-1\" \/>\n<link rel=\"canonical\" href=\"http:\/\/elregionalvm.com.ar\/noticias-villa-maria\/b-ramon-carrillo-etapa-final-para-el-pavimento-de-calle-lisandro-de-la-torre\/\" \/>\n<meta property=\"og:locale\" content=\"es_ES\" \/>\n<meta property=\"og:type\" content=\"article\" \/>\n<meta property=\"og:title\" content=\"B\u00b0 Ram\u00f3n Carrillo: etapa final para el pavimento de calle Lisandro de la Torre - El Regional\" \/>\n<meta property=\"og:description\" content=\"El municipio est\u00e1 pr\u00f3ximo a culminar con las tareas de pavimentaci\u00f3n que se llevan a cabo en el barrio Ram\u00f3n Carrillo, precisamente en la calle Lisandro de la Torre. All\u00ed, el intendente Mart\u00edn Gill supervis\u00f3 el tramo final de la obra, que quedar\u00e1 finalizada con la pavimentaci\u00f3n de las bocacalles. Precisamente, el tramo comprendido entre [&hellip;]\" \/>\n<meta property=\"og:url\" content=\"http:\/\/elregionalvm.com.ar\/noticias-villa-maria\/b-ramon-carrillo-etapa-final-para-el-pavimento-de-calle-lisandro-de-la-torre\/\" \/>\n<meta property=\"og:site_name\" content=\"El Regional\" \/>\n<meta property=\"article:publisher\" content=\"https:\/\/www.facebook.com\/elregionalvm\" \/>\n<meta property=\"article:published_time\" content=\"2022-08-17T21:41:01+00:00\" \/>\n<meta property=\"article:modified_time\" content=\"2022-08-17T21:41:03+00:00\" \/>\n<meta property=\"og:image\" content=\"http:\/\/elregionalvm.com.ar\/noticias-villa-maria\/wp-content\/uploads\/2022\/08\/WhatsApp-Image-2022-08-17-at-2.07.36-PM.jpeg\" \/>\n\t<meta property=\"og:image:width\" content=\"1280\" \/>\n\t<meta property=\"og:image:height\" content=\"853\" \/>\n\t<meta property=\"og:image:type\" content=\"image\/jpeg\" \/>\n<meta name=\"author\" content=\"Contenidos El Regional\" \/>\n<meta name=\"twitter:card\" content=\"summary_large_image\" \/>\n<meta name=\"twitter:creator\" content=\"@elregionalvm1\" \/>\n<meta name=\"twitter:site\" content=\"@elregionalvm1\" \/>\n<meta name=\"twitter:label1\" content=\"Escrito por\" \/>\n\t<meta name=\"twitter:data1\" content=\"Contenidos El Regional\" \/>\n\t<meta name=\"twitter:label2\" content=\"Tiempo de lectura\" \/>\n\t<meta name=\"twitter:data2\" content=\"1 minuto\" \/>\n<script type=\"application\/ld+json\" class=\"yoast-schema-graph\">{\"@context\":\"https:\/\/schema.org\",\"@graph\":[{\"@type\":\"Article\",\"@id\":\"http:\/\/elregionalvm.com.ar\/noticias-villa-maria\/b-ramon-carrillo-etapa-final-para-el-pavimento-de-calle-lisandro-de-la-torre\/#article\",\"isPartOf\":{\"@id\":\"http:\/\/elregionalvm.com.ar\/noticias-villa-maria\/b-ramon-carrillo-etapa-final-para-el-pavimento-de-calle-lisandro-de-la-torre\/\"},\"author\":{\"name\":\"Contenidos El Regional\",\"@id\":\"http:\/\/elregionalvm.com.ar\/noticias-villa-maria\/#\/schema\/person\/a0fb9c422317faca23d50163151bc354\"},\"headline\":\"B\u00b0 Ram\u00f3n Carrillo: etapa final para el pavimento de calle Lisandro de la Torre\",\"datePublished\":\"2022-08-17T21:41:01+00:00\",\"dateModified\":\"2022-08-17T21:41:03+00:00\",\"mainEntityOfPage\":{\"@id\":\"http:\/\/elregionalvm.com.ar\/noticias-villa-maria\/b-ramon-carrillo-etapa-final-para-el-pavimento-de-calle-lisandro-de-la-torre\/\"},\"wordCount\":181,\"commentCount\":0,\"image\":{\"@id\":\"http:\/\/elregionalvm.com.ar\/noticias-villa-maria\/b-ramon-carrillo-etapa-final-para-el-pavimento-de-calle-lisandro-de-la-torre\/#primaryimage\"},\"thumbnailUrl\":\"https:\/\/i0.wp.com\/elregionalvm.com.ar\/noticias-villa-maria\/wp-content\/uploads\/2022\/08\/WhatsApp-Image-2022-08-17-at-2.07.36-PM.jpeg?fit=1280%2C853&ssl=1\",\"keywords\":[\"Barrio Ram\u00f3n Carrillo\",\"calle Lisandro de la Torre\",\"etapa final\",\"mart\u00edn gill\",\"pavimento\",\"supervisi\u00f3n\",\"Villa Mar\u00eda\"],\"articleSection\":[\"destacado\",\"Villa Mar\u00eda\"],\"inLanguage\":\"es\",\"potentialAction\":[{\"@type\":\"CommentAction\",\"name\":\"Comment\",\"target\":[\"http:\/\/elregionalvm.com.ar\/noticias-villa-maria\/b-ramon-carrillo-etapa-final-para-el-pavimento-de-calle-lisandro-de-la-torre\/#respond\"]}]},{\"@type\":\"WebPage\",\"@id\":\"http:\/\/elregionalvm.com.ar\/noticias-villa-maria\/b-ramon-carrillo-etapa-final-para-el-pavimento-de-calle-lisandro-de-la-torre\/\",\"url\":\"http:\/\/elregionalvm.com.ar\/noticias-villa-maria\/b-ramon-carrillo-etapa-final-para-el-pavimento-de-calle-lisandro-de-la-torre\/\",\"name\":\"B\u00b0 Ram\u00f3n Carrillo: etapa final para el pavimento de calle Lisandro de la Torre - El Regional\",\"isPartOf\":{\"@id\":\"http:\/\/elregionalvm.com.ar\/noticias-villa-maria\/#website\"},\"primaryImageOfPage\":{\"@id\":\"http:\/\/elregionalvm.com.ar\/noticias-villa-maria\/b-ramon-carrillo-etapa-final-para-el-pavimento-de-calle-lisandro-de-la-torre\/#primaryimage\"},\"image\":{\"@id\":\"http:\/\/elregionalvm.com.ar\/noticias-villa-maria\/b-ramon-carrillo-etapa-final-para-el-pavimento-de-calle-lisandro-de-la-torre\/#primaryimage\"},\"thumbnailUrl\":\"https:\/\/i0.wp.com\/elregionalvm.com.ar\/noticias-villa-maria\/wp-content\/uploads\/2022\/08\/WhatsApp-Image-2022-08-17-at-2.07.36-PM.jpeg?fit=1280%2C853&ssl=1\",\"datePublished\":\"2022-08-17T21:41:01+00:00\",\"dateModified\":\"2022-08-17T21:41:03+00:00\",\"author\":{\"@id\":\"http:\/\/elregionalvm.com.ar\/noticias-villa-maria\/#\/schema\/person\/a0fb9c422317faca23d50163151bc354\"},\"breadcrumb\":{\"@id\":\"http:\/\/elregionalvm.com.ar\/noticias-villa-maria\/b-ramon-carrillo-etapa-final-para-el-pavimento-de-calle-lisandro-de-la-torre\/#breadcrumb\"},\"inLanguage\":\"es\",\"potentialAction\":[{\"@type\":\"ReadAction\",\"target\":[\"http:\/\/elregionalvm.com.ar\/noticias-villa-maria\/b-ramon-carrillo-etapa-final-para-el-pavimento-de-calle-lisandro-de-la-torre\/\"]}]},{\"@type\":\"ImageObject\",\"inLanguage\":\"es\",\"@id\":\"http:\/\/elregionalvm.com.ar\/noticias-villa-maria\/b-ramon-carrillo-etapa-final-para-el-pavimento-de-calle-lisandro-de-la-torre\/#primaryimage\",\"url\":\"https:\/\/i0.wp.com\/elregionalvm.com.ar\/noticias-villa-maria\/wp-content\/uploads\/2022\/08\/WhatsApp-Image-2022-08-17-at-2.07.36-PM.jpeg?fit=1280%2C853&ssl=1\",\"contentUrl\":\"https:\/\/i0.wp.com\/elregionalvm.com.ar\/noticias-villa-maria\/wp-content\/uploads\/2022\/08\/WhatsApp-Image-2022-08-17-at-2.07.36-PM.jpeg?fit=1280%2C853&ssl=1\",\"width\":1280,\"height\":853},{\"@type\":\"BreadcrumbList\",\"@id\":\"http:\/\/elregionalvm.com.ar\/noticias-villa-maria\/b-ramon-carrillo-etapa-final-para-el-pavimento-de-calle-lisandro-de-la-torre\/#breadcrumb\",\"itemListElement\":[{\"@type\":\"ListItem\",\"position\":1,\"name\":\"Portada\",\"item\":\"https:\/\/elregionalvm.com.ar\/noticias-villa-maria\/\"},{\"@type\":\"ListItem\",\"position\":2,\"name\":\"B\u00b0 Ram\u00f3n Carrillo: etapa final para el pavimento de calle Lisandro de la Torre\"}]},{\"@type\":\"WebSite\",\"@id\":\"http:\/\/elregionalvm.com.ar\/noticias-villa-maria\/#website\",\"url\":\"http:\/\/elregionalvm.com.ar\/noticias-villa-maria\/\",\"name\":\"El Regional\",\"description\":\"Mucho m\u00e1s que informaci\u00f3n\",\"potentialAction\":[{\"@type\":\"SearchAction\",\"target\":{\"@type\":\"EntryPoint\",\"urlTemplate\":\"http:\/\/elregionalvm.com.ar\/noticias-villa-maria\/?s={search_term_string}\"},\"query-input\":{\"@type\":\"PropertyValueSpecification\",\"valueRequired\":true,\"valueName\":\"search_term_string\"}}],\"inLanguage\":\"es\"},{\"@type\":\"Person\",\"@id\":\"http:\/\/elregionalvm.com.ar\/noticias-villa-maria\/#\/schema\/person\/a0fb9c422317faca23d50163151bc354\",\"name\":\"Contenidos El Regional\",\"image\":{\"@type\":\"ImageObject\",\"inLanguage\":\"es\",\"@id\":\"http:\/\/elregionalvm.com.ar\/noticias-villa-maria\/#\/schema\/person\/image\/\",\"url\":\"https:\/\/secure.gravatar.com\/avatar\/265b27cb2209af7bb3a1318f03305787d7981a5cc6e6cd08fe5a4ecdf99d4b48?s=96&d=mm&r=g\",\"contentUrl\":\"https:\/\/secure.gravatar.com\/avatar\/265b27cb2209af7bb3a1318f03305787d7981a5cc6e6cd08fe5a4ecdf99d4b48?s=96&d=mm&r=g\",\"caption\":\"Contenidos El Regional\"},\"url\":\"https:\/\/elregionalvm.com.ar\/noticias-villa-maria\/author\/contenido\/\"}]}<\/script>\n<!-- \/ Yoast SEO plugin. -->","yoast_head_json":{"title":"B\u00b0 Ram\u00f3n Carrillo: etapa final para el pavimento de calle Lisandro de la Torre - El Regional","robots":{"index":"index","follow":"follow","max-snippet":"max-snippet:-1","max-image-preview":"max-image-preview:large","max-video-preview":"max-video-preview:-1"},"canonical":"http:\/\/elregionalvm.com.ar\/noticias-villa-maria\/b-ramon-carrillo-etapa-final-para-el-pavimento-de-calle-lisandro-de-la-torre\/","og_locale":"es_ES","og_type":"article","og_title":"B\u00b0 Ram\u00f3n Carrillo: etapa final para el pavimento de calle Lisandro de la Torre - El Regional","og_description":"El municipio est\u00e1 pr\u00f3ximo a culminar con las tareas de pavimentaci\u00f3n que se llevan a cabo en el barrio Ram\u00f3n Carrillo, precisamente en la calle Lisandro de la Torre. All\u00ed, el intendente Mart\u00edn Gill supervis\u00f3 el tramo final de la obra, que quedar\u00e1 finalizada con la pavimentaci\u00f3n de las bocacalles. Precisamente, el tramo comprendido entre [&hellip;]","og_url":"http:\/\/elregionalvm.com.ar\/noticias-villa-maria\/b-ramon-carrillo-etapa-final-para-el-pavimento-de-calle-lisandro-de-la-torre\/","og_site_name":"El Regional","article_publisher":"https:\/\/www.facebook.com\/elregionalvm","article_published_time":"2022-08-17T21:41:01+00:00","article_modified_time":"2022-08-17T21:41:03+00:00","og_image":[{"width":1280,"height":853,"url":"http:\/\/elregionalvm.com.ar\/noticias-villa-maria\/wp-content\/uploads\/2022\/08\/WhatsApp-Image-2022-08-17-at-2.07.36-PM.jpeg","type":"image\/jpeg"}],"author":"Contenidos El Regional","twitter_card":"summary_large_image","twitter_creator":"@elregionalvm1","twitter_site":"@elregionalvm1","twitter_misc":{"Escrito por":"Contenidos El Regional","Tiempo de lectura":"1 minuto"},"schema":{"@context":"https:\/\/schema.org","@graph":[{"@type":"Article","@id":"http:\/\/elregionalvm.com.ar\/noticias-villa-maria\/b-ramon-carrillo-etapa-final-para-el-pavimento-de-calle-lisandro-de-la-torre\/#article","isPartOf":{"@id":"http:\/\/elregionalvm.com.ar\/noticias-villa-maria\/b-ramon-carrillo-etapa-final-para-el-pavimento-de-calle-lisandro-de-la-torre\/"},"author":{"name":"Contenidos El Regional","@id":"http:\/\/elregionalvm.com.ar\/noticias-villa-maria\/#\/schema\/person\/a0fb9c422317faca23d50163151bc354"},"headline":"B\u00b0 Ram\u00f3n Carrillo: etapa final para el pavimento de calle Lisandro de la Torre","datePublished":"2022-08-17T21:41:01+00:00","dateModified":"2022-08-17T21:41:03+00:00","mainEntityOfPage":{"@id":"http:\/\/elregionalvm.com.ar\/noticias-villa-maria\/b-ramon-carrillo-etapa-final-para-el-pavimento-de-calle-lisandro-de-la-torre\/"},"wordCount":181,"commentCount":0,"image":{"@id":"http:\/\/elregionalvm.com.ar\/noticias-villa-maria\/b-ramon-carrillo-etapa-final-para-el-pavimento-de-calle-lisandro-de-la-torre\/#primaryimage"},"thumbnailUrl":"https:\/\/i0.wp.com\/elregionalvm.com.ar\/noticias-villa-maria\/wp-content\/uploads\/2022\/08\/WhatsApp-Image-2022-08-17-at-2.07.36-PM.jpeg?fit=1280%2C853&ssl=1","keywords":["Barrio Ram\u00f3n Carrillo","calle Lisandro de la Torre","etapa final","mart\u00edn gill","pavimento","supervisi\u00f3n","Villa Mar\u00eda"],"articleSection":["destacado","Villa Mar\u00eda"],"inLanguage":"es","potentialAction":[{"@type":"CommentAction","name":"Comment","target":["http:\/\/elregionalvm.com.ar\/noticias-villa-maria\/b-ramon-carrillo-etapa-final-para-el-pavimento-de-calle-lisandro-de-la-torre\/#respond"]}]},{"@type":"WebPage","@id":"http:\/\/elregionalvm.com.ar\/noticias-villa-maria\/b-ramon-carrillo-etapa-final-para-el-pavimento-de-calle-lisandro-de-la-torre\/","url":"http:\/\/elregionalvm.com.ar\/noticias-villa-maria\/b-ramon-carrillo-etapa-final-para-el-pavimento-de-calle-lisandro-de-la-torre\/","name":"B\u00b0 Ram\u00f3n Carrillo: etapa final para el pavimento de calle Lisandro de la Torre - El Regional","isPartOf":{"@id":"http:\/\/elregionalvm.com.ar\/noticias-villa-maria\/#website"},"primaryImageOfPage":{"@id":"http:\/\/elregionalvm.com.ar\/noticias-villa-maria\/b-ramon-carrillo-etapa-final-para-el-pavimento-de-calle-lisandro-de-la-torre\/#primaryimage"},"image":{"@id":"http:\/\/elregionalvm.com.ar\/noticias-villa-maria\/b-ramon-carrillo-etapa-final-para-el-pavimento-de-calle-lisandro-de-la-torre\/#primaryimage"},"thumbnailUrl":"https:\/\/i0.wp.com\/elregionalvm.com.ar\/noticias-villa-maria\/wp-content\/uploads\/2022\/08\/WhatsApp-Image-2022-08-17-at-2.07.36-PM.jpeg?fit=1280%2C853&ssl=1","datePublished":"2022-08-17T21:41:01+00:00","dateModified":"2022-08-17T21:41:03+00:00","author":{"@id":"http:\/\/elregionalvm.com.ar\/noticias-villa-maria\/#\/schema\/person\/a0fb9c422317faca23d50163151bc354"},"breadcrumb":{"@id":"http:\/\/elregionalvm.com.ar\/noticias-villa-maria\/b-ramon-carrillo-etapa-final-para-el-pavimento-de-calle-lisandro-de-la-torre\/#breadcrumb"},"inLanguage":"es","potentialAction":[{"@type":"ReadAction","target":["http:\/\/elregionalvm.com.ar\/noticias-villa-maria\/b-ramon-carrillo-etapa-final-para-el-pavimento-de-calle-lisandro-de-la-torre\/"]}]},{"@type":"ImageObject","inLanguage":"es","@id":"http:\/\/elregionalvm.com.ar\/noticias-villa-maria\/b-ramon-carrillo-etapa-final-para-el-pavimento-de-calle-lisandro-de-la-torre\/#primaryimage","url":"https:\/\/i0.wp.com\/elregionalvm.com.ar\/noticias-villa-maria\/wp-content\/uploads\/2022\/08\/WhatsApp-Image-2022-08-17-at-2.07.36-PM.jpeg?fit=1280%2C853&ssl=1","contentUrl":"https:\/\/i0.wp.com\/elregionalvm.com.ar\/noticias-villa-maria\/wp-content\/uploads\/2022\/08\/WhatsApp-Image-2022-08-17-at-2.07.36-PM.jpeg?fit=1280%2C853&ssl=1","width":1280,"height":853},{"@type":"BreadcrumbList","@id":"http:\/\/elregionalvm.com.ar\/noticias-villa-maria\/b-ramon-carrillo-etapa-final-para-el-pavimento-de-calle-lisandro-de-la-torre\/#breadcrumb","itemListElement":[{"@type":"ListItem","position":1,"name":"Portada","item":"https:\/\/elregionalvm.com.ar\/noticias-villa-maria\/"},{"@type":"ListItem","position":2,"name":"B\u00b0 Ram\u00f3n Carrillo: etapa final para el pavimento de calle Lisandro de la Torre"}]},{"@type":"WebSite","@id":"http:\/\/elregionalvm.com.ar\/noticias-villa-maria\/#website","url":"http:\/\/elregionalvm.com.ar\/noticias-villa-maria\/","name":"El Regional","description":"Mucho m\u00e1s que informaci\u00f3n","potentialAction":[{"@type":"SearchAction","target":{"@type":"EntryPoint","urlTemplate":"http:\/\/elregionalvm.com.ar\/noticias-villa-maria\/?s={search_term_string}"},"query-input":{"@type":"PropertyValueSpecification","valueRequired":true,"valueName":"search_term_string"}}],"inLanguage":"es"},{"@type":"Person","@id":"http:\/\/elregionalvm.com.ar\/noticias-villa-maria\/#\/schema\/person\/a0fb9c422317faca23d50163151bc354","name":"Contenidos El Regional","image":{"@type":"ImageObject","inLanguage":"es","@id":"http:\/\/elregionalvm.com.ar\/noticias-villa-maria\/#\/schema\/person\/image\/","url":"https:\/\/secure.gravatar.com\/avatar\/265b27cb2209af7bb3a1318f03305787d7981a5cc6e6cd08fe5a4ecdf99d4b48?s=96&d=mm&r=g","contentUrl":"https:\/\/secure.gravatar.com\/avatar\/265b27cb2209af7bb3a1318f03305787d7981a5cc6e6cd08fe5a4ecdf99d4b48?s=96&d=mm&r=g","caption":"Contenidos El Regional"},"url":"https:\/\/elregionalvm.com.ar\/noticias-villa-maria\/author\/contenido\/"}]}},"jetpack_featured_media_url":"https:\/\/i0.wp.com\/elregionalvm.com.ar\/noticias-villa-maria\/wp-content\/uploads\/2022\/08\/WhatsApp-Image-2022-08-17-at-2.07.36-PM.jpeg?fit=1280%2C853&ssl=1","jetpack_sharing_enabled":true,"_links":{"self":[{"href":"https:\/\/elregionalvm.com.ar\/noticias-villa-maria\/wp-json\/wp\/v2\/posts\/62534","targetHints":{"allow":["GET"]}}],"collection":[{"href":"https:\/\/elregionalvm.com.ar\/noticias-villa-maria\/wp-json\/wp\/v2\/posts"}],"about":[{"href":"https:\/\/elregionalvm.com.ar\/noticias-villa-maria\/wp-json\/wp\/v2\/types\/post"}],"author":[{"embeddable":true,"href":"https:\/\/elregionalvm.com.ar\/noticias-villa-maria\/wp-json\/wp\/v2\/users\/4"}],"replies":[{"embeddable":true,"href":"https:\/\/elregionalvm.com.ar\/noticias-villa-maria\/wp-json\/wp\/v2\/comments?post=62534"}],"version-history":[{"count":1,"href":"https:\/\/elregionalvm.com.ar\/noticias-villa-maria\/wp-json\/wp\/v2\/posts\/62534\/revisions"}],"predecessor-version":[{"id":62536,"href":"https:\/\/elregionalvm.com.ar\/noticias-villa-maria\/wp-json\/wp\/v2\/posts\/62534\/revisions\/62536"}],"wp:featuredmedia":[{"embeddable":true,"href":"https:\/\/elregionalvm.com.ar\/noticias-villa-maria\/wp-json\/wp\/v2\/media\/62535"}],"wp:attachment":[{"href":"https:\/\/elregionalvm.com.ar\/noticias-villa-maria\/wp-json\/wp\/v2\/media?parent=62534"}],"wp:term":[{"taxonomy":"category","embeddable":true,"href":"https:\/\/elregionalvm.com.ar\/noticias-villa-maria\/wp-json\/wp\/v2\/categories?post=62534"},{"taxonomy":"post_tag","embeddable":true,"href":"https:\/\/elregionalvm.com.ar\/noticias-villa-maria\/wp-json\/wp\/v2\/tags?post=62534"}],"curies":[{"name":"wp","href":"https:\/\/api.w.org\/{rel}","templated":true}]}}