{"id":62546,"date":"2022-08-17T23:24:23","date_gmt":"2022-08-17T23:24:23","guid":{"rendered":"https:\/\/elregionalvm.com.ar\/noticias-villa-maria\/?p=62546"},"modified":"2022-08-17T23:24:24","modified_gmt":"2022-08-17T23:24:24","slug":"presentaron-el-proyecto-polo-cientifico-tecnologico-marcos-juarez","status":"publish","type":"post","link":"https:\/\/elregionalvm.com.ar\/noticias-villa-maria\/presentaron-el-proyecto-polo-cientifico-tecnologico-marcos-juarez\/","title":{"rendered":"Presentaron el proyecto \u00abPolo Cient\u00edfico Tecnol\u00f3gico Marcos Ju\u00e1rez\u00bb"},"content":{"rendered":"\n<p>Este mi\u00e9rcoles, el gobernador de C\u00f3rdoba,&nbsp;<strong>Juan Schiaretti<\/strong>, present\u00f3 en Marcos Ju\u00e1rez el&nbsp;<strong>proyecto Polo Cient\u00edfico Tecnol\u00f3gico de esta ciudad<\/strong>&nbsp;del sudeste provincial. Se trata de una&nbsp;<strong>iniciativa promovida por el sector privado empresarial local<\/strong>, a trav\u00e9s de un ente promotor, que cuenta con el&nbsp;<strong>apoyo de la Provincia.<\/strong>&nbsp;<\/p>\n\n\n\n<p><em>\u201cEstamos poniendo en marcha este Polo Cient\u00edfico Tecnol\u00f3gico&nbsp;en el Parque Industrial, porque la econom\u00eda del conocimiento va a complementar todas las actividades productivas y las va a atravesar transversalmente. Para ello, no hay dudas que en C\u00f3rdoba tenemos el capital y talento humano\u201d<\/em>, sostuvo el gobernador.&nbsp;<\/p>\n\n\n\n<p>El Polo&nbsp;<strong>se ubicar\u00e1 dentro del Parque Industrial Marcos Ju\u00e1rez&nbsp;<\/strong>(avenida Jorge Loinas, ruta 9), en un terreno de 1.500 metros cuadrados que la Municipalidad cedi\u00f3 al ente promotor.&nbsp;&nbsp;<\/p>\n\n\n\n<p>Schiaretti remarc\u00f3 la importancia que tienen los diferentes cl\u00fasteres de la econom\u00eda del conocimiento y de las nuevas tecnolog\u00edas en la provincia y&nbsp;sostuvo que&nbsp;<em>\u201cno pod\u00eda estar fuera del polo cient\u00edfico y tecnol\u00f3gico Marcos Ju\u00e1rez, ya que es uno de los departamentos m\u00e1s productivos que tiene C\u00f3rdoba, con una capacidad de trabajo fenomenal y un gran talento en sus habitantes\u201d.<\/em><\/p>\n\n\n\n<figure class=\"wp-block-image\"><img data-recalc-dims=\"1\" decoding=\"async\" src=\"https:\/\/i0.wp.com\/prensa.cba.gov.ar\/wp-content\/uploads\/2022\/08\/MG_0052.jpg?ssl=1\" alt=\"\" class=\"wp-image-512477\" \/><\/figure>\n\n\n\n<p>Y agreg\u00f3: \u201c<em>Sin duda va a ser otro motor impulsor del crecimiento, de la generaci\u00f3n de empleo y del progreso en la regi\u00f3n\u201d.&nbsp;<\/em><\/p>\n\n\n\n<p>El proyecto estar\u00e1 financiado por&nbsp;<strong>el ente promotor que destinar\u00e1 20 millones de pesos<\/strong>&nbsp;para la construcci\u00f3n del edificio, y&nbsp;<strong>la Provincia aportar\u00e1 35 millones de pesos<\/strong>&nbsp;para completar la obra.<\/p>\n\n\n\n<p>En este sentido, el gobernador resalt\u00f3 el trabajo conjunto de los sectores privado y p\u00fablico. \u00ab<em>Como Estado tenemos una profunda confianza en los industriales, en los empresarios de nuestra C\u00f3rdoba. Por eso nos parece razonable que el ente de Marcos Ju\u00e1rez lleve adelante la construcci\u00f3n y el desarrollo de este Polo Cient\u00edfico Tecnol\u00f3gico\u201d<\/em>, afirm\u00f3.<\/p>\n\n\n\n<p>Cabe destacar que adem\u00e1s de encargarse de la construcci\u00f3n, el ente promotor se ocupar\u00e1 del seguimiento y administraci\u00f3n de la obra. Asimismo crear\u00e1 el reglamento correspondiente para determinar el funcionamiento del Polo.<\/p>\n\n\n\n<p>El gobernador estuvo acompa\u00f1ado por el intendente de Marcos Ju\u00e1rez, Pedro Dellarossa; los ministros de Ciencia y Tecnolog\u00eda, Pablo De Chiara; Obras P\u00fablicas, Ricardo Sosa; y Desarrollo Social, Carlos Massei; el director de Vialidad Provincial, Mart\u00edn Guti\u00e9rrez; el presidente del ente promotor del Polo cient\u00edfico tecnol\u00f3gico, Eduardo Borri; y los legisladores provinciales, Julieta Rinaldi y Miguel Majul.&nbsp;<\/p>\n\n\n\n<figure class=\"wp-block-image\"><img data-recalc-dims=\"1\" decoding=\"async\" src=\"https:\/\/i0.wp.com\/prensa.cba.gov.ar\/wp-content\/uploads\/2022\/08\/MG_9756.jpg?ssl=1\" alt=\"\" class=\"wp-image-512481\" \/><figcaption><em>Schiaretti&nbsp;tambi\u00e9n<\/em>&nbsp;<em>habilit\u00f3 la repavimentaci\u00f3n del arco sudeste de la Circunvalaci\u00f3n.<\/em><\/figcaption><\/figure>\n\n\n\n<p>A su turno, el intendente Pedro Dellarossa expres\u00f3:&nbsp;<em>\u00abNos hemos puesto de acuerdo todas las fuerzas vivas que representan el complejo industrial y mec\u00e1nico para hacer de este centro tecnol\u00f3gico un lugar para estar a la vanguardia y tener capacitaci\u00f3n. Es necesario para las empresas que buscan productos de alta calidad y de alta tecnolog\u00eda\u00bb.<\/em><\/p>\n\n\n\n<p>Por su parte, presidente del ente promotor del Polo Cient\u00edfico Tecnol\u00f3gico, Eduardo Borri, indic\u00f3 que&nbsp;<em>\u201cla intenci\u00f3n es que pongamos en marcha esto que hoy simplemente es un render, pero despu\u00e9s de relevar inquietudes y necesidades va a terminar siendo un espacio de coworking en donde podamos cumplir un sue\u00f1o que ven\u00edamos planteando desde hace tiempo en la regi\u00f3n, de que aqu\u00ed se desarrolle tecnolog\u00eda de punta de tipo bioagroindustrial\u201d<\/em>.<\/p>\n\n\n\n<h3 class=\"wp-block-heading\"><strong>Detalles del Polo<\/strong><\/h3>\n\n\n\n<p>El Polo Cient\u00edfico Tecnol\u00f3gico Marcos Ju\u00e1rez ser\u00e1 un&nbsp;<strong>espacio p\u00fablico-privado&nbsp;<\/strong>para promover el desarrollo del conocimiento, investigaci\u00f3n e innovaci\u00f3n, que dinamizar\u00e1 la creaci\u00f3n de valor y el crecimiento empresarial del sudeste provincial.<\/p>\n\n\n\n<p>Constituir\u00e1 un laboratorio de ideas y pr\u00e1cticas para las organizaciones p\u00fablicas y privadas, y contribuir\u00e1 al desarrollo econ\u00f3mico sostenible de la ciudad y la regi\u00f3n a trav\u00e9s de la creaci\u00f3n de un ambiente din\u00e1mico, de confluencia e interacci\u00f3n entre actores necesarios para el desarrollo y la generaci\u00f3n de productos y servicios innovadores, como tambi\u00e9n empresas y empleo con base en tecnolog\u00edas.<\/p>\n\n\n\n<p>Respecto de la obra, el edificio estar\u00e1 dividido en dos m\u00f3dulos que totalizar\u00e1n, aproximadamente, 600 metros cuadrados. Uno de ellos tendr\u00e1 espacios institucionales y acad\u00e9micos que albergar\u00e1n oficinas para la gesti\u00f3n de proyectos, espacios de&nbsp;<em>coworking<\/em>, salas de capacitaci\u00f3n y laboratorios. El otro m\u00f3dulo se destinar\u00e1 a talleres de entrenamiento en t\u00e9cnicas y tecnolog\u00edas cr\u00edticas para el sector industrial local como rob\u00f3tica, soldadura y control num\u00e9rico. Ambos&nbsp;&nbsp;<\/p>\n\n\n\n<figure class=\"wp-block-image\"><img data-recalc-dims=\"1\" decoding=\"async\" src=\"https:\/\/i0.wp.com\/prensa.cba.gov.ar\/wp-content\/uploads\/2022\/08\/a5b3461e-346a-46d1-a4d0-6333fbedfbc6.jpg?ssl=1\" alt=\"\" class=\"wp-image-512484\" \/><\/figure>\n\n\n\n<h3 class=\"wp-block-heading\"><strong>Circunvalaci\u00f3n<\/strong><\/h3>\n\n\n\n<p>Schiaretti adem\u00e1s habilit\u00f3 la<strong>&nbsp;repavimentaci\u00f3n de cinco kil\u00f3metros del arco sudeste de la Circunvalaci\u00f3n<\/strong>&nbsp;de Marcos Ju\u00e1rez y recorri\u00f3 la obra de&nbsp;<strong>pavimentaci\u00f3n de la calle De\u00e1n Funes<\/strong>, con servicio de iluminaci\u00f3n (arteria de ingreso a una escuela ProA en construcci\u00f3n).<\/p>\n\n\n\n<p>Se trata de un corredor productivo de alto tr\u00e1nsito de veh\u00edculos pesados y nexo fundamental entre la ruta provincial 12 y la autopista de la ruta nacional 9.<\/p>\n\n\n\n<p>Las obras de pavimentaci\u00f3n de la&nbsp;<strong>calle De\u00e1n Funes,<\/strong>&nbsp;que es una arteria que conecta de manera directa con la Circunvalaci\u00f3n de la ciudad y sobre la cual se construye la escuela ProA, se extienden a lo largo de&nbsp;<strong>mil metros<\/strong>.&nbsp;<\/p>\n\n\n\n<p>Los trabajos en esta calle registran un&nbsp;<strong>avance del 50 por ciento<\/strong>&nbsp;y est\u00e1n a cargo de la empresa contratista Bor-Com. Su finalizaci\u00f3n se prev\u00e9 para septiembre pr\u00f3ximo.<\/p>\n\n\n\n<p>Asimismo, se prev\u00e9 el inicio de la obra de repavimentaci\u00f3n de la ruta 12, en una longitud de 14 kil\u00f3metros, desde avenida Circunvalaci\u00f3n hacia el sur.<\/p>\n\n\n\n<p><strong>El monto total de estas obras ejecutadas por la Provincia asciende a 800 millones de pesos<\/strong>.<\/p>\n","protected":false},"excerpt":{"rendered":"<p>Este mi\u00e9rcoles, el gobernador de C\u00f3rdoba,&nbsp;Juan Schiaretti, present\u00f3 en Marcos Ju\u00e1rez el&nbsp;proyecto Polo Cient\u00edfico Tecnol\u00f3gico de esta ciudad&nbsp;del sudeste provincial. Se trata de una&nbsp;iniciativa promovida por el sector privado empresarial local, a trav\u00e9s de un ente promotor, que cuenta con el&nbsp;apoyo de la Provincia.&nbsp; \u201cEstamos poniendo en marcha este Polo Cient\u00edfico Tecnol\u00f3gico&nbsp;en el Parque Industrial, [&hellip;]<\/p>\n","protected":false},"author":4,"featured_media":62547,"comment_status":"open","ping_status":"open","sticky":false,"template":"","format":"standard","meta":{"site-sidebar-layout":"default","site-content-layout":"","ast-site-content-layout":"default","site-content-style":"default","site-sidebar-style":"default","ast-global-header-display":"","ast-banner-title-visibility":"","ast-main-header-display":"","ast-hfb-above-header-display":"","ast-hfb-below-header-display":"","ast-hfb-mobile-header-display":"","site-post-title":"","ast-breadcrumbs-content":"","ast-featured-img":"","footer-sml-layout":"","ast-disable-related-posts":"","theme-transparent-header-meta":"","adv-header-id-meta":"","stick-header-meta":"","header-above-stick-meta":"","header-main-stick-meta":"","header-below-stick-meta":"","astra-migrate-meta-layouts":"default","ast-page-background-enabled":"default","ast-page-background-meta":{"desktop":{"background-color":"","background-image":"","background-repeat":"repeat","background-position":"center center","background-size":"auto","background-attachment":"scroll","background-type":"","background-media":"","overlay-type":"","overlay-color":"","overlay-opacity":"","overlay-gradient":""},"tablet":{"background-color":"","background-image":"","background-repeat":"repeat","background-position":"center center","background-size":"auto","background-attachment":"scroll","background-type":"","background-media":"","overlay-type":"","overlay-color":"","overlay-opacity":"","overlay-gradient":""},"mobile":{"background-color":"","background-image":"","background-repeat":"repeat","background-position":"center center","background-size":"auto","background-attachment":"scroll","background-type":"","background-media":"","overlay-type":"","overlay-color":"","overlay-opacity":"","overlay-gradient":""}},"ast-content-background-meta":{"desktop":{"background-color":"var(--ast-global-color-5)","background-image":"","background-repeat":"repeat","background-position":"center center","background-size":"auto","background-attachment":"scroll","background-type":"","background-media":"","overlay-type":"","overlay-color":"","overlay-opacity":"","overlay-gradient":""},"tablet":{"background-color":"var(--ast-global-color-5)","background-image":"","background-repeat":"repeat","background-position":"center center","background-size":"auto","background-attachment":"scroll","background-type":"","background-media":"","overlay-type":"","overlay-color":"","overlay-opacity":"","overlay-gradient":""},"mobile":{"background-color":"var(--ast-global-color-5)","background-image":"","background-repeat":"repeat","background-position":"center center","background-size":"auto","background-attachment":"scroll","background-type":"","background-media":"","overlay-type":"","overlay-color":"","overlay-opacity":"","overlay-gradient":""}},"_jetpack_memberships_contains_paid_content":false,"_joinchat":[],"footnotes":""},"categories":[15302,2091],"tags":[17512,17511,12421,4216,3058,2370,17510],"class_list":["post-62546","post","type-post","status-publish","format-standard","has-post-thumbnail","hentry","category-destacado","category-region","tag-apoyo-provincial","tag-empresariado-local","tag-gobierno-de-la-provincia-de-cordoba","tag-industria","tag-juan-schiaretti","tag-marcos-juarez-2","tag-polo-cientifico-tecnologico"],"yoast_head":"<!-- This site is optimized with the Yoast SEO plugin v26.8 - https:\/\/yoast.com\/product\/yoast-seo-wordpress\/ -->\n<title>Presentaron el proyecto &quot;Polo Cient\u00edfico Tecnol\u00f3gico Marcos Ju\u00e1rez&quot; - El Regional<\/title>\n<meta name=\"robots\" content=\"index, follow, max-snippet:-1, max-image-preview:large, max-video-preview:-1\" \/>\n<link rel=\"canonical\" href=\"http:\/\/elregionalvm.com.ar\/noticias-villa-maria\/presentaron-el-proyecto-polo-cientifico-tecnologico-marcos-juarez\/\" \/>\n<meta property=\"og:locale\" content=\"es_ES\" \/>\n<meta property=\"og:type\" content=\"article\" \/>\n<meta property=\"og:title\" content=\"Presentaron el proyecto &quot;Polo Cient\u00edfico Tecnol\u00f3gico Marcos Ju\u00e1rez&quot; - El Regional\" \/>\n<meta property=\"og:description\" content=\"Este mi\u00e9rcoles, el gobernador de C\u00f3rdoba,&nbsp;Juan Schiaretti, present\u00f3 en Marcos Ju\u00e1rez el&nbsp;proyecto Polo Cient\u00edfico Tecnol\u00f3gico de esta ciudad&nbsp;del sudeste provincial. Se trata de una&nbsp;iniciativa promovida por el sector privado empresarial local, a trav\u00e9s de un ente promotor, que cuenta con el&nbsp;apoyo de la Provincia.&nbsp; \u201cEstamos poniendo en marcha este Polo Cient\u00edfico Tecnol\u00f3gico&nbsp;en el Parque Industrial, [&hellip;]\" \/>\n<meta property=\"og:url\" content=\"http:\/\/elregionalvm.com.ar\/noticias-villa-maria\/presentaron-el-proyecto-polo-cientifico-tecnologico-marcos-juarez\/\" \/>\n<meta property=\"og:site_name\" content=\"El Regional\" \/>\n<meta property=\"article:publisher\" content=\"https:\/\/www.facebook.com\/elregionalvm\" \/>\n<meta property=\"article:published_time\" content=\"2022-08-17T23:24:23+00:00\" \/>\n<meta property=\"article:modified_time\" content=\"2022-08-17T23:24:24+00:00\" \/>\n<meta property=\"og:image\" content=\"http:\/\/elregionalvm.com.ar\/noticias-villa-maria\/wp-content\/uploads\/2022\/08\/schiaretti-en-marcos-juarez-3.jpg\" \/>\n\t<meta property=\"og:image:width\" content=\"993\" \/>\n\t<meta property=\"og:image:height\" content=\"663\" \/>\n\t<meta property=\"og:image:type\" content=\"image\/jpeg\" \/>\n<meta name=\"author\" content=\"Contenidos El Regional\" \/>\n<meta name=\"twitter:card\" content=\"summary_large_image\" \/>\n<meta name=\"twitter:creator\" content=\"@elregionalvm1\" \/>\n<meta name=\"twitter:site\" content=\"@elregionalvm1\" \/>\n<meta name=\"twitter:label1\" content=\"Escrito por\" \/>\n\t<meta name=\"twitter:data1\" content=\"Contenidos El Regional\" \/>\n\t<meta name=\"twitter:label2\" content=\"Tiempo de lectura\" \/>\n\t<meta name=\"twitter:data2\" content=\"5 minutos\" \/>\n<script type=\"application\/ld+json\" class=\"yoast-schema-graph\">{\"@context\":\"https:\/\/schema.org\",\"@graph\":[{\"@type\":\"Article\",\"@id\":\"http:\/\/elregionalvm.com.ar\/noticias-villa-maria\/presentaron-el-proyecto-polo-cientifico-tecnologico-marcos-juarez\/#article\",\"isPartOf\":{\"@id\":\"http:\/\/elregionalvm.com.ar\/noticias-villa-maria\/presentaron-el-proyecto-polo-cientifico-tecnologico-marcos-juarez\/\"},\"author\":{\"name\":\"Contenidos El Regional\",\"@id\":\"http:\/\/elregionalvm.com.ar\/noticias-villa-maria\/#\/schema\/person\/a0fb9c422317faca23d50163151bc354\"},\"headline\":\"Presentaron el proyecto \u00abPolo Cient\u00edfico Tecnol\u00f3gico Marcos Ju\u00e1rez\u00bb\",\"datePublished\":\"2022-08-17T23:24:23+00:00\",\"dateModified\":\"2022-08-17T23:24:24+00:00\",\"mainEntityOfPage\":{\"@id\":\"http:\/\/elregionalvm.com.ar\/noticias-villa-maria\/presentaron-el-proyecto-polo-cientifico-tecnologico-marcos-juarez\/\"},\"wordCount\":1007,\"commentCount\":0,\"image\":{\"@id\":\"http:\/\/elregionalvm.com.ar\/noticias-villa-maria\/presentaron-el-proyecto-polo-cientifico-tecnologico-marcos-juarez\/#primaryimage\"},\"thumbnailUrl\":\"https:\/\/i0.wp.com\/elregionalvm.com.ar\/noticias-villa-maria\/wp-content\/uploads\/2022\/08\/schiaretti-en-marcos-juarez-3.jpg?fit=993%2C663&ssl=1\",\"keywords\":[\"apoyo provincial\",\"empresariado local\",\"Gobierno de la Provincia de C\u00f3rdoba\",\"Industria\",\"Juan Schiaretti\",\"Marcos Ju\u00e1rez\",\"Polo Cient\u00edfico Tecnol\u00f3gico\"],\"articleSection\":[\"destacado\",\"Regi\u00f3n\"],\"inLanguage\":\"es\",\"potentialAction\":[{\"@type\":\"CommentAction\",\"name\":\"Comment\",\"target\":[\"http:\/\/elregionalvm.com.ar\/noticias-villa-maria\/presentaron-el-proyecto-polo-cientifico-tecnologico-marcos-juarez\/#respond\"]}]},{\"@type\":\"WebPage\",\"@id\":\"http:\/\/elregionalvm.com.ar\/noticias-villa-maria\/presentaron-el-proyecto-polo-cientifico-tecnologico-marcos-juarez\/\",\"url\":\"http:\/\/elregionalvm.com.ar\/noticias-villa-maria\/presentaron-el-proyecto-polo-cientifico-tecnologico-marcos-juarez\/\",\"name\":\"Presentaron el proyecto \\\"Polo Cient\u00edfico Tecnol\u00f3gico Marcos Ju\u00e1rez\\\" - El Regional\",\"isPartOf\":{\"@id\":\"http:\/\/elregionalvm.com.ar\/noticias-villa-maria\/#website\"},\"primaryImageOfPage\":{\"@id\":\"http:\/\/elregionalvm.com.ar\/noticias-villa-maria\/presentaron-el-proyecto-polo-cientifico-tecnologico-marcos-juarez\/#primaryimage\"},\"image\":{\"@id\":\"http:\/\/elregionalvm.com.ar\/noticias-villa-maria\/presentaron-el-proyecto-polo-cientifico-tecnologico-marcos-juarez\/#primaryimage\"},\"thumbnailUrl\":\"https:\/\/i0.wp.com\/elregionalvm.com.ar\/noticias-villa-maria\/wp-content\/uploads\/2022\/08\/schiaretti-en-marcos-juarez-3.jpg?fit=993%2C663&ssl=1\",\"datePublished\":\"2022-08-17T23:24:23+00:00\",\"dateModified\":\"2022-08-17T23:24:24+00:00\",\"author\":{\"@id\":\"http:\/\/elregionalvm.com.ar\/noticias-villa-maria\/#\/schema\/person\/a0fb9c422317faca23d50163151bc354\"},\"breadcrumb\":{\"@id\":\"http:\/\/elregionalvm.com.ar\/noticias-villa-maria\/presentaron-el-proyecto-polo-cientifico-tecnologico-marcos-juarez\/#breadcrumb\"},\"inLanguage\":\"es\",\"potentialAction\":[{\"@type\":\"ReadAction\",\"target\":[\"http:\/\/elregionalvm.com.ar\/noticias-villa-maria\/presentaron-el-proyecto-polo-cientifico-tecnologico-marcos-juarez\/\"]}]},{\"@type\":\"ImageObject\",\"inLanguage\":\"es\",\"@id\":\"http:\/\/elregionalvm.com.ar\/noticias-villa-maria\/presentaron-el-proyecto-polo-cientifico-tecnologico-marcos-juarez\/#primaryimage\",\"url\":\"https:\/\/i0.wp.com\/elregionalvm.com.ar\/noticias-villa-maria\/wp-content\/uploads\/2022\/08\/schiaretti-en-marcos-juarez-3.jpg?fit=993%2C663&ssl=1\",\"contentUrl\":\"https:\/\/i0.wp.com\/elregionalvm.com.ar\/noticias-villa-maria\/wp-content\/uploads\/2022\/08\/schiaretti-en-marcos-juarez-3.jpg?fit=993%2C663&ssl=1\",\"width\":993,\"height\":663},{\"@type\":\"BreadcrumbList\",\"@id\":\"http:\/\/elregionalvm.com.ar\/noticias-villa-maria\/presentaron-el-proyecto-polo-cientifico-tecnologico-marcos-juarez\/#breadcrumb\",\"itemListElement\":[{\"@type\":\"ListItem\",\"position\":1,\"name\":\"Portada\",\"item\":\"https:\/\/elregionalvm.com.ar\/noticias-villa-maria\/\"},{\"@type\":\"ListItem\",\"position\":2,\"name\":\"Presentaron el proyecto \u00abPolo Cient\u00edfico Tecnol\u00f3gico Marcos Ju\u00e1rez\u00bb\"}]},{\"@type\":\"WebSite\",\"@id\":\"http:\/\/elregionalvm.com.ar\/noticias-villa-maria\/#website\",\"url\":\"http:\/\/elregionalvm.com.ar\/noticias-villa-maria\/\",\"name\":\"El Regional\",\"description\":\"Mucho m\u00e1s que informaci\u00f3n\",\"potentialAction\":[{\"@type\":\"SearchAction\",\"target\":{\"@type\":\"EntryPoint\",\"urlTemplate\":\"http:\/\/elregionalvm.com.ar\/noticias-villa-maria\/?s={search_term_string}\"},\"query-input\":{\"@type\":\"PropertyValueSpecification\",\"valueRequired\":true,\"valueName\":\"search_term_string\"}}],\"inLanguage\":\"es\"},{\"@type\":\"Person\",\"@id\":\"http:\/\/elregionalvm.com.ar\/noticias-villa-maria\/#\/schema\/person\/a0fb9c422317faca23d50163151bc354\",\"name\":\"Contenidos El Regional\",\"image\":{\"@type\":\"ImageObject\",\"inLanguage\":\"es\",\"@id\":\"http:\/\/elregionalvm.com.ar\/noticias-villa-maria\/#\/schema\/person\/image\/\",\"url\":\"https:\/\/secure.gravatar.com\/avatar\/265b27cb2209af7bb3a1318f03305787d7981a5cc6e6cd08fe5a4ecdf99d4b48?s=96&d=mm&r=g\",\"contentUrl\":\"https:\/\/secure.gravatar.com\/avatar\/265b27cb2209af7bb3a1318f03305787d7981a5cc6e6cd08fe5a4ecdf99d4b48?s=96&d=mm&r=g\",\"caption\":\"Contenidos El Regional\"},\"url\":\"https:\/\/elregionalvm.com.ar\/noticias-villa-maria\/author\/contenido\/\"}]}<\/script>\n<!-- \/ Yoast SEO plugin. -->","yoast_head_json":{"title":"Presentaron el proyecto \"Polo Cient\u00edfico Tecnol\u00f3gico Marcos Ju\u00e1rez\" - El Regional","robots":{"index":"index","follow":"follow","max-snippet":"max-snippet:-1","max-image-preview":"max-image-preview:large","max-video-preview":"max-video-preview:-1"},"canonical":"http:\/\/elregionalvm.com.ar\/noticias-villa-maria\/presentaron-el-proyecto-polo-cientifico-tecnologico-marcos-juarez\/","og_locale":"es_ES","og_type":"article","og_title":"Presentaron el proyecto \"Polo Cient\u00edfico Tecnol\u00f3gico Marcos Ju\u00e1rez\" - El Regional","og_description":"Este mi\u00e9rcoles, el gobernador de C\u00f3rdoba,&nbsp;Juan Schiaretti, present\u00f3 en Marcos Ju\u00e1rez el&nbsp;proyecto Polo Cient\u00edfico Tecnol\u00f3gico de esta ciudad&nbsp;del sudeste provincial. Se trata de una&nbsp;iniciativa promovida por el sector privado empresarial local, a trav\u00e9s de un ente promotor, que cuenta con el&nbsp;apoyo de la Provincia.&nbsp; \u201cEstamos poniendo en marcha este Polo Cient\u00edfico Tecnol\u00f3gico&nbsp;en el Parque Industrial, [&hellip;]","og_url":"http:\/\/elregionalvm.com.ar\/noticias-villa-maria\/presentaron-el-proyecto-polo-cientifico-tecnologico-marcos-juarez\/","og_site_name":"El Regional","article_publisher":"https:\/\/www.facebook.com\/elregionalvm","article_published_time":"2022-08-17T23:24:23+00:00","article_modified_time":"2022-08-17T23:24:24+00:00","og_image":[{"width":993,"height":663,"url":"http:\/\/elregionalvm.com.ar\/noticias-villa-maria\/wp-content\/uploads\/2022\/08\/schiaretti-en-marcos-juarez-3.jpg","type":"image\/jpeg"}],"author":"Contenidos El Regional","twitter_card":"summary_large_image","twitter_creator":"@elregionalvm1","twitter_site":"@elregionalvm1","twitter_misc":{"Escrito por":"Contenidos El Regional","Tiempo de lectura":"5 minutos"},"schema":{"@context":"https:\/\/schema.org","@graph":[{"@type":"Article","@id":"http:\/\/elregionalvm.com.ar\/noticias-villa-maria\/presentaron-el-proyecto-polo-cientifico-tecnologico-marcos-juarez\/#article","isPartOf":{"@id":"http:\/\/elregionalvm.com.ar\/noticias-villa-maria\/presentaron-el-proyecto-polo-cientifico-tecnologico-marcos-juarez\/"},"author":{"name":"Contenidos El Regional","@id":"http:\/\/elregionalvm.com.ar\/noticias-villa-maria\/#\/schema\/person\/a0fb9c422317faca23d50163151bc354"},"headline":"Presentaron el proyecto \u00abPolo Cient\u00edfico Tecnol\u00f3gico Marcos Ju\u00e1rez\u00bb","datePublished":"2022-08-17T23:24:23+00:00","dateModified":"2022-08-17T23:24:24+00:00","mainEntityOfPage":{"@id":"http:\/\/elregionalvm.com.ar\/noticias-villa-maria\/presentaron-el-proyecto-polo-cientifico-tecnologico-marcos-juarez\/"},"wordCount":1007,"commentCount":0,"image":{"@id":"http:\/\/elregionalvm.com.ar\/noticias-villa-maria\/presentaron-el-proyecto-polo-cientifico-tecnologico-marcos-juarez\/#primaryimage"},"thumbnailUrl":"https:\/\/i0.wp.com\/elregionalvm.com.ar\/noticias-villa-maria\/wp-content\/uploads\/2022\/08\/schiaretti-en-marcos-juarez-3.jpg?fit=993%2C663&ssl=1","keywords":["apoyo provincial","empresariado local","Gobierno de la Provincia de C\u00f3rdoba","Industria","Juan Schiaretti","Marcos Ju\u00e1rez","Polo Cient\u00edfico Tecnol\u00f3gico"],"articleSection":["destacado","Regi\u00f3n"],"inLanguage":"es","potentialAction":[{"@type":"CommentAction","name":"Comment","target":["http:\/\/elregionalvm.com.ar\/noticias-villa-maria\/presentaron-el-proyecto-polo-cientifico-tecnologico-marcos-juarez\/#respond"]}]},{"@type":"WebPage","@id":"http:\/\/elregionalvm.com.ar\/noticias-villa-maria\/presentaron-el-proyecto-polo-cientifico-tecnologico-marcos-juarez\/","url":"http:\/\/elregionalvm.com.ar\/noticias-villa-maria\/presentaron-el-proyecto-polo-cientifico-tecnologico-marcos-juarez\/","name":"Presentaron el proyecto \"Polo Cient\u00edfico Tecnol\u00f3gico Marcos Ju\u00e1rez\" - El Regional","isPartOf":{"@id":"http:\/\/elregionalvm.com.ar\/noticias-villa-maria\/#website"},"primaryImageOfPage":{"@id":"http:\/\/elregionalvm.com.ar\/noticias-villa-maria\/presentaron-el-proyecto-polo-cientifico-tecnologico-marcos-juarez\/#primaryimage"},"image":{"@id":"http:\/\/elregionalvm.com.ar\/noticias-villa-maria\/presentaron-el-proyecto-polo-cientifico-tecnologico-marcos-juarez\/#primaryimage"},"thumbnailUrl":"https:\/\/i0.wp.com\/elregionalvm.com.ar\/noticias-villa-maria\/wp-content\/uploads\/2022\/08\/schiaretti-en-marcos-juarez-3.jpg?fit=993%2C663&ssl=1","datePublished":"2022-08-17T23:24:23+00:00","dateModified":"2022-08-17T23:24:24+00:00","author":{"@id":"http:\/\/elregionalvm.com.ar\/noticias-villa-maria\/#\/schema\/person\/a0fb9c422317faca23d50163151bc354"},"breadcrumb":{"@id":"http:\/\/elregionalvm.com.ar\/noticias-villa-maria\/presentaron-el-proyecto-polo-cientifico-tecnologico-marcos-juarez\/#breadcrumb"},"inLanguage":"es","potentialAction":[{"@type":"ReadAction","target":["http:\/\/elregionalvm.com.ar\/noticias-villa-maria\/presentaron-el-proyecto-polo-cientifico-tecnologico-marcos-juarez\/"]}]},{"@type":"ImageObject","inLanguage":"es","@id":"http:\/\/elregionalvm.com.ar\/noticias-villa-maria\/presentaron-el-proyecto-polo-cientifico-tecnologico-marcos-juarez\/#primaryimage","url":"https:\/\/i0.wp.com\/elregionalvm.com.ar\/noticias-villa-maria\/wp-content\/uploads\/2022\/08\/schiaretti-en-marcos-juarez-3.jpg?fit=993%2C663&ssl=1","contentUrl":"https:\/\/i0.wp.com\/elregionalvm.com.ar\/noticias-villa-maria\/wp-content\/uploads\/2022\/08\/schiaretti-en-marcos-juarez-3.jpg?fit=993%2C663&ssl=1","width":993,"height":663},{"@type":"BreadcrumbList","@id":"http:\/\/elregionalvm.com.ar\/noticias-villa-maria\/presentaron-el-proyecto-polo-cientifico-tecnologico-marcos-juarez\/#breadcrumb","itemListElement":[{"@type":"ListItem","position":1,"name":"Portada","item":"https:\/\/elregionalvm.com.ar\/noticias-villa-maria\/"},{"@type":"ListItem","position":2,"name":"Presentaron el proyecto \u00abPolo Cient\u00edfico Tecnol\u00f3gico Marcos Ju\u00e1rez\u00bb"}]},{"@type":"WebSite","@id":"http:\/\/elregionalvm.com.ar\/noticias-villa-maria\/#website","url":"http:\/\/elregionalvm.com.ar\/noticias-villa-maria\/","name":"El Regional","description":"Mucho m\u00e1s que informaci\u00f3n","potentialAction":[{"@type":"SearchAction","target":{"@type":"EntryPoint","urlTemplate":"http:\/\/elregionalvm.com.ar\/noticias-villa-maria\/?s={search_term_string}"},"query-input":{"@type":"PropertyValueSpecification","valueRequired":true,"valueName":"search_term_string"}}],"inLanguage":"es"},{"@type":"Person","@id":"http:\/\/elregionalvm.com.ar\/noticias-villa-maria\/#\/schema\/person\/a0fb9c422317faca23d50163151bc354","name":"Contenidos El Regional","image":{"@type":"ImageObject","inLanguage":"es","@id":"http:\/\/elregionalvm.com.ar\/noticias-villa-maria\/#\/schema\/person\/image\/","url":"https:\/\/secure.gravatar.com\/avatar\/265b27cb2209af7bb3a1318f03305787d7981a5cc6e6cd08fe5a4ecdf99d4b48?s=96&d=mm&r=g","contentUrl":"https:\/\/secure.gravatar.com\/avatar\/265b27cb2209af7bb3a1318f03305787d7981a5cc6e6cd08fe5a4ecdf99d4b48?s=96&d=mm&r=g","caption":"Contenidos El Regional"},"url":"https:\/\/elregionalvm.com.ar\/noticias-villa-maria\/author\/contenido\/"}]}},"jetpack_featured_media_url":"https:\/\/i0.wp.com\/elregionalvm.com.ar\/noticias-villa-maria\/wp-content\/uploads\/2022\/08\/schiaretti-en-marcos-juarez-3.jpg?fit=993%2C663&ssl=1","jetpack_sharing_enabled":true,"_links":{"self":[{"href":"https:\/\/elregionalvm.com.ar\/noticias-villa-maria\/wp-json\/wp\/v2\/posts\/62546","targetHints":{"allow":["GET"]}}],"collection":[{"href":"https:\/\/elregionalvm.com.ar\/noticias-villa-maria\/wp-json\/wp\/v2\/posts"}],"about":[{"href":"https:\/\/elregionalvm.com.ar\/noticias-villa-maria\/wp-json\/wp\/v2\/types\/post"}],"author":[{"embeddable":true,"href":"https:\/\/elregionalvm.com.ar\/noticias-villa-maria\/wp-json\/wp\/v2\/users\/4"}],"replies":[{"embeddable":true,"href":"https:\/\/elregionalvm.com.ar\/noticias-villa-maria\/wp-json\/wp\/v2\/comments?post=62546"}],"version-history":[{"count":1,"href":"https:\/\/elregionalvm.com.ar\/noticias-villa-maria\/wp-json\/wp\/v2\/posts\/62546\/revisions"}],"predecessor-version":[{"id":62548,"href":"https:\/\/elregionalvm.com.ar\/noticias-villa-maria\/wp-json\/wp\/v2\/posts\/62546\/revisions\/62548"}],"wp:featuredmedia":[{"embeddable":true,"href":"https:\/\/elregionalvm.com.ar\/noticias-villa-maria\/wp-json\/wp\/v2\/media\/62547"}],"wp:attachment":[{"href":"https:\/\/elregionalvm.com.ar\/noticias-villa-maria\/wp-json\/wp\/v2\/media?parent=62546"}],"wp:term":[{"taxonomy":"category","embeddable":true,"href":"https:\/\/elregionalvm.com.ar\/noticias-villa-maria\/wp-json\/wp\/v2\/categories?post=62546"},{"taxonomy":"post_tag","embeddable":true,"href":"https:\/\/elregionalvm.com.ar\/noticias-villa-maria\/wp-json\/wp\/v2\/tags?post=62546"}],"curies":[{"name":"wp","href":"https:\/\/api.w.org\/{rel}","templated":true}]}}