{"id":62755,"date":"2022-08-22T01:30:50","date_gmt":"2022-08-22T01:30:50","guid":{"rendered":"https:\/\/elregionalvm.com.ar\/noticias-villa-maria\/?p=62755"},"modified":"2022-08-22T01:30:52","modified_gmt":"2022-08-22T01:30:52","slug":"gill-y-otros-intendentes-de-la-region-entre-los-509-mandatarios-que-respaldan-a-cristina-en-el-juicio","status":"publish","type":"post","link":"https:\/\/elregionalvm.com.ar\/noticias-villa-maria\/gill-y-otros-intendentes-de-la-region-entre-los-509-mandatarios-que-respaldan-a-cristina-en-el-juicio\/","title":{"rendered":"Gill y otros intendentes de la regi\u00f3n, entre los 509 mandatarios que respaldan a Cristina en el juicio"},"content":{"rendered":"\n<p><\/p>\n\n\n\n<p>El intendente de Villa Mar\u00eda, Mart\u00edn Gill, y otros 54 pares de la provincia de C\u00f3rdoba respaldaron a la vicepresidenta Cristina Fern\u00e1ndez frente al desenlace del juicio que se le sigue en el marco de la causa conocida como \u201cVialidad\u201d.<\/p>\n\n\n\n<p>En un comunicado, los jefes comunales cordobeses se sumaron a un total de 509 funcionarios locales de todo el pa\u00eds para ofrecer su apoyo en la jornada previa a los alegatos finales de la Fiscal\u00eda.<\/p>\n\n\n\n<p>Cristina Fern\u00e1ndez se encuentra imputada por liderar supuestamente una asociaci\u00f3n il\u00edcita y beneficiar con contratos de obra p\u00fablica a L\u00e1zaro B\u00e1ez. Los intendentes sostienen que existe una persecuci\u00f3n pol\u00edtica y judicial contra la expresidenta que busca su proscripci\u00f3n ante el futuro escenario electoral.<\/p>\n\n\n\n<p><\/p>\n\n\n\n<figure class=\"wp-block-image size-large\"><img data-recalc-dims=\"1\" fetchpriority=\"high\" decoding=\"async\" width=\"1024\" height=\"576\" src=\"https:\/\/i0.wp.com\/elregionalvm.com.ar\/noticias-villa-maria\/wp-content\/uploads\/2021\/01\/Cristina-Fernandez.jpg?resize=1024%2C576&#038;ssl=1\" alt=\"\" class=\"wp-image-30162\" srcset=\"https:\/\/i0.wp.com\/elregionalvm.com.ar\/noticias-villa-maria\/wp-content\/uploads\/2021\/01\/Cristina-Fernandez.jpg?resize=1024%2C576&amp;ssl=1 1024w, https:\/\/i0.wp.com\/elregionalvm.com.ar\/noticias-villa-maria\/wp-content\/uploads\/2021\/01\/Cristina-Fernandez.jpg?resize=300%2C169&amp;ssl=1 300w, https:\/\/i0.wp.com\/elregionalvm.com.ar\/noticias-villa-maria\/wp-content\/uploads\/2021\/01\/Cristina-Fernandez.jpg?resize=768%2C432&amp;ssl=1 768w, https:\/\/i0.wp.com\/elregionalvm.com.ar\/noticias-villa-maria\/wp-content\/uploads\/2021\/01\/Cristina-Fernandez.jpg?w=1200&amp;ssl=1 1200w\" sizes=\"(max-width: 1000px) 100vw, 1000px\" \/><figcaption><em>Cristina enfrenta una posible condena a prisi\u00f3n y la inhabilitaci\u00f3n para ejercer cargos. <\/em><\/figcaption><\/figure>\n\n\n\n<p><\/p>\n\n\n\n<p>\u201cLos intendentes del interior del pa\u00eds manifestamos nuestra preocupaci\u00f3n frente a la utilizaci\u00f3n del sistema judicial como un mecanismo de estigmatizaci\u00f3n, de condicionamiento y disciplinamiento social\u201d, indica el escrito en su comienzo.<\/p>\n\n\n\n<p>\u201cLa persecuci\u00f3n judicial sobre la vicepresidenta de la Naci\u00f3n Cristina Fern\u00e1ndez de Kirchner, que se instrumenta con la activa participaci\u00f3n de numerosos medios de comunicaci\u00f3n, constituye una pr\u00e1ctica violatoria de los derechos humanos que bajo el maquillaje de la aplicaci\u00f3n de la justicia, pretende condicionar, invisibilizar y anular social y pol\u00edticamente\u201d, sostiene el texto.<\/p>\n\n\n\n<p><strong>De todo el pa\u00eds<\/strong><\/p>\n\n\n\n<p>Los intendentes y jefes comunales firmantes son: 8 de Jujuy; 17, de Catamarca; 38, de Tucum\u00e1n; cuatro, de Salta; 158, de Santiago del Estero; ocho, de Corrientes; 47, de Chaco; 37, de Formosa; uno, de Misiones; 55, de C\u00f3rdoba; 34, de Santa Fe; 33, de Entre R\u00edos; dos, de Mendoza; uno, de San Luis; dos, de San Juan; 17, de La Rioja; nueve, de Chubut; siete, de La Pampa; cuatro, de Neuqu\u00e9n; ocho, de R\u00edo Negro; tres, de Tierra del Fuego; y 16, de Santa Cruz.<\/p>\n\n\n\n<p>El listado de los intendentes cordobeses, entre ellos varios de nuestra regi\u00f3n, incluye los siguientes nombres:<\/p>\n\n\n\n<ul class=\"wp-block-list\"><li><strong>Mart\u00edn Gill, Intendente de Villa Mar\u00eda<\/strong><\/li><li>Gustavo T\u00e9vez, Intendente de Brinkmann<\/li><li><strong>Omar Far\u00edas, Intendente de Bengolea<\/strong><\/li><li>Gustavo Scoles, Intendente de Villa del Dique<\/li><li><strong>Luis Trotte, Intendente de Monte Ma\u00edz<\/strong><\/li><li>Daniela Andino, Jefa comunal de KM 658<\/li><li><strong>Fabi\u00e1n Francioni, Intendente de Leones<\/strong><\/li><li><strong>Agust\u00edn Gonz\u00e1lez, Intendente de Cruz Alta<\/strong><\/li><li>Carlos Borgobello, Intendente de Estaci\u00f3n Gral. Paz<\/li><li>Rub\u00e9n Para, Intendente de La Paquita<\/li><li>Daniel De Lorenzi, Intendente de San Esteban<\/li><li><strong>Omar Tavella, Intendente de Alto Alegre<\/strong><\/li><li>Gabriel Fern\u00e1ndez, Intendente de Viamonte<\/li><li>Federico Alessandri, Intendente de Embalse<\/li><li>Martin Toselli, Intendente de Bulnes<\/li><li>Gast\u00f3n Tomatis, Intendente de Las Acequias<\/li><li>Andr\u00e9s Passero, Intendente de Reducci\u00f3n<\/li><li>Alberto Escudero, Intendente de Las Higueras<\/li><li><strong>Juan Pablo Vassia, Intendente de Idiaz\u00e1bal<\/strong><\/li><li>Daniela Castrillo, Intendenta de Colonia Bismarck<\/li><li><strong>Rodolfo Filipponi, Intendente de Pascanas<\/strong><\/li><li>C\u00e9sar Osvaldo Abramenia, Jefe comunal de Villa Guti\u00e9rrez<\/li><li>H\u00e9ctor Hugo Osses, Jefe comunal de Tuclame<\/li><li>Daniel Gergolet, Intendente de Pueblo Italiano<\/li><li>Danilo Joel Graziano, Jefe comunal de Villa Quillinzo<\/li><li>N\u00e9stor Gonz\u00e1lez, Jefe comunal de Las Caleras<\/li><li><strong>Daniel Cabrera, Jefe comunal de Punta del Agua<\/strong><\/li><li>Pablo Riveros, Jefe comunal de Villa Ciudad Parque<\/li><li><strong>Enrique M\u00e9ndez Paz, Intendente de Cintra<\/strong><\/li><li>Neris Garraza, Intendente de Altos del Chipi\u00f3n<\/li><li>Elio S\u00e1nchez, Intendente de El Fort\u00edn<\/li><li>Marcelo Luque, Intendente de General Roca<\/li><li>Nilo P\u00e9rez, Jefe comunal de Dique Chico<\/li><li>Marcelo Agust\u00edn, Intendente de Alejo Ledesma<\/li><li>Cristina Cravero, Intendenta de R\u00edo Primero<\/li><li>Sandra Dal Bo, Intendenta de Cavanagh<\/li><li>Irma Villarreal, Jefa comunal de La Posta<\/li><li>Ram\u00f3n Zalazar, Intendente de Anisacate<\/li><li>Gerardo Daniel Mancini, Intendente de General Baldissera<\/li><li>Norberto Magni, Intendente de Colonia San Bartolom\u00e9<\/li><li><strong>Roberto Pacheco, Intendente de Corral de Bustos<\/strong><\/li><li>Fernando Rossi, Intendente de El T\u00edo<\/li><li>V\u00edctor Blengino, Jefe comunal de Colonia San Pedro<\/li><li><strong>Juan V\u00e1zquez, Intendente de San Antonio del Litin<\/strong><\/li><li>Mart\u00edn Guzm\u00e1n, Intendente de La Para<\/li><li>Franco G\u00f3mez, Jefe comunal de Rafael Garc\u00eda<\/li><li>Celia Giorgis, Intendenta de Seeber<\/li><li><strong>Caludio Boretto, Jefe comunal de Las Isletillas<\/strong><\/li><li>Evangelina Vigna, Jefa comunal de Colonia Vignaud<\/li><li>Cristian Fr\u00edas, intendente de San Carlos Minas<\/li><li>Jorge Ferratto, Jefe comunal de Villa San Esteban<\/li><li>Gabriel Faletto, Intendente de Marull<\/li><li>Mario Moreno, Jefe comunal de Gral. Fotheringham<\/li><li>Iv\u00e1n Ortega, Intendente de San Agust\u00edn<\/li><li>Jos\u00e9 Villegas, Jefe comunal de Puesto de Castro<\/li><\/ul>\n","protected":false},"excerpt":{"rendered":"<p>El intendente de Villa Mar\u00eda, Mart\u00edn Gill, y otros 54 pares de la provincia de C\u00f3rdoba respaldaron a la vicepresidenta Cristina Fern\u00e1ndez frente al desenlace del juicio que se le sigue en el marco de la causa conocida como \u201cVialidad\u201d. En un comunicado, los jefes comunales cordobeses se sumaron a un total de 509 funcionarios [&hellip;]<\/p>\n","protected":false},"author":4,"featured_media":58709,"comment_status":"open","ping_status":"open","sticky":false,"template":"","format":"standard","meta":{"site-sidebar-layout":"default","site-content-layout":"","ast-site-content-layout":"default","site-content-style":"default","site-sidebar-style":"default","ast-global-header-display":"","ast-banner-title-visibility":"","ast-main-header-display":"","ast-hfb-above-header-display":"","ast-hfb-below-header-display":"","ast-hfb-mobile-header-display":"","site-post-title":"","ast-breadcrumbs-content":"","ast-featured-img":"","footer-sml-layout":"","ast-disable-related-posts":"","theme-transparent-header-meta":"","adv-header-id-meta":"","stick-header-meta":"","header-above-stick-meta":"","header-main-stick-meta":"","header-below-stick-meta":"","astra-migrate-meta-layouts":"default","ast-page-background-enabled":"default","ast-page-background-meta":{"desktop":{"background-color":"","background-image":"","background-repeat":"repeat","background-position":"center center","background-size":"auto","background-attachment":"scroll","background-type":"","background-media":"","overlay-type":"","overlay-color":"","overlay-opacity":"","overlay-gradient":""},"tablet":{"background-color":"","background-image":"","background-repeat":"repeat","background-position":"center center","background-size":"auto","background-attachment":"scroll","background-type":"","background-media":"","overlay-type":"","overlay-color":"","overlay-opacity":"","overlay-gradient":""},"mobile":{"background-color":"","background-image":"","background-repeat":"repeat","background-position":"center center","background-size":"auto","background-attachment":"scroll","background-type":"","background-media":"","overlay-type":"","overlay-color":"","overlay-opacity":"","overlay-gradient":""}},"ast-content-background-meta":{"desktop":{"background-color":"var(--ast-global-color-5)","background-image":"","background-repeat":"repeat","background-position":"center center","background-size":"auto","background-attachment":"scroll","background-type":"","background-media":"","overlay-type":"","overlay-color":"","overlay-opacity":"","overlay-gradient":""},"tablet":{"background-color":"var(--ast-global-color-5)","background-image":"","background-repeat":"repeat","background-position":"center center","background-size":"auto","background-attachment":"scroll","background-type":"","background-media":"","overlay-type":"","overlay-color":"","overlay-opacity":"","overlay-gradient":""},"mobile":{"background-color":"var(--ast-global-color-5)","background-image":"","background-repeat":"repeat","background-position":"center center","background-size":"auto","background-attachment":"scroll","background-type":"","background-media":"","overlay-type":"","overlay-color":"","overlay-opacity":"","overlay-gradient":""}},"_jetpack_memberships_contains_paid_content":false,"_joinchat":[],"footnotes":""},"categories":[15302,2089],"tags":[17584,17507,2524,546,17104,130,1305,2824,10240],"class_list":["post-62755","post","type-post","status-publish","format-standard","has-post-thumbnail","hentry","category-destacado","category-politica","tag-alegatos","tag-causa-vialidad","tag-comunicado","tag-cristina-fernandez","tag-fiscal-luciani","tag-intendentes","tag-juicio","tag-martin-gill-2","tag-respaldo"],"yoast_head":"<!-- This site is optimized with the Yoast SEO plugin v26.8 - https:\/\/yoast.com\/product\/yoast-seo-wordpress\/ -->\n<title>Gill y otros intendentes de la regi\u00f3n, entre los 509 mandatarios que respaldan a Cristina en el juicio - El Regional<\/title>\n<meta name=\"robots\" content=\"index, follow, max-snippet:-1, max-image-preview:large, max-video-preview:-1\" \/>\n<link rel=\"canonical\" href=\"http:\/\/elregionalvm.com.ar\/noticias-villa-maria\/gill-y-otros-intendentes-de-la-region-entre-los-509-mandatarios-que-respaldan-a-cristina-en-el-juicio\/\" \/>\n<meta property=\"og:locale\" content=\"es_ES\" \/>\n<meta property=\"og:type\" content=\"article\" \/>\n<meta property=\"og:title\" content=\"Gill y otros intendentes de la regi\u00f3n, entre los 509 mandatarios que respaldan a Cristina en el juicio - El Regional\" \/>\n<meta property=\"og:description\" content=\"El intendente de Villa Mar\u00eda, Mart\u00edn Gill, y otros 54 pares de la provincia de C\u00f3rdoba respaldaron a la vicepresidenta Cristina Fern\u00e1ndez frente al desenlace del juicio que se le sigue en el marco de la causa conocida como \u201cVialidad\u201d. En un comunicado, los jefes comunales cordobeses se sumaron a un total de 509 funcionarios [&hellip;]\" \/>\n<meta property=\"og:url\" content=\"http:\/\/elregionalvm.com.ar\/noticias-villa-maria\/gill-y-otros-intendentes-de-la-region-entre-los-509-mandatarios-que-respaldan-a-cristina-en-el-juicio\/\" \/>\n<meta property=\"og:site_name\" content=\"El Regional\" \/>\n<meta property=\"article:publisher\" content=\"https:\/\/www.facebook.com\/elregionalvm\" \/>\n<meta property=\"article:published_time\" content=\"2022-08-22T01:30:50+00:00\" \/>\n<meta property=\"article:modified_time\" content=\"2022-08-22T01:30:52+00:00\" \/>\n<meta property=\"og:image\" content=\"http:\/\/elregionalvm.com.ar\/noticias-villa-maria\/wp-content\/uploads\/2022\/06\/Gill-plenario-intendentes-3.jpg\" \/>\n\t<meta property=\"og:image:width\" content=\"1280\" \/>\n\t<meta property=\"og:image:height\" content=\"853\" \/>\n\t<meta property=\"og:image:type\" content=\"image\/jpeg\" \/>\n<meta name=\"author\" content=\"Contenidos El Regional\" \/>\n<meta name=\"twitter:card\" content=\"summary_large_image\" \/>\n<meta name=\"twitter:creator\" content=\"@elregionalvm1\" \/>\n<meta name=\"twitter:site\" content=\"@elregionalvm1\" \/>\n<meta name=\"twitter:label1\" content=\"Escrito por\" \/>\n\t<meta name=\"twitter:data1\" content=\"Contenidos El Regional\" \/>\n\t<meta name=\"twitter:label2\" content=\"Tiempo de lectura\" \/>\n\t<meta name=\"twitter:data2\" content=\"4 minutos\" \/>\n<script type=\"application\/ld+json\" class=\"yoast-schema-graph\">{\"@context\":\"https:\/\/schema.org\",\"@graph\":[{\"@type\":\"Article\",\"@id\":\"http:\/\/elregionalvm.com.ar\/noticias-villa-maria\/gill-y-otros-intendentes-de-la-region-entre-los-509-mandatarios-que-respaldan-a-cristina-en-el-juicio\/#article\",\"isPartOf\":{\"@id\":\"http:\/\/elregionalvm.com.ar\/noticias-villa-maria\/gill-y-otros-intendentes-de-la-region-entre-los-509-mandatarios-que-respaldan-a-cristina-en-el-juicio\/\"},\"author\":{\"name\":\"Contenidos El Regional\",\"@id\":\"http:\/\/elregionalvm.com.ar\/noticias-villa-maria\/#\/schema\/person\/a0fb9c422317faca23d50163151bc354\"},\"headline\":\"Gill y otros intendentes de la regi\u00f3n, entre los 509 mandatarios que respaldan a Cristina en el juicio\",\"datePublished\":\"2022-08-22T01:30:50+00:00\",\"dateModified\":\"2022-08-22T01:30:52+00:00\",\"mainEntityOfPage\":{\"@id\":\"http:\/\/elregionalvm.com.ar\/noticias-villa-maria\/gill-y-otros-intendentes-de-la-region-entre-los-509-mandatarios-que-respaldan-a-cristina-en-el-juicio\/\"},\"wordCount\":753,\"commentCount\":0,\"image\":{\"@id\":\"http:\/\/elregionalvm.com.ar\/noticias-villa-maria\/gill-y-otros-intendentes-de-la-region-entre-los-509-mandatarios-que-respaldan-a-cristina-en-el-juicio\/#primaryimage\"},\"thumbnailUrl\":\"https:\/\/i0.wp.com\/elregionalvm.com.ar\/noticias-villa-maria\/wp-content\/uploads\/2022\/06\/Gill-plenario-intendentes-3.jpg?fit=1280%2C853&ssl=1\",\"keywords\":[\"alegatos\",\"causa vialidad\",\"Comunicado\",\"Cristina Fern\u00e1ndez\",\"fiscal Luciani\",\"intendentes\",\"Juicio\",\"Martin Gill\",\"Respaldo\"],\"articleSection\":[\"destacado\",\"Pol\u00edtica\"],\"inLanguage\":\"es\",\"potentialAction\":[{\"@type\":\"CommentAction\",\"name\":\"Comment\",\"target\":[\"http:\/\/elregionalvm.com.ar\/noticias-villa-maria\/gill-y-otros-intendentes-de-la-region-entre-los-509-mandatarios-que-respaldan-a-cristina-en-el-juicio\/#respond\"]}]},{\"@type\":\"WebPage\",\"@id\":\"http:\/\/elregionalvm.com.ar\/noticias-villa-maria\/gill-y-otros-intendentes-de-la-region-entre-los-509-mandatarios-que-respaldan-a-cristina-en-el-juicio\/\",\"url\":\"http:\/\/elregionalvm.com.ar\/noticias-villa-maria\/gill-y-otros-intendentes-de-la-region-entre-los-509-mandatarios-que-respaldan-a-cristina-en-el-juicio\/\",\"name\":\"Gill y otros intendentes de la regi\u00f3n, entre los 509 mandatarios que respaldan a Cristina en el juicio - El Regional\",\"isPartOf\":{\"@id\":\"http:\/\/elregionalvm.com.ar\/noticias-villa-maria\/#website\"},\"primaryImageOfPage\":{\"@id\":\"http:\/\/elregionalvm.com.ar\/noticias-villa-maria\/gill-y-otros-intendentes-de-la-region-entre-los-509-mandatarios-que-respaldan-a-cristina-en-el-juicio\/#primaryimage\"},\"image\":{\"@id\":\"http:\/\/elregionalvm.com.ar\/noticias-villa-maria\/gill-y-otros-intendentes-de-la-region-entre-los-509-mandatarios-que-respaldan-a-cristina-en-el-juicio\/#primaryimage\"},\"thumbnailUrl\":\"https:\/\/i0.wp.com\/elregionalvm.com.ar\/noticias-villa-maria\/wp-content\/uploads\/2022\/06\/Gill-plenario-intendentes-3.jpg?fit=1280%2C853&ssl=1\",\"datePublished\":\"2022-08-22T01:30:50+00:00\",\"dateModified\":\"2022-08-22T01:30:52+00:00\",\"author\":{\"@id\":\"http:\/\/elregionalvm.com.ar\/noticias-villa-maria\/#\/schema\/person\/a0fb9c422317faca23d50163151bc354\"},\"breadcrumb\":{\"@id\":\"http:\/\/elregionalvm.com.ar\/noticias-villa-maria\/gill-y-otros-intendentes-de-la-region-entre-los-509-mandatarios-que-respaldan-a-cristina-en-el-juicio\/#breadcrumb\"},\"inLanguage\":\"es\",\"potentialAction\":[{\"@type\":\"ReadAction\",\"target\":[\"http:\/\/elregionalvm.com.ar\/noticias-villa-maria\/gill-y-otros-intendentes-de-la-region-entre-los-509-mandatarios-que-respaldan-a-cristina-en-el-juicio\/\"]}]},{\"@type\":\"ImageObject\",\"inLanguage\":\"es\",\"@id\":\"http:\/\/elregionalvm.com.ar\/noticias-villa-maria\/gill-y-otros-intendentes-de-la-region-entre-los-509-mandatarios-que-respaldan-a-cristina-en-el-juicio\/#primaryimage\",\"url\":\"https:\/\/i0.wp.com\/elregionalvm.com.ar\/noticias-villa-maria\/wp-content\/uploads\/2022\/06\/Gill-plenario-intendentes-3.jpg?fit=1280%2C853&ssl=1\",\"contentUrl\":\"https:\/\/i0.wp.com\/elregionalvm.com.ar\/noticias-villa-maria\/wp-content\/uploads\/2022\/06\/Gill-plenario-intendentes-3.jpg?fit=1280%2C853&ssl=1\",\"width\":1280,\"height\":853},{\"@type\":\"BreadcrumbList\",\"@id\":\"http:\/\/elregionalvm.com.ar\/noticias-villa-maria\/gill-y-otros-intendentes-de-la-region-entre-los-509-mandatarios-que-respaldan-a-cristina-en-el-juicio\/#breadcrumb\",\"itemListElement\":[{\"@type\":\"ListItem\",\"position\":1,\"name\":\"Portada\",\"item\":\"https:\/\/elregionalvm.com.ar\/noticias-villa-maria\/\"},{\"@type\":\"ListItem\",\"position\":2,\"name\":\"Gill y otros intendentes de la regi\u00f3n, entre los 509 mandatarios que respaldan a Cristina en el juicio\"}]},{\"@type\":\"WebSite\",\"@id\":\"http:\/\/elregionalvm.com.ar\/noticias-villa-maria\/#website\",\"url\":\"http:\/\/elregionalvm.com.ar\/noticias-villa-maria\/\",\"name\":\"El Regional\",\"description\":\"Mucho m\u00e1s que informaci\u00f3n\",\"potentialAction\":[{\"@type\":\"SearchAction\",\"target\":{\"@type\":\"EntryPoint\",\"urlTemplate\":\"http:\/\/elregionalvm.com.ar\/noticias-villa-maria\/?s={search_term_string}\"},\"query-input\":{\"@type\":\"PropertyValueSpecification\",\"valueRequired\":true,\"valueName\":\"search_term_string\"}}],\"inLanguage\":\"es\"},{\"@type\":\"Person\",\"@id\":\"http:\/\/elregionalvm.com.ar\/noticias-villa-maria\/#\/schema\/person\/a0fb9c422317faca23d50163151bc354\",\"name\":\"Contenidos El Regional\",\"image\":{\"@type\":\"ImageObject\",\"inLanguage\":\"es\",\"@id\":\"http:\/\/elregionalvm.com.ar\/noticias-villa-maria\/#\/schema\/person\/image\/\",\"url\":\"https:\/\/secure.gravatar.com\/avatar\/265b27cb2209af7bb3a1318f03305787d7981a5cc6e6cd08fe5a4ecdf99d4b48?s=96&d=mm&r=g\",\"contentUrl\":\"https:\/\/secure.gravatar.com\/avatar\/265b27cb2209af7bb3a1318f03305787d7981a5cc6e6cd08fe5a4ecdf99d4b48?s=96&d=mm&r=g\",\"caption\":\"Contenidos El Regional\"},\"url\":\"https:\/\/elregionalvm.com.ar\/noticias-villa-maria\/author\/contenido\/\"}]}<\/script>\n<!-- \/ Yoast SEO plugin. -->","yoast_head_json":{"title":"Gill y otros intendentes de la regi\u00f3n, entre los 509 mandatarios que respaldan a Cristina en el juicio - El Regional","robots":{"index":"index","follow":"follow","max-snippet":"max-snippet:-1","max-image-preview":"max-image-preview:large","max-video-preview":"max-video-preview:-1"},"canonical":"http:\/\/elregionalvm.com.ar\/noticias-villa-maria\/gill-y-otros-intendentes-de-la-region-entre-los-509-mandatarios-que-respaldan-a-cristina-en-el-juicio\/","og_locale":"es_ES","og_type":"article","og_title":"Gill y otros intendentes de la regi\u00f3n, entre los 509 mandatarios que respaldan a Cristina en el juicio - El Regional","og_description":"El intendente de Villa Mar\u00eda, Mart\u00edn Gill, y otros 54 pares de la provincia de C\u00f3rdoba respaldaron a la vicepresidenta Cristina Fern\u00e1ndez frente al desenlace del juicio que se le sigue en el marco de la causa conocida como \u201cVialidad\u201d. En un comunicado, los jefes comunales cordobeses se sumaron a un total de 509 funcionarios [&hellip;]","og_url":"http:\/\/elregionalvm.com.ar\/noticias-villa-maria\/gill-y-otros-intendentes-de-la-region-entre-los-509-mandatarios-que-respaldan-a-cristina-en-el-juicio\/","og_site_name":"El Regional","article_publisher":"https:\/\/www.facebook.com\/elregionalvm","article_published_time":"2022-08-22T01:30:50+00:00","article_modified_time":"2022-08-22T01:30:52+00:00","og_image":[{"width":1280,"height":853,"url":"http:\/\/elregionalvm.com.ar\/noticias-villa-maria\/wp-content\/uploads\/2022\/06\/Gill-plenario-intendentes-3.jpg","type":"image\/jpeg"}],"author":"Contenidos El Regional","twitter_card":"summary_large_image","twitter_creator":"@elregionalvm1","twitter_site":"@elregionalvm1","twitter_misc":{"Escrito por":"Contenidos El Regional","Tiempo de lectura":"4 minutos"},"schema":{"@context":"https:\/\/schema.org","@graph":[{"@type":"Article","@id":"http:\/\/elregionalvm.com.ar\/noticias-villa-maria\/gill-y-otros-intendentes-de-la-region-entre-los-509-mandatarios-que-respaldan-a-cristina-en-el-juicio\/#article","isPartOf":{"@id":"http:\/\/elregionalvm.com.ar\/noticias-villa-maria\/gill-y-otros-intendentes-de-la-region-entre-los-509-mandatarios-que-respaldan-a-cristina-en-el-juicio\/"},"author":{"name":"Contenidos El Regional","@id":"http:\/\/elregionalvm.com.ar\/noticias-villa-maria\/#\/schema\/person\/a0fb9c422317faca23d50163151bc354"},"headline":"Gill y otros intendentes de la regi\u00f3n, entre los 509 mandatarios que respaldan a Cristina en el juicio","datePublished":"2022-08-22T01:30:50+00:00","dateModified":"2022-08-22T01:30:52+00:00","mainEntityOfPage":{"@id":"http:\/\/elregionalvm.com.ar\/noticias-villa-maria\/gill-y-otros-intendentes-de-la-region-entre-los-509-mandatarios-que-respaldan-a-cristina-en-el-juicio\/"},"wordCount":753,"commentCount":0,"image":{"@id":"http:\/\/elregionalvm.com.ar\/noticias-villa-maria\/gill-y-otros-intendentes-de-la-region-entre-los-509-mandatarios-que-respaldan-a-cristina-en-el-juicio\/#primaryimage"},"thumbnailUrl":"https:\/\/i0.wp.com\/elregionalvm.com.ar\/noticias-villa-maria\/wp-content\/uploads\/2022\/06\/Gill-plenario-intendentes-3.jpg?fit=1280%2C853&ssl=1","keywords":["alegatos","causa vialidad","Comunicado","Cristina Fern\u00e1ndez","fiscal Luciani","intendentes","Juicio","Martin Gill","Respaldo"],"articleSection":["destacado","Pol\u00edtica"],"inLanguage":"es","potentialAction":[{"@type":"CommentAction","name":"Comment","target":["http:\/\/elregionalvm.com.ar\/noticias-villa-maria\/gill-y-otros-intendentes-de-la-region-entre-los-509-mandatarios-que-respaldan-a-cristina-en-el-juicio\/#respond"]}]},{"@type":"WebPage","@id":"http:\/\/elregionalvm.com.ar\/noticias-villa-maria\/gill-y-otros-intendentes-de-la-region-entre-los-509-mandatarios-que-respaldan-a-cristina-en-el-juicio\/","url":"http:\/\/elregionalvm.com.ar\/noticias-villa-maria\/gill-y-otros-intendentes-de-la-region-entre-los-509-mandatarios-que-respaldan-a-cristina-en-el-juicio\/","name":"Gill y otros intendentes de la regi\u00f3n, entre los 509 mandatarios que respaldan a Cristina en el juicio - El Regional","isPartOf":{"@id":"http:\/\/elregionalvm.com.ar\/noticias-villa-maria\/#website"},"primaryImageOfPage":{"@id":"http:\/\/elregionalvm.com.ar\/noticias-villa-maria\/gill-y-otros-intendentes-de-la-region-entre-los-509-mandatarios-que-respaldan-a-cristina-en-el-juicio\/#primaryimage"},"image":{"@id":"http:\/\/elregionalvm.com.ar\/noticias-villa-maria\/gill-y-otros-intendentes-de-la-region-entre-los-509-mandatarios-que-respaldan-a-cristina-en-el-juicio\/#primaryimage"},"thumbnailUrl":"https:\/\/i0.wp.com\/elregionalvm.com.ar\/noticias-villa-maria\/wp-content\/uploads\/2022\/06\/Gill-plenario-intendentes-3.jpg?fit=1280%2C853&ssl=1","datePublished":"2022-08-22T01:30:50+00:00","dateModified":"2022-08-22T01:30:52+00:00","author":{"@id":"http:\/\/elregionalvm.com.ar\/noticias-villa-maria\/#\/schema\/person\/a0fb9c422317faca23d50163151bc354"},"breadcrumb":{"@id":"http:\/\/elregionalvm.com.ar\/noticias-villa-maria\/gill-y-otros-intendentes-de-la-region-entre-los-509-mandatarios-que-respaldan-a-cristina-en-el-juicio\/#breadcrumb"},"inLanguage":"es","potentialAction":[{"@type":"ReadAction","target":["http:\/\/elregionalvm.com.ar\/noticias-villa-maria\/gill-y-otros-intendentes-de-la-region-entre-los-509-mandatarios-que-respaldan-a-cristina-en-el-juicio\/"]}]},{"@type":"ImageObject","inLanguage":"es","@id":"http:\/\/elregionalvm.com.ar\/noticias-villa-maria\/gill-y-otros-intendentes-de-la-region-entre-los-509-mandatarios-que-respaldan-a-cristina-en-el-juicio\/#primaryimage","url":"https:\/\/i0.wp.com\/elregionalvm.com.ar\/noticias-villa-maria\/wp-content\/uploads\/2022\/06\/Gill-plenario-intendentes-3.jpg?fit=1280%2C853&ssl=1","contentUrl":"https:\/\/i0.wp.com\/elregionalvm.com.ar\/noticias-villa-maria\/wp-content\/uploads\/2022\/06\/Gill-plenario-intendentes-3.jpg?fit=1280%2C853&ssl=1","width":1280,"height":853},{"@type":"BreadcrumbList","@id":"http:\/\/elregionalvm.com.ar\/noticias-villa-maria\/gill-y-otros-intendentes-de-la-region-entre-los-509-mandatarios-que-respaldan-a-cristina-en-el-juicio\/#breadcrumb","itemListElement":[{"@type":"ListItem","position":1,"name":"Portada","item":"https:\/\/elregionalvm.com.ar\/noticias-villa-maria\/"},{"@type":"ListItem","position":2,"name":"Gill y otros intendentes de la regi\u00f3n, entre los 509 mandatarios que respaldan a Cristina en el juicio"}]},{"@type":"WebSite","@id":"http:\/\/elregionalvm.com.ar\/noticias-villa-maria\/#website","url":"http:\/\/elregionalvm.com.ar\/noticias-villa-maria\/","name":"El Regional","description":"Mucho m\u00e1s que informaci\u00f3n","potentialAction":[{"@type":"SearchAction","target":{"@type":"EntryPoint","urlTemplate":"http:\/\/elregionalvm.com.ar\/noticias-villa-maria\/?s={search_term_string}"},"query-input":{"@type":"PropertyValueSpecification","valueRequired":true,"valueName":"search_term_string"}}],"inLanguage":"es"},{"@type":"Person","@id":"http:\/\/elregionalvm.com.ar\/noticias-villa-maria\/#\/schema\/person\/a0fb9c422317faca23d50163151bc354","name":"Contenidos El Regional","image":{"@type":"ImageObject","inLanguage":"es","@id":"http:\/\/elregionalvm.com.ar\/noticias-villa-maria\/#\/schema\/person\/image\/","url":"https:\/\/secure.gravatar.com\/avatar\/265b27cb2209af7bb3a1318f03305787d7981a5cc6e6cd08fe5a4ecdf99d4b48?s=96&d=mm&r=g","contentUrl":"https:\/\/secure.gravatar.com\/avatar\/265b27cb2209af7bb3a1318f03305787d7981a5cc6e6cd08fe5a4ecdf99d4b48?s=96&d=mm&r=g","caption":"Contenidos El Regional"},"url":"https:\/\/elregionalvm.com.ar\/noticias-villa-maria\/author\/contenido\/"}]}},"jetpack_featured_media_url":"https:\/\/i0.wp.com\/elregionalvm.com.ar\/noticias-villa-maria\/wp-content\/uploads\/2022\/06\/Gill-plenario-intendentes-3.jpg?fit=1280%2C853&ssl=1","jetpack_sharing_enabled":true,"_links":{"self":[{"href":"https:\/\/elregionalvm.com.ar\/noticias-villa-maria\/wp-json\/wp\/v2\/posts\/62755","targetHints":{"allow":["GET"]}}],"collection":[{"href":"https:\/\/elregionalvm.com.ar\/noticias-villa-maria\/wp-json\/wp\/v2\/posts"}],"about":[{"href":"https:\/\/elregionalvm.com.ar\/noticias-villa-maria\/wp-json\/wp\/v2\/types\/post"}],"author":[{"embeddable":true,"href":"https:\/\/elregionalvm.com.ar\/noticias-villa-maria\/wp-json\/wp\/v2\/users\/4"}],"replies":[{"embeddable":true,"href":"https:\/\/elregionalvm.com.ar\/noticias-villa-maria\/wp-json\/wp\/v2\/comments?post=62755"}],"version-history":[{"count":2,"href":"https:\/\/elregionalvm.com.ar\/noticias-villa-maria\/wp-json\/wp\/v2\/posts\/62755\/revisions"}],"predecessor-version":[{"id":62757,"href":"https:\/\/elregionalvm.com.ar\/noticias-villa-maria\/wp-json\/wp\/v2\/posts\/62755\/revisions\/62757"}],"wp:featuredmedia":[{"embeddable":true,"href":"https:\/\/elregionalvm.com.ar\/noticias-villa-maria\/wp-json\/wp\/v2\/media\/58709"}],"wp:attachment":[{"href":"https:\/\/elregionalvm.com.ar\/noticias-villa-maria\/wp-json\/wp\/v2\/media?parent=62755"}],"wp:term":[{"taxonomy":"category","embeddable":true,"href":"https:\/\/elregionalvm.com.ar\/noticias-villa-maria\/wp-json\/wp\/v2\/categories?post=62755"},{"taxonomy":"post_tag","embeddable":true,"href":"https:\/\/elregionalvm.com.ar\/noticias-villa-maria\/wp-json\/wp\/v2\/tags?post=62755"}],"curies":[{"name":"wp","href":"https:\/\/api.w.org\/{rel}","templated":true}]}}