{"id":62804,"date":"2022-08-23T04:09:23","date_gmt":"2022-08-23T04:09:23","guid":{"rendered":"https:\/\/elregionalvm.com.ar\/noticias-villa-maria\/?p=62804"},"modified":"2022-08-25T19:10:32","modified_gmt":"2022-08-25T19:10:32","slug":"cristina-en-el-banquillo-jefa-de-la-matriz-de-corrupcion-o-victima-del-peloton-de-fusilamiento","status":"publish","type":"post","link":"https:\/\/elregionalvm.com.ar\/noticias-villa-maria\/cristina-en-el-banquillo-jefa-de-la-matriz-de-corrupcion-o-victima-del-peloton-de-fusilamiento\/","title":{"rendered":"Cristina en el banquillo: \u00bfJefa de la \u201cmatriz de corrupci\u00f3n\u201d o v\u00edctima del \u201cpelot\u00f3n de fusilamiento\u201d?"},"content":{"rendered":"\n<p><\/p>\n\n\n\n<p>El fiscal Diego Luciani pidi\u00f3 que la vicepresidenta Cristina Kirchner sea condenada a una pena de prisi\u00f3n efectiva de 12 a\u00f1os e inhabilitada de por vida para ejercer cargos p\u00fablicos.<\/p>\n\n\n\n<p>Adem\u00e1s, solicit\u00f3 en el alegato final que se le decomise la suma de al menos 5.321 millones de pesos, a ser prorrateados entre todos los acusados en la denominada causa Vialidad.<\/p>\n\n\n\n<p>El pedido realizado ante el Tribunal Oral Federal 2, integrado por los jueces Jorge Gorini, Rodrigo Gim\u00e9nez Uriburu y Andr\u00e9s Basso, sostiene que la expresidenta fue jefa de una asociaci\u00f3n il\u00edcita agravada y la responsabiliza de administraci\u00f3n fraudulenta agravada por su condici\u00f3n de funcionaria p\u00fablica, en concurso real.<\/p>\n\n\n\n<p>\u201cSe\u00f1ores jueces, este es el momento. Es corrupci\u00f3n o justicia\u201d, fueron algunas de sus \u00faltimas palabras antes de los pedidos de condena.<\/p>\n\n\n\n<p>D\u00edas anteriores hab\u00eda remarcado que en el juicio qued\u00f3 expuesta \u201cla matriz de corrupci\u00f3n m\u00e1s evidente de los \u00faltimos 40 a\u00f1os\u201d. Luciani investig\u00f3 junto con su par Sergio Mola el supuesto direccionamiento de la obra p\u00fablica vial en la provincia de Santa Cruz hacia L\u00e1zaro B\u00e1ez, entre los a\u00f1os 2003 y el 2015.<\/p>\n\n\n\n<p><\/p>\n\n\n\n<figure class=\"wp-block-image size-large\"><img data-recalc-dims=\"1\" fetchpriority=\"high\" decoding=\"async\" width=\"1024\" height=\"576\" src=\"https:\/\/i0.wp.com\/elregionalvm.com.ar\/noticias-villa-maria\/wp-content\/uploads\/2022\/08\/Fiscal-Luciani.jpg?resize=1024%2C576&#038;ssl=1\" alt=\"\" class=\"wp-image-62807\" srcset=\"https:\/\/i0.wp.com\/elregionalvm.com.ar\/noticias-villa-maria\/wp-content\/uploads\/2022\/08\/Fiscal-Luciani.jpg?resize=1024%2C576&amp;ssl=1 1024w, https:\/\/i0.wp.com\/elregionalvm.com.ar\/noticias-villa-maria\/wp-content\/uploads\/2022\/08\/Fiscal-Luciani.jpg?resize=300%2C169&amp;ssl=1 300w, https:\/\/i0.wp.com\/elregionalvm.com.ar\/noticias-villa-maria\/wp-content\/uploads\/2022\/08\/Fiscal-Luciani.jpg?resize=768%2C432&amp;ssl=1 768w, https:\/\/i0.wp.com\/elregionalvm.com.ar\/noticias-villa-maria\/wp-content\/uploads\/2022\/08\/Fiscal-Luciani.jpg?w=1280&amp;ssl=1 1280w\" sizes=\"(max-width: 1000px) 100vw, 1000px\" \/><figcaption><em>El fiscal Luciani pidi\u00f3 una condena de 12 a\u00f1os de prisi\u00f3n para la vicepresidenta. <\/em><\/figcaption><\/figure>\n\n\n\n<p><\/p>\n\n\n\n<p><strong>Los otros acusados<\/strong><\/p>\n\n\n\n<p>Luciani y Mola tambi\u00e9n pidieron que se condene a 12 a\u00f1os de prisi\u00f3n al empresario L\u00e1zaro B\u00e1ez, mientras reclamaron penas de 10 a\u00f1os de c\u00e1rcel para el exministro de Planificaci\u00f3n Federal, Julio De Vido; el exsecretario de Obras P\u00fablicas Jos\u00e9 Francisco L\u00f3pez; y el extitular de la Direcci\u00f3n Nacional de Vialidad (DNV), Nelson Periotti, como organizadores de la supuesta asociaci\u00f3n il\u00edcita.<\/p>\n\n\n\n<p>Varios de estos exfuncionarios ya recibieron condenas anteriores. L\u00f3pez, a seis a\u00f1os de c\u00e1rcel por enriquecimiento il\u00edcito; B\u00e1ez, a 12 a\u00f1os de c\u00e1rcel; y De Vido, a cuatro a\u00f1os por la compra de trenes a Espa\u00f1a y Portugal, y a cinco y medio por la tragedia de Once.<\/p>\n\n\n\n<p>En tanto, a Carlos Kirchner, primo de N\u00e9stor, solicitaron la absoluci\u00f3n por asociaci\u00f3n il\u00edcita y dos a\u00f1os en suspenso por incumplimiento de los deberes de funcionario p\u00fablico.<\/p>\n\n\n\n<p>Por otro lado, respecto de administraci\u00f3n fraudulenta, requirieron condenas para el exsubsecretario de Obras P\u00fablicas Abel Fatala, a cuatro a\u00f1os a\u00f1os; a los exresponsables del Distrito N\u00b023 \u201cSanta Cruz\u201d de la DNV Ra\u00fal Osvaldo Daruich, a cinco a\u00f1os de prisi\u00f3n; a Mauricio Collareda, a seis a\u00f1os.<\/p>\n\n\n\n<p><\/p>\n\n\n\n<figure class=\"wp-block-image size-large\"><img data-recalc-dims=\"1\" decoding=\"async\" width=\"1024\" height=\"572\" src=\"https:\/\/i0.wp.com\/elregionalvm.com.ar\/noticias-villa-maria\/wp-content\/uploads\/2022\/08\/Cristina-Kirchner-y-Carlos-Beraldi-.jpg?resize=1024%2C572&#038;ssl=1\" alt=\"\" class=\"wp-image-62809\" srcset=\"https:\/\/i0.wp.com\/elregionalvm.com.ar\/noticias-villa-maria\/wp-content\/uploads\/2022\/08\/Cristina-Kirchner-y-Carlos-Beraldi-.jpg?resize=1024%2C572&amp;ssl=1 1024w, https:\/\/i0.wp.com\/elregionalvm.com.ar\/noticias-villa-maria\/wp-content\/uploads\/2022\/08\/Cristina-Kirchner-y-Carlos-Beraldi-.jpg?resize=300%2C168&amp;ssl=1 300w, https:\/\/i0.wp.com\/elregionalvm.com.ar\/noticias-villa-maria\/wp-content\/uploads\/2022\/08\/Cristina-Kirchner-y-Carlos-Beraldi-.jpg?resize=768%2C429&amp;ssl=1 768w, https:\/\/i0.wp.com\/elregionalvm.com.ar\/noticias-villa-maria\/wp-content\/uploads\/2022\/08\/Cristina-Kirchner-y-Carlos-Beraldi-.jpg?w=1357&amp;ssl=1 1357w\" sizes=\"(max-width: 1000px) 100vw, 1000px\" \/><figcaption><em>Cristina y su abogado Carlos Beiraldi en una audiencia por la causa Vialidad.<\/em><\/figcaption><\/figure>\n\n\n\n<p><\/p>\n\n\n\n<p>Tambi\u00e9n a los expresidentes de la Administraci\u00f3n General de Vialidad de la Provincia de Santa Cruz, H\u00e9ctor Ren\u00e9 Jes\u00fas Garro, a tres a\u00f1os en suspenso; Juan Carlos Villafa\u00f1e, a 6 a\u00f1os de prisi\u00f3n; a Ra\u00fal Gilbeto Pavesi, a cinco a\u00f1os de prisi\u00f3n; y Jos\u00e9 Ra\u00fal Santib\u00e1\u00f1ez, a cuatro a\u00f1os.<\/p>\n\n\n\n<p>\u00abSin justicia no hay orden ni paz social. Hoy la sociedad reclama justicia. Est\u00e1 en sus manos, se\u00f1ores jueces. Una sentencia ejemplar puede constituir el primer paso para que las instituciones recuperen la confianza\u00bb, sostuvo Luciani en otro momento.<\/p>\n\n\n\n<p><strong>La grieta contin\u00faa<\/strong><\/p>\n\n\n\n<p>Mientras un amplio sector de la oposici\u00f3n y una parte de la poblaci\u00f3n esperaban el alegato final de Luciani y celebraban, m\u00e1s tarde, el pedido de condenas contra la supuesta corrupci\u00f3n, desde el propio gobierno y sectores pol\u00edticos, sindicales y sociales afines, se denunciaba una persecuci\u00f3n pol\u00edtica, judicial y medi\u00e1tica en contra de Cristina Fern\u00e1ndez.<\/p>\n\n\n\n<p>\u201cNo estoy ante un tribunal, estoy ante un pelot\u00f3n de fusilamiento medi\u00e1tico-judicial\u201d, expres\u00f3 la vicepresidente en twitter. Y anunciaba que este martes rebatir\u00e1 por la red social los fundamentos esgrimidos por la Fiscal\u00eda.<\/p>\n\n\n\n<p>\u201cQuiere mostrar con claridad que estas supuestas nuevas pruebas y estos hechos que aparecen como novedosos son falsos y va a mostrar una serie de elementos que indiquen, y la gente pueda ver, la manera sesgada en el que se analiz\u00f3 ese tel\u00e9fono de L\u00f3pez\u201d, dijo su abogado Carlos Beraldi a C5N.<\/p>\n\n\n\n<p>Quienes sostienen la inocencia de Cristina Fern\u00e1ndez apuntan que no hay elementos contundentes en la causa para avalar una condena, que se ha recurrido a expedientes de otras causas anteriores, y que todo se trata de una operaci\u00f3n montada para llevarla tras las rejas.<\/p>\n\n\n\n<p>Desde el otro lado, apuntan que las pruebas son m\u00e1s que suficientes para que los jueces decidan en favor del pedido de los fiscales.<\/p>\n\n\n\n<p><\/p>\n\n\n\n<figure class=\"wp-block-image size-large\"><img data-recalc-dims=\"1\" decoding=\"async\" width=\"1024\" height=\"576\" src=\"https:\/\/i0.wp.com\/elregionalvm.com.ar\/noticias-villa-maria\/wp-content\/uploads\/2022\/07\/sergio-massa-alberto-fernandez.jpg?resize=1024%2C576&#038;ssl=1\" alt=\"\" class=\"wp-image-61495\" srcset=\"https:\/\/i0.wp.com\/elregionalvm.com.ar\/noticias-villa-maria\/wp-content\/uploads\/2022\/07\/sergio-massa-alberto-fernandez.jpg?resize=1024%2C576&amp;ssl=1 1024w, https:\/\/i0.wp.com\/elregionalvm.com.ar\/noticias-villa-maria\/wp-content\/uploads\/2022\/07\/sergio-massa-alberto-fernandez.jpg?resize=300%2C169&amp;ssl=1 300w, https:\/\/i0.wp.com\/elregionalvm.com.ar\/noticias-villa-maria\/wp-content\/uploads\/2022\/07\/sergio-massa-alberto-fernandez.jpg?resize=768%2C432&amp;ssl=1 768w, https:\/\/i0.wp.com\/elregionalvm.com.ar\/noticias-villa-maria\/wp-content\/uploads\/2022\/07\/sergio-massa-alberto-fernandez.jpg?resize=1536%2C864&amp;ssl=1 1536w, https:\/\/i0.wp.com\/elregionalvm.com.ar\/noticias-villa-maria\/wp-content\/uploads\/2022\/07\/sergio-massa-alberto-fernandez.jpg?w=1920&amp;ssl=1 1920w\" sizes=\"(max-width: 1000px) 100vw, 1000px\" \/><figcaption><em>Alberto Fern\u00e1ndez y Sergio Massa salieron a respaldar a Cristina. <\/em><\/figcaption><\/figure>\n\n\n\n<p><\/p>\n\n\n\n<p>Justicia independiente o \u201clawfare\u201d es la grieta que separa las miradas sobre la causa judicial que tiene sentada en el banquillo a la vicepresidenta.<\/p>\n\n\n\n<p>Por una parte, se sostiene que una condena ejemplar para castigar la corrupci\u00f3n kirchnerista ser\u00eda producto de un poder judicial independiente que no se deja influir por el poder pol\u00edtico de turno.<\/p>\n\n\n\n<p>Por el otro, acusan que la Justicia es en verdad un \u201cpartido judicial\u201d permeable a los intereses del poder real que busca, mediante el llamado \u201clawfare\u201d, la persecuci\u00f3n pol\u00edtica contra Cristina &amp; C\u00eda. y su consecuente condena a prisi\u00f3n. Del mismo modo que ocurri\u00f3 en otros pa\u00edses de la regi\u00f3n como Brasil, Bolivia o Ecuador.<\/p>\n\n\n\n<p>Vale decir que, aunque en Argentina existe la divisi\u00f3n de poderes desde un punto de vista institucional, esta proclamada separaci\u00f3n no se condice siempre con la realidad. La influencia, injerencia, intromisi\u00f3n y presiones contra la Justicia por parte del poder pol\u00edtico y econ\u00f3mico son moneda corriente.<\/p>\n\n\n\n<p>Lo m\u00e1s saludable, le pese a quien le pese, ser\u00eda un juicio justo para cualquier ciudadano argentino m\u00e1s all\u00e1 de su nombre y poder. Si las pruebas concluyeran que Cristina Fern\u00e1ndez debe ser condenada, \u00bfpor qu\u00e9 no? Si ocurriera lo contrario, \u00bfpor qu\u00e9 s\u00ed?<\/p>\n\n\n\n<p>Respecto de la tan mentada \u201cproscripci\u00f3n\u201d de Cristina denunciada por el kirchnerismo y sectores afines a partir del desarrollo del juicio, la vicepresidenta podr\u00eda postularse para un cargo electivo sin mayores problemas.<\/p>\n\n\n\n<p>El veredicto se conocer\u00eda reci\u00e9n hacia finales de 2022 y, si el Tribunal decidiera condenarla por los delitos que se le endilgan, podr\u00edan pasar a\u00f1os hasta que el fallo quede firme. Por lo que no solo no ir\u00eda a la c\u00e1rcel en caso de corresponderle; tampoco quedar\u00eda inhabilitada para ocupar cargos p\u00fablicos.<\/p>\n\n\n\n<p>De todas maneras, una condena sentar\u00eda un precedente hist\u00f3rico. Refrescante para quienes avalan la tesis de la matriz de corrupci\u00f3n K y peligroso para quienes sostienen la inocencia de la expresidenta y temen una estocada paralizante contra la esencia del proyecto denominado nacional y popular.<\/p>\n\n\n\n<p><\/p>\n\n\n\n<p><\/p>\n\n\n\n<figure class=\"wp-block-embed is-type-wp-embed is-provider-el-regional wp-block-embed-el-regional\"><div class=\"wp-block-embed__wrapper\">\n<blockquote class=\"wp-embedded-content\" data-secret=\"CMgLw22MTk\"><a href=\"https:\/\/elregionalvm.com.ar\/noticias-villa-maria\/gill-y-otros-intendentes-de-la-region-entre-los-509-mandatarios-que-respaldan-a-cristina-en-el-juicio\/\">Gill y otros intendentes de la regi\u00f3n, entre los 509 mandatarios que respaldan a Cristina en el juicio<\/a><\/blockquote><iframe class=\"wp-embedded-content\" sandbox=\"allow-scripts\" security=\"restricted\" style=\"position: absolute; clip: rect(1px, 1px, 1px, 1px);\" title=\"\u00abGill y otros intendentes de la regi\u00f3n, entre los 509 mandatarios que respaldan a Cristina en el juicio\u00bb \u2014 El Regional\" src=\"https:\/\/elregionalvm.com.ar\/noticias-villa-maria\/gill-y-otros-intendentes-de-la-region-entre-los-509-mandatarios-que-respaldan-a-cristina-en-el-juicio\/embed\/#?secret=SpCc7EKpF4#?secret=CMgLw22MTk\" data-secret=\"CMgLw22MTk\" width=\"500\" height=\"282\" frameborder=\"0\" marginwidth=\"0\" marginheight=\"0\" scrolling=\"no\"><\/iframe>\n<\/div><\/figure>\n","protected":false},"excerpt":{"rendered":"<p>El fiscal Diego Luciani pidi\u00f3 que la vicepresidenta Cristina Kirchner sea condenada a una pena de prisi\u00f3n efectiva de 12 a\u00f1os e inhabilitada de por vida para ejercer cargos p\u00fablicos. Adem\u00e1s, solicit\u00f3 en el alegato final que se le decomise la suma de al menos 5.321 millones de pesos, a ser prorrateados entre todos los [&hellip;]<\/p>\n","protected":false},"author":6,"featured_media":62806,"comment_status":"open","ping_status":"open","sticky":false,"template":"","format":"standard","meta":{"site-sidebar-layout":"default","site-content-layout":"","ast-site-content-layout":"default","site-content-style":"default","site-sidebar-style":"default","ast-global-header-display":"","ast-banner-title-visibility":"","ast-main-header-display":"","ast-hfb-above-header-display":"","ast-hfb-below-header-display":"","ast-hfb-mobile-header-display":"","site-post-title":"","ast-breadcrumbs-content":"","ast-featured-img":"","footer-sml-layout":"","ast-disable-related-posts":"","theme-transparent-header-meta":"","adv-header-id-meta":"","stick-header-meta":"","header-above-stick-meta":"","header-main-stick-meta":"","header-below-stick-meta":"","astra-migrate-meta-layouts":"default","ast-page-background-enabled":"default","ast-page-background-meta":{"desktop":{"background-color":"","background-image":"","background-repeat":"repeat","background-position":"center center","background-size":"auto","background-attachment":"scroll","background-type":"","background-media":"","overlay-type":"","overlay-color":"","overlay-opacity":"","overlay-gradient":""},"tablet":{"background-color":"","background-image":"","background-repeat":"repeat","background-position":"center center","background-size":"auto","background-attachment":"scroll","background-type":"","background-media":"","overlay-type":"","overlay-color":"","overlay-opacity":"","overlay-gradient":""},"mobile":{"background-color":"","background-image":"","background-repeat":"repeat","background-position":"center center","background-size":"auto","background-attachment":"scroll","background-type":"","background-media":"","overlay-type":"","overlay-color":"","overlay-opacity":"","overlay-gradient":""}},"ast-content-background-meta":{"desktop":{"background-color":"var(--ast-global-color-5)","background-image":"","background-repeat":"repeat","background-position":"center center","background-size":"auto","background-attachment":"scroll","background-type":"","background-media":"","overlay-type":"","overlay-color":"","overlay-opacity":"","overlay-gradient":""},"tablet":{"background-color":"var(--ast-global-color-5)","background-image":"","background-repeat":"repeat","background-position":"center center","background-size":"auto","background-attachment":"scroll","background-type":"","background-media":"","overlay-type":"","overlay-color":"","overlay-opacity":"","overlay-gradient":""},"mobile":{"background-color":"var(--ast-global-color-5)","background-image":"","background-repeat":"repeat","background-position":"center center","background-size":"auto","background-attachment":"scroll","background-type":"","background-media":"","overlay-type":"","overlay-color":"","overlay-opacity":"","overlay-gradient":""}},"_jetpack_memberships_contains_paid_content":false,"_joinchat":[],"footnotes":""},"categories":[2089,3557],"tags":[17507,3538,1319,546,17104,877,99,15520,2385,2531,44,7480,3537],"class_list":["post-62804","post","type-post","status-publish","format-standard","has-post-thumbnail","hentry","category-politica","category-tercera","tag-causa-vialidad","tag-condena","tag-corrupcion","tag-cristina-fernandez","tag-fiscal-luciani","tag-grieta","tag-justicia","tag-lazaro-baez","tag-medios","tag-persecucion","tag-poder","tag-poder-judicial","tag-prision"],"yoast_head":"<!-- This site is optimized with the Yoast SEO plugin v26.8 - https:\/\/yoast.com\/product\/yoast-seo-wordpress\/ -->\n<title>Cristina en el banquillo: \u00bfJefa de la \u201cmatriz de corrupci\u00f3n\u201d o v\u00edctima del \u201cpelot\u00f3n de fusilamiento\u201d? - El Regional<\/title>\n<meta name=\"robots\" content=\"index, follow, max-snippet:-1, max-image-preview:large, max-video-preview:-1\" \/>\n<link rel=\"canonical\" href=\"http:\/\/elregionalvm.com.ar\/noticias-villa-maria\/cristina-en-el-banquillo-jefa-de-la-matriz-de-corrupcion-o-victima-del-peloton-de-fusilamiento\/\" \/>\n<meta property=\"og:locale\" content=\"es_ES\" \/>\n<meta property=\"og:type\" content=\"article\" \/>\n<meta property=\"og:title\" content=\"Cristina en el banquillo: \u00bfJefa de la \u201cmatriz de corrupci\u00f3n\u201d o v\u00edctima del \u201cpelot\u00f3n de fusilamiento\u201d? - El Regional\" \/>\n<meta property=\"og:description\" content=\"El fiscal Diego Luciani pidi\u00f3 que la vicepresidenta Cristina Kirchner sea condenada a una pena de prisi\u00f3n efectiva de 12 a\u00f1os e inhabilitada de por vida para ejercer cargos p\u00fablicos. Adem\u00e1s, solicit\u00f3 en el alegato final que se le decomise la suma de al menos 5.321 millones de pesos, a ser prorrateados entre todos los [&hellip;]\" \/>\n<meta property=\"og:url\" content=\"http:\/\/elregionalvm.com.ar\/noticias-villa-maria\/cristina-en-el-banquillo-jefa-de-la-matriz-de-corrupcion-o-victima-del-peloton-de-fusilamiento\/\" \/>\n<meta property=\"og:site_name\" content=\"El Regional\" \/>\n<meta property=\"article:publisher\" content=\"https:\/\/www.facebook.com\/elregionalvm\" \/>\n<meta property=\"article:published_time\" content=\"2022-08-23T04:09:23+00:00\" \/>\n<meta property=\"article:modified_time\" content=\"2022-08-25T19:10:32+00:00\" \/>\n<meta property=\"og:image\" content=\"http:\/\/elregionalvm.com.ar\/noticias-villa-maria\/wp-content\/uploads\/2022\/08\/Cristina-escritorio-vertical.jpg\" \/>\n\t<meta property=\"og:image:width\" content=\"815\" \/>\n\t<meta property=\"og:image:height\" content=\"1077\" \/>\n\t<meta property=\"og:image:type\" content=\"image\/jpeg\" \/>\n<meta name=\"author\" content=\"Germ\u00e1n Giacchero\" \/>\n<meta name=\"twitter:card\" content=\"summary_large_image\" \/>\n<meta name=\"twitter:creator\" content=\"@elregionalvm1\" \/>\n<meta name=\"twitter:site\" content=\"@elregionalvm1\" \/>\n<meta name=\"twitter:label1\" content=\"Escrito por\" \/>\n\t<meta name=\"twitter:data1\" content=\"Germ\u00e1n Giacchero\" \/>\n\t<meta name=\"twitter:label2\" content=\"Tiempo de lectura\" \/>\n\t<meta name=\"twitter:data2\" content=\"6 minutos\" \/>\n<script type=\"application\/ld+json\" class=\"yoast-schema-graph\">{\"@context\":\"https:\/\/schema.org\",\"@graph\":[{\"@type\":\"Article\",\"@id\":\"http:\/\/elregionalvm.com.ar\/noticias-villa-maria\/cristina-en-el-banquillo-jefa-de-la-matriz-de-corrupcion-o-victima-del-peloton-de-fusilamiento\/#article\",\"isPartOf\":{\"@id\":\"http:\/\/elregionalvm.com.ar\/noticias-villa-maria\/cristina-en-el-banquillo-jefa-de-la-matriz-de-corrupcion-o-victima-del-peloton-de-fusilamiento\/\"},\"author\":{\"name\":\"Germ\u00e1n Giacchero\",\"@id\":\"http:\/\/elregionalvm.com.ar\/noticias-villa-maria\/#\/schema\/person\/d5e4b04966154131701e52c45d3efec9\"},\"headline\":\"Cristina en el banquillo: \u00bfJefa de la \u201cmatriz de corrupci\u00f3n\u201d o v\u00edctima del \u201cpelot\u00f3n de fusilamiento\u201d?\",\"datePublished\":\"2022-08-23T04:09:23+00:00\",\"dateModified\":\"2022-08-25T19:10:32+00:00\",\"mainEntityOfPage\":{\"@id\":\"http:\/\/elregionalvm.com.ar\/noticias-villa-maria\/cristina-en-el-banquillo-jefa-de-la-matriz-de-corrupcion-o-victima-del-peloton-de-fusilamiento\/\"},\"wordCount\":1175,\"commentCount\":0,\"image\":{\"@id\":\"http:\/\/elregionalvm.com.ar\/noticias-villa-maria\/cristina-en-el-banquillo-jefa-de-la-matriz-de-corrupcion-o-victima-del-peloton-de-fusilamiento\/#primaryimage\"},\"thumbnailUrl\":\"https:\/\/i0.wp.com\/elregionalvm.com.ar\/noticias-villa-maria\/wp-content\/uploads\/2022\/08\/Cristina-escritorio-vertical.jpg?fit=815%2C1077&ssl=1\",\"keywords\":[\"causa vialidad\",\"condena\",\"corrupci\u00f3n\",\"Cristina Fern\u00e1ndez\",\"fiscal Luciani\",\"grieta\",\"Justicia\",\"L\u00e1zaro B\u00e1ez\",\"medios\",\"Persecuci\u00f3n\",\"poder\",\"Poder Judicial\",\"prisi\u00f3n\"],\"articleSection\":[\"Pol\u00edtica\",\"tercera\"],\"inLanguage\":\"es\",\"potentialAction\":[{\"@type\":\"CommentAction\",\"name\":\"Comment\",\"target\":[\"http:\/\/elregionalvm.com.ar\/noticias-villa-maria\/cristina-en-el-banquillo-jefa-de-la-matriz-de-corrupcion-o-victima-del-peloton-de-fusilamiento\/#respond\"]}]},{\"@type\":\"WebPage\",\"@id\":\"http:\/\/elregionalvm.com.ar\/noticias-villa-maria\/cristina-en-el-banquillo-jefa-de-la-matriz-de-corrupcion-o-victima-del-peloton-de-fusilamiento\/\",\"url\":\"http:\/\/elregionalvm.com.ar\/noticias-villa-maria\/cristina-en-el-banquillo-jefa-de-la-matriz-de-corrupcion-o-victima-del-peloton-de-fusilamiento\/\",\"name\":\"Cristina en el banquillo: \u00bfJefa de la \u201cmatriz de corrupci\u00f3n\u201d o v\u00edctima del \u201cpelot\u00f3n de fusilamiento\u201d? - El Regional\",\"isPartOf\":{\"@id\":\"http:\/\/elregionalvm.com.ar\/noticias-villa-maria\/#website\"},\"primaryImageOfPage\":{\"@id\":\"http:\/\/elregionalvm.com.ar\/noticias-villa-maria\/cristina-en-el-banquillo-jefa-de-la-matriz-de-corrupcion-o-victima-del-peloton-de-fusilamiento\/#primaryimage\"},\"image\":{\"@id\":\"http:\/\/elregionalvm.com.ar\/noticias-villa-maria\/cristina-en-el-banquillo-jefa-de-la-matriz-de-corrupcion-o-victima-del-peloton-de-fusilamiento\/#primaryimage\"},\"thumbnailUrl\":\"https:\/\/i0.wp.com\/elregionalvm.com.ar\/noticias-villa-maria\/wp-content\/uploads\/2022\/08\/Cristina-escritorio-vertical.jpg?fit=815%2C1077&ssl=1\",\"datePublished\":\"2022-08-23T04:09:23+00:00\",\"dateModified\":\"2022-08-25T19:10:32+00:00\",\"author\":{\"@id\":\"http:\/\/elregionalvm.com.ar\/noticias-villa-maria\/#\/schema\/person\/d5e4b04966154131701e52c45d3efec9\"},\"breadcrumb\":{\"@id\":\"http:\/\/elregionalvm.com.ar\/noticias-villa-maria\/cristina-en-el-banquillo-jefa-de-la-matriz-de-corrupcion-o-victima-del-peloton-de-fusilamiento\/#breadcrumb\"},\"inLanguage\":\"es\",\"potentialAction\":[{\"@type\":\"ReadAction\",\"target\":[\"http:\/\/elregionalvm.com.ar\/noticias-villa-maria\/cristina-en-el-banquillo-jefa-de-la-matriz-de-corrupcion-o-victima-del-peloton-de-fusilamiento\/\"]}]},{\"@type\":\"ImageObject\",\"inLanguage\":\"es\",\"@id\":\"http:\/\/elregionalvm.com.ar\/noticias-villa-maria\/cristina-en-el-banquillo-jefa-de-la-matriz-de-corrupcion-o-victima-del-peloton-de-fusilamiento\/#primaryimage\",\"url\":\"https:\/\/i0.wp.com\/elregionalvm.com.ar\/noticias-villa-maria\/wp-content\/uploads\/2022\/08\/Cristina-escritorio-vertical.jpg?fit=815%2C1077&ssl=1\",\"contentUrl\":\"https:\/\/i0.wp.com\/elregionalvm.com.ar\/noticias-villa-maria\/wp-content\/uploads\/2022\/08\/Cristina-escritorio-vertical.jpg?fit=815%2C1077&ssl=1\",\"width\":815,\"height\":1077},{\"@type\":\"BreadcrumbList\",\"@id\":\"http:\/\/elregionalvm.com.ar\/noticias-villa-maria\/cristina-en-el-banquillo-jefa-de-la-matriz-de-corrupcion-o-victima-del-peloton-de-fusilamiento\/#breadcrumb\",\"itemListElement\":[{\"@type\":\"ListItem\",\"position\":1,\"name\":\"Portada\",\"item\":\"https:\/\/elregionalvm.com.ar\/noticias-villa-maria\/\"},{\"@type\":\"ListItem\",\"position\":2,\"name\":\"Cristina en el banquillo: \u00bfJefa de la \u201cmatriz de corrupci\u00f3n\u201d o v\u00edctima del \u201cpelot\u00f3n de fusilamiento\u201d?\"}]},{\"@type\":\"WebSite\",\"@id\":\"http:\/\/elregionalvm.com.ar\/noticias-villa-maria\/#website\",\"url\":\"http:\/\/elregionalvm.com.ar\/noticias-villa-maria\/\",\"name\":\"El Regional\",\"description\":\"Mucho m\u00e1s que informaci\u00f3n\",\"potentialAction\":[{\"@type\":\"SearchAction\",\"target\":{\"@type\":\"EntryPoint\",\"urlTemplate\":\"http:\/\/elregionalvm.com.ar\/noticias-villa-maria\/?s={search_term_string}\"},\"query-input\":{\"@type\":\"PropertyValueSpecification\",\"valueRequired\":true,\"valueName\":\"search_term_string\"}}],\"inLanguage\":\"es\"},{\"@type\":\"Person\",\"@id\":\"http:\/\/elregionalvm.com.ar\/noticias-villa-maria\/#\/schema\/person\/d5e4b04966154131701e52c45d3efec9\",\"name\":\"Germ\u00e1n Giacchero\",\"image\":{\"@type\":\"ImageObject\",\"inLanguage\":\"es\",\"@id\":\"http:\/\/elregionalvm.com.ar\/noticias-villa-maria\/#\/schema\/person\/image\/\",\"url\":\"https:\/\/secure.gravatar.com\/avatar\/fda163ba5ef0307ee5be9846e10f83b6e83d0cfb260d3b2464830318894c6b04?s=96&d=mm&r=g\",\"contentUrl\":\"https:\/\/secure.gravatar.com\/avatar\/fda163ba5ef0307ee5be9846e10f83b6e83d0cfb260d3b2464830318894c6b04?s=96&d=mm&r=g\",\"caption\":\"Germ\u00e1n Giacchero\"},\"url\":\"https:\/\/elregionalvm.com.ar\/noticias-villa-maria\/author\/germangiacchero\/\"}]}<\/script>\n<!-- \/ Yoast SEO plugin. -->","yoast_head_json":{"title":"Cristina en el banquillo: \u00bfJefa de la \u201cmatriz de corrupci\u00f3n\u201d o v\u00edctima del \u201cpelot\u00f3n de fusilamiento\u201d? - El Regional","robots":{"index":"index","follow":"follow","max-snippet":"max-snippet:-1","max-image-preview":"max-image-preview:large","max-video-preview":"max-video-preview:-1"},"canonical":"http:\/\/elregionalvm.com.ar\/noticias-villa-maria\/cristina-en-el-banquillo-jefa-de-la-matriz-de-corrupcion-o-victima-del-peloton-de-fusilamiento\/","og_locale":"es_ES","og_type":"article","og_title":"Cristina en el banquillo: \u00bfJefa de la \u201cmatriz de corrupci\u00f3n\u201d o v\u00edctima del \u201cpelot\u00f3n de fusilamiento\u201d? - El Regional","og_description":"El fiscal Diego Luciani pidi\u00f3 que la vicepresidenta Cristina Kirchner sea condenada a una pena de prisi\u00f3n efectiva de 12 a\u00f1os e inhabilitada de por vida para ejercer cargos p\u00fablicos. Adem\u00e1s, solicit\u00f3 en el alegato final que se le decomise la suma de al menos 5.321 millones de pesos, a ser prorrateados entre todos los [&hellip;]","og_url":"http:\/\/elregionalvm.com.ar\/noticias-villa-maria\/cristina-en-el-banquillo-jefa-de-la-matriz-de-corrupcion-o-victima-del-peloton-de-fusilamiento\/","og_site_name":"El Regional","article_publisher":"https:\/\/www.facebook.com\/elregionalvm","article_published_time":"2022-08-23T04:09:23+00:00","article_modified_time":"2022-08-25T19:10:32+00:00","og_image":[{"width":815,"height":1077,"url":"http:\/\/elregionalvm.com.ar\/noticias-villa-maria\/wp-content\/uploads\/2022\/08\/Cristina-escritorio-vertical.jpg","type":"image\/jpeg"}],"author":"Germ\u00e1n Giacchero","twitter_card":"summary_large_image","twitter_creator":"@elregionalvm1","twitter_site":"@elregionalvm1","twitter_misc":{"Escrito por":"Germ\u00e1n Giacchero","Tiempo de lectura":"6 minutos"},"schema":{"@context":"https:\/\/schema.org","@graph":[{"@type":"Article","@id":"http:\/\/elregionalvm.com.ar\/noticias-villa-maria\/cristina-en-el-banquillo-jefa-de-la-matriz-de-corrupcion-o-victima-del-peloton-de-fusilamiento\/#article","isPartOf":{"@id":"http:\/\/elregionalvm.com.ar\/noticias-villa-maria\/cristina-en-el-banquillo-jefa-de-la-matriz-de-corrupcion-o-victima-del-peloton-de-fusilamiento\/"},"author":{"name":"Germ\u00e1n Giacchero","@id":"http:\/\/elregionalvm.com.ar\/noticias-villa-maria\/#\/schema\/person\/d5e4b04966154131701e52c45d3efec9"},"headline":"Cristina en el banquillo: \u00bfJefa de la \u201cmatriz de corrupci\u00f3n\u201d o v\u00edctima del \u201cpelot\u00f3n de fusilamiento\u201d?","datePublished":"2022-08-23T04:09:23+00:00","dateModified":"2022-08-25T19:10:32+00:00","mainEntityOfPage":{"@id":"http:\/\/elregionalvm.com.ar\/noticias-villa-maria\/cristina-en-el-banquillo-jefa-de-la-matriz-de-corrupcion-o-victima-del-peloton-de-fusilamiento\/"},"wordCount":1175,"commentCount":0,"image":{"@id":"http:\/\/elregionalvm.com.ar\/noticias-villa-maria\/cristina-en-el-banquillo-jefa-de-la-matriz-de-corrupcion-o-victima-del-peloton-de-fusilamiento\/#primaryimage"},"thumbnailUrl":"https:\/\/i0.wp.com\/elregionalvm.com.ar\/noticias-villa-maria\/wp-content\/uploads\/2022\/08\/Cristina-escritorio-vertical.jpg?fit=815%2C1077&ssl=1","keywords":["causa vialidad","condena","corrupci\u00f3n","Cristina Fern\u00e1ndez","fiscal Luciani","grieta","Justicia","L\u00e1zaro B\u00e1ez","medios","Persecuci\u00f3n","poder","Poder Judicial","prisi\u00f3n"],"articleSection":["Pol\u00edtica","tercera"],"inLanguage":"es","potentialAction":[{"@type":"CommentAction","name":"Comment","target":["http:\/\/elregionalvm.com.ar\/noticias-villa-maria\/cristina-en-el-banquillo-jefa-de-la-matriz-de-corrupcion-o-victima-del-peloton-de-fusilamiento\/#respond"]}]},{"@type":"WebPage","@id":"http:\/\/elregionalvm.com.ar\/noticias-villa-maria\/cristina-en-el-banquillo-jefa-de-la-matriz-de-corrupcion-o-victima-del-peloton-de-fusilamiento\/","url":"http:\/\/elregionalvm.com.ar\/noticias-villa-maria\/cristina-en-el-banquillo-jefa-de-la-matriz-de-corrupcion-o-victima-del-peloton-de-fusilamiento\/","name":"Cristina en el banquillo: \u00bfJefa de la \u201cmatriz de corrupci\u00f3n\u201d o v\u00edctima del \u201cpelot\u00f3n de fusilamiento\u201d? - El Regional","isPartOf":{"@id":"http:\/\/elregionalvm.com.ar\/noticias-villa-maria\/#website"},"primaryImageOfPage":{"@id":"http:\/\/elregionalvm.com.ar\/noticias-villa-maria\/cristina-en-el-banquillo-jefa-de-la-matriz-de-corrupcion-o-victima-del-peloton-de-fusilamiento\/#primaryimage"},"image":{"@id":"http:\/\/elregionalvm.com.ar\/noticias-villa-maria\/cristina-en-el-banquillo-jefa-de-la-matriz-de-corrupcion-o-victima-del-peloton-de-fusilamiento\/#primaryimage"},"thumbnailUrl":"https:\/\/i0.wp.com\/elregionalvm.com.ar\/noticias-villa-maria\/wp-content\/uploads\/2022\/08\/Cristina-escritorio-vertical.jpg?fit=815%2C1077&ssl=1","datePublished":"2022-08-23T04:09:23+00:00","dateModified":"2022-08-25T19:10:32+00:00","author":{"@id":"http:\/\/elregionalvm.com.ar\/noticias-villa-maria\/#\/schema\/person\/d5e4b04966154131701e52c45d3efec9"},"breadcrumb":{"@id":"http:\/\/elregionalvm.com.ar\/noticias-villa-maria\/cristina-en-el-banquillo-jefa-de-la-matriz-de-corrupcion-o-victima-del-peloton-de-fusilamiento\/#breadcrumb"},"inLanguage":"es","potentialAction":[{"@type":"ReadAction","target":["http:\/\/elregionalvm.com.ar\/noticias-villa-maria\/cristina-en-el-banquillo-jefa-de-la-matriz-de-corrupcion-o-victima-del-peloton-de-fusilamiento\/"]}]},{"@type":"ImageObject","inLanguage":"es","@id":"http:\/\/elregionalvm.com.ar\/noticias-villa-maria\/cristina-en-el-banquillo-jefa-de-la-matriz-de-corrupcion-o-victima-del-peloton-de-fusilamiento\/#primaryimage","url":"https:\/\/i0.wp.com\/elregionalvm.com.ar\/noticias-villa-maria\/wp-content\/uploads\/2022\/08\/Cristina-escritorio-vertical.jpg?fit=815%2C1077&ssl=1","contentUrl":"https:\/\/i0.wp.com\/elregionalvm.com.ar\/noticias-villa-maria\/wp-content\/uploads\/2022\/08\/Cristina-escritorio-vertical.jpg?fit=815%2C1077&ssl=1","width":815,"height":1077},{"@type":"BreadcrumbList","@id":"http:\/\/elregionalvm.com.ar\/noticias-villa-maria\/cristina-en-el-banquillo-jefa-de-la-matriz-de-corrupcion-o-victima-del-peloton-de-fusilamiento\/#breadcrumb","itemListElement":[{"@type":"ListItem","position":1,"name":"Portada","item":"https:\/\/elregionalvm.com.ar\/noticias-villa-maria\/"},{"@type":"ListItem","position":2,"name":"Cristina en el banquillo: \u00bfJefa de la \u201cmatriz de corrupci\u00f3n\u201d o v\u00edctima del \u201cpelot\u00f3n de fusilamiento\u201d?"}]},{"@type":"WebSite","@id":"http:\/\/elregionalvm.com.ar\/noticias-villa-maria\/#website","url":"http:\/\/elregionalvm.com.ar\/noticias-villa-maria\/","name":"El Regional","description":"Mucho m\u00e1s que informaci\u00f3n","potentialAction":[{"@type":"SearchAction","target":{"@type":"EntryPoint","urlTemplate":"http:\/\/elregionalvm.com.ar\/noticias-villa-maria\/?s={search_term_string}"},"query-input":{"@type":"PropertyValueSpecification","valueRequired":true,"valueName":"search_term_string"}}],"inLanguage":"es"},{"@type":"Person","@id":"http:\/\/elregionalvm.com.ar\/noticias-villa-maria\/#\/schema\/person\/d5e4b04966154131701e52c45d3efec9","name":"Germ\u00e1n Giacchero","image":{"@type":"ImageObject","inLanguage":"es","@id":"http:\/\/elregionalvm.com.ar\/noticias-villa-maria\/#\/schema\/person\/image\/","url":"https:\/\/secure.gravatar.com\/avatar\/fda163ba5ef0307ee5be9846e10f83b6e83d0cfb260d3b2464830318894c6b04?s=96&d=mm&r=g","contentUrl":"https:\/\/secure.gravatar.com\/avatar\/fda163ba5ef0307ee5be9846e10f83b6e83d0cfb260d3b2464830318894c6b04?s=96&d=mm&r=g","caption":"Germ\u00e1n Giacchero"},"url":"https:\/\/elregionalvm.com.ar\/noticias-villa-maria\/author\/germangiacchero\/"}]}},"jetpack_featured_media_url":"https:\/\/i0.wp.com\/elregionalvm.com.ar\/noticias-villa-maria\/wp-content\/uploads\/2022\/08\/Cristina-escritorio-vertical.jpg?fit=815%2C1077&ssl=1","jetpack_sharing_enabled":true,"_links":{"self":[{"href":"https:\/\/elregionalvm.com.ar\/noticias-villa-maria\/wp-json\/wp\/v2\/posts\/62804","targetHints":{"allow":["GET"]}}],"collection":[{"href":"https:\/\/elregionalvm.com.ar\/noticias-villa-maria\/wp-json\/wp\/v2\/posts"}],"about":[{"href":"https:\/\/elregionalvm.com.ar\/noticias-villa-maria\/wp-json\/wp\/v2\/types\/post"}],"author":[{"embeddable":true,"href":"https:\/\/elregionalvm.com.ar\/noticias-villa-maria\/wp-json\/wp\/v2\/users\/6"}],"replies":[{"embeddable":true,"href":"https:\/\/elregionalvm.com.ar\/noticias-villa-maria\/wp-json\/wp\/v2\/comments?post=62804"}],"version-history":[{"count":4,"href":"https:\/\/elregionalvm.com.ar\/noticias-villa-maria\/wp-json\/wp\/v2\/posts\/62804\/revisions"}],"predecessor-version":[{"id":62821,"href":"https:\/\/elregionalvm.com.ar\/noticias-villa-maria\/wp-json\/wp\/v2\/posts\/62804\/revisions\/62821"}],"wp:featuredmedia":[{"embeddable":true,"href":"https:\/\/elregionalvm.com.ar\/noticias-villa-maria\/wp-json\/wp\/v2\/media\/62806"}],"wp:attachment":[{"href":"https:\/\/elregionalvm.com.ar\/noticias-villa-maria\/wp-json\/wp\/v2\/media?parent=62804"}],"wp:term":[{"taxonomy":"category","embeddable":true,"href":"https:\/\/elregionalvm.com.ar\/noticias-villa-maria\/wp-json\/wp\/v2\/categories?post=62804"},{"taxonomy":"post_tag","embeddable":true,"href":"https:\/\/elregionalvm.com.ar\/noticias-villa-maria\/wp-json\/wp\/v2\/tags?post=62804"}],"curies":[{"name":"wp","href":"https:\/\/api.w.org\/{rel}","templated":true}]}}