{"id":62813,"date":"2022-08-23T10:58:33","date_gmt":"2022-08-23T10:58:33","guid":{"rendered":"https:\/\/elregionalvm.com.ar\/noticias-villa-maria\/?p=62813"},"modified":"2022-08-23T10:59:34","modified_gmt":"2022-08-23T10:59:34","slug":"donaron-mas-de-30-cuchas-a-una-protectora-de-animales","status":"publish","type":"post","link":"https:\/\/elregionalvm.com.ar\/noticias-villa-maria\/donaron-mas-de-30-cuchas-a-una-protectora-de-animales\/","title":{"rendered":"Donaron m\u00e1s de 30 cuchas a una Protectora de animales"},"content":{"rendered":"\n<h3 class=\"wp-block-heading\">Se trata de la Protectora de animales Sarmiento, ubicada en la calle Intendente Poretti al 1300 en Barrio Felipe Botta de Villa Mar\u00eda. <\/h3>\n\n\n\n<p><\/p>\n\n\n\n<p>All\u00ed fueron recibidos por <strong>Pablo Enrique Vera,<\/strong> quien es el actual presidente y sostiene la asociaci\u00f3n a trav\u00e9s de una cuota social de eventos que organizan frecuentemente y de donaciones privadas. Actualmente tienen m\u00e1s de 200 animales en el lugar.<\/p>\n\n\n\n<figure class=\"wp-block-image size-full\"><img data-recalc-dims=\"1\" fetchpriority=\"high\" decoding=\"async\" width=\"850\" height=\"557\" src=\"https:\/\/i0.wp.com\/elregionalvm.com.ar\/noticias-villa-maria\/wp-content\/uploads\/2022\/08\/donacion-cuchas04.jpg?resize=850%2C557&#038;ssl=1\" alt=\"\" class=\"wp-image-62817\" srcset=\"https:\/\/i0.wp.com\/elregionalvm.com.ar\/noticias-villa-maria\/wp-content\/uploads\/2022\/08\/donacion-cuchas04.jpg?w=850&amp;ssl=1 850w, https:\/\/i0.wp.com\/elregionalvm.com.ar\/noticias-villa-maria\/wp-content\/uploads\/2022\/08\/donacion-cuchas04.jpg?resize=300%2C197&amp;ssl=1 300w, https:\/\/i0.wp.com\/elregionalvm.com.ar\/noticias-villa-maria\/wp-content\/uploads\/2022\/08\/donacion-cuchas04.jpg?resize=768%2C503&amp;ssl=1 768w\" sizes=\"(max-width: 850px) 100vw, 850px\" \/><\/figure>\n\n\n\n<p>En una primera instancia,<strong> la legisladora departamental Adela Guirardelli <\/strong>visit\u00f3 el espacio donde funciona la protectora y conoci\u00f3 a Pablo y Mara, quien colabora tambi\u00e9n de manera voluntaria en todas las tareas diarias. En este lugar conoci\u00f3 la realidad, las dificultades y la gran problem\u00e1tica que existe con los animales abandonados. D\u00edas despu\u00e9s se acerc\u00f3 nuevamente a la protectora, pero esta vez para hacer entrega de 12 bolsas de alimento balanceado y varias cajas de pipetas para la salud de los animales.<\/p>\n\n\n\n<p><\/p>\n\n\n\n<figure class=\"wp-block-image size-full\"><img data-recalc-dims=\"1\" decoding=\"async\" width=\"850\" height=\"638\" src=\"https:\/\/i0.wp.com\/elregionalvm.com.ar\/noticias-villa-maria\/wp-content\/uploads\/2022\/08\/donacion-cuchas01.jpg?resize=850%2C638&#038;ssl=1\" alt=\"\" class=\"wp-image-62816\" srcset=\"https:\/\/i0.wp.com\/elregionalvm.com.ar\/noticias-villa-maria\/wp-content\/uploads\/2022\/08\/donacion-cuchas01.jpg?w=850&amp;ssl=1 850w, https:\/\/i0.wp.com\/elregionalvm.com.ar\/noticias-villa-maria\/wp-content\/uploads\/2022\/08\/donacion-cuchas01.jpg?resize=300%2C225&amp;ssl=1 300w, https:\/\/i0.wp.com\/elregionalvm.com.ar\/noticias-villa-maria\/wp-content\/uploads\/2022\/08\/donacion-cuchas01.jpg?resize=768%2C576&amp;ssl=1 768w\" sizes=\"(max-width: 850px) 100vw, 850px\" \/><\/figure>\n\n\n\n<p><strong>A este compromiso se sumaron posteriormente m\u00e1s de 15 mujeres y j\u00f3venes que conforman el espacio de Hacemos por C\u00f3rdoba &#8211; Villa Mar\u00eda<\/strong> que se ocuparon de conseguir telas, bolsas de caf\u00e9 para almohadas, camas y cuchas para la protectora.<\/p>\n\n\n\n<p>Tambi\u00e9n se puso a disposici\u00f3n a una contadora para poder ayudarles en las cuestiones administrativas de la asociaci\u00f3n.<\/p>\n\n\n\n<p><em>\u201cEl trabajo desinteresado que se lleva a cabo en este espacio es realmente admirable y espero que el aporte que les realizamos a trav\u00e9s de la Legislatura en alimento balanceado y las pipetas, como tambi\u00e9n el trabajo de nuestras compa\u00f1eras y j\u00f3venes en la elaboraci\u00f3n a mano de las cuchas puedan ser \u00fatil para fortalecer su funcionamiento. Estamos muy felices de poder aportar nuestro granito de arena, pero tambi\u00e9n sabemos que hay mucho por hacer y concientizar, invitamos a toda la comunidad que quiera colaborar a sumarse.\u201d<\/em> mencion\u00f3 al finalizar la jornada la legisladora Adela Guirardelli.<\/p>\n","protected":false},"excerpt":{"rendered":"<p>Se trata de la Protectora de animales Sarmiento, ubicada en la calle Intendente Poretti al 1300 en Barrio Felipe Botta de Villa Mar\u00eda. All\u00ed fueron recibidos por Pablo Enrique Vera, quien es el actual presidente y sostiene la asociaci\u00f3n a trav\u00e9s de una cuota social de eventos que organizan frecuentemente y de donaciones privadas. Actualmente [&hellip;]<\/p>\n","protected":false},"author":4,"featured_media":62815,"comment_status":"open","ping_status":"open","sticky":false,"template":"","format":"standard","meta":{"site-sidebar-layout":"default","site-content-layout":"","ast-site-content-layout":"default","site-content-style":"default","site-sidebar-style":"default","ast-global-header-display":"","ast-banner-title-visibility":"","ast-main-header-display":"","ast-hfb-above-header-display":"","ast-hfb-below-header-display":"","ast-hfb-mobile-header-display":"","site-post-title":"","ast-breadcrumbs-content":"","ast-featured-img":"","footer-sml-layout":"","ast-disable-related-posts":"","theme-transparent-header-meta":"","adv-header-id-meta":"","stick-header-meta":"","header-above-stick-meta":"","header-main-stick-meta":"","header-below-stick-meta":"","astra-migrate-meta-layouts":"default","ast-page-background-enabled":"default","ast-page-background-meta":{"desktop":{"background-color":"","background-image":"","background-repeat":"repeat","background-position":"center center","background-size":"auto","background-attachment":"scroll","background-type":"","background-media":"","overlay-type":"","overlay-color":"","overlay-opacity":"","overlay-gradient":""},"tablet":{"background-color":"","background-image":"","background-repeat":"repeat","background-position":"center center","background-size":"auto","background-attachment":"scroll","background-type":"","background-media":"","overlay-type":"","overlay-color":"","overlay-opacity":"","overlay-gradient":""},"mobile":{"background-color":"","background-image":"","background-repeat":"repeat","background-position":"center center","background-size":"auto","background-attachment":"scroll","background-type":"","background-media":"","overlay-type":"","overlay-color":"","overlay-opacity":"","overlay-gradient":""}},"ast-content-background-meta":{"desktop":{"background-color":"var(--ast-global-color-5)","background-image":"","background-repeat":"repeat","background-position":"center center","background-size":"auto","background-attachment":"scroll","background-type":"","background-media":"","overlay-type":"","overlay-color":"","overlay-opacity":"","overlay-gradient":""},"tablet":{"background-color":"var(--ast-global-color-5)","background-image":"","background-repeat":"repeat","background-position":"center center","background-size":"auto","background-attachment":"scroll","background-type":"","background-media":"","overlay-type":"","overlay-color":"","overlay-opacity":"","overlay-gradient":""},"mobile":{"background-color":"var(--ast-global-color-5)","background-image":"","background-repeat":"repeat","background-position":"center center","background-size":"auto","background-attachment":"scroll","background-type":"","background-media":"","overlay-type":"","overlay-color":"","overlay-opacity":"","overlay-gradient":""}},"_jetpack_memberships_contains_paid_content":false,"_joinchat":[],"footnotes":""},"categories":[15302,2],"tags":[7720,4255],"class_list":["post-62813","post","type-post","status-publish","format-standard","has-post-thumbnail","hentry","category-destacado","category-villa-maria","tag-adela-guirardelli","tag-donacion"],"yoast_head":"<!-- This site is optimized with the Yoast SEO plugin v26.8 - https:\/\/yoast.com\/product\/yoast-seo-wordpress\/ -->\n<title>Donaron m\u00e1s de 30 cuchas a una Protectora de animales - El Regional<\/title>\n<meta name=\"robots\" content=\"index, follow, max-snippet:-1, max-image-preview:large, max-video-preview:-1\" \/>\n<link rel=\"canonical\" href=\"http:\/\/elregionalvm.com.ar\/noticias-villa-maria\/donaron-mas-de-30-cuchas-a-una-protectora-de-animales\/\" \/>\n<meta property=\"og:locale\" content=\"es_ES\" \/>\n<meta property=\"og:type\" content=\"article\" \/>\n<meta property=\"og:title\" content=\"Donaron m\u00e1s de 30 cuchas a una Protectora de animales - El Regional\" \/>\n<meta property=\"og:description\" content=\"Se trata de la Protectora de animales Sarmiento, ubicada en la calle Intendente Poretti al 1300 en Barrio Felipe Botta de Villa Mar\u00eda. All\u00ed fueron recibidos por Pablo Enrique Vera, quien es el actual presidente y sostiene la asociaci\u00f3n a trav\u00e9s de una cuota social de eventos que organizan frecuentemente y de donaciones privadas. Actualmente [&hellip;]\" \/>\n<meta property=\"og:url\" content=\"http:\/\/elregionalvm.com.ar\/noticias-villa-maria\/donaron-mas-de-30-cuchas-a-una-protectora-de-animales\/\" \/>\n<meta property=\"og:site_name\" content=\"El Regional\" \/>\n<meta property=\"article:publisher\" content=\"https:\/\/www.facebook.com\/elregionalvm\" \/>\n<meta property=\"article:published_time\" content=\"2022-08-23T10:58:33+00:00\" \/>\n<meta property=\"article:modified_time\" content=\"2022-08-23T10:59:34+00:00\" \/>\n<meta property=\"og:image\" content=\"http:\/\/elregionalvm.com.ar\/noticias-villa-maria\/wp-content\/uploads\/2022\/08\/donacion-cuchas03.jpg\" \/>\n\t<meta property=\"og:image:width\" content=\"850\" \/>\n\t<meta property=\"og:image:height\" content=\"638\" \/>\n\t<meta property=\"og:image:type\" content=\"image\/jpeg\" \/>\n<meta name=\"author\" content=\"Contenidos El Regional\" \/>\n<meta name=\"twitter:card\" content=\"summary_large_image\" \/>\n<meta name=\"twitter:creator\" content=\"@elregionalvm1\" \/>\n<meta name=\"twitter:site\" content=\"@elregionalvm1\" \/>\n<meta name=\"twitter:label1\" content=\"Escrito por\" \/>\n\t<meta name=\"twitter:data1\" content=\"Contenidos El Regional\" \/>\n\t<meta name=\"twitter:label2\" content=\"Tiempo de lectura\" \/>\n\t<meta name=\"twitter:data2\" content=\"2 minutos\" \/>\n<script type=\"application\/ld+json\" class=\"yoast-schema-graph\">{\"@context\":\"https:\/\/schema.org\",\"@graph\":[{\"@type\":\"Article\",\"@id\":\"http:\/\/elregionalvm.com.ar\/noticias-villa-maria\/donaron-mas-de-30-cuchas-a-una-protectora-de-animales\/#article\",\"isPartOf\":{\"@id\":\"http:\/\/elregionalvm.com.ar\/noticias-villa-maria\/donaron-mas-de-30-cuchas-a-una-protectora-de-animales\/\"},\"author\":{\"name\":\"Contenidos El Regional\",\"@id\":\"http:\/\/elregionalvm.com.ar\/noticias-villa-maria\/#\/schema\/person\/a0fb9c422317faca23d50163151bc354\"},\"headline\":\"Donaron m\u00e1s de 30 cuchas a una Protectora de animales\",\"datePublished\":\"2022-08-23T10:58:33+00:00\",\"dateModified\":\"2022-08-23T10:59:34+00:00\",\"mainEntityOfPage\":{\"@id\":\"http:\/\/elregionalvm.com.ar\/noticias-villa-maria\/donaron-mas-de-30-cuchas-a-una-protectora-de-animales\/\"},\"wordCount\":326,\"commentCount\":0,\"image\":{\"@id\":\"http:\/\/elregionalvm.com.ar\/noticias-villa-maria\/donaron-mas-de-30-cuchas-a-una-protectora-de-animales\/#primaryimage\"},\"thumbnailUrl\":\"https:\/\/i0.wp.com\/elregionalvm.com.ar\/noticias-villa-maria\/wp-content\/uploads\/2022\/08\/donacion-cuchas03.jpg?fit=850%2C638&ssl=1\",\"keywords\":[\"Adela Guirardelli\",\"donaci\u00f3n\"],\"articleSection\":[\"destacado\",\"Villa Mar\u00eda\"],\"inLanguage\":\"es\",\"potentialAction\":[{\"@type\":\"CommentAction\",\"name\":\"Comment\",\"target\":[\"http:\/\/elregionalvm.com.ar\/noticias-villa-maria\/donaron-mas-de-30-cuchas-a-una-protectora-de-animales\/#respond\"]}]},{\"@type\":\"WebPage\",\"@id\":\"http:\/\/elregionalvm.com.ar\/noticias-villa-maria\/donaron-mas-de-30-cuchas-a-una-protectora-de-animales\/\",\"url\":\"http:\/\/elregionalvm.com.ar\/noticias-villa-maria\/donaron-mas-de-30-cuchas-a-una-protectora-de-animales\/\",\"name\":\"Donaron m\u00e1s de 30 cuchas a una Protectora de animales - El Regional\",\"isPartOf\":{\"@id\":\"http:\/\/elregionalvm.com.ar\/noticias-villa-maria\/#website\"},\"primaryImageOfPage\":{\"@id\":\"http:\/\/elregionalvm.com.ar\/noticias-villa-maria\/donaron-mas-de-30-cuchas-a-una-protectora-de-animales\/#primaryimage\"},\"image\":{\"@id\":\"http:\/\/elregionalvm.com.ar\/noticias-villa-maria\/donaron-mas-de-30-cuchas-a-una-protectora-de-animales\/#primaryimage\"},\"thumbnailUrl\":\"https:\/\/i0.wp.com\/elregionalvm.com.ar\/noticias-villa-maria\/wp-content\/uploads\/2022\/08\/donacion-cuchas03.jpg?fit=850%2C638&ssl=1\",\"datePublished\":\"2022-08-23T10:58:33+00:00\",\"dateModified\":\"2022-08-23T10:59:34+00:00\",\"author\":{\"@id\":\"http:\/\/elregionalvm.com.ar\/noticias-villa-maria\/#\/schema\/person\/a0fb9c422317faca23d50163151bc354\"},\"breadcrumb\":{\"@id\":\"http:\/\/elregionalvm.com.ar\/noticias-villa-maria\/donaron-mas-de-30-cuchas-a-una-protectora-de-animales\/#breadcrumb\"},\"inLanguage\":\"es\",\"potentialAction\":[{\"@type\":\"ReadAction\",\"target\":[\"http:\/\/elregionalvm.com.ar\/noticias-villa-maria\/donaron-mas-de-30-cuchas-a-una-protectora-de-animales\/\"]}]},{\"@type\":\"ImageObject\",\"inLanguage\":\"es\",\"@id\":\"http:\/\/elregionalvm.com.ar\/noticias-villa-maria\/donaron-mas-de-30-cuchas-a-una-protectora-de-animales\/#primaryimage\",\"url\":\"https:\/\/i0.wp.com\/elregionalvm.com.ar\/noticias-villa-maria\/wp-content\/uploads\/2022\/08\/donacion-cuchas03.jpg?fit=850%2C638&ssl=1\",\"contentUrl\":\"https:\/\/i0.wp.com\/elregionalvm.com.ar\/noticias-villa-maria\/wp-content\/uploads\/2022\/08\/donacion-cuchas03.jpg?fit=850%2C638&ssl=1\",\"width\":850,\"height\":638},{\"@type\":\"BreadcrumbList\",\"@id\":\"http:\/\/elregionalvm.com.ar\/noticias-villa-maria\/donaron-mas-de-30-cuchas-a-una-protectora-de-animales\/#breadcrumb\",\"itemListElement\":[{\"@type\":\"ListItem\",\"position\":1,\"name\":\"Portada\",\"item\":\"https:\/\/elregionalvm.com.ar\/noticias-villa-maria\/\"},{\"@type\":\"ListItem\",\"position\":2,\"name\":\"Donaron m\u00e1s de 30 cuchas a una Protectora de animales\"}]},{\"@type\":\"WebSite\",\"@id\":\"http:\/\/elregionalvm.com.ar\/noticias-villa-maria\/#website\",\"url\":\"http:\/\/elregionalvm.com.ar\/noticias-villa-maria\/\",\"name\":\"El Regional\",\"description\":\"Mucho m\u00e1s que informaci\u00f3n\",\"potentialAction\":[{\"@type\":\"SearchAction\",\"target\":{\"@type\":\"EntryPoint\",\"urlTemplate\":\"http:\/\/elregionalvm.com.ar\/noticias-villa-maria\/?s={search_term_string}\"},\"query-input\":{\"@type\":\"PropertyValueSpecification\",\"valueRequired\":true,\"valueName\":\"search_term_string\"}}],\"inLanguage\":\"es\"},{\"@type\":\"Person\",\"@id\":\"http:\/\/elregionalvm.com.ar\/noticias-villa-maria\/#\/schema\/person\/a0fb9c422317faca23d50163151bc354\",\"name\":\"Contenidos El Regional\",\"image\":{\"@type\":\"ImageObject\",\"inLanguage\":\"es\",\"@id\":\"http:\/\/elregionalvm.com.ar\/noticias-villa-maria\/#\/schema\/person\/image\/\",\"url\":\"https:\/\/secure.gravatar.com\/avatar\/265b27cb2209af7bb3a1318f03305787d7981a5cc6e6cd08fe5a4ecdf99d4b48?s=96&d=mm&r=g\",\"contentUrl\":\"https:\/\/secure.gravatar.com\/avatar\/265b27cb2209af7bb3a1318f03305787d7981a5cc6e6cd08fe5a4ecdf99d4b48?s=96&d=mm&r=g\",\"caption\":\"Contenidos El Regional\"},\"url\":\"https:\/\/elregionalvm.com.ar\/noticias-villa-maria\/author\/contenido\/\"}]}<\/script>\n<!-- \/ Yoast SEO plugin. -->","yoast_head_json":{"title":"Donaron m\u00e1s de 30 cuchas a una Protectora de animales - El Regional","robots":{"index":"index","follow":"follow","max-snippet":"max-snippet:-1","max-image-preview":"max-image-preview:large","max-video-preview":"max-video-preview:-1"},"canonical":"http:\/\/elregionalvm.com.ar\/noticias-villa-maria\/donaron-mas-de-30-cuchas-a-una-protectora-de-animales\/","og_locale":"es_ES","og_type":"article","og_title":"Donaron m\u00e1s de 30 cuchas a una Protectora de animales - El Regional","og_description":"Se trata de la Protectora de animales Sarmiento, ubicada en la calle Intendente Poretti al 1300 en Barrio Felipe Botta de Villa Mar\u00eda. All\u00ed fueron recibidos por Pablo Enrique Vera, quien es el actual presidente y sostiene la asociaci\u00f3n a trav\u00e9s de una cuota social de eventos que organizan frecuentemente y de donaciones privadas. Actualmente [&hellip;]","og_url":"http:\/\/elregionalvm.com.ar\/noticias-villa-maria\/donaron-mas-de-30-cuchas-a-una-protectora-de-animales\/","og_site_name":"El Regional","article_publisher":"https:\/\/www.facebook.com\/elregionalvm","article_published_time":"2022-08-23T10:58:33+00:00","article_modified_time":"2022-08-23T10:59:34+00:00","og_image":[{"width":850,"height":638,"url":"http:\/\/elregionalvm.com.ar\/noticias-villa-maria\/wp-content\/uploads\/2022\/08\/donacion-cuchas03.jpg","type":"image\/jpeg"}],"author":"Contenidos El Regional","twitter_card":"summary_large_image","twitter_creator":"@elregionalvm1","twitter_site":"@elregionalvm1","twitter_misc":{"Escrito por":"Contenidos El Regional","Tiempo de lectura":"2 minutos"},"schema":{"@context":"https:\/\/schema.org","@graph":[{"@type":"Article","@id":"http:\/\/elregionalvm.com.ar\/noticias-villa-maria\/donaron-mas-de-30-cuchas-a-una-protectora-de-animales\/#article","isPartOf":{"@id":"http:\/\/elregionalvm.com.ar\/noticias-villa-maria\/donaron-mas-de-30-cuchas-a-una-protectora-de-animales\/"},"author":{"name":"Contenidos El Regional","@id":"http:\/\/elregionalvm.com.ar\/noticias-villa-maria\/#\/schema\/person\/a0fb9c422317faca23d50163151bc354"},"headline":"Donaron m\u00e1s de 30 cuchas a una Protectora de animales","datePublished":"2022-08-23T10:58:33+00:00","dateModified":"2022-08-23T10:59:34+00:00","mainEntityOfPage":{"@id":"http:\/\/elregionalvm.com.ar\/noticias-villa-maria\/donaron-mas-de-30-cuchas-a-una-protectora-de-animales\/"},"wordCount":326,"commentCount":0,"image":{"@id":"http:\/\/elregionalvm.com.ar\/noticias-villa-maria\/donaron-mas-de-30-cuchas-a-una-protectora-de-animales\/#primaryimage"},"thumbnailUrl":"https:\/\/i0.wp.com\/elregionalvm.com.ar\/noticias-villa-maria\/wp-content\/uploads\/2022\/08\/donacion-cuchas03.jpg?fit=850%2C638&ssl=1","keywords":["Adela Guirardelli","donaci\u00f3n"],"articleSection":["destacado","Villa Mar\u00eda"],"inLanguage":"es","potentialAction":[{"@type":"CommentAction","name":"Comment","target":["http:\/\/elregionalvm.com.ar\/noticias-villa-maria\/donaron-mas-de-30-cuchas-a-una-protectora-de-animales\/#respond"]}]},{"@type":"WebPage","@id":"http:\/\/elregionalvm.com.ar\/noticias-villa-maria\/donaron-mas-de-30-cuchas-a-una-protectora-de-animales\/","url":"http:\/\/elregionalvm.com.ar\/noticias-villa-maria\/donaron-mas-de-30-cuchas-a-una-protectora-de-animales\/","name":"Donaron m\u00e1s de 30 cuchas a una Protectora de animales - El Regional","isPartOf":{"@id":"http:\/\/elregionalvm.com.ar\/noticias-villa-maria\/#website"},"primaryImageOfPage":{"@id":"http:\/\/elregionalvm.com.ar\/noticias-villa-maria\/donaron-mas-de-30-cuchas-a-una-protectora-de-animales\/#primaryimage"},"image":{"@id":"http:\/\/elregionalvm.com.ar\/noticias-villa-maria\/donaron-mas-de-30-cuchas-a-una-protectora-de-animales\/#primaryimage"},"thumbnailUrl":"https:\/\/i0.wp.com\/elregionalvm.com.ar\/noticias-villa-maria\/wp-content\/uploads\/2022\/08\/donacion-cuchas03.jpg?fit=850%2C638&ssl=1","datePublished":"2022-08-23T10:58:33+00:00","dateModified":"2022-08-23T10:59:34+00:00","author":{"@id":"http:\/\/elregionalvm.com.ar\/noticias-villa-maria\/#\/schema\/person\/a0fb9c422317faca23d50163151bc354"},"breadcrumb":{"@id":"http:\/\/elregionalvm.com.ar\/noticias-villa-maria\/donaron-mas-de-30-cuchas-a-una-protectora-de-animales\/#breadcrumb"},"inLanguage":"es","potentialAction":[{"@type":"ReadAction","target":["http:\/\/elregionalvm.com.ar\/noticias-villa-maria\/donaron-mas-de-30-cuchas-a-una-protectora-de-animales\/"]}]},{"@type":"ImageObject","inLanguage":"es","@id":"http:\/\/elregionalvm.com.ar\/noticias-villa-maria\/donaron-mas-de-30-cuchas-a-una-protectora-de-animales\/#primaryimage","url":"https:\/\/i0.wp.com\/elregionalvm.com.ar\/noticias-villa-maria\/wp-content\/uploads\/2022\/08\/donacion-cuchas03.jpg?fit=850%2C638&ssl=1","contentUrl":"https:\/\/i0.wp.com\/elregionalvm.com.ar\/noticias-villa-maria\/wp-content\/uploads\/2022\/08\/donacion-cuchas03.jpg?fit=850%2C638&ssl=1","width":850,"height":638},{"@type":"BreadcrumbList","@id":"http:\/\/elregionalvm.com.ar\/noticias-villa-maria\/donaron-mas-de-30-cuchas-a-una-protectora-de-animales\/#breadcrumb","itemListElement":[{"@type":"ListItem","position":1,"name":"Portada","item":"https:\/\/elregionalvm.com.ar\/noticias-villa-maria\/"},{"@type":"ListItem","position":2,"name":"Donaron m\u00e1s de 30 cuchas a una Protectora de animales"}]},{"@type":"WebSite","@id":"http:\/\/elregionalvm.com.ar\/noticias-villa-maria\/#website","url":"http:\/\/elregionalvm.com.ar\/noticias-villa-maria\/","name":"El Regional","description":"Mucho m\u00e1s que informaci\u00f3n","potentialAction":[{"@type":"SearchAction","target":{"@type":"EntryPoint","urlTemplate":"http:\/\/elregionalvm.com.ar\/noticias-villa-maria\/?s={search_term_string}"},"query-input":{"@type":"PropertyValueSpecification","valueRequired":true,"valueName":"search_term_string"}}],"inLanguage":"es"},{"@type":"Person","@id":"http:\/\/elregionalvm.com.ar\/noticias-villa-maria\/#\/schema\/person\/a0fb9c422317faca23d50163151bc354","name":"Contenidos El Regional","image":{"@type":"ImageObject","inLanguage":"es","@id":"http:\/\/elregionalvm.com.ar\/noticias-villa-maria\/#\/schema\/person\/image\/","url":"https:\/\/secure.gravatar.com\/avatar\/265b27cb2209af7bb3a1318f03305787d7981a5cc6e6cd08fe5a4ecdf99d4b48?s=96&d=mm&r=g","contentUrl":"https:\/\/secure.gravatar.com\/avatar\/265b27cb2209af7bb3a1318f03305787d7981a5cc6e6cd08fe5a4ecdf99d4b48?s=96&d=mm&r=g","caption":"Contenidos El Regional"},"url":"https:\/\/elregionalvm.com.ar\/noticias-villa-maria\/author\/contenido\/"}]}},"jetpack_featured_media_url":"https:\/\/i0.wp.com\/elregionalvm.com.ar\/noticias-villa-maria\/wp-content\/uploads\/2022\/08\/donacion-cuchas03.jpg?fit=850%2C638&ssl=1","jetpack_sharing_enabled":true,"_links":{"self":[{"href":"https:\/\/elregionalvm.com.ar\/noticias-villa-maria\/wp-json\/wp\/v2\/posts\/62813","targetHints":{"allow":["GET"]}}],"collection":[{"href":"https:\/\/elregionalvm.com.ar\/noticias-villa-maria\/wp-json\/wp\/v2\/posts"}],"about":[{"href":"https:\/\/elregionalvm.com.ar\/noticias-villa-maria\/wp-json\/wp\/v2\/types\/post"}],"author":[{"embeddable":true,"href":"https:\/\/elregionalvm.com.ar\/noticias-villa-maria\/wp-json\/wp\/v2\/users\/4"}],"replies":[{"embeddable":true,"href":"https:\/\/elregionalvm.com.ar\/noticias-villa-maria\/wp-json\/wp\/v2\/comments?post=62813"}],"version-history":[{"count":3,"href":"https:\/\/elregionalvm.com.ar\/noticias-villa-maria\/wp-json\/wp\/v2\/posts\/62813\/revisions"}],"predecessor-version":[{"id":62820,"href":"https:\/\/elregionalvm.com.ar\/noticias-villa-maria\/wp-json\/wp\/v2\/posts\/62813\/revisions\/62820"}],"wp:featuredmedia":[{"embeddable":true,"href":"https:\/\/elregionalvm.com.ar\/noticias-villa-maria\/wp-json\/wp\/v2\/media\/62815"}],"wp:attachment":[{"href":"https:\/\/elregionalvm.com.ar\/noticias-villa-maria\/wp-json\/wp\/v2\/media?parent=62813"}],"wp:term":[{"taxonomy":"category","embeddable":true,"href":"https:\/\/elregionalvm.com.ar\/noticias-villa-maria\/wp-json\/wp\/v2\/categories?post=62813"},{"taxonomy":"post_tag","embeddable":true,"href":"https:\/\/elregionalvm.com.ar\/noticias-villa-maria\/wp-json\/wp\/v2\/tags?post=62813"}],"curies":[{"name":"wp","href":"https:\/\/api.w.org\/{rel}","templated":true}]}}