{"id":62830,"date":"2022-08-23T22:13:38","date_gmt":"2022-08-23T22:13:38","guid":{"rendered":"https:\/\/elregionalvm.com.ar\/noticias-villa-maria\/?p=62830"},"modified":"2022-08-23T22:13:40","modified_gmt":"2022-08-23T22:13:40","slug":"mes-de-las-infancias-el-domingo-se-realizara-el-nineton-en-el-anfiteatro","status":"publish","type":"post","link":"https:\/\/elregionalvm.com.ar\/noticias-villa-maria\/mes-de-las-infancias-el-domingo-se-realizara-el-nineton-en-el-anfiteatro\/","title":{"rendered":"Mes de las Infancias: El domingo se realizar\u00e1 el Ni\u00f1et\u00f3n en el Anfiteatro"},"content":{"rendered":"\n<p>La Municipalidad invita a toda la comunidad a participar de una nueva edici\u00f3n del Ni\u00f1et\u00f3n, a realizarse el pr\u00f3ximo domingo 28 de agosto, desde las 15:00 horas en el Anfiteatro Municipal Centenario &#8211; Aldo Invernizzi. La propuesta ser\u00e1 el broche para una grilla repleta de actividades que se desarroll\u00f3 durante todo el Mes de las Infancias.<\/p>\n\n\n\n<p>El intendente Mart\u00edn Gill brind\u00f3 detalles de la iniciativa y destac\u00f3: \u201cEs una oportunidad para toda la familia, para que todos los chicos de los barrios puedan acercarse\u201d. En este sentido resalt\u00f3 que \u201cse diagram\u00f3 un dispositivo de movilizaci\u00f3n para el traslado gratuito desde los barrios\u201d, a los fines de descentralizar el evento y congregar a todos los ni\u00f1os y ni\u00f1as de la ciudad, de manera \u201cque ning\u00fan chico se quede sin ir al Anfiteatro\u201d.<\/p>\n\n\n\n<p>Por su parte, la secretaria de Inclusi\u00f3n Social y Territorio, Celeste Curetti, remarc\u00f3 que \u201cel Ni\u00f1et\u00f3n ser\u00e1 el cierre de todos los festejos descentralizados\u201d, que tuvieron lugar en agosto, \u201cpara celebrar el Mes de las Infancias\u201d.<\/p>\n\n\n\n<p>En cuanto al evento del domingo, la jornada comenzar\u00e1 a las 15 horas y estar\u00e1 a cargo de la Escuela de M\u00fasica del taller Ser Arte y Parte, junto a las escuelas de folclore de ni\u00f1os de la ciudad. En este sentido, el secretario de Educaci\u00f3n, Cultura y Promoci\u00f3n de la Ciencia, Rafael Sachetto, destac\u00f3 que \u201cel trabajo integrado de las distintas \u00e1reas permiti\u00f3 diagramar este evento\u201d, como tambi\u00e9n asegur\u00f3 que \u201cya hay mucha expectativa en los ni\u00f1os por subirse al escenario y participar de la actividad\u201d.<\/p>\n\n\n\n<figure class=\"wp-block-image aligncenter size-large is-resized\"><img data-recalc-dims=\"1\" fetchpriority=\"high\" decoding=\"async\" src=\"https:\/\/i0.wp.com\/elregionalvm.com.ar\/noticias-villa-maria\/wp-content\/uploads\/2022\/08\/WhatsApp-Image-2022-08-23-at-1.50.09-PM.jpeg?resize=718%2C478&#038;ssl=1\" alt=\"\" class=\"wp-image-62833\" width=\"718\" height=\"478\" srcset=\"https:\/\/i0.wp.com\/elregionalvm.com.ar\/noticias-villa-maria\/wp-content\/uploads\/2022\/08\/WhatsApp-Image-2022-08-23-at-1.50.09-PM.jpeg?resize=1024%2C683&amp;ssl=1 1024w, https:\/\/i0.wp.com\/elregionalvm.com.ar\/noticias-villa-maria\/wp-content\/uploads\/2022\/08\/WhatsApp-Image-2022-08-23-at-1.50.09-PM.jpeg?resize=300%2C200&amp;ssl=1 300w, https:\/\/i0.wp.com\/elregionalvm.com.ar\/noticias-villa-maria\/wp-content\/uploads\/2022\/08\/WhatsApp-Image-2022-08-23-at-1.50.09-PM.jpeg?resize=768%2C512&amp;ssl=1 768w, https:\/\/i0.wp.com\/elregionalvm.com.ar\/noticias-villa-maria\/wp-content\/uploads\/2022\/08\/WhatsApp-Image-2022-08-23-at-1.50.09-PM.jpeg?resize=1536%2C1024&amp;ssl=1 1536w, https:\/\/i0.wp.com\/elregionalvm.com.ar\/noticias-villa-maria\/wp-content\/uploads\/2022\/08\/WhatsApp-Image-2022-08-23-at-1.50.09-PM.jpeg?w=1599&amp;ssl=1 1599w\" sizes=\"(max-width: 718px) 100vw, 718px\" \/><\/figure>\n\n\n\n<p>El n\u00famero central contar\u00e1 con dos presentaciones especiales. Primero estar\u00e1 el show del payaso Plim Plim y el Profesor Burbujas, quienes har\u00e1n uso del escenario para cantar y jugar con los m\u00e1s peque\u00f1os presentes en el p\u00fablico, bailando al comp\u00e1s de sus canciones.<\/p>\n\n\n\n<p>Luego tendr\u00e1 lugar la puesta en escena que recordar\u00e1 a Mar\u00eda Elena Walsh, en un recorrido por sus cuentos y canciones m\u00e1s resonantes. Adem\u00e1s, se contar\u00e1 con la participaci\u00f3n del Estudio de Danza Passion, con su presentaci\u00f3n de danzas contempor\u00e1neas.<\/p>\n\n\n\n<p>Vale destacar que la entrada ser\u00e1 libre y gratuita, como tambi\u00e9n ser\u00e1 sin costo el traslado desde los barrios hacia el Anfiteatro. A tal efecto, aquellos interesados en movilizarse mediante este servicio, deber\u00e1n consultar en el MuniCerca o Centro de Promoci\u00f3n m\u00e1s cercano el horario de salida de los colectivos destinados a tal fin. Adem\u00e1s se podr\u00e1 ingresar al anfiteatro desde las 14:30 horas, con comida y bebida para el disfrute de toda la familia.<\/p>\n\n\n\n<p><strong>Festejos previos<\/strong><\/p>\n\n\n\n<p>Por otra parte, desde el Ente Villa Mar\u00eda Deporte y Turismo brindar\u00e1n actividades para los d\u00edas 25, 26 y 27 de agosto. La grilla, que tendr\u00e1 lugar en un escenario diferenciado dentro del Anfiteatro, estar\u00e1 compuesta de postas recreativas y deportivas, junto a puestos del equipo de Educaci\u00f3n Vial, del Centro de Adopci\u00f3n Municipal, del \u00e1rea de Salud, Ambiente y Bomberos Voluntarios.<\/p>\n\n\n\n<p>Adem\u00e1s, el s\u00e1bado 26 ser\u00e1 el estreno de la obra Brujas sin cuento; trabajo realizado por la escuela de Artes Esc\u00e9nicas y destinada para ni\u00f1os y ni\u00f1as. Las funciones ser\u00e1n a las 15:00 y 18:00 horas en la Sala Bonino del Centro Cultural Comunitario Leonardo Favio.<\/p>\n","protected":false},"excerpt":{"rendered":"<p>La Municipalidad invita a toda la comunidad a participar de una nueva edici\u00f3n del Ni\u00f1et\u00f3n, a realizarse el pr\u00f3ximo domingo 28 de agosto, desde las 15:00 horas en el Anfiteatro Municipal Centenario &#8211; Aldo Invernizzi. La propuesta ser\u00e1 el broche para una grilla repleta de actividades que se desarroll\u00f3 durante todo el Mes de las [&hellip;]<\/p>\n","protected":false},"author":4,"featured_media":62832,"comment_status":"open","ping_status":"open","sticky":false,"template":"","format":"standard","meta":{"site-sidebar-layout":"default","site-content-layout":"","ast-site-content-layout":"default","site-content-style":"default","site-sidebar-style":"default","ast-global-header-display":"","ast-banner-title-visibility":"","ast-main-header-display":"","ast-hfb-above-header-display":"","ast-hfb-below-header-display":"","ast-hfb-mobile-header-display":"","site-post-title":"","ast-breadcrumbs-content":"","ast-featured-img":"","footer-sml-layout":"","ast-disable-related-posts":"","theme-transparent-header-meta":"","adv-header-id-meta":"","stick-header-meta":"","header-above-stick-meta":"","header-main-stick-meta":"","header-below-stick-meta":"","astra-migrate-meta-layouts":"default","ast-page-background-enabled":"default","ast-page-background-meta":{"desktop":{"background-color":"","background-image":"","background-repeat":"repeat","background-position":"center center","background-size":"auto","background-attachment":"scroll","background-type":"","background-media":"","overlay-type":"","overlay-color":"","overlay-opacity":"","overlay-gradient":""},"tablet":{"background-color":"","background-image":"","background-repeat":"repeat","background-position":"center center","background-size":"auto","background-attachment":"scroll","background-type":"","background-media":"","overlay-type":"","overlay-color":"","overlay-opacity":"","overlay-gradient":""},"mobile":{"background-color":"","background-image":"","background-repeat":"repeat","background-position":"center center","background-size":"auto","background-attachment":"scroll","background-type":"","background-media":"","overlay-type":"","overlay-color":"","overlay-opacity":"","overlay-gradient":""}},"ast-content-background-meta":{"desktop":{"background-color":"var(--ast-global-color-5)","background-image":"","background-repeat":"repeat","background-position":"center center","background-size":"auto","background-attachment":"scroll","background-type":"","background-media":"","overlay-type":"","overlay-color":"","overlay-opacity":"","overlay-gradient":""},"tablet":{"background-color":"var(--ast-global-color-5)","background-image":"","background-repeat":"repeat","background-position":"center center","background-size":"auto","background-attachment":"scroll","background-type":"","background-media":"","overlay-type":"","overlay-color":"","overlay-opacity":"","overlay-gradient":""},"mobile":{"background-color":"var(--ast-global-color-5)","background-image":"","background-repeat":"repeat","background-position":"center center","background-size":"auto","background-attachment":"scroll","background-type":"","background-media":"","overlay-type":"","overlay-color":"","overlay-opacity":"","overlay-gradient":""}},"_jetpack_memberships_contains_paid_content":false,"_joinchat":[],"footnotes":""},"categories":[15302,2],"tags":[1798,745,17629,4130,17627,17628,2248],"class_list":["post-62830","post","type-post","status-publish","format-standard","has-post-thumbnail","hentry","category-destacado","category-villa-maria","tag-anfiteatro","tag-dia-del-nino","tag-domingo-28-de-agosto","tag-festejos","tag-mes-de-las-infancias","tag-nineton","tag-villa-maria-2"],"yoast_head":"<!-- This site is optimized with the Yoast SEO plugin v26.8 - https:\/\/yoast.com\/product\/yoast-seo-wordpress\/ -->\n<title>Mes de las Infancias: El domingo se realizar\u00e1 el Ni\u00f1et\u00f3n en el Anfiteatro - El Regional<\/title>\n<meta name=\"robots\" content=\"index, follow, max-snippet:-1, max-image-preview:large, max-video-preview:-1\" \/>\n<link rel=\"canonical\" href=\"http:\/\/elregionalvm.com.ar\/noticias-villa-maria\/mes-de-las-infancias-el-domingo-se-realizara-el-nineton-en-el-anfiteatro\/\" \/>\n<meta property=\"og:locale\" content=\"es_ES\" \/>\n<meta property=\"og:type\" content=\"article\" \/>\n<meta property=\"og:title\" content=\"Mes de las Infancias: El domingo se realizar\u00e1 el Ni\u00f1et\u00f3n en el Anfiteatro - El Regional\" \/>\n<meta property=\"og:description\" content=\"La Municipalidad invita a toda la comunidad a participar de una nueva edici\u00f3n del Ni\u00f1et\u00f3n, a realizarse el pr\u00f3ximo domingo 28 de agosto, desde las 15:00 horas en el Anfiteatro Municipal Centenario &#8211; Aldo Invernizzi. La propuesta ser\u00e1 el broche para una grilla repleta de actividades que se desarroll\u00f3 durante todo el Mes de las [&hellip;]\" \/>\n<meta property=\"og:url\" content=\"http:\/\/elregionalvm.com.ar\/noticias-villa-maria\/mes-de-las-infancias-el-domingo-se-realizara-el-nineton-en-el-anfiteatro\/\" \/>\n<meta property=\"og:site_name\" content=\"El Regional\" \/>\n<meta property=\"article:publisher\" content=\"https:\/\/www.facebook.com\/elregionalvm\" \/>\n<meta property=\"article:published_time\" content=\"2022-08-23T22:13:38+00:00\" \/>\n<meta property=\"article:modified_time\" content=\"2022-08-23T22:13:40+00:00\" \/>\n<meta property=\"og:image\" content=\"http:\/\/elregionalvm.com.ar\/noticias-villa-maria\/wp-content\/uploads\/2022\/08\/nineton.png\" \/>\n\t<meta property=\"og:image:width\" content=\"658\" \/>\n\t<meta property=\"og:image:height\" content=\"530\" \/>\n\t<meta property=\"og:image:type\" content=\"image\/png\" \/>\n<meta name=\"author\" content=\"Contenidos El Regional\" \/>\n<meta name=\"twitter:card\" content=\"summary_large_image\" \/>\n<meta name=\"twitter:creator\" content=\"@elregionalvm1\" \/>\n<meta name=\"twitter:site\" content=\"@elregionalvm1\" \/>\n<meta name=\"twitter:label1\" content=\"Escrito por\" \/>\n\t<meta name=\"twitter:data1\" content=\"Contenidos El Regional\" \/>\n\t<meta name=\"twitter:label2\" content=\"Tiempo de lectura\" \/>\n\t<meta name=\"twitter:data2\" content=\"3 minutos\" \/>\n<script type=\"application\/ld+json\" class=\"yoast-schema-graph\">{\"@context\":\"https:\/\/schema.org\",\"@graph\":[{\"@type\":\"Article\",\"@id\":\"http:\/\/elregionalvm.com.ar\/noticias-villa-maria\/mes-de-las-infancias-el-domingo-se-realizara-el-nineton-en-el-anfiteatro\/#article\",\"isPartOf\":{\"@id\":\"http:\/\/elregionalvm.com.ar\/noticias-villa-maria\/mes-de-las-infancias-el-domingo-se-realizara-el-nineton-en-el-anfiteatro\/\"},\"author\":{\"name\":\"Contenidos El Regional\",\"@id\":\"http:\/\/elregionalvm.com.ar\/noticias-villa-maria\/#\/schema\/person\/a0fb9c422317faca23d50163151bc354\"},\"headline\":\"Mes de las Infancias: El domingo se realizar\u00e1 el Ni\u00f1et\u00f3n en el Anfiteatro\",\"datePublished\":\"2022-08-23T22:13:38+00:00\",\"dateModified\":\"2022-08-23T22:13:40+00:00\",\"mainEntityOfPage\":{\"@id\":\"http:\/\/elregionalvm.com.ar\/noticias-villa-maria\/mes-de-las-infancias-el-domingo-se-realizara-el-nineton-en-el-anfiteatro\/\"},\"wordCount\":573,\"commentCount\":0,\"image\":{\"@id\":\"http:\/\/elregionalvm.com.ar\/noticias-villa-maria\/mes-de-las-infancias-el-domingo-se-realizara-el-nineton-en-el-anfiteatro\/#primaryimage\"},\"thumbnailUrl\":\"https:\/\/i0.wp.com\/elregionalvm.com.ar\/noticias-villa-maria\/wp-content\/uploads\/2022\/08\/nineton.png?fit=658%2C530&ssl=1\",\"keywords\":[\"Anfiteatro\",\"D\u00eda del ni\u00f1o\",\"domingo 28 de agosto\",\"Festejos\",\"Mes de las Infancias\",\"Ni\u00f1et\u00f3n\",\"Villa Mar\u00eda\"],\"articleSection\":[\"destacado\",\"Villa Mar\u00eda\"],\"inLanguage\":\"es\",\"potentialAction\":[{\"@type\":\"CommentAction\",\"name\":\"Comment\",\"target\":[\"http:\/\/elregionalvm.com.ar\/noticias-villa-maria\/mes-de-las-infancias-el-domingo-se-realizara-el-nineton-en-el-anfiteatro\/#respond\"]}]},{\"@type\":\"WebPage\",\"@id\":\"http:\/\/elregionalvm.com.ar\/noticias-villa-maria\/mes-de-las-infancias-el-domingo-se-realizara-el-nineton-en-el-anfiteatro\/\",\"url\":\"http:\/\/elregionalvm.com.ar\/noticias-villa-maria\/mes-de-las-infancias-el-domingo-se-realizara-el-nineton-en-el-anfiteatro\/\",\"name\":\"Mes de las Infancias: El domingo se realizar\u00e1 el Ni\u00f1et\u00f3n en el Anfiteatro - El Regional\",\"isPartOf\":{\"@id\":\"http:\/\/elregionalvm.com.ar\/noticias-villa-maria\/#website\"},\"primaryImageOfPage\":{\"@id\":\"http:\/\/elregionalvm.com.ar\/noticias-villa-maria\/mes-de-las-infancias-el-domingo-se-realizara-el-nineton-en-el-anfiteatro\/#primaryimage\"},\"image\":{\"@id\":\"http:\/\/elregionalvm.com.ar\/noticias-villa-maria\/mes-de-las-infancias-el-domingo-se-realizara-el-nineton-en-el-anfiteatro\/#primaryimage\"},\"thumbnailUrl\":\"https:\/\/i0.wp.com\/elregionalvm.com.ar\/noticias-villa-maria\/wp-content\/uploads\/2022\/08\/nineton.png?fit=658%2C530&ssl=1\",\"datePublished\":\"2022-08-23T22:13:38+00:00\",\"dateModified\":\"2022-08-23T22:13:40+00:00\",\"author\":{\"@id\":\"http:\/\/elregionalvm.com.ar\/noticias-villa-maria\/#\/schema\/person\/a0fb9c422317faca23d50163151bc354\"},\"breadcrumb\":{\"@id\":\"http:\/\/elregionalvm.com.ar\/noticias-villa-maria\/mes-de-las-infancias-el-domingo-se-realizara-el-nineton-en-el-anfiteatro\/#breadcrumb\"},\"inLanguage\":\"es\",\"potentialAction\":[{\"@type\":\"ReadAction\",\"target\":[\"http:\/\/elregionalvm.com.ar\/noticias-villa-maria\/mes-de-las-infancias-el-domingo-se-realizara-el-nineton-en-el-anfiteatro\/\"]}]},{\"@type\":\"ImageObject\",\"inLanguage\":\"es\",\"@id\":\"http:\/\/elregionalvm.com.ar\/noticias-villa-maria\/mes-de-las-infancias-el-domingo-se-realizara-el-nineton-en-el-anfiteatro\/#primaryimage\",\"url\":\"https:\/\/i0.wp.com\/elregionalvm.com.ar\/noticias-villa-maria\/wp-content\/uploads\/2022\/08\/nineton.png?fit=658%2C530&ssl=1\",\"contentUrl\":\"https:\/\/i0.wp.com\/elregionalvm.com.ar\/noticias-villa-maria\/wp-content\/uploads\/2022\/08\/nineton.png?fit=658%2C530&ssl=1\",\"width\":658,\"height\":530},{\"@type\":\"BreadcrumbList\",\"@id\":\"http:\/\/elregionalvm.com.ar\/noticias-villa-maria\/mes-de-las-infancias-el-domingo-se-realizara-el-nineton-en-el-anfiteatro\/#breadcrumb\",\"itemListElement\":[{\"@type\":\"ListItem\",\"position\":1,\"name\":\"Portada\",\"item\":\"https:\/\/elregionalvm.com.ar\/noticias-villa-maria\/\"},{\"@type\":\"ListItem\",\"position\":2,\"name\":\"Mes de las Infancias: El domingo se realizar\u00e1 el Ni\u00f1et\u00f3n en el Anfiteatro\"}]},{\"@type\":\"WebSite\",\"@id\":\"http:\/\/elregionalvm.com.ar\/noticias-villa-maria\/#website\",\"url\":\"http:\/\/elregionalvm.com.ar\/noticias-villa-maria\/\",\"name\":\"El Regional\",\"description\":\"Mucho m\u00e1s que informaci\u00f3n\",\"potentialAction\":[{\"@type\":\"SearchAction\",\"target\":{\"@type\":\"EntryPoint\",\"urlTemplate\":\"http:\/\/elregionalvm.com.ar\/noticias-villa-maria\/?s={search_term_string}\"},\"query-input\":{\"@type\":\"PropertyValueSpecification\",\"valueRequired\":true,\"valueName\":\"search_term_string\"}}],\"inLanguage\":\"es\"},{\"@type\":\"Person\",\"@id\":\"http:\/\/elregionalvm.com.ar\/noticias-villa-maria\/#\/schema\/person\/a0fb9c422317faca23d50163151bc354\",\"name\":\"Contenidos El Regional\",\"image\":{\"@type\":\"ImageObject\",\"inLanguage\":\"es\",\"@id\":\"http:\/\/elregionalvm.com.ar\/noticias-villa-maria\/#\/schema\/person\/image\/\",\"url\":\"https:\/\/secure.gravatar.com\/avatar\/265b27cb2209af7bb3a1318f03305787d7981a5cc6e6cd08fe5a4ecdf99d4b48?s=96&d=mm&r=g\",\"contentUrl\":\"https:\/\/secure.gravatar.com\/avatar\/265b27cb2209af7bb3a1318f03305787d7981a5cc6e6cd08fe5a4ecdf99d4b48?s=96&d=mm&r=g\",\"caption\":\"Contenidos El Regional\"},\"url\":\"https:\/\/elregionalvm.com.ar\/noticias-villa-maria\/author\/contenido\/\"}]}<\/script>\n<!-- \/ Yoast SEO plugin. -->","yoast_head_json":{"title":"Mes de las Infancias: El domingo se realizar\u00e1 el Ni\u00f1et\u00f3n en el Anfiteatro - El Regional","robots":{"index":"index","follow":"follow","max-snippet":"max-snippet:-1","max-image-preview":"max-image-preview:large","max-video-preview":"max-video-preview:-1"},"canonical":"http:\/\/elregionalvm.com.ar\/noticias-villa-maria\/mes-de-las-infancias-el-domingo-se-realizara-el-nineton-en-el-anfiteatro\/","og_locale":"es_ES","og_type":"article","og_title":"Mes de las Infancias: El domingo se realizar\u00e1 el Ni\u00f1et\u00f3n en el Anfiteatro - El Regional","og_description":"La Municipalidad invita a toda la comunidad a participar de una nueva edici\u00f3n del Ni\u00f1et\u00f3n, a realizarse el pr\u00f3ximo domingo 28 de agosto, desde las 15:00 horas en el Anfiteatro Municipal Centenario &#8211; Aldo Invernizzi. La propuesta ser\u00e1 el broche para una grilla repleta de actividades que se desarroll\u00f3 durante todo el Mes de las [&hellip;]","og_url":"http:\/\/elregionalvm.com.ar\/noticias-villa-maria\/mes-de-las-infancias-el-domingo-se-realizara-el-nineton-en-el-anfiteatro\/","og_site_name":"El Regional","article_publisher":"https:\/\/www.facebook.com\/elregionalvm","article_published_time":"2022-08-23T22:13:38+00:00","article_modified_time":"2022-08-23T22:13:40+00:00","og_image":[{"width":658,"height":530,"url":"http:\/\/elregionalvm.com.ar\/noticias-villa-maria\/wp-content\/uploads\/2022\/08\/nineton.png","type":"image\/png"}],"author":"Contenidos El Regional","twitter_card":"summary_large_image","twitter_creator":"@elregionalvm1","twitter_site":"@elregionalvm1","twitter_misc":{"Escrito por":"Contenidos El Regional","Tiempo de lectura":"3 minutos"},"schema":{"@context":"https:\/\/schema.org","@graph":[{"@type":"Article","@id":"http:\/\/elregionalvm.com.ar\/noticias-villa-maria\/mes-de-las-infancias-el-domingo-se-realizara-el-nineton-en-el-anfiteatro\/#article","isPartOf":{"@id":"http:\/\/elregionalvm.com.ar\/noticias-villa-maria\/mes-de-las-infancias-el-domingo-se-realizara-el-nineton-en-el-anfiteatro\/"},"author":{"name":"Contenidos El Regional","@id":"http:\/\/elregionalvm.com.ar\/noticias-villa-maria\/#\/schema\/person\/a0fb9c422317faca23d50163151bc354"},"headline":"Mes de las Infancias: El domingo se realizar\u00e1 el Ni\u00f1et\u00f3n en el Anfiteatro","datePublished":"2022-08-23T22:13:38+00:00","dateModified":"2022-08-23T22:13:40+00:00","mainEntityOfPage":{"@id":"http:\/\/elregionalvm.com.ar\/noticias-villa-maria\/mes-de-las-infancias-el-domingo-se-realizara-el-nineton-en-el-anfiteatro\/"},"wordCount":573,"commentCount":0,"image":{"@id":"http:\/\/elregionalvm.com.ar\/noticias-villa-maria\/mes-de-las-infancias-el-domingo-se-realizara-el-nineton-en-el-anfiteatro\/#primaryimage"},"thumbnailUrl":"https:\/\/i0.wp.com\/elregionalvm.com.ar\/noticias-villa-maria\/wp-content\/uploads\/2022\/08\/nineton.png?fit=658%2C530&ssl=1","keywords":["Anfiteatro","D\u00eda del ni\u00f1o","domingo 28 de agosto","Festejos","Mes de las Infancias","Ni\u00f1et\u00f3n","Villa Mar\u00eda"],"articleSection":["destacado","Villa Mar\u00eda"],"inLanguage":"es","potentialAction":[{"@type":"CommentAction","name":"Comment","target":["http:\/\/elregionalvm.com.ar\/noticias-villa-maria\/mes-de-las-infancias-el-domingo-se-realizara-el-nineton-en-el-anfiteatro\/#respond"]}]},{"@type":"WebPage","@id":"http:\/\/elregionalvm.com.ar\/noticias-villa-maria\/mes-de-las-infancias-el-domingo-se-realizara-el-nineton-en-el-anfiteatro\/","url":"http:\/\/elregionalvm.com.ar\/noticias-villa-maria\/mes-de-las-infancias-el-domingo-se-realizara-el-nineton-en-el-anfiteatro\/","name":"Mes de las Infancias: El domingo se realizar\u00e1 el Ni\u00f1et\u00f3n en el Anfiteatro - El Regional","isPartOf":{"@id":"http:\/\/elregionalvm.com.ar\/noticias-villa-maria\/#website"},"primaryImageOfPage":{"@id":"http:\/\/elregionalvm.com.ar\/noticias-villa-maria\/mes-de-las-infancias-el-domingo-se-realizara-el-nineton-en-el-anfiteatro\/#primaryimage"},"image":{"@id":"http:\/\/elregionalvm.com.ar\/noticias-villa-maria\/mes-de-las-infancias-el-domingo-se-realizara-el-nineton-en-el-anfiteatro\/#primaryimage"},"thumbnailUrl":"https:\/\/i0.wp.com\/elregionalvm.com.ar\/noticias-villa-maria\/wp-content\/uploads\/2022\/08\/nineton.png?fit=658%2C530&ssl=1","datePublished":"2022-08-23T22:13:38+00:00","dateModified":"2022-08-23T22:13:40+00:00","author":{"@id":"http:\/\/elregionalvm.com.ar\/noticias-villa-maria\/#\/schema\/person\/a0fb9c422317faca23d50163151bc354"},"breadcrumb":{"@id":"http:\/\/elregionalvm.com.ar\/noticias-villa-maria\/mes-de-las-infancias-el-domingo-se-realizara-el-nineton-en-el-anfiteatro\/#breadcrumb"},"inLanguage":"es","potentialAction":[{"@type":"ReadAction","target":["http:\/\/elregionalvm.com.ar\/noticias-villa-maria\/mes-de-las-infancias-el-domingo-se-realizara-el-nineton-en-el-anfiteatro\/"]}]},{"@type":"ImageObject","inLanguage":"es","@id":"http:\/\/elregionalvm.com.ar\/noticias-villa-maria\/mes-de-las-infancias-el-domingo-se-realizara-el-nineton-en-el-anfiteatro\/#primaryimage","url":"https:\/\/i0.wp.com\/elregionalvm.com.ar\/noticias-villa-maria\/wp-content\/uploads\/2022\/08\/nineton.png?fit=658%2C530&ssl=1","contentUrl":"https:\/\/i0.wp.com\/elregionalvm.com.ar\/noticias-villa-maria\/wp-content\/uploads\/2022\/08\/nineton.png?fit=658%2C530&ssl=1","width":658,"height":530},{"@type":"BreadcrumbList","@id":"http:\/\/elregionalvm.com.ar\/noticias-villa-maria\/mes-de-las-infancias-el-domingo-se-realizara-el-nineton-en-el-anfiteatro\/#breadcrumb","itemListElement":[{"@type":"ListItem","position":1,"name":"Portada","item":"https:\/\/elregionalvm.com.ar\/noticias-villa-maria\/"},{"@type":"ListItem","position":2,"name":"Mes de las Infancias: El domingo se realizar\u00e1 el Ni\u00f1et\u00f3n en el Anfiteatro"}]},{"@type":"WebSite","@id":"http:\/\/elregionalvm.com.ar\/noticias-villa-maria\/#website","url":"http:\/\/elregionalvm.com.ar\/noticias-villa-maria\/","name":"El Regional","description":"Mucho m\u00e1s que informaci\u00f3n","potentialAction":[{"@type":"SearchAction","target":{"@type":"EntryPoint","urlTemplate":"http:\/\/elregionalvm.com.ar\/noticias-villa-maria\/?s={search_term_string}"},"query-input":{"@type":"PropertyValueSpecification","valueRequired":true,"valueName":"search_term_string"}}],"inLanguage":"es"},{"@type":"Person","@id":"http:\/\/elregionalvm.com.ar\/noticias-villa-maria\/#\/schema\/person\/a0fb9c422317faca23d50163151bc354","name":"Contenidos El Regional","image":{"@type":"ImageObject","inLanguage":"es","@id":"http:\/\/elregionalvm.com.ar\/noticias-villa-maria\/#\/schema\/person\/image\/","url":"https:\/\/secure.gravatar.com\/avatar\/265b27cb2209af7bb3a1318f03305787d7981a5cc6e6cd08fe5a4ecdf99d4b48?s=96&d=mm&r=g","contentUrl":"https:\/\/secure.gravatar.com\/avatar\/265b27cb2209af7bb3a1318f03305787d7981a5cc6e6cd08fe5a4ecdf99d4b48?s=96&d=mm&r=g","caption":"Contenidos El Regional"},"url":"https:\/\/elregionalvm.com.ar\/noticias-villa-maria\/author\/contenido\/"}]}},"jetpack_featured_media_url":"https:\/\/i0.wp.com\/elregionalvm.com.ar\/noticias-villa-maria\/wp-content\/uploads\/2022\/08\/nineton.png?fit=658%2C530&ssl=1","jetpack_sharing_enabled":true,"_links":{"self":[{"href":"https:\/\/elregionalvm.com.ar\/noticias-villa-maria\/wp-json\/wp\/v2\/posts\/62830","targetHints":{"allow":["GET"]}}],"collection":[{"href":"https:\/\/elregionalvm.com.ar\/noticias-villa-maria\/wp-json\/wp\/v2\/posts"}],"about":[{"href":"https:\/\/elregionalvm.com.ar\/noticias-villa-maria\/wp-json\/wp\/v2\/types\/post"}],"author":[{"embeddable":true,"href":"https:\/\/elregionalvm.com.ar\/noticias-villa-maria\/wp-json\/wp\/v2\/users\/4"}],"replies":[{"embeddable":true,"href":"https:\/\/elregionalvm.com.ar\/noticias-villa-maria\/wp-json\/wp\/v2\/comments?post=62830"}],"version-history":[{"count":1,"href":"https:\/\/elregionalvm.com.ar\/noticias-villa-maria\/wp-json\/wp\/v2\/posts\/62830\/revisions"}],"predecessor-version":[{"id":62834,"href":"https:\/\/elregionalvm.com.ar\/noticias-villa-maria\/wp-json\/wp\/v2\/posts\/62830\/revisions\/62834"}],"wp:featuredmedia":[{"embeddable":true,"href":"https:\/\/elregionalvm.com.ar\/noticias-villa-maria\/wp-json\/wp\/v2\/media\/62832"}],"wp:attachment":[{"href":"https:\/\/elregionalvm.com.ar\/noticias-villa-maria\/wp-json\/wp\/v2\/media?parent=62830"}],"wp:term":[{"taxonomy":"category","embeddable":true,"href":"https:\/\/elregionalvm.com.ar\/noticias-villa-maria\/wp-json\/wp\/v2\/categories?post=62830"},{"taxonomy":"post_tag","embeddable":true,"href":"https:\/\/elregionalvm.com.ar\/noticias-villa-maria\/wp-json\/wp\/v2\/tags?post=62830"}],"curies":[{"name":"wp","href":"https:\/\/api.w.org\/{rel}","templated":true}]}}