{"id":62838,"date":"2022-08-23T22:35:03","date_gmt":"2022-08-23T22:35:03","guid":{"rendered":"https:\/\/elregionalvm.com.ar\/noticias-villa-maria\/?p=62838"},"modified":"2022-08-23T22:35:04","modified_gmt":"2022-08-23T22:35:04","slug":"familias-cea-hara-una-jornada-de-concientizacion-sobre-autismo-y-discriminacion-en-silvio-pellico","status":"publish","type":"post","link":"https:\/\/elregionalvm.com.ar\/noticias-villa-maria\/familias-cea-hara-una-jornada-de-concientizacion-sobre-autismo-y-discriminacion-en-silvio-pellico\/","title":{"rendered":"Familias CEA har\u00e1 una jornada de concientizaci\u00f3n sobre Autismo y Discriminaci\u00f3n en Silvio Pellico"},"content":{"rendered":"\n<p><br>Familias CEA Villa Mar\u00eda y Villa Nueva,  un grupo de familias y padres de<br>ni\u00f1os diagnosticados en el Espectro Autista, que bregan por la plena inclusi\u00f3n de<br>sus hijos en cada \u00e1mbito que habitan, estar\u00e1n realizando el jueves 26 de agosto, de 13 a 17 horas,  una jornada de Concientizaci\u00f3n sobre el Autismo y Discriminaci\u00f3n en el IPET N\u00b0 392 de Silvio Pellico.<\/p>\n\n\n\n<p>Entre los objetivos de dicha jornada se encuentran las siguientes premisas:<\/p>\n\n\n\n<p>-Visibilizar, hablar de autismo convocando a las familias que est\u00e1n implicadas<\/p>\n\n\n\n<p>-Concientizar a las comunidades educativas sobre la necesidad de incorporar y<br>hacer cotidiana la accesibilidad cognitiva.<\/p>\n\n\n\n<p>-Derribar barreras, especialmente sociales y actitudinales, informando y<br>educando a la sociedad sobre la condici\u00f3n del espectro autista.<\/p>\n\n\n\n<p>-Formar espacios que pongan el inter\u00e9s en la aceptaci\u00f3n del otro con sus<br>caracter\u00edsticas particulares.      <\/p>\n\n\n\n<p>Esta jornada es parte de la campa\u00f1a de concientizaci\u00f3n que llevan adelante<br>permanentemente en Familias CEA Villa Mar\u00eda y Villa Nueva consta de dos<br>presentaciones: autismo y discriminaci\u00f3n en general. <\/p>\n\n\n\n<p>Como cierre de la actividad, se colocar\u00e1n pictogramas en toda la escuela. Este<br>proyecto pertenece a la Fundaci\u00f3n por la inclusi\u00f3n PLENA de Alta Gracia con quienes<br>trabajan conjuntamente.<\/p>\n","protected":false},"excerpt":{"rendered":"<p>Familias CEA Villa Mar\u00eda y Villa Nueva, un grupo de familias y padres deni\u00f1os diagnosticados en el Espectro Autista, que bregan por la plena inclusi\u00f3n desus hijos en cada \u00e1mbito que habitan, estar\u00e1n realizando el jueves 26 de agosto, de 13 a 17 horas, una jornada de Concientizaci\u00f3n sobre el Autismo y Discriminaci\u00f3n en el [&hellip;]<\/p>\n","protected":false},"author":4,"featured_media":62839,"comment_status":"open","ping_status":"open","sticky":false,"template":"","format":"standard","meta":{"site-sidebar-layout":"default","site-content-layout":"","ast-site-content-layout":"default","site-content-style":"default","site-sidebar-style":"default","ast-global-header-display":"","ast-banner-title-visibility":"","ast-main-header-display":"","ast-hfb-above-header-display":"","ast-hfb-below-header-display":"","ast-hfb-mobile-header-display":"","site-post-title":"","ast-breadcrumbs-content":"","ast-featured-img":"","footer-sml-layout":"","ast-disable-related-posts":"","theme-transparent-header-meta":"","adv-header-id-meta":"","stick-header-meta":"","header-above-stick-meta":"","header-main-stick-meta":"","header-below-stick-meta":"","astra-migrate-meta-layouts":"default","ast-page-background-enabled":"default","ast-page-background-meta":{"desktop":{"background-color":"","background-image":"","background-repeat":"repeat","background-position":"center center","background-size":"auto","background-attachment":"scroll","background-type":"","background-media":"","overlay-type":"","overlay-color":"","overlay-opacity":"","overlay-gradient":""},"tablet":{"background-color":"","background-image":"","background-repeat":"repeat","background-position":"center center","background-size":"auto","background-attachment":"scroll","background-type":"","background-media":"","overlay-type":"","overlay-color":"","overlay-opacity":"","overlay-gradient":""},"mobile":{"background-color":"","background-image":"","background-repeat":"repeat","background-position":"center center","background-size":"auto","background-attachment":"scroll","background-type":"","background-media":"","overlay-type":"","overlay-color":"","overlay-opacity":"","overlay-gradient":""}},"ast-content-background-meta":{"desktop":{"background-color":"var(--ast-global-color-5)","background-image":"","background-repeat":"repeat","background-position":"center center","background-size":"auto","background-attachment":"scroll","background-type":"","background-media":"","overlay-type":"","overlay-color":"","overlay-opacity":"","overlay-gradient":""},"tablet":{"background-color":"var(--ast-global-color-5)","background-image":"","background-repeat":"repeat","background-position":"center center","background-size":"auto","background-attachment":"scroll","background-type":"","background-media":"","overlay-type":"","overlay-color":"","overlay-opacity":"","overlay-gradient":""},"mobile":{"background-color":"var(--ast-global-color-5)","background-image":"","background-repeat":"repeat","background-position":"center center","background-size":"auto","background-attachment":"scroll","background-type":"","background-media":"","overlay-type":"","overlay-color":"","overlay-opacity":"","overlay-gradient":""}},"_jetpack_memberships_contains_paid_content":false,"_joinchat":[],"footnotes":""},"categories":[15302,2091],"tags":[12743,17630,3550,14587,15240,11021,913,1056],"class_list":["post-62838","post","type-post","status-publish","format-standard","has-post-thumbnail","hentry","category-destacado","category-region","tag-autismo","tag-autismo-y-discriminacion","tag-concientizacion","tag-familias-cea-villa-maria-y-villa-nueva","tag-jornada","tag-objetivos","tag-regionales","tag-silvio-pellico"],"yoast_head":"<!-- This site is optimized with the Yoast SEO plugin v26.8 - https:\/\/yoast.com\/product\/yoast-seo-wordpress\/ -->\n<title>Familias CEA har\u00e1 una jornada de concientizaci\u00f3n sobre Autismo y Discriminaci\u00f3n en Silvio Pellico - El Regional<\/title>\n<meta name=\"robots\" content=\"index, follow, max-snippet:-1, max-image-preview:large, max-video-preview:-1\" \/>\n<link rel=\"canonical\" href=\"http:\/\/elregionalvm.com.ar\/noticias-villa-maria\/familias-cea-hara-una-jornada-de-concientizacion-sobre-autismo-y-discriminacion-en-silvio-pellico\/\" \/>\n<meta property=\"og:locale\" content=\"es_ES\" \/>\n<meta property=\"og:type\" content=\"article\" \/>\n<meta property=\"og:title\" content=\"Familias CEA har\u00e1 una jornada de concientizaci\u00f3n sobre Autismo y Discriminaci\u00f3n en Silvio Pellico - El Regional\" \/>\n<meta property=\"og:description\" content=\"Familias CEA Villa Mar\u00eda y Villa Nueva, un grupo de familias y padres deni\u00f1os diagnosticados en el Espectro Autista, que bregan por la plena inclusi\u00f3n desus hijos en cada \u00e1mbito que habitan, estar\u00e1n realizando el jueves 26 de agosto, de 13 a 17 horas, una jornada de Concientizaci\u00f3n sobre el Autismo y Discriminaci\u00f3n en el [&hellip;]\" \/>\n<meta property=\"og:url\" content=\"http:\/\/elregionalvm.com.ar\/noticias-villa-maria\/familias-cea-hara-una-jornada-de-concientizacion-sobre-autismo-y-discriminacion-en-silvio-pellico\/\" \/>\n<meta property=\"og:site_name\" content=\"El Regional\" \/>\n<meta property=\"article:publisher\" content=\"https:\/\/www.facebook.com\/elregionalvm\" \/>\n<meta property=\"article:published_time\" content=\"2022-08-23T22:35:03+00:00\" \/>\n<meta property=\"article:modified_time\" content=\"2022-08-23T22:35:04+00:00\" \/>\n<meta property=\"og:image\" content=\"http:\/\/elregionalvm.com.ar\/noticias-villa-maria\/wp-content\/uploads\/2022\/08\/autismo-1.png\" \/>\n\t<meta property=\"og:image:width\" content=\"1282\" \/>\n\t<meta property=\"og:image:height\" content=\"683\" \/>\n\t<meta property=\"og:image:type\" content=\"image\/png\" \/>\n<meta name=\"author\" content=\"Contenidos El Regional\" \/>\n<meta name=\"twitter:card\" content=\"summary_large_image\" \/>\n<meta name=\"twitter:creator\" content=\"@elregionalvm1\" \/>\n<meta name=\"twitter:site\" content=\"@elregionalvm1\" \/>\n<meta name=\"twitter:label1\" content=\"Escrito por\" \/>\n\t<meta name=\"twitter:data1\" content=\"Contenidos El Regional\" \/>\n\t<meta name=\"twitter:label2\" content=\"Tiempo de lectura\" \/>\n\t<meta name=\"twitter:data2\" content=\"1 minuto\" \/>\n<script type=\"application\/ld+json\" class=\"yoast-schema-graph\">{\"@context\":\"https:\/\/schema.org\",\"@graph\":[{\"@type\":\"Article\",\"@id\":\"http:\/\/elregionalvm.com.ar\/noticias-villa-maria\/familias-cea-hara-una-jornada-de-concientizacion-sobre-autismo-y-discriminacion-en-silvio-pellico\/#article\",\"isPartOf\":{\"@id\":\"http:\/\/elregionalvm.com.ar\/noticias-villa-maria\/familias-cea-hara-una-jornada-de-concientizacion-sobre-autismo-y-discriminacion-en-silvio-pellico\/\"},\"author\":{\"name\":\"Contenidos El Regional\",\"@id\":\"http:\/\/elregionalvm.com.ar\/noticias-villa-maria\/#\/schema\/person\/a0fb9c422317faca23d50163151bc354\"},\"headline\":\"Familias CEA har\u00e1 una jornada de concientizaci\u00f3n sobre Autismo y Discriminaci\u00f3n en Silvio Pellico\",\"datePublished\":\"2022-08-23T22:35:03+00:00\",\"dateModified\":\"2022-08-23T22:35:04+00:00\",\"mainEntityOfPage\":{\"@id\":\"http:\/\/elregionalvm.com.ar\/noticias-villa-maria\/familias-cea-hara-una-jornada-de-concientizacion-sobre-autismo-y-discriminacion-en-silvio-pellico\/\"},\"wordCount\":214,\"commentCount\":0,\"image\":{\"@id\":\"http:\/\/elregionalvm.com.ar\/noticias-villa-maria\/familias-cea-hara-una-jornada-de-concientizacion-sobre-autismo-y-discriminacion-en-silvio-pellico\/#primaryimage\"},\"thumbnailUrl\":\"https:\/\/i0.wp.com\/elregionalvm.com.ar\/noticias-villa-maria\/wp-content\/uploads\/2022\/08\/autismo-1.png?fit=1282%2C683&ssl=1\",\"keywords\":[\"autismo\",\"Autismo y Discriminaci\u00f3n\",\"concientizaci\u00f3n\",\"Familias CEA Villa Mar\u00eda y Villa Nueva\",\"jornada\",\"objetivos\",\"regionales\",\"Silvio Pellico\"],\"articleSection\":[\"destacado\",\"Regi\u00f3n\"],\"inLanguage\":\"es\",\"potentialAction\":[{\"@type\":\"CommentAction\",\"name\":\"Comment\",\"target\":[\"http:\/\/elregionalvm.com.ar\/noticias-villa-maria\/familias-cea-hara-una-jornada-de-concientizacion-sobre-autismo-y-discriminacion-en-silvio-pellico\/#respond\"]}]},{\"@type\":\"WebPage\",\"@id\":\"http:\/\/elregionalvm.com.ar\/noticias-villa-maria\/familias-cea-hara-una-jornada-de-concientizacion-sobre-autismo-y-discriminacion-en-silvio-pellico\/\",\"url\":\"http:\/\/elregionalvm.com.ar\/noticias-villa-maria\/familias-cea-hara-una-jornada-de-concientizacion-sobre-autismo-y-discriminacion-en-silvio-pellico\/\",\"name\":\"Familias CEA har\u00e1 una jornada de concientizaci\u00f3n sobre Autismo y Discriminaci\u00f3n en Silvio Pellico - El Regional\",\"isPartOf\":{\"@id\":\"http:\/\/elregionalvm.com.ar\/noticias-villa-maria\/#website\"},\"primaryImageOfPage\":{\"@id\":\"http:\/\/elregionalvm.com.ar\/noticias-villa-maria\/familias-cea-hara-una-jornada-de-concientizacion-sobre-autismo-y-discriminacion-en-silvio-pellico\/#primaryimage\"},\"image\":{\"@id\":\"http:\/\/elregionalvm.com.ar\/noticias-villa-maria\/familias-cea-hara-una-jornada-de-concientizacion-sobre-autismo-y-discriminacion-en-silvio-pellico\/#primaryimage\"},\"thumbnailUrl\":\"https:\/\/i0.wp.com\/elregionalvm.com.ar\/noticias-villa-maria\/wp-content\/uploads\/2022\/08\/autismo-1.png?fit=1282%2C683&ssl=1\",\"datePublished\":\"2022-08-23T22:35:03+00:00\",\"dateModified\":\"2022-08-23T22:35:04+00:00\",\"author\":{\"@id\":\"http:\/\/elregionalvm.com.ar\/noticias-villa-maria\/#\/schema\/person\/a0fb9c422317faca23d50163151bc354\"},\"breadcrumb\":{\"@id\":\"http:\/\/elregionalvm.com.ar\/noticias-villa-maria\/familias-cea-hara-una-jornada-de-concientizacion-sobre-autismo-y-discriminacion-en-silvio-pellico\/#breadcrumb\"},\"inLanguage\":\"es\",\"potentialAction\":[{\"@type\":\"ReadAction\",\"target\":[\"http:\/\/elregionalvm.com.ar\/noticias-villa-maria\/familias-cea-hara-una-jornada-de-concientizacion-sobre-autismo-y-discriminacion-en-silvio-pellico\/\"]}]},{\"@type\":\"ImageObject\",\"inLanguage\":\"es\",\"@id\":\"http:\/\/elregionalvm.com.ar\/noticias-villa-maria\/familias-cea-hara-una-jornada-de-concientizacion-sobre-autismo-y-discriminacion-en-silvio-pellico\/#primaryimage\",\"url\":\"https:\/\/i0.wp.com\/elregionalvm.com.ar\/noticias-villa-maria\/wp-content\/uploads\/2022\/08\/autismo-1.png?fit=1282%2C683&ssl=1\",\"contentUrl\":\"https:\/\/i0.wp.com\/elregionalvm.com.ar\/noticias-villa-maria\/wp-content\/uploads\/2022\/08\/autismo-1.png?fit=1282%2C683&ssl=1\",\"width\":1282,\"height\":683},{\"@type\":\"BreadcrumbList\",\"@id\":\"http:\/\/elregionalvm.com.ar\/noticias-villa-maria\/familias-cea-hara-una-jornada-de-concientizacion-sobre-autismo-y-discriminacion-en-silvio-pellico\/#breadcrumb\",\"itemListElement\":[{\"@type\":\"ListItem\",\"position\":1,\"name\":\"Portada\",\"item\":\"https:\/\/elregionalvm.com.ar\/noticias-villa-maria\/\"},{\"@type\":\"ListItem\",\"position\":2,\"name\":\"Familias CEA har\u00e1 una jornada de concientizaci\u00f3n sobre Autismo y Discriminaci\u00f3n en Silvio Pellico\"}]},{\"@type\":\"WebSite\",\"@id\":\"http:\/\/elregionalvm.com.ar\/noticias-villa-maria\/#website\",\"url\":\"http:\/\/elregionalvm.com.ar\/noticias-villa-maria\/\",\"name\":\"El Regional\",\"description\":\"Mucho m\u00e1s que informaci\u00f3n\",\"potentialAction\":[{\"@type\":\"SearchAction\",\"target\":{\"@type\":\"EntryPoint\",\"urlTemplate\":\"http:\/\/elregionalvm.com.ar\/noticias-villa-maria\/?s={search_term_string}\"},\"query-input\":{\"@type\":\"PropertyValueSpecification\",\"valueRequired\":true,\"valueName\":\"search_term_string\"}}],\"inLanguage\":\"es\"},{\"@type\":\"Person\",\"@id\":\"http:\/\/elregionalvm.com.ar\/noticias-villa-maria\/#\/schema\/person\/a0fb9c422317faca23d50163151bc354\",\"name\":\"Contenidos El Regional\",\"image\":{\"@type\":\"ImageObject\",\"inLanguage\":\"es\",\"@id\":\"http:\/\/elregionalvm.com.ar\/noticias-villa-maria\/#\/schema\/person\/image\/\",\"url\":\"https:\/\/secure.gravatar.com\/avatar\/265b27cb2209af7bb3a1318f03305787d7981a5cc6e6cd08fe5a4ecdf99d4b48?s=96&d=mm&r=g\",\"contentUrl\":\"https:\/\/secure.gravatar.com\/avatar\/265b27cb2209af7bb3a1318f03305787d7981a5cc6e6cd08fe5a4ecdf99d4b48?s=96&d=mm&r=g\",\"caption\":\"Contenidos El Regional\"},\"url\":\"https:\/\/elregionalvm.com.ar\/noticias-villa-maria\/author\/contenido\/\"}]}<\/script>\n<!-- \/ Yoast SEO plugin. -->","yoast_head_json":{"title":"Familias CEA har\u00e1 una jornada de concientizaci\u00f3n sobre Autismo y Discriminaci\u00f3n en Silvio Pellico - El Regional","robots":{"index":"index","follow":"follow","max-snippet":"max-snippet:-1","max-image-preview":"max-image-preview:large","max-video-preview":"max-video-preview:-1"},"canonical":"http:\/\/elregionalvm.com.ar\/noticias-villa-maria\/familias-cea-hara-una-jornada-de-concientizacion-sobre-autismo-y-discriminacion-en-silvio-pellico\/","og_locale":"es_ES","og_type":"article","og_title":"Familias CEA har\u00e1 una jornada de concientizaci\u00f3n sobre Autismo y Discriminaci\u00f3n en Silvio Pellico - El Regional","og_description":"Familias CEA Villa Mar\u00eda y Villa Nueva, un grupo de familias y padres deni\u00f1os diagnosticados en el Espectro Autista, que bregan por la plena inclusi\u00f3n desus hijos en cada \u00e1mbito que habitan, estar\u00e1n realizando el jueves 26 de agosto, de 13 a 17 horas, una jornada de Concientizaci\u00f3n sobre el Autismo y Discriminaci\u00f3n en el [&hellip;]","og_url":"http:\/\/elregionalvm.com.ar\/noticias-villa-maria\/familias-cea-hara-una-jornada-de-concientizacion-sobre-autismo-y-discriminacion-en-silvio-pellico\/","og_site_name":"El Regional","article_publisher":"https:\/\/www.facebook.com\/elregionalvm","article_published_time":"2022-08-23T22:35:03+00:00","article_modified_time":"2022-08-23T22:35:04+00:00","og_image":[{"width":1282,"height":683,"url":"http:\/\/elregionalvm.com.ar\/noticias-villa-maria\/wp-content\/uploads\/2022\/08\/autismo-1.png","type":"image\/png"}],"author":"Contenidos El Regional","twitter_card":"summary_large_image","twitter_creator":"@elregionalvm1","twitter_site":"@elregionalvm1","twitter_misc":{"Escrito por":"Contenidos El Regional","Tiempo de lectura":"1 minuto"},"schema":{"@context":"https:\/\/schema.org","@graph":[{"@type":"Article","@id":"http:\/\/elregionalvm.com.ar\/noticias-villa-maria\/familias-cea-hara-una-jornada-de-concientizacion-sobre-autismo-y-discriminacion-en-silvio-pellico\/#article","isPartOf":{"@id":"http:\/\/elregionalvm.com.ar\/noticias-villa-maria\/familias-cea-hara-una-jornada-de-concientizacion-sobre-autismo-y-discriminacion-en-silvio-pellico\/"},"author":{"name":"Contenidos El Regional","@id":"http:\/\/elregionalvm.com.ar\/noticias-villa-maria\/#\/schema\/person\/a0fb9c422317faca23d50163151bc354"},"headline":"Familias CEA har\u00e1 una jornada de concientizaci\u00f3n sobre Autismo y Discriminaci\u00f3n en Silvio Pellico","datePublished":"2022-08-23T22:35:03+00:00","dateModified":"2022-08-23T22:35:04+00:00","mainEntityOfPage":{"@id":"http:\/\/elregionalvm.com.ar\/noticias-villa-maria\/familias-cea-hara-una-jornada-de-concientizacion-sobre-autismo-y-discriminacion-en-silvio-pellico\/"},"wordCount":214,"commentCount":0,"image":{"@id":"http:\/\/elregionalvm.com.ar\/noticias-villa-maria\/familias-cea-hara-una-jornada-de-concientizacion-sobre-autismo-y-discriminacion-en-silvio-pellico\/#primaryimage"},"thumbnailUrl":"https:\/\/i0.wp.com\/elregionalvm.com.ar\/noticias-villa-maria\/wp-content\/uploads\/2022\/08\/autismo-1.png?fit=1282%2C683&ssl=1","keywords":["autismo","Autismo y Discriminaci\u00f3n","concientizaci\u00f3n","Familias CEA Villa Mar\u00eda y Villa Nueva","jornada","objetivos","regionales","Silvio Pellico"],"articleSection":["destacado","Regi\u00f3n"],"inLanguage":"es","potentialAction":[{"@type":"CommentAction","name":"Comment","target":["http:\/\/elregionalvm.com.ar\/noticias-villa-maria\/familias-cea-hara-una-jornada-de-concientizacion-sobre-autismo-y-discriminacion-en-silvio-pellico\/#respond"]}]},{"@type":"WebPage","@id":"http:\/\/elregionalvm.com.ar\/noticias-villa-maria\/familias-cea-hara-una-jornada-de-concientizacion-sobre-autismo-y-discriminacion-en-silvio-pellico\/","url":"http:\/\/elregionalvm.com.ar\/noticias-villa-maria\/familias-cea-hara-una-jornada-de-concientizacion-sobre-autismo-y-discriminacion-en-silvio-pellico\/","name":"Familias CEA har\u00e1 una jornada de concientizaci\u00f3n sobre Autismo y Discriminaci\u00f3n en Silvio Pellico - El Regional","isPartOf":{"@id":"http:\/\/elregionalvm.com.ar\/noticias-villa-maria\/#website"},"primaryImageOfPage":{"@id":"http:\/\/elregionalvm.com.ar\/noticias-villa-maria\/familias-cea-hara-una-jornada-de-concientizacion-sobre-autismo-y-discriminacion-en-silvio-pellico\/#primaryimage"},"image":{"@id":"http:\/\/elregionalvm.com.ar\/noticias-villa-maria\/familias-cea-hara-una-jornada-de-concientizacion-sobre-autismo-y-discriminacion-en-silvio-pellico\/#primaryimage"},"thumbnailUrl":"https:\/\/i0.wp.com\/elregionalvm.com.ar\/noticias-villa-maria\/wp-content\/uploads\/2022\/08\/autismo-1.png?fit=1282%2C683&ssl=1","datePublished":"2022-08-23T22:35:03+00:00","dateModified":"2022-08-23T22:35:04+00:00","author":{"@id":"http:\/\/elregionalvm.com.ar\/noticias-villa-maria\/#\/schema\/person\/a0fb9c422317faca23d50163151bc354"},"breadcrumb":{"@id":"http:\/\/elregionalvm.com.ar\/noticias-villa-maria\/familias-cea-hara-una-jornada-de-concientizacion-sobre-autismo-y-discriminacion-en-silvio-pellico\/#breadcrumb"},"inLanguage":"es","potentialAction":[{"@type":"ReadAction","target":["http:\/\/elregionalvm.com.ar\/noticias-villa-maria\/familias-cea-hara-una-jornada-de-concientizacion-sobre-autismo-y-discriminacion-en-silvio-pellico\/"]}]},{"@type":"ImageObject","inLanguage":"es","@id":"http:\/\/elregionalvm.com.ar\/noticias-villa-maria\/familias-cea-hara-una-jornada-de-concientizacion-sobre-autismo-y-discriminacion-en-silvio-pellico\/#primaryimage","url":"https:\/\/i0.wp.com\/elregionalvm.com.ar\/noticias-villa-maria\/wp-content\/uploads\/2022\/08\/autismo-1.png?fit=1282%2C683&ssl=1","contentUrl":"https:\/\/i0.wp.com\/elregionalvm.com.ar\/noticias-villa-maria\/wp-content\/uploads\/2022\/08\/autismo-1.png?fit=1282%2C683&ssl=1","width":1282,"height":683},{"@type":"BreadcrumbList","@id":"http:\/\/elregionalvm.com.ar\/noticias-villa-maria\/familias-cea-hara-una-jornada-de-concientizacion-sobre-autismo-y-discriminacion-en-silvio-pellico\/#breadcrumb","itemListElement":[{"@type":"ListItem","position":1,"name":"Portada","item":"https:\/\/elregionalvm.com.ar\/noticias-villa-maria\/"},{"@type":"ListItem","position":2,"name":"Familias CEA har\u00e1 una jornada de concientizaci\u00f3n sobre Autismo y Discriminaci\u00f3n en Silvio Pellico"}]},{"@type":"WebSite","@id":"http:\/\/elregionalvm.com.ar\/noticias-villa-maria\/#website","url":"http:\/\/elregionalvm.com.ar\/noticias-villa-maria\/","name":"El Regional","description":"Mucho m\u00e1s que informaci\u00f3n","potentialAction":[{"@type":"SearchAction","target":{"@type":"EntryPoint","urlTemplate":"http:\/\/elregionalvm.com.ar\/noticias-villa-maria\/?s={search_term_string}"},"query-input":{"@type":"PropertyValueSpecification","valueRequired":true,"valueName":"search_term_string"}}],"inLanguage":"es"},{"@type":"Person","@id":"http:\/\/elregionalvm.com.ar\/noticias-villa-maria\/#\/schema\/person\/a0fb9c422317faca23d50163151bc354","name":"Contenidos El Regional","image":{"@type":"ImageObject","inLanguage":"es","@id":"http:\/\/elregionalvm.com.ar\/noticias-villa-maria\/#\/schema\/person\/image\/","url":"https:\/\/secure.gravatar.com\/avatar\/265b27cb2209af7bb3a1318f03305787d7981a5cc6e6cd08fe5a4ecdf99d4b48?s=96&d=mm&r=g","contentUrl":"https:\/\/secure.gravatar.com\/avatar\/265b27cb2209af7bb3a1318f03305787d7981a5cc6e6cd08fe5a4ecdf99d4b48?s=96&d=mm&r=g","caption":"Contenidos El Regional"},"url":"https:\/\/elregionalvm.com.ar\/noticias-villa-maria\/author\/contenido\/"}]}},"jetpack_featured_media_url":"https:\/\/i0.wp.com\/elregionalvm.com.ar\/noticias-villa-maria\/wp-content\/uploads\/2022\/08\/autismo-1.png?fit=1282%2C683&ssl=1","jetpack_sharing_enabled":true,"_links":{"self":[{"href":"https:\/\/elregionalvm.com.ar\/noticias-villa-maria\/wp-json\/wp\/v2\/posts\/62838","targetHints":{"allow":["GET"]}}],"collection":[{"href":"https:\/\/elregionalvm.com.ar\/noticias-villa-maria\/wp-json\/wp\/v2\/posts"}],"about":[{"href":"https:\/\/elregionalvm.com.ar\/noticias-villa-maria\/wp-json\/wp\/v2\/types\/post"}],"author":[{"embeddable":true,"href":"https:\/\/elregionalvm.com.ar\/noticias-villa-maria\/wp-json\/wp\/v2\/users\/4"}],"replies":[{"embeddable":true,"href":"https:\/\/elregionalvm.com.ar\/noticias-villa-maria\/wp-json\/wp\/v2\/comments?post=62838"}],"version-history":[{"count":1,"href":"https:\/\/elregionalvm.com.ar\/noticias-villa-maria\/wp-json\/wp\/v2\/posts\/62838\/revisions"}],"predecessor-version":[{"id":62840,"href":"https:\/\/elregionalvm.com.ar\/noticias-villa-maria\/wp-json\/wp\/v2\/posts\/62838\/revisions\/62840"}],"wp:featuredmedia":[{"embeddable":true,"href":"https:\/\/elregionalvm.com.ar\/noticias-villa-maria\/wp-json\/wp\/v2\/media\/62839"}],"wp:attachment":[{"href":"https:\/\/elregionalvm.com.ar\/noticias-villa-maria\/wp-json\/wp\/v2\/media?parent=62838"}],"wp:term":[{"taxonomy":"category","embeddable":true,"href":"https:\/\/elregionalvm.com.ar\/noticias-villa-maria\/wp-json\/wp\/v2\/categories?post=62838"},{"taxonomy":"post_tag","embeddable":true,"href":"https:\/\/elregionalvm.com.ar\/noticias-villa-maria\/wp-json\/wp\/v2\/tags?post=62838"}],"curies":[{"name":"wp","href":"https:\/\/api.w.org\/{rel}","templated":true}]}}