{"id":62841,"date":"2022-08-23T22:51:27","date_gmt":"2022-08-23T22:51:27","guid":{"rendered":"https:\/\/elregionalvm.com.ar\/noticias-villa-maria\/?p=62841"},"modified":"2022-08-23T22:51:28","modified_gmt":"2022-08-23T22:51:28","slug":"con-un-acto-y-una-marcha-la-ciudad-conmemoro-el-210o-aniversario-del-exodo-jujeno","status":"publish","type":"post","link":"https:\/\/elregionalvm.com.ar\/noticias-villa-maria\/con-un-acto-y-una-marcha-la-ciudad-conmemoro-el-210o-aniversario-del-exodo-jujeno\/","title":{"rendered":"Con un acto y una marcha la ciudad conmemor\u00f3 el 210\u00ba aniversario del \u00c9xodo Juje\u00f1o"},"content":{"rendered":"\n<p>Con la intenci\u00f3n de destacar el hero\u00edsmo de la gesta conducida por Manuel Belgrano y protagonizada por el pueblo juje\u00f1o en 1812, conmemorando el 210\u00ba aniversario del \u00c9xodo Juje\u00f1o, en horas de la tarde y organizada por el Instituto Belgraniano Villa Mar\u00eda, se desarroll\u00f3 una marcha que cont\u00f3 con la participaci\u00f3n del intendente Mart\u00edn Gill.<\/p>\n\n\n\n<p>La conmemoraci\u00f3n comenz\u00f3 en el monumento que recuerda a los H\u00e9roes de Malvinas, ubicado en la intersecci\u00f3n de bulevares Espa\u00f1a y V\u00e9lez Sarsfield, y finaliz\u00f3 en la esquina de bulevar Espa\u00f1a y Rawson, donde se encuentra el monumento Ecuestre al General Manuel Belgrano.<\/p>\n\n\n\n<figure class=\"wp-block-gallery has-nested-images columns-default is-cropped wp-block-gallery-1 is-layout-flex wp-block-gallery-is-layout-flex\">\n<figure class=\"wp-block-image size-large\"><img data-recalc-dims=\"1\" fetchpriority=\"high\" decoding=\"async\" width=\"1024\" height=\"682\" data-id=\"62844\" src=\"https:\/\/i0.wp.com\/elregionalvm.com.ar\/noticias-villa-maria\/wp-content\/uploads\/2022\/08\/WhatsApp-Image-2022-08-23-at-6.59.39-PM.jpeg?resize=1024%2C682&#038;ssl=1\" alt=\"\" class=\"wp-image-62844\" srcset=\"https:\/\/i0.wp.com\/elregionalvm.com.ar\/noticias-villa-maria\/wp-content\/uploads\/2022\/08\/WhatsApp-Image-2022-08-23-at-6.59.39-PM.jpeg?resize=1024%2C682&amp;ssl=1 1024w, https:\/\/i0.wp.com\/elregionalvm.com.ar\/noticias-villa-maria\/wp-content\/uploads\/2022\/08\/WhatsApp-Image-2022-08-23-at-6.59.39-PM.jpeg?resize=300%2C200&amp;ssl=1 300w, https:\/\/i0.wp.com\/elregionalvm.com.ar\/noticias-villa-maria\/wp-content\/uploads\/2022\/08\/WhatsApp-Image-2022-08-23-at-6.59.39-PM.jpeg?resize=768%2C512&amp;ssl=1 768w, https:\/\/i0.wp.com\/elregionalvm.com.ar\/noticias-villa-maria\/wp-content\/uploads\/2022\/08\/WhatsApp-Image-2022-08-23-at-6.59.39-PM.jpeg?w=1280&amp;ssl=1 1280w\" sizes=\"(max-width: 1000px) 100vw, 1000px\" \/><\/figure>\n\n\n\n<figure class=\"wp-block-image size-large\"><img data-recalc-dims=\"1\" decoding=\"async\" width=\"1024\" height=\"682\" data-id=\"62843\" src=\"https:\/\/i0.wp.com\/elregionalvm.com.ar\/noticias-villa-maria\/wp-content\/uploads\/2022\/08\/WhatsApp-Image-2022-08-23-at-6.59.38-PM-1.jpeg?resize=1024%2C682&#038;ssl=1\" alt=\"\" class=\"wp-image-62843\" srcset=\"https:\/\/i0.wp.com\/elregionalvm.com.ar\/noticias-villa-maria\/wp-content\/uploads\/2022\/08\/WhatsApp-Image-2022-08-23-at-6.59.38-PM-1.jpeg?resize=1024%2C682&amp;ssl=1 1024w, https:\/\/i0.wp.com\/elregionalvm.com.ar\/noticias-villa-maria\/wp-content\/uploads\/2022\/08\/WhatsApp-Image-2022-08-23-at-6.59.38-PM-1.jpeg?resize=300%2C200&amp;ssl=1 300w, https:\/\/i0.wp.com\/elregionalvm.com.ar\/noticias-villa-maria\/wp-content\/uploads\/2022\/08\/WhatsApp-Image-2022-08-23-at-6.59.38-PM-1.jpeg?resize=768%2C512&amp;ssl=1 768w, https:\/\/i0.wp.com\/elregionalvm.com.ar\/noticias-villa-maria\/wp-content\/uploads\/2022\/08\/WhatsApp-Image-2022-08-23-at-6.59.38-PM-1.jpeg?w=1280&amp;ssl=1 1280w\" sizes=\"(max-width: 1000px) 100vw, 1000px\" \/><\/figure>\n<\/figure>\n\n\n\n<p>Con respecto a \u00c9xodo Juje\u00f1o, uno de los hitos de la campa\u00f1a libertadora, Gill destac\u00f3: \u201cEsta es una conmemoraci\u00f3n muy significativa para nuestra Patria. Estos dos puntos, donde comenz\u00f3 y donde termin\u00f3 la marcha no son casualidad, ellos nos han representado\u201d. Luego sentenci\u00f3: \u201cEstas fechas no pueden ser olvidadas. Esa construcci\u00f3n de la Patria no solo se da por parte de las autoridades, es con todos y para todos, es permanente, es todos los d\u00edas, donde nos toque estar\u201d.<\/p>\n\n\n\n<p>A continuaci\u00f3n dej\u00f3 su mensaje el presidente del Instituto Belgraniano Villa Mar\u00eda, Mauricio Fava, quien expres\u00f3 que \u201cesta fecha es s\u00edmbolo de coraje, fraternidad. Hoy honramos a hombres mujeres y ni\u00f1os que dejaron todo por la Patria\u201d. Al finalizar las alocuciones tuvo lugar una demostraci\u00f3n art\u00edstica por parte de la Agrupaci\u00f3n Sue\u00f1os de Tradici\u00f3n, Estudio Bailares, Ateneo Folkl\u00f3rico Villa Mar\u00eda y la Agrupaci\u00f3n Patria y Danza.<\/p>\n\n\n\n<p>Acompa\u00f1aron el Regimiento de Infanter\u00eda Paracaidista 2 General Balcarce; el secretario de Educaci\u00f3n, Cultura y Promoci\u00f3n de la Ciencia, Rafael Sachetto; representantes de fuerzas de seguridad; veteranos de Malvinas, representantes de centros vecinales; vecinos y vecinas del sector.<\/p>\n","protected":false},"excerpt":{"rendered":"<p>Con la intenci\u00f3n de destacar el hero\u00edsmo de la gesta conducida por Manuel Belgrano y protagonizada por el pueblo juje\u00f1o en 1812, conmemorando el 210\u00ba aniversario del \u00c9xodo Juje\u00f1o, en horas de la tarde y organizada por el Instituto Belgraniano Villa Mar\u00eda, se desarroll\u00f3 una marcha que cont\u00f3 con la participaci\u00f3n del intendente Mart\u00edn Gill. [&hellip;]<\/p>\n","protected":false},"author":4,"featured_media":62842,"comment_status":"open","ping_status":"open","sticky":false,"template":"","format":"standard","meta":{"site-sidebar-layout":"default","site-content-layout":"","ast-site-content-layout":"default","site-content-style":"default","site-sidebar-style":"default","ast-global-header-display":"","ast-banner-title-visibility":"","ast-main-header-display":"","ast-hfb-above-header-display":"","ast-hfb-below-header-display":"","ast-hfb-mobile-header-display":"","site-post-title":"","ast-breadcrumbs-content":"","ast-featured-img":"","footer-sml-layout":"","ast-disable-related-posts":"","theme-transparent-header-meta":"","adv-header-id-meta":"","stick-header-meta":"","header-above-stick-meta":"","header-main-stick-meta":"","header-below-stick-meta":"","astra-migrate-meta-layouts":"default","ast-page-background-enabled":"default","ast-page-background-meta":{"desktop":{"background-color":"","background-image":"","background-repeat":"repeat","background-position":"center center","background-size":"auto","background-attachment":"scroll","background-type":"","background-media":"","overlay-type":"","overlay-color":"","overlay-opacity":"","overlay-gradient":""},"tablet":{"background-color":"","background-image":"","background-repeat":"repeat","background-position":"center center","background-size":"auto","background-attachment":"scroll","background-type":"","background-media":"","overlay-type":"","overlay-color":"","overlay-opacity":"","overlay-gradient":""},"mobile":{"background-color":"","background-image":"","background-repeat":"repeat","background-position":"center center","background-size":"auto","background-attachment":"scroll","background-type":"","background-media":"","overlay-type":"","overlay-color":"","overlay-opacity":"","overlay-gradient":""}},"ast-content-background-meta":{"desktop":{"background-color":"var(--ast-global-color-5)","background-image":"","background-repeat":"repeat","background-position":"center center","background-size":"auto","background-attachment":"scroll","background-type":"","background-media":"","overlay-type":"","overlay-color":"","overlay-opacity":"","overlay-gradient":""},"tablet":{"background-color":"var(--ast-global-color-5)","background-image":"","background-repeat":"repeat","background-position":"center center","background-size":"auto","background-attachment":"scroll","background-type":"","background-media":"","overlay-type":"","overlay-color":"","overlay-opacity":"","overlay-gradient":""},"mobile":{"background-color":"var(--ast-global-color-5)","background-image":"","background-repeat":"repeat","background-position":"center center","background-size":"auto","background-attachment":"scroll","background-type":"","background-media":"","overlay-type":"","overlay-color":"","overlay-opacity":"","overlay-gradient":""}},"_jetpack_memberships_contains_paid_content":false,"_joinchat":[],"footnotes":""},"categories":[15302,2],"tags":[17632,17633,17631,17634,17637,17635],"class_list":["post-62841","post","type-post","status-publish","format-standard","has-post-thumbnail","hentry","category-destacado","category-villa-maria","tag-210-aniversario","tag-acto-y-marcha","tag-exodo-jujeno","tag-instituto-belgraniano-villa-maria","tag-monumento-ecuestre-de-belgrano","tag-monumento-heroes-de-malvinas"],"yoast_head":"<!-- This site is optimized with the Yoast SEO plugin v26.8 - https:\/\/yoast.com\/product\/yoast-seo-wordpress\/ -->\n<title>Con un acto y una marcha la ciudad conmemor\u00f3 el 210\u00ba aniversario del \u00c9xodo Juje\u00f1o - El Regional<\/title>\n<meta name=\"robots\" content=\"index, follow, max-snippet:-1, max-image-preview:large, max-video-preview:-1\" \/>\n<link rel=\"canonical\" href=\"http:\/\/elregionalvm.com.ar\/noticias-villa-maria\/con-un-acto-y-una-marcha-la-ciudad-conmemoro-el-210o-aniversario-del-exodo-jujeno\/\" \/>\n<meta property=\"og:locale\" content=\"es_ES\" \/>\n<meta property=\"og:type\" content=\"article\" \/>\n<meta property=\"og:title\" content=\"Con un acto y una marcha la ciudad conmemor\u00f3 el 210\u00ba aniversario del \u00c9xodo Juje\u00f1o - El Regional\" \/>\n<meta property=\"og:description\" content=\"Con la intenci\u00f3n de destacar el hero\u00edsmo de la gesta conducida por Manuel Belgrano y protagonizada por el pueblo juje\u00f1o en 1812, conmemorando el 210\u00ba aniversario del \u00c9xodo Juje\u00f1o, en horas de la tarde y organizada por el Instituto Belgraniano Villa Mar\u00eda, se desarroll\u00f3 una marcha que cont\u00f3 con la participaci\u00f3n del intendente Mart\u00edn Gill. [&hellip;]\" \/>\n<meta property=\"og:url\" content=\"http:\/\/elregionalvm.com.ar\/noticias-villa-maria\/con-un-acto-y-una-marcha-la-ciudad-conmemoro-el-210o-aniversario-del-exodo-jujeno\/\" \/>\n<meta property=\"og:site_name\" content=\"El Regional\" \/>\n<meta property=\"article:publisher\" content=\"https:\/\/www.facebook.com\/elregionalvm\" \/>\n<meta property=\"article:published_time\" content=\"2022-08-23T22:51:27+00:00\" \/>\n<meta property=\"article:modified_time\" content=\"2022-08-23T22:51:28+00:00\" \/>\n<meta property=\"og:image\" content=\"http:\/\/elregionalvm.com.ar\/noticias-villa-maria\/wp-content\/uploads\/2022\/08\/WhatsApp-Image-2022-08-23-at-6.59.38-PM.jpeg\" \/>\n\t<meta property=\"og:image:width\" content=\"1280\" \/>\n\t<meta property=\"og:image:height\" content=\"853\" \/>\n\t<meta property=\"og:image:type\" content=\"image\/jpeg\" \/>\n<meta name=\"author\" content=\"Contenidos El Regional\" \/>\n<meta name=\"twitter:card\" content=\"summary_large_image\" \/>\n<meta name=\"twitter:creator\" content=\"@elregionalvm1\" \/>\n<meta name=\"twitter:site\" content=\"@elregionalvm1\" \/>\n<meta name=\"twitter:label1\" content=\"Escrito por\" \/>\n\t<meta name=\"twitter:data1\" content=\"Contenidos El Regional\" \/>\n\t<meta name=\"twitter:label2\" content=\"Tiempo de lectura\" \/>\n\t<meta name=\"twitter:data2\" content=\"2 minutos\" \/>\n<script type=\"application\/ld+json\" class=\"yoast-schema-graph\">{\"@context\":\"https:\/\/schema.org\",\"@graph\":[{\"@type\":\"Article\",\"@id\":\"http:\/\/elregionalvm.com.ar\/noticias-villa-maria\/con-un-acto-y-una-marcha-la-ciudad-conmemoro-el-210o-aniversario-del-exodo-jujeno\/#article\",\"isPartOf\":{\"@id\":\"http:\/\/elregionalvm.com.ar\/noticias-villa-maria\/con-un-acto-y-una-marcha-la-ciudad-conmemoro-el-210o-aniversario-del-exodo-jujeno\/\"},\"author\":{\"name\":\"Contenidos El Regional\",\"@id\":\"http:\/\/elregionalvm.com.ar\/noticias-villa-maria\/#\/schema\/person\/a0fb9c422317faca23d50163151bc354\"},\"headline\":\"Con un acto y una marcha la ciudad conmemor\u00f3 el 210\u00ba aniversario del \u00c9xodo Juje\u00f1o\",\"datePublished\":\"2022-08-23T22:51:27+00:00\",\"dateModified\":\"2022-08-23T22:51:28+00:00\",\"mainEntityOfPage\":{\"@id\":\"http:\/\/elregionalvm.com.ar\/noticias-villa-maria\/con-un-acto-y-una-marcha-la-ciudad-conmemoro-el-210o-aniversario-del-exodo-jujeno\/\"},\"wordCount\":327,\"commentCount\":0,\"image\":{\"@id\":\"http:\/\/elregionalvm.com.ar\/noticias-villa-maria\/con-un-acto-y-una-marcha-la-ciudad-conmemoro-el-210o-aniversario-del-exodo-jujeno\/#primaryimage\"},\"thumbnailUrl\":\"https:\/\/i0.wp.com\/elregionalvm.com.ar\/noticias-villa-maria\/wp-content\/uploads\/2022\/08\/WhatsApp-Image-2022-08-23-at-6.59.38-PM.jpeg?fit=1280%2C853&ssl=1\",\"keywords\":[\"210 aniversario\",\"acto y marcha\",\"\u00c8xodo Juje\u00f1o\",\"Instituto Belgraniano Villa Mar\u00eda\",\"Monumento ecuestre de Belgrano\",\"Monumento H\u00e9roes de Malvinas\"],\"articleSection\":[\"destacado\",\"Villa Mar\u00eda\"],\"inLanguage\":\"es\",\"potentialAction\":[{\"@type\":\"CommentAction\",\"name\":\"Comment\",\"target\":[\"http:\/\/elregionalvm.com.ar\/noticias-villa-maria\/con-un-acto-y-una-marcha-la-ciudad-conmemoro-el-210o-aniversario-del-exodo-jujeno\/#respond\"]}]},{\"@type\":\"WebPage\",\"@id\":\"http:\/\/elregionalvm.com.ar\/noticias-villa-maria\/con-un-acto-y-una-marcha-la-ciudad-conmemoro-el-210o-aniversario-del-exodo-jujeno\/\",\"url\":\"http:\/\/elregionalvm.com.ar\/noticias-villa-maria\/con-un-acto-y-una-marcha-la-ciudad-conmemoro-el-210o-aniversario-del-exodo-jujeno\/\",\"name\":\"Con un acto y una marcha la ciudad conmemor\u00f3 el 210\u00ba aniversario del \u00c9xodo Juje\u00f1o - El Regional\",\"isPartOf\":{\"@id\":\"http:\/\/elregionalvm.com.ar\/noticias-villa-maria\/#website\"},\"primaryImageOfPage\":{\"@id\":\"http:\/\/elregionalvm.com.ar\/noticias-villa-maria\/con-un-acto-y-una-marcha-la-ciudad-conmemoro-el-210o-aniversario-del-exodo-jujeno\/#primaryimage\"},\"image\":{\"@id\":\"http:\/\/elregionalvm.com.ar\/noticias-villa-maria\/con-un-acto-y-una-marcha-la-ciudad-conmemoro-el-210o-aniversario-del-exodo-jujeno\/#primaryimage\"},\"thumbnailUrl\":\"https:\/\/i0.wp.com\/elregionalvm.com.ar\/noticias-villa-maria\/wp-content\/uploads\/2022\/08\/WhatsApp-Image-2022-08-23-at-6.59.38-PM.jpeg?fit=1280%2C853&ssl=1\",\"datePublished\":\"2022-08-23T22:51:27+00:00\",\"dateModified\":\"2022-08-23T22:51:28+00:00\",\"author\":{\"@id\":\"http:\/\/elregionalvm.com.ar\/noticias-villa-maria\/#\/schema\/person\/a0fb9c422317faca23d50163151bc354\"},\"breadcrumb\":{\"@id\":\"http:\/\/elregionalvm.com.ar\/noticias-villa-maria\/con-un-acto-y-una-marcha-la-ciudad-conmemoro-el-210o-aniversario-del-exodo-jujeno\/#breadcrumb\"},\"inLanguage\":\"es\",\"potentialAction\":[{\"@type\":\"ReadAction\",\"target\":[\"http:\/\/elregionalvm.com.ar\/noticias-villa-maria\/con-un-acto-y-una-marcha-la-ciudad-conmemoro-el-210o-aniversario-del-exodo-jujeno\/\"]}]},{\"@type\":\"ImageObject\",\"inLanguage\":\"es\",\"@id\":\"http:\/\/elregionalvm.com.ar\/noticias-villa-maria\/con-un-acto-y-una-marcha-la-ciudad-conmemoro-el-210o-aniversario-del-exodo-jujeno\/#primaryimage\",\"url\":\"https:\/\/i0.wp.com\/elregionalvm.com.ar\/noticias-villa-maria\/wp-content\/uploads\/2022\/08\/WhatsApp-Image-2022-08-23-at-6.59.38-PM.jpeg?fit=1280%2C853&ssl=1\",\"contentUrl\":\"https:\/\/i0.wp.com\/elregionalvm.com.ar\/noticias-villa-maria\/wp-content\/uploads\/2022\/08\/WhatsApp-Image-2022-08-23-at-6.59.38-PM.jpeg?fit=1280%2C853&ssl=1\",\"width\":1280,\"height\":853},{\"@type\":\"BreadcrumbList\",\"@id\":\"http:\/\/elregionalvm.com.ar\/noticias-villa-maria\/con-un-acto-y-una-marcha-la-ciudad-conmemoro-el-210o-aniversario-del-exodo-jujeno\/#breadcrumb\",\"itemListElement\":[{\"@type\":\"ListItem\",\"position\":1,\"name\":\"Portada\",\"item\":\"https:\/\/elregionalvm.com.ar\/noticias-villa-maria\/\"},{\"@type\":\"ListItem\",\"position\":2,\"name\":\"Con un acto y una marcha la ciudad conmemor\u00f3 el 210\u00ba aniversario del \u00c9xodo Juje\u00f1o\"}]},{\"@type\":\"WebSite\",\"@id\":\"http:\/\/elregionalvm.com.ar\/noticias-villa-maria\/#website\",\"url\":\"http:\/\/elregionalvm.com.ar\/noticias-villa-maria\/\",\"name\":\"El Regional\",\"description\":\"Mucho m\u00e1s que informaci\u00f3n\",\"potentialAction\":[{\"@type\":\"SearchAction\",\"target\":{\"@type\":\"EntryPoint\",\"urlTemplate\":\"http:\/\/elregionalvm.com.ar\/noticias-villa-maria\/?s={search_term_string}\"},\"query-input\":{\"@type\":\"PropertyValueSpecification\",\"valueRequired\":true,\"valueName\":\"search_term_string\"}}],\"inLanguage\":\"es\"},{\"@type\":\"Person\",\"@id\":\"http:\/\/elregionalvm.com.ar\/noticias-villa-maria\/#\/schema\/person\/a0fb9c422317faca23d50163151bc354\",\"name\":\"Contenidos El Regional\",\"image\":{\"@type\":\"ImageObject\",\"inLanguage\":\"es\",\"@id\":\"http:\/\/elregionalvm.com.ar\/noticias-villa-maria\/#\/schema\/person\/image\/\",\"url\":\"https:\/\/secure.gravatar.com\/avatar\/265b27cb2209af7bb3a1318f03305787d7981a5cc6e6cd08fe5a4ecdf99d4b48?s=96&d=mm&r=g\",\"contentUrl\":\"https:\/\/secure.gravatar.com\/avatar\/265b27cb2209af7bb3a1318f03305787d7981a5cc6e6cd08fe5a4ecdf99d4b48?s=96&d=mm&r=g\",\"caption\":\"Contenidos El Regional\"},\"url\":\"https:\/\/elregionalvm.com.ar\/noticias-villa-maria\/author\/contenido\/\"}]}<\/script>\n<!-- \/ Yoast SEO plugin. -->","yoast_head_json":{"title":"Con un acto y una marcha la ciudad conmemor\u00f3 el 210\u00ba aniversario del \u00c9xodo Juje\u00f1o - El Regional","robots":{"index":"index","follow":"follow","max-snippet":"max-snippet:-1","max-image-preview":"max-image-preview:large","max-video-preview":"max-video-preview:-1"},"canonical":"http:\/\/elregionalvm.com.ar\/noticias-villa-maria\/con-un-acto-y-una-marcha-la-ciudad-conmemoro-el-210o-aniversario-del-exodo-jujeno\/","og_locale":"es_ES","og_type":"article","og_title":"Con un acto y una marcha la ciudad conmemor\u00f3 el 210\u00ba aniversario del \u00c9xodo Juje\u00f1o - El Regional","og_description":"Con la intenci\u00f3n de destacar el hero\u00edsmo de la gesta conducida por Manuel Belgrano y protagonizada por el pueblo juje\u00f1o en 1812, conmemorando el 210\u00ba aniversario del \u00c9xodo Juje\u00f1o, en horas de la tarde y organizada por el Instituto Belgraniano Villa Mar\u00eda, se desarroll\u00f3 una marcha que cont\u00f3 con la participaci\u00f3n del intendente Mart\u00edn Gill. [&hellip;]","og_url":"http:\/\/elregionalvm.com.ar\/noticias-villa-maria\/con-un-acto-y-una-marcha-la-ciudad-conmemoro-el-210o-aniversario-del-exodo-jujeno\/","og_site_name":"El Regional","article_publisher":"https:\/\/www.facebook.com\/elregionalvm","article_published_time":"2022-08-23T22:51:27+00:00","article_modified_time":"2022-08-23T22:51:28+00:00","og_image":[{"width":1280,"height":853,"url":"http:\/\/elregionalvm.com.ar\/noticias-villa-maria\/wp-content\/uploads\/2022\/08\/WhatsApp-Image-2022-08-23-at-6.59.38-PM.jpeg","type":"image\/jpeg"}],"author":"Contenidos El Regional","twitter_card":"summary_large_image","twitter_creator":"@elregionalvm1","twitter_site":"@elregionalvm1","twitter_misc":{"Escrito por":"Contenidos El Regional","Tiempo de lectura":"2 minutos"},"schema":{"@context":"https:\/\/schema.org","@graph":[{"@type":"Article","@id":"http:\/\/elregionalvm.com.ar\/noticias-villa-maria\/con-un-acto-y-una-marcha-la-ciudad-conmemoro-el-210o-aniversario-del-exodo-jujeno\/#article","isPartOf":{"@id":"http:\/\/elregionalvm.com.ar\/noticias-villa-maria\/con-un-acto-y-una-marcha-la-ciudad-conmemoro-el-210o-aniversario-del-exodo-jujeno\/"},"author":{"name":"Contenidos El Regional","@id":"http:\/\/elregionalvm.com.ar\/noticias-villa-maria\/#\/schema\/person\/a0fb9c422317faca23d50163151bc354"},"headline":"Con un acto y una marcha la ciudad conmemor\u00f3 el 210\u00ba aniversario del \u00c9xodo Juje\u00f1o","datePublished":"2022-08-23T22:51:27+00:00","dateModified":"2022-08-23T22:51:28+00:00","mainEntityOfPage":{"@id":"http:\/\/elregionalvm.com.ar\/noticias-villa-maria\/con-un-acto-y-una-marcha-la-ciudad-conmemoro-el-210o-aniversario-del-exodo-jujeno\/"},"wordCount":327,"commentCount":0,"image":{"@id":"http:\/\/elregionalvm.com.ar\/noticias-villa-maria\/con-un-acto-y-una-marcha-la-ciudad-conmemoro-el-210o-aniversario-del-exodo-jujeno\/#primaryimage"},"thumbnailUrl":"https:\/\/i0.wp.com\/elregionalvm.com.ar\/noticias-villa-maria\/wp-content\/uploads\/2022\/08\/WhatsApp-Image-2022-08-23-at-6.59.38-PM.jpeg?fit=1280%2C853&ssl=1","keywords":["210 aniversario","acto y marcha","\u00c8xodo Juje\u00f1o","Instituto Belgraniano Villa Mar\u00eda","Monumento ecuestre de Belgrano","Monumento H\u00e9roes de Malvinas"],"articleSection":["destacado","Villa Mar\u00eda"],"inLanguage":"es","potentialAction":[{"@type":"CommentAction","name":"Comment","target":["http:\/\/elregionalvm.com.ar\/noticias-villa-maria\/con-un-acto-y-una-marcha-la-ciudad-conmemoro-el-210o-aniversario-del-exodo-jujeno\/#respond"]}]},{"@type":"WebPage","@id":"http:\/\/elregionalvm.com.ar\/noticias-villa-maria\/con-un-acto-y-una-marcha-la-ciudad-conmemoro-el-210o-aniversario-del-exodo-jujeno\/","url":"http:\/\/elregionalvm.com.ar\/noticias-villa-maria\/con-un-acto-y-una-marcha-la-ciudad-conmemoro-el-210o-aniversario-del-exodo-jujeno\/","name":"Con un acto y una marcha la ciudad conmemor\u00f3 el 210\u00ba aniversario del \u00c9xodo Juje\u00f1o - El Regional","isPartOf":{"@id":"http:\/\/elregionalvm.com.ar\/noticias-villa-maria\/#website"},"primaryImageOfPage":{"@id":"http:\/\/elregionalvm.com.ar\/noticias-villa-maria\/con-un-acto-y-una-marcha-la-ciudad-conmemoro-el-210o-aniversario-del-exodo-jujeno\/#primaryimage"},"image":{"@id":"http:\/\/elregionalvm.com.ar\/noticias-villa-maria\/con-un-acto-y-una-marcha-la-ciudad-conmemoro-el-210o-aniversario-del-exodo-jujeno\/#primaryimage"},"thumbnailUrl":"https:\/\/i0.wp.com\/elregionalvm.com.ar\/noticias-villa-maria\/wp-content\/uploads\/2022\/08\/WhatsApp-Image-2022-08-23-at-6.59.38-PM.jpeg?fit=1280%2C853&ssl=1","datePublished":"2022-08-23T22:51:27+00:00","dateModified":"2022-08-23T22:51:28+00:00","author":{"@id":"http:\/\/elregionalvm.com.ar\/noticias-villa-maria\/#\/schema\/person\/a0fb9c422317faca23d50163151bc354"},"breadcrumb":{"@id":"http:\/\/elregionalvm.com.ar\/noticias-villa-maria\/con-un-acto-y-una-marcha-la-ciudad-conmemoro-el-210o-aniversario-del-exodo-jujeno\/#breadcrumb"},"inLanguage":"es","potentialAction":[{"@type":"ReadAction","target":["http:\/\/elregionalvm.com.ar\/noticias-villa-maria\/con-un-acto-y-una-marcha-la-ciudad-conmemoro-el-210o-aniversario-del-exodo-jujeno\/"]}]},{"@type":"ImageObject","inLanguage":"es","@id":"http:\/\/elregionalvm.com.ar\/noticias-villa-maria\/con-un-acto-y-una-marcha-la-ciudad-conmemoro-el-210o-aniversario-del-exodo-jujeno\/#primaryimage","url":"https:\/\/i0.wp.com\/elregionalvm.com.ar\/noticias-villa-maria\/wp-content\/uploads\/2022\/08\/WhatsApp-Image-2022-08-23-at-6.59.38-PM.jpeg?fit=1280%2C853&ssl=1","contentUrl":"https:\/\/i0.wp.com\/elregionalvm.com.ar\/noticias-villa-maria\/wp-content\/uploads\/2022\/08\/WhatsApp-Image-2022-08-23-at-6.59.38-PM.jpeg?fit=1280%2C853&ssl=1","width":1280,"height":853},{"@type":"BreadcrumbList","@id":"http:\/\/elregionalvm.com.ar\/noticias-villa-maria\/con-un-acto-y-una-marcha-la-ciudad-conmemoro-el-210o-aniversario-del-exodo-jujeno\/#breadcrumb","itemListElement":[{"@type":"ListItem","position":1,"name":"Portada","item":"https:\/\/elregionalvm.com.ar\/noticias-villa-maria\/"},{"@type":"ListItem","position":2,"name":"Con un acto y una marcha la ciudad conmemor\u00f3 el 210\u00ba aniversario del \u00c9xodo Juje\u00f1o"}]},{"@type":"WebSite","@id":"http:\/\/elregionalvm.com.ar\/noticias-villa-maria\/#website","url":"http:\/\/elregionalvm.com.ar\/noticias-villa-maria\/","name":"El Regional","description":"Mucho m\u00e1s que informaci\u00f3n","potentialAction":[{"@type":"SearchAction","target":{"@type":"EntryPoint","urlTemplate":"http:\/\/elregionalvm.com.ar\/noticias-villa-maria\/?s={search_term_string}"},"query-input":{"@type":"PropertyValueSpecification","valueRequired":true,"valueName":"search_term_string"}}],"inLanguage":"es"},{"@type":"Person","@id":"http:\/\/elregionalvm.com.ar\/noticias-villa-maria\/#\/schema\/person\/a0fb9c422317faca23d50163151bc354","name":"Contenidos El Regional","image":{"@type":"ImageObject","inLanguage":"es","@id":"http:\/\/elregionalvm.com.ar\/noticias-villa-maria\/#\/schema\/person\/image\/","url":"https:\/\/secure.gravatar.com\/avatar\/265b27cb2209af7bb3a1318f03305787d7981a5cc6e6cd08fe5a4ecdf99d4b48?s=96&d=mm&r=g","contentUrl":"https:\/\/secure.gravatar.com\/avatar\/265b27cb2209af7bb3a1318f03305787d7981a5cc6e6cd08fe5a4ecdf99d4b48?s=96&d=mm&r=g","caption":"Contenidos El Regional"},"url":"https:\/\/elregionalvm.com.ar\/noticias-villa-maria\/author\/contenido\/"}]}},"jetpack_featured_media_url":"https:\/\/i0.wp.com\/elregionalvm.com.ar\/noticias-villa-maria\/wp-content\/uploads\/2022\/08\/WhatsApp-Image-2022-08-23-at-6.59.38-PM.jpeg?fit=1280%2C853&ssl=1","jetpack_sharing_enabled":true,"_links":{"self":[{"href":"https:\/\/elregionalvm.com.ar\/noticias-villa-maria\/wp-json\/wp\/v2\/posts\/62841","targetHints":{"allow":["GET"]}}],"collection":[{"href":"https:\/\/elregionalvm.com.ar\/noticias-villa-maria\/wp-json\/wp\/v2\/posts"}],"about":[{"href":"https:\/\/elregionalvm.com.ar\/noticias-villa-maria\/wp-json\/wp\/v2\/types\/post"}],"author":[{"embeddable":true,"href":"https:\/\/elregionalvm.com.ar\/noticias-villa-maria\/wp-json\/wp\/v2\/users\/4"}],"replies":[{"embeddable":true,"href":"https:\/\/elregionalvm.com.ar\/noticias-villa-maria\/wp-json\/wp\/v2\/comments?post=62841"}],"version-history":[{"count":1,"href":"https:\/\/elregionalvm.com.ar\/noticias-villa-maria\/wp-json\/wp\/v2\/posts\/62841\/revisions"}],"predecessor-version":[{"id":62845,"href":"https:\/\/elregionalvm.com.ar\/noticias-villa-maria\/wp-json\/wp\/v2\/posts\/62841\/revisions\/62845"}],"wp:featuredmedia":[{"embeddable":true,"href":"https:\/\/elregionalvm.com.ar\/noticias-villa-maria\/wp-json\/wp\/v2\/media\/62842"}],"wp:attachment":[{"href":"https:\/\/elregionalvm.com.ar\/noticias-villa-maria\/wp-json\/wp\/v2\/media?parent=62841"}],"wp:term":[{"taxonomy":"category","embeddable":true,"href":"https:\/\/elregionalvm.com.ar\/noticias-villa-maria\/wp-json\/wp\/v2\/categories?post=62841"},{"taxonomy":"post_tag","embeddable":true,"href":"https:\/\/elregionalvm.com.ar\/noticias-villa-maria\/wp-json\/wp\/v2\/tags?post=62841"}],"curies":[{"name":"wp","href":"https:\/\/api.w.org\/{rel}","templated":true}]}}