{"id":62846,"date":"2022-08-23T23:22:39","date_gmt":"2022-08-23T23:22:39","guid":{"rendered":"https:\/\/elregionalvm.com.ar\/noticias-villa-maria\/?p=62846"},"modified":"2022-08-23T23:22:41","modified_gmt":"2022-08-23T23:22:41","slug":"en-el-aeroclub-local-se-recibio-la-primera-piloto-aero-aplicadora-de-la-provincia","status":"publish","type":"post","link":"https:\/\/elregionalvm.com.ar\/noticias-villa-maria\/en-el-aeroclub-local-se-recibio-la-primera-piloto-aero-aplicadora-de-la-provincia\/","title":{"rendered":"En el Aeroclub local se recibi\u00f3 la primera piloto aero aplicadora de la Provincia"},"content":{"rendered":"\n<p>Este martes 23 de agosto, seguramente quedar\u00e1 grabada en la memoria del Aeroclub Villa Mar\u00eda porque  Luc\u00eda Vastik rindi\u00f3 satisfactoriamente convirti\u00e9ndose en la primera piloto aplicadora en la historia del club , pero adem\u00e1s se trata de la primera piloto de la Provincia de C\u00f3rdoba , de acuerdo a las versiones que surgen del mismo Aeroclub. <\/p>\n\n\n\n<p>Luc\u00eda Vastik es oriunda de C\u00f3rdoba Capital, tiene 22 a\u00f1os y formar\u00eda parte de un selecto grupo de mujeres aviadores, ya que hay alguna piloto en la Provincia de Buenos Aires y en Santa Fe, pero no lo hab\u00eda en C\u00f3rdoba . La cordobesa tiene adem\u00e1s los diplomas de piloto de planeador y piloto comercial de avi\u00f3n . <\/p>\n\n\n\n<figure class=\"wp-block-gallery has-nested-images columns-default is-cropped wp-block-gallery-1 is-layout-flex wp-block-gallery-is-layout-flex\">\n<figure class=\"wp-block-image size-large\"><img data-recalc-dims=\"1\" fetchpriority=\"high\" decoding=\"async\" width=\"1024\" height=\"576\" data-id=\"62849\" src=\"https:\/\/i0.wp.com\/elregionalvm.com.ar\/noticias-villa-maria\/wp-content\/uploads\/2022\/08\/WhatsApp-Image-2022-08-23-at-6.18.16-PM.jpeg?resize=1024%2C576&#038;ssl=1\" alt=\"\" class=\"wp-image-62849\" srcset=\"https:\/\/i0.wp.com\/elregionalvm.com.ar\/noticias-villa-maria\/wp-content\/uploads\/2022\/08\/WhatsApp-Image-2022-08-23-at-6.18.16-PM.jpeg?resize=1024%2C576&amp;ssl=1 1024w, https:\/\/i0.wp.com\/elregionalvm.com.ar\/noticias-villa-maria\/wp-content\/uploads\/2022\/08\/WhatsApp-Image-2022-08-23-at-6.18.16-PM.jpeg?resize=300%2C169&amp;ssl=1 300w, https:\/\/i0.wp.com\/elregionalvm.com.ar\/noticias-villa-maria\/wp-content\/uploads\/2022\/08\/WhatsApp-Image-2022-08-23-at-6.18.16-PM.jpeg?resize=768%2C432&amp;ssl=1 768w, https:\/\/i0.wp.com\/elregionalvm.com.ar\/noticias-villa-maria\/wp-content\/uploads\/2022\/08\/WhatsApp-Image-2022-08-23-at-6.18.16-PM.jpeg?resize=1536%2C864&amp;ssl=1 1536w, https:\/\/i0.wp.com\/elregionalvm.com.ar\/noticias-villa-maria\/wp-content\/uploads\/2022\/08\/WhatsApp-Image-2022-08-23-at-6.18.16-PM.jpeg?w=1600&amp;ssl=1 1600w\" sizes=\"(max-width: 1000px) 100vw, 1000px\" \/><\/figure>\n\n\n\n<figure class=\"wp-block-image size-large\"><img data-recalc-dims=\"1\" decoding=\"async\" width=\"1024\" height=\"576\" data-id=\"62848\" src=\"https:\/\/i0.wp.com\/elregionalvm.com.ar\/noticias-villa-maria\/wp-content\/uploads\/2022\/08\/WhatsApp-Image-2022-08-23-at-6.18.15-PM-1.jpeg?resize=1024%2C576&#038;ssl=1\" alt=\"\" class=\"wp-image-62848\" srcset=\"https:\/\/i0.wp.com\/elregionalvm.com.ar\/noticias-villa-maria\/wp-content\/uploads\/2022\/08\/WhatsApp-Image-2022-08-23-at-6.18.15-PM-1.jpeg?resize=1024%2C576&amp;ssl=1 1024w, https:\/\/i0.wp.com\/elregionalvm.com.ar\/noticias-villa-maria\/wp-content\/uploads\/2022\/08\/WhatsApp-Image-2022-08-23-at-6.18.15-PM-1.jpeg?resize=300%2C169&amp;ssl=1 300w, https:\/\/i0.wp.com\/elregionalvm.com.ar\/noticias-villa-maria\/wp-content\/uploads\/2022\/08\/WhatsApp-Image-2022-08-23-at-6.18.15-PM-1.jpeg?resize=768%2C432&amp;ssl=1 768w, https:\/\/i0.wp.com\/elregionalvm.com.ar\/noticias-villa-maria\/wp-content\/uploads\/2022\/08\/WhatsApp-Image-2022-08-23-at-6.18.15-PM-1.jpeg?resize=1536%2C864&amp;ssl=1 1536w, https:\/\/i0.wp.com\/elregionalvm.com.ar\/noticias-villa-maria\/wp-content\/uploads\/2022\/08\/WhatsApp-Image-2022-08-23-at-6.18.15-PM-1.jpeg?w=1600&amp;ssl=1 1600w\" sizes=\"(max-width: 1000px) 100vw, 1000px\" \/><\/figure>\n<\/figure>\n\n\n\n<p><strong>M\u00e1s estudiantes rindiendo<\/strong><\/p>\n\n\n\n<p>A su vez tambi\u00e9n, tambi\u00e9n en la jornada de este martes se encontraban rindiendo cuatro alumnos de Pilotos Privados de Avi\u00f3n. Se trata de Lihuen Acastello de Dalmacio V\u00e9lez ; Diego Fraire y Jonatan Molina de Villa Mar\u00eda  y Mauricio Yedro de C\u00f3rdoba Capital.  <\/p>\n\n\n\n<p>Por otra parte, tambi\u00e9n se recibi\u00f3 el primer instructor egresado de la escuela del Aeroclub local, en sus 84 a\u00f1os de historia. En este caso se trata de Nicol\u00e1s Stuppa de Villa Mar\u00eda, de 35 a\u00f1os, quien tambi\u00e9n es piloto de planeador y piloto comercial y aero aplicador de avi\u00f3n. <\/p>\n\n\n\n<figure class=\"wp-block-gallery has-nested-images columns-default is-cropped wp-block-gallery-2 is-layout-flex wp-block-gallery-is-layout-flex\">\n<figure class=\"wp-block-image size-large\"><img data-recalc-dims=\"1\" decoding=\"async\" width=\"1024\" height=\"576\" data-id=\"62850\" src=\"https:\/\/i0.wp.com\/elregionalvm.com.ar\/noticias-villa-maria\/wp-content\/uploads\/2022\/08\/WhatsApp-Image-2022-08-23-at-6.18.17-PM-1.jpeg?resize=1024%2C576&#038;ssl=1\" alt=\"\" class=\"wp-image-62850\" srcset=\"https:\/\/i0.wp.com\/elregionalvm.com.ar\/noticias-villa-maria\/wp-content\/uploads\/2022\/08\/WhatsApp-Image-2022-08-23-at-6.18.17-PM-1.jpeg?resize=1024%2C576&amp;ssl=1 1024w, https:\/\/i0.wp.com\/elregionalvm.com.ar\/noticias-villa-maria\/wp-content\/uploads\/2022\/08\/WhatsApp-Image-2022-08-23-at-6.18.17-PM-1.jpeg?resize=300%2C169&amp;ssl=1 300w, https:\/\/i0.wp.com\/elregionalvm.com.ar\/noticias-villa-maria\/wp-content\/uploads\/2022\/08\/WhatsApp-Image-2022-08-23-at-6.18.17-PM-1.jpeg?resize=768%2C432&amp;ssl=1 768w, https:\/\/i0.wp.com\/elregionalvm.com.ar\/noticias-villa-maria\/wp-content\/uploads\/2022\/08\/WhatsApp-Image-2022-08-23-at-6.18.17-PM-1.jpeg?resize=1536%2C864&amp;ssl=1 1536w, https:\/\/i0.wp.com\/elregionalvm.com.ar\/noticias-villa-maria\/wp-content\/uploads\/2022\/08\/WhatsApp-Image-2022-08-23-at-6.18.17-PM-1.jpeg?w=1600&amp;ssl=1 1600w\" sizes=\"(max-width: 1000px) 100vw, 1000px\" \/><\/figure>\n\n\n\n<figure class=\"wp-block-image size-large\"><img data-recalc-dims=\"1\" loading=\"lazy\" decoding=\"async\" width=\"1024\" height=\"576\" data-id=\"62851\" src=\"https:\/\/i0.wp.com\/elregionalvm.com.ar\/noticias-villa-maria\/wp-content\/uploads\/2022\/08\/WhatsApp-Image-2022-08-23-at-6.18.18-PM.jpeg?resize=1024%2C576&#038;ssl=1\" alt=\"\" class=\"wp-image-62851\" srcset=\"https:\/\/i0.wp.com\/elregionalvm.com.ar\/noticias-villa-maria\/wp-content\/uploads\/2022\/08\/WhatsApp-Image-2022-08-23-at-6.18.18-PM.jpeg?resize=1024%2C576&amp;ssl=1 1024w, https:\/\/i0.wp.com\/elregionalvm.com.ar\/noticias-villa-maria\/wp-content\/uploads\/2022\/08\/WhatsApp-Image-2022-08-23-at-6.18.18-PM.jpeg?resize=300%2C169&amp;ssl=1 300w, https:\/\/i0.wp.com\/elregionalvm.com.ar\/noticias-villa-maria\/wp-content\/uploads\/2022\/08\/WhatsApp-Image-2022-08-23-at-6.18.18-PM.jpeg?resize=768%2C432&amp;ssl=1 768w, https:\/\/i0.wp.com\/elregionalvm.com.ar\/noticias-villa-maria\/wp-content\/uploads\/2022\/08\/WhatsApp-Image-2022-08-23-at-6.18.18-PM.jpeg?resize=1536%2C864&amp;ssl=1 1536w, https:\/\/i0.wp.com\/elregionalvm.com.ar\/noticias-villa-maria\/wp-content\/uploads\/2022\/08\/WhatsApp-Image-2022-08-23-at-6.18.18-PM.jpeg?w=1600&amp;ssl=1 1600w\" sizes=\"(max-width: 1000px) 100vw, 1000px\" \/><\/figure>\n<\/figure>\n\n\n\n<p>Con mucho orgullo, desde el Aeroclub local se\u00f1alaron que se sigue trabajando en la capacitaci\u00f3n permanente de sus pilotos; tambi\u00e9n desde su escuela vienen trabajando arduamente con nuevos alumnos que se encuentran realizando su curso de Piloto Privado de Avi\u00f3n.<\/p>\n","protected":false},"excerpt":{"rendered":"<p>Este martes 23 de agosto, seguramente quedar\u00e1 grabada en la memoria del Aeroclub Villa Mar\u00eda porque Luc\u00eda Vastik rindi\u00f3 satisfactoriamente convirti\u00e9ndose en la primera piloto aplicadora en la historia del club , pero adem\u00e1s se trata de la primera piloto de la Provincia de C\u00f3rdoba , de acuerdo a las versiones que surgen del mismo [&hellip;]<\/p>\n","protected":false},"author":4,"featured_media":62847,"comment_status":"open","ping_status":"open","sticky":false,"template":"","format":"standard","meta":{"site-sidebar-layout":"default","site-content-layout":"","ast-site-content-layout":"default","site-content-style":"default","site-sidebar-style":"default","ast-global-header-display":"","ast-banner-title-visibility":"","ast-main-header-display":"","ast-hfb-above-header-display":"","ast-hfb-below-header-display":"","ast-hfb-mobile-header-display":"","site-post-title":"","ast-breadcrumbs-content":"","ast-featured-img":"","footer-sml-layout":"","ast-disable-related-posts":"","theme-transparent-header-meta":"","adv-header-id-meta":"","stick-header-meta":"","header-above-stick-meta":"","header-main-stick-meta":"","header-below-stick-meta":"","astra-migrate-meta-layouts":"default","ast-page-background-enabled":"default","ast-page-background-meta":{"desktop":{"background-color":"","background-image":"","background-repeat":"repeat","background-position":"center center","background-size":"auto","background-attachment":"scroll","background-type":"","background-media":"","overlay-type":"","overlay-color":"","overlay-opacity":"","overlay-gradient":""},"tablet":{"background-color":"","background-image":"","background-repeat":"repeat","background-position":"center center","background-size":"auto","background-attachment":"scroll","background-type":"","background-media":"","overlay-type":"","overlay-color":"","overlay-opacity":"","overlay-gradient":""},"mobile":{"background-color":"","background-image":"","background-repeat":"repeat","background-position":"center center","background-size":"auto","background-attachment":"scroll","background-type":"","background-media":"","overlay-type":"","overlay-color":"","overlay-opacity":"","overlay-gradient":""}},"ast-content-background-meta":{"desktop":{"background-color":"var(--ast-global-color-5)","background-image":"","background-repeat":"repeat","background-position":"center center","background-size":"auto","background-attachment":"scroll","background-type":"","background-media":"","overlay-type":"","overlay-color":"","overlay-opacity":"","overlay-gradient":""},"tablet":{"background-color":"var(--ast-global-color-5)","background-image":"","background-repeat":"repeat","background-position":"center center","background-size":"auto","background-attachment":"scroll","background-type":"","background-media":"","overlay-type":"","overlay-color":"","overlay-opacity":"","overlay-gradient":""},"mobile":{"background-color":"var(--ast-global-color-5)","background-image":"","background-repeat":"repeat","background-position":"center center","background-size":"auto","background-attachment":"scroll","background-type":"","background-media":"","overlay-type":"","overlay-color":"","overlay-opacity":"","overlay-gradient":""}},"_jetpack_memberships_contains_paid_content":false,"_joinchat":[],"footnotes":""},"categories":[15302,2],"tags":[3783,17641,17640,17638,17642,17643,17639],"class_list":["post-62846","post","type-post","status-publish","format-standard","has-post-thumbnail","hentry","category-destacado","category-villa-maria","tag-aeroclub-villa-maria","tag-estudiantes-rindiendo","tag-lucia-vastik","tag-piloto-aero-aplicadora","tag-piloto-privado-de-avion","tag-primer-instructor-egresado","tag-primera-mujer"],"yoast_head":"<!-- This site is optimized with the Yoast SEO plugin v26.8 - https:\/\/yoast.com\/product\/yoast-seo-wordpress\/ -->\n<title>En el Aeroclub local se recibi\u00f3 la primera piloto aero aplicadora de la Provincia - El Regional<\/title>\n<meta name=\"robots\" content=\"index, follow, max-snippet:-1, max-image-preview:large, max-video-preview:-1\" \/>\n<link rel=\"canonical\" href=\"http:\/\/elregionalvm.com.ar\/noticias-villa-maria\/en-el-aeroclub-local-se-recibio-la-primera-piloto-aero-aplicadora-de-la-provincia\/\" \/>\n<meta property=\"og:locale\" content=\"es_ES\" \/>\n<meta property=\"og:type\" content=\"article\" \/>\n<meta property=\"og:title\" content=\"En el Aeroclub local se recibi\u00f3 la primera piloto aero aplicadora de la Provincia - El Regional\" \/>\n<meta property=\"og:description\" content=\"Este martes 23 de agosto, seguramente quedar\u00e1 grabada en la memoria del Aeroclub Villa Mar\u00eda porque Luc\u00eda Vastik rindi\u00f3 satisfactoriamente convirti\u00e9ndose en la primera piloto aplicadora en la historia del club , pero adem\u00e1s se trata de la primera piloto de la Provincia de C\u00f3rdoba , de acuerdo a las versiones que surgen del mismo [&hellip;]\" \/>\n<meta property=\"og:url\" content=\"http:\/\/elregionalvm.com.ar\/noticias-villa-maria\/en-el-aeroclub-local-se-recibio-la-primera-piloto-aero-aplicadora-de-la-provincia\/\" \/>\n<meta property=\"og:site_name\" content=\"El Regional\" \/>\n<meta property=\"article:publisher\" content=\"https:\/\/www.facebook.com\/elregionalvm\" \/>\n<meta property=\"article:published_time\" content=\"2022-08-23T23:22:39+00:00\" \/>\n<meta property=\"article:modified_time\" content=\"2022-08-23T23:22:41+00:00\" \/>\n<meta property=\"og:image\" content=\"http:\/\/elregionalvm.com.ar\/noticias-villa-maria\/wp-content\/uploads\/2022\/08\/WhatsApp-Image-2022-08-23-at-6.18.15-PM.jpeg\" \/>\n\t<meta property=\"og:image:width\" content=\"1600\" \/>\n\t<meta property=\"og:image:height\" content=\"900\" \/>\n\t<meta property=\"og:image:type\" content=\"image\/jpeg\" \/>\n<meta name=\"author\" content=\"Contenidos El Regional\" \/>\n<meta name=\"twitter:card\" content=\"summary_large_image\" \/>\n<meta name=\"twitter:creator\" content=\"@elregionalvm1\" \/>\n<meta name=\"twitter:site\" content=\"@elregionalvm1\" \/>\n<meta name=\"twitter:label1\" content=\"Escrito por\" \/>\n\t<meta name=\"twitter:data1\" content=\"Contenidos El Regional\" \/>\n\t<meta name=\"twitter:label2\" content=\"Tiempo de lectura\" \/>\n\t<meta name=\"twitter:data2\" content=\"2 minutos\" \/>\n<script type=\"application\/ld+json\" class=\"yoast-schema-graph\">{\"@context\":\"https:\/\/schema.org\",\"@graph\":[{\"@type\":\"Article\",\"@id\":\"http:\/\/elregionalvm.com.ar\/noticias-villa-maria\/en-el-aeroclub-local-se-recibio-la-primera-piloto-aero-aplicadora-de-la-provincia\/#article\",\"isPartOf\":{\"@id\":\"http:\/\/elregionalvm.com.ar\/noticias-villa-maria\/en-el-aeroclub-local-se-recibio-la-primera-piloto-aero-aplicadora-de-la-provincia\/\"},\"author\":{\"name\":\"Contenidos El Regional\",\"@id\":\"http:\/\/elregionalvm.com.ar\/noticias-villa-maria\/#\/schema\/person\/a0fb9c422317faca23d50163151bc354\"},\"headline\":\"En el Aeroclub local se recibi\u00f3 la primera piloto aero aplicadora de la Provincia\",\"datePublished\":\"2022-08-23T23:22:39+00:00\",\"dateModified\":\"2022-08-23T23:22:41+00:00\",\"mainEntityOfPage\":{\"@id\":\"http:\/\/elregionalvm.com.ar\/noticias-villa-maria\/en-el-aeroclub-local-se-recibio-la-primera-piloto-aero-aplicadora-de-la-provincia\/\"},\"wordCount\":287,\"commentCount\":0,\"image\":{\"@id\":\"http:\/\/elregionalvm.com.ar\/noticias-villa-maria\/en-el-aeroclub-local-se-recibio-la-primera-piloto-aero-aplicadora-de-la-provincia\/#primaryimage\"},\"thumbnailUrl\":\"https:\/\/i0.wp.com\/elregionalvm.com.ar\/noticias-villa-maria\/wp-content\/uploads\/2022\/08\/WhatsApp-Image-2022-08-23-at-6.18.15-PM.jpeg?fit=1600%2C900&ssl=1\",\"keywords\":[\"Aeroclub Villa Mar\u00eda\",\"estudiantes rindiendo\",\"Luc\u00eda Vastik\",\"piloto aero aplicadora\",\"Piloto Privado de Avi\u00f3n\",\"primer instructor egresado\",\"primera mujer\"],\"articleSection\":[\"destacado\",\"Villa Mar\u00eda\"],\"inLanguage\":\"es\",\"potentialAction\":[{\"@type\":\"CommentAction\",\"name\":\"Comment\",\"target\":[\"http:\/\/elregionalvm.com.ar\/noticias-villa-maria\/en-el-aeroclub-local-se-recibio-la-primera-piloto-aero-aplicadora-de-la-provincia\/#respond\"]}]},{\"@type\":\"WebPage\",\"@id\":\"http:\/\/elregionalvm.com.ar\/noticias-villa-maria\/en-el-aeroclub-local-se-recibio-la-primera-piloto-aero-aplicadora-de-la-provincia\/\",\"url\":\"http:\/\/elregionalvm.com.ar\/noticias-villa-maria\/en-el-aeroclub-local-se-recibio-la-primera-piloto-aero-aplicadora-de-la-provincia\/\",\"name\":\"En el Aeroclub local se recibi\u00f3 la primera piloto aero aplicadora de la Provincia - El Regional\",\"isPartOf\":{\"@id\":\"http:\/\/elregionalvm.com.ar\/noticias-villa-maria\/#website\"},\"primaryImageOfPage\":{\"@id\":\"http:\/\/elregionalvm.com.ar\/noticias-villa-maria\/en-el-aeroclub-local-se-recibio-la-primera-piloto-aero-aplicadora-de-la-provincia\/#primaryimage\"},\"image\":{\"@id\":\"http:\/\/elregionalvm.com.ar\/noticias-villa-maria\/en-el-aeroclub-local-se-recibio-la-primera-piloto-aero-aplicadora-de-la-provincia\/#primaryimage\"},\"thumbnailUrl\":\"https:\/\/i0.wp.com\/elregionalvm.com.ar\/noticias-villa-maria\/wp-content\/uploads\/2022\/08\/WhatsApp-Image-2022-08-23-at-6.18.15-PM.jpeg?fit=1600%2C900&ssl=1\",\"datePublished\":\"2022-08-23T23:22:39+00:00\",\"dateModified\":\"2022-08-23T23:22:41+00:00\",\"author\":{\"@id\":\"http:\/\/elregionalvm.com.ar\/noticias-villa-maria\/#\/schema\/person\/a0fb9c422317faca23d50163151bc354\"},\"breadcrumb\":{\"@id\":\"http:\/\/elregionalvm.com.ar\/noticias-villa-maria\/en-el-aeroclub-local-se-recibio-la-primera-piloto-aero-aplicadora-de-la-provincia\/#breadcrumb\"},\"inLanguage\":\"es\",\"potentialAction\":[{\"@type\":\"ReadAction\",\"target\":[\"http:\/\/elregionalvm.com.ar\/noticias-villa-maria\/en-el-aeroclub-local-se-recibio-la-primera-piloto-aero-aplicadora-de-la-provincia\/\"]}]},{\"@type\":\"ImageObject\",\"inLanguage\":\"es\",\"@id\":\"http:\/\/elregionalvm.com.ar\/noticias-villa-maria\/en-el-aeroclub-local-se-recibio-la-primera-piloto-aero-aplicadora-de-la-provincia\/#primaryimage\",\"url\":\"https:\/\/i0.wp.com\/elregionalvm.com.ar\/noticias-villa-maria\/wp-content\/uploads\/2022\/08\/WhatsApp-Image-2022-08-23-at-6.18.15-PM.jpeg?fit=1600%2C900&ssl=1\",\"contentUrl\":\"https:\/\/i0.wp.com\/elregionalvm.com.ar\/noticias-villa-maria\/wp-content\/uploads\/2022\/08\/WhatsApp-Image-2022-08-23-at-6.18.15-PM.jpeg?fit=1600%2C900&ssl=1\",\"width\":1600,\"height\":900},{\"@type\":\"BreadcrumbList\",\"@id\":\"http:\/\/elregionalvm.com.ar\/noticias-villa-maria\/en-el-aeroclub-local-se-recibio-la-primera-piloto-aero-aplicadora-de-la-provincia\/#breadcrumb\",\"itemListElement\":[{\"@type\":\"ListItem\",\"position\":1,\"name\":\"Portada\",\"item\":\"https:\/\/elregionalvm.com.ar\/noticias-villa-maria\/\"},{\"@type\":\"ListItem\",\"position\":2,\"name\":\"En el Aeroclub local se recibi\u00f3 la primera piloto aero aplicadora de la Provincia\"}]},{\"@type\":\"WebSite\",\"@id\":\"http:\/\/elregionalvm.com.ar\/noticias-villa-maria\/#website\",\"url\":\"http:\/\/elregionalvm.com.ar\/noticias-villa-maria\/\",\"name\":\"El Regional\",\"description\":\"Mucho m\u00e1s que informaci\u00f3n\",\"potentialAction\":[{\"@type\":\"SearchAction\",\"target\":{\"@type\":\"EntryPoint\",\"urlTemplate\":\"http:\/\/elregionalvm.com.ar\/noticias-villa-maria\/?s={search_term_string}\"},\"query-input\":{\"@type\":\"PropertyValueSpecification\",\"valueRequired\":true,\"valueName\":\"search_term_string\"}}],\"inLanguage\":\"es\"},{\"@type\":\"Person\",\"@id\":\"http:\/\/elregionalvm.com.ar\/noticias-villa-maria\/#\/schema\/person\/a0fb9c422317faca23d50163151bc354\",\"name\":\"Contenidos El Regional\",\"image\":{\"@type\":\"ImageObject\",\"inLanguage\":\"es\",\"@id\":\"http:\/\/elregionalvm.com.ar\/noticias-villa-maria\/#\/schema\/person\/image\/\",\"url\":\"https:\/\/secure.gravatar.com\/avatar\/265b27cb2209af7bb3a1318f03305787d7981a5cc6e6cd08fe5a4ecdf99d4b48?s=96&d=mm&r=g\",\"contentUrl\":\"https:\/\/secure.gravatar.com\/avatar\/265b27cb2209af7bb3a1318f03305787d7981a5cc6e6cd08fe5a4ecdf99d4b48?s=96&d=mm&r=g\",\"caption\":\"Contenidos El Regional\"},\"url\":\"https:\/\/elregionalvm.com.ar\/noticias-villa-maria\/author\/contenido\/\"}]}<\/script>\n<!-- \/ Yoast SEO plugin. -->","yoast_head_json":{"title":"En el Aeroclub local se recibi\u00f3 la primera piloto aero aplicadora de la Provincia - El Regional","robots":{"index":"index","follow":"follow","max-snippet":"max-snippet:-1","max-image-preview":"max-image-preview:large","max-video-preview":"max-video-preview:-1"},"canonical":"http:\/\/elregionalvm.com.ar\/noticias-villa-maria\/en-el-aeroclub-local-se-recibio-la-primera-piloto-aero-aplicadora-de-la-provincia\/","og_locale":"es_ES","og_type":"article","og_title":"En el Aeroclub local se recibi\u00f3 la primera piloto aero aplicadora de la Provincia - El Regional","og_description":"Este martes 23 de agosto, seguramente quedar\u00e1 grabada en la memoria del Aeroclub Villa Mar\u00eda porque Luc\u00eda Vastik rindi\u00f3 satisfactoriamente convirti\u00e9ndose en la primera piloto aplicadora en la historia del club , pero adem\u00e1s se trata de la primera piloto de la Provincia de C\u00f3rdoba , de acuerdo a las versiones que surgen del mismo [&hellip;]","og_url":"http:\/\/elregionalvm.com.ar\/noticias-villa-maria\/en-el-aeroclub-local-se-recibio-la-primera-piloto-aero-aplicadora-de-la-provincia\/","og_site_name":"El Regional","article_publisher":"https:\/\/www.facebook.com\/elregionalvm","article_published_time":"2022-08-23T23:22:39+00:00","article_modified_time":"2022-08-23T23:22:41+00:00","og_image":[{"width":1600,"height":900,"url":"http:\/\/elregionalvm.com.ar\/noticias-villa-maria\/wp-content\/uploads\/2022\/08\/WhatsApp-Image-2022-08-23-at-6.18.15-PM.jpeg","type":"image\/jpeg"}],"author":"Contenidos El Regional","twitter_card":"summary_large_image","twitter_creator":"@elregionalvm1","twitter_site":"@elregionalvm1","twitter_misc":{"Escrito por":"Contenidos El Regional","Tiempo de lectura":"2 minutos"},"schema":{"@context":"https:\/\/schema.org","@graph":[{"@type":"Article","@id":"http:\/\/elregionalvm.com.ar\/noticias-villa-maria\/en-el-aeroclub-local-se-recibio-la-primera-piloto-aero-aplicadora-de-la-provincia\/#article","isPartOf":{"@id":"http:\/\/elregionalvm.com.ar\/noticias-villa-maria\/en-el-aeroclub-local-se-recibio-la-primera-piloto-aero-aplicadora-de-la-provincia\/"},"author":{"name":"Contenidos El Regional","@id":"http:\/\/elregionalvm.com.ar\/noticias-villa-maria\/#\/schema\/person\/a0fb9c422317faca23d50163151bc354"},"headline":"En el Aeroclub local se recibi\u00f3 la primera piloto aero aplicadora de la Provincia","datePublished":"2022-08-23T23:22:39+00:00","dateModified":"2022-08-23T23:22:41+00:00","mainEntityOfPage":{"@id":"http:\/\/elregionalvm.com.ar\/noticias-villa-maria\/en-el-aeroclub-local-se-recibio-la-primera-piloto-aero-aplicadora-de-la-provincia\/"},"wordCount":287,"commentCount":0,"image":{"@id":"http:\/\/elregionalvm.com.ar\/noticias-villa-maria\/en-el-aeroclub-local-se-recibio-la-primera-piloto-aero-aplicadora-de-la-provincia\/#primaryimage"},"thumbnailUrl":"https:\/\/i0.wp.com\/elregionalvm.com.ar\/noticias-villa-maria\/wp-content\/uploads\/2022\/08\/WhatsApp-Image-2022-08-23-at-6.18.15-PM.jpeg?fit=1600%2C900&ssl=1","keywords":["Aeroclub Villa Mar\u00eda","estudiantes rindiendo","Luc\u00eda Vastik","piloto aero aplicadora","Piloto Privado de Avi\u00f3n","primer instructor egresado","primera mujer"],"articleSection":["destacado","Villa Mar\u00eda"],"inLanguage":"es","potentialAction":[{"@type":"CommentAction","name":"Comment","target":["http:\/\/elregionalvm.com.ar\/noticias-villa-maria\/en-el-aeroclub-local-se-recibio-la-primera-piloto-aero-aplicadora-de-la-provincia\/#respond"]}]},{"@type":"WebPage","@id":"http:\/\/elregionalvm.com.ar\/noticias-villa-maria\/en-el-aeroclub-local-se-recibio-la-primera-piloto-aero-aplicadora-de-la-provincia\/","url":"http:\/\/elregionalvm.com.ar\/noticias-villa-maria\/en-el-aeroclub-local-se-recibio-la-primera-piloto-aero-aplicadora-de-la-provincia\/","name":"En el Aeroclub local se recibi\u00f3 la primera piloto aero aplicadora de la Provincia - El Regional","isPartOf":{"@id":"http:\/\/elregionalvm.com.ar\/noticias-villa-maria\/#website"},"primaryImageOfPage":{"@id":"http:\/\/elregionalvm.com.ar\/noticias-villa-maria\/en-el-aeroclub-local-se-recibio-la-primera-piloto-aero-aplicadora-de-la-provincia\/#primaryimage"},"image":{"@id":"http:\/\/elregionalvm.com.ar\/noticias-villa-maria\/en-el-aeroclub-local-se-recibio-la-primera-piloto-aero-aplicadora-de-la-provincia\/#primaryimage"},"thumbnailUrl":"https:\/\/i0.wp.com\/elregionalvm.com.ar\/noticias-villa-maria\/wp-content\/uploads\/2022\/08\/WhatsApp-Image-2022-08-23-at-6.18.15-PM.jpeg?fit=1600%2C900&ssl=1","datePublished":"2022-08-23T23:22:39+00:00","dateModified":"2022-08-23T23:22:41+00:00","author":{"@id":"http:\/\/elregionalvm.com.ar\/noticias-villa-maria\/#\/schema\/person\/a0fb9c422317faca23d50163151bc354"},"breadcrumb":{"@id":"http:\/\/elregionalvm.com.ar\/noticias-villa-maria\/en-el-aeroclub-local-se-recibio-la-primera-piloto-aero-aplicadora-de-la-provincia\/#breadcrumb"},"inLanguage":"es","potentialAction":[{"@type":"ReadAction","target":["http:\/\/elregionalvm.com.ar\/noticias-villa-maria\/en-el-aeroclub-local-se-recibio-la-primera-piloto-aero-aplicadora-de-la-provincia\/"]}]},{"@type":"ImageObject","inLanguage":"es","@id":"http:\/\/elregionalvm.com.ar\/noticias-villa-maria\/en-el-aeroclub-local-se-recibio-la-primera-piloto-aero-aplicadora-de-la-provincia\/#primaryimage","url":"https:\/\/i0.wp.com\/elregionalvm.com.ar\/noticias-villa-maria\/wp-content\/uploads\/2022\/08\/WhatsApp-Image-2022-08-23-at-6.18.15-PM.jpeg?fit=1600%2C900&ssl=1","contentUrl":"https:\/\/i0.wp.com\/elregionalvm.com.ar\/noticias-villa-maria\/wp-content\/uploads\/2022\/08\/WhatsApp-Image-2022-08-23-at-6.18.15-PM.jpeg?fit=1600%2C900&ssl=1","width":1600,"height":900},{"@type":"BreadcrumbList","@id":"http:\/\/elregionalvm.com.ar\/noticias-villa-maria\/en-el-aeroclub-local-se-recibio-la-primera-piloto-aero-aplicadora-de-la-provincia\/#breadcrumb","itemListElement":[{"@type":"ListItem","position":1,"name":"Portada","item":"https:\/\/elregionalvm.com.ar\/noticias-villa-maria\/"},{"@type":"ListItem","position":2,"name":"En el Aeroclub local se recibi\u00f3 la primera piloto aero aplicadora de la Provincia"}]},{"@type":"WebSite","@id":"http:\/\/elregionalvm.com.ar\/noticias-villa-maria\/#website","url":"http:\/\/elregionalvm.com.ar\/noticias-villa-maria\/","name":"El Regional","description":"Mucho m\u00e1s que informaci\u00f3n","potentialAction":[{"@type":"SearchAction","target":{"@type":"EntryPoint","urlTemplate":"http:\/\/elregionalvm.com.ar\/noticias-villa-maria\/?s={search_term_string}"},"query-input":{"@type":"PropertyValueSpecification","valueRequired":true,"valueName":"search_term_string"}}],"inLanguage":"es"},{"@type":"Person","@id":"http:\/\/elregionalvm.com.ar\/noticias-villa-maria\/#\/schema\/person\/a0fb9c422317faca23d50163151bc354","name":"Contenidos El Regional","image":{"@type":"ImageObject","inLanguage":"es","@id":"http:\/\/elregionalvm.com.ar\/noticias-villa-maria\/#\/schema\/person\/image\/","url":"https:\/\/secure.gravatar.com\/avatar\/265b27cb2209af7bb3a1318f03305787d7981a5cc6e6cd08fe5a4ecdf99d4b48?s=96&d=mm&r=g","contentUrl":"https:\/\/secure.gravatar.com\/avatar\/265b27cb2209af7bb3a1318f03305787d7981a5cc6e6cd08fe5a4ecdf99d4b48?s=96&d=mm&r=g","caption":"Contenidos El Regional"},"url":"https:\/\/elregionalvm.com.ar\/noticias-villa-maria\/author\/contenido\/"}]}},"jetpack_featured_media_url":"https:\/\/i0.wp.com\/elregionalvm.com.ar\/noticias-villa-maria\/wp-content\/uploads\/2022\/08\/WhatsApp-Image-2022-08-23-at-6.18.15-PM.jpeg?fit=1600%2C900&ssl=1","jetpack_sharing_enabled":true,"_links":{"self":[{"href":"https:\/\/elregionalvm.com.ar\/noticias-villa-maria\/wp-json\/wp\/v2\/posts\/62846","targetHints":{"allow":["GET"]}}],"collection":[{"href":"https:\/\/elregionalvm.com.ar\/noticias-villa-maria\/wp-json\/wp\/v2\/posts"}],"about":[{"href":"https:\/\/elregionalvm.com.ar\/noticias-villa-maria\/wp-json\/wp\/v2\/types\/post"}],"author":[{"embeddable":true,"href":"https:\/\/elregionalvm.com.ar\/noticias-villa-maria\/wp-json\/wp\/v2\/users\/4"}],"replies":[{"embeddable":true,"href":"https:\/\/elregionalvm.com.ar\/noticias-villa-maria\/wp-json\/wp\/v2\/comments?post=62846"}],"version-history":[{"count":1,"href":"https:\/\/elregionalvm.com.ar\/noticias-villa-maria\/wp-json\/wp\/v2\/posts\/62846\/revisions"}],"predecessor-version":[{"id":62852,"href":"https:\/\/elregionalvm.com.ar\/noticias-villa-maria\/wp-json\/wp\/v2\/posts\/62846\/revisions\/62852"}],"wp:featuredmedia":[{"embeddable":true,"href":"https:\/\/elregionalvm.com.ar\/noticias-villa-maria\/wp-json\/wp\/v2\/media\/62847"}],"wp:attachment":[{"href":"https:\/\/elregionalvm.com.ar\/noticias-villa-maria\/wp-json\/wp\/v2\/media?parent=62846"}],"wp:term":[{"taxonomy":"category","embeddable":true,"href":"https:\/\/elregionalvm.com.ar\/noticias-villa-maria\/wp-json\/wp\/v2\/categories?post=62846"},{"taxonomy":"post_tag","embeddable":true,"href":"https:\/\/elregionalvm.com.ar\/noticias-villa-maria\/wp-json\/wp\/v2\/tags?post=62846"}],"curies":[{"name":"wp","href":"https:\/\/api.w.org\/{rel}","templated":true}]}}