{"id":62976,"date":"2022-08-25T21:37:55","date_gmt":"2022-08-25T21:37:55","guid":{"rendered":"https:\/\/elregionalvm.com.ar\/noticias-villa-maria\/?p=62976"},"modified":"2022-08-25T21:37:57","modified_gmt":"2022-08-25T21:37:57","slug":"diego-cardozo-renuncio-al-ministerio-de-salud-provincial-a-la-manana-y-por-la-tarde-asumio-gabriela-barbas","status":"publish","type":"post","link":"https:\/\/elregionalvm.com.ar\/noticias-villa-maria\/diego-cardozo-renuncio-al-ministerio-de-salud-provincial-a-la-manana-y-por-la-tarde-asumio-gabriela-barbas\/","title":{"rendered":"Diego Cardozo renunci\u00f3 al Ministerio de Salud Provincial a la ma\u00f1ana y por la tarde asumi\u00f3 Gabriela Barb\u00e1s"},"content":{"rendered":"\n<p>Este jueves y en medio de la conmoci\u00f3n por la causa de la muerte de beb\u00e9s en el Hospital Materno Neonatal, Diego Cardozo anunci\u00f3 su renuncia al Ministerio de Salud de la Provincia.<\/p>\n\n\n\n<figure class=\"wp-block-image alignleft size-large is-resized\"><img data-recalc-dims=\"1\" fetchpriority=\"high\" decoding=\"async\" src=\"https:\/\/i0.wp.com\/elregionalvm.com.ar\/noticias-villa-maria\/wp-content\/uploads\/2021\/09\/diego-cardozo-microfono.jpg?resize=620%2C348&#038;ssl=1\" alt=\"\" class=\"wp-image-44307\" width=\"620\" height=\"348\" srcset=\"https:\/\/i0.wp.com\/elregionalvm.com.ar\/noticias-villa-maria\/wp-content\/uploads\/2021\/09\/diego-cardozo-microfono.jpg?resize=1024%2C576&amp;ssl=1 1024w, https:\/\/i0.wp.com\/elregionalvm.com.ar\/noticias-villa-maria\/wp-content\/uploads\/2021\/09\/diego-cardozo-microfono.jpg?resize=300%2C169&amp;ssl=1 300w, https:\/\/i0.wp.com\/elregionalvm.com.ar\/noticias-villa-maria\/wp-content\/uploads\/2021\/09\/diego-cardozo-microfono.jpg?resize=768%2C432&amp;ssl=1 768w, https:\/\/i0.wp.com\/elregionalvm.com.ar\/noticias-villa-maria\/wp-content\/uploads\/2021\/09\/diego-cardozo-microfono.jpg?w=1200&amp;ssl=1 1200w\" sizes=\"(max-width: 620px) 100vw, 620px\" \/><figcaption><em>Diego Cardozo logr\u00f3 pilotear lo m\u00e1s duro de la pandemia, pero no pudo con el embate del Caso del Neonatal <\/em><\/figcaption><\/figure>\n\n\n\n<p>El anuncio de Cardozo se conoci\u00f3 a trav\u00e9s de Twitter, donde destac\u00f3: \u00abQuiero informarles que en el d\u00eda de la fecha present\u00e9 al se\u00f1or Gobernador mi renuncia como ministro de Salud, cargo que he desempe\u00f1ado con toda mi vocaci\u00f3n. Lo hago con la misma humildad y servicio que desempe\u00f1\u00e9 la funci\u00f3n, y tambi\u00e9n con el profundo anhelo que los hechos que son de p\u00fablico conocimiento del Neonatal se esclarezcan absolutamente\u00bb, complet\u00f3.<\/p>\n\n\n\n<p>El resonante caso tuvo fuertes ecos en el \u00e1mbito de la pol\u00edtica. Luego de quedar en el ojo de la tormenta, tras conocerse que Cardozo no hab\u00eda realizado la denuncia ante la Justicia por la muerte de los beb\u00e9s, legisladores provinciales del bloque Juntos UCR, mediante un comunicado, cuestionaron al ahora ex ministro y hasta deslizaron un supuesto \u00abocultamiento\u00bb del caso al principio.<\/p>\n\n\n\n<p><strong>Ya tiene reemplazante<\/strong><\/p>\n\n\n\n<p>A poco de conocerse la renuncia de Diego Cardozo, el gobernador Juan Schiaretti design\u00f3 a la bioqu\u00edmica Gabriela Barb\u00e1s como nueva ministra de Salud de la Provincia. Barb\u00e1s se desempe\u00f1aba hasta este momento como secretaria de Prevenci\u00f3n y Promoci\u00f3n de la Salud.<\/p>\n\n\n\n<p>\u00abTuvo un desempe\u00f1o principal en el abordaje de la pandemia y valiosa tarea en la articulaci\u00f3n del sistema sanitario. Es egresada de la Universidad Nacional de C\u00f3rdoba y docente universitaria\u00bb, destacaron desde las redes del Gobierno provincial.<\/p>\n\n\n\n<p><strong>Juramento y equipo<\/strong><\/p>\n\n\n\n<p>Gabriela Barb\u00e1s ya prest\u00f3 juramento este jueves por la tarde en una ceremonia que se realiz\u00f3 en el Auditorio del Centro C\u00edvico.<\/p>\n\n\n\n<p>La ahora Ministra de Salud provincial comunic\u00f3 que el equipo que la va a acompa\u00f1ar en la tarea de conducir su cartera sanitaria estar\u00e1 conformado por: Anal\u00eda Cudol\u00e1 como Secretaria de Prevenci\u00f3n y Promoci\u00f3n de la Salud; Sergio Victorio Metrebian como Secretario de Salud; y Carlos Negro como Subsecretario de Gesti\u00f3n Hospitalaria.<\/p>\n","protected":false},"excerpt":{"rendered":"<p>Este jueves y en medio de la conmoci\u00f3n por la causa de la muerte de beb\u00e9s en el Hospital Materno Neonatal, Diego Cardozo anunci\u00f3 su renuncia al Ministerio de Salud de la Provincia. El anuncio de Cardozo se conoci\u00f3 a trav\u00e9s de Twitter, donde destac\u00f3: \u00abQuiero informarles que en el d\u00eda de la fecha present\u00e9 [&hellip;]<\/p>\n","protected":false},"author":4,"featured_media":62977,"comment_status":"open","ping_status":"open","sticky":false,"template":"","format":"standard","meta":{"site-sidebar-layout":"default","site-content-layout":"","ast-site-content-layout":"default","site-content-style":"default","site-sidebar-style":"default","ast-global-header-display":"","ast-banner-title-visibility":"","ast-main-header-display":"","ast-hfb-above-header-display":"","ast-hfb-below-header-display":"","ast-hfb-mobile-header-display":"","site-post-title":"","ast-breadcrumbs-content":"","ast-featured-img":"","footer-sml-layout":"","ast-disable-related-posts":"","theme-transparent-header-meta":"","adv-header-id-meta":"","stick-header-meta":"","header-above-stick-meta":"","header-main-stick-meta":"","header-below-stick-meta":"","astra-migrate-meta-layouts":"default","ast-page-background-enabled":"default","ast-page-background-meta":{"desktop":{"background-color":"","background-image":"","background-repeat":"repeat","background-position":"center center","background-size":"auto","background-attachment":"scroll","background-type":"","background-media":"","overlay-type":"","overlay-color":"","overlay-opacity":"","overlay-gradient":""},"tablet":{"background-color":"","background-image":"","background-repeat":"repeat","background-position":"center center","background-size":"auto","background-attachment":"scroll","background-type":"","background-media":"","overlay-type":"","overlay-color":"","overlay-opacity":"","overlay-gradient":""},"mobile":{"background-color":"","background-image":"","background-repeat":"repeat","background-position":"center center","background-size":"auto","background-attachment":"scroll","background-type":"","background-media":"","overlay-type":"","overlay-color":"","overlay-opacity":"","overlay-gradient":""}},"ast-content-background-meta":{"desktop":{"background-color":"var(--ast-global-color-5)","background-image":"","background-repeat":"repeat","background-position":"center center","background-size":"auto","background-attachment":"scroll","background-type":"","background-media":"","overlay-type":"","overlay-color":"","overlay-opacity":"","overlay-gradient":""},"tablet":{"background-color":"var(--ast-global-color-5)","background-image":"","background-repeat":"repeat","background-position":"center center","background-size":"auto","background-attachment":"scroll","background-type":"","background-media":"","overlay-type":"","overlay-color":"","overlay-opacity":"","overlay-gradient":""},"mobile":{"background-color":"var(--ast-global-color-5)","background-image":"","background-repeat":"repeat","background-position":"center center","background-size":"auto","background-attachment":"scroll","background-type":"","background-media":"","overlay-type":"","overlay-color":"","overlay-opacity":"","overlay-gradient":""}},"_jetpack_memberships_contains_paid_content":false,"_joinchat":[],"footnotes":""},"categories":[15302,16095],"tags":[17700,17698,7824,17699,2403,555,17697],"class_list":["post-62976","post","type-post","status-publish","format-standard","has-post-thumbnail","hentry","category-destacado","category-provinciales","tag-caso-neonatal","tag-gabriela-barbas","tag-ministerio-de-salud-de-la-provincia","tag-nueva-ministra","tag-provincia-de-cordoba","tag-provinciales","tag-renuncio-diego-cardozo"],"yoast_head":"<!-- This site is optimized with the Yoast SEO plugin v26.8 - https:\/\/yoast.com\/product\/yoast-seo-wordpress\/ -->\n<title>Diego Cardozo renunci\u00f3 al Ministerio de Salud Provincial a la ma\u00f1ana y por la tarde asumi\u00f3 Gabriela Barb\u00e1s - El Regional<\/title>\n<meta name=\"robots\" content=\"index, follow, max-snippet:-1, max-image-preview:large, max-video-preview:-1\" \/>\n<link rel=\"canonical\" href=\"http:\/\/elregionalvm.com.ar\/noticias-villa-maria\/diego-cardozo-renuncio-al-ministerio-de-salud-provincial-a-la-manana-y-por-la-tarde-asumio-gabriela-barbas\/\" \/>\n<meta property=\"og:locale\" content=\"es_ES\" \/>\n<meta property=\"og:type\" content=\"article\" \/>\n<meta property=\"og:title\" content=\"Diego Cardozo renunci\u00f3 al Ministerio de Salud Provincial a la ma\u00f1ana y por la tarde asumi\u00f3 Gabriela Barb\u00e1s - El Regional\" \/>\n<meta property=\"og:description\" content=\"Este jueves y en medio de la conmoci\u00f3n por la causa de la muerte de beb\u00e9s en el Hospital Materno Neonatal, Diego Cardozo anunci\u00f3 su renuncia al Ministerio de Salud de la Provincia. El anuncio de Cardozo se conoci\u00f3 a trav\u00e9s de Twitter, donde destac\u00f3: \u00abQuiero informarles que en el d\u00eda de la fecha present\u00e9 [&hellip;]\" \/>\n<meta property=\"og:url\" content=\"http:\/\/elregionalvm.com.ar\/noticias-villa-maria\/diego-cardozo-renuncio-al-ministerio-de-salud-provincial-a-la-manana-y-por-la-tarde-asumio-gabriela-barbas\/\" \/>\n<meta property=\"og:site_name\" content=\"El Regional\" \/>\n<meta property=\"article:publisher\" content=\"https:\/\/www.facebook.com\/elregionalvm\" \/>\n<meta property=\"article:published_time\" content=\"2022-08-25T21:37:55+00:00\" \/>\n<meta property=\"article:modified_time\" content=\"2022-08-25T21:37:57+00:00\" \/>\n<meta property=\"og:image\" content=\"http:\/\/elregionalvm.com.ar\/noticias-villa-maria\/wp-content\/uploads\/2022\/08\/Gabriela-Barbas-juro.jpg\" \/>\n\t<meta property=\"og:image:width\" content=\"680\" \/>\n\t<meta property=\"og:image:height\" content=\"618\" \/>\n\t<meta property=\"og:image:type\" content=\"image\/jpeg\" \/>\n<meta name=\"author\" content=\"Contenidos El Regional\" \/>\n<meta name=\"twitter:card\" content=\"summary_large_image\" \/>\n<meta name=\"twitter:creator\" content=\"@elregionalvm1\" \/>\n<meta name=\"twitter:site\" content=\"@elregionalvm1\" \/>\n<meta name=\"twitter:label1\" content=\"Escrito por\" \/>\n\t<meta name=\"twitter:data1\" content=\"Contenidos El Regional\" \/>\n\t<meta name=\"twitter:label2\" content=\"Tiempo de lectura\" \/>\n\t<meta name=\"twitter:data2\" content=\"2 minutos\" \/>\n<script type=\"application\/ld+json\" class=\"yoast-schema-graph\">{\"@context\":\"https:\/\/schema.org\",\"@graph\":[{\"@type\":\"Article\",\"@id\":\"http:\/\/elregionalvm.com.ar\/noticias-villa-maria\/diego-cardozo-renuncio-al-ministerio-de-salud-provincial-a-la-manana-y-por-la-tarde-asumio-gabriela-barbas\/#article\",\"isPartOf\":{\"@id\":\"http:\/\/elregionalvm.com.ar\/noticias-villa-maria\/diego-cardozo-renuncio-al-ministerio-de-salud-provincial-a-la-manana-y-por-la-tarde-asumio-gabriela-barbas\/\"},\"author\":{\"name\":\"Contenidos El Regional\",\"@id\":\"http:\/\/elregionalvm.com.ar\/noticias-villa-maria\/#\/schema\/person\/a0fb9c422317faca23d50163151bc354\"},\"headline\":\"Diego Cardozo renunci\u00f3 al Ministerio de Salud Provincial a la ma\u00f1ana y por la tarde asumi\u00f3 Gabriela Barb\u00e1s\",\"datePublished\":\"2022-08-25T21:37:55+00:00\",\"dateModified\":\"2022-08-25T21:37:57+00:00\",\"mainEntityOfPage\":{\"@id\":\"http:\/\/elregionalvm.com.ar\/noticias-villa-maria\/diego-cardozo-renuncio-al-ministerio-de-salud-provincial-a-la-manana-y-por-la-tarde-asumio-gabriela-barbas\/\"},\"wordCount\":396,\"commentCount\":0,\"image\":{\"@id\":\"http:\/\/elregionalvm.com.ar\/noticias-villa-maria\/diego-cardozo-renuncio-al-ministerio-de-salud-provincial-a-la-manana-y-por-la-tarde-asumio-gabriela-barbas\/#primaryimage\"},\"thumbnailUrl\":\"https:\/\/i0.wp.com\/elregionalvm.com.ar\/noticias-villa-maria\/wp-content\/uploads\/2022\/08\/Gabriela-Barbas-juro.jpg?fit=680%2C618&ssl=1\",\"keywords\":[\"caso Neonatal\",\"Gabriela Barb\u00e1s\",\"Ministerio de Salud de la Provincia\",\"nueva ministra\",\"Provincia de C\u00f3rdoba\",\"Provinciales\",\"Renunci\u00f3 Diego Cardozo\"],\"articleSection\":[\"destacado\",\"Provinciales\"],\"inLanguage\":\"es\",\"potentialAction\":[{\"@type\":\"CommentAction\",\"name\":\"Comment\",\"target\":[\"http:\/\/elregionalvm.com.ar\/noticias-villa-maria\/diego-cardozo-renuncio-al-ministerio-de-salud-provincial-a-la-manana-y-por-la-tarde-asumio-gabriela-barbas\/#respond\"]}]},{\"@type\":\"WebPage\",\"@id\":\"http:\/\/elregionalvm.com.ar\/noticias-villa-maria\/diego-cardozo-renuncio-al-ministerio-de-salud-provincial-a-la-manana-y-por-la-tarde-asumio-gabriela-barbas\/\",\"url\":\"http:\/\/elregionalvm.com.ar\/noticias-villa-maria\/diego-cardozo-renuncio-al-ministerio-de-salud-provincial-a-la-manana-y-por-la-tarde-asumio-gabriela-barbas\/\",\"name\":\"Diego Cardozo renunci\u00f3 al Ministerio de Salud Provincial a la ma\u00f1ana y por la tarde asumi\u00f3 Gabriela Barb\u00e1s - El Regional\",\"isPartOf\":{\"@id\":\"http:\/\/elregionalvm.com.ar\/noticias-villa-maria\/#website\"},\"primaryImageOfPage\":{\"@id\":\"http:\/\/elregionalvm.com.ar\/noticias-villa-maria\/diego-cardozo-renuncio-al-ministerio-de-salud-provincial-a-la-manana-y-por-la-tarde-asumio-gabriela-barbas\/#primaryimage\"},\"image\":{\"@id\":\"http:\/\/elregionalvm.com.ar\/noticias-villa-maria\/diego-cardozo-renuncio-al-ministerio-de-salud-provincial-a-la-manana-y-por-la-tarde-asumio-gabriela-barbas\/#primaryimage\"},\"thumbnailUrl\":\"https:\/\/i0.wp.com\/elregionalvm.com.ar\/noticias-villa-maria\/wp-content\/uploads\/2022\/08\/Gabriela-Barbas-juro.jpg?fit=680%2C618&ssl=1\",\"datePublished\":\"2022-08-25T21:37:55+00:00\",\"dateModified\":\"2022-08-25T21:37:57+00:00\",\"author\":{\"@id\":\"http:\/\/elregionalvm.com.ar\/noticias-villa-maria\/#\/schema\/person\/a0fb9c422317faca23d50163151bc354\"},\"breadcrumb\":{\"@id\":\"http:\/\/elregionalvm.com.ar\/noticias-villa-maria\/diego-cardozo-renuncio-al-ministerio-de-salud-provincial-a-la-manana-y-por-la-tarde-asumio-gabriela-barbas\/#breadcrumb\"},\"inLanguage\":\"es\",\"potentialAction\":[{\"@type\":\"ReadAction\",\"target\":[\"http:\/\/elregionalvm.com.ar\/noticias-villa-maria\/diego-cardozo-renuncio-al-ministerio-de-salud-provincial-a-la-manana-y-por-la-tarde-asumio-gabriela-barbas\/\"]}]},{\"@type\":\"ImageObject\",\"inLanguage\":\"es\",\"@id\":\"http:\/\/elregionalvm.com.ar\/noticias-villa-maria\/diego-cardozo-renuncio-al-ministerio-de-salud-provincial-a-la-manana-y-por-la-tarde-asumio-gabriela-barbas\/#primaryimage\",\"url\":\"https:\/\/i0.wp.com\/elregionalvm.com.ar\/noticias-villa-maria\/wp-content\/uploads\/2022\/08\/Gabriela-Barbas-juro.jpg?fit=680%2C618&ssl=1\",\"contentUrl\":\"https:\/\/i0.wp.com\/elregionalvm.com.ar\/noticias-villa-maria\/wp-content\/uploads\/2022\/08\/Gabriela-Barbas-juro.jpg?fit=680%2C618&ssl=1\",\"width\":680,\"height\":618},{\"@type\":\"BreadcrumbList\",\"@id\":\"http:\/\/elregionalvm.com.ar\/noticias-villa-maria\/diego-cardozo-renuncio-al-ministerio-de-salud-provincial-a-la-manana-y-por-la-tarde-asumio-gabriela-barbas\/#breadcrumb\",\"itemListElement\":[{\"@type\":\"ListItem\",\"position\":1,\"name\":\"Portada\",\"item\":\"https:\/\/elregionalvm.com.ar\/noticias-villa-maria\/\"},{\"@type\":\"ListItem\",\"position\":2,\"name\":\"Diego Cardozo renunci\u00f3 al Ministerio de Salud Provincial a la ma\u00f1ana y por la tarde asumi\u00f3 Gabriela Barb\u00e1s\"}]},{\"@type\":\"WebSite\",\"@id\":\"http:\/\/elregionalvm.com.ar\/noticias-villa-maria\/#website\",\"url\":\"http:\/\/elregionalvm.com.ar\/noticias-villa-maria\/\",\"name\":\"El Regional\",\"description\":\"Mucho m\u00e1s que informaci\u00f3n\",\"potentialAction\":[{\"@type\":\"SearchAction\",\"target\":{\"@type\":\"EntryPoint\",\"urlTemplate\":\"http:\/\/elregionalvm.com.ar\/noticias-villa-maria\/?s={search_term_string}\"},\"query-input\":{\"@type\":\"PropertyValueSpecification\",\"valueRequired\":true,\"valueName\":\"search_term_string\"}}],\"inLanguage\":\"es\"},{\"@type\":\"Person\",\"@id\":\"http:\/\/elregionalvm.com.ar\/noticias-villa-maria\/#\/schema\/person\/a0fb9c422317faca23d50163151bc354\",\"name\":\"Contenidos El Regional\",\"image\":{\"@type\":\"ImageObject\",\"inLanguage\":\"es\",\"@id\":\"http:\/\/elregionalvm.com.ar\/noticias-villa-maria\/#\/schema\/person\/image\/\",\"url\":\"https:\/\/secure.gravatar.com\/avatar\/265b27cb2209af7bb3a1318f03305787d7981a5cc6e6cd08fe5a4ecdf99d4b48?s=96&d=mm&r=g\",\"contentUrl\":\"https:\/\/secure.gravatar.com\/avatar\/265b27cb2209af7bb3a1318f03305787d7981a5cc6e6cd08fe5a4ecdf99d4b48?s=96&d=mm&r=g\",\"caption\":\"Contenidos El Regional\"},\"url\":\"https:\/\/elregionalvm.com.ar\/noticias-villa-maria\/author\/contenido\/\"}]}<\/script>\n<!-- \/ Yoast SEO plugin. -->","yoast_head_json":{"title":"Diego Cardozo renunci\u00f3 al Ministerio de Salud Provincial a la ma\u00f1ana y por la tarde asumi\u00f3 Gabriela Barb\u00e1s - El Regional","robots":{"index":"index","follow":"follow","max-snippet":"max-snippet:-1","max-image-preview":"max-image-preview:large","max-video-preview":"max-video-preview:-1"},"canonical":"http:\/\/elregionalvm.com.ar\/noticias-villa-maria\/diego-cardozo-renuncio-al-ministerio-de-salud-provincial-a-la-manana-y-por-la-tarde-asumio-gabriela-barbas\/","og_locale":"es_ES","og_type":"article","og_title":"Diego Cardozo renunci\u00f3 al Ministerio de Salud Provincial a la ma\u00f1ana y por la tarde asumi\u00f3 Gabriela Barb\u00e1s - El Regional","og_description":"Este jueves y en medio de la conmoci\u00f3n por la causa de la muerte de beb\u00e9s en el Hospital Materno Neonatal, Diego Cardozo anunci\u00f3 su renuncia al Ministerio de Salud de la Provincia. El anuncio de Cardozo se conoci\u00f3 a trav\u00e9s de Twitter, donde destac\u00f3: \u00abQuiero informarles que en el d\u00eda de la fecha present\u00e9 [&hellip;]","og_url":"http:\/\/elregionalvm.com.ar\/noticias-villa-maria\/diego-cardozo-renuncio-al-ministerio-de-salud-provincial-a-la-manana-y-por-la-tarde-asumio-gabriela-barbas\/","og_site_name":"El Regional","article_publisher":"https:\/\/www.facebook.com\/elregionalvm","article_published_time":"2022-08-25T21:37:55+00:00","article_modified_time":"2022-08-25T21:37:57+00:00","og_image":[{"width":680,"height":618,"url":"http:\/\/elregionalvm.com.ar\/noticias-villa-maria\/wp-content\/uploads\/2022\/08\/Gabriela-Barbas-juro.jpg","type":"image\/jpeg"}],"author":"Contenidos El Regional","twitter_card":"summary_large_image","twitter_creator":"@elregionalvm1","twitter_site":"@elregionalvm1","twitter_misc":{"Escrito por":"Contenidos El Regional","Tiempo de lectura":"2 minutos"},"schema":{"@context":"https:\/\/schema.org","@graph":[{"@type":"Article","@id":"http:\/\/elregionalvm.com.ar\/noticias-villa-maria\/diego-cardozo-renuncio-al-ministerio-de-salud-provincial-a-la-manana-y-por-la-tarde-asumio-gabriela-barbas\/#article","isPartOf":{"@id":"http:\/\/elregionalvm.com.ar\/noticias-villa-maria\/diego-cardozo-renuncio-al-ministerio-de-salud-provincial-a-la-manana-y-por-la-tarde-asumio-gabriela-barbas\/"},"author":{"name":"Contenidos El Regional","@id":"http:\/\/elregionalvm.com.ar\/noticias-villa-maria\/#\/schema\/person\/a0fb9c422317faca23d50163151bc354"},"headline":"Diego Cardozo renunci\u00f3 al Ministerio de Salud Provincial a la ma\u00f1ana y por la tarde asumi\u00f3 Gabriela Barb\u00e1s","datePublished":"2022-08-25T21:37:55+00:00","dateModified":"2022-08-25T21:37:57+00:00","mainEntityOfPage":{"@id":"http:\/\/elregionalvm.com.ar\/noticias-villa-maria\/diego-cardozo-renuncio-al-ministerio-de-salud-provincial-a-la-manana-y-por-la-tarde-asumio-gabriela-barbas\/"},"wordCount":396,"commentCount":0,"image":{"@id":"http:\/\/elregionalvm.com.ar\/noticias-villa-maria\/diego-cardozo-renuncio-al-ministerio-de-salud-provincial-a-la-manana-y-por-la-tarde-asumio-gabriela-barbas\/#primaryimage"},"thumbnailUrl":"https:\/\/i0.wp.com\/elregionalvm.com.ar\/noticias-villa-maria\/wp-content\/uploads\/2022\/08\/Gabriela-Barbas-juro.jpg?fit=680%2C618&ssl=1","keywords":["caso Neonatal","Gabriela Barb\u00e1s","Ministerio de Salud de la Provincia","nueva ministra","Provincia de C\u00f3rdoba","Provinciales","Renunci\u00f3 Diego Cardozo"],"articleSection":["destacado","Provinciales"],"inLanguage":"es","potentialAction":[{"@type":"CommentAction","name":"Comment","target":["http:\/\/elregionalvm.com.ar\/noticias-villa-maria\/diego-cardozo-renuncio-al-ministerio-de-salud-provincial-a-la-manana-y-por-la-tarde-asumio-gabriela-barbas\/#respond"]}]},{"@type":"WebPage","@id":"http:\/\/elregionalvm.com.ar\/noticias-villa-maria\/diego-cardozo-renuncio-al-ministerio-de-salud-provincial-a-la-manana-y-por-la-tarde-asumio-gabriela-barbas\/","url":"http:\/\/elregionalvm.com.ar\/noticias-villa-maria\/diego-cardozo-renuncio-al-ministerio-de-salud-provincial-a-la-manana-y-por-la-tarde-asumio-gabriela-barbas\/","name":"Diego Cardozo renunci\u00f3 al Ministerio de Salud Provincial a la ma\u00f1ana y por la tarde asumi\u00f3 Gabriela Barb\u00e1s - El Regional","isPartOf":{"@id":"http:\/\/elregionalvm.com.ar\/noticias-villa-maria\/#website"},"primaryImageOfPage":{"@id":"http:\/\/elregionalvm.com.ar\/noticias-villa-maria\/diego-cardozo-renuncio-al-ministerio-de-salud-provincial-a-la-manana-y-por-la-tarde-asumio-gabriela-barbas\/#primaryimage"},"image":{"@id":"http:\/\/elregionalvm.com.ar\/noticias-villa-maria\/diego-cardozo-renuncio-al-ministerio-de-salud-provincial-a-la-manana-y-por-la-tarde-asumio-gabriela-barbas\/#primaryimage"},"thumbnailUrl":"https:\/\/i0.wp.com\/elregionalvm.com.ar\/noticias-villa-maria\/wp-content\/uploads\/2022\/08\/Gabriela-Barbas-juro.jpg?fit=680%2C618&ssl=1","datePublished":"2022-08-25T21:37:55+00:00","dateModified":"2022-08-25T21:37:57+00:00","author":{"@id":"http:\/\/elregionalvm.com.ar\/noticias-villa-maria\/#\/schema\/person\/a0fb9c422317faca23d50163151bc354"},"breadcrumb":{"@id":"http:\/\/elregionalvm.com.ar\/noticias-villa-maria\/diego-cardozo-renuncio-al-ministerio-de-salud-provincial-a-la-manana-y-por-la-tarde-asumio-gabriela-barbas\/#breadcrumb"},"inLanguage":"es","potentialAction":[{"@type":"ReadAction","target":["http:\/\/elregionalvm.com.ar\/noticias-villa-maria\/diego-cardozo-renuncio-al-ministerio-de-salud-provincial-a-la-manana-y-por-la-tarde-asumio-gabriela-barbas\/"]}]},{"@type":"ImageObject","inLanguage":"es","@id":"http:\/\/elregionalvm.com.ar\/noticias-villa-maria\/diego-cardozo-renuncio-al-ministerio-de-salud-provincial-a-la-manana-y-por-la-tarde-asumio-gabriela-barbas\/#primaryimage","url":"https:\/\/i0.wp.com\/elregionalvm.com.ar\/noticias-villa-maria\/wp-content\/uploads\/2022\/08\/Gabriela-Barbas-juro.jpg?fit=680%2C618&ssl=1","contentUrl":"https:\/\/i0.wp.com\/elregionalvm.com.ar\/noticias-villa-maria\/wp-content\/uploads\/2022\/08\/Gabriela-Barbas-juro.jpg?fit=680%2C618&ssl=1","width":680,"height":618},{"@type":"BreadcrumbList","@id":"http:\/\/elregionalvm.com.ar\/noticias-villa-maria\/diego-cardozo-renuncio-al-ministerio-de-salud-provincial-a-la-manana-y-por-la-tarde-asumio-gabriela-barbas\/#breadcrumb","itemListElement":[{"@type":"ListItem","position":1,"name":"Portada","item":"https:\/\/elregionalvm.com.ar\/noticias-villa-maria\/"},{"@type":"ListItem","position":2,"name":"Diego Cardozo renunci\u00f3 al Ministerio de Salud Provincial a la ma\u00f1ana y por la tarde asumi\u00f3 Gabriela Barb\u00e1s"}]},{"@type":"WebSite","@id":"http:\/\/elregionalvm.com.ar\/noticias-villa-maria\/#website","url":"http:\/\/elregionalvm.com.ar\/noticias-villa-maria\/","name":"El Regional","description":"Mucho m\u00e1s que informaci\u00f3n","potentialAction":[{"@type":"SearchAction","target":{"@type":"EntryPoint","urlTemplate":"http:\/\/elregionalvm.com.ar\/noticias-villa-maria\/?s={search_term_string}"},"query-input":{"@type":"PropertyValueSpecification","valueRequired":true,"valueName":"search_term_string"}}],"inLanguage":"es"},{"@type":"Person","@id":"http:\/\/elregionalvm.com.ar\/noticias-villa-maria\/#\/schema\/person\/a0fb9c422317faca23d50163151bc354","name":"Contenidos El Regional","image":{"@type":"ImageObject","inLanguage":"es","@id":"http:\/\/elregionalvm.com.ar\/noticias-villa-maria\/#\/schema\/person\/image\/","url":"https:\/\/secure.gravatar.com\/avatar\/265b27cb2209af7bb3a1318f03305787d7981a5cc6e6cd08fe5a4ecdf99d4b48?s=96&d=mm&r=g","contentUrl":"https:\/\/secure.gravatar.com\/avatar\/265b27cb2209af7bb3a1318f03305787d7981a5cc6e6cd08fe5a4ecdf99d4b48?s=96&d=mm&r=g","caption":"Contenidos El Regional"},"url":"https:\/\/elregionalvm.com.ar\/noticias-villa-maria\/author\/contenido\/"}]}},"jetpack_featured_media_url":"https:\/\/i0.wp.com\/elregionalvm.com.ar\/noticias-villa-maria\/wp-content\/uploads\/2022\/08\/Gabriela-Barbas-juro.jpg?fit=680%2C618&ssl=1","jetpack_sharing_enabled":true,"_links":{"self":[{"href":"https:\/\/elregionalvm.com.ar\/noticias-villa-maria\/wp-json\/wp\/v2\/posts\/62976","targetHints":{"allow":["GET"]}}],"collection":[{"href":"https:\/\/elregionalvm.com.ar\/noticias-villa-maria\/wp-json\/wp\/v2\/posts"}],"about":[{"href":"https:\/\/elregionalvm.com.ar\/noticias-villa-maria\/wp-json\/wp\/v2\/types\/post"}],"author":[{"embeddable":true,"href":"https:\/\/elregionalvm.com.ar\/noticias-villa-maria\/wp-json\/wp\/v2\/users\/4"}],"replies":[{"embeddable":true,"href":"https:\/\/elregionalvm.com.ar\/noticias-villa-maria\/wp-json\/wp\/v2\/comments?post=62976"}],"version-history":[{"count":1,"href":"https:\/\/elregionalvm.com.ar\/noticias-villa-maria\/wp-json\/wp\/v2\/posts\/62976\/revisions"}],"predecessor-version":[{"id":62978,"href":"https:\/\/elregionalvm.com.ar\/noticias-villa-maria\/wp-json\/wp\/v2\/posts\/62976\/revisions\/62978"}],"wp:featuredmedia":[{"embeddable":true,"href":"https:\/\/elregionalvm.com.ar\/noticias-villa-maria\/wp-json\/wp\/v2\/media\/62977"}],"wp:attachment":[{"href":"https:\/\/elregionalvm.com.ar\/noticias-villa-maria\/wp-json\/wp\/v2\/media?parent=62976"}],"wp:term":[{"taxonomy":"category","embeddable":true,"href":"https:\/\/elregionalvm.com.ar\/noticias-villa-maria\/wp-json\/wp\/v2\/categories?post=62976"},{"taxonomy":"post_tag","embeddable":true,"href":"https:\/\/elregionalvm.com.ar\/noticias-villa-maria\/wp-json\/wp\/v2\/tags?post=62976"}],"curies":[{"name":"wp","href":"https:\/\/api.w.org\/{rel}","templated":true}]}}