{"id":64453,"date":"2022-09-22T14:54:58","date_gmt":"2022-09-22T14:54:58","guid":{"rendered":"https:\/\/elregionalvm.com.ar\/noticias-villa-maria\/?p=64453"},"modified":"2022-09-26T18:53:55","modified_gmt":"2022-09-26T18:53:55","slug":"la-culomania-ese-raro-objeto-del-deseo-de-los-argentinos","status":"publish","type":"post","link":"https:\/\/elregionalvm.com.ar\/noticias-villa-maria\/la-culomania-ese-raro-objeto-del-deseo-de-los-argentinos\/","title":{"rendered":"La \u201cculoman\u00eda\u201d: Ese raro objeto del deseo de los argentinos"},"content":{"rendered":"\n<p><\/p>\n\n\n\n<h3 class=\"wp-block-heading\">Personas de todos los g\u00e9neros participan por igual de un fen\u00f3meno nacional: la idolatr\u00eda por esa zona del cuerpo com\u00fan a todos los sexos, pero que quita el sue\u00f1o a millones. Reflexiones (para el c.u.l.o.) sobre esta obsesi\u00f3n criolla y m\u00e1s all\u00e1 de las fronteras. &nbsp;<\/h3>\n\n\n\n<h2 class=\"wp-block-heading\"><\/h2>\n\n\n\n<p>Los yanquis, dicen, prefieren los senos grandes, aunque est\u00e9n fascinados con los traseros latinos de Jennifer L\u00f3pez, Shakira, Karol G. o de cualquier otra celebridad con caderas y gl\u00fateos prominentes. Los franceses y otros europeizados no ocultan su atracci\u00f3n por la entrepierna femenina.<\/p>\n\n\n\n<p>Y los argentinos no disimulan su obsesi\u00f3n por el culo, esa parte de la anatom\u00eda humana mal llamada cola, que tapizaba en una \u00e9poca las populares tapas de verano de la revista Gente y que ahora se reproduce hasta el hartazgo en Instagram y en todas las redes sociales (hasta en las novelas de las 3 de la tarde); que tambi\u00e9n le da nombre a una prenda femenina \u00edntima -colaless- y que provoca verg\u00fcenza con s\u00f3lo nombrarla en voz alta. Dependiendo el contexto, claro.<\/p>\n\n\n\n<p>Es que, contradictorios hasta la m\u00e9dula, mientras se les rinde culto nacional a las nalgas femeninas (y otras tambi\u00e9n) despojadas de toda ropa o enfundadas en min\u00fasculos jeans que s\u00f3lo es posible encontrar en Argentina, omitimos pronunciar en p\u00fablico la palabra que deriva del lat\u00edn \u201cculus\u201d.<\/p>\n\n\n\n<p>\u201cUna incre\u00edble muestra de pudor en un pa\u00eds donde el pudor es tan escaso\u201d, dir\u00eda el escritor Marcos Aguinis en \u201cEl atroz encanto de ser argentinos\u201d.<\/p>\n\n\n\n<p><\/p>\n\n\n\n<figure class=\"wp-block-image size-full\"><img data-recalc-dims=\"1\" fetchpriority=\"high\" decoding=\"async\" width=\"953\" height=\"476\" src=\"https:\/\/i0.wp.com\/elregionalvm.com.ar\/noticias-villa-maria\/wp-content\/uploads\/2022\/09\/Mujeres-de-espalda-culo.jpg?resize=953%2C476&#038;ssl=1\" alt=\"\" class=\"wp-image-64473\" srcset=\"https:\/\/i0.wp.com\/elregionalvm.com.ar\/noticias-villa-maria\/wp-content\/uploads\/2022\/09\/Mujeres-de-espalda-culo.jpg?w=953&amp;ssl=1 953w, https:\/\/i0.wp.com\/elregionalvm.com.ar\/noticias-villa-maria\/wp-content\/uploads\/2022\/09\/Mujeres-de-espalda-culo.jpg?resize=300%2C150&amp;ssl=1 300w, https:\/\/i0.wp.com\/elregionalvm.com.ar\/noticias-villa-maria\/wp-content\/uploads\/2022\/09\/Mujeres-de-espalda-culo.jpg?resize=768%2C384&amp;ssl=1 768w\" sizes=\"(max-width: 953px) 100vw, 953px\" \/><\/figure>\n\n\n\n<p><\/p>\n\n\n\n<h3 class=\"wp-block-heading\"><strong>Idolatr\u00eda sin distinci\u00f3n de g\u00e9nero<\/strong><\/h3>\n\n\n\n<p><\/p>\n\n\n\n<p>El culo, al igual que otras partes del cuerpo como las manos y los pies, es una pieza unisex, es decir, lo poseen hombres y mujeres por igual. Sin embargo, la idolatr\u00eda sexual hacia el trasero relega a un segundo plano las tetas y la vulva, porciones corporales exclusivamente femeninas.&nbsp;<\/p>\n\n\n\n<p>En alg\u00fan momento de la humanidad, la atracci\u00f3n por los pechos comenz\u00f3 a \u00abceder poder\u00edo\u00bb a los gl\u00fateos. Pero es dif\u00edcil determinar cu\u00e1ndo, indic\u00f3 Jean Luc Henning en el libro \u00abBreve historia del culo\u00bb.<\/p>\n\n\n\n<p>Mart\u00edn Caparr\u00f3s asombrado escribi\u00f3: \u201cNos hacemos los machos deseando en las mujeres lo que los machos tienen\u201d.<\/p>\n\n\n\n<p><\/p>\n\n\n\n<figure class=\"wp-block-image size-full is-resized\"><img data-recalc-dims=\"1\" decoding=\"async\" src=\"https:\/\/i0.wp.com\/elregionalvm.com.ar\/noticias-villa-maria\/wp-content\/uploads\/2022\/09\/pareja-espaldas-culo.png?resize=909%2C610&#038;ssl=1\" alt=\"\" class=\"wp-image-64478\" width=\"909\" height=\"610\" srcset=\"https:\/\/i0.wp.com\/elregionalvm.com.ar\/noticias-villa-maria\/wp-content\/uploads\/2022\/09\/pareja-espaldas-culo.png?w=799&amp;ssl=1 799w, https:\/\/i0.wp.com\/elregionalvm.com.ar\/noticias-villa-maria\/wp-content\/uploads\/2022\/09\/pareja-espaldas-culo.png?resize=300%2C201&amp;ssl=1 300w, https:\/\/i0.wp.com\/elregionalvm.com.ar\/noticias-villa-maria\/wp-content\/uploads\/2022\/09\/pareja-espaldas-culo.png?resize=768%2C515&amp;ssl=1 768w\" sizes=\"(max-width: 909px) 100vw, 909px\" \/><\/figure>\n\n\n\n<p><\/p>\n\n\n\n<p>\u201cEs una zona er\u00f3gena, pero no siempre est\u00e1 contemplada como tal. Para la respuesta sexual humana se toma los genitales propiamente dichos, pero no necesariamente se contempla la zona anal. Es la zona m\u00e1s invisibilizada y m\u00e1s democr\u00e1tica, porque la tenemos todos y todas, por lo que no deber\u00eda tener marcas de g\u00e9nero, orientaci\u00f3n e identidad\u201d, explica la sex\u00f3loga villamariense Noelia Benedetto.<\/p>\n\n\n\n<p>Nadie queda exento del culto popular que se le rinde. Los varones tambi\u00e9n han ca\u00eddo en la trampa: ya casi no queda pel\u00edcula en la que no aparezcan por lo menos una vez los gl\u00fateos del protagonista, y la cola ca\u00edda es motivo de tal preocupaci\u00f3n hasta el punto que la \u201clipo-gluteopastia, que sirve para redondear el culo y eliminar los excedentes de grasa, es una de las operaciones m\u00e1s populares entre los hombres\u201d (Jorge Lanata, \u201cADN\u201d).<\/p>\n\n\n\n<p>Pero esta peligrosa obsesi\u00f3n afecta principalmente a las mujeres: inducidas por el mandato social se desata la paranoia que supone tener el culo firme, curvil\u00edneo y agradable a la vista -cada argentino es un experto clasificador de traseros-, se matan en extenuantes sesiones en el gimnasio, derrochan in\u00fatilmente en cremas que prometen eliminar para siempre celulitis y estr\u00edas y, en el peor de los casos, recurren a pr\u00f3tesis para levantarlo o tratan de disimular imperfecciones por medio del calce salvador de un jeans.<\/p>\n\n\n\n<p>\u201cHay una violencia est\u00e9tica que impacta en normativizar las curvas, que lejos de ser una cuesti\u00f3n democr\u00e1tica, impone un modelo. Esto ha pasado siempre, con el 90-60-90, con las siliconas en el busto, con la cintura y en alg\u00fan momento con la rinoplastia\u201d, sostiene Benedetto.<\/p>\n\n\n\n<p><\/p>\n\n\n\n<p><\/p>\n\n\n\n<figure class=\"wp-block-gallery has-nested-images columns-default is-cropped wp-block-gallery-1 is-layout-flex wp-block-gallery-is-layout-flex\">\n<figure class=\"wp-block-image size-large\"><img data-recalc-dims=\"1\" decoding=\"async\" width=\"770\" height=\"1028\" data-id=\"64475\" src=\"https:\/\/i0.wp.com\/elregionalvm.com.ar\/noticias-villa-maria\/wp-content\/uploads\/2022\/09\/Ilustracion-mujer-espaldas-culo.jpg?resize=770%2C1028&#038;ssl=1\" alt=\"\" class=\"wp-image-64475\" srcset=\"https:\/\/i0.wp.com\/elregionalvm.com.ar\/noticias-villa-maria\/wp-content\/uploads\/2022\/09\/Ilustracion-mujer-espaldas-culo.jpg?w=770&amp;ssl=1 770w, https:\/\/i0.wp.com\/elregionalvm.com.ar\/noticias-villa-maria\/wp-content\/uploads\/2022\/09\/Ilustracion-mujer-espaldas-culo.jpg?resize=225%2C300&amp;ssl=1 225w, https:\/\/i0.wp.com\/elregionalvm.com.ar\/noticias-villa-maria\/wp-content\/uploads\/2022\/09\/Ilustracion-mujer-espaldas-culo.jpg?resize=767%2C1024&amp;ssl=1 767w, https:\/\/i0.wp.com\/elregionalvm.com.ar\/noticias-villa-maria\/wp-content\/uploads\/2022\/09\/Ilustracion-mujer-espaldas-culo.jpg?resize=768%2C1025&amp;ssl=1 768w\" sizes=\"(max-width: 770px) 100vw, 770px\" \/><\/figure>\n\n\n\n<figure class=\"wp-block-image size-large\"><img data-recalc-dims=\"1\" loading=\"lazy\" decoding=\"async\" width=\"750\" height=\"1000\" data-id=\"64474\" src=\"https:\/\/i0.wp.com\/elregionalvm.com.ar\/noticias-villa-maria\/wp-content\/uploads\/2022\/09\/poster-monalisa-culo.jpg?resize=750%2C1000&#038;ssl=1\" alt=\"\" class=\"wp-image-64474\" srcset=\"https:\/\/i0.wp.com\/elregionalvm.com.ar\/noticias-villa-maria\/wp-content\/uploads\/2022\/09\/poster-monalisa-culo.jpg?w=750&amp;ssl=1 750w, https:\/\/i0.wp.com\/elregionalvm.com.ar\/noticias-villa-maria\/wp-content\/uploads\/2022\/09\/poster-monalisa-culo.jpg?resize=225%2C300&amp;ssl=1 225w\" sizes=\"(max-width: 750px) 100vw, 750px\" \/><\/figure>\n<figcaption class=\"blocks-gallery-caption\"><em>El culo tambi\u00e9n est\u00e1 presente como tema en el arte. <\/em><\/figcaption><\/figure>\n\n\n\n<p><\/p>\n\n\n\n<p><\/p>\n\n\n\n<p><strong>\u201cDec\u00ed culo&#8230;\u201d<\/strong><\/p>\n\n\n\n<p>El culo es una figura omnipresente en la vida de los argentinos: su connotaci\u00f3n sexual desplaza a las dem\u00e1s -y principales- funciones que cumple: sentarse y defecar.<\/p>\n\n\n\n<p>Uno sugerente puede vender desde un auto hasta yerba mate a trav\u00e9s de la publicidad, pero nunca aparecer\u00e1 en un aviso de inodoros o papel higi\u00e9nico, por m\u00e1s refinado que \u00e9ste sea.<\/p>\n\n\n\n<p>Pero la arrogante imagen de la \u201cculoman\u00eda\u201d (si se me permite la expresi\u00f3n) se resquebraja cuando alguien menciona el t\u00e9rmino \u201cculo\u201d.<\/p>\n\n\n\n<p>Se\u00f1alada a\u00fan como palabra vulgar y dejada de lado en vocabularios exquisitos, resulta ser, parad\u00f3jicamente, una expresi\u00f3n pol\u00edticamente incorrecta. En su reemplazo se utilizan vocablos neutros, fr\u00edos, desapasionados: cola (t\u00e9rmino propio de la zoolog\u00eda), nalgas, trasero, gl\u00fateos, traste, posaderas. En fin, nada que se sienta con la carga emotiva y sonora que conlleva la palabra \u201cculo\u201d.<\/p>\n\n\n\n<p>Curiosamente, el diccionario de la Real Academia Espa\u00f1ola resulta ser un amplio muestrario de los significados asignados a esta palabra. La lista incluye varias acepciones y una treintena usos en combinaci\u00f3n con otras palabras, muchos de ellos se\u00f1alados como frases malsonantes.<\/p>\n\n\n\n<p><\/p>\n\n\n\n<figure class=\"wp-block-image size-full is-resized\"><img data-recalc-dims=\"1\" loading=\"lazy\" decoding=\"async\" src=\"https:\/\/i0.wp.com\/elregionalvm.com.ar\/noticias-villa-maria\/wp-content\/uploads\/2022\/09\/Pintada-pared-culo.jpg?resize=911%2C579&#038;ssl=1\" alt=\"\" class=\"wp-image-64477\" width=\"911\" height=\"579\" srcset=\"https:\/\/i0.wp.com\/elregionalvm.com.ar\/noticias-villa-maria\/wp-content\/uploads\/2022\/09\/Pintada-pared-culo.jpg?w=500&amp;ssl=1 500w, https:\/\/i0.wp.com\/elregionalvm.com.ar\/noticias-villa-maria\/wp-content\/uploads\/2022\/09\/Pintada-pared-culo.jpg?resize=300%2C191&amp;ssl=1 300w\" sizes=\"(max-width: 911px) 100vw, 911px\" \/><\/figure>\n\n\n\n<p><\/p>\n\n\n\n<p>\u201cTener\u201d culo, por ejemplo, significa ser favorecido por el azar, \u201ccaerse de\u201d culo implica quedarse desconcertado ante algo imprevisto, \u201clamerlo\u201d representa adular servilmente a alguien. Solo por citar algunos casos.<\/p>\n\n\n\n<p>Utilizando los casos que aparecen en el prestigioso diccionario expondr\u00e9 algunos de mis temores ahora que la nota llega a su fin.<\/p>\n\n\n\n<p>El primero es que esta obsesi\u00f3n nacional tenga algo que ver con que nos vaya \u201cpara el culo\u201d.<\/p>\n\n\n\n<p>El otro es que alg\u00fan lector enojadizo nos mande al \u201cculo del mundo\u201d luego de leerla, o peor a\u00fan, se la quiera pasar por el mismo lugar que usted est\u00e1 pensando en este momento.<\/p>\n\n\n\n<p>\u00bfO no?<\/p>\n","protected":false},"excerpt":{"rendered":"<p>Personas de todos los g\u00e9neros participan por igual de un fen\u00f3meno nacional: la idolatr\u00eda por esa zona del cuerpo com\u00fan a todos los sexos, pero que quita el sue\u00f1o a millones. Reflexiones (para el c.u.l.o.) sobre esta obsesi\u00f3n criolla y m\u00e1s all\u00e1 de las fronteras. &nbsp; Los yanquis, dicen, prefieren los senos grandes, aunque est\u00e9n [&hellip;]<\/p>\n","protected":false},"author":6,"featured_media":64479,"comment_status":"open","ping_status":"open","sticky":false,"template":"","format":"standard","meta":{"site-sidebar-layout":"default","site-content-layout":"","ast-site-content-layout":"default","site-content-style":"default","site-sidebar-style":"default","ast-global-header-display":"","ast-banner-title-visibility":"","ast-main-header-display":"","ast-hfb-above-header-display":"","ast-hfb-below-header-display":"","ast-hfb-mobile-header-display":"","site-post-title":"","ast-breadcrumbs-content":"","ast-featured-img":"","footer-sml-layout":"","ast-disable-related-posts":"","theme-transparent-header-meta":"","adv-header-id-meta":"","stick-header-meta":"","header-above-stick-meta":"","header-main-stick-meta":"","header-below-stick-meta":"","astra-migrate-meta-layouts":"default","ast-page-background-enabled":"default","ast-page-background-meta":{"desktop":{"background-color":"","background-image":"","background-repeat":"repeat","background-position":"center center","background-size":"auto","background-attachment":"scroll","background-type":"","background-media":"","overlay-type":"","overlay-color":"","overlay-opacity":"","overlay-gradient":""},"tablet":{"background-color":"","background-image":"","background-repeat":"repeat","background-position":"center center","background-size":"auto","background-attachment":"scroll","background-type":"","background-media":"","overlay-type":"","overlay-color":"","overlay-opacity":"","overlay-gradient":""},"mobile":{"background-color":"","background-image":"","background-repeat":"repeat","background-position":"center center","background-size":"auto","background-attachment":"scroll","background-type":"","background-media":"","overlay-type":"","overlay-color":"","overlay-opacity":"","overlay-gradient":""}},"ast-content-background-meta":{"desktop":{"background-color":"var(--ast-global-color-5)","background-image":"","background-repeat":"repeat","background-position":"center center","background-size":"auto","background-attachment":"scroll","background-type":"","background-media":"","overlay-type":"","overlay-color":"","overlay-opacity":"","overlay-gradient":""},"tablet":{"background-color":"var(--ast-global-color-5)","background-image":"","background-repeat":"repeat","background-position":"center center","background-size":"auto","background-attachment":"scroll","background-type":"","background-media":"","overlay-type":"","overlay-color":"","overlay-opacity":"","overlay-gradient":""},"mobile":{"background-color":"var(--ast-global-color-5)","background-image":"","background-repeat":"repeat","background-position":"center center","background-size":"auto","background-attachment":"scroll","background-type":"","background-media":"","overlay-type":"","overlay-color":"","overlay-opacity":"","overlay-gradient":""}},"_jetpack_memberships_contains_paid_content":false,"_joinchat":[],"footnotes":""},"categories":[365,3557],"tags":[9816,18343,18339,18340,15800,18341,7572,1101,11097,10195,11095,18342],"class_list":["post-64453","post","type-post","status-publish","format-standard","has-post-thumbnail","hentry","category-opinion","category-tercera","tag-argentinos","tag-cuerpo-humano","tag-culo","tag-culomania","tag-deseo","tag-fenomeno","tag-genero","tag-lenguaje","tag-noelia-benedetto","tag-sexo","tag-sexologia","tag-tetas"],"yoast_head":"<!-- This site is optimized with the Yoast SEO plugin v26.8 - https:\/\/yoast.com\/product\/yoast-seo-wordpress\/ -->\n<title>La \u201cculoman\u00eda\u201d: Ese raro objeto del deseo de los argentinos - El Regional<\/title>\n<meta name=\"robots\" content=\"index, follow, max-snippet:-1, max-image-preview:large, max-video-preview:-1\" \/>\n<link rel=\"canonical\" href=\"http:\/\/elregionalvm.com.ar\/noticias-villa-maria\/la-culomania-ese-raro-objeto-del-deseo-de-los-argentinos\/\" \/>\n<meta property=\"og:locale\" content=\"es_ES\" \/>\n<meta property=\"og:type\" content=\"article\" \/>\n<meta property=\"og:title\" content=\"La \u201cculoman\u00eda\u201d: Ese raro objeto del deseo de los argentinos - El Regional\" \/>\n<meta property=\"og:description\" content=\"Personas de todos los g\u00e9neros participan por igual de un fen\u00f3meno nacional: la idolatr\u00eda por esa zona del cuerpo com\u00fan a todos los sexos, pero que quita el sue\u00f1o a millones. Reflexiones (para el c.u.l.o.) sobre esta obsesi\u00f3n criolla y m\u00e1s all\u00e1 de las fronteras. &nbsp; Los yanquis, dicen, prefieren los senos grandes, aunque est\u00e9n [&hellip;]\" \/>\n<meta property=\"og:url\" content=\"http:\/\/elregionalvm.com.ar\/noticias-villa-maria\/la-culomania-ese-raro-objeto-del-deseo-de-los-argentinos\/\" \/>\n<meta property=\"og:site_name\" content=\"El Regional\" \/>\n<meta property=\"article:publisher\" content=\"https:\/\/www.facebook.com\/elregionalvm\" \/>\n<meta property=\"article:published_time\" content=\"2022-09-22T14:54:58+00:00\" \/>\n<meta property=\"article:modified_time\" content=\"2022-09-26T18:53:55+00:00\" \/>\n<meta property=\"og:image\" content=\"http:\/\/elregionalvm.com.ar\/noticias-villa-maria\/wp-content\/uploads\/2022\/09\/pop-moderno-pintura-culo.jpg\" \/>\n\t<meta property=\"og:image:width\" content=\"640\" \/>\n\t<meta property=\"og:image:height\" content=\"419\" \/>\n\t<meta property=\"og:image:type\" content=\"image\/jpeg\" \/>\n<meta name=\"author\" content=\"Germ\u00e1n Giacchero\" \/>\n<meta name=\"twitter:card\" content=\"summary_large_image\" \/>\n<meta name=\"twitter:creator\" content=\"@elregionalvm1\" \/>\n<meta name=\"twitter:site\" content=\"@elregionalvm1\" \/>\n<meta name=\"twitter:label1\" content=\"Escrito por\" \/>\n\t<meta name=\"twitter:data1\" content=\"Germ\u00e1n Giacchero\" \/>\n\t<meta name=\"twitter:label2\" content=\"Tiempo de lectura\" \/>\n\t<meta name=\"twitter:data2\" content=\"6 minutos\" \/>\n<script type=\"application\/ld+json\" class=\"yoast-schema-graph\">{\"@context\":\"https:\/\/schema.org\",\"@graph\":[{\"@type\":\"Article\",\"@id\":\"http:\/\/elregionalvm.com.ar\/noticias-villa-maria\/la-culomania-ese-raro-objeto-del-deseo-de-los-argentinos\/#article\",\"isPartOf\":{\"@id\":\"http:\/\/elregionalvm.com.ar\/noticias-villa-maria\/la-culomania-ese-raro-objeto-del-deseo-de-los-argentinos\/\"},\"author\":{\"name\":\"Germ\u00e1n Giacchero\",\"@id\":\"http:\/\/elregionalvm.com.ar\/noticias-villa-maria\/#\/schema\/person\/d5e4b04966154131701e52c45d3efec9\"},\"headline\":\"La \u201cculoman\u00eda\u201d: Ese raro objeto del deseo de los argentinos\",\"datePublished\":\"2022-09-22T14:54:58+00:00\",\"dateModified\":\"2022-09-26T18:53:55+00:00\",\"mainEntityOfPage\":{\"@id\":\"http:\/\/elregionalvm.com.ar\/noticias-villa-maria\/la-culomania-ese-raro-objeto-del-deseo-de-los-argentinos\/\"},\"wordCount\":1013,\"commentCount\":0,\"image\":{\"@id\":\"http:\/\/elregionalvm.com.ar\/noticias-villa-maria\/la-culomania-ese-raro-objeto-del-deseo-de-los-argentinos\/#primaryimage\"},\"thumbnailUrl\":\"https:\/\/i0.wp.com\/elregionalvm.com.ar\/noticias-villa-maria\/wp-content\/uploads\/2022\/09\/pop-moderno-pintura-culo.jpg?fit=640%2C419&ssl=1\",\"keywords\":[\"Argentinos\",\"cuerpo humano\",\"culo\",\"culoman\u00eda\",\"deseo\",\"fen\u00f3meno\",\"G\u00e9nero\",\"Lenguaje\",\"Noelia Benedetto\",\"Sexo\",\"Sexolog\u00eda\",\"tetas\"],\"articleSection\":[\"Opini\u00f3n\",\"tercera\"],\"inLanguage\":\"es\",\"potentialAction\":[{\"@type\":\"CommentAction\",\"name\":\"Comment\",\"target\":[\"http:\/\/elregionalvm.com.ar\/noticias-villa-maria\/la-culomania-ese-raro-objeto-del-deseo-de-los-argentinos\/#respond\"]}]},{\"@type\":\"WebPage\",\"@id\":\"http:\/\/elregionalvm.com.ar\/noticias-villa-maria\/la-culomania-ese-raro-objeto-del-deseo-de-los-argentinos\/\",\"url\":\"http:\/\/elregionalvm.com.ar\/noticias-villa-maria\/la-culomania-ese-raro-objeto-del-deseo-de-los-argentinos\/\",\"name\":\"La \u201cculoman\u00eda\u201d: Ese raro objeto del deseo de los argentinos - El Regional\",\"isPartOf\":{\"@id\":\"http:\/\/elregionalvm.com.ar\/noticias-villa-maria\/#website\"},\"primaryImageOfPage\":{\"@id\":\"http:\/\/elregionalvm.com.ar\/noticias-villa-maria\/la-culomania-ese-raro-objeto-del-deseo-de-los-argentinos\/#primaryimage\"},\"image\":{\"@id\":\"http:\/\/elregionalvm.com.ar\/noticias-villa-maria\/la-culomania-ese-raro-objeto-del-deseo-de-los-argentinos\/#primaryimage\"},\"thumbnailUrl\":\"https:\/\/i0.wp.com\/elregionalvm.com.ar\/noticias-villa-maria\/wp-content\/uploads\/2022\/09\/pop-moderno-pintura-culo.jpg?fit=640%2C419&ssl=1\",\"datePublished\":\"2022-09-22T14:54:58+00:00\",\"dateModified\":\"2022-09-26T18:53:55+00:00\",\"author\":{\"@id\":\"http:\/\/elregionalvm.com.ar\/noticias-villa-maria\/#\/schema\/person\/d5e4b04966154131701e52c45d3efec9\"},\"breadcrumb\":{\"@id\":\"http:\/\/elregionalvm.com.ar\/noticias-villa-maria\/la-culomania-ese-raro-objeto-del-deseo-de-los-argentinos\/#breadcrumb\"},\"inLanguage\":\"es\",\"potentialAction\":[{\"@type\":\"ReadAction\",\"target\":[\"http:\/\/elregionalvm.com.ar\/noticias-villa-maria\/la-culomania-ese-raro-objeto-del-deseo-de-los-argentinos\/\"]}]},{\"@type\":\"ImageObject\",\"inLanguage\":\"es\",\"@id\":\"http:\/\/elregionalvm.com.ar\/noticias-villa-maria\/la-culomania-ese-raro-objeto-del-deseo-de-los-argentinos\/#primaryimage\",\"url\":\"https:\/\/i0.wp.com\/elregionalvm.com.ar\/noticias-villa-maria\/wp-content\/uploads\/2022\/09\/pop-moderno-pintura-culo.jpg?fit=640%2C419&ssl=1\",\"contentUrl\":\"https:\/\/i0.wp.com\/elregionalvm.com.ar\/noticias-villa-maria\/wp-content\/uploads\/2022\/09\/pop-moderno-pintura-culo.jpg?fit=640%2C419&ssl=1\",\"width\":640,\"height\":419},{\"@type\":\"BreadcrumbList\",\"@id\":\"http:\/\/elregionalvm.com.ar\/noticias-villa-maria\/la-culomania-ese-raro-objeto-del-deseo-de-los-argentinos\/#breadcrumb\",\"itemListElement\":[{\"@type\":\"ListItem\",\"position\":1,\"name\":\"Portada\",\"item\":\"https:\/\/elregionalvm.com.ar\/noticias-villa-maria\/\"},{\"@type\":\"ListItem\",\"position\":2,\"name\":\"La \u201cculoman\u00eda\u201d: Ese raro objeto del deseo de los argentinos\"}]},{\"@type\":\"WebSite\",\"@id\":\"http:\/\/elregionalvm.com.ar\/noticias-villa-maria\/#website\",\"url\":\"http:\/\/elregionalvm.com.ar\/noticias-villa-maria\/\",\"name\":\"El Regional\",\"description\":\"Mucho m\u00e1s que informaci\u00f3n\",\"potentialAction\":[{\"@type\":\"SearchAction\",\"target\":{\"@type\":\"EntryPoint\",\"urlTemplate\":\"http:\/\/elregionalvm.com.ar\/noticias-villa-maria\/?s={search_term_string}\"},\"query-input\":{\"@type\":\"PropertyValueSpecification\",\"valueRequired\":true,\"valueName\":\"search_term_string\"}}],\"inLanguage\":\"es\"},{\"@type\":\"Person\",\"@id\":\"http:\/\/elregionalvm.com.ar\/noticias-villa-maria\/#\/schema\/person\/d5e4b04966154131701e52c45d3efec9\",\"name\":\"Germ\u00e1n Giacchero\",\"image\":{\"@type\":\"ImageObject\",\"inLanguage\":\"es\",\"@id\":\"http:\/\/elregionalvm.com.ar\/noticias-villa-maria\/#\/schema\/person\/image\/\",\"url\":\"https:\/\/secure.gravatar.com\/avatar\/fda163ba5ef0307ee5be9846e10f83b6e83d0cfb260d3b2464830318894c6b04?s=96&d=mm&r=g\",\"contentUrl\":\"https:\/\/secure.gravatar.com\/avatar\/fda163ba5ef0307ee5be9846e10f83b6e83d0cfb260d3b2464830318894c6b04?s=96&d=mm&r=g\",\"caption\":\"Germ\u00e1n Giacchero\"},\"url\":\"https:\/\/elregionalvm.com.ar\/noticias-villa-maria\/author\/germangiacchero\/\"}]}<\/script>\n<!-- \/ Yoast SEO plugin. -->","yoast_head_json":{"title":"La \u201cculoman\u00eda\u201d: Ese raro objeto del deseo de los argentinos - El Regional","robots":{"index":"index","follow":"follow","max-snippet":"max-snippet:-1","max-image-preview":"max-image-preview:large","max-video-preview":"max-video-preview:-1"},"canonical":"http:\/\/elregionalvm.com.ar\/noticias-villa-maria\/la-culomania-ese-raro-objeto-del-deseo-de-los-argentinos\/","og_locale":"es_ES","og_type":"article","og_title":"La \u201cculoman\u00eda\u201d: Ese raro objeto del deseo de los argentinos - El Regional","og_description":"Personas de todos los g\u00e9neros participan por igual de un fen\u00f3meno nacional: la idolatr\u00eda por esa zona del cuerpo com\u00fan a todos los sexos, pero que quita el sue\u00f1o a millones. Reflexiones (para el c.u.l.o.) sobre esta obsesi\u00f3n criolla y m\u00e1s all\u00e1 de las fronteras. &nbsp; Los yanquis, dicen, prefieren los senos grandes, aunque est\u00e9n [&hellip;]","og_url":"http:\/\/elregionalvm.com.ar\/noticias-villa-maria\/la-culomania-ese-raro-objeto-del-deseo-de-los-argentinos\/","og_site_name":"El Regional","article_publisher":"https:\/\/www.facebook.com\/elregionalvm","article_published_time":"2022-09-22T14:54:58+00:00","article_modified_time":"2022-09-26T18:53:55+00:00","og_image":[{"width":640,"height":419,"url":"http:\/\/elregionalvm.com.ar\/noticias-villa-maria\/wp-content\/uploads\/2022\/09\/pop-moderno-pintura-culo.jpg","type":"image\/jpeg"}],"author":"Germ\u00e1n Giacchero","twitter_card":"summary_large_image","twitter_creator":"@elregionalvm1","twitter_site":"@elregionalvm1","twitter_misc":{"Escrito por":"Germ\u00e1n Giacchero","Tiempo de lectura":"6 minutos"},"schema":{"@context":"https:\/\/schema.org","@graph":[{"@type":"Article","@id":"http:\/\/elregionalvm.com.ar\/noticias-villa-maria\/la-culomania-ese-raro-objeto-del-deseo-de-los-argentinos\/#article","isPartOf":{"@id":"http:\/\/elregionalvm.com.ar\/noticias-villa-maria\/la-culomania-ese-raro-objeto-del-deseo-de-los-argentinos\/"},"author":{"name":"Germ\u00e1n Giacchero","@id":"http:\/\/elregionalvm.com.ar\/noticias-villa-maria\/#\/schema\/person\/d5e4b04966154131701e52c45d3efec9"},"headline":"La \u201cculoman\u00eda\u201d: Ese raro objeto del deseo de los argentinos","datePublished":"2022-09-22T14:54:58+00:00","dateModified":"2022-09-26T18:53:55+00:00","mainEntityOfPage":{"@id":"http:\/\/elregionalvm.com.ar\/noticias-villa-maria\/la-culomania-ese-raro-objeto-del-deseo-de-los-argentinos\/"},"wordCount":1013,"commentCount":0,"image":{"@id":"http:\/\/elregionalvm.com.ar\/noticias-villa-maria\/la-culomania-ese-raro-objeto-del-deseo-de-los-argentinos\/#primaryimage"},"thumbnailUrl":"https:\/\/i0.wp.com\/elregionalvm.com.ar\/noticias-villa-maria\/wp-content\/uploads\/2022\/09\/pop-moderno-pintura-culo.jpg?fit=640%2C419&ssl=1","keywords":["Argentinos","cuerpo humano","culo","culoman\u00eda","deseo","fen\u00f3meno","G\u00e9nero","Lenguaje","Noelia Benedetto","Sexo","Sexolog\u00eda","tetas"],"articleSection":["Opini\u00f3n","tercera"],"inLanguage":"es","potentialAction":[{"@type":"CommentAction","name":"Comment","target":["http:\/\/elregionalvm.com.ar\/noticias-villa-maria\/la-culomania-ese-raro-objeto-del-deseo-de-los-argentinos\/#respond"]}]},{"@type":"WebPage","@id":"http:\/\/elregionalvm.com.ar\/noticias-villa-maria\/la-culomania-ese-raro-objeto-del-deseo-de-los-argentinos\/","url":"http:\/\/elregionalvm.com.ar\/noticias-villa-maria\/la-culomania-ese-raro-objeto-del-deseo-de-los-argentinos\/","name":"La \u201cculoman\u00eda\u201d: Ese raro objeto del deseo de los argentinos - El Regional","isPartOf":{"@id":"http:\/\/elregionalvm.com.ar\/noticias-villa-maria\/#website"},"primaryImageOfPage":{"@id":"http:\/\/elregionalvm.com.ar\/noticias-villa-maria\/la-culomania-ese-raro-objeto-del-deseo-de-los-argentinos\/#primaryimage"},"image":{"@id":"http:\/\/elregionalvm.com.ar\/noticias-villa-maria\/la-culomania-ese-raro-objeto-del-deseo-de-los-argentinos\/#primaryimage"},"thumbnailUrl":"https:\/\/i0.wp.com\/elregionalvm.com.ar\/noticias-villa-maria\/wp-content\/uploads\/2022\/09\/pop-moderno-pintura-culo.jpg?fit=640%2C419&ssl=1","datePublished":"2022-09-22T14:54:58+00:00","dateModified":"2022-09-26T18:53:55+00:00","author":{"@id":"http:\/\/elregionalvm.com.ar\/noticias-villa-maria\/#\/schema\/person\/d5e4b04966154131701e52c45d3efec9"},"breadcrumb":{"@id":"http:\/\/elregionalvm.com.ar\/noticias-villa-maria\/la-culomania-ese-raro-objeto-del-deseo-de-los-argentinos\/#breadcrumb"},"inLanguage":"es","potentialAction":[{"@type":"ReadAction","target":["http:\/\/elregionalvm.com.ar\/noticias-villa-maria\/la-culomania-ese-raro-objeto-del-deseo-de-los-argentinos\/"]}]},{"@type":"ImageObject","inLanguage":"es","@id":"http:\/\/elregionalvm.com.ar\/noticias-villa-maria\/la-culomania-ese-raro-objeto-del-deseo-de-los-argentinos\/#primaryimage","url":"https:\/\/i0.wp.com\/elregionalvm.com.ar\/noticias-villa-maria\/wp-content\/uploads\/2022\/09\/pop-moderno-pintura-culo.jpg?fit=640%2C419&ssl=1","contentUrl":"https:\/\/i0.wp.com\/elregionalvm.com.ar\/noticias-villa-maria\/wp-content\/uploads\/2022\/09\/pop-moderno-pintura-culo.jpg?fit=640%2C419&ssl=1","width":640,"height":419},{"@type":"BreadcrumbList","@id":"http:\/\/elregionalvm.com.ar\/noticias-villa-maria\/la-culomania-ese-raro-objeto-del-deseo-de-los-argentinos\/#breadcrumb","itemListElement":[{"@type":"ListItem","position":1,"name":"Portada","item":"https:\/\/elregionalvm.com.ar\/noticias-villa-maria\/"},{"@type":"ListItem","position":2,"name":"La \u201cculoman\u00eda\u201d: Ese raro objeto del deseo de los argentinos"}]},{"@type":"WebSite","@id":"http:\/\/elregionalvm.com.ar\/noticias-villa-maria\/#website","url":"http:\/\/elregionalvm.com.ar\/noticias-villa-maria\/","name":"El Regional","description":"Mucho m\u00e1s que informaci\u00f3n","potentialAction":[{"@type":"SearchAction","target":{"@type":"EntryPoint","urlTemplate":"http:\/\/elregionalvm.com.ar\/noticias-villa-maria\/?s={search_term_string}"},"query-input":{"@type":"PropertyValueSpecification","valueRequired":true,"valueName":"search_term_string"}}],"inLanguage":"es"},{"@type":"Person","@id":"http:\/\/elregionalvm.com.ar\/noticias-villa-maria\/#\/schema\/person\/d5e4b04966154131701e52c45d3efec9","name":"Germ\u00e1n Giacchero","image":{"@type":"ImageObject","inLanguage":"es","@id":"http:\/\/elregionalvm.com.ar\/noticias-villa-maria\/#\/schema\/person\/image\/","url":"https:\/\/secure.gravatar.com\/avatar\/fda163ba5ef0307ee5be9846e10f83b6e83d0cfb260d3b2464830318894c6b04?s=96&d=mm&r=g","contentUrl":"https:\/\/secure.gravatar.com\/avatar\/fda163ba5ef0307ee5be9846e10f83b6e83d0cfb260d3b2464830318894c6b04?s=96&d=mm&r=g","caption":"Germ\u00e1n Giacchero"},"url":"https:\/\/elregionalvm.com.ar\/noticias-villa-maria\/author\/germangiacchero\/"}]}},"jetpack_featured_media_url":"https:\/\/i0.wp.com\/elregionalvm.com.ar\/noticias-villa-maria\/wp-content\/uploads\/2022\/09\/pop-moderno-pintura-culo.jpg?fit=640%2C419&ssl=1","jetpack_sharing_enabled":true,"_links":{"self":[{"href":"https:\/\/elregionalvm.com.ar\/noticias-villa-maria\/wp-json\/wp\/v2\/posts\/64453","targetHints":{"allow":["GET"]}}],"collection":[{"href":"https:\/\/elregionalvm.com.ar\/noticias-villa-maria\/wp-json\/wp\/v2\/posts"}],"about":[{"href":"https:\/\/elregionalvm.com.ar\/noticias-villa-maria\/wp-json\/wp\/v2\/types\/post"}],"author":[{"embeddable":true,"href":"https:\/\/elregionalvm.com.ar\/noticias-villa-maria\/wp-json\/wp\/v2\/users\/6"}],"replies":[{"embeddable":true,"href":"https:\/\/elregionalvm.com.ar\/noticias-villa-maria\/wp-json\/wp\/v2\/comments?post=64453"}],"version-history":[{"count":3,"href":"https:\/\/elregionalvm.com.ar\/noticias-villa-maria\/wp-json\/wp\/v2\/posts\/64453\/revisions"}],"predecessor-version":[{"id":64480,"href":"https:\/\/elregionalvm.com.ar\/noticias-villa-maria\/wp-json\/wp\/v2\/posts\/64453\/revisions\/64480"}],"wp:featuredmedia":[{"embeddable":true,"href":"https:\/\/elregionalvm.com.ar\/noticias-villa-maria\/wp-json\/wp\/v2\/media\/64479"}],"wp:attachment":[{"href":"https:\/\/elregionalvm.com.ar\/noticias-villa-maria\/wp-json\/wp\/v2\/media?parent=64453"}],"wp:term":[{"taxonomy":"category","embeddable":true,"href":"https:\/\/elregionalvm.com.ar\/noticias-villa-maria\/wp-json\/wp\/v2\/categories?post=64453"},{"taxonomy":"post_tag","embeddable":true,"href":"https:\/\/elregionalvm.com.ar\/noticias-villa-maria\/wp-json\/wp\/v2\/tags?post=64453"}],"curies":[{"name":"wp","href":"https:\/\/api.w.org\/{rel}","templated":true}]}}