{"id":64461,"date":"2022-09-22T00:37:01","date_gmt":"2022-09-22T00:37:01","guid":{"rendered":"https:\/\/elregionalvm.com.ar\/noticias-villa-maria\/?p=64461"},"modified":"2022-09-22T11:43:59","modified_gmt":"2022-09-22T11:43:59","slug":"cesantearon-al-profesor-amicci-en-la-unvm-por-presunto-acoso-a-una-estudiante","status":"publish","type":"post","link":"https:\/\/elregionalvm.com.ar\/noticias-villa-maria\/cesantearon-al-profesor-amicci-en-la-unvm-por-presunto-acoso-a-una-estudiante\/","title":{"rendered":"Cesantearon al profesor Amicci en la UNVM por presunto acoso a una estudiante"},"content":{"rendered":"\n<p>Finalmente, luego de la acusaci\u00f3n de al menos una alumna de la Universidad Nacional Villa Mar\u00eda en contra del profesor Marcelo Amicci por presunto acoso sexual, el docente fue cesanteado por decisi\u00f3n del Consejo Superior de la universidad.<\/p>\n\n\n\n<p>Seg\u00fan explic\u00f3 Villa Mar\u00eda Educativa en su sitio web, La sanci\u00f3n pol\u00edtica\/administrativa (con 15 de los 19 consejeros presentes) fue por unanimidad y el ahora ex docente insiste con ir a la Justicia Federal.<\/p>\n\n\n\n<p>Dicho Tribunal Universitario habr\u00eda llegado a la conclusi\u00f3n que la falta de profesor estar\u00eda probada y que por eso se aplic\u00f3 el Protocolo de G\u00e9nero de esa casa de estudios.<\/p>\n\n\n\n<p>Aparentemente, una serie de preguntas del docente a la alumna mientras rend\u00eda un examen estuvieron totalmente fuera de lugar, cuando le habr\u00eda sugerido darle buenas notas a cambio de \u00abfavores sexuales\u00bb, adem\u00e1s de preguntarle si ten\u00eda pareja y c\u00f3mo era la alumna en la cama.<\/p>\n\n\n\n<p>La alumna habr\u00eda dejado sus estudios en la carrera de la Licenciatura en Ciencias de la Educaci\u00f3n tiempo despu\u00e9s de haber sufrido el supuesto acoso. Incluso, el docente le habr\u00eda puesto una falta el d\u00eda que la chica se present\u00f3 en el examen donde sufri\u00f3 tales avatares.<\/p>\n\n\n\n<p>Pese a todo lo expuesto, Marcelo Amicci, el docente cesanteado, recurrir\u00eda a la Justicia Federal para resolver su caso.<\/p>\n","protected":false},"excerpt":{"rendered":"<p>Finalmente, luego de la acusaci\u00f3n de al menos una alumna de la Universidad Nacional Villa Mar\u00eda en contra del profesor Marcelo Amicci por presunto acoso sexual, el docente fue cesanteado por decisi\u00f3n del Consejo Superior de la universidad. Seg\u00fan explic\u00f3 Villa Mar\u00eda Educativa en su sitio web, La sanci\u00f3n pol\u00edtica\/administrativa (con 15 de los 19 [&hellip;]<\/p>\n","protected":false},"author":4,"featured_media":64462,"comment_status":"open","ping_status":"open","sticky":false,"template":"","format":"standard","meta":{"site-sidebar-layout":"default","site-content-layout":"","ast-site-content-layout":"default","site-content-style":"default","site-sidebar-style":"default","ast-global-header-display":"","ast-banner-title-visibility":"","ast-main-header-display":"","ast-hfb-above-header-display":"","ast-hfb-below-header-display":"","ast-hfb-mobile-header-display":"","site-post-title":"","ast-breadcrumbs-content":"","ast-featured-img":"","footer-sml-layout":"","ast-disable-related-posts":"","theme-transparent-header-meta":"","adv-header-id-meta":"","stick-header-meta":"","header-above-stick-meta":"","header-main-stick-meta":"","header-below-stick-meta":"","astra-migrate-meta-layouts":"default","ast-page-background-enabled":"default","ast-page-background-meta":{"desktop":{"background-color":"","background-image":"","background-repeat":"repeat","background-position":"center center","background-size":"auto","background-attachment":"scroll","background-type":"","background-media":"","overlay-type":"","overlay-color":"","overlay-opacity":"","overlay-gradient":""},"tablet":{"background-color":"","background-image":"","background-repeat":"repeat","background-position":"center center","background-size":"auto","background-attachment":"scroll","background-type":"","background-media":"","overlay-type":"","overlay-color":"","overlay-opacity":"","overlay-gradient":""},"mobile":{"background-color":"","background-image":"","background-repeat":"repeat","background-position":"center center","background-size":"auto","background-attachment":"scroll","background-type":"","background-media":"","overlay-type":"","overlay-color":"","overlay-opacity":"","overlay-gradient":""}},"ast-content-background-meta":{"desktop":{"background-color":"var(--ast-global-color-5)","background-image":"","background-repeat":"repeat","background-position":"center center","background-size":"auto","background-attachment":"scroll","background-type":"","background-media":"","overlay-type":"","overlay-color":"","overlay-opacity":"","overlay-gradient":""},"tablet":{"background-color":"var(--ast-global-color-5)","background-image":"","background-repeat":"repeat","background-position":"center center","background-size":"auto","background-attachment":"scroll","background-type":"","background-media":"","overlay-type":"","overlay-color":"","overlay-opacity":"","overlay-gradient":""},"mobile":{"background-color":"var(--ast-global-color-5)","background-image":"","background-repeat":"repeat","background-position":"center center","background-size":"auto","background-attachment":"scroll","background-type":"","background-media":"","overlay-type":"","overlay-color":"","overlay-opacity":"","overlay-gradient":""}},"_jetpack_memberships_contains_paid_content":false,"_joinchat":[],"footnotes":""},"categories":[15302,2],"tags":[8380,18332,18333,18338,18335,18331,18336,18337,459],"class_list":["post-64461","post","type-post","status-publish","format-standard","has-post-thumbnail","hentry","category-destacado","category-villa-maria","tag-acoso-sexual","tag-cesanteado","tag-consejo-superior","tag-estudiante-denuncio","tag-marcelo-amicci","tag-profesor-marcelo-amicci","tag-recurriria-a-la-justicia","tag-supuesto-acoso","tag-unvm"],"yoast_head":"<!-- This site is optimized with the Yoast SEO plugin v26.8 - https:\/\/yoast.com\/product\/yoast-seo-wordpress\/ -->\n<title>Cesantearon al profesor Amicci en la UNVM por presunto acoso a una estudiante - El Regional<\/title>\n<meta name=\"robots\" content=\"index, follow, max-snippet:-1, max-image-preview:large, max-video-preview:-1\" \/>\n<link rel=\"canonical\" href=\"http:\/\/elregionalvm.com.ar\/noticias-villa-maria\/cesantearon-al-profesor-amicci-en-la-unvm-por-presunto-acoso-a-una-estudiante\/\" \/>\n<meta property=\"og:locale\" content=\"es_ES\" \/>\n<meta property=\"og:type\" content=\"article\" \/>\n<meta property=\"og:title\" content=\"Cesantearon al profesor Amicci en la UNVM por presunto acoso a una estudiante - El Regional\" \/>\n<meta property=\"og:description\" content=\"Finalmente, luego de la acusaci\u00f3n de al menos una alumna de la Universidad Nacional Villa Mar\u00eda en contra del profesor Marcelo Amicci por presunto acoso sexual, el docente fue cesanteado por decisi\u00f3n del Consejo Superior de la universidad. Seg\u00fan explic\u00f3 Villa Mar\u00eda Educativa en su sitio web, La sanci\u00f3n pol\u00edtica\/administrativa (con 15 de los 19 [&hellip;]\" \/>\n<meta property=\"og:url\" content=\"http:\/\/elregionalvm.com.ar\/noticias-villa-maria\/cesantearon-al-profesor-amicci-en-la-unvm-por-presunto-acoso-a-una-estudiante\/\" \/>\n<meta property=\"og:site_name\" content=\"El Regional\" \/>\n<meta property=\"article:publisher\" content=\"https:\/\/www.facebook.com\/elregionalvm\" \/>\n<meta property=\"article:published_time\" content=\"2022-09-22T00:37:01+00:00\" \/>\n<meta property=\"article:modified_time\" content=\"2022-09-22T11:43:59+00:00\" \/>\n<meta property=\"og:image\" content=\"http:\/\/elregionalvm.com.ar\/noticias-villa-maria\/wp-content\/uploads\/2022\/09\/unvm.jpg\" \/>\n\t<meta property=\"og:image:width\" content=\"1080\" \/>\n\t<meta property=\"og:image:height\" content=\"675\" \/>\n\t<meta property=\"og:image:type\" content=\"image\/jpeg\" \/>\n<meta name=\"author\" content=\"Contenidos El Regional\" \/>\n<meta name=\"twitter:card\" content=\"summary_large_image\" \/>\n<meta name=\"twitter:creator\" content=\"@elregionalvm1\" \/>\n<meta name=\"twitter:site\" content=\"@elregionalvm1\" \/>\n<meta name=\"twitter:label1\" content=\"Escrito por\" \/>\n\t<meta name=\"twitter:data1\" content=\"Contenidos El Regional\" \/>\n\t<meta name=\"twitter:label2\" content=\"Tiempo de lectura\" \/>\n\t<meta name=\"twitter:data2\" content=\"1 minuto\" \/>\n<script type=\"application\/ld+json\" class=\"yoast-schema-graph\">{\"@context\":\"https:\/\/schema.org\",\"@graph\":[{\"@type\":\"Article\",\"@id\":\"http:\/\/elregionalvm.com.ar\/noticias-villa-maria\/cesantearon-al-profesor-amicci-en-la-unvm-por-presunto-acoso-a-una-estudiante\/#article\",\"isPartOf\":{\"@id\":\"http:\/\/elregionalvm.com.ar\/noticias-villa-maria\/cesantearon-al-profesor-amicci-en-la-unvm-por-presunto-acoso-a-una-estudiante\/\"},\"author\":{\"name\":\"Contenidos El Regional\",\"@id\":\"http:\/\/elregionalvm.com.ar\/noticias-villa-maria\/#\/schema\/person\/a0fb9c422317faca23d50163151bc354\"},\"headline\":\"Cesantearon al profesor Amicci en la UNVM por presunto acoso a una estudiante\",\"datePublished\":\"2022-09-22T00:37:01+00:00\",\"dateModified\":\"2022-09-22T11:43:59+00:00\",\"mainEntityOfPage\":{\"@id\":\"http:\/\/elregionalvm.com.ar\/noticias-villa-maria\/cesantearon-al-profesor-amicci-en-la-unvm-por-presunto-acoso-a-una-estudiante\/\"},\"wordCount\":247,\"commentCount\":0,\"image\":{\"@id\":\"http:\/\/elregionalvm.com.ar\/noticias-villa-maria\/cesantearon-al-profesor-amicci-en-la-unvm-por-presunto-acoso-a-una-estudiante\/#primaryimage\"},\"thumbnailUrl\":\"https:\/\/i0.wp.com\/elregionalvm.com.ar\/noticias-villa-maria\/wp-content\/uploads\/2022\/09\/unvm.jpg?fit=1080%2C675&ssl=1\",\"keywords\":[\"acoso sexual\",\"cesanteado\",\"Consejo Superior\",\"estudiante denunci\u00f3\",\"Marcelo Amicci\",\"profesor Marcelo Amicci\",\"recurrir\u00eda a la Justicia\",\"supuesto acoso\",\"UNVM\"],\"articleSection\":[\"destacado\",\"Villa Mar\u00eda\"],\"inLanguage\":\"es\",\"potentialAction\":[{\"@type\":\"CommentAction\",\"name\":\"Comment\",\"target\":[\"http:\/\/elregionalvm.com.ar\/noticias-villa-maria\/cesantearon-al-profesor-amicci-en-la-unvm-por-presunto-acoso-a-una-estudiante\/#respond\"]}]},{\"@type\":\"WebPage\",\"@id\":\"http:\/\/elregionalvm.com.ar\/noticias-villa-maria\/cesantearon-al-profesor-amicci-en-la-unvm-por-presunto-acoso-a-una-estudiante\/\",\"url\":\"http:\/\/elregionalvm.com.ar\/noticias-villa-maria\/cesantearon-al-profesor-amicci-en-la-unvm-por-presunto-acoso-a-una-estudiante\/\",\"name\":\"Cesantearon al profesor Amicci en la UNVM por presunto acoso a una estudiante - El Regional\",\"isPartOf\":{\"@id\":\"http:\/\/elregionalvm.com.ar\/noticias-villa-maria\/#website\"},\"primaryImageOfPage\":{\"@id\":\"http:\/\/elregionalvm.com.ar\/noticias-villa-maria\/cesantearon-al-profesor-amicci-en-la-unvm-por-presunto-acoso-a-una-estudiante\/#primaryimage\"},\"image\":{\"@id\":\"http:\/\/elregionalvm.com.ar\/noticias-villa-maria\/cesantearon-al-profesor-amicci-en-la-unvm-por-presunto-acoso-a-una-estudiante\/#primaryimage\"},\"thumbnailUrl\":\"https:\/\/i0.wp.com\/elregionalvm.com.ar\/noticias-villa-maria\/wp-content\/uploads\/2022\/09\/unvm.jpg?fit=1080%2C675&ssl=1\",\"datePublished\":\"2022-09-22T00:37:01+00:00\",\"dateModified\":\"2022-09-22T11:43:59+00:00\",\"author\":{\"@id\":\"http:\/\/elregionalvm.com.ar\/noticias-villa-maria\/#\/schema\/person\/a0fb9c422317faca23d50163151bc354\"},\"breadcrumb\":{\"@id\":\"http:\/\/elregionalvm.com.ar\/noticias-villa-maria\/cesantearon-al-profesor-amicci-en-la-unvm-por-presunto-acoso-a-una-estudiante\/#breadcrumb\"},\"inLanguage\":\"es\",\"potentialAction\":[{\"@type\":\"ReadAction\",\"target\":[\"http:\/\/elregionalvm.com.ar\/noticias-villa-maria\/cesantearon-al-profesor-amicci-en-la-unvm-por-presunto-acoso-a-una-estudiante\/\"]}]},{\"@type\":\"ImageObject\",\"inLanguage\":\"es\",\"@id\":\"http:\/\/elregionalvm.com.ar\/noticias-villa-maria\/cesantearon-al-profesor-amicci-en-la-unvm-por-presunto-acoso-a-una-estudiante\/#primaryimage\",\"url\":\"https:\/\/i0.wp.com\/elregionalvm.com.ar\/noticias-villa-maria\/wp-content\/uploads\/2022\/09\/unvm.jpg?fit=1080%2C675&ssl=1\",\"contentUrl\":\"https:\/\/i0.wp.com\/elregionalvm.com.ar\/noticias-villa-maria\/wp-content\/uploads\/2022\/09\/unvm.jpg?fit=1080%2C675&ssl=1\",\"width\":1080,\"height\":675},{\"@type\":\"BreadcrumbList\",\"@id\":\"http:\/\/elregionalvm.com.ar\/noticias-villa-maria\/cesantearon-al-profesor-amicci-en-la-unvm-por-presunto-acoso-a-una-estudiante\/#breadcrumb\",\"itemListElement\":[{\"@type\":\"ListItem\",\"position\":1,\"name\":\"Portada\",\"item\":\"https:\/\/elregionalvm.com.ar\/noticias-villa-maria\/\"},{\"@type\":\"ListItem\",\"position\":2,\"name\":\"Cesantearon al profesor Amicci en la UNVM por presunto acoso a una estudiante\"}]},{\"@type\":\"WebSite\",\"@id\":\"http:\/\/elregionalvm.com.ar\/noticias-villa-maria\/#website\",\"url\":\"http:\/\/elregionalvm.com.ar\/noticias-villa-maria\/\",\"name\":\"El Regional\",\"description\":\"Mucho m\u00e1s que informaci\u00f3n\",\"potentialAction\":[{\"@type\":\"SearchAction\",\"target\":{\"@type\":\"EntryPoint\",\"urlTemplate\":\"http:\/\/elregionalvm.com.ar\/noticias-villa-maria\/?s={search_term_string}\"},\"query-input\":{\"@type\":\"PropertyValueSpecification\",\"valueRequired\":true,\"valueName\":\"search_term_string\"}}],\"inLanguage\":\"es\"},{\"@type\":\"Person\",\"@id\":\"http:\/\/elregionalvm.com.ar\/noticias-villa-maria\/#\/schema\/person\/a0fb9c422317faca23d50163151bc354\",\"name\":\"Contenidos El Regional\",\"image\":{\"@type\":\"ImageObject\",\"inLanguage\":\"es\",\"@id\":\"http:\/\/elregionalvm.com.ar\/noticias-villa-maria\/#\/schema\/person\/image\/\",\"url\":\"https:\/\/secure.gravatar.com\/avatar\/265b27cb2209af7bb3a1318f03305787d7981a5cc6e6cd08fe5a4ecdf99d4b48?s=96&d=mm&r=g\",\"contentUrl\":\"https:\/\/secure.gravatar.com\/avatar\/265b27cb2209af7bb3a1318f03305787d7981a5cc6e6cd08fe5a4ecdf99d4b48?s=96&d=mm&r=g\",\"caption\":\"Contenidos El Regional\"},\"url\":\"https:\/\/elregionalvm.com.ar\/noticias-villa-maria\/author\/contenido\/\"}]}<\/script>\n<!-- \/ Yoast SEO plugin. -->","yoast_head_json":{"title":"Cesantearon al profesor Amicci en la UNVM por presunto acoso a una estudiante - El Regional","robots":{"index":"index","follow":"follow","max-snippet":"max-snippet:-1","max-image-preview":"max-image-preview:large","max-video-preview":"max-video-preview:-1"},"canonical":"http:\/\/elregionalvm.com.ar\/noticias-villa-maria\/cesantearon-al-profesor-amicci-en-la-unvm-por-presunto-acoso-a-una-estudiante\/","og_locale":"es_ES","og_type":"article","og_title":"Cesantearon al profesor Amicci en la UNVM por presunto acoso a una estudiante - El Regional","og_description":"Finalmente, luego de la acusaci\u00f3n de al menos una alumna de la Universidad Nacional Villa Mar\u00eda en contra del profesor Marcelo Amicci por presunto acoso sexual, el docente fue cesanteado por decisi\u00f3n del Consejo Superior de la universidad. Seg\u00fan explic\u00f3 Villa Mar\u00eda Educativa en su sitio web, La sanci\u00f3n pol\u00edtica\/administrativa (con 15 de los 19 [&hellip;]","og_url":"http:\/\/elregionalvm.com.ar\/noticias-villa-maria\/cesantearon-al-profesor-amicci-en-la-unvm-por-presunto-acoso-a-una-estudiante\/","og_site_name":"El Regional","article_publisher":"https:\/\/www.facebook.com\/elregionalvm","article_published_time":"2022-09-22T00:37:01+00:00","article_modified_time":"2022-09-22T11:43:59+00:00","og_image":[{"width":1080,"height":675,"url":"http:\/\/elregionalvm.com.ar\/noticias-villa-maria\/wp-content\/uploads\/2022\/09\/unvm.jpg","type":"image\/jpeg"}],"author":"Contenidos El Regional","twitter_card":"summary_large_image","twitter_creator":"@elregionalvm1","twitter_site":"@elregionalvm1","twitter_misc":{"Escrito por":"Contenidos El Regional","Tiempo de lectura":"1 minuto"},"schema":{"@context":"https:\/\/schema.org","@graph":[{"@type":"Article","@id":"http:\/\/elregionalvm.com.ar\/noticias-villa-maria\/cesantearon-al-profesor-amicci-en-la-unvm-por-presunto-acoso-a-una-estudiante\/#article","isPartOf":{"@id":"http:\/\/elregionalvm.com.ar\/noticias-villa-maria\/cesantearon-al-profesor-amicci-en-la-unvm-por-presunto-acoso-a-una-estudiante\/"},"author":{"name":"Contenidos El Regional","@id":"http:\/\/elregionalvm.com.ar\/noticias-villa-maria\/#\/schema\/person\/a0fb9c422317faca23d50163151bc354"},"headline":"Cesantearon al profesor Amicci en la UNVM por presunto acoso a una estudiante","datePublished":"2022-09-22T00:37:01+00:00","dateModified":"2022-09-22T11:43:59+00:00","mainEntityOfPage":{"@id":"http:\/\/elregionalvm.com.ar\/noticias-villa-maria\/cesantearon-al-profesor-amicci-en-la-unvm-por-presunto-acoso-a-una-estudiante\/"},"wordCount":247,"commentCount":0,"image":{"@id":"http:\/\/elregionalvm.com.ar\/noticias-villa-maria\/cesantearon-al-profesor-amicci-en-la-unvm-por-presunto-acoso-a-una-estudiante\/#primaryimage"},"thumbnailUrl":"https:\/\/i0.wp.com\/elregionalvm.com.ar\/noticias-villa-maria\/wp-content\/uploads\/2022\/09\/unvm.jpg?fit=1080%2C675&ssl=1","keywords":["acoso sexual","cesanteado","Consejo Superior","estudiante denunci\u00f3","Marcelo Amicci","profesor Marcelo Amicci","recurrir\u00eda a la Justicia","supuesto acoso","UNVM"],"articleSection":["destacado","Villa Mar\u00eda"],"inLanguage":"es","potentialAction":[{"@type":"CommentAction","name":"Comment","target":["http:\/\/elregionalvm.com.ar\/noticias-villa-maria\/cesantearon-al-profesor-amicci-en-la-unvm-por-presunto-acoso-a-una-estudiante\/#respond"]}]},{"@type":"WebPage","@id":"http:\/\/elregionalvm.com.ar\/noticias-villa-maria\/cesantearon-al-profesor-amicci-en-la-unvm-por-presunto-acoso-a-una-estudiante\/","url":"http:\/\/elregionalvm.com.ar\/noticias-villa-maria\/cesantearon-al-profesor-amicci-en-la-unvm-por-presunto-acoso-a-una-estudiante\/","name":"Cesantearon al profesor Amicci en la UNVM por presunto acoso a una estudiante - El Regional","isPartOf":{"@id":"http:\/\/elregionalvm.com.ar\/noticias-villa-maria\/#website"},"primaryImageOfPage":{"@id":"http:\/\/elregionalvm.com.ar\/noticias-villa-maria\/cesantearon-al-profesor-amicci-en-la-unvm-por-presunto-acoso-a-una-estudiante\/#primaryimage"},"image":{"@id":"http:\/\/elregionalvm.com.ar\/noticias-villa-maria\/cesantearon-al-profesor-amicci-en-la-unvm-por-presunto-acoso-a-una-estudiante\/#primaryimage"},"thumbnailUrl":"https:\/\/i0.wp.com\/elregionalvm.com.ar\/noticias-villa-maria\/wp-content\/uploads\/2022\/09\/unvm.jpg?fit=1080%2C675&ssl=1","datePublished":"2022-09-22T00:37:01+00:00","dateModified":"2022-09-22T11:43:59+00:00","author":{"@id":"http:\/\/elregionalvm.com.ar\/noticias-villa-maria\/#\/schema\/person\/a0fb9c422317faca23d50163151bc354"},"breadcrumb":{"@id":"http:\/\/elregionalvm.com.ar\/noticias-villa-maria\/cesantearon-al-profesor-amicci-en-la-unvm-por-presunto-acoso-a-una-estudiante\/#breadcrumb"},"inLanguage":"es","potentialAction":[{"@type":"ReadAction","target":["http:\/\/elregionalvm.com.ar\/noticias-villa-maria\/cesantearon-al-profesor-amicci-en-la-unvm-por-presunto-acoso-a-una-estudiante\/"]}]},{"@type":"ImageObject","inLanguage":"es","@id":"http:\/\/elregionalvm.com.ar\/noticias-villa-maria\/cesantearon-al-profesor-amicci-en-la-unvm-por-presunto-acoso-a-una-estudiante\/#primaryimage","url":"https:\/\/i0.wp.com\/elregionalvm.com.ar\/noticias-villa-maria\/wp-content\/uploads\/2022\/09\/unvm.jpg?fit=1080%2C675&ssl=1","contentUrl":"https:\/\/i0.wp.com\/elregionalvm.com.ar\/noticias-villa-maria\/wp-content\/uploads\/2022\/09\/unvm.jpg?fit=1080%2C675&ssl=1","width":1080,"height":675},{"@type":"BreadcrumbList","@id":"http:\/\/elregionalvm.com.ar\/noticias-villa-maria\/cesantearon-al-profesor-amicci-en-la-unvm-por-presunto-acoso-a-una-estudiante\/#breadcrumb","itemListElement":[{"@type":"ListItem","position":1,"name":"Portada","item":"https:\/\/elregionalvm.com.ar\/noticias-villa-maria\/"},{"@type":"ListItem","position":2,"name":"Cesantearon al profesor Amicci en la UNVM por presunto acoso a una estudiante"}]},{"@type":"WebSite","@id":"http:\/\/elregionalvm.com.ar\/noticias-villa-maria\/#website","url":"http:\/\/elregionalvm.com.ar\/noticias-villa-maria\/","name":"El Regional","description":"Mucho m\u00e1s que informaci\u00f3n","potentialAction":[{"@type":"SearchAction","target":{"@type":"EntryPoint","urlTemplate":"http:\/\/elregionalvm.com.ar\/noticias-villa-maria\/?s={search_term_string}"},"query-input":{"@type":"PropertyValueSpecification","valueRequired":true,"valueName":"search_term_string"}}],"inLanguage":"es"},{"@type":"Person","@id":"http:\/\/elregionalvm.com.ar\/noticias-villa-maria\/#\/schema\/person\/a0fb9c422317faca23d50163151bc354","name":"Contenidos El Regional","image":{"@type":"ImageObject","inLanguage":"es","@id":"http:\/\/elregionalvm.com.ar\/noticias-villa-maria\/#\/schema\/person\/image\/","url":"https:\/\/secure.gravatar.com\/avatar\/265b27cb2209af7bb3a1318f03305787d7981a5cc6e6cd08fe5a4ecdf99d4b48?s=96&d=mm&r=g","contentUrl":"https:\/\/secure.gravatar.com\/avatar\/265b27cb2209af7bb3a1318f03305787d7981a5cc6e6cd08fe5a4ecdf99d4b48?s=96&d=mm&r=g","caption":"Contenidos El Regional"},"url":"https:\/\/elregionalvm.com.ar\/noticias-villa-maria\/author\/contenido\/"}]}},"jetpack_featured_media_url":"https:\/\/i0.wp.com\/elregionalvm.com.ar\/noticias-villa-maria\/wp-content\/uploads\/2022\/09\/unvm.jpg?fit=1080%2C675&ssl=1","jetpack_sharing_enabled":true,"_links":{"self":[{"href":"https:\/\/elregionalvm.com.ar\/noticias-villa-maria\/wp-json\/wp\/v2\/posts\/64461","targetHints":{"allow":["GET"]}}],"collection":[{"href":"https:\/\/elregionalvm.com.ar\/noticias-villa-maria\/wp-json\/wp\/v2\/posts"}],"about":[{"href":"https:\/\/elregionalvm.com.ar\/noticias-villa-maria\/wp-json\/wp\/v2\/types\/post"}],"author":[{"embeddable":true,"href":"https:\/\/elregionalvm.com.ar\/noticias-villa-maria\/wp-json\/wp\/v2\/users\/4"}],"replies":[{"embeddable":true,"href":"https:\/\/elregionalvm.com.ar\/noticias-villa-maria\/wp-json\/wp\/v2\/comments?post=64461"}],"version-history":[{"count":1,"href":"https:\/\/elregionalvm.com.ar\/noticias-villa-maria\/wp-json\/wp\/v2\/posts\/64461\/revisions"}],"predecessor-version":[{"id":64463,"href":"https:\/\/elregionalvm.com.ar\/noticias-villa-maria\/wp-json\/wp\/v2\/posts\/64461\/revisions\/64463"}],"wp:featuredmedia":[{"embeddable":true,"href":"https:\/\/elregionalvm.com.ar\/noticias-villa-maria\/wp-json\/wp\/v2\/media\/64462"}],"wp:attachment":[{"href":"https:\/\/elregionalvm.com.ar\/noticias-villa-maria\/wp-json\/wp\/v2\/media?parent=64461"}],"wp:term":[{"taxonomy":"category","embeddable":true,"href":"https:\/\/elregionalvm.com.ar\/noticias-villa-maria\/wp-json\/wp\/v2\/categories?post=64461"},{"taxonomy":"post_tag","embeddable":true,"href":"https:\/\/elregionalvm.com.ar\/noticias-villa-maria\/wp-json\/wp\/v2\/tags?post=64461"}],"curies":[{"name":"wp","href":"https:\/\/api.w.org\/{rel}","templated":true}]}}