{"id":64489,"date":"2022-09-22T18:04:48","date_gmt":"2022-09-22T18:04:48","guid":{"rendered":"https:\/\/elregionalvm.com.ar\/noticias-villa-maria\/?p=64489"},"modified":"2022-09-24T16:35:32","modified_gmt":"2022-09-24T16:35:32","slug":"la-razon-de-vivir-en-villa-maria-una-vecina-detenida-y-una-charla-del-teto-medina-hace-un-ano","status":"publish","type":"post","link":"https:\/\/elregionalvm.com.ar\/noticias-villa-maria\/la-razon-de-vivir-en-villa-maria-una-vecina-detenida-y-una-charla-del-teto-medina-hace-un-ano\/","title":{"rendered":"\u201cLa Raz\u00f3n de Vivir\u201d en Villa Mar\u00eda: Una referente contra las adicciones detenida y una charla del Teto Medina hace un a\u00f1o"},"content":{"rendered":"\n<p><\/p>\n\n\n\n<h3 class=\"wp-block-heading\"><strong>La causa donde se encuentra detenido el conductor televisivo Marcelo Teto Medina por delitos como \u201casociaci\u00f3n il\u00edcita\u201d y \u00abreducci\u00f3n a la servidumbre\u00bb en una comunidad que ofrec\u00eda posibilidad de recuperaci\u00f3n a adictos tiene relaci\u00f3n con Villa Mar\u00eda. No solo hay una vecina detenida en el marco de la investigaci\u00f3n, el a\u00f1o pasado Medina y un responsable de \u201cLa Raz\u00f3n de Vivir\u201d estuvieron en la ciudad dictando un taller de prevenci\u00f3n sobre el consumo de sustancias psicoactivas. Fue una actividad organizada por el municipio.<\/strong><\/h3>\n\n\n\n<p><\/p>\n\n\n\n<p>Una mujer de Villa Mar\u00eda fue detenida en el marco de una causa donde se investiga por \u201casociaci\u00f3n il\u00edcita\u201d, \u00abreducci\u00f3n a la servidumbre\u00bb, \u00abtrabajos forzados\u00bb y \u00ababandono de personas\u00bb a la comunidad terap\u00e9utica \u00abLa Raz\u00f3n de Vivir\u00bb.<\/p>\n\n\n\n<p>Se trata de Sonia C\u00f3rdoba, referente en la materia en barrio Los Olmos, quien adem\u00e1s forma parte del Centro Municipal de Adicciones.<\/p>\n\n\n\n<p>La vecina fue detenida en su casa ubicada en Tucum\u00e1n al 3200 de Barrio Malvinas Argentinas, tras un allanamiento solicitado por el Juzgado de Garant\u00edas de Florencio Varela &#8211; Quilmes, a cargo de Adri\u00e1n Villagra, y con intervenci\u00f3n de la Fiscal\u00eda 8 de Berazategui, a cargo de Daniel Ichazo, en la provincia de Aire.<\/p>\n\n\n\n<p>En el procedimiento realizado por la polic\u00eda provincial, se secuestr\u00f3 dispositivos electr\u00f3nicos y documentaci\u00f3n relacionada con la causa.<\/p>\n\n\n\n<p><\/p>\n\n\n\n<figure class=\"wp-block-image size-large\"><img data-recalc-dims=\"1\" fetchpriority=\"high\" decoding=\"async\" width=\"1024\" height=\"727\" src=\"https:\/\/i0.wp.com\/elregionalvm.com.ar\/noticias-villa-maria\/wp-content\/uploads\/2022\/09\/Mujer-detenida-villa-maria-la-razon-de-vivir-Teto-Medina-.jpeg?resize=1024%2C727&#038;ssl=1\" alt=\"\" class=\"wp-image-64484\" srcset=\"https:\/\/i0.wp.com\/elregionalvm.com.ar\/noticias-villa-maria\/wp-content\/uploads\/2022\/09\/Mujer-detenida-villa-maria-la-razon-de-vivir-Teto-Medina-.jpeg?resize=1024%2C727&amp;ssl=1 1024w, https:\/\/i0.wp.com\/elregionalvm.com.ar\/noticias-villa-maria\/wp-content\/uploads\/2022\/09\/Mujer-detenida-villa-maria-la-razon-de-vivir-Teto-Medina-.jpeg?resize=300%2C213&amp;ssl=1 300w, https:\/\/i0.wp.com\/elregionalvm.com.ar\/noticias-villa-maria\/wp-content\/uploads\/2022\/09\/Mujer-detenida-villa-maria-la-razon-de-vivir-Teto-Medina-.jpeg?resize=768%2C545&amp;ssl=1 768w, https:\/\/i0.wp.com\/elregionalvm.com.ar\/noticias-villa-maria\/wp-content\/uploads\/2022\/09\/Mujer-detenida-villa-maria-la-razon-de-vivir-Teto-Medina-.jpeg?w=1280&amp;ssl=1 1280w\" sizes=\"(max-width: 1000px) 100vw, 1000px\" \/><\/figure>\n\n\n\n<p><\/p>\n\n\n\n<p><strong>Teto Medina<\/strong><\/p>\n\n\n\n<p>En el marco de la investigaci\u00f3n judicial se llev\u00f3 adelante una serie de detenciones, entre las que se cuenta la del conductor televisivo Marcelo Teto Medina.<\/p>\n\n\n\n<p>La comunidad terap\u00e9utica \u00abLa Raz\u00f3n de Vivir\u00bb, que se dedicaba a la recuperaci\u00f3n de personas adictas, est\u00e1 en la mira de la Justicia por los supuestos delitos de \u201casociaci\u00f3n il\u00edcita\u201d, \u00abreducci\u00f3n a la servidumbre\u00bb, \u00abtrabajos forzados\u00bb y \u00ababandono de personas\u00bb.<\/p>\n\n\n\n<p>Medina habr\u00eda participado bajo la modalidad de captaci\u00f3n de v\u00edctimas del sistema desarrollado por la comunidad terap\u00e9utica.<\/p>\n\n\n\n<p>Seg\u00fan public\u00f3 Infobae, \u201cel fiscal Ichazo recibi\u00f3 denuncias que detallan que, dentro de la comunidad, organizada en diversas quintas, los adictos eran esclavizados, puestos a trabajar en construcci\u00f3n, panader\u00eda o fabricaci\u00f3n de muebles, o directamente enviados a mendigar mientras viv\u00edan en condiciones infrahumanas, en ranchos y casillas\u201d.<\/p>\n\n\n\n<p>En la causa hay otros 16 imputados, entre ellos, polic\u00edas que operaban fuera de las funciones como personal de seguridad para capturar adictos que se fugaban del lugar. Se estima que habr\u00eda, al menos, 200 v\u00edctimas.<\/p>\n\n\n\n<p>Hubo m\u00e1s de 20 allanamientos en Capital Federal, el Conurbano bonaerense y la provincia de C\u00f3rdoba.<\/p>\n\n\n\n<p><\/p>\n\n\n\n<figure class=\"wp-block-embed is-type-wp-embed is-provider-el-regional wp-block-embed-el-regional\"><div class=\"wp-block-embed__wrapper\">\n<blockquote class=\"wp-embedded-content\" data-secret=\"smExLoNEf4\"><a href=\"https:\/\/elregionalvm.com.ar\/noticias-villa-maria\/una-villamariense-fue-detenida-por-la-misma-causa-que-esta-imputado-el-teto-medina\/\">Una villamariense fue detenida por la misma causa que est\u00e1 imputado el \u201cTeto\u201d Medina<\/a><\/blockquote><iframe class=\"wp-embedded-content\" sandbox=\"allow-scripts\" security=\"restricted\" style=\"position: absolute; visibility: hidden;\" title=\"\u00abUna villamariense fue detenida por la misma causa que est\u00e1 imputado el \u201cTeto\u201d Medina\u00bb \u2014 El Regional\" src=\"https:\/\/elregionalvm.com.ar\/noticias-villa-maria\/una-villamariense-fue-detenida-por-la-misma-causa-que-esta-imputado-el-teto-medina\/embed\/#?secret=dslccu7D0G#?secret=smExLoNEf4\" data-secret=\"smExLoNEf4\" width=\"500\" height=\"282\" frameborder=\"0\" marginwidth=\"0\" marginheight=\"0\" scrolling=\"no\"><\/iframe>\n<\/div><\/figure>\n\n\n\n<p><\/p>\n\n\n\n<p><strong>Medina y Zelaya, en un taller de prevenci\u00f3n en Villa Mar\u00eda<\/strong><\/p>\n\n\n\n<p>Medina junto con N\u00e9stor Zelaya, director de La Raz\u00f3n de Vivir dictaron un taller de prevenci\u00f3n de adicciones para vecinos y vecinas de nuestra ciudad. Lo hicieron en septiembre del 2021 junto con integrantes del Consejo Municipal de Adicciones<\/p>\n\n\n\n<p>&nbsp;\u201cEl Centro Cultural Comunitario Leonardo Favio fue el sitio elegido para llevar adelante el taller de prevenci\u00f3n sobre el consumo de sustancias psicoactivas dictado por el Consejo Municipal de Adicciones (CMA)\u201d, hab\u00eda informado el municipio de manera oficial por entonces.<\/p>\n\n\n\n<p>El periodista y conductor hab\u00eda llegado en calidad de \u201coperador socioterapeuta y especialista en adicciones\u201d, tras su rehabilitaci\u00f3n del consumo de drogas.<\/p>\n\n\n\n<p><\/p>\n\n\n\n<figure class=\"wp-block-image size-large\"><img data-recalc-dims=\"1\" decoding=\"async\" width=\"1024\" height=\"682\" src=\"https:\/\/i0.wp.com\/elregionalvm.com.ar\/noticias-villa-maria\/wp-content\/uploads\/2022\/09\/Teto-Medina-Zelaya-Villa-Maria-1.jpg?resize=1024%2C682&#038;ssl=1\" alt=\"\" class=\"wp-image-64492\" srcset=\"https:\/\/i0.wp.com\/elregionalvm.com.ar\/noticias-villa-maria\/wp-content\/uploads\/2022\/09\/Teto-Medina-Zelaya-Villa-Maria-1.jpg?resize=1024%2C682&amp;ssl=1 1024w, https:\/\/i0.wp.com\/elregionalvm.com.ar\/noticias-villa-maria\/wp-content\/uploads\/2022\/09\/Teto-Medina-Zelaya-Villa-Maria-1.jpg?resize=300%2C200&amp;ssl=1 300w, https:\/\/i0.wp.com\/elregionalvm.com.ar\/noticias-villa-maria\/wp-content\/uploads\/2022\/09\/Teto-Medina-Zelaya-Villa-Maria-1.jpg?resize=768%2C512&amp;ssl=1 768w, https:\/\/i0.wp.com\/elregionalvm.com.ar\/noticias-villa-maria\/wp-content\/uploads\/2022\/09\/Teto-Medina-Zelaya-Villa-Maria-1.jpg?w=1280&amp;ssl=1 1280w\" sizes=\"(max-width: 1000px) 100vw, 1000px\" \/><\/figure>\n\n\n\n<p><\/p>\n\n\n\n<p>\u201cLa propuesta impulsada por la Jefatura de Gabinete del municipio y familiares de la asociaci\u00f3n No Bajaremos los Brazos, cont\u00f3 adem\u00e1s con la disertaci\u00f3n del director Institucional de La Raz\u00f3n de Vivir, N\u00e9stor Zelaya. Al mismo tiempo, estuvieron presentes madres de chicos y j\u00f3venes v\u00edctimas de las adicciones, como as\u00ed tambi\u00e9n operadores sicoterapeutas y sociocomunitarios\u201d, se indic\u00f3 a la prensa hace un a\u00f1o. &nbsp;<\/p>\n\n\n\n<p>\u201cEl Gobierno local busca continuar implementando pol\u00edticas para el abordaje de estas tem\u00e1ticas. As\u00ed, se tiene por objetivo brindar a la comunidad herramientas de prevenci\u00f3n y asistencia para el tratamiento integral de personas con adicciones\u201d, finalizaba el parte.<\/p>\n","protected":false},"excerpt":{"rendered":"<p>La causa donde se encuentra detenido el conductor televisivo Marcelo Teto Medina por delitos como \u201casociaci\u00f3n il\u00edcita\u201d y \u00abreducci\u00f3n a la servidumbre\u00bb en una comunidad que ofrec\u00eda posibilidad de recuperaci\u00f3n a adictos tiene relaci\u00f3n con Villa Mar\u00eda. No solo hay una vecina detenida en el marco de la investigaci\u00f3n, el a\u00f1o pasado Medina y un [&hellip;]<\/p>\n","protected":false},"author":4,"featured_media":64514,"comment_status":"open","ping_status":"open","sticky":false,"template":"","format":"standard","meta":{"site-sidebar-layout":"default","site-content-layout":"","ast-site-content-layout":"default","site-content-style":"default","site-sidebar-style":"default","ast-global-header-display":"","ast-banner-title-visibility":"","ast-main-header-display":"","ast-hfb-above-header-display":"","ast-hfb-below-header-display":"","ast-hfb-mobile-header-display":"","site-post-title":"","ast-breadcrumbs-content":"","ast-featured-img":"","footer-sml-layout":"","ast-disable-related-posts":"","theme-transparent-header-meta":"","adv-header-id-meta":"","stick-header-meta":"","header-above-stick-meta":"","header-main-stick-meta":"","header-below-stick-meta":"","astra-migrate-meta-layouts":"default","ast-page-background-enabled":"default","ast-page-background-meta":{"desktop":{"background-color":"","background-image":"","background-repeat":"repeat","background-position":"center center","background-size":"auto","background-attachment":"scroll","background-type":"","background-media":"","overlay-type":"","overlay-color":"","overlay-opacity":"","overlay-gradient":""},"tablet":{"background-color":"","background-image":"","background-repeat":"repeat","background-position":"center center","background-size":"auto","background-attachment":"scroll","background-type":"","background-media":"","overlay-type":"","overlay-color":"","overlay-opacity":"","overlay-gradient":""},"mobile":{"background-color":"","background-image":"","background-repeat":"repeat","background-position":"center center","background-size":"auto","background-attachment":"scroll","background-type":"","background-media":"","overlay-type":"","overlay-color":"","overlay-opacity":"","overlay-gradient":""}},"ast-content-background-meta":{"desktop":{"background-color":"var(--ast-global-color-5)","background-image":"","background-repeat":"repeat","background-position":"center center","background-size":"auto","background-attachment":"scroll","background-type":"","background-media":"","overlay-type":"","overlay-color":"","overlay-opacity":"","overlay-gradient":""},"tablet":{"background-color":"var(--ast-global-color-5)","background-image":"","background-repeat":"repeat","background-position":"center center","background-size":"auto","background-attachment":"scroll","background-type":"","background-media":"","overlay-type":"","overlay-color":"","overlay-opacity":"","overlay-gradient":""},"mobile":{"background-color":"var(--ast-global-color-5)","background-image":"","background-repeat":"repeat","background-position":"center center","background-size":"auto","background-attachment":"scroll","background-type":"","background-media":"","overlay-type":"","overlay-color":"","overlay-opacity":"","overlay-gradient":""}},"_jetpack_memberships_contains_paid_content":false,"_joinchat":[],"footnotes":""},"categories":[2234,2],"tags":[9999,13877,8903,18345,2532,18346,26,18347,18344,13320,18348,534],"class_list":["post-64489","post","type-post","status-publish","format-standard","has-post-thumbnail","hentry","category-policiales","category-villa-maria","tag-abandono-de-persona","tag-asociacion-ilicita","tag-barrio-malvinas-argentinas","tag-comunidad-terapeutica","tag-detencion","tag-la-razon-de-vivir","tag-mujer","tag-reduccion-a-la-servidumbre","tag-teto-medina","tag-trabajo-esclavo","tag-trabajos-forzados","tag-villa-maria"],"yoast_head":"<!-- This site is optimized with the Yoast SEO plugin v26.8 - https:\/\/yoast.com\/product\/yoast-seo-wordpress\/ -->\n<title>\u201cLa Raz\u00f3n de Vivir\u201d en Villa Mar\u00eda: Una referente contra las adicciones detenida y una charla del Teto Medina hace un a\u00f1o - El Regional<\/title>\n<meta name=\"robots\" content=\"index, follow, max-snippet:-1, max-image-preview:large, max-video-preview:-1\" \/>\n<link rel=\"canonical\" href=\"http:\/\/elregionalvm.com.ar\/noticias-villa-maria\/la-razon-de-vivir-en-villa-maria-una-vecina-detenida-y-una-charla-del-teto-medina-hace-un-ano\/\" \/>\n<meta property=\"og:locale\" content=\"es_ES\" \/>\n<meta property=\"og:type\" content=\"article\" \/>\n<meta property=\"og:title\" content=\"\u201cLa Raz\u00f3n de Vivir\u201d en Villa Mar\u00eda: Una referente contra las adicciones detenida y una charla del Teto Medina hace un a\u00f1o - El Regional\" \/>\n<meta property=\"og:description\" content=\"La causa donde se encuentra detenido el conductor televisivo Marcelo Teto Medina por delitos como \u201casociaci\u00f3n il\u00edcita\u201d y \u00abreducci\u00f3n a la servidumbre\u00bb en una comunidad que ofrec\u00eda posibilidad de recuperaci\u00f3n a adictos tiene relaci\u00f3n con Villa Mar\u00eda. No solo hay una vecina detenida en el marco de la investigaci\u00f3n, el a\u00f1o pasado Medina y un [&hellip;]\" \/>\n<meta property=\"og:url\" content=\"http:\/\/elregionalvm.com.ar\/noticias-villa-maria\/la-razon-de-vivir-en-villa-maria-una-vecina-detenida-y-una-charla-del-teto-medina-hace-un-ano\/\" \/>\n<meta property=\"og:site_name\" content=\"El Regional\" \/>\n<meta property=\"article:publisher\" content=\"https:\/\/www.facebook.com\/elregionalvm\" \/>\n<meta property=\"article:published_time\" content=\"2022-09-22T18:04:48+00:00\" \/>\n<meta property=\"article:modified_time\" content=\"2022-09-24T16:35:32+00:00\" \/>\n<meta property=\"og:image\" content=\"http:\/\/elregionalvm.com.ar\/noticias-villa-maria\/wp-content\/uploads\/2022\/09\/Teto-Medina-Zelaya-Villa-Maria-2-vertical.jpg\" \/>\n\t<meta property=\"og:image:width\" content=\"685\" \/>\n\t<meta property=\"og:image:height\" content=\"847\" \/>\n\t<meta property=\"og:image:type\" content=\"image\/jpeg\" \/>\n<meta name=\"author\" content=\"Contenidos El Regional\" \/>\n<meta name=\"twitter:card\" content=\"summary_large_image\" \/>\n<meta name=\"twitter:creator\" content=\"@elregionalvm1\" \/>\n<meta name=\"twitter:site\" content=\"@elregionalvm1\" \/>\n<meta name=\"twitter:label1\" content=\"Escrito por\" \/>\n\t<meta name=\"twitter:data1\" content=\"Contenidos El Regional\" \/>\n\t<meta name=\"twitter:label2\" content=\"Tiempo de lectura\" \/>\n\t<meta name=\"twitter:data2\" content=\"4 minutos\" \/>\n<script type=\"application\/ld+json\" class=\"yoast-schema-graph\">{\"@context\":\"https:\/\/schema.org\",\"@graph\":[{\"@type\":\"Article\",\"@id\":\"http:\/\/elregionalvm.com.ar\/noticias-villa-maria\/la-razon-de-vivir-en-villa-maria-una-vecina-detenida-y-una-charla-del-teto-medina-hace-un-ano\/#article\",\"isPartOf\":{\"@id\":\"http:\/\/elregionalvm.com.ar\/noticias-villa-maria\/la-razon-de-vivir-en-villa-maria-una-vecina-detenida-y-una-charla-del-teto-medina-hace-un-ano\/\"},\"author\":{\"name\":\"Contenidos El Regional\",\"@id\":\"http:\/\/elregionalvm.com.ar\/noticias-villa-maria\/#\/schema\/person\/a0fb9c422317faca23d50163151bc354\"},\"headline\":\"\u201cLa Raz\u00f3n de Vivir\u201d en Villa Mar\u00eda: Una referente contra las adicciones detenida y una charla del Teto Medina hace un a\u00f1o\",\"datePublished\":\"2022-09-22T18:04:48+00:00\",\"dateModified\":\"2022-09-24T16:35:32+00:00\",\"mainEntityOfPage\":{\"@id\":\"http:\/\/elregionalvm.com.ar\/noticias-villa-maria\/la-razon-de-vivir-en-villa-maria-una-vecina-detenida-y-una-charla-del-teto-medina-hace-un-ano\/\"},\"wordCount\":707,\"commentCount\":0,\"image\":{\"@id\":\"http:\/\/elregionalvm.com.ar\/noticias-villa-maria\/la-razon-de-vivir-en-villa-maria-una-vecina-detenida-y-una-charla-del-teto-medina-hace-un-ano\/#primaryimage\"},\"thumbnailUrl\":\"https:\/\/i0.wp.com\/elregionalvm.com.ar\/noticias-villa-maria\/wp-content\/uploads\/2022\/09\/Teto-Medina-Zelaya-Villa-Maria-2-vertical.jpg?fit=685%2C847&ssl=1\",\"keywords\":[\"Abandono de persona\",\"asociaci\u00f3n il\u00edcita\",\"Barrio Malvinas Argentinas\",\"comunidad terap\u00e9utica\",\"Detenci\u00f3n\",\"La Raz\u00f3n de Vivir\",\"mujer\",\"reducci\u00f3n a la servidumbre\",\"Teto Medina\",\"trabajo esclavo\",\"trabajos forzados\",\"villa maria\"],\"articleSection\":[\"Policiales\",\"Villa Mar\u00eda\"],\"inLanguage\":\"es\",\"potentialAction\":[{\"@type\":\"CommentAction\",\"name\":\"Comment\",\"target\":[\"http:\/\/elregionalvm.com.ar\/noticias-villa-maria\/la-razon-de-vivir-en-villa-maria-una-vecina-detenida-y-una-charla-del-teto-medina-hace-un-ano\/#respond\"]}]},{\"@type\":\"WebPage\",\"@id\":\"http:\/\/elregionalvm.com.ar\/noticias-villa-maria\/la-razon-de-vivir-en-villa-maria-una-vecina-detenida-y-una-charla-del-teto-medina-hace-un-ano\/\",\"url\":\"http:\/\/elregionalvm.com.ar\/noticias-villa-maria\/la-razon-de-vivir-en-villa-maria-una-vecina-detenida-y-una-charla-del-teto-medina-hace-un-ano\/\",\"name\":\"\u201cLa Raz\u00f3n de Vivir\u201d en Villa Mar\u00eda: Una referente contra las adicciones detenida y una charla del Teto Medina hace un a\u00f1o - El Regional\",\"isPartOf\":{\"@id\":\"http:\/\/elregionalvm.com.ar\/noticias-villa-maria\/#website\"},\"primaryImageOfPage\":{\"@id\":\"http:\/\/elregionalvm.com.ar\/noticias-villa-maria\/la-razon-de-vivir-en-villa-maria-una-vecina-detenida-y-una-charla-del-teto-medina-hace-un-ano\/#primaryimage\"},\"image\":{\"@id\":\"http:\/\/elregionalvm.com.ar\/noticias-villa-maria\/la-razon-de-vivir-en-villa-maria-una-vecina-detenida-y-una-charla-del-teto-medina-hace-un-ano\/#primaryimage\"},\"thumbnailUrl\":\"https:\/\/i0.wp.com\/elregionalvm.com.ar\/noticias-villa-maria\/wp-content\/uploads\/2022\/09\/Teto-Medina-Zelaya-Villa-Maria-2-vertical.jpg?fit=685%2C847&ssl=1\",\"datePublished\":\"2022-09-22T18:04:48+00:00\",\"dateModified\":\"2022-09-24T16:35:32+00:00\",\"author\":{\"@id\":\"http:\/\/elregionalvm.com.ar\/noticias-villa-maria\/#\/schema\/person\/a0fb9c422317faca23d50163151bc354\"},\"breadcrumb\":{\"@id\":\"http:\/\/elregionalvm.com.ar\/noticias-villa-maria\/la-razon-de-vivir-en-villa-maria-una-vecina-detenida-y-una-charla-del-teto-medina-hace-un-ano\/#breadcrumb\"},\"inLanguage\":\"es\",\"potentialAction\":[{\"@type\":\"ReadAction\",\"target\":[\"http:\/\/elregionalvm.com.ar\/noticias-villa-maria\/la-razon-de-vivir-en-villa-maria-una-vecina-detenida-y-una-charla-del-teto-medina-hace-un-ano\/\"]}]},{\"@type\":\"ImageObject\",\"inLanguage\":\"es\",\"@id\":\"http:\/\/elregionalvm.com.ar\/noticias-villa-maria\/la-razon-de-vivir-en-villa-maria-una-vecina-detenida-y-una-charla-del-teto-medina-hace-un-ano\/#primaryimage\",\"url\":\"https:\/\/i0.wp.com\/elregionalvm.com.ar\/noticias-villa-maria\/wp-content\/uploads\/2022\/09\/Teto-Medina-Zelaya-Villa-Maria-2-vertical.jpg?fit=685%2C847&ssl=1\",\"contentUrl\":\"https:\/\/i0.wp.com\/elregionalvm.com.ar\/noticias-villa-maria\/wp-content\/uploads\/2022\/09\/Teto-Medina-Zelaya-Villa-Maria-2-vertical.jpg?fit=685%2C847&ssl=1\",\"width\":685,\"height\":847},{\"@type\":\"BreadcrumbList\",\"@id\":\"http:\/\/elregionalvm.com.ar\/noticias-villa-maria\/la-razon-de-vivir-en-villa-maria-una-vecina-detenida-y-una-charla-del-teto-medina-hace-un-ano\/#breadcrumb\",\"itemListElement\":[{\"@type\":\"ListItem\",\"position\":1,\"name\":\"Portada\",\"item\":\"https:\/\/elregionalvm.com.ar\/noticias-villa-maria\/\"},{\"@type\":\"ListItem\",\"position\":2,\"name\":\"\u201cLa Raz\u00f3n de Vivir\u201d en Villa Mar\u00eda: Una referente contra las adicciones detenida y una charla del Teto Medina hace un a\u00f1o\"}]},{\"@type\":\"WebSite\",\"@id\":\"http:\/\/elregionalvm.com.ar\/noticias-villa-maria\/#website\",\"url\":\"http:\/\/elregionalvm.com.ar\/noticias-villa-maria\/\",\"name\":\"El Regional\",\"description\":\"Mucho m\u00e1s que informaci\u00f3n\",\"potentialAction\":[{\"@type\":\"SearchAction\",\"target\":{\"@type\":\"EntryPoint\",\"urlTemplate\":\"http:\/\/elregionalvm.com.ar\/noticias-villa-maria\/?s={search_term_string}\"},\"query-input\":{\"@type\":\"PropertyValueSpecification\",\"valueRequired\":true,\"valueName\":\"search_term_string\"}}],\"inLanguage\":\"es\"},{\"@type\":\"Person\",\"@id\":\"http:\/\/elregionalvm.com.ar\/noticias-villa-maria\/#\/schema\/person\/a0fb9c422317faca23d50163151bc354\",\"name\":\"Contenidos El Regional\",\"image\":{\"@type\":\"ImageObject\",\"inLanguage\":\"es\",\"@id\":\"http:\/\/elregionalvm.com.ar\/noticias-villa-maria\/#\/schema\/person\/image\/\",\"url\":\"https:\/\/secure.gravatar.com\/avatar\/265b27cb2209af7bb3a1318f03305787d7981a5cc6e6cd08fe5a4ecdf99d4b48?s=96&d=mm&r=g\",\"contentUrl\":\"https:\/\/secure.gravatar.com\/avatar\/265b27cb2209af7bb3a1318f03305787d7981a5cc6e6cd08fe5a4ecdf99d4b48?s=96&d=mm&r=g\",\"caption\":\"Contenidos El Regional\"},\"url\":\"https:\/\/elregionalvm.com.ar\/noticias-villa-maria\/author\/contenido\/\"}]}<\/script>\n<!-- \/ Yoast SEO plugin. -->","yoast_head_json":{"title":"\u201cLa Raz\u00f3n de Vivir\u201d en Villa Mar\u00eda: Una referente contra las adicciones detenida y una charla del Teto Medina hace un a\u00f1o - El Regional","robots":{"index":"index","follow":"follow","max-snippet":"max-snippet:-1","max-image-preview":"max-image-preview:large","max-video-preview":"max-video-preview:-1"},"canonical":"http:\/\/elregionalvm.com.ar\/noticias-villa-maria\/la-razon-de-vivir-en-villa-maria-una-vecina-detenida-y-una-charla-del-teto-medina-hace-un-ano\/","og_locale":"es_ES","og_type":"article","og_title":"\u201cLa Raz\u00f3n de Vivir\u201d en Villa Mar\u00eda: Una referente contra las adicciones detenida y una charla del Teto Medina hace un a\u00f1o - El Regional","og_description":"La causa donde se encuentra detenido el conductor televisivo Marcelo Teto Medina por delitos como \u201casociaci\u00f3n il\u00edcita\u201d y \u00abreducci\u00f3n a la servidumbre\u00bb en una comunidad que ofrec\u00eda posibilidad de recuperaci\u00f3n a adictos tiene relaci\u00f3n con Villa Mar\u00eda. No solo hay una vecina detenida en el marco de la investigaci\u00f3n, el a\u00f1o pasado Medina y un [&hellip;]","og_url":"http:\/\/elregionalvm.com.ar\/noticias-villa-maria\/la-razon-de-vivir-en-villa-maria-una-vecina-detenida-y-una-charla-del-teto-medina-hace-un-ano\/","og_site_name":"El Regional","article_publisher":"https:\/\/www.facebook.com\/elregionalvm","article_published_time":"2022-09-22T18:04:48+00:00","article_modified_time":"2022-09-24T16:35:32+00:00","og_image":[{"width":685,"height":847,"url":"http:\/\/elregionalvm.com.ar\/noticias-villa-maria\/wp-content\/uploads\/2022\/09\/Teto-Medina-Zelaya-Villa-Maria-2-vertical.jpg","type":"image\/jpeg"}],"author":"Contenidos El Regional","twitter_card":"summary_large_image","twitter_creator":"@elregionalvm1","twitter_site":"@elregionalvm1","twitter_misc":{"Escrito por":"Contenidos El Regional","Tiempo de lectura":"4 minutos"},"schema":{"@context":"https:\/\/schema.org","@graph":[{"@type":"Article","@id":"http:\/\/elregionalvm.com.ar\/noticias-villa-maria\/la-razon-de-vivir-en-villa-maria-una-vecina-detenida-y-una-charla-del-teto-medina-hace-un-ano\/#article","isPartOf":{"@id":"http:\/\/elregionalvm.com.ar\/noticias-villa-maria\/la-razon-de-vivir-en-villa-maria-una-vecina-detenida-y-una-charla-del-teto-medina-hace-un-ano\/"},"author":{"name":"Contenidos El Regional","@id":"http:\/\/elregionalvm.com.ar\/noticias-villa-maria\/#\/schema\/person\/a0fb9c422317faca23d50163151bc354"},"headline":"\u201cLa Raz\u00f3n de Vivir\u201d en Villa Mar\u00eda: Una referente contra las adicciones detenida y una charla del Teto Medina hace un a\u00f1o","datePublished":"2022-09-22T18:04:48+00:00","dateModified":"2022-09-24T16:35:32+00:00","mainEntityOfPage":{"@id":"http:\/\/elregionalvm.com.ar\/noticias-villa-maria\/la-razon-de-vivir-en-villa-maria-una-vecina-detenida-y-una-charla-del-teto-medina-hace-un-ano\/"},"wordCount":707,"commentCount":0,"image":{"@id":"http:\/\/elregionalvm.com.ar\/noticias-villa-maria\/la-razon-de-vivir-en-villa-maria-una-vecina-detenida-y-una-charla-del-teto-medina-hace-un-ano\/#primaryimage"},"thumbnailUrl":"https:\/\/i0.wp.com\/elregionalvm.com.ar\/noticias-villa-maria\/wp-content\/uploads\/2022\/09\/Teto-Medina-Zelaya-Villa-Maria-2-vertical.jpg?fit=685%2C847&ssl=1","keywords":["Abandono de persona","asociaci\u00f3n il\u00edcita","Barrio Malvinas Argentinas","comunidad terap\u00e9utica","Detenci\u00f3n","La Raz\u00f3n de Vivir","mujer","reducci\u00f3n a la servidumbre","Teto Medina","trabajo esclavo","trabajos forzados","villa maria"],"articleSection":["Policiales","Villa Mar\u00eda"],"inLanguage":"es","potentialAction":[{"@type":"CommentAction","name":"Comment","target":["http:\/\/elregionalvm.com.ar\/noticias-villa-maria\/la-razon-de-vivir-en-villa-maria-una-vecina-detenida-y-una-charla-del-teto-medina-hace-un-ano\/#respond"]}]},{"@type":"WebPage","@id":"http:\/\/elregionalvm.com.ar\/noticias-villa-maria\/la-razon-de-vivir-en-villa-maria-una-vecina-detenida-y-una-charla-del-teto-medina-hace-un-ano\/","url":"http:\/\/elregionalvm.com.ar\/noticias-villa-maria\/la-razon-de-vivir-en-villa-maria-una-vecina-detenida-y-una-charla-del-teto-medina-hace-un-ano\/","name":"\u201cLa Raz\u00f3n de Vivir\u201d en Villa Mar\u00eda: Una referente contra las adicciones detenida y una charla del Teto Medina hace un a\u00f1o - El Regional","isPartOf":{"@id":"http:\/\/elregionalvm.com.ar\/noticias-villa-maria\/#website"},"primaryImageOfPage":{"@id":"http:\/\/elregionalvm.com.ar\/noticias-villa-maria\/la-razon-de-vivir-en-villa-maria-una-vecina-detenida-y-una-charla-del-teto-medina-hace-un-ano\/#primaryimage"},"image":{"@id":"http:\/\/elregionalvm.com.ar\/noticias-villa-maria\/la-razon-de-vivir-en-villa-maria-una-vecina-detenida-y-una-charla-del-teto-medina-hace-un-ano\/#primaryimage"},"thumbnailUrl":"https:\/\/i0.wp.com\/elregionalvm.com.ar\/noticias-villa-maria\/wp-content\/uploads\/2022\/09\/Teto-Medina-Zelaya-Villa-Maria-2-vertical.jpg?fit=685%2C847&ssl=1","datePublished":"2022-09-22T18:04:48+00:00","dateModified":"2022-09-24T16:35:32+00:00","author":{"@id":"http:\/\/elregionalvm.com.ar\/noticias-villa-maria\/#\/schema\/person\/a0fb9c422317faca23d50163151bc354"},"breadcrumb":{"@id":"http:\/\/elregionalvm.com.ar\/noticias-villa-maria\/la-razon-de-vivir-en-villa-maria-una-vecina-detenida-y-una-charla-del-teto-medina-hace-un-ano\/#breadcrumb"},"inLanguage":"es","potentialAction":[{"@type":"ReadAction","target":["http:\/\/elregionalvm.com.ar\/noticias-villa-maria\/la-razon-de-vivir-en-villa-maria-una-vecina-detenida-y-una-charla-del-teto-medina-hace-un-ano\/"]}]},{"@type":"ImageObject","inLanguage":"es","@id":"http:\/\/elregionalvm.com.ar\/noticias-villa-maria\/la-razon-de-vivir-en-villa-maria-una-vecina-detenida-y-una-charla-del-teto-medina-hace-un-ano\/#primaryimage","url":"https:\/\/i0.wp.com\/elregionalvm.com.ar\/noticias-villa-maria\/wp-content\/uploads\/2022\/09\/Teto-Medina-Zelaya-Villa-Maria-2-vertical.jpg?fit=685%2C847&ssl=1","contentUrl":"https:\/\/i0.wp.com\/elregionalvm.com.ar\/noticias-villa-maria\/wp-content\/uploads\/2022\/09\/Teto-Medina-Zelaya-Villa-Maria-2-vertical.jpg?fit=685%2C847&ssl=1","width":685,"height":847},{"@type":"BreadcrumbList","@id":"http:\/\/elregionalvm.com.ar\/noticias-villa-maria\/la-razon-de-vivir-en-villa-maria-una-vecina-detenida-y-una-charla-del-teto-medina-hace-un-ano\/#breadcrumb","itemListElement":[{"@type":"ListItem","position":1,"name":"Portada","item":"https:\/\/elregionalvm.com.ar\/noticias-villa-maria\/"},{"@type":"ListItem","position":2,"name":"\u201cLa Raz\u00f3n de Vivir\u201d en Villa Mar\u00eda: Una referente contra las adicciones detenida y una charla del Teto Medina hace un a\u00f1o"}]},{"@type":"WebSite","@id":"http:\/\/elregionalvm.com.ar\/noticias-villa-maria\/#website","url":"http:\/\/elregionalvm.com.ar\/noticias-villa-maria\/","name":"El Regional","description":"Mucho m\u00e1s que informaci\u00f3n","potentialAction":[{"@type":"SearchAction","target":{"@type":"EntryPoint","urlTemplate":"http:\/\/elregionalvm.com.ar\/noticias-villa-maria\/?s={search_term_string}"},"query-input":{"@type":"PropertyValueSpecification","valueRequired":true,"valueName":"search_term_string"}}],"inLanguage":"es"},{"@type":"Person","@id":"http:\/\/elregionalvm.com.ar\/noticias-villa-maria\/#\/schema\/person\/a0fb9c422317faca23d50163151bc354","name":"Contenidos El Regional","image":{"@type":"ImageObject","inLanguage":"es","@id":"http:\/\/elregionalvm.com.ar\/noticias-villa-maria\/#\/schema\/person\/image\/","url":"https:\/\/secure.gravatar.com\/avatar\/265b27cb2209af7bb3a1318f03305787d7981a5cc6e6cd08fe5a4ecdf99d4b48?s=96&d=mm&r=g","contentUrl":"https:\/\/secure.gravatar.com\/avatar\/265b27cb2209af7bb3a1318f03305787d7981a5cc6e6cd08fe5a4ecdf99d4b48?s=96&d=mm&r=g","caption":"Contenidos El Regional"},"url":"https:\/\/elregionalvm.com.ar\/noticias-villa-maria\/author\/contenido\/"}]}},"jetpack_featured_media_url":"https:\/\/i0.wp.com\/elregionalvm.com.ar\/noticias-villa-maria\/wp-content\/uploads\/2022\/09\/Teto-Medina-Zelaya-Villa-Maria-2-vertical.jpg?fit=685%2C847&ssl=1","jetpack_sharing_enabled":true,"_links":{"self":[{"href":"https:\/\/elregionalvm.com.ar\/noticias-villa-maria\/wp-json\/wp\/v2\/posts\/64489","targetHints":{"allow":["GET"]}}],"collection":[{"href":"https:\/\/elregionalvm.com.ar\/noticias-villa-maria\/wp-json\/wp\/v2\/posts"}],"about":[{"href":"https:\/\/elregionalvm.com.ar\/noticias-villa-maria\/wp-json\/wp\/v2\/types\/post"}],"author":[{"embeddable":true,"href":"https:\/\/elregionalvm.com.ar\/noticias-villa-maria\/wp-json\/wp\/v2\/users\/4"}],"replies":[{"embeddable":true,"href":"https:\/\/elregionalvm.com.ar\/noticias-villa-maria\/wp-json\/wp\/v2\/comments?post=64489"}],"version-history":[{"count":4,"href":"https:\/\/elregionalvm.com.ar\/noticias-villa-maria\/wp-json\/wp\/v2\/posts\/64489\/revisions"}],"predecessor-version":[{"id":64516,"href":"https:\/\/elregionalvm.com.ar\/noticias-villa-maria\/wp-json\/wp\/v2\/posts\/64489\/revisions\/64516"}],"wp:featuredmedia":[{"embeddable":true,"href":"https:\/\/elregionalvm.com.ar\/noticias-villa-maria\/wp-json\/wp\/v2\/media\/64514"}],"wp:attachment":[{"href":"https:\/\/elregionalvm.com.ar\/noticias-villa-maria\/wp-json\/wp\/v2\/media?parent=64489"}],"wp:term":[{"taxonomy":"category","embeddable":true,"href":"https:\/\/elregionalvm.com.ar\/noticias-villa-maria\/wp-json\/wp\/v2\/categories?post=64489"},{"taxonomy":"post_tag","embeddable":true,"href":"https:\/\/elregionalvm.com.ar\/noticias-villa-maria\/wp-json\/wp\/v2\/tags?post=64489"}],"curies":[{"name":"wp","href":"https:\/\/api.w.org\/{rel}","templated":true}]}}