{"id":64494,"date":"2022-09-22T20:52:37","date_gmt":"2022-09-22T20:52:37","guid":{"rendered":"https:\/\/elregionalvm.com.ar\/noticias-villa-maria\/?p=64494"},"modified":"2022-09-22T23:49:16","modified_gmt":"2022-09-22T23:49:16","slug":"largo-la-campana-hacia-el-2023-capitani-por-los-barrios","status":"publish","type":"post","link":"https:\/\/elregionalvm.com.ar\/noticias-villa-maria\/largo-la-campana-hacia-el-2023-capitani-por-los-barrios\/","title":{"rendered":"\u00bfLarg\u00f3 la campa\u00f1a hacia el 2023? Capitani por los barrios\u2026"},"content":{"rendered":"\n<p>Esta tarde, una veintena de j\u00f3venes caminaban las calles del popular barrio San Mart\u00edn de nuestra ciudad repartiendo volantes que lo tienen como protagonista al actual legislador provincial.<\/p>\n\n\n\n<p>Los j\u00f3venes se centraban en las necesidades del barrio, preguntando y haciendo hincapi\u00e9 en cu\u00e1les ser\u00edan las obras necesarias para el sector. \u00abEl pavimento\u00bb se habr\u00eda llevado los laureles entre las necesidades m\u00e1s aclamadas por los frentistas de calles como la Espora, San Luis, seg\u00fan indicaron en charla en plena entrega de los folletos.<\/p>\n\n\n\n<p>Otros vecinos, puntualizaban cuestiones de \u00edndole personal, especialmente jubilados y personas que atraviesan por cuestiones personales enmarcadas en la actual situaci\u00f3n econ\u00f3mica o de cuestiones inherentes a la salud.<\/p>\n\n\n\n<p>\u00abDebemos involucrarnos cada uno desde su lugar, para que las transformaciones ue logremos hacer, sean pensando en las nuevas generaciones. Me encantar\u00eda que me escribas para poder conocernos, compartir nuestras ideas y que formes parte de este equipo que quiere lo mejor para vos y para los villamarienses, haci\u00e9ndote protagonista\u00bb, rezaba parte de la gacetilla entregada a los vecinos de barrio San Mart\u00edn.<\/p>\n\n\n\n<figure class=\"wp-block-image aligncenter size-full\"><img data-recalc-dims=\"1\" fetchpriority=\"high\" decoding=\"async\" width=\"448\" height=\"561\" src=\"https:\/\/i0.wp.com\/elregionalvm.com.ar\/noticias-villa-maria\/wp-content\/uploads\/2022\/09\/WhatsApp-Image-2022-09-22-at-17.18.37.jpeg?resize=448%2C561&#038;ssl=1\" alt=\"\" class=\"wp-image-64495\" srcset=\"https:\/\/i0.wp.com\/elregionalvm.com.ar\/noticias-villa-maria\/wp-content\/uploads\/2022\/09\/WhatsApp-Image-2022-09-22-at-17.18.37.jpeg?w=448&amp;ssl=1 448w, https:\/\/i0.wp.com\/elregionalvm.com.ar\/noticias-villa-maria\/wp-content\/uploads\/2022\/09\/WhatsApp-Image-2022-09-22-at-17.18.37.jpeg?resize=240%2C300&amp;ssl=1 240w\" sizes=\"(max-width: 448px) 100vw, 448px\" \/><\/figure>\n","protected":false},"excerpt":{"rendered":"<p>Esta tarde, una veintena de j\u00f3venes caminaban las calles del popular barrio San Mart\u00edn de nuestra ciudad repartiendo volantes que lo tienen como protagonista al actual legislador provincial. Los j\u00f3venes se centraban en las necesidades del barrio, preguntando y haciendo hincapi\u00e9 en cu\u00e1les ser\u00edan las obras necesarias para el sector. \u00abEl pavimento\u00bb se habr\u00eda llevado [&hellip;]<\/p>\n","protected":false},"author":4,"featured_media":64497,"comment_status":"open","ping_status":"open","sticky":false,"template":"","format":"standard","meta":{"site-sidebar-layout":"default","site-content-layout":"","ast-site-content-layout":"default","site-content-style":"default","site-sidebar-style":"default","ast-global-header-display":"","ast-banner-title-visibility":"","ast-main-header-display":"","ast-hfb-above-header-display":"","ast-hfb-below-header-display":"","ast-hfb-mobile-header-display":"","site-post-title":"","ast-breadcrumbs-content":"","ast-featured-img":"","footer-sml-layout":"","ast-disable-related-posts":"","theme-transparent-header-meta":"","adv-header-id-meta":"","stick-header-meta":"","header-above-stick-meta":"","header-main-stick-meta":"","header-below-stick-meta":"","astra-migrate-meta-layouts":"default","ast-page-background-enabled":"default","ast-page-background-meta":{"desktop":{"background-color":"","background-image":"","background-repeat":"repeat","background-position":"center center","background-size":"auto","background-attachment":"scroll","background-type":"","background-media":"","overlay-type":"","overlay-color":"","overlay-opacity":"","overlay-gradient":""},"tablet":{"background-color":"","background-image":"","background-repeat":"repeat","background-position":"center center","background-size":"auto","background-attachment":"scroll","background-type":"","background-media":"","overlay-type":"","overlay-color":"","overlay-opacity":"","overlay-gradient":""},"mobile":{"background-color":"","background-image":"","background-repeat":"repeat","background-position":"center center","background-size":"auto","background-attachment":"scroll","background-type":"","background-media":"","overlay-type":"","overlay-color":"","overlay-opacity":"","overlay-gradient":""}},"ast-content-background-meta":{"desktop":{"background-color":"var(--ast-global-color-5)","background-image":"","background-repeat":"repeat","background-position":"center center","background-size":"auto","background-attachment":"scroll","background-type":"","background-media":"","overlay-type":"","overlay-color":"","overlay-opacity":"","overlay-gradient":""},"tablet":{"background-color":"var(--ast-global-color-5)","background-image":"","background-repeat":"repeat","background-position":"center center","background-size":"auto","background-attachment":"scroll","background-type":"","background-media":"","overlay-type":"","overlay-color":"","overlay-opacity":"","overlay-gradient":""},"mobile":{"background-color":"var(--ast-global-color-5)","background-image":"","background-repeat":"repeat","background-position":"center center","background-size":"auto","background-attachment":"scroll","background-type":"","background-media":"","overlay-type":"","overlay-color":"","overlay-opacity":"","overlay-gradient":""}},"_jetpack_memberships_contains_paid_content":false,"_joinchat":[],"footnotes":""},"categories":[2],"tags":[4832,3898,5759,9726,18350,6134,18349],"class_list":["post-64494","post","type-post","status-publish","format-standard","has-post-thumbnail","hentry","category-villa-maria","tag-barrio-san-martin","tag-campana","tag-charla-con-vecinos","tag-dario-capitani","tag-necesidades","tag-por-los-barrios","tag-rumbo-al-2023"],"yoast_head":"<!-- This site is optimized with the Yoast SEO plugin v26.8 - https:\/\/yoast.com\/product\/yoast-seo-wordpress\/ -->\n<title>\u00bfLarg\u00f3 la campa\u00f1a hacia el 2023? Capitani por los barrios\u2026 - El Regional<\/title>\n<meta name=\"robots\" content=\"index, follow, max-snippet:-1, max-image-preview:large, max-video-preview:-1\" \/>\n<link rel=\"canonical\" href=\"http:\/\/elregionalvm.com.ar\/noticias-villa-maria\/largo-la-campana-hacia-el-2023-capitani-por-los-barrios\/\" \/>\n<meta property=\"og:locale\" content=\"es_ES\" \/>\n<meta property=\"og:type\" content=\"article\" \/>\n<meta property=\"og:title\" content=\"\u00bfLarg\u00f3 la campa\u00f1a hacia el 2023? Capitani por los barrios\u2026 - El Regional\" \/>\n<meta property=\"og:description\" content=\"Esta tarde, una veintena de j\u00f3venes caminaban las calles del popular barrio San Mart\u00edn de nuestra ciudad repartiendo volantes que lo tienen como protagonista al actual legislador provincial. Los j\u00f3venes se centraban en las necesidades del barrio, preguntando y haciendo hincapi\u00e9 en cu\u00e1les ser\u00edan las obras necesarias para el sector. \u00abEl pavimento\u00bb se habr\u00eda llevado [&hellip;]\" \/>\n<meta property=\"og:url\" content=\"http:\/\/elregionalvm.com.ar\/noticias-villa-maria\/largo-la-campana-hacia-el-2023-capitani-por-los-barrios\/\" \/>\n<meta property=\"og:site_name\" content=\"El Regional\" \/>\n<meta property=\"article:publisher\" content=\"https:\/\/www.facebook.com\/elregionalvm\" \/>\n<meta property=\"article:published_time\" content=\"2022-09-22T20:52:37+00:00\" \/>\n<meta property=\"article:modified_time\" content=\"2022-09-22T23:49:16+00:00\" \/>\n<meta property=\"og:image\" content=\"http:\/\/elregionalvm.com.ar\/noticias-villa-maria\/wp-content\/uploads\/2022\/09\/WhatsApp-Image-2022-09-22-at-17.02.53-1.jpeg\" \/>\n\t<meta property=\"og:image:width\" content=\"558\" \/>\n\t<meta property=\"og:image:height\" content=\"561\" \/>\n\t<meta property=\"og:image:type\" content=\"image\/jpeg\" \/>\n<meta name=\"author\" content=\"Contenidos El Regional\" \/>\n<meta name=\"twitter:card\" content=\"summary_large_image\" \/>\n<meta name=\"twitter:creator\" content=\"@elregionalvm1\" \/>\n<meta name=\"twitter:site\" content=\"@elregionalvm1\" \/>\n<meta name=\"twitter:label1\" content=\"Escrito por\" \/>\n\t<meta name=\"twitter:data1\" content=\"Contenidos El Regional\" \/>\n\t<meta name=\"twitter:label2\" content=\"Tiempo de lectura\" \/>\n\t<meta name=\"twitter:data2\" content=\"1 minuto\" \/>\n<script type=\"application\/ld+json\" class=\"yoast-schema-graph\">{\"@context\":\"https:\/\/schema.org\",\"@graph\":[{\"@type\":\"Article\",\"@id\":\"http:\/\/elregionalvm.com.ar\/noticias-villa-maria\/largo-la-campana-hacia-el-2023-capitani-por-los-barrios\/#article\",\"isPartOf\":{\"@id\":\"http:\/\/elregionalvm.com.ar\/noticias-villa-maria\/largo-la-campana-hacia-el-2023-capitani-por-los-barrios\/\"},\"author\":{\"name\":\"Contenidos El Regional\",\"@id\":\"http:\/\/elregionalvm.com.ar\/noticias-villa-maria\/#\/schema\/person\/a0fb9c422317faca23d50163151bc354\"},\"headline\":\"\u00bfLarg\u00f3 la campa\u00f1a hacia el 2023? Capitani por los barrios\u2026\",\"datePublished\":\"2022-09-22T20:52:37+00:00\",\"dateModified\":\"2022-09-22T23:49:16+00:00\",\"mainEntityOfPage\":{\"@id\":\"http:\/\/elregionalvm.com.ar\/noticias-villa-maria\/largo-la-campana-hacia-el-2023-capitani-por-los-barrios\/\"},\"wordCount\":197,\"commentCount\":0,\"image\":{\"@id\":\"http:\/\/elregionalvm.com.ar\/noticias-villa-maria\/largo-la-campana-hacia-el-2023-capitani-por-los-barrios\/#primaryimage\"},\"thumbnailUrl\":\"https:\/\/i0.wp.com\/elregionalvm.com.ar\/noticias-villa-maria\/wp-content\/uploads\/2022\/09\/WhatsApp-Image-2022-09-22-at-17.02.53-1.jpeg?fit=558%2C561&ssl=1\",\"keywords\":[\"Barrio San Mart\u00edn\",\"campa\u00f1a\",\"charla con vecinos\",\"Dar\u00edo Capitani\",\"necesidades\",\"por los barrios\",\"Rumbo al 2023\"],\"articleSection\":[\"Villa Mar\u00eda\"],\"inLanguage\":\"es\",\"potentialAction\":[{\"@type\":\"CommentAction\",\"name\":\"Comment\",\"target\":[\"http:\/\/elregionalvm.com.ar\/noticias-villa-maria\/largo-la-campana-hacia-el-2023-capitani-por-los-barrios\/#respond\"]}]},{\"@type\":\"WebPage\",\"@id\":\"http:\/\/elregionalvm.com.ar\/noticias-villa-maria\/largo-la-campana-hacia-el-2023-capitani-por-los-barrios\/\",\"url\":\"http:\/\/elregionalvm.com.ar\/noticias-villa-maria\/largo-la-campana-hacia-el-2023-capitani-por-los-barrios\/\",\"name\":\"\u00bfLarg\u00f3 la campa\u00f1a hacia el 2023? Capitani por los barrios\u2026 - El Regional\",\"isPartOf\":{\"@id\":\"http:\/\/elregionalvm.com.ar\/noticias-villa-maria\/#website\"},\"primaryImageOfPage\":{\"@id\":\"http:\/\/elregionalvm.com.ar\/noticias-villa-maria\/largo-la-campana-hacia-el-2023-capitani-por-los-barrios\/#primaryimage\"},\"image\":{\"@id\":\"http:\/\/elregionalvm.com.ar\/noticias-villa-maria\/largo-la-campana-hacia-el-2023-capitani-por-los-barrios\/#primaryimage\"},\"thumbnailUrl\":\"https:\/\/i0.wp.com\/elregionalvm.com.ar\/noticias-villa-maria\/wp-content\/uploads\/2022\/09\/WhatsApp-Image-2022-09-22-at-17.02.53-1.jpeg?fit=558%2C561&ssl=1\",\"datePublished\":\"2022-09-22T20:52:37+00:00\",\"dateModified\":\"2022-09-22T23:49:16+00:00\",\"author\":{\"@id\":\"http:\/\/elregionalvm.com.ar\/noticias-villa-maria\/#\/schema\/person\/a0fb9c422317faca23d50163151bc354\"},\"breadcrumb\":{\"@id\":\"http:\/\/elregionalvm.com.ar\/noticias-villa-maria\/largo-la-campana-hacia-el-2023-capitani-por-los-barrios\/#breadcrumb\"},\"inLanguage\":\"es\",\"potentialAction\":[{\"@type\":\"ReadAction\",\"target\":[\"http:\/\/elregionalvm.com.ar\/noticias-villa-maria\/largo-la-campana-hacia-el-2023-capitani-por-los-barrios\/\"]}]},{\"@type\":\"ImageObject\",\"inLanguage\":\"es\",\"@id\":\"http:\/\/elregionalvm.com.ar\/noticias-villa-maria\/largo-la-campana-hacia-el-2023-capitani-por-los-barrios\/#primaryimage\",\"url\":\"https:\/\/i0.wp.com\/elregionalvm.com.ar\/noticias-villa-maria\/wp-content\/uploads\/2022\/09\/WhatsApp-Image-2022-09-22-at-17.02.53-1.jpeg?fit=558%2C561&ssl=1\",\"contentUrl\":\"https:\/\/i0.wp.com\/elregionalvm.com.ar\/noticias-villa-maria\/wp-content\/uploads\/2022\/09\/WhatsApp-Image-2022-09-22-at-17.02.53-1.jpeg?fit=558%2C561&ssl=1\",\"width\":558,\"height\":561},{\"@type\":\"BreadcrumbList\",\"@id\":\"http:\/\/elregionalvm.com.ar\/noticias-villa-maria\/largo-la-campana-hacia-el-2023-capitani-por-los-barrios\/#breadcrumb\",\"itemListElement\":[{\"@type\":\"ListItem\",\"position\":1,\"name\":\"Portada\",\"item\":\"https:\/\/elregionalvm.com.ar\/noticias-villa-maria\/\"},{\"@type\":\"ListItem\",\"position\":2,\"name\":\"\u00bfLarg\u00f3 la campa\u00f1a hacia el 2023? Capitani por los barrios\u2026\"}]},{\"@type\":\"WebSite\",\"@id\":\"http:\/\/elregionalvm.com.ar\/noticias-villa-maria\/#website\",\"url\":\"http:\/\/elregionalvm.com.ar\/noticias-villa-maria\/\",\"name\":\"El Regional\",\"description\":\"Mucho m\u00e1s que informaci\u00f3n\",\"potentialAction\":[{\"@type\":\"SearchAction\",\"target\":{\"@type\":\"EntryPoint\",\"urlTemplate\":\"http:\/\/elregionalvm.com.ar\/noticias-villa-maria\/?s={search_term_string}\"},\"query-input\":{\"@type\":\"PropertyValueSpecification\",\"valueRequired\":true,\"valueName\":\"search_term_string\"}}],\"inLanguage\":\"es\"},{\"@type\":\"Person\",\"@id\":\"http:\/\/elregionalvm.com.ar\/noticias-villa-maria\/#\/schema\/person\/a0fb9c422317faca23d50163151bc354\",\"name\":\"Contenidos El Regional\",\"image\":{\"@type\":\"ImageObject\",\"inLanguage\":\"es\",\"@id\":\"http:\/\/elregionalvm.com.ar\/noticias-villa-maria\/#\/schema\/person\/image\/\",\"url\":\"https:\/\/secure.gravatar.com\/avatar\/265b27cb2209af7bb3a1318f03305787d7981a5cc6e6cd08fe5a4ecdf99d4b48?s=96&d=mm&r=g\",\"contentUrl\":\"https:\/\/secure.gravatar.com\/avatar\/265b27cb2209af7bb3a1318f03305787d7981a5cc6e6cd08fe5a4ecdf99d4b48?s=96&d=mm&r=g\",\"caption\":\"Contenidos El Regional\"},\"url\":\"https:\/\/elregionalvm.com.ar\/noticias-villa-maria\/author\/contenido\/\"}]}<\/script>\n<!-- \/ Yoast SEO plugin. -->","yoast_head_json":{"title":"\u00bfLarg\u00f3 la campa\u00f1a hacia el 2023? Capitani por los barrios\u2026 - El Regional","robots":{"index":"index","follow":"follow","max-snippet":"max-snippet:-1","max-image-preview":"max-image-preview:large","max-video-preview":"max-video-preview:-1"},"canonical":"http:\/\/elregionalvm.com.ar\/noticias-villa-maria\/largo-la-campana-hacia-el-2023-capitani-por-los-barrios\/","og_locale":"es_ES","og_type":"article","og_title":"\u00bfLarg\u00f3 la campa\u00f1a hacia el 2023? Capitani por los barrios\u2026 - El Regional","og_description":"Esta tarde, una veintena de j\u00f3venes caminaban las calles del popular barrio San Mart\u00edn de nuestra ciudad repartiendo volantes que lo tienen como protagonista al actual legislador provincial. Los j\u00f3venes se centraban en las necesidades del barrio, preguntando y haciendo hincapi\u00e9 en cu\u00e1les ser\u00edan las obras necesarias para el sector. \u00abEl pavimento\u00bb se habr\u00eda llevado [&hellip;]","og_url":"http:\/\/elregionalvm.com.ar\/noticias-villa-maria\/largo-la-campana-hacia-el-2023-capitani-por-los-barrios\/","og_site_name":"El Regional","article_publisher":"https:\/\/www.facebook.com\/elregionalvm","article_published_time":"2022-09-22T20:52:37+00:00","article_modified_time":"2022-09-22T23:49:16+00:00","og_image":[{"width":558,"height":561,"url":"http:\/\/elregionalvm.com.ar\/noticias-villa-maria\/wp-content\/uploads\/2022\/09\/WhatsApp-Image-2022-09-22-at-17.02.53-1.jpeg","type":"image\/jpeg"}],"author":"Contenidos El Regional","twitter_card":"summary_large_image","twitter_creator":"@elregionalvm1","twitter_site":"@elregionalvm1","twitter_misc":{"Escrito por":"Contenidos El Regional","Tiempo de lectura":"1 minuto"},"schema":{"@context":"https:\/\/schema.org","@graph":[{"@type":"Article","@id":"http:\/\/elregionalvm.com.ar\/noticias-villa-maria\/largo-la-campana-hacia-el-2023-capitani-por-los-barrios\/#article","isPartOf":{"@id":"http:\/\/elregionalvm.com.ar\/noticias-villa-maria\/largo-la-campana-hacia-el-2023-capitani-por-los-barrios\/"},"author":{"name":"Contenidos El Regional","@id":"http:\/\/elregionalvm.com.ar\/noticias-villa-maria\/#\/schema\/person\/a0fb9c422317faca23d50163151bc354"},"headline":"\u00bfLarg\u00f3 la campa\u00f1a hacia el 2023? Capitani por los barrios\u2026","datePublished":"2022-09-22T20:52:37+00:00","dateModified":"2022-09-22T23:49:16+00:00","mainEntityOfPage":{"@id":"http:\/\/elregionalvm.com.ar\/noticias-villa-maria\/largo-la-campana-hacia-el-2023-capitani-por-los-barrios\/"},"wordCount":197,"commentCount":0,"image":{"@id":"http:\/\/elregionalvm.com.ar\/noticias-villa-maria\/largo-la-campana-hacia-el-2023-capitani-por-los-barrios\/#primaryimage"},"thumbnailUrl":"https:\/\/i0.wp.com\/elregionalvm.com.ar\/noticias-villa-maria\/wp-content\/uploads\/2022\/09\/WhatsApp-Image-2022-09-22-at-17.02.53-1.jpeg?fit=558%2C561&ssl=1","keywords":["Barrio San Mart\u00edn","campa\u00f1a","charla con vecinos","Dar\u00edo Capitani","necesidades","por los barrios","Rumbo al 2023"],"articleSection":["Villa Mar\u00eda"],"inLanguage":"es","potentialAction":[{"@type":"CommentAction","name":"Comment","target":["http:\/\/elregionalvm.com.ar\/noticias-villa-maria\/largo-la-campana-hacia-el-2023-capitani-por-los-barrios\/#respond"]}]},{"@type":"WebPage","@id":"http:\/\/elregionalvm.com.ar\/noticias-villa-maria\/largo-la-campana-hacia-el-2023-capitani-por-los-barrios\/","url":"http:\/\/elregionalvm.com.ar\/noticias-villa-maria\/largo-la-campana-hacia-el-2023-capitani-por-los-barrios\/","name":"\u00bfLarg\u00f3 la campa\u00f1a hacia el 2023? Capitani por los barrios\u2026 - El Regional","isPartOf":{"@id":"http:\/\/elregionalvm.com.ar\/noticias-villa-maria\/#website"},"primaryImageOfPage":{"@id":"http:\/\/elregionalvm.com.ar\/noticias-villa-maria\/largo-la-campana-hacia-el-2023-capitani-por-los-barrios\/#primaryimage"},"image":{"@id":"http:\/\/elregionalvm.com.ar\/noticias-villa-maria\/largo-la-campana-hacia-el-2023-capitani-por-los-barrios\/#primaryimage"},"thumbnailUrl":"https:\/\/i0.wp.com\/elregionalvm.com.ar\/noticias-villa-maria\/wp-content\/uploads\/2022\/09\/WhatsApp-Image-2022-09-22-at-17.02.53-1.jpeg?fit=558%2C561&ssl=1","datePublished":"2022-09-22T20:52:37+00:00","dateModified":"2022-09-22T23:49:16+00:00","author":{"@id":"http:\/\/elregionalvm.com.ar\/noticias-villa-maria\/#\/schema\/person\/a0fb9c422317faca23d50163151bc354"},"breadcrumb":{"@id":"http:\/\/elregionalvm.com.ar\/noticias-villa-maria\/largo-la-campana-hacia-el-2023-capitani-por-los-barrios\/#breadcrumb"},"inLanguage":"es","potentialAction":[{"@type":"ReadAction","target":["http:\/\/elregionalvm.com.ar\/noticias-villa-maria\/largo-la-campana-hacia-el-2023-capitani-por-los-barrios\/"]}]},{"@type":"ImageObject","inLanguage":"es","@id":"http:\/\/elregionalvm.com.ar\/noticias-villa-maria\/largo-la-campana-hacia-el-2023-capitani-por-los-barrios\/#primaryimage","url":"https:\/\/i0.wp.com\/elregionalvm.com.ar\/noticias-villa-maria\/wp-content\/uploads\/2022\/09\/WhatsApp-Image-2022-09-22-at-17.02.53-1.jpeg?fit=558%2C561&ssl=1","contentUrl":"https:\/\/i0.wp.com\/elregionalvm.com.ar\/noticias-villa-maria\/wp-content\/uploads\/2022\/09\/WhatsApp-Image-2022-09-22-at-17.02.53-1.jpeg?fit=558%2C561&ssl=1","width":558,"height":561},{"@type":"BreadcrumbList","@id":"http:\/\/elregionalvm.com.ar\/noticias-villa-maria\/largo-la-campana-hacia-el-2023-capitani-por-los-barrios\/#breadcrumb","itemListElement":[{"@type":"ListItem","position":1,"name":"Portada","item":"https:\/\/elregionalvm.com.ar\/noticias-villa-maria\/"},{"@type":"ListItem","position":2,"name":"\u00bfLarg\u00f3 la campa\u00f1a hacia el 2023? Capitani por los barrios\u2026"}]},{"@type":"WebSite","@id":"http:\/\/elregionalvm.com.ar\/noticias-villa-maria\/#website","url":"http:\/\/elregionalvm.com.ar\/noticias-villa-maria\/","name":"El Regional","description":"Mucho m\u00e1s que informaci\u00f3n","potentialAction":[{"@type":"SearchAction","target":{"@type":"EntryPoint","urlTemplate":"http:\/\/elregionalvm.com.ar\/noticias-villa-maria\/?s={search_term_string}"},"query-input":{"@type":"PropertyValueSpecification","valueRequired":true,"valueName":"search_term_string"}}],"inLanguage":"es"},{"@type":"Person","@id":"http:\/\/elregionalvm.com.ar\/noticias-villa-maria\/#\/schema\/person\/a0fb9c422317faca23d50163151bc354","name":"Contenidos El Regional","image":{"@type":"ImageObject","inLanguage":"es","@id":"http:\/\/elregionalvm.com.ar\/noticias-villa-maria\/#\/schema\/person\/image\/","url":"https:\/\/secure.gravatar.com\/avatar\/265b27cb2209af7bb3a1318f03305787d7981a5cc6e6cd08fe5a4ecdf99d4b48?s=96&d=mm&r=g","contentUrl":"https:\/\/secure.gravatar.com\/avatar\/265b27cb2209af7bb3a1318f03305787d7981a5cc6e6cd08fe5a4ecdf99d4b48?s=96&d=mm&r=g","caption":"Contenidos El Regional"},"url":"https:\/\/elregionalvm.com.ar\/noticias-villa-maria\/author\/contenido\/"}]}},"jetpack_featured_media_url":"https:\/\/i0.wp.com\/elregionalvm.com.ar\/noticias-villa-maria\/wp-content\/uploads\/2022\/09\/WhatsApp-Image-2022-09-22-at-17.02.53-1.jpeg?fit=558%2C561&ssl=1","jetpack_sharing_enabled":true,"_links":{"self":[{"href":"https:\/\/elregionalvm.com.ar\/noticias-villa-maria\/wp-json\/wp\/v2\/posts\/64494","targetHints":{"allow":["GET"]}}],"collection":[{"href":"https:\/\/elregionalvm.com.ar\/noticias-villa-maria\/wp-json\/wp\/v2\/posts"}],"about":[{"href":"https:\/\/elregionalvm.com.ar\/noticias-villa-maria\/wp-json\/wp\/v2\/types\/post"}],"author":[{"embeddable":true,"href":"https:\/\/elregionalvm.com.ar\/noticias-villa-maria\/wp-json\/wp\/v2\/users\/4"}],"replies":[{"embeddable":true,"href":"https:\/\/elregionalvm.com.ar\/noticias-villa-maria\/wp-json\/wp\/v2\/comments?post=64494"}],"version-history":[{"count":1,"href":"https:\/\/elregionalvm.com.ar\/noticias-villa-maria\/wp-json\/wp\/v2\/posts\/64494\/revisions"}],"predecessor-version":[{"id":64498,"href":"https:\/\/elregionalvm.com.ar\/noticias-villa-maria\/wp-json\/wp\/v2\/posts\/64494\/revisions\/64498"}],"wp:featuredmedia":[{"embeddable":true,"href":"https:\/\/elregionalvm.com.ar\/noticias-villa-maria\/wp-json\/wp\/v2\/media\/64497"}],"wp:attachment":[{"href":"https:\/\/elregionalvm.com.ar\/noticias-villa-maria\/wp-json\/wp\/v2\/media?parent=64494"}],"wp:term":[{"taxonomy":"category","embeddable":true,"href":"https:\/\/elregionalvm.com.ar\/noticias-villa-maria\/wp-json\/wp\/v2\/categories?post=64494"},{"taxonomy":"post_tag","embeddable":true,"href":"https:\/\/elregionalvm.com.ar\/noticias-villa-maria\/wp-json\/wp\/v2\/tags?post=64494"}],"curies":[{"name":"wp","href":"https:\/\/api.w.org\/{rel}","templated":true}]}}