{"id":64503,"date":"2022-09-22T21:41:13","date_gmt":"2022-09-22T21:41:13","guid":{"rendered":"https:\/\/elregionalvm.com.ar\/noticias-villa-maria\/?p=64503"},"modified":"2022-09-22T21:41:14","modified_gmt":"2022-09-22T21:41:14","slug":"la-coalicion-civica-y-el-ari-piden-la-expulsion-de-mosquera-y-bedano-de-la-legislatura-por-indignidad","status":"publish","type":"post","link":"https:\/\/elregionalvm.com.ar\/noticias-villa-maria\/la-coalicion-civica-y-el-ari-piden-la-expulsion-de-mosquera-y-bedano-de-la-legislatura-por-indignidad\/","title":{"rendered":"La Coalici\u00f3n C\u00edvica y el ARI piden la expulsi\u00f3n de Mosquera y Bedano de la Legislatura por indignidad"},"content":{"rendered":"\n<p>En la vig\u00e9simosexta sesi\u00f3n ordinaria, el bloque de la Coalici\u00f3n C\u00edvica ARI, a trav\u00e9s de la legisladora Cecilia Irazuzta, solicit\u00f3, por causal de indignidad, la expulsi\u00f3n de Alfonso Mosquera de la Legislatura y sanciones a Nora Bedano.<\/p>\n\n\n\n<p>\u201cEl exministro de Seguridad est\u00e1 sentado en su banca con la misma impunidad que lo ha caracterizado durante estos casi tres a\u00f1os de gesti\u00f3n. Mosquera ha demostrado ineficiencia, complicidad, irresponsabilidad pol\u00edtica y, por lo tanto, inhabilidad moral para ser parte de este cuerpo\u201d afirm\u00f3 Irazuzta.<\/p>\n\n\n\n<p>Cabe destacar que ambos legisladores se sientan en sus bancas luego de 33 meses de licencias y pr\u00f3rrogas. \u201cNos corresponde tambi\u00e9n evitar que este poder del Estado se convierta en un premio consuelo para quien ha fracaso en la gesti\u00f3n\u201d.<\/p>\n\n\n\n<p>\u201cLa expresidenta de la Agencia C\u00f3rdoba Cultura se ha visto involucrada en hechos de dudosa legalidad que abren serios cuestionamientos. Estos presuntos hechos de corrupci\u00f3n nos invitan a revisar su reputaci\u00f3n, conducta y derechos para volver a ser parte del cuerpo, y su potencial inhabilidad moral para hacerlo\u201d finaliz\u00f3.<\/p>\n","protected":false},"excerpt":{"rendered":"<p>En la vig\u00e9simosexta sesi\u00f3n ordinaria, el bloque de la Coalici\u00f3n C\u00edvica ARI, a trav\u00e9s de la legisladora Cecilia Irazuzta, solicit\u00f3, por causal de indignidad, la expulsi\u00f3n de Alfonso Mosquera de la Legislatura y sanciones a Nora Bedano. \u201cEl exministro de Seguridad est\u00e1 sentado en su banca con la misma impunidad que lo ha caracterizado durante [&hellip;]<\/p>\n","protected":false},"author":4,"featured_media":64504,"comment_status":"open","ping_status":"open","sticky":false,"template":"","format":"standard","meta":{"site-sidebar-layout":"default","site-content-layout":"","ast-site-content-layout":"default","site-content-style":"default","site-sidebar-style":"default","ast-global-header-display":"","ast-banner-title-visibility":"","ast-main-header-display":"","ast-hfb-above-header-display":"","ast-hfb-below-header-display":"","ast-hfb-mobile-header-display":"","site-post-title":"","ast-breadcrumbs-content":"","ast-featured-img":"","footer-sml-layout":"","ast-disable-related-posts":"","theme-transparent-header-meta":"","adv-header-id-meta":"","stick-header-meta":"","header-above-stick-meta":"","header-main-stick-meta":"","header-below-stick-meta":"","astra-migrate-meta-layouts":"default","ast-page-background-enabled":"default","ast-page-background-meta":{"desktop":{"background-color":"","background-image":"","background-repeat":"repeat","background-position":"center center","background-size":"auto","background-attachment":"scroll","background-type":"","background-media":"","overlay-type":"","overlay-color":"","overlay-opacity":"","overlay-gradient":""},"tablet":{"background-color":"","background-image":"","background-repeat":"repeat","background-position":"center center","background-size":"auto","background-attachment":"scroll","background-type":"","background-media":"","overlay-type":"","overlay-color":"","overlay-opacity":"","overlay-gradient":""},"mobile":{"background-color":"","background-image":"","background-repeat":"repeat","background-position":"center center","background-size":"auto","background-attachment":"scroll","background-type":"","background-media":"","overlay-type":"","overlay-color":"","overlay-opacity":"","overlay-gradient":""}},"ast-content-background-meta":{"desktop":{"background-color":"var(--ast-global-color-5)","background-image":"","background-repeat":"repeat","background-position":"center center","background-size":"auto","background-attachment":"scroll","background-type":"","background-media":"","overlay-type":"","overlay-color":"","overlay-opacity":"","overlay-gradient":""},"tablet":{"background-color":"var(--ast-global-color-5)","background-image":"","background-repeat":"repeat","background-position":"center center","background-size":"auto","background-attachment":"scroll","background-type":"","background-media":"","overlay-type":"","overlay-color":"","overlay-opacity":"","overlay-gradient":""},"mobile":{"background-color":"var(--ast-global-color-5)","background-image":"","background-repeat":"repeat","background-position":"center center","background-size":"auto","background-attachment":"scroll","background-type":"","background-media":"","overlay-type":"","overlay-color":"","overlay-opacity":"","overlay-gradient":""}},"_jetpack_memberships_contains_paid_content":false,"_joinchat":[],"footnotes":""},"categories":[15302,2089],"tags":[5818,18357,18356,18359,7330,4044,18358,18360],"class_list":["post-64503","post","type-post","status-publish","format-standard","has-post-thumbnail","hentry","category-destacado","category-politica","tag-alfonso-mosquera","tag-ari","tag-coalicion-civica","tag-indignidad","tag-legislatura-de-cordoba","tag-nora-bedano","tag-piden-expulsion","tag-politica-provincial"],"yoast_head":"<!-- This site is optimized with the Yoast SEO plugin v26.8 - https:\/\/yoast.com\/product\/yoast-seo-wordpress\/ -->\n<title>La Coalici\u00f3n C\u00edvica y el ARI piden la expulsi\u00f3n de Mosquera y Bedano de la Legislatura por indignidad - El Regional<\/title>\n<meta name=\"robots\" content=\"index, follow, max-snippet:-1, max-image-preview:large, max-video-preview:-1\" \/>\n<link rel=\"canonical\" href=\"http:\/\/elregionalvm.com.ar\/noticias-villa-maria\/la-coalicion-civica-y-el-ari-piden-la-expulsion-de-mosquera-y-bedano-de-la-legislatura-por-indignidad\/\" \/>\n<meta property=\"og:locale\" content=\"es_ES\" \/>\n<meta property=\"og:type\" content=\"article\" \/>\n<meta property=\"og:title\" content=\"La Coalici\u00f3n C\u00edvica y el ARI piden la expulsi\u00f3n de Mosquera y Bedano de la Legislatura por indignidad - El Regional\" \/>\n<meta property=\"og:description\" content=\"En la vig\u00e9simosexta sesi\u00f3n ordinaria, el bloque de la Coalici\u00f3n C\u00edvica ARI, a trav\u00e9s de la legisladora Cecilia Irazuzta, solicit\u00f3, por causal de indignidad, la expulsi\u00f3n de Alfonso Mosquera de la Legislatura y sanciones a Nora Bedano. \u201cEl exministro de Seguridad est\u00e1 sentado en su banca con la misma impunidad que lo ha caracterizado durante [&hellip;]\" \/>\n<meta property=\"og:url\" content=\"http:\/\/elregionalvm.com.ar\/noticias-villa-maria\/la-coalicion-civica-y-el-ari-piden-la-expulsion-de-mosquera-y-bedano-de-la-legislatura-por-indignidad\/\" \/>\n<meta property=\"og:site_name\" content=\"El Regional\" \/>\n<meta property=\"article:publisher\" content=\"https:\/\/www.facebook.com\/elregionalvm\" \/>\n<meta property=\"article:published_time\" content=\"2022-09-22T21:41:13+00:00\" \/>\n<meta property=\"article:modified_time\" content=\"2022-09-22T21:41:14+00:00\" \/>\n<meta property=\"og:image\" content=\"http:\/\/elregionalvm.com.ar\/noticias-villa-maria\/wp-content\/uploads\/2022\/09\/mosquera-y-bedano.png\" \/>\n\t<meta property=\"og:image:width\" content=\"517\" \/>\n\t<meta property=\"og:image:height\" content=\"397\" \/>\n\t<meta property=\"og:image:type\" content=\"image\/png\" \/>\n<meta name=\"author\" content=\"Contenidos El Regional\" \/>\n<meta name=\"twitter:card\" content=\"summary_large_image\" \/>\n<meta name=\"twitter:creator\" content=\"@elregionalvm1\" \/>\n<meta name=\"twitter:site\" content=\"@elregionalvm1\" \/>\n<meta name=\"twitter:label1\" content=\"Escrito por\" \/>\n\t<meta name=\"twitter:data1\" content=\"Contenidos El Regional\" \/>\n\t<meta name=\"twitter:label2\" content=\"Tiempo de lectura\" \/>\n\t<meta name=\"twitter:data2\" content=\"1 minuto\" \/>\n<script type=\"application\/ld+json\" class=\"yoast-schema-graph\">{\"@context\":\"https:\/\/schema.org\",\"@graph\":[{\"@type\":\"Article\",\"@id\":\"http:\/\/elregionalvm.com.ar\/noticias-villa-maria\/la-coalicion-civica-y-el-ari-piden-la-expulsion-de-mosquera-y-bedano-de-la-legislatura-por-indignidad\/#article\",\"isPartOf\":{\"@id\":\"http:\/\/elregionalvm.com.ar\/noticias-villa-maria\/la-coalicion-civica-y-el-ari-piden-la-expulsion-de-mosquera-y-bedano-de-la-legislatura-por-indignidad\/\"},\"author\":{\"name\":\"Contenidos El Regional\",\"@id\":\"http:\/\/elregionalvm.com.ar\/noticias-villa-maria\/#\/schema\/person\/a0fb9c422317faca23d50163151bc354\"},\"headline\":\"La Coalici\u00f3n C\u00edvica y el ARI piden la expulsi\u00f3n de Mosquera y Bedano de la Legislatura por indignidad\",\"datePublished\":\"2022-09-22T21:41:13+00:00\",\"dateModified\":\"2022-09-22T21:41:14+00:00\",\"mainEntityOfPage\":{\"@id\":\"http:\/\/elregionalvm.com.ar\/noticias-villa-maria\/la-coalicion-civica-y-el-ari-piden-la-expulsion-de-mosquera-y-bedano-de-la-legislatura-por-indignidad\/\"},\"wordCount\":206,\"commentCount\":0,\"image\":{\"@id\":\"http:\/\/elregionalvm.com.ar\/noticias-villa-maria\/la-coalicion-civica-y-el-ari-piden-la-expulsion-de-mosquera-y-bedano-de-la-legislatura-por-indignidad\/#primaryimage\"},\"thumbnailUrl\":\"https:\/\/i0.wp.com\/elregionalvm.com.ar\/noticias-villa-maria\/wp-content\/uploads\/2022\/09\/mosquera-y-bedano.png?fit=517%2C397&ssl=1\",\"keywords\":[\"Alfonso Mosquera\",\"ARI\",\"Coalici\u00f3n C\u00edvica\",\"indignidad\",\"Legislatura de C\u00f3rdoba\",\"Nora Bedano\",\"piden expulsi\u00f3n\",\"pol\u00edtica provincial\"],\"articleSection\":[\"destacado\",\"Pol\u00edtica\"],\"inLanguage\":\"es\",\"potentialAction\":[{\"@type\":\"CommentAction\",\"name\":\"Comment\",\"target\":[\"http:\/\/elregionalvm.com.ar\/noticias-villa-maria\/la-coalicion-civica-y-el-ari-piden-la-expulsion-de-mosquera-y-bedano-de-la-legislatura-por-indignidad\/#respond\"]}]},{\"@type\":\"WebPage\",\"@id\":\"http:\/\/elregionalvm.com.ar\/noticias-villa-maria\/la-coalicion-civica-y-el-ari-piden-la-expulsion-de-mosquera-y-bedano-de-la-legislatura-por-indignidad\/\",\"url\":\"http:\/\/elregionalvm.com.ar\/noticias-villa-maria\/la-coalicion-civica-y-el-ari-piden-la-expulsion-de-mosquera-y-bedano-de-la-legislatura-por-indignidad\/\",\"name\":\"La Coalici\u00f3n C\u00edvica y el ARI piden la expulsi\u00f3n de Mosquera y Bedano de la Legislatura por indignidad - El Regional\",\"isPartOf\":{\"@id\":\"http:\/\/elregionalvm.com.ar\/noticias-villa-maria\/#website\"},\"primaryImageOfPage\":{\"@id\":\"http:\/\/elregionalvm.com.ar\/noticias-villa-maria\/la-coalicion-civica-y-el-ari-piden-la-expulsion-de-mosquera-y-bedano-de-la-legislatura-por-indignidad\/#primaryimage\"},\"image\":{\"@id\":\"http:\/\/elregionalvm.com.ar\/noticias-villa-maria\/la-coalicion-civica-y-el-ari-piden-la-expulsion-de-mosquera-y-bedano-de-la-legislatura-por-indignidad\/#primaryimage\"},\"thumbnailUrl\":\"https:\/\/i0.wp.com\/elregionalvm.com.ar\/noticias-villa-maria\/wp-content\/uploads\/2022\/09\/mosquera-y-bedano.png?fit=517%2C397&ssl=1\",\"datePublished\":\"2022-09-22T21:41:13+00:00\",\"dateModified\":\"2022-09-22T21:41:14+00:00\",\"author\":{\"@id\":\"http:\/\/elregionalvm.com.ar\/noticias-villa-maria\/#\/schema\/person\/a0fb9c422317faca23d50163151bc354\"},\"breadcrumb\":{\"@id\":\"http:\/\/elregionalvm.com.ar\/noticias-villa-maria\/la-coalicion-civica-y-el-ari-piden-la-expulsion-de-mosquera-y-bedano-de-la-legislatura-por-indignidad\/#breadcrumb\"},\"inLanguage\":\"es\",\"potentialAction\":[{\"@type\":\"ReadAction\",\"target\":[\"http:\/\/elregionalvm.com.ar\/noticias-villa-maria\/la-coalicion-civica-y-el-ari-piden-la-expulsion-de-mosquera-y-bedano-de-la-legislatura-por-indignidad\/\"]}]},{\"@type\":\"ImageObject\",\"inLanguage\":\"es\",\"@id\":\"http:\/\/elregionalvm.com.ar\/noticias-villa-maria\/la-coalicion-civica-y-el-ari-piden-la-expulsion-de-mosquera-y-bedano-de-la-legislatura-por-indignidad\/#primaryimage\",\"url\":\"https:\/\/i0.wp.com\/elregionalvm.com.ar\/noticias-villa-maria\/wp-content\/uploads\/2022\/09\/mosquera-y-bedano.png?fit=517%2C397&ssl=1\",\"contentUrl\":\"https:\/\/i0.wp.com\/elregionalvm.com.ar\/noticias-villa-maria\/wp-content\/uploads\/2022\/09\/mosquera-y-bedano.png?fit=517%2C397&ssl=1\",\"width\":517,\"height\":397},{\"@type\":\"BreadcrumbList\",\"@id\":\"http:\/\/elregionalvm.com.ar\/noticias-villa-maria\/la-coalicion-civica-y-el-ari-piden-la-expulsion-de-mosquera-y-bedano-de-la-legislatura-por-indignidad\/#breadcrumb\",\"itemListElement\":[{\"@type\":\"ListItem\",\"position\":1,\"name\":\"Portada\",\"item\":\"https:\/\/elregionalvm.com.ar\/noticias-villa-maria\/\"},{\"@type\":\"ListItem\",\"position\":2,\"name\":\"La Coalici\u00f3n C\u00edvica y el ARI piden la expulsi\u00f3n de Mosquera y Bedano de la Legislatura por indignidad\"}]},{\"@type\":\"WebSite\",\"@id\":\"http:\/\/elregionalvm.com.ar\/noticias-villa-maria\/#website\",\"url\":\"http:\/\/elregionalvm.com.ar\/noticias-villa-maria\/\",\"name\":\"El Regional\",\"description\":\"Mucho m\u00e1s que informaci\u00f3n\",\"potentialAction\":[{\"@type\":\"SearchAction\",\"target\":{\"@type\":\"EntryPoint\",\"urlTemplate\":\"http:\/\/elregionalvm.com.ar\/noticias-villa-maria\/?s={search_term_string}\"},\"query-input\":{\"@type\":\"PropertyValueSpecification\",\"valueRequired\":true,\"valueName\":\"search_term_string\"}}],\"inLanguage\":\"es\"},{\"@type\":\"Person\",\"@id\":\"http:\/\/elregionalvm.com.ar\/noticias-villa-maria\/#\/schema\/person\/a0fb9c422317faca23d50163151bc354\",\"name\":\"Contenidos El Regional\",\"image\":{\"@type\":\"ImageObject\",\"inLanguage\":\"es\",\"@id\":\"http:\/\/elregionalvm.com.ar\/noticias-villa-maria\/#\/schema\/person\/image\/\",\"url\":\"https:\/\/secure.gravatar.com\/avatar\/265b27cb2209af7bb3a1318f03305787d7981a5cc6e6cd08fe5a4ecdf99d4b48?s=96&d=mm&r=g\",\"contentUrl\":\"https:\/\/secure.gravatar.com\/avatar\/265b27cb2209af7bb3a1318f03305787d7981a5cc6e6cd08fe5a4ecdf99d4b48?s=96&d=mm&r=g\",\"caption\":\"Contenidos El Regional\"},\"url\":\"https:\/\/elregionalvm.com.ar\/noticias-villa-maria\/author\/contenido\/\"}]}<\/script>\n<!-- \/ Yoast SEO plugin. -->","yoast_head_json":{"title":"La Coalici\u00f3n C\u00edvica y el ARI piden la expulsi\u00f3n de Mosquera y Bedano de la Legislatura por indignidad - El Regional","robots":{"index":"index","follow":"follow","max-snippet":"max-snippet:-1","max-image-preview":"max-image-preview:large","max-video-preview":"max-video-preview:-1"},"canonical":"http:\/\/elregionalvm.com.ar\/noticias-villa-maria\/la-coalicion-civica-y-el-ari-piden-la-expulsion-de-mosquera-y-bedano-de-la-legislatura-por-indignidad\/","og_locale":"es_ES","og_type":"article","og_title":"La Coalici\u00f3n C\u00edvica y el ARI piden la expulsi\u00f3n de Mosquera y Bedano de la Legislatura por indignidad - El Regional","og_description":"En la vig\u00e9simosexta sesi\u00f3n ordinaria, el bloque de la Coalici\u00f3n C\u00edvica ARI, a trav\u00e9s de la legisladora Cecilia Irazuzta, solicit\u00f3, por causal de indignidad, la expulsi\u00f3n de Alfonso Mosquera de la Legislatura y sanciones a Nora Bedano. \u201cEl exministro de Seguridad est\u00e1 sentado en su banca con la misma impunidad que lo ha caracterizado durante [&hellip;]","og_url":"http:\/\/elregionalvm.com.ar\/noticias-villa-maria\/la-coalicion-civica-y-el-ari-piden-la-expulsion-de-mosquera-y-bedano-de-la-legislatura-por-indignidad\/","og_site_name":"El Regional","article_publisher":"https:\/\/www.facebook.com\/elregionalvm","article_published_time":"2022-09-22T21:41:13+00:00","article_modified_time":"2022-09-22T21:41:14+00:00","og_image":[{"width":517,"height":397,"url":"http:\/\/elregionalvm.com.ar\/noticias-villa-maria\/wp-content\/uploads\/2022\/09\/mosquera-y-bedano.png","type":"image\/png"}],"author":"Contenidos El Regional","twitter_card":"summary_large_image","twitter_creator":"@elregionalvm1","twitter_site":"@elregionalvm1","twitter_misc":{"Escrito por":"Contenidos El Regional","Tiempo de lectura":"1 minuto"},"schema":{"@context":"https:\/\/schema.org","@graph":[{"@type":"Article","@id":"http:\/\/elregionalvm.com.ar\/noticias-villa-maria\/la-coalicion-civica-y-el-ari-piden-la-expulsion-de-mosquera-y-bedano-de-la-legislatura-por-indignidad\/#article","isPartOf":{"@id":"http:\/\/elregionalvm.com.ar\/noticias-villa-maria\/la-coalicion-civica-y-el-ari-piden-la-expulsion-de-mosquera-y-bedano-de-la-legislatura-por-indignidad\/"},"author":{"name":"Contenidos El Regional","@id":"http:\/\/elregionalvm.com.ar\/noticias-villa-maria\/#\/schema\/person\/a0fb9c422317faca23d50163151bc354"},"headline":"La Coalici\u00f3n C\u00edvica y el ARI piden la expulsi\u00f3n de Mosquera y Bedano de la Legislatura por indignidad","datePublished":"2022-09-22T21:41:13+00:00","dateModified":"2022-09-22T21:41:14+00:00","mainEntityOfPage":{"@id":"http:\/\/elregionalvm.com.ar\/noticias-villa-maria\/la-coalicion-civica-y-el-ari-piden-la-expulsion-de-mosquera-y-bedano-de-la-legislatura-por-indignidad\/"},"wordCount":206,"commentCount":0,"image":{"@id":"http:\/\/elregionalvm.com.ar\/noticias-villa-maria\/la-coalicion-civica-y-el-ari-piden-la-expulsion-de-mosquera-y-bedano-de-la-legislatura-por-indignidad\/#primaryimage"},"thumbnailUrl":"https:\/\/i0.wp.com\/elregionalvm.com.ar\/noticias-villa-maria\/wp-content\/uploads\/2022\/09\/mosquera-y-bedano.png?fit=517%2C397&ssl=1","keywords":["Alfonso Mosquera","ARI","Coalici\u00f3n C\u00edvica","indignidad","Legislatura de C\u00f3rdoba","Nora Bedano","piden expulsi\u00f3n","pol\u00edtica provincial"],"articleSection":["destacado","Pol\u00edtica"],"inLanguage":"es","potentialAction":[{"@type":"CommentAction","name":"Comment","target":["http:\/\/elregionalvm.com.ar\/noticias-villa-maria\/la-coalicion-civica-y-el-ari-piden-la-expulsion-de-mosquera-y-bedano-de-la-legislatura-por-indignidad\/#respond"]}]},{"@type":"WebPage","@id":"http:\/\/elregionalvm.com.ar\/noticias-villa-maria\/la-coalicion-civica-y-el-ari-piden-la-expulsion-de-mosquera-y-bedano-de-la-legislatura-por-indignidad\/","url":"http:\/\/elregionalvm.com.ar\/noticias-villa-maria\/la-coalicion-civica-y-el-ari-piden-la-expulsion-de-mosquera-y-bedano-de-la-legislatura-por-indignidad\/","name":"La Coalici\u00f3n C\u00edvica y el ARI piden la expulsi\u00f3n de Mosquera y Bedano de la Legislatura por indignidad - El Regional","isPartOf":{"@id":"http:\/\/elregionalvm.com.ar\/noticias-villa-maria\/#website"},"primaryImageOfPage":{"@id":"http:\/\/elregionalvm.com.ar\/noticias-villa-maria\/la-coalicion-civica-y-el-ari-piden-la-expulsion-de-mosquera-y-bedano-de-la-legislatura-por-indignidad\/#primaryimage"},"image":{"@id":"http:\/\/elregionalvm.com.ar\/noticias-villa-maria\/la-coalicion-civica-y-el-ari-piden-la-expulsion-de-mosquera-y-bedano-de-la-legislatura-por-indignidad\/#primaryimage"},"thumbnailUrl":"https:\/\/i0.wp.com\/elregionalvm.com.ar\/noticias-villa-maria\/wp-content\/uploads\/2022\/09\/mosquera-y-bedano.png?fit=517%2C397&ssl=1","datePublished":"2022-09-22T21:41:13+00:00","dateModified":"2022-09-22T21:41:14+00:00","author":{"@id":"http:\/\/elregionalvm.com.ar\/noticias-villa-maria\/#\/schema\/person\/a0fb9c422317faca23d50163151bc354"},"breadcrumb":{"@id":"http:\/\/elregionalvm.com.ar\/noticias-villa-maria\/la-coalicion-civica-y-el-ari-piden-la-expulsion-de-mosquera-y-bedano-de-la-legislatura-por-indignidad\/#breadcrumb"},"inLanguage":"es","potentialAction":[{"@type":"ReadAction","target":["http:\/\/elregionalvm.com.ar\/noticias-villa-maria\/la-coalicion-civica-y-el-ari-piden-la-expulsion-de-mosquera-y-bedano-de-la-legislatura-por-indignidad\/"]}]},{"@type":"ImageObject","inLanguage":"es","@id":"http:\/\/elregionalvm.com.ar\/noticias-villa-maria\/la-coalicion-civica-y-el-ari-piden-la-expulsion-de-mosquera-y-bedano-de-la-legislatura-por-indignidad\/#primaryimage","url":"https:\/\/i0.wp.com\/elregionalvm.com.ar\/noticias-villa-maria\/wp-content\/uploads\/2022\/09\/mosquera-y-bedano.png?fit=517%2C397&ssl=1","contentUrl":"https:\/\/i0.wp.com\/elregionalvm.com.ar\/noticias-villa-maria\/wp-content\/uploads\/2022\/09\/mosquera-y-bedano.png?fit=517%2C397&ssl=1","width":517,"height":397},{"@type":"BreadcrumbList","@id":"http:\/\/elregionalvm.com.ar\/noticias-villa-maria\/la-coalicion-civica-y-el-ari-piden-la-expulsion-de-mosquera-y-bedano-de-la-legislatura-por-indignidad\/#breadcrumb","itemListElement":[{"@type":"ListItem","position":1,"name":"Portada","item":"https:\/\/elregionalvm.com.ar\/noticias-villa-maria\/"},{"@type":"ListItem","position":2,"name":"La Coalici\u00f3n C\u00edvica y el ARI piden la expulsi\u00f3n de Mosquera y Bedano de la Legislatura por indignidad"}]},{"@type":"WebSite","@id":"http:\/\/elregionalvm.com.ar\/noticias-villa-maria\/#website","url":"http:\/\/elregionalvm.com.ar\/noticias-villa-maria\/","name":"El Regional","description":"Mucho m\u00e1s que informaci\u00f3n","potentialAction":[{"@type":"SearchAction","target":{"@type":"EntryPoint","urlTemplate":"http:\/\/elregionalvm.com.ar\/noticias-villa-maria\/?s={search_term_string}"},"query-input":{"@type":"PropertyValueSpecification","valueRequired":true,"valueName":"search_term_string"}}],"inLanguage":"es"},{"@type":"Person","@id":"http:\/\/elregionalvm.com.ar\/noticias-villa-maria\/#\/schema\/person\/a0fb9c422317faca23d50163151bc354","name":"Contenidos El Regional","image":{"@type":"ImageObject","inLanguage":"es","@id":"http:\/\/elregionalvm.com.ar\/noticias-villa-maria\/#\/schema\/person\/image\/","url":"https:\/\/secure.gravatar.com\/avatar\/265b27cb2209af7bb3a1318f03305787d7981a5cc6e6cd08fe5a4ecdf99d4b48?s=96&d=mm&r=g","contentUrl":"https:\/\/secure.gravatar.com\/avatar\/265b27cb2209af7bb3a1318f03305787d7981a5cc6e6cd08fe5a4ecdf99d4b48?s=96&d=mm&r=g","caption":"Contenidos El Regional"},"url":"https:\/\/elregionalvm.com.ar\/noticias-villa-maria\/author\/contenido\/"}]}},"jetpack_featured_media_url":"https:\/\/i0.wp.com\/elregionalvm.com.ar\/noticias-villa-maria\/wp-content\/uploads\/2022\/09\/mosquera-y-bedano.png?fit=517%2C397&ssl=1","jetpack_sharing_enabled":true,"_links":{"self":[{"href":"https:\/\/elregionalvm.com.ar\/noticias-villa-maria\/wp-json\/wp\/v2\/posts\/64503","targetHints":{"allow":["GET"]}}],"collection":[{"href":"https:\/\/elregionalvm.com.ar\/noticias-villa-maria\/wp-json\/wp\/v2\/posts"}],"about":[{"href":"https:\/\/elregionalvm.com.ar\/noticias-villa-maria\/wp-json\/wp\/v2\/types\/post"}],"author":[{"embeddable":true,"href":"https:\/\/elregionalvm.com.ar\/noticias-villa-maria\/wp-json\/wp\/v2\/users\/4"}],"replies":[{"embeddable":true,"href":"https:\/\/elregionalvm.com.ar\/noticias-villa-maria\/wp-json\/wp\/v2\/comments?post=64503"}],"version-history":[{"count":1,"href":"https:\/\/elregionalvm.com.ar\/noticias-villa-maria\/wp-json\/wp\/v2\/posts\/64503\/revisions"}],"predecessor-version":[{"id":64505,"href":"https:\/\/elregionalvm.com.ar\/noticias-villa-maria\/wp-json\/wp\/v2\/posts\/64503\/revisions\/64505"}],"wp:featuredmedia":[{"embeddable":true,"href":"https:\/\/elregionalvm.com.ar\/noticias-villa-maria\/wp-json\/wp\/v2\/media\/64504"}],"wp:attachment":[{"href":"https:\/\/elregionalvm.com.ar\/noticias-villa-maria\/wp-json\/wp\/v2\/media?parent=64503"}],"wp:term":[{"taxonomy":"category","embeddable":true,"href":"https:\/\/elregionalvm.com.ar\/noticias-villa-maria\/wp-json\/wp\/v2\/categories?post=64503"},{"taxonomy":"post_tag","embeddable":true,"href":"https:\/\/elregionalvm.com.ar\/noticias-villa-maria\/wp-json\/wp\/v2\/tags?post=64503"}],"curies":[{"name":"wp","href":"https:\/\/api.w.org\/{rel}","templated":true}]}}