{"id":64509,"date":"2022-09-22T22:06:46","date_gmt":"2022-09-22T22:06:46","guid":{"rendered":"https:\/\/elregionalvm.com.ar\/noticias-villa-maria\/?p=64509"},"modified":"2022-09-22T22:06:47","modified_gmt":"2022-09-22T22:06:47","slug":"santiago-cafiero-participara-con-gill-de-la-inauguracion-del-centro-comunitario-de-inclusion-integral","status":"publish","type":"post","link":"https:\/\/elregionalvm.com.ar\/noticias-villa-maria\/santiago-cafiero-participara-con-gill-de-la-inauguracion-del-centro-comunitario-de-inclusion-integral\/","title":{"rendered":"Santiago Cafiero participar\u00e1 con Gill de la inauguraci\u00f3n del Centro Comunitario de Inclusi\u00f3n Integral"},"content":{"rendered":"\n<p>Con la presencia del canciller Santiago Cafiero, que arribar\u00e1 este viernes a la ciudad, comienza la agenda de inauguraciones de obras con las que Villa Mar\u00eda celebra sus 155 a\u00f1os. Infraestructura urbana, vial, deportiva y de atenci\u00f3n integral esperan su corte de cintas.<\/p>\n\n\n\n<p>Cafiero, junto al intendente Mart\u00edn Gill, encabezar\u00e1n en el mediod\u00eda del viernes la apertura oficial del Centro Comunitario de Inclusi\u00f3n Integral, emplazado en el ex edificio ferroviario de V\u00edas y Obras Gab\u00edn, donde el trabajo de recuperaci\u00f3n del edifico hist\u00f3rico permiti\u00f3 dotar al sector sur de la ciudad con un renovado espacio. Este lugar ser\u00e1 sede de la Biblioteca y Medioteca Popular Mariano Moreno y del MuniCerca. Adem\u00e1s contar\u00e1 con un auditorio, Punto Digital para acceder a programas de capacitaci\u00f3n, sector de juegos tecnol\u00f3gicos y pantalla para proyecci\u00f3n de cine, entre otros servicios para toda la comunidad.<\/p>\n\n\n\n<p>Es importante se\u00f1alar que el canciller arriba a la ciudad para participar tambi\u00e9n del panel de cierre del Foro Nacional de Ciudades Agenda 2030, bajo el t\u00f3pico \u201cLa Agenda 2030 en el Multilateralismo Internacional\u201d, que tendr\u00e1 lugar ma\u00f1ana a las 10:00 horas en el Hotel Howard Johnson. La mesa tendr\u00e1 tambi\u00e9n la participaci\u00f3n del embajador de la Uni\u00f3n Europea, Amador S\u00e1nchez Rico, la coordinadora del Sistema Naciones Unidas de Argentina, Claudia Mojica, entre otras figuras relacionadas a la tem\u00e1tica.<\/p>\n\n\n\n<p>M\u00e1s tarde, el ministro de Relaciones Exteriores del Gobierno nacional visitar\u00e1 la planta de biocombustible ACABio, junto a Gill y representantes de otras ciudades participantes en el Foro Nacional Agenda 2030.<\/p>\n","protected":false},"excerpt":{"rendered":"<p>Con la presencia del canciller Santiago Cafiero, que arribar\u00e1 este viernes a la ciudad, comienza la agenda de inauguraciones de obras con las que Villa Mar\u00eda celebra sus 155 a\u00f1os. Infraestructura urbana, vial, deportiva y de atenci\u00f3n integral esperan su corte de cintas. Cafiero, junto al intendente Mart\u00edn Gill, encabezar\u00e1n en el mediod\u00eda del viernes [&hellip;]<\/p>\n","protected":false},"author":4,"featured_media":64512,"comment_status":"open","ping_status":"open","sticky":false,"template":"","format":"standard","meta":{"site-sidebar-layout":"default","site-content-layout":"","ast-site-content-layout":"default","site-content-style":"default","site-sidebar-style":"default","ast-global-header-display":"","ast-banner-title-visibility":"","ast-main-header-display":"","ast-hfb-above-header-display":"","ast-hfb-below-header-display":"","ast-hfb-mobile-header-display":"","site-post-title":"","ast-breadcrumbs-content":"","ast-featured-img":"","footer-sml-layout":"","ast-disable-related-posts":"","theme-transparent-header-meta":"","adv-header-id-meta":"","stick-header-meta":"","header-above-stick-meta":"","header-main-stick-meta":"","header-below-stick-meta":"","astra-migrate-meta-layouts":"default","ast-page-background-enabled":"default","ast-page-background-meta":{"desktop":{"background-color":"","background-image":"","background-repeat":"repeat","background-position":"center center","background-size":"auto","background-attachment":"scroll","background-type":"","background-media":"","overlay-type":"","overlay-color":"","overlay-opacity":"","overlay-gradient":""},"tablet":{"background-color":"","background-image":"","background-repeat":"repeat","background-position":"center center","background-size":"auto","background-attachment":"scroll","background-type":"","background-media":"","overlay-type":"","overlay-color":"","overlay-opacity":"","overlay-gradient":""},"mobile":{"background-color":"","background-image":"","background-repeat":"repeat","background-position":"center center","background-size":"auto","background-attachment":"scroll","background-type":"","background-media":"","overlay-type":"","overlay-color":"","overlay-opacity":"","overlay-gradient":""}},"ast-content-background-meta":{"desktop":{"background-color":"var(--ast-global-color-5)","background-image":"","background-repeat":"repeat","background-position":"center center","background-size":"auto","background-attachment":"scroll","background-type":"","background-media":"","overlay-type":"","overlay-color":"","overlay-opacity":"","overlay-gradient":""},"tablet":{"background-color":"var(--ast-global-color-5)","background-image":"","background-repeat":"repeat","background-position":"center center","background-size":"auto","background-attachment":"scroll","background-type":"","background-media":"","overlay-type":"","overlay-color":"","overlay-opacity":"","overlay-gradient":""},"mobile":{"background-color":"var(--ast-global-color-5)","background-image":"","background-repeat":"repeat","background-position":"center center","background-size":"auto","background-attachment":"scroll","background-type":"","background-media":"","overlay-type":"","overlay-color":"","overlay-opacity":"","overlay-gradient":""}},"_jetpack_memberships_contains_paid_content":false,"_joinchat":[],"footnotes":""},"categories":[15302,2],"tags":[17992,18365,18249,18366,3795,14267,7975,2248],"class_list":["post-64509","post","type-post","status-publish","format-standard","has-post-thumbnail","hentry","category-destacado","category-villa-maria","tag-155-aniversario","tag-centro-comunitario-de-inclusion-integral","tag-foro-nacional-de-ciudades","tag-hora-1000","tag-inauguraciones","tag-martin-rodrigo-gill","tag-santiago-cafiero","tag-villa-maria-2"],"yoast_head":"<!-- This site is optimized with the Yoast SEO plugin v26.8 - https:\/\/yoast.com\/product\/yoast-seo-wordpress\/ -->\n<title>Santiago Cafiero participar\u00e1 con Gill de la inauguraci\u00f3n del Centro Comunitario de Inclusi\u00f3n Integral - El Regional<\/title>\n<meta name=\"robots\" content=\"index, follow, max-snippet:-1, max-image-preview:large, max-video-preview:-1\" \/>\n<link rel=\"canonical\" href=\"http:\/\/elregionalvm.com.ar\/noticias-villa-maria\/santiago-cafiero-participara-con-gill-de-la-inauguracion-del-centro-comunitario-de-inclusion-integral\/\" \/>\n<meta property=\"og:locale\" content=\"es_ES\" \/>\n<meta property=\"og:type\" content=\"article\" \/>\n<meta property=\"og:title\" content=\"Santiago Cafiero participar\u00e1 con Gill de la inauguraci\u00f3n del Centro Comunitario de Inclusi\u00f3n Integral - El Regional\" \/>\n<meta property=\"og:description\" content=\"Con la presencia del canciller Santiago Cafiero, que arribar\u00e1 este viernes a la ciudad, comienza la agenda de inauguraciones de obras con las que Villa Mar\u00eda celebra sus 155 a\u00f1os. Infraestructura urbana, vial, deportiva y de atenci\u00f3n integral esperan su corte de cintas. Cafiero, junto al intendente Mart\u00edn Gill, encabezar\u00e1n en el mediod\u00eda del viernes [&hellip;]\" \/>\n<meta property=\"og:url\" content=\"http:\/\/elregionalvm.com.ar\/noticias-villa-maria\/santiago-cafiero-participara-con-gill-de-la-inauguracion-del-centro-comunitario-de-inclusion-integral\/\" \/>\n<meta property=\"og:site_name\" content=\"El Regional\" \/>\n<meta property=\"article:publisher\" content=\"https:\/\/www.facebook.com\/elregionalvm\" \/>\n<meta property=\"article:published_time\" content=\"2022-09-22T22:06:46+00:00\" \/>\n<meta property=\"article:modified_time\" content=\"2022-09-22T22:06:47+00:00\" \/>\n<meta property=\"og:image\" content=\"http:\/\/elregionalvm.com.ar\/noticias-villa-maria\/wp-content\/uploads\/2022\/09\/centro-comunitario-de-inclusion-2.jpeg\" \/>\n\t<meta property=\"og:image:width\" content=\"1024\" \/>\n\t<meta property=\"og:image:height\" content=\"682\" \/>\n\t<meta property=\"og:image:type\" content=\"image\/jpeg\" \/>\n<meta name=\"author\" content=\"Contenidos El Regional\" \/>\n<meta name=\"twitter:card\" content=\"summary_large_image\" \/>\n<meta name=\"twitter:creator\" content=\"@elregionalvm1\" \/>\n<meta name=\"twitter:site\" content=\"@elregionalvm1\" \/>\n<meta name=\"twitter:label1\" content=\"Escrito por\" \/>\n\t<meta name=\"twitter:data1\" content=\"Contenidos El Regional\" \/>\n\t<meta name=\"twitter:label2\" content=\"Tiempo de lectura\" \/>\n\t<meta name=\"twitter:data2\" content=\"2 minutos\" \/>\n<script type=\"application\/ld+json\" class=\"yoast-schema-graph\">{\"@context\":\"https:\/\/schema.org\",\"@graph\":[{\"@type\":\"Article\",\"@id\":\"http:\/\/elregionalvm.com.ar\/noticias-villa-maria\/santiago-cafiero-participara-con-gill-de-la-inauguracion-del-centro-comunitario-de-inclusion-integral\/#article\",\"isPartOf\":{\"@id\":\"http:\/\/elregionalvm.com.ar\/noticias-villa-maria\/santiago-cafiero-participara-con-gill-de-la-inauguracion-del-centro-comunitario-de-inclusion-integral\/\"},\"author\":{\"name\":\"Contenidos El Regional\",\"@id\":\"http:\/\/elregionalvm.com.ar\/noticias-villa-maria\/#\/schema\/person\/a0fb9c422317faca23d50163151bc354\"},\"headline\":\"Santiago Cafiero participar\u00e1 con Gill de la inauguraci\u00f3n del Centro Comunitario de Inclusi\u00f3n Integral\",\"datePublished\":\"2022-09-22T22:06:46+00:00\",\"dateModified\":\"2022-09-22T22:06:47+00:00\",\"mainEntityOfPage\":{\"@id\":\"http:\/\/elregionalvm.com.ar\/noticias-villa-maria\/santiago-cafiero-participara-con-gill-de-la-inauguracion-del-centro-comunitario-de-inclusion-integral\/\"},\"wordCount\":286,\"commentCount\":0,\"image\":{\"@id\":\"http:\/\/elregionalvm.com.ar\/noticias-villa-maria\/santiago-cafiero-participara-con-gill-de-la-inauguracion-del-centro-comunitario-de-inclusion-integral\/#primaryimage\"},\"thumbnailUrl\":\"https:\/\/i0.wp.com\/elregionalvm.com.ar\/noticias-villa-maria\/wp-content\/uploads\/2022\/09\/centro-comunitario-de-inclusion-2.jpeg?fit=1024%2C682&ssl=1\",\"keywords\":[\"155 aniversario\",\"Centro Comunitario de Inclusi\u00f3n Integral\",\"foro nacional de ciudades\",\"Hora 10:00\",\"Inauguraciones\",\"Mart\u00edn Rodrigo Gill\",\"Santiago Cafiero\",\"Villa Mar\u00eda\"],\"articleSection\":[\"destacado\",\"Villa Mar\u00eda\"],\"inLanguage\":\"es\",\"potentialAction\":[{\"@type\":\"CommentAction\",\"name\":\"Comment\",\"target\":[\"http:\/\/elregionalvm.com.ar\/noticias-villa-maria\/santiago-cafiero-participara-con-gill-de-la-inauguracion-del-centro-comunitario-de-inclusion-integral\/#respond\"]}]},{\"@type\":\"WebPage\",\"@id\":\"http:\/\/elregionalvm.com.ar\/noticias-villa-maria\/santiago-cafiero-participara-con-gill-de-la-inauguracion-del-centro-comunitario-de-inclusion-integral\/\",\"url\":\"http:\/\/elregionalvm.com.ar\/noticias-villa-maria\/santiago-cafiero-participara-con-gill-de-la-inauguracion-del-centro-comunitario-de-inclusion-integral\/\",\"name\":\"Santiago Cafiero participar\u00e1 con Gill de la inauguraci\u00f3n del Centro Comunitario de Inclusi\u00f3n Integral - El Regional\",\"isPartOf\":{\"@id\":\"http:\/\/elregionalvm.com.ar\/noticias-villa-maria\/#website\"},\"primaryImageOfPage\":{\"@id\":\"http:\/\/elregionalvm.com.ar\/noticias-villa-maria\/santiago-cafiero-participara-con-gill-de-la-inauguracion-del-centro-comunitario-de-inclusion-integral\/#primaryimage\"},\"image\":{\"@id\":\"http:\/\/elregionalvm.com.ar\/noticias-villa-maria\/santiago-cafiero-participara-con-gill-de-la-inauguracion-del-centro-comunitario-de-inclusion-integral\/#primaryimage\"},\"thumbnailUrl\":\"https:\/\/i0.wp.com\/elregionalvm.com.ar\/noticias-villa-maria\/wp-content\/uploads\/2022\/09\/centro-comunitario-de-inclusion-2.jpeg?fit=1024%2C682&ssl=1\",\"datePublished\":\"2022-09-22T22:06:46+00:00\",\"dateModified\":\"2022-09-22T22:06:47+00:00\",\"author\":{\"@id\":\"http:\/\/elregionalvm.com.ar\/noticias-villa-maria\/#\/schema\/person\/a0fb9c422317faca23d50163151bc354\"},\"breadcrumb\":{\"@id\":\"http:\/\/elregionalvm.com.ar\/noticias-villa-maria\/santiago-cafiero-participara-con-gill-de-la-inauguracion-del-centro-comunitario-de-inclusion-integral\/#breadcrumb\"},\"inLanguage\":\"es\",\"potentialAction\":[{\"@type\":\"ReadAction\",\"target\":[\"http:\/\/elregionalvm.com.ar\/noticias-villa-maria\/santiago-cafiero-participara-con-gill-de-la-inauguracion-del-centro-comunitario-de-inclusion-integral\/\"]}]},{\"@type\":\"ImageObject\",\"inLanguage\":\"es\",\"@id\":\"http:\/\/elregionalvm.com.ar\/noticias-villa-maria\/santiago-cafiero-participara-con-gill-de-la-inauguracion-del-centro-comunitario-de-inclusion-integral\/#primaryimage\",\"url\":\"https:\/\/i0.wp.com\/elregionalvm.com.ar\/noticias-villa-maria\/wp-content\/uploads\/2022\/09\/centro-comunitario-de-inclusion-2.jpeg?fit=1024%2C682&ssl=1\",\"contentUrl\":\"https:\/\/i0.wp.com\/elregionalvm.com.ar\/noticias-villa-maria\/wp-content\/uploads\/2022\/09\/centro-comunitario-de-inclusion-2.jpeg?fit=1024%2C682&ssl=1\",\"width\":1024,\"height\":682},{\"@type\":\"BreadcrumbList\",\"@id\":\"http:\/\/elregionalvm.com.ar\/noticias-villa-maria\/santiago-cafiero-participara-con-gill-de-la-inauguracion-del-centro-comunitario-de-inclusion-integral\/#breadcrumb\",\"itemListElement\":[{\"@type\":\"ListItem\",\"position\":1,\"name\":\"Portada\",\"item\":\"https:\/\/elregionalvm.com.ar\/noticias-villa-maria\/\"},{\"@type\":\"ListItem\",\"position\":2,\"name\":\"Santiago Cafiero participar\u00e1 con Gill de la inauguraci\u00f3n del Centro Comunitario de Inclusi\u00f3n Integral\"}]},{\"@type\":\"WebSite\",\"@id\":\"http:\/\/elregionalvm.com.ar\/noticias-villa-maria\/#website\",\"url\":\"http:\/\/elregionalvm.com.ar\/noticias-villa-maria\/\",\"name\":\"El Regional\",\"description\":\"Mucho m\u00e1s que informaci\u00f3n\",\"potentialAction\":[{\"@type\":\"SearchAction\",\"target\":{\"@type\":\"EntryPoint\",\"urlTemplate\":\"http:\/\/elregionalvm.com.ar\/noticias-villa-maria\/?s={search_term_string}\"},\"query-input\":{\"@type\":\"PropertyValueSpecification\",\"valueRequired\":true,\"valueName\":\"search_term_string\"}}],\"inLanguage\":\"es\"},{\"@type\":\"Person\",\"@id\":\"http:\/\/elregionalvm.com.ar\/noticias-villa-maria\/#\/schema\/person\/a0fb9c422317faca23d50163151bc354\",\"name\":\"Contenidos El Regional\",\"image\":{\"@type\":\"ImageObject\",\"inLanguage\":\"es\",\"@id\":\"http:\/\/elregionalvm.com.ar\/noticias-villa-maria\/#\/schema\/person\/image\/\",\"url\":\"https:\/\/secure.gravatar.com\/avatar\/265b27cb2209af7bb3a1318f03305787d7981a5cc6e6cd08fe5a4ecdf99d4b48?s=96&d=mm&r=g\",\"contentUrl\":\"https:\/\/secure.gravatar.com\/avatar\/265b27cb2209af7bb3a1318f03305787d7981a5cc6e6cd08fe5a4ecdf99d4b48?s=96&d=mm&r=g\",\"caption\":\"Contenidos El Regional\"},\"url\":\"https:\/\/elregionalvm.com.ar\/noticias-villa-maria\/author\/contenido\/\"}]}<\/script>\n<!-- \/ Yoast SEO plugin. -->","yoast_head_json":{"title":"Santiago Cafiero participar\u00e1 con Gill de la inauguraci\u00f3n del Centro Comunitario de Inclusi\u00f3n Integral - El Regional","robots":{"index":"index","follow":"follow","max-snippet":"max-snippet:-1","max-image-preview":"max-image-preview:large","max-video-preview":"max-video-preview:-1"},"canonical":"http:\/\/elregionalvm.com.ar\/noticias-villa-maria\/santiago-cafiero-participara-con-gill-de-la-inauguracion-del-centro-comunitario-de-inclusion-integral\/","og_locale":"es_ES","og_type":"article","og_title":"Santiago Cafiero participar\u00e1 con Gill de la inauguraci\u00f3n del Centro Comunitario de Inclusi\u00f3n Integral - El Regional","og_description":"Con la presencia del canciller Santiago Cafiero, que arribar\u00e1 este viernes a la ciudad, comienza la agenda de inauguraciones de obras con las que Villa Mar\u00eda celebra sus 155 a\u00f1os. Infraestructura urbana, vial, deportiva y de atenci\u00f3n integral esperan su corte de cintas. Cafiero, junto al intendente Mart\u00edn Gill, encabezar\u00e1n en el mediod\u00eda del viernes [&hellip;]","og_url":"http:\/\/elregionalvm.com.ar\/noticias-villa-maria\/santiago-cafiero-participara-con-gill-de-la-inauguracion-del-centro-comunitario-de-inclusion-integral\/","og_site_name":"El Regional","article_publisher":"https:\/\/www.facebook.com\/elregionalvm","article_published_time":"2022-09-22T22:06:46+00:00","article_modified_time":"2022-09-22T22:06:47+00:00","og_image":[{"width":1024,"height":682,"url":"http:\/\/elregionalvm.com.ar\/noticias-villa-maria\/wp-content\/uploads\/2022\/09\/centro-comunitario-de-inclusion-2.jpeg","type":"image\/jpeg"}],"author":"Contenidos El Regional","twitter_card":"summary_large_image","twitter_creator":"@elregionalvm1","twitter_site":"@elregionalvm1","twitter_misc":{"Escrito por":"Contenidos El Regional","Tiempo de lectura":"2 minutos"},"schema":{"@context":"https:\/\/schema.org","@graph":[{"@type":"Article","@id":"http:\/\/elregionalvm.com.ar\/noticias-villa-maria\/santiago-cafiero-participara-con-gill-de-la-inauguracion-del-centro-comunitario-de-inclusion-integral\/#article","isPartOf":{"@id":"http:\/\/elregionalvm.com.ar\/noticias-villa-maria\/santiago-cafiero-participara-con-gill-de-la-inauguracion-del-centro-comunitario-de-inclusion-integral\/"},"author":{"name":"Contenidos El Regional","@id":"http:\/\/elregionalvm.com.ar\/noticias-villa-maria\/#\/schema\/person\/a0fb9c422317faca23d50163151bc354"},"headline":"Santiago Cafiero participar\u00e1 con Gill de la inauguraci\u00f3n del Centro Comunitario de Inclusi\u00f3n Integral","datePublished":"2022-09-22T22:06:46+00:00","dateModified":"2022-09-22T22:06:47+00:00","mainEntityOfPage":{"@id":"http:\/\/elregionalvm.com.ar\/noticias-villa-maria\/santiago-cafiero-participara-con-gill-de-la-inauguracion-del-centro-comunitario-de-inclusion-integral\/"},"wordCount":286,"commentCount":0,"image":{"@id":"http:\/\/elregionalvm.com.ar\/noticias-villa-maria\/santiago-cafiero-participara-con-gill-de-la-inauguracion-del-centro-comunitario-de-inclusion-integral\/#primaryimage"},"thumbnailUrl":"https:\/\/i0.wp.com\/elregionalvm.com.ar\/noticias-villa-maria\/wp-content\/uploads\/2022\/09\/centro-comunitario-de-inclusion-2.jpeg?fit=1024%2C682&ssl=1","keywords":["155 aniversario","Centro Comunitario de Inclusi\u00f3n Integral","foro nacional de ciudades","Hora 10:00","Inauguraciones","Mart\u00edn Rodrigo Gill","Santiago Cafiero","Villa Mar\u00eda"],"articleSection":["destacado","Villa Mar\u00eda"],"inLanguage":"es","potentialAction":[{"@type":"CommentAction","name":"Comment","target":["http:\/\/elregionalvm.com.ar\/noticias-villa-maria\/santiago-cafiero-participara-con-gill-de-la-inauguracion-del-centro-comunitario-de-inclusion-integral\/#respond"]}]},{"@type":"WebPage","@id":"http:\/\/elregionalvm.com.ar\/noticias-villa-maria\/santiago-cafiero-participara-con-gill-de-la-inauguracion-del-centro-comunitario-de-inclusion-integral\/","url":"http:\/\/elregionalvm.com.ar\/noticias-villa-maria\/santiago-cafiero-participara-con-gill-de-la-inauguracion-del-centro-comunitario-de-inclusion-integral\/","name":"Santiago Cafiero participar\u00e1 con Gill de la inauguraci\u00f3n del Centro Comunitario de Inclusi\u00f3n Integral - El Regional","isPartOf":{"@id":"http:\/\/elregionalvm.com.ar\/noticias-villa-maria\/#website"},"primaryImageOfPage":{"@id":"http:\/\/elregionalvm.com.ar\/noticias-villa-maria\/santiago-cafiero-participara-con-gill-de-la-inauguracion-del-centro-comunitario-de-inclusion-integral\/#primaryimage"},"image":{"@id":"http:\/\/elregionalvm.com.ar\/noticias-villa-maria\/santiago-cafiero-participara-con-gill-de-la-inauguracion-del-centro-comunitario-de-inclusion-integral\/#primaryimage"},"thumbnailUrl":"https:\/\/i0.wp.com\/elregionalvm.com.ar\/noticias-villa-maria\/wp-content\/uploads\/2022\/09\/centro-comunitario-de-inclusion-2.jpeg?fit=1024%2C682&ssl=1","datePublished":"2022-09-22T22:06:46+00:00","dateModified":"2022-09-22T22:06:47+00:00","author":{"@id":"http:\/\/elregionalvm.com.ar\/noticias-villa-maria\/#\/schema\/person\/a0fb9c422317faca23d50163151bc354"},"breadcrumb":{"@id":"http:\/\/elregionalvm.com.ar\/noticias-villa-maria\/santiago-cafiero-participara-con-gill-de-la-inauguracion-del-centro-comunitario-de-inclusion-integral\/#breadcrumb"},"inLanguage":"es","potentialAction":[{"@type":"ReadAction","target":["http:\/\/elregionalvm.com.ar\/noticias-villa-maria\/santiago-cafiero-participara-con-gill-de-la-inauguracion-del-centro-comunitario-de-inclusion-integral\/"]}]},{"@type":"ImageObject","inLanguage":"es","@id":"http:\/\/elregionalvm.com.ar\/noticias-villa-maria\/santiago-cafiero-participara-con-gill-de-la-inauguracion-del-centro-comunitario-de-inclusion-integral\/#primaryimage","url":"https:\/\/i0.wp.com\/elregionalvm.com.ar\/noticias-villa-maria\/wp-content\/uploads\/2022\/09\/centro-comunitario-de-inclusion-2.jpeg?fit=1024%2C682&ssl=1","contentUrl":"https:\/\/i0.wp.com\/elregionalvm.com.ar\/noticias-villa-maria\/wp-content\/uploads\/2022\/09\/centro-comunitario-de-inclusion-2.jpeg?fit=1024%2C682&ssl=1","width":1024,"height":682},{"@type":"BreadcrumbList","@id":"http:\/\/elregionalvm.com.ar\/noticias-villa-maria\/santiago-cafiero-participara-con-gill-de-la-inauguracion-del-centro-comunitario-de-inclusion-integral\/#breadcrumb","itemListElement":[{"@type":"ListItem","position":1,"name":"Portada","item":"https:\/\/elregionalvm.com.ar\/noticias-villa-maria\/"},{"@type":"ListItem","position":2,"name":"Santiago Cafiero participar\u00e1 con Gill de la inauguraci\u00f3n del Centro Comunitario de Inclusi\u00f3n Integral"}]},{"@type":"WebSite","@id":"http:\/\/elregionalvm.com.ar\/noticias-villa-maria\/#website","url":"http:\/\/elregionalvm.com.ar\/noticias-villa-maria\/","name":"El Regional","description":"Mucho m\u00e1s que informaci\u00f3n","potentialAction":[{"@type":"SearchAction","target":{"@type":"EntryPoint","urlTemplate":"http:\/\/elregionalvm.com.ar\/noticias-villa-maria\/?s={search_term_string}"},"query-input":{"@type":"PropertyValueSpecification","valueRequired":true,"valueName":"search_term_string"}}],"inLanguage":"es"},{"@type":"Person","@id":"http:\/\/elregionalvm.com.ar\/noticias-villa-maria\/#\/schema\/person\/a0fb9c422317faca23d50163151bc354","name":"Contenidos El Regional","image":{"@type":"ImageObject","inLanguage":"es","@id":"http:\/\/elregionalvm.com.ar\/noticias-villa-maria\/#\/schema\/person\/image\/","url":"https:\/\/secure.gravatar.com\/avatar\/265b27cb2209af7bb3a1318f03305787d7981a5cc6e6cd08fe5a4ecdf99d4b48?s=96&d=mm&r=g","contentUrl":"https:\/\/secure.gravatar.com\/avatar\/265b27cb2209af7bb3a1318f03305787d7981a5cc6e6cd08fe5a4ecdf99d4b48?s=96&d=mm&r=g","caption":"Contenidos El Regional"},"url":"https:\/\/elregionalvm.com.ar\/noticias-villa-maria\/author\/contenido\/"}]}},"jetpack_featured_media_url":"https:\/\/i0.wp.com\/elregionalvm.com.ar\/noticias-villa-maria\/wp-content\/uploads\/2022\/09\/centro-comunitario-de-inclusion-2.jpeg?fit=1024%2C682&ssl=1","jetpack_sharing_enabled":true,"_links":{"self":[{"href":"https:\/\/elregionalvm.com.ar\/noticias-villa-maria\/wp-json\/wp\/v2\/posts\/64509","targetHints":{"allow":["GET"]}}],"collection":[{"href":"https:\/\/elregionalvm.com.ar\/noticias-villa-maria\/wp-json\/wp\/v2\/posts"}],"about":[{"href":"https:\/\/elregionalvm.com.ar\/noticias-villa-maria\/wp-json\/wp\/v2\/types\/post"}],"author":[{"embeddable":true,"href":"https:\/\/elregionalvm.com.ar\/noticias-villa-maria\/wp-json\/wp\/v2\/users\/4"}],"replies":[{"embeddable":true,"href":"https:\/\/elregionalvm.com.ar\/noticias-villa-maria\/wp-json\/wp\/v2\/comments?post=64509"}],"version-history":[{"count":1,"href":"https:\/\/elregionalvm.com.ar\/noticias-villa-maria\/wp-json\/wp\/v2\/posts\/64509\/revisions"}],"predecessor-version":[{"id":64513,"href":"https:\/\/elregionalvm.com.ar\/noticias-villa-maria\/wp-json\/wp\/v2\/posts\/64509\/revisions\/64513"}],"wp:featuredmedia":[{"embeddable":true,"href":"https:\/\/elregionalvm.com.ar\/noticias-villa-maria\/wp-json\/wp\/v2\/media\/64512"}],"wp:attachment":[{"href":"https:\/\/elregionalvm.com.ar\/noticias-villa-maria\/wp-json\/wp\/v2\/media?parent=64509"}],"wp:term":[{"taxonomy":"category","embeddable":true,"href":"https:\/\/elregionalvm.com.ar\/noticias-villa-maria\/wp-json\/wp\/v2\/categories?post=64509"},{"taxonomy":"post_tag","embeddable":true,"href":"https:\/\/elregionalvm.com.ar\/noticias-villa-maria\/wp-json\/wp\/v2\/tags?post=64509"}],"curies":[{"name":"wp","href":"https:\/\/api.w.org\/{rel}","templated":true}]}}