{"id":64897,"date":"2022-09-30T00:00:43","date_gmt":"2022-09-30T00:00:43","guid":{"rendered":"https:\/\/elregionalvm.com.ar\/noticias-villa-maria\/?p=64897"},"modified":"2022-09-30T00:00:45","modified_gmt":"2022-09-30T00:00:45","slug":"dia-mundial-del-corazon-mas-controles-gratuitos-este-viernes-en-la-plaza","status":"publish","type":"post","link":"https:\/\/elregionalvm.com.ar\/noticias-villa-maria\/dia-mundial-del-corazon-mas-controles-gratuitos-este-viernes-en-la-plaza\/","title":{"rendered":"D\u00eda Mundial del Coraz\u00f3n: m\u00e1s controles gratuitos este viernes en la plaza"},"content":{"rendered":"\n<p>Como cada a\u00f1o, el 29 de septiembre se celebra el D\u00eda Mundial del Coraz\u00f3n. Con esta efem\u00e9ride, la Organizaci\u00f3n Mundial de la Salud (OMS) tiene por objetivo concientizar sobre las enfermedades cardiovasculares, su prevenci\u00f3n, control y tratamiento. A partir de esta premisa, y en el marco del 155\u00ba aniversario de la ciudad, el municipio realiz\u00f3 este jueves y volver\u00e1 a realizar este viernes la actividad \u201cSalud desde el Coraz\u00f3n de Villa Mar\u00eda\u201d, en la Plaza Centenario recientemente reinaugurada.<\/p>\n\n\n\n<p>Las enfermedades cardiovasculares son la primera causa de muerte en el mundo, con lo cual su prevenci\u00f3n es fundamental para mejorar y prolongar la vida de las personas. En este sentido, la m\u00e9dica cardi\u00f3loga que encabeza el equipo de Cardiolog\u00eda de la Asistencia P\u00fablica, Evangelina Depetris, remarc\u00f3 la importancia de tomar conciencia sobre el riesgo que implica la enfermedad cardiovascular, teniendo en cuenta que existen ciertos factores predisponentes tales como el consumo de tabaco, sedentarismo y los malos h\u00e1bitos de alimentaci\u00f3n.<\/p>\n\n\n\n<figure class=\"wp-block-image aligncenter size-large is-resized\"><img data-recalc-dims=\"1\" fetchpriority=\"high\" decoding=\"async\" src=\"https:\/\/i0.wp.com\/elregionalvm.com.ar\/noticias-villa-maria\/wp-content\/uploads\/2022\/09\/WhatsApp-Image-2022-09-29-at-13.38.56-1.jpeg?resize=710%2C473&#038;ssl=1\" alt=\"\" class=\"wp-image-64899\" width=\"710\" height=\"473\" srcset=\"https:\/\/i0.wp.com\/elregionalvm.com.ar\/noticias-villa-maria\/wp-content\/uploads\/2022\/09\/WhatsApp-Image-2022-09-29-at-13.38.56-1.jpeg?resize=1024%2C683&amp;ssl=1 1024w, https:\/\/i0.wp.com\/elregionalvm.com.ar\/noticias-villa-maria\/wp-content\/uploads\/2022\/09\/WhatsApp-Image-2022-09-29-at-13.38.56-1.jpeg?resize=300%2C200&amp;ssl=1 300w, https:\/\/i0.wp.com\/elregionalvm.com.ar\/noticias-villa-maria\/wp-content\/uploads\/2022\/09\/WhatsApp-Image-2022-09-29-at-13.38.56-1.jpeg?resize=768%2C512&amp;ssl=1 768w, https:\/\/i0.wp.com\/elregionalvm.com.ar\/noticias-villa-maria\/wp-content\/uploads\/2022\/09\/WhatsApp-Image-2022-09-29-at-13.38.56-1.jpeg?resize=1536%2C1024&amp;ssl=1 1536w, https:\/\/i0.wp.com\/elregionalvm.com.ar\/noticias-villa-maria\/wp-content\/uploads\/2022\/09\/WhatsApp-Image-2022-09-29-at-13.38.56-1.jpeg?w=1599&amp;ssl=1 1599w\" sizes=\"(max-width: 710px) 100vw, 710px\" \/><\/figure>\n\n\n\n<p>Puntualmente, personal de la Asistencia P\u00fablica dispuso stands en los que se brinda informaci\u00f3n y asesoramiento para promover h\u00e1bitos saludables en diferentes aspectos de la salud integral. A tal efecto, uno de los consultorios ofrece asesoramiento y folleter\u00eda en materia de hipertensi\u00f3n arterial, como tambi\u00e9n la medici\u00f3n de esa variante en el lugar.<\/p>\n\n\n\n<p>En paralelo, el consultorio de Cesaci\u00f3n Tab\u00e1quica brinda un servicio integral de consejer\u00eda con las \u00e1reas de nutrici\u00f3n, psicolog\u00eda y medicina. Adem\u00e1s, y como iniciativa saludable, propone intercambiar un alimento por un cigarrillo.<\/p>\n\n\n\n<p>Del mismo modo, tambi\u00e9n participan el dispositivo de Diabetes, en el cual los vecinos y vecinas podr\u00e1n realizarse los controles de glucemia y recibir asesoramiento y folleter\u00eda alusiva. El circuito se completa con un puesto de vacunaci\u00f3n, en el cual se realiza el chequeo del calendario nacional y se brinda informaci\u00f3n sobre la importancia de mantener al d\u00eda el esquema de dosis; y el stand de nutrici\u00f3n en el cual, a trav\u00e9s de las actividades l\u00fadicas, se invita a la comunidad a conocer la importancia de los grupos de alimentos para la salud del coraz\u00f3n.<\/p>\n\n\n\n<p>Vale aclarar que al finalizar la jornada tuvo lugar la actividad a cargo del dispositivo de Salud Bucal, con propuestas l\u00fadicas para los m\u00e1s peque\u00f1os. En tanto, ma\u00f1ana la actividad contar\u00e1 con la participaci\u00f3n del equipo de Salud Mental del Hospital D\u00eda Encuentro.<\/p>\n\n\n\n<p>La propuesta diagramada desde la Secretar\u00eda de Salud, a trav\u00e9s de Asistencia P\u00fablica, se llev\u00f3 a cabo en la ma\u00f1ana de hoy y continuar\u00e1 este viernes 30, en el horario de 10:00 a 12:30 horas, en la intersecci\u00f3n de calle Buenos Aires y General Paz.<\/p>\n","protected":false},"excerpt":{"rendered":"<p>Como cada a\u00f1o, el 29 de septiembre se celebra el D\u00eda Mundial del Coraz\u00f3n. Con esta efem\u00e9ride, la Organizaci\u00f3n Mundial de la Salud (OMS) tiene por objetivo concientizar sobre las enfermedades cardiovasculares, su prevenci\u00f3n, control y tratamiento. A partir de esta premisa, y en el marco del 155\u00ba aniversario de la ciudad, el municipio realiz\u00f3 [&hellip;]<\/p>\n","protected":false},"author":4,"featured_media":64898,"comment_status":"open","ping_status":"open","sticky":false,"template":"","format":"standard","meta":{"site-sidebar-layout":"default","site-content-layout":"","ast-site-content-layout":"default","site-content-style":"default","site-sidebar-style":"default","ast-global-header-display":"","ast-banner-title-visibility":"","ast-main-header-display":"","ast-hfb-above-header-display":"","ast-hfb-below-header-display":"","ast-hfb-mobile-header-display":"","site-post-title":"","ast-breadcrumbs-content":"","ast-featured-img":"","footer-sml-layout":"","ast-disable-related-posts":"","theme-transparent-header-meta":"","adv-header-id-meta":"","stick-header-meta":"","header-above-stick-meta":"","header-main-stick-meta":"","header-below-stick-meta":"","astra-migrate-meta-layouts":"default","ast-page-background-enabled":"default","ast-page-background-meta":{"desktop":{"background-color":"","background-image":"","background-repeat":"repeat","background-position":"center center","background-size":"auto","background-attachment":"scroll","background-type":"","background-media":"","overlay-type":"","overlay-color":"","overlay-opacity":"","overlay-gradient":""},"tablet":{"background-color":"","background-image":"","background-repeat":"repeat","background-position":"center center","background-size":"auto","background-attachment":"scroll","background-type":"","background-media":"","overlay-type":"","overlay-color":"","overlay-opacity":"","overlay-gradient":""},"mobile":{"background-color":"","background-image":"","background-repeat":"repeat","background-position":"center center","background-size":"auto","background-attachment":"scroll","background-type":"","background-media":"","overlay-type":"","overlay-color":"","overlay-opacity":"","overlay-gradient":""}},"ast-content-background-meta":{"desktop":{"background-color":"var(--ast-global-color-5)","background-image":"","background-repeat":"repeat","background-position":"center center","background-size":"auto","background-attachment":"scroll","background-type":"","background-media":"","overlay-type":"","overlay-color":"","overlay-opacity":"","overlay-gradient":""},"tablet":{"background-color":"var(--ast-global-color-5)","background-image":"","background-repeat":"repeat","background-position":"center center","background-size":"auto","background-attachment":"scroll","background-type":"","background-media":"","overlay-type":"","overlay-color":"","overlay-opacity":"","overlay-gradient":""},"mobile":{"background-color":"var(--ast-global-color-5)","background-image":"","background-repeat":"repeat","background-position":"center center","background-size":"auto","background-attachment":"scroll","background-type":"","background-media":"","overlay-type":"","overlay-color":"","overlay-opacity":"","overlay-gradient":""}},"_jetpack_memberships_contains_paid_content":false,"_joinchat":[],"footnotes":""},"categories":[15302,2],"tags":[18512,18511,4292,15503,14168,199,2651],"class_list":["post-64897","post","type-post","status-publish","format-standard","has-post-thumbnail","hentry","category-destacado","category-villa-maria","tag-concientizar","tag-controles-gratuitos","tag-dia-mundial-del-corazon","tag-enfermedades-cardiovasculares","tag-jueves-y-viernes","tag-plaza-centenario","tag-prevencion"],"yoast_head":"<!-- This site is optimized with the Yoast SEO plugin v26.8 - https:\/\/yoast.com\/product\/yoast-seo-wordpress\/ -->\n<title>D\u00eda Mundial del Coraz\u00f3n: m\u00e1s controles gratuitos este viernes en la plaza - El Regional<\/title>\n<meta name=\"robots\" content=\"index, follow, max-snippet:-1, max-image-preview:large, max-video-preview:-1\" \/>\n<link rel=\"canonical\" href=\"http:\/\/elregionalvm.com.ar\/noticias-villa-maria\/dia-mundial-del-corazon-mas-controles-gratuitos-este-viernes-en-la-plaza\/\" \/>\n<meta property=\"og:locale\" content=\"es_ES\" \/>\n<meta property=\"og:type\" content=\"article\" \/>\n<meta property=\"og:title\" content=\"D\u00eda Mundial del Coraz\u00f3n: m\u00e1s controles gratuitos este viernes en la plaza - El Regional\" \/>\n<meta property=\"og:description\" content=\"Como cada a\u00f1o, el 29 de septiembre se celebra el D\u00eda Mundial del Coraz\u00f3n. Con esta efem\u00e9ride, la Organizaci\u00f3n Mundial de la Salud (OMS) tiene por objetivo concientizar sobre las enfermedades cardiovasculares, su prevenci\u00f3n, control y tratamiento. A partir de esta premisa, y en el marco del 155\u00ba aniversario de la ciudad, el municipio realiz\u00f3 [&hellip;]\" \/>\n<meta property=\"og:url\" content=\"http:\/\/elregionalvm.com.ar\/noticias-villa-maria\/dia-mundial-del-corazon-mas-controles-gratuitos-este-viernes-en-la-plaza\/\" \/>\n<meta property=\"og:site_name\" content=\"El Regional\" \/>\n<meta property=\"article:publisher\" content=\"https:\/\/www.facebook.com\/elregionalvm\" \/>\n<meta property=\"article:published_time\" content=\"2022-09-30T00:00:43+00:00\" \/>\n<meta property=\"article:modified_time\" content=\"2022-09-30T00:00:45+00:00\" \/>\n<meta property=\"og:image\" content=\"http:\/\/elregionalvm.com.ar\/noticias-villa-maria\/wp-content\/uploads\/2022\/09\/WhatsApp-Image-2022-09-29-at-13.38.56.jpeg\" \/>\n\t<meta property=\"og:image:width\" content=\"1599\" \/>\n\t<meta property=\"og:image:height\" content=\"1066\" \/>\n\t<meta property=\"og:image:type\" content=\"image\/jpeg\" \/>\n<meta name=\"author\" content=\"Contenidos El Regional\" \/>\n<meta name=\"twitter:card\" content=\"summary_large_image\" \/>\n<meta name=\"twitter:creator\" content=\"@elregionalvm1\" \/>\n<meta name=\"twitter:site\" content=\"@elregionalvm1\" \/>\n<meta name=\"twitter:label1\" content=\"Escrito por\" \/>\n\t<meta name=\"twitter:data1\" content=\"Contenidos El Regional\" \/>\n\t<meta name=\"twitter:label2\" content=\"Tiempo de lectura\" \/>\n\t<meta name=\"twitter:data2\" content=\"3 minutos\" \/>\n<script type=\"application\/ld+json\" class=\"yoast-schema-graph\">{\"@context\":\"https:\/\/schema.org\",\"@graph\":[{\"@type\":\"Article\",\"@id\":\"http:\/\/elregionalvm.com.ar\/noticias-villa-maria\/dia-mundial-del-corazon-mas-controles-gratuitos-este-viernes-en-la-plaza\/#article\",\"isPartOf\":{\"@id\":\"http:\/\/elregionalvm.com.ar\/noticias-villa-maria\/dia-mundial-del-corazon-mas-controles-gratuitos-este-viernes-en-la-plaza\/\"},\"author\":{\"name\":\"Contenidos El Regional\",\"@id\":\"http:\/\/elregionalvm.com.ar\/noticias-villa-maria\/#\/schema\/person\/a0fb9c422317faca23d50163151bc354\"},\"headline\":\"D\u00eda Mundial del Coraz\u00f3n: m\u00e1s controles gratuitos este viernes en la plaza\",\"datePublished\":\"2022-09-30T00:00:43+00:00\",\"dateModified\":\"2022-09-30T00:00:45+00:00\",\"mainEntityOfPage\":{\"@id\":\"http:\/\/elregionalvm.com.ar\/noticias-villa-maria\/dia-mundial-del-corazon-mas-controles-gratuitos-este-viernes-en-la-plaza\/\"},\"wordCount\":487,\"commentCount\":0,\"image\":{\"@id\":\"http:\/\/elregionalvm.com.ar\/noticias-villa-maria\/dia-mundial-del-corazon-mas-controles-gratuitos-este-viernes-en-la-plaza\/#primaryimage\"},\"thumbnailUrl\":\"https:\/\/i0.wp.com\/elregionalvm.com.ar\/noticias-villa-maria\/wp-content\/uploads\/2022\/09\/WhatsApp-Image-2022-09-29-at-13.38.56.jpeg?fit=1599%2C1066&ssl=1\",\"keywords\":[\"concientizar\",\"controles gratuitos\",\"D\u00eda Mundial del Coraz\u00f3n\",\"enfermedades cardiovasculares\",\"jueves y viernes\",\"plaza centenario\",\"prevenci\u00f3n\"],\"articleSection\":[\"destacado\",\"Villa Mar\u00eda\"],\"inLanguage\":\"es\",\"potentialAction\":[{\"@type\":\"CommentAction\",\"name\":\"Comment\",\"target\":[\"http:\/\/elregionalvm.com.ar\/noticias-villa-maria\/dia-mundial-del-corazon-mas-controles-gratuitos-este-viernes-en-la-plaza\/#respond\"]}]},{\"@type\":\"WebPage\",\"@id\":\"http:\/\/elregionalvm.com.ar\/noticias-villa-maria\/dia-mundial-del-corazon-mas-controles-gratuitos-este-viernes-en-la-plaza\/\",\"url\":\"http:\/\/elregionalvm.com.ar\/noticias-villa-maria\/dia-mundial-del-corazon-mas-controles-gratuitos-este-viernes-en-la-plaza\/\",\"name\":\"D\u00eda Mundial del Coraz\u00f3n: m\u00e1s controles gratuitos este viernes en la plaza - El Regional\",\"isPartOf\":{\"@id\":\"http:\/\/elregionalvm.com.ar\/noticias-villa-maria\/#website\"},\"primaryImageOfPage\":{\"@id\":\"http:\/\/elregionalvm.com.ar\/noticias-villa-maria\/dia-mundial-del-corazon-mas-controles-gratuitos-este-viernes-en-la-plaza\/#primaryimage\"},\"image\":{\"@id\":\"http:\/\/elregionalvm.com.ar\/noticias-villa-maria\/dia-mundial-del-corazon-mas-controles-gratuitos-este-viernes-en-la-plaza\/#primaryimage\"},\"thumbnailUrl\":\"https:\/\/i0.wp.com\/elregionalvm.com.ar\/noticias-villa-maria\/wp-content\/uploads\/2022\/09\/WhatsApp-Image-2022-09-29-at-13.38.56.jpeg?fit=1599%2C1066&ssl=1\",\"datePublished\":\"2022-09-30T00:00:43+00:00\",\"dateModified\":\"2022-09-30T00:00:45+00:00\",\"author\":{\"@id\":\"http:\/\/elregionalvm.com.ar\/noticias-villa-maria\/#\/schema\/person\/a0fb9c422317faca23d50163151bc354\"},\"breadcrumb\":{\"@id\":\"http:\/\/elregionalvm.com.ar\/noticias-villa-maria\/dia-mundial-del-corazon-mas-controles-gratuitos-este-viernes-en-la-plaza\/#breadcrumb\"},\"inLanguage\":\"es\",\"potentialAction\":[{\"@type\":\"ReadAction\",\"target\":[\"http:\/\/elregionalvm.com.ar\/noticias-villa-maria\/dia-mundial-del-corazon-mas-controles-gratuitos-este-viernes-en-la-plaza\/\"]}]},{\"@type\":\"ImageObject\",\"inLanguage\":\"es\",\"@id\":\"http:\/\/elregionalvm.com.ar\/noticias-villa-maria\/dia-mundial-del-corazon-mas-controles-gratuitos-este-viernes-en-la-plaza\/#primaryimage\",\"url\":\"https:\/\/i0.wp.com\/elregionalvm.com.ar\/noticias-villa-maria\/wp-content\/uploads\/2022\/09\/WhatsApp-Image-2022-09-29-at-13.38.56.jpeg?fit=1599%2C1066&ssl=1\",\"contentUrl\":\"https:\/\/i0.wp.com\/elregionalvm.com.ar\/noticias-villa-maria\/wp-content\/uploads\/2022\/09\/WhatsApp-Image-2022-09-29-at-13.38.56.jpeg?fit=1599%2C1066&ssl=1\",\"width\":1599,\"height\":1066},{\"@type\":\"BreadcrumbList\",\"@id\":\"http:\/\/elregionalvm.com.ar\/noticias-villa-maria\/dia-mundial-del-corazon-mas-controles-gratuitos-este-viernes-en-la-plaza\/#breadcrumb\",\"itemListElement\":[{\"@type\":\"ListItem\",\"position\":1,\"name\":\"Portada\",\"item\":\"https:\/\/elregionalvm.com.ar\/noticias-villa-maria\/\"},{\"@type\":\"ListItem\",\"position\":2,\"name\":\"D\u00eda Mundial del Coraz\u00f3n: m\u00e1s controles gratuitos este viernes en la plaza\"}]},{\"@type\":\"WebSite\",\"@id\":\"http:\/\/elregionalvm.com.ar\/noticias-villa-maria\/#website\",\"url\":\"http:\/\/elregionalvm.com.ar\/noticias-villa-maria\/\",\"name\":\"El Regional\",\"description\":\"Mucho m\u00e1s que informaci\u00f3n\",\"potentialAction\":[{\"@type\":\"SearchAction\",\"target\":{\"@type\":\"EntryPoint\",\"urlTemplate\":\"http:\/\/elregionalvm.com.ar\/noticias-villa-maria\/?s={search_term_string}\"},\"query-input\":{\"@type\":\"PropertyValueSpecification\",\"valueRequired\":true,\"valueName\":\"search_term_string\"}}],\"inLanguage\":\"es\"},{\"@type\":\"Person\",\"@id\":\"http:\/\/elregionalvm.com.ar\/noticias-villa-maria\/#\/schema\/person\/a0fb9c422317faca23d50163151bc354\",\"name\":\"Contenidos El Regional\",\"image\":{\"@type\":\"ImageObject\",\"inLanguage\":\"es\",\"@id\":\"http:\/\/elregionalvm.com.ar\/noticias-villa-maria\/#\/schema\/person\/image\/\",\"url\":\"https:\/\/secure.gravatar.com\/avatar\/265b27cb2209af7bb3a1318f03305787d7981a5cc6e6cd08fe5a4ecdf99d4b48?s=96&d=mm&r=g\",\"contentUrl\":\"https:\/\/secure.gravatar.com\/avatar\/265b27cb2209af7bb3a1318f03305787d7981a5cc6e6cd08fe5a4ecdf99d4b48?s=96&d=mm&r=g\",\"caption\":\"Contenidos El Regional\"},\"url\":\"https:\/\/elregionalvm.com.ar\/noticias-villa-maria\/author\/contenido\/\"}]}<\/script>\n<!-- \/ Yoast SEO plugin. -->","yoast_head_json":{"title":"D\u00eda Mundial del Coraz\u00f3n: m\u00e1s controles gratuitos este viernes en la plaza - El Regional","robots":{"index":"index","follow":"follow","max-snippet":"max-snippet:-1","max-image-preview":"max-image-preview:large","max-video-preview":"max-video-preview:-1"},"canonical":"http:\/\/elregionalvm.com.ar\/noticias-villa-maria\/dia-mundial-del-corazon-mas-controles-gratuitos-este-viernes-en-la-plaza\/","og_locale":"es_ES","og_type":"article","og_title":"D\u00eda Mundial del Coraz\u00f3n: m\u00e1s controles gratuitos este viernes en la plaza - El Regional","og_description":"Como cada a\u00f1o, el 29 de septiembre se celebra el D\u00eda Mundial del Coraz\u00f3n. Con esta efem\u00e9ride, la Organizaci\u00f3n Mundial de la Salud (OMS) tiene por objetivo concientizar sobre las enfermedades cardiovasculares, su prevenci\u00f3n, control y tratamiento. A partir de esta premisa, y en el marco del 155\u00ba aniversario de la ciudad, el municipio realiz\u00f3 [&hellip;]","og_url":"http:\/\/elregionalvm.com.ar\/noticias-villa-maria\/dia-mundial-del-corazon-mas-controles-gratuitos-este-viernes-en-la-plaza\/","og_site_name":"El Regional","article_publisher":"https:\/\/www.facebook.com\/elregionalvm","article_published_time":"2022-09-30T00:00:43+00:00","article_modified_time":"2022-09-30T00:00:45+00:00","og_image":[{"width":1599,"height":1066,"url":"http:\/\/elregionalvm.com.ar\/noticias-villa-maria\/wp-content\/uploads\/2022\/09\/WhatsApp-Image-2022-09-29-at-13.38.56.jpeg","type":"image\/jpeg"}],"author":"Contenidos El Regional","twitter_card":"summary_large_image","twitter_creator":"@elregionalvm1","twitter_site":"@elregionalvm1","twitter_misc":{"Escrito por":"Contenidos El Regional","Tiempo de lectura":"3 minutos"},"schema":{"@context":"https:\/\/schema.org","@graph":[{"@type":"Article","@id":"http:\/\/elregionalvm.com.ar\/noticias-villa-maria\/dia-mundial-del-corazon-mas-controles-gratuitos-este-viernes-en-la-plaza\/#article","isPartOf":{"@id":"http:\/\/elregionalvm.com.ar\/noticias-villa-maria\/dia-mundial-del-corazon-mas-controles-gratuitos-este-viernes-en-la-plaza\/"},"author":{"name":"Contenidos El Regional","@id":"http:\/\/elregionalvm.com.ar\/noticias-villa-maria\/#\/schema\/person\/a0fb9c422317faca23d50163151bc354"},"headline":"D\u00eda Mundial del Coraz\u00f3n: m\u00e1s controles gratuitos este viernes en la plaza","datePublished":"2022-09-30T00:00:43+00:00","dateModified":"2022-09-30T00:00:45+00:00","mainEntityOfPage":{"@id":"http:\/\/elregionalvm.com.ar\/noticias-villa-maria\/dia-mundial-del-corazon-mas-controles-gratuitos-este-viernes-en-la-plaza\/"},"wordCount":487,"commentCount":0,"image":{"@id":"http:\/\/elregionalvm.com.ar\/noticias-villa-maria\/dia-mundial-del-corazon-mas-controles-gratuitos-este-viernes-en-la-plaza\/#primaryimage"},"thumbnailUrl":"https:\/\/i0.wp.com\/elregionalvm.com.ar\/noticias-villa-maria\/wp-content\/uploads\/2022\/09\/WhatsApp-Image-2022-09-29-at-13.38.56.jpeg?fit=1599%2C1066&ssl=1","keywords":["concientizar","controles gratuitos","D\u00eda Mundial del Coraz\u00f3n","enfermedades cardiovasculares","jueves y viernes","plaza centenario","prevenci\u00f3n"],"articleSection":["destacado","Villa Mar\u00eda"],"inLanguage":"es","potentialAction":[{"@type":"CommentAction","name":"Comment","target":["http:\/\/elregionalvm.com.ar\/noticias-villa-maria\/dia-mundial-del-corazon-mas-controles-gratuitos-este-viernes-en-la-plaza\/#respond"]}]},{"@type":"WebPage","@id":"http:\/\/elregionalvm.com.ar\/noticias-villa-maria\/dia-mundial-del-corazon-mas-controles-gratuitos-este-viernes-en-la-plaza\/","url":"http:\/\/elregionalvm.com.ar\/noticias-villa-maria\/dia-mundial-del-corazon-mas-controles-gratuitos-este-viernes-en-la-plaza\/","name":"D\u00eda Mundial del Coraz\u00f3n: m\u00e1s controles gratuitos este viernes en la plaza - El Regional","isPartOf":{"@id":"http:\/\/elregionalvm.com.ar\/noticias-villa-maria\/#website"},"primaryImageOfPage":{"@id":"http:\/\/elregionalvm.com.ar\/noticias-villa-maria\/dia-mundial-del-corazon-mas-controles-gratuitos-este-viernes-en-la-plaza\/#primaryimage"},"image":{"@id":"http:\/\/elregionalvm.com.ar\/noticias-villa-maria\/dia-mundial-del-corazon-mas-controles-gratuitos-este-viernes-en-la-plaza\/#primaryimage"},"thumbnailUrl":"https:\/\/i0.wp.com\/elregionalvm.com.ar\/noticias-villa-maria\/wp-content\/uploads\/2022\/09\/WhatsApp-Image-2022-09-29-at-13.38.56.jpeg?fit=1599%2C1066&ssl=1","datePublished":"2022-09-30T00:00:43+00:00","dateModified":"2022-09-30T00:00:45+00:00","author":{"@id":"http:\/\/elregionalvm.com.ar\/noticias-villa-maria\/#\/schema\/person\/a0fb9c422317faca23d50163151bc354"},"breadcrumb":{"@id":"http:\/\/elregionalvm.com.ar\/noticias-villa-maria\/dia-mundial-del-corazon-mas-controles-gratuitos-este-viernes-en-la-plaza\/#breadcrumb"},"inLanguage":"es","potentialAction":[{"@type":"ReadAction","target":["http:\/\/elregionalvm.com.ar\/noticias-villa-maria\/dia-mundial-del-corazon-mas-controles-gratuitos-este-viernes-en-la-plaza\/"]}]},{"@type":"ImageObject","inLanguage":"es","@id":"http:\/\/elregionalvm.com.ar\/noticias-villa-maria\/dia-mundial-del-corazon-mas-controles-gratuitos-este-viernes-en-la-plaza\/#primaryimage","url":"https:\/\/i0.wp.com\/elregionalvm.com.ar\/noticias-villa-maria\/wp-content\/uploads\/2022\/09\/WhatsApp-Image-2022-09-29-at-13.38.56.jpeg?fit=1599%2C1066&ssl=1","contentUrl":"https:\/\/i0.wp.com\/elregionalvm.com.ar\/noticias-villa-maria\/wp-content\/uploads\/2022\/09\/WhatsApp-Image-2022-09-29-at-13.38.56.jpeg?fit=1599%2C1066&ssl=1","width":1599,"height":1066},{"@type":"BreadcrumbList","@id":"http:\/\/elregionalvm.com.ar\/noticias-villa-maria\/dia-mundial-del-corazon-mas-controles-gratuitos-este-viernes-en-la-plaza\/#breadcrumb","itemListElement":[{"@type":"ListItem","position":1,"name":"Portada","item":"https:\/\/elregionalvm.com.ar\/noticias-villa-maria\/"},{"@type":"ListItem","position":2,"name":"D\u00eda Mundial del Coraz\u00f3n: m\u00e1s controles gratuitos este viernes en la plaza"}]},{"@type":"WebSite","@id":"http:\/\/elregionalvm.com.ar\/noticias-villa-maria\/#website","url":"http:\/\/elregionalvm.com.ar\/noticias-villa-maria\/","name":"El Regional","description":"Mucho m\u00e1s que informaci\u00f3n","potentialAction":[{"@type":"SearchAction","target":{"@type":"EntryPoint","urlTemplate":"http:\/\/elregionalvm.com.ar\/noticias-villa-maria\/?s={search_term_string}"},"query-input":{"@type":"PropertyValueSpecification","valueRequired":true,"valueName":"search_term_string"}}],"inLanguage":"es"},{"@type":"Person","@id":"http:\/\/elregionalvm.com.ar\/noticias-villa-maria\/#\/schema\/person\/a0fb9c422317faca23d50163151bc354","name":"Contenidos El Regional","image":{"@type":"ImageObject","inLanguage":"es","@id":"http:\/\/elregionalvm.com.ar\/noticias-villa-maria\/#\/schema\/person\/image\/","url":"https:\/\/secure.gravatar.com\/avatar\/265b27cb2209af7bb3a1318f03305787d7981a5cc6e6cd08fe5a4ecdf99d4b48?s=96&d=mm&r=g","contentUrl":"https:\/\/secure.gravatar.com\/avatar\/265b27cb2209af7bb3a1318f03305787d7981a5cc6e6cd08fe5a4ecdf99d4b48?s=96&d=mm&r=g","caption":"Contenidos El Regional"},"url":"https:\/\/elregionalvm.com.ar\/noticias-villa-maria\/author\/contenido\/"}]}},"jetpack_featured_media_url":"https:\/\/i0.wp.com\/elregionalvm.com.ar\/noticias-villa-maria\/wp-content\/uploads\/2022\/09\/WhatsApp-Image-2022-09-29-at-13.38.56.jpeg?fit=1599%2C1066&ssl=1","jetpack_sharing_enabled":true,"_links":{"self":[{"href":"https:\/\/elregionalvm.com.ar\/noticias-villa-maria\/wp-json\/wp\/v2\/posts\/64897","targetHints":{"allow":["GET"]}}],"collection":[{"href":"https:\/\/elregionalvm.com.ar\/noticias-villa-maria\/wp-json\/wp\/v2\/posts"}],"about":[{"href":"https:\/\/elregionalvm.com.ar\/noticias-villa-maria\/wp-json\/wp\/v2\/types\/post"}],"author":[{"embeddable":true,"href":"https:\/\/elregionalvm.com.ar\/noticias-villa-maria\/wp-json\/wp\/v2\/users\/4"}],"replies":[{"embeddable":true,"href":"https:\/\/elregionalvm.com.ar\/noticias-villa-maria\/wp-json\/wp\/v2\/comments?post=64897"}],"version-history":[{"count":1,"href":"https:\/\/elregionalvm.com.ar\/noticias-villa-maria\/wp-json\/wp\/v2\/posts\/64897\/revisions"}],"predecessor-version":[{"id":64900,"href":"https:\/\/elregionalvm.com.ar\/noticias-villa-maria\/wp-json\/wp\/v2\/posts\/64897\/revisions\/64900"}],"wp:featuredmedia":[{"embeddable":true,"href":"https:\/\/elregionalvm.com.ar\/noticias-villa-maria\/wp-json\/wp\/v2\/media\/64898"}],"wp:attachment":[{"href":"https:\/\/elregionalvm.com.ar\/noticias-villa-maria\/wp-json\/wp\/v2\/media?parent=64897"}],"wp:term":[{"taxonomy":"category","embeddable":true,"href":"https:\/\/elregionalvm.com.ar\/noticias-villa-maria\/wp-json\/wp\/v2\/categories?post=64897"},{"taxonomy":"post_tag","embeddable":true,"href":"https:\/\/elregionalvm.com.ar\/noticias-villa-maria\/wp-json\/wp\/v2\/tags?post=64897"}],"curies":[{"name":"wp","href":"https:\/\/api.w.org\/{rel}","templated":true}]}}