{"id":64901,"date":"2022-09-30T02:16:29","date_gmt":"2022-09-30T02:16:29","guid":{"rendered":"https:\/\/elregionalvm.com.ar\/noticias-villa-maria\/?p=64901"},"modified":"2022-09-30T02:16:30","modified_gmt":"2022-09-30T02:16:30","slug":"gill-con-anibal-fernandez-villa-maria-sumara-50-camaras-de-vigilancia","status":"publish","type":"post","link":"https:\/\/elregionalvm.com.ar\/noticias-villa-maria\/gill-con-anibal-fernandez-villa-maria-sumara-50-camaras-de-vigilancia\/","title":{"rendered":"Gill con An\u00edbal Fern\u00e1ndez: Villa Mar\u00eda sumar\u00e1 50 c\u00e1maras de vigilancia"},"content":{"rendered":"\n<p><\/p>\n\n\n\n<p>El intendente Mart\u00edn Gill suscribi\u00f3 un convenio con el ministro de Seguridad de la Naci\u00f3n, An\u00edbal Fern\u00e1ndez.<\/p>\n\n\n\n<p>El acuerdo establece que el estado nacional financiar\u00e1 de manera \u00edntegra el proyecto de ampliaci\u00f3n del sistema de c\u00e1maras del Centro de Monitoreo Municipal.<\/p>\n\n\n\n<p>Este convenio permitir\u00e1 incorporar 11 nuevos domos y 42 c\u00e1maras, sumando as\u00ed m\u00e1s de 50 nuevos artefactos de vigilancia y alcanzando de esta manera m\u00e1s de 300 c\u00e1maras en la ciudad.<\/p>\n\n\n\n<p><\/p>\n\n\n\n<figure class=\"wp-block-image size-full is-resized\"><img data-recalc-dims=\"1\" fetchpriority=\"high\" decoding=\"async\" src=\"https:\/\/i0.wp.com\/elregionalvm.com.ar\/noticias-villa-maria\/wp-content\/uploads\/2021\/04\/monitoreo-1.png?resize=908%2C605&#038;ssl=1\" alt=\"\" class=\"wp-image-35603\" width=\"908\" height=\"605\" srcset=\"https:\/\/i0.wp.com\/elregionalvm.com.ar\/noticias-villa-maria\/wp-content\/uploads\/2021\/04\/monitoreo-1.png?w=843&amp;ssl=1 843w, https:\/\/i0.wp.com\/elregionalvm.com.ar\/noticias-villa-maria\/wp-content\/uploads\/2021\/04\/monitoreo-1.png?resize=300%2C200&amp;ssl=1 300w, https:\/\/i0.wp.com\/elregionalvm.com.ar\/noticias-villa-maria\/wp-content\/uploads\/2021\/04\/monitoreo-1.png?resize=768%2C512&amp;ssl=1 768w\" sizes=\"(max-width: 908px) 100vw, 908px\" \/><figcaption><em>El centro de monitoreo contar\u00e1 con nuevos dispositivos para su labor diaria. <\/em><\/figcaption><\/figure>\n\n\n\n<p><\/p>\n\n\n\n<p>En este sentido Gill destac\u00f3 que \u00abla ciudad llegar\u00e1 a la cifra de una c\u00e1mara cada 300 habitantes, superando muy por encima la media nacional\u201d.<\/p>\n\n\n\n<p>En las pr\u00f3ximas semanas, el municipio dar\u00e1 comienzo al proceso de concurso para la compra de equipamiento.<\/p>\n\n\n\n<p>El convenio fue suscripto en la ciudad de Buenos Aires y tambi\u00e9n particip\u00f3 la secretaria de Seguridad y Pol\u00edtica Criminal del Ministerio de Seguridad de la Naci\u00f3n, Mercedes La Gioiosa.<\/p>\n","protected":false},"excerpt":{"rendered":"<p>El intendente Mart\u00edn Gill suscribi\u00f3 un convenio con el ministro de Seguridad de la Naci\u00f3n, An\u00edbal Fern\u00e1ndez. El acuerdo establece que el estado nacional financiar\u00e1 de manera \u00edntegra el proyecto de ampliaci\u00f3n del sistema de c\u00e1maras del Centro de Monitoreo Municipal. Este convenio permitir\u00e1 incorporar 11 nuevos domos y 42 c\u00e1maras, sumando as\u00ed m\u00e1s de [&hellip;]<\/p>\n","protected":false},"author":4,"featured_media":64903,"comment_status":"open","ping_status":"open","sticky":false,"template":"","format":"standard","meta":{"site-sidebar-layout":"default","site-content-layout":"","ast-site-content-layout":"default","site-content-style":"default","site-sidebar-style":"default","ast-global-header-display":"","ast-banner-title-visibility":"","ast-main-header-display":"","ast-hfb-above-header-display":"","ast-hfb-below-header-display":"","ast-hfb-mobile-header-display":"","site-post-title":"","ast-breadcrumbs-content":"","ast-featured-img":"","footer-sml-layout":"","ast-disable-related-posts":"","theme-transparent-header-meta":"","adv-header-id-meta":"","stick-header-meta":"","header-above-stick-meta":"","header-main-stick-meta":"","header-below-stick-meta":"","astra-migrate-meta-layouts":"default","ast-page-background-enabled":"default","ast-page-background-meta":{"desktop":{"background-color":"","background-image":"","background-repeat":"repeat","background-position":"center center","background-size":"auto","background-attachment":"scroll","background-type":"","background-media":"","overlay-type":"","overlay-color":"","overlay-opacity":"","overlay-gradient":""},"tablet":{"background-color":"","background-image":"","background-repeat":"repeat","background-position":"center center","background-size":"auto","background-attachment":"scroll","background-type":"","background-media":"","overlay-type":"","overlay-color":"","overlay-opacity":"","overlay-gradient":""},"mobile":{"background-color":"","background-image":"","background-repeat":"repeat","background-position":"center center","background-size":"auto","background-attachment":"scroll","background-type":"","background-media":"","overlay-type":"","overlay-color":"","overlay-opacity":"","overlay-gradient":""}},"ast-content-background-meta":{"desktop":{"background-color":"var(--ast-global-color-5)","background-image":"","background-repeat":"repeat","background-position":"center center","background-size":"auto","background-attachment":"scroll","background-type":"","background-media":"","overlay-type":"","overlay-color":"","overlay-opacity":"","overlay-gradient":""},"tablet":{"background-color":"var(--ast-global-color-5)","background-image":"","background-repeat":"repeat","background-position":"center center","background-size":"auto","background-attachment":"scroll","background-type":"","background-media":"","overlay-type":"","overlay-color":"","overlay-opacity":"","overlay-gradient":""},"mobile":{"background-color":"var(--ast-global-color-5)","background-image":"","background-repeat":"repeat","background-position":"center center","background-size":"auto","background-attachment":"scroll","background-type":"","background-media":"","overlay-type":"","overlay-color":"","overlay-opacity":"","overlay-gradient":""}},"_jetpack_memberships_contains_paid_content":false,"_joinchat":[],"footnotes":""},"categories":[15302,2],"tags":[2647,11597,2682,16955,2731,2824,3041],"class_list":["post-64901","post","type-post","status-publish","format-standard","has-post-thumbnail","hentry","category-destacado","category-villa-maria","tag-acuerdo","tag-anibal-fernandez","tag-camaras","tag-camaras-de-videovigilancia","tag-centro-de-monitoreo","tag-martin-gill-2","tag-nacion"],"yoast_head":"<!-- This site is optimized with the Yoast SEO plugin v26.8 - https:\/\/yoast.com\/product\/yoast-seo-wordpress\/ -->\n<title>Gill con An\u00edbal Fern\u00e1ndez: Villa Mar\u00eda sumar\u00e1 50 c\u00e1maras de vigilancia - El Regional<\/title>\n<meta name=\"robots\" content=\"index, follow, max-snippet:-1, max-image-preview:large, max-video-preview:-1\" \/>\n<link rel=\"canonical\" href=\"http:\/\/elregionalvm.com.ar\/noticias-villa-maria\/gill-con-anibal-fernandez-villa-maria-sumara-50-camaras-de-vigilancia\/\" \/>\n<meta property=\"og:locale\" content=\"es_ES\" \/>\n<meta property=\"og:type\" content=\"article\" \/>\n<meta property=\"og:title\" content=\"Gill con An\u00edbal Fern\u00e1ndez: Villa Mar\u00eda sumar\u00e1 50 c\u00e1maras de vigilancia - El Regional\" \/>\n<meta property=\"og:description\" content=\"El intendente Mart\u00edn Gill suscribi\u00f3 un convenio con el ministro de Seguridad de la Naci\u00f3n, An\u00edbal Fern\u00e1ndez. El acuerdo establece que el estado nacional financiar\u00e1 de manera \u00edntegra el proyecto de ampliaci\u00f3n del sistema de c\u00e1maras del Centro de Monitoreo Municipal. Este convenio permitir\u00e1 incorporar 11 nuevos domos y 42 c\u00e1maras, sumando as\u00ed m\u00e1s de [&hellip;]\" \/>\n<meta property=\"og:url\" content=\"http:\/\/elregionalvm.com.ar\/noticias-villa-maria\/gill-con-anibal-fernandez-villa-maria-sumara-50-camaras-de-vigilancia\/\" \/>\n<meta property=\"og:site_name\" content=\"El Regional\" \/>\n<meta property=\"article:publisher\" content=\"https:\/\/www.facebook.com\/elregionalvm\" \/>\n<meta property=\"article:published_time\" content=\"2022-09-30T02:16:29+00:00\" \/>\n<meta property=\"article:modified_time\" content=\"2022-09-30T02:16:30+00:00\" \/>\n<meta property=\"og:image\" content=\"http:\/\/elregionalvm.com.ar\/noticias-villa-maria\/wp-content\/uploads\/2022\/09\/Anibal-Fernandez-con-Martin-Gill-camaras-acuerdo.jpeg\" \/>\n\t<meta property=\"og:image:width\" content=\"1280\" \/>\n\t<meta property=\"og:image:height\" content=\"824\" \/>\n\t<meta property=\"og:image:type\" content=\"image\/jpeg\" \/>\n<meta name=\"author\" content=\"Contenidos El Regional\" \/>\n<meta name=\"twitter:card\" content=\"summary_large_image\" \/>\n<meta name=\"twitter:creator\" content=\"@elregionalvm1\" \/>\n<meta name=\"twitter:site\" content=\"@elregionalvm1\" \/>\n<meta name=\"twitter:label1\" content=\"Escrito por\" \/>\n\t<meta name=\"twitter:data1\" content=\"Contenidos El Regional\" \/>\n\t<meta name=\"twitter:label2\" content=\"Tiempo de lectura\" \/>\n\t<meta name=\"twitter:data2\" content=\"1 minuto\" \/>\n<script type=\"application\/ld+json\" class=\"yoast-schema-graph\">{\"@context\":\"https:\/\/schema.org\",\"@graph\":[{\"@type\":\"Article\",\"@id\":\"http:\/\/elregionalvm.com.ar\/noticias-villa-maria\/gill-con-anibal-fernandez-villa-maria-sumara-50-camaras-de-vigilancia\/#article\",\"isPartOf\":{\"@id\":\"http:\/\/elregionalvm.com.ar\/noticias-villa-maria\/gill-con-anibal-fernandez-villa-maria-sumara-50-camaras-de-vigilancia\/\"},\"author\":{\"name\":\"Contenidos El Regional\",\"@id\":\"http:\/\/elregionalvm.com.ar\/noticias-villa-maria\/#\/schema\/person\/a0fb9c422317faca23d50163151bc354\"},\"headline\":\"Gill con An\u00edbal Fern\u00e1ndez: Villa Mar\u00eda sumar\u00e1 50 c\u00e1maras de vigilancia\",\"datePublished\":\"2022-09-30T02:16:29+00:00\",\"dateModified\":\"2022-09-30T02:16:30+00:00\",\"mainEntityOfPage\":{\"@id\":\"http:\/\/elregionalvm.com.ar\/noticias-villa-maria\/gill-con-anibal-fernandez-villa-maria-sumara-50-camaras-de-vigilancia\/\"},\"wordCount\":180,\"commentCount\":0,\"image\":{\"@id\":\"http:\/\/elregionalvm.com.ar\/noticias-villa-maria\/gill-con-anibal-fernandez-villa-maria-sumara-50-camaras-de-vigilancia\/#primaryimage\"},\"thumbnailUrl\":\"https:\/\/i0.wp.com\/elregionalvm.com.ar\/noticias-villa-maria\/wp-content\/uploads\/2022\/09\/Anibal-Fernandez-con-Martin-Gill-camaras-acuerdo.jpeg?fit=1280%2C824&ssl=1\",\"keywords\":[\"acuerdo\",\"An\u00edbal Fern\u00e1ndez\",\"c\u00e1maras\",\"c\u00e1maras de videovigilancia\",\"centro de monitoreo\",\"Martin Gill\",\"Naci\u00f3n\"],\"articleSection\":[\"destacado\",\"Villa Mar\u00eda\"],\"inLanguage\":\"es\",\"potentialAction\":[{\"@type\":\"CommentAction\",\"name\":\"Comment\",\"target\":[\"http:\/\/elregionalvm.com.ar\/noticias-villa-maria\/gill-con-anibal-fernandez-villa-maria-sumara-50-camaras-de-vigilancia\/#respond\"]}]},{\"@type\":\"WebPage\",\"@id\":\"http:\/\/elregionalvm.com.ar\/noticias-villa-maria\/gill-con-anibal-fernandez-villa-maria-sumara-50-camaras-de-vigilancia\/\",\"url\":\"http:\/\/elregionalvm.com.ar\/noticias-villa-maria\/gill-con-anibal-fernandez-villa-maria-sumara-50-camaras-de-vigilancia\/\",\"name\":\"Gill con An\u00edbal Fern\u00e1ndez: Villa Mar\u00eda sumar\u00e1 50 c\u00e1maras de vigilancia - El Regional\",\"isPartOf\":{\"@id\":\"http:\/\/elregionalvm.com.ar\/noticias-villa-maria\/#website\"},\"primaryImageOfPage\":{\"@id\":\"http:\/\/elregionalvm.com.ar\/noticias-villa-maria\/gill-con-anibal-fernandez-villa-maria-sumara-50-camaras-de-vigilancia\/#primaryimage\"},\"image\":{\"@id\":\"http:\/\/elregionalvm.com.ar\/noticias-villa-maria\/gill-con-anibal-fernandez-villa-maria-sumara-50-camaras-de-vigilancia\/#primaryimage\"},\"thumbnailUrl\":\"https:\/\/i0.wp.com\/elregionalvm.com.ar\/noticias-villa-maria\/wp-content\/uploads\/2022\/09\/Anibal-Fernandez-con-Martin-Gill-camaras-acuerdo.jpeg?fit=1280%2C824&ssl=1\",\"datePublished\":\"2022-09-30T02:16:29+00:00\",\"dateModified\":\"2022-09-30T02:16:30+00:00\",\"author\":{\"@id\":\"http:\/\/elregionalvm.com.ar\/noticias-villa-maria\/#\/schema\/person\/a0fb9c422317faca23d50163151bc354\"},\"breadcrumb\":{\"@id\":\"http:\/\/elregionalvm.com.ar\/noticias-villa-maria\/gill-con-anibal-fernandez-villa-maria-sumara-50-camaras-de-vigilancia\/#breadcrumb\"},\"inLanguage\":\"es\",\"potentialAction\":[{\"@type\":\"ReadAction\",\"target\":[\"http:\/\/elregionalvm.com.ar\/noticias-villa-maria\/gill-con-anibal-fernandez-villa-maria-sumara-50-camaras-de-vigilancia\/\"]}]},{\"@type\":\"ImageObject\",\"inLanguage\":\"es\",\"@id\":\"http:\/\/elregionalvm.com.ar\/noticias-villa-maria\/gill-con-anibal-fernandez-villa-maria-sumara-50-camaras-de-vigilancia\/#primaryimage\",\"url\":\"https:\/\/i0.wp.com\/elregionalvm.com.ar\/noticias-villa-maria\/wp-content\/uploads\/2022\/09\/Anibal-Fernandez-con-Martin-Gill-camaras-acuerdo.jpeg?fit=1280%2C824&ssl=1\",\"contentUrl\":\"https:\/\/i0.wp.com\/elregionalvm.com.ar\/noticias-villa-maria\/wp-content\/uploads\/2022\/09\/Anibal-Fernandez-con-Martin-Gill-camaras-acuerdo.jpeg?fit=1280%2C824&ssl=1\",\"width\":1280,\"height\":824},{\"@type\":\"BreadcrumbList\",\"@id\":\"http:\/\/elregionalvm.com.ar\/noticias-villa-maria\/gill-con-anibal-fernandez-villa-maria-sumara-50-camaras-de-vigilancia\/#breadcrumb\",\"itemListElement\":[{\"@type\":\"ListItem\",\"position\":1,\"name\":\"Portada\",\"item\":\"https:\/\/elregionalvm.com.ar\/noticias-villa-maria\/\"},{\"@type\":\"ListItem\",\"position\":2,\"name\":\"Gill con An\u00edbal Fern\u00e1ndez: Villa Mar\u00eda sumar\u00e1 50 c\u00e1maras de vigilancia\"}]},{\"@type\":\"WebSite\",\"@id\":\"http:\/\/elregionalvm.com.ar\/noticias-villa-maria\/#website\",\"url\":\"http:\/\/elregionalvm.com.ar\/noticias-villa-maria\/\",\"name\":\"El Regional\",\"description\":\"Mucho m\u00e1s que informaci\u00f3n\",\"potentialAction\":[{\"@type\":\"SearchAction\",\"target\":{\"@type\":\"EntryPoint\",\"urlTemplate\":\"http:\/\/elregionalvm.com.ar\/noticias-villa-maria\/?s={search_term_string}\"},\"query-input\":{\"@type\":\"PropertyValueSpecification\",\"valueRequired\":true,\"valueName\":\"search_term_string\"}}],\"inLanguage\":\"es\"},{\"@type\":\"Person\",\"@id\":\"http:\/\/elregionalvm.com.ar\/noticias-villa-maria\/#\/schema\/person\/a0fb9c422317faca23d50163151bc354\",\"name\":\"Contenidos El Regional\",\"image\":{\"@type\":\"ImageObject\",\"inLanguage\":\"es\",\"@id\":\"http:\/\/elregionalvm.com.ar\/noticias-villa-maria\/#\/schema\/person\/image\/\",\"url\":\"https:\/\/secure.gravatar.com\/avatar\/265b27cb2209af7bb3a1318f03305787d7981a5cc6e6cd08fe5a4ecdf99d4b48?s=96&d=mm&r=g\",\"contentUrl\":\"https:\/\/secure.gravatar.com\/avatar\/265b27cb2209af7bb3a1318f03305787d7981a5cc6e6cd08fe5a4ecdf99d4b48?s=96&d=mm&r=g\",\"caption\":\"Contenidos El Regional\"},\"url\":\"https:\/\/elregionalvm.com.ar\/noticias-villa-maria\/author\/contenido\/\"}]}<\/script>\n<!-- \/ Yoast SEO plugin. -->","yoast_head_json":{"title":"Gill con An\u00edbal Fern\u00e1ndez: Villa Mar\u00eda sumar\u00e1 50 c\u00e1maras de vigilancia - El Regional","robots":{"index":"index","follow":"follow","max-snippet":"max-snippet:-1","max-image-preview":"max-image-preview:large","max-video-preview":"max-video-preview:-1"},"canonical":"http:\/\/elregionalvm.com.ar\/noticias-villa-maria\/gill-con-anibal-fernandez-villa-maria-sumara-50-camaras-de-vigilancia\/","og_locale":"es_ES","og_type":"article","og_title":"Gill con An\u00edbal Fern\u00e1ndez: Villa Mar\u00eda sumar\u00e1 50 c\u00e1maras de vigilancia - El Regional","og_description":"El intendente Mart\u00edn Gill suscribi\u00f3 un convenio con el ministro de Seguridad de la Naci\u00f3n, An\u00edbal Fern\u00e1ndez. El acuerdo establece que el estado nacional financiar\u00e1 de manera \u00edntegra el proyecto de ampliaci\u00f3n del sistema de c\u00e1maras del Centro de Monitoreo Municipal. Este convenio permitir\u00e1 incorporar 11 nuevos domos y 42 c\u00e1maras, sumando as\u00ed m\u00e1s de [&hellip;]","og_url":"http:\/\/elregionalvm.com.ar\/noticias-villa-maria\/gill-con-anibal-fernandez-villa-maria-sumara-50-camaras-de-vigilancia\/","og_site_name":"El Regional","article_publisher":"https:\/\/www.facebook.com\/elregionalvm","article_published_time":"2022-09-30T02:16:29+00:00","article_modified_time":"2022-09-30T02:16:30+00:00","og_image":[{"width":1280,"height":824,"url":"http:\/\/elregionalvm.com.ar\/noticias-villa-maria\/wp-content\/uploads\/2022\/09\/Anibal-Fernandez-con-Martin-Gill-camaras-acuerdo.jpeg","type":"image\/jpeg"}],"author":"Contenidos El Regional","twitter_card":"summary_large_image","twitter_creator":"@elregionalvm1","twitter_site":"@elregionalvm1","twitter_misc":{"Escrito por":"Contenidos El Regional","Tiempo de lectura":"1 minuto"},"schema":{"@context":"https:\/\/schema.org","@graph":[{"@type":"Article","@id":"http:\/\/elregionalvm.com.ar\/noticias-villa-maria\/gill-con-anibal-fernandez-villa-maria-sumara-50-camaras-de-vigilancia\/#article","isPartOf":{"@id":"http:\/\/elregionalvm.com.ar\/noticias-villa-maria\/gill-con-anibal-fernandez-villa-maria-sumara-50-camaras-de-vigilancia\/"},"author":{"name":"Contenidos El Regional","@id":"http:\/\/elregionalvm.com.ar\/noticias-villa-maria\/#\/schema\/person\/a0fb9c422317faca23d50163151bc354"},"headline":"Gill con An\u00edbal Fern\u00e1ndez: Villa Mar\u00eda sumar\u00e1 50 c\u00e1maras de vigilancia","datePublished":"2022-09-30T02:16:29+00:00","dateModified":"2022-09-30T02:16:30+00:00","mainEntityOfPage":{"@id":"http:\/\/elregionalvm.com.ar\/noticias-villa-maria\/gill-con-anibal-fernandez-villa-maria-sumara-50-camaras-de-vigilancia\/"},"wordCount":180,"commentCount":0,"image":{"@id":"http:\/\/elregionalvm.com.ar\/noticias-villa-maria\/gill-con-anibal-fernandez-villa-maria-sumara-50-camaras-de-vigilancia\/#primaryimage"},"thumbnailUrl":"https:\/\/i0.wp.com\/elregionalvm.com.ar\/noticias-villa-maria\/wp-content\/uploads\/2022\/09\/Anibal-Fernandez-con-Martin-Gill-camaras-acuerdo.jpeg?fit=1280%2C824&ssl=1","keywords":["acuerdo","An\u00edbal Fern\u00e1ndez","c\u00e1maras","c\u00e1maras de videovigilancia","centro de monitoreo","Martin Gill","Naci\u00f3n"],"articleSection":["destacado","Villa Mar\u00eda"],"inLanguage":"es","potentialAction":[{"@type":"CommentAction","name":"Comment","target":["http:\/\/elregionalvm.com.ar\/noticias-villa-maria\/gill-con-anibal-fernandez-villa-maria-sumara-50-camaras-de-vigilancia\/#respond"]}]},{"@type":"WebPage","@id":"http:\/\/elregionalvm.com.ar\/noticias-villa-maria\/gill-con-anibal-fernandez-villa-maria-sumara-50-camaras-de-vigilancia\/","url":"http:\/\/elregionalvm.com.ar\/noticias-villa-maria\/gill-con-anibal-fernandez-villa-maria-sumara-50-camaras-de-vigilancia\/","name":"Gill con An\u00edbal Fern\u00e1ndez: Villa Mar\u00eda sumar\u00e1 50 c\u00e1maras de vigilancia - El Regional","isPartOf":{"@id":"http:\/\/elregionalvm.com.ar\/noticias-villa-maria\/#website"},"primaryImageOfPage":{"@id":"http:\/\/elregionalvm.com.ar\/noticias-villa-maria\/gill-con-anibal-fernandez-villa-maria-sumara-50-camaras-de-vigilancia\/#primaryimage"},"image":{"@id":"http:\/\/elregionalvm.com.ar\/noticias-villa-maria\/gill-con-anibal-fernandez-villa-maria-sumara-50-camaras-de-vigilancia\/#primaryimage"},"thumbnailUrl":"https:\/\/i0.wp.com\/elregionalvm.com.ar\/noticias-villa-maria\/wp-content\/uploads\/2022\/09\/Anibal-Fernandez-con-Martin-Gill-camaras-acuerdo.jpeg?fit=1280%2C824&ssl=1","datePublished":"2022-09-30T02:16:29+00:00","dateModified":"2022-09-30T02:16:30+00:00","author":{"@id":"http:\/\/elregionalvm.com.ar\/noticias-villa-maria\/#\/schema\/person\/a0fb9c422317faca23d50163151bc354"},"breadcrumb":{"@id":"http:\/\/elregionalvm.com.ar\/noticias-villa-maria\/gill-con-anibal-fernandez-villa-maria-sumara-50-camaras-de-vigilancia\/#breadcrumb"},"inLanguage":"es","potentialAction":[{"@type":"ReadAction","target":["http:\/\/elregionalvm.com.ar\/noticias-villa-maria\/gill-con-anibal-fernandez-villa-maria-sumara-50-camaras-de-vigilancia\/"]}]},{"@type":"ImageObject","inLanguage":"es","@id":"http:\/\/elregionalvm.com.ar\/noticias-villa-maria\/gill-con-anibal-fernandez-villa-maria-sumara-50-camaras-de-vigilancia\/#primaryimage","url":"https:\/\/i0.wp.com\/elregionalvm.com.ar\/noticias-villa-maria\/wp-content\/uploads\/2022\/09\/Anibal-Fernandez-con-Martin-Gill-camaras-acuerdo.jpeg?fit=1280%2C824&ssl=1","contentUrl":"https:\/\/i0.wp.com\/elregionalvm.com.ar\/noticias-villa-maria\/wp-content\/uploads\/2022\/09\/Anibal-Fernandez-con-Martin-Gill-camaras-acuerdo.jpeg?fit=1280%2C824&ssl=1","width":1280,"height":824},{"@type":"BreadcrumbList","@id":"http:\/\/elregionalvm.com.ar\/noticias-villa-maria\/gill-con-anibal-fernandez-villa-maria-sumara-50-camaras-de-vigilancia\/#breadcrumb","itemListElement":[{"@type":"ListItem","position":1,"name":"Portada","item":"https:\/\/elregionalvm.com.ar\/noticias-villa-maria\/"},{"@type":"ListItem","position":2,"name":"Gill con An\u00edbal Fern\u00e1ndez: Villa Mar\u00eda sumar\u00e1 50 c\u00e1maras de vigilancia"}]},{"@type":"WebSite","@id":"http:\/\/elregionalvm.com.ar\/noticias-villa-maria\/#website","url":"http:\/\/elregionalvm.com.ar\/noticias-villa-maria\/","name":"El Regional","description":"Mucho m\u00e1s que informaci\u00f3n","potentialAction":[{"@type":"SearchAction","target":{"@type":"EntryPoint","urlTemplate":"http:\/\/elregionalvm.com.ar\/noticias-villa-maria\/?s={search_term_string}"},"query-input":{"@type":"PropertyValueSpecification","valueRequired":true,"valueName":"search_term_string"}}],"inLanguage":"es"},{"@type":"Person","@id":"http:\/\/elregionalvm.com.ar\/noticias-villa-maria\/#\/schema\/person\/a0fb9c422317faca23d50163151bc354","name":"Contenidos El Regional","image":{"@type":"ImageObject","inLanguage":"es","@id":"http:\/\/elregionalvm.com.ar\/noticias-villa-maria\/#\/schema\/person\/image\/","url":"https:\/\/secure.gravatar.com\/avatar\/265b27cb2209af7bb3a1318f03305787d7981a5cc6e6cd08fe5a4ecdf99d4b48?s=96&d=mm&r=g","contentUrl":"https:\/\/secure.gravatar.com\/avatar\/265b27cb2209af7bb3a1318f03305787d7981a5cc6e6cd08fe5a4ecdf99d4b48?s=96&d=mm&r=g","caption":"Contenidos El Regional"},"url":"https:\/\/elregionalvm.com.ar\/noticias-villa-maria\/author\/contenido\/"}]}},"jetpack_featured_media_url":"https:\/\/i0.wp.com\/elregionalvm.com.ar\/noticias-villa-maria\/wp-content\/uploads\/2022\/09\/Anibal-Fernandez-con-Martin-Gill-camaras-acuerdo.jpeg?fit=1280%2C824&ssl=1","jetpack_sharing_enabled":true,"_links":{"self":[{"href":"https:\/\/elregionalvm.com.ar\/noticias-villa-maria\/wp-json\/wp\/v2\/posts\/64901","targetHints":{"allow":["GET"]}}],"collection":[{"href":"https:\/\/elregionalvm.com.ar\/noticias-villa-maria\/wp-json\/wp\/v2\/posts"}],"about":[{"href":"https:\/\/elregionalvm.com.ar\/noticias-villa-maria\/wp-json\/wp\/v2\/types\/post"}],"author":[{"embeddable":true,"href":"https:\/\/elregionalvm.com.ar\/noticias-villa-maria\/wp-json\/wp\/v2\/users\/4"}],"replies":[{"embeddable":true,"href":"https:\/\/elregionalvm.com.ar\/noticias-villa-maria\/wp-json\/wp\/v2\/comments?post=64901"}],"version-history":[{"count":1,"href":"https:\/\/elregionalvm.com.ar\/noticias-villa-maria\/wp-json\/wp\/v2\/posts\/64901\/revisions"}],"predecessor-version":[{"id":64902,"href":"https:\/\/elregionalvm.com.ar\/noticias-villa-maria\/wp-json\/wp\/v2\/posts\/64901\/revisions\/64902"}],"wp:featuredmedia":[{"embeddable":true,"href":"https:\/\/elregionalvm.com.ar\/noticias-villa-maria\/wp-json\/wp\/v2\/media\/64903"}],"wp:attachment":[{"href":"https:\/\/elregionalvm.com.ar\/noticias-villa-maria\/wp-json\/wp\/v2\/media?parent=64901"}],"wp:term":[{"taxonomy":"category","embeddable":true,"href":"https:\/\/elregionalvm.com.ar\/noticias-villa-maria\/wp-json\/wp\/v2\/categories?post=64901"},{"taxonomy":"post_tag","embeddable":true,"href":"https:\/\/elregionalvm.com.ar\/noticias-villa-maria\/wp-json\/wp\/v2\/tags?post=64901"}],"curies":[{"name":"wp","href":"https:\/\/api.w.org\/{rel}","templated":true}]}}