{"id":64936,"date":"2022-09-30T22:01:25","date_gmt":"2022-09-30T22:01:25","guid":{"rendered":"https:\/\/elregionalvm.com.ar\/noticias-villa-maria\/?p=64936"},"modified":"2022-10-01T14:37:12","modified_gmt":"2022-10-01T14:37:12","slug":"agencia-nacional-de-discapacidad-60-intendentes-firmaron-convenios-de-cooperacion","status":"publish","type":"post","link":"https:\/\/elregionalvm.com.ar\/noticias-villa-maria\/agencia-nacional-de-discapacidad-60-intendentes-firmaron-convenios-de-cooperacion\/","title":{"rendered":"Agencia Nacional de Discapacidad: 60 intendentes firmaron convenios de cooperaci\u00f3n"},"content":{"rendered":"\n<p>En la flamante nueva sede del MuniCerca 8, 60 municipios de la regi\u00f3n suscribieron convenios con la Agencia Nacional de Discapacidad (ANDIS). El acto fue encabezado por el intendente Mart\u00edn Gill y por la Directora Nacional de Apoyos y Asignaciones Econ\u00f3micas del organismo nacional, Paula Mart\u00ednez.<\/p>\n\n\n\n<p>Los convenios suscriptos tienen por objeto la articulaci\u00f3n y desarrollo de acciones de abordaje y despliegue local para el asesoramiento y la tramitaci\u00f3n de los programas y prestaciones gestionados desde la ANDIS, entre ellos: pensiones no contributivas y otras asignaciones econ\u00f3micas, Programa Federal de Salud Incluir Salud, programas para personas con discapacidad, Certificado \u00danico de Discapacidad (CUD), s\u00edmbolo internacional de acceso y franquicia impositiva para la adquisici\u00f3n de automotores.<\/p>\n\n\n\n<p>El mandatario villamariense expres\u00f3: \u201cQuiero agradecer profundamente a la Agencia Nacional de Discapacidad, que haya venido al interior del interior, para abordar una problem\u00e1tica que hoy existe. Muchas veces la discapacidad se transforma en una imposibilidad, por eso el cambiarle la vida a las personas es algo que se realiza en cada comunidad, en cada pueblo\u00bb. \u00abDurante el gobierno anterior, acceder a una pensi\u00f3n era una carrera de obst\u00e1culos, esto ya no es as\u00ed\u201d, subray\u00f3.<\/p>\n\n\n\n<figure class=\"wp-block-gallery has-nested-images columns-default is-cropped wp-block-gallery-1 is-layout-flex wp-block-gallery-is-layout-flex\">\n<figure class=\"wp-block-image size-large\"><img data-recalc-dims=\"1\" fetchpriority=\"high\" decoding=\"async\" width=\"1024\" height=\"683\" data-id=\"64939\" src=\"https:\/\/i0.wp.com\/elregionalvm.com.ar\/noticias-villa-maria\/wp-content\/uploads\/2022\/09\/WhatsApp-Image-2022-09-30-at-18.27.34.jpeg?resize=1024%2C683&#038;ssl=1\" alt=\"\" class=\"wp-image-64939\" srcset=\"https:\/\/i0.wp.com\/elregionalvm.com.ar\/noticias-villa-maria\/wp-content\/uploads\/2022\/09\/WhatsApp-Image-2022-09-30-at-18.27.34.jpeg?resize=1024%2C683&amp;ssl=1 1024w, https:\/\/i0.wp.com\/elregionalvm.com.ar\/noticias-villa-maria\/wp-content\/uploads\/2022\/09\/WhatsApp-Image-2022-09-30-at-18.27.34.jpeg?resize=300%2C200&amp;ssl=1 300w, https:\/\/i0.wp.com\/elregionalvm.com.ar\/noticias-villa-maria\/wp-content\/uploads\/2022\/09\/WhatsApp-Image-2022-09-30-at-18.27.34.jpeg?resize=768%2C512&amp;ssl=1 768w, https:\/\/i0.wp.com\/elregionalvm.com.ar\/noticias-villa-maria\/wp-content\/uploads\/2022\/09\/WhatsApp-Image-2022-09-30-at-18.27.34.jpeg?resize=1536%2C1024&amp;ssl=1 1536w, https:\/\/i0.wp.com\/elregionalvm.com.ar\/noticias-villa-maria\/wp-content\/uploads\/2022\/09\/WhatsApp-Image-2022-09-30-at-18.27.34.jpeg?w=1599&amp;ssl=1 1599w\" sizes=\"(max-width: 1000px) 100vw, 1000px\" \/><\/figure>\n\n\n\n<figure class=\"wp-block-image size-large\"><img data-recalc-dims=\"1\" decoding=\"async\" width=\"1024\" height=\"683\" data-id=\"64940\" src=\"https:\/\/i0.wp.com\/elregionalvm.com.ar\/noticias-villa-maria\/wp-content\/uploads\/2022\/09\/WhatsApp-Image-2022-09-30-at-18.27.34-1.jpeg?resize=1024%2C683&#038;ssl=1\" alt=\"\" class=\"wp-image-64940\" srcset=\"https:\/\/i0.wp.com\/elregionalvm.com.ar\/noticias-villa-maria\/wp-content\/uploads\/2022\/09\/WhatsApp-Image-2022-09-30-at-18.27.34-1.jpeg?resize=1024%2C683&amp;ssl=1 1024w, https:\/\/i0.wp.com\/elregionalvm.com.ar\/noticias-villa-maria\/wp-content\/uploads\/2022\/09\/WhatsApp-Image-2022-09-30-at-18.27.34-1.jpeg?resize=300%2C200&amp;ssl=1 300w, https:\/\/i0.wp.com\/elregionalvm.com.ar\/noticias-villa-maria\/wp-content\/uploads\/2022\/09\/WhatsApp-Image-2022-09-30-at-18.27.34-1.jpeg?resize=768%2C512&amp;ssl=1 768w, https:\/\/i0.wp.com\/elregionalvm.com.ar\/noticias-villa-maria\/wp-content\/uploads\/2022\/09\/WhatsApp-Image-2022-09-30-at-18.27.34-1.jpeg?resize=1536%2C1024&amp;ssl=1 1536w, https:\/\/i0.wp.com\/elregionalvm.com.ar\/noticias-villa-maria\/wp-content\/uploads\/2022\/09\/WhatsApp-Image-2022-09-30-at-18.27.34-1.jpeg?w=1599&amp;ssl=1 1599w\" sizes=\"(max-width: 1000px) 100vw, 1000px\" \/><\/figure>\n\n\n\n<figure class=\"wp-block-image size-large\"><img data-recalc-dims=\"1\" decoding=\"async\" width=\"1024\" height=\"683\" data-id=\"64938\" src=\"https:\/\/i0.wp.com\/elregionalvm.com.ar\/noticias-villa-maria\/wp-content\/uploads\/2022\/09\/WhatsApp-Image-2022-09-30-at-18.27.35.jpeg?resize=1024%2C683&#038;ssl=1\" alt=\"\" class=\"wp-image-64938\" srcset=\"https:\/\/i0.wp.com\/elregionalvm.com.ar\/noticias-villa-maria\/wp-content\/uploads\/2022\/09\/WhatsApp-Image-2022-09-30-at-18.27.35.jpeg?resize=1024%2C683&amp;ssl=1 1024w, https:\/\/i0.wp.com\/elregionalvm.com.ar\/noticias-villa-maria\/wp-content\/uploads\/2022\/09\/WhatsApp-Image-2022-09-30-at-18.27.35.jpeg?resize=300%2C200&amp;ssl=1 300w, https:\/\/i0.wp.com\/elregionalvm.com.ar\/noticias-villa-maria\/wp-content\/uploads\/2022\/09\/WhatsApp-Image-2022-09-30-at-18.27.35.jpeg?resize=768%2C512&amp;ssl=1 768w, https:\/\/i0.wp.com\/elregionalvm.com.ar\/noticias-villa-maria\/wp-content\/uploads\/2022\/09\/WhatsApp-Image-2022-09-30-at-18.27.35.jpeg?resize=1536%2C1024&amp;ssl=1 1536w, https:\/\/i0.wp.com\/elregionalvm.com.ar\/noticias-villa-maria\/wp-content\/uploads\/2022\/09\/WhatsApp-Image-2022-09-30-at-18.27.35.jpeg?w=1599&amp;ssl=1 1599w\" sizes=\"(max-width: 1000px) 100vw, 1000px\" \/><\/figure>\n<\/figure>\n\n\n\n<p>Por su parte, Mart\u00ednez remarc\u00f3 a los jefes comunales: \u201cUstedes que est\u00e1n cerca de la gente son quienes pueden lograr este derecho\u00bb. Adem\u00e1s, precis\u00f3 que durante la gesti\u00f3n de 2015-2019, la ANDIS otorg\u00f3 \u00absolamente 18.000 pensiones, nosotros ya llevamos entregadas 230.000\u201d.<\/p>\n\n\n\n<p>\u201cQue hoy nos hayamos reunido significa que podemos avanzar en esta tem\u00e1tica porque los intendentes son fundamentales en todo este proceso, son quienes est\u00e1n codo a codo con los vecinos, en las calles\u00bb, continu\u00f3 la funcionaria nacional. Y convoc\u00f3: \u00abVengamos de donde vengamos, debemos trabajar juntos en esta problem\u00e1tica\u201d.<\/p>\n\n\n\n<p>En \u00faltima instancia, dej\u00f3 su mensaje el intendente de Las Varillas y presidente del Ente Regional de Desarrollo (EnRed), Mauro Daniele: \u201cPara nosotros, lo que hoy estamos compartiendo es un gran compromiso. Trabajar en pol\u00edticas que nos incumben a todos, que trasciendan a todos los municipios y que podamos tener estas herramientas, nos ayuda mucho. Esta es una cooperaci\u00f3n que estamos llevando adelante, por eso hoy es un antes y un despu\u00e9s para materializar este tipo de pol\u00edticas\u201d.<\/p>\n\n\n\n<p>Acompa\u00f1aron en la firma el intendente de Idiaz\u00e1bal y presidente de la Comunidad del Departamento Uni\u00f3n, Juan Pablo Vassia; el intendente de Villa Nueva, Natalio Graglia; mandatarios y representantes de las 60 localidades firmantes como Alejandro Roca, Arroyo Cabral, Cintra, General Baldisera, La Laguna, Pascanas, Viamonte, Bell Ville, Cruz Alta, Corral de Bustos, Estaci\u00f3n General Paz, La Laguna, Las Perdices, Noetinger, James Craik, entre otros.<\/p>\n\n\n\n<p><\/p>\n","protected":false},"excerpt":{"rendered":"<p>En la flamante nueva sede del MuniCerca 8, 60 municipios de la regi\u00f3n suscribieron convenios con la Agencia Nacional de Discapacidad (ANDIS). El acto fue encabezado por el intendente Mart\u00edn Gill y por la Directora Nacional de Apoyos y Asignaciones Econ\u00f3micas del organismo nacional, Paula Mart\u00ednez. Los convenios suscriptos tienen por objeto la articulaci\u00f3n y [&hellip;]<\/p>\n","protected":false},"author":4,"featured_media":64937,"comment_status":"open","ping_status":"open","sticky":false,"template":"","format":"standard","meta":{"site-sidebar-layout":"default","site-content-layout":"","ast-site-content-layout":"default","site-content-style":"default","site-sidebar-style":"default","ast-global-header-display":"","ast-banner-title-visibility":"","ast-main-header-display":"","ast-hfb-above-header-display":"","ast-hfb-below-header-display":"","ast-hfb-mobile-header-display":"","site-post-title":"","ast-breadcrumbs-content":"","ast-featured-img":"","footer-sml-layout":"","ast-disable-related-posts":"","theme-transparent-header-meta":"","adv-header-id-meta":"","stick-header-meta":"","header-above-stick-meta":"","header-main-stick-meta":"","header-below-stick-meta":"","astra-migrate-meta-layouts":"default","ast-page-background-enabled":"default","ast-page-background-meta":{"desktop":{"background-color":"","background-image":"","background-repeat":"repeat","background-position":"center center","background-size":"auto","background-attachment":"scroll","background-type":"","background-media":"","overlay-type":"","overlay-color":"","overlay-opacity":"","overlay-gradient":""},"tablet":{"background-color":"","background-image":"","background-repeat":"repeat","background-position":"center center","background-size":"auto","background-attachment":"scroll","background-type":"","background-media":"","overlay-type":"","overlay-color":"","overlay-opacity":"","overlay-gradient":""},"mobile":{"background-color":"","background-image":"","background-repeat":"repeat","background-position":"center center","background-size":"auto","background-attachment":"scroll","background-type":"","background-media":"","overlay-type":"","overlay-color":"","overlay-opacity":"","overlay-gradient":""}},"ast-content-background-meta":{"desktop":{"background-color":"var(--ast-global-color-5)","background-image":"","background-repeat":"repeat","background-position":"center center","background-size":"auto","background-attachment":"scroll","background-type":"","background-media":"","overlay-type":"","overlay-color":"","overlay-opacity":"","overlay-gradient":""},"tablet":{"background-color":"var(--ast-global-color-5)","background-image":"","background-repeat":"repeat","background-position":"center center","background-size":"auto","background-attachment":"scroll","background-type":"","background-media":"","overlay-type":"","overlay-color":"","overlay-opacity":"","overlay-gradient":""},"mobile":{"background-color":"var(--ast-global-color-5)","background-image":"","background-repeat":"repeat","background-position":"center center","background-size":"auto","background-attachment":"scroll","background-type":"","background-media":"","overlay-type":"","overlay-color":"","overlay-opacity":"","overlay-gradient":""}},"_jetpack_memberships_contains_paid_content":false,"_joinchat":[],"footnotes":""},"categories":[2091],"tags":[18524,18523,18525,4747,14267,18527,2248],"class_list":["post-64936","post","type-post","status-publish","format-standard","has-post-thumbnail","hentry","category-region","tag-60-intendentes","tag-agencia-nacional-de-discapacidad","tag-convenios-de-cooperacion","tag-jefes-comunales","tag-martin-rodrigo-gill","tag-otros-intendentes","tag-villa-maria-2"],"yoast_head":"<!-- This site is optimized with the Yoast SEO plugin v26.8 - https:\/\/yoast.com\/product\/yoast-seo-wordpress\/ -->\n<title>Agencia Nacional de Discapacidad: 60 intendentes firmaron convenios de cooperaci\u00f3n - El Regional<\/title>\n<meta name=\"robots\" content=\"index, follow, max-snippet:-1, max-image-preview:large, max-video-preview:-1\" \/>\n<link rel=\"canonical\" href=\"http:\/\/elregionalvm.com.ar\/noticias-villa-maria\/agencia-nacional-de-discapacidad-60-intendentes-firmaron-convenios-de-cooperacion\/\" \/>\n<meta property=\"og:locale\" content=\"es_ES\" \/>\n<meta property=\"og:type\" content=\"article\" \/>\n<meta property=\"og:title\" content=\"Agencia Nacional de Discapacidad: 60 intendentes firmaron convenios de cooperaci\u00f3n - El Regional\" \/>\n<meta property=\"og:description\" content=\"En la flamante nueva sede del MuniCerca 8, 60 municipios de la regi\u00f3n suscribieron convenios con la Agencia Nacional de Discapacidad (ANDIS). El acto fue encabezado por el intendente Mart\u00edn Gill y por la Directora Nacional de Apoyos y Asignaciones Econ\u00f3micas del organismo nacional, Paula Mart\u00ednez. Los convenios suscriptos tienen por objeto la articulaci\u00f3n y [&hellip;]\" \/>\n<meta property=\"og:url\" content=\"http:\/\/elregionalvm.com.ar\/noticias-villa-maria\/agencia-nacional-de-discapacidad-60-intendentes-firmaron-convenios-de-cooperacion\/\" \/>\n<meta property=\"og:site_name\" content=\"El Regional\" \/>\n<meta property=\"article:publisher\" content=\"https:\/\/www.facebook.com\/elregionalvm\" \/>\n<meta property=\"article:published_time\" content=\"2022-09-30T22:01:25+00:00\" \/>\n<meta property=\"article:modified_time\" content=\"2022-10-01T14:37:12+00:00\" \/>\n<meta property=\"og:image\" content=\"http:\/\/elregionalvm.com.ar\/noticias-villa-maria\/wp-content\/uploads\/2022\/09\/WhatsApp-Image-2022-09-30-at-18.27.36.jpeg\" \/>\n\t<meta property=\"og:image:width\" content=\"1599\" \/>\n\t<meta property=\"og:image:height\" content=\"1066\" \/>\n\t<meta property=\"og:image:type\" content=\"image\/jpeg\" \/>\n<meta name=\"author\" content=\"Contenidos El Regional\" \/>\n<meta name=\"twitter:card\" content=\"summary_large_image\" \/>\n<meta name=\"twitter:creator\" content=\"@elregionalvm1\" \/>\n<meta name=\"twitter:site\" content=\"@elregionalvm1\" \/>\n<meta name=\"twitter:label1\" content=\"Escrito por\" \/>\n\t<meta name=\"twitter:data1\" content=\"Contenidos El Regional\" \/>\n\t<meta name=\"twitter:label2\" content=\"Tiempo de lectura\" \/>\n\t<meta name=\"twitter:data2\" content=\"3 minutos\" \/>\n<script type=\"application\/ld+json\" class=\"yoast-schema-graph\">{\"@context\":\"https:\/\/schema.org\",\"@graph\":[{\"@type\":\"Article\",\"@id\":\"http:\/\/elregionalvm.com.ar\/noticias-villa-maria\/agencia-nacional-de-discapacidad-60-intendentes-firmaron-convenios-de-cooperacion\/#article\",\"isPartOf\":{\"@id\":\"http:\/\/elregionalvm.com.ar\/noticias-villa-maria\/agencia-nacional-de-discapacidad-60-intendentes-firmaron-convenios-de-cooperacion\/\"},\"author\":{\"name\":\"Contenidos El Regional\",\"@id\":\"http:\/\/elregionalvm.com.ar\/noticias-villa-maria\/#\/schema\/person\/a0fb9c422317faca23d50163151bc354\"},\"headline\":\"Agencia Nacional de Discapacidad: 60 intendentes firmaron convenios de cooperaci\u00f3n\",\"datePublished\":\"2022-09-30T22:01:25+00:00\",\"dateModified\":\"2022-10-01T14:37:12+00:00\",\"mainEntityOfPage\":{\"@id\":\"http:\/\/elregionalvm.com.ar\/noticias-villa-maria\/agencia-nacional-de-discapacidad-60-intendentes-firmaron-convenios-de-cooperacion\/\"},\"wordCount\":455,\"commentCount\":0,\"image\":{\"@id\":\"http:\/\/elregionalvm.com.ar\/noticias-villa-maria\/agencia-nacional-de-discapacidad-60-intendentes-firmaron-convenios-de-cooperacion\/#primaryimage\"},\"thumbnailUrl\":\"https:\/\/i0.wp.com\/elregionalvm.com.ar\/noticias-villa-maria\/wp-content\/uploads\/2022\/09\/WhatsApp-Image-2022-09-30-at-18.27.36.jpeg?fit=1599%2C1066&ssl=1\",\"keywords\":[\"60 intendentes\",\"Agencia Nacional de Discapacidad\",\"convenios de cooperaci\u00f3n\",\"Jefes Comunales\",\"Mart\u00edn Rodrigo Gill\",\"otros intendentes\",\"Villa Mar\u00eda\"],\"articleSection\":[\"Regi\u00f3n\"],\"inLanguage\":\"es\",\"potentialAction\":[{\"@type\":\"CommentAction\",\"name\":\"Comment\",\"target\":[\"http:\/\/elregionalvm.com.ar\/noticias-villa-maria\/agencia-nacional-de-discapacidad-60-intendentes-firmaron-convenios-de-cooperacion\/#respond\"]}]},{\"@type\":\"WebPage\",\"@id\":\"http:\/\/elregionalvm.com.ar\/noticias-villa-maria\/agencia-nacional-de-discapacidad-60-intendentes-firmaron-convenios-de-cooperacion\/\",\"url\":\"http:\/\/elregionalvm.com.ar\/noticias-villa-maria\/agencia-nacional-de-discapacidad-60-intendentes-firmaron-convenios-de-cooperacion\/\",\"name\":\"Agencia Nacional de Discapacidad: 60 intendentes firmaron convenios de cooperaci\u00f3n - El Regional\",\"isPartOf\":{\"@id\":\"http:\/\/elregionalvm.com.ar\/noticias-villa-maria\/#website\"},\"primaryImageOfPage\":{\"@id\":\"http:\/\/elregionalvm.com.ar\/noticias-villa-maria\/agencia-nacional-de-discapacidad-60-intendentes-firmaron-convenios-de-cooperacion\/#primaryimage\"},\"image\":{\"@id\":\"http:\/\/elregionalvm.com.ar\/noticias-villa-maria\/agencia-nacional-de-discapacidad-60-intendentes-firmaron-convenios-de-cooperacion\/#primaryimage\"},\"thumbnailUrl\":\"https:\/\/i0.wp.com\/elregionalvm.com.ar\/noticias-villa-maria\/wp-content\/uploads\/2022\/09\/WhatsApp-Image-2022-09-30-at-18.27.36.jpeg?fit=1599%2C1066&ssl=1\",\"datePublished\":\"2022-09-30T22:01:25+00:00\",\"dateModified\":\"2022-10-01T14:37:12+00:00\",\"author\":{\"@id\":\"http:\/\/elregionalvm.com.ar\/noticias-villa-maria\/#\/schema\/person\/a0fb9c422317faca23d50163151bc354\"},\"breadcrumb\":{\"@id\":\"http:\/\/elregionalvm.com.ar\/noticias-villa-maria\/agencia-nacional-de-discapacidad-60-intendentes-firmaron-convenios-de-cooperacion\/#breadcrumb\"},\"inLanguage\":\"es\",\"potentialAction\":[{\"@type\":\"ReadAction\",\"target\":[\"http:\/\/elregionalvm.com.ar\/noticias-villa-maria\/agencia-nacional-de-discapacidad-60-intendentes-firmaron-convenios-de-cooperacion\/\"]}]},{\"@type\":\"ImageObject\",\"inLanguage\":\"es\",\"@id\":\"http:\/\/elregionalvm.com.ar\/noticias-villa-maria\/agencia-nacional-de-discapacidad-60-intendentes-firmaron-convenios-de-cooperacion\/#primaryimage\",\"url\":\"https:\/\/i0.wp.com\/elregionalvm.com.ar\/noticias-villa-maria\/wp-content\/uploads\/2022\/09\/WhatsApp-Image-2022-09-30-at-18.27.36.jpeg?fit=1599%2C1066&ssl=1\",\"contentUrl\":\"https:\/\/i0.wp.com\/elregionalvm.com.ar\/noticias-villa-maria\/wp-content\/uploads\/2022\/09\/WhatsApp-Image-2022-09-30-at-18.27.36.jpeg?fit=1599%2C1066&ssl=1\",\"width\":1599,\"height\":1066},{\"@type\":\"BreadcrumbList\",\"@id\":\"http:\/\/elregionalvm.com.ar\/noticias-villa-maria\/agencia-nacional-de-discapacidad-60-intendentes-firmaron-convenios-de-cooperacion\/#breadcrumb\",\"itemListElement\":[{\"@type\":\"ListItem\",\"position\":1,\"name\":\"Portada\",\"item\":\"https:\/\/elregionalvm.com.ar\/noticias-villa-maria\/\"},{\"@type\":\"ListItem\",\"position\":2,\"name\":\"Agencia Nacional de Discapacidad: 60 intendentes firmaron convenios de cooperaci\u00f3n\"}]},{\"@type\":\"WebSite\",\"@id\":\"http:\/\/elregionalvm.com.ar\/noticias-villa-maria\/#website\",\"url\":\"http:\/\/elregionalvm.com.ar\/noticias-villa-maria\/\",\"name\":\"El Regional\",\"description\":\"Mucho m\u00e1s que informaci\u00f3n\",\"potentialAction\":[{\"@type\":\"SearchAction\",\"target\":{\"@type\":\"EntryPoint\",\"urlTemplate\":\"http:\/\/elregionalvm.com.ar\/noticias-villa-maria\/?s={search_term_string}\"},\"query-input\":{\"@type\":\"PropertyValueSpecification\",\"valueRequired\":true,\"valueName\":\"search_term_string\"}}],\"inLanguage\":\"es\"},{\"@type\":\"Person\",\"@id\":\"http:\/\/elregionalvm.com.ar\/noticias-villa-maria\/#\/schema\/person\/a0fb9c422317faca23d50163151bc354\",\"name\":\"Contenidos El Regional\",\"image\":{\"@type\":\"ImageObject\",\"inLanguage\":\"es\",\"@id\":\"http:\/\/elregionalvm.com.ar\/noticias-villa-maria\/#\/schema\/person\/image\/\",\"url\":\"https:\/\/secure.gravatar.com\/avatar\/265b27cb2209af7bb3a1318f03305787d7981a5cc6e6cd08fe5a4ecdf99d4b48?s=96&d=mm&r=g\",\"contentUrl\":\"https:\/\/secure.gravatar.com\/avatar\/265b27cb2209af7bb3a1318f03305787d7981a5cc6e6cd08fe5a4ecdf99d4b48?s=96&d=mm&r=g\",\"caption\":\"Contenidos El Regional\"},\"url\":\"https:\/\/elregionalvm.com.ar\/noticias-villa-maria\/author\/contenido\/\"}]}<\/script>\n<!-- \/ Yoast SEO plugin. -->","yoast_head_json":{"title":"Agencia Nacional de Discapacidad: 60 intendentes firmaron convenios de cooperaci\u00f3n - El Regional","robots":{"index":"index","follow":"follow","max-snippet":"max-snippet:-1","max-image-preview":"max-image-preview:large","max-video-preview":"max-video-preview:-1"},"canonical":"http:\/\/elregionalvm.com.ar\/noticias-villa-maria\/agencia-nacional-de-discapacidad-60-intendentes-firmaron-convenios-de-cooperacion\/","og_locale":"es_ES","og_type":"article","og_title":"Agencia Nacional de Discapacidad: 60 intendentes firmaron convenios de cooperaci\u00f3n - El Regional","og_description":"En la flamante nueva sede del MuniCerca 8, 60 municipios de la regi\u00f3n suscribieron convenios con la Agencia Nacional de Discapacidad (ANDIS). El acto fue encabezado por el intendente Mart\u00edn Gill y por la Directora Nacional de Apoyos y Asignaciones Econ\u00f3micas del organismo nacional, Paula Mart\u00ednez. Los convenios suscriptos tienen por objeto la articulaci\u00f3n y [&hellip;]","og_url":"http:\/\/elregionalvm.com.ar\/noticias-villa-maria\/agencia-nacional-de-discapacidad-60-intendentes-firmaron-convenios-de-cooperacion\/","og_site_name":"El Regional","article_publisher":"https:\/\/www.facebook.com\/elregionalvm","article_published_time":"2022-09-30T22:01:25+00:00","article_modified_time":"2022-10-01T14:37:12+00:00","og_image":[{"width":1599,"height":1066,"url":"http:\/\/elregionalvm.com.ar\/noticias-villa-maria\/wp-content\/uploads\/2022\/09\/WhatsApp-Image-2022-09-30-at-18.27.36.jpeg","type":"image\/jpeg"}],"author":"Contenidos El Regional","twitter_card":"summary_large_image","twitter_creator":"@elregionalvm1","twitter_site":"@elregionalvm1","twitter_misc":{"Escrito por":"Contenidos El Regional","Tiempo de lectura":"3 minutos"},"schema":{"@context":"https:\/\/schema.org","@graph":[{"@type":"Article","@id":"http:\/\/elregionalvm.com.ar\/noticias-villa-maria\/agencia-nacional-de-discapacidad-60-intendentes-firmaron-convenios-de-cooperacion\/#article","isPartOf":{"@id":"http:\/\/elregionalvm.com.ar\/noticias-villa-maria\/agencia-nacional-de-discapacidad-60-intendentes-firmaron-convenios-de-cooperacion\/"},"author":{"name":"Contenidos El Regional","@id":"http:\/\/elregionalvm.com.ar\/noticias-villa-maria\/#\/schema\/person\/a0fb9c422317faca23d50163151bc354"},"headline":"Agencia Nacional de Discapacidad: 60 intendentes firmaron convenios de cooperaci\u00f3n","datePublished":"2022-09-30T22:01:25+00:00","dateModified":"2022-10-01T14:37:12+00:00","mainEntityOfPage":{"@id":"http:\/\/elregionalvm.com.ar\/noticias-villa-maria\/agencia-nacional-de-discapacidad-60-intendentes-firmaron-convenios-de-cooperacion\/"},"wordCount":455,"commentCount":0,"image":{"@id":"http:\/\/elregionalvm.com.ar\/noticias-villa-maria\/agencia-nacional-de-discapacidad-60-intendentes-firmaron-convenios-de-cooperacion\/#primaryimage"},"thumbnailUrl":"https:\/\/i0.wp.com\/elregionalvm.com.ar\/noticias-villa-maria\/wp-content\/uploads\/2022\/09\/WhatsApp-Image-2022-09-30-at-18.27.36.jpeg?fit=1599%2C1066&ssl=1","keywords":["60 intendentes","Agencia Nacional de Discapacidad","convenios de cooperaci\u00f3n","Jefes Comunales","Mart\u00edn Rodrigo Gill","otros intendentes","Villa Mar\u00eda"],"articleSection":["Regi\u00f3n"],"inLanguage":"es","potentialAction":[{"@type":"CommentAction","name":"Comment","target":["http:\/\/elregionalvm.com.ar\/noticias-villa-maria\/agencia-nacional-de-discapacidad-60-intendentes-firmaron-convenios-de-cooperacion\/#respond"]}]},{"@type":"WebPage","@id":"http:\/\/elregionalvm.com.ar\/noticias-villa-maria\/agencia-nacional-de-discapacidad-60-intendentes-firmaron-convenios-de-cooperacion\/","url":"http:\/\/elregionalvm.com.ar\/noticias-villa-maria\/agencia-nacional-de-discapacidad-60-intendentes-firmaron-convenios-de-cooperacion\/","name":"Agencia Nacional de Discapacidad: 60 intendentes firmaron convenios de cooperaci\u00f3n - El Regional","isPartOf":{"@id":"http:\/\/elregionalvm.com.ar\/noticias-villa-maria\/#website"},"primaryImageOfPage":{"@id":"http:\/\/elregionalvm.com.ar\/noticias-villa-maria\/agencia-nacional-de-discapacidad-60-intendentes-firmaron-convenios-de-cooperacion\/#primaryimage"},"image":{"@id":"http:\/\/elregionalvm.com.ar\/noticias-villa-maria\/agencia-nacional-de-discapacidad-60-intendentes-firmaron-convenios-de-cooperacion\/#primaryimage"},"thumbnailUrl":"https:\/\/i0.wp.com\/elregionalvm.com.ar\/noticias-villa-maria\/wp-content\/uploads\/2022\/09\/WhatsApp-Image-2022-09-30-at-18.27.36.jpeg?fit=1599%2C1066&ssl=1","datePublished":"2022-09-30T22:01:25+00:00","dateModified":"2022-10-01T14:37:12+00:00","author":{"@id":"http:\/\/elregionalvm.com.ar\/noticias-villa-maria\/#\/schema\/person\/a0fb9c422317faca23d50163151bc354"},"breadcrumb":{"@id":"http:\/\/elregionalvm.com.ar\/noticias-villa-maria\/agencia-nacional-de-discapacidad-60-intendentes-firmaron-convenios-de-cooperacion\/#breadcrumb"},"inLanguage":"es","potentialAction":[{"@type":"ReadAction","target":["http:\/\/elregionalvm.com.ar\/noticias-villa-maria\/agencia-nacional-de-discapacidad-60-intendentes-firmaron-convenios-de-cooperacion\/"]}]},{"@type":"ImageObject","inLanguage":"es","@id":"http:\/\/elregionalvm.com.ar\/noticias-villa-maria\/agencia-nacional-de-discapacidad-60-intendentes-firmaron-convenios-de-cooperacion\/#primaryimage","url":"https:\/\/i0.wp.com\/elregionalvm.com.ar\/noticias-villa-maria\/wp-content\/uploads\/2022\/09\/WhatsApp-Image-2022-09-30-at-18.27.36.jpeg?fit=1599%2C1066&ssl=1","contentUrl":"https:\/\/i0.wp.com\/elregionalvm.com.ar\/noticias-villa-maria\/wp-content\/uploads\/2022\/09\/WhatsApp-Image-2022-09-30-at-18.27.36.jpeg?fit=1599%2C1066&ssl=1","width":1599,"height":1066},{"@type":"BreadcrumbList","@id":"http:\/\/elregionalvm.com.ar\/noticias-villa-maria\/agencia-nacional-de-discapacidad-60-intendentes-firmaron-convenios-de-cooperacion\/#breadcrumb","itemListElement":[{"@type":"ListItem","position":1,"name":"Portada","item":"https:\/\/elregionalvm.com.ar\/noticias-villa-maria\/"},{"@type":"ListItem","position":2,"name":"Agencia Nacional de Discapacidad: 60 intendentes firmaron convenios de cooperaci\u00f3n"}]},{"@type":"WebSite","@id":"http:\/\/elregionalvm.com.ar\/noticias-villa-maria\/#website","url":"http:\/\/elregionalvm.com.ar\/noticias-villa-maria\/","name":"El Regional","description":"Mucho m\u00e1s que informaci\u00f3n","potentialAction":[{"@type":"SearchAction","target":{"@type":"EntryPoint","urlTemplate":"http:\/\/elregionalvm.com.ar\/noticias-villa-maria\/?s={search_term_string}"},"query-input":{"@type":"PropertyValueSpecification","valueRequired":true,"valueName":"search_term_string"}}],"inLanguage":"es"},{"@type":"Person","@id":"http:\/\/elregionalvm.com.ar\/noticias-villa-maria\/#\/schema\/person\/a0fb9c422317faca23d50163151bc354","name":"Contenidos El Regional","image":{"@type":"ImageObject","inLanguage":"es","@id":"http:\/\/elregionalvm.com.ar\/noticias-villa-maria\/#\/schema\/person\/image\/","url":"https:\/\/secure.gravatar.com\/avatar\/265b27cb2209af7bb3a1318f03305787d7981a5cc6e6cd08fe5a4ecdf99d4b48?s=96&d=mm&r=g","contentUrl":"https:\/\/secure.gravatar.com\/avatar\/265b27cb2209af7bb3a1318f03305787d7981a5cc6e6cd08fe5a4ecdf99d4b48?s=96&d=mm&r=g","caption":"Contenidos El Regional"},"url":"https:\/\/elregionalvm.com.ar\/noticias-villa-maria\/author\/contenido\/"}]}},"jetpack_featured_media_url":"https:\/\/i0.wp.com\/elregionalvm.com.ar\/noticias-villa-maria\/wp-content\/uploads\/2022\/09\/WhatsApp-Image-2022-09-30-at-18.27.36.jpeg?fit=1599%2C1066&ssl=1","jetpack_sharing_enabled":true,"_links":{"self":[{"href":"https:\/\/elregionalvm.com.ar\/noticias-villa-maria\/wp-json\/wp\/v2\/posts\/64936","targetHints":{"allow":["GET"]}}],"collection":[{"href":"https:\/\/elregionalvm.com.ar\/noticias-villa-maria\/wp-json\/wp\/v2\/posts"}],"about":[{"href":"https:\/\/elregionalvm.com.ar\/noticias-villa-maria\/wp-json\/wp\/v2\/types\/post"}],"author":[{"embeddable":true,"href":"https:\/\/elregionalvm.com.ar\/noticias-villa-maria\/wp-json\/wp\/v2\/users\/4"}],"replies":[{"embeddable":true,"href":"https:\/\/elregionalvm.com.ar\/noticias-villa-maria\/wp-json\/wp\/v2\/comments?post=64936"}],"version-history":[{"count":1,"href":"https:\/\/elregionalvm.com.ar\/noticias-villa-maria\/wp-json\/wp\/v2\/posts\/64936\/revisions"}],"predecessor-version":[{"id":64941,"href":"https:\/\/elregionalvm.com.ar\/noticias-villa-maria\/wp-json\/wp\/v2\/posts\/64936\/revisions\/64941"}],"wp:featuredmedia":[{"embeddable":true,"href":"https:\/\/elregionalvm.com.ar\/noticias-villa-maria\/wp-json\/wp\/v2\/media\/64937"}],"wp:attachment":[{"href":"https:\/\/elregionalvm.com.ar\/noticias-villa-maria\/wp-json\/wp\/v2\/media?parent=64936"}],"wp:term":[{"taxonomy":"category","embeddable":true,"href":"https:\/\/elregionalvm.com.ar\/noticias-villa-maria\/wp-json\/wp\/v2\/categories?post=64936"},{"taxonomy":"post_tag","embeddable":true,"href":"https:\/\/elregionalvm.com.ar\/noticias-villa-maria\/wp-json\/wp\/v2\/tags?post=64936"}],"curies":[{"name":"wp","href":"https:\/\/api.w.org\/{rel}","templated":true}]}}