{"id":64942,"date":"2022-09-30T22:09:26","date_gmt":"2022-09-30T22:09:26","guid":{"rendered":"https:\/\/elregionalvm.com.ar\/noticias-villa-maria\/?p=64942"},"modified":"2022-10-01T14:36:33","modified_gmt":"2022-10-01T14:36:33","slug":"el-municerca-8-tiene-nueva-sede-en-el-parque-pereira-y-dominguez","status":"publish","type":"post","link":"https:\/\/elregionalvm.com.ar\/noticias-villa-maria\/el-municerca-8-tiene-nueva-sede-en-el-parque-pereira-y-dominguez\/","title":{"rendered":"El MuniCerca 8 tiene nueva sede en el Parque Pereira y Dom\u00ednguez"},"content":{"rendered":"\n<p>Tal y como hab\u00eda sido anunciado, durante la ma\u00f1ana de hoy tuvo lugar la inauguraci\u00f3n de la nueva sede del MuniCerca 8, que se suma a las intervenciones que jerarquizan el sector norte de la ciudad. El acto estuvo encabezado por el intendente Mart\u00edn Gill, quien, a la par de funcionarios municipales, dej\u00f3 habilitado el renovado espacio que brindar\u00e1 en el Parque Pereira y Dom\u00ednguez, mayores comodidades a vecinos y vecinas de los barrios que nuclea.<\/p>\n\n\n\n<p>Al tomar la palabra, el jefe comunal expres\u00f3: \u201cEstamos muy contentos de poder recuperar este espacio que alberg\u00f3 por mucho tiempo al Club Argentino de Servicios (CAS), una instituci\u00f3n que hace y ha hecho mucho por nuestra ciudad\u201d. \u201cTuvimos la posibilidad de mejorar su infraestructura y transformarla en un lugar a disposici\u00f3n de toda la comunidad, en el coraz\u00f3n del Parque Pereira\u201d, apunt\u00f3.<\/p>\n\n\n\n<p>En este sentido, Gill destac\u00f3 la importancia de los MuniCerca para \u201cestablecer cercan\u00eda con la gente, tener una mirada atenta y ser intermediarios permanentes con la gesti\u00f3n municipal\u201d. \u201cDebemos celebrar estos modelos de descentralizaci\u00f3n y no perder la relaci\u00f3n directa y el di\u00e1logo\u201d, se\u00f1al\u00f3. Asimismo, indic\u00f3 que \u201ceste espacio nos permitir\u00e1 no s\u00f3lo cumplir con tareas administrativas, sino tambi\u00e9n dar lugar a actividades educativas, sociales y culturales\u201d.<\/p>\n\n\n\n<figure class=\"wp-block-image aligncenter size-large is-resized\"><img data-recalc-dims=\"1\" fetchpriority=\"high\" decoding=\"async\" src=\"https:\/\/i0.wp.com\/elregionalvm.com.ar\/noticias-villa-maria\/wp-content\/uploads\/2022\/09\/WhatsApp-Image-2022-09-30-at-13.50.39-1.jpeg?resize=716%2C477&#038;ssl=1\" alt=\"\" class=\"wp-image-64944\" width=\"716\" height=\"477\" srcset=\"https:\/\/i0.wp.com\/elregionalvm.com.ar\/noticias-villa-maria\/wp-content\/uploads\/2022\/09\/WhatsApp-Image-2022-09-30-at-13.50.39-1.jpeg?resize=1024%2C683&amp;ssl=1 1024w, https:\/\/i0.wp.com\/elregionalvm.com.ar\/noticias-villa-maria\/wp-content\/uploads\/2022\/09\/WhatsApp-Image-2022-09-30-at-13.50.39-1.jpeg?resize=300%2C200&amp;ssl=1 300w, https:\/\/i0.wp.com\/elregionalvm.com.ar\/noticias-villa-maria\/wp-content\/uploads\/2022\/09\/WhatsApp-Image-2022-09-30-at-13.50.39-1.jpeg?resize=768%2C512&amp;ssl=1 768w, https:\/\/i0.wp.com\/elregionalvm.com.ar\/noticias-villa-maria\/wp-content\/uploads\/2022\/09\/WhatsApp-Image-2022-09-30-at-13.50.39-1.jpeg?resize=1536%2C1024&amp;ssl=1 1536w, https:\/\/i0.wp.com\/elregionalvm.com.ar\/noticias-villa-maria\/wp-content\/uploads\/2022\/09\/WhatsApp-Image-2022-09-30-at-13.50.39-1.jpeg?w=1600&amp;ssl=1 1600w\" sizes=\"(max-width: 716px) 100vw, 716px\" \/><\/figure>\n\n\n\n<p>Tambi\u00e9n, se refiri\u00f3 a los presentes la directora de la flamante sede, Lucrecia Falco, quien resalt\u00f3: \u201cEs una gran alegr\u00eda inaugurar este nuevo espacio que adem\u00e1s forma parte del crecimiento del sector norte, porque se encuentra entre dos arterias fundamentales que cambiaron la fisonom\u00eda de la ciudad\u201d. En virtud de ello, ratific\u00f3 el compromiso de \u201cestar a disposici\u00f3n de los vecinos y vecinas para darles respuestas y soluciones\u201d, y agradeci\u00f3 a quienes \u201cson parte del trabajo coordinado y conjunto que hacemos todos los d\u00edas\u201d.<\/p>\n\n\n\n<p>En esta misma l\u00ednea, la presidenta del Centro Vecinal de barrio Trinitarios, Graciela Evans, extendi\u00f3 su salutaci\u00f3n y buenos deseos en nombre de la comisi\u00f3n y resalt\u00f3 la labor diaria y articulada llevada a cabo junto al MuniCerca y su personal.<\/p>\n\n\n\n<p>Es oportuno destacar que del acto tambi\u00e9n formaron parte integrantes del CAS, quienes fueron homenajeados por su trabajo, trayectoria y compromiso social. Es as\u00ed que Gill, junto a dem\u00e1s autoridades, les hicieron entrega de obsequios protocolares, para realizar luego el tradicional corte de cintas que dej\u00f3 oficialmente inaugurado el nuevo espacio.<\/p>\n\n\n\n<p><strong>Las intervenciones<\/strong><\/p>\n\n\n\n<p>En cuanto a las refacciones ejecutadas, cabe destacar que estuvieron a cargo de la Secretar\u00eda de Ambiente, Obras y Servicios P\u00fablicos. De este modo, se trabaj\u00f3 en la creaci\u00f3n de cubiertas de estructura met\u00e1lica en la sala de usos m\u00faltiples y oficinas, como as\u00ed tambi\u00e9n en la impermeabilizaci\u00f3n y pintura de las mismas.<\/p>\n\n\n\n<p>Adem\u00e1s, se colocaron nuevas tejas sobre el techo a dos aguas y nuevas aberturas en las puertas de ingreso y de las habitaciones interiores. Asimismo, fueron dispuestas rejas de seguridad, realizada la adecuaci\u00f3n el\u00e9ctrica seg\u00fan la normativa vigente, reparados los sanitarios y se construyeron rampas de accesibilidad.<\/p>\n\n\n\n<p>De la inauguraci\u00f3n de le sede tambi\u00e9n formaron parte autoridades del Concejo Deliberante, Tribunal de Cuentas y Auditor\u00eda General junto a funcionarios del Departamento Ejecutivo Municipal. Tambi\u00e9n estuvieron presentes integrantes del Club Argentino de Servicio (CAS), representantes de instituciones del sector, vecinos y vecinas.<\/p>\n","protected":false},"excerpt":{"rendered":"<p>Tal y como hab\u00eda sido anunciado, durante la ma\u00f1ana de hoy tuvo lugar la inauguraci\u00f3n de la nueva sede del MuniCerca 8, que se suma a las intervenciones que jerarquizan el sector norte de la ciudad. El acto estuvo encabezado por el intendente Mart\u00edn Gill, quien, a la par de funcionarios municipales, dej\u00f3 habilitado el [&hellip;]<\/p>\n","protected":false},"author":4,"featured_media":64943,"comment_status":"open","ping_status":"open","sticky":false,"template":"","format":"standard","meta":{"site-sidebar-layout":"default","site-content-layout":"","ast-site-content-layout":"default","site-content-style":"default","site-sidebar-style":"default","ast-global-header-display":"","ast-banner-title-visibility":"","ast-main-header-display":"","ast-hfb-above-header-display":"","ast-hfb-below-header-display":"","ast-hfb-mobile-header-display":"","site-post-title":"","ast-breadcrumbs-content":"","ast-featured-img":"","footer-sml-layout":"","ast-disable-related-posts":"","theme-transparent-header-meta":"","adv-header-id-meta":"","stick-header-meta":"","header-above-stick-meta":"","header-main-stick-meta":"","header-below-stick-meta":"","astra-migrate-meta-layouts":"default","ast-page-background-enabled":"default","ast-page-background-meta":{"desktop":{"background-color":"","background-image":"","background-repeat":"repeat","background-position":"center center","background-size":"auto","background-attachment":"scroll","background-type":"","background-media":"","overlay-type":"","overlay-color":"","overlay-opacity":"","overlay-gradient":""},"tablet":{"background-color":"","background-image":"","background-repeat":"repeat","background-position":"center center","background-size":"auto","background-attachment":"scroll","background-type":"","background-media":"","overlay-type":"","overlay-color":"","overlay-opacity":"","overlay-gradient":""},"mobile":{"background-color":"","background-image":"","background-repeat":"repeat","background-position":"center center","background-size":"auto","background-attachment":"scroll","background-type":"","background-media":"","overlay-type":"","overlay-color":"","overlay-opacity":"","overlay-gradient":""}},"ast-content-background-meta":{"desktop":{"background-color":"var(--ast-global-color-5)","background-image":"","background-repeat":"repeat","background-position":"center center","background-size":"auto","background-attachment":"scroll","background-type":"","background-media":"","overlay-type":"","overlay-color":"","overlay-opacity":"","overlay-gradient":""},"tablet":{"background-color":"var(--ast-global-color-5)","background-image":"","background-repeat":"repeat","background-position":"center center","background-size":"auto","background-attachment":"scroll","background-type":"","background-media":"","overlay-type":"","overlay-color":"","overlay-opacity":"","overlay-gradient":""},"mobile":{"background-color":"var(--ast-global-color-5)","background-image":"","background-repeat":"repeat","background-position":"center center","background-size":"auto","background-attachment":"scroll","background-type":"","background-media":"","overlay-type":"","overlay-color":"","overlay-opacity":"","overlay-gradient":""}},"_jetpack_memberships_contains_paid_content":false,"_joinchat":[],"footnotes":""},"categories":[2],"tags":[18529,7458,5512,16099,5464,7754,18528],"class_list":["post-64942","post","type-post","status-publish","format-standard","has-post-thumbnail","hentry","category-villa-maria","tag-estructura","tag-gestion-municipal","tag-intervenciones","tag-municerca-8","tag-nueva-sede","tag-parque-pereira-y-dominguez","tag-renovado-espacio"],"yoast_head":"<!-- This site is optimized with the Yoast SEO plugin v26.8 - https:\/\/yoast.com\/product\/yoast-seo-wordpress\/ -->\n<title>El MuniCerca 8 tiene nueva sede en el Parque Pereira y Dom\u00ednguez - El Regional<\/title>\n<meta name=\"robots\" content=\"index, follow, max-snippet:-1, max-image-preview:large, max-video-preview:-1\" \/>\n<link rel=\"canonical\" href=\"http:\/\/elregionalvm.com.ar\/noticias-villa-maria\/el-municerca-8-tiene-nueva-sede-en-el-parque-pereira-y-dominguez\/\" \/>\n<meta property=\"og:locale\" content=\"es_ES\" \/>\n<meta property=\"og:type\" content=\"article\" \/>\n<meta property=\"og:title\" content=\"El MuniCerca 8 tiene nueva sede en el Parque Pereira y Dom\u00ednguez - El Regional\" \/>\n<meta property=\"og:description\" content=\"Tal y como hab\u00eda sido anunciado, durante la ma\u00f1ana de hoy tuvo lugar la inauguraci\u00f3n de la nueva sede del MuniCerca 8, que se suma a las intervenciones que jerarquizan el sector norte de la ciudad. El acto estuvo encabezado por el intendente Mart\u00edn Gill, quien, a la par de funcionarios municipales, dej\u00f3 habilitado el [&hellip;]\" \/>\n<meta property=\"og:url\" content=\"http:\/\/elregionalvm.com.ar\/noticias-villa-maria\/el-municerca-8-tiene-nueva-sede-en-el-parque-pereira-y-dominguez\/\" \/>\n<meta property=\"og:site_name\" content=\"El Regional\" \/>\n<meta property=\"article:publisher\" content=\"https:\/\/www.facebook.com\/elregionalvm\" \/>\n<meta property=\"article:published_time\" content=\"2022-09-30T22:09:26+00:00\" \/>\n<meta property=\"article:modified_time\" content=\"2022-10-01T14:36:33+00:00\" \/>\n<meta property=\"og:image\" content=\"http:\/\/elregionalvm.com.ar\/noticias-villa-maria\/wp-content\/uploads\/2022\/09\/WhatsApp-Image-2022-09-30-at-13.50.39.jpeg\" \/>\n\t<meta property=\"og:image:width\" content=\"1600\" \/>\n\t<meta property=\"og:image:height\" content=\"1067\" \/>\n\t<meta property=\"og:image:type\" content=\"image\/jpeg\" \/>\n<meta name=\"author\" content=\"Contenidos El Regional\" \/>\n<meta name=\"twitter:card\" content=\"summary_large_image\" \/>\n<meta name=\"twitter:creator\" content=\"@elregionalvm1\" \/>\n<meta name=\"twitter:site\" content=\"@elregionalvm1\" \/>\n<meta name=\"twitter:label1\" content=\"Escrito por\" \/>\n\t<meta name=\"twitter:data1\" content=\"Contenidos El Regional\" \/>\n\t<meta name=\"twitter:label2\" content=\"Tiempo de lectura\" \/>\n\t<meta name=\"twitter:data2\" content=\"3 minutos\" \/>\n<script type=\"application\/ld+json\" class=\"yoast-schema-graph\">{\"@context\":\"https:\/\/schema.org\",\"@graph\":[{\"@type\":\"Article\",\"@id\":\"http:\/\/elregionalvm.com.ar\/noticias-villa-maria\/el-municerca-8-tiene-nueva-sede-en-el-parque-pereira-y-dominguez\/#article\",\"isPartOf\":{\"@id\":\"http:\/\/elregionalvm.com.ar\/noticias-villa-maria\/el-municerca-8-tiene-nueva-sede-en-el-parque-pereira-y-dominguez\/\"},\"author\":{\"name\":\"Contenidos El Regional\",\"@id\":\"http:\/\/elregionalvm.com.ar\/noticias-villa-maria\/#\/schema\/person\/a0fb9c422317faca23d50163151bc354\"},\"headline\":\"El MuniCerca 8 tiene nueva sede en el Parque Pereira y Dom\u00ednguez\",\"datePublished\":\"2022-09-30T22:09:26+00:00\",\"dateModified\":\"2022-10-01T14:36:33+00:00\",\"mainEntityOfPage\":{\"@id\":\"http:\/\/elregionalvm.com.ar\/noticias-villa-maria\/el-municerca-8-tiene-nueva-sede-en-el-parque-pereira-y-dominguez\/\"},\"wordCount\":581,\"commentCount\":0,\"image\":{\"@id\":\"http:\/\/elregionalvm.com.ar\/noticias-villa-maria\/el-municerca-8-tiene-nueva-sede-en-el-parque-pereira-y-dominguez\/#primaryimage\"},\"thumbnailUrl\":\"https:\/\/i0.wp.com\/elregionalvm.com.ar\/noticias-villa-maria\/wp-content\/uploads\/2022\/09\/WhatsApp-Image-2022-09-30-at-13.50.39.jpeg?fit=1600%2C1067&ssl=1\",\"keywords\":[\"estructura\",\"gesti\u00f3n municipal\",\"intervenciones\",\"Municerca 8\",\"nueva sede\",\"Parque Pereira y Dom\u00ednguez\",\"renovado espacio\"],\"articleSection\":[\"Villa Mar\u00eda\"],\"inLanguage\":\"es\",\"potentialAction\":[{\"@type\":\"CommentAction\",\"name\":\"Comment\",\"target\":[\"http:\/\/elregionalvm.com.ar\/noticias-villa-maria\/el-municerca-8-tiene-nueva-sede-en-el-parque-pereira-y-dominguez\/#respond\"]}]},{\"@type\":\"WebPage\",\"@id\":\"http:\/\/elregionalvm.com.ar\/noticias-villa-maria\/el-municerca-8-tiene-nueva-sede-en-el-parque-pereira-y-dominguez\/\",\"url\":\"http:\/\/elregionalvm.com.ar\/noticias-villa-maria\/el-municerca-8-tiene-nueva-sede-en-el-parque-pereira-y-dominguez\/\",\"name\":\"El MuniCerca 8 tiene nueva sede en el Parque Pereira y Dom\u00ednguez - El Regional\",\"isPartOf\":{\"@id\":\"http:\/\/elregionalvm.com.ar\/noticias-villa-maria\/#website\"},\"primaryImageOfPage\":{\"@id\":\"http:\/\/elregionalvm.com.ar\/noticias-villa-maria\/el-municerca-8-tiene-nueva-sede-en-el-parque-pereira-y-dominguez\/#primaryimage\"},\"image\":{\"@id\":\"http:\/\/elregionalvm.com.ar\/noticias-villa-maria\/el-municerca-8-tiene-nueva-sede-en-el-parque-pereira-y-dominguez\/#primaryimage\"},\"thumbnailUrl\":\"https:\/\/i0.wp.com\/elregionalvm.com.ar\/noticias-villa-maria\/wp-content\/uploads\/2022\/09\/WhatsApp-Image-2022-09-30-at-13.50.39.jpeg?fit=1600%2C1067&ssl=1\",\"datePublished\":\"2022-09-30T22:09:26+00:00\",\"dateModified\":\"2022-10-01T14:36:33+00:00\",\"author\":{\"@id\":\"http:\/\/elregionalvm.com.ar\/noticias-villa-maria\/#\/schema\/person\/a0fb9c422317faca23d50163151bc354\"},\"breadcrumb\":{\"@id\":\"http:\/\/elregionalvm.com.ar\/noticias-villa-maria\/el-municerca-8-tiene-nueva-sede-en-el-parque-pereira-y-dominguez\/#breadcrumb\"},\"inLanguage\":\"es\",\"potentialAction\":[{\"@type\":\"ReadAction\",\"target\":[\"http:\/\/elregionalvm.com.ar\/noticias-villa-maria\/el-municerca-8-tiene-nueva-sede-en-el-parque-pereira-y-dominguez\/\"]}]},{\"@type\":\"ImageObject\",\"inLanguage\":\"es\",\"@id\":\"http:\/\/elregionalvm.com.ar\/noticias-villa-maria\/el-municerca-8-tiene-nueva-sede-en-el-parque-pereira-y-dominguez\/#primaryimage\",\"url\":\"https:\/\/i0.wp.com\/elregionalvm.com.ar\/noticias-villa-maria\/wp-content\/uploads\/2022\/09\/WhatsApp-Image-2022-09-30-at-13.50.39.jpeg?fit=1600%2C1067&ssl=1\",\"contentUrl\":\"https:\/\/i0.wp.com\/elregionalvm.com.ar\/noticias-villa-maria\/wp-content\/uploads\/2022\/09\/WhatsApp-Image-2022-09-30-at-13.50.39.jpeg?fit=1600%2C1067&ssl=1\",\"width\":1600,\"height\":1067},{\"@type\":\"BreadcrumbList\",\"@id\":\"http:\/\/elregionalvm.com.ar\/noticias-villa-maria\/el-municerca-8-tiene-nueva-sede-en-el-parque-pereira-y-dominguez\/#breadcrumb\",\"itemListElement\":[{\"@type\":\"ListItem\",\"position\":1,\"name\":\"Portada\",\"item\":\"https:\/\/elregionalvm.com.ar\/noticias-villa-maria\/\"},{\"@type\":\"ListItem\",\"position\":2,\"name\":\"El MuniCerca 8 tiene nueva sede en el Parque Pereira y Dom\u00ednguez\"}]},{\"@type\":\"WebSite\",\"@id\":\"http:\/\/elregionalvm.com.ar\/noticias-villa-maria\/#website\",\"url\":\"http:\/\/elregionalvm.com.ar\/noticias-villa-maria\/\",\"name\":\"El Regional\",\"description\":\"Mucho m\u00e1s que informaci\u00f3n\",\"potentialAction\":[{\"@type\":\"SearchAction\",\"target\":{\"@type\":\"EntryPoint\",\"urlTemplate\":\"http:\/\/elregionalvm.com.ar\/noticias-villa-maria\/?s={search_term_string}\"},\"query-input\":{\"@type\":\"PropertyValueSpecification\",\"valueRequired\":true,\"valueName\":\"search_term_string\"}}],\"inLanguage\":\"es\"},{\"@type\":\"Person\",\"@id\":\"http:\/\/elregionalvm.com.ar\/noticias-villa-maria\/#\/schema\/person\/a0fb9c422317faca23d50163151bc354\",\"name\":\"Contenidos El Regional\",\"image\":{\"@type\":\"ImageObject\",\"inLanguage\":\"es\",\"@id\":\"http:\/\/elregionalvm.com.ar\/noticias-villa-maria\/#\/schema\/person\/image\/\",\"url\":\"https:\/\/secure.gravatar.com\/avatar\/265b27cb2209af7bb3a1318f03305787d7981a5cc6e6cd08fe5a4ecdf99d4b48?s=96&d=mm&r=g\",\"contentUrl\":\"https:\/\/secure.gravatar.com\/avatar\/265b27cb2209af7bb3a1318f03305787d7981a5cc6e6cd08fe5a4ecdf99d4b48?s=96&d=mm&r=g\",\"caption\":\"Contenidos El Regional\"},\"url\":\"https:\/\/elregionalvm.com.ar\/noticias-villa-maria\/author\/contenido\/\"}]}<\/script>\n<!-- \/ Yoast SEO plugin. -->","yoast_head_json":{"title":"El MuniCerca 8 tiene nueva sede en el Parque Pereira y Dom\u00ednguez - El Regional","robots":{"index":"index","follow":"follow","max-snippet":"max-snippet:-1","max-image-preview":"max-image-preview:large","max-video-preview":"max-video-preview:-1"},"canonical":"http:\/\/elregionalvm.com.ar\/noticias-villa-maria\/el-municerca-8-tiene-nueva-sede-en-el-parque-pereira-y-dominguez\/","og_locale":"es_ES","og_type":"article","og_title":"El MuniCerca 8 tiene nueva sede en el Parque Pereira y Dom\u00ednguez - El Regional","og_description":"Tal y como hab\u00eda sido anunciado, durante la ma\u00f1ana de hoy tuvo lugar la inauguraci\u00f3n de la nueva sede del MuniCerca 8, que se suma a las intervenciones que jerarquizan el sector norte de la ciudad. El acto estuvo encabezado por el intendente Mart\u00edn Gill, quien, a la par de funcionarios municipales, dej\u00f3 habilitado el [&hellip;]","og_url":"http:\/\/elregionalvm.com.ar\/noticias-villa-maria\/el-municerca-8-tiene-nueva-sede-en-el-parque-pereira-y-dominguez\/","og_site_name":"El Regional","article_publisher":"https:\/\/www.facebook.com\/elregionalvm","article_published_time":"2022-09-30T22:09:26+00:00","article_modified_time":"2022-10-01T14:36:33+00:00","og_image":[{"width":1600,"height":1067,"url":"http:\/\/elregionalvm.com.ar\/noticias-villa-maria\/wp-content\/uploads\/2022\/09\/WhatsApp-Image-2022-09-30-at-13.50.39.jpeg","type":"image\/jpeg"}],"author":"Contenidos El Regional","twitter_card":"summary_large_image","twitter_creator":"@elregionalvm1","twitter_site":"@elregionalvm1","twitter_misc":{"Escrito por":"Contenidos El Regional","Tiempo de lectura":"3 minutos"},"schema":{"@context":"https:\/\/schema.org","@graph":[{"@type":"Article","@id":"http:\/\/elregionalvm.com.ar\/noticias-villa-maria\/el-municerca-8-tiene-nueva-sede-en-el-parque-pereira-y-dominguez\/#article","isPartOf":{"@id":"http:\/\/elregionalvm.com.ar\/noticias-villa-maria\/el-municerca-8-tiene-nueva-sede-en-el-parque-pereira-y-dominguez\/"},"author":{"name":"Contenidos El Regional","@id":"http:\/\/elregionalvm.com.ar\/noticias-villa-maria\/#\/schema\/person\/a0fb9c422317faca23d50163151bc354"},"headline":"El MuniCerca 8 tiene nueva sede en el Parque Pereira y Dom\u00ednguez","datePublished":"2022-09-30T22:09:26+00:00","dateModified":"2022-10-01T14:36:33+00:00","mainEntityOfPage":{"@id":"http:\/\/elregionalvm.com.ar\/noticias-villa-maria\/el-municerca-8-tiene-nueva-sede-en-el-parque-pereira-y-dominguez\/"},"wordCount":581,"commentCount":0,"image":{"@id":"http:\/\/elregionalvm.com.ar\/noticias-villa-maria\/el-municerca-8-tiene-nueva-sede-en-el-parque-pereira-y-dominguez\/#primaryimage"},"thumbnailUrl":"https:\/\/i0.wp.com\/elregionalvm.com.ar\/noticias-villa-maria\/wp-content\/uploads\/2022\/09\/WhatsApp-Image-2022-09-30-at-13.50.39.jpeg?fit=1600%2C1067&ssl=1","keywords":["estructura","gesti\u00f3n municipal","intervenciones","Municerca 8","nueva sede","Parque Pereira y Dom\u00ednguez","renovado espacio"],"articleSection":["Villa Mar\u00eda"],"inLanguage":"es","potentialAction":[{"@type":"CommentAction","name":"Comment","target":["http:\/\/elregionalvm.com.ar\/noticias-villa-maria\/el-municerca-8-tiene-nueva-sede-en-el-parque-pereira-y-dominguez\/#respond"]}]},{"@type":"WebPage","@id":"http:\/\/elregionalvm.com.ar\/noticias-villa-maria\/el-municerca-8-tiene-nueva-sede-en-el-parque-pereira-y-dominguez\/","url":"http:\/\/elregionalvm.com.ar\/noticias-villa-maria\/el-municerca-8-tiene-nueva-sede-en-el-parque-pereira-y-dominguez\/","name":"El MuniCerca 8 tiene nueva sede en el Parque Pereira y Dom\u00ednguez - El Regional","isPartOf":{"@id":"http:\/\/elregionalvm.com.ar\/noticias-villa-maria\/#website"},"primaryImageOfPage":{"@id":"http:\/\/elregionalvm.com.ar\/noticias-villa-maria\/el-municerca-8-tiene-nueva-sede-en-el-parque-pereira-y-dominguez\/#primaryimage"},"image":{"@id":"http:\/\/elregionalvm.com.ar\/noticias-villa-maria\/el-municerca-8-tiene-nueva-sede-en-el-parque-pereira-y-dominguez\/#primaryimage"},"thumbnailUrl":"https:\/\/i0.wp.com\/elregionalvm.com.ar\/noticias-villa-maria\/wp-content\/uploads\/2022\/09\/WhatsApp-Image-2022-09-30-at-13.50.39.jpeg?fit=1600%2C1067&ssl=1","datePublished":"2022-09-30T22:09:26+00:00","dateModified":"2022-10-01T14:36:33+00:00","author":{"@id":"http:\/\/elregionalvm.com.ar\/noticias-villa-maria\/#\/schema\/person\/a0fb9c422317faca23d50163151bc354"},"breadcrumb":{"@id":"http:\/\/elregionalvm.com.ar\/noticias-villa-maria\/el-municerca-8-tiene-nueva-sede-en-el-parque-pereira-y-dominguez\/#breadcrumb"},"inLanguage":"es","potentialAction":[{"@type":"ReadAction","target":["http:\/\/elregionalvm.com.ar\/noticias-villa-maria\/el-municerca-8-tiene-nueva-sede-en-el-parque-pereira-y-dominguez\/"]}]},{"@type":"ImageObject","inLanguage":"es","@id":"http:\/\/elregionalvm.com.ar\/noticias-villa-maria\/el-municerca-8-tiene-nueva-sede-en-el-parque-pereira-y-dominguez\/#primaryimage","url":"https:\/\/i0.wp.com\/elregionalvm.com.ar\/noticias-villa-maria\/wp-content\/uploads\/2022\/09\/WhatsApp-Image-2022-09-30-at-13.50.39.jpeg?fit=1600%2C1067&ssl=1","contentUrl":"https:\/\/i0.wp.com\/elregionalvm.com.ar\/noticias-villa-maria\/wp-content\/uploads\/2022\/09\/WhatsApp-Image-2022-09-30-at-13.50.39.jpeg?fit=1600%2C1067&ssl=1","width":1600,"height":1067},{"@type":"BreadcrumbList","@id":"http:\/\/elregionalvm.com.ar\/noticias-villa-maria\/el-municerca-8-tiene-nueva-sede-en-el-parque-pereira-y-dominguez\/#breadcrumb","itemListElement":[{"@type":"ListItem","position":1,"name":"Portada","item":"https:\/\/elregionalvm.com.ar\/noticias-villa-maria\/"},{"@type":"ListItem","position":2,"name":"El MuniCerca 8 tiene nueva sede en el Parque Pereira y Dom\u00ednguez"}]},{"@type":"WebSite","@id":"http:\/\/elregionalvm.com.ar\/noticias-villa-maria\/#website","url":"http:\/\/elregionalvm.com.ar\/noticias-villa-maria\/","name":"El Regional","description":"Mucho m\u00e1s que informaci\u00f3n","potentialAction":[{"@type":"SearchAction","target":{"@type":"EntryPoint","urlTemplate":"http:\/\/elregionalvm.com.ar\/noticias-villa-maria\/?s={search_term_string}"},"query-input":{"@type":"PropertyValueSpecification","valueRequired":true,"valueName":"search_term_string"}}],"inLanguage":"es"},{"@type":"Person","@id":"http:\/\/elregionalvm.com.ar\/noticias-villa-maria\/#\/schema\/person\/a0fb9c422317faca23d50163151bc354","name":"Contenidos El Regional","image":{"@type":"ImageObject","inLanguage":"es","@id":"http:\/\/elregionalvm.com.ar\/noticias-villa-maria\/#\/schema\/person\/image\/","url":"https:\/\/secure.gravatar.com\/avatar\/265b27cb2209af7bb3a1318f03305787d7981a5cc6e6cd08fe5a4ecdf99d4b48?s=96&d=mm&r=g","contentUrl":"https:\/\/secure.gravatar.com\/avatar\/265b27cb2209af7bb3a1318f03305787d7981a5cc6e6cd08fe5a4ecdf99d4b48?s=96&d=mm&r=g","caption":"Contenidos El Regional"},"url":"https:\/\/elregionalvm.com.ar\/noticias-villa-maria\/author\/contenido\/"}]}},"jetpack_featured_media_url":"https:\/\/i0.wp.com\/elregionalvm.com.ar\/noticias-villa-maria\/wp-content\/uploads\/2022\/09\/WhatsApp-Image-2022-09-30-at-13.50.39.jpeg?fit=1600%2C1067&ssl=1","jetpack_sharing_enabled":true,"_links":{"self":[{"href":"https:\/\/elregionalvm.com.ar\/noticias-villa-maria\/wp-json\/wp\/v2\/posts\/64942","targetHints":{"allow":["GET"]}}],"collection":[{"href":"https:\/\/elregionalvm.com.ar\/noticias-villa-maria\/wp-json\/wp\/v2\/posts"}],"about":[{"href":"https:\/\/elregionalvm.com.ar\/noticias-villa-maria\/wp-json\/wp\/v2\/types\/post"}],"author":[{"embeddable":true,"href":"https:\/\/elregionalvm.com.ar\/noticias-villa-maria\/wp-json\/wp\/v2\/users\/4"}],"replies":[{"embeddable":true,"href":"https:\/\/elregionalvm.com.ar\/noticias-villa-maria\/wp-json\/wp\/v2\/comments?post=64942"}],"version-history":[{"count":1,"href":"https:\/\/elregionalvm.com.ar\/noticias-villa-maria\/wp-json\/wp\/v2\/posts\/64942\/revisions"}],"predecessor-version":[{"id":64945,"href":"https:\/\/elregionalvm.com.ar\/noticias-villa-maria\/wp-json\/wp\/v2\/posts\/64942\/revisions\/64945"}],"wp:featuredmedia":[{"embeddable":true,"href":"https:\/\/elregionalvm.com.ar\/noticias-villa-maria\/wp-json\/wp\/v2\/media\/64943"}],"wp:attachment":[{"href":"https:\/\/elregionalvm.com.ar\/noticias-villa-maria\/wp-json\/wp\/v2\/media?parent=64942"}],"wp:term":[{"taxonomy":"category","embeddable":true,"href":"https:\/\/elregionalvm.com.ar\/noticias-villa-maria\/wp-json\/wp\/v2\/categories?post=64942"},{"taxonomy":"post_tag","embeddable":true,"href":"https:\/\/elregionalvm.com.ar\/noticias-villa-maria\/wp-json\/wp\/v2\/tags?post=64942"}],"curies":[{"name":"wp","href":"https:\/\/api.w.org\/{rel}","templated":true}]}}