{"id":65458,"date":"2022-10-12T00:46:27","date_gmt":"2022-10-12T00:46:27","guid":{"rendered":"https:\/\/elregionalvm.com.ar\/noticias-villa-maria\/?p=65458"},"modified":"2022-10-12T00:46:29","modified_gmt":"2022-10-12T00:46:29","slug":"dos-detenidos-uno-por-resistencia-a-la-autoridad-y-otro-por-amenazar-a-su-propia-abuela","status":"publish","type":"post","link":"https:\/\/elregionalvm.com.ar\/noticias-villa-maria\/dos-detenidos-uno-por-resistencia-a-la-autoridad-y-otro-por-amenazar-a-su-propia-abuela\/","title":{"rendered":"Dos detenidos: uno por resistencia  a la autoridad y otro por amenazar a su propia abuela"},"content":{"rendered":"\n<p>Aproximadamente a la 01:00 de este martes, en la intersecci\u00f3n de calles  Palermo y Arenales, se detuvo a un hombre de 30 a\u00f1os de edad por supuesto autor del delito de \u201cresistencia a la autoridad\u201d.<\/p>\n\n\n\n<p>El sujeto hab\u00eda intentado ingresar a un domicilio pero gracias al alerta de un vecino mediante llamado a la l\u00ednea de emergencias 911, por lo que se procedi\u00f3 al control del masculino, que respond\u00eda a las caracter\u00edsticas aportadas en la descripci\u00f3n del llamado, pero \u00e9ste reaccion\u00f3 en contra del proceder policial y ante la persistente resistencia se procedi\u00f3 a su aprehensi\u00f3n.<\/p>\n\n\n\n<p><strong>Villa Nueva: detenido por amenazar a su propia abuela<\/strong><\/p>\n\n\n\n<p>En la tarde de este martes, a las 18:25, personal de la patrulla preventiva de la ciudad de Villa Nueva, en la intersecci\u00f3n de calles San Luis y De\u00e1n Funes,  procedi\u00f3 a hacer efectiva la orden de detenci\u00f3n de un joven de 19 a\u00f1os de edad por supuesto autor del delito de \u201camenazas\u201d.<\/p>\n\n\n\n<p>Dicha actuaci\u00f3n se dio  en el marco de una causa de violencia familiar, donde  result\u00f3 damnificada su abuela, una mujer de 73 a\u00f1os de edad, de acuerdo a lo solicitado por la fiscal\u00eda de tercer turno a cargo del Fiscal Ren\u00e9 Bosio. <\/p>\n","protected":false},"excerpt":{"rendered":"<p>Aproximadamente a la 01:00 de este martes, en la intersecci\u00f3n de calles Palermo y Arenales, se detuvo a un hombre de 30 a\u00f1os de edad por supuesto autor del delito de \u201cresistencia a la autoridad\u201d. El sujeto hab\u00eda intentado ingresar a un domicilio pero gracias al alerta de un vecino mediante llamado a la l\u00ednea [&hellip;]<\/p>\n","protected":false},"author":4,"featured_media":65459,"comment_status":"open","ping_status":"open","sticky":false,"template":"","format":"standard","meta":{"site-sidebar-layout":"default","site-content-layout":"","ast-site-content-layout":"default","site-content-style":"default","site-sidebar-style":"default","ast-global-header-display":"","ast-banner-title-visibility":"","ast-main-header-display":"","ast-hfb-above-header-display":"","ast-hfb-below-header-display":"","ast-hfb-mobile-header-display":"","site-post-title":"","ast-breadcrumbs-content":"","ast-featured-img":"","footer-sml-layout":"","ast-disable-related-posts":"","theme-transparent-header-meta":"","adv-header-id-meta":"","stick-header-meta":"","header-above-stick-meta":"","header-main-stick-meta":"","header-below-stick-meta":"","astra-migrate-meta-layouts":"default","ast-page-background-enabled":"default","ast-page-background-meta":{"desktop":{"background-color":"","background-image":"","background-repeat":"repeat","background-position":"center center","background-size":"auto","background-attachment":"scroll","background-type":"","background-media":"","overlay-type":"","overlay-color":"","overlay-opacity":"","overlay-gradient":""},"tablet":{"background-color":"","background-image":"","background-repeat":"repeat","background-position":"center center","background-size":"auto","background-attachment":"scroll","background-type":"","background-media":"","overlay-type":"","overlay-color":"","overlay-opacity":"","overlay-gradient":""},"mobile":{"background-color":"","background-image":"","background-repeat":"repeat","background-position":"center center","background-size":"auto","background-attachment":"scroll","background-type":"","background-media":"","overlay-type":"","overlay-color":"","overlay-opacity":"","overlay-gradient":""}},"ast-content-background-meta":{"desktop":{"background-color":"var(--ast-global-color-5)","background-image":"","background-repeat":"repeat","background-position":"center center","background-size":"auto","background-attachment":"scroll","background-type":"","background-media":"","overlay-type":"","overlay-color":"","overlay-opacity":"","overlay-gradient":""},"tablet":{"background-color":"var(--ast-global-color-5)","background-image":"","background-repeat":"repeat","background-position":"center center","background-size":"auto","background-attachment":"scroll","background-type":"","background-media":"","overlay-type":"","overlay-color":"","overlay-opacity":"","overlay-gradient":""},"mobile":{"background-color":"var(--ast-global-color-5)","background-image":"","background-repeat":"repeat","background-position":"center center","background-size":"auto","background-attachment":"scroll","background-type":"","background-media":"","overlay-type":"","overlay-color":"","overlay-opacity":"","overlay-gradient":""}},"_jetpack_memberships_contains_paid_content":false,"_joinchat":[],"footnotes":""},"categories":[2234],"tags":[2103,18796,3062,741,8994,2248,232,995],"class_list":["post-65458","post","type-post","status-publish","format-standard","has-post-thumbnail","hentry","category-policiales","tag-amenazas","tag-amenazas-a-su-abuela","tag-dos-detenidos","tag-policiales","tag-resistencia-a-la-autoridad","tag-villa-maria-2","tag-villa-nueva","tag-violencia"],"yoast_head":"<!-- This site is optimized with the Yoast SEO plugin v26.8 - https:\/\/yoast.com\/product\/yoast-seo-wordpress\/ -->\n<title>Dos detenidos: uno por resistencia a la autoridad y otro por amenazar a su propia abuela - El Regional<\/title>\n<meta name=\"robots\" content=\"index, follow, max-snippet:-1, max-image-preview:large, max-video-preview:-1\" \/>\n<link rel=\"canonical\" href=\"http:\/\/elregionalvm.com.ar\/noticias-villa-maria\/dos-detenidos-uno-por-resistencia-a-la-autoridad-y-otro-por-amenazar-a-su-propia-abuela\/\" \/>\n<meta property=\"og:locale\" content=\"es_ES\" \/>\n<meta property=\"og:type\" content=\"article\" \/>\n<meta property=\"og:title\" content=\"Dos detenidos: uno por resistencia a la autoridad y otro por amenazar a su propia abuela - El Regional\" \/>\n<meta property=\"og:description\" content=\"Aproximadamente a la 01:00 de este martes, en la intersecci\u00f3n de calles Palermo y Arenales, se detuvo a un hombre de 30 a\u00f1os de edad por supuesto autor del delito de \u201cresistencia a la autoridad\u201d. El sujeto hab\u00eda intentado ingresar a un domicilio pero gracias al alerta de un vecino mediante llamado a la l\u00ednea [&hellip;]\" \/>\n<meta property=\"og:url\" content=\"http:\/\/elregionalvm.com.ar\/noticias-villa-maria\/dos-detenidos-uno-por-resistencia-a-la-autoridad-y-otro-por-amenazar-a-su-propia-abuela\/\" \/>\n<meta property=\"og:site_name\" content=\"El Regional\" \/>\n<meta property=\"article:publisher\" content=\"https:\/\/www.facebook.com\/elregionalvm\" \/>\n<meta property=\"article:published_time\" content=\"2022-10-12T00:46:27+00:00\" \/>\n<meta property=\"article:modified_time\" content=\"2022-10-12T00:46:29+00:00\" \/>\n<meta property=\"og:image\" content=\"http:\/\/elregionalvm.com.ar\/noticias-villa-maria\/wp-content\/uploads\/2022\/10\/WhatsApp-Image-2022-10-11-at-18.45.00.jpeg\" \/>\n\t<meta property=\"og:image:width\" content=\"1200\" \/>\n\t<meta property=\"og:image:height\" content=\"1600\" \/>\n\t<meta property=\"og:image:type\" content=\"image\/jpeg\" \/>\n<meta name=\"author\" content=\"Contenidos El Regional\" \/>\n<meta name=\"twitter:card\" content=\"summary_large_image\" \/>\n<meta name=\"twitter:creator\" content=\"@elregionalvm1\" \/>\n<meta name=\"twitter:site\" content=\"@elregionalvm1\" \/>\n<meta name=\"twitter:label1\" content=\"Escrito por\" \/>\n\t<meta name=\"twitter:data1\" content=\"Contenidos El Regional\" \/>\n\t<meta name=\"twitter:label2\" content=\"Tiempo de lectura\" \/>\n\t<meta name=\"twitter:data2\" content=\"1 minuto\" \/>\n<script type=\"application\/ld+json\" class=\"yoast-schema-graph\">{\"@context\":\"https:\/\/schema.org\",\"@graph\":[{\"@type\":\"Article\",\"@id\":\"http:\/\/elregionalvm.com.ar\/noticias-villa-maria\/dos-detenidos-uno-por-resistencia-a-la-autoridad-y-otro-por-amenazar-a-su-propia-abuela\/#article\",\"isPartOf\":{\"@id\":\"http:\/\/elregionalvm.com.ar\/noticias-villa-maria\/dos-detenidos-uno-por-resistencia-a-la-autoridad-y-otro-por-amenazar-a-su-propia-abuela\/\"},\"author\":{\"name\":\"Contenidos El Regional\",\"@id\":\"http:\/\/elregionalvm.com.ar\/noticias-villa-maria\/#\/schema\/person\/a0fb9c422317faca23d50163151bc354\"},\"headline\":\"Dos detenidos: uno por resistencia a la autoridad y otro por amenazar a su propia abuela\",\"datePublished\":\"2022-10-12T00:46:27+00:00\",\"dateModified\":\"2022-10-12T00:46:29+00:00\",\"mainEntityOfPage\":{\"@id\":\"http:\/\/elregionalvm.com.ar\/noticias-villa-maria\/dos-detenidos-uno-por-resistencia-a-la-autoridad-y-otro-por-amenazar-a-su-propia-abuela\/\"},\"wordCount\":225,\"commentCount\":0,\"image\":{\"@id\":\"http:\/\/elregionalvm.com.ar\/noticias-villa-maria\/dos-detenidos-uno-por-resistencia-a-la-autoridad-y-otro-por-amenazar-a-su-propia-abuela\/#primaryimage\"},\"thumbnailUrl\":\"https:\/\/i0.wp.com\/elregionalvm.com.ar\/noticias-villa-maria\/wp-content\/uploads\/2022\/10\/WhatsApp-Image-2022-10-11-at-18.45.00.jpeg?fit=1200%2C1600&ssl=1\",\"keywords\":[\"Amenazas\",\"amenazas a su abuela\",\"dos detenidos\",\"Policiales\",\"resistencia a la autoridad\",\"Villa Mar\u00eda\",\"VILLA NUEVA\",\"Violencia\"],\"articleSection\":[\"Policiales\"],\"inLanguage\":\"es\",\"potentialAction\":[{\"@type\":\"CommentAction\",\"name\":\"Comment\",\"target\":[\"http:\/\/elregionalvm.com.ar\/noticias-villa-maria\/dos-detenidos-uno-por-resistencia-a-la-autoridad-y-otro-por-amenazar-a-su-propia-abuela\/#respond\"]}]},{\"@type\":\"WebPage\",\"@id\":\"http:\/\/elregionalvm.com.ar\/noticias-villa-maria\/dos-detenidos-uno-por-resistencia-a-la-autoridad-y-otro-por-amenazar-a-su-propia-abuela\/\",\"url\":\"http:\/\/elregionalvm.com.ar\/noticias-villa-maria\/dos-detenidos-uno-por-resistencia-a-la-autoridad-y-otro-por-amenazar-a-su-propia-abuela\/\",\"name\":\"Dos detenidos: uno por resistencia a la autoridad y otro por amenazar a su propia abuela - El Regional\",\"isPartOf\":{\"@id\":\"http:\/\/elregionalvm.com.ar\/noticias-villa-maria\/#website\"},\"primaryImageOfPage\":{\"@id\":\"http:\/\/elregionalvm.com.ar\/noticias-villa-maria\/dos-detenidos-uno-por-resistencia-a-la-autoridad-y-otro-por-amenazar-a-su-propia-abuela\/#primaryimage\"},\"image\":{\"@id\":\"http:\/\/elregionalvm.com.ar\/noticias-villa-maria\/dos-detenidos-uno-por-resistencia-a-la-autoridad-y-otro-por-amenazar-a-su-propia-abuela\/#primaryimage\"},\"thumbnailUrl\":\"https:\/\/i0.wp.com\/elregionalvm.com.ar\/noticias-villa-maria\/wp-content\/uploads\/2022\/10\/WhatsApp-Image-2022-10-11-at-18.45.00.jpeg?fit=1200%2C1600&ssl=1\",\"datePublished\":\"2022-10-12T00:46:27+00:00\",\"dateModified\":\"2022-10-12T00:46:29+00:00\",\"author\":{\"@id\":\"http:\/\/elregionalvm.com.ar\/noticias-villa-maria\/#\/schema\/person\/a0fb9c422317faca23d50163151bc354\"},\"breadcrumb\":{\"@id\":\"http:\/\/elregionalvm.com.ar\/noticias-villa-maria\/dos-detenidos-uno-por-resistencia-a-la-autoridad-y-otro-por-amenazar-a-su-propia-abuela\/#breadcrumb\"},\"inLanguage\":\"es\",\"potentialAction\":[{\"@type\":\"ReadAction\",\"target\":[\"http:\/\/elregionalvm.com.ar\/noticias-villa-maria\/dos-detenidos-uno-por-resistencia-a-la-autoridad-y-otro-por-amenazar-a-su-propia-abuela\/\"]}]},{\"@type\":\"ImageObject\",\"inLanguage\":\"es\",\"@id\":\"http:\/\/elregionalvm.com.ar\/noticias-villa-maria\/dos-detenidos-uno-por-resistencia-a-la-autoridad-y-otro-por-amenazar-a-su-propia-abuela\/#primaryimage\",\"url\":\"https:\/\/i0.wp.com\/elregionalvm.com.ar\/noticias-villa-maria\/wp-content\/uploads\/2022\/10\/WhatsApp-Image-2022-10-11-at-18.45.00.jpeg?fit=1200%2C1600&ssl=1\",\"contentUrl\":\"https:\/\/i0.wp.com\/elregionalvm.com.ar\/noticias-villa-maria\/wp-content\/uploads\/2022\/10\/WhatsApp-Image-2022-10-11-at-18.45.00.jpeg?fit=1200%2C1600&ssl=1\",\"width\":1200,\"height\":1600},{\"@type\":\"BreadcrumbList\",\"@id\":\"http:\/\/elregionalvm.com.ar\/noticias-villa-maria\/dos-detenidos-uno-por-resistencia-a-la-autoridad-y-otro-por-amenazar-a-su-propia-abuela\/#breadcrumb\",\"itemListElement\":[{\"@type\":\"ListItem\",\"position\":1,\"name\":\"Portada\",\"item\":\"https:\/\/elregionalvm.com.ar\/noticias-villa-maria\/\"},{\"@type\":\"ListItem\",\"position\":2,\"name\":\"Dos detenidos: uno por resistencia a la autoridad y otro por amenazar a su propia abuela\"}]},{\"@type\":\"WebSite\",\"@id\":\"http:\/\/elregionalvm.com.ar\/noticias-villa-maria\/#website\",\"url\":\"http:\/\/elregionalvm.com.ar\/noticias-villa-maria\/\",\"name\":\"El Regional\",\"description\":\"Mucho m\u00e1s que informaci\u00f3n\",\"potentialAction\":[{\"@type\":\"SearchAction\",\"target\":{\"@type\":\"EntryPoint\",\"urlTemplate\":\"http:\/\/elregionalvm.com.ar\/noticias-villa-maria\/?s={search_term_string}\"},\"query-input\":{\"@type\":\"PropertyValueSpecification\",\"valueRequired\":true,\"valueName\":\"search_term_string\"}}],\"inLanguage\":\"es\"},{\"@type\":\"Person\",\"@id\":\"http:\/\/elregionalvm.com.ar\/noticias-villa-maria\/#\/schema\/person\/a0fb9c422317faca23d50163151bc354\",\"name\":\"Contenidos El Regional\",\"image\":{\"@type\":\"ImageObject\",\"inLanguage\":\"es\",\"@id\":\"http:\/\/elregionalvm.com.ar\/noticias-villa-maria\/#\/schema\/person\/image\/\",\"url\":\"https:\/\/secure.gravatar.com\/avatar\/265b27cb2209af7bb3a1318f03305787d7981a5cc6e6cd08fe5a4ecdf99d4b48?s=96&d=mm&r=g\",\"contentUrl\":\"https:\/\/secure.gravatar.com\/avatar\/265b27cb2209af7bb3a1318f03305787d7981a5cc6e6cd08fe5a4ecdf99d4b48?s=96&d=mm&r=g\",\"caption\":\"Contenidos El Regional\"},\"url\":\"https:\/\/elregionalvm.com.ar\/noticias-villa-maria\/author\/contenido\/\"}]}<\/script>\n<!-- \/ Yoast SEO plugin. -->","yoast_head_json":{"title":"Dos detenidos: uno por resistencia a la autoridad y otro por amenazar a su propia abuela - El Regional","robots":{"index":"index","follow":"follow","max-snippet":"max-snippet:-1","max-image-preview":"max-image-preview:large","max-video-preview":"max-video-preview:-1"},"canonical":"http:\/\/elregionalvm.com.ar\/noticias-villa-maria\/dos-detenidos-uno-por-resistencia-a-la-autoridad-y-otro-por-amenazar-a-su-propia-abuela\/","og_locale":"es_ES","og_type":"article","og_title":"Dos detenidos: uno por resistencia a la autoridad y otro por amenazar a su propia abuela - El Regional","og_description":"Aproximadamente a la 01:00 de este martes, en la intersecci\u00f3n de calles Palermo y Arenales, se detuvo a un hombre de 30 a\u00f1os de edad por supuesto autor del delito de \u201cresistencia a la autoridad\u201d. El sujeto hab\u00eda intentado ingresar a un domicilio pero gracias al alerta de un vecino mediante llamado a la l\u00ednea [&hellip;]","og_url":"http:\/\/elregionalvm.com.ar\/noticias-villa-maria\/dos-detenidos-uno-por-resistencia-a-la-autoridad-y-otro-por-amenazar-a-su-propia-abuela\/","og_site_name":"El Regional","article_publisher":"https:\/\/www.facebook.com\/elregionalvm","article_published_time":"2022-10-12T00:46:27+00:00","article_modified_time":"2022-10-12T00:46:29+00:00","og_image":[{"width":1200,"height":1600,"url":"http:\/\/elregionalvm.com.ar\/noticias-villa-maria\/wp-content\/uploads\/2022\/10\/WhatsApp-Image-2022-10-11-at-18.45.00.jpeg","type":"image\/jpeg"}],"author":"Contenidos El Regional","twitter_card":"summary_large_image","twitter_creator":"@elregionalvm1","twitter_site":"@elregionalvm1","twitter_misc":{"Escrito por":"Contenidos El Regional","Tiempo de lectura":"1 minuto"},"schema":{"@context":"https:\/\/schema.org","@graph":[{"@type":"Article","@id":"http:\/\/elregionalvm.com.ar\/noticias-villa-maria\/dos-detenidos-uno-por-resistencia-a-la-autoridad-y-otro-por-amenazar-a-su-propia-abuela\/#article","isPartOf":{"@id":"http:\/\/elregionalvm.com.ar\/noticias-villa-maria\/dos-detenidos-uno-por-resistencia-a-la-autoridad-y-otro-por-amenazar-a-su-propia-abuela\/"},"author":{"name":"Contenidos El Regional","@id":"http:\/\/elregionalvm.com.ar\/noticias-villa-maria\/#\/schema\/person\/a0fb9c422317faca23d50163151bc354"},"headline":"Dos detenidos: uno por resistencia a la autoridad y otro por amenazar a su propia abuela","datePublished":"2022-10-12T00:46:27+00:00","dateModified":"2022-10-12T00:46:29+00:00","mainEntityOfPage":{"@id":"http:\/\/elregionalvm.com.ar\/noticias-villa-maria\/dos-detenidos-uno-por-resistencia-a-la-autoridad-y-otro-por-amenazar-a-su-propia-abuela\/"},"wordCount":225,"commentCount":0,"image":{"@id":"http:\/\/elregionalvm.com.ar\/noticias-villa-maria\/dos-detenidos-uno-por-resistencia-a-la-autoridad-y-otro-por-amenazar-a-su-propia-abuela\/#primaryimage"},"thumbnailUrl":"https:\/\/i0.wp.com\/elregionalvm.com.ar\/noticias-villa-maria\/wp-content\/uploads\/2022\/10\/WhatsApp-Image-2022-10-11-at-18.45.00.jpeg?fit=1200%2C1600&ssl=1","keywords":["Amenazas","amenazas a su abuela","dos detenidos","Policiales","resistencia a la autoridad","Villa Mar\u00eda","VILLA NUEVA","Violencia"],"articleSection":["Policiales"],"inLanguage":"es","potentialAction":[{"@type":"CommentAction","name":"Comment","target":["http:\/\/elregionalvm.com.ar\/noticias-villa-maria\/dos-detenidos-uno-por-resistencia-a-la-autoridad-y-otro-por-amenazar-a-su-propia-abuela\/#respond"]}]},{"@type":"WebPage","@id":"http:\/\/elregionalvm.com.ar\/noticias-villa-maria\/dos-detenidos-uno-por-resistencia-a-la-autoridad-y-otro-por-amenazar-a-su-propia-abuela\/","url":"http:\/\/elregionalvm.com.ar\/noticias-villa-maria\/dos-detenidos-uno-por-resistencia-a-la-autoridad-y-otro-por-amenazar-a-su-propia-abuela\/","name":"Dos detenidos: uno por resistencia a la autoridad y otro por amenazar a su propia abuela - El Regional","isPartOf":{"@id":"http:\/\/elregionalvm.com.ar\/noticias-villa-maria\/#website"},"primaryImageOfPage":{"@id":"http:\/\/elregionalvm.com.ar\/noticias-villa-maria\/dos-detenidos-uno-por-resistencia-a-la-autoridad-y-otro-por-amenazar-a-su-propia-abuela\/#primaryimage"},"image":{"@id":"http:\/\/elregionalvm.com.ar\/noticias-villa-maria\/dos-detenidos-uno-por-resistencia-a-la-autoridad-y-otro-por-amenazar-a-su-propia-abuela\/#primaryimage"},"thumbnailUrl":"https:\/\/i0.wp.com\/elregionalvm.com.ar\/noticias-villa-maria\/wp-content\/uploads\/2022\/10\/WhatsApp-Image-2022-10-11-at-18.45.00.jpeg?fit=1200%2C1600&ssl=1","datePublished":"2022-10-12T00:46:27+00:00","dateModified":"2022-10-12T00:46:29+00:00","author":{"@id":"http:\/\/elregionalvm.com.ar\/noticias-villa-maria\/#\/schema\/person\/a0fb9c422317faca23d50163151bc354"},"breadcrumb":{"@id":"http:\/\/elregionalvm.com.ar\/noticias-villa-maria\/dos-detenidos-uno-por-resistencia-a-la-autoridad-y-otro-por-amenazar-a-su-propia-abuela\/#breadcrumb"},"inLanguage":"es","potentialAction":[{"@type":"ReadAction","target":["http:\/\/elregionalvm.com.ar\/noticias-villa-maria\/dos-detenidos-uno-por-resistencia-a-la-autoridad-y-otro-por-amenazar-a-su-propia-abuela\/"]}]},{"@type":"ImageObject","inLanguage":"es","@id":"http:\/\/elregionalvm.com.ar\/noticias-villa-maria\/dos-detenidos-uno-por-resistencia-a-la-autoridad-y-otro-por-amenazar-a-su-propia-abuela\/#primaryimage","url":"https:\/\/i0.wp.com\/elregionalvm.com.ar\/noticias-villa-maria\/wp-content\/uploads\/2022\/10\/WhatsApp-Image-2022-10-11-at-18.45.00.jpeg?fit=1200%2C1600&ssl=1","contentUrl":"https:\/\/i0.wp.com\/elregionalvm.com.ar\/noticias-villa-maria\/wp-content\/uploads\/2022\/10\/WhatsApp-Image-2022-10-11-at-18.45.00.jpeg?fit=1200%2C1600&ssl=1","width":1200,"height":1600},{"@type":"BreadcrumbList","@id":"http:\/\/elregionalvm.com.ar\/noticias-villa-maria\/dos-detenidos-uno-por-resistencia-a-la-autoridad-y-otro-por-amenazar-a-su-propia-abuela\/#breadcrumb","itemListElement":[{"@type":"ListItem","position":1,"name":"Portada","item":"https:\/\/elregionalvm.com.ar\/noticias-villa-maria\/"},{"@type":"ListItem","position":2,"name":"Dos detenidos: uno por resistencia a la autoridad y otro por amenazar a su propia abuela"}]},{"@type":"WebSite","@id":"http:\/\/elregionalvm.com.ar\/noticias-villa-maria\/#website","url":"http:\/\/elregionalvm.com.ar\/noticias-villa-maria\/","name":"El Regional","description":"Mucho m\u00e1s que informaci\u00f3n","potentialAction":[{"@type":"SearchAction","target":{"@type":"EntryPoint","urlTemplate":"http:\/\/elregionalvm.com.ar\/noticias-villa-maria\/?s={search_term_string}"},"query-input":{"@type":"PropertyValueSpecification","valueRequired":true,"valueName":"search_term_string"}}],"inLanguage":"es"},{"@type":"Person","@id":"http:\/\/elregionalvm.com.ar\/noticias-villa-maria\/#\/schema\/person\/a0fb9c422317faca23d50163151bc354","name":"Contenidos El Regional","image":{"@type":"ImageObject","inLanguage":"es","@id":"http:\/\/elregionalvm.com.ar\/noticias-villa-maria\/#\/schema\/person\/image\/","url":"https:\/\/secure.gravatar.com\/avatar\/265b27cb2209af7bb3a1318f03305787d7981a5cc6e6cd08fe5a4ecdf99d4b48?s=96&d=mm&r=g","contentUrl":"https:\/\/secure.gravatar.com\/avatar\/265b27cb2209af7bb3a1318f03305787d7981a5cc6e6cd08fe5a4ecdf99d4b48?s=96&d=mm&r=g","caption":"Contenidos El Regional"},"url":"https:\/\/elregionalvm.com.ar\/noticias-villa-maria\/author\/contenido\/"}]}},"jetpack_featured_media_url":"https:\/\/i0.wp.com\/elregionalvm.com.ar\/noticias-villa-maria\/wp-content\/uploads\/2022\/10\/WhatsApp-Image-2022-10-11-at-18.45.00.jpeg?fit=1200%2C1600&ssl=1","jetpack_sharing_enabled":true,"_links":{"self":[{"href":"https:\/\/elregionalvm.com.ar\/noticias-villa-maria\/wp-json\/wp\/v2\/posts\/65458","targetHints":{"allow":["GET"]}}],"collection":[{"href":"https:\/\/elregionalvm.com.ar\/noticias-villa-maria\/wp-json\/wp\/v2\/posts"}],"about":[{"href":"https:\/\/elregionalvm.com.ar\/noticias-villa-maria\/wp-json\/wp\/v2\/types\/post"}],"author":[{"embeddable":true,"href":"https:\/\/elregionalvm.com.ar\/noticias-villa-maria\/wp-json\/wp\/v2\/users\/4"}],"replies":[{"embeddable":true,"href":"https:\/\/elregionalvm.com.ar\/noticias-villa-maria\/wp-json\/wp\/v2\/comments?post=65458"}],"version-history":[{"count":1,"href":"https:\/\/elregionalvm.com.ar\/noticias-villa-maria\/wp-json\/wp\/v2\/posts\/65458\/revisions"}],"predecessor-version":[{"id":65460,"href":"https:\/\/elregionalvm.com.ar\/noticias-villa-maria\/wp-json\/wp\/v2\/posts\/65458\/revisions\/65460"}],"wp:featuredmedia":[{"embeddable":true,"href":"https:\/\/elregionalvm.com.ar\/noticias-villa-maria\/wp-json\/wp\/v2\/media\/65459"}],"wp:attachment":[{"href":"https:\/\/elregionalvm.com.ar\/noticias-villa-maria\/wp-json\/wp\/v2\/media?parent=65458"}],"wp:term":[{"taxonomy":"category","embeddable":true,"href":"https:\/\/elregionalvm.com.ar\/noticias-villa-maria\/wp-json\/wp\/v2\/categories?post=65458"},{"taxonomy":"post_tag","embeddable":true,"href":"https:\/\/elregionalvm.com.ar\/noticias-villa-maria\/wp-json\/wp\/v2\/tags?post=65458"}],"curies":[{"name":"wp","href":"https:\/\/api.w.org\/{rel}","templated":true}]}}