{"id":65465,"date":"2022-10-12T19:53:33","date_gmt":"2022-10-12T19:53:33","guid":{"rendered":"https:\/\/elregionalvm.com.ar\/noticias-villa-maria\/?p=65465"},"modified":"2022-10-18T13:12:54","modified_gmt":"2022-10-18T13:12:54","slug":"informe-mejor-que-cordoba-y-el-pais-pero-hay-casi-20-mil-villamarienses-pobres","status":"publish","type":"post","link":"https:\/\/elregionalvm.com.ar\/noticias-villa-maria\/informe-mejor-que-cordoba-y-el-pais-pero-hay-casi-20-mil-villamarienses-pobres\/","title":{"rendered":"[Informe] Mejor que C\u00f3rdoba y el pa\u00eds, pero hay casi 20 mil villamarienses pobres"},"content":{"rendered":"\n<p><\/p>\n\n\n\n<p><\/p>\n\n\n\n<h3 class=\"wp-block-heading\"><strong>A Villa Mar\u00eda le va bien en las estad\u00edsticas de pobreza en relaci\u00f3n con otros distritos. Posee 14 puntos porcentuales menos que la medici\u00f3n a nivel pa\u00eds, 18 menos que la ciudad de C\u00f3rdoba y est\u00e1 10 puntos abajo en comparaci\u00f3n con R\u00edo Cuarto. Pero, de todas formas, hay casi 20 mil villamarienses debajo de la l\u00ednea de pobreza, seg\u00fan el \u00faltimo registro del Centro Estad\u00edstico Municipal.<\/strong><\/h3>\n\n\n\n<p><\/p>\n\n\n\n<p><strong>Escribe: Germ\u00e1n Giacchero<\/strong><\/p>\n\n\n\n<p><\/p>\n\n\n\n<p>En Villa Mar\u00eda hay 19.730 personas que viven en la pobreza, de las casi 90 mil que la habitan. <\/p>\n\n\n\n<p>Seg\u00fan el \u00faltimo informe del Centro Estad\u00edstico Municipal, en el primer semestre de 2022 la tasa de pobreza en personas en la ciudad se ubic\u00f3 en 22,14%, mientras que la de la indigencia alcanz\u00f3 el 3,85%.<\/p>\n\n\n\n<p>Este porcentaje representa en t\u00e9rminos generales que dos de cada diez villamarienses son pobres. Dicho de esta manera, el n\u00famero no enciende alarmas, sobre todo pensando que son registros mucho m\u00e1s bajos que los indicadores observados durante la \u00e9poca de pandemia, cuando la pobreza superaba el 30%.<\/p>\n\n\n\n<p>Pero, cuando se toma en cuenta la poblaci\u00f3n urbana estimada por el propio organismo estad\u00edstico local para el a\u00f1o 2021, que alcanza un total de 89.116 habitantes, un simple c\u00e1lculo permite conocer que casi 20 mil vecinos y vecinas ven vulneradas sus condiciones de vida de manera cotidiana.<\/p>\n\n\n\n<p>Se trata, a groso modo, de una cantidad similar a la poblaci\u00f3n de Villa Nueva, seg\u00fan el censo 2010, o de la capacidad colmada del Anfiteatro  durante dos noches de Festival de Pe\u00f1as. <\/p>\n\n\n\n<p><\/p>\n\n\n\n<figure class=\"wp-block-image size-large\"><img data-recalc-dims=\"1\" fetchpriority=\"high\" decoding=\"async\" width=\"1024\" height=\"366\" src=\"https:\/\/i0.wp.com\/elregionalvm.com.ar\/noticias-villa-maria\/wp-content\/uploads\/2022\/10\/PObreza-Villa-Maria-junio-2022-grafico.jpg?resize=1024%2C366&#038;ssl=1\" alt=\"\" class=\"wp-image-65470\" srcset=\"https:\/\/i0.wp.com\/elregionalvm.com.ar\/noticias-villa-maria\/wp-content\/uploads\/2022\/10\/PObreza-Villa-Maria-junio-2022-grafico.jpg?resize=1024%2C366&amp;ssl=1 1024w, https:\/\/i0.wp.com\/elregionalvm.com.ar\/noticias-villa-maria\/wp-content\/uploads\/2022\/10\/PObreza-Villa-Maria-junio-2022-grafico.jpg?resize=300%2C107&amp;ssl=1 300w, https:\/\/i0.wp.com\/elregionalvm.com.ar\/noticias-villa-maria\/wp-content\/uploads\/2022\/10\/PObreza-Villa-Maria-junio-2022-grafico.jpg?resize=768%2C275&amp;ssl=1 768w, https:\/\/i0.wp.com\/elregionalvm.com.ar\/noticias-villa-maria\/wp-content\/uploads\/2022\/10\/PObreza-Villa-Maria-junio-2022-grafico.jpg?w=1147&amp;ssl=1 1147w\" sizes=\"(max-width: 1000px) 100vw, 1000px\" \/><figcaption><em>Los \u00edndices de pobreza y desempleo en la ciudad. <\/em><\/figcaption><\/figure>\n\n\n\n<p><\/p>\n\n\n\n<p><\/p>\n\n\n\n<p>Esa proporci\u00f3n generalizada a la ciudad no alcanza para describir la situaci\u00f3n en algunos barrios, donde las estad\u00edsticas de pobreza llegan a duplicarse. En los sectores comprendidos en el Municerca 7 (Carlos Pellegrini y Felipe Botta) hay un 41,18% de personas pobres, por ejemplo.<\/p>\n\n\n\n<p>En el otro extremo se ubican la zona c\u00e9ntrica y barrios como Palermo, Mariano Moreno, Vista Verde y Parque Norte, donde los \u00edndices de pobreza se reducen pr\u00e1cticamente a la mitad y var\u00edan entre 11% y 12%.<\/p>\n\n\n\n<p><\/p>\n\n\n\n<figure class=\"wp-block-image size-large\"><img data-recalc-dims=\"1\" decoding=\"async\" width=\"1024\" height=\"683\" src=\"https:\/\/i0.wp.com\/elregionalvm.com.ar\/noticias-villa-maria\/wp-content\/uploads\/2021\/10\/Peatonal-Villa-Maria-gente.jpg?resize=1024%2C683&#038;ssl=1\" alt=\"\" class=\"wp-image-45970\" srcset=\"https:\/\/i0.wp.com\/elregionalvm.com.ar\/noticias-villa-maria\/wp-content\/uploads\/2021\/10\/Peatonal-Villa-Maria-gente.jpg?resize=1024%2C683&amp;ssl=1 1024w, https:\/\/i0.wp.com\/elregionalvm.com.ar\/noticias-villa-maria\/wp-content\/uploads\/2021\/10\/Peatonal-Villa-Maria-gente.jpg?resize=300%2C200&amp;ssl=1 300w, https:\/\/i0.wp.com\/elregionalvm.com.ar\/noticias-villa-maria\/wp-content\/uploads\/2021\/10\/Peatonal-Villa-Maria-gente.jpg?resize=768%2C512&amp;ssl=1 768w, https:\/\/i0.wp.com\/elregionalvm.com.ar\/noticias-villa-maria\/wp-content\/uploads\/2021\/10\/Peatonal-Villa-Maria-gente.jpg?resize=1536%2C1024&amp;ssl=1 1536w, https:\/\/i0.wp.com\/elregionalvm.com.ar\/noticias-villa-maria\/wp-content\/uploads\/2021\/10\/Peatonal-Villa-Maria-gente.jpg?w=1800&amp;ssl=1 1800w\" sizes=\"(max-width: 1000px) 100vw, 1000px\" \/><\/figure>\n\n\n\n<p><\/p>\n\n\n\n<p><strong>Menos pobres<\/strong><\/p>\n\n\n\n<p>En comparaci\u00f3n con el a\u00f1o de la pandemia, 2020, la proporci\u00f3n de personas pobres se ha reducido de manera notoria en la ciudad, pero se mantiene, e incluso crece levemente, en relaci\u00f3n con las mediciones del a\u00f1o pasado.<\/p>\n\n\n\n<p>Tomando en cuenta el primer semestre de cada a\u00f1o, en 2020 la tasa fue de 30,7%, mientras que en 2021 cay\u00f3 a 21,8%, es decir, 9 puntos menos. Este a\u00f1o se mantuvo en el mismo orden, con un leve incremento de tres d\u00e9cimas, ya que se ubic\u00f3 en 22,14% (ver gr\u00e1fico).<\/p>\n\n\n\n<p>En relaci\u00f3n con la medici\u00f3n anterior, hay m\u00e1s pobreza, puesto que la tasa trep\u00f3 un punto porcentual: el registro del segundo semestre de 2021 dio 21,2%.<\/p>\n\n\n\n<p><\/p>\n\n\n\n<p><\/p>\n\n\n\n<figure class=\"wp-block-image size-full is-resized\"><img data-recalc-dims=\"1\" decoding=\"async\" src=\"https:\/\/i0.wp.com\/elregionalvm.com.ar\/noticias-villa-maria\/wp-content\/uploads\/2022\/10\/PObreza-e-indigencia-Villa-Maria-2020-a-2021-evolucion-grafico.jpg?resize=908%2C513&#038;ssl=1\" alt=\"\" class=\"wp-image-65468\" width=\"908\" height=\"513\" srcset=\"https:\/\/i0.wp.com\/elregionalvm.com.ar\/noticias-villa-maria\/wp-content\/uploads\/2022\/10\/PObreza-e-indigencia-Villa-Maria-2020-a-2021-evolucion-grafico.jpg?w=696&amp;ssl=1 696w, https:\/\/i0.wp.com\/elregionalvm.com.ar\/noticias-villa-maria\/wp-content\/uploads\/2022\/10\/PObreza-e-indigencia-Villa-Maria-2020-a-2021-evolucion-grafico.jpg?resize=300%2C169&amp;ssl=1 300w\" sizes=\"(max-width: 908px) 100vw, 908px\" \/><figcaption><em>Evoluci\u00f3n de la pobreza e indigencia en los \u00faltimos dos a\u00f1os en la ciudad. <\/em><\/figcaption><\/figure>\n\n\n\n<p><\/p>\n\n\n\n<p><\/p>\n\n\n\n<p>La tasa de indigencia, aunque present\u00f3 algunas variaciones durante los \u00faltimos dos a\u00f1os, se mantiene en el orden del 4%. La medici\u00f3n m\u00e1s reciente fue de 3,85%.<\/p>\n\n\n\n<p>De todas formas, los \u00edndices de Villa Mar\u00eda son mucho mejores en t\u00e9rminos comparativos con otras ciudades, a nivel regional y en el \u00e1mbito nacional.<\/p>\n\n\n\n<p>Comparando los datos del Indec con los del Centro Estad\u00edstico Municipal, durante la primera mitad de este a\u00f1o la ciudad registr\u00f3 14 puntos porcentuales menos de pobreza que la medici\u00f3n a nivel pa\u00eds (36,5%), 18 menos que la ciudad de C\u00f3rdoba (40%) y est\u00e1 10 puntos abajo en comparaci\u00f3n con R\u00edo Cuarto (33,9%).<\/p>\n\n\n\n<p>En cuando a la indigencia, en territorio villamariense se reduce a la mitad en relaci\u00f3n con los \u00edndices nacionales y provinciales (ver gr\u00e1fico). &nbsp;<\/p>\n\n\n\n<p><\/p>\n\n\n\n<p><\/p>\n\n\n\n<figure class=\"wp-block-image size-large\"><img data-recalc-dims=\"1\" loading=\"lazy\" decoding=\"async\" width=\"1024\" height=\"461\" src=\"https:\/\/i0.wp.com\/elregionalvm.com.ar\/noticias-villa-maria\/wp-content\/uploads\/2022\/10\/PObreza-Villa-Maria-y-provincia-y-pais-junio-2022.jpg?resize=1024%2C461&#038;ssl=1\" alt=\"\" class=\"wp-image-65469\" srcset=\"https:\/\/i0.wp.com\/elregionalvm.com.ar\/noticias-villa-maria\/wp-content\/uploads\/2022\/10\/PObreza-Villa-Maria-y-provincia-y-pais-junio-2022.jpg?resize=1024%2C461&amp;ssl=1 1024w, https:\/\/i0.wp.com\/elregionalvm.com.ar\/noticias-villa-maria\/wp-content\/uploads\/2022\/10\/PObreza-Villa-Maria-y-provincia-y-pais-junio-2022.jpg?resize=300%2C135&amp;ssl=1 300w, https:\/\/i0.wp.com\/elregionalvm.com.ar\/noticias-villa-maria\/wp-content\/uploads\/2022\/10\/PObreza-Villa-Maria-y-provincia-y-pais-junio-2022.jpg?resize=768%2C346&amp;ssl=1 768w, https:\/\/i0.wp.com\/elregionalvm.com.ar\/noticias-villa-maria\/wp-content\/uploads\/2022\/10\/PObreza-Villa-Maria-y-provincia-y-pais-junio-2022.jpg?w=1173&amp;ssl=1 1173w\" sizes=\"(max-width: 1000px) 100vw, 1000px\" \/><figcaption><em>Comparaci\u00f3n con otros distritos en materia de pobreza e indigencia. <\/em><\/figcaption><\/figure>\n\n\n\n<p><\/p>\n\n\n\n<p><strong>Variaciones barriales<\/strong><\/p>\n\n\n\n<p>M\u00e1s all\u00e1 del porcentaje general de 22,14%, en algunas zonas de la ciudad la pobreza se siente con mayor intensidad. Llega a duplicarse en barrios Carlos Pellegrini y Felipe Botta y supera el 30% en barrios Industrial, Las Playas, La Calera y Roque S\u00e1enz Pe\u00f1a, por citar algunos.<\/p>\n\n\n\n<p>En contraste, se reduce a la mitad en la zona del centro y en otros sitios como barrios Palermo, Vista Verde, Parque Norte y Ram\u00f3n Carrillo.<\/p>\n\n\n\n<p><\/p>\n\n\n\n<p><\/p>\n\n\n\n<figure class=\"wp-block-image size-full\"><img data-recalc-dims=\"1\" loading=\"lazy\" decoding=\"async\" width=\"972\" height=\"571\" src=\"https:\/\/i0.wp.com\/elregionalvm.com.ar\/noticias-villa-maria\/wp-content\/uploads\/2022\/10\/PObreza-e-indigencia-Villa-Maria-primer-semestre-2022-grafico.jpg?resize=972%2C571&#038;ssl=1\" alt=\"\" class=\"wp-image-65471\" srcset=\"https:\/\/i0.wp.com\/elregionalvm.com.ar\/noticias-villa-maria\/wp-content\/uploads\/2022\/10\/PObreza-e-indigencia-Villa-Maria-primer-semestre-2022-grafico.jpg?w=972&amp;ssl=1 972w, https:\/\/i0.wp.com\/elregionalvm.com.ar\/noticias-villa-maria\/wp-content\/uploads\/2022\/10\/PObreza-e-indigencia-Villa-Maria-primer-semestre-2022-grafico.jpg?resize=300%2C176&amp;ssl=1 300w, https:\/\/i0.wp.com\/elregionalvm.com.ar\/noticias-villa-maria\/wp-content\/uploads\/2022\/10\/PObreza-e-indigencia-Villa-Maria-primer-semestre-2022-grafico.jpg?resize=768%2C451&amp;ssl=1 768w\" sizes=\"(max-width: 972px) 100vw, 972px\" \/><figcaption><em>En el mapa, los colores m\u00e1s oscuros representan mayor incidencia de pobreza en los barrios de la ciudad.<\/em><\/figcaption><\/figure>\n\n\n\n<p><\/p>\n\n\n\n<p><\/p>\n\n\n\n<p>A continuaci\u00f3n, se presenta en detalle la incidencia de la pobreza en personas seg\u00fan los registros realizados por el Centro Estad\u00edstico en los distintos Municerca.<\/p>\n\n\n\n<p><\/p>\n\n\n\n<p>Los datos porcentuales se consignan de manera descendente.<\/p>\n\n\n\n<p><\/p>\n\n\n\n<ul class=\"wp-block-list\"><li><strong>MUNICERCA 7 (Carlos Pellegrini y Felipe Botta): <\/strong>41.18%<\/li><\/ul>\n\n\n\n<ul class=\"wp-block-list\"><li><strong>MUNICERCA 2 (Barrancas del R\u00edo, Industrial, Las Playas, Eva Per\u00f3n, Villa Albertina y Villa del Sur):<\/strong> 36.33%<\/li><\/ul>\n\n\n\n<ul class=\"wp-block-list\"><li><strong>MUNICERCA 4 (La Calera, Roque S\u00e1enz Pe\u00f1a, Almirante Brown y Gral. G\u00fcemes):<\/strong> 34.70%<\/li><\/ul>\n\n\n\n<ul class=\"wp-block-list\"><li><strong>MUNICERCA 6 (Los Olmos, San Justo, San Juan Bautista y Campos del Este \u2013 La Negrita)<\/strong>: 28.23%<\/li><\/ul>\n\n\n\n<ul class=\"wp-block-list\"><li><strong>MUNICERCA 3 (Malvinas Argentinas, Bello Horizonte y San Mart\u00edn)<\/strong>: 27.74%<\/li><\/ul>\n\n\n\n<ul class=\"wp-block-list\"><li><strong>MUNICERCA 1 (Nicol\u00e1s Avellaneda y San Nicol\u00e1s)<\/strong>: 17.65%<\/li><\/ul>\n\n\n\n<ul class=\"wp-block-list\"><li><strong>ZONA CENTRAL (Centro Norte, Centro Sur, Centro Este, Centro Oeste, Florentino Ameghino, Gral. Paz, Domingo F. Sarmiento, Santa Ana, Bernardino Rivadavia y Gral. Lamadrid)<\/strong>: 12.69%<\/li><\/ul>\n\n\n\n<ul class=\"wp-block-list\"><li><strong>MUNICERCA 5 (Palermo, Las Acacias, Mariano Moreno y Vista Verde):<\/strong> 11.80%<\/li><\/ul>\n\n\n\n<ul class=\"wp-block-list\"><li><strong>MUNICERCA 8 (Trinitarios, Belgrano, Parque Norte y Ram\u00f3n Carillo):<\/strong> 10.92%<\/li><\/ul>\n\n\n\n<p><\/p>\n\n\n\n<p><\/p>\n\n\n\n<h3 class=\"wp-block-heading\"><strong>Tambi\u00e9n pod\u00e9s leer: <\/strong><\/h3>\n\n\n\n<p><\/p>\n\n\n\n<figure class=\"wp-block-embed is-type-wp-embed is-provider-el-regional wp-block-embed-el-regional\"><div class=\"wp-block-embed__wrapper\">\n<blockquote class=\"wp-embedded-content\" data-secret=\"la9UHa1mYQ\"><a href=\"https:\/\/elregionalvm.com.ar\/noticias-villa-maria\/los-desocupados-en-villa-maria-cuantos-suman-quienes-son-y-donde-viven-informe\/\">Los desocupados en Villa Mar\u00eda: Cu\u00e1ntos suman, qui\u00e9nes son y d\u00f3nde viven [Informe]<\/a><\/blockquote><iframe class=\"wp-embedded-content\" sandbox=\"allow-scripts\" security=\"restricted\" style=\"position: absolute; clip: rect(1px, 1px, 1px, 1px);\" title=\"\u00abLos desocupados en Villa Mar\u00eda: Cu\u00e1ntos suman, qui\u00e9nes son y d\u00f3nde viven [Informe]\u00bb \u2014 El Regional\" src=\"https:\/\/elregionalvm.com.ar\/noticias-villa-maria\/los-desocupados-en-villa-maria-cuantos-suman-quienes-son-y-donde-viven-informe\/embed\/#?secret=bDpL7uov9P#?secret=la9UHa1mYQ\" data-secret=\"la9UHa1mYQ\" width=\"500\" height=\"282\" frameborder=\"0\" marginwidth=\"0\" marginheight=\"0\" scrolling=\"no\"><\/iframe>\n<\/div><\/figure>\n","protected":false},"excerpt":{"rendered":"<p>A Villa Mar\u00eda le va bien en las estad\u00edsticas de pobreza en relaci\u00f3n con otros distritos. Posee 14 puntos porcentuales menos que la medici\u00f3n a nivel pa\u00eds, 18 menos que la ciudad de C\u00f3rdoba y est\u00e1 10 puntos abajo en comparaci\u00f3n con R\u00edo Cuarto. Pero, de todas formas, hay casi 20 mil villamarienses debajo de [&hellip;]<\/p>\n","protected":false},"author":6,"featured_media":65477,"comment_status":"open","ping_status":"open","sticky":false,"template":"","format":"standard","meta":{"site-sidebar-layout":"default","site-content-layout":"","ast-site-content-layout":"default","site-content-style":"default","site-sidebar-style":"default","ast-global-header-display":"","ast-banner-title-visibility":"","ast-main-header-display":"","ast-hfb-above-header-display":"","ast-hfb-below-header-display":"","ast-hfb-mobile-header-display":"","site-post-title":"","ast-breadcrumbs-content":"","ast-featured-img":"","footer-sml-layout":"","ast-disable-related-posts":"","theme-transparent-header-meta":"","adv-header-id-meta":"","stick-header-meta":"","header-above-stick-meta":"","header-main-stick-meta":"","header-below-stick-meta":"","astra-migrate-meta-layouts":"default","ast-page-background-enabled":"default","ast-page-background-meta":{"desktop":{"background-color":"","background-image":"","background-repeat":"repeat","background-position":"center center","background-size":"auto","background-attachment":"scroll","background-type":"","background-media":"","overlay-type":"","overlay-color":"","overlay-opacity":"","overlay-gradient":""},"tablet":{"background-color":"","background-image":"","background-repeat":"repeat","background-position":"center center","background-size":"auto","background-attachment":"scroll","background-type":"","background-media":"","overlay-type":"","overlay-color":"","overlay-opacity":"","overlay-gradient":""},"mobile":{"background-color":"","background-image":"","background-repeat":"repeat","background-position":"center center","background-size":"auto","background-attachment":"scroll","background-type":"","background-media":"","overlay-type":"","overlay-color":"","overlay-opacity":"","overlay-gradient":""}},"ast-content-background-meta":{"desktop":{"background-color":"var(--ast-global-color-5)","background-image":"","background-repeat":"repeat","background-position":"center center","background-size":"auto","background-attachment":"scroll","background-type":"","background-media":"","overlay-type":"","overlay-color":"","overlay-opacity":"","overlay-gradient":""},"tablet":{"background-color":"var(--ast-global-color-5)","background-image":"","background-repeat":"repeat","background-position":"center center","background-size":"auto","background-attachment":"scroll","background-type":"","background-media":"","overlay-type":"","overlay-color":"","overlay-opacity":"","overlay-gradient":""},"mobile":{"background-color":"var(--ast-global-color-5)","background-image":"","background-repeat":"repeat","background-position":"center center","background-size":"auto","background-attachment":"scroll","background-type":"","background-media":"","overlay-type":"","overlay-color":"","overlay-opacity":"","overlay-gradient":""}},"_jetpack_memberships_contains_paid_content":false,"_joinchat":[],"footnotes":""},"categories":[5,3557,2],"tags":[415,2053,2989,322,2784,1398,1846,583,609,18797,534,1602],"class_list":["post-65465","post","type-post","status-publish","format-standard","has-post-thumbnail","hentry","category-sociedad","category-tercera","category-villa-maria","tag-argentina","tag-barrios","tag-centro-estadistico-municipal","tag-cordoba","tag-indec","tag-indice","tag-indigencia","tag-pobres","tag-pobreza","tag-tasa","tag-villa-maria","tag-villamarienses"],"yoast_head":"<!-- This site is optimized with the Yoast SEO plugin v26.8 - https:\/\/yoast.com\/product\/yoast-seo-wordpress\/ -->\n<title>[Informe] Mejor que C\u00f3rdoba y el pa\u00eds, pero hay casi 20 mil villamarienses pobres - El Regional<\/title>\n<meta name=\"robots\" content=\"index, follow, max-snippet:-1, max-image-preview:large, max-video-preview:-1\" \/>\n<link rel=\"canonical\" href=\"http:\/\/elregionalvm.com.ar\/noticias-villa-maria\/informe-mejor-que-cordoba-y-el-pais-pero-hay-casi-20-mil-villamarienses-pobres\/\" \/>\n<meta property=\"og:locale\" content=\"es_ES\" \/>\n<meta property=\"og:type\" content=\"article\" \/>\n<meta property=\"og:title\" content=\"[Informe] Mejor que C\u00f3rdoba y el pa\u00eds, pero hay casi 20 mil villamarienses pobres - El Regional\" \/>\n<meta property=\"og:description\" content=\"A Villa Mar\u00eda le va bien en las estad\u00edsticas de pobreza en relaci\u00f3n con otros distritos. Posee 14 puntos porcentuales menos que la medici\u00f3n a nivel pa\u00eds, 18 menos que la ciudad de C\u00f3rdoba y est\u00e1 10 puntos abajo en comparaci\u00f3n con R\u00edo Cuarto. Pero, de todas formas, hay casi 20 mil villamarienses debajo de [&hellip;]\" \/>\n<meta property=\"og:url\" content=\"http:\/\/elregionalvm.com.ar\/noticias-villa-maria\/informe-mejor-que-cordoba-y-el-pais-pero-hay-casi-20-mil-villamarienses-pobres\/\" \/>\n<meta property=\"og:site_name\" content=\"El Regional\" \/>\n<meta property=\"article:publisher\" content=\"https:\/\/www.facebook.com\/elregionalvm\" \/>\n<meta property=\"article:published_time\" content=\"2022-10-12T19:53:33+00:00\" \/>\n<meta property=\"article:modified_time\" content=\"2022-10-18T13:12:54+00:00\" \/>\n<meta property=\"og:image\" content=\"http:\/\/elregionalvm.com.ar\/noticias-villa-maria\/wp-content\/uploads\/2022\/10\/Villa-Maria-cartel-parque-de-la-vida-vertical-efecto.jpg\" \/>\n\t<meta property=\"og:image:width\" content=\"707\" \/>\n\t<meta property=\"og:image:height\" content=\"935\" \/>\n\t<meta property=\"og:image:type\" content=\"image\/jpeg\" \/>\n<meta name=\"author\" content=\"Germ\u00e1n Giacchero\" \/>\n<meta name=\"twitter:card\" content=\"summary_large_image\" \/>\n<meta name=\"twitter:creator\" content=\"@elregionalvm1\" \/>\n<meta name=\"twitter:site\" content=\"@elregionalvm1\" \/>\n<meta name=\"twitter:label1\" content=\"Escrito por\" \/>\n\t<meta name=\"twitter:data1\" content=\"Germ\u00e1n Giacchero\" \/>\n\t<meta name=\"twitter:label2\" content=\"Tiempo de lectura\" \/>\n\t<meta name=\"twitter:data2\" content=\"5 minutos\" \/>\n<script type=\"application\/ld+json\" class=\"yoast-schema-graph\">{\"@context\":\"https:\/\/schema.org\",\"@graph\":[{\"@type\":\"Article\",\"@id\":\"http:\/\/elregionalvm.com.ar\/noticias-villa-maria\/informe-mejor-que-cordoba-y-el-pais-pero-hay-casi-20-mil-villamarienses-pobres\/#article\",\"isPartOf\":{\"@id\":\"http:\/\/elregionalvm.com.ar\/noticias-villa-maria\/informe-mejor-que-cordoba-y-el-pais-pero-hay-casi-20-mil-villamarienses-pobres\/\"},\"author\":{\"name\":\"Germ\u00e1n Giacchero\",\"@id\":\"http:\/\/elregionalvm.com.ar\/noticias-villa-maria\/#\/schema\/person\/d5e4b04966154131701e52c45d3efec9\"},\"headline\":\"[Informe] Mejor que C\u00f3rdoba y el pa\u00eds, pero hay casi 20 mil villamarienses pobres\",\"datePublished\":\"2022-10-12T19:53:33+00:00\",\"dateModified\":\"2022-10-18T13:12:54+00:00\",\"mainEntityOfPage\":{\"@id\":\"http:\/\/elregionalvm.com.ar\/noticias-villa-maria\/informe-mejor-que-cordoba-y-el-pais-pero-hay-casi-20-mil-villamarienses-pobres\/\"},\"wordCount\":907,\"commentCount\":0,\"image\":{\"@id\":\"http:\/\/elregionalvm.com.ar\/noticias-villa-maria\/informe-mejor-que-cordoba-y-el-pais-pero-hay-casi-20-mil-villamarienses-pobres\/#primaryimage\"},\"thumbnailUrl\":\"https:\/\/i0.wp.com\/elregionalvm.com.ar\/noticias-villa-maria\/wp-content\/uploads\/2022\/10\/Villa-Maria-cartel-parque-de-la-vida-vertical-efecto.jpg?fit=707%2C935&ssl=1\",\"keywords\":[\"Argentina\",\"Barrios\",\"Centro Estad\u00edstico Municipal\",\"c\u00f3rdoba\",\"Indec\",\"\u00efndice\",\"indigencia\",\"Pobres\",\"Pobreza\",\"tasa\",\"villa maria\",\"villamarienses\"],\"articleSection\":[\"Sociedad\",\"tercera\",\"Villa Mar\u00eda\"],\"inLanguage\":\"es\",\"potentialAction\":[{\"@type\":\"CommentAction\",\"name\":\"Comment\",\"target\":[\"http:\/\/elregionalvm.com.ar\/noticias-villa-maria\/informe-mejor-que-cordoba-y-el-pais-pero-hay-casi-20-mil-villamarienses-pobres\/#respond\"]}]},{\"@type\":\"WebPage\",\"@id\":\"http:\/\/elregionalvm.com.ar\/noticias-villa-maria\/informe-mejor-que-cordoba-y-el-pais-pero-hay-casi-20-mil-villamarienses-pobres\/\",\"url\":\"http:\/\/elregionalvm.com.ar\/noticias-villa-maria\/informe-mejor-que-cordoba-y-el-pais-pero-hay-casi-20-mil-villamarienses-pobres\/\",\"name\":\"[Informe] Mejor que C\u00f3rdoba y el pa\u00eds, pero hay casi 20 mil villamarienses pobres - El Regional\",\"isPartOf\":{\"@id\":\"http:\/\/elregionalvm.com.ar\/noticias-villa-maria\/#website\"},\"primaryImageOfPage\":{\"@id\":\"http:\/\/elregionalvm.com.ar\/noticias-villa-maria\/informe-mejor-que-cordoba-y-el-pais-pero-hay-casi-20-mil-villamarienses-pobres\/#primaryimage\"},\"image\":{\"@id\":\"http:\/\/elregionalvm.com.ar\/noticias-villa-maria\/informe-mejor-que-cordoba-y-el-pais-pero-hay-casi-20-mil-villamarienses-pobres\/#primaryimage\"},\"thumbnailUrl\":\"https:\/\/i0.wp.com\/elregionalvm.com.ar\/noticias-villa-maria\/wp-content\/uploads\/2022\/10\/Villa-Maria-cartel-parque-de-la-vida-vertical-efecto.jpg?fit=707%2C935&ssl=1\",\"datePublished\":\"2022-10-12T19:53:33+00:00\",\"dateModified\":\"2022-10-18T13:12:54+00:00\",\"author\":{\"@id\":\"http:\/\/elregionalvm.com.ar\/noticias-villa-maria\/#\/schema\/person\/d5e4b04966154131701e52c45d3efec9\"},\"breadcrumb\":{\"@id\":\"http:\/\/elregionalvm.com.ar\/noticias-villa-maria\/informe-mejor-que-cordoba-y-el-pais-pero-hay-casi-20-mil-villamarienses-pobres\/#breadcrumb\"},\"inLanguage\":\"es\",\"potentialAction\":[{\"@type\":\"ReadAction\",\"target\":[\"http:\/\/elregionalvm.com.ar\/noticias-villa-maria\/informe-mejor-que-cordoba-y-el-pais-pero-hay-casi-20-mil-villamarienses-pobres\/\"]}]},{\"@type\":\"ImageObject\",\"inLanguage\":\"es\",\"@id\":\"http:\/\/elregionalvm.com.ar\/noticias-villa-maria\/informe-mejor-que-cordoba-y-el-pais-pero-hay-casi-20-mil-villamarienses-pobres\/#primaryimage\",\"url\":\"https:\/\/i0.wp.com\/elregionalvm.com.ar\/noticias-villa-maria\/wp-content\/uploads\/2022\/10\/Villa-Maria-cartel-parque-de-la-vida-vertical-efecto.jpg?fit=707%2C935&ssl=1\",\"contentUrl\":\"https:\/\/i0.wp.com\/elregionalvm.com.ar\/noticias-villa-maria\/wp-content\/uploads\/2022\/10\/Villa-Maria-cartel-parque-de-la-vida-vertical-efecto.jpg?fit=707%2C935&ssl=1\",\"width\":707,\"height\":935},{\"@type\":\"BreadcrumbList\",\"@id\":\"http:\/\/elregionalvm.com.ar\/noticias-villa-maria\/informe-mejor-que-cordoba-y-el-pais-pero-hay-casi-20-mil-villamarienses-pobres\/#breadcrumb\",\"itemListElement\":[{\"@type\":\"ListItem\",\"position\":1,\"name\":\"Portada\",\"item\":\"https:\/\/elregionalvm.com.ar\/noticias-villa-maria\/\"},{\"@type\":\"ListItem\",\"position\":2,\"name\":\"[Informe] Mejor que C\u00f3rdoba y el pa\u00eds, pero hay casi 20 mil villamarienses pobres\"}]},{\"@type\":\"WebSite\",\"@id\":\"http:\/\/elregionalvm.com.ar\/noticias-villa-maria\/#website\",\"url\":\"http:\/\/elregionalvm.com.ar\/noticias-villa-maria\/\",\"name\":\"El Regional\",\"description\":\"Mucho m\u00e1s que informaci\u00f3n\",\"potentialAction\":[{\"@type\":\"SearchAction\",\"target\":{\"@type\":\"EntryPoint\",\"urlTemplate\":\"http:\/\/elregionalvm.com.ar\/noticias-villa-maria\/?s={search_term_string}\"},\"query-input\":{\"@type\":\"PropertyValueSpecification\",\"valueRequired\":true,\"valueName\":\"search_term_string\"}}],\"inLanguage\":\"es\"},{\"@type\":\"Person\",\"@id\":\"http:\/\/elregionalvm.com.ar\/noticias-villa-maria\/#\/schema\/person\/d5e4b04966154131701e52c45d3efec9\",\"name\":\"Germ\u00e1n Giacchero\",\"image\":{\"@type\":\"ImageObject\",\"inLanguage\":\"es\",\"@id\":\"http:\/\/elregionalvm.com.ar\/noticias-villa-maria\/#\/schema\/person\/image\/\",\"url\":\"https:\/\/secure.gravatar.com\/avatar\/fda163ba5ef0307ee5be9846e10f83b6e83d0cfb260d3b2464830318894c6b04?s=96&d=mm&r=g\",\"contentUrl\":\"https:\/\/secure.gravatar.com\/avatar\/fda163ba5ef0307ee5be9846e10f83b6e83d0cfb260d3b2464830318894c6b04?s=96&d=mm&r=g\",\"caption\":\"Germ\u00e1n Giacchero\"},\"url\":\"https:\/\/elregionalvm.com.ar\/noticias-villa-maria\/author\/germangiacchero\/\"}]}<\/script>\n<!-- \/ Yoast SEO plugin. -->","yoast_head_json":{"title":"[Informe] Mejor que C\u00f3rdoba y el pa\u00eds, pero hay casi 20 mil villamarienses pobres - El Regional","robots":{"index":"index","follow":"follow","max-snippet":"max-snippet:-1","max-image-preview":"max-image-preview:large","max-video-preview":"max-video-preview:-1"},"canonical":"http:\/\/elregionalvm.com.ar\/noticias-villa-maria\/informe-mejor-que-cordoba-y-el-pais-pero-hay-casi-20-mil-villamarienses-pobres\/","og_locale":"es_ES","og_type":"article","og_title":"[Informe] Mejor que C\u00f3rdoba y el pa\u00eds, pero hay casi 20 mil villamarienses pobres - El Regional","og_description":"A Villa Mar\u00eda le va bien en las estad\u00edsticas de pobreza en relaci\u00f3n con otros distritos. Posee 14 puntos porcentuales menos que la medici\u00f3n a nivel pa\u00eds, 18 menos que la ciudad de C\u00f3rdoba y est\u00e1 10 puntos abajo en comparaci\u00f3n con R\u00edo Cuarto. Pero, de todas formas, hay casi 20 mil villamarienses debajo de [&hellip;]","og_url":"http:\/\/elregionalvm.com.ar\/noticias-villa-maria\/informe-mejor-que-cordoba-y-el-pais-pero-hay-casi-20-mil-villamarienses-pobres\/","og_site_name":"El Regional","article_publisher":"https:\/\/www.facebook.com\/elregionalvm","article_published_time":"2022-10-12T19:53:33+00:00","article_modified_time":"2022-10-18T13:12:54+00:00","og_image":[{"width":707,"height":935,"url":"http:\/\/elregionalvm.com.ar\/noticias-villa-maria\/wp-content\/uploads\/2022\/10\/Villa-Maria-cartel-parque-de-la-vida-vertical-efecto.jpg","type":"image\/jpeg"}],"author":"Germ\u00e1n Giacchero","twitter_card":"summary_large_image","twitter_creator":"@elregionalvm1","twitter_site":"@elregionalvm1","twitter_misc":{"Escrito por":"Germ\u00e1n Giacchero","Tiempo de lectura":"5 minutos"},"schema":{"@context":"https:\/\/schema.org","@graph":[{"@type":"Article","@id":"http:\/\/elregionalvm.com.ar\/noticias-villa-maria\/informe-mejor-que-cordoba-y-el-pais-pero-hay-casi-20-mil-villamarienses-pobres\/#article","isPartOf":{"@id":"http:\/\/elregionalvm.com.ar\/noticias-villa-maria\/informe-mejor-que-cordoba-y-el-pais-pero-hay-casi-20-mil-villamarienses-pobres\/"},"author":{"name":"Germ\u00e1n Giacchero","@id":"http:\/\/elregionalvm.com.ar\/noticias-villa-maria\/#\/schema\/person\/d5e4b04966154131701e52c45d3efec9"},"headline":"[Informe] Mejor que C\u00f3rdoba y el pa\u00eds, pero hay casi 20 mil villamarienses pobres","datePublished":"2022-10-12T19:53:33+00:00","dateModified":"2022-10-18T13:12:54+00:00","mainEntityOfPage":{"@id":"http:\/\/elregionalvm.com.ar\/noticias-villa-maria\/informe-mejor-que-cordoba-y-el-pais-pero-hay-casi-20-mil-villamarienses-pobres\/"},"wordCount":907,"commentCount":0,"image":{"@id":"http:\/\/elregionalvm.com.ar\/noticias-villa-maria\/informe-mejor-que-cordoba-y-el-pais-pero-hay-casi-20-mil-villamarienses-pobres\/#primaryimage"},"thumbnailUrl":"https:\/\/i0.wp.com\/elregionalvm.com.ar\/noticias-villa-maria\/wp-content\/uploads\/2022\/10\/Villa-Maria-cartel-parque-de-la-vida-vertical-efecto.jpg?fit=707%2C935&ssl=1","keywords":["Argentina","Barrios","Centro Estad\u00edstico Municipal","c\u00f3rdoba","Indec","\u00efndice","indigencia","Pobres","Pobreza","tasa","villa maria","villamarienses"],"articleSection":["Sociedad","tercera","Villa Mar\u00eda"],"inLanguage":"es","potentialAction":[{"@type":"CommentAction","name":"Comment","target":["http:\/\/elregionalvm.com.ar\/noticias-villa-maria\/informe-mejor-que-cordoba-y-el-pais-pero-hay-casi-20-mil-villamarienses-pobres\/#respond"]}]},{"@type":"WebPage","@id":"http:\/\/elregionalvm.com.ar\/noticias-villa-maria\/informe-mejor-que-cordoba-y-el-pais-pero-hay-casi-20-mil-villamarienses-pobres\/","url":"http:\/\/elregionalvm.com.ar\/noticias-villa-maria\/informe-mejor-que-cordoba-y-el-pais-pero-hay-casi-20-mil-villamarienses-pobres\/","name":"[Informe] Mejor que C\u00f3rdoba y el pa\u00eds, pero hay casi 20 mil villamarienses pobres - El Regional","isPartOf":{"@id":"http:\/\/elregionalvm.com.ar\/noticias-villa-maria\/#website"},"primaryImageOfPage":{"@id":"http:\/\/elregionalvm.com.ar\/noticias-villa-maria\/informe-mejor-que-cordoba-y-el-pais-pero-hay-casi-20-mil-villamarienses-pobres\/#primaryimage"},"image":{"@id":"http:\/\/elregionalvm.com.ar\/noticias-villa-maria\/informe-mejor-que-cordoba-y-el-pais-pero-hay-casi-20-mil-villamarienses-pobres\/#primaryimage"},"thumbnailUrl":"https:\/\/i0.wp.com\/elregionalvm.com.ar\/noticias-villa-maria\/wp-content\/uploads\/2022\/10\/Villa-Maria-cartel-parque-de-la-vida-vertical-efecto.jpg?fit=707%2C935&ssl=1","datePublished":"2022-10-12T19:53:33+00:00","dateModified":"2022-10-18T13:12:54+00:00","author":{"@id":"http:\/\/elregionalvm.com.ar\/noticias-villa-maria\/#\/schema\/person\/d5e4b04966154131701e52c45d3efec9"},"breadcrumb":{"@id":"http:\/\/elregionalvm.com.ar\/noticias-villa-maria\/informe-mejor-que-cordoba-y-el-pais-pero-hay-casi-20-mil-villamarienses-pobres\/#breadcrumb"},"inLanguage":"es","potentialAction":[{"@type":"ReadAction","target":["http:\/\/elregionalvm.com.ar\/noticias-villa-maria\/informe-mejor-que-cordoba-y-el-pais-pero-hay-casi-20-mil-villamarienses-pobres\/"]}]},{"@type":"ImageObject","inLanguage":"es","@id":"http:\/\/elregionalvm.com.ar\/noticias-villa-maria\/informe-mejor-que-cordoba-y-el-pais-pero-hay-casi-20-mil-villamarienses-pobres\/#primaryimage","url":"https:\/\/i0.wp.com\/elregionalvm.com.ar\/noticias-villa-maria\/wp-content\/uploads\/2022\/10\/Villa-Maria-cartel-parque-de-la-vida-vertical-efecto.jpg?fit=707%2C935&ssl=1","contentUrl":"https:\/\/i0.wp.com\/elregionalvm.com.ar\/noticias-villa-maria\/wp-content\/uploads\/2022\/10\/Villa-Maria-cartel-parque-de-la-vida-vertical-efecto.jpg?fit=707%2C935&ssl=1","width":707,"height":935},{"@type":"BreadcrumbList","@id":"http:\/\/elregionalvm.com.ar\/noticias-villa-maria\/informe-mejor-que-cordoba-y-el-pais-pero-hay-casi-20-mil-villamarienses-pobres\/#breadcrumb","itemListElement":[{"@type":"ListItem","position":1,"name":"Portada","item":"https:\/\/elregionalvm.com.ar\/noticias-villa-maria\/"},{"@type":"ListItem","position":2,"name":"[Informe] Mejor que C\u00f3rdoba y el pa\u00eds, pero hay casi 20 mil villamarienses pobres"}]},{"@type":"WebSite","@id":"http:\/\/elregionalvm.com.ar\/noticias-villa-maria\/#website","url":"http:\/\/elregionalvm.com.ar\/noticias-villa-maria\/","name":"El Regional","description":"Mucho m\u00e1s que informaci\u00f3n","potentialAction":[{"@type":"SearchAction","target":{"@type":"EntryPoint","urlTemplate":"http:\/\/elregionalvm.com.ar\/noticias-villa-maria\/?s={search_term_string}"},"query-input":{"@type":"PropertyValueSpecification","valueRequired":true,"valueName":"search_term_string"}}],"inLanguage":"es"},{"@type":"Person","@id":"http:\/\/elregionalvm.com.ar\/noticias-villa-maria\/#\/schema\/person\/d5e4b04966154131701e52c45d3efec9","name":"Germ\u00e1n Giacchero","image":{"@type":"ImageObject","inLanguage":"es","@id":"http:\/\/elregionalvm.com.ar\/noticias-villa-maria\/#\/schema\/person\/image\/","url":"https:\/\/secure.gravatar.com\/avatar\/fda163ba5ef0307ee5be9846e10f83b6e83d0cfb260d3b2464830318894c6b04?s=96&d=mm&r=g","contentUrl":"https:\/\/secure.gravatar.com\/avatar\/fda163ba5ef0307ee5be9846e10f83b6e83d0cfb260d3b2464830318894c6b04?s=96&d=mm&r=g","caption":"Germ\u00e1n Giacchero"},"url":"https:\/\/elregionalvm.com.ar\/noticias-villa-maria\/author\/germangiacchero\/"}]}},"jetpack_featured_media_url":"https:\/\/i0.wp.com\/elregionalvm.com.ar\/noticias-villa-maria\/wp-content\/uploads\/2022\/10\/Villa-Maria-cartel-parque-de-la-vida-vertical-efecto.jpg?fit=707%2C935&ssl=1","jetpack_sharing_enabled":true,"_links":{"self":[{"href":"https:\/\/elregionalvm.com.ar\/noticias-villa-maria\/wp-json\/wp\/v2\/posts\/65465","targetHints":{"allow":["GET"]}}],"collection":[{"href":"https:\/\/elregionalvm.com.ar\/noticias-villa-maria\/wp-json\/wp\/v2\/posts"}],"about":[{"href":"https:\/\/elregionalvm.com.ar\/noticias-villa-maria\/wp-json\/wp\/v2\/types\/post"}],"author":[{"embeddable":true,"href":"https:\/\/elregionalvm.com.ar\/noticias-villa-maria\/wp-json\/wp\/v2\/users\/6"}],"replies":[{"embeddable":true,"href":"https:\/\/elregionalvm.com.ar\/noticias-villa-maria\/wp-json\/wp\/v2\/comments?post=65465"}],"version-history":[{"count":7,"href":"https:\/\/elregionalvm.com.ar\/noticias-villa-maria\/wp-json\/wp\/v2\/posts\/65465\/revisions"}],"predecessor-version":[{"id":65476,"href":"https:\/\/elregionalvm.com.ar\/noticias-villa-maria\/wp-json\/wp\/v2\/posts\/65465\/revisions\/65476"}],"wp:featuredmedia":[{"embeddable":true,"href":"https:\/\/elregionalvm.com.ar\/noticias-villa-maria\/wp-json\/wp\/v2\/media\/65477"}],"wp:attachment":[{"href":"https:\/\/elregionalvm.com.ar\/noticias-villa-maria\/wp-json\/wp\/v2\/media?parent=65465"}],"wp:term":[{"taxonomy":"category","embeddable":true,"href":"https:\/\/elregionalvm.com.ar\/noticias-villa-maria\/wp-json\/wp\/v2\/categories?post=65465"},{"taxonomy":"post_tag","embeddable":true,"href":"https:\/\/elregionalvm.com.ar\/noticias-villa-maria\/wp-json\/wp\/v2\/tags?post=65465"}],"curies":[{"name":"wp","href":"https:\/\/api.w.org\/{rel}","templated":true}]}}