{"id":65478,"date":"2022-10-12T20:18:13","date_gmt":"2022-10-12T20:18:13","guid":{"rendered":"https:\/\/elregionalvm.com.ar\/noticias-villa-maria\/?p=65478"},"modified":"2022-10-12T20:18:14","modified_gmt":"2022-10-12T20:18:14","slug":"dos-mujeres-con-fracturas-tras-colisionar-con-un-automovil-en-el-centro","status":"publish","type":"post","link":"https:\/\/elregionalvm.com.ar\/noticias-villa-maria\/dos-mujeres-con-fracturas-tras-colisionar-con-un-automovil-en-el-centro\/","title":{"rendered":"Dos mujeres con fracturas tras colisionar con un autom\u00f3vil en el centro"},"content":{"rendered":"\n<p>Anoche, alrededor de las 20:40, en la intersecci\u00f3n de calles Chile y Santa Fe de nuestra ciudad,  por causas a establecer colision\u00f3 un autom\u00f3vil Toyota Etios conducido por una mujer de 48 a\u00f1os de edad, acompa\u00f1ada por un joven menor de edad,\u00a0 contra una motocicleta Honda Wave, conducida por una mujer de 55 a\u00f1os acompa\u00f1ada a su vez por una joven de 20 a\u00f1os de edad. <\/p>\n\n\n\n<p>Como resultado del siniestro personal de bomberos voluntarios de esta ciudad procedi\u00f3 al traslado de conductor y acompa\u00f1ante del rodado menor hasta el Hospital Regional Pasteur donde personal m\u00e9dico diagnostic\u00f3 \u00ablesiones graves para ambas\u00bb debido a que presentaban una fractura de cuello de h\u00famero y mu\u00f1eca derecha la conductora de la moto y su acompa\u00f1ante, una fractura de platillo tibial externo de pierna izquierda.<\/p>\n","protected":false},"excerpt":{"rendered":"<p>Anoche, alrededor de las 20:40, en la intersecci\u00f3n de calles Chile y Santa Fe de nuestra ciudad, por causas a establecer colision\u00f3 un autom\u00f3vil Toyota Etios conducido por una mujer de 48 a\u00f1os de edad, acompa\u00f1ada por un joven menor de edad,\u00a0 contra una motocicleta Honda Wave, conducida por una mujer de 55 a\u00f1os acompa\u00f1ada [&hellip;]<\/p>\n","protected":false},"author":4,"featured_media":65479,"comment_status":"open","ping_status":"open","sticky":false,"template":"","format":"standard","meta":{"site-sidebar-layout":"default","site-content-layout":"","ast-site-content-layout":"default","site-content-style":"default","site-sidebar-style":"default","ast-global-header-display":"","ast-banner-title-visibility":"","ast-main-header-display":"","ast-hfb-above-header-display":"","ast-hfb-below-header-display":"","ast-hfb-mobile-header-display":"","site-post-title":"","ast-breadcrumbs-content":"","ast-featured-img":"","footer-sml-layout":"","ast-disable-related-posts":"","theme-transparent-header-meta":"","adv-header-id-meta":"","stick-header-meta":"","header-above-stick-meta":"","header-main-stick-meta":"","header-below-stick-meta":"","astra-migrate-meta-layouts":"default","ast-page-background-enabled":"default","ast-page-background-meta":{"desktop":{"background-color":"","background-image":"","background-repeat":"repeat","background-position":"center center","background-size":"auto","background-attachment":"scroll","background-type":"","background-media":"","overlay-type":"","overlay-color":"","overlay-opacity":"","overlay-gradient":""},"tablet":{"background-color":"","background-image":"","background-repeat":"repeat","background-position":"center center","background-size":"auto","background-attachment":"scroll","background-type":"","background-media":"","overlay-type":"","overlay-color":"","overlay-opacity":"","overlay-gradient":""},"mobile":{"background-color":"","background-image":"","background-repeat":"repeat","background-position":"center center","background-size":"auto","background-attachment":"scroll","background-type":"","background-media":"","overlay-type":"","overlay-color":"","overlay-opacity":"","overlay-gradient":""}},"ast-content-background-meta":{"desktop":{"background-color":"var(--ast-global-color-5)","background-image":"","background-repeat":"repeat","background-position":"center center","background-size":"auto","background-attachment":"scroll","background-type":"","background-media":"","overlay-type":"","overlay-color":"","overlay-opacity":"","overlay-gradient":""},"tablet":{"background-color":"var(--ast-global-color-5)","background-image":"","background-repeat":"repeat","background-position":"center center","background-size":"auto","background-attachment":"scroll","background-type":"","background-media":"","overlay-type":"","overlay-color":"","overlay-opacity":"","overlay-gradient":""},"mobile":{"background-color":"var(--ast-global-color-5)","background-image":"","background-repeat":"repeat","background-position":"center center","background-size":"auto","background-attachment":"scroll","background-type":"","background-media":"","overlay-type":"","overlay-color":"","overlay-opacity":"","overlay-gradient":""}},"_jetpack_memberships_contains_paid_content":false,"_joinchat":[],"footnotes":""},"categories":[15302,2234],"tags":[2299,18799,18687,6072,10823,18800,17898,11320,2248],"class_list":["post-65478","post","type-post","status-publish","format-standard","has-post-thumbnail","hentry","category-destacado","category-policiales","tag-accidente","tag-chile-y-santa-fe","tag-dos-mujeres-heridas","tag-fracturas-varias","tag-hospital-regional-pasteur","tag-moto-honda-wave","tag-pleno-centro","tag-toyota-etios","tag-villa-maria-2"],"yoast_head":"<!-- This site is optimized with the Yoast SEO plugin v26.8 - https:\/\/yoast.com\/product\/yoast-seo-wordpress\/ -->\n<title>Dos mujeres con fracturas tras colisionar con un autom\u00f3vil en el centro - El Regional<\/title>\n<meta name=\"robots\" content=\"index, follow, max-snippet:-1, max-image-preview:large, max-video-preview:-1\" \/>\n<link rel=\"canonical\" href=\"http:\/\/elregionalvm.com.ar\/noticias-villa-maria\/dos-mujeres-con-fracturas-tras-colisionar-con-un-automovil-en-el-centro\/\" \/>\n<meta property=\"og:locale\" content=\"es_ES\" \/>\n<meta property=\"og:type\" content=\"article\" \/>\n<meta property=\"og:title\" content=\"Dos mujeres con fracturas tras colisionar con un autom\u00f3vil en el centro - El Regional\" \/>\n<meta property=\"og:description\" content=\"Anoche, alrededor de las 20:40, en la intersecci\u00f3n de calles Chile y Santa Fe de nuestra ciudad, por causas a establecer colision\u00f3 un autom\u00f3vil Toyota Etios conducido por una mujer de 48 a\u00f1os de edad, acompa\u00f1ada por un joven menor de edad,\u00a0 contra una motocicleta Honda Wave, conducida por una mujer de 55 a\u00f1os acompa\u00f1ada [&hellip;]\" \/>\n<meta property=\"og:url\" content=\"http:\/\/elregionalvm.com.ar\/noticias-villa-maria\/dos-mujeres-con-fracturas-tras-colisionar-con-un-automovil-en-el-centro\/\" \/>\n<meta property=\"og:site_name\" content=\"El Regional\" \/>\n<meta property=\"article:publisher\" content=\"https:\/\/www.facebook.com\/elregionalvm\" \/>\n<meta property=\"article:published_time\" content=\"2022-10-12T20:18:13+00:00\" \/>\n<meta property=\"article:modified_time\" content=\"2022-10-12T20:18:14+00:00\" \/>\n<meta property=\"og:image\" content=\"http:\/\/elregionalvm.com.ar\/noticias-villa-maria\/wp-content\/uploads\/2022\/10\/WhatsApp-Image-2022-10-12-at-15.00.56.jpeg\" \/>\n\t<meta property=\"og:image:width\" content=\"1600\" \/>\n\t<meta property=\"og:image:height\" content=\"900\" \/>\n\t<meta property=\"og:image:type\" content=\"image\/jpeg\" \/>\n<meta name=\"author\" content=\"Contenidos El Regional\" \/>\n<meta name=\"twitter:card\" content=\"summary_large_image\" \/>\n<meta name=\"twitter:creator\" content=\"@elregionalvm1\" \/>\n<meta name=\"twitter:site\" content=\"@elregionalvm1\" \/>\n<meta name=\"twitter:label1\" content=\"Escrito por\" \/>\n\t<meta name=\"twitter:data1\" content=\"Contenidos El Regional\" \/>\n\t<meta name=\"twitter:label2\" content=\"Tiempo de lectura\" \/>\n\t<meta name=\"twitter:data2\" content=\"1 minuto\" \/>\n<script type=\"application\/ld+json\" class=\"yoast-schema-graph\">{\"@context\":\"https:\/\/schema.org\",\"@graph\":[{\"@type\":\"Article\",\"@id\":\"http:\/\/elregionalvm.com.ar\/noticias-villa-maria\/dos-mujeres-con-fracturas-tras-colisionar-con-un-automovil-en-el-centro\/#article\",\"isPartOf\":{\"@id\":\"http:\/\/elregionalvm.com.ar\/noticias-villa-maria\/dos-mujeres-con-fracturas-tras-colisionar-con-un-automovil-en-el-centro\/\"},\"author\":{\"name\":\"Contenidos El Regional\",\"@id\":\"http:\/\/elregionalvm.com.ar\/noticias-villa-maria\/#\/schema\/person\/a0fb9c422317faca23d50163151bc354\"},\"headline\":\"Dos mujeres con fracturas tras colisionar con un autom\u00f3vil en el centro\",\"datePublished\":\"2022-10-12T20:18:13+00:00\",\"dateModified\":\"2022-10-12T20:18:14+00:00\",\"mainEntityOfPage\":{\"@id\":\"http:\/\/elregionalvm.com.ar\/noticias-villa-maria\/dos-mujeres-con-fracturas-tras-colisionar-con-un-automovil-en-el-centro\/\"},\"wordCount\":151,\"commentCount\":0,\"image\":{\"@id\":\"http:\/\/elregionalvm.com.ar\/noticias-villa-maria\/dos-mujeres-con-fracturas-tras-colisionar-con-un-automovil-en-el-centro\/#primaryimage\"},\"thumbnailUrl\":\"https:\/\/i0.wp.com\/elregionalvm.com.ar\/noticias-villa-maria\/wp-content\/uploads\/2022\/10\/WhatsApp-Image-2022-10-12-at-15.00.56.jpeg?fit=1600%2C900&ssl=1\",\"keywords\":[\"accidente\",\"Chile y Santa Fe\",\"dos mujeres heridas\",\"fracturas varias\",\"Hospital Regional Pasteur\",\"moto Honda Wave\",\"pleno centro\",\"Toyota Etios\",\"Villa Mar\u00eda\"],\"articleSection\":[\"destacado\",\"Policiales\"],\"inLanguage\":\"es\",\"potentialAction\":[{\"@type\":\"CommentAction\",\"name\":\"Comment\",\"target\":[\"http:\/\/elregionalvm.com.ar\/noticias-villa-maria\/dos-mujeres-con-fracturas-tras-colisionar-con-un-automovil-en-el-centro\/#respond\"]}]},{\"@type\":\"WebPage\",\"@id\":\"http:\/\/elregionalvm.com.ar\/noticias-villa-maria\/dos-mujeres-con-fracturas-tras-colisionar-con-un-automovil-en-el-centro\/\",\"url\":\"http:\/\/elregionalvm.com.ar\/noticias-villa-maria\/dos-mujeres-con-fracturas-tras-colisionar-con-un-automovil-en-el-centro\/\",\"name\":\"Dos mujeres con fracturas tras colisionar con un autom\u00f3vil en el centro - El Regional\",\"isPartOf\":{\"@id\":\"http:\/\/elregionalvm.com.ar\/noticias-villa-maria\/#website\"},\"primaryImageOfPage\":{\"@id\":\"http:\/\/elregionalvm.com.ar\/noticias-villa-maria\/dos-mujeres-con-fracturas-tras-colisionar-con-un-automovil-en-el-centro\/#primaryimage\"},\"image\":{\"@id\":\"http:\/\/elregionalvm.com.ar\/noticias-villa-maria\/dos-mujeres-con-fracturas-tras-colisionar-con-un-automovil-en-el-centro\/#primaryimage\"},\"thumbnailUrl\":\"https:\/\/i0.wp.com\/elregionalvm.com.ar\/noticias-villa-maria\/wp-content\/uploads\/2022\/10\/WhatsApp-Image-2022-10-12-at-15.00.56.jpeg?fit=1600%2C900&ssl=1\",\"datePublished\":\"2022-10-12T20:18:13+00:00\",\"dateModified\":\"2022-10-12T20:18:14+00:00\",\"author\":{\"@id\":\"http:\/\/elregionalvm.com.ar\/noticias-villa-maria\/#\/schema\/person\/a0fb9c422317faca23d50163151bc354\"},\"breadcrumb\":{\"@id\":\"http:\/\/elregionalvm.com.ar\/noticias-villa-maria\/dos-mujeres-con-fracturas-tras-colisionar-con-un-automovil-en-el-centro\/#breadcrumb\"},\"inLanguage\":\"es\",\"potentialAction\":[{\"@type\":\"ReadAction\",\"target\":[\"http:\/\/elregionalvm.com.ar\/noticias-villa-maria\/dos-mujeres-con-fracturas-tras-colisionar-con-un-automovil-en-el-centro\/\"]}]},{\"@type\":\"ImageObject\",\"inLanguage\":\"es\",\"@id\":\"http:\/\/elregionalvm.com.ar\/noticias-villa-maria\/dos-mujeres-con-fracturas-tras-colisionar-con-un-automovil-en-el-centro\/#primaryimage\",\"url\":\"https:\/\/i0.wp.com\/elregionalvm.com.ar\/noticias-villa-maria\/wp-content\/uploads\/2022\/10\/WhatsApp-Image-2022-10-12-at-15.00.56.jpeg?fit=1600%2C900&ssl=1\",\"contentUrl\":\"https:\/\/i0.wp.com\/elregionalvm.com.ar\/noticias-villa-maria\/wp-content\/uploads\/2022\/10\/WhatsApp-Image-2022-10-12-at-15.00.56.jpeg?fit=1600%2C900&ssl=1\",\"width\":1600,\"height\":900},{\"@type\":\"BreadcrumbList\",\"@id\":\"http:\/\/elregionalvm.com.ar\/noticias-villa-maria\/dos-mujeres-con-fracturas-tras-colisionar-con-un-automovil-en-el-centro\/#breadcrumb\",\"itemListElement\":[{\"@type\":\"ListItem\",\"position\":1,\"name\":\"Portada\",\"item\":\"https:\/\/elregionalvm.com.ar\/noticias-villa-maria\/\"},{\"@type\":\"ListItem\",\"position\":2,\"name\":\"Dos mujeres con fracturas tras colisionar con un autom\u00f3vil en el centro\"}]},{\"@type\":\"WebSite\",\"@id\":\"http:\/\/elregionalvm.com.ar\/noticias-villa-maria\/#website\",\"url\":\"http:\/\/elregionalvm.com.ar\/noticias-villa-maria\/\",\"name\":\"El Regional\",\"description\":\"Mucho m\u00e1s que informaci\u00f3n\",\"potentialAction\":[{\"@type\":\"SearchAction\",\"target\":{\"@type\":\"EntryPoint\",\"urlTemplate\":\"http:\/\/elregionalvm.com.ar\/noticias-villa-maria\/?s={search_term_string}\"},\"query-input\":{\"@type\":\"PropertyValueSpecification\",\"valueRequired\":true,\"valueName\":\"search_term_string\"}}],\"inLanguage\":\"es\"},{\"@type\":\"Person\",\"@id\":\"http:\/\/elregionalvm.com.ar\/noticias-villa-maria\/#\/schema\/person\/a0fb9c422317faca23d50163151bc354\",\"name\":\"Contenidos El Regional\",\"image\":{\"@type\":\"ImageObject\",\"inLanguage\":\"es\",\"@id\":\"http:\/\/elregionalvm.com.ar\/noticias-villa-maria\/#\/schema\/person\/image\/\",\"url\":\"https:\/\/secure.gravatar.com\/avatar\/265b27cb2209af7bb3a1318f03305787d7981a5cc6e6cd08fe5a4ecdf99d4b48?s=96&d=mm&r=g\",\"contentUrl\":\"https:\/\/secure.gravatar.com\/avatar\/265b27cb2209af7bb3a1318f03305787d7981a5cc6e6cd08fe5a4ecdf99d4b48?s=96&d=mm&r=g\",\"caption\":\"Contenidos El Regional\"},\"url\":\"https:\/\/elregionalvm.com.ar\/noticias-villa-maria\/author\/contenido\/\"}]}<\/script>\n<!-- \/ Yoast SEO plugin. -->","yoast_head_json":{"title":"Dos mujeres con fracturas tras colisionar con un autom\u00f3vil en el centro - El Regional","robots":{"index":"index","follow":"follow","max-snippet":"max-snippet:-1","max-image-preview":"max-image-preview:large","max-video-preview":"max-video-preview:-1"},"canonical":"http:\/\/elregionalvm.com.ar\/noticias-villa-maria\/dos-mujeres-con-fracturas-tras-colisionar-con-un-automovil-en-el-centro\/","og_locale":"es_ES","og_type":"article","og_title":"Dos mujeres con fracturas tras colisionar con un autom\u00f3vil en el centro - El Regional","og_description":"Anoche, alrededor de las 20:40, en la intersecci\u00f3n de calles Chile y Santa Fe de nuestra ciudad, por causas a establecer colision\u00f3 un autom\u00f3vil Toyota Etios conducido por una mujer de 48 a\u00f1os de edad, acompa\u00f1ada por un joven menor de edad,\u00a0 contra una motocicleta Honda Wave, conducida por una mujer de 55 a\u00f1os acompa\u00f1ada [&hellip;]","og_url":"http:\/\/elregionalvm.com.ar\/noticias-villa-maria\/dos-mujeres-con-fracturas-tras-colisionar-con-un-automovil-en-el-centro\/","og_site_name":"El Regional","article_publisher":"https:\/\/www.facebook.com\/elregionalvm","article_published_time":"2022-10-12T20:18:13+00:00","article_modified_time":"2022-10-12T20:18:14+00:00","og_image":[{"width":1600,"height":900,"url":"http:\/\/elregionalvm.com.ar\/noticias-villa-maria\/wp-content\/uploads\/2022\/10\/WhatsApp-Image-2022-10-12-at-15.00.56.jpeg","type":"image\/jpeg"}],"author":"Contenidos El Regional","twitter_card":"summary_large_image","twitter_creator":"@elregionalvm1","twitter_site":"@elregionalvm1","twitter_misc":{"Escrito por":"Contenidos El Regional","Tiempo de lectura":"1 minuto"},"schema":{"@context":"https:\/\/schema.org","@graph":[{"@type":"Article","@id":"http:\/\/elregionalvm.com.ar\/noticias-villa-maria\/dos-mujeres-con-fracturas-tras-colisionar-con-un-automovil-en-el-centro\/#article","isPartOf":{"@id":"http:\/\/elregionalvm.com.ar\/noticias-villa-maria\/dos-mujeres-con-fracturas-tras-colisionar-con-un-automovil-en-el-centro\/"},"author":{"name":"Contenidos El Regional","@id":"http:\/\/elregionalvm.com.ar\/noticias-villa-maria\/#\/schema\/person\/a0fb9c422317faca23d50163151bc354"},"headline":"Dos mujeres con fracturas tras colisionar con un autom\u00f3vil en el centro","datePublished":"2022-10-12T20:18:13+00:00","dateModified":"2022-10-12T20:18:14+00:00","mainEntityOfPage":{"@id":"http:\/\/elregionalvm.com.ar\/noticias-villa-maria\/dos-mujeres-con-fracturas-tras-colisionar-con-un-automovil-en-el-centro\/"},"wordCount":151,"commentCount":0,"image":{"@id":"http:\/\/elregionalvm.com.ar\/noticias-villa-maria\/dos-mujeres-con-fracturas-tras-colisionar-con-un-automovil-en-el-centro\/#primaryimage"},"thumbnailUrl":"https:\/\/i0.wp.com\/elregionalvm.com.ar\/noticias-villa-maria\/wp-content\/uploads\/2022\/10\/WhatsApp-Image-2022-10-12-at-15.00.56.jpeg?fit=1600%2C900&ssl=1","keywords":["accidente","Chile y Santa Fe","dos mujeres heridas","fracturas varias","Hospital Regional Pasteur","moto Honda Wave","pleno centro","Toyota Etios","Villa Mar\u00eda"],"articleSection":["destacado","Policiales"],"inLanguage":"es","potentialAction":[{"@type":"CommentAction","name":"Comment","target":["http:\/\/elregionalvm.com.ar\/noticias-villa-maria\/dos-mujeres-con-fracturas-tras-colisionar-con-un-automovil-en-el-centro\/#respond"]}]},{"@type":"WebPage","@id":"http:\/\/elregionalvm.com.ar\/noticias-villa-maria\/dos-mujeres-con-fracturas-tras-colisionar-con-un-automovil-en-el-centro\/","url":"http:\/\/elregionalvm.com.ar\/noticias-villa-maria\/dos-mujeres-con-fracturas-tras-colisionar-con-un-automovil-en-el-centro\/","name":"Dos mujeres con fracturas tras colisionar con un autom\u00f3vil en el centro - El Regional","isPartOf":{"@id":"http:\/\/elregionalvm.com.ar\/noticias-villa-maria\/#website"},"primaryImageOfPage":{"@id":"http:\/\/elregionalvm.com.ar\/noticias-villa-maria\/dos-mujeres-con-fracturas-tras-colisionar-con-un-automovil-en-el-centro\/#primaryimage"},"image":{"@id":"http:\/\/elregionalvm.com.ar\/noticias-villa-maria\/dos-mujeres-con-fracturas-tras-colisionar-con-un-automovil-en-el-centro\/#primaryimage"},"thumbnailUrl":"https:\/\/i0.wp.com\/elregionalvm.com.ar\/noticias-villa-maria\/wp-content\/uploads\/2022\/10\/WhatsApp-Image-2022-10-12-at-15.00.56.jpeg?fit=1600%2C900&ssl=1","datePublished":"2022-10-12T20:18:13+00:00","dateModified":"2022-10-12T20:18:14+00:00","author":{"@id":"http:\/\/elregionalvm.com.ar\/noticias-villa-maria\/#\/schema\/person\/a0fb9c422317faca23d50163151bc354"},"breadcrumb":{"@id":"http:\/\/elregionalvm.com.ar\/noticias-villa-maria\/dos-mujeres-con-fracturas-tras-colisionar-con-un-automovil-en-el-centro\/#breadcrumb"},"inLanguage":"es","potentialAction":[{"@type":"ReadAction","target":["http:\/\/elregionalvm.com.ar\/noticias-villa-maria\/dos-mujeres-con-fracturas-tras-colisionar-con-un-automovil-en-el-centro\/"]}]},{"@type":"ImageObject","inLanguage":"es","@id":"http:\/\/elregionalvm.com.ar\/noticias-villa-maria\/dos-mujeres-con-fracturas-tras-colisionar-con-un-automovil-en-el-centro\/#primaryimage","url":"https:\/\/i0.wp.com\/elregionalvm.com.ar\/noticias-villa-maria\/wp-content\/uploads\/2022\/10\/WhatsApp-Image-2022-10-12-at-15.00.56.jpeg?fit=1600%2C900&ssl=1","contentUrl":"https:\/\/i0.wp.com\/elregionalvm.com.ar\/noticias-villa-maria\/wp-content\/uploads\/2022\/10\/WhatsApp-Image-2022-10-12-at-15.00.56.jpeg?fit=1600%2C900&ssl=1","width":1600,"height":900},{"@type":"BreadcrumbList","@id":"http:\/\/elregionalvm.com.ar\/noticias-villa-maria\/dos-mujeres-con-fracturas-tras-colisionar-con-un-automovil-en-el-centro\/#breadcrumb","itemListElement":[{"@type":"ListItem","position":1,"name":"Portada","item":"https:\/\/elregionalvm.com.ar\/noticias-villa-maria\/"},{"@type":"ListItem","position":2,"name":"Dos mujeres con fracturas tras colisionar con un autom\u00f3vil en el centro"}]},{"@type":"WebSite","@id":"http:\/\/elregionalvm.com.ar\/noticias-villa-maria\/#website","url":"http:\/\/elregionalvm.com.ar\/noticias-villa-maria\/","name":"El Regional","description":"Mucho m\u00e1s que informaci\u00f3n","potentialAction":[{"@type":"SearchAction","target":{"@type":"EntryPoint","urlTemplate":"http:\/\/elregionalvm.com.ar\/noticias-villa-maria\/?s={search_term_string}"},"query-input":{"@type":"PropertyValueSpecification","valueRequired":true,"valueName":"search_term_string"}}],"inLanguage":"es"},{"@type":"Person","@id":"http:\/\/elregionalvm.com.ar\/noticias-villa-maria\/#\/schema\/person\/a0fb9c422317faca23d50163151bc354","name":"Contenidos El Regional","image":{"@type":"ImageObject","inLanguage":"es","@id":"http:\/\/elregionalvm.com.ar\/noticias-villa-maria\/#\/schema\/person\/image\/","url":"https:\/\/secure.gravatar.com\/avatar\/265b27cb2209af7bb3a1318f03305787d7981a5cc6e6cd08fe5a4ecdf99d4b48?s=96&d=mm&r=g","contentUrl":"https:\/\/secure.gravatar.com\/avatar\/265b27cb2209af7bb3a1318f03305787d7981a5cc6e6cd08fe5a4ecdf99d4b48?s=96&d=mm&r=g","caption":"Contenidos El Regional"},"url":"https:\/\/elregionalvm.com.ar\/noticias-villa-maria\/author\/contenido\/"}]}},"jetpack_featured_media_url":"https:\/\/i0.wp.com\/elregionalvm.com.ar\/noticias-villa-maria\/wp-content\/uploads\/2022\/10\/WhatsApp-Image-2022-10-12-at-15.00.56.jpeg?fit=1600%2C900&ssl=1","jetpack_sharing_enabled":true,"_links":{"self":[{"href":"https:\/\/elregionalvm.com.ar\/noticias-villa-maria\/wp-json\/wp\/v2\/posts\/65478","targetHints":{"allow":["GET"]}}],"collection":[{"href":"https:\/\/elregionalvm.com.ar\/noticias-villa-maria\/wp-json\/wp\/v2\/posts"}],"about":[{"href":"https:\/\/elregionalvm.com.ar\/noticias-villa-maria\/wp-json\/wp\/v2\/types\/post"}],"author":[{"embeddable":true,"href":"https:\/\/elregionalvm.com.ar\/noticias-villa-maria\/wp-json\/wp\/v2\/users\/4"}],"replies":[{"embeddable":true,"href":"https:\/\/elregionalvm.com.ar\/noticias-villa-maria\/wp-json\/wp\/v2\/comments?post=65478"}],"version-history":[{"count":1,"href":"https:\/\/elregionalvm.com.ar\/noticias-villa-maria\/wp-json\/wp\/v2\/posts\/65478\/revisions"}],"predecessor-version":[{"id":65481,"href":"https:\/\/elregionalvm.com.ar\/noticias-villa-maria\/wp-json\/wp\/v2\/posts\/65478\/revisions\/65481"}],"wp:featuredmedia":[{"embeddable":true,"href":"https:\/\/elregionalvm.com.ar\/noticias-villa-maria\/wp-json\/wp\/v2\/media\/65479"}],"wp:attachment":[{"href":"https:\/\/elregionalvm.com.ar\/noticias-villa-maria\/wp-json\/wp\/v2\/media?parent=65478"}],"wp:term":[{"taxonomy":"category","embeddable":true,"href":"https:\/\/elregionalvm.com.ar\/noticias-villa-maria\/wp-json\/wp\/v2\/categories?post=65478"},{"taxonomy":"post_tag","embeddable":true,"href":"https:\/\/elregionalvm.com.ar\/noticias-villa-maria\/wp-json\/wp\/v2\/tags?post=65478"}],"curies":[{"name":"wp","href":"https:\/\/api.w.org\/{rel}","templated":true}]}}