{"id":65491,"date":"2022-10-12T20:59:28","date_gmt":"2022-10-12T20:59:28","guid":{"rendered":"https:\/\/elregionalvm.com.ar\/noticias-villa-maria\/?p=65491"},"modified":"2022-10-12T20:59:29","modified_gmt":"2022-10-12T20:59:29","slug":"entraron-a-una-vivienda-y-los-vio-el-dueno-terminaron-detenidos","status":"publish","type":"post","link":"https:\/\/elregionalvm.com.ar\/noticias-villa-maria\/entraron-a-una-vivienda-y-los-vio-el-dueno-terminaron-detenidos\/","title":{"rendered":"Entraron a una vivienda y los vio el due\u00f1o: terminaron detenidos"},"content":{"rendered":"\n<p>Ayer por la ma\u00f1ana, aproximadamente a las 11:00, en las intersecciones de calles Bruno Ceballos y Esqui\u00fa,\u00a0 y De\u00e1n Funes al 500 la polic\u00eda detuvo a dos hombre de 27 y 20 a\u00f1os de edad por supuestos autores de los delitos de \u201crobo en grado de tentativa\u201d.<\/p>\n\n\n\n<p>Aparentemente estos sujetos, momentos antes, tras forzar un port\u00f3n ingresaron a una vivienda logrando ser observados por uno de sus propietarios, por lo que inmediatamente los delincuentes se dieron a la fuga por calles aleda\u00f1as. <\/p>\n\n\n\n<p>El due\u00f1o de la vivienda logr\u00f3  aportar sus caracter\u00edsticas, por lo que se mont\u00f3 un operativo cerrojo con la colaboraci\u00f3n de motocicletas,\u00a0 personal de infanter\u00eda y Divisi\u00f3n Investigaciones de esta ciudad, efectuando las aprehensiones raudamente. <\/p>\n\n\n\n<p><strong>Detenido por incumplir una restricci\u00f3n con su ex<\/strong><\/p>\n\n\n\n<figure class=\"wp-block-image alignright size-large is-resized\"><img data-recalc-dims=\"1\" fetchpriority=\"high\" decoding=\"async\" src=\"https:\/\/i0.wp.com\/elregionalvm.com.ar\/noticias-villa-maria\/wp-content\/uploads\/2022\/10\/WhatsApp-Image-2022-10-12-at-15.01.11.jpeg?resize=346%2C461&#038;ssl=1\" alt=\"\" class=\"wp-image-65493\" width=\"346\" height=\"461\" srcset=\"https:\/\/i0.wp.com\/elregionalvm.com.ar\/noticias-villa-maria\/wp-content\/uploads\/2022\/10\/WhatsApp-Image-2022-10-12-at-15.01.11.jpeg?resize=768%2C1024&amp;ssl=1 768w, https:\/\/i0.wp.com\/elregionalvm.com.ar\/noticias-villa-maria\/wp-content\/uploads\/2022\/10\/WhatsApp-Image-2022-10-12-at-15.01.11.jpeg?resize=225%2C300&amp;ssl=1 225w, https:\/\/i0.wp.com\/elregionalvm.com.ar\/noticias-villa-maria\/wp-content\/uploads\/2022\/10\/WhatsApp-Image-2022-10-12-at-15.01.11.jpeg?w=780&amp;ssl=1 780w\" sizes=\"(max-width: 346px) 100vw, 346px\" \/><\/figure>\n\n\n\n<p>En horas de la medianoche, la patrulla preventiva en calle Av. Sabattini al 700 procedi\u00f3 a la aprehensi\u00f3n de un hombre de 27 a\u00f1os de edad por supuesto autor del delito de \u201cdesobediencia a la autoridad\u201d en el marco de violencia de g\u00e9nero.<\/p>\n\n\n\n<p>El detenido minutos antes se hab\u00eda hecho presente en el domicilio de su ex pareja, una mujer de 24 a\u00f1os de edad, con quien\u00a0 deb\u00eda mantener impedimento de contacto impuesto oportunamente por orden judicial de \u201crestricci\u00f3n de acercamiento\u201d. <\/p>\n","protected":false},"excerpt":{"rendered":"<p>Ayer por la ma\u00f1ana, aproximadamente a las 11:00, en las intersecciones de calles Bruno Ceballos y Esqui\u00fa,\u00a0 y De\u00e1n Funes al 500 la polic\u00eda detuvo a dos hombre de 27 y 20 a\u00f1os de edad por supuestos autores de los delitos de \u201crobo en grado de tentativa\u201d. Aparentemente estos sujetos, momentos antes, tras forzar un [&hellip;]<\/p>\n","protected":false},"author":4,"featured_media":65492,"comment_status":"open","ping_status":"open","sticky":false,"template":"","format":"standard","meta":{"site-sidebar-layout":"default","site-content-layout":"","ast-site-content-layout":"default","site-content-style":"default","site-sidebar-style":"default","ast-global-header-display":"","ast-banner-title-visibility":"","ast-main-header-display":"","ast-hfb-above-header-display":"","ast-hfb-below-header-display":"","ast-hfb-mobile-header-display":"","site-post-title":"","ast-breadcrumbs-content":"","ast-featured-img":"","footer-sml-layout":"","ast-disable-related-posts":"","theme-transparent-header-meta":"","adv-header-id-meta":"","stick-header-meta":"","header-above-stick-meta":"","header-main-stick-meta":"","header-below-stick-meta":"","astra-migrate-meta-layouts":"default","ast-page-background-enabled":"default","ast-page-background-meta":{"desktop":{"background-color":"","background-image":"","background-repeat":"repeat","background-position":"center center","background-size":"auto","background-attachment":"scroll","background-type":"","background-media":"","overlay-type":"","overlay-color":"","overlay-opacity":"","overlay-gradient":""},"tablet":{"background-color":"","background-image":"","background-repeat":"repeat","background-position":"center center","background-size":"auto","background-attachment":"scroll","background-type":"","background-media":"","overlay-type":"","overlay-color":"","overlay-opacity":"","overlay-gradient":""},"mobile":{"background-color":"","background-image":"","background-repeat":"repeat","background-position":"center center","background-size":"auto","background-attachment":"scroll","background-type":"","background-media":"","overlay-type":"","overlay-color":"","overlay-opacity":"","overlay-gradient":""}},"ast-content-background-meta":{"desktop":{"background-color":"var(--ast-global-color-5)","background-image":"","background-repeat":"repeat","background-position":"center center","background-size":"auto","background-attachment":"scroll","background-type":"","background-media":"","overlay-type":"","overlay-color":"","overlay-opacity":"","overlay-gradient":""},"tablet":{"background-color":"var(--ast-global-color-5)","background-image":"","background-repeat":"repeat","background-position":"center center","background-size":"auto","background-attachment":"scroll","background-type":"","background-media":"","overlay-type":"","overlay-color":"","overlay-opacity":"","overlay-gradient":""},"mobile":{"background-color":"var(--ast-global-color-5)","background-image":"","background-repeat":"repeat","background-position":"center center","background-size":"auto","background-attachment":"scroll","background-type":"","background-media":"","overlay-type":"","overlay-color":"","overlay-opacity":"","overlay-gradient":""}},"_jetpack_memberships_contains_paid_content":false,"_joinchat":[],"footnotes":""},"categories":[15302,2234],"tags":[2414,18804,18803,14245,741,5008,18805,2248],"class_list":["post-65491","post","type-post","status-publish","format-standard","has-post-thumbnail","hentry","category-destacado","category-policiales","tag-detenidos","tag-duenos-los-vio","tag-ingresar-a-una-vivienda","tag-operativo-cerrojo","tag-policiales","tag-restriccion-de-acercamiento","tag-rompio-perimetral","tag-villa-maria-2"],"yoast_head":"<!-- This site is optimized with the Yoast SEO plugin v26.8 - https:\/\/yoast.com\/product\/yoast-seo-wordpress\/ -->\n<title>Entraron a una vivienda y los vio el due\u00f1o: terminaron detenidos - El Regional<\/title>\n<meta name=\"robots\" content=\"index, follow, max-snippet:-1, max-image-preview:large, max-video-preview:-1\" \/>\n<link rel=\"canonical\" href=\"http:\/\/elregionalvm.com.ar\/noticias-villa-maria\/entraron-a-una-vivienda-y-los-vio-el-dueno-terminaron-detenidos\/\" \/>\n<meta property=\"og:locale\" content=\"es_ES\" \/>\n<meta property=\"og:type\" content=\"article\" \/>\n<meta property=\"og:title\" content=\"Entraron a una vivienda y los vio el due\u00f1o: terminaron detenidos - El Regional\" \/>\n<meta property=\"og:description\" content=\"Ayer por la ma\u00f1ana, aproximadamente a las 11:00, en las intersecciones de calles Bruno Ceballos y Esqui\u00fa,\u00a0 y De\u00e1n Funes al 500 la polic\u00eda detuvo a dos hombre de 27 y 20 a\u00f1os de edad por supuestos autores de los delitos de \u201crobo en grado de tentativa\u201d. Aparentemente estos sujetos, momentos antes, tras forzar un [&hellip;]\" \/>\n<meta property=\"og:url\" content=\"http:\/\/elregionalvm.com.ar\/noticias-villa-maria\/entraron-a-una-vivienda-y-los-vio-el-dueno-terminaron-detenidos\/\" \/>\n<meta property=\"og:site_name\" content=\"El Regional\" \/>\n<meta property=\"article:publisher\" content=\"https:\/\/www.facebook.com\/elregionalvm\" \/>\n<meta property=\"article:published_time\" content=\"2022-10-12T20:59:28+00:00\" \/>\n<meta property=\"article:modified_time\" content=\"2022-10-12T20:59:29+00:00\" \/>\n<meta property=\"og:image\" content=\"http:\/\/elregionalvm.com.ar\/noticias-villa-maria\/wp-content\/uploads\/2022\/10\/detenidos-por-ladrones.png\" \/>\n\t<meta property=\"og:image:width\" content=\"591\" \/>\n\t<meta property=\"og:image:height\" content=\"474\" \/>\n\t<meta property=\"og:image:type\" content=\"image\/png\" \/>\n<meta name=\"author\" content=\"Contenidos El Regional\" \/>\n<meta name=\"twitter:card\" content=\"summary_large_image\" \/>\n<meta name=\"twitter:creator\" content=\"@elregionalvm1\" \/>\n<meta name=\"twitter:site\" content=\"@elregionalvm1\" \/>\n<meta name=\"twitter:label1\" content=\"Escrito por\" \/>\n\t<meta name=\"twitter:data1\" content=\"Contenidos El Regional\" \/>\n\t<meta name=\"twitter:label2\" content=\"Tiempo de lectura\" \/>\n\t<meta name=\"twitter:data2\" content=\"2 minutos\" \/>\n<script type=\"application\/ld+json\" class=\"yoast-schema-graph\">{\"@context\":\"https:\/\/schema.org\",\"@graph\":[{\"@type\":\"Article\",\"@id\":\"http:\/\/elregionalvm.com.ar\/noticias-villa-maria\/entraron-a-una-vivienda-y-los-vio-el-dueno-terminaron-detenidos\/#article\",\"isPartOf\":{\"@id\":\"http:\/\/elregionalvm.com.ar\/noticias-villa-maria\/entraron-a-una-vivienda-y-los-vio-el-dueno-terminaron-detenidos\/\"},\"author\":{\"name\":\"Contenidos El Regional\",\"@id\":\"http:\/\/elregionalvm.com.ar\/noticias-villa-maria\/#\/schema\/person\/a0fb9c422317faca23d50163151bc354\"},\"headline\":\"Entraron a una vivienda y los vio el due\u00f1o: terminaron detenidos\",\"datePublished\":\"2022-10-12T20:59:28+00:00\",\"dateModified\":\"2022-10-12T20:59:29+00:00\",\"mainEntityOfPage\":{\"@id\":\"http:\/\/elregionalvm.com.ar\/noticias-villa-maria\/entraron-a-una-vivienda-y-los-vio-el-dueno-terminaron-detenidos\/\"},\"wordCount\":230,\"commentCount\":0,\"image\":{\"@id\":\"http:\/\/elregionalvm.com.ar\/noticias-villa-maria\/entraron-a-una-vivienda-y-los-vio-el-dueno-terminaron-detenidos\/#primaryimage\"},\"thumbnailUrl\":\"https:\/\/i0.wp.com\/elregionalvm.com.ar\/noticias-villa-maria\/wp-content\/uploads\/2022\/10\/detenidos-por-ladrones.png?fit=591%2C474&ssl=1\",\"keywords\":[\"detenidos\",\"due\u00f1os los vio\",\"ingresar a una vivienda\",\"operativo cerrojo\",\"Policiales\",\"restricci\u00f3n de acercamiento\",\"rompi\u00f3 perimetral\",\"Villa Mar\u00eda\"],\"articleSection\":[\"destacado\",\"Policiales\"],\"inLanguage\":\"es\",\"potentialAction\":[{\"@type\":\"CommentAction\",\"name\":\"Comment\",\"target\":[\"http:\/\/elregionalvm.com.ar\/noticias-villa-maria\/entraron-a-una-vivienda-y-los-vio-el-dueno-terminaron-detenidos\/#respond\"]}]},{\"@type\":\"WebPage\",\"@id\":\"http:\/\/elregionalvm.com.ar\/noticias-villa-maria\/entraron-a-una-vivienda-y-los-vio-el-dueno-terminaron-detenidos\/\",\"url\":\"http:\/\/elregionalvm.com.ar\/noticias-villa-maria\/entraron-a-una-vivienda-y-los-vio-el-dueno-terminaron-detenidos\/\",\"name\":\"Entraron a una vivienda y los vio el due\u00f1o: terminaron detenidos - El Regional\",\"isPartOf\":{\"@id\":\"http:\/\/elregionalvm.com.ar\/noticias-villa-maria\/#website\"},\"primaryImageOfPage\":{\"@id\":\"http:\/\/elregionalvm.com.ar\/noticias-villa-maria\/entraron-a-una-vivienda-y-los-vio-el-dueno-terminaron-detenidos\/#primaryimage\"},\"image\":{\"@id\":\"http:\/\/elregionalvm.com.ar\/noticias-villa-maria\/entraron-a-una-vivienda-y-los-vio-el-dueno-terminaron-detenidos\/#primaryimage\"},\"thumbnailUrl\":\"https:\/\/i0.wp.com\/elregionalvm.com.ar\/noticias-villa-maria\/wp-content\/uploads\/2022\/10\/detenidos-por-ladrones.png?fit=591%2C474&ssl=1\",\"datePublished\":\"2022-10-12T20:59:28+00:00\",\"dateModified\":\"2022-10-12T20:59:29+00:00\",\"author\":{\"@id\":\"http:\/\/elregionalvm.com.ar\/noticias-villa-maria\/#\/schema\/person\/a0fb9c422317faca23d50163151bc354\"},\"breadcrumb\":{\"@id\":\"http:\/\/elregionalvm.com.ar\/noticias-villa-maria\/entraron-a-una-vivienda-y-los-vio-el-dueno-terminaron-detenidos\/#breadcrumb\"},\"inLanguage\":\"es\",\"potentialAction\":[{\"@type\":\"ReadAction\",\"target\":[\"http:\/\/elregionalvm.com.ar\/noticias-villa-maria\/entraron-a-una-vivienda-y-los-vio-el-dueno-terminaron-detenidos\/\"]}]},{\"@type\":\"ImageObject\",\"inLanguage\":\"es\",\"@id\":\"http:\/\/elregionalvm.com.ar\/noticias-villa-maria\/entraron-a-una-vivienda-y-los-vio-el-dueno-terminaron-detenidos\/#primaryimage\",\"url\":\"https:\/\/i0.wp.com\/elregionalvm.com.ar\/noticias-villa-maria\/wp-content\/uploads\/2022\/10\/detenidos-por-ladrones.png?fit=591%2C474&ssl=1\",\"contentUrl\":\"https:\/\/i0.wp.com\/elregionalvm.com.ar\/noticias-villa-maria\/wp-content\/uploads\/2022\/10\/detenidos-por-ladrones.png?fit=591%2C474&ssl=1\",\"width\":591,\"height\":474},{\"@type\":\"BreadcrumbList\",\"@id\":\"http:\/\/elregionalvm.com.ar\/noticias-villa-maria\/entraron-a-una-vivienda-y-los-vio-el-dueno-terminaron-detenidos\/#breadcrumb\",\"itemListElement\":[{\"@type\":\"ListItem\",\"position\":1,\"name\":\"Portada\",\"item\":\"https:\/\/elregionalvm.com.ar\/noticias-villa-maria\/\"},{\"@type\":\"ListItem\",\"position\":2,\"name\":\"Entraron a una vivienda y los vio el due\u00f1o: terminaron detenidos\"}]},{\"@type\":\"WebSite\",\"@id\":\"http:\/\/elregionalvm.com.ar\/noticias-villa-maria\/#website\",\"url\":\"http:\/\/elregionalvm.com.ar\/noticias-villa-maria\/\",\"name\":\"El Regional\",\"description\":\"Mucho m\u00e1s que informaci\u00f3n\",\"potentialAction\":[{\"@type\":\"SearchAction\",\"target\":{\"@type\":\"EntryPoint\",\"urlTemplate\":\"http:\/\/elregionalvm.com.ar\/noticias-villa-maria\/?s={search_term_string}\"},\"query-input\":{\"@type\":\"PropertyValueSpecification\",\"valueRequired\":true,\"valueName\":\"search_term_string\"}}],\"inLanguage\":\"es\"},{\"@type\":\"Person\",\"@id\":\"http:\/\/elregionalvm.com.ar\/noticias-villa-maria\/#\/schema\/person\/a0fb9c422317faca23d50163151bc354\",\"name\":\"Contenidos El Regional\",\"image\":{\"@type\":\"ImageObject\",\"inLanguage\":\"es\",\"@id\":\"http:\/\/elregionalvm.com.ar\/noticias-villa-maria\/#\/schema\/person\/image\/\",\"url\":\"https:\/\/secure.gravatar.com\/avatar\/265b27cb2209af7bb3a1318f03305787d7981a5cc6e6cd08fe5a4ecdf99d4b48?s=96&d=mm&r=g\",\"contentUrl\":\"https:\/\/secure.gravatar.com\/avatar\/265b27cb2209af7bb3a1318f03305787d7981a5cc6e6cd08fe5a4ecdf99d4b48?s=96&d=mm&r=g\",\"caption\":\"Contenidos El Regional\"},\"url\":\"https:\/\/elregionalvm.com.ar\/noticias-villa-maria\/author\/contenido\/\"}]}<\/script>\n<!-- \/ Yoast SEO plugin. -->","yoast_head_json":{"title":"Entraron a una vivienda y los vio el due\u00f1o: terminaron detenidos - El Regional","robots":{"index":"index","follow":"follow","max-snippet":"max-snippet:-1","max-image-preview":"max-image-preview:large","max-video-preview":"max-video-preview:-1"},"canonical":"http:\/\/elregionalvm.com.ar\/noticias-villa-maria\/entraron-a-una-vivienda-y-los-vio-el-dueno-terminaron-detenidos\/","og_locale":"es_ES","og_type":"article","og_title":"Entraron a una vivienda y los vio el due\u00f1o: terminaron detenidos - El Regional","og_description":"Ayer por la ma\u00f1ana, aproximadamente a las 11:00, en las intersecciones de calles Bruno Ceballos y Esqui\u00fa,\u00a0 y De\u00e1n Funes al 500 la polic\u00eda detuvo a dos hombre de 27 y 20 a\u00f1os de edad por supuestos autores de los delitos de \u201crobo en grado de tentativa\u201d. Aparentemente estos sujetos, momentos antes, tras forzar un [&hellip;]","og_url":"http:\/\/elregionalvm.com.ar\/noticias-villa-maria\/entraron-a-una-vivienda-y-los-vio-el-dueno-terminaron-detenidos\/","og_site_name":"El Regional","article_publisher":"https:\/\/www.facebook.com\/elregionalvm","article_published_time":"2022-10-12T20:59:28+00:00","article_modified_time":"2022-10-12T20:59:29+00:00","og_image":[{"width":591,"height":474,"url":"http:\/\/elregionalvm.com.ar\/noticias-villa-maria\/wp-content\/uploads\/2022\/10\/detenidos-por-ladrones.png","type":"image\/png"}],"author":"Contenidos El Regional","twitter_card":"summary_large_image","twitter_creator":"@elregionalvm1","twitter_site":"@elregionalvm1","twitter_misc":{"Escrito por":"Contenidos El Regional","Tiempo de lectura":"2 minutos"},"schema":{"@context":"https:\/\/schema.org","@graph":[{"@type":"Article","@id":"http:\/\/elregionalvm.com.ar\/noticias-villa-maria\/entraron-a-una-vivienda-y-los-vio-el-dueno-terminaron-detenidos\/#article","isPartOf":{"@id":"http:\/\/elregionalvm.com.ar\/noticias-villa-maria\/entraron-a-una-vivienda-y-los-vio-el-dueno-terminaron-detenidos\/"},"author":{"name":"Contenidos El Regional","@id":"http:\/\/elregionalvm.com.ar\/noticias-villa-maria\/#\/schema\/person\/a0fb9c422317faca23d50163151bc354"},"headline":"Entraron a una vivienda y los vio el due\u00f1o: terminaron detenidos","datePublished":"2022-10-12T20:59:28+00:00","dateModified":"2022-10-12T20:59:29+00:00","mainEntityOfPage":{"@id":"http:\/\/elregionalvm.com.ar\/noticias-villa-maria\/entraron-a-una-vivienda-y-los-vio-el-dueno-terminaron-detenidos\/"},"wordCount":230,"commentCount":0,"image":{"@id":"http:\/\/elregionalvm.com.ar\/noticias-villa-maria\/entraron-a-una-vivienda-y-los-vio-el-dueno-terminaron-detenidos\/#primaryimage"},"thumbnailUrl":"https:\/\/i0.wp.com\/elregionalvm.com.ar\/noticias-villa-maria\/wp-content\/uploads\/2022\/10\/detenidos-por-ladrones.png?fit=591%2C474&ssl=1","keywords":["detenidos","due\u00f1os los vio","ingresar a una vivienda","operativo cerrojo","Policiales","restricci\u00f3n de acercamiento","rompi\u00f3 perimetral","Villa Mar\u00eda"],"articleSection":["destacado","Policiales"],"inLanguage":"es","potentialAction":[{"@type":"CommentAction","name":"Comment","target":["http:\/\/elregionalvm.com.ar\/noticias-villa-maria\/entraron-a-una-vivienda-y-los-vio-el-dueno-terminaron-detenidos\/#respond"]}]},{"@type":"WebPage","@id":"http:\/\/elregionalvm.com.ar\/noticias-villa-maria\/entraron-a-una-vivienda-y-los-vio-el-dueno-terminaron-detenidos\/","url":"http:\/\/elregionalvm.com.ar\/noticias-villa-maria\/entraron-a-una-vivienda-y-los-vio-el-dueno-terminaron-detenidos\/","name":"Entraron a una vivienda y los vio el due\u00f1o: terminaron detenidos - El Regional","isPartOf":{"@id":"http:\/\/elregionalvm.com.ar\/noticias-villa-maria\/#website"},"primaryImageOfPage":{"@id":"http:\/\/elregionalvm.com.ar\/noticias-villa-maria\/entraron-a-una-vivienda-y-los-vio-el-dueno-terminaron-detenidos\/#primaryimage"},"image":{"@id":"http:\/\/elregionalvm.com.ar\/noticias-villa-maria\/entraron-a-una-vivienda-y-los-vio-el-dueno-terminaron-detenidos\/#primaryimage"},"thumbnailUrl":"https:\/\/i0.wp.com\/elregionalvm.com.ar\/noticias-villa-maria\/wp-content\/uploads\/2022\/10\/detenidos-por-ladrones.png?fit=591%2C474&ssl=1","datePublished":"2022-10-12T20:59:28+00:00","dateModified":"2022-10-12T20:59:29+00:00","author":{"@id":"http:\/\/elregionalvm.com.ar\/noticias-villa-maria\/#\/schema\/person\/a0fb9c422317faca23d50163151bc354"},"breadcrumb":{"@id":"http:\/\/elregionalvm.com.ar\/noticias-villa-maria\/entraron-a-una-vivienda-y-los-vio-el-dueno-terminaron-detenidos\/#breadcrumb"},"inLanguage":"es","potentialAction":[{"@type":"ReadAction","target":["http:\/\/elregionalvm.com.ar\/noticias-villa-maria\/entraron-a-una-vivienda-y-los-vio-el-dueno-terminaron-detenidos\/"]}]},{"@type":"ImageObject","inLanguage":"es","@id":"http:\/\/elregionalvm.com.ar\/noticias-villa-maria\/entraron-a-una-vivienda-y-los-vio-el-dueno-terminaron-detenidos\/#primaryimage","url":"https:\/\/i0.wp.com\/elregionalvm.com.ar\/noticias-villa-maria\/wp-content\/uploads\/2022\/10\/detenidos-por-ladrones.png?fit=591%2C474&ssl=1","contentUrl":"https:\/\/i0.wp.com\/elregionalvm.com.ar\/noticias-villa-maria\/wp-content\/uploads\/2022\/10\/detenidos-por-ladrones.png?fit=591%2C474&ssl=1","width":591,"height":474},{"@type":"BreadcrumbList","@id":"http:\/\/elregionalvm.com.ar\/noticias-villa-maria\/entraron-a-una-vivienda-y-los-vio-el-dueno-terminaron-detenidos\/#breadcrumb","itemListElement":[{"@type":"ListItem","position":1,"name":"Portada","item":"https:\/\/elregionalvm.com.ar\/noticias-villa-maria\/"},{"@type":"ListItem","position":2,"name":"Entraron a una vivienda y los vio el due\u00f1o: terminaron detenidos"}]},{"@type":"WebSite","@id":"http:\/\/elregionalvm.com.ar\/noticias-villa-maria\/#website","url":"http:\/\/elregionalvm.com.ar\/noticias-villa-maria\/","name":"El Regional","description":"Mucho m\u00e1s que informaci\u00f3n","potentialAction":[{"@type":"SearchAction","target":{"@type":"EntryPoint","urlTemplate":"http:\/\/elregionalvm.com.ar\/noticias-villa-maria\/?s={search_term_string}"},"query-input":{"@type":"PropertyValueSpecification","valueRequired":true,"valueName":"search_term_string"}}],"inLanguage":"es"},{"@type":"Person","@id":"http:\/\/elregionalvm.com.ar\/noticias-villa-maria\/#\/schema\/person\/a0fb9c422317faca23d50163151bc354","name":"Contenidos El Regional","image":{"@type":"ImageObject","inLanguage":"es","@id":"http:\/\/elregionalvm.com.ar\/noticias-villa-maria\/#\/schema\/person\/image\/","url":"https:\/\/secure.gravatar.com\/avatar\/265b27cb2209af7bb3a1318f03305787d7981a5cc6e6cd08fe5a4ecdf99d4b48?s=96&d=mm&r=g","contentUrl":"https:\/\/secure.gravatar.com\/avatar\/265b27cb2209af7bb3a1318f03305787d7981a5cc6e6cd08fe5a4ecdf99d4b48?s=96&d=mm&r=g","caption":"Contenidos El Regional"},"url":"https:\/\/elregionalvm.com.ar\/noticias-villa-maria\/author\/contenido\/"}]}},"jetpack_featured_media_url":"https:\/\/i0.wp.com\/elregionalvm.com.ar\/noticias-villa-maria\/wp-content\/uploads\/2022\/10\/detenidos-por-ladrones.png?fit=591%2C474&ssl=1","jetpack_sharing_enabled":true,"_links":{"self":[{"href":"https:\/\/elregionalvm.com.ar\/noticias-villa-maria\/wp-json\/wp\/v2\/posts\/65491","targetHints":{"allow":["GET"]}}],"collection":[{"href":"https:\/\/elregionalvm.com.ar\/noticias-villa-maria\/wp-json\/wp\/v2\/posts"}],"about":[{"href":"https:\/\/elregionalvm.com.ar\/noticias-villa-maria\/wp-json\/wp\/v2\/types\/post"}],"author":[{"embeddable":true,"href":"https:\/\/elregionalvm.com.ar\/noticias-villa-maria\/wp-json\/wp\/v2\/users\/4"}],"replies":[{"embeddable":true,"href":"https:\/\/elregionalvm.com.ar\/noticias-villa-maria\/wp-json\/wp\/v2\/comments?post=65491"}],"version-history":[{"count":1,"href":"https:\/\/elregionalvm.com.ar\/noticias-villa-maria\/wp-json\/wp\/v2\/posts\/65491\/revisions"}],"predecessor-version":[{"id":65494,"href":"https:\/\/elregionalvm.com.ar\/noticias-villa-maria\/wp-json\/wp\/v2\/posts\/65491\/revisions\/65494"}],"wp:featuredmedia":[{"embeddable":true,"href":"https:\/\/elregionalvm.com.ar\/noticias-villa-maria\/wp-json\/wp\/v2\/media\/65492"}],"wp:attachment":[{"href":"https:\/\/elregionalvm.com.ar\/noticias-villa-maria\/wp-json\/wp\/v2\/media?parent=65491"}],"wp:term":[{"taxonomy":"category","embeddable":true,"href":"https:\/\/elregionalvm.com.ar\/noticias-villa-maria\/wp-json\/wp\/v2\/categories?post=65491"},{"taxonomy":"post_tag","embeddable":true,"href":"https:\/\/elregionalvm.com.ar\/noticias-villa-maria\/wp-json\/wp\/v2\/tags?post=65491"}],"curies":[{"name":"wp","href":"https:\/\/api.w.org\/{rel}","templated":true}]}}