{"id":65500,"date":"2022-10-12T22:02:08","date_gmt":"2022-10-12T22:02:08","guid":{"rendered":"https:\/\/elregionalvm.com.ar\/noticias-villa-maria\/?p=65500"},"modified":"2022-10-12T22:02:10","modified_gmt":"2022-10-12T22:02:10","slug":"villa-maria-tendra-la-6o-fiesta-de-la-cria-del-cordero-cordobes-y-el-2o-congreso-internacional-de-produccion-ovina","status":"publish","type":"post","link":"https:\/\/elregionalvm.com.ar\/noticias-villa-maria\/villa-maria-tendra-la-6o-fiesta-de-la-cria-del-cordero-cordobes-y-el-2o-congreso-internacional-de-produccion-ovina\/","title":{"rendered":"Villa Mar\u00eda tendr\u00e1 la 6\u00ba Fiesta de la Cr\u00eda del Cordero Cordob\u00e9s y el 2\u00ba Congreso Internacional de Producci\u00f3n Ovina"},"content":{"rendered":"\n<p>Este mi\u00e9rcoles se hizo oficial la presentaci\u00f3n de la 6\u00ba Fiesta de la Cr\u00eda del Cordero Cordob\u00e9s, en la cual tambi\u00e9n tendr\u00e1 lugar el 2\u00aa Congreso Internacional de Producci\u00f3n Ovina, nucleando a expertos tanto nacionales como del mundo. El intendente Mart\u00edn Gill encabez\u00f3 el acto formal de presentaci\u00f3n del evento, junto al presidente de la C\u00e1mara de Productores Ovinos de C\u00f3rdoba (Capoc), Gerardo Colombano.<\/p>\n\n\n\n<p><\/p>\n\n\n\n<figure class=\"wp-block-image alignleft size-large is-resized\"><img data-recalc-dims=\"1\" fetchpriority=\"high\" decoding=\"async\" src=\"https:\/\/i0.wp.com\/elregionalvm.com.ar\/noticias-villa-maria\/wp-content\/uploads\/2022\/10\/WhatsApp-Image-2022-10-12-at-14.06.31-1.jpeg?resize=401%2C266&#038;ssl=1\" alt=\"\" class=\"wp-image-65502\" width=\"401\" height=\"266\" srcset=\"https:\/\/i0.wp.com\/elregionalvm.com.ar\/noticias-villa-maria\/wp-content\/uploads\/2022\/10\/WhatsApp-Image-2022-10-12-at-14.06.31-1.jpeg?resize=1024%2C682&amp;ssl=1 1024w, https:\/\/i0.wp.com\/elregionalvm.com.ar\/noticias-villa-maria\/wp-content\/uploads\/2022\/10\/WhatsApp-Image-2022-10-12-at-14.06.31-1.jpeg?resize=300%2C200&amp;ssl=1 300w, https:\/\/i0.wp.com\/elregionalvm.com.ar\/noticias-villa-maria\/wp-content\/uploads\/2022\/10\/WhatsApp-Image-2022-10-12-at-14.06.31-1.jpeg?resize=768%2C512&amp;ssl=1 768w, https:\/\/i0.wp.com\/elregionalvm.com.ar\/noticias-villa-maria\/wp-content\/uploads\/2022\/10\/WhatsApp-Image-2022-10-12-at-14.06.31-1.jpeg?w=1280&amp;ssl=1 1280w\" sizes=\"(max-width: 401px) 100vw, 401px\" \/><\/figure>\n\n\n\n<p>Rescatando la importancia de la producci\u00f3n ovina de la regi\u00f3n, Gill manifest\u00f3: \u201cSe ha tratado de pensar la cr\u00eda de cordero, su comercializaci\u00f3n y faena en sentido colectivo, raz\u00f3n por la cual con este tipo de eventos se intenta llegar a toda la gente\u201d. En la misma l\u00ednea, record\u00f3 que \u201cla Fiesta tuvo sus comienzos en la zona rural y luego se llev\u00f3 al Parque de la Vida\u201d, para generar esa cercan\u00eda con la comunidad, dando un nuevo salto \u201ccon la realizaci\u00f3n del Congreso y la Fiesta en el Anfiteatro\u201d.<\/p>\n\n\n\n<p>Por su parte, Colombano se expres\u00f3 muy a gusto con llevar a cabo el evento en la ciudad, ya que \u201cel cordero adem\u00e1s de su valor agregado a trav\u00e9s de la carne, la leche, su lana y cuero\u201d, permiti\u00f3 generar v\u00ednculos con el Gobierno local y diferentes espacios p\u00fablicos, \u201cque permitieron el desarrollo de este tipo de eventos con referentes mundiales\u201d.<\/p>\n\n\n\n<p>Concretamente, el acontecimiento cuenta con el respaldo del municipio y el auspicio del Ministerio de Agricultura y Ganader\u00eda de la Provincia, llev\u00e1ndose a cabo entre el 20 y 23 de octubre en el Anfiteatro Municipal Centenario Aldo Invernizzi. La propuesta ser\u00e1 una oportunidad para dar a conocer las distintas alternativas en la producci\u00f3n ovina, que registra un importante crecimiento en la regi\u00f3n central del pa\u00eds.<\/p>\n\n\n\n<p>Por su parte, el presidente del Ente Villa Mar\u00eda Deporte y Turismo, Lucas Ateca resalt\u00f3 \u201cla intervenci\u00f3n de todas las \u00e1reas, lo que permiti\u00f3 diagramar el desarrollo del evento en el Anfiteatro y, con ello, mayor repercusi\u00f3n y expectativa\u201d.<\/p>\n\n\n\n<p>A su turno, el director de Producci\u00f3n del Ministerio de Agricultura, Ganader\u00eda y Pesca de la Provincia, Marcelo Cravero, destac\u00f3 \u201cel nivel de capacitaci\u00f3n e informaci\u00f3n que vienen incorporando los productores ovinos\u201d, lo que se traduce en el desarrollo y aplicaci\u00f3n de nuevas t\u00e9cnicas \u201cque permitan integrar una cadena cuyo mayor desaf\u00edo es llegar a las g\u00f3ndolas\u201d.<\/p>\n\n\n\n<figure class=\"wp-block-image alignright size-large is-resized\"><img data-recalc-dims=\"1\" decoding=\"async\" src=\"https:\/\/i0.wp.com\/elregionalvm.com.ar\/noticias-villa-maria\/wp-content\/uploads\/2022\/10\/WhatsApp-Image-2022-10-12-at-14.06.32.jpeg?resize=469%2C312&#038;ssl=1\" alt=\"\" class=\"wp-image-65503\" width=\"469\" height=\"312\" srcset=\"https:\/\/i0.wp.com\/elregionalvm.com.ar\/noticias-villa-maria\/wp-content\/uploads\/2022\/10\/WhatsApp-Image-2022-10-12-at-14.06.32.jpeg?resize=1024%2C682&amp;ssl=1 1024w, https:\/\/i0.wp.com\/elregionalvm.com.ar\/noticias-villa-maria\/wp-content\/uploads\/2022\/10\/WhatsApp-Image-2022-10-12-at-14.06.32.jpeg?resize=300%2C200&amp;ssl=1 300w, https:\/\/i0.wp.com\/elregionalvm.com.ar\/noticias-villa-maria\/wp-content\/uploads\/2022\/10\/WhatsApp-Image-2022-10-12-at-14.06.32.jpeg?resize=768%2C512&amp;ssl=1 768w, https:\/\/i0.wp.com\/elregionalvm.com.ar\/noticias-villa-maria\/wp-content\/uploads\/2022\/10\/WhatsApp-Image-2022-10-12-at-14.06.32.jpeg?w=1280&amp;ssl=1 1280w\" sizes=\"(max-width: 469px) 100vw, 469px\" \/><\/figure>\n\n\n\n<p>La iniciativa contar\u00e1 con expositores de la cadena de valor ovina, como tambi\u00e9n puestos de degustaci\u00f3n de carnes y l\u00e1cteos. As\u00ed tambi\u00e9n, los visitantes podr\u00e1n conocer diferentes razas de ovinos que luego participar\u00e1n de la jura de clasificaci\u00f3n y remate. El circuito del evento se completa con food trucks que ofrecer\u00e1n platos con base de carne ovina y espect\u00e1culos para toda la familia.<\/p>\n\n\n\n<p>En paralelo, tendr\u00e1 lugar el segundo Congreso Internacional de Producci\u00f3n Ovina, el cual contar\u00e1 con referentes de la cadena productiva del sector, quienes brindar\u00e1n una agenda tem\u00e1tica para abordar cuestiones t\u00e9cnicas de cada eslab\u00f3n, pero tambi\u00e9n versar\u00e1 sobre nutrici\u00f3n y bienestar animal, sustentabilidad del medio ambiente, calidad e inocuidad de los alimentos, entre otros.<\/p>\n","protected":false},"excerpt":{"rendered":"<p>Este mi\u00e9rcoles se hizo oficial la presentaci\u00f3n de la 6\u00ba Fiesta de la Cr\u00eda del Cordero Cordob\u00e9s, en la cual tambi\u00e9n tendr\u00e1 lugar el 2\u00aa Congreso Internacional de Producci\u00f3n Ovina, nucleando a expertos tanto nacionales como del mundo. El intendente Mart\u00edn Gill encabez\u00f3 el acto formal de presentaci\u00f3n del evento, junto al presidente de la [&hellip;]<\/p>\n","protected":false},"author":4,"featured_media":65501,"comment_status":"open","ping_status":"open","sticky":false,"template":"","format":"standard","meta":{"site-sidebar-layout":"default","site-content-layout":"","ast-site-content-layout":"default","site-content-style":"default","site-sidebar-style":"default","ast-global-header-display":"","ast-banner-title-visibility":"","ast-main-header-display":"","ast-hfb-above-header-display":"","ast-hfb-below-header-display":"","ast-hfb-mobile-header-display":"","site-post-title":"","ast-breadcrumbs-content":"","ast-featured-img":"","footer-sml-layout":"","ast-disable-related-posts":"","theme-transparent-header-meta":"","adv-header-id-meta":"","stick-header-meta":"","header-above-stick-meta":"","header-main-stick-meta":"","header-below-stick-meta":"","astra-migrate-meta-layouts":"default","ast-page-background-enabled":"default","ast-page-background-meta":{"desktop":{"background-color":"","background-image":"","background-repeat":"repeat","background-position":"center center","background-size":"auto","background-attachment":"scroll","background-type":"","background-media":"","overlay-type":"","overlay-color":"","overlay-opacity":"","overlay-gradient":""},"tablet":{"background-color":"","background-image":"","background-repeat":"repeat","background-position":"center center","background-size":"auto","background-attachment":"scroll","background-type":"","background-media":"","overlay-type":"","overlay-color":"","overlay-opacity":"","overlay-gradient":""},"mobile":{"background-color":"","background-image":"","background-repeat":"repeat","background-position":"center center","background-size":"auto","background-attachment":"scroll","background-type":"","background-media":"","overlay-type":"","overlay-color":"","overlay-opacity":"","overlay-gradient":""}},"ast-content-background-meta":{"desktop":{"background-color":"var(--ast-global-color-5)","background-image":"","background-repeat":"repeat","background-position":"center center","background-size":"auto","background-attachment":"scroll","background-type":"","background-media":"","overlay-type":"","overlay-color":"","overlay-opacity":"","overlay-gradient":""},"tablet":{"background-color":"var(--ast-global-color-5)","background-image":"","background-repeat":"repeat","background-position":"center center","background-size":"auto","background-attachment":"scroll","background-type":"","background-media":"","overlay-type":"","overlay-color":"","overlay-opacity":"","overlay-gradient":""},"mobile":{"background-color":"var(--ast-global-color-5)","background-image":"","background-repeat":"repeat","background-position":"center center","background-size":"auto","background-attachment":"scroll","background-type":"","background-media":"","overlay-type":"","overlay-color":"","overlay-opacity":"","overlay-gradient":""}},"_jetpack_memberships_contains_paid_content":false,"_joinchat":[],"footnotes":""},"categories":[15302,2],"tags":[18809,18808,18811,18810,16753,2248],"class_list":["post-65500","post","type-post","status-publish","format-standard","has-post-thumbnail","hentry","category-destacado","category-villa-maria","tag-2o-congreso-internacional-de-produccion-ovina","tag-6o-fiesta-de-la-cria-del-cordero-cordobes","tag-anfiteatro-municipal-centenario-aldo-invernizzi","tag-del-20-al-23-de-octubre","tag-presentacion-oficial","tag-villa-maria-2"],"yoast_head":"<!-- This site is optimized with the Yoast SEO plugin v26.8 - https:\/\/yoast.com\/product\/yoast-seo-wordpress\/ -->\n<title>Villa Mar\u00eda tendr\u00e1 la 6\u00ba Fiesta de la Cr\u00eda del Cordero Cordob\u00e9s y el 2\u00ba Congreso Internacional de Producci\u00f3n Ovina - El Regional<\/title>\n<meta name=\"robots\" content=\"index, follow, max-snippet:-1, max-image-preview:large, max-video-preview:-1\" \/>\n<link rel=\"canonical\" href=\"http:\/\/elregionalvm.com.ar\/noticias-villa-maria\/villa-maria-tendra-la-6o-fiesta-de-la-cria-del-cordero-cordobes-y-el-2o-congreso-internacional-de-produccion-ovina\/\" \/>\n<meta property=\"og:locale\" content=\"es_ES\" \/>\n<meta property=\"og:type\" content=\"article\" \/>\n<meta property=\"og:title\" content=\"Villa Mar\u00eda tendr\u00e1 la 6\u00ba Fiesta de la Cr\u00eda del Cordero Cordob\u00e9s y el 2\u00ba Congreso Internacional de Producci\u00f3n Ovina - El Regional\" \/>\n<meta property=\"og:description\" content=\"Este mi\u00e9rcoles se hizo oficial la presentaci\u00f3n de la 6\u00ba Fiesta de la Cr\u00eda del Cordero Cordob\u00e9s, en la cual tambi\u00e9n tendr\u00e1 lugar el 2\u00aa Congreso Internacional de Producci\u00f3n Ovina, nucleando a expertos tanto nacionales como del mundo. El intendente Mart\u00edn Gill encabez\u00f3 el acto formal de presentaci\u00f3n del evento, junto al presidente de la [&hellip;]\" \/>\n<meta property=\"og:url\" content=\"http:\/\/elregionalvm.com.ar\/noticias-villa-maria\/villa-maria-tendra-la-6o-fiesta-de-la-cria-del-cordero-cordobes-y-el-2o-congreso-internacional-de-produccion-ovina\/\" \/>\n<meta property=\"og:site_name\" content=\"El Regional\" \/>\n<meta property=\"article:publisher\" content=\"https:\/\/www.facebook.com\/elregionalvm\" \/>\n<meta property=\"article:published_time\" content=\"2022-10-12T22:02:08+00:00\" \/>\n<meta property=\"article:modified_time\" content=\"2022-10-12T22:02:10+00:00\" \/>\n<meta property=\"og:image\" content=\"http:\/\/elregionalvm.com.ar\/noticias-villa-maria\/wp-content\/uploads\/2022\/10\/corderos-cordobeses.jpg\" \/>\n\t<meta property=\"og:image:width\" content=\"1200\" \/>\n\t<meta property=\"og:image:height\" content=\"841\" \/>\n\t<meta property=\"og:image:type\" content=\"image\/jpeg\" \/>\n<meta name=\"author\" content=\"Contenidos El Regional\" \/>\n<meta name=\"twitter:card\" content=\"summary_large_image\" \/>\n<meta name=\"twitter:creator\" content=\"@elregionalvm1\" \/>\n<meta name=\"twitter:site\" content=\"@elregionalvm1\" \/>\n<meta name=\"twitter:label1\" content=\"Escrito por\" \/>\n\t<meta name=\"twitter:data1\" content=\"Contenidos El Regional\" \/>\n\t<meta name=\"twitter:label2\" content=\"Tiempo de lectura\" \/>\n\t<meta name=\"twitter:data2\" content=\"3 minutos\" \/>\n<script type=\"application\/ld+json\" class=\"yoast-schema-graph\">{\"@context\":\"https:\/\/schema.org\",\"@graph\":[{\"@type\":\"Article\",\"@id\":\"http:\/\/elregionalvm.com.ar\/noticias-villa-maria\/villa-maria-tendra-la-6o-fiesta-de-la-cria-del-cordero-cordobes-y-el-2o-congreso-internacional-de-produccion-ovina\/#article\",\"isPartOf\":{\"@id\":\"http:\/\/elregionalvm.com.ar\/noticias-villa-maria\/villa-maria-tendra-la-6o-fiesta-de-la-cria-del-cordero-cordobes-y-el-2o-congreso-internacional-de-produccion-ovina\/\"},\"author\":{\"name\":\"Contenidos El Regional\",\"@id\":\"http:\/\/elregionalvm.com.ar\/noticias-villa-maria\/#\/schema\/person\/a0fb9c422317faca23d50163151bc354\"},\"headline\":\"Villa Mar\u00eda tendr\u00e1 la 6\u00ba Fiesta de la Cr\u00eda del Cordero Cordob\u00e9s y el 2\u00ba Congreso Internacional de Producci\u00f3n Ovina\",\"datePublished\":\"2022-10-12T22:02:08+00:00\",\"dateModified\":\"2022-10-12T22:02:10+00:00\",\"mainEntityOfPage\":{\"@id\":\"http:\/\/elregionalvm.com.ar\/noticias-villa-maria\/villa-maria-tendra-la-6o-fiesta-de-la-cria-del-cordero-cordobes-y-el-2o-congreso-internacional-de-produccion-ovina\/\"},\"wordCount\":565,\"commentCount\":0,\"image\":{\"@id\":\"http:\/\/elregionalvm.com.ar\/noticias-villa-maria\/villa-maria-tendra-la-6o-fiesta-de-la-cria-del-cordero-cordobes-y-el-2o-congreso-internacional-de-produccion-ovina\/#primaryimage\"},\"thumbnailUrl\":\"https:\/\/i0.wp.com\/elregionalvm.com.ar\/noticias-villa-maria\/wp-content\/uploads\/2022\/10\/corderos-cordobeses.jpg?fit=1200%2C841&ssl=1\",\"keywords\":[\"2\u00ba Congreso Internacional de Producci\u00f3n Ovina\",\"6\u00ba Fiesta de la Cr\u00eda del Cordero Cordob\u00e9s\",\"Anfiteatro Municipal Centenario Aldo Invernizzi\",\"del 20 al 23 de octubre\",\"presentaci\u00f3n oficial\",\"Villa Mar\u00eda\"],\"articleSection\":[\"destacado\",\"Villa Mar\u00eda\"],\"inLanguage\":\"es\",\"potentialAction\":[{\"@type\":\"CommentAction\",\"name\":\"Comment\",\"target\":[\"http:\/\/elregionalvm.com.ar\/noticias-villa-maria\/villa-maria-tendra-la-6o-fiesta-de-la-cria-del-cordero-cordobes-y-el-2o-congreso-internacional-de-produccion-ovina\/#respond\"]}]},{\"@type\":\"WebPage\",\"@id\":\"http:\/\/elregionalvm.com.ar\/noticias-villa-maria\/villa-maria-tendra-la-6o-fiesta-de-la-cria-del-cordero-cordobes-y-el-2o-congreso-internacional-de-produccion-ovina\/\",\"url\":\"http:\/\/elregionalvm.com.ar\/noticias-villa-maria\/villa-maria-tendra-la-6o-fiesta-de-la-cria-del-cordero-cordobes-y-el-2o-congreso-internacional-de-produccion-ovina\/\",\"name\":\"Villa Mar\u00eda tendr\u00e1 la 6\u00ba Fiesta de la Cr\u00eda del Cordero Cordob\u00e9s y el 2\u00ba Congreso Internacional de Producci\u00f3n Ovina - El Regional\",\"isPartOf\":{\"@id\":\"http:\/\/elregionalvm.com.ar\/noticias-villa-maria\/#website\"},\"primaryImageOfPage\":{\"@id\":\"http:\/\/elregionalvm.com.ar\/noticias-villa-maria\/villa-maria-tendra-la-6o-fiesta-de-la-cria-del-cordero-cordobes-y-el-2o-congreso-internacional-de-produccion-ovina\/#primaryimage\"},\"image\":{\"@id\":\"http:\/\/elregionalvm.com.ar\/noticias-villa-maria\/villa-maria-tendra-la-6o-fiesta-de-la-cria-del-cordero-cordobes-y-el-2o-congreso-internacional-de-produccion-ovina\/#primaryimage\"},\"thumbnailUrl\":\"https:\/\/i0.wp.com\/elregionalvm.com.ar\/noticias-villa-maria\/wp-content\/uploads\/2022\/10\/corderos-cordobeses.jpg?fit=1200%2C841&ssl=1\",\"datePublished\":\"2022-10-12T22:02:08+00:00\",\"dateModified\":\"2022-10-12T22:02:10+00:00\",\"author\":{\"@id\":\"http:\/\/elregionalvm.com.ar\/noticias-villa-maria\/#\/schema\/person\/a0fb9c422317faca23d50163151bc354\"},\"breadcrumb\":{\"@id\":\"http:\/\/elregionalvm.com.ar\/noticias-villa-maria\/villa-maria-tendra-la-6o-fiesta-de-la-cria-del-cordero-cordobes-y-el-2o-congreso-internacional-de-produccion-ovina\/#breadcrumb\"},\"inLanguage\":\"es\",\"potentialAction\":[{\"@type\":\"ReadAction\",\"target\":[\"http:\/\/elregionalvm.com.ar\/noticias-villa-maria\/villa-maria-tendra-la-6o-fiesta-de-la-cria-del-cordero-cordobes-y-el-2o-congreso-internacional-de-produccion-ovina\/\"]}]},{\"@type\":\"ImageObject\",\"inLanguage\":\"es\",\"@id\":\"http:\/\/elregionalvm.com.ar\/noticias-villa-maria\/villa-maria-tendra-la-6o-fiesta-de-la-cria-del-cordero-cordobes-y-el-2o-congreso-internacional-de-produccion-ovina\/#primaryimage\",\"url\":\"https:\/\/i0.wp.com\/elregionalvm.com.ar\/noticias-villa-maria\/wp-content\/uploads\/2022\/10\/corderos-cordobeses.jpg?fit=1200%2C841&ssl=1\",\"contentUrl\":\"https:\/\/i0.wp.com\/elregionalvm.com.ar\/noticias-villa-maria\/wp-content\/uploads\/2022\/10\/corderos-cordobeses.jpg?fit=1200%2C841&ssl=1\",\"width\":1200,\"height\":841},{\"@type\":\"BreadcrumbList\",\"@id\":\"http:\/\/elregionalvm.com.ar\/noticias-villa-maria\/villa-maria-tendra-la-6o-fiesta-de-la-cria-del-cordero-cordobes-y-el-2o-congreso-internacional-de-produccion-ovina\/#breadcrumb\",\"itemListElement\":[{\"@type\":\"ListItem\",\"position\":1,\"name\":\"Portada\",\"item\":\"https:\/\/elregionalvm.com.ar\/noticias-villa-maria\/\"},{\"@type\":\"ListItem\",\"position\":2,\"name\":\"Villa Mar\u00eda tendr\u00e1 la 6\u00ba Fiesta de la Cr\u00eda del Cordero Cordob\u00e9s y el 2\u00ba Congreso Internacional de Producci\u00f3n Ovina\"}]},{\"@type\":\"WebSite\",\"@id\":\"http:\/\/elregionalvm.com.ar\/noticias-villa-maria\/#website\",\"url\":\"http:\/\/elregionalvm.com.ar\/noticias-villa-maria\/\",\"name\":\"El Regional\",\"description\":\"Mucho m\u00e1s que informaci\u00f3n\",\"potentialAction\":[{\"@type\":\"SearchAction\",\"target\":{\"@type\":\"EntryPoint\",\"urlTemplate\":\"http:\/\/elregionalvm.com.ar\/noticias-villa-maria\/?s={search_term_string}\"},\"query-input\":{\"@type\":\"PropertyValueSpecification\",\"valueRequired\":true,\"valueName\":\"search_term_string\"}}],\"inLanguage\":\"es\"},{\"@type\":\"Person\",\"@id\":\"http:\/\/elregionalvm.com.ar\/noticias-villa-maria\/#\/schema\/person\/a0fb9c422317faca23d50163151bc354\",\"name\":\"Contenidos El Regional\",\"image\":{\"@type\":\"ImageObject\",\"inLanguage\":\"es\",\"@id\":\"http:\/\/elregionalvm.com.ar\/noticias-villa-maria\/#\/schema\/person\/image\/\",\"url\":\"https:\/\/secure.gravatar.com\/avatar\/265b27cb2209af7bb3a1318f03305787d7981a5cc6e6cd08fe5a4ecdf99d4b48?s=96&d=mm&r=g\",\"contentUrl\":\"https:\/\/secure.gravatar.com\/avatar\/265b27cb2209af7bb3a1318f03305787d7981a5cc6e6cd08fe5a4ecdf99d4b48?s=96&d=mm&r=g\",\"caption\":\"Contenidos El Regional\"},\"url\":\"https:\/\/elregionalvm.com.ar\/noticias-villa-maria\/author\/contenido\/\"}]}<\/script>\n<!-- \/ Yoast SEO plugin. -->","yoast_head_json":{"title":"Villa Mar\u00eda tendr\u00e1 la 6\u00ba Fiesta de la Cr\u00eda del Cordero Cordob\u00e9s y el 2\u00ba Congreso Internacional de Producci\u00f3n Ovina - El Regional","robots":{"index":"index","follow":"follow","max-snippet":"max-snippet:-1","max-image-preview":"max-image-preview:large","max-video-preview":"max-video-preview:-1"},"canonical":"http:\/\/elregionalvm.com.ar\/noticias-villa-maria\/villa-maria-tendra-la-6o-fiesta-de-la-cria-del-cordero-cordobes-y-el-2o-congreso-internacional-de-produccion-ovina\/","og_locale":"es_ES","og_type":"article","og_title":"Villa Mar\u00eda tendr\u00e1 la 6\u00ba Fiesta de la Cr\u00eda del Cordero Cordob\u00e9s y el 2\u00ba Congreso Internacional de Producci\u00f3n Ovina - El Regional","og_description":"Este mi\u00e9rcoles se hizo oficial la presentaci\u00f3n de la 6\u00ba Fiesta de la Cr\u00eda del Cordero Cordob\u00e9s, en la cual tambi\u00e9n tendr\u00e1 lugar el 2\u00aa Congreso Internacional de Producci\u00f3n Ovina, nucleando a expertos tanto nacionales como del mundo. El intendente Mart\u00edn Gill encabez\u00f3 el acto formal de presentaci\u00f3n del evento, junto al presidente de la [&hellip;]","og_url":"http:\/\/elregionalvm.com.ar\/noticias-villa-maria\/villa-maria-tendra-la-6o-fiesta-de-la-cria-del-cordero-cordobes-y-el-2o-congreso-internacional-de-produccion-ovina\/","og_site_name":"El Regional","article_publisher":"https:\/\/www.facebook.com\/elregionalvm","article_published_time":"2022-10-12T22:02:08+00:00","article_modified_time":"2022-10-12T22:02:10+00:00","og_image":[{"width":1200,"height":841,"url":"http:\/\/elregionalvm.com.ar\/noticias-villa-maria\/wp-content\/uploads\/2022\/10\/corderos-cordobeses.jpg","type":"image\/jpeg"}],"author":"Contenidos El Regional","twitter_card":"summary_large_image","twitter_creator":"@elregionalvm1","twitter_site":"@elregionalvm1","twitter_misc":{"Escrito por":"Contenidos El Regional","Tiempo de lectura":"3 minutos"},"schema":{"@context":"https:\/\/schema.org","@graph":[{"@type":"Article","@id":"http:\/\/elregionalvm.com.ar\/noticias-villa-maria\/villa-maria-tendra-la-6o-fiesta-de-la-cria-del-cordero-cordobes-y-el-2o-congreso-internacional-de-produccion-ovina\/#article","isPartOf":{"@id":"http:\/\/elregionalvm.com.ar\/noticias-villa-maria\/villa-maria-tendra-la-6o-fiesta-de-la-cria-del-cordero-cordobes-y-el-2o-congreso-internacional-de-produccion-ovina\/"},"author":{"name":"Contenidos El Regional","@id":"http:\/\/elregionalvm.com.ar\/noticias-villa-maria\/#\/schema\/person\/a0fb9c422317faca23d50163151bc354"},"headline":"Villa Mar\u00eda tendr\u00e1 la 6\u00ba Fiesta de la Cr\u00eda del Cordero Cordob\u00e9s y el 2\u00ba Congreso Internacional de Producci\u00f3n Ovina","datePublished":"2022-10-12T22:02:08+00:00","dateModified":"2022-10-12T22:02:10+00:00","mainEntityOfPage":{"@id":"http:\/\/elregionalvm.com.ar\/noticias-villa-maria\/villa-maria-tendra-la-6o-fiesta-de-la-cria-del-cordero-cordobes-y-el-2o-congreso-internacional-de-produccion-ovina\/"},"wordCount":565,"commentCount":0,"image":{"@id":"http:\/\/elregionalvm.com.ar\/noticias-villa-maria\/villa-maria-tendra-la-6o-fiesta-de-la-cria-del-cordero-cordobes-y-el-2o-congreso-internacional-de-produccion-ovina\/#primaryimage"},"thumbnailUrl":"https:\/\/i0.wp.com\/elregionalvm.com.ar\/noticias-villa-maria\/wp-content\/uploads\/2022\/10\/corderos-cordobeses.jpg?fit=1200%2C841&ssl=1","keywords":["2\u00ba Congreso Internacional de Producci\u00f3n Ovina","6\u00ba Fiesta de la Cr\u00eda del Cordero Cordob\u00e9s","Anfiteatro Municipal Centenario Aldo Invernizzi","del 20 al 23 de octubre","presentaci\u00f3n oficial","Villa Mar\u00eda"],"articleSection":["destacado","Villa Mar\u00eda"],"inLanguage":"es","potentialAction":[{"@type":"CommentAction","name":"Comment","target":["http:\/\/elregionalvm.com.ar\/noticias-villa-maria\/villa-maria-tendra-la-6o-fiesta-de-la-cria-del-cordero-cordobes-y-el-2o-congreso-internacional-de-produccion-ovina\/#respond"]}]},{"@type":"WebPage","@id":"http:\/\/elregionalvm.com.ar\/noticias-villa-maria\/villa-maria-tendra-la-6o-fiesta-de-la-cria-del-cordero-cordobes-y-el-2o-congreso-internacional-de-produccion-ovina\/","url":"http:\/\/elregionalvm.com.ar\/noticias-villa-maria\/villa-maria-tendra-la-6o-fiesta-de-la-cria-del-cordero-cordobes-y-el-2o-congreso-internacional-de-produccion-ovina\/","name":"Villa Mar\u00eda tendr\u00e1 la 6\u00ba Fiesta de la Cr\u00eda del Cordero Cordob\u00e9s y el 2\u00ba Congreso Internacional de Producci\u00f3n Ovina - El Regional","isPartOf":{"@id":"http:\/\/elregionalvm.com.ar\/noticias-villa-maria\/#website"},"primaryImageOfPage":{"@id":"http:\/\/elregionalvm.com.ar\/noticias-villa-maria\/villa-maria-tendra-la-6o-fiesta-de-la-cria-del-cordero-cordobes-y-el-2o-congreso-internacional-de-produccion-ovina\/#primaryimage"},"image":{"@id":"http:\/\/elregionalvm.com.ar\/noticias-villa-maria\/villa-maria-tendra-la-6o-fiesta-de-la-cria-del-cordero-cordobes-y-el-2o-congreso-internacional-de-produccion-ovina\/#primaryimage"},"thumbnailUrl":"https:\/\/i0.wp.com\/elregionalvm.com.ar\/noticias-villa-maria\/wp-content\/uploads\/2022\/10\/corderos-cordobeses.jpg?fit=1200%2C841&ssl=1","datePublished":"2022-10-12T22:02:08+00:00","dateModified":"2022-10-12T22:02:10+00:00","author":{"@id":"http:\/\/elregionalvm.com.ar\/noticias-villa-maria\/#\/schema\/person\/a0fb9c422317faca23d50163151bc354"},"breadcrumb":{"@id":"http:\/\/elregionalvm.com.ar\/noticias-villa-maria\/villa-maria-tendra-la-6o-fiesta-de-la-cria-del-cordero-cordobes-y-el-2o-congreso-internacional-de-produccion-ovina\/#breadcrumb"},"inLanguage":"es","potentialAction":[{"@type":"ReadAction","target":["http:\/\/elregionalvm.com.ar\/noticias-villa-maria\/villa-maria-tendra-la-6o-fiesta-de-la-cria-del-cordero-cordobes-y-el-2o-congreso-internacional-de-produccion-ovina\/"]}]},{"@type":"ImageObject","inLanguage":"es","@id":"http:\/\/elregionalvm.com.ar\/noticias-villa-maria\/villa-maria-tendra-la-6o-fiesta-de-la-cria-del-cordero-cordobes-y-el-2o-congreso-internacional-de-produccion-ovina\/#primaryimage","url":"https:\/\/i0.wp.com\/elregionalvm.com.ar\/noticias-villa-maria\/wp-content\/uploads\/2022\/10\/corderos-cordobeses.jpg?fit=1200%2C841&ssl=1","contentUrl":"https:\/\/i0.wp.com\/elregionalvm.com.ar\/noticias-villa-maria\/wp-content\/uploads\/2022\/10\/corderos-cordobeses.jpg?fit=1200%2C841&ssl=1","width":1200,"height":841},{"@type":"BreadcrumbList","@id":"http:\/\/elregionalvm.com.ar\/noticias-villa-maria\/villa-maria-tendra-la-6o-fiesta-de-la-cria-del-cordero-cordobes-y-el-2o-congreso-internacional-de-produccion-ovina\/#breadcrumb","itemListElement":[{"@type":"ListItem","position":1,"name":"Portada","item":"https:\/\/elregionalvm.com.ar\/noticias-villa-maria\/"},{"@type":"ListItem","position":2,"name":"Villa Mar\u00eda tendr\u00e1 la 6\u00ba Fiesta de la Cr\u00eda del Cordero Cordob\u00e9s y el 2\u00ba Congreso Internacional de Producci\u00f3n Ovina"}]},{"@type":"WebSite","@id":"http:\/\/elregionalvm.com.ar\/noticias-villa-maria\/#website","url":"http:\/\/elregionalvm.com.ar\/noticias-villa-maria\/","name":"El Regional","description":"Mucho m\u00e1s que informaci\u00f3n","potentialAction":[{"@type":"SearchAction","target":{"@type":"EntryPoint","urlTemplate":"http:\/\/elregionalvm.com.ar\/noticias-villa-maria\/?s={search_term_string}"},"query-input":{"@type":"PropertyValueSpecification","valueRequired":true,"valueName":"search_term_string"}}],"inLanguage":"es"},{"@type":"Person","@id":"http:\/\/elregionalvm.com.ar\/noticias-villa-maria\/#\/schema\/person\/a0fb9c422317faca23d50163151bc354","name":"Contenidos El Regional","image":{"@type":"ImageObject","inLanguage":"es","@id":"http:\/\/elregionalvm.com.ar\/noticias-villa-maria\/#\/schema\/person\/image\/","url":"https:\/\/secure.gravatar.com\/avatar\/265b27cb2209af7bb3a1318f03305787d7981a5cc6e6cd08fe5a4ecdf99d4b48?s=96&d=mm&r=g","contentUrl":"https:\/\/secure.gravatar.com\/avatar\/265b27cb2209af7bb3a1318f03305787d7981a5cc6e6cd08fe5a4ecdf99d4b48?s=96&d=mm&r=g","caption":"Contenidos El Regional"},"url":"https:\/\/elregionalvm.com.ar\/noticias-villa-maria\/author\/contenido\/"}]}},"jetpack_featured_media_url":"https:\/\/i0.wp.com\/elregionalvm.com.ar\/noticias-villa-maria\/wp-content\/uploads\/2022\/10\/corderos-cordobeses.jpg?fit=1200%2C841&ssl=1","jetpack_sharing_enabled":true,"_links":{"self":[{"href":"https:\/\/elregionalvm.com.ar\/noticias-villa-maria\/wp-json\/wp\/v2\/posts\/65500","targetHints":{"allow":["GET"]}}],"collection":[{"href":"https:\/\/elregionalvm.com.ar\/noticias-villa-maria\/wp-json\/wp\/v2\/posts"}],"about":[{"href":"https:\/\/elregionalvm.com.ar\/noticias-villa-maria\/wp-json\/wp\/v2\/types\/post"}],"author":[{"embeddable":true,"href":"https:\/\/elregionalvm.com.ar\/noticias-villa-maria\/wp-json\/wp\/v2\/users\/4"}],"replies":[{"embeddable":true,"href":"https:\/\/elregionalvm.com.ar\/noticias-villa-maria\/wp-json\/wp\/v2\/comments?post=65500"}],"version-history":[{"count":1,"href":"https:\/\/elregionalvm.com.ar\/noticias-villa-maria\/wp-json\/wp\/v2\/posts\/65500\/revisions"}],"predecessor-version":[{"id":65504,"href":"https:\/\/elregionalvm.com.ar\/noticias-villa-maria\/wp-json\/wp\/v2\/posts\/65500\/revisions\/65504"}],"wp:featuredmedia":[{"embeddable":true,"href":"https:\/\/elregionalvm.com.ar\/noticias-villa-maria\/wp-json\/wp\/v2\/media\/65501"}],"wp:attachment":[{"href":"https:\/\/elregionalvm.com.ar\/noticias-villa-maria\/wp-json\/wp\/v2\/media?parent=65500"}],"wp:term":[{"taxonomy":"category","embeddable":true,"href":"https:\/\/elregionalvm.com.ar\/noticias-villa-maria\/wp-json\/wp\/v2\/categories?post=65500"},{"taxonomy":"post_tag","embeddable":true,"href":"https:\/\/elregionalvm.com.ar\/noticias-villa-maria\/wp-json\/wp\/v2\/tags?post=65500"}],"curies":[{"name":"wp","href":"https:\/\/api.w.org\/{rel}","templated":true}]}}